{"id":6551,"date":"2018-04-29T13:49:57","date_gmt":"2018-04-29T13:49:57","guid":{"rendered":""},"modified":"2020-04-06T21:58:09","modified_gmt":"2020-04-06T19:58:09","slug":"fjala-e-patrikut-te-rusise-kirill-gjate-liturgjise-hyjnore-tirane-29-4-2018","status":"publish","type":"post","link":"https:\/\/orthodoxalbania.org\/2020\/2018\/04\/29\/fjala-e-patrikut-te-rusise-kirill-gjate-liturgjise-hyjnore-tirane-29-4-2018\/","title":{"rendered":"Fjala e Patriarkut t\u00eb Rusis\u00eb Kirill gjat\u00eb Liturgjis\u00eb Hyjnore, Tiran\u00eb, 29.4.2018"},"content":{"rendered":"<p style=\"text-align: center;\">\n\t<span style=\"font-size: 12pt; font-family: helvetica; color: #000000;\"><strong>Fjala e Fort t\u00eb Shenjtit Patriark t\u00eb Mosk\u00ebs dhe t\u00eb gjith\u00eb Rusis\u00eb Kirilit<\/strong><\/span><br \/>\n\t<span style=\"font-size: 12pt; font-family: helvetica; color: #000000;\"><strong>gjat\u00eb Liturgjis\u00eb Hyjnore n\u00eb katedralen \u201cNgjallja e Krishtit\u201d<\/strong><\/span><\/p>\n<p style=\"text-align: center;\">\n\t&nbsp;<\/p>\n<p style=\"text-align: center;\">\n\t<span style=\"font-size: 12pt; font-family: helvetica; color: #000000;\"><em>Tiran\u00eb, m\u00eb 29 prill 2018<\/em><\/span><\/p>\n<p style=\"text-align: center;\">\n\t&nbsp;<\/p>\n<p style=\"text-align: center;\">\n\t<span style=\"font-size: 12pt; font-family: helvetica; color: #000000;\"><strong>Fortlumturia Juaj,<\/strong><\/span><\/p>\n<p style=\"text-align: center;\">\n\t<span style=\"font-size: 12pt; font-family: helvetica; color: #000000;\"><strong>v\u00ebllez\u00ebr fort t\u00eb nderuar kryepift\u00ebrinj, et\u00ebr fort t\u00eb ndersh\u00ebm,<\/strong><\/span><\/p>\n<p style=\"text-align: center;\">\n\t<span style=\"font-size: 12pt; font-family: helvetica; color: #000000;\"><strong>t\u00eb dashur v\u00ebllez\u00ebr dhe motra!<\/strong><\/span><\/p>\n<p style=\"text-align: center;\">\n\t&nbsp;<\/p>\n<p style=\"text-align: justify;\">\n\t<span style=\"font-size: 12pt; font-family: helvetica; color: #000000;\">&nbsp; &nbsp;Sot, me kryerjen e Eukaristis\u00eb Hyjnore dhe me lutjen e p\u00ebrbashk\u00ebt, ne s\u00eb bashku me t\u00eb gjith\u00eb Kish\u00ebn e Shenjt\u00eb Orthodhokse vazhdojm\u00eb kremtimin e Pashk\u00ebs s\u00eb Shenjt\u00eb. N\u00eb k\u00ebt\u00eb dit\u00eb t\u00eb diel Kisha na ofron si nj\u00eb k\u00ebshill\u00eb nj\u00eb pjes\u00eb nga Ungjilli, e cila tregon se si Shp\u00ebtimtari e sh\u00ebroi t\u00eb paralizuarin, pjes\u00eb kjo q\u00eb mund t\u00eb duket se nuk ka lidhje t\u00eb drejtp\u00ebrdrejt\u00eb me Ngjalljen e Krishtit. Shp\u00ebtimtari sh\u00ebroi nj\u00eb njeri i cili vuante p\u00ebr tridhjet\u00eb e tet\u00eb vjet prej nj\u00eb s\u00ebmundjeje t\u00eb r\u00ebnd\u00eb dhe t\u00eb pash\u00ebrueshme, q\u00eb \u00ebsht\u00eb paraliza. Duke folur me Krishtin i s\u00ebmuri as nuk i k\u00ebrkoi atij ndihm\u00eb: ky njeri fatkeq vazhdonte t\u00eb shpresonte n\u00eb mrekullin\u00eb e Zotit, por as nuk kishte fuqi t\u2019ia k\u00ebrkonte. Dhe n\u00eb pafuqin\u00eb e tij absolute ai mori papritur at\u00eb q\u00eb priste.<\/span><\/p>\n<p style=\"text-align: justify;\">\n\t<span style=\"font-size: 12pt; font-family: helvetica; color: #000000;\">&nbsp; &nbsp;Sh\u00ebrimi i mrekulluesh\u00ebm \u00ebsht\u00eb rip\u00ebrt\u00ebritja e natyr\u00ebs s\u00eb d\u00ebmtuar njer\u00ebzore, \u00ebsht\u00eb shfaqja e lavdis\u00eb hyjnore tek njeriu. Kisha e ka mendjen sot tek ngjarjet e Pashk\u00ebs dhe po i rikujton ato. Sh\u00ebrimi \u00ebsht\u00eb triumfi, edhe pse i pjessh\u00ebm dhe i p\u00ebrkohsh\u00ebm, ndaj prishjes, vuajtjes dhe vdekjes, dometh\u00ebn\u00eb \u00ebsht\u00eb n\u00eb nj\u00ebfar\u00eb kuptimi prototipi i Ngjalljes. Leximi i Ungjillit p\u00ebr sh\u00ebrimin e t\u00eb paralizuarit duhet t\u00eb na kujtoj\u00eb se Ngjallja e Krishtit \u00ebsht\u00eb mjekim, \u00ebsht\u00eb nj\u00eb mjet p\u00ebr t\u00eb sh\u00ebruar bot\u00ebn ton\u00eb t\u00eb vdekshme, t\u00eb goditur nga paraliza e m\u00ebkateve dhe t\u00eb shk\u00ebputur nga Zoti.<\/span><\/p>\n<p style=\"text-align: justify;\">\n\t<span style=\"font-size: 12pt; font-family: helvetica; color: #000000;\">&nbsp; &nbsp;Ngjallja \u00ebsht\u00eb ndryshimi m\u00eb i mbinatyrsh\u00ebm i natyr\u00ebs njer\u00ebzore q\u00eb mund t\u00eb imagjinohet. Njeriu \u00ebsht\u00eb m\u00ebsuar t\u00eb besoj\u00eb q\u00eb jeta e tij \u00ebsht\u00eb e shkurt\u00ebr dhe ka fundin e saj t\u00eb pashmangsh\u00ebm. Kur Apostull Pavli tentoi t\u00eb fliste n\u00eb Athin\u00eb, pra n\u00eb kryeqendr\u00ebn e dijes greke, p\u00ebr ngjalljen e t\u00eb vdekurve, filozof\u00ebt atje e p\u00ebrqesh\u00ebn: Do t\u00eb t\u00eb d\u00ebgjojm\u00eb p\u00ebrs\u00ebri p\u00ebr k\u00ebt\u00eb gj\u00eb (Veprat e Apostujve 17:32). P\u00ebr nj\u00eb intelektual pagan t\u00eb asaj kohe ishte di\u00e7ka e paperceptueshme se si njeriu, kjo kokrriz\u00eb e vog\u00ebl r\u00ebre n\u00eb hap\u00ebsir\u00ebn e pakufishme kozmike, mund t\u00eb tejkalonte nj\u00eb ligj kaq themelor t\u00eb natyr\u00ebs si\u00e7 \u00ebsht\u00eb vdekja.<\/span><\/p>\n<p style=\"text-align: justify;\">\n\t<span style=\"font-size: 12pt; font-family: helvetica; color: #000000;\">&nbsp; &nbsp;Apostull Pavli thot\u00eb: Ne predikojm\u00eb Krishtin e kryq\u00ebzuar, i cili p\u00ebr Judenjt\u00eb \u00ebsht\u00eb skandal, edhe p\u00ebr Grek\u00ebt marr\u00ebzi (1 Kor. 1:23). P\u00ebr filozof\u00ebt besimi i krishter\u00eb n\u00eb m\u00ebshir\u00ebn e pakufishme t\u00eb nj\u00eb Hyjnie ndaj njeriut, dukej i pakuptuesh\u00ebm. Nga pik\u00ebpamja e tyre, Hyjnia duhet t\u00eb ishte pafund\u00ebsisht e p\u00ebrsosur, dhe n\u00eb p\u00ebrsosurin\u00eb e Saj, pafund\u00ebsisht e larg\u00ebt nga dob\u00ebsia dhe dhimbja njer\u00ebzore. Kjo bindje u hodh posht\u00eb nga fjala e Ungjillit p\u00ebr Zotnjeri Krishtin, i cili u kryq\u00ebzua, vdiq dhe u ngjall p\u00ebr hir t\u00eb shp\u00ebtimit ton\u00eb. Kjo fjal\u00eb e Ungjillit p\u00ebrb\u00ebn nj\u00eb baz\u00eb, nj\u00eb themel t\u00eb pal\u00ebkundsh\u00ebm t\u00eb besimit ton\u00eb n\u00eb pakufishm\u00ebrin\u00eb e m\u00ebshir\u00ebs s\u00eb Zotit p\u00ebr rac\u00ebn e r\u00ebn\u00eb njer\u00ebzore. N\u00ebse nuk u ngjall Krishti, predikimi yn\u00eb \u00ebsht\u00eb i kot\u00eb, edhe besimi juaj i kot\u00eb (1 Kor. 15:13).<\/span><\/p>\n<p style=\"text-align: justify;\">\n\t<span style=\"font-size: 12pt; font-family: helvetica; color: #000000;\">&nbsp; &nbsp;Sapo d\u00ebgjuam edhe leximin e Veprave t\u00eb Apostujve t\u00eb Shenjt\u00eb, t\u00eb cilat tregojn\u00eb se si Apostull Pjetri e ngjalli Tabith\u00ebn, nj\u00eb grua e drejt\u00eb dhe per\u00ebndidash\u00ebse, sipas lutjeve t\u00eb t\u00eb gjith\u00eb atyre q\u00eb u mbush\u00ebn me t\u00eb mira prej saj kur ajo ishte e gjall\u00eb. Kjo histori m\u00eb sjell nd\u00ebrmend historin\u00eb e Kish\u00ebs s\u00eb shum\u00ebvuajtur Shqiptare. Ajo i ka sh\u00ebrbyer nd\u00ebr shekuj popullit t\u00eb saj n\u00eb kushte m\u00eb t\u00eb v\u00ebshtira. U shkat\u00ebrrua pothuajse plot\u00ebsisht gjat\u00eb viteve t\u00eb frikshme t\u00eb p\u00ebrndjekjeve ateiste dhe u ringjall s\u00ebrish p\u00ebr t\u00eb kryer sh\u00ebrbimin e saj ndaj njer\u00ebzve, me ndihm\u00ebn e Zotit dhe me forcat e reja. Madje, kjo katedrale e mrekullueshme \u201cNgjallja e Krishtit\u201d, si edhe vet\u00eb emri i Fortlumturis\u00eb Tuaj, Anastas, jan\u00eb t\u00eb lidhur me fatin e jasht\u00ebzakonsh\u00ebm t\u00eb Kish\u00ebs tuaj. Kisha Orthodhokse Autoqefale e Shqip\u00ebris\u00eb \u00ebsht\u00eb me t\u00eb v\u00ebrtet\u00eb Kisha e Ngjalljes s\u00eb Krishtit.<\/span><\/p>\n<p style=\"text-align: justify;\">\n\t<span style=\"font-size: 12pt; font-family: helvetica; color: #000000;\">&nbsp; &nbsp;Ngjallja p\u00ebr ne \u00ebsht\u00eb triumfi ndaj s\u00eb keqes n\u00eb k\u00ebt\u00eb bot\u00eb dhe fitorja e dukshme ndaj saj. Besimi n\u00eb Krishtin e kryq\u00ebzuar dhe t\u00eb ngjallur hap nj\u00eb rrug\u00eb p\u00ebr t\u2019u p\u00ebrballur n\u00eb m\u00ebnyr\u00eb m\u00eb t\u00eb efektshme me t\u00eb keqen, por n\u00eb nj\u00eb p\u00ebrballim paq\u00ebsor dhe t\u00eb dhembshur ndaj njer\u00ebzve. Fuqia dhe trim\u00ebria e t\u00eb krishter\u00ebve nuk q\u00ebndron tek agresioni apo tek etja p\u00ebr hakmarrje, por q\u00ebndron tek d\u00ebshmia e but\u00eb dhe e vazhdueshme p\u00ebr t\u00eb v\u00ebrtet\u00ebn n\u00eb \u00e7do rrethan\u00eb, si edhe tek gatishm\u00ebria p\u00ebr t\u2019i sh\u00ebrbyer gjithmon\u00eb k\u00ebsaj t\u00eb v\u00ebrtete.<\/span><\/p>\n<p style=\"text-align: justify;\">\n\t<span style=\"font-size: 12pt; font-family: helvetica; color: #000000;\">&nbsp; &nbsp;Martirizimi i krishter\u00eb nuk \u00ebsht\u00eb thjesht vdekje heroike n\u00eb luft\u00ebn p\u00ebr bindjet e veta: para s\u00eb gjithash, \u00ebsht\u00eb nj\u00eb akt dhembshurie ndaj t\u00eb humburve. Ne themi se me vdekjen e tyre martir\u00ebt d\u00ebshmojn\u00eb p\u00ebr Krishtin. Rruga e nj\u00eb martiri \u00ebsht\u00eb nj\u00eb p\u00ebpjekje p\u00ebr t\u00eb ndrequr, qoft\u00eb edhe me \u00e7mimin e jet\u00ebs s\u00eb vet, t\u00eb pav\u00ebrtet\u00ebn njer\u00ebzore dhe p\u00ebr t\u00eb sh\u00ebruar verb\u00ebrin\u00eb shpirt\u00ebrore t\u00eb t\u00eb af\u00ebrmve me an\u00eb t\u00eb drit\u00ebs s\u00eb s\u00eb V\u00ebrtet\u00ebs Hyjnore.<\/span><\/p>\n<p style=\"text-align: justify;\">\n\t<span style=\"font-size: 12pt; font-family: helvetica; color: #000000;\">&nbsp; &nbsp;N\u00eb k\u00ebt\u00eb m\u00ebnyr\u00eb mbijetuan edhe Kishat tona n\u00eb koh\u00ebn e persekutimeve t\u00eb tmerrshme ateiste t\u00eb shekullit XX: me zem\u00ebrbut\u00ebsin\u00eb dhe me t\u00eb v\u00ebrtet\u00ebn e d\u00ebshmis\u00eb s\u00eb tyre ato i kap\u00ebrcyen dhe i mund\u00ebn vdekjen dhe vuajtjet e k\u00ebsaj bote t\u00eb r\u00ebn\u00eb. Martirizimi i krishter\u00eb nuk \u00ebsht\u00eb vdekje, por t\u00ebr\u00ebsisht e kund\u00ebrta e saj: \u00ebsht\u00eb triumfi i jet\u00ebs s\u00eb v\u00ebrtet\u00eb.<\/span><\/p>\n<p style=\"text-align: justify;\">\n\t<span style=\"font-size: 12pt; font-family: helvetica; color: #000000;\">&nbsp; &nbsp;Edhe sh\u00ebrbimi i Kish\u00ebs ndaj njer\u00ebzve \u00ebsht\u00eb pjes\u00eb e k\u00ebsaj d\u00ebshmie, pjes\u00eb e aktit t\u00eb saj heroik konfesor k\u00ebtu, n\u00eb tok\u00eb. M\u00eb kujtohet se \u00e7far\u00eb p\u00ebrpjekjesh t\u00eb m\u00ebdha nd\u00ebrmori Kisha Orthodhokse Autoqefale e Shqip\u00ebris\u00eb n\u00ebn udh\u00ebheqjen e Fortlumturis\u00eb Tuaj gjat\u00eb konfliktit t\u00eb armatosur n\u00eb Kosov\u00eb, duke i pritur t\u00eb gjith\u00eb refugjat\u00ebt pa dallim feje dhe bindjesh politike. Bota orthodhokse ishte e habitur se si me forcat kaq modeste u b\u00eb nj\u00eb pun\u00eb kaq e jasht\u00ebzakonshme. Kisha \u00ebsht\u00eb e pafuqishme t\u2019i parandaloj\u00eb t\u00eb gjitha mjerimet dhe fatkeq\u00ebsit\u00eb t\u00eb cilat vullneti i keq njer\u00ebzor i sjell n\u00eb k\u00ebt\u00eb bot\u00eb. Por, t\u00eb keqen dhe vdekjen ajo mund t\u2019i kund\u00ebrshtoj\u00eb me arm\u00ebn e saj t\u00eb vetme dhe t\u00eb pathyeshme, q\u00eb \u00ebsht\u00eb dashuria dhe dhembshuria p\u00ebr t\u00eb gjith\u00eb rac\u00ebn njer\u00ebzore.<\/span><\/p>\n<p style=\"text-align: justify;\">\n\t<span style=\"font-size: 12pt; font-family: helvetica; color: #000000;\">&nbsp; &nbsp;Sh\u00ebn Kozmai i Etolis\u00eb i barabart\u00eb me Apostujt, i cili ka predikuar dikur n\u00eb k\u00ebt\u00eb tok\u00eb dhe ka vdekur k\u00ebtu me nj\u00eb vdekje martiri nga duart e njer\u00ebzve t\u00eb nj\u00eb besimi tjet\u00ebr, n\u00eb k\u00ebshillat e tij thot\u00eb fjal\u00ebt e mrekullueshme: \u201cPer\u00ebndia i T\u00ebr\u00ebmir\u00eb dhe i Shum\u00ebm\u00ebshirsh\u00ebm ka emra t\u00eb shumt\u00eb dhe t\u00eb ndrysh\u00ebm. Quhet Drit\u00eb, Jet\u00eb, Ngjallje. Por emri i Tij kryesor \u00ebsht\u00eb Dashuri\u201d. Dashuria e Krishtit na jep jet\u00eb, dhe aty ku \u00ebsht\u00eb ajo nuk ka vend p\u00ebr vdekje.<\/span><\/p>\n<p style=\"text-align: justify;\">\n\t<span style=\"font-size: 12pt; font-family: helvetica; color: #000000;\">&nbsp; &nbsp;D\u00ebshiroj t\u00eb fal\u00ebnderoj Fortlumturin\u00eb Tuaj p\u00ebr ftes\u00ebn dhe p\u00ebr k\u00ebt\u00eb mund\u00ebsi p\u00ebr t\u00eb zhvilluar nj\u00eb lutje t\u00eb p\u00ebrbashk\u00ebt me Ju dhe me t\u00eb gjith\u00eb Kish\u00ebn e Shenjt\u00eb t\u00eb Shqip\u00ebris\u00eb. Paqja dhe dashuria p\u00ebr Krishtin qofshin me t\u00eb gjith\u00eb ne. Zoti e ruajt Kish\u00ebn tuaj t\u00eb Shenjt\u00eb dhe grigj\u00ebn e saj t\u00eb p\u00ebrshpirtshme!<\/span><\/p>\n<p style=\"text-align: justify;\">\n\t&nbsp;<\/p>\n<p style=\"text-align: justify;\">\n\t&nbsp;<\/p>\n<p style=\"text-align: center;\">\n\t<img class=\"lazyload\" decoding=\"async\" alt=\"\" height=\"333\" src=\"data:image\/svg+xml,%3Csvg%20xmlns%3D%27http%3A%2F%2Fwww.w3.org%2F2000%2Fsvg%27%20width%3D%27500%27%20height%3D%27333%27%20viewBox%3D%270%200%20500%20333%27%3E%3Crect%20width%3D%27500%27%20height%3D%27333%27%20fill-opacity%3D%220%22%2F%3E%3C%2Fsvg%3E\" data-orig-src=\"https:\/\/orthodoxalbania.org\/2020\/wp-content\/uploads\/2020\/04\/0053.jpg\" style=\"display: block; margin: 10px auto; border: 1px solid #000000;\" width=\"500\" \/><\/p>\n<p style=\"text-align: center;\">\n\t<iframe allow=\"autoplay; encrypted-media\" allowfullscreen=\"\" frameborder=\"0\" height=\"333\" src=\"https:\/\/www.youtube.com\/embed\/TyeVUhQyyXg?rel=0\" width=\"500\"><\/iframe><\/p>\n","protected":false},"excerpt":{"rendered":"<p>Fjala e Fort t\u00eb Shenjtit Patriark t\u00eb Mosk\u00ebs dhe t\u00eb gjith\u00eb Rusis\u00eb Kirilit gjat\u00eb Liturgjis\u00eb Hyjnore n\u00eb katedralen \u201cNgjallja e Krishtit\u201d &nbsp; Tiran\u00eb, m\u00eb 29 prill 2018 &nbsp; Fortlumturia Juaj, v\u00ebllez\u00ebr fort t\u00eb nderuar kryepift\u00ebrinj, et\u00ebr fort t\u00eb ndersh\u00ebm, t\u00eb dashur v\u00ebllez\u00ebr dhe motra! &nbsp; &nbsp; &nbsp;Sot, me kryerjen e Eukaristis\u00eb Hyjnore dhe me lutjen e p\u00ebrbashk\u00ebt, ne s\u00eb bashku me t\u00eb gjith\u00eb Kish\u00ebn e<\/p>\n","protected":false},"author":1,"featured_media":0,"comment_status":"open","ping_status":"open","sticky":false,"template":"","format":"standard","meta":{"_acf_changed":false,"pagelayer_contact_templates":[],"_pagelayer_content":"","inline_featured_image":false,"fifu_image_url":"","fifu_image_alt":"","footnotes":""},"categories":[108],"tags":[220,153,184,196,212,235],"class_list":["post-6551","post","type-post","status-publish","format-standard","hentry","category-lajme","tag-220","tag-deklarata-njoftime-zyrtare-d75","tag-katedralja-ngjallja-e-krishtit-tirane","tag-tirane","tag-lajme-d27","tag-patriku-kirill"],"acf":[],"yoast_head":"<!-- This site is optimized with the Yoast SEO plugin v27.2 - https:\/\/yoast.com\/product\/yoast-seo-wordpress\/ -->\n<title>Fjala e Patriarkut t\u00eb Rusis\u00eb Kirill gjat\u00eb Liturgjis\u00eb Hyjnore, Tiran\u00eb, 29.4.2018 - Kisha Orthodh\u03bfkse Autoqefale e Shqip\u00ebris\u00eb<\/title>\n<meta name=\"robots\" content=\"index, follow, max-snippet:-1, max-image-preview:large, max-video-preview:-1\" \/>\n<link rel=\"canonical\" href=\"https:\/\/orthodoxalbania.org\/2020\/2018\/04\/29\/fjala-e-patrikut-te-rusise-kirill-gjate-liturgjise-hyjnore-tirane-29-4-2018\/\" \/>\n<meta property=\"og:locale\" content=\"en_US\" \/>\n<meta property=\"og:type\" content=\"article\" \/>\n<meta property=\"og:title\" content=\"Fjala e Patriarkut t\u00eb Rusis\u00eb Kirill gjat\u00eb Liturgjis\u00eb Hyjnore, Tiran\u00eb, 29.4.2018 - Kisha Orthodh\u03bfkse Autoqefale e Shqip\u00ebris\u00eb\" \/>\n<meta property=\"og:description\" content=\"Fjala e Fort t\u00eb Shenjtit Patriark t\u00eb Mosk\u00ebs dhe t\u00eb gjith\u00eb Rusis\u00eb Kirilit gjat\u00eb Liturgjis\u00eb Hyjnore n\u00eb katedralen \u201cNgjallja e Krishtit\u201d &nbsp; Tiran\u00eb, m\u00eb 29 prill 2018 &nbsp; Fortlumturia Juaj, v\u00ebllez\u00ebr fort t\u00eb nderuar kryepift\u00ebrinj, et\u00ebr fort t\u00eb ndersh\u00ebm, t\u00eb dashur v\u00ebllez\u00ebr dhe motra! &nbsp; &nbsp; &nbsp;Sot, me kryerjen e Eukaristis\u00eb Hyjnore dhe me lutjen e p\u00ebrbashk\u00ebt, ne s\u00eb bashku me t\u00eb gjith\u00eb Kish\u00ebn e\" \/>\n<meta property=\"og:url\" content=\"https:\/\/orthodoxalbania.org\/2020\/2018\/04\/29\/fjala-e-patrikut-te-rusise-kirill-gjate-liturgjise-hyjnore-tirane-29-4-2018\/\" \/>\n<meta property=\"og:site_name\" content=\"Kisha Orthodh\u03bfkse Autoqefale e Shqip\u00ebris\u00eb\" \/>\n<meta property=\"article:publisher\" content=\"https:\/\/www.facebook.com\/koash1991\" \/>\n<meta property=\"article:published_time\" content=\"2018-04-29T13:49:57+00:00\" \/>\n<meta property=\"article:modified_time\" content=\"2020-04-06T19:58:09+00:00\" \/>\n<meta property=\"og:image\" content=\"https:\/\/orthodoxalbania.org\/2020\/wp-content\/uploads\/2020\/04\/0053.jpg\" \/>\n<meta name=\"author\" content=\"Kisha Orthodhokse\" \/>\n<meta name=\"twitter:card\" content=\"summary_large_image\" \/>\n<meta name=\"twitter:label1\" content=\"Written by\" \/>\n\t<meta name=\"twitter:data1\" content=\"Kisha Orthodhokse\" \/>\n\t<meta name=\"twitter:label2\" content=\"Est. reading time\" \/>\n\t<meta name=\"twitter:data2\" content=\"7 minutes\" \/>\n<script type=\"application\/ld+json\" class=\"yoast-schema-graph\">{\"@context\":\"https:\/\/schema.org\",\"@graph\":[{\"@type\":\"Article\",\"@id\":\"https:\/\/orthodoxalbania.org\/2020\/2018\/04\/29\/fjala-e-patrikut-te-rusise-kirill-gjate-liturgjise-hyjnore-tirane-29-4-2018\/#article\",\"isPartOf\":{\"@id\":\"https:\/\/orthodoxalbania.org\/2020\/2018\/04\/29\/fjala-e-patrikut-te-rusise-kirill-gjate-liturgjise-hyjnore-tirane-29-4-2018\/\"},\"author\":{\"name\":\"Kisha Orthodhokse\",\"@id\":\"https:\/\/orthodoxalbania.org\/2020\/#\/schema\/person\/0c387634a7063ac612d7ed9ce71c7e86\"},\"headline\":\"Fjala e Patriarkut t\u00eb Rusis\u00eb Kirill gjat\u00eb Liturgjis\u00eb Hyjnore, Tiran\u00eb, 29.4.2018\",\"datePublished\":\"2018-04-29T13:49:57+00:00\",\"dateModified\":\"2020-04-06T19:58:09+00:00\",\"mainEntityOfPage\":{\"@id\":\"https:\/\/orthodoxalbania.org\/2020\/2018\/04\/29\/fjala-e-patrikut-te-rusise-kirill-gjate-liturgjise-hyjnore-tirane-29-4-2018\/\"},\"wordCount\":1396,\"commentCount\":0,\"publisher\":{\"@id\":\"https:\/\/orthodoxalbania.org\/2020\/#organization\"},\"image\":{\"@id\":\"https:\/\/orthodoxalbania.org\/2020\/2018\/04\/29\/fjala-e-patrikut-te-rusise-kirill-gjate-liturgjise-hyjnore-tirane-29-4-2018\/#primaryimage\"},\"thumbnailUrl\":\"https:\/\/orthodoxalbania.org\/2020\/wp-content\/uploads\/2020\/04\/0053.jpg\",\"keywords\":[\"2018\",\"Deklarata - Njoftime Zyrtare\",\"Katedralja \u201cNgjallja e Krishtit\u201d Tiran\u00eb\",\"Kryepiskopata Tiran\u00eb\",\"lajme\",\"Patriku Kirill\"],\"articleSection\":[\"Lajme\"],\"inLanguage\":\"en-US\"},{\"@type\":\"WebPage\",\"@id\":\"https:\/\/orthodoxalbania.org\/2020\/2018\/04\/29\/fjala-e-patrikut-te-rusise-kirill-gjate-liturgjise-hyjnore-tirane-29-4-2018\/\",\"url\":\"https:\/\/orthodoxalbania.org\/2020\/2018\/04\/29\/fjala-e-patrikut-te-rusise-kirill-gjate-liturgjise-hyjnore-tirane-29-4-2018\/\",\"name\":\"Fjala e Patriarkut t\u00eb Rusis\u00eb Kirill gjat\u00eb Liturgjis\u00eb Hyjnore, Tiran\u00eb, 29.4.2018 - Kisha Orthodh\u03bfkse Autoqefale e Shqip\u00ebris\u00eb\",\"isPartOf\":{\"@id\":\"https:\/\/orthodoxalbania.org\/2020\/#website\"},\"primaryImageOfPage\":{\"@id\":\"https:\/\/orthodoxalbania.org\/2020\/2018\/04\/29\/fjala-e-patrikut-te-rusise-kirill-gjate-liturgjise-hyjnore-tirane-29-4-2018\/#primaryimage\"},\"image\":{\"@id\":\"https:\/\/orthodoxalbania.org\/2020\/2018\/04\/29\/fjala-e-patrikut-te-rusise-kirill-gjate-liturgjise-hyjnore-tirane-29-4-2018\/#primaryimage\"},\"thumbnailUrl\":\"https:\/\/orthodoxalbania.org\/2020\/wp-content\/uploads\/2020\/04\/0053.jpg\",\"datePublished\":\"2018-04-29T13:49:57+00:00\",\"dateModified\":\"2020-04-06T19:58:09+00:00\",\"breadcrumb\":{\"@id\":\"https:\/\/orthodoxalbania.org\/2020\/2018\/04\/29\/fjala-e-patrikut-te-rusise-kirill-gjate-liturgjise-hyjnore-tirane-29-4-2018\/#breadcrumb\"},\"inLanguage\":\"en-US\",\"potentialAction\":[{\"@type\":\"ReadAction\",\"target\":[\"https:\/\/orthodoxalbania.org\/2020\/2018\/04\/29\/fjala-e-patrikut-te-rusise-kirill-gjate-liturgjise-hyjnore-tirane-29-4-2018\/\"]}]},{\"@type\":\"ImageObject\",\"inLanguage\":\"en-US\",\"@id\":\"https:\/\/orthodoxalbania.org\/2020\/2018\/04\/29\/fjala-e-patrikut-te-rusise-kirill-gjate-liturgjise-hyjnore-tirane-29-4-2018\/#primaryimage\",\"url\":\"https:\/\/orthodoxalbania.org\/2020\/wp-content\/uploads\/2020\/04\/0053.jpg\",\"contentUrl\":\"https:\/\/orthodoxalbania.org\/2020\/wp-content\/uploads\/2020\/04\/0053.jpg\"},{\"@type\":\"BreadcrumbList\",\"@id\":\"https:\/\/orthodoxalbania.org\/2020\/2018\/04\/29\/fjala-e-patrikut-te-rusise-kirill-gjate-liturgjise-hyjnore-tirane-29-4-2018\/#breadcrumb\",\"itemListElement\":[{\"@type\":\"ListItem\",\"position\":1,\"name\":\"Home\",\"item\":\"https:\/\/orthodoxalbania.org\/2020\/\"},{\"@type\":\"ListItem\",\"position\":2,\"name\":\"Fjala e Patriarkut t\u00eb Rusis\u00eb Kirill gjat\u00eb Liturgjis\u00eb Hyjnore, Tiran\u00eb, 29.4.2018\"}]},{\"@type\":\"WebSite\",\"@id\":\"https:\/\/orthodoxalbania.org\/2020\/#website\",\"url\":\"https:\/\/orthodoxalbania.org\/2020\/\",\"name\":\"Kisha Orthodh\u03bfkse Autoqefale e Shqip\u00ebris\u00eb\",\"description\":\"Fqja Zyrtare e Kish\u00ebs Orthodhokse Autoqefale e Shqip\u00ebris\u00eb me lajmet edhe informacionet zyrtare p\u00ebr struktur\u00ebn edhe veprimtarin e saj.\",\"publisher\":{\"@id\":\"https:\/\/orthodoxalbania.org\/2020\/#organization\"},\"potentialAction\":[{\"@type\":\"SearchAction\",\"target\":{\"@type\":\"EntryPoint\",\"urlTemplate\":\"https:\/\/orthodoxalbania.org\/2020\/?s={search_term_string}\"},\"query-input\":{\"@type\":\"PropertyValueSpecification\",\"valueRequired\":true,\"valueName\":\"search_term_string\"}}],\"inLanguage\":\"en-US\"},{\"@type\":\"Organization\",\"@id\":\"https:\/\/orthodoxalbania.org\/2020\/#organization\",\"name\":\"Kisha Orthodhokse Autoqefale e Shqip\u00ebris\u00eb\",\"url\":\"https:\/\/orthodoxalbania.org\/2020\/\",\"logo\":{\"@type\":\"ImageObject\",\"inLanguage\":\"en-US\",\"@id\":\"https:\/\/orthodoxalbania.org\/2020\/#\/schema\/logo\/image\/\",\"url\":\"https:\/\/orthodoxalbania.org\/2020\/wp-content\/uploads\/2020\/05\/albania.jpeg\",\"contentUrl\":\"https:\/\/orthodoxalbania.org\/2020\/wp-content\/uploads\/2020\/05\/albania.jpeg\",\"width\":540,\"height\":540,\"caption\":\"Kisha Orthodhokse Autoqefale e Shqip\u00ebris\u00eb\"},\"image\":{\"@id\":\"https:\/\/orthodoxalbania.org\/2020\/#\/schema\/logo\/image\/\"},\"sameAs\":[\"https:\/\/www.facebook.com\/koash1991\"]},{\"@type\":\"Person\",\"@id\":\"https:\/\/orthodoxalbania.org\/2020\/#\/schema\/person\/0c387634a7063ac612d7ed9ce71c7e86\",\"name\":\"Kisha Orthodhokse\",\"image\":{\"@type\":\"ImageObject\",\"inLanguage\":\"en-US\",\"@id\":\"https:\/\/secure.gravatar.com\/avatar\/596e7c417251e30f2fbb9c00e026fce61a695a00e51c889caded71c96cbbdde5?s=96&d=mm&r=g\",\"url\":\"https:\/\/secure.gravatar.com\/avatar\/596e7c417251e30f2fbb9c00e026fce61a695a00e51c889caded71c96cbbdde5?s=96&d=mm&r=g\",\"contentUrl\":\"https:\/\/secure.gravatar.com\/avatar\/596e7c417251e30f2fbb9c00e026fce61a695a00e51c889caded71c96cbbdde5?s=96&d=mm&r=g\",\"caption\":\"Kisha Orthodhokse\"}}]}<\/script>\n<!-- \/ Yoast SEO plugin. -->","yoast_head_json":{"title":"Fjala e Patriarkut t\u00eb Rusis\u00eb Kirill gjat\u00eb Liturgjis\u00eb Hyjnore, Tiran\u00eb, 29.4.2018 - Kisha Orthodh\u03bfkse Autoqefale e Shqip\u00ebris\u00eb","robots":{"index":"index","follow":"follow","max-snippet":"max-snippet:-1","max-image-preview":"max-image-preview:large","max-video-preview":"max-video-preview:-1"},"canonical":"https:\/\/orthodoxalbania.org\/2020\/2018\/04\/29\/fjala-e-patrikut-te-rusise-kirill-gjate-liturgjise-hyjnore-tirane-29-4-2018\/","og_locale":"en_US","og_type":"article","og_title":"Fjala e Patriarkut t\u00eb Rusis\u00eb Kirill gjat\u00eb Liturgjis\u00eb Hyjnore, Tiran\u00eb, 29.4.2018 - Kisha Orthodh\u03bfkse Autoqefale e Shqip\u00ebris\u00eb","og_description":"Fjala e Fort t\u00eb Shenjtit Patriark t\u00eb Mosk\u00ebs dhe t\u00eb gjith\u00eb Rusis\u00eb Kirilit gjat\u00eb Liturgjis\u00eb Hyjnore n\u00eb katedralen \u201cNgjallja e Krishtit\u201d &nbsp; Tiran\u00eb, m\u00eb 29 prill 2018 &nbsp; Fortlumturia Juaj, v\u00ebllez\u00ebr fort t\u00eb nderuar kryepift\u00ebrinj, et\u00ebr fort t\u00eb ndersh\u00ebm, t\u00eb dashur v\u00ebllez\u00ebr dhe motra! &nbsp; &nbsp; &nbsp;Sot, me kryerjen e Eukaristis\u00eb Hyjnore dhe me lutjen e p\u00ebrbashk\u00ebt, ne s\u00eb bashku me t\u00eb gjith\u00eb Kish\u00ebn e","og_url":"https:\/\/orthodoxalbania.org\/2020\/2018\/04\/29\/fjala-e-patrikut-te-rusise-kirill-gjate-liturgjise-hyjnore-tirane-29-4-2018\/","og_site_name":"Kisha Orthodh\u03bfkse Autoqefale e Shqip\u00ebris\u00eb","article_publisher":"https:\/\/www.facebook.com\/koash1991","article_published_time":"2018-04-29T13:49:57+00:00","article_modified_time":"2020-04-06T19:58:09+00:00","og_image":[{"url":"https:\/\/orthodoxalbania.org\/2020\/wp-content\/uploads\/2020\/04\/0053.jpg","type":"","width":"","height":""}],"author":"Kisha Orthodhokse","twitter_card":"summary_large_image","twitter_misc":{"Written by":"Kisha Orthodhokse","Est. reading time":"7 minutes"},"schema":{"@context":"https:\/\/schema.org","@graph":[{"@type":"Article","@id":"https:\/\/orthodoxalbania.org\/2020\/2018\/04\/29\/fjala-e-patrikut-te-rusise-kirill-gjate-liturgjise-hyjnore-tirane-29-4-2018\/#article","isPartOf":{"@id":"https:\/\/orthodoxalbania.org\/2020\/2018\/04\/29\/fjala-e-patrikut-te-rusise-kirill-gjate-liturgjise-hyjnore-tirane-29-4-2018\/"},"author":{"name":"Kisha Orthodhokse","@id":"https:\/\/orthodoxalbania.org\/2020\/#\/schema\/person\/0c387634a7063ac612d7ed9ce71c7e86"},"headline":"Fjala e Patriarkut t\u00eb Rusis\u00eb Kirill gjat\u00eb Liturgjis\u00eb Hyjnore, Tiran\u00eb, 29.4.2018","datePublished":"2018-04-29T13:49:57+00:00","dateModified":"2020-04-06T19:58:09+00:00","mainEntityOfPage":{"@id":"https:\/\/orthodoxalbania.org\/2020\/2018\/04\/29\/fjala-e-patrikut-te-rusise-kirill-gjate-liturgjise-hyjnore-tirane-29-4-2018\/"},"wordCount":1396,"commentCount":0,"publisher":{"@id":"https:\/\/orthodoxalbania.org\/2020\/#organization"},"image":{"@id":"https:\/\/orthodoxalbania.org\/2020\/2018\/04\/29\/fjala-e-patrikut-te-rusise-kirill-gjate-liturgjise-hyjnore-tirane-29-4-2018\/#primaryimage"},"thumbnailUrl":"https:\/\/orthodoxalbania.org\/2020\/wp-content\/uploads\/2020\/04\/0053.jpg","keywords":["2018","Deklarata - Njoftime Zyrtare","Katedralja \u201cNgjallja e Krishtit\u201d Tiran\u00eb","Kryepiskopata Tiran\u00eb","lajme","Patriku Kirill"],"articleSection":["Lajme"],"inLanguage":"en-US"},{"@type":"WebPage","@id":"https:\/\/orthodoxalbania.org\/2020\/2018\/04\/29\/fjala-e-patrikut-te-rusise-kirill-gjate-liturgjise-hyjnore-tirane-29-4-2018\/","url":"https:\/\/orthodoxalbania.org\/2020\/2018\/04\/29\/fjala-e-patrikut-te-rusise-kirill-gjate-liturgjise-hyjnore-tirane-29-4-2018\/","name":"Fjala e Patriarkut t\u00eb Rusis\u00eb Kirill gjat\u00eb Liturgjis\u00eb Hyjnore, Tiran\u00eb, 29.4.2018 - Kisha Orthodh\u03bfkse Autoqefale e Shqip\u00ebris\u00eb","isPartOf":{"@id":"https:\/\/orthodoxalbania.org\/2020\/#website"},"primaryImageOfPage":{"@id":"https:\/\/orthodoxalbania.org\/2020\/2018\/04\/29\/fjala-e-patrikut-te-rusise-kirill-gjate-liturgjise-hyjnore-tirane-29-4-2018\/#primaryimage"},"image":{"@id":"https:\/\/orthodoxalbania.org\/2020\/2018\/04\/29\/fjala-e-patrikut-te-rusise-kirill-gjate-liturgjise-hyjnore-tirane-29-4-2018\/#primaryimage"},"thumbnailUrl":"https:\/\/orthodoxalbania.org\/2020\/wp-content\/uploads\/2020\/04\/0053.jpg","datePublished":"2018-04-29T13:49:57+00:00","dateModified":"2020-04-06T19:58:09+00:00","breadcrumb":{"@id":"https:\/\/orthodoxalbania.org\/2020\/2018\/04\/29\/fjala-e-patrikut-te-rusise-kirill-gjate-liturgjise-hyjnore-tirane-29-4-2018\/#breadcrumb"},"inLanguage":"en-US","potentialAction":[{"@type":"ReadAction","target":["https:\/\/orthodoxalbania.org\/2020\/2018\/04\/29\/fjala-e-patrikut-te-rusise-kirill-gjate-liturgjise-hyjnore-tirane-29-4-2018\/"]}]},{"@type":"ImageObject","inLanguage":"en-US","@id":"https:\/\/orthodoxalbania.org\/2020\/2018\/04\/29\/fjala-e-patrikut-te-rusise-kirill-gjate-liturgjise-hyjnore-tirane-29-4-2018\/#primaryimage","url":"https:\/\/orthodoxalbania.org\/2020\/wp-content\/uploads\/2020\/04\/0053.jpg","contentUrl":"https:\/\/orthodoxalbania.org\/2020\/wp-content\/uploads\/2020\/04\/0053.jpg"},{"@type":"BreadcrumbList","@id":"https:\/\/orthodoxalbania.org\/2020\/2018\/04\/29\/fjala-e-patrikut-te-rusise-kirill-gjate-liturgjise-hyjnore-tirane-29-4-2018\/#breadcrumb","itemListElement":[{"@type":"ListItem","position":1,"name":"Home","item":"https:\/\/orthodoxalbania.org\/2020\/"},{"@type":"ListItem","position":2,"name":"Fjala e Patriarkut t\u00eb Rusis\u00eb Kirill gjat\u00eb Liturgjis\u00eb Hyjnore, Tiran\u00eb, 29.4.2018"}]},{"@type":"WebSite","@id":"https:\/\/orthodoxalbania.org\/2020\/#website","url":"https:\/\/orthodoxalbania.org\/2020\/","name":"Kisha Orthodh\u03bfkse Autoqefale e Shqip\u00ebris\u00eb","description":"Fqja Zyrtare e Kish\u00ebs Orthodhokse Autoqefale e Shqip\u00ebris\u00eb me lajmet edhe informacionet zyrtare p\u00ebr struktur\u00ebn edhe veprimtarin e saj.","publisher":{"@id":"https:\/\/orthodoxalbania.org\/2020\/#organization"},"potentialAction":[{"@type":"SearchAction","target":{"@type":"EntryPoint","urlTemplate":"https:\/\/orthodoxalbania.org\/2020\/?s={search_term_string}"},"query-input":{"@type":"PropertyValueSpecification","valueRequired":true,"valueName":"search_term_string"}}],"inLanguage":"en-US"},{"@type":"Organization","@id":"https:\/\/orthodoxalbania.org\/2020\/#organization","name":"Kisha Orthodhokse Autoqefale e Shqip\u00ebris\u00eb","url":"https:\/\/orthodoxalbania.org\/2020\/","logo":{"@type":"ImageObject","inLanguage":"en-US","@id":"https:\/\/orthodoxalbania.org\/2020\/#\/schema\/logo\/image\/","url":"https:\/\/orthodoxalbania.org\/2020\/wp-content\/uploads\/2020\/05\/albania.jpeg","contentUrl":"https:\/\/orthodoxalbania.org\/2020\/wp-content\/uploads\/2020\/05\/albania.jpeg","width":540,"height":540,"caption":"Kisha Orthodhokse Autoqefale e Shqip\u00ebris\u00eb"},"image":{"@id":"https:\/\/orthodoxalbania.org\/2020\/#\/schema\/logo\/image\/"},"sameAs":["https:\/\/www.facebook.com\/koash1991"]},{"@type":"Person","@id":"https:\/\/orthodoxalbania.org\/2020\/#\/schema\/person\/0c387634a7063ac612d7ed9ce71c7e86","name":"Kisha Orthodhokse","image":{"@type":"ImageObject","inLanguage":"en-US","@id":"https:\/\/secure.gravatar.com\/avatar\/596e7c417251e30f2fbb9c00e026fce61a695a00e51c889caded71c96cbbdde5?s=96&d=mm&r=g","url":"https:\/\/secure.gravatar.com\/avatar\/596e7c417251e30f2fbb9c00e026fce61a695a00e51c889caded71c96cbbdde5?s=96&d=mm&r=g","contentUrl":"https:\/\/secure.gravatar.com\/avatar\/596e7c417251e30f2fbb9c00e026fce61a695a00e51c889caded71c96cbbdde5?s=96&d=mm&r=g","caption":"Kisha Orthodhokse"}}]}},"_links":{"self":[{"href":"https:\/\/orthodoxalbania.org\/2020\/wp-json\/wp\/v2\/posts\/6551","targetHints":{"allow":["GET"]}}],"collection":[{"href":"https:\/\/orthodoxalbania.org\/2020\/wp-json\/wp\/v2\/posts"}],"about":[{"href":"https:\/\/orthodoxalbania.org\/2020\/wp-json\/wp\/v2\/types\/post"}],"author":[{"embeddable":true,"href":"https:\/\/orthodoxalbania.org\/2020\/wp-json\/wp\/v2\/users\/1"}],"replies":[{"embeddable":true,"href":"https:\/\/orthodoxalbania.org\/2020\/wp-json\/wp\/v2\/comments?post=6551"}],"version-history":[{"count":1,"href":"https:\/\/orthodoxalbania.org\/2020\/wp-json\/wp\/v2\/posts\/6551\/revisions"}],"predecessor-version":[{"id":14784,"href":"https:\/\/orthodoxalbania.org\/2020\/wp-json\/wp\/v2\/posts\/6551\/revisions\/14784"}],"wp:attachment":[{"href":"https:\/\/orthodoxalbania.org\/2020\/wp-json\/wp\/v2\/media?parent=6551"}],"wp:term":[{"taxonomy":"category","embeddable":true,"href":"https:\/\/orthodoxalbania.org\/2020\/wp-json\/wp\/v2\/categories?post=6551"},{"taxonomy":"post_tag","embeddable":true,"href":"https:\/\/orthodoxalbania.org\/2020\/wp-json\/wp\/v2\/tags?post=6551"}],"curies":[{"name":"wp","href":"https:\/\/api.w.org\/{rel}","templated":true}]}}