{"id":6484,"date":"2018-04-28T18:20:32","date_gmt":"2018-04-28T18:20:32","guid":{"rendered":""},"modified":"2020-04-06T21:58:10","modified_gmt":"2020-04-06T19:58:10","slug":"fjala-e-pershendetjes-e-patriarkut-kirill-gjate-dhoksologjise-ne-katedralen-ngjallja-e-krishtit-tirane","status":"publish","type":"post","link":"https:\/\/orthodoxalbania.org\/2020\/2018\/04\/28\/fjala-e-pershendetjes-e-patriarkut-kirill-gjate-dhoksologjise-ne-katedralen-ngjallja-e-krishtit-tirane\/","title":{"rendered":"Fjala P\u00ebrsh\u00ebndet\u00ebse e Patriarkut Kirill gjat\u00eb Dhoksologjis\u00eb n\u00eb Katedralen \u201cNgjallja e Krishtit\u201d, Tiran\u00eb"},"content":{"rendered":"<p>\n\t&nbsp;<\/p>\n<p style=\"text-align: center;\">\n\t<span style=\"font-size: 12pt; font-family: helvetica; color: #000000;\">M\u00eb 28 prill 2018<\/span><\/p>\n<p style=\"text-align: center;\">\n\t&nbsp;<\/p>\n<p style=\"text-align: center;\">\n\t<strong><span style=\"font-size: 12pt; font-family: helvetica; color: #000000;\">Fortlumturia Juaj,<\/span><\/strong><\/p>\n<p style=\"text-align: center;\">\n\t<strong><span style=\"font-size: 12pt; font-family: helvetica; color: #000000;\">v\u00ebllez\u00ebr fort t\u00eb dashur kryepift\u00ebrinj, et\u00ebr fort t\u00eb nderuar,<\/span><\/strong><\/p>\n<p style=\"text-align: center;\">\n\t<strong><span style=\"font-size: 12pt; font-family: helvetica; color: #000000;\">t\u00eb dashur v\u00ebllez\u00ebr dhe motra!<\/span><\/strong><\/p>\n<p style=\"text-align: center;\">\n\t&nbsp;<\/p>\n<p style=\"text-align: center;\">\n\t<span style=\"font-size: 12pt; font-family: helvetica; color: #000000;\">Krishti u ngjall!<\/span><\/p>\n<p style=\"text-align: center;\">\n\t&nbsp;<\/p>\n<p style=\"text-align: justify;\">\n\t<span style=\"font-size: 12pt; font-family: helvetica; color: #000000;\">&nbsp; &nbsp;D\u00ebshiroj t\u00eb fal\u00ebnderoj Fortlumturin\u00eb Tuaj dhe Sinodin e Shenjt\u00eb t\u00eb Kish\u00ebs Orthodhokse Autoqefale t\u00eb Shqip\u00ebris\u00eb p\u00ebr fjal\u00ebt e mira p\u00ebrsh\u00ebndet\u00ebse dhe p\u00ebr ftes\u00ebn e p\u00ebrzem\u00ebrt p\u00ebr t\u00eb vizituar tok\u00ebn shqiptare.<\/span><\/p>\n<p style=\"text-align: justify;\">\n\t<span style=\"font-size: 12pt; font-family: helvetica; color: #000000;\">&nbsp; &nbsp;K\u00ebtu, n\u00eb vendin tuaj me trash\u00ebgimin\u00eb e tij t\u00eb lasht\u00eb t\u00eb krishter\u00eb, i cili z\u00eb fill nga veprimtaria e Apostullit t\u00eb Shenjt\u00eb Pavli, n\u00eb vendin ku martiri i shenjt\u00eb, episkopi i Durr\u00ebsit Asti dhe shum\u00eb besnik\u00eb t\u00eb tjer\u00eb t\u00eb Per\u00ebndis\u00eb kryen veprat e tyre heroike, n\u00eb vendin ku ka b\u00ebr\u00eb p\u00ebrpjekjet e tij misionari i shquar orthodhoks Sh\u00ebn Kozmai i Etolis\u00eb, atmosfera e s\u00eb kremtes s\u00eb ndritshme t\u00eb Ngjalljes s\u00eb Zotit, Per\u00ebndis\u00eb dhe Shp\u00ebtimtarit ton\u00eb Jisu Krishtit p\u00ebrjetohet me nj\u00eb thell\u00ebsi t\u00eb ve\u00e7ant\u00eb. Edhe kjo Katedrale madh\u00ebshtore, ky simbol i duksh\u00ebm i ringjalljes s\u00eb Kish\u00ebs Orthodhokse Autoqefale t\u00eb Shqip\u00ebris\u00eb, \u00ebsht\u00eb shenjt\u00ebruar si Katedralja e Ngjalljes s\u00eb Krishtit.<\/span><\/p>\n<p style=\"text-align: justify;\">\n\t<span style=\"font-size: 12pt; font-family: helvetica; color: #000000;\">&nbsp; &nbsp;Triumfit t\u00eb Ngjalljes i parapriu Golgota. Gjat\u00eb shekullit XX, t\u00eb dyja Kishat tona kan\u00eb p\u00ebrjetuar nj\u00eb pervoj\u00eb t\u00eb v\u00ebshtir\u00eb t\u00eb vuajtjeve n\u00eb bashkim me vuajtjet e Krishtit: jan\u00eb shkat\u00ebrruar kisha, jan\u00eb marr\u00eb n\u00ebp\u00ebr k\u00ebmb\u00eb vende t\u00eb shenjta, nd\u00ebrkoh\u00eb q\u00eb shum\u00eb klerik\u00eb, murgj dhe laik\u00eb p\u00ebsuan vuajtje dhe nj\u00eb vdekje prej martiri p\u00ebr emrin e Zotit ton\u00eb Jisu Krishtit. N\u00eb k\u00ebt\u00eb m\u00ebnyr\u00eb armiku i shp\u00ebtimit ton\u00eb synonte t\u00eb mbillte vdekje shpirt\u00ebrore n\u00eb popujt e udh\u00ebhequr nga Kishat tona, por, n\u00eb kund\u00ebrshtim me q\u00ebllimet e p\u00ebrndjek\u00ebsve, ndodhi ringjallja e fes\u00eb, rikthimi n\u00eb jet\u00eb, pasi gjaku i martir\u00ebve \u00ebsht\u00eb fara e krisht\u00ebrimit.<\/span><\/p>\n<p style=\"text-align: justify;\">\n\t<span style=\"font-size: 12pt; font-family: helvetica; color: #000000;\">&nbsp; &nbsp;Zoti na d\u00ebrgoi mir\u00ebsin\u00eb e tij dhe t\u00eb v\u00ebrtet\u00ebn e tij (Psalmi 56:4), dhe Kisha Orthodhokse Autoqefale e Shqip\u00ebris\u00eb, e asgj\u00ebsuar pothuajse plot\u00ebsisht n\u00eb t\u00eb kaluar\u00ebn, sot u ringrit me nj\u00eb lavdi t\u00eb re, duke u konsoliduar fal\u00eb vepr\u00ebs vet\u00ebmohuese t\u00eb Primatit t\u00eb saj, t\u00eb Fortlumturis\u00eb s\u00eb Tij Anastas.<\/span><\/p>\n<p style=\"text-align: justify;\">\n\t<span style=\"font-size: 12pt; font-family: helvetica; color: #000000;\">&nbsp; &nbsp;Kam mb\u00ebrritur k\u00ebtu me emocione t\u00eb ndritshme. Un\u00eb e vler\u00ebsoj k\u00ebt\u00eb mund\u00ebsi t\u00eb bashk\u00ebndaj me Ju g\u00ebzimin e Pashk\u00ebs s\u00eb Shenjt\u00eb, t\u00eb ngush\u00ebllohem bashk\u00eb me ju me an\u00eb t\u00eb besimit t\u00eb p\u00ebrbashk\u00ebt (Rom. 1:12) dhe t\u00eb p\u00ebrulem para vendeve t\u00eb shenjta t\u00eb tok\u00ebs shqiptare. Shpresoj se me ndihm\u00ebn e Zotit vizita ime paq\u00ebsore t\u00eb hap\u00eb nj\u00eb kapitull t\u00eb ri n\u00eb marr\u00ebdh\u00ebniet midis Kishave tona Orthodhokse Lokale v\u00ebllaz\u00ebrore.<\/span><\/p>\n<p style=\"text-align: justify;\">\n\t&nbsp;<\/p>\n<p style=\"text-align: justify;\">\n\t<span style=\"font-size: 12pt; font-family: helvetica; color: #000000;\">&nbsp;<strong> &nbsp;\u0425\u0440\u0438\u0441\u0442\u043e\u0441 \u0412\u043e\u0441\u043a\u0440\u0435\u0441\u0435!<\/strong><\/span><\/p>\n<p style=\"text-align: justify;\">\n\t&nbsp;<\/p>\n<p style=\"text-align: center;\">\n\t<img class=\"lazyload\" decoding=\"async\" alt=\"\" height=\"333\" src=\"data:image\/svg+xml,%3Csvg%20xmlns%3D%27http%3A%2F%2Fwww.w3.org%2F2000%2Fsvg%27%20width%3D%27500%27%20height%3D%27333%27%20viewBox%3D%270%200%20500%20333%27%3E%3Crect%20width%3D%27500%27%20height%3D%27333%27%20fill-opacity%3D%220%22%2F%3E%3C%2Fsvg%3E\" data-orig-src=\"https:\/\/orthodoxalbania.org\/2020\/wp-content\/uploads\/2020\/04\/31440226_1586862528099911_2365944303357788160_n.jpg\" style=\"display: block; margin: 10px auto; border: 1px solid #000000;\" width=\"500\" \/><\/p>\n<p style=\"text-align: center;\">\n\t<iframe allow=\"autoplay; encrypted-media\" allowfullscreen=\"\" frameborder=\"0\" height=\"315\" src=\"https:\/\/www.youtube.com\/embed\/ZRTwerQwnEo\" width=\"560\"><\/iframe><\/p>\n","protected":false},"excerpt":{"rendered":"<p>&nbsp; M\u00eb 28 prill 2018 &nbsp; Fortlumturia Juaj, v\u00ebllez\u00ebr fort t\u00eb dashur kryepift\u00ebrinj, et\u00ebr fort t\u00eb nderuar, t\u00eb dashur v\u00ebllez\u00ebr dhe motra! &nbsp; Krishti u ngjall! &nbsp; &nbsp; &nbsp;D\u00ebshiroj t\u00eb fal\u00ebnderoj Fortlumturin\u00eb Tuaj dhe Sinodin e Shenjt\u00eb t\u00eb Kish\u00ebs Orthodhokse Autoqefale t\u00eb Shqip\u00ebris\u00eb p\u00ebr fjal\u00ebt e mira p\u00ebrsh\u00ebndet\u00ebse dhe p\u00ebr ftes\u00ebn e p\u00ebrzem\u00ebrt p\u00ebr t\u00eb vizituar tok\u00ebn shqiptare. &nbsp; &nbsp;K\u00ebtu, n\u00eb vendin tuaj me trash\u00ebgimin\u00eb<\/p>\n","protected":false},"author":1,"featured_media":6485,"comment_status":"open","ping_status":"open","sticky":false,"template":"","format":"standard","meta":{"_acf_changed":false,"pagelayer_contact_templates":[],"_pagelayer_content":"","inline_featured_image":false,"fifu_image_url":"","fifu_image_alt":"","footnotes":""},"categories":[108],"tags":[220,153,184,196,212,235],"class_list":["post-6484","post","type-post","status-publish","format-standard","has-post-thumbnail","hentry","category-lajme","tag-220","tag-deklarata-njoftime-zyrtare-d75","tag-katedralja-ngjallja-e-krishtit-tirane","tag-tirane","tag-lajme-d27","tag-patriku-kirill"],"acf":[],"yoast_head":"<!-- This site is optimized with the Yoast SEO plugin v27.2 - https:\/\/yoast.com\/product\/yoast-seo-wordpress\/ -->\n<title>Fjala P\u00ebrsh\u00ebndet\u00ebse e Patriarkut Kirill gjat\u00eb Dhoksologjis\u00eb n\u00eb Katedralen \u201cNgjallja e Krishtit\u201d, Tiran\u00eb - Kisha Orthodh\u03bfkse Autoqefale e Shqip\u00ebris\u00eb<\/title>\n<meta name=\"robots\" content=\"index, follow, max-snippet:-1, max-image-preview:large, max-video-preview:-1\" \/>\n<link rel=\"canonical\" href=\"https:\/\/orthodoxalbania.org\/2020\/2018\/04\/28\/fjala-e-pershendetjes-e-patriarkut-kirill-gjate-dhoksologjise-ne-katedralen-ngjallja-e-krishtit-tirane\/\" \/>\n<meta property=\"og:locale\" content=\"en_US\" \/>\n<meta property=\"og:type\" content=\"article\" \/>\n<meta property=\"og:title\" content=\"Fjala P\u00ebrsh\u00ebndet\u00ebse e Patriarkut Kirill gjat\u00eb Dhoksologjis\u00eb n\u00eb Katedralen \u201cNgjallja e Krishtit\u201d, Tiran\u00eb - Kisha Orthodh\u03bfkse Autoqefale e Shqip\u00ebris\u00eb\" \/>\n<meta property=\"og:description\" content=\"&nbsp; M\u00eb 28 prill 2018 &nbsp; Fortlumturia Juaj, v\u00ebllez\u00ebr fort t\u00eb dashur kryepift\u00ebrinj, et\u00ebr fort t\u00eb nderuar, t\u00eb dashur v\u00ebllez\u00ebr dhe motra! &nbsp; Krishti u ngjall! &nbsp; &nbsp; &nbsp;D\u00ebshiroj t\u00eb fal\u00ebnderoj Fortlumturin\u00eb Tuaj dhe Sinodin e Shenjt\u00eb t\u00eb Kish\u00ebs Orthodhokse Autoqefale t\u00eb Shqip\u00ebris\u00eb p\u00ebr fjal\u00ebt e mira p\u00ebrsh\u00ebndet\u00ebse dhe p\u00ebr ftes\u00ebn e p\u00ebrzem\u00ebrt p\u00ebr t\u00eb vizituar tok\u00ebn shqiptare. &nbsp; &nbsp;K\u00ebtu, n\u00eb vendin tuaj me trash\u00ebgimin\u00eb\" \/>\n<meta property=\"og:url\" content=\"https:\/\/orthodoxalbania.org\/2020\/2018\/04\/28\/fjala-e-pershendetjes-e-patriarkut-kirill-gjate-dhoksologjise-ne-katedralen-ngjallja-e-krishtit-tirane\/\" \/>\n<meta property=\"og:site_name\" content=\"Kisha Orthodh\u03bfkse Autoqefale e Shqip\u00ebris\u00eb\" \/>\n<meta property=\"article:publisher\" content=\"https:\/\/www.facebook.com\/koash1991\" \/>\n<meta property=\"article:published_time\" content=\"2018-04-28T18:20:32+00:00\" \/>\n<meta property=\"article:modified_time\" content=\"2020-04-06T19:58:10+00:00\" \/>\n<meta property=\"og:image\" content=\"https:\/\/orthodoxalbania.org\/2020\/wp-content\/uploads\/2020\/04\/31440226_1586862528099911_2365944303357788160_n.jpg\" \/>\n\t<meta property=\"og:image:width\" content=\"2048\" \/>\n\t<meta property=\"og:image:height\" content=\"1365\" \/>\n\t<meta property=\"og:image:type\" content=\"image\/jpeg\" \/>\n<meta name=\"author\" content=\"Kisha Orthodhokse\" \/>\n<meta name=\"twitter:card\" content=\"summary_large_image\" \/>\n<meta name=\"twitter:label1\" content=\"Written by\" \/>\n\t<meta name=\"twitter:data1\" content=\"Kisha Orthodhokse\" \/>\n\t<meta name=\"twitter:label2\" content=\"Est. reading time\" \/>\n\t<meta name=\"twitter:data2\" content=\"2 minutes\" \/>\n<script type=\"application\/ld+json\" class=\"yoast-schema-graph\">{\"@context\":\"https:\/\/schema.org\",\"@graph\":[{\"@type\":\"Article\",\"@id\":\"https:\/\/orthodoxalbania.org\/2020\/2018\/04\/28\/fjala-e-pershendetjes-e-patriarkut-kirill-gjate-dhoksologjise-ne-katedralen-ngjallja-e-krishtit-tirane\/#article\",\"isPartOf\":{\"@id\":\"https:\/\/orthodoxalbania.org\/2020\/2018\/04\/28\/fjala-e-pershendetjes-e-patriarkut-kirill-gjate-dhoksologjise-ne-katedralen-ngjallja-e-krishtit-tirane\/\"},\"author\":{\"name\":\"Kisha Orthodhokse\",\"@id\":\"https:\/\/orthodoxalbania.org\/2020\/#\/schema\/person\/0c387634a7063ac612d7ed9ce71c7e86\"},\"headline\":\"Fjala P\u00ebrsh\u00ebndet\u00ebse e Patriarkut Kirill gjat\u00eb Dhoksologjis\u00eb n\u00eb Katedralen \u201cNgjallja e Krishtit\u201d, Tiran\u00eb\",\"datePublished\":\"2018-04-28T18:20:32+00:00\",\"dateModified\":\"2020-04-06T19:58:10+00:00\",\"mainEntityOfPage\":{\"@id\":\"https:\/\/orthodoxalbania.org\/2020\/2018\/04\/28\/fjala-e-pershendetjes-e-patriarkut-kirill-gjate-dhoksologjise-ne-katedralen-ngjallja-e-krishtit-tirane\/\"},\"wordCount\":494,\"commentCount\":0,\"publisher\":{\"@id\":\"https:\/\/orthodoxalbania.org\/2020\/#organization\"},\"image\":{\"@id\":\"https:\/\/orthodoxalbania.org\/2020\/2018\/04\/28\/fjala-e-pershendetjes-e-patriarkut-kirill-gjate-dhoksologjise-ne-katedralen-ngjallja-e-krishtit-tirane\/#primaryimage\"},\"thumbnailUrl\":\"https:\/\/orthodoxalbania.org\/2020\/wp-content\/uploads\/2020\/04\/31440226_1586862528099911_2365944303357788160_n.jpg\",\"keywords\":[\"2018\",\"Deklarata - Njoftime Zyrtare\",\"Katedralja \u201cNgjallja e Krishtit\u201d Tiran\u00eb\",\"Kryepiskopata Tiran\u00eb\",\"lajme\",\"Patriku Kirill\"],\"articleSection\":[\"Lajme\"],\"inLanguage\":\"en-US\"},{\"@type\":\"WebPage\",\"@id\":\"https:\/\/orthodoxalbania.org\/2020\/2018\/04\/28\/fjala-e-pershendetjes-e-patriarkut-kirill-gjate-dhoksologjise-ne-katedralen-ngjallja-e-krishtit-tirane\/\",\"url\":\"https:\/\/orthodoxalbania.org\/2020\/2018\/04\/28\/fjala-e-pershendetjes-e-patriarkut-kirill-gjate-dhoksologjise-ne-katedralen-ngjallja-e-krishtit-tirane\/\",\"name\":\"Fjala P\u00ebrsh\u00ebndet\u00ebse e Patriarkut Kirill gjat\u00eb Dhoksologjis\u00eb n\u00eb Katedralen \u201cNgjallja e Krishtit\u201d, Tiran\u00eb - Kisha Orthodh\u03bfkse Autoqefale e Shqip\u00ebris\u00eb\",\"isPartOf\":{\"@id\":\"https:\/\/orthodoxalbania.org\/2020\/#website\"},\"primaryImageOfPage\":{\"@id\":\"https:\/\/orthodoxalbania.org\/2020\/2018\/04\/28\/fjala-e-pershendetjes-e-patriarkut-kirill-gjate-dhoksologjise-ne-katedralen-ngjallja-e-krishtit-tirane\/#primaryimage\"},\"image\":{\"@id\":\"https:\/\/orthodoxalbania.org\/2020\/2018\/04\/28\/fjala-e-pershendetjes-e-patriarkut-kirill-gjate-dhoksologjise-ne-katedralen-ngjallja-e-krishtit-tirane\/#primaryimage\"},\"thumbnailUrl\":\"https:\/\/orthodoxalbania.org\/2020\/wp-content\/uploads\/2020\/04\/31440226_1586862528099911_2365944303357788160_n.jpg\",\"datePublished\":\"2018-04-28T18:20:32+00:00\",\"dateModified\":\"2020-04-06T19:58:10+00:00\",\"breadcrumb\":{\"@id\":\"https:\/\/orthodoxalbania.org\/2020\/2018\/04\/28\/fjala-e-pershendetjes-e-patriarkut-kirill-gjate-dhoksologjise-ne-katedralen-ngjallja-e-krishtit-tirane\/#breadcrumb\"},\"inLanguage\":\"en-US\",\"potentialAction\":[{\"@type\":\"ReadAction\",\"target\":[\"https:\/\/orthodoxalbania.org\/2020\/2018\/04\/28\/fjala-e-pershendetjes-e-patriarkut-kirill-gjate-dhoksologjise-ne-katedralen-ngjallja-e-krishtit-tirane\/\"]}]},{\"@type\":\"ImageObject\",\"inLanguage\":\"en-US\",\"@id\":\"https:\/\/orthodoxalbania.org\/2020\/2018\/04\/28\/fjala-e-pershendetjes-e-patriarkut-kirill-gjate-dhoksologjise-ne-katedralen-ngjallja-e-krishtit-tirane\/#primaryimage\",\"url\":\"https:\/\/orthodoxalbania.org\/2020\/wp-content\/uploads\/2020\/04\/31440226_1586862528099911_2365944303357788160_n.jpg\",\"contentUrl\":\"https:\/\/orthodoxalbania.org\/2020\/wp-content\/uploads\/2020\/04\/31440226_1586862528099911_2365944303357788160_n.jpg\",\"width\":2048,\"height\":1365},{\"@type\":\"BreadcrumbList\",\"@id\":\"https:\/\/orthodoxalbania.org\/2020\/2018\/04\/28\/fjala-e-pershendetjes-e-patriarkut-kirill-gjate-dhoksologjise-ne-katedralen-ngjallja-e-krishtit-tirane\/#breadcrumb\",\"itemListElement\":[{\"@type\":\"ListItem\",\"position\":1,\"name\":\"Home\",\"item\":\"https:\/\/orthodoxalbania.org\/2020\/\"},{\"@type\":\"ListItem\",\"position\":2,\"name\":\"Fjala P\u00ebrsh\u00ebndet\u00ebse e Patriarkut Kirill gjat\u00eb Dhoksologjis\u00eb n\u00eb Katedralen \u201cNgjallja e Krishtit\u201d, Tiran\u00eb\"}]},{\"@type\":\"WebSite\",\"@id\":\"https:\/\/orthodoxalbania.org\/2020\/#website\",\"url\":\"https:\/\/orthodoxalbania.org\/2020\/\",\"name\":\"Kisha Orthodh\u03bfkse Autoqefale e Shqip\u00ebris\u00eb\",\"description\":\"Fqja Zyrtare e Kish\u00ebs Orthodhokse Autoqefale e Shqip\u00ebris\u00eb me lajmet edhe informacionet zyrtare p\u00ebr struktur\u00ebn edhe veprimtarin e saj.\",\"publisher\":{\"@id\":\"https:\/\/orthodoxalbania.org\/2020\/#organization\"},\"potentialAction\":[{\"@type\":\"SearchAction\",\"target\":{\"@type\":\"EntryPoint\",\"urlTemplate\":\"https:\/\/orthodoxalbania.org\/2020\/?s={search_term_string}\"},\"query-input\":{\"@type\":\"PropertyValueSpecification\",\"valueRequired\":true,\"valueName\":\"search_term_string\"}}],\"inLanguage\":\"en-US\"},{\"@type\":\"Organization\",\"@id\":\"https:\/\/orthodoxalbania.org\/2020\/#organization\",\"name\":\"Kisha Orthodhokse Autoqefale e Shqip\u00ebris\u00eb\",\"url\":\"https:\/\/orthodoxalbania.org\/2020\/\",\"logo\":{\"@type\":\"ImageObject\",\"inLanguage\":\"en-US\",\"@id\":\"https:\/\/orthodoxalbania.org\/2020\/#\/schema\/logo\/image\/\",\"url\":\"https:\/\/orthodoxalbania.org\/2020\/wp-content\/uploads\/2020\/05\/albania.jpeg\",\"contentUrl\":\"https:\/\/orthodoxalbania.org\/2020\/wp-content\/uploads\/2020\/05\/albania.jpeg\",\"width\":540,\"height\":540,\"caption\":\"Kisha Orthodhokse Autoqefale e Shqip\u00ebris\u00eb\"},\"image\":{\"@id\":\"https:\/\/orthodoxalbania.org\/2020\/#\/schema\/logo\/image\/\"},\"sameAs\":[\"https:\/\/www.facebook.com\/koash1991\"]},{\"@type\":\"Person\",\"@id\":\"https:\/\/orthodoxalbania.org\/2020\/#\/schema\/person\/0c387634a7063ac612d7ed9ce71c7e86\",\"name\":\"Kisha Orthodhokse\",\"image\":{\"@type\":\"ImageObject\",\"inLanguage\":\"en-US\",\"@id\":\"https:\/\/secure.gravatar.com\/avatar\/596e7c417251e30f2fbb9c00e026fce61a695a00e51c889caded71c96cbbdde5?s=96&d=mm&r=g\",\"url\":\"https:\/\/secure.gravatar.com\/avatar\/596e7c417251e30f2fbb9c00e026fce61a695a00e51c889caded71c96cbbdde5?s=96&d=mm&r=g\",\"contentUrl\":\"https:\/\/secure.gravatar.com\/avatar\/596e7c417251e30f2fbb9c00e026fce61a695a00e51c889caded71c96cbbdde5?s=96&d=mm&r=g\",\"caption\":\"Kisha Orthodhokse\"}}]}<\/script>\n<!-- \/ Yoast SEO plugin. -->","yoast_head_json":{"title":"Fjala P\u00ebrsh\u00ebndet\u00ebse e Patriarkut Kirill gjat\u00eb Dhoksologjis\u00eb n\u00eb Katedralen \u201cNgjallja e Krishtit\u201d, Tiran\u00eb - Kisha Orthodh\u03bfkse Autoqefale e Shqip\u00ebris\u00eb","robots":{"index":"index","follow":"follow","max-snippet":"max-snippet:-1","max-image-preview":"max-image-preview:large","max-video-preview":"max-video-preview:-1"},"canonical":"https:\/\/orthodoxalbania.org\/2020\/2018\/04\/28\/fjala-e-pershendetjes-e-patriarkut-kirill-gjate-dhoksologjise-ne-katedralen-ngjallja-e-krishtit-tirane\/","og_locale":"en_US","og_type":"article","og_title":"Fjala P\u00ebrsh\u00ebndet\u00ebse e Patriarkut Kirill gjat\u00eb Dhoksologjis\u00eb n\u00eb Katedralen \u201cNgjallja e Krishtit\u201d, Tiran\u00eb - Kisha Orthodh\u03bfkse Autoqefale e Shqip\u00ebris\u00eb","og_description":"&nbsp; M\u00eb 28 prill 2018 &nbsp; Fortlumturia Juaj, v\u00ebllez\u00ebr fort t\u00eb dashur kryepift\u00ebrinj, et\u00ebr fort t\u00eb nderuar, t\u00eb dashur v\u00ebllez\u00ebr dhe motra! &nbsp; Krishti u ngjall! &nbsp; &nbsp; &nbsp;D\u00ebshiroj t\u00eb fal\u00ebnderoj Fortlumturin\u00eb Tuaj dhe Sinodin e Shenjt\u00eb t\u00eb Kish\u00ebs Orthodhokse Autoqefale t\u00eb Shqip\u00ebris\u00eb p\u00ebr fjal\u00ebt e mira p\u00ebrsh\u00ebndet\u00ebse dhe p\u00ebr ftes\u00ebn e p\u00ebrzem\u00ebrt p\u00ebr t\u00eb vizituar tok\u00ebn shqiptare. &nbsp; &nbsp;K\u00ebtu, n\u00eb vendin tuaj me trash\u00ebgimin\u00eb","og_url":"https:\/\/orthodoxalbania.org\/2020\/2018\/04\/28\/fjala-e-pershendetjes-e-patriarkut-kirill-gjate-dhoksologjise-ne-katedralen-ngjallja-e-krishtit-tirane\/","og_site_name":"Kisha Orthodh\u03bfkse Autoqefale e Shqip\u00ebris\u00eb","article_publisher":"https:\/\/www.facebook.com\/koash1991","article_published_time":"2018-04-28T18:20:32+00:00","article_modified_time":"2020-04-06T19:58:10+00:00","og_image":[{"width":2048,"height":1365,"url":"https:\/\/orthodoxalbania.org\/2020\/wp-content\/uploads\/2020\/04\/31440226_1586862528099911_2365944303357788160_n.jpg","type":"image\/jpeg"}],"author":"Kisha Orthodhokse","twitter_card":"summary_large_image","twitter_misc":{"Written by":"Kisha Orthodhokse","Est. reading time":"2 minutes"},"schema":{"@context":"https:\/\/schema.org","@graph":[{"@type":"Article","@id":"https:\/\/orthodoxalbania.org\/2020\/2018\/04\/28\/fjala-e-pershendetjes-e-patriarkut-kirill-gjate-dhoksologjise-ne-katedralen-ngjallja-e-krishtit-tirane\/#article","isPartOf":{"@id":"https:\/\/orthodoxalbania.org\/2020\/2018\/04\/28\/fjala-e-pershendetjes-e-patriarkut-kirill-gjate-dhoksologjise-ne-katedralen-ngjallja-e-krishtit-tirane\/"},"author":{"name":"Kisha Orthodhokse","@id":"https:\/\/orthodoxalbania.org\/2020\/#\/schema\/person\/0c387634a7063ac612d7ed9ce71c7e86"},"headline":"Fjala P\u00ebrsh\u00ebndet\u00ebse e Patriarkut Kirill gjat\u00eb Dhoksologjis\u00eb n\u00eb Katedralen \u201cNgjallja e Krishtit\u201d, Tiran\u00eb","datePublished":"2018-04-28T18:20:32+00:00","dateModified":"2020-04-06T19:58:10+00:00","mainEntityOfPage":{"@id":"https:\/\/orthodoxalbania.org\/2020\/2018\/04\/28\/fjala-e-pershendetjes-e-patriarkut-kirill-gjate-dhoksologjise-ne-katedralen-ngjallja-e-krishtit-tirane\/"},"wordCount":494,"commentCount":0,"publisher":{"@id":"https:\/\/orthodoxalbania.org\/2020\/#organization"},"image":{"@id":"https:\/\/orthodoxalbania.org\/2020\/2018\/04\/28\/fjala-e-pershendetjes-e-patriarkut-kirill-gjate-dhoksologjise-ne-katedralen-ngjallja-e-krishtit-tirane\/#primaryimage"},"thumbnailUrl":"https:\/\/orthodoxalbania.org\/2020\/wp-content\/uploads\/2020\/04\/31440226_1586862528099911_2365944303357788160_n.jpg","keywords":["2018","Deklarata - Njoftime Zyrtare","Katedralja \u201cNgjallja e Krishtit\u201d Tiran\u00eb","Kryepiskopata Tiran\u00eb","lajme","Patriku Kirill"],"articleSection":["Lajme"],"inLanguage":"en-US"},{"@type":"WebPage","@id":"https:\/\/orthodoxalbania.org\/2020\/2018\/04\/28\/fjala-e-pershendetjes-e-patriarkut-kirill-gjate-dhoksologjise-ne-katedralen-ngjallja-e-krishtit-tirane\/","url":"https:\/\/orthodoxalbania.org\/2020\/2018\/04\/28\/fjala-e-pershendetjes-e-patriarkut-kirill-gjate-dhoksologjise-ne-katedralen-ngjallja-e-krishtit-tirane\/","name":"Fjala P\u00ebrsh\u00ebndet\u00ebse e Patriarkut Kirill gjat\u00eb Dhoksologjis\u00eb n\u00eb Katedralen \u201cNgjallja e Krishtit\u201d, Tiran\u00eb - Kisha Orthodh\u03bfkse Autoqefale e Shqip\u00ebris\u00eb","isPartOf":{"@id":"https:\/\/orthodoxalbania.org\/2020\/#website"},"primaryImageOfPage":{"@id":"https:\/\/orthodoxalbania.org\/2020\/2018\/04\/28\/fjala-e-pershendetjes-e-patriarkut-kirill-gjate-dhoksologjise-ne-katedralen-ngjallja-e-krishtit-tirane\/#primaryimage"},"image":{"@id":"https:\/\/orthodoxalbania.org\/2020\/2018\/04\/28\/fjala-e-pershendetjes-e-patriarkut-kirill-gjate-dhoksologjise-ne-katedralen-ngjallja-e-krishtit-tirane\/#primaryimage"},"thumbnailUrl":"https:\/\/orthodoxalbania.org\/2020\/wp-content\/uploads\/2020\/04\/31440226_1586862528099911_2365944303357788160_n.jpg","datePublished":"2018-04-28T18:20:32+00:00","dateModified":"2020-04-06T19:58:10+00:00","breadcrumb":{"@id":"https:\/\/orthodoxalbania.org\/2020\/2018\/04\/28\/fjala-e-pershendetjes-e-patriarkut-kirill-gjate-dhoksologjise-ne-katedralen-ngjallja-e-krishtit-tirane\/#breadcrumb"},"inLanguage":"en-US","potentialAction":[{"@type":"ReadAction","target":["https:\/\/orthodoxalbania.org\/2020\/2018\/04\/28\/fjala-e-pershendetjes-e-patriarkut-kirill-gjate-dhoksologjise-ne-katedralen-ngjallja-e-krishtit-tirane\/"]}]},{"@type":"ImageObject","inLanguage":"en-US","@id":"https:\/\/orthodoxalbania.org\/2020\/2018\/04\/28\/fjala-e-pershendetjes-e-patriarkut-kirill-gjate-dhoksologjise-ne-katedralen-ngjallja-e-krishtit-tirane\/#primaryimage","url":"https:\/\/orthodoxalbania.org\/2020\/wp-content\/uploads\/2020\/04\/31440226_1586862528099911_2365944303357788160_n.jpg","contentUrl":"https:\/\/orthodoxalbania.org\/2020\/wp-content\/uploads\/2020\/04\/31440226_1586862528099911_2365944303357788160_n.jpg","width":2048,"height":1365},{"@type":"BreadcrumbList","@id":"https:\/\/orthodoxalbania.org\/2020\/2018\/04\/28\/fjala-e-pershendetjes-e-patriarkut-kirill-gjate-dhoksologjise-ne-katedralen-ngjallja-e-krishtit-tirane\/#breadcrumb","itemListElement":[{"@type":"ListItem","position":1,"name":"Home","item":"https:\/\/orthodoxalbania.org\/2020\/"},{"@type":"ListItem","position":2,"name":"Fjala P\u00ebrsh\u00ebndet\u00ebse e Patriarkut Kirill gjat\u00eb Dhoksologjis\u00eb n\u00eb Katedralen \u201cNgjallja e Krishtit\u201d, Tiran\u00eb"}]},{"@type":"WebSite","@id":"https:\/\/orthodoxalbania.org\/2020\/#website","url":"https:\/\/orthodoxalbania.org\/2020\/","name":"Kisha Orthodh\u03bfkse Autoqefale e Shqip\u00ebris\u00eb","description":"Fqja Zyrtare e Kish\u00ebs Orthodhokse Autoqefale e Shqip\u00ebris\u00eb me lajmet edhe informacionet zyrtare p\u00ebr struktur\u00ebn edhe veprimtarin e saj.","publisher":{"@id":"https:\/\/orthodoxalbania.org\/2020\/#organization"},"potentialAction":[{"@type":"SearchAction","target":{"@type":"EntryPoint","urlTemplate":"https:\/\/orthodoxalbania.org\/2020\/?s={search_term_string}"},"query-input":{"@type":"PropertyValueSpecification","valueRequired":true,"valueName":"search_term_string"}}],"inLanguage":"en-US"},{"@type":"Organization","@id":"https:\/\/orthodoxalbania.org\/2020\/#organization","name":"Kisha Orthodhokse Autoqefale e Shqip\u00ebris\u00eb","url":"https:\/\/orthodoxalbania.org\/2020\/","logo":{"@type":"ImageObject","inLanguage":"en-US","@id":"https:\/\/orthodoxalbania.org\/2020\/#\/schema\/logo\/image\/","url":"https:\/\/orthodoxalbania.org\/2020\/wp-content\/uploads\/2020\/05\/albania.jpeg","contentUrl":"https:\/\/orthodoxalbania.org\/2020\/wp-content\/uploads\/2020\/05\/albania.jpeg","width":540,"height":540,"caption":"Kisha Orthodhokse Autoqefale e Shqip\u00ebris\u00eb"},"image":{"@id":"https:\/\/orthodoxalbania.org\/2020\/#\/schema\/logo\/image\/"},"sameAs":["https:\/\/www.facebook.com\/koash1991"]},{"@type":"Person","@id":"https:\/\/orthodoxalbania.org\/2020\/#\/schema\/person\/0c387634a7063ac612d7ed9ce71c7e86","name":"Kisha Orthodhokse","image":{"@type":"ImageObject","inLanguage":"en-US","@id":"https:\/\/secure.gravatar.com\/avatar\/596e7c417251e30f2fbb9c00e026fce61a695a00e51c889caded71c96cbbdde5?s=96&d=mm&r=g","url":"https:\/\/secure.gravatar.com\/avatar\/596e7c417251e30f2fbb9c00e026fce61a695a00e51c889caded71c96cbbdde5?s=96&d=mm&r=g","contentUrl":"https:\/\/secure.gravatar.com\/avatar\/596e7c417251e30f2fbb9c00e026fce61a695a00e51c889caded71c96cbbdde5?s=96&d=mm&r=g","caption":"Kisha Orthodhokse"}}]}},"_links":{"self":[{"href":"https:\/\/orthodoxalbania.org\/2020\/wp-json\/wp\/v2\/posts\/6484","targetHints":{"allow":["GET"]}}],"collection":[{"href":"https:\/\/orthodoxalbania.org\/2020\/wp-json\/wp\/v2\/posts"}],"about":[{"href":"https:\/\/orthodoxalbania.org\/2020\/wp-json\/wp\/v2\/types\/post"}],"author":[{"embeddable":true,"href":"https:\/\/orthodoxalbania.org\/2020\/wp-json\/wp\/v2\/users\/1"}],"replies":[{"embeddable":true,"href":"https:\/\/orthodoxalbania.org\/2020\/wp-json\/wp\/v2\/comments?post=6484"}],"version-history":[{"count":1,"href":"https:\/\/orthodoxalbania.org\/2020\/wp-json\/wp\/v2\/posts\/6484\/revisions"}],"predecessor-version":[{"id":14786,"href":"https:\/\/orthodoxalbania.org\/2020\/wp-json\/wp\/v2\/posts\/6484\/revisions\/14786"}],"wp:featuredmedia":[{"embeddable":true,"href":"https:\/\/orthodoxalbania.org\/2020\/wp-json\/wp\/v2\/media\/6485"}],"wp:attachment":[{"href":"https:\/\/orthodoxalbania.org\/2020\/wp-json\/wp\/v2\/media?parent=6484"}],"wp:term":[{"taxonomy":"category","embeddable":true,"href":"https:\/\/orthodoxalbania.org\/2020\/wp-json\/wp\/v2\/categories?post=6484"},{"taxonomy":"post_tag","embeddable":true,"href":"https:\/\/orthodoxalbania.org\/2020\/wp-json\/wp\/v2\/tags?post=6484"}],"curies":[{"name":"wp","href":"https:\/\/api.w.org\/{rel}","templated":true}]}}