{"id":6482,"date":"2018-04-28T18:09:55","date_gmt":"2018-04-28T18:09:55","guid":{"rendered":""},"modified":"2020-04-06T21:58:10","modified_gmt":"2020-04-06T19:58:10","slug":"fjala-e-mireseardhjes-e-kryepiskopit-anastas-ne-dhoksologji","status":"publish","type":"post","link":"https:\/\/orthodoxalbania.org\/2020\/2018\/04\/28\/fjala-e-mireseardhjes-e-kryepiskopit-anastas-ne-dhoksologji\/","title":{"rendered":"Fjala e Mir\u00ebseardhjes e Kryepiskopit Anastas n\u00eb Dhoksologji, Drejtuar Fortlumturis\u00eb s\u00eb Tij t\u00eb Shenjt\u00eb, Patriarkut Kirill"},"content":{"rendered":"<p style=\"text-align: justify;\">\n\t&nbsp;<\/p>\n<p style=\"text-align: justify;\">\n\t<img class=\"lazyload\" decoding=\"async\" alt=\"\" height=\"51\" src=\"data:image\/svg+xml,%3Csvg%20xmlns%3D%27http%3A%2F%2Fwww.w3.org%2F2000%2Fsvg%27%20width%3D%2751%27%20height%3D%2751%27%20viewBox%3D%270%200%2051%2051%27%3E%3Crect%20width%3D%2751%27%20height%3D%2751%27%20fill-opacity%3D%220%22%2F%3E%3C%2Fsvg%3E\" data-orig-src=\"https:\/\/lh4.googleusercontent.com\/-p6oTSlUmOrM\/U0UABsfjknI\/AAAAAAAAATs\/zlJeoFRksRE\/s577-no\/logo.png\" style=\"display: block; margin: 10px auto;\" width=\"51\" \/><\/p>\n<p style=\"text-align: center;\">\n\t<span style=\"font-size: 12pt; font-family: helvetica; color: #000000;\">KISHA ORTHODHOKSE AUTOQEFALE E SHQIP\u00cbRIS\u00cb<\/span><\/p>\n<p style=\"text-align: center;\">\n\t&nbsp;<\/p>\n<p style=\"text-align: center;\">\n\t<span style=\"font-size: 12pt; font-family: helvetica; color: #000000;\"><strong>VIZITA ZYRTARE E SHENJT\u00cbRIS\u00cb S\u00cb TIJ,<\/strong><\/span><\/p>\n<p style=\"text-align: center;\">\n\t<span style=\"font-size: 12pt; font-family: helvetica; color: #000000;\"><strong>PATRIARKUT T\u00cb MOSK\u00cbS DHE T\u00cb GJITH\u00cb RUSIVE, KIRILLIT,<\/strong><\/span><\/p>\n<p style=\"text-align: center;\">\n\t<span style=\"font-size: 12pt; font-family: helvetica; color: #000000;\"><strong>N\u00cb KISH\u00cbN ORTHODHOKSE AUTOQEFALE T\u00cb SHQIP\u00cbRIS\u00cb<\/strong><\/span><\/p>\n<p style=\"text-align: center;\">\n\t&nbsp;<\/p>\n<p style=\"text-align: center;\">\n\t<span style=\"font-size: 12pt; font-family: helvetica; color: #000000;\">28-30 prill 2018<\/span><\/p>\n<p style=\"text-align: center;\">\n\t&nbsp;<\/p>\n<p style=\"text-align: center;\">\n\t<span style=\"font-size: 12pt; font-family: helvetica; color: #000000;\">DHOKSOLOGJI<\/span><\/p>\n<p style=\"text-align: center;\">\n\t&nbsp;<\/p>\n<p style=\"text-align: center;\">\n\t<span style=\"font-size: 12pt; font-family: helvetica; color: #000000;\"><strong>Fjala e Fortlumturis\u00eb s\u00eb Tij, Kryepiskopit t\u00eb Tiran\u00ebs, Durr\u00ebsit<\/strong><\/span><\/p>\n<p style=\"text-align: center;\">\n\t<span style=\"font-size: 12pt; font-family: helvetica; color: #000000;\"><strong>dhe t\u00eb Gjith\u00eb Shqip\u00ebris\u00eb, Anastasit<\/strong><\/span><\/p>\n<p style=\"text-align: center;\">\n\t&nbsp;<\/p>\n<p style=\"text-align: justify;\">\n\t<span style=\"font-size: 12pt; font-family: helvetica; color: #000000;\">&nbsp; &nbsp; \u03a7\u03c1\u03b9\u03c3\u03c4\u03cc\u03c2 \u0391\u03bd\u03ad\u03c3\u03c4\u03b7! Krishti u Ngjall! \u0425\u0440\u0438\u0441\u0442\u043e\u0441 \u0412\u043e\u0441\u043a\u0440\u0435\u0441\u0435!<\/span><\/p>\n<p style=\"text-align: justify;\">\n\t<span style=\"font-size: 12pt; font-family: helvetica; color: #000000;\">&nbsp; &nbsp; Me g\u00ebzim paskal, me nderim dhe dashuri t\u00eb thell\u00eb, po Ju presim, Fortlumturi dhe Shenjt\u00ebri, Patriark i Mosk\u00ebs dhe i gjith\u00eb Rusive, z. Kirill, n\u00eb k\u00ebt\u00eb Kish\u00eb Katedrale t\u00eb Ngjalljes s\u00eb Krishtit, n\u00eb zem\u00ebr t\u00eb kryeqytetit t\u00eb Shqip\u00ebris\u00eb. \u201cI bekuar \u00ebsht\u00eb ai q\u00eb vjen n\u00eb emrin e Zotit\u201d.<\/span><\/p>\n<p style=\"text-align: justify;\">\n\t<span style=\"font-size: 12pt; font-family: helvetica; color: #000000;\">&nbsp; &nbsp; K\u00ebt\u00eb her\u00eb po vini n\u00eb nj\u00eb periudh\u00eb t\u00eb re zhvillimi, n\u00eb vizit\u00ebn Tuaj t\u00eb par\u00eb si Primat i Kish\u00ebs s\u00eb Shenjt\u00eb t\u00eb Rusis\u00eb, e cila, n\u00eb shekullin e shkuar, kaloi p\u00ebrmes zjarrit dhe ujit dhe Zoti e nxori n\u00eb vend t\u00eb qet\u00eb. Para pak muajsh, n\u00eb dhjetor t\u00eb vitit 2017, kremtuam n\u00eb Mosk\u00eb p\u00ebrvjetorin e 100-t\u00eb t\u00eb fillimit t\u00eb persekutimit t\u00eb tmerrsh\u00ebm antifetar q\u00eb tronditi bot\u00ebn. Ende i ri, n\u00eb koh\u00ebn e persekutimit t\u00eb pareshtur ateist n\u00eb Bashkimin Sovjetik, ndiqja me emocion dhe admirim t\u00eb thell\u00eb heroizmin e klerik\u00ebve dhe t\u00eb laik\u00ebve orthodhoks\u00eb.<\/span><\/p>\n<p style=\"text-align: justify;\">\n\t<span style=\"font-size: 12pt; font-family: helvetica; color: #000000;\">&nbsp; &nbsp; Ju, V\u00eblla i Shenjt\u00eb Fort i Dashur, jetuat vitet tuaja t\u00eb f\u00ebmij\u00ebris\u00eb dhe t\u00eb rinis\u00eb n\u00eb mes t\u00eb sprov\u00ebs shum\u00ebform\u00ebshe t\u00eb stuhis\u00eb antifetare, me besim t\u00eb gjall\u00eb, me durimin q\u00eb buron prej ADN-s\u00eb shpirt\u00ebrore t\u00eb familjes Suaj besimtare dhe, me entuziaz\u00ebm e guxim, u p\u00ebrkushtuat n\u00eb Kish\u00eb.<\/span><\/p>\n<p style=\"text-align: justify;\">\n\t<span style=\"font-size: 12pt; font-family: helvetica; color: #000000;\">&nbsp; &nbsp; M\u00eb kujtohet kur, n\u00eb vitin 1968, takuam p\u00ebr her\u00eb t\u00eb par\u00eb theologun laik, i cili kishte ardhur si p\u00ebrfaq\u00ebsuesi i par\u00eb i rinis\u00eb orthodhokse t\u00eb Bashkimit Sovjetik, n\u00eb nj\u00eb Asamble t\u00eb Organizmit Bot\u00ebror t\u00eb Rinis\u00eb Orthodhokse \u201cSyndesmos\u201d n\u00eb Suedi. Q\u00eb nga ajo koh\u00eb, u rrit vler\u00ebsimi i thell\u00eb dhe miq\u00ebsia jon\u00eb e sinqert\u00eb n\u00eb Krishtin. Gjat\u00eb dhjet\u00ebvje\u00e7ar\u00ebve q\u00eb pasuan, bashk\u00ebpunuam n\u00eb m\u00ebnyr\u00eb t\u00eb vazhdueshme n\u00eb shum\u00eb Komisione Kishtare, n\u00eb Konferenca dhe K\u00ebshilla Nd\u00ebrorthodhoks\u00eb, nd\u00ebrkristian\u00eb e nd\u00ebrfetar\u00eb. Nuk kam p\u00ebr ta harruar pranin\u00eb Tuaj dinamike, fisnik\u00ebrin\u00eb, predispozit\u00ebn pozitive, past\u00ebrtin\u00eb e mendimit, kontributin krijues. Zgjedhja Juaj para n\u00ebnt\u00eb vitesh n\u00eb kreun e Kish\u00ebs s\u00eb Shenjt\u00eb t\u00eb Rusis\u00eb, krijoi mund\u00ebsi t\u00eb reja t\u00eb m\u00ebdha p\u00ebr ofrimin e cil\u00ebsive Tuaja t\u00eb ve\u00e7anta n\u00eb kontributin Tuaj kishtar shum\u00ebdimensional.<\/span><\/p>\n<p style=\"text-align: justify;\">\n\t&nbsp;<\/p>\n<p style=\"text-align: center;\">\n\t<span style=\"font-size: 12pt; font-family: helvetica; color: #000000;\"><strong>* * *<\/strong><\/span><\/p>\n<p style=\"text-align: justify;\">\n\t&nbsp;<\/p>\n<p style=\"text-align: justify;\">\n\t<span style=\"font-size: 12pt; font-family: helvetica; color: #000000;\">&nbsp; &nbsp; Sa i takon Kish\u00ebs s\u00eb Shqip\u00ebris\u00eb, \u00ebsht\u00eb i njohur unikaliteti i vuajtjes q\u00eb kaloi. Nga viti 1944 deri m\u00eb 1967, p\u00ebsoi persekutimin komunist ateist, si\u00e7 njihet edhe n\u00eb vendet e tjera ku mbizot\u00ebroi ky sistem. Q\u00eb nga viti 1968 e m\u00eb pas, ndodhi di\u00e7ka unikale n\u00eb historin\u00eb bot\u00ebrore: Shqip\u00ebria u shpall zyrtarisht me Kushtetut\u00eb shtet ateist absolut. Besimi fetar u varros n\u00eb m\u00ebnyr\u00ebn m\u00eb t\u00eb dhunshme dhe t\u00eb pand\u00ebrprer\u00eb p\u00ebr 23 vite rresht. N\u00eb vitet \u201880, ne q\u00eb ndiqnim ngjarjet, arrit\u00ebm n\u00eb konkluzionin se Kisha e Shqip\u00ebris\u00eb ishte shuar p\u00ebrfundimisht nga harta. Por, lavdi Per\u00ebndis\u00eb, q\u00eb nga viti 1991 jetojm\u00eb brenda frym\u00ebs dhe g\u00ebzimit t\u00eb Ngjalljes.<\/span><\/p>\n<p style=\"text-align: justify;\">\n\t<span style=\"font-size: 12pt; font-family: helvetica; color: #000000;\">&nbsp; &nbsp; Tashm\u00eb \u00ebsht\u00eb e njohur gjer\u00ebsisht se Kisha Orthodhokse Autoqefale e Shqip\u00ebris\u00eb, e rithemeluar mbi t\u00eb vetmin themel t\u00eb fort\u00eb, q\u00eb \u00ebsht\u00eb Krishti, vazhdon t\u00eb zhvillohet brenda drit\u00ebs paskale. Paralelisht me ringritjen e past\u00ebr kishtare, Kisha e Shqip\u00ebris\u00eb zhvilloi programe pioniere n\u00eb sektor\u00ebt e sh\u00ebndetit, arsimit, kultur\u00ebs, ekologjis\u00eb dhe, me pranin\u00eb dhe aktivitetin e saj, kontribuon n\u00eb m\u00ebnyr\u00eb esenciale n\u00eb rind\u00ebrtimin e p\u00ebrgjithsh\u00ebm, si dhe n\u00eb zhvillimin shpirt\u00ebror e social t\u00eb Shqip\u00ebris\u00eb. Nuk do t\u2019i referohem m\u00eb tej p\u00ebrpjekjeve q\u00eb jan\u00eb b\u00ebr\u00eb. N\u00eb udh\u00ebtimin Tuaj t\u00eb shkurt\u00ebr do t\u00eb konstatoni vet\u00eb disa nga k\u00ebto arritje dhe nisma.<\/span><\/p>\n<p style=\"text-align: justify;\">\n\t<span style=\"font-size: 12pt; font-family: helvetica; color: #000000;\">&nbsp; &nbsp; Gjithashtu, Kisha e Shqip\u00ebris\u00eb merr pjes\u00eb n\u00eb m\u00ebnyr\u00eb krijuese n\u00eb veprimtarit\u00eb panorthodhokse, n\u00eb p\u00ebrpjekjet mbar\u00eb t\u00eb krishtera, n\u00eb dialogun nd\u00ebrfetar.<\/span><\/p>\n<p style=\"text-align: justify;\">\n\t<span style=\"font-size: 12pt; font-family: helvetica; color: #000000;\">&nbsp; &nbsp; Personalisht, n\u00eb periudh\u00ebn 1960-1980, kisha dy dashuri t\u00eb m\u00ebdha: a) rigjall\u00ebrimin e Hierapostullimit t\u00eb Jasht\u00ebm Orthodhoks n\u00eb kufij t\u00eb rinj, me perspektiv\u00eb t\u00eb drejtp\u00ebrdrejt\u00eb Afrik\u00ebn dhe b) hulumtimin universitar theologjik e fetarologjik dhe shkrimin e veprave n\u00eb lidhje me k\u00ebto aspekte. Por, kur reshti persekutimi antifetar dhe mua m\u2019u k\u00ebrkua nga Kisha t\u00eb shkoja n\u00eb Shqip\u00ebri, konkretisht nga Patriarkana Ekumenike e Konstandinopoj\u00ebs, e cila i kishte dh\u00ebn\u00eb Autoqefalin\u00eb Kish\u00ebs s\u00eb Shqip\u00ebris\u00eb dhe q\u00eb ka p\u00ebrkujdesjen p\u00ebr Kishat e ndodhura n\u00eb v\u00ebshtir\u00ebsi, ndjeva detyrimin t\u00eb lija m\u00ebnjan\u00eb plane, preferenca e dashuri dhe t\u2019i bindesha vullnetit t\u00eb paparashikuesh\u00ebm dhe t\u00eb \u00e7uditsh\u00ebm t\u00eb Per\u00ebndis\u00eb. Vendimi, por edhe ecuria e m\u00ebtejshme nuk ishin t\u00eb lehta. Por, me hirin e Per\u00ebndis\u00eb, e p\u00ebrjetuam n\u00eb m\u00ebnyr\u00eb t\u00eb ve\u00e7ant\u00eb vargun e psalmeve: \u201cEdhe n\u00eb shkofsha n\u00eb mes t\u00eb hijes s\u00eb vdekjes, nuk do t\u00eb frik\u00ebsohem nga ndonj\u00eb e keqe, se ti bashk\u00eb me mua je\u201d (Ps. 22:4).<\/span><\/p>\n<p style=\"text-align: justify;\">\n\t<span style=\"font-size: 12pt; font-family: helvetica; color: #000000;\">&nbsp; &nbsp; E kujtoj me fal\u00ebnderim t\u00eb ngroht\u00eb k\u00ebt\u00eb mision t\u00eb ve\u00e7ant\u00eb, q\u00eb m\u00eb ngarkoi Kisha M\u00ebm\u00eb e Konstandinopoj\u00ebs, por edhe Kishat e tjera Orthodhokse Autoqefale dhe, sigurisht, Kish\u00ebn e Rusis\u00eb p\u00ebr besimin dhe mb\u00ebshtetjen e pal\u00ebkundur.<\/span><\/p>\n<p style=\"text-align: justify;\">\n\t<span style=\"font-size: 12pt; font-family: helvetica; color: #000000;\">&nbsp; &nbsp; Dhe sot, n\u00eb k\u00ebt\u00eb Kish\u00eb Katedrale t\u00eb Ngjalljes s\u00eb Krishtit, lavd\u00ebrojm\u00eb dhe i shfaqim mir\u00ebnjohjen s\u00eb bashku Per\u00ebndis\u00eb s\u00eb surprizave dhe t\u00eb \u00e7udirave, q\u00eb nuk resht s\u00eb na dhuruari \u201cshum\u00eb her\u00eb m\u00eb tep\u00ebr nga sa k\u00ebrkojm\u00eb apo mendojm\u00eb\u201d.<\/span><\/p>\n<p style=\"text-align: justify;\">\n\t<span style=\"font-size: 12pt; font-family: helvetica; color: #000000;\">&nbsp; &nbsp; Me ndjenja dashurie v\u00ebllaz\u00ebrore, me gjith\u00eb shpirt dhe me nderim t\u00eb thell\u00eb, Ju presim sot, V\u00eblla i Shenjt\u00eb, Patriark i Mosk\u00ebs dhe i gjith\u00eb Rusive, z. Kirill. Dhe, nga thell\u00ebsia e zemr\u00ebs, urojm\u00eb q\u00eb, me nd\u00ebrmjetimet dhe frym\u00ebzimin e Sh\u00ebn Kirillit, emrin e t\u00eb cilit mbani, t\u00eb vazhdoni kontributin Tuaj fetar me urt\u00ebsin\u00eb e tij t\u00eb nxitur prej Per\u00ebndis\u00eb dhe \u00ebndrrat e tij t\u00eb m\u00ebdha. Per\u00ebndia Triadik Ju dhuroft\u00eb vite t\u00eb shumta dhe sh\u00ebndet t\u00eb fort\u00eb, me besim t\u00eb zjarrt\u00eb aktiv dhe mentalitet Kryqngjall\u00ebsor, q\u00eb, i frym\u00ebzuar nga Shpirti i Shenjt\u00eb, t\u00eb udh\u00ebhiqni popullin besimtar rus n\u00eb frytdh\u00ebnie t\u00eb vazhdueshme shpirt\u00ebrore dhe t\u00eb rrezatoni n\u00eb epok\u00ebn q\u00eb jetojm\u00eb drit\u00ebn e Kryqit dhe t\u00eb Ngjalljes.<\/span><\/p>\n<p style=\"text-align: justify;\">\n\t&nbsp;<\/p>\n<p style=\"text-align: justify;\">\n\t<span style=\"font-size: 12pt; font-family: helvetica; color: #000000;\"><strong><em>&nbsp; &nbsp; \u0425\u0440\u0438\u0441\u0442\u043e\u0441 \u0412\u043e\u0441\u043a\u0440\u0435\u0441\u0435! Krishti u Ngjall! \u03a7\u03c1\u03b9\u03c3\u03c4\u03cc\u03c2 \u0391\u03bd\u03ad\u03c3\u03c4\u03b7!<\/em><\/strong><\/span><\/p>\n<p style=\"text-align: justify;\">\n\t&nbsp;<\/p>\n<p style=\"text-align: center;\">\n\t<img class=\"lazyload\" decoding=\"async\" alt=\"\" height=\"333\" src=\"data:image\/svg+xml,%3Csvg%20xmlns%3D%27http%3A%2F%2Fwww.w3.org%2F2000%2Fsvg%27%20width%3D%27500%27%20height%3D%27333%27%20viewBox%3D%270%200%20500%20333%27%3E%3Crect%20width%3D%27500%27%20height%3D%27333%27%20fill-opacity%3D%220%22%2F%3E%3C%2Fsvg%3E\" data-orig-src=\"https:\/\/orthodoxalbania.org\/2020\/wp-content\/uploads\/2020\/04\/31416912_1586862581433239_1362998173349445632_n.jpg\" style=\"display: block; margin: 10px auto; border: 1px solid #000000;\" width=\"500\" \/><\/p>\n<p style=\"text-align: center;\">\n\t<iframe allow=\"autoplay; encrypted-media\" allowfullscreen=\"\" frameborder=\"0\" height=\"315\" src=\"https:\/\/www.youtube.com\/embed\/7eUQbkTdjY4\" width=\"560\"><\/iframe><\/p>\n","protected":false},"excerpt":{"rendered":"<p>&nbsp; KISHA ORTHODHOKSE AUTOQEFALE E SHQIP\u00cbRIS\u00cb &nbsp; VIZITA ZYRTARE E SHENJT\u00cbRIS\u00cb S\u00cb TIJ, PATRIARKUT T\u00cb MOSK\u00cbS DHE T\u00cb GJITH\u00cb RUSIVE, KIRILLIT, N\u00cb KISH\u00cbN ORTHODHOKSE AUTOQEFALE T\u00cb SHQIP\u00cbRIS\u00cb &nbsp; 28-30 prill 2018 &nbsp; DHOKSOLOGJI &nbsp; Fjala e Fortlumturis\u00eb s\u00eb Tij, Kryepiskopit t\u00eb Tiran\u00ebs, Durr\u00ebsit dhe t\u00eb Gjith\u00eb Shqip\u00ebris\u00eb, Anastasit &nbsp; &nbsp; &nbsp; \u03a7\u03c1\u03b9\u03c3\u03c4\u03cc\u03c2 \u0391\u03bd\u03ad\u03c3\u03c4\u03b7! Krishti u Ngjall! \u0425\u0440\u0438\u0441\u0442\u043e\u0441 \u0412\u043e\u0441\u043a\u0440\u0435\u0441\u0435! &nbsp; &nbsp; Me g\u00ebzim paskal, me nderim<\/p>\n","protected":false},"author":1,"featured_media":6483,"comment_status":"open","ping_status":"open","sticky":false,"template":"","format":"standard","meta":{"_acf_changed":false,"pagelayer_contact_templates":[],"_pagelayer_content":"","inline_featured_image":false,"fifu_image_url":"","fifu_image_alt":"","footnotes":""},"categories":[108],"tags":[220,153,184,196,201,212],"class_list":["post-6482","post","type-post","status-publish","format-standard","has-post-thumbnail","hentry","category-lajme","tag-220","tag-deklarata-njoftime-zyrtare-d75","tag-katedralja-ngjallja-e-krishtit-tirane","tag-tirane","tag-kryepiskopi-anastas","tag-lajme-d27"],"acf":[],"yoast_head":"<!-- This site is optimized with the Yoast SEO plugin v27.2 - https:\/\/yoast.com\/product\/yoast-seo-wordpress\/ -->\n<title>Fjala e Mir\u00ebseardhjes e Kryepiskopit Anastas n\u00eb Dhoksologji, Drejtuar Fortlumturis\u00eb s\u00eb Tij t\u00eb Shenjt\u00eb, Patriarkut Kirill - Kisha Orthodh\u03bfkse Autoqefale e Shqip\u00ebris\u00eb<\/title>\n<meta name=\"robots\" content=\"index, follow, max-snippet:-1, max-image-preview:large, max-video-preview:-1\" \/>\n<link rel=\"canonical\" href=\"https:\/\/orthodoxalbania.org\/2020\/2018\/04\/28\/fjala-e-mireseardhjes-e-kryepiskopit-anastas-ne-dhoksologji\/\" \/>\n<meta property=\"og:locale\" content=\"en_US\" \/>\n<meta property=\"og:type\" content=\"article\" \/>\n<meta property=\"og:title\" content=\"Fjala e Mir\u00ebseardhjes e Kryepiskopit Anastas n\u00eb Dhoksologji, Drejtuar Fortlumturis\u00eb s\u00eb Tij t\u00eb Shenjt\u00eb, Patriarkut Kirill - Kisha Orthodh\u03bfkse Autoqefale e Shqip\u00ebris\u00eb\" \/>\n<meta property=\"og:description\" content=\"&nbsp; KISHA ORTHODHOKSE AUTOQEFALE E SHQIP\u00cbRIS\u00cb &nbsp; VIZITA ZYRTARE E SHENJT\u00cbRIS\u00cb S\u00cb TIJ, PATRIARKUT T\u00cb MOSK\u00cbS DHE T\u00cb GJITH\u00cb RUSIVE, KIRILLIT, N\u00cb KISH\u00cbN ORTHODHOKSE AUTOQEFALE T\u00cb SHQIP\u00cbRIS\u00cb &nbsp; 28-30 prill 2018 &nbsp; DHOKSOLOGJI &nbsp; Fjala e Fortlumturis\u00eb s\u00eb Tij, Kryepiskopit t\u00eb Tiran\u00ebs, Durr\u00ebsit dhe t\u00eb Gjith\u00eb Shqip\u00ebris\u00eb, Anastasit &nbsp; &nbsp; &nbsp; \u03a7\u03c1\u03b9\u03c3\u03c4\u03cc\u03c2 \u0391\u03bd\u03ad\u03c3\u03c4\u03b7! Krishti u Ngjall! \u0425\u0440\u0438\u0441\u0442\u043e\u0441 \u0412\u043e\u0441\u043a\u0440\u0435\u0441\u0435! &nbsp; &nbsp; Me g\u00ebzim paskal, me nderim\" \/>\n<meta property=\"og:url\" content=\"https:\/\/orthodoxalbania.org\/2020\/2018\/04\/28\/fjala-e-mireseardhjes-e-kryepiskopit-anastas-ne-dhoksologji\/\" \/>\n<meta property=\"og:site_name\" content=\"Kisha Orthodh\u03bfkse Autoqefale e Shqip\u00ebris\u00eb\" \/>\n<meta property=\"article:publisher\" content=\"https:\/\/www.facebook.com\/koash1991\" \/>\n<meta property=\"article:published_time\" content=\"2018-04-28T18:09:55+00:00\" \/>\n<meta property=\"article:modified_time\" content=\"2020-04-06T19:58:10+00:00\" \/>\n<meta property=\"og:image\" content=\"https:\/\/orthodoxalbania.org\/2020\/wp-content\/uploads\/2020\/04\/31416912_1586862581433239_1362998173349445632_n.jpg\" \/>\n\t<meta property=\"og:image:width\" content=\"2048\" \/>\n\t<meta property=\"og:image:height\" content=\"1365\" \/>\n\t<meta property=\"og:image:type\" content=\"image\/jpeg\" \/>\n<meta name=\"author\" content=\"Kisha Orthodhokse\" \/>\n<meta name=\"twitter:card\" content=\"summary_large_image\" \/>\n<meta name=\"twitter:label1\" content=\"Written by\" \/>\n\t<meta name=\"twitter:data1\" content=\"Kisha Orthodhokse\" \/>\n\t<meta name=\"twitter:label2\" content=\"Est. reading time\" \/>\n\t<meta name=\"twitter:data2\" content=\"6 minutes\" \/>\n<script type=\"application\/ld+json\" class=\"yoast-schema-graph\">{\"@context\":\"https:\/\/schema.org\",\"@graph\":[{\"@type\":\"Article\",\"@id\":\"https:\/\/orthodoxalbania.org\/2020\/2018\/04\/28\/fjala-e-mireseardhjes-e-kryepiskopit-anastas-ne-dhoksologji\/#article\",\"isPartOf\":{\"@id\":\"https:\/\/orthodoxalbania.org\/2020\/2018\/04\/28\/fjala-e-mireseardhjes-e-kryepiskopit-anastas-ne-dhoksologji\/\"},\"author\":{\"name\":\"Kisha Orthodhokse\",\"@id\":\"https:\/\/orthodoxalbania.org\/2020\/#\/schema\/person\/0c387634a7063ac612d7ed9ce71c7e86\"},\"headline\":\"Fjala e Mir\u00ebseardhjes e Kryepiskopit Anastas n\u00eb Dhoksologji, Drejtuar Fortlumturis\u00eb s\u00eb Tij t\u00eb Shenjt\u00eb, Patriarkut Kirill\",\"datePublished\":\"2018-04-28T18:09:55+00:00\",\"dateModified\":\"2020-04-06T19:58:10+00:00\",\"mainEntityOfPage\":{\"@id\":\"https:\/\/orthodoxalbania.org\/2020\/2018\/04\/28\/fjala-e-mireseardhjes-e-kryepiskopit-anastas-ne-dhoksologji\/\"},\"wordCount\":1136,\"commentCount\":0,\"publisher\":{\"@id\":\"https:\/\/orthodoxalbania.org\/2020\/#organization\"},\"image\":{\"@id\":\"https:\/\/orthodoxalbania.org\/2020\/2018\/04\/28\/fjala-e-mireseardhjes-e-kryepiskopit-anastas-ne-dhoksologji\/#primaryimage\"},\"thumbnailUrl\":\"https:\/\/orthodoxalbania.org\/2020\/wp-content\/uploads\/2020\/04\/31416912_1586862581433239_1362998173349445632_n.jpg\",\"keywords\":[\"2018\",\"Deklarata - Njoftime Zyrtare\",\"Katedralja \u201cNgjallja e Krishtit\u201d Tiran\u00eb\",\"Kryepiskopata Tiran\u00eb\",\"Kryepiskopi Anastas\",\"lajme\"],\"articleSection\":[\"Lajme\"],\"inLanguage\":\"en-US\"},{\"@type\":\"WebPage\",\"@id\":\"https:\/\/orthodoxalbania.org\/2020\/2018\/04\/28\/fjala-e-mireseardhjes-e-kryepiskopit-anastas-ne-dhoksologji\/\",\"url\":\"https:\/\/orthodoxalbania.org\/2020\/2018\/04\/28\/fjala-e-mireseardhjes-e-kryepiskopit-anastas-ne-dhoksologji\/\",\"name\":\"Fjala e Mir\u00ebseardhjes e Kryepiskopit Anastas n\u00eb Dhoksologji, Drejtuar Fortlumturis\u00eb s\u00eb Tij t\u00eb Shenjt\u00eb, Patriarkut Kirill - Kisha Orthodh\u03bfkse Autoqefale e Shqip\u00ebris\u00eb\",\"isPartOf\":{\"@id\":\"https:\/\/orthodoxalbania.org\/2020\/#website\"},\"primaryImageOfPage\":{\"@id\":\"https:\/\/orthodoxalbania.org\/2020\/2018\/04\/28\/fjala-e-mireseardhjes-e-kryepiskopit-anastas-ne-dhoksologji\/#primaryimage\"},\"image\":{\"@id\":\"https:\/\/orthodoxalbania.org\/2020\/2018\/04\/28\/fjala-e-mireseardhjes-e-kryepiskopit-anastas-ne-dhoksologji\/#primaryimage\"},\"thumbnailUrl\":\"https:\/\/orthodoxalbania.org\/2020\/wp-content\/uploads\/2020\/04\/31416912_1586862581433239_1362998173349445632_n.jpg\",\"datePublished\":\"2018-04-28T18:09:55+00:00\",\"dateModified\":\"2020-04-06T19:58:10+00:00\",\"breadcrumb\":{\"@id\":\"https:\/\/orthodoxalbania.org\/2020\/2018\/04\/28\/fjala-e-mireseardhjes-e-kryepiskopit-anastas-ne-dhoksologji\/#breadcrumb\"},\"inLanguage\":\"en-US\",\"potentialAction\":[{\"@type\":\"ReadAction\",\"target\":[\"https:\/\/orthodoxalbania.org\/2020\/2018\/04\/28\/fjala-e-mireseardhjes-e-kryepiskopit-anastas-ne-dhoksologji\/\"]}]},{\"@type\":\"ImageObject\",\"inLanguage\":\"en-US\",\"@id\":\"https:\/\/orthodoxalbania.org\/2020\/2018\/04\/28\/fjala-e-mireseardhjes-e-kryepiskopit-anastas-ne-dhoksologji\/#primaryimage\",\"url\":\"https:\/\/orthodoxalbania.org\/2020\/wp-content\/uploads\/2020\/04\/31416912_1586862581433239_1362998173349445632_n.jpg\",\"contentUrl\":\"https:\/\/orthodoxalbania.org\/2020\/wp-content\/uploads\/2020\/04\/31416912_1586862581433239_1362998173349445632_n.jpg\",\"width\":2048,\"height\":1365},{\"@type\":\"BreadcrumbList\",\"@id\":\"https:\/\/orthodoxalbania.org\/2020\/2018\/04\/28\/fjala-e-mireseardhjes-e-kryepiskopit-anastas-ne-dhoksologji\/#breadcrumb\",\"itemListElement\":[{\"@type\":\"ListItem\",\"position\":1,\"name\":\"Home\",\"item\":\"https:\/\/orthodoxalbania.org\/2020\/\"},{\"@type\":\"ListItem\",\"position\":2,\"name\":\"Fjala e Mir\u00ebseardhjes e Kryepiskopit Anastas n\u00eb Dhoksologji, Drejtuar Fortlumturis\u00eb s\u00eb Tij t\u00eb Shenjt\u00eb, Patriarkut Kirill\"}]},{\"@type\":\"WebSite\",\"@id\":\"https:\/\/orthodoxalbania.org\/2020\/#website\",\"url\":\"https:\/\/orthodoxalbania.org\/2020\/\",\"name\":\"Kisha Orthodh\u03bfkse Autoqefale e Shqip\u00ebris\u00eb\",\"description\":\"Fqja Zyrtare e Kish\u00ebs Orthodhokse Autoqefale e Shqip\u00ebris\u00eb me lajmet edhe informacionet zyrtare p\u00ebr struktur\u00ebn edhe veprimtarin e saj.\",\"publisher\":{\"@id\":\"https:\/\/orthodoxalbania.org\/2020\/#organization\"},\"potentialAction\":[{\"@type\":\"SearchAction\",\"target\":{\"@type\":\"EntryPoint\",\"urlTemplate\":\"https:\/\/orthodoxalbania.org\/2020\/?s={search_term_string}\"},\"query-input\":{\"@type\":\"PropertyValueSpecification\",\"valueRequired\":true,\"valueName\":\"search_term_string\"}}],\"inLanguage\":\"en-US\"},{\"@type\":\"Organization\",\"@id\":\"https:\/\/orthodoxalbania.org\/2020\/#organization\",\"name\":\"Kisha Orthodhokse Autoqefale e Shqip\u00ebris\u00eb\",\"url\":\"https:\/\/orthodoxalbania.org\/2020\/\",\"logo\":{\"@type\":\"ImageObject\",\"inLanguage\":\"en-US\",\"@id\":\"https:\/\/orthodoxalbania.org\/2020\/#\/schema\/logo\/image\/\",\"url\":\"https:\/\/orthodoxalbania.org\/2020\/wp-content\/uploads\/2020\/05\/albania.jpeg\",\"contentUrl\":\"https:\/\/orthodoxalbania.org\/2020\/wp-content\/uploads\/2020\/05\/albania.jpeg\",\"width\":540,\"height\":540,\"caption\":\"Kisha Orthodhokse Autoqefale e Shqip\u00ebris\u00eb\"},\"image\":{\"@id\":\"https:\/\/orthodoxalbania.org\/2020\/#\/schema\/logo\/image\/\"},\"sameAs\":[\"https:\/\/www.facebook.com\/koash1991\"]},{\"@type\":\"Person\",\"@id\":\"https:\/\/orthodoxalbania.org\/2020\/#\/schema\/person\/0c387634a7063ac612d7ed9ce71c7e86\",\"name\":\"Kisha Orthodhokse\",\"image\":{\"@type\":\"ImageObject\",\"inLanguage\":\"en-US\",\"@id\":\"https:\/\/secure.gravatar.com\/avatar\/596e7c417251e30f2fbb9c00e026fce61a695a00e51c889caded71c96cbbdde5?s=96&d=mm&r=g\",\"url\":\"https:\/\/secure.gravatar.com\/avatar\/596e7c417251e30f2fbb9c00e026fce61a695a00e51c889caded71c96cbbdde5?s=96&d=mm&r=g\",\"contentUrl\":\"https:\/\/secure.gravatar.com\/avatar\/596e7c417251e30f2fbb9c00e026fce61a695a00e51c889caded71c96cbbdde5?s=96&d=mm&r=g\",\"caption\":\"Kisha Orthodhokse\"}}]}<\/script>\n<!-- \/ Yoast SEO plugin. -->","yoast_head_json":{"title":"Fjala e Mir\u00ebseardhjes e Kryepiskopit Anastas n\u00eb Dhoksologji, Drejtuar Fortlumturis\u00eb s\u00eb Tij t\u00eb Shenjt\u00eb, Patriarkut Kirill - Kisha Orthodh\u03bfkse Autoqefale e Shqip\u00ebris\u00eb","robots":{"index":"index","follow":"follow","max-snippet":"max-snippet:-1","max-image-preview":"max-image-preview:large","max-video-preview":"max-video-preview:-1"},"canonical":"https:\/\/orthodoxalbania.org\/2020\/2018\/04\/28\/fjala-e-mireseardhjes-e-kryepiskopit-anastas-ne-dhoksologji\/","og_locale":"en_US","og_type":"article","og_title":"Fjala e Mir\u00ebseardhjes e Kryepiskopit Anastas n\u00eb Dhoksologji, Drejtuar Fortlumturis\u00eb s\u00eb Tij t\u00eb Shenjt\u00eb, Patriarkut Kirill - Kisha Orthodh\u03bfkse Autoqefale e Shqip\u00ebris\u00eb","og_description":"&nbsp; KISHA ORTHODHOKSE AUTOQEFALE E SHQIP\u00cbRIS\u00cb &nbsp; VIZITA ZYRTARE E SHENJT\u00cbRIS\u00cb S\u00cb TIJ, PATRIARKUT T\u00cb MOSK\u00cbS DHE T\u00cb GJITH\u00cb RUSIVE, KIRILLIT, N\u00cb KISH\u00cbN ORTHODHOKSE AUTOQEFALE T\u00cb SHQIP\u00cbRIS\u00cb &nbsp; 28-30 prill 2018 &nbsp; DHOKSOLOGJI &nbsp; Fjala e Fortlumturis\u00eb s\u00eb Tij, Kryepiskopit t\u00eb Tiran\u00ebs, Durr\u00ebsit dhe t\u00eb Gjith\u00eb Shqip\u00ebris\u00eb, Anastasit &nbsp; &nbsp; &nbsp; \u03a7\u03c1\u03b9\u03c3\u03c4\u03cc\u03c2 \u0391\u03bd\u03ad\u03c3\u03c4\u03b7! Krishti u Ngjall! \u0425\u0440\u0438\u0441\u0442\u043e\u0441 \u0412\u043e\u0441\u043a\u0440\u0435\u0441\u0435! &nbsp; &nbsp; Me g\u00ebzim paskal, me nderim","og_url":"https:\/\/orthodoxalbania.org\/2020\/2018\/04\/28\/fjala-e-mireseardhjes-e-kryepiskopit-anastas-ne-dhoksologji\/","og_site_name":"Kisha Orthodh\u03bfkse Autoqefale e Shqip\u00ebris\u00eb","article_publisher":"https:\/\/www.facebook.com\/koash1991","article_published_time":"2018-04-28T18:09:55+00:00","article_modified_time":"2020-04-06T19:58:10+00:00","og_image":[{"width":2048,"height":1365,"url":"https:\/\/orthodoxalbania.org\/2020\/wp-content\/uploads\/2020\/04\/31416912_1586862581433239_1362998173349445632_n.jpg","type":"image\/jpeg"}],"author":"Kisha Orthodhokse","twitter_card":"summary_large_image","twitter_misc":{"Written by":"Kisha Orthodhokse","Est. reading time":"6 minutes"},"schema":{"@context":"https:\/\/schema.org","@graph":[{"@type":"Article","@id":"https:\/\/orthodoxalbania.org\/2020\/2018\/04\/28\/fjala-e-mireseardhjes-e-kryepiskopit-anastas-ne-dhoksologji\/#article","isPartOf":{"@id":"https:\/\/orthodoxalbania.org\/2020\/2018\/04\/28\/fjala-e-mireseardhjes-e-kryepiskopit-anastas-ne-dhoksologji\/"},"author":{"name":"Kisha Orthodhokse","@id":"https:\/\/orthodoxalbania.org\/2020\/#\/schema\/person\/0c387634a7063ac612d7ed9ce71c7e86"},"headline":"Fjala e Mir\u00ebseardhjes e Kryepiskopit Anastas n\u00eb Dhoksologji, Drejtuar Fortlumturis\u00eb s\u00eb Tij t\u00eb Shenjt\u00eb, Patriarkut Kirill","datePublished":"2018-04-28T18:09:55+00:00","dateModified":"2020-04-06T19:58:10+00:00","mainEntityOfPage":{"@id":"https:\/\/orthodoxalbania.org\/2020\/2018\/04\/28\/fjala-e-mireseardhjes-e-kryepiskopit-anastas-ne-dhoksologji\/"},"wordCount":1136,"commentCount":0,"publisher":{"@id":"https:\/\/orthodoxalbania.org\/2020\/#organization"},"image":{"@id":"https:\/\/orthodoxalbania.org\/2020\/2018\/04\/28\/fjala-e-mireseardhjes-e-kryepiskopit-anastas-ne-dhoksologji\/#primaryimage"},"thumbnailUrl":"https:\/\/orthodoxalbania.org\/2020\/wp-content\/uploads\/2020\/04\/31416912_1586862581433239_1362998173349445632_n.jpg","keywords":["2018","Deklarata - Njoftime Zyrtare","Katedralja \u201cNgjallja e Krishtit\u201d Tiran\u00eb","Kryepiskopata Tiran\u00eb","Kryepiskopi Anastas","lajme"],"articleSection":["Lajme"],"inLanguage":"en-US"},{"@type":"WebPage","@id":"https:\/\/orthodoxalbania.org\/2020\/2018\/04\/28\/fjala-e-mireseardhjes-e-kryepiskopit-anastas-ne-dhoksologji\/","url":"https:\/\/orthodoxalbania.org\/2020\/2018\/04\/28\/fjala-e-mireseardhjes-e-kryepiskopit-anastas-ne-dhoksologji\/","name":"Fjala e Mir\u00ebseardhjes e Kryepiskopit Anastas n\u00eb Dhoksologji, Drejtuar Fortlumturis\u00eb s\u00eb Tij t\u00eb Shenjt\u00eb, Patriarkut Kirill - Kisha Orthodh\u03bfkse Autoqefale e Shqip\u00ebris\u00eb","isPartOf":{"@id":"https:\/\/orthodoxalbania.org\/2020\/#website"},"primaryImageOfPage":{"@id":"https:\/\/orthodoxalbania.org\/2020\/2018\/04\/28\/fjala-e-mireseardhjes-e-kryepiskopit-anastas-ne-dhoksologji\/#primaryimage"},"image":{"@id":"https:\/\/orthodoxalbania.org\/2020\/2018\/04\/28\/fjala-e-mireseardhjes-e-kryepiskopit-anastas-ne-dhoksologji\/#primaryimage"},"thumbnailUrl":"https:\/\/orthodoxalbania.org\/2020\/wp-content\/uploads\/2020\/04\/31416912_1586862581433239_1362998173349445632_n.jpg","datePublished":"2018-04-28T18:09:55+00:00","dateModified":"2020-04-06T19:58:10+00:00","breadcrumb":{"@id":"https:\/\/orthodoxalbania.org\/2020\/2018\/04\/28\/fjala-e-mireseardhjes-e-kryepiskopit-anastas-ne-dhoksologji\/#breadcrumb"},"inLanguage":"en-US","potentialAction":[{"@type":"ReadAction","target":["https:\/\/orthodoxalbania.org\/2020\/2018\/04\/28\/fjala-e-mireseardhjes-e-kryepiskopit-anastas-ne-dhoksologji\/"]}]},{"@type":"ImageObject","inLanguage":"en-US","@id":"https:\/\/orthodoxalbania.org\/2020\/2018\/04\/28\/fjala-e-mireseardhjes-e-kryepiskopit-anastas-ne-dhoksologji\/#primaryimage","url":"https:\/\/orthodoxalbania.org\/2020\/wp-content\/uploads\/2020\/04\/31416912_1586862581433239_1362998173349445632_n.jpg","contentUrl":"https:\/\/orthodoxalbania.org\/2020\/wp-content\/uploads\/2020\/04\/31416912_1586862581433239_1362998173349445632_n.jpg","width":2048,"height":1365},{"@type":"BreadcrumbList","@id":"https:\/\/orthodoxalbania.org\/2020\/2018\/04\/28\/fjala-e-mireseardhjes-e-kryepiskopit-anastas-ne-dhoksologji\/#breadcrumb","itemListElement":[{"@type":"ListItem","position":1,"name":"Home","item":"https:\/\/orthodoxalbania.org\/2020\/"},{"@type":"ListItem","position":2,"name":"Fjala e Mir\u00ebseardhjes e Kryepiskopit Anastas n\u00eb Dhoksologji, Drejtuar Fortlumturis\u00eb s\u00eb Tij t\u00eb Shenjt\u00eb, Patriarkut Kirill"}]},{"@type":"WebSite","@id":"https:\/\/orthodoxalbania.org\/2020\/#website","url":"https:\/\/orthodoxalbania.org\/2020\/","name":"Kisha Orthodh\u03bfkse Autoqefale e Shqip\u00ebris\u00eb","description":"Fqja Zyrtare e Kish\u00ebs Orthodhokse Autoqefale e Shqip\u00ebris\u00eb me lajmet edhe informacionet zyrtare p\u00ebr struktur\u00ebn edhe veprimtarin e saj.","publisher":{"@id":"https:\/\/orthodoxalbania.org\/2020\/#organization"},"potentialAction":[{"@type":"SearchAction","target":{"@type":"EntryPoint","urlTemplate":"https:\/\/orthodoxalbania.org\/2020\/?s={search_term_string}"},"query-input":{"@type":"PropertyValueSpecification","valueRequired":true,"valueName":"search_term_string"}}],"inLanguage":"en-US"},{"@type":"Organization","@id":"https:\/\/orthodoxalbania.org\/2020\/#organization","name":"Kisha Orthodhokse Autoqefale e Shqip\u00ebris\u00eb","url":"https:\/\/orthodoxalbania.org\/2020\/","logo":{"@type":"ImageObject","inLanguage":"en-US","@id":"https:\/\/orthodoxalbania.org\/2020\/#\/schema\/logo\/image\/","url":"https:\/\/orthodoxalbania.org\/2020\/wp-content\/uploads\/2020\/05\/albania.jpeg","contentUrl":"https:\/\/orthodoxalbania.org\/2020\/wp-content\/uploads\/2020\/05\/albania.jpeg","width":540,"height":540,"caption":"Kisha Orthodhokse Autoqefale e Shqip\u00ebris\u00eb"},"image":{"@id":"https:\/\/orthodoxalbania.org\/2020\/#\/schema\/logo\/image\/"},"sameAs":["https:\/\/www.facebook.com\/koash1991"]},{"@type":"Person","@id":"https:\/\/orthodoxalbania.org\/2020\/#\/schema\/person\/0c387634a7063ac612d7ed9ce71c7e86","name":"Kisha Orthodhokse","image":{"@type":"ImageObject","inLanguage":"en-US","@id":"https:\/\/secure.gravatar.com\/avatar\/596e7c417251e30f2fbb9c00e026fce61a695a00e51c889caded71c96cbbdde5?s=96&d=mm&r=g","url":"https:\/\/secure.gravatar.com\/avatar\/596e7c417251e30f2fbb9c00e026fce61a695a00e51c889caded71c96cbbdde5?s=96&d=mm&r=g","contentUrl":"https:\/\/secure.gravatar.com\/avatar\/596e7c417251e30f2fbb9c00e026fce61a695a00e51c889caded71c96cbbdde5?s=96&d=mm&r=g","caption":"Kisha Orthodhokse"}}]}},"_links":{"self":[{"href":"https:\/\/orthodoxalbania.org\/2020\/wp-json\/wp\/v2\/posts\/6482","targetHints":{"allow":["GET"]}}],"collection":[{"href":"https:\/\/orthodoxalbania.org\/2020\/wp-json\/wp\/v2\/posts"}],"about":[{"href":"https:\/\/orthodoxalbania.org\/2020\/wp-json\/wp\/v2\/types\/post"}],"author":[{"embeddable":true,"href":"https:\/\/orthodoxalbania.org\/2020\/wp-json\/wp\/v2\/users\/1"}],"replies":[{"embeddable":true,"href":"https:\/\/orthodoxalbania.org\/2020\/wp-json\/wp\/v2\/comments?post=6482"}],"version-history":[{"count":1,"href":"https:\/\/orthodoxalbania.org\/2020\/wp-json\/wp\/v2\/posts\/6482\/revisions"}],"predecessor-version":[{"id":14787,"href":"https:\/\/orthodoxalbania.org\/2020\/wp-json\/wp\/v2\/posts\/6482\/revisions\/14787"}],"wp:featuredmedia":[{"embeddable":true,"href":"https:\/\/orthodoxalbania.org\/2020\/wp-json\/wp\/v2\/media\/6483"}],"wp:attachment":[{"href":"https:\/\/orthodoxalbania.org\/2020\/wp-json\/wp\/v2\/media?parent=6482"}],"wp:term":[{"taxonomy":"category","embeddable":true,"href":"https:\/\/orthodoxalbania.org\/2020\/wp-json\/wp\/v2\/categories?post=6482"},{"taxonomy":"post_tag","embeddable":true,"href":"https:\/\/orthodoxalbania.org\/2020\/wp-json\/wp\/v2\/tags?post=6482"}],"curies":[{"name":"wp","href":"https:\/\/api.w.org\/{rel}","templated":true}]}}