{"id":646,"date":"2013-03-21T13:08:46","date_gmt":"2013-03-21T13:08:46","guid":{"rendered":""},"modified":"2020-04-06T22:05:48","modified_gmt":"2020-04-06T20:05:48","slug":"intervista-e-mitropolitit-te-korces-hiresi-joanit-ne-emisionin-tonight-e-gazetares-ilva-tare-ne-stacionin-radio-televiziv-ora-news","status":"publish","type":"post","link":"https:\/\/orthodoxalbania.org\/2020\/2013\/03\/21\/intervista-e-mitropolitit-te-korces-hiresi-joanit-ne-emisionin-tonight-e-gazetares-ilva-tare-ne-stacionin-radio-televiziv-ora-news\/","title":{"rendered":"Intervista e Mitropolitit t\u00eb Kor\u00e7\u00ebs, Hir\u00ebsi Joanit, n\u00eb emisionin \u201cTonight\u201d e gazetares Ilva Tare, n\u00eb stacionin radio-televiziv \u201cORA NEWS\u201d. (1 Shkurt 2013)"},"content":{"rendered":"<div style=\"text-align: center;\">\n\t<iframe allowfullscreen=\"\" frameborder=\"0\" height=\"360\" src=\"http:\/\/www.youtube.com\/embed\/2OW-Q0udPaE?feature=player_detailpage\" width=\"640\"><\/iframe><\/div>\n<div style=\"text-align: center;\">\n\t&nbsp;<\/div>\n<div style=\"text-align: justify;\">\n\t<span style=\"color:#000000;\"><span style=\"font-size: 12px;\"><span style=\"font-family: tahoma,geneva,sans-serif;\">&nbsp;&nbsp;&nbsp;<br \/>\n\t&nbsp;&nbsp;&nbsp; T\u00eb premten, dt 1 shkurt 2013, n\u00eb or\u00ebn 21:00, n\u00eb emisionin \u201cTonight\u201d e gazetares Ilva Tare, n\u00eb stacionin radio-televiziv \u201cORA NEWS\u201d, ishte i ftuar Mitropoliti i Kor\u00e7\u00ebs, Hir\u00ebsi Joani, i cili iu p\u00ebrgjigj pyetjeve t\u00eb ndryshme, q\u00eb e kan\u00eb burimin tek sulmet e koh\u00ebve t\u00eb fundit, por dhe me gjer\u00eb kund\u00ebr Kish\u00ebs Orthodhokse Autoqefale t\u00eb Shqip\u00ebris\u00eb.<\/span><\/span><\/span><\/div>\n<div style=\"text-align: justify;\">\n\t<br \/>\n\t<span style=\"color:#000000;\"><span style=\"font-size: 12px;\"><span style=\"font-family: tahoma,geneva,sans-serif;\">&nbsp;&nbsp;&nbsp; Emisioni filloi me nj\u00eb historik t\u00eb shkurt\u00ebr t\u00eb Kish\u00ebs Orthodhokse n\u00eb Shqip\u00ebri e p\u00ebrgatitur nga redaksia. M\u00eb tej Hir\u00ebsia e tij, Joani i Kor\u00e7\u00ebs, iu p\u00ebrgjigj shum\u00eb pyetjeve q\u00eb kishin t\u00eb b\u00ebnin me autoqefalin\u00eb e Kish\u00ebs Orthodhokse k\u00ebtu n\u00eb Shqip\u00ebri;&nbsp; kush \u00ebsht\u00eb Kisha dhe \u00e7far\u00eb do kuptojm\u00eb me autoqefali t\u00eb saj; figura e Nolit dhe cili \u00ebsht\u00eb kontributi i tij; a ka kufizim mandati p\u00ebr episkopin;&nbsp; etj, p\u00ebrgjigjet e t\u00eb cilave ndihmuan auditorin e gjer\u00eb t\u00eb teleshikuesve p\u00ebr t\u00eb reflektuar drejt mbi sulmet q\u00eb i b\u00ebhen Kish\u00ebs Orthodhokse n\u00eb Shqip\u00ebri.<\/span><\/span><\/span><\/div>\n<div style=\"text-align: justify;\">\n\t<br \/>\n\t<span style=\"color:#000000;\"><span style=\"font-size: 12px;\"><span style=\"font-family: tahoma,geneva,sans-serif;\">&nbsp;&nbsp;&nbsp; Gjithashtu n\u00eb vijim\u00ebsi t\u00eb pyetjeve t\u00eb ndryshme, Hir\u00ebsi Joani tregoi p\u00ebr rolin e madh q\u00eb luan Kisha n\u00eb jet\u00ebn e besimtarit;&nbsp; si duhet t\u00eb fokusohen njer\u00ebzit n\u00eb k\u00ebt\u00eb \u00e7orientim q\u00eb ekziston n\u00eb bot\u00eb dhe n\u00eb Shqip\u00ebri;&nbsp; si ndihmon Kisha p\u00ebr qet\u00ebsin\u00eb dhe ngritjen shpirt\u00ebrore t\u00eb njeriut sot;&nbsp; sa besimtar\u00eb jan\u00eb shqiptar\u00ebt etj.<\/span><\/span><\/span><\/div>\n<div style=\"text-align: justify;\">\n\t<br \/>\n\t<span style=\"color:#000000;\"><span style=\"font-size: 12px;\"><span style=\"font-family: tahoma,geneva,sans-serif;\">&nbsp;&nbsp;&nbsp; Nd\u00ebrsa disa nga pyetjet e \u201cv\u00ebshtira\u201c, si\u00e7 i cil\u00ebsoi gazetarja pyetjet mbi Kryepiskopin Anastas, i cili &#8211; tha ajo &#8211; \u00ebsht\u00eb n\u00eb qend\u00ebr t\u00eb sulmeve ndonj\u00ebher\u00eb t\u00eb medias, her\u00eb-her\u00eb t\u00eb ndonj\u00eb analisti apo edhe t\u00eb qarqeve t\u00eb ndryshme, ishin: \u201cPse Kryepeshkopi Anastas s\u2019ka marr\u00eb pasaport\u00eb shqiptare?\u2019\u2019 apo \u201cE ka penguar autoqefalin\u00eb fakti se Kryepeshkopi \u00ebsht\u00eb shtetas grek?\u201d, \u201cPas 21 vitesh \u00ebsht\u00eb krijuar mund\u00ebsia q\u00eb t\u00eb kemi brezin ton\u00eb p\u00ebr drejtimin e Kish\u00ebs?\u201d apo&nbsp; \u201cSi e shihni kthimin e emigrant\u00ebve shqiptar\u00eb p\u00ebr shkak t\u00eb toponimeve?\u201d, Hir\u00ebsia e Tij, Joani, iu p\u00ebrgjigj me v\u00ebrtet\u00ebsi, p\u00ebrgjegj\u00ebsi, etike dhe kultur\u00eb.<\/span><\/span><\/span><\/div>\n<div style=\"text-align: justify;\">\n\t<br \/>\n\t<span style=\"color:#000000;\"><span style=\"font-size: 12px;\"><span style=\"font-family: tahoma,geneva,sans-serif;\">&nbsp;&nbsp;&nbsp; Mitropoliti i Kor\u00e7\u00ebs , Joani, vler\u00ebsoi n\u00eb k\u00ebt\u00eb intervist\u00eb atdhedashurin\u00eb, por jo urrejtjen. Pyetje t\u00eb tilla si \u201cE njihni si prift Nikolla Markun?\u201d, \u201c\u00c7\u2019raport keni me shtetin?\u201d, \u201cCili \u00ebsht\u00eb raporti i Kish\u00ebs me nacionalizmin?\u201d, \u201cEkziston toleranc\u00eb n\u00eb Shqip\u00ebri apo mosnjohje e fes\u00eb nga njer\u00ebzit?\u201d, ishin pjes\u00eb e emisionit \u201cTonight\u201d e Ilva Tares.<\/span><\/span><\/span><\/div>\n<div style=\"text-align: justify;\">\n\t<br \/>\n\t<span style=\"color:#000000;\"><span style=\"font-size: 12px;\"><span style=\"font-family: tahoma,geneva,sans-serif;\">&nbsp;&nbsp;&nbsp; Hir\u00ebsi Joani nuk la m\u00ebnjan\u00eb edhe \u00e7\u00ebshtjen e kthimit dhe kompensimit t\u00eb pronave, problemin e dram\u00ebs \u201cSh\u00ebn Maria e Beratit\u201d t\u00eb dramaturgut Namik Dokle, si edhe problemin e Censusit 2011, q\u00eb si\u00e7 u shpreh ai: \u201cKjo mbase mund t\u00eb jet\u00eb edhe e q\u00ebllimshme, por \u00ebsht\u00eb e padrejt\u00eb dhe komunitet ortodoks ndihet i l\u00ebnduar\u201d.<\/span><\/span><\/span><br \/>\n\t<span style=\"color:#000000;\"><span style=\"font-size: 12px;\"><span style=\"font-family: tahoma,geneva,sans-serif;\">&nbsp;<\/span><\/span><\/span><\/div>\n<div style=\"text-align: right;\">\n\t<br \/>\n\t<span style=\"color:#000000;\"><span style=\"font-size: 12px;\"><span style=\"font-family: tahoma,geneva,sans-serif;\"><strong>Julia Lila<\/strong><\/span><\/span><\/span><\/div>\n<div style=\"text-align: justify;\">\n\t<br \/>\n\t&nbsp;<\/div>\n","protected":false},"excerpt":{"rendered":"<p>&nbsp; &nbsp;&nbsp;&nbsp; &nbsp;&nbsp;&nbsp; T\u00eb premten, dt 1 shkurt 2013, n\u00eb or\u00ebn 21:00, n\u00eb emisionin \u201cTonight\u201d e gazetares Ilva Tare, n\u00eb stacionin radio-televiziv \u201cORA NEWS\u201d, ishte i ftuar Mitropoliti i Kor\u00e7\u00ebs, Hir\u00ebsi Joani, i cili iu p\u00ebrgjigj pyetjeve t\u00eb ndryshme, q\u00eb e kan\u00eb burimin tek sulmet e koh\u00ebve t\u00eb fundit, por dhe me gjer\u00eb kund\u00ebr Kish\u00ebs Orthodhokse Autoqefale t\u00eb Shqip\u00ebris\u00eb. &nbsp;&nbsp;&nbsp; Emisioni filloi me nj\u00eb historik<\/p>\n","protected":false},"author":1,"featured_media":0,"comment_status":"open","ping_status":"open","sticky":false,"template":"","format":"standard","meta":{"_acf_changed":false,"pagelayer_contact_templates":[],"_pagelayer_content":"","inline_featured_image":false,"fifu_image_url":"","fifu_image_alt":"","footnotes":""},"categories":[108],"tags":[141,606,196,212,181,203],"class_list":["post-646","post","type-post","status-publish","format-standard","hentry","category-lajme","tag-141","tag-census-artikuj","tag-tirane","tag-lajme-d27","tag-korce","tag-pergjigje-ndaj-akuzave"],"acf":[],"yoast_head":"<!-- This site is optimized with the Yoast SEO plugin v27.2 - https:\/\/yoast.com\/product\/yoast-seo-wordpress\/ -->\n<title>Intervista e Mitropolitit t\u00eb Kor\u00e7\u00ebs, Hir\u00ebsi Joanit, n\u00eb emisionin \u201cTonight\u201d e gazetares Ilva Tare, n\u00eb stacionin radio-televiziv \u201cORA NEWS\u201d. (1 Shkurt 2013) - Kisha Orthodh\u03bfkse Autoqefale e Shqip\u00ebris\u00eb<\/title>\n<meta name=\"robots\" content=\"index, follow, max-snippet:-1, max-image-preview:large, max-video-preview:-1\" \/>\n<link rel=\"canonical\" href=\"https:\/\/orthodoxalbania.org\/2020\/2013\/03\/21\/intervista-e-mitropolitit-te-korces-hiresi-joanit-ne-emisionin-tonight-e-gazetares-ilva-tare-ne-stacionin-radio-televiziv-ora-news\/\" \/>\n<meta property=\"og:locale\" content=\"en_US\" \/>\n<meta property=\"og:type\" content=\"article\" \/>\n<meta property=\"og:title\" content=\"Intervista e Mitropolitit t\u00eb Kor\u00e7\u00ebs, Hir\u00ebsi Joanit, n\u00eb emisionin \u201cTonight\u201d e gazetares Ilva Tare, n\u00eb stacionin radio-televiziv \u201cORA NEWS\u201d. (1 Shkurt 2013) - Kisha Orthodh\u03bfkse Autoqefale e Shqip\u00ebris\u00eb\" \/>\n<meta property=\"og:description\" content=\"&nbsp; &nbsp;&nbsp;&nbsp; &nbsp;&nbsp;&nbsp; T\u00eb premten, dt 1 shkurt 2013, n\u00eb or\u00ebn 21:00, n\u00eb emisionin \u201cTonight\u201d e gazetares Ilva Tare, n\u00eb stacionin radio-televiziv \u201cORA NEWS\u201d, ishte i ftuar Mitropoliti i Kor\u00e7\u00ebs, Hir\u00ebsi Joani, i cili iu p\u00ebrgjigj pyetjeve t\u00eb ndryshme, q\u00eb e kan\u00eb burimin tek sulmet e koh\u00ebve t\u00eb fundit, por dhe me gjer\u00eb kund\u00ebr Kish\u00ebs Orthodhokse Autoqefale t\u00eb Shqip\u00ebris\u00eb. &nbsp;&nbsp;&nbsp; Emisioni filloi me nj\u00eb historik\" \/>\n<meta property=\"og:url\" content=\"https:\/\/orthodoxalbania.org\/2020\/2013\/03\/21\/intervista-e-mitropolitit-te-korces-hiresi-joanit-ne-emisionin-tonight-e-gazetares-ilva-tare-ne-stacionin-radio-televiziv-ora-news\/\" \/>\n<meta property=\"og:site_name\" content=\"Kisha Orthodh\u03bfkse Autoqefale e Shqip\u00ebris\u00eb\" \/>\n<meta property=\"article:publisher\" content=\"https:\/\/www.facebook.com\/koash1991\" \/>\n<meta property=\"article:published_time\" content=\"2013-03-21T13:08:46+00:00\" \/>\n<meta property=\"article:modified_time\" content=\"2020-04-06T20:05:48+00:00\" \/>\n<meta property=\"og:image\" content=\"https:\/\/orthodoxalbania.org\/2020\/wp-content\/uploads\/2021\/02\/LogoLastALb-200.png\" \/>\n\t<meta property=\"og:image:width\" content=\"200\" \/>\n\t<meta property=\"og:image:height\" content=\"172\" \/>\n\t<meta property=\"og:image:type\" content=\"image\/png\" \/>\n<meta name=\"author\" content=\"Kisha Orthodhokse\" \/>\n<meta name=\"twitter:card\" content=\"summary_large_image\" \/>\n<meta name=\"twitter:label1\" content=\"Written by\" \/>\n\t<meta name=\"twitter:data1\" content=\"Kisha Orthodhokse\" \/>\n\t<meta name=\"twitter:label2\" content=\"Est. reading time\" \/>\n\t<meta name=\"twitter:data2\" content=\"2 minutes\" \/>\n<script type=\"application\/ld+json\" class=\"yoast-schema-graph\">{\"@context\":\"https:\/\/schema.org\",\"@graph\":[{\"@type\":\"Article\",\"@id\":\"https:\/\/orthodoxalbania.org\/2020\/2013\/03\/21\/intervista-e-mitropolitit-te-korces-hiresi-joanit-ne-emisionin-tonight-e-gazetares-ilva-tare-ne-stacionin-radio-televiziv-ora-news\/#article\",\"isPartOf\":{\"@id\":\"https:\/\/orthodoxalbania.org\/2020\/2013\/03\/21\/intervista-e-mitropolitit-te-korces-hiresi-joanit-ne-emisionin-tonight-e-gazetares-ilva-tare-ne-stacionin-radio-televiziv-ora-news\/\"},\"author\":{\"name\":\"Kisha Orthodhokse\",\"@id\":\"https:\/\/orthodoxalbania.org\/2020\/#\/schema\/person\/0c387634a7063ac612d7ed9ce71c7e86\"},\"headline\":\"Intervista e Mitropolitit t\u00eb Kor\u00e7\u00ebs, Hir\u00ebsi Joanit, n\u00eb emisionin \u201cTonight\u201d e gazetares Ilva Tare, n\u00eb stacionin radio-televiziv \u201cORA NEWS\u201d. (1 Shkurt 2013)\",\"datePublished\":\"2013-03-21T13:08:46+00:00\",\"dateModified\":\"2020-04-06T20:05:48+00:00\",\"mainEntityOfPage\":{\"@id\":\"https:\/\/orthodoxalbania.org\/2020\/2013\/03\/21\/intervista-e-mitropolitit-te-korces-hiresi-joanit-ne-emisionin-tonight-e-gazetares-ilva-tare-ne-stacionin-radio-televiziv-ora-news\/\"},\"wordCount\":513,\"commentCount\":0,\"publisher\":{\"@id\":\"https:\/\/orthodoxalbania.org\/2020\/#organization\"},\"keywords\":[\"2013\",\"Census Artikuj\",\"Kryepiskopata Tiran\u00eb\",\"lajme\",\"Mitropolia Kor\u00e7\u00eb\",\"P\u00ebrgjigje ndaj akuzave\"],\"articleSection\":[\"Lajme\"],\"inLanguage\":\"en-US\"},{\"@type\":\"WebPage\",\"@id\":\"https:\/\/orthodoxalbania.org\/2020\/2013\/03\/21\/intervista-e-mitropolitit-te-korces-hiresi-joanit-ne-emisionin-tonight-e-gazetares-ilva-tare-ne-stacionin-radio-televiziv-ora-news\/\",\"url\":\"https:\/\/orthodoxalbania.org\/2020\/2013\/03\/21\/intervista-e-mitropolitit-te-korces-hiresi-joanit-ne-emisionin-tonight-e-gazetares-ilva-tare-ne-stacionin-radio-televiziv-ora-news\/\",\"name\":\"Intervista e Mitropolitit t\u00eb Kor\u00e7\u00ebs, Hir\u00ebsi Joanit, n\u00eb emisionin \u201cTonight\u201d e gazetares Ilva Tare, n\u00eb stacionin radio-televiziv \u201cORA NEWS\u201d. (1 Shkurt 2013) - Kisha Orthodh\u03bfkse Autoqefale e Shqip\u00ebris\u00eb\",\"isPartOf\":{\"@id\":\"https:\/\/orthodoxalbania.org\/2020\/#website\"},\"datePublished\":\"2013-03-21T13:08:46+00:00\",\"dateModified\":\"2020-04-06T20:05:48+00:00\",\"breadcrumb\":{\"@id\":\"https:\/\/orthodoxalbania.org\/2020\/2013\/03\/21\/intervista-e-mitropolitit-te-korces-hiresi-joanit-ne-emisionin-tonight-e-gazetares-ilva-tare-ne-stacionin-radio-televiziv-ora-news\/#breadcrumb\"},\"inLanguage\":\"en-US\",\"potentialAction\":[{\"@type\":\"ReadAction\",\"target\":[\"https:\/\/orthodoxalbania.org\/2020\/2013\/03\/21\/intervista-e-mitropolitit-te-korces-hiresi-joanit-ne-emisionin-tonight-e-gazetares-ilva-tare-ne-stacionin-radio-televiziv-ora-news\/\"]}]},{\"@type\":\"BreadcrumbList\",\"@id\":\"https:\/\/orthodoxalbania.org\/2020\/2013\/03\/21\/intervista-e-mitropolitit-te-korces-hiresi-joanit-ne-emisionin-tonight-e-gazetares-ilva-tare-ne-stacionin-radio-televiziv-ora-news\/#breadcrumb\",\"itemListElement\":[{\"@type\":\"ListItem\",\"position\":1,\"name\":\"Home\",\"item\":\"https:\/\/orthodoxalbania.org\/2020\/\"},{\"@type\":\"ListItem\",\"position\":2,\"name\":\"Intervista e Mitropolitit t\u00eb Kor\u00e7\u00ebs, Hir\u00ebsi Joanit, n\u00eb emisionin \u201cTonight\u201d e gazetares Ilva Tare, n\u00eb stacionin radio-televiziv \u201cORA NEWS\u201d. (1 Shkurt 2013)\"}]},{\"@type\":\"WebSite\",\"@id\":\"https:\/\/orthodoxalbania.org\/2020\/#website\",\"url\":\"https:\/\/orthodoxalbania.org\/2020\/\",\"name\":\"Kisha Orthodh\u03bfkse Autoqefale e Shqip\u00ebris\u00eb\",\"description\":\"Fqja Zyrtare e Kish\u00ebs Orthodhokse Autoqefale e Shqip\u00ebris\u00eb me lajmet edhe informacionet zyrtare p\u00ebr struktur\u00ebn edhe veprimtarin e saj.\",\"publisher\":{\"@id\":\"https:\/\/orthodoxalbania.org\/2020\/#organization\"},\"potentialAction\":[{\"@type\":\"SearchAction\",\"target\":{\"@type\":\"EntryPoint\",\"urlTemplate\":\"https:\/\/orthodoxalbania.org\/2020\/?s={search_term_string}\"},\"query-input\":{\"@type\":\"PropertyValueSpecification\",\"valueRequired\":true,\"valueName\":\"search_term_string\"}}],\"inLanguage\":\"en-US\"},{\"@type\":\"Organization\",\"@id\":\"https:\/\/orthodoxalbania.org\/2020\/#organization\",\"name\":\"Kisha Orthodhokse Autoqefale e Shqip\u00ebris\u00eb\",\"url\":\"https:\/\/orthodoxalbania.org\/2020\/\",\"logo\":{\"@type\":\"ImageObject\",\"inLanguage\":\"en-US\",\"@id\":\"https:\/\/orthodoxalbania.org\/2020\/#\/schema\/logo\/image\/\",\"url\":\"https:\/\/orthodoxalbania.org\/2020\/wp-content\/uploads\/2020\/05\/albania.jpeg\",\"contentUrl\":\"https:\/\/orthodoxalbania.org\/2020\/wp-content\/uploads\/2020\/05\/albania.jpeg\",\"width\":540,\"height\":540,\"caption\":\"Kisha Orthodhokse Autoqefale e Shqip\u00ebris\u00eb\"},\"image\":{\"@id\":\"https:\/\/orthodoxalbania.org\/2020\/#\/schema\/logo\/image\/\"},\"sameAs\":[\"https:\/\/www.facebook.com\/koash1991\"]},{\"@type\":\"Person\",\"@id\":\"https:\/\/orthodoxalbania.org\/2020\/#\/schema\/person\/0c387634a7063ac612d7ed9ce71c7e86\",\"name\":\"Kisha Orthodhokse\",\"image\":{\"@type\":\"ImageObject\",\"inLanguage\":\"en-US\",\"@id\":\"https:\/\/secure.gravatar.com\/avatar\/596e7c417251e30f2fbb9c00e026fce61a695a00e51c889caded71c96cbbdde5?s=96&d=mm&r=g\",\"url\":\"https:\/\/secure.gravatar.com\/avatar\/596e7c417251e30f2fbb9c00e026fce61a695a00e51c889caded71c96cbbdde5?s=96&d=mm&r=g\",\"contentUrl\":\"https:\/\/secure.gravatar.com\/avatar\/596e7c417251e30f2fbb9c00e026fce61a695a00e51c889caded71c96cbbdde5?s=96&d=mm&r=g\",\"caption\":\"Kisha Orthodhokse\"}}]}<\/script>\n<!-- \/ Yoast SEO plugin. -->","yoast_head_json":{"title":"Intervista e Mitropolitit t\u00eb Kor\u00e7\u00ebs, Hir\u00ebsi Joanit, n\u00eb emisionin \u201cTonight\u201d e gazetares Ilva Tare, n\u00eb stacionin radio-televiziv \u201cORA NEWS\u201d. (1 Shkurt 2013) - Kisha Orthodh\u03bfkse Autoqefale e Shqip\u00ebris\u00eb","robots":{"index":"index","follow":"follow","max-snippet":"max-snippet:-1","max-image-preview":"max-image-preview:large","max-video-preview":"max-video-preview:-1"},"canonical":"https:\/\/orthodoxalbania.org\/2020\/2013\/03\/21\/intervista-e-mitropolitit-te-korces-hiresi-joanit-ne-emisionin-tonight-e-gazetares-ilva-tare-ne-stacionin-radio-televiziv-ora-news\/","og_locale":"en_US","og_type":"article","og_title":"Intervista e Mitropolitit t\u00eb Kor\u00e7\u00ebs, Hir\u00ebsi Joanit, n\u00eb emisionin \u201cTonight\u201d e gazetares Ilva Tare, n\u00eb stacionin radio-televiziv \u201cORA NEWS\u201d. (1 Shkurt 2013) - Kisha Orthodh\u03bfkse Autoqefale e Shqip\u00ebris\u00eb","og_description":"&nbsp; &nbsp;&nbsp;&nbsp; &nbsp;&nbsp;&nbsp; T\u00eb premten, dt 1 shkurt 2013, n\u00eb or\u00ebn 21:00, n\u00eb emisionin \u201cTonight\u201d e gazetares Ilva Tare, n\u00eb stacionin radio-televiziv \u201cORA NEWS\u201d, ishte i ftuar Mitropoliti i Kor\u00e7\u00ebs, Hir\u00ebsi Joani, i cili iu p\u00ebrgjigj pyetjeve t\u00eb ndryshme, q\u00eb e kan\u00eb burimin tek sulmet e koh\u00ebve t\u00eb fundit, por dhe me gjer\u00eb kund\u00ebr Kish\u00ebs Orthodhokse Autoqefale t\u00eb Shqip\u00ebris\u00eb. &nbsp;&nbsp;&nbsp; Emisioni filloi me nj\u00eb historik","og_url":"https:\/\/orthodoxalbania.org\/2020\/2013\/03\/21\/intervista-e-mitropolitit-te-korces-hiresi-joanit-ne-emisionin-tonight-e-gazetares-ilva-tare-ne-stacionin-radio-televiziv-ora-news\/","og_site_name":"Kisha Orthodh\u03bfkse Autoqefale e Shqip\u00ebris\u00eb","article_publisher":"https:\/\/www.facebook.com\/koash1991","article_published_time":"2013-03-21T13:08:46+00:00","article_modified_time":"2020-04-06T20:05:48+00:00","og_image":[{"width":200,"height":172,"url":"https:\/\/orthodoxalbania.org\/2020\/wp-content\/uploads\/2021\/02\/LogoLastALb-200.png","type":"image\/png"}],"author":"Kisha Orthodhokse","twitter_card":"summary_large_image","twitter_misc":{"Written by":"Kisha Orthodhokse","Est. reading time":"2 minutes"},"schema":{"@context":"https:\/\/schema.org","@graph":[{"@type":"Article","@id":"https:\/\/orthodoxalbania.org\/2020\/2013\/03\/21\/intervista-e-mitropolitit-te-korces-hiresi-joanit-ne-emisionin-tonight-e-gazetares-ilva-tare-ne-stacionin-radio-televiziv-ora-news\/#article","isPartOf":{"@id":"https:\/\/orthodoxalbania.org\/2020\/2013\/03\/21\/intervista-e-mitropolitit-te-korces-hiresi-joanit-ne-emisionin-tonight-e-gazetares-ilva-tare-ne-stacionin-radio-televiziv-ora-news\/"},"author":{"name":"Kisha Orthodhokse","@id":"https:\/\/orthodoxalbania.org\/2020\/#\/schema\/person\/0c387634a7063ac612d7ed9ce71c7e86"},"headline":"Intervista e Mitropolitit t\u00eb Kor\u00e7\u00ebs, Hir\u00ebsi Joanit, n\u00eb emisionin \u201cTonight\u201d e gazetares Ilva Tare, n\u00eb stacionin radio-televiziv \u201cORA NEWS\u201d. (1 Shkurt 2013)","datePublished":"2013-03-21T13:08:46+00:00","dateModified":"2020-04-06T20:05:48+00:00","mainEntityOfPage":{"@id":"https:\/\/orthodoxalbania.org\/2020\/2013\/03\/21\/intervista-e-mitropolitit-te-korces-hiresi-joanit-ne-emisionin-tonight-e-gazetares-ilva-tare-ne-stacionin-radio-televiziv-ora-news\/"},"wordCount":513,"commentCount":0,"publisher":{"@id":"https:\/\/orthodoxalbania.org\/2020\/#organization"},"keywords":["2013","Census Artikuj","Kryepiskopata Tiran\u00eb","lajme","Mitropolia Kor\u00e7\u00eb","P\u00ebrgjigje ndaj akuzave"],"articleSection":["Lajme"],"inLanguage":"en-US"},{"@type":"WebPage","@id":"https:\/\/orthodoxalbania.org\/2020\/2013\/03\/21\/intervista-e-mitropolitit-te-korces-hiresi-joanit-ne-emisionin-tonight-e-gazetares-ilva-tare-ne-stacionin-radio-televiziv-ora-news\/","url":"https:\/\/orthodoxalbania.org\/2020\/2013\/03\/21\/intervista-e-mitropolitit-te-korces-hiresi-joanit-ne-emisionin-tonight-e-gazetares-ilva-tare-ne-stacionin-radio-televiziv-ora-news\/","name":"Intervista e Mitropolitit t\u00eb Kor\u00e7\u00ebs, Hir\u00ebsi Joanit, n\u00eb emisionin \u201cTonight\u201d e gazetares Ilva Tare, n\u00eb stacionin radio-televiziv \u201cORA NEWS\u201d. (1 Shkurt 2013) - Kisha Orthodh\u03bfkse Autoqefale e Shqip\u00ebris\u00eb","isPartOf":{"@id":"https:\/\/orthodoxalbania.org\/2020\/#website"},"datePublished":"2013-03-21T13:08:46+00:00","dateModified":"2020-04-06T20:05:48+00:00","breadcrumb":{"@id":"https:\/\/orthodoxalbania.org\/2020\/2013\/03\/21\/intervista-e-mitropolitit-te-korces-hiresi-joanit-ne-emisionin-tonight-e-gazetares-ilva-tare-ne-stacionin-radio-televiziv-ora-news\/#breadcrumb"},"inLanguage":"en-US","potentialAction":[{"@type":"ReadAction","target":["https:\/\/orthodoxalbania.org\/2020\/2013\/03\/21\/intervista-e-mitropolitit-te-korces-hiresi-joanit-ne-emisionin-tonight-e-gazetares-ilva-tare-ne-stacionin-radio-televiziv-ora-news\/"]}]},{"@type":"BreadcrumbList","@id":"https:\/\/orthodoxalbania.org\/2020\/2013\/03\/21\/intervista-e-mitropolitit-te-korces-hiresi-joanit-ne-emisionin-tonight-e-gazetares-ilva-tare-ne-stacionin-radio-televiziv-ora-news\/#breadcrumb","itemListElement":[{"@type":"ListItem","position":1,"name":"Home","item":"https:\/\/orthodoxalbania.org\/2020\/"},{"@type":"ListItem","position":2,"name":"Intervista e Mitropolitit t\u00eb Kor\u00e7\u00ebs, Hir\u00ebsi Joanit, n\u00eb emisionin \u201cTonight\u201d e gazetares Ilva Tare, n\u00eb stacionin radio-televiziv \u201cORA NEWS\u201d. (1 Shkurt 2013)"}]},{"@type":"WebSite","@id":"https:\/\/orthodoxalbania.org\/2020\/#website","url":"https:\/\/orthodoxalbania.org\/2020\/","name":"Kisha Orthodh\u03bfkse Autoqefale e Shqip\u00ebris\u00eb","description":"Fqja Zyrtare e Kish\u00ebs Orthodhokse Autoqefale e Shqip\u00ebris\u00eb me lajmet edhe informacionet zyrtare p\u00ebr struktur\u00ebn edhe veprimtarin e saj.","publisher":{"@id":"https:\/\/orthodoxalbania.org\/2020\/#organization"},"potentialAction":[{"@type":"SearchAction","target":{"@type":"EntryPoint","urlTemplate":"https:\/\/orthodoxalbania.org\/2020\/?s={search_term_string}"},"query-input":{"@type":"PropertyValueSpecification","valueRequired":true,"valueName":"search_term_string"}}],"inLanguage":"en-US"},{"@type":"Organization","@id":"https:\/\/orthodoxalbania.org\/2020\/#organization","name":"Kisha Orthodhokse Autoqefale e Shqip\u00ebris\u00eb","url":"https:\/\/orthodoxalbania.org\/2020\/","logo":{"@type":"ImageObject","inLanguage":"en-US","@id":"https:\/\/orthodoxalbania.org\/2020\/#\/schema\/logo\/image\/","url":"https:\/\/orthodoxalbania.org\/2020\/wp-content\/uploads\/2020\/05\/albania.jpeg","contentUrl":"https:\/\/orthodoxalbania.org\/2020\/wp-content\/uploads\/2020\/05\/albania.jpeg","width":540,"height":540,"caption":"Kisha Orthodhokse Autoqefale e Shqip\u00ebris\u00eb"},"image":{"@id":"https:\/\/orthodoxalbania.org\/2020\/#\/schema\/logo\/image\/"},"sameAs":["https:\/\/www.facebook.com\/koash1991"]},{"@type":"Person","@id":"https:\/\/orthodoxalbania.org\/2020\/#\/schema\/person\/0c387634a7063ac612d7ed9ce71c7e86","name":"Kisha Orthodhokse","image":{"@type":"ImageObject","inLanguage":"en-US","@id":"https:\/\/secure.gravatar.com\/avatar\/596e7c417251e30f2fbb9c00e026fce61a695a00e51c889caded71c96cbbdde5?s=96&d=mm&r=g","url":"https:\/\/secure.gravatar.com\/avatar\/596e7c417251e30f2fbb9c00e026fce61a695a00e51c889caded71c96cbbdde5?s=96&d=mm&r=g","contentUrl":"https:\/\/secure.gravatar.com\/avatar\/596e7c417251e30f2fbb9c00e026fce61a695a00e51c889caded71c96cbbdde5?s=96&d=mm&r=g","caption":"Kisha Orthodhokse"}}]}},"_links":{"self":[{"href":"https:\/\/orthodoxalbania.org\/2020\/wp-json\/wp\/v2\/posts\/646","targetHints":{"allow":["GET"]}}],"collection":[{"href":"https:\/\/orthodoxalbania.org\/2020\/wp-json\/wp\/v2\/posts"}],"about":[{"href":"https:\/\/orthodoxalbania.org\/2020\/wp-json\/wp\/v2\/types\/post"}],"author":[{"embeddable":true,"href":"https:\/\/orthodoxalbania.org\/2020\/wp-json\/wp\/v2\/users\/1"}],"replies":[{"embeddable":true,"href":"https:\/\/orthodoxalbania.org\/2020\/wp-json\/wp\/v2\/comments?post=646"}],"version-history":[{"count":1,"href":"https:\/\/orthodoxalbania.org\/2020\/wp-json\/wp\/v2\/posts\/646\/revisions"}],"predecessor-version":[{"id":14244,"href":"https:\/\/orthodoxalbania.org\/2020\/wp-json\/wp\/v2\/posts\/646\/revisions\/14244"}],"wp:attachment":[{"href":"https:\/\/orthodoxalbania.org\/2020\/wp-json\/wp\/v2\/media?parent=646"}],"wp:term":[{"taxonomy":"category","embeddable":true,"href":"https:\/\/orthodoxalbania.org\/2020\/wp-json\/wp\/v2\/categories?post=646"},{"taxonomy":"post_tag","embeddable":true,"href":"https:\/\/orthodoxalbania.org\/2020\/wp-json\/wp\/v2\/tags?post=646"}],"curies":[{"name":"wp","href":"https:\/\/api.w.org\/{rel}","templated":true}]}}