{"id":645,"date":"2007-02-26T00:00:00","date_gmt":"2007-02-26T00:00:00","guid":{"rendered":""},"modified":"2020-04-06T22:35:44","modified_gmt":"2020-04-06T20:35:44","slug":"intervista-e-kryepiskopit-anastas-dhene-radios-deutsche-welle-maj-2007","status":"publish","type":"post","link":"https:\/\/orthodoxalbania.org\/2020\/2007\/02\/26\/intervista-e-kryepiskopit-anastas-dhene-radios-deutsche-welle-maj-2007\/","title":{"rendered":"Intervista e Kryepiskopit Anastas dh\u00ebn\u00eb radios \u201cDeutsche Welle\u201d. (Maj 2007)"},"content":{"rendered":"<div style=\"text-align: justify;\"><span style=\"color: #000000;\"><span style=\"font-family: tahoma,geneva,sans-serif;\"><span style=\"font-size: 12px;\"><strong>&nbsp; &nbsp; A.Dodi<\/strong>: Gjat\u00eb gjith\u00eb periudh\u00ebs kur Ju keni qen\u00eb duke kryer nj\u00eb pun\u00eb rind\u00ebrtimi n\u00eb Shqip\u00ebri, disa kritik\u00eb kan\u00eb shtruar&nbsp;pyetjen se pse n\u00eb krye t\u00eb kish\u00ebs shqiptare autoqefale t\u00eb jet\u00eb nj\u00eb grek. Kjo lidhet me nj\u00eb droj\u00eb, se Kisha Ortodokse Shqiptare mund t\u00eb humbas\u00eb karakterin e saj autoqefal. Kritik\u00ebt kan\u00eb p\u00ebrmendur koh\u00ebt e fundit fakte t\u00eb tilla si metropolitani i rretheve jugore t\u00eb Shqip\u00ebris\u00eb \u00ebsht\u00eb s\u00ebrish nj\u00eb grek. Tani grek\u00ebt po p\u00ebrpiqen t\u00eb v\u00ebn\u00eb njer\u00ebzit e tyre n\u00eb krye t\u00eb kish\u00ebs dhe po e greqizojn\u00eb plot\u00ebsisht kish\u00ebn shqiptare. Cila \u00ebsht\u00eb p\u00ebrgjigjia Juaj?<\/span><\/span><\/span><\/div>\n<div style=\"text-align: justify;\">&nbsp;<\/div>\n<div style=\"text-align: justify;\"><span style=\"color: #000000;\"><span style=\"font-family: tahoma,geneva,sans-serif;\"><span style=\"font-size: 12px;\"><strong>&nbsp; &nbsp; A.Janullatos<\/strong>: Kur un\u00eb erdha n\u00eb Shqip\u00ebri, erdha n\u00eb k\u00ebt\u00eb vend si ambasador i Patriarkan\u00ebs Ekumenike p\u00ebr t\u00eb par\u00eb se \u00e7far\u00eb ka mbetur&#8230;Pastaj ishin shqiptar\u00ebt ortodoks\u00eb ata q\u00eb m\u00eb k\u00ebrkuan t\u00eb q\u00ebndroj n\u00eb Shqip\u00ebri. Un\u00eb nuk q\u00ebndrova vet\u00eb. Kur erdhi koha q\u00eb un\u00eb t\u00eb kthehesha n\u00eb Greqi, sepse tashm\u00eb un\u00eb isha profesor i rregullt i Universitetit t\u00eb Athin\u00ebs dhe isha edhe metropolitan, kisha nj\u00eb pun\u00eb t\u00eb t\u00ebr\u00eb p\u00ebr t\u00eb b\u00ebr\u00eb dhe t\u00eb kandidoja p\u00ebr Akademin\u00eb e Athin\u00ebs, at\u00ebher\u00eb shqiptar\u00ebt m\u00eb than\u00eb: \u201cdo t\u00eb ikni tani, kur ju i dini hallet dhe v\u00ebshtir\u00ebsit\u00eb tona?\u201d K\u00ebshtu q\u00eb un\u00eb u ndodha para nj\u00eb dileme, nuk ishte di\u00e7ka q\u00eb e zgjodha vet\u00eb. Dhe p\u00ebrgjigja ime ishte: e para, n\u00ebse ju v\u00ebrtet e doni k\u00ebt\u00eb &#8211; dhe un\u00eb pyeta vet\u00ebm ortodoks\u00ebt, nuk pyeta t\u00eb themi mysliman\u00ebt dhe ateist\u00ebt &#8211; n\u00ebse juve ju p\u00eblqen kjo, dhe n\u00ebse Patriarkana Ekumenike e pranon v\u00ebrtet k\u00ebt\u00eb, dhe n\u00ebse qeveria e pranon k\u00ebt\u00eb, at\u00ebher\u00eb k\u00ebto jan\u00eb tre predispozita q\u00eb do t\u00eb m\u00eb drejtojn\u00eb mua p\u00ebr vendimin tim. Dhe pastaj, nj\u00eb p\u00ebrfaq\u00ebsi zyrtare e Kish\u00ebs s\u00eb Shqip\u00ebris\u00eb shkuan te Patriarkana dhe i k\u00ebrkuan q\u00eb i d\u00ebrguari i Patriarkan\u00ebs t\u00eb q\u00ebndroj\u00eb te ne dhe t\u00eb na organizoj\u00eb ne. Ky ishte fillimi.<\/span><\/span><\/span><\/div>\n<div style=\"text-align: justify;\">&nbsp;<\/div>\n<div style=\"text-align: justify;\"><span style=\"color: #000000;\"><span style=\"font-family: tahoma,geneva,sans-serif;\"><span style=\"font-size: 12px;\">&nbsp;&nbsp;&nbsp; Nuk ishte nj\u00eb situat\u00eb ku njeriu shkon t\u00eb marr\u00eb pushtet. Dhe kur ti nis k\u00ebt\u00eb crash &#8211; dhe nuk gjen asgj\u00eb &#8211; nuk \u00ebsht\u00eb nj\u00eb pozit\u00eb pushteti, \u00ebsht\u00eb nj\u00eb pozit\u00eb sh\u00ebrbimi dhe sakrifice &#8211; kjo \u00ebsht\u00eb nj\u00eb gj\u00eb q\u00eb ata nuk e kuptojn\u00eb. Ti nuk vjen k\u00ebtu n\u00eb Athin\u00eb (-intervista me hir\u00ebsin\u00eb e tij Anastasios Janullatos u zhvillua n\u00eb sht\u00ebpin\u00eb e tij n\u00eb Athin\u00eb A.D.) ku ke t\u00eb gjitha mund\u00ebsit\u00eb, financiare e k\u00ebshtu me radh\u00eb e t\u00eb jesh i pushtetsh\u00ebm, i fuqish\u00ebm, ti vjen n\u00eb Shqip\u00ebri p\u00ebr t\u00eb nd\u00ebrtuar nga asgj\u00ebja. Asgj\u00ebja ose ajo q\u00eb un\u00eb p\u00ebrshkrova m\u00eb par\u00eb. Dhe kjo \u00ebsht\u00eb arsyeja, se pse ortodoks\u00ebt e Shqip\u00ebris\u00eb &#8211; kur po diskutohej kushtetuta n\u00eb vitin 1994, e cila p\u00ebrmbante nj\u00eb paragraf jofavorizues p\u00ebr kryepeshkopin ortodoks, ishin shqiptar\u00ebt q\u00eb mblodh\u00ebn mij\u00ebra, nuk m\u00eb kujtohet numri i sakt\u00eb, por q\u00eb mblodh\u00ebn shum\u00eb &#8220;jo&#8221;, &#8211; q\u00eb k\u00ebrkuan q\u00eb ne nuk duhet t\u00eb votojm\u00eb p\u00ebr k\u00ebt\u00eb kushtetut\u00eb.<\/span><\/span><\/span><\/div>\n<div style=\"text-align: justify;\">&nbsp;<\/div>\n<div style=\"text-align: justify;\"><span style=\"color: #000000;\"><span style=\"font-family: tahoma,geneva,sans-serif;\"><span style=\"font-size: 12px;\">&nbsp;&nbsp;&nbsp; Kriza shum\u00eb her\u00eb nuk vjen nga komuniteti ortodoks. Kur ju flisni p\u00ebr autoqefalin\u00eb, meqen\u00ebse kjo \u00ebsht\u00eb nj\u00eb fjal\u00eb greke, le t\u00eb shohim se \u00e7far\u00eb do t\u00eb thot\u00eb ajo &#8211; fjala \u00ebsht\u00eb &#8220;autosefalos&#8221;, e drejtuar edhe ndaj atyre q\u00eb nuk jan\u00eb ortodoks\u00eb. Ne nuk mund t\u00eb pranojm\u00eb, q\u00eb deputet\u00eb q\u00eb jan\u00eb mysliman\u00eb ose ateist\u00eb t&#8217;i tregojn\u00eb rrug\u00ebn dhe t&#8217;i japin k\u00ebshilla Kish\u00ebs Ortodokse. Kisha Ortodokse e Shqip\u00ebris\u00eb, ka shum\u00eb njer\u00ebz, shum\u00eb patriot\u00eb, shum\u00eb t\u00eb r\u00ebnd\u00ebsish\u00ebm dhe shum\u00eb serioz\u00eb. Ata kan\u00eb mund\u00ebsi t\u00eb vendosin.<\/span><\/span><\/span><\/div>\n<div style=\"text-align: justify;\">&nbsp;<\/div>\n<div style=\"text-align: justify;\"><span style=\"color: #000000;\"><span style=\"font-family: tahoma,geneva,sans-serif;\"><span style=\"font-size: 12px;\">&nbsp;&nbsp;&nbsp; Gjith\u00eb kjo kritik\u00eb q\u00eb that\u00eb ju vjen nga disa z\u00ebra, tipike p\u00ebr z\u00ebrat radikal\u00eb, q\u00eb shikojn\u00eb rreziqe dhe shikojn\u00eb armiq. Cila \u00ebsht\u00eb ekzakt\u00ebsisht kritika? Kam lexuar disa artikuj jo shum\u00eb koh\u00eb m\u00eb par\u00eb, n\u00eb ta thuhej, nuk d\u00ebshiroj t\u00eb p\u00ebrmend emra, n\u00eb artikull thuhej se ka kaq shum\u00eb prift\u00ebrinj grek\u00eb. Sa prift\u00ebrinj grek\u00eb ka tani n\u00eb Shqip\u00ebri? Tre. Jan\u00eb k\u00ebta shum\u00eb? Tre. Pyet sa ka n\u00eb Kish\u00ebn Romane Katolike, sa murgj dhe sa murgesha ka atje. N\u00eb Kish\u00ebn Ortodokse \u2013 jo, jasht\u00eb. Sa shum\u00eb mij\u00ebra jan\u00eb nga komuniteti mysliman? Ka nj\u00eb tendenc\u00eb p\u00ebr t\u00eb th\u00ebn\u00eb g\u00ebnjeshtra, g\u00ebnjeshtra t\u00eb kulluara. Po pyes s\u00ebrish, sa prift\u00ebrinj jan\u00eb? Dhe kur flasim p\u00ebr Kish\u00ebn, Kisha nuk \u00ebsht\u00eb vet\u00ebm kryepeshkopi: Kisha jan\u00eb peshkop\u00ebt, prift\u00ebrinjt\u00eb &#8211; 136 prift\u00ebrinj shqiptar\u00eb, q\u00eb erdh\u00ebn prej asgj\u00ebs\u00eb. Kryepeshkopi i edukoi ata, u p\u00ebrpoq t&#8217;i mb\u00ebshtes\u00eb ata p\u00ebr familjet e tyre gjat\u00eb koh\u00eb s\u00eb shkollimit dhe tani ai \u00ebsht\u00eb nj\u00eb ndihmues, p\u00ebr t&#8217;u ofruar atyre nj\u00eb jet\u00eb me dinjitet. At\u00ebher\u00eb ku \u00ebsht\u00eb sakt\u00ebsisht problemi? &#8230;dhe p\u00ebr k\u00ebt\u00eb \u00e7\u00ebshtje natyrisht &#8211; e gjith\u00eb Kisha Ortodokse, ne jemi nj\u00eb e vetme. K\u00ebshtu q\u00eb un\u00eb nuk i kuptoj frik\u00ebrat.<\/span><\/span><\/span><\/div>\n<div style=\"text-align: justify;\">&nbsp;<\/div>\n<div style=\"text-align: justify;\"><span style=\"color: #000000;\"><span style=\"font-family: tahoma,geneva,sans-serif;\"><span style=\"font-size: 12px;\">&nbsp;&nbsp;&nbsp; Le t\u00eb jemi pak m\u00eb t\u00eb sakt\u00eb dhe provokativ\u00eb. Natyrisht ka njer\u00ebz q\u00eb shohin s\u00ebrish n\u00eb m\u00ebnyr\u00ebn e vjet\u00ebr, me dyshim q\u00eb kryepeshkopi \u00ebsht\u00eb nj\u00eb i huaj. Un\u00eb asnj\u00ebher\u00eb nuk i kam b\u00ebr\u00eb bisht t\u00eb them &#8211; \u00ebsht\u00eb e qart\u00eb, q\u00eb un\u00eb nuk kam lindur n\u00eb Shqip\u00ebri. Nganj\u00ebher\u00eb, me humor un\u00eb them se nuk \u00ebsht\u00eb faji im se ku kam lindur, ishte ndoshta &#8220;faji&#8221; i prind\u00ebrve t\u00eb mi, edhe n\u00ebse prind\u00ebrit e mi, si\u00e7 mund ta dini, vijn\u00eb nga Preveza. Megjithat\u00eb, ku q\u00ebndron ekzakt\u00ebsisht problemi? Un\u00eb nuk jam n\u00eb Shqip\u00ebri p\u00ebr t\u00eb krijuar nj\u00eb koloni. T\u00eb gjith\u00eb njer\u00ebzit q\u00eb kan\u00eb qen\u00eb k\u00ebtu e din\u00eb se n\u00eb koh\u00eb kritike un\u00eb e kam ngritur i vet\u00ebm z\u00ebrin tim kund\u00ebr shum\u00eb prej k\u00ebtyre gabimeve q\u00eb ata d\u00ebgjonin k\u00ebtu. Njer\u00ebzit q\u00eb i din\u00eb pun\u00ebt nga brenda, e kuptojn\u00eb shum\u00eb qart\u00eb, se nuk ka kontribut m\u00eb t\u00eb r\u00ebnd\u00ebsish\u00ebm se i Kish\u00ebs Ortodokse dhe i k\u00ebtij kryepeshkopi. Un\u00eb jam i vet\u00ebm. Vizioni im \u00ebsht\u00eb sakt\u00ebsisht t\u00eb shoh brezin e ri t\u00eb marr\u00eb udh\u00ebheqjen &#8211; kjo \u00ebsht\u00eb perspektiva. M\u00eb thuaj, sa njer\u00ebz nga Shqip\u00ebria jan\u00eb graduar si peshkop\u00eb n\u00eb Kish\u00ebn Romano-Katolike apo tek protestant\u00ebt &#8211; a mund t&#8217;i gjesh. Mua nuk m\u00eb p\u00eblqen t\u00eb flas p\u00ebr k\u00ebt\u00eb, un\u00eb kam nj\u00eb d\u00ebshir\u00eb dhe respekt t\u00eb thell\u00eb p\u00ebr v\u00ebllez\u00ebrit dhe motrat e mia atje, por e p\u00ebrmend k\u00ebt\u00eb p\u00ebr t\u00eb vendosur vet\u00ebm kontaktin &#8211; nuk kemi di\u00e7ka specifike te Kisha Ortodokse&#8230;<\/span><\/span><\/span><\/div>\n<div style=\"text-align: justify;\">&nbsp;<\/div>\n<div style=\"text-align: justify;\"><span style=\"color: #000000;\"><span style=\"font-family: tahoma,geneva,sans-serif;\"><span style=\"font-size: 12px;\">&nbsp;&nbsp;&nbsp; Ka njer\u00ebz q\u00eb nuk mund t&#8217;i kuptojn\u00eb motivet se pse ndodhet k\u00ebtu kryepeshkopi. E vetmja mund\u00ebsi q\u00eb disa po p\u00ebrpiqen t\u00eb thon\u00eb tani \u00ebsht\u00eb: n\u00eb m\u00ebnyr\u00eb q\u00eb t\u00eb kuptosh kryepeshkopin Anastas ju duhet t\u00eb studioni q\u00ebndrimin e N\u00ebn\u00eb Terez\u00ebs. N\u00ebn\u00eb Tereza e la Ballkanin dhe shkoi n\u00eb Indi, p\u00ebr cilatdo arsye qoft\u00eb. Ajo ishte nj\u00eb person i besimit dhe i dashuris\u00eb. Kryepeshkopi la vendin e tij dhe mund\u00ebsit\u00eb e bukura q\u00eb kishte n\u00eb Greqi dhe n\u00eb t\u00eb gjith\u00eb bot\u00ebn dhe erdhi n\u00eb Shqip\u00ebri, p\u00ebr t\u00eb ndar\u00eb me ne v\u00ebshtir\u00ebsit\u00eb, dhimbjen, problemet. Natyrisht, p\u00ebr njer\u00ebz q\u00eb nuk besojn\u00eb te Zoti dhe nuk besojn\u00eb te dashuria, \u00ebsht\u00eb e pamundur t\u00eb kuptojn\u00eb, ata p\u00ebrpiqen t\u00eb b\u00ebjn\u00eb analiz\u00ebn e t\u00eb gjith\u00eb k\u00ebsaj me ideologji t\u00eb analiz\u00ebs marksiste.<\/span><\/span><\/span><\/div>\n<div style=\"text-align: justify;\">&nbsp;<\/div>\n<div style=\"text-align: justify;\"><span style=\"color: #000000;\"><span style=\"font-family: tahoma,geneva,sans-serif;\"><span style=\"font-size: 12px;\"><strong>&nbsp;&nbsp;&nbsp; A.Dodi: <\/strong>Ndoshta nj\u00eb shpjegim p\u00ebr kritikat mund ta gjejm\u00eb n\u00eb histori, me projektimin e nj\u00eb t\u00eb kaluare historike n\u00eb situat\u00ebn e tashme&#8230;<\/span><\/span><\/span><\/div>\n<div style=\"text-align: justify;\">&nbsp;<\/div>\n<div style=\"text-align: justify;\"><span style=\"color: #000000;\"><span style=\"font-family: tahoma,geneva,sans-serif;\"><span style=\"font-size: 12px;\"><strong>&nbsp;&nbsp;&nbsp; A.Janullatos: <\/strong>Ka gjithashtu nj\u00eb shpjegim tjet\u00ebr: q\u00eb ata nuk jan\u00eb shum\u00eb t\u00eb lumtur me zhvillimin e Kish\u00ebs Ortodokse dhe lidershipin q\u00eb ajo ka tani n\u00eb jet\u00ebn sociale. Shum\u00eb nga ata q\u00eb menduan se Kish\u00ebs Ortodokse ka vdekur dhe le t\u00eb ecim n\u00eb k\u00ebt\u00eb drejtim. Por Kisha Ortodokse \u00ebsht\u00eb e gjall\u00eb dhe ky \u00ebsht\u00eb nj\u00eb kontribut i madh p\u00ebr Shqip\u00ebrin\u00eb. Sepse tani n\u00eb Shqip\u00ebri ju nuk keni t\u00eb b\u00ebni me nj\u00eb komb tipik mysliman: ne jemi nj\u00eb shoq\u00ebri multifetare dhe kjo madje e ndihmon Shqip\u00ebrin\u00eb drejt Bashkimit Evropian. I gjith\u00eb ky zhvillim ka qen\u00eb nj\u00eb zhvillim shum\u00eb i r\u00ebnd\u00ebsish\u00ebm.<\/span><\/span><\/span><\/div>\n<div style=\"text-align: justify;\">&nbsp;<\/div>\n<div style=\"text-align: justify;\"><span style=\"color: #000000;\"><span style=\"font-family: tahoma,geneva,sans-serif;\"><span style=\"font-size: 12px;\">&nbsp;&nbsp;&nbsp; N\u00eb fillim t\u00eb viteve &#8217;90 shum\u00eb njer\u00ebz kuptohet q\u00eb menduan, q\u00eb p\u00ebr t\u00eb pasur nj\u00eb identitet, le t\u00eb kemi nj\u00eb identitet t\u00eb ndrysh\u00ebm nga ai i fqinj\u00ebve tan\u00eb. Por ishte naive: Shqip\u00ebria nuk \u00ebsht\u00eb n\u00eb Arabin\u00eb Saudite apo n\u00eb Afrik\u00eb, \u00ebsht\u00eb n\u00eb Ballkan. Dhe Kisha Ortodokse \u00ebsht\u00eb nj\u00eb ur\u00eb me fqinj\u00ebt, nuk \u00ebsht\u00eb k\u00ebrc\u00ebnim dhe \u00ebsht\u00eb bekim. Kur ne shkojm\u00eb p\u00ebrshembull n\u00eb Rumani, dhe ata shohin p\u00ebr her\u00eb t\u00eb par\u00eb q\u00eb gjuha shqipe flitet n\u00eb Rumani dhe n\u00eb Rusi nga peshkopi grek, i cili flet shqip kur shkon atje t\u00eb kremtoj\u00eb me patriarkun dhe me njer\u00ebzit e tjer\u00eb. \u00c7do njeri i di, dhe ortodoks\u00ebt i din\u00eb shum\u00eb mir\u00eb k\u00ebto detaje.<\/span><\/span><\/span><\/div>\n<div style=\"text-align: justify;\">&nbsp;<\/div>\n<div style=\"text-align: justify;\"><span style=\"color: #000000;\"><span style=\"font-family: tahoma,geneva,sans-serif;\"><span style=\"font-size: 12px;\"><strong>&nbsp;&nbsp;&nbsp; A.Dodi: <\/strong>Sa e fort\u00eb nga pik\u00ebpamja islamike \u00ebsht\u00eb Shqip\u00ebria n\u00eb t\u00eb v\u00ebrtet\u00eb?<\/span><\/span><\/span><\/div>\n<div style=\"text-align: justify;\">&nbsp;<\/div>\n<div style=\"text-align: justify;\"><span style=\"color: #000000;\"><span style=\"font-family: tahoma,geneva,sans-serif;\"><span style=\"font-size: 12px;\"><strong>&nbsp;&nbsp;&nbsp; A.Janullatos: <\/strong>Ne nuk kemi statistika. Ju e dini q\u00eb statistikat e fundit zyrtare jan\u00eb t\u00eb Luft\u00ebs s\u00eb Dyt\u00eb Bot\u00ebrore. N\u00eb k\u00ebt\u00eb periudh\u00eb n\u00eb burimet italiane jepen k\u00ebto shifra: 68% mysliman\u00eb sunit\u00eb e bektashinj, 22% ortodoks\u00eb dhe 10-11% roman\u00eb-katolik\u00eb. Por k\u00ebto shifra jan\u00eb shum\u00eb relative. \u00cbsht\u00eb interesante q\u00eb n\u00eb kujtimet e Stalinit ka nj\u00eb diskutim midis Stalinit dhe Hoxh\u00ebs: Stalini e pyeti Hoxh\u00ebn se sa ortodoks\u00eb jetojn\u00eb n\u00eb vendin tuaj dhe p\u00ebrgjigja e tij ishte &#8220;rreth 30%&#8221;. Ata nuk kan\u00eb qen\u00eb kaq t\u00eb sakt\u00eb me shifra &#8211; dhe sot ka njer\u00ebz q\u00eb nuk jan\u00eb kaq t\u00eb sakt\u00eb me shifra. Por \u00ebsht\u00eb e qart\u00eb, q\u00eb pas periudh\u00ebs s\u00eb komunizmit jo \u00e7do njeri u b\u00eb nj\u00eb person fetar, q\u00eb ka shum\u00eb njer\u00ebz tani q\u00eb thon\u00eb \u201cfaleminderit, ne nuk u p\u00ebrkasim komuniteteve fetare\u201d&#8230;<\/span><\/span><\/span><\/div>\n<div style=\"text-align: justify;\">&nbsp;<\/div>\n<div style=\"text-align: justify;\"><span style=\"color: #000000;\"><span style=\"font-family: tahoma,geneva,sans-serif;\"><span style=\"font-size: 12px;\"><strong>&nbsp;&nbsp;&nbsp; A.Dodi: <\/strong>E kam fjal\u00ebn n\u00eb q\u00ebndrimin e tyre, jo vet\u00ebm n\u00eb shifra, sa mysliman\u00eb t\u00eb fort\u00eb jan\u00eb shqiptar\u00ebt n\u00eb v\u00ebshtrimin tuaj?<\/span><\/span><\/span><\/div>\n<div style=\"text-align: justify;\">&nbsp;<\/div>\n<div style=\"text-align: justify;\"><span style=\"color: #000000;\"><span style=\"font-family: tahoma,geneva,sans-serif;\"><span style=\"font-size: 12px;\"><strong>&nbsp;&nbsp;&nbsp; A.Janullatos: <\/strong>Besoj se p\u00ebr k\u00ebt\u00eb duhet pyetur Komuniteti Mysliman. Por ajo q\u00eb dua t\u00eb them \u00ebsht\u00eb se gjat\u00eb gjith\u00eb k\u00ebtyre viteve, ju fol\u00ebt p\u00ebr kontributin tim, q\u00eb nga fillimi, n\u00eb nj\u00eb koh\u00eb shum\u00eb kritike un\u00eb insistova p\u00ebr v\u00ebllaz\u00ebrin\u00eb midis udh\u00ebheq\u00ebsve t\u00eb ndrysh\u00ebm fetar\u00eb. Gjat\u00eb periudh\u00ebs q\u00eb kemi patur gjith\u00eb k\u00ebto shqet\u00ebsime n\u00eb Bosnj\u00eb-Hercegovin\u00eb, Shqip\u00ebria p\u00ebrjetonte kushte ekselente, marr\u00ebdh\u00ebnie ekselente. Q\u00eb prej fillimit ne nis\u00ebm t\u00eb kemi jo vet\u00ebm toleranc\u00eb &#8211; toleranc\u00eb ting\u00ebllon disi arrogante, \u00e7\u2019dometh\u00ebn\u00eb toleranc\u00eb, t\u00eb tolerosh t\u00eb tjer\u00ebt &#8211; pse duhet t\u00eb flas un\u00eb p\u00ebr toleranc\u00eb, ne fol\u00ebm p\u00ebr bashk\u00ebpunim, p\u00ebr v\u00ebllaz\u00ebrim dhe ky \u00ebsht\u00eb me t\u00eb v\u00ebrtet\u00eb nj\u00eb kontribut i madh p\u00ebr shoq\u00ebrin\u00eb shqiptare dhe natyrisht shum\u00eb njer\u00ebz thon\u00eb se ky \u00ebsht\u00eb i vetmi vend n\u00eb Ballkan q\u00eb kemi k\u00ebto marr\u00ebdh\u00ebnie.<\/span><\/span><\/span><\/div>\n<div style=\"text-align: justify;\">&nbsp;<\/div>\n<div style=\"text-align: justify;\"><span style=\"color: #000000;\"><span style=\"font-family: tahoma,geneva,sans-serif;\"><span style=\"font-size: 12px;\"><strong>&nbsp;&nbsp;&nbsp; A.Dodi: <\/strong>Cilat jan\u00eb hapat n\u00eb vitet e ardhsh\u00ebm p\u00ebr Kish\u00ebn Ortodokse Shqiptare, p\u00ebrsa i p\u00ebrket hierarkis\u00eb dhe p\u00ebrsa u p\u00ebrket zhvillimeve t\u00eb ardhshme?<\/span><\/span><\/span><\/div>\n<div style=\"text-align: justify;\">&nbsp;<\/div>\n<div style=\"text-align: justify;\"><span style=\"color: #000000;\"><span style=\"font-family: tahoma,geneva,sans-serif;\"><span style=\"font-size: 12px;\"><strong>&nbsp;&nbsp;&nbsp; A.Janullatos: <\/strong>Si\u00e7 ju thash\u00eb, ka vet\u00ebm pak koh\u00eb q\u00eb votuam p\u00ebr nj\u00eb kushtetut\u00eb t\u00eb re dhe ne duhet ta implementojm\u00eb k\u00ebt\u00eb kushtetut\u00eb, gj\u00eb q\u00eb do t\u00eb thot\u00eb m\u00eb shum\u00eb pjes\u00ebmarrje t\u00eb njer\u00ebzve. Dhe midis t\u00eb tjerash ju e dini se k\u00ebta njer\u00ebz jan\u00eb shtetas shqiptar\u00eb. Natyrisht n\u00eb Veri ne kemi komunitetin malazez, n\u00eb Jug kemi komunitetin grek, n\u00eb Lindje ne kemi gjithashtu nj\u00eb komunitet tjet\u00ebr sllav- p\u00ebr ta kuptuar Kish\u00ebn Ortodokse &#8211; ne jemi nj\u00eb mozaik, me njer\u00ebz t\u00eb ndrysh\u00ebm. Sllogani im ishte prej fillimit: nj\u00eb pyll nuk \u00ebsht\u00eb m\u00eb i bukur kur ke vet\u00ebm nj\u00eb tip pem\u00ebsh, \u00e7\u00ebshtja \u00ebsht\u00eb q\u00eb pylli t\u00eb jet\u00eb i sh\u00ebndetsh\u00ebm dhe kjo \u00ebsht\u00eb ekzakt\u00ebsisht ajo q\u00eb po p\u00ebrpiqemi t\u00eb b\u00ebjm\u00eb. T\u00eb gjitha k\u00ebto q\u00eb ju tregova, jan\u00eb programe me perspektiv\u00eb: p\u00ebr shembull Instituti p\u00ebr Trajnimin Profesional \u00ebsht\u00eb nj\u00eb projekt shum\u00eb i r\u00ebnd\u00ebsish\u00ebm q\u00eb duhet t\u00eb zhvillojm\u00eb, t\u00eb gjith\u00eb element\u00ebt e tjer\u00eb p\u00ebr sh\u00ebndetin, duhet t&#8217;i zhvillojm\u00eb m\u00eb tej. Ka shum\u00eb komunitete n\u00eb fshatra, ne nuk punojm\u00eb vet\u00ebm n\u00eb Tiran\u00eb, ne punojm\u00eb n\u00eb t\u00eb gjith\u00eb Shqip\u00ebrin\u00eb, n\u00eb fshatrat e varf\u00ebr q\u00eb nuk i viziton askush, as deputet\u00ebt nuk shkojn\u00eb. Un\u00eb jam personi q\u00eb ka vizituar ndoshta m\u00eb shum\u00eb fshatra n\u00eb Shqip\u00ebri dhe ne kemi projekte t\u00eb ndryshme p\u00ebr zhvillimin e jet\u00ebs atje. N\u00ebse ne b\u00ebjm\u00eb rrug\u00eb, b\u00ebjm\u00eb ura dhe b\u00ebjm\u00eb p\u00ebrpjekje p\u00ebr elektricitetin, pse? N\u00eb m\u00ebnyr\u00eb q\u00eb t\u00eb shprehim k\u00ebt\u00eb respekt p\u00ebr dinjitetin e k\u00ebtyre njer\u00ebzve dhe ne e shprehim dashurin\u00eb ton\u00eb jo me shprehje e veprime t\u00eb p\u00ebrgjithshme, por me plane&nbsp;konkrete.&nbsp;&nbsp;&nbsp;<\/span><\/span><\/span><br \/> &nbsp;<\/div>\n<div style=\"text-align: justify;\">&nbsp;<\/div>\n<div style=\"text-align: justify;\"><span style=\"color: #000000;\"><span style=\"font-family: tahoma,geneva,sans-serif;\"><span style=\"font-size: 12px;\">&nbsp;&nbsp;&nbsp; Intervistoi <strong>&nbsp;Auron Dodi&nbsp; <\/strong><\/span><\/span><\/span><\/div>\n","protected":false},"excerpt":{"rendered":"<p>&nbsp; &nbsp; A.Dodi: Gjat\u00eb gjith\u00eb periudh\u00ebs kur Ju keni qen\u00eb duke kryer nj\u00eb pun\u00eb rind\u00ebrtimi n\u00eb Shqip\u00ebri, disa kritik\u00eb kan\u00eb shtruar&nbsp;pyetjen se pse n\u00eb krye t\u00eb kish\u00ebs shqiptare autoqefale t\u00eb jet\u00eb nj\u00eb grek. Kjo lidhet me nj\u00eb droj\u00eb, se Kisha Ortodokse Shqiptare mund t\u00eb humbas\u00eb karakterin e saj autoqefal. Kritik\u00ebt kan\u00eb p\u00ebrmendur koh\u00ebt e fundit fakte t\u00eb tilla si metropolitani i rretheve jugore t\u00eb Shqip\u00ebris\u00eb<\/p>\n","protected":false},"author":1,"featured_media":0,"comment_status":"open","ping_status":"open","sticky":false,"template":"","format":"standard","meta":{"_acf_changed":false,"pagelayer_contact_templates":[],"_pagelayer_content":"","inline_featured_image":false,"fifu_image_url":"","fifu_image_alt":"","footnotes":""},"categories":[108],"tags":[147,180,196,201,212],"class_list":["post-645","post","type-post","status-publish","format-standard","hentry","category-lajme","tag-147","tag-interviste","tag-tirane","tag-kryepiskopi-anastas","tag-lajme-d27"],"acf":[],"yoast_head":"<!-- This site is optimized with the Yoast SEO plugin v27.2 - https:\/\/yoast.com\/product\/yoast-seo-wordpress\/ -->\n<title>Intervista e Kryepiskopit Anastas dh\u00ebn\u00eb radios \u201cDeutsche Welle\u201d. (Maj 2007) - Kisha Orthodh\u03bfkse Autoqefale e Shqip\u00ebris\u00eb<\/title>\n<meta name=\"robots\" content=\"index, follow, max-snippet:-1, max-image-preview:large, max-video-preview:-1\" \/>\n<link rel=\"canonical\" href=\"https:\/\/orthodoxalbania.org\/2020\/2007\/02\/26\/intervista-e-kryepiskopit-anastas-dhene-radios-deutsche-welle-maj-2007\/\" \/>\n<meta property=\"og:locale\" content=\"en_US\" \/>\n<meta property=\"og:type\" content=\"article\" \/>\n<meta property=\"og:title\" content=\"Intervista e Kryepiskopit Anastas dh\u00ebn\u00eb radios \u201cDeutsche Welle\u201d. (Maj 2007) - Kisha Orthodh\u03bfkse Autoqefale e Shqip\u00ebris\u00eb\" \/>\n<meta property=\"og:description\" content=\"&nbsp; &nbsp; A.Dodi: Gjat\u00eb gjith\u00eb periudh\u00ebs kur Ju keni qen\u00eb duke kryer nj\u00eb pun\u00eb rind\u00ebrtimi n\u00eb Shqip\u00ebri, disa kritik\u00eb kan\u00eb shtruar&nbsp;pyetjen se pse n\u00eb krye t\u00eb kish\u00ebs shqiptare autoqefale t\u00eb jet\u00eb nj\u00eb grek. Kjo lidhet me nj\u00eb droj\u00eb, se Kisha Ortodokse Shqiptare mund t\u00eb humbas\u00eb karakterin e saj autoqefal. Kritik\u00ebt kan\u00eb p\u00ebrmendur koh\u00ebt e fundit fakte t\u00eb tilla si metropolitani i rretheve jugore t\u00eb Shqip\u00ebris\u00eb\" \/>\n<meta property=\"og:url\" content=\"https:\/\/orthodoxalbania.org\/2020\/2007\/02\/26\/intervista-e-kryepiskopit-anastas-dhene-radios-deutsche-welle-maj-2007\/\" \/>\n<meta property=\"og:site_name\" content=\"Kisha Orthodh\u03bfkse Autoqefale e Shqip\u00ebris\u00eb\" \/>\n<meta property=\"article:publisher\" content=\"https:\/\/www.facebook.com\/koash1991\" \/>\n<meta property=\"article:published_time\" content=\"2007-02-26T00:00:00+00:00\" \/>\n<meta property=\"article:modified_time\" content=\"2020-04-06T20:35:44+00:00\" \/>\n<meta property=\"og:image\" content=\"https:\/\/orthodoxalbania.org\/2020\/wp-content\/uploads\/2021\/02\/LogoLastALb-200.png\" \/>\n\t<meta property=\"og:image:width\" content=\"200\" \/>\n\t<meta property=\"og:image:height\" content=\"172\" \/>\n\t<meta property=\"og:image:type\" content=\"image\/png\" \/>\n<meta name=\"author\" content=\"Kisha Orthodhokse\" \/>\n<meta name=\"twitter:card\" content=\"summary_large_image\" \/>\n<meta name=\"twitter:label1\" content=\"Written by\" \/>\n\t<meta name=\"twitter:data1\" content=\"Kisha Orthodhokse\" \/>\n\t<meta name=\"twitter:label2\" content=\"Est. reading time\" \/>\n\t<meta name=\"twitter:data2\" content=\"11 minutes\" \/>\n<script type=\"application\/ld+json\" class=\"yoast-schema-graph\">{\"@context\":\"https:\/\/schema.org\",\"@graph\":[{\"@type\":\"Article\",\"@id\":\"https:\/\/orthodoxalbania.org\/2020\/2007\/02\/26\/intervista-e-kryepiskopit-anastas-dhene-radios-deutsche-welle-maj-2007\/#article\",\"isPartOf\":{\"@id\":\"https:\/\/orthodoxalbania.org\/2020\/2007\/02\/26\/intervista-e-kryepiskopit-anastas-dhene-radios-deutsche-welle-maj-2007\/\"},\"author\":{\"name\":\"Kisha Orthodhokse\",\"@id\":\"https:\/\/orthodoxalbania.org\/2020\/#\/schema\/person\/0c387634a7063ac612d7ed9ce71c7e86\"},\"headline\":\"Intervista e Kryepiskopit Anastas dh\u00ebn\u00eb radios \u201cDeutsche Welle\u201d. (Maj 2007)\",\"datePublished\":\"2007-02-26T00:00:00+00:00\",\"dateModified\":\"2020-04-06T20:35:44+00:00\",\"mainEntityOfPage\":{\"@id\":\"https:\/\/orthodoxalbania.org\/2020\/2007\/02\/26\/intervista-e-kryepiskopit-anastas-dhene-radios-deutsche-welle-maj-2007\/\"},\"wordCount\":2297,\"commentCount\":0,\"publisher\":{\"@id\":\"https:\/\/orthodoxalbania.org\/2020\/#organization\"},\"keywords\":[\"2007\",\"Intervist\u00eb\",\"Kryepiskopata Tiran\u00eb\",\"Kryepiskopi Anastas\",\"lajme\"],\"articleSection\":[\"Lajme\"],\"inLanguage\":\"en-US\"},{\"@type\":\"WebPage\",\"@id\":\"https:\/\/orthodoxalbania.org\/2020\/2007\/02\/26\/intervista-e-kryepiskopit-anastas-dhene-radios-deutsche-welle-maj-2007\/\",\"url\":\"https:\/\/orthodoxalbania.org\/2020\/2007\/02\/26\/intervista-e-kryepiskopit-anastas-dhene-radios-deutsche-welle-maj-2007\/\",\"name\":\"Intervista e Kryepiskopit Anastas dh\u00ebn\u00eb radios \u201cDeutsche Welle\u201d. (Maj 2007) - Kisha Orthodh\u03bfkse Autoqefale e Shqip\u00ebris\u00eb\",\"isPartOf\":{\"@id\":\"https:\/\/orthodoxalbania.org\/2020\/#website\"},\"datePublished\":\"2007-02-26T00:00:00+00:00\",\"dateModified\":\"2020-04-06T20:35:44+00:00\",\"breadcrumb\":{\"@id\":\"https:\/\/orthodoxalbania.org\/2020\/2007\/02\/26\/intervista-e-kryepiskopit-anastas-dhene-radios-deutsche-welle-maj-2007\/#breadcrumb\"},\"inLanguage\":\"en-US\",\"potentialAction\":[{\"@type\":\"ReadAction\",\"target\":[\"https:\/\/orthodoxalbania.org\/2020\/2007\/02\/26\/intervista-e-kryepiskopit-anastas-dhene-radios-deutsche-welle-maj-2007\/\"]}]},{\"@type\":\"BreadcrumbList\",\"@id\":\"https:\/\/orthodoxalbania.org\/2020\/2007\/02\/26\/intervista-e-kryepiskopit-anastas-dhene-radios-deutsche-welle-maj-2007\/#breadcrumb\",\"itemListElement\":[{\"@type\":\"ListItem\",\"position\":1,\"name\":\"Home\",\"item\":\"https:\/\/orthodoxalbania.org\/2020\/\"},{\"@type\":\"ListItem\",\"position\":2,\"name\":\"Intervista e Kryepiskopit Anastas dh\u00ebn\u00eb radios \u201cDeutsche Welle\u201d. (Maj 2007)\"}]},{\"@type\":\"WebSite\",\"@id\":\"https:\/\/orthodoxalbania.org\/2020\/#website\",\"url\":\"https:\/\/orthodoxalbania.org\/2020\/\",\"name\":\"Kisha Orthodh\u03bfkse Autoqefale e Shqip\u00ebris\u00eb\",\"description\":\"Fqja Zyrtare e Kish\u00ebs Orthodhokse Autoqefale e Shqip\u00ebris\u00eb me lajmet edhe informacionet zyrtare p\u00ebr struktur\u00ebn edhe veprimtarin e saj.\",\"publisher\":{\"@id\":\"https:\/\/orthodoxalbania.org\/2020\/#organization\"},\"potentialAction\":[{\"@type\":\"SearchAction\",\"target\":{\"@type\":\"EntryPoint\",\"urlTemplate\":\"https:\/\/orthodoxalbania.org\/2020\/?s={search_term_string}\"},\"query-input\":{\"@type\":\"PropertyValueSpecification\",\"valueRequired\":true,\"valueName\":\"search_term_string\"}}],\"inLanguage\":\"en-US\"},{\"@type\":\"Organization\",\"@id\":\"https:\/\/orthodoxalbania.org\/2020\/#organization\",\"name\":\"Kisha Orthodhokse Autoqefale e Shqip\u00ebris\u00eb\",\"url\":\"https:\/\/orthodoxalbania.org\/2020\/\",\"logo\":{\"@type\":\"ImageObject\",\"inLanguage\":\"en-US\",\"@id\":\"https:\/\/orthodoxalbania.org\/2020\/#\/schema\/logo\/image\/\",\"url\":\"https:\/\/orthodoxalbania.org\/2020\/wp-content\/uploads\/2020\/05\/albania.jpeg\",\"contentUrl\":\"https:\/\/orthodoxalbania.org\/2020\/wp-content\/uploads\/2020\/05\/albania.jpeg\",\"width\":540,\"height\":540,\"caption\":\"Kisha Orthodhokse Autoqefale e Shqip\u00ebris\u00eb\"},\"image\":{\"@id\":\"https:\/\/orthodoxalbania.org\/2020\/#\/schema\/logo\/image\/\"},\"sameAs\":[\"https:\/\/www.facebook.com\/koash1991\"]},{\"@type\":\"Person\",\"@id\":\"https:\/\/orthodoxalbania.org\/2020\/#\/schema\/person\/0c387634a7063ac612d7ed9ce71c7e86\",\"name\":\"Kisha Orthodhokse\",\"image\":{\"@type\":\"ImageObject\",\"inLanguage\":\"en-US\",\"@id\":\"https:\/\/secure.gravatar.com\/avatar\/596e7c417251e30f2fbb9c00e026fce61a695a00e51c889caded71c96cbbdde5?s=96&d=mm&r=g\",\"url\":\"https:\/\/secure.gravatar.com\/avatar\/596e7c417251e30f2fbb9c00e026fce61a695a00e51c889caded71c96cbbdde5?s=96&d=mm&r=g\",\"contentUrl\":\"https:\/\/secure.gravatar.com\/avatar\/596e7c417251e30f2fbb9c00e026fce61a695a00e51c889caded71c96cbbdde5?s=96&d=mm&r=g\",\"caption\":\"Kisha Orthodhokse\"}}]}<\/script>\n<!-- \/ Yoast SEO plugin. -->","yoast_head_json":{"title":"Intervista e Kryepiskopit Anastas dh\u00ebn\u00eb radios \u201cDeutsche Welle\u201d. (Maj 2007) - Kisha Orthodh\u03bfkse Autoqefale e Shqip\u00ebris\u00eb","robots":{"index":"index","follow":"follow","max-snippet":"max-snippet:-1","max-image-preview":"max-image-preview:large","max-video-preview":"max-video-preview:-1"},"canonical":"https:\/\/orthodoxalbania.org\/2020\/2007\/02\/26\/intervista-e-kryepiskopit-anastas-dhene-radios-deutsche-welle-maj-2007\/","og_locale":"en_US","og_type":"article","og_title":"Intervista e Kryepiskopit Anastas dh\u00ebn\u00eb radios \u201cDeutsche Welle\u201d. (Maj 2007) - Kisha Orthodh\u03bfkse Autoqefale e Shqip\u00ebris\u00eb","og_description":"&nbsp; &nbsp; A.Dodi: Gjat\u00eb gjith\u00eb periudh\u00ebs kur Ju keni qen\u00eb duke kryer nj\u00eb pun\u00eb rind\u00ebrtimi n\u00eb Shqip\u00ebri, disa kritik\u00eb kan\u00eb shtruar&nbsp;pyetjen se pse n\u00eb krye t\u00eb kish\u00ebs shqiptare autoqefale t\u00eb jet\u00eb nj\u00eb grek. Kjo lidhet me nj\u00eb droj\u00eb, se Kisha Ortodokse Shqiptare mund t\u00eb humbas\u00eb karakterin e saj autoqefal. Kritik\u00ebt kan\u00eb p\u00ebrmendur koh\u00ebt e fundit fakte t\u00eb tilla si metropolitani i rretheve jugore t\u00eb Shqip\u00ebris\u00eb","og_url":"https:\/\/orthodoxalbania.org\/2020\/2007\/02\/26\/intervista-e-kryepiskopit-anastas-dhene-radios-deutsche-welle-maj-2007\/","og_site_name":"Kisha Orthodh\u03bfkse Autoqefale e Shqip\u00ebris\u00eb","article_publisher":"https:\/\/www.facebook.com\/koash1991","article_published_time":"2007-02-26T00:00:00+00:00","article_modified_time":"2020-04-06T20:35:44+00:00","og_image":[{"width":200,"height":172,"url":"https:\/\/orthodoxalbania.org\/2020\/wp-content\/uploads\/2021\/02\/LogoLastALb-200.png","type":"image\/png"}],"author":"Kisha Orthodhokse","twitter_card":"summary_large_image","twitter_misc":{"Written by":"Kisha Orthodhokse","Est. reading time":"11 minutes"},"schema":{"@context":"https:\/\/schema.org","@graph":[{"@type":"Article","@id":"https:\/\/orthodoxalbania.org\/2020\/2007\/02\/26\/intervista-e-kryepiskopit-anastas-dhene-radios-deutsche-welle-maj-2007\/#article","isPartOf":{"@id":"https:\/\/orthodoxalbania.org\/2020\/2007\/02\/26\/intervista-e-kryepiskopit-anastas-dhene-radios-deutsche-welle-maj-2007\/"},"author":{"name":"Kisha Orthodhokse","@id":"https:\/\/orthodoxalbania.org\/2020\/#\/schema\/person\/0c387634a7063ac612d7ed9ce71c7e86"},"headline":"Intervista e Kryepiskopit Anastas dh\u00ebn\u00eb radios \u201cDeutsche Welle\u201d. (Maj 2007)","datePublished":"2007-02-26T00:00:00+00:00","dateModified":"2020-04-06T20:35:44+00:00","mainEntityOfPage":{"@id":"https:\/\/orthodoxalbania.org\/2020\/2007\/02\/26\/intervista-e-kryepiskopit-anastas-dhene-radios-deutsche-welle-maj-2007\/"},"wordCount":2297,"commentCount":0,"publisher":{"@id":"https:\/\/orthodoxalbania.org\/2020\/#organization"},"keywords":["2007","Intervist\u00eb","Kryepiskopata Tiran\u00eb","Kryepiskopi Anastas","lajme"],"articleSection":["Lajme"],"inLanguage":"en-US"},{"@type":"WebPage","@id":"https:\/\/orthodoxalbania.org\/2020\/2007\/02\/26\/intervista-e-kryepiskopit-anastas-dhene-radios-deutsche-welle-maj-2007\/","url":"https:\/\/orthodoxalbania.org\/2020\/2007\/02\/26\/intervista-e-kryepiskopit-anastas-dhene-radios-deutsche-welle-maj-2007\/","name":"Intervista e Kryepiskopit Anastas dh\u00ebn\u00eb radios \u201cDeutsche Welle\u201d. (Maj 2007) - Kisha Orthodh\u03bfkse Autoqefale e Shqip\u00ebris\u00eb","isPartOf":{"@id":"https:\/\/orthodoxalbania.org\/2020\/#website"},"datePublished":"2007-02-26T00:00:00+00:00","dateModified":"2020-04-06T20:35:44+00:00","breadcrumb":{"@id":"https:\/\/orthodoxalbania.org\/2020\/2007\/02\/26\/intervista-e-kryepiskopit-anastas-dhene-radios-deutsche-welle-maj-2007\/#breadcrumb"},"inLanguage":"en-US","potentialAction":[{"@type":"ReadAction","target":["https:\/\/orthodoxalbania.org\/2020\/2007\/02\/26\/intervista-e-kryepiskopit-anastas-dhene-radios-deutsche-welle-maj-2007\/"]}]},{"@type":"BreadcrumbList","@id":"https:\/\/orthodoxalbania.org\/2020\/2007\/02\/26\/intervista-e-kryepiskopit-anastas-dhene-radios-deutsche-welle-maj-2007\/#breadcrumb","itemListElement":[{"@type":"ListItem","position":1,"name":"Home","item":"https:\/\/orthodoxalbania.org\/2020\/"},{"@type":"ListItem","position":2,"name":"Intervista e Kryepiskopit Anastas dh\u00ebn\u00eb radios \u201cDeutsche Welle\u201d. (Maj 2007)"}]},{"@type":"WebSite","@id":"https:\/\/orthodoxalbania.org\/2020\/#website","url":"https:\/\/orthodoxalbania.org\/2020\/","name":"Kisha Orthodh\u03bfkse Autoqefale e Shqip\u00ebris\u00eb","description":"Fqja Zyrtare e Kish\u00ebs Orthodhokse Autoqefale e Shqip\u00ebris\u00eb me lajmet edhe informacionet zyrtare p\u00ebr struktur\u00ebn edhe veprimtarin e saj.","publisher":{"@id":"https:\/\/orthodoxalbania.org\/2020\/#organization"},"potentialAction":[{"@type":"SearchAction","target":{"@type":"EntryPoint","urlTemplate":"https:\/\/orthodoxalbania.org\/2020\/?s={search_term_string}"},"query-input":{"@type":"PropertyValueSpecification","valueRequired":true,"valueName":"search_term_string"}}],"inLanguage":"en-US"},{"@type":"Organization","@id":"https:\/\/orthodoxalbania.org\/2020\/#organization","name":"Kisha Orthodhokse Autoqefale e Shqip\u00ebris\u00eb","url":"https:\/\/orthodoxalbania.org\/2020\/","logo":{"@type":"ImageObject","inLanguage":"en-US","@id":"https:\/\/orthodoxalbania.org\/2020\/#\/schema\/logo\/image\/","url":"https:\/\/orthodoxalbania.org\/2020\/wp-content\/uploads\/2020\/05\/albania.jpeg","contentUrl":"https:\/\/orthodoxalbania.org\/2020\/wp-content\/uploads\/2020\/05\/albania.jpeg","width":540,"height":540,"caption":"Kisha Orthodhokse Autoqefale e Shqip\u00ebris\u00eb"},"image":{"@id":"https:\/\/orthodoxalbania.org\/2020\/#\/schema\/logo\/image\/"},"sameAs":["https:\/\/www.facebook.com\/koash1991"]},{"@type":"Person","@id":"https:\/\/orthodoxalbania.org\/2020\/#\/schema\/person\/0c387634a7063ac612d7ed9ce71c7e86","name":"Kisha Orthodhokse","image":{"@type":"ImageObject","inLanguage":"en-US","@id":"https:\/\/secure.gravatar.com\/avatar\/596e7c417251e30f2fbb9c00e026fce61a695a00e51c889caded71c96cbbdde5?s=96&d=mm&r=g","url":"https:\/\/secure.gravatar.com\/avatar\/596e7c417251e30f2fbb9c00e026fce61a695a00e51c889caded71c96cbbdde5?s=96&d=mm&r=g","contentUrl":"https:\/\/secure.gravatar.com\/avatar\/596e7c417251e30f2fbb9c00e026fce61a695a00e51c889caded71c96cbbdde5?s=96&d=mm&r=g","caption":"Kisha Orthodhokse"}}]}},"_links":{"self":[{"href":"https:\/\/orthodoxalbania.org\/2020\/wp-json\/wp\/v2\/posts\/645","targetHints":{"allow":["GET"]}}],"collection":[{"href":"https:\/\/orthodoxalbania.org\/2020\/wp-json\/wp\/v2\/posts"}],"about":[{"href":"https:\/\/orthodoxalbania.org\/2020\/wp-json\/wp\/v2\/types\/post"}],"author":[{"embeddable":true,"href":"https:\/\/orthodoxalbania.org\/2020\/wp-json\/wp\/v2\/users\/1"}],"replies":[{"embeddable":true,"href":"https:\/\/orthodoxalbania.org\/2020\/wp-json\/wp\/v2\/comments?post=645"}],"version-history":[{"count":1,"href":"https:\/\/orthodoxalbania.org\/2020\/wp-json\/wp\/v2\/posts\/645\/revisions"}],"predecessor-version":[{"id":15751,"href":"https:\/\/orthodoxalbania.org\/2020\/wp-json\/wp\/v2\/posts\/645\/revisions\/15751"}],"wp:attachment":[{"href":"https:\/\/orthodoxalbania.org\/2020\/wp-json\/wp\/v2\/media?parent=645"}],"wp:term":[{"taxonomy":"category","embeddable":true,"href":"https:\/\/orthodoxalbania.org\/2020\/wp-json\/wp\/v2\/categories?post=645"},{"taxonomy":"post_tag","embeddable":true,"href":"https:\/\/orthodoxalbania.org\/2020\/wp-json\/wp\/v2\/tags?post=645"}],"curies":[{"name":"wp","href":"https:\/\/api.w.org\/{rel}","templated":true}]}}