{"id":6441,"date":"2018-04-26T06:31:57","date_gmt":"2018-04-26T06:31:57","guid":{"rendered":""},"modified":"2020-04-06T21:58:10","modified_gmt":"2020-04-06T19:58:10","slug":"vizite-e-patriarkut-kirill-ne-kishen-e-shqiperise","status":"publish","type":"post","link":"https:\/\/orthodoxalbania.org\/2020\/2018\/04\/26\/vizite-e-patriarkut-kirill-ne-kishen-e-shqiperise\/","title":{"rendered":"Vizit\u00eb e Patriarkut Kirill n\u00eb Kish\u00ebn e Shqip\u00ebris\u00eb"},"content":{"rendered":"<p>&nbsp;<\/p>\n<p><span style=\"font-size: 10pt; color: #ff6600;\"><img class=\"lazyload\" decoding=\"async\" style=\"display: block; margin: 10px auto; border: initial;\" alt=\"\" src=\"data:image\/svg+xml,%3Csvg%20xmlns%3D%27http%3A%2F%2Fwww.w3.org%2F2000%2Fsvg%27%20width%3D%2751%27%20height%3D%2751%27%20viewBox%3D%270%200%2051%2051%27%3E%3Crect%20width%3D%2751%27%20height%3D%2751%27%20fill-opacity%3D%220%22%2F%3E%3C%2Fsvg%3E\" data-orig-src=\"https:\/\/lh4.googleusercontent.com\/-p6oTSlUmOrM\/U0UABsfjknI\/AAAAAAAAATs\/zlJeoFRksRE\/s577-no\/logo.png\" height=\"51\" width=\"51\" \/><\/span><\/p>\n<p style=\"text-align: center;\"><span style=\"font-size: 12pt; font-family: helvetica; color: #000000;\">KISHA ORTHODHOKSE AUTOQEFALE E SHQIP\u00cbRIS\u00cb<\/span><\/p>\n<p style=\"text-align: center;\">&nbsp;<\/p>\n<p style=\"text-align: center;\"><span style=\"font-size: 12pt; font-family: helvetica; color: #000000;\"><strong>Vizit\u00eb paq\u00ebsore e Shenjt\u00ebris\u00eb s\u00eb Tij, Patriarkut t\u00eb Mosk\u00ebs<\/strong><\/span><\/p>\n<p style=\"text-align: center;\"><span style=\"font-size: 12pt; font-family: helvetica; color: #000000;\"><strong>dhe t\u00eb Gjith\u00eb Rusive, Kirillit,<\/strong><\/span><\/p>\n<p style=\"text-align: center;\"><span style=\"font-size: 12pt; font-family: helvetica; color: #000000;\"><strong>n\u00eb Kish\u00ebn Orthodhokse Autoqefale t\u00eb Shqip\u00ebris\u00eb<\/strong><\/span><\/p>\n<p style=\"text-align: center;\">&nbsp;<\/p>\n<p style=\"text-align: center;\"><span style=\"font-size: 12pt; font-family: helvetica; color: #000000;\">28-30 prill 2018<\/span><\/p>\n<p>&nbsp;<\/p>\n<p style=\"text-align: justify;\"><span style=\"font-size: 12pt; font-family: helvetica; color: #000000;\">&nbsp; &nbsp;Nga data 28-30 prill, Kisha Orthodhokse Autoqefale e Shqip\u00ebris\u00eb do t\u00eb pres\u00eb Fortlumturin\u00eb dhe Shenjt\u00ebrin\u00eb e Tij, Patriarkun e Mosk\u00ebs dhe t\u00eb Gjith\u00eb Rusive, Kirillin. Kjo vizit\u00eb e par\u00eb paq\u00ebsore dhe historike ka nj\u00eb r\u00ebnd\u00ebsi t\u00eb ve\u00e7ant\u00eb, pasi t\u00eb dyja Kishat kan\u00eb p\u00ebrjetuar nj\u00eb persekutim t\u00eb eg\u00ebr komunisto-ateist.<\/span><\/p>\n<p style=\"text-align: justify;\"><span style=\"font-size: 12pt; font-family: helvetica; color: #000000;\">&nbsp; &nbsp;T\u00eb shtun\u00ebn, m\u00eb 28 prill 2018, ora 16:00, Kryepiskopi Anastas, i shoq\u00ebruar nga an\u00ebtar\u00ebt e Sinodit t\u00eb Shenjt\u00eb, do t\u00eb pres\u00eb Patriarkun Kirill n\u00eb aeroportin nd\u00ebrkomb\u00ebtar \u201cN\u00ebn\u00eb Tereza\u201d. M\u00eb pas do t\u00eb vijoj\u00eb Dhoksologjia zyrtare n\u00eb Katedralen e Hirshme \u201cNgjallja e Krishtit\u201d, n\u00eb Tiran\u00eb mbas or\u00ebs 16:00.<\/span><\/p>\n<p style=\"text-align: justify;\"><span style=\"font-size: 12pt; font-family: helvetica; color: #000000;\">&nbsp; &nbsp;Dit\u00ebn e diel, m\u00eb 29 prill, n\u00eb m\u00ebngjes, t\u00eb dy Primat\u00ebt e Kishave do t\u00eb bashk\u00ebmeshojn\u00eb n\u00eb Katedralen e Hirshme \u201cNgjallja e Krishtit\u201d, n\u00eb Tiran\u00eb, me pjes\u00ebmarrjen e klerik\u00ebve t\u00eb t\u00eb dyja Kishave.<\/span><\/p>\n<p style=\"text-align: justify;\"><span style=\"font-size: 12pt; font-family: helvetica; color: #000000;\">&nbsp; &nbsp;M\u00eb pas, Kisha Orthodhokse Autoqefale e Shqip\u00ebris\u00eb do t\u00eb shtroj\u00eb drek\u00ebn zyrtare n\u00eb MAK Albania Hotel.<\/span><\/p>\n<p style=\"text-align: justify;\"><span style=\"font-size: 12pt; font-family: helvetica; color: #000000;\">&nbsp; &nbsp;Pasdite, ora 18:00, do t\u00eb jepet shfaqja festive n\u00eb Qendr\u00ebn Kulturore t\u00eb Kish\u00ebs Katedrale. N\u00eb fillim do t\u00eb kryhet prezantimi i botimit n\u00eb rusisht t\u00eb librit t\u00eb Fortlumturis\u00eb s\u00eb Tij, Kryepiskopit Anastas, \u201cDeri n\u00eb skajet e dheut\u201d. N\u00eb Liturgjin\u00eb Hyjnore dhe n\u00eb shfaqjen festive do t\u00eb marr\u00eb pjes\u00eb edhe Kori Sinodal i Patriarkan\u00ebs s\u00eb Mosk\u00ebs.<\/span><\/p>\n<p style=\"text-align: justify;\"><span style=\"font-size: 12pt; font-family: helvetica; color: #000000;\">&nbsp; &nbsp;N\u00eb mbr\u00ebmjen e s\u00eb diel\u00ebs, Shk\u00eblqesia e Tij, Presidenti i Republik\u00ebs s\u00eb Shqip\u00ebris\u00eb, z. Ilir Meta, do t\u00eb shtroj\u00eb nj\u00eb dark\u00eb n\u00eb Pallatin e Brigadave.<\/span><\/p>\n<p style=\"text-align: justify;\"><span style=\"font-size: 12pt; font-family: helvetica; color: #000000;\">&nbsp; &nbsp;T\u00eb h\u00ebn\u00ebn, m\u00eb 30 prill, Patriarku Kirill do t\u00eb ket\u00eb takime zyrtare, n\u00eb Selin\u00eb e Presidenc\u00ebs, me&nbsp;Shk\u00eblqesin\u00eb e Tij, Presidentin e Republik\u00ebs s\u00eb Shqip\u00ebris\u00eb, z. Ilir Meta, si dhe n\u00eb Selin\u00eb e Kryeministris\u00eb, me Shk\u00eblqesin\u00eb e Tij, Kryeministrin, z. Edi Rama. N\u00eb fund do t\u00eb vizitoj\u00eb Manastirin e Sh\u00ebn Vlashit, Durr\u00ebs dhe Akademin\u00eb Orthodhokse Theologjike \u201cNgjallja e Krishtit\u201d. Largimi i vizitorit t\u00eb lart\u00eb parashikohet n\u00eb or\u00ebn 14.00, nga aeroporti nd\u00ebrkomb\u00ebtar \u201cN\u00ebn\u00eb Tereza\u201d.<\/span><\/p>\n<p style=\"text-align: justify;\"><span style=\"font-size: 12pt; font-family: helvetica; color: #000000;\">&nbsp; &nbsp;Kryepiskopi i Tiran\u00ebs, Durr\u00ebsit dhe i Gjith\u00eb Shqip\u00ebris\u00eb, Anastasi, ka vizituar zyrtarisht Kish\u00ebn Orthodhokse t\u00eb Rusis\u00eb m\u00eb 1999. N\u00eb Mosk\u00eb, n\u00eb nj\u00eb ceremoni zyrtare n\u00eb Qendr\u00ebn Kulturore t\u00eb Kish\u00ebs Katedrale t\u00eb Shp\u00ebtimtarit, Kryepiskopi Anastas \u00ebsht\u00eb nderuar me \u00c7mimin \u201cP\u00ebr kontribut t\u00eb shquar p\u00ebr unitetin e Orthodhoks\u00ebve\u201d (2008).<\/span><\/p>\n<p style=\"text-align: justify;\">&nbsp;<\/p>\n<p style=\"text-align: justify;\"><span style=\"font-size: 12pt; font-family: helvetica; color: #000000;\">&nbsp; &nbsp;Tiran\u00eb, 25 prill 2018<\/span><\/p>\n<p style=\"text-align: center;\">&nbsp;<\/p>\n<p style=\"text-align: center;\"><span style=\"font-size: 12pt; font-family: helvetica; color: #000000;\"><strong>Zyra e Shtypit<\/strong><\/span><\/p>\n<p style=\"text-align: center;\"><span style=\"font-size: 12pt; font-family: helvetica; color: #000000;\"><strong>e Kish\u00ebs Orthodhokse Autoqefale t\u00eb Shqip\u00ebris\u00eb<\/strong><\/span><\/p>\n","protected":false},"excerpt":{"rendered":"<p>&nbsp; KISHA ORTHODHOKSE AUTOQEFALE E SHQIP\u00cbRIS\u00cb &nbsp; Vizit\u00eb paq\u00ebsore e Shenjt\u00ebris\u00eb s\u00eb Tij, Patriarkut t\u00eb Mosk\u00ebs dhe t\u00eb Gjith\u00eb Rusive, Kirillit, n\u00eb Kish\u00ebn Orthodhokse Autoqefale t\u00eb Shqip\u00ebris\u00eb &nbsp; 28-30 prill 2018 &nbsp; &nbsp; &nbsp;Nga data 28-30 prill, Kisha Orthodhokse Autoqefale e Shqip\u00ebris\u00eb do t\u00eb pres\u00eb Fortlumturin\u00eb dhe Shenjt\u00ebrin\u00eb e Tij, Patriarkun e Mosk\u00ebs dhe t\u00eb Gjith\u00eb Rusive, Kirillin. Kjo vizit\u00eb e par\u00eb paq\u00ebsore dhe historike<\/p>\n","protected":false},"author":1,"featured_media":6442,"comment_status":"open","ping_status":"open","sticky":false,"template":"","format":"standard","meta":{"_acf_changed":false,"pagelayer_contact_templates":[],"_pagelayer_content":"","inline_featured_image":false,"fifu_image_url":"","fifu_image_alt":"","footnotes":""},"categories":[108],"tags":[220,153,196,212,233,234],"class_list":["post-6441","post","type-post","status-publish","format-standard","has-post-thumbnail","hentry","category-lajme","tag-220","tag-deklarata-njoftime-zyrtare-d75","tag-tirane","tag-lajme-d27","tag-patriarku-kirill","tag-vizite-historike"],"acf":[],"yoast_head":"<!-- This site is optimized with the Yoast SEO plugin v27.2 - https:\/\/yoast.com\/product\/yoast-seo-wordpress\/ -->\n<title>Vizit\u00eb e Patriarkut Kirill n\u00eb Kish\u00ebn e Shqip\u00ebris\u00eb - Kisha Orthodh\u03bfkse Autoqefale e Shqip\u00ebris\u00eb<\/title>\n<meta name=\"robots\" content=\"index, follow, max-snippet:-1, max-image-preview:large, max-video-preview:-1\" \/>\n<link rel=\"canonical\" href=\"https:\/\/orthodoxalbania.org\/2020\/2018\/04\/26\/vizite-e-patriarkut-kirill-ne-kishen-e-shqiperise\/\" \/>\n<meta property=\"og:locale\" content=\"en_US\" \/>\n<meta property=\"og:type\" content=\"article\" \/>\n<meta property=\"og:title\" content=\"Vizit\u00eb e Patriarkut Kirill n\u00eb Kish\u00ebn e Shqip\u00ebris\u00eb - Kisha Orthodh\u03bfkse Autoqefale e Shqip\u00ebris\u00eb\" \/>\n<meta property=\"og:description\" content=\"&nbsp; KISHA ORTHODHOKSE AUTOQEFALE E SHQIP\u00cbRIS\u00cb &nbsp; Vizit\u00eb paq\u00ebsore e Shenjt\u00ebris\u00eb s\u00eb Tij, Patriarkut t\u00eb Mosk\u00ebs dhe t\u00eb Gjith\u00eb Rusive, Kirillit, n\u00eb Kish\u00ebn Orthodhokse Autoqefale t\u00eb Shqip\u00ebris\u00eb &nbsp; 28-30 prill 2018 &nbsp; &nbsp; &nbsp;Nga data 28-30 prill, Kisha Orthodhokse Autoqefale e Shqip\u00ebris\u00eb do t\u00eb pres\u00eb Fortlumturin\u00eb dhe Shenjt\u00ebrin\u00eb e Tij, Patriarkun e Mosk\u00ebs dhe t\u00eb Gjith\u00eb Rusive, Kirillin. Kjo vizit\u00eb e par\u00eb paq\u00ebsore dhe historike\" \/>\n<meta property=\"og:url\" content=\"https:\/\/orthodoxalbania.org\/2020\/2018\/04\/26\/vizite-e-patriarkut-kirill-ne-kishen-e-shqiperise\/\" \/>\n<meta property=\"og:site_name\" content=\"Kisha Orthodh\u03bfkse Autoqefale e Shqip\u00ebris\u00eb\" \/>\n<meta property=\"article:publisher\" content=\"https:\/\/www.facebook.com\/koash1991\" \/>\n<meta property=\"article:published_time\" content=\"2018-04-26T06:31:57+00:00\" \/>\n<meta property=\"article:modified_time\" content=\"2020-04-06T19:58:10+00:00\" \/>\n<meta property=\"og:image\" content=\"https:\/\/orthodoxalbania.org\/2020\/wp-content\/uploads\/2020\/04\/962.jpg\" \/>\n\t<meta property=\"og:image:width\" content=\"800\" \/>\n\t<meta property=\"og:image:height\" content=\"529\" \/>\n\t<meta property=\"og:image:type\" content=\"image\/jpeg\" \/>\n<meta name=\"author\" content=\"Kisha Orthodhokse\" \/>\n<meta name=\"twitter:card\" content=\"summary_large_image\" \/>\n<meta name=\"twitter:label1\" content=\"Written by\" \/>\n\t<meta name=\"twitter:data1\" content=\"Kisha Orthodhokse\" \/>\n\t<meta name=\"twitter:label2\" content=\"Est. reading time\" \/>\n\t<meta name=\"twitter:data2\" content=\"2 minutes\" \/>\n<script type=\"application\/ld+json\" class=\"yoast-schema-graph\">{\"@context\":\"https:\/\/schema.org\",\"@graph\":[{\"@type\":\"Article\",\"@id\":\"https:\/\/orthodoxalbania.org\/2020\/2018\/04\/26\/vizite-e-patriarkut-kirill-ne-kishen-e-shqiperise\/#article\",\"isPartOf\":{\"@id\":\"https:\/\/orthodoxalbania.org\/2020\/2018\/04\/26\/vizite-e-patriarkut-kirill-ne-kishen-e-shqiperise\/\"},\"author\":{\"name\":\"Kisha Orthodhokse\",\"@id\":\"https:\/\/orthodoxalbania.org\/2020\/#\/schema\/person\/0c387634a7063ac612d7ed9ce71c7e86\"},\"headline\":\"Vizit\u00eb e Patriarkut Kirill n\u00eb Kish\u00ebn e Shqip\u00ebris\u00eb\",\"datePublished\":\"2018-04-26T06:31:57+00:00\",\"dateModified\":\"2020-04-06T19:58:10+00:00\",\"mainEntityOfPage\":{\"@id\":\"https:\/\/orthodoxalbania.org\/2020\/2018\/04\/26\/vizite-e-patriarkut-kirill-ne-kishen-e-shqiperise\/\"},\"wordCount\":472,\"commentCount\":0,\"publisher\":{\"@id\":\"https:\/\/orthodoxalbania.org\/2020\/#organization\"},\"image\":{\"@id\":\"https:\/\/orthodoxalbania.org\/2020\/2018\/04\/26\/vizite-e-patriarkut-kirill-ne-kishen-e-shqiperise\/#primaryimage\"},\"thumbnailUrl\":\"https:\/\/orthodoxalbania.org\/2020\/wp-content\/uploads\/2020\/04\/962.jpg\",\"keywords\":[\"2018\",\"Deklarata - Njoftime Zyrtare\",\"Kryepiskopata Tiran\u00eb\",\"lajme\",\"Patriarku Kirill\",\"Vizite Historike\"],\"articleSection\":[\"Lajme\"],\"inLanguage\":\"en-US\"},{\"@type\":\"WebPage\",\"@id\":\"https:\/\/orthodoxalbania.org\/2020\/2018\/04\/26\/vizite-e-patriarkut-kirill-ne-kishen-e-shqiperise\/\",\"url\":\"https:\/\/orthodoxalbania.org\/2020\/2018\/04\/26\/vizite-e-patriarkut-kirill-ne-kishen-e-shqiperise\/\",\"name\":\"Vizit\u00eb e Patriarkut Kirill n\u00eb Kish\u00ebn e Shqip\u00ebris\u00eb - Kisha Orthodh\u03bfkse Autoqefale e Shqip\u00ebris\u00eb\",\"isPartOf\":{\"@id\":\"https:\/\/orthodoxalbania.org\/2020\/#website\"},\"primaryImageOfPage\":{\"@id\":\"https:\/\/orthodoxalbania.org\/2020\/2018\/04\/26\/vizite-e-patriarkut-kirill-ne-kishen-e-shqiperise\/#primaryimage\"},\"image\":{\"@id\":\"https:\/\/orthodoxalbania.org\/2020\/2018\/04\/26\/vizite-e-patriarkut-kirill-ne-kishen-e-shqiperise\/#primaryimage\"},\"thumbnailUrl\":\"https:\/\/orthodoxalbania.org\/2020\/wp-content\/uploads\/2020\/04\/962.jpg\",\"datePublished\":\"2018-04-26T06:31:57+00:00\",\"dateModified\":\"2020-04-06T19:58:10+00:00\",\"breadcrumb\":{\"@id\":\"https:\/\/orthodoxalbania.org\/2020\/2018\/04\/26\/vizite-e-patriarkut-kirill-ne-kishen-e-shqiperise\/#breadcrumb\"},\"inLanguage\":\"en-US\",\"potentialAction\":[{\"@type\":\"ReadAction\",\"target\":[\"https:\/\/orthodoxalbania.org\/2020\/2018\/04\/26\/vizite-e-patriarkut-kirill-ne-kishen-e-shqiperise\/\"]}]},{\"@type\":\"ImageObject\",\"inLanguage\":\"en-US\",\"@id\":\"https:\/\/orthodoxalbania.org\/2020\/2018\/04\/26\/vizite-e-patriarkut-kirill-ne-kishen-e-shqiperise\/#primaryimage\",\"url\":\"https:\/\/orthodoxalbania.org\/2020\/wp-content\/uploads\/2020\/04\/962.jpg\",\"contentUrl\":\"https:\/\/orthodoxalbania.org\/2020\/wp-content\/uploads\/2020\/04\/962.jpg\",\"width\":800,\"height\":529},{\"@type\":\"BreadcrumbList\",\"@id\":\"https:\/\/orthodoxalbania.org\/2020\/2018\/04\/26\/vizite-e-patriarkut-kirill-ne-kishen-e-shqiperise\/#breadcrumb\",\"itemListElement\":[{\"@type\":\"ListItem\",\"position\":1,\"name\":\"Home\",\"item\":\"https:\/\/orthodoxalbania.org\/2020\/\"},{\"@type\":\"ListItem\",\"position\":2,\"name\":\"Vizit\u00eb e Patriarkut Kirill n\u00eb Kish\u00ebn e Shqip\u00ebris\u00eb\"}]},{\"@type\":\"WebSite\",\"@id\":\"https:\/\/orthodoxalbania.org\/2020\/#website\",\"url\":\"https:\/\/orthodoxalbania.org\/2020\/\",\"name\":\"Kisha Orthodh\u03bfkse Autoqefale e Shqip\u00ebris\u00eb\",\"description\":\"Fqja Zyrtare e Kish\u00ebs Orthodhokse Autoqefale e Shqip\u00ebris\u00eb me lajmet edhe informacionet zyrtare p\u00ebr struktur\u00ebn edhe veprimtarin e saj.\",\"publisher\":{\"@id\":\"https:\/\/orthodoxalbania.org\/2020\/#organization\"},\"potentialAction\":[{\"@type\":\"SearchAction\",\"target\":{\"@type\":\"EntryPoint\",\"urlTemplate\":\"https:\/\/orthodoxalbania.org\/2020\/?s={search_term_string}\"},\"query-input\":{\"@type\":\"PropertyValueSpecification\",\"valueRequired\":true,\"valueName\":\"search_term_string\"}}],\"inLanguage\":\"en-US\"},{\"@type\":\"Organization\",\"@id\":\"https:\/\/orthodoxalbania.org\/2020\/#organization\",\"name\":\"Kisha Orthodhokse Autoqefale e Shqip\u00ebris\u00eb\",\"url\":\"https:\/\/orthodoxalbania.org\/2020\/\",\"logo\":{\"@type\":\"ImageObject\",\"inLanguage\":\"en-US\",\"@id\":\"https:\/\/orthodoxalbania.org\/2020\/#\/schema\/logo\/image\/\",\"url\":\"https:\/\/orthodoxalbania.org\/2020\/wp-content\/uploads\/2020\/05\/albania.jpeg\",\"contentUrl\":\"https:\/\/orthodoxalbania.org\/2020\/wp-content\/uploads\/2020\/05\/albania.jpeg\",\"width\":540,\"height\":540,\"caption\":\"Kisha Orthodhokse Autoqefale e Shqip\u00ebris\u00eb\"},\"image\":{\"@id\":\"https:\/\/orthodoxalbania.org\/2020\/#\/schema\/logo\/image\/\"},\"sameAs\":[\"https:\/\/www.facebook.com\/koash1991\"]},{\"@type\":\"Person\",\"@id\":\"https:\/\/orthodoxalbania.org\/2020\/#\/schema\/person\/0c387634a7063ac612d7ed9ce71c7e86\",\"name\":\"Kisha Orthodhokse\",\"image\":{\"@type\":\"ImageObject\",\"inLanguage\":\"en-US\",\"@id\":\"https:\/\/secure.gravatar.com\/avatar\/596e7c417251e30f2fbb9c00e026fce61a695a00e51c889caded71c96cbbdde5?s=96&d=mm&r=g\",\"url\":\"https:\/\/secure.gravatar.com\/avatar\/596e7c417251e30f2fbb9c00e026fce61a695a00e51c889caded71c96cbbdde5?s=96&d=mm&r=g\",\"contentUrl\":\"https:\/\/secure.gravatar.com\/avatar\/596e7c417251e30f2fbb9c00e026fce61a695a00e51c889caded71c96cbbdde5?s=96&d=mm&r=g\",\"caption\":\"Kisha Orthodhokse\"}}]}<\/script>\n<!-- \/ Yoast SEO plugin. -->","yoast_head_json":{"title":"Vizit\u00eb e Patriarkut Kirill n\u00eb Kish\u00ebn e Shqip\u00ebris\u00eb - Kisha Orthodh\u03bfkse Autoqefale e Shqip\u00ebris\u00eb","robots":{"index":"index","follow":"follow","max-snippet":"max-snippet:-1","max-image-preview":"max-image-preview:large","max-video-preview":"max-video-preview:-1"},"canonical":"https:\/\/orthodoxalbania.org\/2020\/2018\/04\/26\/vizite-e-patriarkut-kirill-ne-kishen-e-shqiperise\/","og_locale":"en_US","og_type":"article","og_title":"Vizit\u00eb e Patriarkut Kirill n\u00eb Kish\u00ebn e Shqip\u00ebris\u00eb - Kisha Orthodh\u03bfkse Autoqefale e Shqip\u00ebris\u00eb","og_description":"&nbsp; KISHA ORTHODHOKSE AUTOQEFALE E SHQIP\u00cbRIS\u00cb &nbsp; Vizit\u00eb paq\u00ebsore e Shenjt\u00ebris\u00eb s\u00eb Tij, Patriarkut t\u00eb Mosk\u00ebs dhe t\u00eb Gjith\u00eb Rusive, Kirillit, n\u00eb Kish\u00ebn Orthodhokse Autoqefale t\u00eb Shqip\u00ebris\u00eb &nbsp; 28-30 prill 2018 &nbsp; &nbsp; &nbsp;Nga data 28-30 prill, Kisha Orthodhokse Autoqefale e Shqip\u00ebris\u00eb do t\u00eb pres\u00eb Fortlumturin\u00eb dhe Shenjt\u00ebrin\u00eb e Tij, Patriarkun e Mosk\u00ebs dhe t\u00eb Gjith\u00eb Rusive, Kirillin. Kjo vizit\u00eb e par\u00eb paq\u00ebsore dhe historike","og_url":"https:\/\/orthodoxalbania.org\/2020\/2018\/04\/26\/vizite-e-patriarkut-kirill-ne-kishen-e-shqiperise\/","og_site_name":"Kisha Orthodh\u03bfkse Autoqefale e Shqip\u00ebris\u00eb","article_publisher":"https:\/\/www.facebook.com\/koash1991","article_published_time":"2018-04-26T06:31:57+00:00","article_modified_time":"2020-04-06T19:58:10+00:00","og_image":[{"width":800,"height":529,"url":"https:\/\/orthodoxalbania.org\/2020\/wp-content\/uploads\/2020\/04\/962.jpg","type":"image\/jpeg"}],"author":"Kisha Orthodhokse","twitter_card":"summary_large_image","twitter_misc":{"Written by":"Kisha Orthodhokse","Est. reading time":"2 minutes"},"schema":{"@context":"https:\/\/schema.org","@graph":[{"@type":"Article","@id":"https:\/\/orthodoxalbania.org\/2020\/2018\/04\/26\/vizite-e-patriarkut-kirill-ne-kishen-e-shqiperise\/#article","isPartOf":{"@id":"https:\/\/orthodoxalbania.org\/2020\/2018\/04\/26\/vizite-e-patriarkut-kirill-ne-kishen-e-shqiperise\/"},"author":{"name":"Kisha Orthodhokse","@id":"https:\/\/orthodoxalbania.org\/2020\/#\/schema\/person\/0c387634a7063ac612d7ed9ce71c7e86"},"headline":"Vizit\u00eb e Patriarkut Kirill n\u00eb Kish\u00ebn e Shqip\u00ebris\u00eb","datePublished":"2018-04-26T06:31:57+00:00","dateModified":"2020-04-06T19:58:10+00:00","mainEntityOfPage":{"@id":"https:\/\/orthodoxalbania.org\/2020\/2018\/04\/26\/vizite-e-patriarkut-kirill-ne-kishen-e-shqiperise\/"},"wordCount":472,"commentCount":0,"publisher":{"@id":"https:\/\/orthodoxalbania.org\/2020\/#organization"},"image":{"@id":"https:\/\/orthodoxalbania.org\/2020\/2018\/04\/26\/vizite-e-patriarkut-kirill-ne-kishen-e-shqiperise\/#primaryimage"},"thumbnailUrl":"https:\/\/orthodoxalbania.org\/2020\/wp-content\/uploads\/2020\/04\/962.jpg","keywords":["2018","Deklarata - Njoftime Zyrtare","Kryepiskopata Tiran\u00eb","lajme","Patriarku Kirill","Vizite Historike"],"articleSection":["Lajme"],"inLanguage":"en-US"},{"@type":"WebPage","@id":"https:\/\/orthodoxalbania.org\/2020\/2018\/04\/26\/vizite-e-patriarkut-kirill-ne-kishen-e-shqiperise\/","url":"https:\/\/orthodoxalbania.org\/2020\/2018\/04\/26\/vizite-e-patriarkut-kirill-ne-kishen-e-shqiperise\/","name":"Vizit\u00eb e Patriarkut Kirill n\u00eb Kish\u00ebn e Shqip\u00ebris\u00eb - Kisha Orthodh\u03bfkse Autoqefale e Shqip\u00ebris\u00eb","isPartOf":{"@id":"https:\/\/orthodoxalbania.org\/2020\/#website"},"primaryImageOfPage":{"@id":"https:\/\/orthodoxalbania.org\/2020\/2018\/04\/26\/vizite-e-patriarkut-kirill-ne-kishen-e-shqiperise\/#primaryimage"},"image":{"@id":"https:\/\/orthodoxalbania.org\/2020\/2018\/04\/26\/vizite-e-patriarkut-kirill-ne-kishen-e-shqiperise\/#primaryimage"},"thumbnailUrl":"https:\/\/orthodoxalbania.org\/2020\/wp-content\/uploads\/2020\/04\/962.jpg","datePublished":"2018-04-26T06:31:57+00:00","dateModified":"2020-04-06T19:58:10+00:00","breadcrumb":{"@id":"https:\/\/orthodoxalbania.org\/2020\/2018\/04\/26\/vizite-e-patriarkut-kirill-ne-kishen-e-shqiperise\/#breadcrumb"},"inLanguage":"en-US","potentialAction":[{"@type":"ReadAction","target":["https:\/\/orthodoxalbania.org\/2020\/2018\/04\/26\/vizite-e-patriarkut-kirill-ne-kishen-e-shqiperise\/"]}]},{"@type":"ImageObject","inLanguage":"en-US","@id":"https:\/\/orthodoxalbania.org\/2020\/2018\/04\/26\/vizite-e-patriarkut-kirill-ne-kishen-e-shqiperise\/#primaryimage","url":"https:\/\/orthodoxalbania.org\/2020\/wp-content\/uploads\/2020\/04\/962.jpg","contentUrl":"https:\/\/orthodoxalbania.org\/2020\/wp-content\/uploads\/2020\/04\/962.jpg","width":800,"height":529},{"@type":"BreadcrumbList","@id":"https:\/\/orthodoxalbania.org\/2020\/2018\/04\/26\/vizite-e-patriarkut-kirill-ne-kishen-e-shqiperise\/#breadcrumb","itemListElement":[{"@type":"ListItem","position":1,"name":"Home","item":"https:\/\/orthodoxalbania.org\/2020\/"},{"@type":"ListItem","position":2,"name":"Vizit\u00eb e Patriarkut Kirill n\u00eb Kish\u00ebn e Shqip\u00ebris\u00eb"}]},{"@type":"WebSite","@id":"https:\/\/orthodoxalbania.org\/2020\/#website","url":"https:\/\/orthodoxalbania.org\/2020\/","name":"Kisha Orthodh\u03bfkse Autoqefale e Shqip\u00ebris\u00eb","description":"Fqja Zyrtare e Kish\u00ebs Orthodhokse Autoqefale e Shqip\u00ebris\u00eb me lajmet edhe informacionet zyrtare p\u00ebr struktur\u00ebn edhe veprimtarin e saj.","publisher":{"@id":"https:\/\/orthodoxalbania.org\/2020\/#organization"},"potentialAction":[{"@type":"SearchAction","target":{"@type":"EntryPoint","urlTemplate":"https:\/\/orthodoxalbania.org\/2020\/?s={search_term_string}"},"query-input":{"@type":"PropertyValueSpecification","valueRequired":true,"valueName":"search_term_string"}}],"inLanguage":"en-US"},{"@type":"Organization","@id":"https:\/\/orthodoxalbania.org\/2020\/#organization","name":"Kisha Orthodhokse Autoqefale e Shqip\u00ebris\u00eb","url":"https:\/\/orthodoxalbania.org\/2020\/","logo":{"@type":"ImageObject","inLanguage":"en-US","@id":"https:\/\/orthodoxalbania.org\/2020\/#\/schema\/logo\/image\/","url":"https:\/\/orthodoxalbania.org\/2020\/wp-content\/uploads\/2020\/05\/albania.jpeg","contentUrl":"https:\/\/orthodoxalbania.org\/2020\/wp-content\/uploads\/2020\/05\/albania.jpeg","width":540,"height":540,"caption":"Kisha Orthodhokse Autoqefale e Shqip\u00ebris\u00eb"},"image":{"@id":"https:\/\/orthodoxalbania.org\/2020\/#\/schema\/logo\/image\/"},"sameAs":["https:\/\/www.facebook.com\/koash1991"]},{"@type":"Person","@id":"https:\/\/orthodoxalbania.org\/2020\/#\/schema\/person\/0c387634a7063ac612d7ed9ce71c7e86","name":"Kisha Orthodhokse","image":{"@type":"ImageObject","inLanguage":"en-US","@id":"https:\/\/secure.gravatar.com\/avatar\/596e7c417251e30f2fbb9c00e026fce61a695a00e51c889caded71c96cbbdde5?s=96&d=mm&r=g","url":"https:\/\/secure.gravatar.com\/avatar\/596e7c417251e30f2fbb9c00e026fce61a695a00e51c889caded71c96cbbdde5?s=96&d=mm&r=g","contentUrl":"https:\/\/secure.gravatar.com\/avatar\/596e7c417251e30f2fbb9c00e026fce61a695a00e51c889caded71c96cbbdde5?s=96&d=mm&r=g","caption":"Kisha Orthodhokse"}}]}},"_links":{"self":[{"href":"https:\/\/orthodoxalbania.org\/2020\/wp-json\/wp\/v2\/posts\/6441","targetHints":{"allow":["GET"]}}],"collection":[{"href":"https:\/\/orthodoxalbania.org\/2020\/wp-json\/wp\/v2\/posts"}],"about":[{"href":"https:\/\/orthodoxalbania.org\/2020\/wp-json\/wp\/v2\/types\/post"}],"author":[{"embeddable":true,"href":"https:\/\/orthodoxalbania.org\/2020\/wp-json\/wp\/v2\/users\/1"}],"replies":[{"embeddable":true,"href":"https:\/\/orthodoxalbania.org\/2020\/wp-json\/wp\/v2\/comments?post=6441"}],"version-history":[{"count":1,"href":"https:\/\/orthodoxalbania.org\/2020\/wp-json\/wp\/v2\/posts\/6441\/revisions"}],"predecessor-version":[{"id":14790,"href":"https:\/\/orthodoxalbania.org\/2020\/wp-json\/wp\/v2\/posts\/6441\/revisions\/14790"}],"wp:featuredmedia":[{"embeddable":true,"href":"https:\/\/orthodoxalbania.org\/2020\/wp-json\/wp\/v2\/media\/6442"}],"wp:attachment":[{"href":"https:\/\/orthodoxalbania.org\/2020\/wp-json\/wp\/v2\/media?parent=6441"}],"wp:term":[{"taxonomy":"category","embeddable":true,"href":"https:\/\/orthodoxalbania.org\/2020\/wp-json\/wp\/v2\/categories?post=6441"},{"taxonomy":"post_tag","embeddable":true,"href":"https:\/\/orthodoxalbania.org\/2020\/wp-json\/wp\/v2\/tags?post=6441"}],"curies":[{"name":"wp","href":"https:\/\/api.w.org\/{rel}","templated":true}]}}