{"id":6440,"date":"2020-04-30T00:00:18","date_gmt":"2020-04-29T22:00:18","guid":{"rendered":"https:\/\/orthodoxalbania.org\/2020\/2020\/04\/30\/apostull-jakovi-vellai-i-joan-ungjillorit-oshenar-donati-i-evrise-sarande\/"},"modified":"2020-04-29T17:04:40","modified_gmt":"2020-04-29T15:04:40","slug":"apostull-jakovi-vellai-i-joan-ungjillorit-oshenar-donati-i-evrise-sarande","status":"publish","type":"post","link":"https:\/\/orthodoxalbania.org\/2020\/2020\/04\/30\/apostull-jakovi-vellai-i-joan-ungjillorit-oshenar-donati-i-evrise-sarande\/","title":{"rendered":"Apostull Jakovi, v\u00ebllai i Joan Ungjillorit. Osh\u00ebnar Donati i Evris\u00eb (Sarand\u00eb)."},"content":{"rendered":"<p style=\"text-align: justify;\"><span style=\"color: #ff6600;\"><span style=\"color: #008000;\"><strong><span style=\"font-size: 12pt; font-family: helvetica;\">Apostull Jakovi, v\u00ebllai i Joan Ungjillorit.<\/span><\/strong><\/span><\/span><\/p>\n<p><img class=\"lazyload\" decoding=\"async\" style=\"margin: 10px; border: 1px solid #000000; float: left;\" src=\"data:image\/svg+xml,%3Csvg%20xmlns%3D%27http%3A%2F%2Fwww.w3.org%2F2000%2Fsvg%27%20width%3D%27171%27%20height%3D%27248%27%20viewBox%3D%270%200%20171%20248%27%3E%3Crect%20width%3D%27171%27%20height%3D%27248%27%20fill-opacity%3D%220%22%2F%3E%3C%2Fsvg%3E\" data-orig-src=\"https:\/\/orthodoxalbania.org\/2020\/wp-content\/uploads\/2020\/04\/jakovi.jpg\" alt=\"\" width=\"171\" height=\"248\" \/><\/p>\n<p style=\"text-align: justify;\"><span style=\"font-size: 12pt; font-family: helvetica; color: #000000;\">Ky apostull i lavdish\u00ebm i Krishtit, bir i Zevedheut dhe i Salom\u00ebs, v\u00ebllai i madh i sh\u00ebn Joan Theologut, ishte nga qyteti Betsaida i Galiles\u00eb. Pas ftes\u00ebs q\u00eb i b\u00ebri v\u00ebllez\u00ebrve Andrea dhe Petro, t\u00eb bijve t\u00eb Joanit, p\u00ebr t\u00eb d\u00ebgjuar m\u00ebsimin e tij, Krishti ftoi dhe Jakovin s\u00eb bashku me v\u00ebllain e tij Joanin. Q\u00eb t\u00eb dy v\u00ebllez\u00ebrit lan\u00eb t\u00eb atin, lundr\u00ebn dhe gjith\u00eb pasurin\u00eb e tyre dhe pasuan Krishtin. Kjo thirrje ishte p\u00ebrfundimtare, pasi edhe m\u00eb par\u00eb ata e kishin pasuar Zotin, pas pag\u00ebzimit t\u00eb Tij, kur Joan Pag\u00ebzori d\u00ebshmoi se ai \u00ebsht\u00eb Mesia.<\/span><\/p>\n<p style=\"text-align: justify;\"><span style=\"font-size: 12pt; font-family: helvetica; color: #000000;\">Si\u00e7 e shikojm\u00eb dhe nga ngjarjet e p\u00ebrshkruara n\u00eb Ungjill, Jakovi sikurse Pjetri dhe Joani, zinte nj\u00eb vend t\u00eb ve\u00e7ant\u00eb dhe u vler\u00ebsua shum\u00eb nga Zoti yn\u00eb Jisu Krisht. Ai u vler\u00ebsua t\u00eb jet\u00eb i pranish\u00ebm dhe n\u00eb shum\u00eb mrekulli q\u00eb b\u00ebri Krishti. K\u00ebshtu, p.sh. ai ishte i pranish\u00ebm n\u00eb ngjalljen e bij\u00ebs s\u00eb Jairit nga Jisu, n\u00eb shp\u00ebrfytyrimin e Jisuit n\u00eb Malin Tabor, etj. Joani dhe Jakovi ishin ata t\u00eb cil\u00ebt u mbiquajt\u00ebn bij bubullime. Sipas disave u quajt\u00ebn k\u00ebshtu p\u00ebr shkak t\u00eb forc\u00ebs s\u00eb predikimit t\u00eb tyre, nd\u00ebrsa sipas disa t\u00eb tjer\u00ebve u quajt\u00ebn k\u00ebshtu p\u00ebr shkak t\u00eb zem\u00ebrimit t\u00eb tyre me disa samaritan\u00eb q\u00eb nuk e besonin dhe nuk e pranonin Jisuin.<\/span><\/p>\n<p style=\"text-align: justify;\"><span style=\"font-size: 12pt; font-family: helvetica; color: #000000;\">Jakovi dhe Joani ishin ata q\u00eb i k\u00ebrkuan Jisuit t&#8217;i vendoste n\u00eb lavdin\u00eb e Tij, nj\u00ebri n\u00eb t\u00eb majt\u00eb e tjetri n\u00eb t\u00eb djatht\u00eb. Krishti iu b\u00ebri t\u00eb qart\u00eb atyre se do t\u00eb vinte momenti n\u00eb t\u00eb cilin ata, do t\u00eb pinin potirin q\u00eb do t\u00eb pinte edhe Krishti, si dhe do t\u00eb pag\u00ebzoheshin n\u00eb pag\u00ebzimin e Tij, duke n\u00ebnkuptuar se p\u00ebrndjekjet dhe torturat nuk do t\u00eb ishin t\u00eb huaja n\u00eb jet\u00ebn e tyre.<\/span><\/p>\n<p style=\"text-align: justify;\"><span style=\"font-size: 12pt; font-family: helvetica; color: #000000;\">P\u00ebr sa i p\u00ebrket Jakovit, profecia u plot\u00ebsua n\u00eb vitin 44 pas Krishtit. Apostulli q\u00ebndroi n\u00eb Jerusalem duke predikuar dhe fuqizuar kish\u00ebn atje. Irodh Agripa, xhaxhai i t\u00eb cilit ishte Irodhi q\u00eb kishte urdh\u00ebruar prerjen e kok\u00ebs s\u00eb Joan Pag\u00ebzorit, u informua p\u00ebr aktivitetin e apostullit. Ai, duke mos duruar dot zellin dhe pasionin me t\u00eb cilin Jakovi predikonte m\u00ebsimin shp\u00ebtimtar t\u00eb Krishtit, urdh\u00ebroi q\u00eb apostulli t\u00eb vritej me shpat\u00eb n\u00eb vitin 44 pas Krishtit.<\/span><\/p>\n","protected":false},"excerpt":{"rendered":"<p>Apostull Jakovi, v\u00ebllai i Joan Ungjillorit. Ky apostull i lavdish\u00ebm i Krishtit, bir i Zevedheut dhe i Salom\u00ebs, v\u00ebllai i madh i sh\u00ebn Joan Theologut, ishte nga qyteti Betsaida i Galiles\u00eb. Pas ftes\u00ebs q\u00eb i b\u00ebri v\u00ebllez\u00ebrve Andrea dhe Petro, t\u00eb bijve t\u00eb Joanit, p\u00ebr t\u00eb d\u00ebgjuar m\u00ebsimin e tij, Krishti ftoi dhe Jakovin s\u00eb bashku me v\u00ebllain e tij Joanin. Q\u00eb t\u00eb dy v\u00ebllez\u00ebrit<\/p>\n","protected":false},"author":7,"featured_media":3100,"comment_status":"closed","ping_status":"closed","sticky":false,"template":"","format":"standard","meta":{"_acf_changed":false,"pagelayer_contact_templates":[],"_pagelayer_content":"","inline_featured_image":false,"fifu_image_url":"","fifu_image_alt":"","footnotes":""},"categories":[372],"tags":[2103,2101],"class_list":["post-6440","post","type-post","status-publish","format-standard","has-post-thumbnail","hentry","category-shenjtoret-e-dites","tag-leximet-e-dites","tag-shenjtori-i-dites"],"acf":[],"yoast_head":"<!-- This site is optimized with the Yoast SEO plugin v27.2 - https:\/\/yoast.com\/product\/yoast-seo-wordpress\/ -->\n<title>Apostull Jakovi, v\u00ebllai i Joan Ungjillorit. Osh\u00ebnar Donati i Evris\u00eb (Sarand\u00eb). - Kisha Orthodh\u03bfkse Autoqefale e Shqip\u00ebris\u00eb<\/title>\n<meta name=\"robots\" content=\"index, follow, max-snippet:-1, max-image-preview:large, max-video-preview:-1\" \/>\n<link rel=\"canonical\" href=\"https:\/\/orthodoxalbania.org\/2020\/2020\/04\/30\/apostull-jakovi-vellai-i-joan-ungjillorit-oshenar-donati-i-evrise-sarande\/\" \/>\n<meta property=\"og:locale\" content=\"en_US\" \/>\n<meta property=\"og:type\" content=\"article\" \/>\n<meta property=\"og:title\" content=\"Apostull Jakovi, v\u00ebllai i Joan Ungjillorit. Osh\u00ebnar Donati i Evris\u00eb (Sarand\u00eb). - Kisha Orthodh\u03bfkse Autoqefale e Shqip\u00ebris\u00eb\" \/>\n<meta property=\"og:description\" content=\"Apostull Jakovi, v\u00ebllai i Joan Ungjillorit. Ky apostull i lavdish\u00ebm i Krishtit, bir i Zevedheut dhe i Salom\u00ebs, v\u00ebllai i madh i sh\u00ebn Joan Theologut, ishte nga qyteti Betsaida i Galiles\u00eb. Pas ftes\u00ebs q\u00eb i b\u00ebri v\u00ebllez\u00ebrve Andrea dhe Petro, t\u00eb bijve t\u00eb Joanit, p\u00ebr t\u00eb d\u00ebgjuar m\u00ebsimin e tij, Krishti ftoi dhe Jakovin s\u00eb bashku me v\u00ebllain e tij Joanin. Q\u00eb t\u00eb dy v\u00ebllez\u00ebrit\" \/>\n<meta property=\"og:url\" content=\"https:\/\/orthodoxalbania.org\/2020\/2020\/04\/30\/apostull-jakovi-vellai-i-joan-ungjillorit-oshenar-donati-i-evrise-sarande\/\" \/>\n<meta property=\"og:site_name\" content=\"Kisha Orthodh\u03bfkse Autoqefale e Shqip\u00ebris\u00eb\" \/>\n<meta property=\"article:publisher\" content=\"https:\/\/www.facebook.com\/koash1991\" \/>\n<meta property=\"article:published_time\" content=\"2020-04-29T22:00:18+00:00\" \/>\n<meta property=\"og:image\" content=\"https:\/\/orthodoxalbania.org\/2020\/wp-content\/uploads\/2020\/04\/jakovi.jpg\" \/>\n\t<meta property=\"og:image:width\" content=\"1071\" \/>\n\t<meta property=\"og:image:height\" content=\"1553\" \/>\n\t<meta property=\"og:image:type\" content=\"image\/jpeg\" \/>\n<meta name=\"author\" content=\"Kisha Orthodhokse\" \/>\n<meta name=\"twitter:card\" content=\"summary_large_image\" \/>\n<meta name=\"twitter:label1\" content=\"Written by\" \/>\n\t<meta name=\"twitter:data1\" content=\"Kisha Orthodhokse\" \/>\n\t<meta name=\"twitter:label2\" content=\"Est. reading time\" \/>\n\t<meta name=\"twitter:data2\" content=\"2 minutes\" \/>\n<script type=\"application\/ld+json\" class=\"yoast-schema-graph\">{\"@context\":\"https:\/\/schema.org\",\"@graph\":[{\"@type\":\"Article\",\"@id\":\"https:\/\/orthodoxalbania.org\/2020\/2020\/04\/30\/apostull-jakovi-vellai-i-joan-ungjillorit-oshenar-donati-i-evrise-sarande\/#article\",\"isPartOf\":{\"@id\":\"https:\/\/orthodoxalbania.org\/2020\/2020\/04\/30\/apostull-jakovi-vellai-i-joan-ungjillorit-oshenar-donati-i-evrise-sarande\/\"},\"author\":{\"name\":\"Kisha Orthodhokse\",\"@id\":\"https:\/\/orthodoxalbania.org\/2020\/#\/schema\/person\/df745f942b70e045b3dc05a30211f0de\"},\"headline\":\"Apostull Jakovi, v\u00ebllai i Joan Ungjillorit. Osh\u00ebnar Donati i Evris\u00eb (Sarand\u00eb).\",\"datePublished\":\"2020-04-29T22:00:18+00:00\",\"mainEntityOfPage\":{\"@id\":\"https:\/\/orthodoxalbania.org\/2020\/2020\/04\/30\/apostull-jakovi-vellai-i-joan-ungjillorit-oshenar-donati-i-evrise-sarande\/\"},\"wordCount\":440,\"publisher\":{\"@id\":\"https:\/\/orthodoxalbania.org\/2020\/#organization\"},\"image\":{\"@id\":\"https:\/\/orthodoxalbania.org\/2020\/2020\/04\/30\/apostull-jakovi-vellai-i-joan-ungjillorit-oshenar-donati-i-evrise-sarande\/#primaryimage\"},\"thumbnailUrl\":\"https:\/\/orthodoxalbania.org\/2020\/wp-content\/uploads\/2020\/04\/jakovi.jpg\",\"keywords\":[\"leximet e dites\",\"shenjtori i dites\"],\"articleSection\":[\"Shenjtor\u00ebt e dit\u00ebs\"],\"inLanguage\":\"en-US\"},{\"@type\":\"WebPage\",\"@id\":\"https:\/\/orthodoxalbania.org\/2020\/2020\/04\/30\/apostull-jakovi-vellai-i-joan-ungjillorit-oshenar-donati-i-evrise-sarande\/\",\"url\":\"https:\/\/orthodoxalbania.org\/2020\/2020\/04\/30\/apostull-jakovi-vellai-i-joan-ungjillorit-oshenar-donati-i-evrise-sarande\/\",\"name\":\"Apostull Jakovi, v\u00ebllai i Joan Ungjillorit. Osh\u00ebnar Donati i Evris\u00eb (Sarand\u00eb). - Kisha Orthodh\u03bfkse Autoqefale e Shqip\u00ebris\u00eb\",\"isPartOf\":{\"@id\":\"https:\/\/orthodoxalbania.org\/2020\/#website\"},\"primaryImageOfPage\":{\"@id\":\"https:\/\/orthodoxalbania.org\/2020\/2020\/04\/30\/apostull-jakovi-vellai-i-joan-ungjillorit-oshenar-donati-i-evrise-sarande\/#primaryimage\"},\"image\":{\"@id\":\"https:\/\/orthodoxalbania.org\/2020\/2020\/04\/30\/apostull-jakovi-vellai-i-joan-ungjillorit-oshenar-donati-i-evrise-sarande\/#primaryimage\"},\"thumbnailUrl\":\"https:\/\/orthodoxalbania.org\/2020\/wp-content\/uploads\/2020\/04\/jakovi.jpg\",\"datePublished\":\"2020-04-29T22:00:18+00:00\",\"breadcrumb\":{\"@id\":\"https:\/\/orthodoxalbania.org\/2020\/2020\/04\/30\/apostull-jakovi-vellai-i-joan-ungjillorit-oshenar-donati-i-evrise-sarande\/#breadcrumb\"},\"inLanguage\":\"en-US\",\"potentialAction\":[{\"@type\":\"ReadAction\",\"target\":[\"https:\/\/orthodoxalbania.org\/2020\/2020\/04\/30\/apostull-jakovi-vellai-i-joan-ungjillorit-oshenar-donati-i-evrise-sarande\/\"]}]},{\"@type\":\"ImageObject\",\"inLanguage\":\"en-US\",\"@id\":\"https:\/\/orthodoxalbania.org\/2020\/2020\/04\/30\/apostull-jakovi-vellai-i-joan-ungjillorit-oshenar-donati-i-evrise-sarande\/#primaryimage\",\"url\":\"https:\/\/orthodoxalbania.org\/2020\/wp-content\/uploads\/2020\/04\/jakovi.jpg\",\"contentUrl\":\"https:\/\/orthodoxalbania.org\/2020\/wp-content\/uploads\/2020\/04\/jakovi.jpg\",\"width\":1071,\"height\":1553},{\"@type\":\"BreadcrumbList\",\"@id\":\"https:\/\/orthodoxalbania.org\/2020\/2020\/04\/30\/apostull-jakovi-vellai-i-joan-ungjillorit-oshenar-donati-i-evrise-sarande\/#breadcrumb\",\"itemListElement\":[{\"@type\":\"ListItem\",\"position\":1,\"name\":\"Home\",\"item\":\"https:\/\/orthodoxalbania.org\/2020\/\"},{\"@type\":\"ListItem\",\"position\":2,\"name\":\"Apostull Jakovi, v\u00ebllai i Joan Ungjillorit. Osh\u00ebnar Donati i Evris\u00eb (Sarand\u00eb).\"}]},{\"@type\":\"WebSite\",\"@id\":\"https:\/\/orthodoxalbania.org\/2020\/#website\",\"url\":\"https:\/\/orthodoxalbania.org\/2020\/\",\"name\":\"Kisha Orthodh\u03bfkse Autoqefale e Shqip\u00ebris\u00eb\",\"description\":\"Fqja Zyrtare e Kish\u00ebs Orthodhokse Autoqefale e Shqip\u00ebris\u00eb me lajmet edhe informacionet zyrtare p\u00ebr struktur\u00ebn edhe veprimtarin e saj.\",\"publisher\":{\"@id\":\"https:\/\/orthodoxalbania.org\/2020\/#organization\"},\"potentialAction\":[{\"@type\":\"SearchAction\",\"target\":{\"@type\":\"EntryPoint\",\"urlTemplate\":\"https:\/\/orthodoxalbania.org\/2020\/?s={search_term_string}\"},\"query-input\":{\"@type\":\"PropertyValueSpecification\",\"valueRequired\":true,\"valueName\":\"search_term_string\"}}],\"inLanguage\":\"en-US\"},{\"@type\":\"Organization\",\"@id\":\"https:\/\/orthodoxalbania.org\/2020\/#organization\",\"name\":\"Kisha Orthodhokse Autoqefale e Shqip\u00ebris\u00eb\",\"url\":\"https:\/\/orthodoxalbania.org\/2020\/\",\"logo\":{\"@type\":\"ImageObject\",\"inLanguage\":\"en-US\",\"@id\":\"https:\/\/orthodoxalbania.org\/2020\/#\/schema\/logo\/image\/\",\"url\":\"https:\/\/orthodoxalbania.org\/2020\/wp-content\/uploads\/2020\/05\/albania.jpeg\",\"contentUrl\":\"https:\/\/orthodoxalbania.org\/2020\/wp-content\/uploads\/2020\/05\/albania.jpeg\",\"width\":540,\"height\":540,\"caption\":\"Kisha Orthodhokse Autoqefale e Shqip\u00ebris\u00eb\"},\"image\":{\"@id\":\"https:\/\/orthodoxalbania.org\/2020\/#\/schema\/logo\/image\/\"},\"sameAs\":[\"https:\/\/www.facebook.com\/koash1991\"]},{\"@type\":\"Person\",\"@id\":\"https:\/\/orthodoxalbania.org\/2020\/#\/schema\/person\/df745f942b70e045b3dc05a30211f0de\",\"name\":\"Kisha Orthodhokse\",\"image\":{\"@type\":\"ImageObject\",\"inLanguage\":\"en-US\",\"@id\":\"https:\/\/secure.gravatar.com\/avatar\/2676eb8d97178435c9f691a7871595a1da6c33542dec218bce40885573150e28?s=96&d=mm&r=g\",\"url\":\"https:\/\/secure.gravatar.com\/avatar\/2676eb8d97178435c9f691a7871595a1da6c33542dec218bce40885573150e28?s=96&d=mm&r=g\",\"contentUrl\":\"https:\/\/secure.gravatar.com\/avatar\/2676eb8d97178435c9f691a7871595a1da6c33542dec218bce40885573150e28?s=96&d=mm&r=g\",\"caption\":\"Kisha Orthodhokse\"}}]}<\/script>\n<!-- \/ Yoast SEO plugin. -->","yoast_head_json":{"title":"Apostull Jakovi, v\u00ebllai i Joan Ungjillorit. Osh\u00ebnar Donati i Evris\u00eb (Sarand\u00eb). - Kisha Orthodh\u03bfkse Autoqefale e Shqip\u00ebris\u00eb","robots":{"index":"index","follow":"follow","max-snippet":"max-snippet:-1","max-image-preview":"max-image-preview:large","max-video-preview":"max-video-preview:-1"},"canonical":"https:\/\/orthodoxalbania.org\/2020\/2020\/04\/30\/apostull-jakovi-vellai-i-joan-ungjillorit-oshenar-donati-i-evrise-sarande\/","og_locale":"en_US","og_type":"article","og_title":"Apostull Jakovi, v\u00ebllai i Joan Ungjillorit. Osh\u00ebnar Donati i Evris\u00eb (Sarand\u00eb). - Kisha Orthodh\u03bfkse Autoqefale e Shqip\u00ebris\u00eb","og_description":"Apostull Jakovi, v\u00ebllai i Joan Ungjillorit. Ky apostull i lavdish\u00ebm i Krishtit, bir i Zevedheut dhe i Salom\u00ebs, v\u00ebllai i madh i sh\u00ebn Joan Theologut, ishte nga qyteti Betsaida i Galiles\u00eb. Pas ftes\u00ebs q\u00eb i b\u00ebri v\u00ebllez\u00ebrve Andrea dhe Petro, t\u00eb bijve t\u00eb Joanit, p\u00ebr t\u00eb d\u00ebgjuar m\u00ebsimin e tij, Krishti ftoi dhe Jakovin s\u00eb bashku me v\u00ebllain e tij Joanin. Q\u00eb t\u00eb dy v\u00ebllez\u00ebrit","og_url":"https:\/\/orthodoxalbania.org\/2020\/2020\/04\/30\/apostull-jakovi-vellai-i-joan-ungjillorit-oshenar-donati-i-evrise-sarande\/","og_site_name":"Kisha Orthodh\u03bfkse Autoqefale e Shqip\u00ebris\u00eb","article_publisher":"https:\/\/www.facebook.com\/koash1991","article_published_time":"2020-04-29T22:00:18+00:00","og_image":[{"width":1071,"height":1553,"url":"https:\/\/orthodoxalbania.org\/2020\/wp-content\/uploads\/2020\/04\/jakovi.jpg","type":"image\/jpeg"}],"author":"Kisha Orthodhokse","twitter_card":"summary_large_image","twitter_misc":{"Written by":"Kisha Orthodhokse","Est. reading time":"2 minutes"},"schema":{"@context":"https:\/\/schema.org","@graph":[{"@type":"Article","@id":"https:\/\/orthodoxalbania.org\/2020\/2020\/04\/30\/apostull-jakovi-vellai-i-joan-ungjillorit-oshenar-donati-i-evrise-sarande\/#article","isPartOf":{"@id":"https:\/\/orthodoxalbania.org\/2020\/2020\/04\/30\/apostull-jakovi-vellai-i-joan-ungjillorit-oshenar-donati-i-evrise-sarande\/"},"author":{"name":"Kisha Orthodhokse","@id":"https:\/\/orthodoxalbania.org\/2020\/#\/schema\/person\/df745f942b70e045b3dc05a30211f0de"},"headline":"Apostull Jakovi, v\u00ebllai i Joan Ungjillorit. Osh\u00ebnar Donati i Evris\u00eb (Sarand\u00eb).","datePublished":"2020-04-29T22:00:18+00:00","mainEntityOfPage":{"@id":"https:\/\/orthodoxalbania.org\/2020\/2020\/04\/30\/apostull-jakovi-vellai-i-joan-ungjillorit-oshenar-donati-i-evrise-sarande\/"},"wordCount":440,"publisher":{"@id":"https:\/\/orthodoxalbania.org\/2020\/#organization"},"image":{"@id":"https:\/\/orthodoxalbania.org\/2020\/2020\/04\/30\/apostull-jakovi-vellai-i-joan-ungjillorit-oshenar-donati-i-evrise-sarande\/#primaryimage"},"thumbnailUrl":"https:\/\/orthodoxalbania.org\/2020\/wp-content\/uploads\/2020\/04\/jakovi.jpg","keywords":["leximet e dites","shenjtori i dites"],"articleSection":["Shenjtor\u00ebt e dit\u00ebs"],"inLanguage":"en-US"},{"@type":"WebPage","@id":"https:\/\/orthodoxalbania.org\/2020\/2020\/04\/30\/apostull-jakovi-vellai-i-joan-ungjillorit-oshenar-donati-i-evrise-sarande\/","url":"https:\/\/orthodoxalbania.org\/2020\/2020\/04\/30\/apostull-jakovi-vellai-i-joan-ungjillorit-oshenar-donati-i-evrise-sarande\/","name":"Apostull Jakovi, v\u00ebllai i Joan Ungjillorit. Osh\u00ebnar Donati i Evris\u00eb (Sarand\u00eb). - Kisha Orthodh\u03bfkse Autoqefale e Shqip\u00ebris\u00eb","isPartOf":{"@id":"https:\/\/orthodoxalbania.org\/2020\/#website"},"primaryImageOfPage":{"@id":"https:\/\/orthodoxalbania.org\/2020\/2020\/04\/30\/apostull-jakovi-vellai-i-joan-ungjillorit-oshenar-donati-i-evrise-sarande\/#primaryimage"},"image":{"@id":"https:\/\/orthodoxalbania.org\/2020\/2020\/04\/30\/apostull-jakovi-vellai-i-joan-ungjillorit-oshenar-donati-i-evrise-sarande\/#primaryimage"},"thumbnailUrl":"https:\/\/orthodoxalbania.org\/2020\/wp-content\/uploads\/2020\/04\/jakovi.jpg","datePublished":"2020-04-29T22:00:18+00:00","breadcrumb":{"@id":"https:\/\/orthodoxalbania.org\/2020\/2020\/04\/30\/apostull-jakovi-vellai-i-joan-ungjillorit-oshenar-donati-i-evrise-sarande\/#breadcrumb"},"inLanguage":"en-US","potentialAction":[{"@type":"ReadAction","target":["https:\/\/orthodoxalbania.org\/2020\/2020\/04\/30\/apostull-jakovi-vellai-i-joan-ungjillorit-oshenar-donati-i-evrise-sarande\/"]}]},{"@type":"ImageObject","inLanguage":"en-US","@id":"https:\/\/orthodoxalbania.org\/2020\/2020\/04\/30\/apostull-jakovi-vellai-i-joan-ungjillorit-oshenar-donati-i-evrise-sarande\/#primaryimage","url":"https:\/\/orthodoxalbania.org\/2020\/wp-content\/uploads\/2020\/04\/jakovi.jpg","contentUrl":"https:\/\/orthodoxalbania.org\/2020\/wp-content\/uploads\/2020\/04\/jakovi.jpg","width":1071,"height":1553},{"@type":"BreadcrumbList","@id":"https:\/\/orthodoxalbania.org\/2020\/2020\/04\/30\/apostull-jakovi-vellai-i-joan-ungjillorit-oshenar-donati-i-evrise-sarande\/#breadcrumb","itemListElement":[{"@type":"ListItem","position":1,"name":"Home","item":"https:\/\/orthodoxalbania.org\/2020\/"},{"@type":"ListItem","position":2,"name":"Apostull Jakovi, v\u00ebllai i Joan Ungjillorit. Osh\u00ebnar Donati i Evris\u00eb (Sarand\u00eb)."}]},{"@type":"WebSite","@id":"https:\/\/orthodoxalbania.org\/2020\/#website","url":"https:\/\/orthodoxalbania.org\/2020\/","name":"Kisha Orthodh\u03bfkse Autoqefale e Shqip\u00ebris\u00eb","description":"Fqja Zyrtare e Kish\u00ebs Orthodhokse Autoqefale e Shqip\u00ebris\u00eb me lajmet edhe informacionet zyrtare p\u00ebr struktur\u00ebn edhe veprimtarin e saj.","publisher":{"@id":"https:\/\/orthodoxalbania.org\/2020\/#organization"},"potentialAction":[{"@type":"SearchAction","target":{"@type":"EntryPoint","urlTemplate":"https:\/\/orthodoxalbania.org\/2020\/?s={search_term_string}"},"query-input":{"@type":"PropertyValueSpecification","valueRequired":true,"valueName":"search_term_string"}}],"inLanguage":"en-US"},{"@type":"Organization","@id":"https:\/\/orthodoxalbania.org\/2020\/#organization","name":"Kisha Orthodhokse Autoqefale e Shqip\u00ebris\u00eb","url":"https:\/\/orthodoxalbania.org\/2020\/","logo":{"@type":"ImageObject","inLanguage":"en-US","@id":"https:\/\/orthodoxalbania.org\/2020\/#\/schema\/logo\/image\/","url":"https:\/\/orthodoxalbania.org\/2020\/wp-content\/uploads\/2020\/05\/albania.jpeg","contentUrl":"https:\/\/orthodoxalbania.org\/2020\/wp-content\/uploads\/2020\/05\/albania.jpeg","width":540,"height":540,"caption":"Kisha Orthodhokse Autoqefale e Shqip\u00ebris\u00eb"},"image":{"@id":"https:\/\/orthodoxalbania.org\/2020\/#\/schema\/logo\/image\/"},"sameAs":["https:\/\/www.facebook.com\/koash1991"]},{"@type":"Person","@id":"https:\/\/orthodoxalbania.org\/2020\/#\/schema\/person\/df745f942b70e045b3dc05a30211f0de","name":"Kisha Orthodhokse","image":{"@type":"ImageObject","inLanguage":"en-US","@id":"https:\/\/secure.gravatar.com\/avatar\/2676eb8d97178435c9f691a7871595a1da6c33542dec218bce40885573150e28?s=96&d=mm&r=g","url":"https:\/\/secure.gravatar.com\/avatar\/2676eb8d97178435c9f691a7871595a1da6c33542dec218bce40885573150e28?s=96&d=mm&r=g","contentUrl":"https:\/\/secure.gravatar.com\/avatar\/2676eb8d97178435c9f691a7871595a1da6c33542dec218bce40885573150e28?s=96&d=mm&r=g","caption":"Kisha Orthodhokse"}}]}},"_links":{"self":[{"href":"https:\/\/orthodoxalbania.org\/2020\/wp-json\/wp\/v2\/posts\/6440","targetHints":{"allow":["GET"]}}],"collection":[{"href":"https:\/\/orthodoxalbania.org\/2020\/wp-json\/wp\/v2\/posts"}],"about":[{"href":"https:\/\/orthodoxalbania.org\/2020\/wp-json\/wp\/v2\/types\/post"}],"author":[{"embeddable":true,"href":"https:\/\/orthodoxalbania.org\/2020\/wp-json\/wp\/v2\/users\/7"}],"replies":[{"embeddable":true,"href":"https:\/\/orthodoxalbania.org\/2020\/wp-json\/wp\/v2\/comments?post=6440"}],"version-history":[{"count":2,"href":"https:\/\/orthodoxalbania.org\/2020\/wp-json\/wp\/v2\/posts\/6440\/revisions"}],"predecessor-version":[{"id":22472,"href":"https:\/\/orthodoxalbania.org\/2020\/wp-json\/wp\/v2\/posts\/6440\/revisions\/22472"}],"wp:featuredmedia":[{"embeddable":true,"href":"https:\/\/orthodoxalbania.org\/2020\/wp-json\/wp\/v2\/media\/3100"}],"wp:attachment":[{"href":"https:\/\/orthodoxalbania.org\/2020\/wp-json\/wp\/v2\/media?parent=6440"}],"wp:term":[{"taxonomy":"category","embeddable":true,"href":"https:\/\/orthodoxalbania.org\/2020\/wp-json\/wp\/v2\/categories?post=6440"},{"taxonomy":"post_tag","embeddable":true,"href":"https:\/\/orthodoxalbania.org\/2020\/wp-json\/wp\/v2\/tags?post=6440"}],"curies":[{"name":"wp","href":"https:\/\/api.w.org\/{rel}","templated":true}]}}