{"id":6436,"date":"2018-04-21T07:53:57","date_gmt":"2018-04-21T07:53:57","guid":{"rendered":""},"modified":"2020-04-06T21:58:10","modified_gmt":"2020-04-06T19:58:10","slug":"deklarate-e-besimeve-fetare-ne-shqiperi-me-rastin-e-rekomandimit-per-hapjen-e-negociatave-me-be","status":"publish","type":"post","link":"https:\/\/orthodoxalbania.org\/2020\/2018\/04\/21\/deklarate-e-besimeve-fetare-ne-shqiperi-me-rastin-e-rekomandimit-per-hapjen-e-negociatave-me-be\/","title":{"rendered":"Deklarat\u00eb e besimeve fetare n\u00eb Shqip\u00ebri me rastin e rekomandimit per hapjen e negociatave me BE"},"content":{"rendered":"<p style=\"text-align: justify;\"><span style=\"font-size: 12pt; font-family: helvetica; color: #000000;\">Ne, Komunitetet fetare t\u00eb pranishme n\u00eb Shqip\u00ebri: Komuniteti Mysliman, Kisha Orthodhokse, Kisha Katolike, Komuniteti Bektashi dhe V\u00ebllaz\u00ebria Ungjillore, shprehim p\u00ebrg\u00ebzimet m\u00eb t\u00eb p\u00ebrzem\u00ebrta p\u00ebr popullin ton\u00eb shqiptar, me rastin e marrjes s\u00eb rekomandimit pozitiv nga ana e Komisionit Evropian p\u00ebr \u00e7eljen e negociatave me BE.<\/span><\/p>\n<p style=\"text-align: justify;\"><span style=\"font-size: 12pt; font-family: helvetica; color: #000000;\">Rrug\u00ebtimi yn\u00eb drejt Evrop\u00ebs, aty ku ne p\u00ebrkasim natyrsh\u00ebm, \u00ebsht\u00eb tashm\u00eb nj\u00eb fakt dhe nj\u00eb d\u00ebshir\u00eb e popullit ton\u00eb. Et\u00ebrit themelues t\u00eb shtetit shqiptar, nd\u00ebr t\u00eb cil\u00ebt ishin edhe klerik\u00eb t\u00eb besimeve tona fetare, ishin t\u00eb bindur p\u00ebr k\u00ebt\u00eb p\u00ebrkat\u00ebsi. Po ashtu, n\u00eb koh\u00ebt m\u00eb t\u00eb vona udh\u00ebheq\u00ebsit fetar\u00eb t\u00eb Shqip\u00ebris\u00eb, nuk kan\u00eb dyshuar kurr\u00eb p\u00ebr vokacionin evropian t\u00eb shqiptar\u00ebve, vokacionin p\u00ebr nj\u00eb shoq\u00ebri t\u00eb lir\u00eb, ku t\u00eb gjith\u00eb t\u00eb ushtrojn\u00eb t\u00eb drejtat e tyre, p\u00ebrfshi edhe t\u00eb drejt\u00ebn themelore t\u00eb besimit. Ne besojm\u00eb se liria e fjal\u00ebs dhe e besimit, familja, paqja, solidariteti, jan\u00eb vlera mbi t\u00eb cilat mb\u00ebshtetet edhe shoq\u00ebria jon\u00eb, q\u00eb aspiron t\u00eb jet\u00eb pjes\u00eb e familjes evropiane.<\/span><\/p>\n<p style=\"text-align: justify;\"><span style=\"font-size: 12pt; font-family: helvetica; color: #000000;\">Ne Komunitetet fetare n\u00eb Shqip\u00ebri ofrojm\u00eb nj\u00eb model t\u00eb harmonis\u00eb dhe t\u00eb vllaz\u00ebrimit, si nj\u00eb sh\u00ebrbim ndaj njeriut, shoq\u00ebris\u00eb dhe ndaj aspiratave t\u00eb ligjshme t\u00eb popullit ton\u00eb, nd\u00ebr t\u00eb cilat \u00ebsht\u00eb edhe hyrja n\u00eb familjen europiane. Kjo harmoni dhe ky model \u00ebsht\u00eb nj\u00eb pasuri q\u00eb ne sjellim dhe mbartim me vete n\u00eb rrug\u00ebtimin ton\u00eb drejt Evrop\u00ebs dhe \u00ebsht\u00eb nj\u00eb e mir\u00eb p\u00ebr vet\u00eb shtetet q\u00eb sot p\u00ebrb\u00ebjn\u00eb k\u00ebt\u00eb organizim politik e shoq\u00ebror. Shum\u00eb her\u00eb \u00ebsht\u00eb theksuar q\u00eb kjo \u00ebsht\u00eb nj\u00eb vler\u00eb e \u00e7muar e jona. P\u00ebr k\u00ebt\u00eb ne jemi t\u00eb g\u00ebzuar dhe entuziast\u00eb dhe jemi gjithashtu t\u00eb angazhuar ta promovojm\u00eb n\u00eb \u00e7do rast dhe kudo, duke punuar q\u00eb ajo t\u00eb mos c\u00ebnohet, as nga faktor\u00eb t\u00eb brendsh\u00ebm e as nga nxitje keqdash\u00ebse t\u00eb jashtme.<\/span><\/p>\n<p style=\"text-align: justify;\"><span style=\"font-size: 12pt; font-family: helvetica; color: #000000;\">Me k\u00ebt\u00eb rast ne i b\u00ebjm\u00eb nj\u00eb thirrje me ngulm dhe vendosm\u00ebri nd\u00ebrgjegjes s\u00eb t\u00eb gjith\u00ebve, politik\u00ebs n\u00eb p\u00ebrgjith\u00ebsi e qeverisjes n\u00eb ve\u00e7anti, q\u00eb t\u00eb vazhdohet puna me p\u00ebrkushtim nga ana e t\u00eb gjith\u00ebve p\u00ebr p\u00ebrmbushjen e standardeve q\u00eb duhen p\u00ebr t\u00eb qen\u00eb pjes\u00eb e Evrop\u00ebs. N\u00eb m\u00ebnyr\u00eb t\u00eb ve\u00e7ant\u00eb duam t\u00eb theksojm\u00eb p\u00ebrpjekjet p\u00ebr reform\u00ebn n\u00eb drejt\u00ebsi, p\u00ebr t\u00eb cil\u00ebn kemi pasur rast t\u00eb flasim edhe n\u00eb deklarata tona t\u00eb m\u00ebparshme. Po ashtu lufta ndaj korrupsionit dhe ndaj varf\u00ebris\u00eb s\u00eb shqiptar\u00ebve. Nuk duhen mbyllur syt\u00eb ndaj shtresave n\u00eb nevoj\u00eb, ndaj pun\u00ebsimit t\u00eb t\u00eb rinj\u00ebve dhe subvencionit t\u00eb familjeve n\u00eb v\u00ebshtir\u00ebsi, n\u00ebp\u00ebrmjet skemave t\u00eb drejta t\u00eb asistenc\u00ebs sociale. Prosperiteti nd\u00ebrtohet me pun\u00eb dhe duhet t\u00eb intensifikojm\u00eb p\u00ebrpjekjet q\u00eb kreativiteti dhe energjia e rinise shqiptare, si edhe kontributi i sip\u00ebrmarr\u00ebsve tan\u00eb, t\u00eb vler\u00ebsohen e inkurajohen. N\u00eb k\u00ebt\u00eb m\u00ebnyr\u00eb do t\u00eb ndalet hemorragjia e shum\u00eb t\u00eb rinj\u00ebve dhe familjeve drejt vendeve t\u00eb tjera, por edhe d\u00ebshp\u00ebrimi q\u00eb kaplon shpesh t\u00eb rinj e t\u00eb reja t\u00eb vendit ton\u00eb. Duhet t\u00eb nxisim e t\u00eb japim shpres\u00eb p\u00ebr t\u00eb ardhmen n\u00eb vendin ton\u00eb. Duhet t\u00eb b\u00ebjm\u00eb detyrat mir\u00eb q\u00eb m\u00eb pas kryelart\u00eb t\u00eb k\u00ebrkojm\u00eb mb\u00ebshtetje nga t\u00eb gjitha vendet e Evrop\u00ebs.<\/span><\/p>\n<p style=\"text-align: justify;\"><span style=\"font-size: 12pt; font-family: helvetica; color: #000000;\">Nj\u00eb thirrje e fundit, por shum\u00eb e r\u00ebnd\u00ebsishme nga t\u00eb gjith\u00eb ne religjonet bashk\u00eb, i shkon Kancelarive per\u00ebndimore. N\u00ebp\u00ebrmjet ambasadave t\u00eb tyre, t\u00eb akredituara n\u00eb Tiran\u00eb, ne u k\u00ebrkojm\u00eb shteteve an\u00ebtare t\u00eb BE q\u00eb t\u00eb mb\u00ebshtesin akoma m\u00eb fuqish\u00ebm k\u00ebt\u00eb proces. \u00cbsht\u00eb n\u00eb t\u00eb mir\u00ebn e&nbsp;Evrop\u00ebs q\u00eb edhe shqiptar\u00ebt, e pse jo i gjith\u00eb Ballkani per\u00ebndimor, t\u00eb jen\u00eb pjes\u00eb e saj. Ne shqiptar\u00ebt jemi pjes\u00eb e Evrop\u00ebs dhe sigurisht pa nj\u00ebri-tjetrin jemi mangut: ne pa Evrop\u00ebn dhe Evropa pa ne. Na bashkon nj\u00eb histori m\u00eb e gjat\u00eb se sa e k\u00ebtyre dekadave t\u00eb fundit. \u00cbsht\u00eb nj\u00eb histori mij\u00ebravje\u00e7are dhe jan\u00eb rr\u00ebnj\u00ebt e p\u00ebrbashk\u00ebta kulturore e shoq\u00ebrore q\u00eb ne kemi e q\u00eb na lidhin. Ne ju b\u00ebjm\u00eb thirrje p\u00ebrzem\u00ebrsisht, por me vendosm\u00ebri, q\u00eb t\u00eb mb\u00ebshtesni hapjen e negociatave dhe sa m\u00eb shpejt edhe an\u00ebtarsimin n\u00eb BE t\u00eb vendit ton\u00eb.<\/span><\/p>\n<p style=\"text-align: justify;\"><span style=\"font-size: 12pt; font-family: helvetica; color: #000000;\">T\u00eb bindur se fjal\u00ebt tona nuk do t\u00eb bien n\u00eb vesh t\u00eb shurdh\u00ebr, ne rip\u00ebrt\u00ebrijm\u00eb angazhimin ton\u00eb q\u00eb n\u00ebp\u00ebrmjet lutjes drejtuar t\u00eb madhit Zot dhe fjal\u00ebs ton\u00eb n\u00ebp\u00ebr komunitetet tona, t\u00eb jemi gjithmon\u00eb mb\u00ebshtet\u00ebs dhe promovues t\u00eb vendosur t\u00eb s\u00eb mir\u00ebs, t\u00eb paqes dhe t\u00eb shpres\u00ebs p\u00ebr t\u00eb ardhmen.<\/span><\/p>\n<p style=\"text-align: justify;\">&nbsp;<\/p>\n<p style=\"text-align: justify;\"><span style=\"color: #000000;\"><em><span style=\"font-size: 12pt; font-family: helvetica;\">Zoti e bekoft\u00eb Shqip\u00ebrin\u00eb dhe ne t\u00eb gjith\u00ebve.<\/span><\/em><\/span><\/p>\n<p style=\"text-align: justify;\">&nbsp;<\/p>\n<p style=\"text-align: justify;\"><span style=\"color: #000000;\"><em><strong><span style=\"font-size: 12pt; font-family: helvetica;\">Komuniteti Mysliman i Shqip\u00ebris\u00eb<\/span><\/strong><\/em><\/span><\/p>\n<p style=\"text-align: justify;\"><span style=\"color: #000000;\"><em><strong><span style=\"font-size: 12pt; font-family: helvetica;\">Kisha Orthodhokse Autoqefale e Shqip\u00ebris\u00eb<\/span><\/strong><\/em><\/span><\/p>\n<p style=\"text-align: justify;\"><span style=\"color: #000000;\"><em><strong><span style=\"font-size: 12pt; font-family: helvetica;\">Kisha Katolike<\/span><\/strong><\/em><\/span><\/p>\n<p style=\"text-align: justify;\"><span style=\"color: #000000;\"><em><strong><span style=\"font-size: 12pt; font-family: helvetica;\">Kryegjyshata bot\u00ebrore e bektashinj\u00ebve<\/span><\/strong><\/em><\/span><\/p>\n<p style=\"text-align: justify;\"><span style=\"color: #000000;\"><em><strong><span style=\"font-size: 12pt; font-family: helvetica;\">V\u00ebllaz\u00ebria Ungjillore<\/span><\/strong><\/em><\/span><\/p>\n","protected":false},"excerpt":{"rendered":"<p>Ne, Komunitetet fetare t\u00eb pranishme n\u00eb Shqip\u00ebri: Komuniteti Mysliman, Kisha Orthodhokse, Kisha Katolike, Komuniteti Bektashi dhe V\u00ebllaz\u00ebria Ungjillore, shprehim p\u00ebrg\u00ebzimet m\u00eb t\u00eb p\u00ebrzem\u00ebrta p\u00ebr popullin ton\u00eb shqiptar, me rastin e marrjes s\u00eb rekomandimit pozitiv nga ana e Komisionit Evropian p\u00ebr \u00e7eljen e negociatave me BE. Rrug\u00ebtimi yn\u00eb drejt Evrop\u00ebs, aty ku ne p\u00ebrkasim natyrsh\u00ebm, \u00ebsht\u00eb tashm\u00eb nj\u00eb fakt dhe nj\u00eb d\u00ebshir\u00eb e popullit ton\u00eb. Et\u00ebrit<\/p>\n","protected":false},"author":1,"featured_media":6437,"comment_status":"open","ping_status":"open","sticky":false,"template":"","format":"standard","meta":{"_acf_changed":false,"pagelayer_contact_templates":[],"_pagelayer_content":"","inline_featured_image":false,"fifu_image_url":"","fifu_image_alt":"","footnotes":""},"categories":[108],"tags":[220,153,196,212],"class_list":["post-6436","post","type-post","status-publish","format-standard","has-post-thumbnail","hentry","category-lajme","tag-220","tag-deklarata-njoftime-zyrtare-d75","tag-tirane","tag-lajme-d27"],"acf":[],"yoast_head":"<!-- This site is optimized with the Yoast SEO plugin v27.2 - https:\/\/yoast.com\/product\/yoast-seo-wordpress\/ -->\n<title>Deklarat\u00eb e besimeve fetare n\u00eb Shqip\u00ebri me rastin e rekomandimit per hapjen e negociatave me BE - Kisha Orthodh\u03bfkse Autoqefale e Shqip\u00ebris\u00eb<\/title>\n<meta name=\"robots\" content=\"index, follow, max-snippet:-1, max-image-preview:large, max-video-preview:-1\" \/>\n<link rel=\"canonical\" href=\"https:\/\/orthodoxalbania.org\/2020\/2018\/04\/21\/deklarate-e-besimeve-fetare-ne-shqiperi-me-rastin-e-rekomandimit-per-hapjen-e-negociatave-me-be\/\" \/>\n<meta property=\"og:locale\" content=\"en_US\" \/>\n<meta property=\"og:type\" content=\"article\" \/>\n<meta property=\"og:title\" content=\"Deklarat\u00eb e besimeve fetare n\u00eb Shqip\u00ebri me rastin e rekomandimit per hapjen e negociatave me BE - Kisha Orthodh\u03bfkse Autoqefale e Shqip\u00ebris\u00eb\" \/>\n<meta property=\"og:description\" content=\"Ne, Komunitetet fetare t\u00eb pranishme n\u00eb Shqip\u00ebri: Komuniteti Mysliman, Kisha Orthodhokse, Kisha Katolike, Komuniteti Bektashi dhe V\u00ebllaz\u00ebria Ungjillore, shprehim p\u00ebrg\u00ebzimet m\u00eb t\u00eb p\u00ebrzem\u00ebrta p\u00ebr popullin ton\u00eb shqiptar, me rastin e marrjes s\u00eb rekomandimit pozitiv nga ana e Komisionit Evropian p\u00ebr \u00e7eljen e negociatave me BE. Rrug\u00ebtimi yn\u00eb drejt Evrop\u00ebs, aty ku ne p\u00ebrkasim natyrsh\u00ebm, \u00ebsht\u00eb tashm\u00eb nj\u00eb fakt dhe nj\u00eb d\u00ebshir\u00eb e popullit ton\u00eb. Et\u00ebrit\" \/>\n<meta property=\"og:url\" content=\"https:\/\/orthodoxalbania.org\/2020\/2018\/04\/21\/deklarate-e-besimeve-fetare-ne-shqiperi-me-rastin-e-rekomandimit-per-hapjen-e-negociatave-me-be\/\" \/>\n<meta property=\"og:site_name\" content=\"Kisha Orthodh\u03bfkse Autoqefale e Shqip\u00ebris\u00eb\" \/>\n<meta property=\"article:publisher\" content=\"https:\/\/www.facebook.com\/koash1991\" \/>\n<meta property=\"article:published_time\" content=\"2018-04-21T07:53:57+00:00\" \/>\n<meta property=\"article:modified_time\" content=\"2020-04-06T19:58:10+00:00\" \/>\n<meta property=\"og:image\" content=\"https:\/\/orthodoxalbania.org\/2020\/wp-content\/uploads\/2020\/04\/ddddd.jpg\" \/>\n\t<meta property=\"og:image:width\" content=\"423\" \/>\n\t<meta property=\"og:image:height\" content=\"279\" \/>\n\t<meta property=\"og:image:type\" content=\"image\/jpeg\" \/>\n<meta name=\"author\" content=\"Kisha Orthodhokse\" \/>\n<meta name=\"twitter:card\" content=\"summary_large_image\" \/>\n<meta name=\"twitter:label1\" content=\"Written by\" \/>\n\t<meta name=\"twitter:data1\" content=\"Kisha Orthodhokse\" \/>\n\t<meta name=\"twitter:label2\" content=\"Est. reading time\" \/>\n\t<meta name=\"twitter:data2\" content=\"4 minutes\" \/>\n<script type=\"application\/ld+json\" class=\"yoast-schema-graph\">{\"@context\":\"https:\/\/schema.org\",\"@graph\":[{\"@type\":\"Article\",\"@id\":\"https:\/\/orthodoxalbania.org\/2020\/2018\/04\/21\/deklarate-e-besimeve-fetare-ne-shqiperi-me-rastin-e-rekomandimit-per-hapjen-e-negociatave-me-be\/#article\",\"isPartOf\":{\"@id\":\"https:\/\/orthodoxalbania.org\/2020\/2018\/04\/21\/deklarate-e-besimeve-fetare-ne-shqiperi-me-rastin-e-rekomandimit-per-hapjen-e-negociatave-me-be\/\"},\"author\":{\"name\":\"Kisha Orthodhokse\",\"@id\":\"https:\/\/orthodoxalbania.org\/2020\/#\/schema\/person\/0c387634a7063ac612d7ed9ce71c7e86\"},\"headline\":\"Deklarat\u00eb e besimeve fetare n\u00eb Shqip\u00ebri me rastin e rekomandimit per hapjen e negociatave me BE\",\"datePublished\":\"2018-04-21T07:53:57+00:00\",\"dateModified\":\"2020-04-06T19:58:10+00:00\",\"mainEntityOfPage\":{\"@id\":\"https:\/\/orthodoxalbania.org\/2020\/2018\/04\/21\/deklarate-e-besimeve-fetare-ne-shqiperi-me-rastin-e-rekomandimit-per-hapjen-e-negociatave-me-be\/\"},\"wordCount\":863,\"commentCount\":0,\"publisher\":{\"@id\":\"https:\/\/orthodoxalbania.org\/2020\/#organization\"},\"image\":{\"@id\":\"https:\/\/orthodoxalbania.org\/2020\/2018\/04\/21\/deklarate-e-besimeve-fetare-ne-shqiperi-me-rastin-e-rekomandimit-per-hapjen-e-negociatave-me-be\/#primaryimage\"},\"thumbnailUrl\":\"https:\/\/orthodoxalbania.org\/2020\/wp-content\/uploads\/2020\/04\/ddddd.jpg\",\"keywords\":[\"2018\",\"Deklarata - Njoftime Zyrtare\",\"Kryepiskopata Tiran\u00eb\",\"lajme\"],\"articleSection\":[\"Lajme\"],\"inLanguage\":\"en-US\"},{\"@type\":\"WebPage\",\"@id\":\"https:\/\/orthodoxalbania.org\/2020\/2018\/04\/21\/deklarate-e-besimeve-fetare-ne-shqiperi-me-rastin-e-rekomandimit-per-hapjen-e-negociatave-me-be\/\",\"url\":\"https:\/\/orthodoxalbania.org\/2020\/2018\/04\/21\/deklarate-e-besimeve-fetare-ne-shqiperi-me-rastin-e-rekomandimit-per-hapjen-e-negociatave-me-be\/\",\"name\":\"Deklarat\u00eb e besimeve fetare n\u00eb Shqip\u00ebri me rastin e rekomandimit per hapjen e negociatave me BE - Kisha Orthodh\u03bfkse Autoqefale e Shqip\u00ebris\u00eb\",\"isPartOf\":{\"@id\":\"https:\/\/orthodoxalbania.org\/2020\/#website\"},\"primaryImageOfPage\":{\"@id\":\"https:\/\/orthodoxalbania.org\/2020\/2018\/04\/21\/deklarate-e-besimeve-fetare-ne-shqiperi-me-rastin-e-rekomandimit-per-hapjen-e-negociatave-me-be\/#primaryimage\"},\"image\":{\"@id\":\"https:\/\/orthodoxalbania.org\/2020\/2018\/04\/21\/deklarate-e-besimeve-fetare-ne-shqiperi-me-rastin-e-rekomandimit-per-hapjen-e-negociatave-me-be\/#primaryimage\"},\"thumbnailUrl\":\"https:\/\/orthodoxalbania.org\/2020\/wp-content\/uploads\/2020\/04\/ddddd.jpg\",\"datePublished\":\"2018-04-21T07:53:57+00:00\",\"dateModified\":\"2020-04-06T19:58:10+00:00\",\"breadcrumb\":{\"@id\":\"https:\/\/orthodoxalbania.org\/2020\/2018\/04\/21\/deklarate-e-besimeve-fetare-ne-shqiperi-me-rastin-e-rekomandimit-per-hapjen-e-negociatave-me-be\/#breadcrumb\"},\"inLanguage\":\"en-US\",\"potentialAction\":[{\"@type\":\"ReadAction\",\"target\":[\"https:\/\/orthodoxalbania.org\/2020\/2018\/04\/21\/deklarate-e-besimeve-fetare-ne-shqiperi-me-rastin-e-rekomandimit-per-hapjen-e-negociatave-me-be\/\"]}]},{\"@type\":\"ImageObject\",\"inLanguage\":\"en-US\",\"@id\":\"https:\/\/orthodoxalbania.org\/2020\/2018\/04\/21\/deklarate-e-besimeve-fetare-ne-shqiperi-me-rastin-e-rekomandimit-per-hapjen-e-negociatave-me-be\/#primaryimage\",\"url\":\"https:\/\/orthodoxalbania.org\/2020\/wp-content\/uploads\/2020\/04\/ddddd.jpg\",\"contentUrl\":\"https:\/\/orthodoxalbania.org\/2020\/wp-content\/uploads\/2020\/04\/ddddd.jpg\",\"width\":423,\"height\":279},{\"@type\":\"BreadcrumbList\",\"@id\":\"https:\/\/orthodoxalbania.org\/2020\/2018\/04\/21\/deklarate-e-besimeve-fetare-ne-shqiperi-me-rastin-e-rekomandimit-per-hapjen-e-negociatave-me-be\/#breadcrumb\",\"itemListElement\":[{\"@type\":\"ListItem\",\"position\":1,\"name\":\"Home\",\"item\":\"https:\/\/orthodoxalbania.org\/2020\/\"},{\"@type\":\"ListItem\",\"position\":2,\"name\":\"Deklarat\u00eb e besimeve fetare n\u00eb Shqip\u00ebri me rastin e rekomandimit per hapjen e negociatave me BE\"}]},{\"@type\":\"WebSite\",\"@id\":\"https:\/\/orthodoxalbania.org\/2020\/#website\",\"url\":\"https:\/\/orthodoxalbania.org\/2020\/\",\"name\":\"Kisha Orthodh\u03bfkse Autoqefale e Shqip\u00ebris\u00eb\",\"description\":\"Fqja Zyrtare e Kish\u00ebs Orthodhokse Autoqefale e Shqip\u00ebris\u00eb me lajmet edhe informacionet zyrtare p\u00ebr struktur\u00ebn edhe veprimtarin e saj.\",\"publisher\":{\"@id\":\"https:\/\/orthodoxalbania.org\/2020\/#organization\"},\"potentialAction\":[{\"@type\":\"SearchAction\",\"target\":{\"@type\":\"EntryPoint\",\"urlTemplate\":\"https:\/\/orthodoxalbania.org\/2020\/?s={search_term_string}\"},\"query-input\":{\"@type\":\"PropertyValueSpecification\",\"valueRequired\":true,\"valueName\":\"search_term_string\"}}],\"inLanguage\":\"en-US\"},{\"@type\":\"Organization\",\"@id\":\"https:\/\/orthodoxalbania.org\/2020\/#organization\",\"name\":\"Kisha Orthodhokse Autoqefale e Shqip\u00ebris\u00eb\",\"url\":\"https:\/\/orthodoxalbania.org\/2020\/\",\"logo\":{\"@type\":\"ImageObject\",\"inLanguage\":\"en-US\",\"@id\":\"https:\/\/orthodoxalbania.org\/2020\/#\/schema\/logo\/image\/\",\"url\":\"https:\/\/orthodoxalbania.org\/2020\/wp-content\/uploads\/2020\/05\/albania.jpeg\",\"contentUrl\":\"https:\/\/orthodoxalbania.org\/2020\/wp-content\/uploads\/2020\/05\/albania.jpeg\",\"width\":540,\"height\":540,\"caption\":\"Kisha Orthodhokse Autoqefale e Shqip\u00ebris\u00eb\"},\"image\":{\"@id\":\"https:\/\/orthodoxalbania.org\/2020\/#\/schema\/logo\/image\/\"},\"sameAs\":[\"https:\/\/www.facebook.com\/koash1991\"]},{\"@type\":\"Person\",\"@id\":\"https:\/\/orthodoxalbania.org\/2020\/#\/schema\/person\/0c387634a7063ac612d7ed9ce71c7e86\",\"name\":\"Kisha Orthodhokse\",\"image\":{\"@type\":\"ImageObject\",\"inLanguage\":\"en-US\",\"@id\":\"https:\/\/secure.gravatar.com\/avatar\/596e7c417251e30f2fbb9c00e026fce61a695a00e51c889caded71c96cbbdde5?s=96&d=mm&r=g\",\"url\":\"https:\/\/secure.gravatar.com\/avatar\/596e7c417251e30f2fbb9c00e026fce61a695a00e51c889caded71c96cbbdde5?s=96&d=mm&r=g\",\"contentUrl\":\"https:\/\/secure.gravatar.com\/avatar\/596e7c417251e30f2fbb9c00e026fce61a695a00e51c889caded71c96cbbdde5?s=96&d=mm&r=g\",\"caption\":\"Kisha Orthodhokse\"}}]}<\/script>\n<!-- \/ Yoast SEO plugin. -->","yoast_head_json":{"title":"Deklarat\u00eb e besimeve fetare n\u00eb Shqip\u00ebri me rastin e rekomandimit per hapjen e negociatave me BE - Kisha Orthodh\u03bfkse Autoqefale e Shqip\u00ebris\u00eb","robots":{"index":"index","follow":"follow","max-snippet":"max-snippet:-1","max-image-preview":"max-image-preview:large","max-video-preview":"max-video-preview:-1"},"canonical":"https:\/\/orthodoxalbania.org\/2020\/2018\/04\/21\/deklarate-e-besimeve-fetare-ne-shqiperi-me-rastin-e-rekomandimit-per-hapjen-e-negociatave-me-be\/","og_locale":"en_US","og_type":"article","og_title":"Deklarat\u00eb e besimeve fetare n\u00eb Shqip\u00ebri me rastin e rekomandimit per hapjen e negociatave me BE - Kisha Orthodh\u03bfkse Autoqefale e Shqip\u00ebris\u00eb","og_description":"Ne, Komunitetet fetare t\u00eb pranishme n\u00eb Shqip\u00ebri: Komuniteti Mysliman, Kisha Orthodhokse, Kisha Katolike, Komuniteti Bektashi dhe V\u00ebllaz\u00ebria Ungjillore, shprehim p\u00ebrg\u00ebzimet m\u00eb t\u00eb p\u00ebrzem\u00ebrta p\u00ebr popullin ton\u00eb shqiptar, me rastin e marrjes s\u00eb rekomandimit pozitiv nga ana e Komisionit Evropian p\u00ebr \u00e7eljen e negociatave me BE. Rrug\u00ebtimi yn\u00eb drejt Evrop\u00ebs, aty ku ne p\u00ebrkasim natyrsh\u00ebm, \u00ebsht\u00eb tashm\u00eb nj\u00eb fakt dhe nj\u00eb d\u00ebshir\u00eb e popullit ton\u00eb. Et\u00ebrit","og_url":"https:\/\/orthodoxalbania.org\/2020\/2018\/04\/21\/deklarate-e-besimeve-fetare-ne-shqiperi-me-rastin-e-rekomandimit-per-hapjen-e-negociatave-me-be\/","og_site_name":"Kisha Orthodh\u03bfkse Autoqefale e Shqip\u00ebris\u00eb","article_publisher":"https:\/\/www.facebook.com\/koash1991","article_published_time":"2018-04-21T07:53:57+00:00","article_modified_time":"2020-04-06T19:58:10+00:00","og_image":[{"width":423,"height":279,"url":"https:\/\/orthodoxalbania.org\/2020\/wp-content\/uploads\/2020\/04\/ddddd.jpg","type":"image\/jpeg"}],"author":"Kisha Orthodhokse","twitter_card":"summary_large_image","twitter_misc":{"Written by":"Kisha Orthodhokse","Est. reading time":"4 minutes"},"schema":{"@context":"https:\/\/schema.org","@graph":[{"@type":"Article","@id":"https:\/\/orthodoxalbania.org\/2020\/2018\/04\/21\/deklarate-e-besimeve-fetare-ne-shqiperi-me-rastin-e-rekomandimit-per-hapjen-e-negociatave-me-be\/#article","isPartOf":{"@id":"https:\/\/orthodoxalbania.org\/2020\/2018\/04\/21\/deklarate-e-besimeve-fetare-ne-shqiperi-me-rastin-e-rekomandimit-per-hapjen-e-negociatave-me-be\/"},"author":{"name":"Kisha Orthodhokse","@id":"https:\/\/orthodoxalbania.org\/2020\/#\/schema\/person\/0c387634a7063ac612d7ed9ce71c7e86"},"headline":"Deklarat\u00eb e besimeve fetare n\u00eb Shqip\u00ebri me rastin e rekomandimit per hapjen e negociatave me BE","datePublished":"2018-04-21T07:53:57+00:00","dateModified":"2020-04-06T19:58:10+00:00","mainEntityOfPage":{"@id":"https:\/\/orthodoxalbania.org\/2020\/2018\/04\/21\/deklarate-e-besimeve-fetare-ne-shqiperi-me-rastin-e-rekomandimit-per-hapjen-e-negociatave-me-be\/"},"wordCount":863,"commentCount":0,"publisher":{"@id":"https:\/\/orthodoxalbania.org\/2020\/#organization"},"image":{"@id":"https:\/\/orthodoxalbania.org\/2020\/2018\/04\/21\/deklarate-e-besimeve-fetare-ne-shqiperi-me-rastin-e-rekomandimit-per-hapjen-e-negociatave-me-be\/#primaryimage"},"thumbnailUrl":"https:\/\/orthodoxalbania.org\/2020\/wp-content\/uploads\/2020\/04\/ddddd.jpg","keywords":["2018","Deklarata - Njoftime Zyrtare","Kryepiskopata Tiran\u00eb","lajme"],"articleSection":["Lajme"],"inLanguage":"en-US"},{"@type":"WebPage","@id":"https:\/\/orthodoxalbania.org\/2020\/2018\/04\/21\/deklarate-e-besimeve-fetare-ne-shqiperi-me-rastin-e-rekomandimit-per-hapjen-e-negociatave-me-be\/","url":"https:\/\/orthodoxalbania.org\/2020\/2018\/04\/21\/deklarate-e-besimeve-fetare-ne-shqiperi-me-rastin-e-rekomandimit-per-hapjen-e-negociatave-me-be\/","name":"Deklarat\u00eb e besimeve fetare n\u00eb Shqip\u00ebri me rastin e rekomandimit per hapjen e negociatave me BE - Kisha Orthodh\u03bfkse Autoqefale e Shqip\u00ebris\u00eb","isPartOf":{"@id":"https:\/\/orthodoxalbania.org\/2020\/#website"},"primaryImageOfPage":{"@id":"https:\/\/orthodoxalbania.org\/2020\/2018\/04\/21\/deklarate-e-besimeve-fetare-ne-shqiperi-me-rastin-e-rekomandimit-per-hapjen-e-negociatave-me-be\/#primaryimage"},"image":{"@id":"https:\/\/orthodoxalbania.org\/2020\/2018\/04\/21\/deklarate-e-besimeve-fetare-ne-shqiperi-me-rastin-e-rekomandimit-per-hapjen-e-negociatave-me-be\/#primaryimage"},"thumbnailUrl":"https:\/\/orthodoxalbania.org\/2020\/wp-content\/uploads\/2020\/04\/ddddd.jpg","datePublished":"2018-04-21T07:53:57+00:00","dateModified":"2020-04-06T19:58:10+00:00","breadcrumb":{"@id":"https:\/\/orthodoxalbania.org\/2020\/2018\/04\/21\/deklarate-e-besimeve-fetare-ne-shqiperi-me-rastin-e-rekomandimit-per-hapjen-e-negociatave-me-be\/#breadcrumb"},"inLanguage":"en-US","potentialAction":[{"@type":"ReadAction","target":["https:\/\/orthodoxalbania.org\/2020\/2018\/04\/21\/deklarate-e-besimeve-fetare-ne-shqiperi-me-rastin-e-rekomandimit-per-hapjen-e-negociatave-me-be\/"]}]},{"@type":"ImageObject","inLanguage":"en-US","@id":"https:\/\/orthodoxalbania.org\/2020\/2018\/04\/21\/deklarate-e-besimeve-fetare-ne-shqiperi-me-rastin-e-rekomandimit-per-hapjen-e-negociatave-me-be\/#primaryimage","url":"https:\/\/orthodoxalbania.org\/2020\/wp-content\/uploads\/2020\/04\/ddddd.jpg","contentUrl":"https:\/\/orthodoxalbania.org\/2020\/wp-content\/uploads\/2020\/04\/ddddd.jpg","width":423,"height":279},{"@type":"BreadcrumbList","@id":"https:\/\/orthodoxalbania.org\/2020\/2018\/04\/21\/deklarate-e-besimeve-fetare-ne-shqiperi-me-rastin-e-rekomandimit-per-hapjen-e-negociatave-me-be\/#breadcrumb","itemListElement":[{"@type":"ListItem","position":1,"name":"Home","item":"https:\/\/orthodoxalbania.org\/2020\/"},{"@type":"ListItem","position":2,"name":"Deklarat\u00eb e besimeve fetare n\u00eb Shqip\u00ebri me rastin e rekomandimit per hapjen e negociatave me BE"}]},{"@type":"WebSite","@id":"https:\/\/orthodoxalbania.org\/2020\/#website","url":"https:\/\/orthodoxalbania.org\/2020\/","name":"Kisha Orthodh\u03bfkse Autoqefale e Shqip\u00ebris\u00eb","description":"Fqja Zyrtare e Kish\u00ebs Orthodhokse Autoqefale e Shqip\u00ebris\u00eb me lajmet edhe informacionet zyrtare p\u00ebr struktur\u00ebn edhe veprimtarin e saj.","publisher":{"@id":"https:\/\/orthodoxalbania.org\/2020\/#organization"},"potentialAction":[{"@type":"SearchAction","target":{"@type":"EntryPoint","urlTemplate":"https:\/\/orthodoxalbania.org\/2020\/?s={search_term_string}"},"query-input":{"@type":"PropertyValueSpecification","valueRequired":true,"valueName":"search_term_string"}}],"inLanguage":"en-US"},{"@type":"Organization","@id":"https:\/\/orthodoxalbania.org\/2020\/#organization","name":"Kisha Orthodhokse Autoqefale e Shqip\u00ebris\u00eb","url":"https:\/\/orthodoxalbania.org\/2020\/","logo":{"@type":"ImageObject","inLanguage":"en-US","@id":"https:\/\/orthodoxalbania.org\/2020\/#\/schema\/logo\/image\/","url":"https:\/\/orthodoxalbania.org\/2020\/wp-content\/uploads\/2020\/05\/albania.jpeg","contentUrl":"https:\/\/orthodoxalbania.org\/2020\/wp-content\/uploads\/2020\/05\/albania.jpeg","width":540,"height":540,"caption":"Kisha Orthodhokse Autoqefale e Shqip\u00ebris\u00eb"},"image":{"@id":"https:\/\/orthodoxalbania.org\/2020\/#\/schema\/logo\/image\/"},"sameAs":["https:\/\/www.facebook.com\/koash1991"]},{"@type":"Person","@id":"https:\/\/orthodoxalbania.org\/2020\/#\/schema\/person\/0c387634a7063ac612d7ed9ce71c7e86","name":"Kisha Orthodhokse","image":{"@type":"ImageObject","inLanguage":"en-US","@id":"https:\/\/secure.gravatar.com\/avatar\/596e7c417251e30f2fbb9c00e026fce61a695a00e51c889caded71c96cbbdde5?s=96&d=mm&r=g","url":"https:\/\/secure.gravatar.com\/avatar\/596e7c417251e30f2fbb9c00e026fce61a695a00e51c889caded71c96cbbdde5?s=96&d=mm&r=g","contentUrl":"https:\/\/secure.gravatar.com\/avatar\/596e7c417251e30f2fbb9c00e026fce61a695a00e51c889caded71c96cbbdde5?s=96&d=mm&r=g","caption":"Kisha Orthodhokse"}}]}},"_links":{"self":[{"href":"https:\/\/orthodoxalbania.org\/2020\/wp-json\/wp\/v2\/posts\/6436","targetHints":{"allow":["GET"]}}],"collection":[{"href":"https:\/\/orthodoxalbania.org\/2020\/wp-json\/wp\/v2\/posts"}],"about":[{"href":"https:\/\/orthodoxalbania.org\/2020\/wp-json\/wp\/v2\/types\/post"}],"author":[{"embeddable":true,"href":"https:\/\/orthodoxalbania.org\/2020\/wp-json\/wp\/v2\/users\/1"}],"replies":[{"embeddable":true,"href":"https:\/\/orthodoxalbania.org\/2020\/wp-json\/wp\/v2\/comments?post=6436"}],"version-history":[{"count":1,"href":"https:\/\/orthodoxalbania.org\/2020\/wp-json\/wp\/v2\/posts\/6436\/revisions"}],"predecessor-version":[{"id":14791,"href":"https:\/\/orthodoxalbania.org\/2020\/wp-json\/wp\/v2\/posts\/6436\/revisions\/14791"}],"wp:featuredmedia":[{"embeddable":true,"href":"https:\/\/orthodoxalbania.org\/2020\/wp-json\/wp\/v2\/media\/6437"}],"wp:attachment":[{"href":"https:\/\/orthodoxalbania.org\/2020\/wp-json\/wp\/v2\/media?parent=6436"}],"wp:term":[{"taxonomy":"category","embeddable":true,"href":"https:\/\/orthodoxalbania.org\/2020\/wp-json\/wp\/v2\/categories?post=6436"},{"taxonomy":"post_tag","embeddable":true,"href":"https:\/\/orthodoxalbania.org\/2020\/wp-json\/wp\/v2\/tags?post=6436"}],"curies":[{"name":"wp","href":"https:\/\/api.w.org\/{rel}","templated":true}]}}