{"id":643,"date":"2013-03-21T10:31:47","date_gmt":"2013-03-21T10:31:47","guid":{"rendered":""},"modified":"2020-04-13T00:31:00","modified_gmt":"2020-04-12T22:31:00","slug":"inauguration-of-a-modern-ophthalmology-and-ent-center-march-2012","status":"publish","type":"post","link":"https:\/\/orthodoxalbania.org\/2020\/en\/2013\/03\/21\/inauguration-of-a-modern-ophthalmology-and-ent-center-march-2012\/","title":{"rendered":"Inauguration of a Modern Ophthalmology and ENT Center. (March 2012)"},"content":{"rendered":"<div style=\"text-align: justify;\">\n\t<span style=\"font-family:tahoma,geneva,sans-serif;\"><span style=\"font-size: 12px;\"><img decoding=\"async\" class=\"lazyload HAa Eha\" src=\"data:image\/gif;base64,R0lGODlhAQABAAAAACH5BAEKAAEALAAAAAABAAEAAAICTAEAOw==\" data-orig-src=\"https:\/\/lh6.googleusercontent.com\/-rYjSQfn6Vf4\/VARMmpXtpAI\/AAAAAAAACoE\/C9kg1PaCdwU\/w600-h430-no\/D1_600x430.jpg\" style=\"height: 179px; width: 250px; border-width: 1px; border-style: solid; margin: 10px; float: left;\" \/><span style=\"color: rgb(0, 0, 0);\">&nbsp;&nbsp;&nbsp; A new modern clinical ophthalmology and ENT Center was inaugurated in Tirana on Saturday, March 10, by the Archbishop of the Orthodox Church of Albania, Anastasios. Participating in this event were renowned doctors from our country and from Greece.<\/span><\/span><\/span><\/div>\n<div style=\"text-align: justify;\">\n\t<span style=\"font-family:tahoma,geneva,sans-serif;\"><span style=\"font-size: 12px;\"><span style=\"color: rgb(0, 0, 0);\">&nbsp;&nbsp;&nbsp;&nbsp;&nbsp;<br \/>\n\t&nbsp;&nbsp;&nbsp; The Center includes general ophthalmology branches; for the retina, for glaucoma, laser, OCT etc., and a wide range of otorhinolaryngology examinations. This Center operates in a three-story building purchased specifically for this purpose, and it further extends the activities of the Medical Diagnostic Centre &#8220;Evangelization&#8221; of Tirana, which has been operating &nbsp;since 1999 in a seven-story building next door. <\/span><\/span><\/span><\/div>\n<div style=\"text-align: justify;\">\n\t<span style=\"font-family:tahoma,geneva,sans-serif;\"><span style=\"font-size: 12px;\"><span style=\"color: rgb(0, 0, 0);\">&nbsp;<br \/>\n\t&nbsp;&nbsp;&nbsp; This Center provides service for 23 medical specialties, and is staffed by outstanding physicians and their specialized nursing personnel. It has been equipped with medical equipment with the latest technology which is used with a very high degree of professionalism.<\/span><\/span><\/span><\/div>\n<div style=\"text-align: justify;\">\n\t<br \/>\n\t<span style=\"font-family:tahoma,geneva,sans-serif;\"><span style=\"font-size: 12px;\"><span style=\"color: rgb(0, 0, 0);\">&nbsp;&nbsp;&nbsp; More than three million Euros, obtained from various donations solicited by Archbishop Anastasios, were spent for the first-rate renovation of the building and purchase of modern equipment.<\/span><\/span><\/span><\/div>\n<div style=\"text-align: justify;\">\n\t&nbsp;<\/div>\n<div style=\"text-align: justify;\">\n\t<span style=\"font-family:tahoma,geneva,sans-serif;\"><span style=\"font-size: 12px;\"><span style=\"color: rgb(0, 0, 0);\">&nbsp;&nbsp;&nbsp; During the past 12 years this Center, has been visited by about 1,300,000 patients, regardless of their faith and more than 3,000,000 laboratory tests have been conducted.<\/span><\/span><\/span><\/div>\n<div style=\"text-align: justify;\">\n\t<br \/>\n\t<span style=\"font-family:tahoma,geneva,sans-serif;\"><span style=\"font-size: 12px;\"><span style=\"color: rgb(0, 0, 0);\">&nbsp;&nbsp;&nbsp; The Orthodox Autocephalous Church of Albania has established four other centers for the primary medical services in: Kavaja, Lushnje, Korc\u00eb and Jergucat.<\/span><\/span><\/span><\/div>\n<div style=\"text-align: justify;\">\n\t&nbsp;<\/div>\n<div class=\"style10\" style=\"text-align: center;\">\n<p>\t<span style=\"font-family:tahoma,geneva,sans-serif;\"><span style=\"font-size: 12px;\"><span style=\"color: rgb(0, 0, 0);\"><strong>Tirana<\/strong><strong>, March 12, 2012<br \/>\n\tPress Office<br \/>\n\tOrthodox Autocephalous Church of Albania<br \/>\n\tFor more look at: <span style=\"color:#000000;\"><strong><span style=\"font-family: tahoma,geneva,sans-serif;\"><span style=\"font-size: 12px;\"><a href=\"http:\/\/klinikaorthodhokse.com\/al\/\">www.klinikaorthodhokse.com<\/a><\/span><\/span><\/strong><\/span><\/strong><\/span><\/span><\/span><\/div>\n<div class=\"style10\" style=\"text-align: center;\">\n\t&nbsp;<\/div>\n<div class=\"style10\" style=\"text-align: center;\">\n\t<img decoding=\"async\" class=\"lazyload HAa Eha\" src=\"data:image\/gif;base64,R0lGODlhAQABAAAAACH5BAEKAAEALAAAAAABAAEAAAICTAEAOw==\" data-orig-src=\"https:\/\/lh5.googleusercontent.com\/-pYdtjSJV0Uo\/VLTX_x7ET8I\/AAAAAAAAKu4\/tITAfxevoI4\/w640-h480-no\/index.png\" style=\"height: 338px; width: 450px; border-width: 1px; border-style: solid; margin: 10px;\" \/><\/div>\n<div class=\"style10\" style=\"text-align: justify;\">\n\t<br \/>\n\t<span style=\"font-family:tahoma,geneva,sans-serif;\"><span style=\"font-size: 12px;\">&nbsp;&nbsp; &nbsp;<\/span><\/span><\/div>\n<div class=\"style10\" style=\"text-align: justify;\">\n\t&nbsp;<\/div>\n","protected":false},"excerpt":{"rendered":"<p>&nbsp;&nbsp;&nbsp; A new modern clinical ophthalmology and ENT Center was inaugurated in Tirana on Saturday, March 10, by the Archbishop of the Orthodox Church of Albania, Anastasios. Participating in this event were renowned doctors from our country and from Greece. &nbsp;&nbsp;&nbsp;&nbsp;&nbsp; &nbsp;&nbsp;&nbsp; The Center includes general ophthalmology branches; for the retina, for glaucoma, laser, OCT etc., and a wide range of otorhinolaryngology examinations. This Center<\/p>\n","protected":false},"author":7,"featured_media":0,"comment_status":"open","ping_status":"open","sticky":false,"template":"","format":"standard","meta":{"_acf_changed":false,"pagelayer_contact_templates":[],"_pagelayer_content":"","inline_featured_image":false,"fifu_image_url":"","fifu_image_alt":"","footnotes":""},"categories":[1455,311],"tags":[1137,1902,1768],"class_list":["post-643","post","type-post","status-publish","format-standard","hentry","category-news-en","category-news-d25","tag-2012-en","tag-fondacioni-klinikat-orthodhokse-te-ungjillezimit-en","tag-kryepiskopi-anastas-en"],"acf":[],"yoast_head":"<!-- This site is optimized with the Yoast SEO plugin v27.2 - https:\/\/yoast.com\/product\/yoast-seo-wordpress\/ -->\n<title>Inauguration of a Modern Ophthalmology and ENT Center. (March 2012) - Kisha Orthodh\u03bfkse Autoqefale e Shqip\u00ebris\u00eb<\/title>\n<meta name=\"robots\" content=\"index, follow, max-snippet:-1, max-image-preview:large, max-video-preview:-1\" \/>\n<link rel=\"canonical\" href=\"https:\/\/orthodoxalbania.org\/2020\/en\/2013\/03\/21\/inauguration-of-a-modern-ophthalmology-and-ent-center-march-2012\/\" \/>\n<meta property=\"og:locale\" content=\"en_US\" \/>\n<meta property=\"og:type\" content=\"article\" \/>\n<meta property=\"og:title\" content=\"Inauguration of a Modern Ophthalmology and ENT Center. (March 2012) - Kisha Orthodh\u03bfkse Autoqefale e Shqip\u00ebris\u00eb\" \/>\n<meta property=\"og:description\" content=\"&nbsp;&nbsp;&nbsp; A new modern clinical ophthalmology and ENT Center was inaugurated in Tirana on Saturday, March 10, by the Archbishop of the Orthodox Church of Albania, Anastasios. Participating in this event were renowned doctors from our country and from Greece. &nbsp;&nbsp;&nbsp;&nbsp;&nbsp; &nbsp;&nbsp;&nbsp; The Center includes general ophthalmology branches; for the retina, for glaucoma, laser, OCT etc., and a wide range of otorhinolaryngology examinations. This Center\" \/>\n<meta property=\"og:url\" content=\"https:\/\/orthodoxalbania.org\/2020\/en\/2013\/03\/21\/inauguration-of-a-modern-ophthalmology-and-ent-center-march-2012\/\" \/>\n<meta property=\"og:site_name\" content=\"Kisha Orthodh\u03bfkse Autoqefale e Shqip\u00ebris\u00eb\" \/>\n<meta property=\"article:publisher\" content=\"https:\/\/www.facebook.com\/koash1991\" \/>\n<meta property=\"article:published_time\" content=\"2013-03-21T10:31:47+00:00\" \/>\n<meta property=\"article:modified_time\" content=\"2020-04-12T22:31:00+00:00\" \/>\n<meta property=\"og:image\" content=\"https:\/\/lh6.googleusercontent.com\/-rYjSQfn6Vf4\/VARMmpXtpAI\/AAAAAAAACoE\/C9kg1PaCdwU\/w600-h430-no\/D1_600x430.jpg\" \/>\n<meta name=\"author\" content=\"Kisha Orthodhokse\" \/>\n<meta name=\"twitter:card\" content=\"summary_large_image\" \/>\n<meta name=\"twitter:label1\" content=\"Written by\" \/>\n\t<meta name=\"twitter:data1\" content=\"Kisha Orthodhokse\" \/>\n\t<meta name=\"twitter:label2\" content=\"Est. reading time\" \/>\n\t<meta name=\"twitter:data2\" content=\"1 minute\" \/>\n<script type=\"application\/ld+json\" class=\"yoast-schema-graph\">{\"@context\":\"https:\/\/schema.org\",\"@graph\":[{\"@type\":\"Article\",\"@id\":\"https:\/\/orthodoxalbania.org\/2020\/en\/2013\/03\/21\/inauguration-of-a-modern-ophthalmology-and-ent-center-march-2012\/#article\",\"isPartOf\":{\"@id\":\"https:\/\/orthodoxalbania.org\/2020\/en\/2013\/03\/21\/inauguration-of-a-modern-ophthalmology-and-ent-center-march-2012\/\"},\"author\":{\"name\":\"Kisha Orthodhokse\",\"@id\":\"https:\/\/orthodoxalbania.org\/2020\/#\/schema\/person\/df745f942b70e045b3dc05a30211f0de\"},\"headline\":\"Inauguration of a Modern Ophthalmology and ENT Center. (March 2012)\",\"datePublished\":\"2013-03-21T10:31:47+00:00\",\"dateModified\":\"2020-04-12T22:31:00+00:00\",\"mainEntityOfPage\":{\"@id\":\"https:\/\/orthodoxalbania.org\/2020\/en\/2013\/03\/21\/inauguration-of-a-modern-ophthalmology-and-ent-center-march-2012\/\"},\"wordCount\":265,\"commentCount\":0,\"publisher\":{\"@id\":\"https:\/\/orthodoxalbania.org\/2020\/#organization\"},\"image\":{\"@id\":\"https:\/\/orthodoxalbania.org\/2020\/en\/2013\/03\/21\/inauguration-of-a-modern-ophthalmology-and-ent-center-march-2012\/#primaryimage\"},\"thumbnailUrl\":\"https:\/\/lh6.googleusercontent.com\/-rYjSQfn6Vf4\/VARMmpXtpAI\/AAAAAAAACoE\/C9kg1PaCdwU\/w600-h430-no\/D1_600x430.jpg\",\"keywords\":[\"2012\",\"Fondacioni \u201cKlinikat Orthodhokse t\u00eb Ungjill\u00ebzimit\u201d\",\"Kryepiskopi Anastas\"],\"articleSection\":[\"News - \u0395\u039d\",\"News old page\"],\"inLanguage\":\"en-US\"},{\"@type\":\"WebPage\",\"@id\":\"https:\/\/orthodoxalbania.org\/2020\/en\/2013\/03\/21\/inauguration-of-a-modern-ophthalmology-and-ent-center-march-2012\/\",\"url\":\"https:\/\/orthodoxalbania.org\/2020\/en\/2013\/03\/21\/inauguration-of-a-modern-ophthalmology-and-ent-center-march-2012\/\",\"name\":\"Inauguration of a Modern Ophthalmology and ENT Center. (March 2012) - Kisha Orthodh\u03bfkse Autoqefale e Shqip\u00ebris\u00eb\",\"isPartOf\":{\"@id\":\"https:\/\/orthodoxalbania.org\/2020\/#website\"},\"primaryImageOfPage\":{\"@id\":\"https:\/\/orthodoxalbania.org\/2020\/en\/2013\/03\/21\/inauguration-of-a-modern-ophthalmology-and-ent-center-march-2012\/#primaryimage\"},\"image\":{\"@id\":\"https:\/\/orthodoxalbania.org\/2020\/en\/2013\/03\/21\/inauguration-of-a-modern-ophthalmology-and-ent-center-march-2012\/#primaryimage\"},\"thumbnailUrl\":\"https:\/\/lh6.googleusercontent.com\/-rYjSQfn6Vf4\/VARMmpXtpAI\/AAAAAAAACoE\/C9kg1PaCdwU\/w600-h430-no\/D1_600x430.jpg\",\"datePublished\":\"2013-03-21T10:31:47+00:00\",\"dateModified\":\"2020-04-12T22:31:00+00:00\",\"breadcrumb\":{\"@id\":\"https:\/\/orthodoxalbania.org\/2020\/en\/2013\/03\/21\/inauguration-of-a-modern-ophthalmology-and-ent-center-march-2012\/#breadcrumb\"},\"inLanguage\":\"en-US\",\"potentialAction\":[{\"@type\":\"ReadAction\",\"target\":[\"https:\/\/orthodoxalbania.org\/2020\/en\/2013\/03\/21\/inauguration-of-a-modern-ophthalmology-and-ent-center-march-2012\/\"]}]},{\"@type\":\"ImageObject\",\"inLanguage\":\"en-US\",\"@id\":\"https:\/\/orthodoxalbania.org\/2020\/en\/2013\/03\/21\/inauguration-of-a-modern-ophthalmology-and-ent-center-march-2012\/#primaryimage\",\"url\":\"https:\/\/lh6.googleusercontent.com\/-rYjSQfn6Vf4\/VARMmpXtpAI\/AAAAAAAACoE\/C9kg1PaCdwU\/w600-h430-no\/D1_600x430.jpg\",\"contentUrl\":\"https:\/\/lh6.googleusercontent.com\/-rYjSQfn6Vf4\/VARMmpXtpAI\/AAAAAAAACoE\/C9kg1PaCdwU\/w600-h430-no\/D1_600x430.jpg\"},{\"@type\":\"BreadcrumbList\",\"@id\":\"https:\/\/orthodoxalbania.org\/2020\/en\/2013\/03\/21\/inauguration-of-a-modern-ophthalmology-and-ent-center-march-2012\/#breadcrumb\",\"itemListElement\":[{\"@type\":\"ListItem\",\"position\":1,\"name\":\"Home\",\"item\":\"https:\/\/orthodoxalbania.org\/2020\/\"},{\"@type\":\"ListItem\",\"position\":2,\"name\":\"Inauguration of a Modern Ophthalmology and ENT Center. (March 2012)\"}]},{\"@type\":\"WebSite\",\"@id\":\"https:\/\/orthodoxalbania.org\/2020\/#website\",\"url\":\"https:\/\/orthodoxalbania.org\/2020\/\",\"name\":\"Kisha Orthodh\u03bfkse Autoqefale e Shqip\u00ebris\u00eb\",\"description\":\"Fqja Zyrtare e Kish\u00ebs Orthodhokse Autoqefale e Shqip\u00ebris\u00eb me lajmet edhe informacionet zyrtare p\u00ebr struktur\u00ebn edhe veprimtarin e saj.\",\"publisher\":{\"@id\":\"https:\/\/orthodoxalbania.org\/2020\/#organization\"},\"potentialAction\":[{\"@type\":\"SearchAction\",\"target\":{\"@type\":\"EntryPoint\",\"urlTemplate\":\"https:\/\/orthodoxalbania.org\/2020\/?s={search_term_string}\"},\"query-input\":{\"@type\":\"PropertyValueSpecification\",\"valueRequired\":true,\"valueName\":\"search_term_string\"}}],\"inLanguage\":\"en-US\"},{\"@type\":\"Organization\",\"@id\":\"https:\/\/orthodoxalbania.org\/2020\/#organization\",\"name\":\"Kisha Orthodhokse Autoqefale e Shqip\u00ebris\u00eb\",\"url\":\"https:\/\/orthodoxalbania.org\/2020\/\",\"logo\":{\"@type\":\"ImageObject\",\"inLanguage\":\"en-US\",\"@id\":\"https:\/\/orthodoxalbania.org\/2020\/#\/schema\/logo\/image\/\",\"url\":\"https:\/\/orthodoxalbania.org\/2020\/wp-content\/uploads\/2020\/05\/albania.jpeg\",\"contentUrl\":\"https:\/\/orthodoxalbania.org\/2020\/wp-content\/uploads\/2020\/05\/albania.jpeg\",\"width\":540,\"height\":540,\"caption\":\"Kisha Orthodhokse Autoqefale e Shqip\u00ebris\u00eb\"},\"image\":{\"@id\":\"https:\/\/orthodoxalbania.org\/2020\/#\/schema\/logo\/image\/\"},\"sameAs\":[\"https:\/\/www.facebook.com\/koash1991\"]},{\"@type\":\"Person\",\"@id\":\"https:\/\/orthodoxalbania.org\/2020\/#\/schema\/person\/df745f942b70e045b3dc05a30211f0de\",\"name\":\"Kisha Orthodhokse\",\"image\":{\"@type\":\"ImageObject\",\"inLanguage\":\"en-US\",\"@id\":\"https:\/\/secure.gravatar.com\/avatar\/2676eb8d97178435c9f691a7871595a1da6c33542dec218bce40885573150e28?s=96&d=mm&r=g\",\"url\":\"https:\/\/secure.gravatar.com\/avatar\/2676eb8d97178435c9f691a7871595a1da6c33542dec218bce40885573150e28?s=96&d=mm&r=g\",\"contentUrl\":\"https:\/\/secure.gravatar.com\/avatar\/2676eb8d97178435c9f691a7871595a1da6c33542dec218bce40885573150e28?s=96&d=mm&r=g\",\"caption\":\"Kisha Orthodhokse\"}}]}<\/script>\n<!-- \/ Yoast SEO plugin. -->","yoast_head_json":{"title":"Inauguration of a Modern Ophthalmology and ENT Center. (March 2012) - Kisha Orthodh\u03bfkse Autoqefale e Shqip\u00ebris\u00eb","robots":{"index":"index","follow":"follow","max-snippet":"max-snippet:-1","max-image-preview":"max-image-preview:large","max-video-preview":"max-video-preview:-1"},"canonical":"https:\/\/orthodoxalbania.org\/2020\/en\/2013\/03\/21\/inauguration-of-a-modern-ophthalmology-and-ent-center-march-2012\/","og_locale":"en_US","og_type":"article","og_title":"Inauguration of a Modern Ophthalmology and ENT Center. (March 2012) - Kisha Orthodh\u03bfkse Autoqefale e Shqip\u00ebris\u00eb","og_description":"&nbsp;&nbsp;&nbsp; A new modern clinical ophthalmology and ENT Center was inaugurated in Tirana on Saturday, March 10, by the Archbishop of the Orthodox Church of Albania, Anastasios. Participating in this event were renowned doctors from our country and from Greece. &nbsp;&nbsp;&nbsp;&nbsp;&nbsp; &nbsp;&nbsp;&nbsp; The Center includes general ophthalmology branches; for the retina, for glaucoma, laser, OCT etc., and a wide range of otorhinolaryngology examinations. This Center","og_url":"https:\/\/orthodoxalbania.org\/2020\/en\/2013\/03\/21\/inauguration-of-a-modern-ophthalmology-and-ent-center-march-2012\/","og_site_name":"Kisha Orthodh\u03bfkse Autoqefale e Shqip\u00ebris\u00eb","article_publisher":"https:\/\/www.facebook.com\/koash1991","article_published_time":"2013-03-21T10:31:47+00:00","article_modified_time":"2020-04-12T22:31:00+00:00","og_image":[{"url":"https:\/\/lh6.googleusercontent.com\/-rYjSQfn6Vf4\/VARMmpXtpAI\/AAAAAAAACoE\/C9kg1PaCdwU\/w600-h430-no\/D1_600x430.jpg","type":"","width":"","height":""}],"author":"Kisha Orthodhokse","twitter_card":"summary_large_image","twitter_misc":{"Written by":"Kisha Orthodhokse","Est. reading time":"1 minute"},"schema":{"@context":"https:\/\/schema.org","@graph":[{"@type":"Article","@id":"https:\/\/orthodoxalbania.org\/2020\/en\/2013\/03\/21\/inauguration-of-a-modern-ophthalmology-and-ent-center-march-2012\/#article","isPartOf":{"@id":"https:\/\/orthodoxalbania.org\/2020\/en\/2013\/03\/21\/inauguration-of-a-modern-ophthalmology-and-ent-center-march-2012\/"},"author":{"name":"Kisha Orthodhokse","@id":"https:\/\/orthodoxalbania.org\/2020\/#\/schema\/person\/df745f942b70e045b3dc05a30211f0de"},"headline":"Inauguration of a Modern Ophthalmology and ENT Center. (March 2012)","datePublished":"2013-03-21T10:31:47+00:00","dateModified":"2020-04-12T22:31:00+00:00","mainEntityOfPage":{"@id":"https:\/\/orthodoxalbania.org\/2020\/en\/2013\/03\/21\/inauguration-of-a-modern-ophthalmology-and-ent-center-march-2012\/"},"wordCount":265,"commentCount":0,"publisher":{"@id":"https:\/\/orthodoxalbania.org\/2020\/#organization"},"image":{"@id":"https:\/\/orthodoxalbania.org\/2020\/en\/2013\/03\/21\/inauguration-of-a-modern-ophthalmology-and-ent-center-march-2012\/#primaryimage"},"thumbnailUrl":"https:\/\/lh6.googleusercontent.com\/-rYjSQfn6Vf4\/VARMmpXtpAI\/AAAAAAAACoE\/C9kg1PaCdwU\/w600-h430-no\/D1_600x430.jpg","keywords":["2012","Fondacioni \u201cKlinikat Orthodhokse t\u00eb Ungjill\u00ebzimit\u201d","Kryepiskopi Anastas"],"articleSection":["News - \u0395\u039d","News old page"],"inLanguage":"en-US"},{"@type":"WebPage","@id":"https:\/\/orthodoxalbania.org\/2020\/en\/2013\/03\/21\/inauguration-of-a-modern-ophthalmology-and-ent-center-march-2012\/","url":"https:\/\/orthodoxalbania.org\/2020\/en\/2013\/03\/21\/inauguration-of-a-modern-ophthalmology-and-ent-center-march-2012\/","name":"Inauguration of a Modern Ophthalmology and ENT Center. (March 2012) - Kisha Orthodh\u03bfkse Autoqefale e Shqip\u00ebris\u00eb","isPartOf":{"@id":"https:\/\/orthodoxalbania.org\/2020\/#website"},"primaryImageOfPage":{"@id":"https:\/\/orthodoxalbania.org\/2020\/en\/2013\/03\/21\/inauguration-of-a-modern-ophthalmology-and-ent-center-march-2012\/#primaryimage"},"image":{"@id":"https:\/\/orthodoxalbania.org\/2020\/en\/2013\/03\/21\/inauguration-of-a-modern-ophthalmology-and-ent-center-march-2012\/#primaryimage"},"thumbnailUrl":"https:\/\/lh6.googleusercontent.com\/-rYjSQfn6Vf4\/VARMmpXtpAI\/AAAAAAAACoE\/C9kg1PaCdwU\/w600-h430-no\/D1_600x430.jpg","datePublished":"2013-03-21T10:31:47+00:00","dateModified":"2020-04-12T22:31:00+00:00","breadcrumb":{"@id":"https:\/\/orthodoxalbania.org\/2020\/en\/2013\/03\/21\/inauguration-of-a-modern-ophthalmology-and-ent-center-march-2012\/#breadcrumb"},"inLanguage":"en-US","potentialAction":[{"@type":"ReadAction","target":["https:\/\/orthodoxalbania.org\/2020\/en\/2013\/03\/21\/inauguration-of-a-modern-ophthalmology-and-ent-center-march-2012\/"]}]},{"@type":"ImageObject","inLanguage":"en-US","@id":"https:\/\/orthodoxalbania.org\/2020\/en\/2013\/03\/21\/inauguration-of-a-modern-ophthalmology-and-ent-center-march-2012\/#primaryimage","url":"https:\/\/lh6.googleusercontent.com\/-rYjSQfn6Vf4\/VARMmpXtpAI\/AAAAAAAACoE\/C9kg1PaCdwU\/w600-h430-no\/D1_600x430.jpg","contentUrl":"https:\/\/lh6.googleusercontent.com\/-rYjSQfn6Vf4\/VARMmpXtpAI\/AAAAAAAACoE\/C9kg1PaCdwU\/w600-h430-no\/D1_600x430.jpg"},{"@type":"BreadcrumbList","@id":"https:\/\/orthodoxalbania.org\/2020\/en\/2013\/03\/21\/inauguration-of-a-modern-ophthalmology-and-ent-center-march-2012\/#breadcrumb","itemListElement":[{"@type":"ListItem","position":1,"name":"Home","item":"https:\/\/orthodoxalbania.org\/2020\/"},{"@type":"ListItem","position":2,"name":"Inauguration of a Modern Ophthalmology and ENT Center. (March 2012)"}]},{"@type":"WebSite","@id":"https:\/\/orthodoxalbania.org\/2020\/#website","url":"https:\/\/orthodoxalbania.org\/2020\/","name":"Kisha Orthodh\u03bfkse Autoqefale e Shqip\u00ebris\u00eb","description":"Fqja Zyrtare e Kish\u00ebs Orthodhokse Autoqefale e Shqip\u00ebris\u00eb me lajmet edhe informacionet zyrtare p\u00ebr struktur\u00ebn edhe veprimtarin e saj.","publisher":{"@id":"https:\/\/orthodoxalbania.org\/2020\/#organization"},"potentialAction":[{"@type":"SearchAction","target":{"@type":"EntryPoint","urlTemplate":"https:\/\/orthodoxalbania.org\/2020\/?s={search_term_string}"},"query-input":{"@type":"PropertyValueSpecification","valueRequired":true,"valueName":"search_term_string"}}],"inLanguage":"en-US"},{"@type":"Organization","@id":"https:\/\/orthodoxalbania.org\/2020\/#organization","name":"Kisha Orthodhokse Autoqefale e Shqip\u00ebris\u00eb","url":"https:\/\/orthodoxalbania.org\/2020\/","logo":{"@type":"ImageObject","inLanguage":"en-US","@id":"https:\/\/orthodoxalbania.org\/2020\/#\/schema\/logo\/image\/","url":"https:\/\/orthodoxalbania.org\/2020\/wp-content\/uploads\/2020\/05\/albania.jpeg","contentUrl":"https:\/\/orthodoxalbania.org\/2020\/wp-content\/uploads\/2020\/05\/albania.jpeg","width":540,"height":540,"caption":"Kisha Orthodhokse Autoqefale e Shqip\u00ebris\u00eb"},"image":{"@id":"https:\/\/orthodoxalbania.org\/2020\/#\/schema\/logo\/image\/"},"sameAs":["https:\/\/www.facebook.com\/koash1991"]},{"@type":"Person","@id":"https:\/\/orthodoxalbania.org\/2020\/#\/schema\/person\/df745f942b70e045b3dc05a30211f0de","name":"Kisha Orthodhokse","image":{"@type":"ImageObject","inLanguage":"en-US","@id":"https:\/\/secure.gravatar.com\/avatar\/2676eb8d97178435c9f691a7871595a1da6c33542dec218bce40885573150e28?s=96&d=mm&r=g","url":"https:\/\/secure.gravatar.com\/avatar\/2676eb8d97178435c9f691a7871595a1da6c33542dec218bce40885573150e28?s=96&d=mm&r=g","contentUrl":"https:\/\/secure.gravatar.com\/avatar\/2676eb8d97178435c9f691a7871595a1da6c33542dec218bce40885573150e28?s=96&d=mm&r=g","caption":"Kisha Orthodhokse"}}]}},"_links":{"self":[{"href":"https:\/\/orthodoxalbania.org\/2020\/wp-json\/wp\/v2\/posts\/643","targetHints":{"allow":["GET"]}}],"collection":[{"href":"https:\/\/orthodoxalbania.org\/2020\/wp-json\/wp\/v2\/posts"}],"about":[{"href":"https:\/\/orthodoxalbania.org\/2020\/wp-json\/wp\/v2\/types\/post"}],"author":[{"embeddable":true,"href":"https:\/\/orthodoxalbania.org\/2020\/wp-json\/wp\/v2\/users\/7"}],"replies":[{"embeddable":true,"href":"https:\/\/orthodoxalbania.org\/2020\/wp-json\/wp\/v2\/comments?post=643"}],"version-history":[{"count":1,"href":"https:\/\/orthodoxalbania.org\/2020\/wp-json\/wp\/v2\/posts\/643\/revisions"}],"predecessor-version":[{"id":17749,"href":"https:\/\/orthodoxalbania.org\/2020\/wp-json\/wp\/v2\/posts\/643\/revisions\/17749"}],"wp:attachment":[{"href":"https:\/\/orthodoxalbania.org\/2020\/wp-json\/wp\/v2\/media?parent=643"}],"wp:term":[{"taxonomy":"category","embeddable":true,"href":"https:\/\/orthodoxalbania.org\/2020\/wp-json\/wp\/v2\/categories?post=643"},{"taxonomy":"post_tag","embeddable":true,"href":"https:\/\/orthodoxalbania.org\/2020\/wp-json\/wp\/v2\/tags?post=643"}],"curies":[{"name":"wp","href":"https:\/\/api.w.org\/{rel}","templated":true}]}}