{"id":6424,"date":"2018-04-13T10:49:35","date_gmt":"2018-04-13T10:49:35","guid":{"rendered":""},"modified":"2020-04-06T21:58:10","modified_gmt":"2020-04-06T19:58:10","slug":"nderhyrje-shpetimi-dhe-konservimi-ne-kishen-e-shen-athanasit","status":"publish","type":"post","link":"https:\/\/orthodoxalbania.org\/2020\/2018\/04\/13\/nderhyrje-shpetimi-dhe-konservimi-ne-kishen-e-shen-athanasit\/","title":{"rendered":"Nd\u00ebrhyrje shp\u00ebtimi dhe konservimi n\u00eb kish\u00ebn e Sh\u00ebn Athanasit"},"content":{"rendered":"<p style=\"text-align: justify;\"><span style=\"font-size: 12pt; font-family: helvetica; color: #000000;\">Kisha e manastirit t\u00eb Sh\u00ebn Athanasit n\u00eb Leshnic\u00eb t\u00eb Sarand\u00ebs, \u00ebsht\u00eb i vetmi element q\u00eb ka mbijetuar nga kompleksi manastirial. Ajo mbart vlera t\u00eb ve\u00e7anta adhuruese, historike e kulturore dhe \u00ebsht\u00eb nj\u00eb monument i trash\u00ebgimis\u00eb shpirt\u00ebrore Orthodhokse. Pranver\u00ebn e vitit t\u00eb kaluar u krijua nj\u00eb situat\u00eb mjaft e r\u00ebnduar pas rr\u00ebnimit t\u00eb nj\u00eb pjese t\u00eb madhe t\u00eb struktur\u00ebs. Ajo ka statusin e \u201cmonumentit kulturor n\u00ebn mbrojtjen e shtetit\u201d, gj\u00eb q\u00eb ka penguar kryerjen e \u00e7far\u00ebdo punimi mir\u00ebmbajtjeje nga komuniteti Orthodhoks lokal. Braktisja dhe mungesa e nd\u00ebrhyrjeve emergjente p\u00ebr zgjidhjen e problemeve me \u00e7atin\u00eb dhe sidomos mungesa e nd\u00ebrhyrjeve p\u00ebr konsolidimin e themeleve, b\u00ebn\u00eb q\u00eb nd\u00ebrtesa t\u00eb p\u00ebsoj\u00eb d\u00ebmtime t\u00eb r\u00ebnda pas rr\u00ebshqitjeve t\u00eb dherave t\u00eb shkaktuara nga l\u00ebkundjet sizmike.<\/span><\/p>\n<p style=\"text-align: justify;\"><span style=\"font-size: 12pt; font-family: helvetica; color: #000000;\">Pas k\u00ebtij d\u00ebmtimi, ishte i menj\u00ebhersh\u00ebm kujdesi personal i Kryepiskopit Anastas, p\u00ebr kap\u00ebrcimin e situat\u00ebs s\u00eb krijuar. Kjo, si shprehje e ndjeshm\u00ebris\u00eb s\u00eb tij t\u00eb vazhdueshme p\u00ebr ruajtjen e gjith\u00eb trash\u00ebgimis\u00eb historike t\u00eb Kish\u00ebs Orthodhokse, por edhe p\u00ebr t\u00eb qen\u00eb pran\u00eb shqet\u00ebsimit t\u00eb komunitetit lokal. P\u00ebr t\u00eb krijuar mund\u00ebsin\u00eb e nd\u00ebrhyrjeve t\u00eb nevojshme, u d\u00ebrguan aty specialist\u00eb p\u00ebr t\u00eb par\u00eb gjendjen dhe p\u00ebr t\u00eb hartuar projektet p\u00ebr nd\u00ebrhyrjet emergjente. Nd\u00ebrkaq, nga ana e IMK u d\u00ebrgua nj\u00eb grup pun\u00ebtor\u00ebsh, por, n\u00eb fakt, u vendos\u00ebn vet\u00ebm disa mbulesa plastmasi. Kjo solli q\u00eb gjat\u00eb dimrit situata t\u00eb r\u00ebndohej m\u00eb tej&#8230;.<\/span><\/p>\n<p style=\"text-align: justify;\"><span style=\"font-size: 12pt; font-family: helvetica; color: #000000;\">Duke pasur parasysh, se \u00e7do dit\u00eb q\u00eb kalonte mund t\u00eb sillte pasoja akoma m\u00eb t\u00eb r\u00ebnda n\u00eb pjes\u00ebt e mbetura me afreske agjiografike t\u00eb nj\u00eb vlere t\u00eb ve\u00e7ant\u00eb, nga ana e Kryepiskopit Anastas u dha porosi dhe gjat\u00eb muajit mars 2018, pavar\u00ebsisht v\u00ebshtir\u00ebsive financiare, u realizuan n\u00eb objekt punime q\u00eb konsistonin n\u00eb shp\u00ebtimin e asaj \u00e7far\u00eb ka mbetur, konservimin e saj dhe krijimin e kushteve p\u00ebr rehabilitim funksional t\u00eb kish\u00ebs s\u00eb Sh\u00ebn Athanasit.<\/span><\/p>\n<p style=\"text-align: justify;\"><span style=\"font-size: 12pt; font-family: helvetica; color: #000000;\">U realizuan k\u00ebto punime: largimi i gjitha mbetjeve q\u00eb kishin r\u00ebn\u00eb n\u00eb brend\u00ebsi t\u00eb kish\u00ebs dhe sistemimi i materialit, duke ve\u00e7uar pjes\u00ebt me p\u00ebrmbajtje gjurm\u00ebsh afreskesh. U pastrua zona p\u00ebrreth nga bim\u00ebsia dhe u hap shtegu i mb\u00ebrritjes n\u00eb kish\u00eb. U rehabilitua gjith\u00eb sistemi i drenazhimit sip\u00ebrfaq\u00ebsor, n\u00eb m\u00ebnyr\u00eb q\u00eb rrjedhjet e uj\u00ebrave t\u00eb mos ndikojn\u00eb n\u00eb struktur\u00ebn e themeleve. U grumbulluan pjes\u00ebt e mbetura nga ikonostasi. Gjithashtu, n\u00eb arkadat ende n\u00eb k\u00ebmb\u00eb, nga ana veriore e lindore, u krijuan struktura mb\u00ebshtet\u00ebse. Fragmentet nga struktura, q\u00eb ishin n\u00eb shembje dhe p\u00ebrb\u00ebnin rrezik p\u00ebr besimtar\u00ebt dhe vizitor\u00ebt, u larguan me kujdes, si edhe mbetjet nga mbulesa e \u00e7atis\u00eb me rrasa guri.<\/span><\/p>\n<p style=\"text-align: justify;\"><span style=\"font-size: 12pt; font-family: helvetica; color: #000000;\">Nd\u00ebrhyrja kryesore q\u00eb u realizua ishte vendosja e nj\u00eb strehe t\u00eb lart\u00eb metalike, e cila mbulon gjith\u00eb strukturat e mureve dhe kubeve t\u00eb mbetura, p\u00ebr t\u2019i konservuar ato n\u00eb m\u00ebnyr\u00eb afatgjat\u00eb dhe p\u00ebr t\u00eb pasur t\u00eb hapur perspektiv\u00ebn p\u00ebr nd\u00ebrhyrje t\u00eb m\u00ebvonshme, kur kushtet do t\u00eb lejojn\u00eb p\u00ebr rind\u00ebrtimin eventual t\u00eb kish\u00ebs s\u00eb Sh\u00ebn Athanasit.<\/span><\/p>\n<p style=\"text-align: justify;\"><span style=\"font-size: 12pt; font-family: helvetica; color: #000000;\">P\u00ebrtej kostos s\u00eb punimeve, duhet marr\u00eb parasysh fakti se punimet u realizuan me impenjim t\u00eb ve\u00e7ant\u00eb n\u00eb kushte t\u00eb jasht\u00ebzakonshme t\u00eb terrenit, munges\u00ebs s\u00eb rrug\u00ebs, transportimit me shum\u00eb v\u00ebshtir\u00ebsi t\u00eb materialeve, munges\u00ebs s\u00eb energjis\u00eb elektrike p\u00ebr punimet e ngjitjes dhe montimit etj.<\/span><\/p>\n<p style=\"text-align: justify;\"><span style=\"font-size: 12pt; font-family: helvetica; color: #000000;\">Nuk mund t\u00eb p\u00ebrmendim, se n\u00eb k\u00ebt\u00eb periudh\u00eb v\u00ebshtir\u00ebsish financiare, n\u00eb k\u00ebt\u00eb enori t\u00eb larg\u00ebt dhe t\u00eb izoluar t\u00eb Mitropolis\u00eb e Gjirokastr\u00ebs ka pasur edhe kontribute t\u00eb tjera nga ana e Kryepiskopit, n\u00eb mb\u00ebshtetje t\u00eb komunitetit besimtar\u00ebve, si\u00e7 ishte rehabilitimi i rrug\u00ebs automobilistike, restaurimi i kish\u00ebs s\u00eb Sh\u00ebn Nikoll\u00ebs etj.<\/span><\/p>\n<p style=\"text-align: justify;\"><span style=\"font-size: 12pt; font-family: helvetica; color: #000000;\">Nj\u00eb nd\u00ebrhyrje tjet\u00ebr, q\u00eb duhet programuar p\u00ebr t\u2019u realizuar sa m\u00eb shpejt, \u00ebsht\u00eb ajo p\u00ebr fiksimin e afreskeve n\u00eb zonat e rrezikuara, p\u00ebr t\u00eb shmangur d\u00ebmtime t\u00eb m\u00ebtejshme, pasi b\u00ebhet fjal\u00eb p\u00ebr nj\u00eb realizim artistik me vlera t\u00eb rralla p\u00ebr nga tematika dhe realizimi.<\/span><\/p>\n<p style=\"text-align: justify;\">&nbsp;<\/p>\n<p style=\"text-align: justify;\">&nbsp;<\/p>\n<p style=\"text-align: center;\"><img class=\"lazyload\" decoding=\"async\" style=\"display: block; margin: 10px auto; border: 1px solid #000000;\" alt=\"\" src=\"data:image\/svg+xml,%3Csvg%20xmlns%3D%27http%3A%2F%2Fwww.w3.org%2F2000%2Fsvg%27%20width%3D%27500%27%20height%3D%27281%27%20viewBox%3D%270%200%20500%20281%27%3E%3Crect%20width%3D%27500%27%20height%3D%27281%27%20fill-opacity%3D%220%22%2F%3E%3C%2Fsvg%3E\" data-orig-src=\"https:\/\/orthodoxalbania.org\/2020\/wp-content\/uploads\/2020\/04\/1l.jpg\" height=\"281\" width=\"500\" \/><\/p>\n<p style=\"text-align: center;\"><img class=\"lazyload\" decoding=\"async\" style=\"display: block; margin: 10px auto; border: 1px solid #000000;\" alt=\"\" src=\"data:image\/svg+xml,%3Csvg%20xmlns%3D%27http%3A%2F%2Fwww.w3.org%2F2000%2Fsvg%27%20width%3D%27500%27%20height%3D%27281%27%20viewBox%3D%270%200%20500%20281%27%3E%3Crect%20width%3D%27500%27%20height%3D%27281%27%20fill-opacity%3D%220%22%2F%3E%3C%2Fsvg%3E\" data-orig-src=\"https:\/\/orthodoxalbania.org\/2020\/wp-content\/uploads\/2020\/04\/2l.jpg\" height=\"281\" width=\"500\" \/><\/p>\n<p style=\"text-align: center;\"><img class=\"lazyload\" decoding=\"async\" style=\"display: block; margin: 10px auto; border: 1px solid #000000;\" alt=\"\" src=\"data:image\/svg+xml,%3Csvg%20xmlns%3D%27http%3A%2F%2Fwww.w3.org%2F2000%2Fsvg%27%20width%3D%27500%27%20height%3D%27281%27%20viewBox%3D%270%200%20500%20281%27%3E%3Crect%20width%3D%27500%27%20height%3D%27281%27%20fill-opacity%3D%220%22%2F%3E%3C%2Fsvg%3E\" data-orig-src=\"https:\/\/orthodoxalbania.org\/2020\/wp-content\/uploads\/2020\/04\/3l.jpg\" height=\"281\" width=\"500\" \/><\/p>\n<p style=\"text-align: center;\"><img class=\"lazyload\" decoding=\"async\" style=\"display: block; margin: 10px auto; border: 1px solid #000000;\" alt=\"\" src=\"data:image\/svg+xml,%3Csvg%20xmlns%3D%27http%3A%2F%2Fwww.w3.org%2F2000%2Fsvg%27%20width%3D%27500%27%20height%3D%27281%27%20viewBox%3D%270%200%20500%20281%27%3E%3Crect%20width%3D%27500%27%20height%3D%27281%27%20fill-opacity%3D%220%22%2F%3E%3C%2Fsvg%3E\" data-orig-src=\"https:\/\/orthodoxalbania.org\/2020\/wp-content\/uploads\/2020\/04\/4l.jpg\" height=\"281\" width=\"500\" \/><\/p>\n<p style=\"text-align: center;\"><img class=\"lazyload\" decoding=\"async\" style=\"display: block; margin: 10px auto; border: 1px solid #000000;\" alt=\"\" src=\"data:image\/svg+xml,%3Csvg%20xmlns%3D%27http%3A%2F%2Fwww.w3.org%2F2000%2Fsvg%27%20width%3D%27500%27%20height%3D%27281%27%20viewBox%3D%270%200%20500%20281%27%3E%3Crect%20width%3D%27500%27%20height%3D%27281%27%20fill-opacity%3D%220%22%2F%3E%3C%2Fsvg%3E\" data-orig-src=\"https:\/\/orthodoxalbania.org\/2020\/wp-content\/uploads\/2020\/04\/5l.jpg\" height=\"281\" width=\"500\" \/><\/p>\n<p style=\"text-align: center;\"><img class=\"lazyload\" decoding=\"async\" style=\"display: block; margin: 10px auto; border: 1px solid #000000;\" alt=\"\" src=\"data:image\/svg+xml,%3Csvg%20xmlns%3D%27http%3A%2F%2Fwww.w3.org%2F2000%2Fsvg%27%20width%3D%27500%27%20height%3D%27281%27%20viewBox%3D%270%200%20500%20281%27%3E%3Crect%20width%3D%27500%27%20height%3D%27281%27%20fill-opacity%3D%220%22%2F%3E%3C%2Fsvg%3E\" data-orig-src=\"https:\/\/orthodoxalbania.org\/2020\/wp-content\/uploads\/2020\/04\/6l.jpg\" height=\"281\" width=\"500\" \/><\/p>\n","protected":false},"excerpt":{"rendered":"<p>Kisha e manastirit t\u00eb Sh\u00ebn Athanasit n\u00eb Leshnic\u00eb t\u00eb Sarand\u00ebs, \u00ebsht\u00eb i vetmi element q\u00eb ka mbijetuar nga kompleksi manastirial. Ajo mbart vlera t\u00eb ve\u00e7anta adhuruese, historike e kulturore dhe \u00ebsht\u00eb nj\u00eb monument i trash\u00ebgimis\u00eb shpirt\u00ebrore Orthodhokse. Pranver\u00ebn e vitit t\u00eb kaluar u krijua nj\u00eb situat\u00eb mjaft e r\u00ebnduar pas rr\u00ebnimit t\u00eb nj\u00eb pjese t\u00eb madhe t\u00eb struktur\u00ebs. Ajo ka statusin e \u201cmonumentit kulturor n\u00ebn<\/p>\n","protected":false},"author":1,"featured_media":6425,"comment_status":"open","ping_status":"open","sticky":false,"template":"","format":"standard","meta":{"_acf_changed":false,"pagelayer_contact_templates":[],"_pagelayer_content":"","inline_featured_image":false,"fifu_image_url":"","fifu_image_alt":"","footnotes":""},"categories":[108],"tags":[220,196,212,198],"class_list":["post-6424","post","type-post","status-publish","format-standard","has-post-thumbnail","hentry","category-lajme","tag-220","tag-tirane","tag-lajme-d27","tag-gjirokaster"],"acf":[],"yoast_head":"<!-- This site is optimized with the Yoast SEO plugin v27.2 - https:\/\/yoast.com\/product\/yoast-seo-wordpress\/ -->\n<title>Nd\u00ebrhyrje shp\u00ebtimi dhe konservimi n\u00eb kish\u00ebn e Sh\u00ebn Athanasit - Kisha Orthodh\u03bfkse Autoqefale e Shqip\u00ebris\u00eb<\/title>\n<meta name=\"robots\" content=\"index, follow, max-snippet:-1, max-image-preview:large, max-video-preview:-1\" \/>\n<link rel=\"canonical\" href=\"https:\/\/orthodoxalbania.org\/2020\/2018\/04\/13\/nderhyrje-shpetimi-dhe-konservimi-ne-kishen-e-shen-athanasit\/\" \/>\n<meta property=\"og:locale\" content=\"en_US\" \/>\n<meta property=\"og:type\" content=\"article\" \/>\n<meta property=\"og:title\" content=\"Nd\u00ebrhyrje shp\u00ebtimi dhe konservimi n\u00eb kish\u00ebn e Sh\u00ebn Athanasit - Kisha Orthodh\u03bfkse Autoqefale e Shqip\u00ebris\u00eb\" \/>\n<meta property=\"og:description\" content=\"Kisha e manastirit t\u00eb Sh\u00ebn Athanasit n\u00eb Leshnic\u00eb t\u00eb Sarand\u00ebs, \u00ebsht\u00eb i vetmi element q\u00eb ka mbijetuar nga kompleksi manastirial. Ajo mbart vlera t\u00eb ve\u00e7anta adhuruese, historike e kulturore dhe \u00ebsht\u00eb nj\u00eb monument i trash\u00ebgimis\u00eb shpirt\u00ebrore Orthodhokse. Pranver\u00ebn e vitit t\u00eb kaluar u krijua nj\u00eb situat\u00eb mjaft e r\u00ebnduar pas rr\u00ebnimit t\u00eb nj\u00eb pjese t\u00eb madhe t\u00eb struktur\u00ebs. Ajo ka statusin e \u201cmonumentit kulturor n\u00ebn\" \/>\n<meta property=\"og:url\" content=\"https:\/\/orthodoxalbania.org\/2020\/2018\/04\/13\/nderhyrje-shpetimi-dhe-konservimi-ne-kishen-e-shen-athanasit\/\" \/>\n<meta property=\"og:site_name\" content=\"Kisha Orthodh\u03bfkse Autoqefale e Shqip\u00ebris\u00eb\" \/>\n<meta property=\"article:publisher\" content=\"https:\/\/www.facebook.com\/koash1991\" \/>\n<meta property=\"article:published_time\" content=\"2018-04-13T10:49:35+00:00\" \/>\n<meta property=\"article:modified_time\" content=\"2020-04-06T19:58:10+00:00\" \/>\n<meta property=\"og:image\" content=\"https:\/\/orthodoxalbania.org\/2020\/wp-content\/uploads\/2020\/04\/2l.jpg\" \/>\n\t<meta property=\"og:image:width\" content=\"150\" \/>\n\t<meta property=\"og:image:height\" content=\"150\" \/>\n\t<meta property=\"og:image:type\" content=\"image\/jpeg\" \/>\n<meta name=\"author\" content=\"Kisha Orthodhokse\" \/>\n<meta name=\"twitter:card\" content=\"summary_large_image\" \/>\n<meta name=\"twitter:label1\" content=\"Written by\" \/>\n\t<meta name=\"twitter:data1\" content=\"Kisha Orthodhokse\" \/>\n\t<meta name=\"twitter:label2\" content=\"Est. reading time\" \/>\n\t<meta name=\"twitter:data2\" content=\"4 minutes\" \/>\n<script type=\"application\/ld+json\" class=\"yoast-schema-graph\">{\"@context\":\"https:\/\/schema.org\",\"@graph\":[{\"@type\":\"Article\",\"@id\":\"https:\/\/orthodoxalbania.org\/2020\/2018\/04\/13\/nderhyrje-shpetimi-dhe-konservimi-ne-kishen-e-shen-athanasit\/#article\",\"isPartOf\":{\"@id\":\"https:\/\/orthodoxalbania.org\/2020\/2018\/04\/13\/nderhyrje-shpetimi-dhe-konservimi-ne-kishen-e-shen-athanasit\/\"},\"author\":{\"name\":\"Kisha Orthodhokse\",\"@id\":\"https:\/\/orthodoxalbania.org\/2020\/#\/schema\/person\/0c387634a7063ac612d7ed9ce71c7e86\"},\"headline\":\"Nd\u00ebrhyrje shp\u00ebtimi dhe konservimi n\u00eb kish\u00ebn e Sh\u00ebn Athanasit\",\"datePublished\":\"2018-04-13T10:49:35+00:00\",\"dateModified\":\"2020-04-06T19:58:10+00:00\",\"mainEntityOfPage\":{\"@id\":\"https:\/\/orthodoxalbania.org\/2020\/2018\/04\/13\/nderhyrje-shpetimi-dhe-konservimi-ne-kishen-e-shen-athanasit\/\"},\"wordCount\":737,\"commentCount\":0,\"publisher\":{\"@id\":\"https:\/\/orthodoxalbania.org\/2020\/#organization\"},\"image\":{\"@id\":\"https:\/\/orthodoxalbania.org\/2020\/2018\/04\/13\/nderhyrje-shpetimi-dhe-konservimi-ne-kishen-e-shen-athanasit\/#primaryimage\"},\"thumbnailUrl\":\"https:\/\/orthodoxalbania.org\/2020\/wp-content\/uploads\/2020\/04\/2l.jpg\",\"keywords\":[\"2018\",\"Kryepiskopata Tiran\u00eb\",\"lajme\",\"Mitropolia Gjirokast\u00ebr\"],\"articleSection\":[\"Lajme\"],\"inLanguage\":\"en-US\"},{\"@type\":\"WebPage\",\"@id\":\"https:\/\/orthodoxalbania.org\/2020\/2018\/04\/13\/nderhyrje-shpetimi-dhe-konservimi-ne-kishen-e-shen-athanasit\/\",\"url\":\"https:\/\/orthodoxalbania.org\/2020\/2018\/04\/13\/nderhyrje-shpetimi-dhe-konservimi-ne-kishen-e-shen-athanasit\/\",\"name\":\"Nd\u00ebrhyrje shp\u00ebtimi dhe konservimi n\u00eb kish\u00ebn e Sh\u00ebn Athanasit - Kisha Orthodh\u03bfkse Autoqefale e Shqip\u00ebris\u00eb\",\"isPartOf\":{\"@id\":\"https:\/\/orthodoxalbania.org\/2020\/#website\"},\"primaryImageOfPage\":{\"@id\":\"https:\/\/orthodoxalbania.org\/2020\/2018\/04\/13\/nderhyrje-shpetimi-dhe-konservimi-ne-kishen-e-shen-athanasit\/#primaryimage\"},\"image\":{\"@id\":\"https:\/\/orthodoxalbania.org\/2020\/2018\/04\/13\/nderhyrje-shpetimi-dhe-konservimi-ne-kishen-e-shen-athanasit\/#primaryimage\"},\"thumbnailUrl\":\"https:\/\/orthodoxalbania.org\/2020\/wp-content\/uploads\/2020\/04\/2l.jpg\",\"datePublished\":\"2018-04-13T10:49:35+00:00\",\"dateModified\":\"2020-04-06T19:58:10+00:00\",\"breadcrumb\":{\"@id\":\"https:\/\/orthodoxalbania.org\/2020\/2018\/04\/13\/nderhyrje-shpetimi-dhe-konservimi-ne-kishen-e-shen-athanasit\/#breadcrumb\"},\"inLanguage\":\"en-US\",\"potentialAction\":[{\"@type\":\"ReadAction\",\"target\":[\"https:\/\/orthodoxalbania.org\/2020\/2018\/04\/13\/nderhyrje-shpetimi-dhe-konservimi-ne-kishen-e-shen-athanasit\/\"]}]},{\"@type\":\"ImageObject\",\"inLanguage\":\"en-US\",\"@id\":\"https:\/\/orthodoxalbania.org\/2020\/2018\/04\/13\/nderhyrje-shpetimi-dhe-konservimi-ne-kishen-e-shen-athanasit\/#primaryimage\",\"url\":\"https:\/\/orthodoxalbania.org\/2020\/wp-content\/uploads\/2020\/04\/2l.jpg\",\"contentUrl\":\"https:\/\/orthodoxalbania.org\/2020\/wp-content\/uploads\/2020\/04\/2l.jpg\",\"width\":150,\"height\":150},{\"@type\":\"BreadcrumbList\",\"@id\":\"https:\/\/orthodoxalbania.org\/2020\/2018\/04\/13\/nderhyrje-shpetimi-dhe-konservimi-ne-kishen-e-shen-athanasit\/#breadcrumb\",\"itemListElement\":[{\"@type\":\"ListItem\",\"position\":1,\"name\":\"Home\",\"item\":\"https:\/\/orthodoxalbania.org\/2020\/\"},{\"@type\":\"ListItem\",\"position\":2,\"name\":\"Nd\u00ebrhyrje shp\u00ebtimi dhe konservimi n\u00eb kish\u00ebn e Sh\u00ebn Athanasit\"}]},{\"@type\":\"WebSite\",\"@id\":\"https:\/\/orthodoxalbania.org\/2020\/#website\",\"url\":\"https:\/\/orthodoxalbania.org\/2020\/\",\"name\":\"Kisha Orthodh\u03bfkse Autoqefale e Shqip\u00ebris\u00eb\",\"description\":\"Fqja Zyrtare e Kish\u00ebs Orthodhokse Autoqefale e Shqip\u00ebris\u00eb me lajmet edhe informacionet zyrtare p\u00ebr struktur\u00ebn edhe veprimtarin e saj.\",\"publisher\":{\"@id\":\"https:\/\/orthodoxalbania.org\/2020\/#organization\"},\"potentialAction\":[{\"@type\":\"SearchAction\",\"target\":{\"@type\":\"EntryPoint\",\"urlTemplate\":\"https:\/\/orthodoxalbania.org\/2020\/?s={search_term_string}\"},\"query-input\":{\"@type\":\"PropertyValueSpecification\",\"valueRequired\":true,\"valueName\":\"search_term_string\"}}],\"inLanguage\":\"en-US\"},{\"@type\":\"Organization\",\"@id\":\"https:\/\/orthodoxalbania.org\/2020\/#organization\",\"name\":\"Kisha Orthodhokse Autoqefale e Shqip\u00ebris\u00eb\",\"url\":\"https:\/\/orthodoxalbania.org\/2020\/\",\"logo\":{\"@type\":\"ImageObject\",\"inLanguage\":\"en-US\",\"@id\":\"https:\/\/orthodoxalbania.org\/2020\/#\/schema\/logo\/image\/\",\"url\":\"https:\/\/orthodoxalbania.org\/2020\/wp-content\/uploads\/2020\/05\/albania.jpeg\",\"contentUrl\":\"https:\/\/orthodoxalbania.org\/2020\/wp-content\/uploads\/2020\/05\/albania.jpeg\",\"width\":540,\"height\":540,\"caption\":\"Kisha Orthodhokse Autoqefale e Shqip\u00ebris\u00eb\"},\"image\":{\"@id\":\"https:\/\/orthodoxalbania.org\/2020\/#\/schema\/logo\/image\/\"},\"sameAs\":[\"https:\/\/www.facebook.com\/koash1991\"]},{\"@type\":\"Person\",\"@id\":\"https:\/\/orthodoxalbania.org\/2020\/#\/schema\/person\/0c387634a7063ac612d7ed9ce71c7e86\",\"name\":\"Kisha Orthodhokse\",\"image\":{\"@type\":\"ImageObject\",\"inLanguage\":\"en-US\",\"@id\":\"https:\/\/secure.gravatar.com\/avatar\/596e7c417251e30f2fbb9c00e026fce61a695a00e51c889caded71c96cbbdde5?s=96&d=mm&r=g\",\"url\":\"https:\/\/secure.gravatar.com\/avatar\/596e7c417251e30f2fbb9c00e026fce61a695a00e51c889caded71c96cbbdde5?s=96&d=mm&r=g\",\"contentUrl\":\"https:\/\/secure.gravatar.com\/avatar\/596e7c417251e30f2fbb9c00e026fce61a695a00e51c889caded71c96cbbdde5?s=96&d=mm&r=g\",\"caption\":\"Kisha Orthodhokse\"}}]}<\/script>\n<!-- \/ Yoast SEO plugin. -->","yoast_head_json":{"title":"Nd\u00ebrhyrje shp\u00ebtimi dhe konservimi n\u00eb kish\u00ebn e Sh\u00ebn Athanasit - Kisha Orthodh\u03bfkse Autoqefale e Shqip\u00ebris\u00eb","robots":{"index":"index","follow":"follow","max-snippet":"max-snippet:-1","max-image-preview":"max-image-preview:large","max-video-preview":"max-video-preview:-1"},"canonical":"https:\/\/orthodoxalbania.org\/2020\/2018\/04\/13\/nderhyrje-shpetimi-dhe-konservimi-ne-kishen-e-shen-athanasit\/","og_locale":"en_US","og_type":"article","og_title":"Nd\u00ebrhyrje shp\u00ebtimi dhe konservimi n\u00eb kish\u00ebn e Sh\u00ebn Athanasit - Kisha Orthodh\u03bfkse Autoqefale e Shqip\u00ebris\u00eb","og_description":"Kisha e manastirit t\u00eb Sh\u00ebn Athanasit n\u00eb Leshnic\u00eb t\u00eb Sarand\u00ebs, \u00ebsht\u00eb i vetmi element q\u00eb ka mbijetuar nga kompleksi manastirial. Ajo mbart vlera t\u00eb ve\u00e7anta adhuruese, historike e kulturore dhe \u00ebsht\u00eb nj\u00eb monument i trash\u00ebgimis\u00eb shpirt\u00ebrore Orthodhokse. Pranver\u00ebn e vitit t\u00eb kaluar u krijua nj\u00eb situat\u00eb mjaft e r\u00ebnduar pas rr\u00ebnimit t\u00eb nj\u00eb pjese t\u00eb madhe t\u00eb struktur\u00ebs. Ajo ka statusin e \u201cmonumentit kulturor n\u00ebn","og_url":"https:\/\/orthodoxalbania.org\/2020\/2018\/04\/13\/nderhyrje-shpetimi-dhe-konservimi-ne-kishen-e-shen-athanasit\/","og_site_name":"Kisha Orthodh\u03bfkse Autoqefale e Shqip\u00ebris\u00eb","article_publisher":"https:\/\/www.facebook.com\/koash1991","article_published_time":"2018-04-13T10:49:35+00:00","article_modified_time":"2020-04-06T19:58:10+00:00","og_image":[{"width":150,"height":150,"url":"https:\/\/orthodoxalbania.org\/2020\/wp-content\/uploads\/2020\/04\/2l.jpg","type":"image\/jpeg"}],"author":"Kisha Orthodhokse","twitter_card":"summary_large_image","twitter_misc":{"Written by":"Kisha Orthodhokse","Est. reading time":"4 minutes"},"schema":{"@context":"https:\/\/schema.org","@graph":[{"@type":"Article","@id":"https:\/\/orthodoxalbania.org\/2020\/2018\/04\/13\/nderhyrje-shpetimi-dhe-konservimi-ne-kishen-e-shen-athanasit\/#article","isPartOf":{"@id":"https:\/\/orthodoxalbania.org\/2020\/2018\/04\/13\/nderhyrje-shpetimi-dhe-konservimi-ne-kishen-e-shen-athanasit\/"},"author":{"name":"Kisha Orthodhokse","@id":"https:\/\/orthodoxalbania.org\/2020\/#\/schema\/person\/0c387634a7063ac612d7ed9ce71c7e86"},"headline":"Nd\u00ebrhyrje shp\u00ebtimi dhe konservimi n\u00eb kish\u00ebn e Sh\u00ebn Athanasit","datePublished":"2018-04-13T10:49:35+00:00","dateModified":"2020-04-06T19:58:10+00:00","mainEntityOfPage":{"@id":"https:\/\/orthodoxalbania.org\/2020\/2018\/04\/13\/nderhyrje-shpetimi-dhe-konservimi-ne-kishen-e-shen-athanasit\/"},"wordCount":737,"commentCount":0,"publisher":{"@id":"https:\/\/orthodoxalbania.org\/2020\/#organization"},"image":{"@id":"https:\/\/orthodoxalbania.org\/2020\/2018\/04\/13\/nderhyrje-shpetimi-dhe-konservimi-ne-kishen-e-shen-athanasit\/#primaryimage"},"thumbnailUrl":"https:\/\/orthodoxalbania.org\/2020\/wp-content\/uploads\/2020\/04\/2l.jpg","keywords":["2018","Kryepiskopata Tiran\u00eb","lajme","Mitropolia Gjirokast\u00ebr"],"articleSection":["Lajme"],"inLanguage":"en-US"},{"@type":"WebPage","@id":"https:\/\/orthodoxalbania.org\/2020\/2018\/04\/13\/nderhyrje-shpetimi-dhe-konservimi-ne-kishen-e-shen-athanasit\/","url":"https:\/\/orthodoxalbania.org\/2020\/2018\/04\/13\/nderhyrje-shpetimi-dhe-konservimi-ne-kishen-e-shen-athanasit\/","name":"Nd\u00ebrhyrje shp\u00ebtimi dhe konservimi n\u00eb kish\u00ebn e Sh\u00ebn Athanasit - Kisha Orthodh\u03bfkse Autoqefale e Shqip\u00ebris\u00eb","isPartOf":{"@id":"https:\/\/orthodoxalbania.org\/2020\/#website"},"primaryImageOfPage":{"@id":"https:\/\/orthodoxalbania.org\/2020\/2018\/04\/13\/nderhyrje-shpetimi-dhe-konservimi-ne-kishen-e-shen-athanasit\/#primaryimage"},"image":{"@id":"https:\/\/orthodoxalbania.org\/2020\/2018\/04\/13\/nderhyrje-shpetimi-dhe-konservimi-ne-kishen-e-shen-athanasit\/#primaryimage"},"thumbnailUrl":"https:\/\/orthodoxalbania.org\/2020\/wp-content\/uploads\/2020\/04\/2l.jpg","datePublished":"2018-04-13T10:49:35+00:00","dateModified":"2020-04-06T19:58:10+00:00","breadcrumb":{"@id":"https:\/\/orthodoxalbania.org\/2020\/2018\/04\/13\/nderhyrje-shpetimi-dhe-konservimi-ne-kishen-e-shen-athanasit\/#breadcrumb"},"inLanguage":"en-US","potentialAction":[{"@type":"ReadAction","target":["https:\/\/orthodoxalbania.org\/2020\/2018\/04\/13\/nderhyrje-shpetimi-dhe-konservimi-ne-kishen-e-shen-athanasit\/"]}]},{"@type":"ImageObject","inLanguage":"en-US","@id":"https:\/\/orthodoxalbania.org\/2020\/2018\/04\/13\/nderhyrje-shpetimi-dhe-konservimi-ne-kishen-e-shen-athanasit\/#primaryimage","url":"https:\/\/orthodoxalbania.org\/2020\/wp-content\/uploads\/2020\/04\/2l.jpg","contentUrl":"https:\/\/orthodoxalbania.org\/2020\/wp-content\/uploads\/2020\/04\/2l.jpg","width":150,"height":150},{"@type":"BreadcrumbList","@id":"https:\/\/orthodoxalbania.org\/2020\/2018\/04\/13\/nderhyrje-shpetimi-dhe-konservimi-ne-kishen-e-shen-athanasit\/#breadcrumb","itemListElement":[{"@type":"ListItem","position":1,"name":"Home","item":"https:\/\/orthodoxalbania.org\/2020\/"},{"@type":"ListItem","position":2,"name":"Nd\u00ebrhyrje shp\u00ebtimi dhe konservimi n\u00eb kish\u00ebn e Sh\u00ebn Athanasit"}]},{"@type":"WebSite","@id":"https:\/\/orthodoxalbania.org\/2020\/#website","url":"https:\/\/orthodoxalbania.org\/2020\/","name":"Kisha Orthodh\u03bfkse Autoqefale e Shqip\u00ebris\u00eb","description":"Fqja Zyrtare e Kish\u00ebs Orthodhokse Autoqefale e Shqip\u00ebris\u00eb me lajmet edhe informacionet zyrtare p\u00ebr struktur\u00ebn edhe veprimtarin e saj.","publisher":{"@id":"https:\/\/orthodoxalbania.org\/2020\/#organization"},"potentialAction":[{"@type":"SearchAction","target":{"@type":"EntryPoint","urlTemplate":"https:\/\/orthodoxalbania.org\/2020\/?s={search_term_string}"},"query-input":{"@type":"PropertyValueSpecification","valueRequired":true,"valueName":"search_term_string"}}],"inLanguage":"en-US"},{"@type":"Organization","@id":"https:\/\/orthodoxalbania.org\/2020\/#organization","name":"Kisha Orthodhokse Autoqefale e Shqip\u00ebris\u00eb","url":"https:\/\/orthodoxalbania.org\/2020\/","logo":{"@type":"ImageObject","inLanguage":"en-US","@id":"https:\/\/orthodoxalbania.org\/2020\/#\/schema\/logo\/image\/","url":"https:\/\/orthodoxalbania.org\/2020\/wp-content\/uploads\/2020\/05\/albania.jpeg","contentUrl":"https:\/\/orthodoxalbania.org\/2020\/wp-content\/uploads\/2020\/05\/albania.jpeg","width":540,"height":540,"caption":"Kisha Orthodhokse Autoqefale e Shqip\u00ebris\u00eb"},"image":{"@id":"https:\/\/orthodoxalbania.org\/2020\/#\/schema\/logo\/image\/"},"sameAs":["https:\/\/www.facebook.com\/koash1991"]},{"@type":"Person","@id":"https:\/\/orthodoxalbania.org\/2020\/#\/schema\/person\/0c387634a7063ac612d7ed9ce71c7e86","name":"Kisha Orthodhokse","image":{"@type":"ImageObject","inLanguage":"en-US","@id":"https:\/\/secure.gravatar.com\/avatar\/596e7c417251e30f2fbb9c00e026fce61a695a00e51c889caded71c96cbbdde5?s=96&d=mm&r=g","url":"https:\/\/secure.gravatar.com\/avatar\/596e7c417251e30f2fbb9c00e026fce61a695a00e51c889caded71c96cbbdde5?s=96&d=mm&r=g","contentUrl":"https:\/\/secure.gravatar.com\/avatar\/596e7c417251e30f2fbb9c00e026fce61a695a00e51c889caded71c96cbbdde5?s=96&d=mm&r=g","caption":"Kisha Orthodhokse"}}]}},"_links":{"self":[{"href":"https:\/\/orthodoxalbania.org\/2020\/wp-json\/wp\/v2\/posts\/6424","targetHints":{"allow":["GET"]}}],"collection":[{"href":"https:\/\/orthodoxalbania.org\/2020\/wp-json\/wp\/v2\/posts"}],"about":[{"href":"https:\/\/orthodoxalbania.org\/2020\/wp-json\/wp\/v2\/types\/post"}],"author":[{"embeddable":true,"href":"https:\/\/orthodoxalbania.org\/2020\/wp-json\/wp\/v2\/users\/1"}],"replies":[{"embeddable":true,"href":"https:\/\/orthodoxalbania.org\/2020\/wp-json\/wp\/v2\/comments?post=6424"}],"version-history":[{"count":1,"href":"https:\/\/orthodoxalbania.org\/2020\/wp-json\/wp\/v2\/posts\/6424\/revisions"}],"predecessor-version":[{"id":14792,"href":"https:\/\/orthodoxalbania.org\/2020\/wp-json\/wp\/v2\/posts\/6424\/revisions\/14792"}],"wp:featuredmedia":[{"embeddable":true,"href":"https:\/\/orthodoxalbania.org\/2020\/wp-json\/wp\/v2\/media\/6425"}],"wp:attachment":[{"href":"https:\/\/orthodoxalbania.org\/2020\/wp-json\/wp\/v2\/media?parent=6424"}],"wp:term":[{"taxonomy":"category","embeddable":true,"href":"https:\/\/orthodoxalbania.org\/2020\/wp-json\/wp\/v2\/categories?post=6424"},{"taxonomy":"post_tag","embeddable":true,"href":"https:\/\/orthodoxalbania.org\/2020\/wp-json\/wp\/v2\/tags?post=6424"}],"curies":[{"name":"wp","href":"https:\/\/api.w.org\/{rel}","templated":true}]}}