{"id":633,"date":"2015-02-24T16:23:41","date_gmt":"2015-02-24T16:23:41","guid":{"rendered":""},"modified":"2020-04-13T00:28:05","modified_gmt":"2020-04-12T22:28:05","slug":"important-religious-event-in-tirana","status":"publish","type":"post","link":"https:\/\/orthodoxalbania.org\/2020\/en\/2015\/02\/24\/important-religious-event-in-tirana\/","title":{"rendered":"Important Religious Event in Tirana"},"content":{"rendered":"<p style=\"text-align: center;\"><span style=\"font-size: 12pt; font-family: helvetica;\"><\/span><\/p>\n<p> <\/p>\n<p style=\"text-align: center;\"><span style=\"font-size: 12pt; font-family: helvetica;\"><\/span><span style=\"color: #b22222; font-size: 12pt; font-family: helvetica;\"><strong>Important Religious Event in Tirana<\/strong><\/span><\/p>\n<p style=\"text-align: center;\">&nbsp;<\/p>\n<p style=\"text-align: justify;\"><span style=\"font-size: 12pt; font-family: helvetica;\"><\/span><\/p>\n<p style=\"text-align: justify;\"><span style=\"color: #000000; font-size: 12pt; font-family: helvetica;\">&nbsp;&nbsp;&nbsp; In commemoration of the 20th anniversary of the end of the last war in the Balkans, the&nbsp;<em>Community of Sant&#8217; Egidio<\/em>, in cooperation with the Episcopal Conference of Albania, the Orthodox Autocephalous Church of Albania and the Albanian Government will promote &#8220;The 28th International Meeting for Peace&#8221; which will be held in Tirana on 6-8 September 2015.<\/span><\/p>\n<p style=\"text-align: justify;\"><span style=\"font-size: 12pt; font-family: helvetica;\"><\/span><span style=\"color: #000000; font-size: 12pt; font-family: helvetica;\">&nbsp;&nbsp; In these complex and difficult times in which we are living, representatives and leaders of the Christian Churches and World Religions will gather in Tirana to dialogue and to pray for peace, they will bring the spirit of the meetings in Assisi to Albania. So, next September, Tirana will become the capital of peace in Europe and worldwide.&nbsp;<\/span><\/p>\n<p style=\"text-align: justify;\"><span style=\"color: #000000; font-size: 12pt; font-family: helvetica;\"><\/span><span style=\"font-size: 12pt; font-family: helvetica;\"><\/span><span style=\"color: #000000; font-size: 12pt; font-family: helvetica;\">&nbsp;&nbsp;&nbsp; On February 24, 2015, this important event was introduced at Tirana International Hotel by Mr. Marco Impagliazzo, President of the Community of Sant&#8217; Egidio; Mr. Erion Veliaj, Minister of Social Welfare and Youth; and from the Orthodox Autocephalous Church of Albania, His Grace Anthony, Bishop of Kruja; from the Catholic Church, Mons. Lu\u00e7jan Augustini, Vice Chairman of the Episcopal Conference; and the Vice President of the Islamic Community, Mr. Bujar Spahiu and the World Headquarters of the Bektashi Order, Mr. Edmond Brahimaj.<\/span><\/p>\n<p style=\"text-align: justify;\"><span style=\"font-size: 12pt; font-family: helvetica;\"><\/span><span style=\"color: #000000; font-size: 12pt; font-family: helvetica;\">&nbsp;&nbsp;&nbsp; The press conference was opened by Prof. Roberto Quattrucci, the General Secretary of the Sant&#8217; Egidio Community. Then, Mr. Marco Impagliazzo, after lifting up the witness of religious harmony in Albania, emphasized the symbolism of the organization in Tirana of this meeting, which will host five thousand guests from all the corners of the globe, among them hundreds of religious leaders and world dignitaries. He thanked them for their support and mentioned the meetings held and the support given by the Prime Minister, the Archbishop Anastasios etc.<\/span><\/p>\n<p style=\"text-align: justify;\"><span style=\"font-size: 12pt; font-family: helvetica;\"><\/span><span style=\"color: #000000; font-size: 12pt; font-family: helvetica;\">&nbsp;&nbsp; His Grace Anthony, in his speech, expressed the satisfaction and the support for the activities of our Church, noting the importance of spreading the message of coexistence and interfaith cooperation, which sets out the role of the religious communities and their leaders in this process, diminishing in this way the voices that deny this contribution, and he recalled the active role that our Church has always had in such activities. He singled out the international praise for this contribution that was made last year to Archbishop Anastasios by re-electing him Honorary President of the &#8220;Religions for Peace&#8221;, the largest religious organization in the world. His Grace Anthony stressed also the testimony of peace and cooperation that was given by the leaders of the Orthodox Churches on the occasion of the consecration of the &#8220;Resurrection of Christ&#8221; Cathedral and during the visit of Pope Francis I in our country.<\/span><span style=\"font-size: 12pt; font-family: helvetica;\"><\/span><\/p>\n<p style=\"text-align: justify;\"><span style=\"color: #000000; font-size: 12pt; font-family: helvetica;\">&nbsp;&nbsp;&nbsp; Last to speak was Minister Veliaj, who said that, &#8220;This meeting will be a good opportunity to give Europe more reasons why Albania should be a member of the European Union. I believe this will be a very strong argument that speaks more than any other word why Albania should be part of Europe&#8221;. He further added that this is a good opportunity to turn Albania into a different model of tourism, where about 5 thousand guests at this event will have the opportunity to familiarize themselves with the values \u200b\u200band spiritual culture of Albanians, visiting different places. Presenting the program of events, Minister Veliaj stressed that the meeting will begin with a major activity in the Palace of Congresses on September 6, while on September 7 approximately 12 different activities are set to be held and on the 8th the closing ceremony will take place. He also informed them in the meeting that religious leaders and other personalities of the world are expected to attend, and ensured that the Albanian government will support this activity.<\/span><\/p>\n<p style=\"text-align: right;\"><span style=\"font-size: 12pt; font-family: helvetica;\">&nbsp; <br \/><\/span><\/p>\n<p style=\"text-align: right;\"><span style=\"color: #000000; font-size: 12pt; font-family: helvetica;\">Tirana, 24 February 2015<\/span><\/p>\n<p style=\"text-align: right;\">&nbsp;<\/p>\n<p style=\"text-align: center;\"><span style=\"font-size: 12pt; font-family: helvetica;\"><\/span><\/p>\n<p style=\"text-align: center;\"><span style=\"font-size: 12pt; font-family: helvetica;\"><\/span><\/p>\n<p style=\"text-align: center;\"><span style=\"color: #000000; font-size: 12pt; font-family: helvetica;\"><strong>The Press Office of the Orthodox Autocephalous Church of Albania<\/strong><\/span><\/p>\n<p style=\"text-align: center;\"><span style=\"font-size: 12pt; font-family: helvetica;\"><\/span><span style=\"font-size: 12pt; font-family: helvetica;\"><\/span><\/p>\n<div><span style=\"font-size: 12pt; font-family: helvetica;\"><img decoding=\"async\" class=\"lazyload HAa Eha\" style=\"height: 491px; width: 736px; border-width: 1px; border-style: solid; margin: 10px auto; display: block;\" alt=\"\" src=\"data:image\/gif;base64,R0lGODlhAQABAAAAACH5BAEKAAEALAAAAAABAAEAAAICTAEAOw==\" data-orig-src=\"https:\/\/lh3.googleusercontent.com\/-8iJ-rMdUPBI\/VO2m4mvga-I\/AAAAAAAALRo\/9qRkQ4jTlYY\/w958-h639-no\/10998255_845781145482442_4375418548216227320_n.jpg\" \/><\/span><\/div>\n<div><span style=\"font-size: 12pt; font-family: helvetica;\"><img decoding=\"async\" class=\"lazyload HAa Eha\" style=\"height: 491px; width: 736px; border-width: 1px; border-style: solid; margin: 10px auto; display: block;\" alt=\"\" src=\"data:image\/gif;base64,R0lGODlhAQABAAAAACH5BAEKAAEALAAAAAABAAEAAAICTAEAOw==\" data-orig-src=\"https:\/\/lh3.googleusercontent.com\/-B87mpHCqy6A\/VO27UnbRG4I\/AAAAAAAALSE\/BrzMn3y3bdY\/w958-h719-no\/IMG_6375.JPG\" \/><\/span><\/div>\n<div><span style=\"font-size: 12pt; font-family: helvetica;\"><img decoding=\"async\" class=\"lazyload HAa Eha\" style=\"height: 415px; width: 736px; border-width: 1px; border-style: solid; margin: 10px auto; display: block;\" alt=\"\" src=\"data:image\/gif;base64,R0lGODlhAQABAAAAACH5BAEKAAEALAAAAAABAAEAAAICTAEAOw==\" data-orig-src=\"https:\/\/lh5.googleusercontent.com\/-m0c7HAbi_5s\/VO27S27PAwI\/AAAAAAAALR8\/TkXiw-hDQTk\/w600-h338-no\/albania-incontro-religioni2.jpg\" \/><\/span><\/div>\n<div><span style=\"font-size: 12pt; font-family: helvetica;\"><img decoding=\"async\" class=\"lazyload HAa Eha\" style=\"height: 490px; width: 736px; border-width: 1px; border-style: solid; margin: 10px auto; display: block;\" alt=\"\" src=\"data:image\/gif;base64,R0lGODlhAQABAAAAACH5BAEKAAEALAAAAAABAAEAAAICTAEAOw==\" data-orig-src=\"https:\/\/lh5.googleusercontent.com\/-DeGudF8KjJA\/VO2m4YWtYFI\/AAAAAAAALRk\/nPUwcrYiDwA\/w620-h413-no\/160008_1.jpg\" \/><\/span><\/div>\n<div><span style=\"font-size: 12pt; font-family: helvetica;\"><img decoding=\"async\" class=\"lazyload HAa Eha\" style=\"width: 736px; height: 387px; border-width: 1px; border-style: solid; margin: 10px auto; display: block;\" alt=\"\" src=\"data:image\/gif;base64,R0lGODlhAQABAAAAACH5BAEKAAEALAAAAAABAAEAAAICTAEAOw==\" data-orig-src=\"https:\/\/lh5.googleusercontent.com\/-hAEs5op25UU\/VOywDNAOrPI\/AAAAAAAALRI\/3jg6luB_rw0\/w643-h338-no\/Sant%2BEgidio.jpg\" \/><\/span><\/div>\n<p>&nbsp;<\/p>\n","protected":false},"excerpt":{"rendered":"<p>Important Religious Event in Tirana &nbsp; &nbsp;&nbsp;&nbsp; In commemoration of the 20th anniversary of the end of the last war in the Balkans, the&nbsp;Community of Sant&#8217; Egidio, in cooperation with the Episcopal Conference of Albania, the Orthodox Autocephalous Church of Albania and the Albanian Government will promote &#8220;The 28th International Meeting for Peace&#8221; which will be held in Tirana on 6-8 September 2015. &nbsp;&nbsp; In<\/p>\n","protected":false},"author":7,"featured_media":634,"comment_status":"open","ping_status":"open","sticky":false,"template":"","format":"standard","meta":{"_acf_changed":false,"pagelayer_contact_templates":[],"_pagelayer_content":"","inline_featured_image":false,"fifu_image_url":"","fifu_image_alt":"","footnotes":""},"categories":[1455,311],"tags":[1149,1185,1189],"class_list":["post-633","post","type-post","status-publish","format-standard","has-post-thumbnail","hentry","category-news-en","category-news-d25","tag-2015-en","tag-events","tag-interfaith-activities"],"acf":[],"yoast_head":"<!-- This site is optimized with the Yoast SEO plugin v27.2 - https:\/\/yoast.com\/product\/yoast-seo-wordpress\/ -->\n<title>Important Religious Event in Tirana - Kisha Orthodh\u03bfkse Autoqefale e Shqip\u00ebris\u00eb<\/title>\n<meta name=\"robots\" content=\"index, follow, max-snippet:-1, max-image-preview:large, max-video-preview:-1\" \/>\n<link rel=\"canonical\" href=\"https:\/\/orthodoxalbania.org\/2020\/en\/2015\/02\/24\/important-religious-event-in-tirana\/\" \/>\n<meta property=\"og:locale\" content=\"en_US\" \/>\n<meta property=\"og:type\" content=\"article\" \/>\n<meta property=\"og:title\" content=\"Important Religious Event in Tirana - Kisha Orthodh\u03bfkse Autoqefale e Shqip\u00ebris\u00eb\" \/>\n<meta property=\"og:description\" content=\"Important Religious Event in Tirana &nbsp; &nbsp;&nbsp;&nbsp; In commemoration of the 20th anniversary of the end of the last war in the Balkans, the&nbsp;Community of Sant&#8217; Egidio, in cooperation with the Episcopal Conference of Albania, the Orthodox Autocephalous Church of Albania and the Albanian Government will promote &#8220;The 28th International Meeting for Peace&#8221; which will be held in Tirana on 6-8 September 2015. &nbsp;&nbsp; In\" \/>\n<meta property=\"og:url\" content=\"https:\/\/orthodoxalbania.org\/2020\/en\/2015\/02\/24\/important-religious-event-in-tirana\/\" \/>\n<meta property=\"og:site_name\" content=\"Kisha Orthodh\u03bfkse Autoqefale e Shqip\u00ebris\u00eb\" \/>\n<meta property=\"article:publisher\" content=\"https:\/\/www.facebook.com\/koash1991\" \/>\n<meta property=\"article:published_time\" content=\"2015-02-24T16:23:41+00:00\" \/>\n<meta property=\"article:modified_time\" content=\"2020-04-12T22:28:05+00:00\" \/>\n<meta property=\"og:image\" content=\"https:\/\/orthodoxalbania.org\/2020\/wp-content\/uploads\/2020\/04\/10998255_845781145482442_4375418548216227320_n.jpg\" \/>\n\t<meta property=\"og:image:width\" content=\"150\" \/>\n\t<meta property=\"og:image:height\" content=\"150\" \/>\n\t<meta property=\"og:image:type\" content=\"image\/jpeg\" \/>\n<meta name=\"author\" content=\"Kisha Orthodhokse\" \/>\n<meta name=\"twitter:card\" content=\"summary_large_image\" \/>\n<meta name=\"twitter:label1\" content=\"Written by\" \/>\n\t<meta name=\"twitter:data1\" content=\"Kisha Orthodhokse\" \/>\n\t<meta name=\"twitter:label2\" content=\"Est. reading time\" \/>\n\t<meta name=\"twitter:data2\" content=\"3 minutes\" \/>\n<script type=\"application\/ld+json\" class=\"yoast-schema-graph\">{\"@context\":\"https:\/\/schema.org\",\"@graph\":[{\"@type\":\"Article\",\"@id\":\"https:\/\/orthodoxalbania.org\/2020\/en\/2015\/02\/24\/important-religious-event-in-tirana\/#article\",\"isPartOf\":{\"@id\":\"https:\/\/orthodoxalbania.org\/2020\/en\/2015\/02\/24\/important-religious-event-in-tirana\/\"},\"author\":{\"name\":\"Kisha Orthodhokse\",\"@id\":\"https:\/\/orthodoxalbania.org\/2020\/#\/schema\/person\/df745f942b70e045b3dc05a30211f0de\"},\"headline\":\"Important Religious Event in Tirana\",\"datePublished\":\"2015-02-24T16:23:41+00:00\",\"dateModified\":\"2020-04-12T22:28:05+00:00\",\"mainEntityOfPage\":{\"@id\":\"https:\/\/orthodoxalbania.org\/2020\/en\/2015\/02\/24\/important-religious-event-in-tirana\/\"},\"wordCount\":646,\"commentCount\":0,\"publisher\":{\"@id\":\"https:\/\/orthodoxalbania.org\/2020\/#organization\"},\"image\":{\"@id\":\"https:\/\/orthodoxalbania.org\/2020\/en\/2015\/02\/24\/important-religious-event-in-tirana\/#primaryimage\"},\"thumbnailUrl\":\"https:\/\/orthodoxalbania.org\/2020\/wp-content\/uploads\/2020\/04\/10998255_845781145482442_4375418548216227320_n.jpg\",\"keywords\":[\"2015\",\"Events\",\"Interfaith Activities\"],\"articleSection\":[\"News - \u0395\u039d\",\"News old page\"],\"inLanguage\":\"en-US\"},{\"@type\":\"WebPage\",\"@id\":\"https:\/\/orthodoxalbania.org\/2020\/en\/2015\/02\/24\/important-religious-event-in-tirana\/\",\"url\":\"https:\/\/orthodoxalbania.org\/2020\/en\/2015\/02\/24\/important-religious-event-in-tirana\/\",\"name\":\"Important Religious Event in Tirana - Kisha Orthodh\u03bfkse Autoqefale e Shqip\u00ebris\u00eb\",\"isPartOf\":{\"@id\":\"https:\/\/orthodoxalbania.org\/2020\/#website\"},\"primaryImageOfPage\":{\"@id\":\"https:\/\/orthodoxalbania.org\/2020\/en\/2015\/02\/24\/important-religious-event-in-tirana\/#primaryimage\"},\"image\":{\"@id\":\"https:\/\/orthodoxalbania.org\/2020\/en\/2015\/02\/24\/important-religious-event-in-tirana\/#primaryimage\"},\"thumbnailUrl\":\"https:\/\/orthodoxalbania.org\/2020\/wp-content\/uploads\/2020\/04\/10998255_845781145482442_4375418548216227320_n.jpg\",\"datePublished\":\"2015-02-24T16:23:41+00:00\",\"dateModified\":\"2020-04-12T22:28:05+00:00\",\"breadcrumb\":{\"@id\":\"https:\/\/orthodoxalbania.org\/2020\/en\/2015\/02\/24\/important-religious-event-in-tirana\/#breadcrumb\"},\"inLanguage\":\"en-US\",\"potentialAction\":[{\"@type\":\"ReadAction\",\"target\":[\"https:\/\/orthodoxalbania.org\/2020\/en\/2015\/02\/24\/important-religious-event-in-tirana\/\"]}]},{\"@type\":\"ImageObject\",\"inLanguage\":\"en-US\",\"@id\":\"https:\/\/orthodoxalbania.org\/2020\/en\/2015\/02\/24\/important-religious-event-in-tirana\/#primaryimage\",\"url\":\"https:\/\/orthodoxalbania.org\/2020\/wp-content\/uploads\/2020\/04\/10998255_845781145482442_4375418548216227320_n.jpg\",\"contentUrl\":\"https:\/\/orthodoxalbania.org\/2020\/wp-content\/uploads\/2020\/04\/10998255_845781145482442_4375418548216227320_n.jpg\",\"width\":150,\"height\":150},{\"@type\":\"BreadcrumbList\",\"@id\":\"https:\/\/orthodoxalbania.org\/2020\/en\/2015\/02\/24\/important-religious-event-in-tirana\/#breadcrumb\",\"itemListElement\":[{\"@type\":\"ListItem\",\"position\":1,\"name\":\"Home\",\"item\":\"https:\/\/orthodoxalbania.org\/2020\/\"},{\"@type\":\"ListItem\",\"position\":2,\"name\":\"Important Religious Event in Tirana\"}]},{\"@type\":\"WebSite\",\"@id\":\"https:\/\/orthodoxalbania.org\/2020\/#website\",\"url\":\"https:\/\/orthodoxalbania.org\/2020\/\",\"name\":\"Kisha Orthodh\u03bfkse Autoqefale e Shqip\u00ebris\u00eb\",\"description\":\"Fqja Zyrtare e Kish\u00ebs Orthodhokse Autoqefale e Shqip\u00ebris\u00eb me lajmet edhe informacionet zyrtare p\u00ebr struktur\u00ebn edhe veprimtarin e saj.\",\"publisher\":{\"@id\":\"https:\/\/orthodoxalbania.org\/2020\/#organization\"},\"potentialAction\":[{\"@type\":\"SearchAction\",\"target\":{\"@type\":\"EntryPoint\",\"urlTemplate\":\"https:\/\/orthodoxalbania.org\/2020\/?s={search_term_string}\"},\"query-input\":{\"@type\":\"PropertyValueSpecification\",\"valueRequired\":true,\"valueName\":\"search_term_string\"}}],\"inLanguage\":\"en-US\"},{\"@type\":\"Organization\",\"@id\":\"https:\/\/orthodoxalbania.org\/2020\/#organization\",\"name\":\"Kisha Orthodhokse Autoqefale e Shqip\u00ebris\u00eb\",\"url\":\"https:\/\/orthodoxalbania.org\/2020\/\",\"logo\":{\"@type\":\"ImageObject\",\"inLanguage\":\"en-US\",\"@id\":\"https:\/\/orthodoxalbania.org\/2020\/#\/schema\/logo\/image\/\",\"url\":\"https:\/\/orthodoxalbania.org\/2020\/wp-content\/uploads\/2020\/05\/albania.jpeg\",\"contentUrl\":\"https:\/\/orthodoxalbania.org\/2020\/wp-content\/uploads\/2020\/05\/albania.jpeg\",\"width\":540,\"height\":540,\"caption\":\"Kisha Orthodhokse Autoqefale e Shqip\u00ebris\u00eb\"},\"image\":{\"@id\":\"https:\/\/orthodoxalbania.org\/2020\/#\/schema\/logo\/image\/\"},\"sameAs\":[\"https:\/\/www.facebook.com\/koash1991\"]},{\"@type\":\"Person\",\"@id\":\"https:\/\/orthodoxalbania.org\/2020\/#\/schema\/person\/df745f942b70e045b3dc05a30211f0de\",\"name\":\"Kisha Orthodhokse\",\"image\":{\"@type\":\"ImageObject\",\"inLanguage\":\"en-US\",\"@id\":\"https:\/\/secure.gravatar.com\/avatar\/2676eb8d97178435c9f691a7871595a1da6c33542dec218bce40885573150e28?s=96&d=mm&r=g\",\"url\":\"https:\/\/secure.gravatar.com\/avatar\/2676eb8d97178435c9f691a7871595a1da6c33542dec218bce40885573150e28?s=96&d=mm&r=g\",\"contentUrl\":\"https:\/\/secure.gravatar.com\/avatar\/2676eb8d97178435c9f691a7871595a1da6c33542dec218bce40885573150e28?s=96&d=mm&r=g\",\"caption\":\"Kisha Orthodhokse\"}}]}<\/script>\n<!-- \/ Yoast SEO plugin. -->","yoast_head_json":{"title":"Important Religious Event in Tirana - Kisha Orthodh\u03bfkse Autoqefale e Shqip\u00ebris\u00eb","robots":{"index":"index","follow":"follow","max-snippet":"max-snippet:-1","max-image-preview":"max-image-preview:large","max-video-preview":"max-video-preview:-1"},"canonical":"https:\/\/orthodoxalbania.org\/2020\/en\/2015\/02\/24\/important-religious-event-in-tirana\/","og_locale":"en_US","og_type":"article","og_title":"Important Religious Event in Tirana - Kisha Orthodh\u03bfkse Autoqefale e Shqip\u00ebris\u00eb","og_description":"Important Religious Event in Tirana &nbsp; &nbsp;&nbsp;&nbsp; In commemoration of the 20th anniversary of the end of the last war in the Balkans, the&nbsp;Community of Sant&#8217; Egidio, in cooperation with the Episcopal Conference of Albania, the Orthodox Autocephalous Church of Albania and the Albanian Government will promote &#8220;The 28th International Meeting for Peace&#8221; which will be held in Tirana on 6-8 September 2015. &nbsp;&nbsp; In","og_url":"https:\/\/orthodoxalbania.org\/2020\/en\/2015\/02\/24\/important-religious-event-in-tirana\/","og_site_name":"Kisha Orthodh\u03bfkse Autoqefale e Shqip\u00ebris\u00eb","article_publisher":"https:\/\/www.facebook.com\/koash1991","article_published_time":"2015-02-24T16:23:41+00:00","article_modified_time":"2020-04-12T22:28:05+00:00","og_image":[{"width":150,"height":150,"url":"https:\/\/orthodoxalbania.org\/2020\/wp-content\/uploads\/2020\/04\/10998255_845781145482442_4375418548216227320_n.jpg","type":"image\/jpeg"}],"author":"Kisha Orthodhokse","twitter_card":"summary_large_image","twitter_misc":{"Written by":"Kisha Orthodhokse","Est. reading time":"3 minutes"},"schema":{"@context":"https:\/\/schema.org","@graph":[{"@type":"Article","@id":"https:\/\/orthodoxalbania.org\/2020\/en\/2015\/02\/24\/important-religious-event-in-tirana\/#article","isPartOf":{"@id":"https:\/\/orthodoxalbania.org\/2020\/en\/2015\/02\/24\/important-religious-event-in-tirana\/"},"author":{"name":"Kisha Orthodhokse","@id":"https:\/\/orthodoxalbania.org\/2020\/#\/schema\/person\/df745f942b70e045b3dc05a30211f0de"},"headline":"Important Religious Event in Tirana","datePublished":"2015-02-24T16:23:41+00:00","dateModified":"2020-04-12T22:28:05+00:00","mainEntityOfPage":{"@id":"https:\/\/orthodoxalbania.org\/2020\/en\/2015\/02\/24\/important-religious-event-in-tirana\/"},"wordCount":646,"commentCount":0,"publisher":{"@id":"https:\/\/orthodoxalbania.org\/2020\/#organization"},"image":{"@id":"https:\/\/orthodoxalbania.org\/2020\/en\/2015\/02\/24\/important-religious-event-in-tirana\/#primaryimage"},"thumbnailUrl":"https:\/\/orthodoxalbania.org\/2020\/wp-content\/uploads\/2020\/04\/10998255_845781145482442_4375418548216227320_n.jpg","keywords":["2015","Events","Interfaith Activities"],"articleSection":["News - \u0395\u039d","News old page"],"inLanguage":"en-US"},{"@type":"WebPage","@id":"https:\/\/orthodoxalbania.org\/2020\/en\/2015\/02\/24\/important-religious-event-in-tirana\/","url":"https:\/\/orthodoxalbania.org\/2020\/en\/2015\/02\/24\/important-religious-event-in-tirana\/","name":"Important Religious Event in Tirana - Kisha Orthodh\u03bfkse Autoqefale e Shqip\u00ebris\u00eb","isPartOf":{"@id":"https:\/\/orthodoxalbania.org\/2020\/#website"},"primaryImageOfPage":{"@id":"https:\/\/orthodoxalbania.org\/2020\/en\/2015\/02\/24\/important-religious-event-in-tirana\/#primaryimage"},"image":{"@id":"https:\/\/orthodoxalbania.org\/2020\/en\/2015\/02\/24\/important-religious-event-in-tirana\/#primaryimage"},"thumbnailUrl":"https:\/\/orthodoxalbania.org\/2020\/wp-content\/uploads\/2020\/04\/10998255_845781145482442_4375418548216227320_n.jpg","datePublished":"2015-02-24T16:23:41+00:00","dateModified":"2020-04-12T22:28:05+00:00","breadcrumb":{"@id":"https:\/\/orthodoxalbania.org\/2020\/en\/2015\/02\/24\/important-religious-event-in-tirana\/#breadcrumb"},"inLanguage":"en-US","potentialAction":[{"@type":"ReadAction","target":["https:\/\/orthodoxalbania.org\/2020\/en\/2015\/02\/24\/important-religious-event-in-tirana\/"]}]},{"@type":"ImageObject","inLanguage":"en-US","@id":"https:\/\/orthodoxalbania.org\/2020\/en\/2015\/02\/24\/important-religious-event-in-tirana\/#primaryimage","url":"https:\/\/orthodoxalbania.org\/2020\/wp-content\/uploads\/2020\/04\/10998255_845781145482442_4375418548216227320_n.jpg","contentUrl":"https:\/\/orthodoxalbania.org\/2020\/wp-content\/uploads\/2020\/04\/10998255_845781145482442_4375418548216227320_n.jpg","width":150,"height":150},{"@type":"BreadcrumbList","@id":"https:\/\/orthodoxalbania.org\/2020\/en\/2015\/02\/24\/important-religious-event-in-tirana\/#breadcrumb","itemListElement":[{"@type":"ListItem","position":1,"name":"Home","item":"https:\/\/orthodoxalbania.org\/2020\/"},{"@type":"ListItem","position":2,"name":"Important Religious Event in Tirana"}]},{"@type":"WebSite","@id":"https:\/\/orthodoxalbania.org\/2020\/#website","url":"https:\/\/orthodoxalbania.org\/2020\/","name":"Kisha Orthodh\u03bfkse Autoqefale e Shqip\u00ebris\u00eb","description":"Fqja Zyrtare e Kish\u00ebs Orthodhokse Autoqefale e Shqip\u00ebris\u00eb me lajmet edhe informacionet zyrtare p\u00ebr struktur\u00ebn edhe veprimtarin e saj.","publisher":{"@id":"https:\/\/orthodoxalbania.org\/2020\/#organization"},"potentialAction":[{"@type":"SearchAction","target":{"@type":"EntryPoint","urlTemplate":"https:\/\/orthodoxalbania.org\/2020\/?s={search_term_string}"},"query-input":{"@type":"PropertyValueSpecification","valueRequired":true,"valueName":"search_term_string"}}],"inLanguage":"en-US"},{"@type":"Organization","@id":"https:\/\/orthodoxalbania.org\/2020\/#organization","name":"Kisha Orthodhokse Autoqefale e Shqip\u00ebris\u00eb","url":"https:\/\/orthodoxalbania.org\/2020\/","logo":{"@type":"ImageObject","inLanguage":"en-US","@id":"https:\/\/orthodoxalbania.org\/2020\/#\/schema\/logo\/image\/","url":"https:\/\/orthodoxalbania.org\/2020\/wp-content\/uploads\/2020\/05\/albania.jpeg","contentUrl":"https:\/\/orthodoxalbania.org\/2020\/wp-content\/uploads\/2020\/05\/albania.jpeg","width":540,"height":540,"caption":"Kisha Orthodhokse Autoqefale e Shqip\u00ebris\u00eb"},"image":{"@id":"https:\/\/orthodoxalbania.org\/2020\/#\/schema\/logo\/image\/"},"sameAs":["https:\/\/www.facebook.com\/koash1991"]},{"@type":"Person","@id":"https:\/\/orthodoxalbania.org\/2020\/#\/schema\/person\/df745f942b70e045b3dc05a30211f0de","name":"Kisha Orthodhokse","image":{"@type":"ImageObject","inLanguage":"en-US","@id":"https:\/\/secure.gravatar.com\/avatar\/2676eb8d97178435c9f691a7871595a1da6c33542dec218bce40885573150e28?s=96&d=mm&r=g","url":"https:\/\/secure.gravatar.com\/avatar\/2676eb8d97178435c9f691a7871595a1da6c33542dec218bce40885573150e28?s=96&d=mm&r=g","contentUrl":"https:\/\/secure.gravatar.com\/avatar\/2676eb8d97178435c9f691a7871595a1da6c33542dec218bce40885573150e28?s=96&d=mm&r=g","caption":"Kisha Orthodhokse"}}]}},"_links":{"self":[{"href":"https:\/\/orthodoxalbania.org\/2020\/wp-json\/wp\/v2\/posts\/633","targetHints":{"allow":["GET"]}}],"collection":[{"href":"https:\/\/orthodoxalbania.org\/2020\/wp-json\/wp\/v2\/posts"}],"about":[{"href":"https:\/\/orthodoxalbania.org\/2020\/wp-json\/wp\/v2\/types\/post"}],"author":[{"embeddable":true,"href":"https:\/\/orthodoxalbania.org\/2020\/wp-json\/wp\/v2\/users\/7"}],"replies":[{"embeddable":true,"href":"https:\/\/orthodoxalbania.org\/2020\/wp-json\/wp\/v2\/comments?post=633"}],"version-history":[{"count":1,"href":"https:\/\/orthodoxalbania.org\/2020\/wp-json\/wp\/v2\/posts\/633\/revisions"}],"predecessor-version":[{"id":17440,"href":"https:\/\/orthodoxalbania.org\/2020\/wp-json\/wp\/v2\/posts\/633\/revisions\/17440"}],"wp:featuredmedia":[{"embeddable":true,"href":"https:\/\/orthodoxalbania.org\/2020\/wp-json\/wp\/v2\/media\/634"}],"wp:attachment":[{"href":"https:\/\/orthodoxalbania.org\/2020\/wp-json\/wp\/v2\/media?parent=633"}],"wp:term":[{"taxonomy":"category","embeddable":true,"href":"https:\/\/orthodoxalbania.org\/2020\/wp-json\/wp\/v2\/categories?post=633"},{"taxonomy":"post_tag","embeddable":true,"href":"https:\/\/orthodoxalbania.org\/2020\/wp-json\/wp\/v2\/tags?post=633"}],"curies":[{"name":"wp","href":"https:\/\/api.w.org\/{rel}","templated":true}]}}