{"id":6285,"date":"2018-04-08T09:31:54","date_gmt":"2018-04-08T09:31:54","guid":{"rendered":""},"modified":"2020-04-06T21:58:11","modified_gmt":"2020-04-06T19:58:11","slug":"kremtim-madheshtor-dhe-plot-drite-i-pashkes-ne-tirane","status":"publish","type":"post","link":"https:\/\/orthodoxalbania.org\/2020\/2018\/04\/08\/kremtim-madheshtor-dhe-plot-drite-i-pashkes-ne-tirane\/","title":{"rendered":"Kremtim madh\u00ebshtor dhe plot drit\u00eb i Pashk\u00ebs n\u00eb Tiran\u00eb"},"content":{"rendered":"<p style=\"text-align: justify;\"><span style=\"font-size: 12pt; font-family: helvetica; color: #000000;\">&#8220;Krishti u Ngjall&#8221; &#8211; &#8220;V\u00ebrtet u Ngjall!&#8221; Q\u00eb t\u00eb shtun\u00ebn n\u00eb dark\u00eb ky urim d\u00ebgjohet kudo ku besimtar\u00ebt orthodhoks\u00eb kremtuan Ngjalljen e Zotit Jisu Krisht. Kremtimet e shk\u00eblqyera e shpall\u00ebn k\u00ebt\u00eb kudo ku ata ndodhen, n\u00eb gjith\u00eb vendin ton\u00eb. Ashtu si\u00e7 thuhet n\u00eb Sh\u00ebrbes\u00eb, sot \u00ebsht\u00eb &#8220;Dit\u00eb e Ngjalljes, le t\u00eb ndri\u00e7ohemi prej panairit dhe le t\u00eb p\u00ebrqafojm\u00eb njeri-tjetrin, le t\u2019u themi v\u00ebllez\u00ebr dhe atyre q\u00eb na urrejn\u00eb, le t\u2019i ndjejm\u00eb t\u00eb gjitha n\u00eb dit\u00ebn e Ngjalljes dhe k\u00ebshtu le t\u00eb th\u00ebrresim:&#8230;&#8221;<\/span><\/p>\n<p style=\"text-align: justify;\"><span style=\"font-size: 12pt; font-family: helvetica; color: #000000;\">N\u00eb Tiran\u00eb Sh\u00ebrbesa e Ngjalljes dhe Liturgjia Hyjnore u kryen n\u00eb Katedralen Ngjallja e Krishtit&#8221;, dhe u drejtuan nga Kryepiskopi i Tiran\u00ebs, Durr\u00ebsit dhe i Gjith\u00eb Shqip\u00ebris\u00eb, Anastasi, i ndihmuar nga Mitropoliti i Amantias Nathanaili, Episkopi i Bylisit Asti dhe klerik\u00eb t\u00eb Kryepiskopat\u00ebs. Kisha dhe mjedisi p\u00ebrreth u mbush\u00ebn nga mij\u00ebra e mij\u00ebra besimtar\u00eb dhe qytetar\u00eb t\u00eb Tiran\u00ebs, q\u00eb prit\u00ebn me padurim lajmin m\u00eb t\u00eb madh t\u00eb t\u00eb gjitha koh\u00ebrave, Ngjalljen e Krishtit, p\u00ebr t\u00eb marr\u00eb m\u00eb pas &#8220;Drit\u00ebn q\u00eb nuk per\u00ebndon&#8221;, p\u00ebr ta \u00e7uar n\u00eb sht\u00ebpit\u00eb e tyre n\u00eb \u00e7do cep t\u00eb Tiran\u00ebs, si nj\u00eb bekim p\u00ebr t\u00eb gjith\u00eb Kryeqytetin. Ata \u00e7ukit\u00ebn edhe vez\u00ebt e kuqe q\u00eb kishin marre me vete dhe uruan nj\u00ebri-tjetrin pa pushim &#8220;Krishti u Ngjall!&#8221;, q\u00eb do jet\u00eb p\u00ebrsh\u00ebndetja e tyre n\u00eb 40 dit\u00ebt n\u00eb vazhdim.<\/span><\/p>\n<p style=\"text-align: justify;\"><span style=\"font-size: 12pt; font-family: helvetica; color: #000000;\">N\u00eb Mesazhin e Pashk\u00ebs, drejtuar gjith\u00eb besimtar\u00ebve orthodhoks\u00eb, i cili sivjet kishte si tem\u00eb &#8220;Nj\u00eb ftes\u00eb mahnit\u00ebse&#8221;, Kryepiskopi Anastas tha: &#8220;Dinamika e mesazhit t\u00eb krishter\u00eb p\u00ebrmblidhet n\u00eb fjal\u00ebt \u201cKrishti u Ngjall\u201d. Ngjallja e Krishtit shpall fuqish\u00ebm tejkalimin e vdekjes: \u201cU varros\u00ebm pra, bashk\u00eb me t\u00eb me an\u00eb t\u00eb pag\u00ebzimit n\u00eb vdekjen, q\u00eb, si\u00e7 u ngjall Krishti prej s\u00eb vdekurish me an\u00eb t\u00eb lavdis\u00eb s\u00eb Atit, k\u00ebshtu edhe ne t\u00eb ecim n\u00eb jet\u00eb t\u00eb re\u201d (Rom. 6:4). Krishti i Ngjallur, i Cili d\u00ebrrmoi pushtetin e vdekjes, vazhdon t\u00eb shp\u00ebrb\u00ebj\u00eb \u00e7do lloj fryme frike, padrejt\u00ebsie, urrejtjeje, zhg\u00ebnjimi&#8230; Ve\u00e7an\u00ebrisht n\u00eb epoka t\u00eb v\u00ebshtira, si kjo e sotmja, ku d\u00ebshp\u00ebrimi i thell\u00eb dhe shqet\u00ebsimi jan\u00eb p\u00ebrhapur n\u00eb mbar\u00eb shoq\u00ebrin\u00eb dhe ku zhg\u00ebnjimi i shtyp zemrat, \u00e7do besimtar ftohet t\u00eb marr\u00eb mesazhin ngjall\u00ebsor t\u00eb g\u00ebzimit, t\u00eb dashuris\u00eb dhe t\u00eb paqes dhe ta transmetoj\u00eb tek ata q\u00eb ndodhen af\u00ebr dhe larg tij.&#8221;<\/span><\/p>\n<p style=\"text-align: justify;\">&nbsp;<\/p>\n<p style=\"text-align: justify;\">&nbsp;<\/p>\n<p style=\"text-align: center;\"><img class=\"lazyload\" decoding=\"async\" style=\"display: block; margin: 10px auto; border: 1px solid #000000;\" alt=\"\" src=\"data:image\/svg+xml,%3Csvg%20xmlns%3D%27http%3A%2F%2Fwww.w3.org%2F2000%2Fsvg%27%20width%3D%27500%27%20height%3D%27333%27%20viewBox%3D%270%200%20500%20333%27%3E%3Crect%20width%3D%27500%27%20height%3D%27333%27%20fill-opacity%3D%220%22%2F%3E%3C%2Fsvg%3E\" data-orig-src=\"https:\/\/orthodoxalbania.org\/2020\/wp-content\/uploads\/2020\/04\/IMG_0017.jpg\" height=\"333\" width=\"500\" \/><\/p>\n<p style=\"text-align: center;\"><img class=\"lazyload\" decoding=\"async\" style=\"display: block; margin: 10px auto; border: 1px solid #000000;\" alt=\"\" src=\"data:image\/svg+xml,%3Csvg%20xmlns%3D%27http%3A%2F%2Fwww.w3.org%2F2000%2Fsvg%27%20width%3D%27500%27%20height%3D%27333%27%20viewBox%3D%270%200%20500%20333%27%3E%3Crect%20width%3D%27500%27%20height%3D%27333%27%20fill-opacity%3D%220%22%2F%3E%3C%2Fsvg%3E\" data-orig-src=\"https:\/\/orthodoxalbania.org\/2020\/wp-content\/uploads\/2020\/04\/IMG_0032.jpg\" height=\"333\" width=\"500\" \/><\/p>\n<p style=\"text-align: center;\"><img class=\"lazyload\" decoding=\"async\" style=\"display: block; margin: 10px auto; border: 1px solid #000000;\" alt=\"\" src=\"data:image\/svg+xml,%3Csvg%20xmlns%3D%27http%3A%2F%2Fwww.w3.org%2F2000%2Fsvg%27%20width%3D%27500%27%20height%3D%27333%27%20viewBox%3D%270%200%20500%20333%27%3E%3Crect%20width%3D%27500%27%20height%3D%27333%27%20fill-opacity%3D%220%22%2F%3E%3C%2Fsvg%3E\" data-orig-src=\"https:\/\/orthodoxalbania.org\/2020\/wp-content\/uploads\/2020\/04\/IMG_0034.jpg\" height=\"333\" width=\"500\" \/><\/p>\n<p style=\"text-align: center;\"><img class=\"lazyload\" decoding=\"async\" style=\"display: block; margin: 10px auto; border: 1px solid #000000;\" alt=\"\" src=\"data:image\/svg+xml,%3Csvg%20xmlns%3D%27http%3A%2F%2Fwww.w3.org%2F2000%2Fsvg%27%20width%3D%27500%27%20height%3D%27361%27%20viewBox%3D%270%200%20500%20361%27%3E%3Crect%20width%3D%27500%27%20height%3D%27361%27%20fill-opacity%3D%220%22%2F%3E%3C%2Fsvg%3E\" data-orig-src=\"https:\/\/orthodoxalbania.org\/2020\/wp-content\/uploads\/2020\/04\/IMG_0054.jpg\" height=\"361\" width=\"500\" \/><\/p>\n<p style=\"text-align: center;\"><img class=\"lazyload\" decoding=\"async\" style=\"display: block; margin: 10px auto; border: 1px solid #000000;\" alt=\"\" src=\"data:image\/svg+xml,%3Csvg%20xmlns%3D%27http%3A%2F%2Fwww.w3.org%2F2000%2Fsvg%27%20width%3D%27500%27%20height%3D%27279%27%20viewBox%3D%270%200%20500%20279%27%3E%3Crect%20width%3D%27500%27%20height%3D%27279%27%20fill-opacity%3D%220%22%2F%3E%3C%2Fsvg%3E\" data-orig-src=\"https:\/\/orthodoxalbania.org\/2020\/wp-content\/uploads\/2020\/04\/IMG_0068.jpg\" height=\"279\" width=\"500\" \/><\/p>\n<p style=\"text-align: center;\"><img class=\"lazyload\" decoding=\"async\" style=\"display: block; margin: 10px auto; border: 1px solid #000000;\" alt=\"\" src=\"data:image\/svg+xml,%3Csvg%20xmlns%3D%27http%3A%2F%2Fwww.w3.org%2F2000%2Fsvg%27%20width%3D%27500%27%20height%3D%27333%27%20viewBox%3D%270%200%20500%20333%27%3E%3Crect%20width%3D%27500%27%20height%3D%27333%27%20fill-opacity%3D%220%22%2F%3E%3C%2Fsvg%3E\" data-orig-src=\"https:\/\/orthodoxalbania.org\/2020\/wp-content\/uploads\/2020\/04\/IMG_0073.jpg\" height=\"333\" width=\"500\" \/><\/p>\n<p style=\"text-align: center;\"><img class=\"lazyload\" decoding=\"async\" style=\"display: block; margin: 10px auto; border: 1px solid #000000;\" alt=\"\" src=\"data:image\/svg+xml,%3Csvg%20xmlns%3D%27http%3A%2F%2Fwww.w3.org%2F2000%2Fsvg%27%20width%3D%27500%27%20height%3D%27356%27%20viewBox%3D%270%200%20500%20356%27%3E%3Crect%20width%3D%27500%27%20height%3D%27356%27%20fill-opacity%3D%220%22%2F%3E%3C%2Fsvg%3E\" data-orig-src=\"https:\/\/orthodoxalbania.org\/2020\/wp-content\/uploads\/2020\/04\/IMG_9855.jpg\" height=\"356\" width=\"500\" \/><\/p>\n<p style=\"text-align: center;\"><img class=\"lazyload\" decoding=\"async\" style=\"display: block; margin: 10px auto; border: 1px solid #000000;\" alt=\"\" src=\"data:image\/svg+xml,%3Csvg%20xmlns%3D%27http%3A%2F%2Fwww.w3.org%2F2000%2Fsvg%27%20width%3D%27500%27%20height%3D%27612%27%20viewBox%3D%270%200%20500%20612%27%3E%3Crect%20width%3D%27500%27%20height%3D%27612%27%20fill-opacity%3D%220%22%2F%3E%3C%2Fsvg%3E\" data-orig-src=\"https:\/\/orthodoxalbania.org\/2020\/wp-content\/uploads\/2020\/04\/IMG_9874.jpg\" height=\"612\" width=\"500\" \/><\/p>\n<p style=\"text-align: center;\"><img class=\"lazyload\" decoding=\"async\" style=\"display: block; margin: 10px auto; border: 1px solid #000000;\" alt=\"\" src=\"data:image\/svg+xml,%3Csvg%20xmlns%3D%27http%3A%2F%2Fwww.w3.org%2F2000%2Fsvg%27%20width%3D%27500%27%20height%3D%27750%27%20viewBox%3D%270%200%20500%20750%27%3E%3Crect%20width%3D%27500%27%20height%3D%27750%27%20fill-opacity%3D%220%22%2F%3E%3C%2Fsvg%3E\" data-orig-src=\"https:\/\/orthodoxalbania.org\/2020\/wp-content\/uploads\/2020\/04\/IMG_9890.jpg\" height=\"750\" width=\"500\" \/><\/p>\n<p style=\"text-align: center;\"><img class=\"lazyload\" decoding=\"async\" style=\"display: block; margin: 10px auto; border: 1px solid #000000;\" alt=\"\" src=\"data:image\/svg+xml,%3Csvg%20xmlns%3D%27http%3A%2F%2Fwww.w3.org%2F2000%2Fsvg%27%20width%3D%27500%27%20height%3D%27333%27%20viewBox%3D%270%200%20500%20333%27%3E%3Crect%20width%3D%27500%27%20height%3D%27333%27%20fill-opacity%3D%220%22%2F%3E%3C%2Fsvg%3E\" data-orig-src=\"https:\/\/orthodoxalbania.org\/2020\/wp-content\/uploads\/2020\/04\/IMG_9918.jpg\" height=\"333\" width=\"500\" \/><\/p>\n<p style=\"text-align: center;\"><img class=\"lazyload\" decoding=\"async\" style=\"display: block; margin: 10px auto; border: 1px solid #000000;\" alt=\"\" src=\"data:image\/svg+xml,%3Csvg%20xmlns%3D%27http%3A%2F%2Fwww.w3.org%2F2000%2Fsvg%27%20width%3D%27500%27%20height%3D%27333%27%20viewBox%3D%270%200%20500%20333%27%3E%3Crect%20width%3D%27500%27%20height%3D%27333%27%20fill-opacity%3D%220%22%2F%3E%3C%2Fsvg%3E\" data-orig-src=\"https:\/\/orthodoxalbania.org\/2020\/wp-content\/uploads\/2020\/04\/IMG_9921.jpg\" height=\"333\" width=\"500\" \/><\/p>\n<p style=\"text-align: center;\"><img class=\"lazyload\" decoding=\"async\" style=\"display: block; margin: 10px auto; border: 1px solid #000000;\" alt=\"\" src=\"data:image\/svg+xml,%3Csvg%20xmlns%3D%27http%3A%2F%2Fwww.w3.org%2F2000%2Fsvg%27%20width%3D%27500%27%20height%3D%27750%27%20viewBox%3D%270%200%20500%20750%27%3E%3Crect%20width%3D%27500%27%20height%3D%27750%27%20fill-opacity%3D%220%22%2F%3E%3C%2Fsvg%3E\" data-orig-src=\"https:\/\/orthodoxalbania.org\/2020\/wp-content\/uploads\/2020\/04\/IMG_9925.jpg\" height=\"750\" width=\"500\" \/><\/p>\n<p style=\"text-align: center;\"><img class=\"lazyload\" decoding=\"async\" style=\"display: block; margin: 10px auto; border: 1px solid #000000;\" alt=\"\" src=\"data:image\/svg+xml,%3Csvg%20xmlns%3D%27http%3A%2F%2Fwww.w3.org%2F2000%2Fsvg%27%20width%3D%27500%27%20height%3D%27333%27%20viewBox%3D%270%200%20500%20333%27%3E%3Crect%20width%3D%27500%27%20height%3D%27333%27%20fill-opacity%3D%220%22%2F%3E%3C%2Fsvg%3E\" data-orig-src=\"https:\/\/orthodoxalbania.org\/2020\/wp-content\/uploads\/2020\/04\/IMG_9939.jpg\" height=\"333\" width=\"500\" \/><\/p>\n<p style=\"text-align: center;\"><img class=\"lazyload\" decoding=\"async\" style=\"display: block; margin: 10px auto; border: 1px solid #000000;\" alt=\"\" src=\"data:image\/svg+xml,%3Csvg%20xmlns%3D%27http%3A%2F%2Fwww.w3.org%2F2000%2Fsvg%27%20width%3D%27500%27%20height%3D%27593%27%20viewBox%3D%270%200%20500%20593%27%3E%3Crect%20width%3D%27500%27%20height%3D%27593%27%20fill-opacity%3D%220%22%2F%3E%3C%2Fsvg%3E\" data-orig-src=\"https:\/\/orthodoxalbania.org\/2020\/wp-content\/uploads\/2020\/04\/IMG_9951.jpg\" height=\"593\" width=\"500\" \/><\/p>\n<p style=\"text-align: center;\"><img class=\"lazyload\" decoding=\"async\" style=\"display: block; margin: 10px auto; border: 1px solid #000000;\" alt=\"\" src=\"data:image\/svg+xml,%3Csvg%20xmlns%3D%27http%3A%2F%2Fwww.w3.org%2F2000%2Fsvg%27%20width%3D%27500%27%20height%3D%27750%27%20viewBox%3D%270%200%20500%20750%27%3E%3Crect%20width%3D%27500%27%20height%3D%27750%27%20fill-opacity%3D%220%22%2F%3E%3C%2Fsvg%3E\" data-orig-src=\"https:\/\/orthodoxalbania.org\/2020\/wp-content\/uploads\/2020\/04\/IMG_9965.jpg\" height=\"750\" width=\"500\" \/><\/p>\n<p style=\"text-align: center;\"><img class=\"lazyload\" decoding=\"async\" style=\"display: block; margin: 10px auto; border: 1px solid #000000;\" alt=\"\" src=\"data:image\/svg+xml,%3Csvg%20xmlns%3D%27http%3A%2F%2Fwww.w3.org%2F2000%2Fsvg%27%20width%3D%27500%27%20height%3D%27333%27%20viewBox%3D%270%200%20500%20333%27%3E%3Crect%20width%3D%27500%27%20height%3D%27333%27%20fill-opacity%3D%220%22%2F%3E%3C%2Fsvg%3E\" data-orig-src=\"https:\/\/orthodoxalbania.org\/2020\/wp-content\/uploads\/2020\/04\/IMG_9985.jpg\" height=\"333\" width=\"500\" \/><\/p>\n<p style=\"text-align: center;\"><img class=\"lazyload\" decoding=\"async\" style=\"display: block; margin: 10px auto; border: 1px solid #000000;\" alt=\"\" src=\"data:image\/svg+xml,%3Csvg%20xmlns%3D%27http%3A%2F%2Fwww.w3.org%2F2000%2Fsvg%27%20width%3D%27500%27%20height%3D%27750%27%20viewBox%3D%270%200%20500%20750%27%3E%3Crect%20width%3D%27500%27%20height%3D%27750%27%20fill-opacity%3D%220%22%2F%3E%3C%2Fsvg%3E\" data-orig-src=\"https:\/\/orthodoxalbania.org\/2020\/wp-content\/uploads\/2020\/04\/IMG_9995.jpg\" height=\"750\" width=\"500\" \/><\/p>\n","protected":false},"excerpt":{"rendered":"<p>&#8220;Krishti u Ngjall&#8221; &#8211; &#8220;V\u00ebrtet u Ngjall!&#8221; Q\u00eb t\u00eb shtun\u00ebn n\u00eb dark\u00eb ky urim d\u00ebgjohet kudo ku besimtar\u00ebt orthodhoks\u00eb kremtuan Ngjalljen e Zotit Jisu Krisht. Kremtimet e shk\u00eblqyera e shpall\u00ebn k\u00ebt\u00eb kudo ku ata ndodhen, n\u00eb gjith\u00eb vendin ton\u00eb. Ashtu si\u00e7 thuhet n\u00eb Sh\u00ebrbes\u00eb, sot \u00ebsht\u00eb &#8220;Dit\u00eb e Ngjalljes, le t\u00eb ndri\u00e7ohemi prej panairit dhe le t\u00eb p\u00ebrqafojm\u00eb njeri-tjetrin, le t\u2019u themi v\u00ebllez\u00ebr dhe atyre<\/p>\n","protected":false},"author":1,"featured_media":6286,"comment_status":"open","ping_status":"open","sticky":false,"template":"","format":"standard","meta":{"_acf_changed":false,"pagelayer_contact_templates":[],"_pagelayer_content":"","inline_featured_image":false,"fifu_image_url":"","fifu_image_alt":"","footnotes":""},"categories":[108],"tags":[220,184,157,196,201,212,189],"class_list":["post-6285","post","type-post","status-publish","format-standard","has-post-thumbnail","hentry","category-lajme","tag-220","tag-katedralja-ngjallja-e-krishtit-tirane","tag-kremtime","tag-tirane","tag-kryepiskopi-anastas","tag-lajme-d27","tag-pashke-2014"],"acf":[],"yoast_head":"<!-- This site is optimized with the Yoast SEO plugin v27.2 - https:\/\/yoast.com\/product\/yoast-seo-wordpress\/ -->\n<title>Kremtim madh\u00ebshtor dhe plot drit\u00eb i Pashk\u00ebs n\u00eb Tiran\u00eb - Kisha Orthodh\u03bfkse Autoqefale e Shqip\u00ebris\u00eb<\/title>\n<meta name=\"robots\" content=\"index, follow, max-snippet:-1, max-image-preview:large, max-video-preview:-1\" \/>\n<link rel=\"canonical\" href=\"https:\/\/orthodoxalbania.org\/2020\/2018\/04\/08\/kremtim-madheshtor-dhe-plot-drite-i-pashkes-ne-tirane\/\" \/>\n<meta property=\"og:locale\" content=\"en_US\" \/>\n<meta property=\"og:type\" content=\"article\" \/>\n<meta property=\"og:title\" content=\"Kremtim madh\u00ebshtor dhe plot drit\u00eb i Pashk\u00ebs n\u00eb Tiran\u00eb - Kisha Orthodh\u03bfkse Autoqefale e Shqip\u00ebris\u00eb\" \/>\n<meta property=\"og:description\" content=\"&#8220;Krishti u Ngjall&#8221; &#8211; &#8220;V\u00ebrtet u Ngjall!&#8221; Q\u00eb t\u00eb shtun\u00ebn n\u00eb dark\u00eb ky urim d\u00ebgjohet kudo ku besimtar\u00ebt orthodhoks\u00eb kremtuan Ngjalljen e Zotit Jisu Krisht. Kremtimet e shk\u00eblqyera e shpall\u00ebn k\u00ebt\u00eb kudo ku ata ndodhen, n\u00eb gjith\u00eb vendin ton\u00eb. Ashtu si\u00e7 thuhet n\u00eb Sh\u00ebrbes\u00eb, sot \u00ebsht\u00eb &#8220;Dit\u00eb e Ngjalljes, le t\u00eb ndri\u00e7ohemi prej panairit dhe le t\u00eb p\u00ebrqafojm\u00eb njeri-tjetrin, le t\u2019u themi v\u00ebllez\u00ebr dhe atyre\" \/>\n<meta property=\"og:url\" content=\"https:\/\/orthodoxalbania.org\/2020\/2018\/04\/08\/kremtim-madheshtor-dhe-plot-drite-i-pashkes-ne-tirane\/\" \/>\n<meta property=\"og:site_name\" content=\"Kisha Orthodh\u03bfkse Autoqefale e Shqip\u00ebris\u00eb\" \/>\n<meta property=\"article:publisher\" content=\"https:\/\/www.facebook.com\/koash1991\" \/>\n<meta property=\"article:published_time\" content=\"2018-04-08T09:31:54+00:00\" \/>\n<meta property=\"article:modified_time\" content=\"2020-04-06T19:58:11+00:00\" \/>\n<meta property=\"og:image\" content=\"https:\/\/orthodoxalbania.org\/2020\/wp-content\/uploads\/2020\/04\/IMG_9939-scaled.jpg\" \/>\n\t<meta property=\"og:image:width\" content=\"2560\" \/>\n\t<meta property=\"og:image:height\" content=\"1707\" \/>\n\t<meta property=\"og:image:type\" content=\"image\/jpeg\" \/>\n<meta name=\"author\" content=\"Kisha Orthodhokse\" \/>\n<meta name=\"twitter:card\" content=\"summary_large_image\" \/>\n<meta name=\"twitter:label1\" content=\"Written by\" \/>\n\t<meta name=\"twitter:data1\" content=\"Kisha Orthodhokse\" \/>\n\t<meta name=\"twitter:label2\" content=\"Est. reading time\" \/>\n\t<meta name=\"twitter:data2\" content=\"2 minutes\" \/>\n<script type=\"application\/ld+json\" class=\"yoast-schema-graph\">{\"@context\":\"https:\/\/schema.org\",\"@graph\":[{\"@type\":\"Article\",\"@id\":\"https:\/\/orthodoxalbania.org\/2020\/2018\/04\/08\/kremtim-madheshtor-dhe-plot-drite-i-pashkes-ne-tirane\/#article\",\"isPartOf\":{\"@id\":\"https:\/\/orthodoxalbania.org\/2020\/2018\/04\/08\/kremtim-madheshtor-dhe-plot-drite-i-pashkes-ne-tirane\/\"},\"author\":{\"name\":\"Kisha Orthodhokse\",\"@id\":\"https:\/\/orthodoxalbania.org\/2020\/#\/schema\/person\/0c387634a7063ac612d7ed9ce71c7e86\"},\"headline\":\"Kremtim madh\u00ebshtor dhe plot drit\u00eb i Pashk\u00ebs n\u00eb Tiran\u00eb\",\"datePublished\":\"2018-04-08T09:31:54+00:00\",\"dateModified\":\"2020-04-06T19:58:11+00:00\",\"mainEntityOfPage\":{\"@id\":\"https:\/\/orthodoxalbania.org\/2020\/2018\/04\/08\/kremtim-madheshtor-dhe-plot-drite-i-pashkes-ne-tirane\/\"},\"wordCount\":438,\"commentCount\":0,\"publisher\":{\"@id\":\"https:\/\/orthodoxalbania.org\/2020\/#organization\"},\"image\":{\"@id\":\"https:\/\/orthodoxalbania.org\/2020\/2018\/04\/08\/kremtim-madheshtor-dhe-plot-drite-i-pashkes-ne-tirane\/#primaryimage\"},\"thumbnailUrl\":\"https:\/\/orthodoxalbania.org\/2020\/wp-content\/uploads\/2020\/04\/IMG_9939-scaled.jpg\",\"keywords\":[\"2018\",\"Katedralja \u201cNgjallja e Krishtit\u201d Tiran\u00eb\",\"Kremtime\",\"Kryepiskopata Tiran\u00eb\",\"Kryepiskopi Anastas\",\"lajme\",\"Pashk\u00eb\"],\"articleSection\":[\"Lajme\"],\"inLanguage\":\"en-US\"},{\"@type\":\"WebPage\",\"@id\":\"https:\/\/orthodoxalbania.org\/2020\/2018\/04\/08\/kremtim-madheshtor-dhe-plot-drite-i-pashkes-ne-tirane\/\",\"url\":\"https:\/\/orthodoxalbania.org\/2020\/2018\/04\/08\/kremtim-madheshtor-dhe-plot-drite-i-pashkes-ne-tirane\/\",\"name\":\"Kremtim madh\u00ebshtor dhe plot drit\u00eb i Pashk\u00ebs n\u00eb Tiran\u00eb - Kisha Orthodh\u03bfkse Autoqefale e Shqip\u00ebris\u00eb\",\"isPartOf\":{\"@id\":\"https:\/\/orthodoxalbania.org\/2020\/#website\"},\"primaryImageOfPage\":{\"@id\":\"https:\/\/orthodoxalbania.org\/2020\/2018\/04\/08\/kremtim-madheshtor-dhe-plot-drite-i-pashkes-ne-tirane\/#primaryimage\"},\"image\":{\"@id\":\"https:\/\/orthodoxalbania.org\/2020\/2018\/04\/08\/kremtim-madheshtor-dhe-plot-drite-i-pashkes-ne-tirane\/#primaryimage\"},\"thumbnailUrl\":\"https:\/\/orthodoxalbania.org\/2020\/wp-content\/uploads\/2020\/04\/IMG_9939-scaled.jpg\",\"datePublished\":\"2018-04-08T09:31:54+00:00\",\"dateModified\":\"2020-04-06T19:58:11+00:00\",\"breadcrumb\":{\"@id\":\"https:\/\/orthodoxalbania.org\/2020\/2018\/04\/08\/kremtim-madheshtor-dhe-plot-drite-i-pashkes-ne-tirane\/#breadcrumb\"},\"inLanguage\":\"en-US\",\"potentialAction\":[{\"@type\":\"ReadAction\",\"target\":[\"https:\/\/orthodoxalbania.org\/2020\/2018\/04\/08\/kremtim-madheshtor-dhe-plot-drite-i-pashkes-ne-tirane\/\"]}]},{\"@type\":\"ImageObject\",\"inLanguage\":\"en-US\",\"@id\":\"https:\/\/orthodoxalbania.org\/2020\/2018\/04\/08\/kremtim-madheshtor-dhe-plot-drite-i-pashkes-ne-tirane\/#primaryimage\",\"url\":\"https:\/\/orthodoxalbania.org\/2020\/wp-content\/uploads\/2020\/04\/IMG_9939-scaled.jpg\",\"contentUrl\":\"https:\/\/orthodoxalbania.org\/2020\/wp-content\/uploads\/2020\/04\/IMG_9939-scaled.jpg\",\"width\":2560,\"height\":1707},{\"@type\":\"BreadcrumbList\",\"@id\":\"https:\/\/orthodoxalbania.org\/2020\/2018\/04\/08\/kremtim-madheshtor-dhe-plot-drite-i-pashkes-ne-tirane\/#breadcrumb\",\"itemListElement\":[{\"@type\":\"ListItem\",\"position\":1,\"name\":\"Home\",\"item\":\"https:\/\/orthodoxalbania.org\/2020\/\"},{\"@type\":\"ListItem\",\"position\":2,\"name\":\"Kremtim madh\u00ebshtor dhe plot drit\u00eb i Pashk\u00ebs n\u00eb Tiran\u00eb\"}]},{\"@type\":\"WebSite\",\"@id\":\"https:\/\/orthodoxalbania.org\/2020\/#website\",\"url\":\"https:\/\/orthodoxalbania.org\/2020\/\",\"name\":\"Kisha Orthodh\u03bfkse Autoqefale e Shqip\u00ebris\u00eb\",\"description\":\"Fqja Zyrtare e Kish\u00ebs Orthodhokse Autoqefale e Shqip\u00ebris\u00eb me lajmet edhe informacionet zyrtare p\u00ebr struktur\u00ebn edhe veprimtarin e saj.\",\"publisher\":{\"@id\":\"https:\/\/orthodoxalbania.org\/2020\/#organization\"},\"potentialAction\":[{\"@type\":\"SearchAction\",\"target\":{\"@type\":\"EntryPoint\",\"urlTemplate\":\"https:\/\/orthodoxalbania.org\/2020\/?s={search_term_string}\"},\"query-input\":{\"@type\":\"PropertyValueSpecification\",\"valueRequired\":true,\"valueName\":\"search_term_string\"}}],\"inLanguage\":\"en-US\"},{\"@type\":\"Organization\",\"@id\":\"https:\/\/orthodoxalbania.org\/2020\/#organization\",\"name\":\"Kisha Orthodhokse Autoqefale e Shqip\u00ebris\u00eb\",\"url\":\"https:\/\/orthodoxalbania.org\/2020\/\",\"logo\":{\"@type\":\"ImageObject\",\"inLanguage\":\"en-US\",\"@id\":\"https:\/\/orthodoxalbania.org\/2020\/#\/schema\/logo\/image\/\",\"url\":\"https:\/\/orthodoxalbania.org\/2020\/wp-content\/uploads\/2020\/05\/albania.jpeg\",\"contentUrl\":\"https:\/\/orthodoxalbania.org\/2020\/wp-content\/uploads\/2020\/05\/albania.jpeg\",\"width\":540,\"height\":540,\"caption\":\"Kisha Orthodhokse Autoqefale e Shqip\u00ebris\u00eb\"},\"image\":{\"@id\":\"https:\/\/orthodoxalbania.org\/2020\/#\/schema\/logo\/image\/\"},\"sameAs\":[\"https:\/\/www.facebook.com\/koash1991\"]},{\"@type\":\"Person\",\"@id\":\"https:\/\/orthodoxalbania.org\/2020\/#\/schema\/person\/0c387634a7063ac612d7ed9ce71c7e86\",\"name\":\"Kisha Orthodhokse\",\"image\":{\"@type\":\"ImageObject\",\"inLanguage\":\"en-US\",\"@id\":\"https:\/\/secure.gravatar.com\/avatar\/596e7c417251e30f2fbb9c00e026fce61a695a00e51c889caded71c96cbbdde5?s=96&d=mm&r=g\",\"url\":\"https:\/\/secure.gravatar.com\/avatar\/596e7c417251e30f2fbb9c00e026fce61a695a00e51c889caded71c96cbbdde5?s=96&d=mm&r=g\",\"contentUrl\":\"https:\/\/secure.gravatar.com\/avatar\/596e7c417251e30f2fbb9c00e026fce61a695a00e51c889caded71c96cbbdde5?s=96&d=mm&r=g\",\"caption\":\"Kisha Orthodhokse\"}}]}<\/script>\n<!-- \/ Yoast SEO plugin. -->","yoast_head_json":{"title":"Kremtim madh\u00ebshtor dhe plot drit\u00eb i Pashk\u00ebs n\u00eb Tiran\u00eb - Kisha Orthodh\u03bfkse Autoqefale e Shqip\u00ebris\u00eb","robots":{"index":"index","follow":"follow","max-snippet":"max-snippet:-1","max-image-preview":"max-image-preview:large","max-video-preview":"max-video-preview:-1"},"canonical":"https:\/\/orthodoxalbania.org\/2020\/2018\/04\/08\/kremtim-madheshtor-dhe-plot-drite-i-pashkes-ne-tirane\/","og_locale":"en_US","og_type":"article","og_title":"Kremtim madh\u00ebshtor dhe plot drit\u00eb i Pashk\u00ebs n\u00eb Tiran\u00eb - Kisha Orthodh\u03bfkse Autoqefale e Shqip\u00ebris\u00eb","og_description":"&#8220;Krishti u Ngjall&#8221; &#8211; &#8220;V\u00ebrtet u Ngjall!&#8221; Q\u00eb t\u00eb shtun\u00ebn n\u00eb dark\u00eb ky urim d\u00ebgjohet kudo ku besimtar\u00ebt orthodhoks\u00eb kremtuan Ngjalljen e Zotit Jisu Krisht. Kremtimet e shk\u00eblqyera e shpall\u00ebn k\u00ebt\u00eb kudo ku ata ndodhen, n\u00eb gjith\u00eb vendin ton\u00eb. Ashtu si\u00e7 thuhet n\u00eb Sh\u00ebrbes\u00eb, sot \u00ebsht\u00eb &#8220;Dit\u00eb e Ngjalljes, le t\u00eb ndri\u00e7ohemi prej panairit dhe le t\u00eb p\u00ebrqafojm\u00eb njeri-tjetrin, le t\u2019u themi v\u00ebllez\u00ebr dhe atyre","og_url":"https:\/\/orthodoxalbania.org\/2020\/2018\/04\/08\/kremtim-madheshtor-dhe-plot-drite-i-pashkes-ne-tirane\/","og_site_name":"Kisha Orthodh\u03bfkse Autoqefale e Shqip\u00ebris\u00eb","article_publisher":"https:\/\/www.facebook.com\/koash1991","article_published_time":"2018-04-08T09:31:54+00:00","article_modified_time":"2020-04-06T19:58:11+00:00","og_image":[{"width":2560,"height":1707,"url":"https:\/\/orthodoxalbania.org\/2020\/wp-content\/uploads\/2020\/04\/IMG_9939-scaled.jpg","type":"image\/jpeg"}],"author":"Kisha Orthodhokse","twitter_card":"summary_large_image","twitter_misc":{"Written by":"Kisha Orthodhokse","Est. reading time":"2 minutes"},"schema":{"@context":"https:\/\/schema.org","@graph":[{"@type":"Article","@id":"https:\/\/orthodoxalbania.org\/2020\/2018\/04\/08\/kremtim-madheshtor-dhe-plot-drite-i-pashkes-ne-tirane\/#article","isPartOf":{"@id":"https:\/\/orthodoxalbania.org\/2020\/2018\/04\/08\/kremtim-madheshtor-dhe-plot-drite-i-pashkes-ne-tirane\/"},"author":{"name":"Kisha Orthodhokse","@id":"https:\/\/orthodoxalbania.org\/2020\/#\/schema\/person\/0c387634a7063ac612d7ed9ce71c7e86"},"headline":"Kremtim madh\u00ebshtor dhe plot drit\u00eb i Pashk\u00ebs n\u00eb Tiran\u00eb","datePublished":"2018-04-08T09:31:54+00:00","dateModified":"2020-04-06T19:58:11+00:00","mainEntityOfPage":{"@id":"https:\/\/orthodoxalbania.org\/2020\/2018\/04\/08\/kremtim-madheshtor-dhe-plot-drite-i-pashkes-ne-tirane\/"},"wordCount":438,"commentCount":0,"publisher":{"@id":"https:\/\/orthodoxalbania.org\/2020\/#organization"},"image":{"@id":"https:\/\/orthodoxalbania.org\/2020\/2018\/04\/08\/kremtim-madheshtor-dhe-plot-drite-i-pashkes-ne-tirane\/#primaryimage"},"thumbnailUrl":"https:\/\/orthodoxalbania.org\/2020\/wp-content\/uploads\/2020\/04\/IMG_9939-scaled.jpg","keywords":["2018","Katedralja \u201cNgjallja e Krishtit\u201d Tiran\u00eb","Kremtime","Kryepiskopata Tiran\u00eb","Kryepiskopi Anastas","lajme","Pashk\u00eb"],"articleSection":["Lajme"],"inLanguage":"en-US"},{"@type":"WebPage","@id":"https:\/\/orthodoxalbania.org\/2020\/2018\/04\/08\/kremtim-madheshtor-dhe-plot-drite-i-pashkes-ne-tirane\/","url":"https:\/\/orthodoxalbania.org\/2020\/2018\/04\/08\/kremtim-madheshtor-dhe-plot-drite-i-pashkes-ne-tirane\/","name":"Kremtim madh\u00ebshtor dhe plot drit\u00eb i Pashk\u00ebs n\u00eb Tiran\u00eb - Kisha Orthodh\u03bfkse Autoqefale e Shqip\u00ebris\u00eb","isPartOf":{"@id":"https:\/\/orthodoxalbania.org\/2020\/#website"},"primaryImageOfPage":{"@id":"https:\/\/orthodoxalbania.org\/2020\/2018\/04\/08\/kremtim-madheshtor-dhe-plot-drite-i-pashkes-ne-tirane\/#primaryimage"},"image":{"@id":"https:\/\/orthodoxalbania.org\/2020\/2018\/04\/08\/kremtim-madheshtor-dhe-plot-drite-i-pashkes-ne-tirane\/#primaryimage"},"thumbnailUrl":"https:\/\/orthodoxalbania.org\/2020\/wp-content\/uploads\/2020\/04\/IMG_9939-scaled.jpg","datePublished":"2018-04-08T09:31:54+00:00","dateModified":"2020-04-06T19:58:11+00:00","breadcrumb":{"@id":"https:\/\/orthodoxalbania.org\/2020\/2018\/04\/08\/kremtim-madheshtor-dhe-plot-drite-i-pashkes-ne-tirane\/#breadcrumb"},"inLanguage":"en-US","potentialAction":[{"@type":"ReadAction","target":["https:\/\/orthodoxalbania.org\/2020\/2018\/04\/08\/kremtim-madheshtor-dhe-plot-drite-i-pashkes-ne-tirane\/"]}]},{"@type":"ImageObject","inLanguage":"en-US","@id":"https:\/\/orthodoxalbania.org\/2020\/2018\/04\/08\/kremtim-madheshtor-dhe-plot-drite-i-pashkes-ne-tirane\/#primaryimage","url":"https:\/\/orthodoxalbania.org\/2020\/wp-content\/uploads\/2020\/04\/IMG_9939-scaled.jpg","contentUrl":"https:\/\/orthodoxalbania.org\/2020\/wp-content\/uploads\/2020\/04\/IMG_9939-scaled.jpg","width":2560,"height":1707},{"@type":"BreadcrumbList","@id":"https:\/\/orthodoxalbania.org\/2020\/2018\/04\/08\/kremtim-madheshtor-dhe-plot-drite-i-pashkes-ne-tirane\/#breadcrumb","itemListElement":[{"@type":"ListItem","position":1,"name":"Home","item":"https:\/\/orthodoxalbania.org\/2020\/"},{"@type":"ListItem","position":2,"name":"Kremtim madh\u00ebshtor dhe plot drit\u00eb i Pashk\u00ebs n\u00eb Tiran\u00eb"}]},{"@type":"WebSite","@id":"https:\/\/orthodoxalbania.org\/2020\/#website","url":"https:\/\/orthodoxalbania.org\/2020\/","name":"Kisha Orthodh\u03bfkse Autoqefale e Shqip\u00ebris\u00eb","description":"Fqja Zyrtare e Kish\u00ebs Orthodhokse Autoqefale e Shqip\u00ebris\u00eb me lajmet edhe informacionet zyrtare p\u00ebr struktur\u00ebn edhe veprimtarin e saj.","publisher":{"@id":"https:\/\/orthodoxalbania.org\/2020\/#organization"},"potentialAction":[{"@type":"SearchAction","target":{"@type":"EntryPoint","urlTemplate":"https:\/\/orthodoxalbania.org\/2020\/?s={search_term_string}"},"query-input":{"@type":"PropertyValueSpecification","valueRequired":true,"valueName":"search_term_string"}}],"inLanguage":"en-US"},{"@type":"Organization","@id":"https:\/\/orthodoxalbania.org\/2020\/#organization","name":"Kisha Orthodhokse Autoqefale e Shqip\u00ebris\u00eb","url":"https:\/\/orthodoxalbania.org\/2020\/","logo":{"@type":"ImageObject","inLanguage":"en-US","@id":"https:\/\/orthodoxalbania.org\/2020\/#\/schema\/logo\/image\/","url":"https:\/\/orthodoxalbania.org\/2020\/wp-content\/uploads\/2020\/05\/albania.jpeg","contentUrl":"https:\/\/orthodoxalbania.org\/2020\/wp-content\/uploads\/2020\/05\/albania.jpeg","width":540,"height":540,"caption":"Kisha Orthodhokse Autoqefale e Shqip\u00ebris\u00eb"},"image":{"@id":"https:\/\/orthodoxalbania.org\/2020\/#\/schema\/logo\/image\/"},"sameAs":["https:\/\/www.facebook.com\/koash1991"]},{"@type":"Person","@id":"https:\/\/orthodoxalbania.org\/2020\/#\/schema\/person\/0c387634a7063ac612d7ed9ce71c7e86","name":"Kisha Orthodhokse","image":{"@type":"ImageObject","inLanguage":"en-US","@id":"https:\/\/secure.gravatar.com\/avatar\/596e7c417251e30f2fbb9c00e026fce61a695a00e51c889caded71c96cbbdde5?s=96&d=mm&r=g","url":"https:\/\/secure.gravatar.com\/avatar\/596e7c417251e30f2fbb9c00e026fce61a695a00e51c889caded71c96cbbdde5?s=96&d=mm&r=g","contentUrl":"https:\/\/secure.gravatar.com\/avatar\/596e7c417251e30f2fbb9c00e026fce61a695a00e51c889caded71c96cbbdde5?s=96&d=mm&r=g","caption":"Kisha Orthodhokse"}}]}},"_links":{"self":[{"href":"https:\/\/orthodoxalbania.org\/2020\/wp-json\/wp\/v2\/posts\/6285","targetHints":{"allow":["GET"]}}],"collection":[{"href":"https:\/\/orthodoxalbania.org\/2020\/wp-json\/wp\/v2\/posts"}],"about":[{"href":"https:\/\/orthodoxalbania.org\/2020\/wp-json\/wp\/v2\/types\/post"}],"author":[{"embeddable":true,"href":"https:\/\/orthodoxalbania.org\/2020\/wp-json\/wp\/v2\/users\/1"}],"replies":[{"embeddable":true,"href":"https:\/\/orthodoxalbania.org\/2020\/wp-json\/wp\/v2\/comments?post=6285"}],"version-history":[{"count":1,"href":"https:\/\/orthodoxalbania.org\/2020\/wp-json\/wp\/v2\/posts\/6285\/revisions"}],"predecessor-version":[{"id":14796,"href":"https:\/\/orthodoxalbania.org\/2020\/wp-json\/wp\/v2\/posts\/6285\/revisions\/14796"}],"wp:featuredmedia":[{"embeddable":true,"href":"https:\/\/orthodoxalbania.org\/2020\/wp-json\/wp\/v2\/media\/6286"}],"wp:attachment":[{"href":"https:\/\/orthodoxalbania.org\/2020\/wp-json\/wp\/v2\/media?parent=6285"}],"wp:term":[{"taxonomy":"category","embeddable":true,"href":"https:\/\/orthodoxalbania.org\/2020\/wp-json\/wp\/v2\/categories?post=6285"},{"taxonomy":"post_tag","embeddable":true,"href":"https:\/\/orthodoxalbania.org\/2020\/wp-json\/wp\/v2\/tags?post=6285"}],"curies":[{"name":"wp","href":"https:\/\/api.w.org\/{rel}","templated":true}]}}