{"id":6277,"date":"2018-04-07T07:44:50","date_gmt":"2018-04-07T07:44:50","guid":{"rendered":""},"modified":"2020-04-06T21:58:11","modified_gmt":"2020-04-06T19:58:11","slug":"mesazhi-i-kryepiskopit-anastas-pashke-2018-tekst","status":"publish","type":"post","link":"https:\/\/orthodoxalbania.org\/2020\/2018\/04\/07\/mesazhi-i-kryepiskopit-anastas-pashke-2018-tekst\/","title":{"rendered":"Mesazhi i Kryepiskopit Anastas Pashk\u00eb 2018 (Tekst)"},"content":{"rendered":"<p><img class=\"lazyload\" decoding=\"async\" style=\"height: 51px; width: 51px; margin: 10px auto; display: block;\" alt=\"\" src=\"data:image\/gif;base64,R0lGODlhAQABAAAAACH5BAEKAAEALAAAAAABAAEAAAICTAEAOw==\" data-orig-src=\"https:\/\/lh4.googleusercontent.com\/-p6oTSlUmOrM\/U0UABsfjknI\/AAAAAAAAATs\/zlJeoFRksRE\/s577-no\/logo.png\" \/><\/p>\n<p style=\"text-align: center;\"><span style=\"font-size: 12pt; font-family: helvetica; color: #000000;\"><strong>KISHA ORTHODHOKSE AUTOQEFALE E SHQIP\u00cbRIS\u00cb<\/strong><\/span><\/p>\n<p style=\"text-align: center;\">&nbsp;<\/p>\n<p style=\"text-align: justify;\"><span style=\"color: #000000;\"><\/span><\/p>\n<p style=\"text-align: center;\"><span style=\"font-size: 12pt; font-family: helvetica; color: #000000;\"><strong>PASHK\u00cb 2018<\/strong><\/span><\/p>\n<p style=\"text-align: center;\">&nbsp;<\/p>\n<p style=\"text-align: center;\"><span style=\"color: #000000;\"><\/span><\/p>\n<div style=\"text-align: center;\"><span style=\"font-size: 12pt; font-family: helvetica; color: #000000;\"><strong>\u2020 Anastasi<\/strong><\/span><\/div>\n<div style=\"text-align: center;\"><span style=\"font-size: 12pt; font-family: helvetica; color: #000000;\"><em>Kryepiskop i Tiran\u00ebs, Durr\u00ebsit dhe i Gjith\u00eb Shqip\u00ebris\u00eb<\/em><\/span><\/div>\n<div style=\"text-align: center;\">&nbsp;<\/div>\n<p style=\"text-align: center;\"><span style=\"color: #000000;\"><\/span><\/p>\n<p style=\"text-align: center;\"><span style=\"font-size: 12pt; font-family: helvetica; color: #000000;\"><strong>Nj\u00eb ftes\u00eb mahnit\u00ebse<\/strong><\/span><\/p>\n<p style=\"text-align: center;\">&nbsp;<\/p>\n<p style=\"text-align: justify;\"><span style=\"color: #000000;\"><\/span><\/p>\n<div style=\"text-align: justify;\"><span style=\"font-size: 12pt; font-family: helvetica; color: #000000;\"><em>Klerit dhe popullit shpres\u00ebtar Orthodhoks,<\/em><\/span><\/div>\n<div style=\"text-align: justify;\"><span style=\"font-size: 12pt; font-family: helvetica; color: #000000;\"><em>Bij t\u00eb shtrenjt\u00eb m\u00eb Zotin,<\/em><\/span><\/div>\n<div style=\"text-align: justify;\">&nbsp;<\/div>\n<p style=\"text-align: justify;\"><span style=\"color: #000000;\"><\/span><\/p>\n<p style=\"text-align: right;\"><span style=\"font-size: 12pt; font-family: helvetica; color: #000000;\"><em>\u201cSi\u00e7 m\u00eb d\u00ebrgoi ati, edhe un\u00eb ju d\u00ebrgoj ju\u201d (Jn. 20:21)<\/em><\/span><\/p>\n<p style=\"text-align: justify;\"><span style=\"color: #000000;\"><\/span><\/p>\n<p style=\"text-align: justify;\"><span style=\"font-size: 12pt; font-family: helvetica; color: #000000;\">&nbsp; &nbsp;Jeta adhuruese e Orthodhoks\u00ebve kulmon n\u00eb t\u00eb kremten e t\u00ebr\u00ebndritshme t\u00eb Ngjalljes s\u00eb Krishtit. Pa Ngjalljen, predikimi i Ungjillit p\u00ebrfundon n\u00eb nj\u00eb kod t\u00eb dob\u00ebt rregullash morale. Apostull Pavli na e thekson me guxim t\u00eb madh k\u00ebt\u00eb t\u00eb v\u00ebrtet\u00eb: \u201cEdhe n\u00ebse nuk u ngjall Krishti, pa fjal\u00eb, predikimi yn\u00eb \u00ebsht\u00eb i kot\u00eb, dhe besimi juaj i kot\u00eb\u201d (1Kor. 15:14). Dinamika e mesazhit t\u00eb krishter\u00eb p\u00ebrmblidhet n\u00eb fjal\u00ebt \u201cKrishti u Ngjall\u201d. Ngjallja e Krishtit shpall fuqish\u00ebm tejkalimin e vdekjes: \u201cU varros\u00ebm pra, bashk\u00eb me t\u00eb me an\u00eb t\u00eb pag\u00ebzimit n\u00eb vdekjen, q\u00eb, si\u00e7 u ngjall Krishti prej s\u00eb vdekurish me an\u00eb t\u00eb lavdis\u00eb s\u00eb Atit, k\u00ebshtu edhe ne t\u00eb ecim n\u00eb jet\u00eb t\u00eb re\u201d (Rom. 6:4). Krishti i Ngjallur, i Cili d\u00ebrrmoi pushtetin e vdekjes, vazhdon t\u00eb shp\u00ebrb\u00ebj\u00eb \u00e7do lloj fryme frike, padrejt\u00ebsie, urrejtjeje, zhg\u00ebnjimi.<\/span><\/p>\n<p style=\"text-align: justify;\"><span style=\"font-size: 12pt; font-family: helvetica; color: #000000;\">&nbsp; &nbsp;Kisha Orthodhokse nuk synon ta imponoj\u00eb k\u00ebt\u00eb t\u00eb v\u00ebrtet\u00eb me argumentime shterp\u00eb, por e kthen n\u00eb fest\u00eb, e shijon, e jeton dhe e shpall: \u201cU ngjall Krishti prej s\u00eb vdekurish, duke zgjidhur vargonjt\u00eb e vdekjes; ungjill\u00ebzo, o dh\u00e9, gaz t\u00eb madh\u201d (sh\u00ebn Joan Damaskini). Ajo i fton shpirtrat e besimtar\u00ebve me rit\u00ebm lavd\u00ebrues q\u00eb t\u00eb rip\u00ebrt\u00ebrihen, t\u00eb lul\u00ebzojn\u00eb s\u00ebrish, t\u00eb shtojn\u00eb fuqit\u00eb e brendshme, t\u00eb intensifikojn\u00eb p\u00ebrpjekjen e tyre shpirt\u00ebrore.<\/span><\/p>\n<p style=\"text-align: justify;\"><span style=\"font-size: 12pt; font-family: helvetica; color: #000000;\">&nbsp; &nbsp;Por e kremtja nuk kufizohet vet\u00ebm n\u00eb shpalljen e lajmit, ajo shkon m\u00eb tej, drejt nj\u00eb ftese mahnit\u00ebse. Kjo ftes\u00eb u formulua nga Vet\u00eb Krishti n\u00eb takimin e par\u00eb, pas Ngjalljes, me nx\u00ebn\u00ebsit e Tij: \u201cSi\u00e7 m\u00eb d\u00ebrgoi ati, edhe un\u00eb ju d\u00ebrgoj ju\u201d (Jn. 20:21). Dit\u00ebt q\u00eb i paraprin\u00eb Ngjalljes, ishin t\u00eb mbushura me vuajtje e pasiguri dhe nx\u00ebn\u00ebsit ishin zhytur n\u00eb d\u00ebshp\u00ebrim e zhg\u00ebnjim. Me gjith\u00eb k\u00ebto, Krishti i Ngjallur nuk kufizohet vet\u00ebm n\u00eb shpalljen e fitores s\u00eb Tij mbi padrejt\u00ebsin\u00eb, urrejtjen, madje edhe mbi vet\u00eb vdekjen, por i fton ata n\u00eb di\u00e7ka unikale: t\u00eb b\u00ebhen pjes\u00ebmarr\u00ebs n\u00eb vepr\u00ebn e Tij, n\u00eb p\u00ebrpjekjen p\u00ebr sundimin e drejt\u00ebsis\u00eb, pajtimit, dinjitetit, solidaritetit.<\/span><\/p>\n<p style=\"text-align: justify;\"><span style=\"font-size: 12pt; font-family: helvetica; color: #000000;\">&nbsp; &nbsp;Kjo ftes\u00eb, nj\u00ebkoh\u00ebsisht porosi dhe premtim, u drejtohet apostujve, mbar\u00eb Kish\u00ebs. Ngjarjet shp\u00ebtimtare t\u00eb Kryqit dhe t\u00eb Ngjalljes duhet t\u00eb b\u00ebhen t\u00eb njohura n\u00eb t\u00ebr\u00eb bot\u00ebn: \u201cShkoni, pra, dhe m\u00ebsoni t\u00eb gjitha kombet\u201d (Matth. 28:19). Ky mision shum\u00ebdimensional, i \u00ebsht\u00eb ngarkuar Kish\u00ebs, Trupit Mistik t\u00eb Krishtit, gjat\u00eb gjith\u00eb shekujve. \u201cSi\u00e7 m\u00eb d\u00ebrgoi ati, edhe un\u00eb ju d\u00ebrgoj ju\u201d.<\/span><\/p>\n<p style=\"text-align: justify;\"><span style=\"font-size: 12pt; font-family: helvetica; color: #000000;\">&nbsp; &nbsp;Nga ky \u00e7ast, \u201cKisha, q\u00eb \u00ebsht\u00eb Nj\u00eb, e Shenjt\u00eb, Katholike dhe Apostolike\u201d, s\u00eb cil\u00ebs i takojm\u00eb, nuk jeton vet\u00ebm p\u00ebr vete. Gjith\u00e7ka q\u00eb ajo \u00ebsht\u00eb, q\u00eb zot\u00ebron dhe gjith\u00e7ka q\u00eb ofron, \u00ebsht\u00eb e destinuar p\u00ebr mbar\u00eb njer\u00ebzimin, p\u00ebr lart\u00ebsimin dhe rip\u00ebrt\u00ebritjen e bot\u00ebs. Kisha nuk ka t\u00eb drejt\u00eb t\u00eb b\u00ebhet nj\u00eb shoq\u00ebri fetare e mbyllur \u201cshpres\u00ebtar\u00ebsh\u201d, ku, n\u00eb m\u00ebnyr\u00eb ekskluzive, vet\u00ebm k\u00ebta i shijojn\u00eb dhuratat e Per\u00ebndis\u00eb. Ajo mbetet n\u00eb m\u00ebnyr\u00eb diakronike komuniteti eukaristik i besimtar\u00ebve t\u00eb Krishtit q\u00eb, duke rrezatuar drit\u00ebn e Tij, kremton p\u00ebrvoj\u00ebn e Ngjalljes, t\u00eb fitores mbi vdekjen. Kisha, me an\u00eb t\u00eb k\u00ebsaj t\u00eb v\u00ebrtete, i jep kuptim jet\u00ebs s\u00eb njeriut, e gjall\u00ebron dhe e transformon me liri dhe dashuri.<\/span><\/p>\n<p style=\"text-align: justify;\"><span style=\"font-size: 12pt; font-family: helvetica; color: #000000;\">&nbsp; &nbsp;T\u00eb gjitha qelizat e Trupit kishtar, t\u00eb gjith\u00eb ne besimtar\u00ebt, ftohemi t\u00eb marrim pjes\u00eb n\u00eb k\u00ebt\u00eb detyr\u00eb q\u00eb na e ka ngarkuar Per\u00ebndia, sipas mund\u00ebsive, dhuratave dhe kushteve ku jetojm\u00eb. Tradita ngjall\u00ebsore p\u00ebr t\u00eb p\u00ebr\u00e7uar flak\u00ebn e llambadhes paskale edhe te t\u00eb tjer\u00ebt, na rikujton detyr\u00ebn p\u00ebr t\u00eb ofruar t\u00eb v\u00ebrtet\u00ebn dhe shpres\u00ebn e Krishtit te njer\u00ebzit e tjer\u00eb.<\/span><\/p>\n<p style=\"text-align: justify;\"><span style=\"font-size: 12pt; font-family: helvetica; color: #000000;\">&nbsp; &nbsp;\u201cSi\u00e7 m\u00eb d\u00ebrgoi ati, edhe un\u00eb ju d\u00ebrgoj ju\u201d. Lidh\u00ebza krahasuese \u201csi\u00e7\u201d p\u00ebrcakton m\u00ebnyr\u00ebn dhe moralin e nx\u00ebn\u00ebsve t\u00eb Krishtit n\u00eb kryerjen e detyr\u00ebs son\u00eb, q\u00eb realizohet, jo me an\u00eb t\u00eb fuqis\u00eb s\u00eb pushtetit shtet\u00ebror ose ekonomik, por me fuqin\u00eb e dashuris\u00eb s\u00eb painteres, t\u00eb p\u00ebrgjegjshm\u00ebris\u00eb vigjilente, t\u00eb p\u00ebrul\u00ebsis\u00eb s\u00eb hijshme. Vazhdimi i tekstit ungjillor, na zbulon pik\u00ebrisht k\u00ebt\u00eb burim fuqie: \u201cEdhe si tha k\u00ebt\u00eb, fryu dhe u thot\u00eb atyre: Merrni Shpirtin e Shenjt\u00eb\u201d. Do t\u00eb b\u00ebheni faktor\u00eb paqeje, pajtimi dhe solidariteti, jo me an\u00eb t\u00eb fuqive tuaja, por me an\u00eb t\u00eb veprimit t\u00eb Shpirtit t\u00eb Shenjt\u00eb.<\/span><\/p>\n<p style=\"text-align: justify;\"><span style=\"color: #000000;\"><\/span><\/p>\n<p style=\"text-align: center;\"><span style=\"font-size: 12pt; font-family: helvetica; color: #000000;\"><strong>* *<\/strong><\/span><\/p>\n<p style=\"text-align: justify;\"><span style=\"color: #000000;\"><\/span><\/p>\n<p style=\"text-align: justify;\"><span style=\"font-size: 12pt; font-family: helvetica; color: #000000;\">&nbsp; &nbsp;Ve\u00e7an\u00ebrisht n\u00eb epoka t\u00eb v\u00ebshtira, si kjo e sotmja, ku d\u00ebshp\u00ebrimi i thell\u00eb dhe shqet\u00ebsimi jan\u00eb p\u00ebrhapur n\u00eb mbar\u00eb shoq\u00ebrin\u00eb dhe ku zhg\u00ebnjimi i shtyp zemrat, \u00e7do besimtar ftohet t\u00eb marr\u00eb mesazhin ngjall\u00ebsor t\u00eb g\u00ebzimit, t\u00eb dashuris\u00eb dhe t\u00eb paqes dhe ta transmetoj\u00eb tek ata q\u00eb ndodhen af\u00ebr dhe larg tij.<\/span><\/p>\n<p style=\"text-align: justify;\"><span style=\"font-size: 12pt; font-family: helvetica; color: #000000;\">&nbsp; &nbsp;\u201cEjani t\u00eb ngaz\u00ebllohemi m\u00eb Zotin, i Cili d\u00ebrrmoi pushtetin e vdekjes dhe ndri\u00e7oi gjindjen njer\u00ebzore\u201d, psal Kisha jon\u00eb.<\/span><\/p>\n<p style=\"text-align: justify;\"><span style=\"font-size: 12pt; font-family: helvetica; color: #000000;\">&nbsp; &nbsp;Ejani t\u00eb g\u00ebzojm\u00eb p\u00ebr besimin ton\u00eb n\u00eb fitoren e drejt\u00ebsis\u00eb mbi padrejt\u00ebsin\u00eb, t\u00eb s\u00eb v\u00ebrtet\u00ebs mbi g\u00ebnjeshtr\u00ebn, t\u00eb jet\u00ebs mbi vdekjen.<\/span><\/p>\n<p style=\"text-align: justify;\"><span style=\"font-size: 12pt; font-family: helvetica; color: #000000;\">&nbsp; &nbsp;Ejani t\u00eb p\u00ebrjetojm\u00eb m\u00eb thell\u00eb mesazhin e Ngjalljes s\u00eb Krishtit.<\/span><\/p>\n<p style=\"text-align: justify;\"><span style=\"font-size: 12pt; font-family: helvetica; color: #000000;\">&nbsp; &nbsp;Ejani, si gjymtyr\u00eb t\u00eb Kish\u00ebs, si qeliza t\u00eb Trupit Mistik t\u00eb Krishtit, t\u00eb marrim pjes\u00eb n\u00eb vepr\u00ebn e Tij rinovuese, n\u00eb ofrimin e dashuris\u00eb, t\u00eb optimizmit dhe frym\u00ebs krijuese n\u00eb shoq\u00ebrin\u00eb ton\u00eb.<\/span><\/p>\n<p style=\"text-align: justify;\">&nbsp;<\/p>\n<p style=\"text-align: justify;\"><span style=\"color: #000000;\"><\/span><\/p>\n<p style=\"text-align: center;\"><span style=\"font-size: 12pt; font-family: helvetica; color: #000000;\"><em>&nbsp; &nbsp;Krishti u Ngjall!<\/em><\/span><\/p>\n<p style=\"text-align: center;\">&nbsp;<\/p>\n<p style=\"text-align: justify;\"><span style=\"color: #000000;\"><\/span><\/p>\n<p style=\"text-align: center;\"><span style=\"font-size: 12pt; font-family: helvetica; color: #000000;\">Me dashuri t\u00eb t\u00ebr\u00ebshpirtshme m\u00eb Krishtin,<\/span><\/p>\n<p style=\"text-align: center;\"><span style=\"color: #000000;\"><\/span><\/p>\n<div style=\"text-align: center;\"><span style=\"font-size: 12pt; font-family: helvetica; color: #000000;\"><strong>\u2020 Anastasi<\/strong><\/span><\/div>\n<div style=\"text-align: center;\"><span style=\"font-size: 12pt; font-family: helvetica; color: #000000;\"><em>Kryepiskop i Tiran\u00ebs, Durr\u00ebsit dhe i Gjith\u00eb Shqip\u00ebris\u00eb<\/em><\/span><\/div>\n<p style=\"text-align: center;\"><span style=\"color: #000000;\"><\/span><\/p>\n<p style=\"text-align: center;\"><span style=\"font-size: 12pt; font-family: helvetica; color: #000000;\"><em>Prill 2018<\/em><\/span><\/p>\n<p style=\"text-align: center;\"><span style=\"color: #000000;\"><\/span><\/p>\n<p style=\"text-align: center;\"><img class=\"lazyload\" decoding=\"async\" style=\"display: block; margin: 10px auto; border: 2px solid #f9f7f1;\" alt=\"\" src=\"data:image\/svg+xml,%3Csvg%20xmlns%3D%27http%3A%2F%2Fwww.w3.org%2F2000%2Fsvg%27%20width%3D%27500%27%20height%3D%27312%27%20viewBox%3D%270%200%20500%20312%27%3E%3Crect%20width%3D%27500%27%20height%3D%27312%27%20fill-opacity%3D%220%22%2F%3E%3C%2Fsvg%3E\" data-orig-src=\"https:\/\/orthodoxalbania.org\/2020\/wp-content\/uploads\/2020\/04\/perintro.JPG\" height=\"312\" width=\"500\" \/><\/p>\n","protected":false},"excerpt":{"rendered":"<p>KISHA ORTHODHOKSE AUTOQEFALE E SHQIP\u00cbRIS\u00cb &nbsp; PASHK\u00cb 2018 &nbsp; \u2020 Anastasi Kryepiskop i Tiran\u00ebs, Durr\u00ebsit dhe i Gjith\u00eb Shqip\u00ebris\u00eb &nbsp; Nj\u00eb ftes\u00eb mahnit\u00ebse &nbsp; Klerit dhe popullit shpres\u00ebtar Orthodhoks, Bij t\u00eb shtrenjt\u00eb m\u00eb Zotin, &nbsp; \u201cSi\u00e7 m\u00eb d\u00ebrgoi ati, edhe un\u00eb ju d\u00ebrgoj ju\u201d (Jn. 20:21) &nbsp; &nbsp;Jeta adhuruese e Orthodhoks\u00ebve kulmon n\u00eb t\u00eb kremten e t\u00ebr\u00ebndritshme t\u00eb Ngjalljes s\u00eb Krishtit. Pa Ngjalljen, predikimi i<\/p>\n","protected":false},"author":1,"featured_media":6278,"comment_status":"open","ping_status":"open","sticky":false,"template":"","format":"standard","meta":{"_acf_changed":false,"pagelayer_contact_templates":[],"_pagelayer_content":"","inline_featured_image":false,"fifu_image_url":"","fifu_image_alt":"","footnotes":""},"categories":[108],"tags":[220,157,196,201,212,152,189],"class_list":["post-6277","post","type-post","status-publish","format-standard","has-post-thumbnail","hentry","category-lajme","tag-220","tag-kremtime","tag-tirane","tag-kryepiskopi-anastas","tag-lajme-d27","tag-mesazhet-festive-d19","tag-pashke-2014"],"acf":[],"yoast_head":"<!-- This site is optimized with the Yoast SEO plugin v27.2 - https:\/\/yoast.com\/product\/yoast-seo-wordpress\/ -->\n<title>Mesazhi i Kryepiskopit Anastas Pashk\u00eb 2018 (Tekst) - Kisha Orthodh\u03bfkse Autoqefale e Shqip\u00ebris\u00eb<\/title>\n<meta name=\"robots\" content=\"index, follow, max-snippet:-1, max-image-preview:large, max-video-preview:-1\" \/>\n<link rel=\"canonical\" href=\"https:\/\/orthodoxalbania.org\/2020\/2018\/04\/07\/mesazhi-i-kryepiskopit-anastas-pashke-2018-tekst\/\" \/>\n<meta property=\"og:locale\" content=\"en_US\" \/>\n<meta property=\"og:type\" content=\"article\" \/>\n<meta property=\"og:title\" content=\"Mesazhi i Kryepiskopit Anastas Pashk\u00eb 2018 (Tekst) - Kisha Orthodh\u03bfkse Autoqefale e Shqip\u00ebris\u00eb\" \/>\n<meta property=\"og:description\" content=\"KISHA ORTHODHOKSE AUTOQEFALE E SHQIP\u00cbRIS\u00cb &nbsp; PASHK\u00cb 2018 &nbsp; \u2020 Anastasi Kryepiskop i Tiran\u00ebs, Durr\u00ebsit dhe i Gjith\u00eb Shqip\u00ebris\u00eb &nbsp; Nj\u00eb ftes\u00eb mahnit\u00ebse &nbsp; Klerit dhe popullit shpres\u00ebtar Orthodhoks, Bij t\u00eb shtrenjt\u00eb m\u00eb Zotin, &nbsp; \u201cSi\u00e7 m\u00eb d\u00ebrgoi ati, edhe un\u00eb ju d\u00ebrgoj ju\u201d (Jn. 20:21) &nbsp; &nbsp;Jeta adhuruese e Orthodhoks\u00ebve kulmon n\u00eb t\u00eb kremten e t\u00ebr\u00ebndritshme t\u00eb Ngjalljes s\u00eb Krishtit. Pa Ngjalljen, predikimi i\" \/>\n<meta property=\"og:url\" content=\"https:\/\/orthodoxalbania.org\/2020\/2018\/04\/07\/mesazhi-i-kryepiskopit-anastas-pashke-2018-tekst\/\" \/>\n<meta property=\"og:site_name\" content=\"Kisha Orthodh\u03bfkse Autoqefale e Shqip\u00ebris\u00eb\" \/>\n<meta property=\"article:publisher\" content=\"https:\/\/www.facebook.com\/koash1991\" \/>\n<meta property=\"article:published_time\" content=\"2018-04-07T07:44:50+00:00\" \/>\n<meta property=\"article:modified_time\" content=\"2020-04-06T19:58:11+00:00\" \/>\n<meta property=\"og:image\" content=\"https:\/\/orthodoxalbania.org\/2020\/wp-content\/uploads\/2020\/04\/perintro.JPG\" \/>\n\t<meta property=\"og:image:width\" content=\"1148\" \/>\n\t<meta property=\"og:image:height\" content=\"716\" \/>\n\t<meta property=\"og:image:type\" content=\"image\/jpeg\" \/>\n<meta name=\"author\" content=\"Kisha Orthodhokse\" \/>\n<meta name=\"twitter:card\" content=\"summary_large_image\" \/>\n<meta name=\"twitter:label1\" content=\"Written by\" \/>\n\t<meta name=\"twitter:data1\" content=\"Kisha Orthodhokse\" \/>\n\t<meta name=\"twitter:label2\" content=\"Est. reading time\" \/>\n\t<meta name=\"twitter:data2\" content=\"5 minutes\" \/>\n<script type=\"application\/ld+json\" class=\"yoast-schema-graph\">{\"@context\":\"https:\/\/schema.org\",\"@graph\":[{\"@type\":\"Article\",\"@id\":\"https:\/\/orthodoxalbania.org\/2020\/2018\/04\/07\/mesazhi-i-kryepiskopit-anastas-pashke-2018-tekst\/#article\",\"isPartOf\":{\"@id\":\"https:\/\/orthodoxalbania.org\/2020\/2018\/04\/07\/mesazhi-i-kryepiskopit-anastas-pashke-2018-tekst\/\"},\"author\":{\"name\":\"Kisha Orthodhokse\",\"@id\":\"https:\/\/orthodoxalbania.org\/2020\/#\/schema\/person\/0c387634a7063ac612d7ed9ce71c7e86\"},\"headline\":\"Mesazhi i Kryepiskopit Anastas Pashk\u00eb 2018 (Tekst)\",\"datePublished\":\"2018-04-07T07:44:50+00:00\",\"dateModified\":\"2020-04-06T19:58:11+00:00\",\"mainEntityOfPage\":{\"@id\":\"https:\/\/orthodoxalbania.org\/2020\/2018\/04\/07\/mesazhi-i-kryepiskopit-anastas-pashke-2018-tekst\/\"},\"wordCount\":1042,\"commentCount\":0,\"publisher\":{\"@id\":\"https:\/\/orthodoxalbania.org\/2020\/#organization\"},\"image\":{\"@id\":\"https:\/\/orthodoxalbania.org\/2020\/2018\/04\/07\/mesazhi-i-kryepiskopit-anastas-pashke-2018-tekst\/#primaryimage\"},\"thumbnailUrl\":\"https:\/\/orthodoxalbania.org\/2020\/wp-content\/uploads\/2020\/04\/perintro.JPG\",\"keywords\":[\"2018\",\"Kremtime\",\"Kryepiskopata Tiran\u00eb\",\"Kryepiskopi Anastas\",\"lajme\",\"Mesazhet Festive\",\"Pashk\u00eb\"],\"articleSection\":[\"Lajme\"],\"inLanguage\":\"en-US\"},{\"@type\":\"WebPage\",\"@id\":\"https:\/\/orthodoxalbania.org\/2020\/2018\/04\/07\/mesazhi-i-kryepiskopit-anastas-pashke-2018-tekst\/\",\"url\":\"https:\/\/orthodoxalbania.org\/2020\/2018\/04\/07\/mesazhi-i-kryepiskopit-anastas-pashke-2018-tekst\/\",\"name\":\"Mesazhi i Kryepiskopit Anastas Pashk\u00eb 2018 (Tekst) - Kisha Orthodh\u03bfkse Autoqefale e Shqip\u00ebris\u00eb\",\"isPartOf\":{\"@id\":\"https:\/\/orthodoxalbania.org\/2020\/#website\"},\"primaryImageOfPage\":{\"@id\":\"https:\/\/orthodoxalbania.org\/2020\/2018\/04\/07\/mesazhi-i-kryepiskopit-anastas-pashke-2018-tekst\/#primaryimage\"},\"image\":{\"@id\":\"https:\/\/orthodoxalbania.org\/2020\/2018\/04\/07\/mesazhi-i-kryepiskopit-anastas-pashke-2018-tekst\/#primaryimage\"},\"thumbnailUrl\":\"https:\/\/orthodoxalbania.org\/2020\/wp-content\/uploads\/2020\/04\/perintro.JPG\",\"datePublished\":\"2018-04-07T07:44:50+00:00\",\"dateModified\":\"2020-04-06T19:58:11+00:00\",\"breadcrumb\":{\"@id\":\"https:\/\/orthodoxalbania.org\/2020\/2018\/04\/07\/mesazhi-i-kryepiskopit-anastas-pashke-2018-tekst\/#breadcrumb\"},\"inLanguage\":\"en-US\",\"potentialAction\":[{\"@type\":\"ReadAction\",\"target\":[\"https:\/\/orthodoxalbania.org\/2020\/2018\/04\/07\/mesazhi-i-kryepiskopit-anastas-pashke-2018-tekst\/\"]}]},{\"@type\":\"ImageObject\",\"inLanguage\":\"en-US\",\"@id\":\"https:\/\/orthodoxalbania.org\/2020\/2018\/04\/07\/mesazhi-i-kryepiskopit-anastas-pashke-2018-tekst\/#primaryimage\",\"url\":\"https:\/\/orthodoxalbania.org\/2020\/wp-content\/uploads\/2020\/04\/perintro.JPG\",\"contentUrl\":\"https:\/\/orthodoxalbania.org\/2020\/wp-content\/uploads\/2020\/04\/perintro.JPG\",\"width\":1148,\"height\":716},{\"@type\":\"BreadcrumbList\",\"@id\":\"https:\/\/orthodoxalbania.org\/2020\/2018\/04\/07\/mesazhi-i-kryepiskopit-anastas-pashke-2018-tekst\/#breadcrumb\",\"itemListElement\":[{\"@type\":\"ListItem\",\"position\":1,\"name\":\"Home\",\"item\":\"https:\/\/orthodoxalbania.org\/2020\/\"},{\"@type\":\"ListItem\",\"position\":2,\"name\":\"Mesazhi i Kryepiskopit Anastas Pashk\u00eb 2018 (Tekst)\"}]},{\"@type\":\"WebSite\",\"@id\":\"https:\/\/orthodoxalbania.org\/2020\/#website\",\"url\":\"https:\/\/orthodoxalbania.org\/2020\/\",\"name\":\"Kisha Orthodh\u03bfkse Autoqefale e Shqip\u00ebris\u00eb\",\"description\":\"Fqja Zyrtare e Kish\u00ebs Orthodhokse Autoqefale e Shqip\u00ebris\u00eb me lajmet edhe informacionet zyrtare p\u00ebr struktur\u00ebn edhe veprimtarin e saj.\",\"publisher\":{\"@id\":\"https:\/\/orthodoxalbania.org\/2020\/#organization\"},\"potentialAction\":[{\"@type\":\"SearchAction\",\"target\":{\"@type\":\"EntryPoint\",\"urlTemplate\":\"https:\/\/orthodoxalbania.org\/2020\/?s={search_term_string}\"},\"query-input\":{\"@type\":\"PropertyValueSpecification\",\"valueRequired\":true,\"valueName\":\"search_term_string\"}}],\"inLanguage\":\"en-US\"},{\"@type\":\"Organization\",\"@id\":\"https:\/\/orthodoxalbania.org\/2020\/#organization\",\"name\":\"Kisha Orthodhokse Autoqefale e Shqip\u00ebris\u00eb\",\"url\":\"https:\/\/orthodoxalbania.org\/2020\/\",\"logo\":{\"@type\":\"ImageObject\",\"inLanguage\":\"en-US\",\"@id\":\"https:\/\/orthodoxalbania.org\/2020\/#\/schema\/logo\/image\/\",\"url\":\"https:\/\/orthodoxalbania.org\/2020\/wp-content\/uploads\/2020\/05\/albania.jpeg\",\"contentUrl\":\"https:\/\/orthodoxalbania.org\/2020\/wp-content\/uploads\/2020\/05\/albania.jpeg\",\"width\":540,\"height\":540,\"caption\":\"Kisha Orthodhokse Autoqefale e Shqip\u00ebris\u00eb\"},\"image\":{\"@id\":\"https:\/\/orthodoxalbania.org\/2020\/#\/schema\/logo\/image\/\"},\"sameAs\":[\"https:\/\/www.facebook.com\/koash1991\"]},{\"@type\":\"Person\",\"@id\":\"https:\/\/orthodoxalbania.org\/2020\/#\/schema\/person\/0c387634a7063ac612d7ed9ce71c7e86\",\"name\":\"Kisha Orthodhokse\",\"image\":{\"@type\":\"ImageObject\",\"inLanguage\":\"en-US\",\"@id\":\"https:\/\/secure.gravatar.com\/avatar\/596e7c417251e30f2fbb9c00e026fce61a695a00e51c889caded71c96cbbdde5?s=96&d=mm&r=g\",\"url\":\"https:\/\/secure.gravatar.com\/avatar\/596e7c417251e30f2fbb9c00e026fce61a695a00e51c889caded71c96cbbdde5?s=96&d=mm&r=g\",\"contentUrl\":\"https:\/\/secure.gravatar.com\/avatar\/596e7c417251e30f2fbb9c00e026fce61a695a00e51c889caded71c96cbbdde5?s=96&d=mm&r=g\",\"caption\":\"Kisha Orthodhokse\"}}]}<\/script>\n<!-- \/ Yoast SEO plugin. -->","yoast_head_json":{"title":"Mesazhi i Kryepiskopit Anastas Pashk\u00eb 2018 (Tekst) - Kisha Orthodh\u03bfkse Autoqefale e Shqip\u00ebris\u00eb","robots":{"index":"index","follow":"follow","max-snippet":"max-snippet:-1","max-image-preview":"max-image-preview:large","max-video-preview":"max-video-preview:-1"},"canonical":"https:\/\/orthodoxalbania.org\/2020\/2018\/04\/07\/mesazhi-i-kryepiskopit-anastas-pashke-2018-tekst\/","og_locale":"en_US","og_type":"article","og_title":"Mesazhi i Kryepiskopit Anastas Pashk\u00eb 2018 (Tekst) - Kisha Orthodh\u03bfkse Autoqefale e Shqip\u00ebris\u00eb","og_description":"KISHA ORTHODHOKSE AUTOQEFALE E SHQIP\u00cbRIS\u00cb &nbsp; PASHK\u00cb 2018 &nbsp; \u2020 Anastasi Kryepiskop i Tiran\u00ebs, Durr\u00ebsit dhe i Gjith\u00eb Shqip\u00ebris\u00eb &nbsp; Nj\u00eb ftes\u00eb mahnit\u00ebse &nbsp; Klerit dhe popullit shpres\u00ebtar Orthodhoks, Bij t\u00eb shtrenjt\u00eb m\u00eb Zotin, &nbsp; \u201cSi\u00e7 m\u00eb d\u00ebrgoi ati, edhe un\u00eb ju d\u00ebrgoj ju\u201d (Jn. 20:21) &nbsp; &nbsp;Jeta adhuruese e Orthodhoks\u00ebve kulmon n\u00eb t\u00eb kremten e t\u00ebr\u00ebndritshme t\u00eb Ngjalljes s\u00eb Krishtit. Pa Ngjalljen, predikimi i","og_url":"https:\/\/orthodoxalbania.org\/2020\/2018\/04\/07\/mesazhi-i-kryepiskopit-anastas-pashke-2018-tekst\/","og_site_name":"Kisha Orthodh\u03bfkse Autoqefale e Shqip\u00ebris\u00eb","article_publisher":"https:\/\/www.facebook.com\/koash1991","article_published_time":"2018-04-07T07:44:50+00:00","article_modified_time":"2020-04-06T19:58:11+00:00","og_image":[{"width":1148,"height":716,"url":"https:\/\/orthodoxalbania.org\/2020\/wp-content\/uploads\/2020\/04\/perintro.JPG","type":"image\/jpeg"}],"author":"Kisha Orthodhokse","twitter_card":"summary_large_image","twitter_misc":{"Written by":"Kisha Orthodhokse","Est. reading time":"5 minutes"},"schema":{"@context":"https:\/\/schema.org","@graph":[{"@type":"Article","@id":"https:\/\/orthodoxalbania.org\/2020\/2018\/04\/07\/mesazhi-i-kryepiskopit-anastas-pashke-2018-tekst\/#article","isPartOf":{"@id":"https:\/\/orthodoxalbania.org\/2020\/2018\/04\/07\/mesazhi-i-kryepiskopit-anastas-pashke-2018-tekst\/"},"author":{"name":"Kisha Orthodhokse","@id":"https:\/\/orthodoxalbania.org\/2020\/#\/schema\/person\/0c387634a7063ac612d7ed9ce71c7e86"},"headline":"Mesazhi i Kryepiskopit Anastas Pashk\u00eb 2018 (Tekst)","datePublished":"2018-04-07T07:44:50+00:00","dateModified":"2020-04-06T19:58:11+00:00","mainEntityOfPage":{"@id":"https:\/\/orthodoxalbania.org\/2020\/2018\/04\/07\/mesazhi-i-kryepiskopit-anastas-pashke-2018-tekst\/"},"wordCount":1042,"commentCount":0,"publisher":{"@id":"https:\/\/orthodoxalbania.org\/2020\/#organization"},"image":{"@id":"https:\/\/orthodoxalbania.org\/2020\/2018\/04\/07\/mesazhi-i-kryepiskopit-anastas-pashke-2018-tekst\/#primaryimage"},"thumbnailUrl":"https:\/\/orthodoxalbania.org\/2020\/wp-content\/uploads\/2020\/04\/perintro.JPG","keywords":["2018","Kremtime","Kryepiskopata Tiran\u00eb","Kryepiskopi Anastas","lajme","Mesazhet Festive","Pashk\u00eb"],"articleSection":["Lajme"],"inLanguage":"en-US"},{"@type":"WebPage","@id":"https:\/\/orthodoxalbania.org\/2020\/2018\/04\/07\/mesazhi-i-kryepiskopit-anastas-pashke-2018-tekst\/","url":"https:\/\/orthodoxalbania.org\/2020\/2018\/04\/07\/mesazhi-i-kryepiskopit-anastas-pashke-2018-tekst\/","name":"Mesazhi i Kryepiskopit Anastas Pashk\u00eb 2018 (Tekst) - Kisha Orthodh\u03bfkse Autoqefale e Shqip\u00ebris\u00eb","isPartOf":{"@id":"https:\/\/orthodoxalbania.org\/2020\/#website"},"primaryImageOfPage":{"@id":"https:\/\/orthodoxalbania.org\/2020\/2018\/04\/07\/mesazhi-i-kryepiskopit-anastas-pashke-2018-tekst\/#primaryimage"},"image":{"@id":"https:\/\/orthodoxalbania.org\/2020\/2018\/04\/07\/mesazhi-i-kryepiskopit-anastas-pashke-2018-tekst\/#primaryimage"},"thumbnailUrl":"https:\/\/orthodoxalbania.org\/2020\/wp-content\/uploads\/2020\/04\/perintro.JPG","datePublished":"2018-04-07T07:44:50+00:00","dateModified":"2020-04-06T19:58:11+00:00","breadcrumb":{"@id":"https:\/\/orthodoxalbania.org\/2020\/2018\/04\/07\/mesazhi-i-kryepiskopit-anastas-pashke-2018-tekst\/#breadcrumb"},"inLanguage":"en-US","potentialAction":[{"@type":"ReadAction","target":["https:\/\/orthodoxalbania.org\/2020\/2018\/04\/07\/mesazhi-i-kryepiskopit-anastas-pashke-2018-tekst\/"]}]},{"@type":"ImageObject","inLanguage":"en-US","@id":"https:\/\/orthodoxalbania.org\/2020\/2018\/04\/07\/mesazhi-i-kryepiskopit-anastas-pashke-2018-tekst\/#primaryimage","url":"https:\/\/orthodoxalbania.org\/2020\/wp-content\/uploads\/2020\/04\/perintro.JPG","contentUrl":"https:\/\/orthodoxalbania.org\/2020\/wp-content\/uploads\/2020\/04\/perintro.JPG","width":1148,"height":716},{"@type":"BreadcrumbList","@id":"https:\/\/orthodoxalbania.org\/2020\/2018\/04\/07\/mesazhi-i-kryepiskopit-anastas-pashke-2018-tekst\/#breadcrumb","itemListElement":[{"@type":"ListItem","position":1,"name":"Home","item":"https:\/\/orthodoxalbania.org\/2020\/"},{"@type":"ListItem","position":2,"name":"Mesazhi i Kryepiskopit Anastas Pashk\u00eb 2018 (Tekst)"}]},{"@type":"WebSite","@id":"https:\/\/orthodoxalbania.org\/2020\/#website","url":"https:\/\/orthodoxalbania.org\/2020\/","name":"Kisha Orthodh\u03bfkse Autoqefale e Shqip\u00ebris\u00eb","description":"Fqja Zyrtare e Kish\u00ebs Orthodhokse Autoqefale e Shqip\u00ebris\u00eb me lajmet edhe informacionet zyrtare p\u00ebr struktur\u00ebn edhe veprimtarin e saj.","publisher":{"@id":"https:\/\/orthodoxalbania.org\/2020\/#organization"},"potentialAction":[{"@type":"SearchAction","target":{"@type":"EntryPoint","urlTemplate":"https:\/\/orthodoxalbania.org\/2020\/?s={search_term_string}"},"query-input":{"@type":"PropertyValueSpecification","valueRequired":true,"valueName":"search_term_string"}}],"inLanguage":"en-US"},{"@type":"Organization","@id":"https:\/\/orthodoxalbania.org\/2020\/#organization","name":"Kisha Orthodhokse Autoqefale e Shqip\u00ebris\u00eb","url":"https:\/\/orthodoxalbania.org\/2020\/","logo":{"@type":"ImageObject","inLanguage":"en-US","@id":"https:\/\/orthodoxalbania.org\/2020\/#\/schema\/logo\/image\/","url":"https:\/\/orthodoxalbania.org\/2020\/wp-content\/uploads\/2020\/05\/albania.jpeg","contentUrl":"https:\/\/orthodoxalbania.org\/2020\/wp-content\/uploads\/2020\/05\/albania.jpeg","width":540,"height":540,"caption":"Kisha Orthodhokse Autoqefale e Shqip\u00ebris\u00eb"},"image":{"@id":"https:\/\/orthodoxalbania.org\/2020\/#\/schema\/logo\/image\/"},"sameAs":["https:\/\/www.facebook.com\/koash1991"]},{"@type":"Person","@id":"https:\/\/orthodoxalbania.org\/2020\/#\/schema\/person\/0c387634a7063ac612d7ed9ce71c7e86","name":"Kisha Orthodhokse","image":{"@type":"ImageObject","inLanguage":"en-US","@id":"https:\/\/secure.gravatar.com\/avatar\/596e7c417251e30f2fbb9c00e026fce61a695a00e51c889caded71c96cbbdde5?s=96&d=mm&r=g","url":"https:\/\/secure.gravatar.com\/avatar\/596e7c417251e30f2fbb9c00e026fce61a695a00e51c889caded71c96cbbdde5?s=96&d=mm&r=g","contentUrl":"https:\/\/secure.gravatar.com\/avatar\/596e7c417251e30f2fbb9c00e026fce61a695a00e51c889caded71c96cbbdde5?s=96&d=mm&r=g","caption":"Kisha Orthodhokse"}}]}},"_links":{"self":[{"href":"https:\/\/orthodoxalbania.org\/2020\/wp-json\/wp\/v2\/posts\/6277","targetHints":{"allow":["GET"]}}],"collection":[{"href":"https:\/\/orthodoxalbania.org\/2020\/wp-json\/wp\/v2\/posts"}],"about":[{"href":"https:\/\/orthodoxalbania.org\/2020\/wp-json\/wp\/v2\/types\/post"}],"author":[{"embeddable":true,"href":"https:\/\/orthodoxalbania.org\/2020\/wp-json\/wp\/v2\/users\/1"}],"replies":[{"embeddable":true,"href":"https:\/\/orthodoxalbania.org\/2020\/wp-json\/wp\/v2\/comments?post=6277"}],"version-history":[{"count":1,"href":"https:\/\/orthodoxalbania.org\/2020\/wp-json\/wp\/v2\/posts\/6277\/revisions"}],"predecessor-version":[{"id":14798,"href":"https:\/\/orthodoxalbania.org\/2020\/wp-json\/wp\/v2\/posts\/6277\/revisions\/14798"}],"wp:featuredmedia":[{"embeddable":true,"href":"https:\/\/orthodoxalbania.org\/2020\/wp-json\/wp\/v2\/media\/6278"}],"wp:attachment":[{"href":"https:\/\/orthodoxalbania.org\/2020\/wp-json\/wp\/v2\/media?parent=6277"}],"wp:term":[{"taxonomy":"category","embeddable":true,"href":"https:\/\/orthodoxalbania.org\/2020\/wp-json\/wp\/v2\/categories?post=6277"},{"taxonomy":"post_tag","embeddable":true,"href":"https:\/\/orthodoxalbania.org\/2020\/wp-json\/wp\/v2\/tags?post=6277"}],"curies":[{"name":"wp","href":"https:\/\/api.w.org\/{rel}","templated":true}]}}