{"id":625,"date":"2013-03-21T12:51:08","date_gmt":"2013-03-21T12:51:08","guid":{"rendered":""},"modified":"2020-04-13T00:30:51","modified_gmt":"2020-04-12T22:30:51","slug":"holy-metropolis-of-korca-offical-statement-about-the-dr","status":"publish","type":"post","link":"https:\/\/orthodoxalbania.org\/2020\/en\/2013\/03\/21\/holy-metropolis-of-korca-offical-statement-about-the-dr\/","title":{"rendered":"Holy Metropolis of Kor\u00e7a &#8211; Offical statement about the drama &#8220;ST. Mary OF BERAT OF MR. NAMIK DOKLE. (January 2013)"},"content":{"rendered":"<div style=\"text-align: center;\">\n\t<span style=\"font-family: tahoma,geneva,sans-serif;\"><span style=\"font-size: 12px;\"><span style=\"color: #000000;\"><img decoding=\"async\" alt=\"\" class=\"lazyload HAa Eha\" src=\"data:image\/gif;base64,R0lGODlhAQABAAAAACH5BAEKAAEALAAAAAABAAEAAAICTAEAOw==\" data-orig-src=\"https:\/\/lh5.googleusercontent.com\/-O47E-BmiLmY\/VAbJgqtPJFI\/AAAAAAAACxk\/yRlEW5ZYT8Y\/w300-h171-no\/joani-300x171.jpg\" style=\"height: 143px; width: 250px; border-width: 1px; border-style: solid; margin: 10px; float: left;\" \/><\/span><span style=\"color: #b22222;\"><strong>OFFICIAL STATEMENT ABOUT THE DRAMA &#8220;ST. MARY OF BERAT\u201d OF MR. NAMIK DOKLE<\/strong><br \/>\n\t<\/span><\/span><\/span><\/div>\n<div style=\"text-align: justify;\">\n\t&nbsp;<\/div>\n<div style=\"text-align: justify;\">\n\t<span style=\"color: #000000;\"><span style=\"font-family: tahoma,geneva,sans-serif;\"><span style=\"font-size: 12px;\">&nbsp;&nbsp;&nbsp; We have been closely following the indignation of the Orthodox believers of Kor\u00e7a, and we convey also our concern about the drama &#8220;St. Mary of Berat.&#8221; For the Orthodox community this is derogatory and insulting, because when is denigrated the honored Orthodox clergy, is denigrated the entire community.<\/span><\/span><\/span><\/div>\n<div style=\"text-align: justify;\">\n\t<br \/>\n\t<span style=\"color: #000000;\"><span style=\"font-family: tahoma,geneva,sans-serif;\"><span style=\"font-size: 12px;\">&nbsp;&nbsp;&nbsp; The Religious Communities in Albania have suffered insults, discrimination and persecution from the atheistic regime of the past century. So we&#8217;re concerned that this treatment continues in the same way today.<\/span><\/span><\/span><\/div>\n<div style=\"text-align: justify;\">\n\t<br \/>\n\t<span style=\"color: #000000;\"><span style=\"font-family: tahoma,geneva,sans-serif;\"><span style=\"font-size: 12px;\">&nbsp;&nbsp;&nbsp; Has time now that the orthodox faith is being attacked everywhere in different ways. Such actions promote the reaction of every believer, as well as affecting the maintenance of the religious harmony and coexistence, as a value that characterizes our society. At the time when we try to build bridges of cooperation and understanding, the insulting propaganda divides and gives rise to suspicion and mistrust.<\/span><\/span><\/span><\/div>\n<div style=\"text-align: justify;\">\n\t<br \/>\n\t<span style=\"color: #000000;\"><span style=\"font-family: tahoma,geneva,sans-serif;\"><span style=\"font-size: 12px;\">&nbsp;&nbsp;&nbsp; Through this statement, we protest against these phenomena and address citizens&#8217; opinions of Kor\u00e7a and beyond, that such actions affecting the various religious communities, intentional or not, do not serve the interests of the city, for the religious coexistence and progress of the Albanian society.<\/span><\/span><\/span><\/div>\n<div style=\"text-align: justify;\">\n\t<br \/>\n\t<span style=\"color: #000000;\"><span style=\"font-family: tahoma,geneva,sans-serif;\"><span style=\"font-size: 12px;\">&nbsp;&nbsp;&nbsp; We see this protest also as a moral obligation to our ancestors, that with many sacrifices kept intact for centuries the Orthodox faith and moral. And furthermore the Orthodox Church is one of the soundest parts of our society, with a major contribution to the preservation of human values and in helping all people in need.<\/span><\/span><\/span><br \/>\n\t&nbsp;<\/div>\n","protected":false},"excerpt":{"rendered":"<p>OFFICIAL STATEMENT ABOUT THE DRAMA &#8220;ST. MARY OF BERAT\u201d OF MR. NAMIK DOKLE &nbsp; &nbsp;&nbsp;&nbsp; We have been closely following the indignation of the Orthodox believers of Kor\u00e7a, and we convey also our concern about the drama &#8220;St. Mary of Berat.&#8221; For the Orthodox community this is derogatory and insulting, because when is denigrated the honored Orthodox clergy, is denigrated the entire community. &nbsp;&nbsp;&nbsp; The<\/p>\n","protected":false},"author":7,"featured_media":0,"comment_status":"open","ping_status":"open","sticky":false,"template":"","format":"standard","meta":{"_acf_changed":false,"pagelayer_contact_templates":[],"_pagelayer_content":"","inline_featured_image":false,"fifu_image_url":"","fifu_image_alt":"","footnotes":""},"categories":[1455,311],"tags":[1141,1233,1860],"class_list":["post-625","post","type-post","status-publish","format-standard","hentry","category-news-en","category-news-d25","tag-2013-en","tag-declarations-official-announcements","tag-pergjigje-ndaj-akuzave-en"],"acf":[],"yoast_head":"<!-- This site is optimized with the Yoast SEO plugin v27.2 - https:\/\/yoast.com\/product\/yoast-seo-wordpress\/ -->\n<title>Holy Metropolis of Kor\u00e7a - Offical statement about the drama &quot;ST. Mary OF BERAT OF MR. NAMIK DOKLE. (January 2013) - Kisha Orthodh\u03bfkse Autoqefale e Shqip\u00ebris\u00eb<\/title>\n<meta name=\"robots\" content=\"index, follow, max-snippet:-1, max-image-preview:large, max-video-preview:-1\" \/>\n<link rel=\"canonical\" href=\"https:\/\/orthodoxalbania.org\/2020\/en\/2013\/03\/21\/holy-metropolis-of-korca-offical-statement-about-the-dr\/\" \/>\n<meta property=\"og:locale\" content=\"en_US\" \/>\n<meta property=\"og:type\" content=\"article\" \/>\n<meta property=\"og:title\" content=\"Holy Metropolis of Kor\u00e7a - Offical statement about the drama &quot;ST. Mary OF BERAT OF MR. NAMIK DOKLE. (January 2013) - Kisha Orthodh\u03bfkse Autoqefale e Shqip\u00ebris\u00eb\" \/>\n<meta property=\"og:description\" content=\"OFFICIAL STATEMENT ABOUT THE DRAMA &#8220;ST. MARY OF BERAT\u201d OF MR. NAMIK DOKLE &nbsp; &nbsp;&nbsp;&nbsp; We have been closely following the indignation of the Orthodox believers of Kor\u00e7a, and we convey also our concern about the drama &#8220;St. Mary of Berat.&#8221; For the Orthodox community this is derogatory and insulting, because when is denigrated the honored Orthodox clergy, is denigrated the entire community. &nbsp;&nbsp;&nbsp; The\" \/>\n<meta property=\"og:url\" content=\"https:\/\/orthodoxalbania.org\/2020\/en\/2013\/03\/21\/holy-metropolis-of-korca-offical-statement-about-the-dr\/\" \/>\n<meta property=\"og:site_name\" content=\"Kisha Orthodh\u03bfkse Autoqefale e Shqip\u00ebris\u00eb\" \/>\n<meta property=\"article:publisher\" content=\"https:\/\/www.facebook.com\/koash1991\" \/>\n<meta property=\"article:published_time\" content=\"2013-03-21T12:51:08+00:00\" \/>\n<meta property=\"article:modified_time\" content=\"2020-04-12T22:30:51+00:00\" \/>\n<meta property=\"og:image\" content=\"https:\/\/lh5.googleusercontent.com\/-O47E-BmiLmY\/VAbJgqtPJFI\/AAAAAAAACxk\/yRlEW5ZYT8Y\/w300-h171-no\/joani-300x171.jpg\" \/>\n<meta name=\"author\" content=\"Kisha Orthodhokse\" \/>\n<meta name=\"twitter:card\" content=\"summary_large_image\" \/>\n<meta name=\"twitter:label1\" content=\"Written by\" \/>\n\t<meta name=\"twitter:data1\" content=\"Kisha Orthodhokse\" \/>\n\t<meta name=\"twitter:label2\" content=\"Est. reading time\" \/>\n\t<meta name=\"twitter:data2\" content=\"1 minute\" \/>\n<script type=\"application\/ld+json\" class=\"yoast-schema-graph\">{\"@context\":\"https:\/\/schema.org\",\"@graph\":[{\"@type\":\"Article\",\"@id\":\"https:\/\/orthodoxalbania.org\/2020\/en\/2013\/03\/21\/holy-metropolis-of-korca-offical-statement-about-the-dr\/#article\",\"isPartOf\":{\"@id\":\"https:\/\/orthodoxalbania.org\/2020\/en\/2013\/03\/21\/holy-metropolis-of-korca-offical-statement-about-the-dr\/\"},\"author\":{\"name\":\"Kisha Orthodhokse\",\"@id\":\"https:\/\/orthodoxalbania.org\/2020\/#\/schema\/person\/df745f942b70e045b3dc05a30211f0de\"},\"headline\":\"Holy Metropolis of Kor\u00e7a &#8211; Offical statement about the drama &#8220;ST. Mary OF BERAT OF MR. NAMIK DOKLE. (January 2013)\",\"datePublished\":\"2013-03-21T12:51:08+00:00\",\"dateModified\":\"2020-04-12T22:30:51+00:00\",\"mainEntityOfPage\":{\"@id\":\"https:\/\/orthodoxalbania.org\/2020\/en\/2013\/03\/21\/holy-metropolis-of-korca-offical-statement-about-the-dr\/\"},\"wordCount\":297,\"commentCount\":0,\"publisher\":{\"@id\":\"https:\/\/orthodoxalbania.org\/2020\/#organization\"},\"image\":{\"@id\":\"https:\/\/orthodoxalbania.org\/2020\/en\/2013\/03\/21\/holy-metropolis-of-korca-offical-statement-about-the-dr\/#primaryimage\"},\"thumbnailUrl\":\"https:\/\/lh5.googleusercontent.com\/-O47E-BmiLmY\/VAbJgqtPJFI\/AAAAAAAACxk\/yRlEW5ZYT8Y\/w300-h171-no\/joani-300x171.jpg\",\"keywords\":[\"2013\",\"Declarations - Official Announcements\",\"P\u00ebrgjigje ndaj akuzave\"],\"articleSection\":[\"News - \u0395\u039d\",\"News old page\"],\"inLanguage\":\"en-US\"},{\"@type\":\"WebPage\",\"@id\":\"https:\/\/orthodoxalbania.org\/2020\/en\/2013\/03\/21\/holy-metropolis-of-korca-offical-statement-about-the-dr\/\",\"url\":\"https:\/\/orthodoxalbania.org\/2020\/en\/2013\/03\/21\/holy-metropolis-of-korca-offical-statement-about-the-dr\/\",\"name\":\"Holy Metropolis of Kor\u00e7a - Offical statement about the drama \\\"ST. Mary OF BERAT OF MR. NAMIK DOKLE. (January 2013) - Kisha Orthodh\u03bfkse Autoqefale e Shqip\u00ebris\u00eb\",\"isPartOf\":{\"@id\":\"https:\/\/orthodoxalbania.org\/2020\/#website\"},\"primaryImageOfPage\":{\"@id\":\"https:\/\/orthodoxalbania.org\/2020\/en\/2013\/03\/21\/holy-metropolis-of-korca-offical-statement-about-the-dr\/#primaryimage\"},\"image\":{\"@id\":\"https:\/\/orthodoxalbania.org\/2020\/en\/2013\/03\/21\/holy-metropolis-of-korca-offical-statement-about-the-dr\/#primaryimage\"},\"thumbnailUrl\":\"https:\/\/lh5.googleusercontent.com\/-O47E-BmiLmY\/VAbJgqtPJFI\/AAAAAAAACxk\/yRlEW5ZYT8Y\/w300-h171-no\/joani-300x171.jpg\",\"datePublished\":\"2013-03-21T12:51:08+00:00\",\"dateModified\":\"2020-04-12T22:30:51+00:00\",\"breadcrumb\":{\"@id\":\"https:\/\/orthodoxalbania.org\/2020\/en\/2013\/03\/21\/holy-metropolis-of-korca-offical-statement-about-the-dr\/#breadcrumb\"},\"inLanguage\":\"en-US\",\"potentialAction\":[{\"@type\":\"ReadAction\",\"target\":[\"https:\/\/orthodoxalbania.org\/2020\/en\/2013\/03\/21\/holy-metropolis-of-korca-offical-statement-about-the-dr\/\"]}]},{\"@type\":\"ImageObject\",\"inLanguage\":\"en-US\",\"@id\":\"https:\/\/orthodoxalbania.org\/2020\/en\/2013\/03\/21\/holy-metropolis-of-korca-offical-statement-about-the-dr\/#primaryimage\",\"url\":\"https:\/\/lh5.googleusercontent.com\/-O47E-BmiLmY\/VAbJgqtPJFI\/AAAAAAAACxk\/yRlEW5ZYT8Y\/w300-h171-no\/joani-300x171.jpg\",\"contentUrl\":\"https:\/\/lh5.googleusercontent.com\/-O47E-BmiLmY\/VAbJgqtPJFI\/AAAAAAAACxk\/yRlEW5ZYT8Y\/w300-h171-no\/joani-300x171.jpg\"},{\"@type\":\"BreadcrumbList\",\"@id\":\"https:\/\/orthodoxalbania.org\/2020\/en\/2013\/03\/21\/holy-metropolis-of-korca-offical-statement-about-the-dr\/#breadcrumb\",\"itemListElement\":[{\"@type\":\"ListItem\",\"position\":1,\"name\":\"Home\",\"item\":\"https:\/\/orthodoxalbania.org\/2020\/\"},{\"@type\":\"ListItem\",\"position\":2,\"name\":\"Holy Metropolis of Kor\u00e7a &#8211; Offical statement about the drama &#8220;ST. Mary OF BERAT OF MR. NAMIK DOKLE. (January 2013)\"}]},{\"@type\":\"WebSite\",\"@id\":\"https:\/\/orthodoxalbania.org\/2020\/#website\",\"url\":\"https:\/\/orthodoxalbania.org\/2020\/\",\"name\":\"Kisha Orthodh\u03bfkse Autoqefale e Shqip\u00ebris\u00eb\",\"description\":\"Fqja Zyrtare e Kish\u00ebs Orthodhokse Autoqefale e Shqip\u00ebris\u00eb me lajmet edhe informacionet zyrtare p\u00ebr struktur\u00ebn edhe veprimtarin e saj.\",\"publisher\":{\"@id\":\"https:\/\/orthodoxalbania.org\/2020\/#organization\"},\"potentialAction\":[{\"@type\":\"SearchAction\",\"target\":{\"@type\":\"EntryPoint\",\"urlTemplate\":\"https:\/\/orthodoxalbania.org\/2020\/?s={search_term_string}\"},\"query-input\":{\"@type\":\"PropertyValueSpecification\",\"valueRequired\":true,\"valueName\":\"search_term_string\"}}],\"inLanguage\":\"en-US\"},{\"@type\":\"Organization\",\"@id\":\"https:\/\/orthodoxalbania.org\/2020\/#organization\",\"name\":\"Kisha Orthodhokse Autoqefale e Shqip\u00ebris\u00eb\",\"url\":\"https:\/\/orthodoxalbania.org\/2020\/\",\"logo\":{\"@type\":\"ImageObject\",\"inLanguage\":\"en-US\",\"@id\":\"https:\/\/orthodoxalbania.org\/2020\/#\/schema\/logo\/image\/\",\"url\":\"https:\/\/orthodoxalbania.org\/2020\/wp-content\/uploads\/2020\/05\/albania.jpeg\",\"contentUrl\":\"https:\/\/orthodoxalbania.org\/2020\/wp-content\/uploads\/2020\/05\/albania.jpeg\",\"width\":540,\"height\":540,\"caption\":\"Kisha Orthodhokse Autoqefale e Shqip\u00ebris\u00eb\"},\"image\":{\"@id\":\"https:\/\/orthodoxalbania.org\/2020\/#\/schema\/logo\/image\/\"},\"sameAs\":[\"https:\/\/www.facebook.com\/koash1991\"]},{\"@type\":\"Person\",\"@id\":\"https:\/\/orthodoxalbania.org\/2020\/#\/schema\/person\/df745f942b70e045b3dc05a30211f0de\",\"name\":\"Kisha Orthodhokse\",\"image\":{\"@type\":\"ImageObject\",\"inLanguage\":\"en-US\",\"@id\":\"https:\/\/secure.gravatar.com\/avatar\/2676eb8d97178435c9f691a7871595a1da6c33542dec218bce40885573150e28?s=96&d=mm&r=g\",\"url\":\"https:\/\/secure.gravatar.com\/avatar\/2676eb8d97178435c9f691a7871595a1da6c33542dec218bce40885573150e28?s=96&d=mm&r=g\",\"contentUrl\":\"https:\/\/secure.gravatar.com\/avatar\/2676eb8d97178435c9f691a7871595a1da6c33542dec218bce40885573150e28?s=96&d=mm&r=g\",\"caption\":\"Kisha Orthodhokse\"}}]}<\/script>\n<!-- \/ Yoast SEO plugin. -->","yoast_head_json":{"title":"Holy Metropolis of Kor\u00e7a - Offical statement about the drama \"ST. Mary OF BERAT OF MR. NAMIK DOKLE. (January 2013) - Kisha Orthodh\u03bfkse Autoqefale e Shqip\u00ebris\u00eb","robots":{"index":"index","follow":"follow","max-snippet":"max-snippet:-1","max-image-preview":"max-image-preview:large","max-video-preview":"max-video-preview:-1"},"canonical":"https:\/\/orthodoxalbania.org\/2020\/en\/2013\/03\/21\/holy-metropolis-of-korca-offical-statement-about-the-dr\/","og_locale":"en_US","og_type":"article","og_title":"Holy Metropolis of Kor\u00e7a - Offical statement about the drama \"ST. Mary OF BERAT OF MR. NAMIK DOKLE. (January 2013) - Kisha Orthodh\u03bfkse Autoqefale e Shqip\u00ebris\u00eb","og_description":"OFFICIAL STATEMENT ABOUT THE DRAMA &#8220;ST. MARY OF BERAT\u201d OF MR. NAMIK DOKLE &nbsp; &nbsp;&nbsp;&nbsp; We have been closely following the indignation of the Orthodox believers of Kor\u00e7a, and we convey also our concern about the drama &#8220;St. Mary of Berat.&#8221; For the Orthodox community this is derogatory and insulting, because when is denigrated the honored Orthodox clergy, is denigrated the entire community. &nbsp;&nbsp;&nbsp; The","og_url":"https:\/\/orthodoxalbania.org\/2020\/en\/2013\/03\/21\/holy-metropolis-of-korca-offical-statement-about-the-dr\/","og_site_name":"Kisha Orthodh\u03bfkse Autoqefale e Shqip\u00ebris\u00eb","article_publisher":"https:\/\/www.facebook.com\/koash1991","article_published_time":"2013-03-21T12:51:08+00:00","article_modified_time":"2020-04-12T22:30:51+00:00","og_image":[{"url":"https:\/\/lh5.googleusercontent.com\/-O47E-BmiLmY\/VAbJgqtPJFI\/AAAAAAAACxk\/yRlEW5ZYT8Y\/w300-h171-no\/joani-300x171.jpg","type":"","width":"","height":""}],"author":"Kisha Orthodhokse","twitter_card":"summary_large_image","twitter_misc":{"Written by":"Kisha Orthodhokse","Est. reading time":"1 minute"},"schema":{"@context":"https:\/\/schema.org","@graph":[{"@type":"Article","@id":"https:\/\/orthodoxalbania.org\/2020\/en\/2013\/03\/21\/holy-metropolis-of-korca-offical-statement-about-the-dr\/#article","isPartOf":{"@id":"https:\/\/orthodoxalbania.org\/2020\/en\/2013\/03\/21\/holy-metropolis-of-korca-offical-statement-about-the-dr\/"},"author":{"name":"Kisha Orthodhokse","@id":"https:\/\/orthodoxalbania.org\/2020\/#\/schema\/person\/df745f942b70e045b3dc05a30211f0de"},"headline":"Holy Metropolis of Kor\u00e7a &#8211; Offical statement about the drama &#8220;ST. Mary OF BERAT OF MR. NAMIK DOKLE. (January 2013)","datePublished":"2013-03-21T12:51:08+00:00","dateModified":"2020-04-12T22:30:51+00:00","mainEntityOfPage":{"@id":"https:\/\/orthodoxalbania.org\/2020\/en\/2013\/03\/21\/holy-metropolis-of-korca-offical-statement-about-the-dr\/"},"wordCount":297,"commentCount":0,"publisher":{"@id":"https:\/\/orthodoxalbania.org\/2020\/#organization"},"image":{"@id":"https:\/\/orthodoxalbania.org\/2020\/en\/2013\/03\/21\/holy-metropolis-of-korca-offical-statement-about-the-dr\/#primaryimage"},"thumbnailUrl":"https:\/\/lh5.googleusercontent.com\/-O47E-BmiLmY\/VAbJgqtPJFI\/AAAAAAAACxk\/yRlEW5ZYT8Y\/w300-h171-no\/joani-300x171.jpg","keywords":["2013","Declarations - Official Announcements","P\u00ebrgjigje ndaj akuzave"],"articleSection":["News - \u0395\u039d","News old page"],"inLanguage":"en-US"},{"@type":"WebPage","@id":"https:\/\/orthodoxalbania.org\/2020\/en\/2013\/03\/21\/holy-metropolis-of-korca-offical-statement-about-the-dr\/","url":"https:\/\/orthodoxalbania.org\/2020\/en\/2013\/03\/21\/holy-metropolis-of-korca-offical-statement-about-the-dr\/","name":"Holy Metropolis of Kor\u00e7a - Offical statement about the drama \"ST. Mary OF BERAT OF MR. NAMIK DOKLE. (January 2013) - Kisha Orthodh\u03bfkse Autoqefale e Shqip\u00ebris\u00eb","isPartOf":{"@id":"https:\/\/orthodoxalbania.org\/2020\/#website"},"primaryImageOfPage":{"@id":"https:\/\/orthodoxalbania.org\/2020\/en\/2013\/03\/21\/holy-metropolis-of-korca-offical-statement-about-the-dr\/#primaryimage"},"image":{"@id":"https:\/\/orthodoxalbania.org\/2020\/en\/2013\/03\/21\/holy-metropolis-of-korca-offical-statement-about-the-dr\/#primaryimage"},"thumbnailUrl":"https:\/\/lh5.googleusercontent.com\/-O47E-BmiLmY\/VAbJgqtPJFI\/AAAAAAAACxk\/yRlEW5ZYT8Y\/w300-h171-no\/joani-300x171.jpg","datePublished":"2013-03-21T12:51:08+00:00","dateModified":"2020-04-12T22:30:51+00:00","breadcrumb":{"@id":"https:\/\/orthodoxalbania.org\/2020\/en\/2013\/03\/21\/holy-metropolis-of-korca-offical-statement-about-the-dr\/#breadcrumb"},"inLanguage":"en-US","potentialAction":[{"@type":"ReadAction","target":["https:\/\/orthodoxalbania.org\/2020\/en\/2013\/03\/21\/holy-metropolis-of-korca-offical-statement-about-the-dr\/"]}]},{"@type":"ImageObject","inLanguage":"en-US","@id":"https:\/\/orthodoxalbania.org\/2020\/en\/2013\/03\/21\/holy-metropolis-of-korca-offical-statement-about-the-dr\/#primaryimage","url":"https:\/\/lh5.googleusercontent.com\/-O47E-BmiLmY\/VAbJgqtPJFI\/AAAAAAAACxk\/yRlEW5ZYT8Y\/w300-h171-no\/joani-300x171.jpg","contentUrl":"https:\/\/lh5.googleusercontent.com\/-O47E-BmiLmY\/VAbJgqtPJFI\/AAAAAAAACxk\/yRlEW5ZYT8Y\/w300-h171-no\/joani-300x171.jpg"},{"@type":"BreadcrumbList","@id":"https:\/\/orthodoxalbania.org\/2020\/en\/2013\/03\/21\/holy-metropolis-of-korca-offical-statement-about-the-dr\/#breadcrumb","itemListElement":[{"@type":"ListItem","position":1,"name":"Home","item":"https:\/\/orthodoxalbania.org\/2020\/"},{"@type":"ListItem","position":2,"name":"Holy Metropolis of Kor\u00e7a &#8211; Offical statement about the drama &#8220;ST. Mary OF BERAT OF MR. NAMIK DOKLE. (January 2013)"}]},{"@type":"WebSite","@id":"https:\/\/orthodoxalbania.org\/2020\/#website","url":"https:\/\/orthodoxalbania.org\/2020\/","name":"Kisha Orthodh\u03bfkse Autoqefale e Shqip\u00ebris\u00eb","description":"Fqja Zyrtare e Kish\u00ebs Orthodhokse Autoqefale e Shqip\u00ebris\u00eb me lajmet edhe informacionet zyrtare p\u00ebr struktur\u00ebn edhe veprimtarin e saj.","publisher":{"@id":"https:\/\/orthodoxalbania.org\/2020\/#organization"},"potentialAction":[{"@type":"SearchAction","target":{"@type":"EntryPoint","urlTemplate":"https:\/\/orthodoxalbania.org\/2020\/?s={search_term_string}"},"query-input":{"@type":"PropertyValueSpecification","valueRequired":true,"valueName":"search_term_string"}}],"inLanguage":"en-US"},{"@type":"Organization","@id":"https:\/\/orthodoxalbania.org\/2020\/#organization","name":"Kisha Orthodhokse Autoqefale e Shqip\u00ebris\u00eb","url":"https:\/\/orthodoxalbania.org\/2020\/","logo":{"@type":"ImageObject","inLanguage":"en-US","@id":"https:\/\/orthodoxalbania.org\/2020\/#\/schema\/logo\/image\/","url":"https:\/\/orthodoxalbania.org\/2020\/wp-content\/uploads\/2020\/05\/albania.jpeg","contentUrl":"https:\/\/orthodoxalbania.org\/2020\/wp-content\/uploads\/2020\/05\/albania.jpeg","width":540,"height":540,"caption":"Kisha Orthodhokse Autoqefale e Shqip\u00ebris\u00eb"},"image":{"@id":"https:\/\/orthodoxalbania.org\/2020\/#\/schema\/logo\/image\/"},"sameAs":["https:\/\/www.facebook.com\/koash1991"]},{"@type":"Person","@id":"https:\/\/orthodoxalbania.org\/2020\/#\/schema\/person\/df745f942b70e045b3dc05a30211f0de","name":"Kisha Orthodhokse","image":{"@type":"ImageObject","inLanguage":"en-US","@id":"https:\/\/secure.gravatar.com\/avatar\/2676eb8d97178435c9f691a7871595a1da6c33542dec218bce40885573150e28?s=96&d=mm&r=g","url":"https:\/\/secure.gravatar.com\/avatar\/2676eb8d97178435c9f691a7871595a1da6c33542dec218bce40885573150e28?s=96&d=mm&r=g","contentUrl":"https:\/\/secure.gravatar.com\/avatar\/2676eb8d97178435c9f691a7871595a1da6c33542dec218bce40885573150e28?s=96&d=mm&r=g","caption":"Kisha Orthodhokse"}}]}},"_links":{"self":[{"href":"https:\/\/orthodoxalbania.org\/2020\/wp-json\/wp\/v2\/posts\/625","targetHints":{"allow":["GET"]}}],"collection":[{"href":"https:\/\/orthodoxalbania.org\/2020\/wp-json\/wp\/v2\/posts"}],"about":[{"href":"https:\/\/orthodoxalbania.org\/2020\/wp-json\/wp\/v2\/types\/post"}],"author":[{"embeddable":true,"href":"https:\/\/orthodoxalbania.org\/2020\/wp-json\/wp\/v2\/users\/7"}],"replies":[{"embeddable":true,"href":"https:\/\/orthodoxalbania.org\/2020\/wp-json\/wp\/v2\/comments?post=625"}],"version-history":[{"count":1,"href":"https:\/\/orthodoxalbania.org\/2020\/wp-json\/wp\/v2\/posts\/625\/revisions"}],"predecessor-version":[{"id":17692,"href":"https:\/\/orthodoxalbania.org\/2020\/wp-json\/wp\/v2\/posts\/625\/revisions\/17692"}],"wp:attachment":[{"href":"https:\/\/orthodoxalbania.org\/2020\/wp-json\/wp\/v2\/media?parent=625"}],"wp:term":[{"taxonomy":"category","embeddable":true,"href":"https:\/\/orthodoxalbania.org\/2020\/wp-json\/wp\/v2\/categories?post=625"},{"taxonomy":"post_tag","embeddable":true,"href":"https:\/\/orthodoxalbania.org\/2020\/wp-json\/wp\/v2\/tags?post=625"}],"curies":[{"name":"wp","href":"https:\/\/api.w.org\/{rel}","templated":true}]}}