{"id":622,"date":"2008-02-26T00:00:00","date_gmt":"2008-02-26T00:00:00","guid":{"rendered":""},"modified":"2020-04-06T22:35:20","modified_gmt":"2020-04-06T20:35:20","slug":"hapja-e-vitit-te-ri-shkollor-ne-akademine-teologjike-ngjallja-e-krishtit-2008","status":"publish","type":"post","link":"https:\/\/orthodoxalbania.org\/2020\/2008\/02\/26\/hapja-e-vitit-te-ri-shkollor-ne-akademine-teologjike-ngjallja-e-krishtit-2008\/","title":{"rendered":"Hapja e vitit t\u00eb ri shkollor n\u00eb Akademin\u00eb Teologjike &#8220;Ngjallja e Krishtit&#8221;. (2008)"},"content":{"rendered":"<p style=\"text-align: justify;\"> <span style=\"color: #000000;\"><span style=\"font-family: tahoma,geneva,sans-serif;\"><span style=\"font-size: 12px;\">&nbsp; &nbsp; <img decoding=\"async\" class=\"lazyload HAa Eha\" style=\"border-width: 1px; border-style: solid; margin: 1px 10px; height: 225px; width: 300px; float: left;\" alt=\"\" src=\"data:image\/gif;base64,R0lGODlhAQABAAAAACH5BAEKAAEALAAAAAABAAEAAAICTAEAOw==\" data-orig-src=\"https:\/\/lh4.googleusercontent.com\/-57_6RxJPOqA\/VJFa2D2RixI\/AAAAAAAAH_Y\/9IanqqJnIRc\/w448-h336-no\/1.JPG\" \/> M\u00eb dat\u00ebn 6 tetor, Akademia Teologjike &#8220;Ngjallja e Krishtit&#8221; nisi vitin e ri akademik 2008-2009. Akademia Teologjike q\u00eb ka nisur funksionimin e saj n\u00eb shkurt t\u00eb vitit 1992 si Seminar Hieratik, \u00ebsht\u00eb institucioni m\u00eb i lart\u00eb arsimor teologjik n\u00eb Shqip\u00ebri, themeluar n\u00ebn p\u00ebrkujdesjen, financimin dhe mb\u00ebshtetjen e gjithanshme t\u00eb Kryepiskopit Anastas.<\/p>\n<p> &nbsp; &nbsp; Dita e par\u00eb e Akademis\u00eb u hap si \u00e7do vit me sh\u00ebrbes\u00ebn e Ajazm\u00ebs, apo Ujit t\u00eb Bekuar, q\u00eb u kryesua prej Drejtorit t\u00eb Akademis\u00eb <img decoding=\"async\" class=\"lazyload HAa Eha\" style=\"border-width: 1px; border-style: solid; margin: 10px; height: 225px; width: 300px; float: right;\" alt=\"\" src=\"data:image\/gif;base64,R0lGODlhAQABAAAAACH5BAEKAAEALAAAAAABAAEAAAICTAEAOw==\" data-orig-src=\"https:\/\/lh4.googleusercontent.com\/-0krtZ2ua-Lw\/VJFa2P83cFI\/AAAAAAAAH_s\/GVo1JxqA0Qo\/w448-h336-no\/2.JPG\" \/>Teologjike, Hir\u00ebsis\u00eb s\u00eb Tij, Episkopit t\u00eb Filomilit, Imzot Ilias. Hir\u00ebsia e Tij, Ilia, q\u00eb \u00ebsht\u00eb edhe Episkopi p\u00ebrgjegj\u00ebs i Dioqez\u00ebs Orthodhokse Shqiptare t\u00eb Amerik\u00ebs ka ndihmuar Kish\u00ebn ton\u00eb, duke dh\u00ebn\u00eb mb\u00ebshtetjen e tij t\u00eb vyer edhe n\u00eb \u00e7\u00ebshtje t\u00eb v\u00ebshtira, q\u00eb prej rifillimit t\u00eb jet\u00ebs s\u00eb saj kanonike, me ardhjen e Kryepiskopit Anastas n\u00eb Shqip\u00ebri. N\u00eb sh\u00ebrbes\u00ebn e Ajazm\u00ebs ishte i pranish\u00ebm edhe Ndihm\u00ebs Drejtori i Akademis\u00eb, Episkopi i Apollonis\u00eb, Imzot Nikolla, i cili ka dh\u00ebn\u00eb nj\u00eb kontribut t\u00eb \u00e7muar me prezenc\u00ebn dhe kujdesin e tij t\u00eb drejtp\u00ebrdrejt\u00eb p\u00ebr jet\u00ebn shpirt\u00ebrore dhe pedagogjike t\u00eb t\u00eb gjith\u00eb komunitetit t\u00eb Akademis\u00eb Teologjike.<\/p>\n<p> &nbsp;&nbsp;&nbsp; Mbas sh\u00ebrbes\u00ebs s\u00eb Ajazm\u00ebs, Hir\u00ebsi Ilia, iu drejtua student\u00ebve t\u00eb Akademis\u00eb dhe sidomos t\u00eb porsaardhurve n\u00eb vitin e par\u00eb, me nj\u00eb fjalim, me rastin e hapjes s\u00eb vitit t\u00eb ri akademik. Ai u uroi mir\u00ebseardhjen student\u00ebve t\u00eb rinj dhe u dha atyre porosi shpirt\u00ebrore p\u00ebr nj\u00eb mbar\u00ebvajtje sa m\u00eb t\u00eb mir\u00eb t\u00eb pun\u00ebs s\u00eb tyre n\u00eb Akademi. Hir\u00ebsi Ilia p\u00ebrcolli dhe bekimet at\u00ebrore t\u00eb Kryepiskopit Anastas, q\u00eb megjith\u00eb d\u00ebshir\u00ebn e tij t\u00eb madhe p\u00ebr t\u00eb marr\u00eb pjes\u00eb n\u00eb k\u00ebt\u00eb ceremoni hapjeje, nuk mundi t\u00eb ishte prezent si pasoj\u00eb e detyrave t\u00eb tij, si Kreu i Kish\u00ebs Orthodhokse Autoqefale t\u00eb Shqip\u00ebris\u00eb.<\/p>\n<p> <img decoding=\"async\" class=\"lazyload HAa Eha\" style=\"height: 225px; width: 300px; border-width: 1px; border-style: solid; margin: 10px; float: left;\" alt=\"\" src=\"data:image\/gif;base64,R0lGODlhAQABAAAAACH5BAEKAAEALAAAAAABAAEAAAICTAEAOw==\" data-orig-src=\"https:\/\/lh3.googleusercontent.com\/-LwvQ47Lg5C0\/VJFa2Bny33I\/AAAAAAAAH_g\/Zg94B8aM70k\/w448-h336-no\/3.JPG\" \/>&nbsp; &nbsp; &#8220;Fal\u00ebnderoj Zotin &#8211; hapi fjal\u00ebn e tij Hir\u00ebsi Ilia &#8211; q\u00eb m\u00eb dha mund\u00ebsin\u00eb t\u00eb ndodhesha p\u00ebrs\u00ebri pran\u00eb jush, q\u00eb me kaq nostalgji ju kam kujtuar gjith\u00eb k\u00ebt\u00eb koh\u00eb q\u00eb ndodhesha n\u00eb Amerik\u00eb, p\u00ebr t\u00eb plot\u00ebsuar detyrat e mia t\u00eb shenjta n\u00eb at\u00eb vend, duke u sh\u00ebrbyer besimtar\u00ebve orthodhoks\u00eb shqiptar\u00eb atje. Por asnj\u00ebher\u00eb nuk m\u00eb ka shp\u00ebtuar nga lutjet dhe v\u00ebmendja Akademia shum\u00eb e shtrenjt\u00eb. Vendimin p\u00ebr ardhjen tuaj k\u00ebtu nuk e keni marr\u00eb vet\u00ebm, por edhe me bekimin dhe hirin e Zotit, i cili drejton hapat e \u00e7do njeriu, por sidomos t\u00eb besimtar\u00ebve. Do t&#8217;ju k\u00ebrkoja, si \u00e7do vit, q\u00eb ju me vendosm\u00ebri t&#8217;i kushtoni veten tuaj, k\u00ebsaj detyre t\u00eb shenjt\u00eb, duke mb\u00ebshtetur fuqit\u00eb tuaja t\u00eb dob\u00ebta n\u00eb hirin e Zotit. K\u00ebtu n\u00eb Akademi, t\u00eb gjith\u00eb s\u00eb bashku, duke lypur bekimin e Zotit, t\u00eb kemi bindje t\u00eb plot\u00eb n\u00eb <img decoding=\"async\" class=\"lazyload HAa Eha\" style=\"border-width: 1px; border-style: solid; margin: 10px; float: right; height: 150px; width: 200px;\" alt=\"\" src=\"data:image\/gif;base64,R0lGODlhAQABAAAAACH5BAEKAAEALAAAAAABAAEAAAICTAEAOw==\" data-orig-src=\"https:\/\/lh3.googleusercontent.com\/-6yZgYNMJrmw\/VJFa2yl9MxI\/AAAAAAAAH_o\/j3NLJTjteEo\/w448-h336-no\/4.JPG\" \/>mb\u00ebshtetjen e njeri-tjetrit, q\u00eb nga k\u00ebshilli pedagogjik, student\u00ebt dhe gjith\u00eb sa kan\u00eb lidhje me k\u00ebt\u00eb manastir. P\u00ebrpiquni ta p\u00ebrmir\u00ebsoni veten tuaj n\u00eb m\u00ebnyre shpirt\u00ebrore, intelektuale dhe shoq\u00ebrore. Lidhni marr\u00ebdh\u00ebnie me dometh\u00ebnie me nj\u00ebri-tjetrin dhe sidomos me pedagog\u00ebt tuaj. Duke ju uruar mir\u00ebseardhjen &#8211; p\u00ebrfundoi Drejtori i Akademis\u00eb &#8211; lutem q\u00eb Per\u00ebndia t&#8217;ju dhuroj\u00eb sh\u00ebndet, ecuri dhe pjekuri n\u00eb jet\u00ebn tuaj. Dhe t\u00eb gjith\u00eb, sipas mund\u00ebsive q\u00eb kemi, t\u00eb japim kontributin ton\u00eb n\u00eb nd\u00ebrtimin e trupit t\u00eb Zotit, d.m.th. t\u00eb Kish\u00ebs, q\u00eb ka nevoj\u00eb p\u00ebr pun\u00ebtor\u00eb t\u00eb devotsh\u00ebm t\u00eb Ungjillit t\u00eb Zotit ton\u00eb Jesu Krisht&#8221;.<\/p>\n<p> &nbsp;&nbsp;&nbsp; Studimet n\u00eb k\u00ebt\u00eb Akademi zhvillohen n\u00eb koh\u00ebn t\u00eb plot\u00eb, t\u00eb nj\u00eb cikli m\u00ebsimdh\u00ebnieje prej 4 vjet\u00ebsh, duke u dh\u00ebn\u00eb mund\u00ebsi student\u00ebve t\u00eb saj t\u00eb marrin nj\u00eb formim sa m\u00eb t\u00eb plot\u00eb teologjik, n\u00eb p\u00ebrmbushje t\u00eb k\u00ebrkesave t\u00eb Kish\u00ebs p\u00ebr kuadro drejtues n\u00eb t\u00eb gjitha departamentet e saj.<\/span><\/span><\/span><\/p>\n<p style=\"text-align: justify;\"> <span style=\"color: #000000;\"><span style=\"font-family: tahoma,geneva,sans-serif;\"><span style=\"font-size: 12px;\">&nbsp;&nbsp;&nbsp;&nbsp; &#8211; Duke iu uruar student\u00ebve suksese n\u00eb k\u00ebt\u00eb fillimviti akademik lutemi q\u00eb d\u00ebshira e tyre p\u00ebr t\u00eb predikuar Orthodhoksin\u00eb n\u00eb t\u00eb gjith\u00eb Shqip\u00ebrin\u00eb t\u00eb jap\u00eb sa m\u00eb shum\u00eb fruta shpirt\u00ebrore. &#8211; <strong>&nbsp;&nbsp;&nbsp;&nbsp;&nbsp;&nbsp; <\/strong><\/span><\/span><\/span><\/p>\n<p style=\"text-align: justify;\">&nbsp;<\/p>\n<p style=\"text-align: right;\"><span style=\"color: #000000;\"><span style=\"font-family: tahoma,geneva,sans-serif;\"><span style=\"font-size: 12px;\"><strong>Aleks \u00c7uri<\/strong><\/span><\/span><\/span><\/p>\n","protected":false},"excerpt":{"rendered":"<p>&nbsp; &nbsp; M\u00eb dat\u00ebn 6 tetor, Akademia Teologjike &#8220;Ngjallja e Krishtit&#8221; nisi vitin e ri akademik 2008-2009. Akademia Teologjike q\u00eb ka nisur funksionimin e saj n\u00eb shkurt t\u00eb vitit 1992 si Seminar Hieratik, \u00ebsht\u00eb institucioni m\u00eb i lart\u00eb arsimor teologjik n\u00eb Shqip\u00ebri, themeluar n\u00ebn p\u00ebrkujdesjen, financimin dhe mb\u00ebshtetjen e gjithanshme t\u00eb Kryepiskopit Anastas. &nbsp; &nbsp; Dita e par\u00eb e Akademis\u00eb u hap si \u00e7do vit<\/p>\n","protected":false},"author":1,"featured_media":0,"comment_status":"open","ping_status":"open","sticky":false,"template":"","format":"standard","meta":{"_acf_changed":false,"pagelayer_contact_templates":[],"_pagelayer_content":"","inline_featured_image":false,"fifu_image_url":"","fifu_image_alt":"","footnotes":""},"categories":[108],"tags":[146,169,196,212],"class_list":["post-622","post","type-post","status-publish","format-standard","hentry","category-lajme","tag-146","tag-akademia-teologjike","tag-tirane","tag-lajme-d27"],"acf":[],"yoast_head":"<!-- This site is optimized with the Yoast SEO plugin v27.2 - https:\/\/yoast.com\/product\/yoast-seo-wordpress\/ -->\n<title>Hapja e vitit t\u00eb ri shkollor n\u00eb Akademin\u00eb Teologjike &quot;Ngjallja e Krishtit&quot;. (2008) - Kisha Orthodh\u03bfkse Autoqefale e Shqip\u00ebris\u00eb<\/title>\n<meta name=\"robots\" content=\"index, follow, max-snippet:-1, max-image-preview:large, max-video-preview:-1\" \/>\n<link rel=\"canonical\" href=\"https:\/\/orthodoxalbania.org\/2020\/2008\/02\/26\/hapja-e-vitit-te-ri-shkollor-ne-akademine-teologjike-ngjallja-e-krishtit-2008\/\" \/>\n<meta property=\"og:locale\" content=\"en_US\" \/>\n<meta property=\"og:type\" content=\"article\" \/>\n<meta property=\"og:title\" content=\"Hapja e vitit t\u00eb ri shkollor n\u00eb Akademin\u00eb Teologjike &quot;Ngjallja e Krishtit&quot;. (2008) - Kisha Orthodh\u03bfkse Autoqefale e Shqip\u00ebris\u00eb\" \/>\n<meta property=\"og:description\" content=\"&nbsp; &nbsp; M\u00eb dat\u00ebn 6 tetor, Akademia Teologjike &#8220;Ngjallja e Krishtit&#8221; nisi vitin e ri akademik 2008-2009. Akademia Teologjike q\u00eb ka nisur funksionimin e saj n\u00eb shkurt t\u00eb vitit 1992 si Seminar Hieratik, \u00ebsht\u00eb institucioni m\u00eb i lart\u00eb arsimor teologjik n\u00eb Shqip\u00ebri, themeluar n\u00ebn p\u00ebrkujdesjen, financimin dhe mb\u00ebshtetjen e gjithanshme t\u00eb Kryepiskopit Anastas. &nbsp; &nbsp; Dita e par\u00eb e Akademis\u00eb u hap si \u00e7do vit\" \/>\n<meta property=\"og:url\" content=\"https:\/\/orthodoxalbania.org\/2020\/2008\/02\/26\/hapja-e-vitit-te-ri-shkollor-ne-akademine-teologjike-ngjallja-e-krishtit-2008\/\" \/>\n<meta property=\"og:site_name\" content=\"Kisha Orthodh\u03bfkse Autoqefale e Shqip\u00ebris\u00eb\" \/>\n<meta property=\"article:publisher\" content=\"https:\/\/www.facebook.com\/koash1991\" \/>\n<meta property=\"article:published_time\" content=\"2008-02-26T00:00:00+00:00\" \/>\n<meta property=\"article:modified_time\" content=\"2020-04-06T20:35:20+00:00\" \/>\n<meta property=\"og:image\" content=\"https:\/\/lh4.googleusercontent.com\/-57_6RxJPOqA\/VJFa2D2RixI\/AAAAAAAAH_Y\/9IanqqJnIRc\/w448-h336-no\/1.JPG\" \/>\n<meta name=\"author\" content=\"Kisha Orthodhokse\" \/>\n<meta name=\"twitter:card\" content=\"summary_large_image\" \/>\n<meta name=\"twitter:label1\" content=\"Written by\" \/>\n\t<meta name=\"twitter:data1\" content=\"Kisha Orthodhokse\" \/>\n\t<meta name=\"twitter:label2\" content=\"Est. reading time\" \/>\n\t<meta name=\"twitter:data2\" content=\"4 minutes\" \/>\n<script type=\"application\/ld+json\" class=\"yoast-schema-graph\">{\"@context\":\"https:\/\/schema.org\",\"@graph\":[{\"@type\":\"Article\",\"@id\":\"https:\/\/orthodoxalbania.org\/2020\/2008\/02\/26\/hapja-e-vitit-te-ri-shkollor-ne-akademine-teologjike-ngjallja-e-krishtit-2008\/#article\",\"isPartOf\":{\"@id\":\"https:\/\/orthodoxalbania.org\/2020\/2008\/02\/26\/hapja-e-vitit-te-ri-shkollor-ne-akademine-teologjike-ngjallja-e-krishtit-2008\/\"},\"author\":{\"name\":\"Kisha Orthodhokse\",\"@id\":\"https:\/\/orthodoxalbania.org\/2020\/#\/schema\/person\/0c387634a7063ac612d7ed9ce71c7e86\"},\"headline\":\"Hapja e vitit t\u00eb ri shkollor n\u00eb Akademin\u00eb Teologjike &#8220;Ngjallja e Krishtit&#8221;. (2008)\",\"datePublished\":\"2008-02-26T00:00:00+00:00\",\"dateModified\":\"2020-04-06T20:35:20+00:00\",\"mainEntityOfPage\":{\"@id\":\"https:\/\/orthodoxalbania.org\/2020\/2008\/02\/26\/hapja-e-vitit-te-ri-shkollor-ne-akademine-teologjike-ngjallja-e-krishtit-2008\/\"},\"wordCount\":743,\"commentCount\":0,\"publisher\":{\"@id\":\"https:\/\/orthodoxalbania.org\/2020\/#organization\"},\"image\":{\"@id\":\"https:\/\/orthodoxalbania.org\/2020\/2008\/02\/26\/hapja-e-vitit-te-ri-shkollor-ne-akademine-teologjike-ngjallja-e-krishtit-2008\/#primaryimage\"},\"thumbnailUrl\":\"https:\/\/lh4.googleusercontent.com\/-57_6RxJPOqA\/VJFa2D2RixI\/AAAAAAAAH_Y\/9IanqqJnIRc\/w448-h336-no\/1.JPG\",\"keywords\":[\"2008\",\"Akademia Teologjike\",\"Kryepiskopata Tiran\u00eb\",\"lajme\"],\"articleSection\":[\"Lajme\"],\"inLanguage\":\"en-US\"},{\"@type\":\"WebPage\",\"@id\":\"https:\/\/orthodoxalbania.org\/2020\/2008\/02\/26\/hapja-e-vitit-te-ri-shkollor-ne-akademine-teologjike-ngjallja-e-krishtit-2008\/\",\"url\":\"https:\/\/orthodoxalbania.org\/2020\/2008\/02\/26\/hapja-e-vitit-te-ri-shkollor-ne-akademine-teologjike-ngjallja-e-krishtit-2008\/\",\"name\":\"Hapja e vitit t\u00eb ri shkollor n\u00eb Akademin\u00eb Teologjike \\\"Ngjallja e Krishtit\\\". (2008) - Kisha Orthodh\u03bfkse Autoqefale e Shqip\u00ebris\u00eb\",\"isPartOf\":{\"@id\":\"https:\/\/orthodoxalbania.org\/2020\/#website\"},\"primaryImageOfPage\":{\"@id\":\"https:\/\/orthodoxalbania.org\/2020\/2008\/02\/26\/hapja-e-vitit-te-ri-shkollor-ne-akademine-teologjike-ngjallja-e-krishtit-2008\/#primaryimage\"},\"image\":{\"@id\":\"https:\/\/orthodoxalbania.org\/2020\/2008\/02\/26\/hapja-e-vitit-te-ri-shkollor-ne-akademine-teologjike-ngjallja-e-krishtit-2008\/#primaryimage\"},\"thumbnailUrl\":\"https:\/\/lh4.googleusercontent.com\/-57_6RxJPOqA\/VJFa2D2RixI\/AAAAAAAAH_Y\/9IanqqJnIRc\/w448-h336-no\/1.JPG\",\"datePublished\":\"2008-02-26T00:00:00+00:00\",\"dateModified\":\"2020-04-06T20:35:20+00:00\",\"breadcrumb\":{\"@id\":\"https:\/\/orthodoxalbania.org\/2020\/2008\/02\/26\/hapja-e-vitit-te-ri-shkollor-ne-akademine-teologjike-ngjallja-e-krishtit-2008\/#breadcrumb\"},\"inLanguage\":\"en-US\",\"potentialAction\":[{\"@type\":\"ReadAction\",\"target\":[\"https:\/\/orthodoxalbania.org\/2020\/2008\/02\/26\/hapja-e-vitit-te-ri-shkollor-ne-akademine-teologjike-ngjallja-e-krishtit-2008\/\"]}]},{\"@type\":\"ImageObject\",\"inLanguage\":\"en-US\",\"@id\":\"https:\/\/orthodoxalbania.org\/2020\/2008\/02\/26\/hapja-e-vitit-te-ri-shkollor-ne-akademine-teologjike-ngjallja-e-krishtit-2008\/#primaryimage\",\"url\":\"https:\/\/lh4.googleusercontent.com\/-57_6RxJPOqA\/VJFa2D2RixI\/AAAAAAAAH_Y\/9IanqqJnIRc\/w448-h336-no\/1.JPG\",\"contentUrl\":\"https:\/\/lh4.googleusercontent.com\/-57_6RxJPOqA\/VJFa2D2RixI\/AAAAAAAAH_Y\/9IanqqJnIRc\/w448-h336-no\/1.JPG\"},{\"@type\":\"BreadcrumbList\",\"@id\":\"https:\/\/orthodoxalbania.org\/2020\/2008\/02\/26\/hapja-e-vitit-te-ri-shkollor-ne-akademine-teologjike-ngjallja-e-krishtit-2008\/#breadcrumb\",\"itemListElement\":[{\"@type\":\"ListItem\",\"position\":1,\"name\":\"Home\",\"item\":\"https:\/\/orthodoxalbania.org\/2020\/\"},{\"@type\":\"ListItem\",\"position\":2,\"name\":\"Hapja e vitit t\u00eb ri shkollor n\u00eb Akademin\u00eb Teologjike &#8220;Ngjallja e Krishtit&#8221;. (2008)\"}]},{\"@type\":\"WebSite\",\"@id\":\"https:\/\/orthodoxalbania.org\/2020\/#website\",\"url\":\"https:\/\/orthodoxalbania.org\/2020\/\",\"name\":\"Kisha Orthodh\u03bfkse Autoqefale e Shqip\u00ebris\u00eb\",\"description\":\"Fqja Zyrtare e Kish\u00ebs Orthodhokse Autoqefale e Shqip\u00ebris\u00eb me lajmet edhe informacionet zyrtare p\u00ebr struktur\u00ebn edhe veprimtarin e saj.\",\"publisher\":{\"@id\":\"https:\/\/orthodoxalbania.org\/2020\/#organization\"},\"potentialAction\":[{\"@type\":\"SearchAction\",\"target\":{\"@type\":\"EntryPoint\",\"urlTemplate\":\"https:\/\/orthodoxalbania.org\/2020\/?s={search_term_string}\"},\"query-input\":{\"@type\":\"PropertyValueSpecification\",\"valueRequired\":true,\"valueName\":\"search_term_string\"}}],\"inLanguage\":\"en-US\"},{\"@type\":\"Organization\",\"@id\":\"https:\/\/orthodoxalbania.org\/2020\/#organization\",\"name\":\"Kisha Orthodhokse Autoqefale e Shqip\u00ebris\u00eb\",\"url\":\"https:\/\/orthodoxalbania.org\/2020\/\",\"logo\":{\"@type\":\"ImageObject\",\"inLanguage\":\"en-US\",\"@id\":\"https:\/\/orthodoxalbania.org\/2020\/#\/schema\/logo\/image\/\",\"url\":\"https:\/\/orthodoxalbania.org\/2020\/wp-content\/uploads\/2020\/05\/albania.jpeg\",\"contentUrl\":\"https:\/\/orthodoxalbania.org\/2020\/wp-content\/uploads\/2020\/05\/albania.jpeg\",\"width\":540,\"height\":540,\"caption\":\"Kisha Orthodhokse Autoqefale e Shqip\u00ebris\u00eb\"},\"image\":{\"@id\":\"https:\/\/orthodoxalbania.org\/2020\/#\/schema\/logo\/image\/\"},\"sameAs\":[\"https:\/\/www.facebook.com\/koash1991\"]},{\"@type\":\"Person\",\"@id\":\"https:\/\/orthodoxalbania.org\/2020\/#\/schema\/person\/0c387634a7063ac612d7ed9ce71c7e86\",\"name\":\"Kisha Orthodhokse\",\"image\":{\"@type\":\"ImageObject\",\"inLanguage\":\"en-US\",\"@id\":\"https:\/\/secure.gravatar.com\/avatar\/596e7c417251e30f2fbb9c00e026fce61a695a00e51c889caded71c96cbbdde5?s=96&d=mm&r=g\",\"url\":\"https:\/\/secure.gravatar.com\/avatar\/596e7c417251e30f2fbb9c00e026fce61a695a00e51c889caded71c96cbbdde5?s=96&d=mm&r=g\",\"contentUrl\":\"https:\/\/secure.gravatar.com\/avatar\/596e7c417251e30f2fbb9c00e026fce61a695a00e51c889caded71c96cbbdde5?s=96&d=mm&r=g\",\"caption\":\"Kisha Orthodhokse\"}}]}<\/script>\n<!-- \/ Yoast SEO plugin. -->","yoast_head_json":{"title":"Hapja e vitit t\u00eb ri shkollor n\u00eb Akademin\u00eb Teologjike \"Ngjallja e Krishtit\". (2008) - Kisha Orthodh\u03bfkse Autoqefale e Shqip\u00ebris\u00eb","robots":{"index":"index","follow":"follow","max-snippet":"max-snippet:-1","max-image-preview":"max-image-preview:large","max-video-preview":"max-video-preview:-1"},"canonical":"https:\/\/orthodoxalbania.org\/2020\/2008\/02\/26\/hapja-e-vitit-te-ri-shkollor-ne-akademine-teologjike-ngjallja-e-krishtit-2008\/","og_locale":"en_US","og_type":"article","og_title":"Hapja e vitit t\u00eb ri shkollor n\u00eb Akademin\u00eb Teologjike \"Ngjallja e Krishtit\". (2008) - Kisha Orthodh\u03bfkse Autoqefale e Shqip\u00ebris\u00eb","og_description":"&nbsp; &nbsp; M\u00eb dat\u00ebn 6 tetor, Akademia Teologjike &#8220;Ngjallja e Krishtit&#8221; nisi vitin e ri akademik 2008-2009. Akademia Teologjike q\u00eb ka nisur funksionimin e saj n\u00eb shkurt t\u00eb vitit 1992 si Seminar Hieratik, \u00ebsht\u00eb institucioni m\u00eb i lart\u00eb arsimor teologjik n\u00eb Shqip\u00ebri, themeluar n\u00ebn p\u00ebrkujdesjen, financimin dhe mb\u00ebshtetjen e gjithanshme t\u00eb Kryepiskopit Anastas. &nbsp; &nbsp; Dita e par\u00eb e Akademis\u00eb u hap si \u00e7do vit","og_url":"https:\/\/orthodoxalbania.org\/2020\/2008\/02\/26\/hapja-e-vitit-te-ri-shkollor-ne-akademine-teologjike-ngjallja-e-krishtit-2008\/","og_site_name":"Kisha Orthodh\u03bfkse Autoqefale e Shqip\u00ebris\u00eb","article_publisher":"https:\/\/www.facebook.com\/koash1991","article_published_time":"2008-02-26T00:00:00+00:00","article_modified_time":"2020-04-06T20:35:20+00:00","og_image":[{"url":"https:\/\/lh4.googleusercontent.com\/-57_6RxJPOqA\/VJFa2D2RixI\/AAAAAAAAH_Y\/9IanqqJnIRc\/w448-h336-no\/1.JPG","type":"","width":"","height":""}],"author":"Kisha Orthodhokse","twitter_card":"summary_large_image","twitter_misc":{"Written by":"Kisha Orthodhokse","Est. reading time":"4 minutes"},"schema":{"@context":"https:\/\/schema.org","@graph":[{"@type":"Article","@id":"https:\/\/orthodoxalbania.org\/2020\/2008\/02\/26\/hapja-e-vitit-te-ri-shkollor-ne-akademine-teologjike-ngjallja-e-krishtit-2008\/#article","isPartOf":{"@id":"https:\/\/orthodoxalbania.org\/2020\/2008\/02\/26\/hapja-e-vitit-te-ri-shkollor-ne-akademine-teologjike-ngjallja-e-krishtit-2008\/"},"author":{"name":"Kisha Orthodhokse","@id":"https:\/\/orthodoxalbania.org\/2020\/#\/schema\/person\/0c387634a7063ac612d7ed9ce71c7e86"},"headline":"Hapja e vitit t\u00eb ri shkollor n\u00eb Akademin\u00eb Teologjike &#8220;Ngjallja e Krishtit&#8221;. (2008)","datePublished":"2008-02-26T00:00:00+00:00","dateModified":"2020-04-06T20:35:20+00:00","mainEntityOfPage":{"@id":"https:\/\/orthodoxalbania.org\/2020\/2008\/02\/26\/hapja-e-vitit-te-ri-shkollor-ne-akademine-teologjike-ngjallja-e-krishtit-2008\/"},"wordCount":743,"commentCount":0,"publisher":{"@id":"https:\/\/orthodoxalbania.org\/2020\/#organization"},"image":{"@id":"https:\/\/orthodoxalbania.org\/2020\/2008\/02\/26\/hapja-e-vitit-te-ri-shkollor-ne-akademine-teologjike-ngjallja-e-krishtit-2008\/#primaryimage"},"thumbnailUrl":"https:\/\/lh4.googleusercontent.com\/-57_6RxJPOqA\/VJFa2D2RixI\/AAAAAAAAH_Y\/9IanqqJnIRc\/w448-h336-no\/1.JPG","keywords":["2008","Akademia Teologjike","Kryepiskopata Tiran\u00eb","lajme"],"articleSection":["Lajme"],"inLanguage":"en-US"},{"@type":"WebPage","@id":"https:\/\/orthodoxalbania.org\/2020\/2008\/02\/26\/hapja-e-vitit-te-ri-shkollor-ne-akademine-teologjike-ngjallja-e-krishtit-2008\/","url":"https:\/\/orthodoxalbania.org\/2020\/2008\/02\/26\/hapja-e-vitit-te-ri-shkollor-ne-akademine-teologjike-ngjallja-e-krishtit-2008\/","name":"Hapja e vitit t\u00eb ri shkollor n\u00eb Akademin\u00eb Teologjike \"Ngjallja e Krishtit\". (2008) - Kisha Orthodh\u03bfkse Autoqefale e Shqip\u00ebris\u00eb","isPartOf":{"@id":"https:\/\/orthodoxalbania.org\/2020\/#website"},"primaryImageOfPage":{"@id":"https:\/\/orthodoxalbania.org\/2020\/2008\/02\/26\/hapja-e-vitit-te-ri-shkollor-ne-akademine-teologjike-ngjallja-e-krishtit-2008\/#primaryimage"},"image":{"@id":"https:\/\/orthodoxalbania.org\/2020\/2008\/02\/26\/hapja-e-vitit-te-ri-shkollor-ne-akademine-teologjike-ngjallja-e-krishtit-2008\/#primaryimage"},"thumbnailUrl":"https:\/\/lh4.googleusercontent.com\/-57_6RxJPOqA\/VJFa2D2RixI\/AAAAAAAAH_Y\/9IanqqJnIRc\/w448-h336-no\/1.JPG","datePublished":"2008-02-26T00:00:00+00:00","dateModified":"2020-04-06T20:35:20+00:00","breadcrumb":{"@id":"https:\/\/orthodoxalbania.org\/2020\/2008\/02\/26\/hapja-e-vitit-te-ri-shkollor-ne-akademine-teologjike-ngjallja-e-krishtit-2008\/#breadcrumb"},"inLanguage":"en-US","potentialAction":[{"@type":"ReadAction","target":["https:\/\/orthodoxalbania.org\/2020\/2008\/02\/26\/hapja-e-vitit-te-ri-shkollor-ne-akademine-teologjike-ngjallja-e-krishtit-2008\/"]}]},{"@type":"ImageObject","inLanguage":"en-US","@id":"https:\/\/orthodoxalbania.org\/2020\/2008\/02\/26\/hapja-e-vitit-te-ri-shkollor-ne-akademine-teologjike-ngjallja-e-krishtit-2008\/#primaryimage","url":"https:\/\/lh4.googleusercontent.com\/-57_6RxJPOqA\/VJFa2D2RixI\/AAAAAAAAH_Y\/9IanqqJnIRc\/w448-h336-no\/1.JPG","contentUrl":"https:\/\/lh4.googleusercontent.com\/-57_6RxJPOqA\/VJFa2D2RixI\/AAAAAAAAH_Y\/9IanqqJnIRc\/w448-h336-no\/1.JPG"},{"@type":"BreadcrumbList","@id":"https:\/\/orthodoxalbania.org\/2020\/2008\/02\/26\/hapja-e-vitit-te-ri-shkollor-ne-akademine-teologjike-ngjallja-e-krishtit-2008\/#breadcrumb","itemListElement":[{"@type":"ListItem","position":1,"name":"Home","item":"https:\/\/orthodoxalbania.org\/2020\/"},{"@type":"ListItem","position":2,"name":"Hapja e vitit t\u00eb ri shkollor n\u00eb Akademin\u00eb Teologjike &#8220;Ngjallja e Krishtit&#8221;. (2008)"}]},{"@type":"WebSite","@id":"https:\/\/orthodoxalbania.org\/2020\/#website","url":"https:\/\/orthodoxalbania.org\/2020\/","name":"Kisha Orthodh\u03bfkse Autoqefale e Shqip\u00ebris\u00eb","description":"Fqja Zyrtare e Kish\u00ebs Orthodhokse Autoqefale e Shqip\u00ebris\u00eb me lajmet edhe informacionet zyrtare p\u00ebr struktur\u00ebn edhe veprimtarin e saj.","publisher":{"@id":"https:\/\/orthodoxalbania.org\/2020\/#organization"},"potentialAction":[{"@type":"SearchAction","target":{"@type":"EntryPoint","urlTemplate":"https:\/\/orthodoxalbania.org\/2020\/?s={search_term_string}"},"query-input":{"@type":"PropertyValueSpecification","valueRequired":true,"valueName":"search_term_string"}}],"inLanguage":"en-US"},{"@type":"Organization","@id":"https:\/\/orthodoxalbania.org\/2020\/#organization","name":"Kisha Orthodhokse Autoqefale e Shqip\u00ebris\u00eb","url":"https:\/\/orthodoxalbania.org\/2020\/","logo":{"@type":"ImageObject","inLanguage":"en-US","@id":"https:\/\/orthodoxalbania.org\/2020\/#\/schema\/logo\/image\/","url":"https:\/\/orthodoxalbania.org\/2020\/wp-content\/uploads\/2020\/05\/albania.jpeg","contentUrl":"https:\/\/orthodoxalbania.org\/2020\/wp-content\/uploads\/2020\/05\/albania.jpeg","width":540,"height":540,"caption":"Kisha Orthodhokse Autoqefale e Shqip\u00ebris\u00eb"},"image":{"@id":"https:\/\/orthodoxalbania.org\/2020\/#\/schema\/logo\/image\/"},"sameAs":["https:\/\/www.facebook.com\/koash1991"]},{"@type":"Person","@id":"https:\/\/orthodoxalbania.org\/2020\/#\/schema\/person\/0c387634a7063ac612d7ed9ce71c7e86","name":"Kisha Orthodhokse","image":{"@type":"ImageObject","inLanguage":"en-US","@id":"https:\/\/secure.gravatar.com\/avatar\/596e7c417251e30f2fbb9c00e026fce61a695a00e51c889caded71c96cbbdde5?s=96&d=mm&r=g","url":"https:\/\/secure.gravatar.com\/avatar\/596e7c417251e30f2fbb9c00e026fce61a695a00e51c889caded71c96cbbdde5?s=96&d=mm&r=g","contentUrl":"https:\/\/secure.gravatar.com\/avatar\/596e7c417251e30f2fbb9c00e026fce61a695a00e51c889caded71c96cbbdde5?s=96&d=mm&r=g","caption":"Kisha Orthodhokse"}}]}},"_links":{"self":[{"href":"https:\/\/orthodoxalbania.org\/2020\/wp-json\/wp\/v2\/posts\/622","targetHints":{"allow":["GET"]}}],"collection":[{"href":"https:\/\/orthodoxalbania.org\/2020\/wp-json\/wp\/v2\/posts"}],"about":[{"href":"https:\/\/orthodoxalbania.org\/2020\/wp-json\/wp\/v2\/types\/post"}],"author":[{"embeddable":true,"href":"https:\/\/orthodoxalbania.org\/2020\/wp-json\/wp\/v2\/users\/1"}],"replies":[{"embeddable":true,"href":"https:\/\/orthodoxalbania.org\/2020\/wp-json\/wp\/v2\/comments?post=622"}],"version-history":[{"count":1,"href":"https:\/\/orthodoxalbania.org\/2020\/wp-json\/wp\/v2\/posts\/622\/revisions"}],"predecessor-version":[{"id":15651,"href":"https:\/\/orthodoxalbania.org\/2020\/wp-json\/wp\/v2\/posts\/622\/revisions\/15651"}],"wp:attachment":[{"href":"https:\/\/orthodoxalbania.org\/2020\/wp-json\/wp\/v2\/media?parent=622"}],"wp:term":[{"taxonomy":"category","embeddable":true,"href":"https:\/\/orthodoxalbania.org\/2020\/wp-json\/wp\/v2\/categories?post=622"},{"taxonomy":"post_tag","embeddable":true,"href":"https:\/\/orthodoxalbania.org\/2020\/wp-json\/wp\/v2\/tags?post=622"}],"curies":[{"name":"wp","href":"https:\/\/api.w.org\/{rel}","templated":true}]}}