{"id":619,"date":"2013-03-21T11:59:19","date_gmt":"2013-03-21T11:59:19","guid":{"rendered":""},"modified":"2020-04-06T22:06:04","modified_gmt":"2020-04-06T20:06:04","slug":"hapi-dyert-kisha-e-re-e-gjithe-shenjtoreve","status":"publish","type":"post","link":"https:\/\/orthodoxalbania.org\/2020\/2013\/03\/21\/hapi-dyert-kisha-e-re-e-gjithe-shenjtoreve\/","title":{"rendered":"Hapi dyert kisha e re e Gjith\u00eb Shenjtor\u00ebve. (Qershor 2012)"},"content":{"rendered":"<div style=\"text-align: justify;\">\n\t<span style=\"color:#000000;\"><span style=\"font-family: tahoma,geneva,sans-serif;\"><span style=\"font-size: 12px;\"><img class=\"lazyload\" decoding=\"async\" alt=\"\" src=\"data:image\/gif;base64,R0lGODlhAQABAAAAACH5BAEKAAEALAAAAAABAAEAAAICTAEAOw==\" data-orig-src=\"https:\/\/lh5.googleusercontent.com\/-Y5ya7t3-6JY\/T98GNL2ZhuI\/AAAAAAAAAJo\/TOytGuRlGKc\/s720\/faqja%2012%20nazareti.jpg\" style=\"border-width: 1px; border-style: solid; margin: 10px; float: left; width: 280px; height: 221px;\" \/> &nbsp;&nbsp; T\u00eb gjith\u00eb e kan\u00eb parasysh p\u00ebrpjekjen mbi 20-vje\u00e7are t\u00eb Kryepiskopit Anastas p\u00ebr t\u00eb nd\u00ebrtuar kisha sa m\u00eb funksionale dhe af\u00ebr besimtar\u00ebve. Dhe jo vet\u00ebm n\u00eb qendrat e qyteteve, por atje ku&nbsp; jan\u00eb besimtar\u00ebt. Kjo \u00ebsht\u00eb synuar edhe n\u00eb Tiran\u00eb, me gjith\u00eb v\u00ebshtir\u00ebsit\u00eb q\u00eb paraqet kryeqyteti p\u00ebr gjetjen e shesheve t\u00eb nd\u00ebrtimit p\u00ebr k\u00ebt\u00eb q\u00ebllim. Nj\u00eb komunitet i madh orthodhoks ka ekzistuar prej koh\u00ebsh edhe n\u00eb lagjen periferike t\u00eb Kombinatit dhe p\u00ebr t\u2019iu p\u00ebrgjigjur nevojave t\u00eb tij, n\u00eb munges\u00eb t\u00eb nj\u00eb hap\u00ebsire tjet\u00ebr, u p\u00ebrdor oborri i kompleksit \u201cNazaret\u201d p\u00ebr t\u00eb ngritur kish\u00ebn e tyre. Kjo kish\u00eb, duke qen\u00eb af\u00ebr varrezave publike t\u00eb Sharr\u00ebs, do krijoj\u00eb mund\u00ebsi m\u00eb t\u00eb mira edhe p\u00ebr sh\u00ebrbesat p\u00ebrkujtimore p\u00ebr t\u00eb fjeturit orthodhoks\u00eb.<\/span><\/span><\/span><\/div>\n<div style=\"text-align: justify;\">\n\t<br \/>\n\t<span style=\"color:#000000;\"><span style=\"font-family: tahoma,geneva,sans-serif;\"><span style=\"font-size: 12px;\">&nbsp;&nbsp;&nbsp; Kisha, q\u00eb i kushtohet t\u00eb Gjith\u00eb Shenjtor\u00ebve, \u00ebsht\u00eb e stilit bazilik\u00eb me kupol\u00eb dhe portik nga tri an\u00ebt. Lart\u00ebsimi i kambanave b\u00ebhet me an\u00ebn e nj\u00eb konstruksioni mural t\u00eb drejt\u00eb, me tri dritare ku jan\u00eb vendo-sur kambanat. Sip\u00ebrfaqja e p\u00ebrgjithshme e saj \u00ebsht\u00eb rreth 250 m2, me lart\u00ebsi n\u00eb kupol\u00eb 12.5 metra. Ikonostasi i gdhendur me dor\u00eb dhe ikonat jan\u00eb realizuar nga mjeshtrit e punishteve p\u00ebrkat\u00ebse t\u00eb kompleksit \u201cNazaret\u201d.<\/span><\/span><\/span><\/div>\n<div style=\"text-align: justify;\">\n\t<br \/>\n\t<span style=\"color:#000000;\"><span style=\"font-family: tahoma,geneva,sans-serif;\"><span style=\"font-size: 12px;\">&nbsp;&nbsp;&nbsp; Kisha filloi nga funksionimi t\u00eb Diel\u00ebn e Gjith\u00eb Shenjtor\u00ebve, m\u00eb 10 qershor, dit\u00ebn kur feston, me Sh\u00ebrbes\u00ebn e Hapjes s\u00eb Dyerve dhe Liturgjin\u00eb e par\u00eb Hyjnore. Ato u kryen nga Kryepiskopi Anastas, i ndihmuar nga Episkopi i Amantias, Hir\u00ebsi Nathanaili dhe klerik\u00eb t\u00eb tjer\u00eb. N\u00eb fjal\u00ebn e tij Kryepiskopi theksoi r\u00ebnd\u00ebsin\u00eb e k\u00ebsaj dite dhe fal\u00ebnderoi t\u00eb gjith\u00eb ata q\u00eb kan\u00eb kontribuar p\u00ebr nd\u00ebrtimin e saj. Ai u ndal gjithashtu n\u00eb kuptimin e t\u00eb kremtes dhe r\u00ebnd\u00ebsin\u00eb e d\u00ebshmis\u00eb s\u00eb shenjtor\u00ebve t\u00eb Kish\u00ebs, e t\u00eb gjith\u00eb atyre q\u00eb u lut\u00ebn e sakrifikuan p\u00ebr ruajtjen dhe p\u00ebrparimin e besimit.<\/span><\/span><\/span><\/div>\n<div style=\"text-align: justify;\">\n\t&nbsp;<\/div>\n<div style=\"text-align: justify;\">\n\t<span style=\"color:#000000;\"><span style=\"font-family: tahoma,geneva,sans-serif;\"><span style=\"font-size: 12px;\">&nbsp;&nbsp;&nbsp; Kisha do t\u00eb sh\u00ebrbej\u00eb rregullisht, dhe&nbsp; \u00e7do t\u00eb diel e t\u00eb kremte do t\u00eb kryhet Liturgjia Hyjnore, si dhe t\u00eb gjitha llojet e sh\u00ebrbesave.<\/span><\/span><\/span><\/div>\n<div style=\"text-align: center;\">\n\t&nbsp;<\/div>\n<div style=\"text-align: center;\">\n<p>\t<span style=\"color:#000000;\"><span style=\"font-family: tahoma,geneva,sans-serif;\"><span style=\"font-size: 12px;\"><img class=\"lazyload\" decoding=\"async\" align=\"middle\" alt=\"\" src=\"data:image\/gif;base64,R0lGODlhAQABAAAAACH5BAEKAAEALAAAAAABAAEAAAICTAEAOw==\" data-orig-src=\"https:\/\/lh5.googleusercontent.com\/-kszyZjEWHFk\/T98GCtXnjSI\/AAAAAAAAAJY\/5NRM-f0eCjs\/s720\/faqja%205%20hapja%20e%20dyerve%20nazaret.jpg\" style=\"border-width: 1px; border-style: solid; width: 650px; height: 488px; margin: 10px;\" \/><\/span><\/span><\/span><\/div>\n<div style=\"text-align: center;\">\n\t<span style=\"color:#000000;\"><span style=\"font-family: tahoma,geneva,sans-serif;\"><span style=\"font-size: 12px;\"><img class=\"lazyload\" decoding=\"async\" align=\"middle\" alt=\"\" src=\"data:image\/gif;base64,R0lGODlhAQABAAAAACH5BAEKAAEALAAAAAABAAEAAAICTAEAOw==\" data-orig-src=\"https:\/\/lh4.googleusercontent.com\/-isdaXjpZyRk\/T98GErJyAjI\/AAAAAAAAAJc\/9PotGHMvYu8\/s800\/kisha%20gjithe%20shenjtoret.jpg\" style=\"border-width: 1px; border-style: solid; width: 650px; height: 451px; margin: 10px;\" \/><\/span><\/span><\/span><\/div>\n<div style=\"text-align: center;\">\n\t<span style=\"color:#000000;\"><span style=\"font-family: tahoma,geneva,sans-serif;\"><span style=\"font-size: 12px;\"><img class=\"lazyload\" decoding=\"async\" alt=\"\" src=\"data:image\/gif;base64,R0lGODlhAQABAAAAACH5BAEKAAEALAAAAAABAAEAAAICTAEAOw==\" data-orig-src=\"https:\/\/lh4.googleusercontent.com\/-bBZZPc097vk\/T98GUwuJk-I\/AAAAAAAAAJw\/6zGszteNc6I\/s576\/faqja%2012%20nazaret2i.jpg\" style=\"width: 656px; height: 663px; border-width: 1px; border-style: solid; margin: 10px;\" \/><\/span><\/span><\/span><\/div>\n","protected":false},"excerpt":{"rendered":"<p>&nbsp;&nbsp; T\u00eb gjith\u00eb e kan\u00eb parasysh p\u00ebrpjekjen mbi 20-vje\u00e7are t\u00eb Kryepiskopit Anastas p\u00ebr t\u00eb nd\u00ebrtuar kisha sa m\u00eb funksionale dhe af\u00ebr besimtar\u00ebve. Dhe jo vet\u00ebm n\u00eb qendrat e qyteteve, por atje ku&nbsp; jan\u00eb besimtar\u00ebt. Kjo \u00ebsht\u00eb synuar edhe n\u00eb Tiran\u00eb, me gjith\u00eb v\u00ebshtir\u00ebsit\u00eb q\u00eb paraqet kryeqyteti p\u00ebr gjetjen e shesheve t\u00eb nd\u00ebrtimit p\u00ebr k\u00ebt\u00eb q\u00ebllim. Nj\u00eb komunitet i madh orthodhoks ka ekzistuar prej koh\u00ebsh edhe<\/p>\n","protected":false},"author":1,"featured_media":0,"comment_status":"open","ping_status":"open","sticky":false,"template":"","format":"standard","meta":{"_acf_changed":false,"pagelayer_contact_templates":[],"_pagelayer_content":"","inline_featured_image":false,"fifu_image_url":"","fifu_image_alt":"","footnotes":""},"categories":[108],"tags":[142,153,196,201,212],"class_list":["post-619","post","type-post","status-publish","format-standard","hentry","category-lajme","tag-142","tag-deklarata-njoftime-zyrtare-d75","tag-tirane","tag-kryepiskopi-anastas","tag-lajme-d27"],"acf":[],"yoast_head":"<!-- This site is optimized with the Yoast SEO plugin v27.2 - https:\/\/yoast.com\/product\/yoast-seo-wordpress\/ -->\n<title>Hapi dyert kisha e re e Gjith\u00eb Shenjtor\u00ebve. (Qershor 2012) - Kisha Orthodh\u03bfkse Autoqefale e Shqip\u00ebris\u00eb<\/title>\n<meta name=\"robots\" content=\"index, follow, max-snippet:-1, max-image-preview:large, max-video-preview:-1\" \/>\n<link rel=\"canonical\" href=\"https:\/\/orthodoxalbania.org\/2020\/2013\/03\/21\/hapi-dyert-kisha-e-re-e-gjithe-shenjtoreve\/\" \/>\n<meta property=\"og:locale\" content=\"en_US\" \/>\n<meta property=\"og:type\" content=\"article\" \/>\n<meta property=\"og:title\" content=\"Hapi dyert kisha e re e Gjith\u00eb Shenjtor\u00ebve. (Qershor 2012) - Kisha Orthodh\u03bfkse Autoqefale e Shqip\u00ebris\u00eb\" \/>\n<meta property=\"og:description\" content=\"&nbsp;&nbsp; T\u00eb gjith\u00eb e kan\u00eb parasysh p\u00ebrpjekjen mbi 20-vje\u00e7are t\u00eb Kryepiskopit Anastas p\u00ebr t\u00eb nd\u00ebrtuar kisha sa m\u00eb funksionale dhe af\u00ebr besimtar\u00ebve. Dhe jo vet\u00ebm n\u00eb qendrat e qyteteve, por atje ku&nbsp; jan\u00eb besimtar\u00ebt. Kjo \u00ebsht\u00eb synuar edhe n\u00eb Tiran\u00eb, me gjith\u00eb v\u00ebshtir\u00ebsit\u00eb q\u00eb paraqet kryeqyteti p\u00ebr gjetjen e shesheve t\u00eb nd\u00ebrtimit p\u00ebr k\u00ebt\u00eb q\u00ebllim. Nj\u00eb komunitet i madh orthodhoks ka ekzistuar prej koh\u00ebsh edhe\" \/>\n<meta property=\"og:url\" content=\"https:\/\/orthodoxalbania.org\/2020\/2013\/03\/21\/hapi-dyert-kisha-e-re-e-gjithe-shenjtoreve\/\" \/>\n<meta property=\"og:site_name\" content=\"Kisha Orthodh\u03bfkse Autoqefale e Shqip\u00ebris\u00eb\" \/>\n<meta property=\"article:publisher\" content=\"https:\/\/www.facebook.com\/koash1991\" \/>\n<meta property=\"article:published_time\" content=\"2013-03-21T11:59:19+00:00\" \/>\n<meta property=\"article:modified_time\" content=\"2020-04-06T20:06:04+00:00\" \/>\n<meta property=\"og:image\" content=\"https:\/\/lh5.googleusercontent.com\/-Y5ya7t3-6JY\/T98GNL2ZhuI\/AAAAAAAAAJo\/TOytGuRlGKc\/s720\/faqja%2012%20nazareti.jpg\" \/>\n<meta name=\"author\" content=\"Kisha Orthodhokse\" \/>\n<meta name=\"twitter:card\" content=\"summary_large_image\" \/>\n<meta name=\"twitter:label1\" content=\"Written by\" \/>\n\t<meta name=\"twitter:data1\" content=\"Kisha Orthodhokse\" \/>\n\t<meta name=\"twitter:label2\" content=\"Est. reading time\" \/>\n\t<meta name=\"twitter:data2\" content=\"2 minutes\" \/>\n<script type=\"application\/ld+json\" class=\"yoast-schema-graph\">{\"@context\":\"https:\/\/schema.org\",\"@graph\":[{\"@type\":\"Article\",\"@id\":\"https:\/\/orthodoxalbania.org\/2020\/2013\/03\/21\/hapi-dyert-kisha-e-re-e-gjithe-shenjtoreve\/#article\",\"isPartOf\":{\"@id\":\"https:\/\/orthodoxalbania.org\/2020\/2013\/03\/21\/hapi-dyert-kisha-e-re-e-gjithe-shenjtoreve\/\"},\"author\":{\"name\":\"Kisha Orthodhokse\",\"@id\":\"https:\/\/orthodoxalbania.org\/2020\/#\/schema\/person\/0c387634a7063ac612d7ed9ce71c7e86\"},\"headline\":\"Hapi dyert kisha e re e Gjith\u00eb Shenjtor\u00ebve. (Qershor 2012)\",\"datePublished\":\"2013-03-21T11:59:19+00:00\",\"dateModified\":\"2020-04-06T20:06:04+00:00\",\"mainEntityOfPage\":{\"@id\":\"https:\/\/orthodoxalbania.org\/2020\/2013\/03\/21\/hapi-dyert-kisha-e-re-e-gjithe-shenjtoreve\/\"},\"wordCount\":394,\"commentCount\":0,\"publisher\":{\"@id\":\"https:\/\/orthodoxalbania.org\/2020\/#organization\"},\"image\":{\"@id\":\"https:\/\/orthodoxalbania.org\/2020\/2013\/03\/21\/hapi-dyert-kisha-e-re-e-gjithe-shenjtoreve\/#primaryimage\"},\"thumbnailUrl\":\"https:\/\/lh5.googleusercontent.com\/-Y5ya7t3-6JY\/T98GNL2ZhuI\/AAAAAAAAAJo\/TOytGuRlGKc\/s720\/faqja%2012%20nazareti.jpg\",\"keywords\":[\"2012\",\"Deklarata - Njoftime Zyrtare\",\"Kryepiskopata Tiran\u00eb\",\"Kryepiskopi Anastas\",\"lajme\"],\"articleSection\":[\"Lajme\"],\"inLanguage\":\"en-US\"},{\"@type\":\"WebPage\",\"@id\":\"https:\/\/orthodoxalbania.org\/2020\/2013\/03\/21\/hapi-dyert-kisha-e-re-e-gjithe-shenjtoreve\/\",\"url\":\"https:\/\/orthodoxalbania.org\/2020\/2013\/03\/21\/hapi-dyert-kisha-e-re-e-gjithe-shenjtoreve\/\",\"name\":\"Hapi dyert kisha e re e Gjith\u00eb Shenjtor\u00ebve. (Qershor 2012) - Kisha Orthodh\u03bfkse Autoqefale e Shqip\u00ebris\u00eb\",\"isPartOf\":{\"@id\":\"https:\/\/orthodoxalbania.org\/2020\/#website\"},\"primaryImageOfPage\":{\"@id\":\"https:\/\/orthodoxalbania.org\/2020\/2013\/03\/21\/hapi-dyert-kisha-e-re-e-gjithe-shenjtoreve\/#primaryimage\"},\"image\":{\"@id\":\"https:\/\/orthodoxalbania.org\/2020\/2013\/03\/21\/hapi-dyert-kisha-e-re-e-gjithe-shenjtoreve\/#primaryimage\"},\"thumbnailUrl\":\"https:\/\/lh5.googleusercontent.com\/-Y5ya7t3-6JY\/T98GNL2ZhuI\/AAAAAAAAAJo\/TOytGuRlGKc\/s720\/faqja%2012%20nazareti.jpg\",\"datePublished\":\"2013-03-21T11:59:19+00:00\",\"dateModified\":\"2020-04-06T20:06:04+00:00\",\"breadcrumb\":{\"@id\":\"https:\/\/orthodoxalbania.org\/2020\/2013\/03\/21\/hapi-dyert-kisha-e-re-e-gjithe-shenjtoreve\/#breadcrumb\"},\"inLanguage\":\"en-US\",\"potentialAction\":[{\"@type\":\"ReadAction\",\"target\":[\"https:\/\/orthodoxalbania.org\/2020\/2013\/03\/21\/hapi-dyert-kisha-e-re-e-gjithe-shenjtoreve\/\"]}]},{\"@type\":\"ImageObject\",\"inLanguage\":\"en-US\",\"@id\":\"https:\/\/orthodoxalbania.org\/2020\/2013\/03\/21\/hapi-dyert-kisha-e-re-e-gjithe-shenjtoreve\/#primaryimage\",\"url\":\"https:\/\/lh5.googleusercontent.com\/-Y5ya7t3-6JY\/T98GNL2ZhuI\/AAAAAAAAAJo\/TOytGuRlGKc\/s720\/faqja%2012%20nazareti.jpg\",\"contentUrl\":\"https:\/\/lh5.googleusercontent.com\/-Y5ya7t3-6JY\/T98GNL2ZhuI\/AAAAAAAAAJo\/TOytGuRlGKc\/s720\/faqja%2012%20nazareti.jpg\"},{\"@type\":\"BreadcrumbList\",\"@id\":\"https:\/\/orthodoxalbania.org\/2020\/2013\/03\/21\/hapi-dyert-kisha-e-re-e-gjithe-shenjtoreve\/#breadcrumb\",\"itemListElement\":[{\"@type\":\"ListItem\",\"position\":1,\"name\":\"Home\",\"item\":\"https:\/\/orthodoxalbania.org\/2020\/\"},{\"@type\":\"ListItem\",\"position\":2,\"name\":\"Hapi dyert kisha e re e Gjith\u00eb Shenjtor\u00ebve. (Qershor 2012)\"}]},{\"@type\":\"WebSite\",\"@id\":\"https:\/\/orthodoxalbania.org\/2020\/#website\",\"url\":\"https:\/\/orthodoxalbania.org\/2020\/\",\"name\":\"Kisha Orthodh\u03bfkse Autoqefale e Shqip\u00ebris\u00eb\",\"description\":\"Fqja Zyrtare e Kish\u00ebs Orthodhokse Autoqefale e Shqip\u00ebris\u00eb me lajmet edhe informacionet zyrtare p\u00ebr struktur\u00ebn edhe veprimtarin e saj.\",\"publisher\":{\"@id\":\"https:\/\/orthodoxalbania.org\/2020\/#organization\"},\"potentialAction\":[{\"@type\":\"SearchAction\",\"target\":{\"@type\":\"EntryPoint\",\"urlTemplate\":\"https:\/\/orthodoxalbania.org\/2020\/?s={search_term_string}\"},\"query-input\":{\"@type\":\"PropertyValueSpecification\",\"valueRequired\":true,\"valueName\":\"search_term_string\"}}],\"inLanguage\":\"en-US\"},{\"@type\":\"Organization\",\"@id\":\"https:\/\/orthodoxalbania.org\/2020\/#organization\",\"name\":\"Kisha Orthodhokse Autoqefale e Shqip\u00ebris\u00eb\",\"url\":\"https:\/\/orthodoxalbania.org\/2020\/\",\"logo\":{\"@type\":\"ImageObject\",\"inLanguage\":\"en-US\",\"@id\":\"https:\/\/orthodoxalbania.org\/2020\/#\/schema\/logo\/image\/\",\"url\":\"https:\/\/orthodoxalbania.org\/2020\/wp-content\/uploads\/2020\/05\/albania.jpeg\",\"contentUrl\":\"https:\/\/orthodoxalbania.org\/2020\/wp-content\/uploads\/2020\/05\/albania.jpeg\",\"width\":540,\"height\":540,\"caption\":\"Kisha Orthodhokse Autoqefale e Shqip\u00ebris\u00eb\"},\"image\":{\"@id\":\"https:\/\/orthodoxalbania.org\/2020\/#\/schema\/logo\/image\/\"},\"sameAs\":[\"https:\/\/www.facebook.com\/koash1991\"]},{\"@type\":\"Person\",\"@id\":\"https:\/\/orthodoxalbania.org\/2020\/#\/schema\/person\/0c387634a7063ac612d7ed9ce71c7e86\",\"name\":\"Kisha Orthodhokse\",\"image\":{\"@type\":\"ImageObject\",\"inLanguage\":\"en-US\",\"@id\":\"https:\/\/secure.gravatar.com\/avatar\/596e7c417251e30f2fbb9c00e026fce61a695a00e51c889caded71c96cbbdde5?s=96&d=mm&r=g\",\"url\":\"https:\/\/secure.gravatar.com\/avatar\/596e7c417251e30f2fbb9c00e026fce61a695a00e51c889caded71c96cbbdde5?s=96&d=mm&r=g\",\"contentUrl\":\"https:\/\/secure.gravatar.com\/avatar\/596e7c417251e30f2fbb9c00e026fce61a695a00e51c889caded71c96cbbdde5?s=96&d=mm&r=g\",\"caption\":\"Kisha Orthodhokse\"}}]}<\/script>\n<!-- \/ Yoast SEO plugin. -->","yoast_head_json":{"title":"Hapi dyert kisha e re e Gjith\u00eb Shenjtor\u00ebve. (Qershor 2012) - Kisha Orthodh\u03bfkse Autoqefale e Shqip\u00ebris\u00eb","robots":{"index":"index","follow":"follow","max-snippet":"max-snippet:-1","max-image-preview":"max-image-preview:large","max-video-preview":"max-video-preview:-1"},"canonical":"https:\/\/orthodoxalbania.org\/2020\/2013\/03\/21\/hapi-dyert-kisha-e-re-e-gjithe-shenjtoreve\/","og_locale":"en_US","og_type":"article","og_title":"Hapi dyert kisha e re e Gjith\u00eb Shenjtor\u00ebve. (Qershor 2012) - Kisha Orthodh\u03bfkse Autoqefale e Shqip\u00ebris\u00eb","og_description":"&nbsp;&nbsp; T\u00eb gjith\u00eb e kan\u00eb parasysh p\u00ebrpjekjen mbi 20-vje\u00e7are t\u00eb Kryepiskopit Anastas p\u00ebr t\u00eb nd\u00ebrtuar kisha sa m\u00eb funksionale dhe af\u00ebr besimtar\u00ebve. Dhe jo vet\u00ebm n\u00eb qendrat e qyteteve, por atje ku&nbsp; jan\u00eb besimtar\u00ebt. Kjo \u00ebsht\u00eb synuar edhe n\u00eb Tiran\u00eb, me gjith\u00eb v\u00ebshtir\u00ebsit\u00eb q\u00eb paraqet kryeqyteti p\u00ebr gjetjen e shesheve t\u00eb nd\u00ebrtimit p\u00ebr k\u00ebt\u00eb q\u00ebllim. Nj\u00eb komunitet i madh orthodhoks ka ekzistuar prej koh\u00ebsh edhe","og_url":"https:\/\/orthodoxalbania.org\/2020\/2013\/03\/21\/hapi-dyert-kisha-e-re-e-gjithe-shenjtoreve\/","og_site_name":"Kisha Orthodh\u03bfkse Autoqefale e Shqip\u00ebris\u00eb","article_publisher":"https:\/\/www.facebook.com\/koash1991","article_published_time":"2013-03-21T11:59:19+00:00","article_modified_time":"2020-04-06T20:06:04+00:00","og_image":[{"url":"https:\/\/lh5.googleusercontent.com\/-Y5ya7t3-6JY\/T98GNL2ZhuI\/AAAAAAAAAJo\/TOytGuRlGKc\/s720\/faqja%2012%20nazareti.jpg","type":"","width":"","height":""}],"author":"Kisha Orthodhokse","twitter_card":"summary_large_image","twitter_misc":{"Written by":"Kisha Orthodhokse","Est. reading time":"2 minutes"},"schema":{"@context":"https:\/\/schema.org","@graph":[{"@type":"Article","@id":"https:\/\/orthodoxalbania.org\/2020\/2013\/03\/21\/hapi-dyert-kisha-e-re-e-gjithe-shenjtoreve\/#article","isPartOf":{"@id":"https:\/\/orthodoxalbania.org\/2020\/2013\/03\/21\/hapi-dyert-kisha-e-re-e-gjithe-shenjtoreve\/"},"author":{"name":"Kisha Orthodhokse","@id":"https:\/\/orthodoxalbania.org\/2020\/#\/schema\/person\/0c387634a7063ac612d7ed9ce71c7e86"},"headline":"Hapi dyert kisha e re e Gjith\u00eb Shenjtor\u00ebve. (Qershor 2012)","datePublished":"2013-03-21T11:59:19+00:00","dateModified":"2020-04-06T20:06:04+00:00","mainEntityOfPage":{"@id":"https:\/\/orthodoxalbania.org\/2020\/2013\/03\/21\/hapi-dyert-kisha-e-re-e-gjithe-shenjtoreve\/"},"wordCount":394,"commentCount":0,"publisher":{"@id":"https:\/\/orthodoxalbania.org\/2020\/#organization"},"image":{"@id":"https:\/\/orthodoxalbania.org\/2020\/2013\/03\/21\/hapi-dyert-kisha-e-re-e-gjithe-shenjtoreve\/#primaryimage"},"thumbnailUrl":"https:\/\/lh5.googleusercontent.com\/-Y5ya7t3-6JY\/T98GNL2ZhuI\/AAAAAAAAAJo\/TOytGuRlGKc\/s720\/faqja%2012%20nazareti.jpg","keywords":["2012","Deklarata - Njoftime Zyrtare","Kryepiskopata Tiran\u00eb","Kryepiskopi Anastas","lajme"],"articleSection":["Lajme"],"inLanguage":"en-US"},{"@type":"WebPage","@id":"https:\/\/orthodoxalbania.org\/2020\/2013\/03\/21\/hapi-dyert-kisha-e-re-e-gjithe-shenjtoreve\/","url":"https:\/\/orthodoxalbania.org\/2020\/2013\/03\/21\/hapi-dyert-kisha-e-re-e-gjithe-shenjtoreve\/","name":"Hapi dyert kisha e re e Gjith\u00eb Shenjtor\u00ebve. (Qershor 2012) - Kisha Orthodh\u03bfkse Autoqefale e Shqip\u00ebris\u00eb","isPartOf":{"@id":"https:\/\/orthodoxalbania.org\/2020\/#website"},"primaryImageOfPage":{"@id":"https:\/\/orthodoxalbania.org\/2020\/2013\/03\/21\/hapi-dyert-kisha-e-re-e-gjithe-shenjtoreve\/#primaryimage"},"image":{"@id":"https:\/\/orthodoxalbania.org\/2020\/2013\/03\/21\/hapi-dyert-kisha-e-re-e-gjithe-shenjtoreve\/#primaryimage"},"thumbnailUrl":"https:\/\/lh5.googleusercontent.com\/-Y5ya7t3-6JY\/T98GNL2ZhuI\/AAAAAAAAAJo\/TOytGuRlGKc\/s720\/faqja%2012%20nazareti.jpg","datePublished":"2013-03-21T11:59:19+00:00","dateModified":"2020-04-06T20:06:04+00:00","breadcrumb":{"@id":"https:\/\/orthodoxalbania.org\/2020\/2013\/03\/21\/hapi-dyert-kisha-e-re-e-gjithe-shenjtoreve\/#breadcrumb"},"inLanguage":"en-US","potentialAction":[{"@type":"ReadAction","target":["https:\/\/orthodoxalbania.org\/2020\/2013\/03\/21\/hapi-dyert-kisha-e-re-e-gjithe-shenjtoreve\/"]}]},{"@type":"ImageObject","inLanguage":"en-US","@id":"https:\/\/orthodoxalbania.org\/2020\/2013\/03\/21\/hapi-dyert-kisha-e-re-e-gjithe-shenjtoreve\/#primaryimage","url":"https:\/\/lh5.googleusercontent.com\/-Y5ya7t3-6JY\/T98GNL2ZhuI\/AAAAAAAAAJo\/TOytGuRlGKc\/s720\/faqja%2012%20nazareti.jpg","contentUrl":"https:\/\/lh5.googleusercontent.com\/-Y5ya7t3-6JY\/T98GNL2ZhuI\/AAAAAAAAAJo\/TOytGuRlGKc\/s720\/faqja%2012%20nazareti.jpg"},{"@type":"BreadcrumbList","@id":"https:\/\/orthodoxalbania.org\/2020\/2013\/03\/21\/hapi-dyert-kisha-e-re-e-gjithe-shenjtoreve\/#breadcrumb","itemListElement":[{"@type":"ListItem","position":1,"name":"Home","item":"https:\/\/orthodoxalbania.org\/2020\/"},{"@type":"ListItem","position":2,"name":"Hapi dyert kisha e re e Gjith\u00eb Shenjtor\u00ebve. (Qershor 2012)"}]},{"@type":"WebSite","@id":"https:\/\/orthodoxalbania.org\/2020\/#website","url":"https:\/\/orthodoxalbania.org\/2020\/","name":"Kisha Orthodh\u03bfkse Autoqefale e Shqip\u00ebris\u00eb","description":"Fqja Zyrtare e Kish\u00ebs Orthodhokse Autoqefale e Shqip\u00ebris\u00eb me lajmet edhe informacionet zyrtare p\u00ebr struktur\u00ebn edhe veprimtarin e saj.","publisher":{"@id":"https:\/\/orthodoxalbania.org\/2020\/#organization"},"potentialAction":[{"@type":"SearchAction","target":{"@type":"EntryPoint","urlTemplate":"https:\/\/orthodoxalbania.org\/2020\/?s={search_term_string}"},"query-input":{"@type":"PropertyValueSpecification","valueRequired":true,"valueName":"search_term_string"}}],"inLanguage":"en-US"},{"@type":"Organization","@id":"https:\/\/orthodoxalbania.org\/2020\/#organization","name":"Kisha Orthodhokse Autoqefale e Shqip\u00ebris\u00eb","url":"https:\/\/orthodoxalbania.org\/2020\/","logo":{"@type":"ImageObject","inLanguage":"en-US","@id":"https:\/\/orthodoxalbania.org\/2020\/#\/schema\/logo\/image\/","url":"https:\/\/orthodoxalbania.org\/2020\/wp-content\/uploads\/2020\/05\/albania.jpeg","contentUrl":"https:\/\/orthodoxalbania.org\/2020\/wp-content\/uploads\/2020\/05\/albania.jpeg","width":540,"height":540,"caption":"Kisha Orthodhokse Autoqefale e Shqip\u00ebris\u00eb"},"image":{"@id":"https:\/\/orthodoxalbania.org\/2020\/#\/schema\/logo\/image\/"},"sameAs":["https:\/\/www.facebook.com\/koash1991"]},{"@type":"Person","@id":"https:\/\/orthodoxalbania.org\/2020\/#\/schema\/person\/0c387634a7063ac612d7ed9ce71c7e86","name":"Kisha Orthodhokse","image":{"@type":"ImageObject","inLanguage":"en-US","@id":"https:\/\/secure.gravatar.com\/avatar\/596e7c417251e30f2fbb9c00e026fce61a695a00e51c889caded71c96cbbdde5?s=96&d=mm&r=g","url":"https:\/\/secure.gravatar.com\/avatar\/596e7c417251e30f2fbb9c00e026fce61a695a00e51c889caded71c96cbbdde5?s=96&d=mm&r=g","contentUrl":"https:\/\/secure.gravatar.com\/avatar\/596e7c417251e30f2fbb9c00e026fce61a695a00e51c889caded71c96cbbdde5?s=96&d=mm&r=g","caption":"Kisha Orthodhokse"}}]}},"_links":{"self":[{"href":"https:\/\/orthodoxalbania.org\/2020\/wp-json\/wp\/v2\/posts\/619","targetHints":{"allow":["GET"]}}],"collection":[{"href":"https:\/\/orthodoxalbania.org\/2020\/wp-json\/wp\/v2\/posts"}],"about":[{"href":"https:\/\/orthodoxalbania.org\/2020\/wp-json\/wp\/v2\/types\/post"}],"author":[{"embeddable":true,"href":"https:\/\/orthodoxalbania.org\/2020\/wp-json\/wp\/v2\/users\/1"}],"replies":[{"embeddable":true,"href":"https:\/\/orthodoxalbania.org\/2020\/wp-json\/wp\/v2\/comments?post=619"}],"version-history":[{"count":1,"href":"https:\/\/orthodoxalbania.org\/2020\/wp-json\/wp\/v2\/posts\/619\/revisions"}],"predecessor-version":[{"id":15318,"href":"https:\/\/orthodoxalbania.org\/2020\/wp-json\/wp\/v2\/posts\/619\/revisions\/15318"}],"wp:attachment":[{"href":"https:\/\/orthodoxalbania.org\/2020\/wp-json\/wp\/v2\/media?parent=619"}],"wp:term":[{"taxonomy":"category","embeddable":true,"href":"https:\/\/orthodoxalbania.org\/2020\/wp-json\/wp\/v2\/categories?post=619"},{"taxonomy":"post_tag","embeddable":true,"href":"https:\/\/orthodoxalbania.org\/2020\/wp-json\/wp\/v2\/tags?post=619"}],"curies":[{"name":"wp","href":"https:\/\/api.w.org\/{rel}","templated":true}]}}