{"id":618,"date":"2013-03-21T12:25:09","date_gmt":"2013-03-21T12:25:09","guid":{"rendered":""},"modified":"2020-04-06T22:05:56","modified_gmt":"2020-04-06T20:05:56","slug":"hapet-ne-galerine-kombetare-te-arteve-ekspozita-ikonografike-shekujt-xiv-xx","status":"publish","type":"post","link":"https:\/\/orthodoxalbania.org\/2020\/2013\/03\/21\/hapet-ne-galerine-kombetare-te-arteve-ekspozita-ikonografike-shekujt-xiv-xx\/","title":{"rendered":"Hapet n\u00eb Galerin\u00eb Komb\u00ebtare t\u00eb Arteve  &#8220;Ekspozita Ikonografike, shekujt XIV-XX&#8221;. (13 Tetor 2012)"},"content":{"rendered":"<div style=\"text-align: justify;\">\n\t<span style=\"color:#000000;\"><span style=\"font-family: tahoma,geneva,sans-serif;\"><span style=\"font-size: 12px;\"><img class=\"lazyload\" decoding=\"async\" src=\"data:image\/gif;base64,R0lGODlhAQABAAAAACH5BAEKAAEALAAAAAABAAEAAAICTAEAOw==\" data-orig-src=\"https:\/\/lh4.googleusercontent.com\/-Pjy5Ctrz1cU\/UK9Hc5ph-VI\/AAAAAAAABL4\/UOkLJ2clNBU\/s200\/news_th_ekspozita_ikonave_1144_0.jpg\" style=\"width: 300px; height: 150px; border-width: 1px; border-style: solid; margin: 10px; float: left;\" \/>&nbsp;&nbsp;&nbsp; T\u00eb m\u00ebrkur\u00ebn m\u00eb dt. 13 tetor, n\u00eb ambjentet e Galeris\u00eb s\u00eb Arteve n\u00eb Tiran\u00eb u hap \u201cEkspozita e Ikonografis\u00eb\u201d me ikona t\u00eb gjetura dhe t\u00eb d\u00ebshmuara n\u00eb territorin shqiptar t\u00eb shekujve XIV-XX. N\u00eb kuad\u00ebr t\u00eb 100 vjetorit t\u00eb Pavarsis\u00eb, Ministria e Kultur\u00ebs e Republik\u00ebs s\u00eb Shqip\u00ebris\u00eb, n\u00eb bashk\u00ebpunim edhe me muzeun historik t\u00eb Beratit dhe at\u00eb t\u00eb Kor\u00e7\u00ebs, e mb\u00ebshtet\u00ebn plot\u00ebsisht k\u00ebt\u00eb projekt: \u201cEkspozita Ikonografiik\u00eb \u2013 shekujt XIV-XX\u201d.&nbsp;&nbsp;<\/span><\/span><\/span><\/div>\n<div style=\"text-align: justify;\">\n\t<br \/>\n\t<span style=\"color:#000000;\"><span style=\"font-family: tahoma,geneva,sans-serif;\"><span style=\"font-size: 12px;\">&nbsp; &nbsp; Nga komuniteti I Krishter\u00eb Orthodhoks merrnin pjes\u00eb Kryepiskopi i Tiran\u00ebs Durr\u00ebsit dhe gjith\u00eb Shqip\u00ebris\u00eb, Fortlumturia e Tij, Imazot Anastasi, Arkimandrit Justin Anthimiadhi, Arkimandrit Kozmai , Dhjakon Anastasi, intelektual\u00eb, dhe t\u00eb rinj aktivist\u00eb pran\u00eb KOASH. Ekspozit\u00ebn e hapi drejtori i GKA z.Rubens Shima. Z.Aldo Bum\u00e7i , Minist\u00ebr i Kultur\u00ebs, n\u00eb fjal\u00ebn e tij p\u00ebrsh\u00ebndet\u00ebse p\u00ebr t\u00eb pranishmit nd\u00ebr t\u00eb tjera cil\u00ebsoi: \u201cIkonat jan\u00eb nj\u00eb trash\u00ebgimi e mrekullueshme, nj\u00eb pasuri e madhe, t\u00eb cil\u00ebn ne po e p\u00ebrdorim p\u00ebr t\u00eb prezantuar vlerat e Shqip\u00ebris\u00eb, n\u00eb ekspozita q\u00eb jan\u00eb hapur aktualisht n\u00eb Rom\u00eb dhe n\u00eb Mosk\u00eb\u201d.<\/span><\/span><\/span><\/div>\n<div style=\"text-align: justify;\">\n\t<br \/>\n\t<span style=\"color:#000000;\"><span style=\"font-family: tahoma,geneva,sans-serif;\"><span style=\"font-size: 12px;\">&nbsp;&nbsp;&nbsp; Gjithashtu Ministri i Kultur\u00ebs Bum\u00e7i falenderoi edhe p\u00ebrfaq\u00ebsuesit e Kish\u00ebs Orthodhokse, t\u00eb cil\u00ebt bashk\u00eb m\u00eb Ministrin\u00eb, por edhe n\u00eb m\u00ebnyr\u00eb t\u00eb pavarur kan\u00eb ndihmuar n\u00eb restaurimin e Kishave t\u00eb vjetra, ikonave dhe shprehu mir\u00ebnjohjen ndaj Kryepiskopit Anastas&nbsp; p\u00ebr k\u00ebt\u00eb vep\u00ebr t\u00eb fuqishme dhe k\u00ebt\u00eb ndihm\u00eb t\u00eb madhe. Ekspozita Ikonografike , shekujt XIV-XX do t\u00eb q\u00ebndroj\u00eb e hapurn ne GKA deri n\u00eb dt. 29 n\u00ebntor.&nbsp;&nbsp;&nbsp;&nbsp;&nbsp;<\/span><\/span><\/span><\/div>\n<div style=\"text-align: right;\">\n\t<span style=\"color:#000000;\"><span style=\"font-family: tahoma,geneva,sans-serif;\"><span style=\"font-size: 12px;\"><strong>Julia Lila<br \/>\n\t<\/strong><\/span><\/span><\/span><\/div>\n","protected":false},"excerpt":{"rendered":"<p>&nbsp;&nbsp;&nbsp; T\u00eb m\u00ebrkur\u00ebn m\u00eb dt. 13 tetor, n\u00eb ambjentet e Galeris\u00eb s\u00eb Arteve n\u00eb Tiran\u00eb u hap \u201cEkspozita e Ikonografis\u00eb\u201d me ikona t\u00eb gjetura dhe t\u00eb d\u00ebshmuara n\u00eb territorin shqiptar t\u00eb shekujve XIV-XX. N\u00eb kuad\u00ebr t\u00eb 100 vjetorit t\u00eb Pavarsis\u00eb, Ministria e Kultur\u00ebs e Republik\u00ebs s\u00eb Shqip\u00ebris\u00eb, n\u00eb bashk\u00ebpunim edhe me muzeun historik t\u00eb Beratit dhe at\u00eb t\u00eb Kor\u00e7\u00ebs, e mb\u00ebshtet\u00ebn plot\u00ebsisht k\u00ebt\u00eb projekt: \u201cEkspozita<\/p>\n","protected":false},"author":1,"featured_media":0,"comment_status":"open","ping_status":"open","sticky":false,"template":"","format":"standard","meta":{"_acf_changed":false,"pagelayer_contact_templates":[],"_pagelayer_content":"","inline_featured_image":false,"fifu_image_url":"","fifu_image_alt":"","footnotes":""},"categories":[108],"tags":[142,153,196,212],"class_list":["post-618","post","type-post","status-publish","format-standard","hentry","category-lajme","tag-142","tag-deklarata-njoftime-zyrtare-d75","tag-tirane","tag-lajme-d27"],"acf":[],"yoast_head":"<!-- This site is optimized with the Yoast SEO plugin v27.2 - https:\/\/yoast.com\/product\/yoast-seo-wordpress\/ -->\n<title>Hapet n\u00eb Galerin\u00eb Komb\u00ebtare t\u00eb Arteve &quot;Ekspozita Ikonografike, shekujt XIV-XX&quot;. (13 Tetor 2012) - Kisha Orthodh\u03bfkse Autoqefale e Shqip\u00ebris\u00eb<\/title>\n<meta name=\"robots\" content=\"index, follow, max-snippet:-1, max-image-preview:large, max-video-preview:-1\" \/>\n<link rel=\"canonical\" href=\"https:\/\/orthodoxalbania.org\/2020\/2013\/03\/21\/hapet-ne-galerine-kombetare-te-arteve-ekspozita-ikonografike-shekujt-xiv-xx\/\" \/>\n<meta property=\"og:locale\" content=\"en_US\" \/>\n<meta property=\"og:type\" content=\"article\" \/>\n<meta property=\"og:title\" content=\"Hapet n\u00eb Galerin\u00eb Komb\u00ebtare t\u00eb Arteve &quot;Ekspozita Ikonografike, shekujt XIV-XX&quot;. (13 Tetor 2012) - Kisha Orthodh\u03bfkse Autoqefale e Shqip\u00ebris\u00eb\" \/>\n<meta property=\"og:description\" content=\"&nbsp;&nbsp;&nbsp; T\u00eb m\u00ebrkur\u00ebn m\u00eb dt. 13 tetor, n\u00eb ambjentet e Galeris\u00eb s\u00eb Arteve n\u00eb Tiran\u00eb u hap \u201cEkspozita e Ikonografis\u00eb\u201d me ikona t\u00eb gjetura dhe t\u00eb d\u00ebshmuara n\u00eb territorin shqiptar t\u00eb shekujve XIV-XX. N\u00eb kuad\u00ebr t\u00eb 100 vjetorit t\u00eb Pavarsis\u00eb, Ministria e Kultur\u00ebs e Republik\u00ebs s\u00eb Shqip\u00ebris\u00eb, n\u00eb bashk\u00ebpunim edhe me muzeun historik t\u00eb Beratit dhe at\u00eb t\u00eb Kor\u00e7\u00ebs, e mb\u00ebshtet\u00ebn plot\u00ebsisht k\u00ebt\u00eb projekt: \u201cEkspozita\" \/>\n<meta property=\"og:url\" content=\"https:\/\/orthodoxalbania.org\/2020\/2013\/03\/21\/hapet-ne-galerine-kombetare-te-arteve-ekspozita-ikonografike-shekujt-xiv-xx\/\" \/>\n<meta property=\"og:site_name\" content=\"Kisha Orthodh\u03bfkse Autoqefale e Shqip\u00ebris\u00eb\" \/>\n<meta property=\"article:publisher\" content=\"https:\/\/www.facebook.com\/koash1991\" \/>\n<meta property=\"article:published_time\" content=\"2013-03-21T12:25:09+00:00\" \/>\n<meta property=\"article:modified_time\" content=\"2020-04-06T20:05:56+00:00\" \/>\n<meta property=\"og:image\" content=\"https:\/\/lh4.googleusercontent.com\/-Pjy5Ctrz1cU\/UK9Hc5ph-VI\/AAAAAAAABL4\/UOkLJ2clNBU\/s200\/news_th_ekspozita_ikonave_1144_0.jpg\" \/>\n<meta name=\"author\" content=\"Kisha Orthodhokse\" \/>\n<meta name=\"twitter:card\" content=\"summary_large_image\" \/>\n<meta name=\"twitter:label1\" content=\"Written by\" \/>\n\t<meta name=\"twitter:data1\" content=\"Kisha Orthodhokse\" \/>\n\t<meta name=\"twitter:label2\" content=\"Est. reading time\" \/>\n\t<meta name=\"twitter:data2\" content=\"1 minute\" \/>\n<script type=\"application\/ld+json\" class=\"yoast-schema-graph\">{\"@context\":\"https:\/\/schema.org\",\"@graph\":[{\"@type\":\"Article\",\"@id\":\"https:\/\/orthodoxalbania.org\/2020\/2013\/03\/21\/hapet-ne-galerine-kombetare-te-arteve-ekspozita-ikonografike-shekujt-xiv-xx\/#article\",\"isPartOf\":{\"@id\":\"https:\/\/orthodoxalbania.org\/2020\/2013\/03\/21\/hapet-ne-galerine-kombetare-te-arteve-ekspozita-ikonografike-shekujt-xiv-xx\/\"},\"author\":{\"name\":\"Kisha Orthodhokse\",\"@id\":\"https:\/\/orthodoxalbania.org\/2020\/#\/schema\/person\/0c387634a7063ac612d7ed9ce71c7e86\"},\"headline\":\"Hapet n\u00eb Galerin\u00eb Komb\u00ebtare t\u00eb Arteve &#8220;Ekspozita Ikonografike, shekujt XIV-XX&#8221;. (13 Tetor 2012)\",\"datePublished\":\"2013-03-21T12:25:09+00:00\",\"dateModified\":\"2020-04-06T20:05:56+00:00\",\"mainEntityOfPage\":{\"@id\":\"https:\/\/orthodoxalbania.org\/2020\/2013\/03\/21\/hapet-ne-galerine-kombetare-te-arteve-ekspozita-ikonografike-shekujt-xiv-xx\/\"},\"wordCount\":296,\"commentCount\":0,\"publisher\":{\"@id\":\"https:\/\/orthodoxalbania.org\/2020\/#organization\"},\"image\":{\"@id\":\"https:\/\/orthodoxalbania.org\/2020\/2013\/03\/21\/hapet-ne-galerine-kombetare-te-arteve-ekspozita-ikonografike-shekujt-xiv-xx\/#primaryimage\"},\"thumbnailUrl\":\"https:\/\/lh4.googleusercontent.com\/-Pjy5Ctrz1cU\/UK9Hc5ph-VI\/AAAAAAAABL4\/UOkLJ2clNBU\/s200\/news_th_ekspozita_ikonave_1144_0.jpg\",\"keywords\":[\"2012\",\"Deklarata - Njoftime Zyrtare\",\"Kryepiskopata Tiran\u00eb\",\"lajme\"],\"articleSection\":[\"Lajme\"],\"inLanguage\":\"en-US\"},{\"@type\":\"WebPage\",\"@id\":\"https:\/\/orthodoxalbania.org\/2020\/2013\/03\/21\/hapet-ne-galerine-kombetare-te-arteve-ekspozita-ikonografike-shekujt-xiv-xx\/\",\"url\":\"https:\/\/orthodoxalbania.org\/2020\/2013\/03\/21\/hapet-ne-galerine-kombetare-te-arteve-ekspozita-ikonografike-shekujt-xiv-xx\/\",\"name\":\"Hapet n\u00eb Galerin\u00eb Komb\u00ebtare t\u00eb Arteve \\\"Ekspozita Ikonografike, shekujt XIV-XX\\\". (13 Tetor 2012) - Kisha Orthodh\u03bfkse Autoqefale e Shqip\u00ebris\u00eb\",\"isPartOf\":{\"@id\":\"https:\/\/orthodoxalbania.org\/2020\/#website\"},\"primaryImageOfPage\":{\"@id\":\"https:\/\/orthodoxalbania.org\/2020\/2013\/03\/21\/hapet-ne-galerine-kombetare-te-arteve-ekspozita-ikonografike-shekujt-xiv-xx\/#primaryimage\"},\"image\":{\"@id\":\"https:\/\/orthodoxalbania.org\/2020\/2013\/03\/21\/hapet-ne-galerine-kombetare-te-arteve-ekspozita-ikonografike-shekujt-xiv-xx\/#primaryimage\"},\"thumbnailUrl\":\"https:\/\/lh4.googleusercontent.com\/-Pjy5Ctrz1cU\/UK9Hc5ph-VI\/AAAAAAAABL4\/UOkLJ2clNBU\/s200\/news_th_ekspozita_ikonave_1144_0.jpg\",\"datePublished\":\"2013-03-21T12:25:09+00:00\",\"dateModified\":\"2020-04-06T20:05:56+00:00\",\"breadcrumb\":{\"@id\":\"https:\/\/orthodoxalbania.org\/2020\/2013\/03\/21\/hapet-ne-galerine-kombetare-te-arteve-ekspozita-ikonografike-shekujt-xiv-xx\/#breadcrumb\"},\"inLanguage\":\"en-US\",\"potentialAction\":[{\"@type\":\"ReadAction\",\"target\":[\"https:\/\/orthodoxalbania.org\/2020\/2013\/03\/21\/hapet-ne-galerine-kombetare-te-arteve-ekspozita-ikonografike-shekujt-xiv-xx\/\"]}]},{\"@type\":\"ImageObject\",\"inLanguage\":\"en-US\",\"@id\":\"https:\/\/orthodoxalbania.org\/2020\/2013\/03\/21\/hapet-ne-galerine-kombetare-te-arteve-ekspozita-ikonografike-shekujt-xiv-xx\/#primaryimage\",\"url\":\"https:\/\/lh4.googleusercontent.com\/-Pjy5Ctrz1cU\/UK9Hc5ph-VI\/AAAAAAAABL4\/UOkLJ2clNBU\/s200\/news_th_ekspozita_ikonave_1144_0.jpg\",\"contentUrl\":\"https:\/\/lh4.googleusercontent.com\/-Pjy5Ctrz1cU\/UK9Hc5ph-VI\/AAAAAAAABL4\/UOkLJ2clNBU\/s200\/news_th_ekspozita_ikonave_1144_0.jpg\"},{\"@type\":\"BreadcrumbList\",\"@id\":\"https:\/\/orthodoxalbania.org\/2020\/2013\/03\/21\/hapet-ne-galerine-kombetare-te-arteve-ekspozita-ikonografike-shekujt-xiv-xx\/#breadcrumb\",\"itemListElement\":[{\"@type\":\"ListItem\",\"position\":1,\"name\":\"Home\",\"item\":\"https:\/\/orthodoxalbania.org\/2020\/\"},{\"@type\":\"ListItem\",\"position\":2,\"name\":\"Hapet n\u00eb Galerin\u00eb Komb\u00ebtare t\u00eb Arteve &#8220;Ekspozita Ikonografike, shekujt XIV-XX&#8221;. (13 Tetor 2012)\"}]},{\"@type\":\"WebSite\",\"@id\":\"https:\/\/orthodoxalbania.org\/2020\/#website\",\"url\":\"https:\/\/orthodoxalbania.org\/2020\/\",\"name\":\"Kisha Orthodh\u03bfkse Autoqefale e Shqip\u00ebris\u00eb\",\"description\":\"Fqja Zyrtare e Kish\u00ebs Orthodhokse Autoqefale e Shqip\u00ebris\u00eb me lajmet edhe informacionet zyrtare p\u00ebr struktur\u00ebn edhe veprimtarin e saj.\",\"publisher\":{\"@id\":\"https:\/\/orthodoxalbania.org\/2020\/#organization\"},\"potentialAction\":[{\"@type\":\"SearchAction\",\"target\":{\"@type\":\"EntryPoint\",\"urlTemplate\":\"https:\/\/orthodoxalbania.org\/2020\/?s={search_term_string}\"},\"query-input\":{\"@type\":\"PropertyValueSpecification\",\"valueRequired\":true,\"valueName\":\"search_term_string\"}}],\"inLanguage\":\"en-US\"},{\"@type\":\"Organization\",\"@id\":\"https:\/\/orthodoxalbania.org\/2020\/#organization\",\"name\":\"Kisha Orthodhokse Autoqefale e Shqip\u00ebris\u00eb\",\"url\":\"https:\/\/orthodoxalbania.org\/2020\/\",\"logo\":{\"@type\":\"ImageObject\",\"inLanguage\":\"en-US\",\"@id\":\"https:\/\/orthodoxalbania.org\/2020\/#\/schema\/logo\/image\/\",\"url\":\"https:\/\/orthodoxalbania.org\/2020\/wp-content\/uploads\/2020\/05\/albania.jpeg\",\"contentUrl\":\"https:\/\/orthodoxalbania.org\/2020\/wp-content\/uploads\/2020\/05\/albania.jpeg\",\"width\":540,\"height\":540,\"caption\":\"Kisha Orthodhokse Autoqefale e Shqip\u00ebris\u00eb\"},\"image\":{\"@id\":\"https:\/\/orthodoxalbania.org\/2020\/#\/schema\/logo\/image\/\"},\"sameAs\":[\"https:\/\/www.facebook.com\/koash1991\"]},{\"@type\":\"Person\",\"@id\":\"https:\/\/orthodoxalbania.org\/2020\/#\/schema\/person\/0c387634a7063ac612d7ed9ce71c7e86\",\"name\":\"Kisha Orthodhokse\",\"image\":{\"@type\":\"ImageObject\",\"inLanguage\":\"en-US\",\"@id\":\"https:\/\/secure.gravatar.com\/avatar\/596e7c417251e30f2fbb9c00e026fce61a695a00e51c889caded71c96cbbdde5?s=96&d=mm&r=g\",\"url\":\"https:\/\/secure.gravatar.com\/avatar\/596e7c417251e30f2fbb9c00e026fce61a695a00e51c889caded71c96cbbdde5?s=96&d=mm&r=g\",\"contentUrl\":\"https:\/\/secure.gravatar.com\/avatar\/596e7c417251e30f2fbb9c00e026fce61a695a00e51c889caded71c96cbbdde5?s=96&d=mm&r=g\",\"caption\":\"Kisha Orthodhokse\"}}]}<\/script>\n<!-- \/ Yoast SEO plugin. -->","yoast_head_json":{"title":"Hapet n\u00eb Galerin\u00eb Komb\u00ebtare t\u00eb Arteve \"Ekspozita Ikonografike, shekujt XIV-XX\". (13 Tetor 2012) - Kisha Orthodh\u03bfkse Autoqefale e Shqip\u00ebris\u00eb","robots":{"index":"index","follow":"follow","max-snippet":"max-snippet:-1","max-image-preview":"max-image-preview:large","max-video-preview":"max-video-preview:-1"},"canonical":"https:\/\/orthodoxalbania.org\/2020\/2013\/03\/21\/hapet-ne-galerine-kombetare-te-arteve-ekspozita-ikonografike-shekujt-xiv-xx\/","og_locale":"en_US","og_type":"article","og_title":"Hapet n\u00eb Galerin\u00eb Komb\u00ebtare t\u00eb Arteve \"Ekspozita Ikonografike, shekujt XIV-XX\". (13 Tetor 2012) - Kisha Orthodh\u03bfkse Autoqefale e Shqip\u00ebris\u00eb","og_description":"&nbsp;&nbsp;&nbsp; T\u00eb m\u00ebrkur\u00ebn m\u00eb dt. 13 tetor, n\u00eb ambjentet e Galeris\u00eb s\u00eb Arteve n\u00eb Tiran\u00eb u hap \u201cEkspozita e Ikonografis\u00eb\u201d me ikona t\u00eb gjetura dhe t\u00eb d\u00ebshmuara n\u00eb territorin shqiptar t\u00eb shekujve XIV-XX. N\u00eb kuad\u00ebr t\u00eb 100 vjetorit t\u00eb Pavarsis\u00eb, Ministria e Kultur\u00ebs e Republik\u00ebs s\u00eb Shqip\u00ebris\u00eb, n\u00eb bashk\u00ebpunim edhe me muzeun historik t\u00eb Beratit dhe at\u00eb t\u00eb Kor\u00e7\u00ebs, e mb\u00ebshtet\u00ebn plot\u00ebsisht k\u00ebt\u00eb projekt: \u201cEkspozita","og_url":"https:\/\/orthodoxalbania.org\/2020\/2013\/03\/21\/hapet-ne-galerine-kombetare-te-arteve-ekspozita-ikonografike-shekujt-xiv-xx\/","og_site_name":"Kisha Orthodh\u03bfkse Autoqefale e Shqip\u00ebris\u00eb","article_publisher":"https:\/\/www.facebook.com\/koash1991","article_published_time":"2013-03-21T12:25:09+00:00","article_modified_time":"2020-04-06T20:05:56+00:00","og_image":[{"url":"https:\/\/lh4.googleusercontent.com\/-Pjy5Ctrz1cU\/UK9Hc5ph-VI\/AAAAAAAABL4\/UOkLJ2clNBU\/s200\/news_th_ekspozita_ikonave_1144_0.jpg","type":"","width":"","height":""}],"author":"Kisha Orthodhokse","twitter_card":"summary_large_image","twitter_misc":{"Written by":"Kisha Orthodhokse","Est. reading time":"1 minute"},"schema":{"@context":"https:\/\/schema.org","@graph":[{"@type":"Article","@id":"https:\/\/orthodoxalbania.org\/2020\/2013\/03\/21\/hapet-ne-galerine-kombetare-te-arteve-ekspozita-ikonografike-shekujt-xiv-xx\/#article","isPartOf":{"@id":"https:\/\/orthodoxalbania.org\/2020\/2013\/03\/21\/hapet-ne-galerine-kombetare-te-arteve-ekspozita-ikonografike-shekujt-xiv-xx\/"},"author":{"name":"Kisha Orthodhokse","@id":"https:\/\/orthodoxalbania.org\/2020\/#\/schema\/person\/0c387634a7063ac612d7ed9ce71c7e86"},"headline":"Hapet n\u00eb Galerin\u00eb Komb\u00ebtare t\u00eb Arteve &#8220;Ekspozita Ikonografike, shekujt XIV-XX&#8221;. (13 Tetor 2012)","datePublished":"2013-03-21T12:25:09+00:00","dateModified":"2020-04-06T20:05:56+00:00","mainEntityOfPage":{"@id":"https:\/\/orthodoxalbania.org\/2020\/2013\/03\/21\/hapet-ne-galerine-kombetare-te-arteve-ekspozita-ikonografike-shekujt-xiv-xx\/"},"wordCount":296,"commentCount":0,"publisher":{"@id":"https:\/\/orthodoxalbania.org\/2020\/#organization"},"image":{"@id":"https:\/\/orthodoxalbania.org\/2020\/2013\/03\/21\/hapet-ne-galerine-kombetare-te-arteve-ekspozita-ikonografike-shekujt-xiv-xx\/#primaryimage"},"thumbnailUrl":"https:\/\/lh4.googleusercontent.com\/-Pjy5Ctrz1cU\/UK9Hc5ph-VI\/AAAAAAAABL4\/UOkLJ2clNBU\/s200\/news_th_ekspozita_ikonave_1144_0.jpg","keywords":["2012","Deklarata - Njoftime Zyrtare","Kryepiskopata Tiran\u00eb","lajme"],"articleSection":["Lajme"],"inLanguage":"en-US"},{"@type":"WebPage","@id":"https:\/\/orthodoxalbania.org\/2020\/2013\/03\/21\/hapet-ne-galerine-kombetare-te-arteve-ekspozita-ikonografike-shekujt-xiv-xx\/","url":"https:\/\/orthodoxalbania.org\/2020\/2013\/03\/21\/hapet-ne-galerine-kombetare-te-arteve-ekspozita-ikonografike-shekujt-xiv-xx\/","name":"Hapet n\u00eb Galerin\u00eb Komb\u00ebtare t\u00eb Arteve \"Ekspozita Ikonografike, shekujt XIV-XX\". (13 Tetor 2012) - Kisha Orthodh\u03bfkse Autoqefale e Shqip\u00ebris\u00eb","isPartOf":{"@id":"https:\/\/orthodoxalbania.org\/2020\/#website"},"primaryImageOfPage":{"@id":"https:\/\/orthodoxalbania.org\/2020\/2013\/03\/21\/hapet-ne-galerine-kombetare-te-arteve-ekspozita-ikonografike-shekujt-xiv-xx\/#primaryimage"},"image":{"@id":"https:\/\/orthodoxalbania.org\/2020\/2013\/03\/21\/hapet-ne-galerine-kombetare-te-arteve-ekspozita-ikonografike-shekujt-xiv-xx\/#primaryimage"},"thumbnailUrl":"https:\/\/lh4.googleusercontent.com\/-Pjy5Ctrz1cU\/UK9Hc5ph-VI\/AAAAAAAABL4\/UOkLJ2clNBU\/s200\/news_th_ekspozita_ikonave_1144_0.jpg","datePublished":"2013-03-21T12:25:09+00:00","dateModified":"2020-04-06T20:05:56+00:00","breadcrumb":{"@id":"https:\/\/orthodoxalbania.org\/2020\/2013\/03\/21\/hapet-ne-galerine-kombetare-te-arteve-ekspozita-ikonografike-shekujt-xiv-xx\/#breadcrumb"},"inLanguage":"en-US","potentialAction":[{"@type":"ReadAction","target":["https:\/\/orthodoxalbania.org\/2020\/2013\/03\/21\/hapet-ne-galerine-kombetare-te-arteve-ekspozita-ikonografike-shekujt-xiv-xx\/"]}]},{"@type":"ImageObject","inLanguage":"en-US","@id":"https:\/\/orthodoxalbania.org\/2020\/2013\/03\/21\/hapet-ne-galerine-kombetare-te-arteve-ekspozita-ikonografike-shekujt-xiv-xx\/#primaryimage","url":"https:\/\/lh4.googleusercontent.com\/-Pjy5Ctrz1cU\/UK9Hc5ph-VI\/AAAAAAAABL4\/UOkLJ2clNBU\/s200\/news_th_ekspozita_ikonave_1144_0.jpg","contentUrl":"https:\/\/lh4.googleusercontent.com\/-Pjy5Ctrz1cU\/UK9Hc5ph-VI\/AAAAAAAABL4\/UOkLJ2clNBU\/s200\/news_th_ekspozita_ikonave_1144_0.jpg"},{"@type":"BreadcrumbList","@id":"https:\/\/orthodoxalbania.org\/2020\/2013\/03\/21\/hapet-ne-galerine-kombetare-te-arteve-ekspozita-ikonografike-shekujt-xiv-xx\/#breadcrumb","itemListElement":[{"@type":"ListItem","position":1,"name":"Home","item":"https:\/\/orthodoxalbania.org\/2020\/"},{"@type":"ListItem","position":2,"name":"Hapet n\u00eb Galerin\u00eb Komb\u00ebtare t\u00eb Arteve &#8220;Ekspozita Ikonografike, shekujt XIV-XX&#8221;. (13 Tetor 2012)"}]},{"@type":"WebSite","@id":"https:\/\/orthodoxalbania.org\/2020\/#website","url":"https:\/\/orthodoxalbania.org\/2020\/","name":"Kisha Orthodh\u03bfkse Autoqefale e Shqip\u00ebris\u00eb","description":"Fqja Zyrtare e Kish\u00ebs Orthodhokse Autoqefale e Shqip\u00ebris\u00eb me lajmet edhe informacionet zyrtare p\u00ebr struktur\u00ebn edhe veprimtarin e saj.","publisher":{"@id":"https:\/\/orthodoxalbania.org\/2020\/#organization"},"potentialAction":[{"@type":"SearchAction","target":{"@type":"EntryPoint","urlTemplate":"https:\/\/orthodoxalbania.org\/2020\/?s={search_term_string}"},"query-input":{"@type":"PropertyValueSpecification","valueRequired":true,"valueName":"search_term_string"}}],"inLanguage":"en-US"},{"@type":"Organization","@id":"https:\/\/orthodoxalbania.org\/2020\/#organization","name":"Kisha Orthodhokse Autoqefale e Shqip\u00ebris\u00eb","url":"https:\/\/orthodoxalbania.org\/2020\/","logo":{"@type":"ImageObject","inLanguage":"en-US","@id":"https:\/\/orthodoxalbania.org\/2020\/#\/schema\/logo\/image\/","url":"https:\/\/orthodoxalbania.org\/2020\/wp-content\/uploads\/2020\/05\/albania.jpeg","contentUrl":"https:\/\/orthodoxalbania.org\/2020\/wp-content\/uploads\/2020\/05\/albania.jpeg","width":540,"height":540,"caption":"Kisha Orthodhokse Autoqefale e Shqip\u00ebris\u00eb"},"image":{"@id":"https:\/\/orthodoxalbania.org\/2020\/#\/schema\/logo\/image\/"},"sameAs":["https:\/\/www.facebook.com\/koash1991"]},{"@type":"Person","@id":"https:\/\/orthodoxalbania.org\/2020\/#\/schema\/person\/0c387634a7063ac612d7ed9ce71c7e86","name":"Kisha Orthodhokse","image":{"@type":"ImageObject","inLanguage":"en-US","@id":"https:\/\/secure.gravatar.com\/avatar\/596e7c417251e30f2fbb9c00e026fce61a695a00e51c889caded71c96cbbdde5?s=96&d=mm&r=g","url":"https:\/\/secure.gravatar.com\/avatar\/596e7c417251e30f2fbb9c00e026fce61a695a00e51c889caded71c96cbbdde5?s=96&d=mm&r=g","contentUrl":"https:\/\/secure.gravatar.com\/avatar\/596e7c417251e30f2fbb9c00e026fce61a695a00e51c889caded71c96cbbdde5?s=96&d=mm&r=g","caption":"Kisha Orthodhokse"}}]}},"_links":{"self":[{"href":"https:\/\/orthodoxalbania.org\/2020\/wp-json\/wp\/v2\/posts\/618","targetHints":{"allow":["GET"]}}],"collection":[{"href":"https:\/\/orthodoxalbania.org\/2020\/wp-json\/wp\/v2\/posts"}],"about":[{"href":"https:\/\/orthodoxalbania.org\/2020\/wp-json\/wp\/v2\/types\/post"}],"author":[{"embeddable":true,"href":"https:\/\/orthodoxalbania.org\/2020\/wp-json\/wp\/v2\/users\/1"}],"replies":[{"embeddable":true,"href":"https:\/\/orthodoxalbania.org\/2020\/wp-json\/wp\/v2\/comments?post=618"}],"version-history":[{"count":1,"href":"https:\/\/orthodoxalbania.org\/2020\/wp-json\/wp\/v2\/posts\/618\/revisions"}],"predecessor-version":[{"id":15286,"href":"https:\/\/orthodoxalbania.org\/2020\/wp-json\/wp\/v2\/posts\/618\/revisions\/15286"}],"wp:attachment":[{"href":"https:\/\/orthodoxalbania.org\/2020\/wp-json\/wp\/v2\/media?parent=618"}],"wp:term":[{"taxonomy":"category","embeddable":true,"href":"https:\/\/orthodoxalbania.org\/2020\/wp-json\/wp\/v2\/categories?post=618"},{"taxonomy":"post_tag","embeddable":true,"href":"https:\/\/orthodoxalbania.org\/2020\/wp-json\/wp\/v2\/tags?post=618"}],"curies":[{"name":"wp","href":"https:\/\/api.w.org\/{rel}","templated":true}]}}