{"id":617,"date":"2006-02-27T08:25:00","date_gmt":"2006-02-27T08:25:00","guid":{"rendered":""},"modified":"2020-04-06T22:35:55","modified_gmt":"2020-04-06T20:35:55","slug":"hapet-kopshti-i-kishes-ne-qytetin-e-beratit","status":"publish","type":"post","link":"https:\/\/orthodoxalbania.org\/2020\/2006\/02\/27\/hapet-kopshti-i-kishes-ne-qytetin-e-beratit\/","title":{"rendered":"Hapet kopshti i Kish\u00ebs n\u00eb qytetin e Beratit. (Mars 2006)"},"content":{"rendered":"<p style=\"text-align: justify;\"><span style=\"color: #000000;\"><span style=\"font-family: tahoma,geneva,sans-serif;\"><span style=\"font-size: 12px;\"><img decoding=\"async\" class=\"lazyload HAa Eha\" style=\"height: 220px; width: 300px; border-width: 1px; border-style: solid; margin: 10px; float: left;\" alt=\"\" src=\"data:image\/gif;base64,R0lGODlhAQABAAAAACH5BAEKAAEALAAAAAABAAEAAAICTAEAOw==\" data-orig-src=\"https:\/\/lh6.googleusercontent.com\/-37nMvd3Y4fY\/VIbQFQ8XzbI\/AAAAAAAAFRA\/i-7njKMiO8c\/w350-h257-no\/inagurimiikopshtit1.jpg\" \/>&nbsp;&nbsp;&nbsp; M\u00eb 6 mars n\u00eb qytetin e Beratit u hap kopshti m\u00eb i ri i Kish\u00ebs son\u00eb. N\u00eb ceremonin\u00eb e p\u00ebrurimit merrte pjes\u00eb Hir\u00ebsia e Tij, Mitropoliti i Beratit, Ignati, p\u00ebrfaq\u00ebsues t\u00eb qeveris\u00eb vendore, intelektual\u00eb si dhe shum\u00eb besimtar\u00eb.<\/span><\/span><\/span><\/p>\n<p style=\"text-align: justify;\"><span style=\"color: #000000;\"><span style=\"font-family: tahoma,geneva,sans-serif;\"><span style=\"font-size: 12px;\">&nbsp; &nbsp; Por ata q\u00eb e b\u00ebnin edhe m\u00eb t\u00eb bukur atmosfer\u00ebn ishin f\u00ebmij\u00ebt, fytyrat e t\u00eb cil\u00ebve shprehnin g\u00ebzim, duke t\u00eb kujtuar fjal\u00ebt e Zotit Jisu Krisht: \u201cL\u00ebrini f\u00ebmij\u00ebt dhe mos i pengoni t\u00eb vijn\u00eb tek un\u00eb, se e tyre \u00ebsht\u00eb Mbret\u00ebria e qiejve\u201d.<\/span><\/span><\/span><\/p>\n<p style=\"text-align: justify;\"><span style=\"color: #000000;\"><span style=\"font-family: tahoma,geneva,sans-serif;\"><span style=\"font-size: 12px;\">&nbsp;&nbsp;&nbsp; Hir\u00ebsi Ignati, bashk\u00eb me klerik\u00eb t\u00eb tjer\u00eb, kryen sh\u00ebrbes\u00ebn e Ajazm\u00ebs, nd\u00ebrsa shiritin e p\u00ebrurimit e preu dhuruesja e k\u00ebsaj qendre, znj. Emilia Athanasiadhi. \u201cFal\u00ebnderojm\u00eb Zotin q\u00eb na b\u00ebri t\u00eb denj\u00eb t\u00eb asistojm\u00eb n\u00eb k\u00ebt\u00eb dit\u00eb t\u00eb g\u00ebzuar p\u00ebr mbar\u00eb qytetin ton\u00eb t\u00eb lasht\u00eb. \u00cbsht\u00eb merit\u00eb e Kryepiskopit Anastas q\u00eb nd\u00ebr \u00e7\u00ebshtjet kryesore t\u00eb Kish\u00ebs son\u00eb ka v\u00ebn\u00eb detyr\u00ebn e edukimit dhe arsimimit t\u00eb brezit t\u00eb ri. Mitropolia jon\u00eb e shenjt\u00eb e frym\u00ebzuar nga ky synim i lart\u00eb, pas p\u00ebrpjekjeve t\u00eb shumta, me hirin e Per\u00ebndis\u00eb, me bekimin e Fortlumturis\u00eb s\u00eb Tij dhe me ndihm\u00ebn e pakursyer t\u00eb disa bamir\u00ebsve, b\u00ebri t\u00eb mundur \u00e7eljen e k\u00ebtij kopshti f\u00ebmij\u00ebsh, duke realizuar d\u00ebshir\u00ebn e qytetar\u00ebve tan\u00eb.\u201d \u2013 theksoi n\u00eb fjal\u00ebn e tij Hir\u00ebsi Ignati.<\/span><\/span><\/span><\/p>\n<p style=\"text-align: justify;\"><span style=\"color: #000000;\"><span style=\"font-family: tahoma,geneva,sans-serif;\"><span style=\"font-size: 12px;\"><img decoding=\"async\" class=\"lazyload HAa Eha\" style=\"height: 204px; width: 300px; border-width: 1px; border-style: solid; margin: 10px; float: right;\" alt=\"\" src=\"data:image\/gif;base64,R0lGODlhAQABAAAAACH5BAEKAAEALAAAAAABAAEAAAICTAEAOw==\" data-orig-src=\"https:\/\/lh3.googleusercontent.com\/-0xfOcHc4FX0\/VIbQFUSJPCI\/AAAAAAAAFRE\/FnYOLVgLctI\/w350-h238-no\/inagurimiikopshtit2.jpg\" \/>&nbsp;&nbsp;&nbsp; N\u00eb vazhdim Hir\u00ebsi Ignati p\u00ebrmendi se \u00e7elja e k\u00ebtij kopshti do t\u00eb sjell\u00eb shum\u00eb t\u00eb mira; p\u00ebr familjen, p\u00ebr shoq\u00ebrin\u00eb, p\u00ebr shtetin, p\u00ebr Kish\u00ebn dhe n\u00eb m\u00ebnyr\u00eb t\u00eb ve\u00e7ant\u00eb p\u00ebr t\u00eb gjith\u00eb f\u00ebmij\u00ebt q\u00eb do t\u00eb ken\u00eb privilegjin t\u00eb ulen n\u00eb bankat e k\u00ebtij institucioni themelor p\u00ebr arsimimin dhe edukimin e tyre t\u00eb m\u00ebtejsh\u00ebm. Ky kopsht do ta lart\u00ebsoj\u00eb shum\u00eb familjen sepse prind\u00ebrit do t\u00eb jen\u00eb m\u00eb t\u00eb lirsh\u00ebm t\u00eb kryejn\u00eb detyrat e tyre t\u00eb p\u00ebrditshme. Kur t\u2019u kthehen f\u00ebmij\u00ebt e tyre nga kopshti, prind\u00ebrit do t\u00eb ngaz\u00ebllohen nga p\u00ebrparimi i p\u00ebrditsh\u00ebm, nga edukimi i sh\u00ebndosh\u00eb q\u00eb do t\u00eb marrin dhe nga diturit\u00eb e shumta me t\u00eb cilat do t\u00eb pajisen nga edukatoret e p\u00ebrkushtuara. Shoq\u00ebria shqiptare do t\u00eb sh\u00ebndoshet nga mir\u00ebsjellja dhe pjes\u00ebmarrja e t\u00eb rinjve t\u00eb saj. Shkollat 9-vje\u00e7are do ta ken\u00eb m\u00eb t\u00eb leht\u00eb thithjen e element\u00ebve m\u00eb t\u00eb aft\u00eb t\u00eb saj. Kisha do t\u00eb zbukurohet edhe m\u00eb shum\u00eb me pranin\u00eb e k\u00ebtyre engj\u00ebjve shpres\u00ebdh\u00ebn\u00ebs. Shteti do t\u00eb forcohet s\u00eb tep\u00ebrmi me qytetar\u00eb t\u00eb denj\u00eb p\u00ebr drejtimin e pun\u00ebve shtet\u00ebrore.<\/span><\/span><\/span><\/p>\n<p style=\"text-align: justify;\"><span style=\"color: #000000;\"><span style=\"font-family: tahoma,geneva,sans-serif;\"><span style=\"font-size: 12px;\">&nbsp;&nbsp;&nbsp; Edhe n\u00ebnkryetari i Bashkis\u00eb s\u00eb Beratit vler\u00ebsoi kontributin q\u00eb jep Mitropolia p\u00ebr zhvillimin e kultur\u00ebs dhe arsimit n\u00eb qytet: \u201cKjo \u00ebsht\u00eb nj\u00eb fidanishte dhe jam i bindur q\u00eb do t\u00eb dalin fidan\u00eb t\u00eb sh\u00ebndetsh\u00ebm, do t\u00eb dalin njer\u00ebz t\u00eb cil\u00ebt do t\u00eb duan familjen, atdheun, mbi t\u00eb gjitha do t\u00eb duan Zotin. \u00cbsht\u00eb nj\u00eb dashuri, t\u00eb cil\u00ebn ne e ndiejm\u00eb n\u00eb k\u00ebt\u00eb ceremoni, q\u00eb t\u00eb jemi sa m\u00eb af\u00ebr Zotit. Fal\u00ebnderoj edhe Mitropolitin p\u00ebr angazhimet e tij q\u00eb ka patur me Bashkin\u00eb ton\u00eb, ku n\u00eb vitet e kaluara kemi patur bashk\u00ebpunime shum\u00eb t\u00eb suksesshme dhe besoj se ky vit dhe vitet e tjera do jen\u00eb t\u00eb tilla\u201d. Nd\u00ebrsa prefekti i Beratit uroi f\u00ebmij\u00ebt q\u00eb do t\u00eb edukohen n\u00eb k\u00ebt\u00eb kopsht dhe t\u00eb rriten t\u00eb sh\u00ebndetsh\u00ebm e t\u00eb ditur.<\/span><\/span><\/span><\/p>\n<p style=\"text-align: justify;\"><span style=\"color: #000000;\"><span style=\"font-family: tahoma,geneva,sans-serif;\"><span style=\"font-size: 12px;\">&nbsp;&nbsp;&nbsp; Kisha jon\u00eb gjat\u00eb k\u00ebtyre viteve ka ngritur n\u00eb t\u00eb gjith\u00eb vendin 14 kopshte q\u00eb frekuentohen nga rreth 800 f\u00ebmij\u00eb, ku u jepet m\u00eb shum\u00eb p\u00ebrpar\u00ebsi f\u00ebmij\u00ebve t\u00eb familjeve n\u00eb nevoj\u00eb.<\/span><\/span><\/span><\/p>\n<p style=\"text-align: justify;\">&nbsp;<\/p>\n<p style=\"text-align: right;\"><span style=\"color: #000000;\"><span style=\"font-family: tahoma,geneva,sans-serif;\"><span style=\"font-size: 12px;\"><strong>Isidor Koti<\/strong><\/span><\/span><\/span><\/p>\n","protected":false},"excerpt":{"rendered":"<p>&nbsp;&nbsp;&nbsp; M\u00eb 6 mars n\u00eb qytetin e Beratit u hap kopshti m\u00eb i ri i Kish\u00ebs son\u00eb. N\u00eb ceremonin\u00eb e p\u00ebrurimit merrte pjes\u00eb Hir\u00ebsia e Tij, Mitropoliti i Beratit, Ignati, p\u00ebrfaq\u00ebsues t\u00eb qeveris\u00eb vendore, intelektual\u00eb si dhe shum\u00eb besimtar\u00eb. &nbsp; &nbsp; Por ata q\u00eb e b\u00ebnin edhe m\u00eb t\u00eb bukur atmosfer\u00ebn ishin f\u00ebmij\u00ebt, fytyrat e t\u00eb cil\u00ebve shprehnin g\u00ebzim, duke t\u00eb kujtuar fjal\u00ebt e Zotit<\/p>\n","protected":false},"author":1,"featured_media":0,"comment_status":"open","ping_status":"open","sticky":false,"template":"","format":"standard","meta":{"_acf_changed":false,"pagelayer_contact_templates":[],"_pagelayer_content":"","inline_featured_image":false,"fifu_image_url":"","fifu_image_alt":"","footnotes":""},"categories":[108],"tags":[148,175,212,197],"class_list":["post-617","post","type-post","status-publish","format-standard","hentry","category-lajme","tag-148","tag-institucione-parashkollore-te-kishes-orthodhokse","tag-lajme-d27","tag-berat"],"acf":[],"yoast_head":"<!-- This site is optimized with the Yoast SEO plugin v27.2 - https:\/\/yoast.com\/product\/yoast-seo-wordpress\/ -->\n<title>Hapet kopshti i Kish\u00ebs n\u00eb qytetin e Beratit. (Mars 2006) - Kisha Orthodh\u03bfkse Autoqefale e Shqip\u00ebris\u00eb<\/title>\n<meta name=\"robots\" content=\"index, follow, max-snippet:-1, max-image-preview:large, max-video-preview:-1\" \/>\n<link rel=\"canonical\" href=\"https:\/\/orthodoxalbania.org\/2020\/2006\/02\/27\/hapet-kopshti-i-kishes-ne-qytetin-e-beratit\/\" \/>\n<meta property=\"og:locale\" content=\"en_US\" \/>\n<meta property=\"og:type\" content=\"article\" \/>\n<meta property=\"og:title\" content=\"Hapet kopshti i Kish\u00ebs n\u00eb qytetin e Beratit. (Mars 2006) - Kisha Orthodh\u03bfkse Autoqefale e Shqip\u00ebris\u00eb\" \/>\n<meta property=\"og:description\" content=\"&nbsp;&nbsp;&nbsp; M\u00eb 6 mars n\u00eb qytetin e Beratit u hap kopshti m\u00eb i ri i Kish\u00ebs son\u00eb. N\u00eb ceremonin\u00eb e p\u00ebrurimit merrte pjes\u00eb Hir\u00ebsia e Tij, Mitropoliti i Beratit, Ignati, p\u00ebrfaq\u00ebsues t\u00eb qeveris\u00eb vendore, intelektual\u00eb si dhe shum\u00eb besimtar\u00eb. &nbsp; &nbsp; Por ata q\u00eb e b\u00ebnin edhe m\u00eb t\u00eb bukur atmosfer\u00ebn ishin f\u00ebmij\u00ebt, fytyrat e t\u00eb cil\u00ebve shprehnin g\u00ebzim, duke t\u00eb kujtuar fjal\u00ebt e Zotit\" \/>\n<meta property=\"og:url\" content=\"https:\/\/orthodoxalbania.org\/2020\/2006\/02\/27\/hapet-kopshti-i-kishes-ne-qytetin-e-beratit\/\" \/>\n<meta property=\"og:site_name\" content=\"Kisha Orthodh\u03bfkse Autoqefale e Shqip\u00ebris\u00eb\" \/>\n<meta property=\"article:publisher\" content=\"https:\/\/www.facebook.com\/koash1991\" \/>\n<meta property=\"article:published_time\" content=\"2006-02-27T08:25:00+00:00\" \/>\n<meta property=\"article:modified_time\" content=\"2020-04-06T20:35:55+00:00\" \/>\n<meta property=\"og:image\" content=\"https:\/\/lh6.googleusercontent.com\/-37nMvd3Y4fY\/VIbQFQ8XzbI\/AAAAAAAAFRA\/i-7njKMiO8c\/w350-h257-no\/inagurimiikopshtit1.jpg\" \/>\n<meta name=\"author\" content=\"Kisha Orthodhokse\" \/>\n<meta name=\"twitter:card\" content=\"summary_large_image\" \/>\n<meta name=\"twitter:label1\" content=\"Written by\" \/>\n\t<meta name=\"twitter:data1\" content=\"Kisha Orthodhokse\" \/>\n\t<meta name=\"twitter:label2\" content=\"Est. reading time\" \/>\n\t<meta name=\"twitter:data2\" content=\"3 minutes\" \/>\n<script type=\"application\/ld+json\" class=\"yoast-schema-graph\">{\"@context\":\"https:\/\/schema.org\",\"@graph\":[{\"@type\":\"Article\",\"@id\":\"https:\/\/orthodoxalbania.org\/2020\/2006\/02\/27\/hapet-kopshti-i-kishes-ne-qytetin-e-beratit\/#article\",\"isPartOf\":{\"@id\":\"https:\/\/orthodoxalbania.org\/2020\/2006\/02\/27\/hapet-kopshti-i-kishes-ne-qytetin-e-beratit\/\"},\"author\":{\"name\":\"Kisha Orthodhokse\",\"@id\":\"https:\/\/orthodoxalbania.org\/2020\/#\/schema\/person\/0c387634a7063ac612d7ed9ce71c7e86\"},\"headline\":\"Hapet kopshti i Kish\u00ebs n\u00eb qytetin e Beratit. (Mars 2006)\",\"datePublished\":\"2006-02-27T08:25:00+00:00\",\"dateModified\":\"2020-04-06T20:35:55+00:00\",\"mainEntityOfPage\":{\"@id\":\"https:\/\/orthodoxalbania.org\/2020\/2006\/02\/27\/hapet-kopshti-i-kishes-ne-qytetin-e-beratit\/\"},\"wordCount\":679,\"commentCount\":0,\"publisher\":{\"@id\":\"https:\/\/orthodoxalbania.org\/2020\/#organization\"},\"image\":{\"@id\":\"https:\/\/orthodoxalbania.org\/2020\/2006\/02\/27\/hapet-kopshti-i-kishes-ne-qytetin-e-beratit\/#primaryimage\"},\"thumbnailUrl\":\"https:\/\/lh6.googleusercontent.com\/-37nMvd3Y4fY\/VIbQFQ8XzbI\/AAAAAAAAFRA\/i-7njKMiO8c\/w350-h257-no\/inagurimiikopshtit1.jpg\",\"keywords\":[\"2006\",\"Institucione Parashkollore t\u00eb Kish\u00ebs Orthodhokse\",\"lajme\",\"Mitropolia Berat\"],\"articleSection\":[\"Lajme\"],\"inLanguage\":\"en-US\"},{\"@type\":\"WebPage\",\"@id\":\"https:\/\/orthodoxalbania.org\/2020\/2006\/02\/27\/hapet-kopshti-i-kishes-ne-qytetin-e-beratit\/\",\"url\":\"https:\/\/orthodoxalbania.org\/2020\/2006\/02\/27\/hapet-kopshti-i-kishes-ne-qytetin-e-beratit\/\",\"name\":\"Hapet kopshti i Kish\u00ebs n\u00eb qytetin e Beratit. (Mars 2006) - Kisha Orthodh\u03bfkse Autoqefale e Shqip\u00ebris\u00eb\",\"isPartOf\":{\"@id\":\"https:\/\/orthodoxalbania.org\/2020\/#website\"},\"primaryImageOfPage\":{\"@id\":\"https:\/\/orthodoxalbania.org\/2020\/2006\/02\/27\/hapet-kopshti-i-kishes-ne-qytetin-e-beratit\/#primaryimage\"},\"image\":{\"@id\":\"https:\/\/orthodoxalbania.org\/2020\/2006\/02\/27\/hapet-kopshti-i-kishes-ne-qytetin-e-beratit\/#primaryimage\"},\"thumbnailUrl\":\"https:\/\/lh6.googleusercontent.com\/-37nMvd3Y4fY\/VIbQFQ8XzbI\/AAAAAAAAFRA\/i-7njKMiO8c\/w350-h257-no\/inagurimiikopshtit1.jpg\",\"datePublished\":\"2006-02-27T08:25:00+00:00\",\"dateModified\":\"2020-04-06T20:35:55+00:00\",\"breadcrumb\":{\"@id\":\"https:\/\/orthodoxalbania.org\/2020\/2006\/02\/27\/hapet-kopshti-i-kishes-ne-qytetin-e-beratit\/#breadcrumb\"},\"inLanguage\":\"en-US\",\"potentialAction\":[{\"@type\":\"ReadAction\",\"target\":[\"https:\/\/orthodoxalbania.org\/2020\/2006\/02\/27\/hapet-kopshti-i-kishes-ne-qytetin-e-beratit\/\"]}]},{\"@type\":\"ImageObject\",\"inLanguage\":\"en-US\",\"@id\":\"https:\/\/orthodoxalbania.org\/2020\/2006\/02\/27\/hapet-kopshti-i-kishes-ne-qytetin-e-beratit\/#primaryimage\",\"url\":\"https:\/\/lh6.googleusercontent.com\/-37nMvd3Y4fY\/VIbQFQ8XzbI\/AAAAAAAAFRA\/i-7njKMiO8c\/w350-h257-no\/inagurimiikopshtit1.jpg\",\"contentUrl\":\"https:\/\/lh6.googleusercontent.com\/-37nMvd3Y4fY\/VIbQFQ8XzbI\/AAAAAAAAFRA\/i-7njKMiO8c\/w350-h257-no\/inagurimiikopshtit1.jpg\"},{\"@type\":\"BreadcrumbList\",\"@id\":\"https:\/\/orthodoxalbania.org\/2020\/2006\/02\/27\/hapet-kopshti-i-kishes-ne-qytetin-e-beratit\/#breadcrumb\",\"itemListElement\":[{\"@type\":\"ListItem\",\"position\":1,\"name\":\"Home\",\"item\":\"https:\/\/orthodoxalbania.org\/2020\/\"},{\"@type\":\"ListItem\",\"position\":2,\"name\":\"Hapet kopshti i Kish\u00ebs n\u00eb qytetin e Beratit. (Mars 2006)\"}]},{\"@type\":\"WebSite\",\"@id\":\"https:\/\/orthodoxalbania.org\/2020\/#website\",\"url\":\"https:\/\/orthodoxalbania.org\/2020\/\",\"name\":\"Kisha Orthodh\u03bfkse Autoqefale e Shqip\u00ebris\u00eb\",\"description\":\"Fqja Zyrtare e Kish\u00ebs Orthodhokse Autoqefale e Shqip\u00ebris\u00eb me lajmet edhe informacionet zyrtare p\u00ebr struktur\u00ebn edhe veprimtarin e saj.\",\"publisher\":{\"@id\":\"https:\/\/orthodoxalbania.org\/2020\/#organization\"},\"potentialAction\":[{\"@type\":\"SearchAction\",\"target\":{\"@type\":\"EntryPoint\",\"urlTemplate\":\"https:\/\/orthodoxalbania.org\/2020\/?s={search_term_string}\"},\"query-input\":{\"@type\":\"PropertyValueSpecification\",\"valueRequired\":true,\"valueName\":\"search_term_string\"}}],\"inLanguage\":\"en-US\"},{\"@type\":\"Organization\",\"@id\":\"https:\/\/orthodoxalbania.org\/2020\/#organization\",\"name\":\"Kisha Orthodhokse Autoqefale e Shqip\u00ebris\u00eb\",\"url\":\"https:\/\/orthodoxalbania.org\/2020\/\",\"logo\":{\"@type\":\"ImageObject\",\"inLanguage\":\"en-US\",\"@id\":\"https:\/\/orthodoxalbania.org\/2020\/#\/schema\/logo\/image\/\",\"url\":\"https:\/\/orthodoxalbania.org\/2020\/wp-content\/uploads\/2020\/05\/albania.jpeg\",\"contentUrl\":\"https:\/\/orthodoxalbania.org\/2020\/wp-content\/uploads\/2020\/05\/albania.jpeg\",\"width\":540,\"height\":540,\"caption\":\"Kisha Orthodhokse Autoqefale e Shqip\u00ebris\u00eb\"},\"image\":{\"@id\":\"https:\/\/orthodoxalbania.org\/2020\/#\/schema\/logo\/image\/\"},\"sameAs\":[\"https:\/\/www.facebook.com\/koash1991\"]},{\"@type\":\"Person\",\"@id\":\"https:\/\/orthodoxalbania.org\/2020\/#\/schema\/person\/0c387634a7063ac612d7ed9ce71c7e86\",\"name\":\"Kisha Orthodhokse\",\"image\":{\"@type\":\"ImageObject\",\"inLanguage\":\"en-US\",\"@id\":\"https:\/\/secure.gravatar.com\/avatar\/596e7c417251e30f2fbb9c00e026fce61a695a00e51c889caded71c96cbbdde5?s=96&d=mm&r=g\",\"url\":\"https:\/\/secure.gravatar.com\/avatar\/596e7c417251e30f2fbb9c00e026fce61a695a00e51c889caded71c96cbbdde5?s=96&d=mm&r=g\",\"contentUrl\":\"https:\/\/secure.gravatar.com\/avatar\/596e7c417251e30f2fbb9c00e026fce61a695a00e51c889caded71c96cbbdde5?s=96&d=mm&r=g\",\"caption\":\"Kisha Orthodhokse\"}}]}<\/script>\n<!-- \/ Yoast SEO plugin. -->","yoast_head_json":{"title":"Hapet kopshti i Kish\u00ebs n\u00eb qytetin e Beratit. (Mars 2006) - Kisha Orthodh\u03bfkse Autoqefale e Shqip\u00ebris\u00eb","robots":{"index":"index","follow":"follow","max-snippet":"max-snippet:-1","max-image-preview":"max-image-preview:large","max-video-preview":"max-video-preview:-1"},"canonical":"https:\/\/orthodoxalbania.org\/2020\/2006\/02\/27\/hapet-kopshti-i-kishes-ne-qytetin-e-beratit\/","og_locale":"en_US","og_type":"article","og_title":"Hapet kopshti i Kish\u00ebs n\u00eb qytetin e Beratit. (Mars 2006) - Kisha Orthodh\u03bfkse Autoqefale e Shqip\u00ebris\u00eb","og_description":"&nbsp;&nbsp;&nbsp; M\u00eb 6 mars n\u00eb qytetin e Beratit u hap kopshti m\u00eb i ri i Kish\u00ebs son\u00eb. N\u00eb ceremonin\u00eb e p\u00ebrurimit merrte pjes\u00eb Hir\u00ebsia e Tij, Mitropoliti i Beratit, Ignati, p\u00ebrfaq\u00ebsues t\u00eb qeveris\u00eb vendore, intelektual\u00eb si dhe shum\u00eb besimtar\u00eb. &nbsp; &nbsp; Por ata q\u00eb e b\u00ebnin edhe m\u00eb t\u00eb bukur atmosfer\u00ebn ishin f\u00ebmij\u00ebt, fytyrat e t\u00eb cil\u00ebve shprehnin g\u00ebzim, duke t\u00eb kujtuar fjal\u00ebt e Zotit","og_url":"https:\/\/orthodoxalbania.org\/2020\/2006\/02\/27\/hapet-kopshti-i-kishes-ne-qytetin-e-beratit\/","og_site_name":"Kisha Orthodh\u03bfkse Autoqefale e Shqip\u00ebris\u00eb","article_publisher":"https:\/\/www.facebook.com\/koash1991","article_published_time":"2006-02-27T08:25:00+00:00","article_modified_time":"2020-04-06T20:35:55+00:00","og_image":[{"url":"https:\/\/lh6.googleusercontent.com\/-37nMvd3Y4fY\/VIbQFQ8XzbI\/AAAAAAAAFRA\/i-7njKMiO8c\/w350-h257-no\/inagurimiikopshtit1.jpg","type":"","width":"","height":""}],"author":"Kisha Orthodhokse","twitter_card":"summary_large_image","twitter_misc":{"Written by":"Kisha Orthodhokse","Est. reading time":"3 minutes"},"schema":{"@context":"https:\/\/schema.org","@graph":[{"@type":"Article","@id":"https:\/\/orthodoxalbania.org\/2020\/2006\/02\/27\/hapet-kopshti-i-kishes-ne-qytetin-e-beratit\/#article","isPartOf":{"@id":"https:\/\/orthodoxalbania.org\/2020\/2006\/02\/27\/hapet-kopshti-i-kishes-ne-qytetin-e-beratit\/"},"author":{"name":"Kisha Orthodhokse","@id":"https:\/\/orthodoxalbania.org\/2020\/#\/schema\/person\/0c387634a7063ac612d7ed9ce71c7e86"},"headline":"Hapet kopshti i Kish\u00ebs n\u00eb qytetin e Beratit. (Mars 2006)","datePublished":"2006-02-27T08:25:00+00:00","dateModified":"2020-04-06T20:35:55+00:00","mainEntityOfPage":{"@id":"https:\/\/orthodoxalbania.org\/2020\/2006\/02\/27\/hapet-kopshti-i-kishes-ne-qytetin-e-beratit\/"},"wordCount":679,"commentCount":0,"publisher":{"@id":"https:\/\/orthodoxalbania.org\/2020\/#organization"},"image":{"@id":"https:\/\/orthodoxalbania.org\/2020\/2006\/02\/27\/hapet-kopshti-i-kishes-ne-qytetin-e-beratit\/#primaryimage"},"thumbnailUrl":"https:\/\/lh6.googleusercontent.com\/-37nMvd3Y4fY\/VIbQFQ8XzbI\/AAAAAAAAFRA\/i-7njKMiO8c\/w350-h257-no\/inagurimiikopshtit1.jpg","keywords":["2006","Institucione Parashkollore t\u00eb Kish\u00ebs Orthodhokse","lajme","Mitropolia Berat"],"articleSection":["Lajme"],"inLanguage":"en-US"},{"@type":"WebPage","@id":"https:\/\/orthodoxalbania.org\/2020\/2006\/02\/27\/hapet-kopshti-i-kishes-ne-qytetin-e-beratit\/","url":"https:\/\/orthodoxalbania.org\/2020\/2006\/02\/27\/hapet-kopshti-i-kishes-ne-qytetin-e-beratit\/","name":"Hapet kopshti i Kish\u00ebs n\u00eb qytetin e Beratit. (Mars 2006) - Kisha Orthodh\u03bfkse Autoqefale e Shqip\u00ebris\u00eb","isPartOf":{"@id":"https:\/\/orthodoxalbania.org\/2020\/#website"},"primaryImageOfPage":{"@id":"https:\/\/orthodoxalbania.org\/2020\/2006\/02\/27\/hapet-kopshti-i-kishes-ne-qytetin-e-beratit\/#primaryimage"},"image":{"@id":"https:\/\/orthodoxalbania.org\/2020\/2006\/02\/27\/hapet-kopshti-i-kishes-ne-qytetin-e-beratit\/#primaryimage"},"thumbnailUrl":"https:\/\/lh6.googleusercontent.com\/-37nMvd3Y4fY\/VIbQFQ8XzbI\/AAAAAAAAFRA\/i-7njKMiO8c\/w350-h257-no\/inagurimiikopshtit1.jpg","datePublished":"2006-02-27T08:25:00+00:00","dateModified":"2020-04-06T20:35:55+00:00","breadcrumb":{"@id":"https:\/\/orthodoxalbania.org\/2020\/2006\/02\/27\/hapet-kopshti-i-kishes-ne-qytetin-e-beratit\/#breadcrumb"},"inLanguage":"en-US","potentialAction":[{"@type":"ReadAction","target":["https:\/\/orthodoxalbania.org\/2020\/2006\/02\/27\/hapet-kopshti-i-kishes-ne-qytetin-e-beratit\/"]}]},{"@type":"ImageObject","inLanguage":"en-US","@id":"https:\/\/orthodoxalbania.org\/2020\/2006\/02\/27\/hapet-kopshti-i-kishes-ne-qytetin-e-beratit\/#primaryimage","url":"https:\/\/lh6.googleusercontent.com\/-37nMvd3Y4fY\/VIbQFQ8XzbI\/AAAAAAAAFRA\/i-7njKMiO8c\/w350-h257-no\/inagurimiikopshtit1.jpg","contentUrl":"https:\/\/lh6.googleusercontent.com\/-37nMvd3Y4fY\/VIbQFQ8XzbI\/AAAAAAAAFRA\/i-7njKMiO8c\/w350-h257-no\/inagurimiikopshtit1.jpg"},{"@type":"BreadcrumbList","@id":"https:\/\/orthodoxalbania.org\/2020\/2006\/02\/27\/hapet-kopshti-i-kishes-ne-qytetin-e-beratit\/#breadcrumb","itemListElement":[{"@type":"ListItem","position":1,"name":"Home","item":"https:\/\/orthodoxalbania.org\/2020\/"},{"@type":"ListItem","position":2,"name":"Hapet kopshti i Kish\u00ebs n\u00eb qytetin e Beratit. (Mars 2006)"}]},{"@type":"WebSite","@id":"https:\/\/orthodoxalbania.org\/2020\/#website","url":"https:\/\/orthodoxalbania.org\/2020\/","name":"Kisha Orthodh\u03bfkse Autoqefale e Shqip\u00ebris\u00eb","description":"Fqja Zyrtare e Kish\u00ebs Orthodhokse Autoqefale e Shqip\u00ebris\u00eb me lajmet edhe informacionet zyrtare p\u00ebr struktur\u00ebn edhe veprimtarin e saj.","publisher":{"@id":"https:\/\/orthodoxalbania.org\/2020\/#organization"},"potentialAction":[{"@type":"SearchAction","target":{"@type":"EntryPoint","urlTemplate":"https:\/\/orthodoxalbania.org\/2020\/?s={search_term_string}"},"query-input":{"@type":"PropertyValueSpecification","valueRequired":true,"valueName":"search_term_string"}}],"inLanguage":"en-US"},{"@type":"Organization","@id":"https:\/\/orthodoxalbania.org\/2020\/#organization","name":"Kisha Orthodhokse Autoqefale e Shqip\u00ebris\u00eb","url":"https:\/\/orthodoxalbania.org\/2020\/","logo":{"@type":"ImageObject","inLanguage":"en-US","@id":"https:\/\/orthodoxalbania.org\/2020\/#\/schema\/logo\/image\/","url":"https:\/\/orthodoxalbania.org\/2020\/wp-content\/uploads\/2020\/05\/albania.jpeg","contentUrl":"https:\/\/orthodoxalbania.org\/2020\/wp-content\/uploads\/2020\/05\/albania.jpeg","width":540,"height":540,"caption":"Kisha Orthodhokse Autoqefale e Shqip\u00ebris\u00eb"},"image":{"@id":"https:\/\/orthodoxalbania.org\/2020\/#\/schema\/logo\/image\/"},"sameAs":["https:\/\/www.facebook.com\/koash1991"]},{"@type":"Person","@id":"https:\/\/orthodoxalbania.org\/2020\/#\/schema\/person\/0c387634a7063ac612d7ed9ce71c7e86","name":"Kisha Orthodhokse","image":{"@type":"ImageObject","inLanguage":"en-US","@id":"https:\/\/secure.gravatar.com\/avatar\/596e7c417251e30f2fbb9c00e026fce61a695a00e51c889caded71c96cbbdde5?s=96&d=mm&r=g","url":"https:\/\/secure.gravatar.com\/avatar\/596e7c417251e30f2fbb9c00e026fce61a695a00e51c889caded71c96cbbdde5?s=96&d=mm&r=g","contentUrl":"https:\/\/secure.gravatar.com\/avatar\/596e7c417251e30f2fbb9c00e026fce61a695a00e51c889caded71c96cbbdde5?s=96&d=mm&r=g","caption":"Kisha Orthodhokse"}}]}},"_links":{"self":[{"href":"https:\/\/orthodoxalbania.org\/2020\/wp-json\/wp\/v2\/posts\/617","targetHints":{"allow":["GET"]}}],"collection":[{"href":"https:\/\/orthodoxalbania.org\/2020\/wp-json\/wp\/v2\/posts"}],"about":[{"href":"https:\/\/orthodoxalbania.org\/2020\/wp-json\/wp\/v2\/types\/post"}],"author":[{"embeddable":true,"href":"https:\/\/orthodoxalbania.org\/2020\/wp-json\/wp\/v2\/users\/1"}],"replies":[{"embeddable":true,"href":"https:\/\/orthodoxalbania.org\/2020\/wp-json\/wp\/v2\/comments?post=617"}],"version-history":[{"count":1,"href":"https:\/\/orthodoxalbania.org\/2020\/wp-json\/wp\/v2\/posts\/617\/revisions"}],"predecessor-version":[{"id":15799,"href":"https:\/\/orthodoxalbania.org\/2020\/wp-json\/wp\/v2\/posts\/617\/revisions\/15799"}],"wp:attachment":[{"href":"https:\/\/orthodoxalbania.org\/2020\/wp-json\/wp\/v2\/media?parent=617"}],"wp:term":[{"taxonomy":"category","embeddable":true,"href":"https:\/\/orthodoxalbania.org\/2020\/wp-json\/wp\/v2\/categories?post=617"},{"taxonomy":"post_tag","embeddable":true,"href":"https:\/\/orthodoxalbania.org\/2020\/wp-json\/wp\/v2\/tags?post=617"}],"curies":[{"name":"wp","href":"https:\/\/api.w.org\/{rel}","templated":true}]}}