{"id":615,"date":"2007-02-26T00:00:00","date_gmt":"2007-02-26T00:00:00","guid":{"rendered":""},"modified":"2020-04-06T22:35:52","modified_gmt":"2020-04-06T20:35:52","slug":"hapet-kisha-e-madhe-katedrale-e-shen-gjergjit-ne-fier-prill-2007","status":"publish","type":"post","link":"https:\/\/orthodoxalbania.org\/2020\/2007\/02\/26\/hapet-kisha-e-madhe-katedrale-e-shen-gjergjit-ne-fier-prill-2007\/","title":{"rendered":"Hapet kisha e madhe katedrale e Sh\u00ebn Gjergjit n\u00eb Fier. (Prill 2007)"},"content":{"rendered":"<div style=\"text-align: justify;\"><span style=\"color: #000000;\"><span style=\"font-family: tahoma,geneva,sans-serif;\"><span style=\"font-size: 12px;\">&nbsp;&nbsp;&nbsp; T\u00eb diel\u00ebn, 22 prill, qindra besimtar\u00eb u mblodh\u00ebn n\u00eb kish\u00ebn e re katedrale t\u00eb Sh\u00ebn Gjergjit, n\u00eb qend\u00ebr t\u00eb Fierit. 40 vjet pasi ishte shembur dhunsh\u00ebm kisha e vjet\u00ebr, n\u00eb t\u00eb do t\u00eb mbahej Liturgjia e par\u00eb Hyjnore. Kishin ardhur me k\u00ebt\u00eb rast p\u00ebrfaq\u00ebsues t\u00eb komuniteteve fetare, kryetari i Bashkis\u00eb, Prefekti, autoritete t\u00eb tjera lokale dhe deputet\u00eb t\u00eb zon\u00ebs, si edhe besimtar\u00eb nga qytetet e tjera t\u00eb Dioqez\u00ebs s\u00eb Beratit.<\/span><\/span><\/span><\/div>\n<div style=\"text-align: justify;\">&nbsp;<\/div>\n<div style=\"text-align: justify;\"><span style=\"color: #000000;\"><span style=\"font-family: tahoma,geneva,sans-serif;\"><span style=\"font-size: 12px;\"><img decoding=\"async\" class=\"lazyload HAa Eha\" style=\"height: 223px; width: 300px; border-width: 1px; border-style: solid; margin: 10px; float: left;\" alt=\"\" src=\"data:image\/gif;base64,R0lGODlhAQABAAAAACH5BAEKAAEALAAAAAABAAEAAAICTAEAOw==\" data-orig-src=\"https:\/\/lh3.googleusercontent.com\/-DUbi-MGVTOM\/VIlh0LRefFI\/AAAAAAAAGSI\/fQzcFEvbAVU\/w400-h297-no\/netekstdja.jpg\" \/>&nbsp;&nbsp;&nbsp; Meshuan me k\u00ebt\u00eb rast Kryepiskopi Anastas, Mitropoliti Ignat, Episkopi Apollonis\u00eb Nikolla dhe klerik\u00eb nga e gjith\u00eb Mitropolia, si edhe student\u00eb e pedagog\u00eb t\u00eb Akademis\u00eb Teologjike \u201cNgjallja e Krishtit\u201d n\u00eb Durr\u00ebs.&nbsp;&nbsp;&nbsp;&nbsp;&nbsp;&nbsp;&nbsp;&nbsp;&nbsp;&nbsp;&nbsp;&nbsp;&nbsp;&nbsp;&nbsp;&nbsp;&nbsp;&nbsp;&nbsp;&nbsp;&nbsp;&nbsp;&nbsp;&nbsp;&nbsp;&nbsp;&nbsp; <\/span><\/span><\/span><\/div>\n<div style=\"text-align: justify;\">&nbsp;<\/div>\n<div style=\"text-align: justify;\"><span style=\"color: #000000;\"><span style=\"font-family: tahoma,geneva,sans-serif;\"><span style=\"font-size: 12px;\">&nbsp;&nbsp;&nbsp; <img decoding=\"async\" class=\"lazyload HAa Eha\" style=\"height: 140px; width: 250px; border-width: 1px; border-style: solid; margin: 10px; float: right;\" alt=\"\" src=\"data:image\/gif;base64,R0lGODlhAQABAAAAACH5BAEKAAEALAAAAAABAAEAAAICTAEAOw==\" data-orig-src=\"https:\/\/lh5.googleusercontent.com\/-jjuZKvpvrN8\/VIlhytq6UEI\/AAAAAAAAGSQ\/7SLOW68KDwg\/w400-h224-no\/netekst5dj.jpg\" \/>Q\u00eb kur erdhi n\u00eb vendin ton\u00eb, Fortlumturia e Tij Anastasi tregoi nj\u00eb v\u00ebmendje t\u00eb ve\u00e7ant\u00eb p\u00ebr k\u00ebt\u00eb qytet. Madje, nj\u00eb nga kishat e para parafabrikat, q\u00eb u nd\u00ebrtuan p\u00ebr t\u00eb plot\u00ebsuar nevojat urgjente t\u00eb viteve t\u00eb para, u ngrit aty, n\u00eb nj\u00eb cep t\u00eb territorit t\u00eb kish\u00ebs s\u00eb vjet\u00ebr. Por, duke par\u00eb nevojat e m\u00ebdha t\u00eb k\u00ebtij qyteti me shum\u00eb besimtar\u00eb t\u00eb p\u00ebrkushtuar orthodhoks\u00eb, shpejt u nis nga puna p\u00ebr ringritjen e kish\u00ebs s\u00eb madhe katedrale.<\/span><\/span><\/span><\/div>\n<div style=\"text-align: justify;\"><span style=\"color: #000000;\"><span style=\"font-family: tahoma,geneva,sans-serif;\"><span style=\"font-size: 12px;\">&nbsp;&nbsp;&nbsp;&nbsp;&nbsp;&nbsp;&nbsp;&nbsp;&nbsp;&nbsp;&nbsp;&nbsp;&nbsp;&nbsp;&nbsp;<\/span><\/span><\/span><\/div>\n<div style=\"text-align: justify;\"><span style=\"color: #000000;\"><span style=\"font-family: tahoma,geneva,sans-serif;\"><span style=\"font-size: 12px;\">&nbsp;&nbsp;&nbsp; Projekti i saj u b\u00eb nga nj\u00eb studio shqiptare, e drejtuar nga arkitekti fierak Agron Jano, duke u p\u00ebrpjekur p\u00ebr t\u00eb integruar n\u00eb t\u00eb tipare t\u00eb kish\u00ebs s\u00eb vjet\u00ebr. Kisha \u00ebsht\u00eb e tipit bazilik\u00eb dhe ka nj\u00eb sip\u00ebrfaqe nd\u00ebrtimi rreth 1200 m2 (m\u00eb e madhja n\u00eb vend), me lart\u00ebsi n\u00eb kupol\u00eb rreth 23 metra dhe n\u00eb kambanare 30 metra.<\/span><\/span><\/span><\/div>\n<div style=\"text-align: justify;\"><span style=\"color: #000000;\"><span style=\"font-family: tahoma,geneva,sans-serif;\"><span style=\"font-size: 12px;\">&nbsp;&nbsp;&nbsp;&nbsp;&nbsp;&nbsp;&nbsp;&nbsp;&nbsp;&nbsp;&nbsp;&nbsp;&nbsp;&nbsp;&nbsp;&nbsp;&nbsp;&nbsp;&nbsp;&nbsp;&nbsp;&nbsp;&nbsp;&nbsp;&nbsp;&nbsp;&nbsp;&nbsp;&nbsp;&nbsp;&nbsp;&nbsp;&nbsp;&nbsp;&nbsp;&nbsp;&nbsp;&nbsp;&nbsp;&nbsp; <\/span><\/span><\/span><\/div>\n<div style=\"text-align: justify;\">&nbsp;<\/div>\n<div style=\"text-align: justify;\">&nbsp;<\/div>\n<div style=\"text-align: justify;\">&nbsp;<\/div>\n<div style=\"text-align: center;\"><strong><span style=\"color: #b22222;\"><span style=\"font-family: tahoma,geneva,sans-serif;\"><span style=\"font-size: 12px;\">Pas Liturgjis\u00eb Hyjnore i pari e mori fjal\u00ebn Hir\u00ebsia e Tij Ignati, i cili tha:<\/span><\/span><\/span><\/strong><\/div>\n<div style=\"text-align: justify;\">&nbsp;<\/div>\n<div style=\"text-align: justify;\"><span style=\"color: #000000;\"><span style=\"font-family: tahoma,geneva,sans-serif;\"><span style=\"font-size: 12px;\">&nbsp;&nbsp;&nbsp; \u201cShum\u00eb i p\u00ebrndrituri Fortlumturi, t\u00eb nderuar p\u00ebrfaq\u00ebsues t\u00eb institucioneve shtet\u00ebrore, komuniteteve fetare. T\u00eb dashur besimtar\u00eb t\u00eb pranish\u00ebm n\u00eb k\u00ebt\u00eb ceremoni festive. Jemi mbledhur n\u00eb k\u00ebt\u00eb dit\u00eb festive p\u00ebr t\u00eb filluar sh\u00ebrbesat kishtare n\u00eb k\u00ebt\u00eb kish\u00eb madh\u00ebshtore q\u00eb mban emrin e d\u00ebshmorit t\u00eb madh Sh\u00ebn Gjergj Trofeprur\u00ebsit. Erdhi dita e shum\u00ebpritur!<\/span><\/span><\/span><\/div>\n<div style=\"text-align: justify;\"><span style=\"color: #000000;\"><span style=\"font-family: tahoma,geneva,sans-serif;\"><span style=\"font-size: 12px;\">&nbsp;&nbsp;&nbsp;&nbsp;&nbsp;&nbsp;&nbsp;&nbsp;&nbsp;&nbsp;&nbsp;&nbsp;&nbsp; <\/span><\/span><\/span><\/div>\n<div style=\"text-align: justify;\"><span style=\"color: #000000;\"><span style=\"font-family: tahoma,geneva,sans-serif;\"><span style=\"font-size: 12px;\"><img decoding=\"async\" class=\"lazyload HAa Eha\" style=\"height: 188px; width: 250px; border-width: 1px; border-style: solid; margin: 10px; float: left;\" alt=\"\" src=\"data:image\/gif;base64,R0lGODlhAQABAAAAACH5BAEKAAEALAAAAAABAAEAAAICTAEAOw==\" data-orig-src=\"https:\/\/lh5.googleusercontent.com\/-hUiqLNlGWcM\/VIlhyJ1wppI\/AAAAAAAAGRk\/5z7Plb4gZ8o\/w400-h300-no\/neteksmj].jpg\" \/>&nbsp;&nbsp;&nbsp; N\u00eb k\u00ebt\u00eb moment historik mendja drejtohet tek paraardh\u00ebsit, t\u00eb cil\u00ebt q\u00eb n\u00eb shekullin e par\u00eb prit\u00ebn t\u00eb d\u00ebrguarit e par\u00eb, apostujt e Zotit. Si Sh\u00ebn Pavlin, q\u00eb shkeli edhe trojet e vendit ton\u00eb p\u00ebr t\u00eb mbjell\u00eb kudo far\u00ebn e krishterimit. E themi me krenari se zona e Myzeqes\u00eb u mbush nga t\u00eb kat\u00ebr an\u00ebt me kisha, manastire dhe objekte t\u00eb tjera t\u00eb shenjta\u2026 T\u00eb gjitha ato u b\u00ebn\u00eb vatra t\u00eb zjarrta t\u00eb p\u00ebr\u00e7uarjes s\u00eb drit\u00ebs s\u00eb arsimimit fetar dhe laik, t\u00eb p\u00ebrhapjes s\u00eb kultur\u00ebs dhe edukat\u00ebs mbar\u00ebqytetare dhe t\u00eb zhvillimit t\u00eb pand\u00ebrprer\u00eb t\u00eb k\u00ebsaj zone dhe m\u00eb gjer\u00eb n\u00eb t\u00eb gjitha fushat.<\/span><\/span><\/span><\/div>\n<div style=\"text-align: justify;\">&nbsp;<\/div>\n<div style=\"text-align: justify;\"><span style=\"color: #000000;\"><span style=\"font-family: tahoma,geneva,sans-serif;\"><span style=\"font-size: 12px;\"><img decoding=\"async\" class=\"lazyload HAa Eha\" style=\"height: 160px; width: 250px; border-width: 1px; border-style: solid; margin: 10px; float: right;\" alt=\"\" src=\"data:image\/gif;base64,R0lGODlhAQABAAAAACH5BAEKAAEALAAAAAABAAEAAAICTAEAOw==\" data-orig-src=\"https:\/\/lh5.googleusercontent.com\/-_0YhEJnTEsk\/VIlhyd9QWZI\/AAAAAAAAGSc\/Jg5c-WQm4jE\/w400-h256-no\/netekst3dj.jpg\" \/>&nbsp;&nbsp;&nbsp; Pik\u00ebrisht p\u00ebr t\u00eb vazhduar dhe forcuar k\u00ebt\u00eb tradit\u00eb t\u00eb vyer t\u00eb orthodhoksis\u00eb shqiptare Fortlumturia e Tij, Kryepiskopi yn\u00eb i nderuar Anastasi, u p\u00ebrkujdes me vendosm\u00ebri t\u00eb ve\u00e7ant\u00eb p\u00ebr t\u00eb ringjallur k\u00ebt\u00eb tempull t\u00eb shenjt\u00eb m\u2019u n\u00eb qend\u00ebr t\u00eb qytetit t\u00eb Fierit, q\u00eb \u00ebsht\u00eb nj\u00eb pik\u00eb nd\u00ebrlidh\u00ebse e jugut me veriun, e lindjes me per\u00ebndimin. Prandaj t\u00eb gjith\u00eb ne i shprehim mir\u00ebnjohjen ton\u00eb m\u00eb t\u00eb sinqert\u00eb dhe m\u00eb t\u00eb thell\u00eb p\u00ebr k\u00ebt\u00eb dhurat\u00eb t\u00eb pa\u00e7muar q\u00eb po na jep me dashamir\u00ebsin\u00eb dhe bamir\u00ebsin\u00eb e tij t\u00eb pafund n\u00eb k\u00ebt\u00eb dit\u00eb t\u00eb ngaz\u00ebllueshme. Ai me personalitetin e tij t\u00eb fuqish\u00ebm dhe t\u00eb padiskutuesh\u00ebm duke siguruar ndihma t\u00eb pallogaritshme nga miqt\u00eb e tij t\u00eb shumt\u00eb n\u00eb mbar\u00eb bot\u00ebn gjat\u00eb gjith\u00eb k\u00ebtyre viteve ka b\u00ebr\u00eb t\u00eb mundur edhe lul\u00ebzimin e vendit me gjith\u00eb k\u00ebto vepra mbres\u00ebl\u00ebn\u00ebse kishtare, arsimore, kulturore, mjek\u00ebsore, zbukuruese.<\/span><\/span><\/span><\/div>\n<div style=\"text-align: justify;\">&nbsp;<\/div>\n<div style=\"text-align: justify;\"><span style=\"color: #000000;\"><span style=\"font-family: tahoma,geneva,sans-serif;\"><span style=\"font-size: 12px;\">&nbsp;&nbsp;&nbsp; Me k\u00ebt\u00eb rast t\u00eb paharruar i premtojm\u00eb solemnisht Kryepiskopit ton\u00eb shum\u00eb t\u00eb dashur se do t\u00eb p\u00ebrpiqemi me t\u00eb gjitha forcat dhe mund\u00ebsit\u00eb tona p\u00ebr t\u2019i mir\u00ebmbajtur k\u00ebto dhurata t\u00eb vyera dhe p\u00ebr t\u00eb dh\u00ebn\u00eb edhe ndihmes\u00ebn ton\u00eb n\u00eb ngritjen e objekteve t\u00eb reja kishtare n\u00eb territorin e Dioqez\u00ebs son\u00eb t\u00eb shenjt\u00eb.&nbsp;&nbsp;&nbsp;&nbsp;&nbsp;&nbsp;&nbsp;&nbsp;&nbsp;&nbsp;&nbsp;&nbsp;&nbsp;&nbsp;&nbsp;&nbsp;&nbsp;&nbsp;&nbsp;&nbsp;&nbsp;&nbsp;&nbsp;&nbsp;&nbsp;&nbsp;&nbsp;&nbsp; &nbsp;&nbsp;&nbsp;&nbsp;&nbsp;&nbsp;&nbsp;&nbsp;&nbsp;&nbsp;&nbsp;&nbsp;&nbsp; <\/span><\/span><\/span><\/div>\n<div style=\"text-align: justify;\">&nbsp;<\/div>\n<div style=\"text-align: justify;\"><span style=\"color: #000000;\"><span style=\"font-family: tahoma,geneva,sans-serif;\"><span style=\"font-size: 12px;\">&nbsp;<img decoding=\"async\" class=\"lazyload HAa Eha\" style=\"height: 171px; width: 250px; border-width: 1px; border-style: solid; margin: 10px; float: left;\" alt=\"\" src=\"data:image\/gif;base64,R0lGODlhAQABAAAAACH5BAEKAAEALAAAAAABAAEAAAICTAEAOw==\" data-orig-src=\"https:\/\/lh6.googleusercontent.com\/-oDZIXzqEl_w\/VIlhyQumuQI\/AAAAAAAAGSU\/o25qbWy9LME\/w400-h273-no\/netekst4mj.jpg\" \/>&nbsp; Me k\u00ebt\u00eb rast, si simbol t\u00eb vog\u00ebl t\u00eb mir\u00ebnjohjes son\u00eb p\u00ebr bamir\u00ebsit\u00eb e tij dhe n\u00eb ve\u00e7anti p\u00ebr k\u00ebt\u00eb tempull t\u00eb shenjt\u00eb, i ofrojm\u00eb nj\u00eb dhurat\u00eb simbolike, me kryqin e \u00e7muar, meqen\u00ebse me an\u00ebn e kryqit erdhi g\u00ebzimi n\u00eb bot\u00eb dhe gjith\u00eb t\u00eb mirat me an\u00ebn e kryqit. Meq\u00eb jeta e tij ishte nj\u00eb kryq dhe nj\u00eb ngjallje me bamir\u00ebsit\u00eb e tij dhe kalimi i tij n\u00eb bot\u00eb dhe n\u00eb k\u00ebt\u00eb tok\u00eb t\u00eb Shqip\u00ebris\u00eb ishte kalimi i bekimit dhe i bamir\u00ebsis\u00eb me an\u00ebn e kryqit. Dhe nj\u00eb her\u00eb iu fal\u00ebnderojm\u00eb thell\u00ebsisht nga zemra, ta g\u00ebzojm\u00eb n\u00eb jet\u00eb t\u00eb jet\u00ebve. Amin\u201d<\/span><\/span><\/span><\/div>\n<div style=\"text-align: justify;\">&nbsp;<\/div>\n<div style=\"text-align: justify;\"><span style=\"color: #000000;\"><span style=\"font-family: tahoma,geneva,sans-serif;\"><span style=\"font-size: 12px;\">&nbsp;&nbsp;&nbsp; Pastaj t\u00eb pranishm\u00ebve iu drejtua Kryepiskopi Anastas, i cili nd\u00ebr t\u00eb tjera tha se: \u201cHir\u00ebsi i nderuar dhe v\u00eblla Ignat, t\u00eb nderuar p\u00ebrfaq\u00ebsues t\u00eb komuniteteve fetare, miq shum\u00eb t\u00eb dashur p\u00ebrfaq\u00ebsues politik\u00eb dhe administrative, mendoj q\u00eb gj\u00ebja m\u00eb vyer \u00ebsht\u00eb t\u00eb them motra dhe v\u00ebllez\u00ebr t\u00eb dashur.&nbsp;&nbsp;&nbsp;&nbsp;&nbsp;&nbsp;&nbsp;&nbsp;&nbsp;&nbsp;&nbsp;&nbsp;&nbsp;&nbsp;&nbsp;&nbsp;&nbsp;&nbsp;&nbsp;&nbsp;&nbsp;&nbsp;&nbsp;&nbsp;&nbsp;&nbsp;&nbsp; <\/span><\/span><\/span><\/div>\n<div style=\"text-align: justify;\">&nbsp;<\/div>\n<div style=\"text-align: justify;\"><span style=\"color: #000000;\"><span style=\"font-family: tahoma,geneva,sans-serif;\"><span style=\"font-size: 12px;\"><img decoding=\"async\" class=\"lazyload HAa Eha\" style=\"border-width: 1px; border-style: solid; margin: 10px; float: right;\" alt=\"\" src=\"data:image\/svg+xml,%3Csvg%20xmlns%3D%27http%3A%2F%2Fwww.w3.org%2F2000%2Fsvg%27%20width%3D%27159%27%20height%3D%27260%27%20viewBox%3D%270%200%20159%20260%27%3E%3Crect%20width%3D%27159%27%20height%3D%27260%27%20fill-opacity%3D%220%22%2F%3E%3C%2Fsvg%3E\" data-orig-src=\"https:\/\/lh5.googleusercontent.com\/-gBnkYJ7QvmI\/VIlhy6X_z_I\/AAAAAAAAGR0\/vYYkKPLXXeg\/w244-h400-no\/netekst6mj.jpg\" height=\"260\" width=\"159\" \/>&nbsp;&nbsp;&nbsp; M\u00eb kujtohet 7 gushti i vitit 1991, kur p\u00ebr her\u00eb t\u00eb par\u00eb erdha dhe b\u00ebra vizit\u00eb k\u00ebtu n\u00eb qytetin e Fierit. Nuk kishte mbetur asnj\u00eb shenj\u00eb nga kisha e m\u00ebparshme dhe b\u00ebm\u00eb takimin e par\u00eb n\u00eb shesh, mbi nj\u00eb sken\u00eb. Q\u00eb nga ajo koh\u00eb kan\u00eb kaluar mjaft vite dhe shum\u00eb gj\u00ebra jan\u00eb bekuar k\u00ebtu n\u00eb Shqip\u00ebri. Kur erdha n\u00eb vitin 1991, shumica e kishave ishin shkat\u00ebrruar dhe meshonim mes g\u00ebrmadhash ose n\u00ebn hijen e pem\u00ebve. Me hirin e Per\u00ebndis\u00eb dhe me dashurin\u00eb dhe sakrific\u00ebn e shum\u00eb njer\u00ebzve Zoti na b\u00ebri t\u00eb denj\u00eb k\u00ebto vite t\u00eb jetonim nj\u00eb mrekulli t\u00eb v\u00ebrtet\u00eb. Shum\u00eb nga kishat e vjetra dhe manastiret ne i rind\u00ebrtuam dhe i riparuam dhe sot n\u00eb Shqip\u00ebri jan\u00eb nd\u00ebrtuar 141 kisha t\u00eb reja dhe 150 kisha t\u00eb tjera jan\u00eb riparuar dhe rind\u00ebrtuar. Dhe mbi t\u00eb gjitha k\u00ebto mbizot\u00ebron kisha katedrale e Sh\u00ebn Gjergjit n\u00eb Fier. Sot nuk \u00ebsht\u00eb ende ceremonia zyrtare e p\u00ebrurimit, \u00ebsht\u00eb nj\u00eb sh\u00ebrbes\u00eb q\u00eb quhet \u201cHapja e Dyerve\u201d q\u00eb t\u00eb funksionoj\u00eb p\u00ebr sh\u00ebrbesat e shenjta, deri sa t\u00eb b\u00ebhet p\u00ebrurimi.<\/span><\/span><\/span><\/div>\n<div style=\"text-align: justify;\">&nbsp;<\/div>\n<div style=\"text-align: justify;\"><span style=\"color: #000000;\"><span style=\"font-family: tahoma,geneva,sans-serif;\"><span style=\"font-size: 12px;\">&nbsp;&nbsp; Desha t\u00eb shpreh mir\u00ebnjohjen t\u00eb njohurve dhe t\u00eb panjohurve q\u00eb kan\u00eb kontribuar p\u00ebr ngritjen e k\u00ebsaj kishe. Dua t\u2019i fal\u00ebnderoj t\u00eb gjith\u00eb, arkitekt\u00ebt, inxhinier\u00ebt sip\u00ebrmarr\u00ebsit q\u00eb kan\u00eb kontribuar n\u00eb ngritjen e saj. Si dhe qindra v\u00ebllez\u00ebr nga Evropa, Amerika dhe Greqia q\u00eb na kan\u00eb ndihmuar me dhurimin e shumave t\u00eb konsiderueshme. K\u00ebto koh\u00ebt e fundit u shtuan edhe shandan\u00ebt, ikonostasi etj., q\u00eb na leht\u00ebsuan pun\u00eb dhe shum\u00eb nga ata q\u00eb kan\u00eb kontribuar jan\u00eb t\u00eb panjohur p\u00ebr ju, por jan\u00eb t\u00eb njohur tek Per\u00ebndia p\u00ebr dashurin\u00eb dhe sakrific\u00ebn q\u00eb kan\u00eb treguar. Mir\u00ebnjohja jon\u00eb ndaj tyre do t\u00eb mbetet e p\u00ebrhershme dhe e thell\u00eb.<\/span><\/span><\/span><\/div>\n<div style=\"text-align: justify;\">&nbsp;<\/div>\n<div style=\"text-align: justify;\"><span style=\"color: #000000;\"><span style=\"font-family: tahoma,geneva,sans-serif;\"><span style=\"font-size: 12px;\">&nbsp;&nbsp;&nbsp; Sot, kur jemi n\u00eb nj\u00eb periudh\u00eb dekadence dhe r\u00ebnieje, kemi g\u00ebzimin e madh q\u00eb t\u00eb \u00e7elim edhe nj\u00eb qend\u00ebr tjet\u00ebr shpirt\u00ebrore, nj\u00eb kish\u00eb t\u00eb till\u00eb. \u00cbsht\u00eb nj\u00eb qend\u00ebr lutjeje, ngush\u00ebllimi, v\u00ebllaz\u00ebrimi, dashuri, p\u00ebr m\u00eb tep\u00ebr edhe nj\u00eb qend\u00ebr komunikimi, me Per\u00ebndin\u00eb, me njer\u00ebzit e tjer\u00eb, me gjith\u00eb bot\u00ebn. Se \u00e7do kish\u00eb e re na lidh me mbar\u00eb kishat n\u00eb bot\u00eb q\u00eb mbajn\u00eb dhe lavd\u00ebrojn\u00eb emrin e Tij. \u00cbsht\u00eb nj\u00eb qend\u00ebr q\u00eb na lidh si me t\u00eb shkuar\u00ebn ashtu edhe me t\u00eb tashmen dhe t\u00eb ardhmen. Na lidh me mbar\u00eb njer\u00ebzimin e t\u00eb gjitha koh\u00ebve.<\/span><\/span><\/span><\/div>\n<div style=\"text-align: justify;\">&nbsp;<\/div>\n<div style=\"text-align: justify;\"><span style=\"color: #000000;\"><span style=\"font-family: tahoma,geneva,sans-serif;\"><span style=\"font-size: 12px;\"><img decoding=\"async\" class=\"lazyload HAa Eha\" style=\"height: 150px; width: 200px; border-width: 1px; border-style: solid; margin: 10px; float: left;\" alt=\"\" src=\"data:image\/gif;base64,R0lGODlhAQABAAAAACH5BAEKAAEALAAAAAABAAEAAAICTAEAOw==\" data-orig-src=\"https:\/\/lh3.googleusercontent.com\/-LkcGBwd9n7o\/VIlhzC3PFrI\/AAAAAAAAGSM\/efgd5fbzxow\/w400-h300-no\/netekst7dj.jpg\" \/>&nbsp;&nbsp; Por \u00ebsht\u00eb nj\u00eb fakt q\u00eb t\u00eb gjith\u00eb duhet ta kemi n\u00eb mend, se sistemi q\u00eb shkoi nuk shkat\u00ebrroi vet\u00ebm kishat e nd\u00ebrtuara me materiale l\u00ebndore, por shkat\u00ebrroi shpirtrat e njer\u00ebzve, besimin dhe shpres\u00ebn brenda tyre. Ndaj kemi shum\u00eb p\u00ebr t\u00eb b\u00ebr\u00eb n\u00eb k\u00ebt\u00eb drejtim. Gj\u00ebja m\u00eb e r\u00ebnd\u00ebsishme \u00ebsht\u00eb q\u00eb duhet t\u00eb nd\u00ebrtojm\u00eb kisha brenda nesh. Ka mij\u00ebra njer\u00ebz q\u00eb presin ende q\u00eb ta njohin Per\u00ebndin\u00eb dhe t\u00eb bashkohen me T\u00eb.<\/span><\/span><\/span><\/div>\n<div style=\"text-align: justify;\">&nbsp;<\/div>\n<div style=\"text-align: justify;\"><span style=\"color: #000000;\"><span style=\"font-family: tahoma,geneva,sans-serif;\"><span style=\"font-size: 12px;\"><img decoding=\"async\" class=\"lazyload HAa Eha\" style=\"height: 117px; width: 200px; border-width: 1px; border-style: solid; margin: 10px; float: right;\" alt=\"\" src=\"data:image\/gif;base64,R0lGODlhAQABAAAAACH5BAEKAAEALAAAAAABAAEAAAICTAEAOw==\" data-orig-src=\"https:\/\/lh3.googleusercontent.com\/-ThC1aBgmqMs\/VIlhzszibdI\/AAAAAAAAGSA\/FZTaUVsyaSg\/w400-h233-no\/netekst8mj.jpg\" \/>&nbsp;&nbsp; Uroj me gjith\u00eb zem\u00ebr, q\u00eb gjithsecili t\u00eb ket\u00eb mund\u00ebsin\u00eb q\u00eb t\u00eb njoh\u00eb dhe t\u00eb doj\u00eb sa m\u00eb shum\u00eb Per\u00ebndin\u00eb. Le t\u00eb frym\u00ebzohemi nga shembulli i i ndritur i Sh\u00ebn Gjergjit, nga durimi dhe nga zem\u00ebrfort\u00ebsia dhe forca q\u00eb ai tregoi. Madje t\u00eb ndri\u00e7ohemi nga dashuria e tij shum\u00eb e madhe p\u00ebr Per\u00ebndin\u00eb dhe njer\u00ebzit.<\/span><\/span><\/span><\/div>\n<div style=\"text-align: justify;\">&nbsp;<\/div>\n<div style=\"text-align: justify;\"><span style=\"color: #000000;\"><span style=\"font-family: tahoma,geneva,sans-serif;\"><span style=\"font-size: 12px;\">&nbsp;&nbsp;&nbsp; T\u00eb frym\u00ebzohemi gjithashtu nga personat e Ungjillit t\u00eb sot\u00ebm, nga personat e Josif Arimatheasit dhe Nikodhimit nga grat\u00eb e p\u00ebrkushtuara miroprur\u00ebse, t\u00eb cil\u00ebt kishin ngurrime t\u00eb forta brenda tyre, por q\u00eb nuk u p\u00ebrkul\u00ebn dhe b\u00ebn\u00eb p\u00ebrpara me shum\u00eb guxim dhe vendosm\u00ebri p\u00ebr t\u00eb kryer detyrimin e dashuris\u00eb ndaj Krishtit. Edhe ne duhet t\u00eb kemi m\u00eb shum\u00eb forc\u00eb n\u00eb plot\u00ebsimin e detyrimit ton\u00eb t\u00eb p\u00ebrditsh\u00ebm. Shum\u00eb her\u00eb v\u00ebrejm\u00eb q\u00eb njer\u00ebz q\u00eb merren me pun\u00eb jo t\u00eb mira jan\u00eb t\u00eb guximsh\u00ebm dhe besimtar\u00ebt tek Krishti shfaqen me frik\u00eb dhe ngurrues. Duhet nj\u00eb burr\u00ebri dhe guxim m\u00eb i madh nga secili nga ne. Kur duhet t\u00eb mbrojm\u00eb t\u00eb v\u00ebrtet\u00ebn p\u00ebrse t\u00eb frik\u00ebsohemi. Kur e dim\u00eb se p\u00ebrpiqemi p\u00ebr drejt\u00ebsi, p\u00ebrse duhet t\u00eb shqet\u00ebsohemi; p\u00ebrse t\u00eb ngurrojm\u00eb kur bota pret q\u00eb ne t\u00eb v\u00ebllaz\u00ebrohemi.<\/span><\/span><\/span><\/div>\n<div style=\"text-align: justify;\">&nbsp;<\/div>\n<div style=\"text-align: justify;\"><span style=\"color: #000000;\"><span style=\"font-family: tahoma,geneva,sans-serif;\"><span style=\"font-size: 12px;\"><img decoding=\"async\" class=\"lazyload HAa Eha\" style=\"height: 150px; width: 200px; border-width: 1px; border-style: solid; margin: 10px; float: left;\" alt=\"\" src=\"data:image\/gif;base64,R0lGODlhAQABAAAAACH5BAEKAAEALAAAAAABAAEAAAICTAEAOw==\" data-orig-src=\"https:\/\/lh4.googleusercontent.com\/-1lYA2U3L09k\/VIlhzzyyoRI\/AAAAAAAAGSE\/lwVO_1AS_nY\/w400-h299-no\/netekst9dj.jpg\" \/>&nbsp;&nbsp;&nbsp; Pra, me m\u00eb shum\u00eb forc\u00eb dhe guxim n\u00eb vazhdimin e jet\u00ebs son\u00eb. Duhet t\u00eb p\u00ebrpiqemi q\u00eb mbi vendin ton\u00eb t\u00eb vij\u00eb bekimi i Per\u00ebndis\u00eb, q\u00eb t\u00eb zhvillohet nj\u00eb shoq\u00ebri e drejt\u00ebsis\u00eb dhe v\u00ebllaz\u00ebris\u00eb. Ju fal\u00ebnderoj t\u00eb gjith\u00ebve dhe ju lus t\u00eb p\u00ebrpiqeni q\u00eb k\u00ebtu n\u00eb Fier dhe mbar\u00eb zon\u00ebn t\u00eb shk\u00eblqej\u00eb drita e Kryqit dhe e Ngjalljes.\u201d<\/span><\/span><\/span><\/div>\n<div style=\"text-align: justify;\">&nbsp;<\/div>\n<div style=\"text-align: justify;\"><span style=\"color: #000000;\"><span style=\"font-family: tahoma,geneva,sans-serif;\"><span style=\"font-size: 12px;\">&nbsp;&nbsp;&nbsp; N\u00eb fund Kryepiskopi fal\u00ebnderoi n\u00eb m\u00ebnyr\u00eb t\u00eb ve\u00e7ant\u00eb Mitropolitin Ignat p\u00ebr dit\u00ebn e sotme dhe p\u00ebr gjith\u00eb k\u00ebto vite si dhe p\u00ebrmendi kontributin tij dhe t\u00eb t\u00eb gjith\u00eb mitropolit\u00ebve dhe episkop\u00ebve t\u00eb tjer\u00eb n\u00eb mbar\u00ebvajtjen e Kish\u00ebs ton\u00eb.<\/span><\/span><\/span><\/div>\n<div style=\"text-align: justify;\">&nbsp;<\/div>\n<div style=\"text-align: justify;\"><span style=\"color: #000000;\"><span style=\"font-family: tahoma,geneva,sans-serif;\"><span style=\"font-size: 12px;\">&nbsp;&nbsp;&nbsp; Pas Liturgjis\u00eb Hyjnore k\u00ebshilli kishtar i qytetit t\u00eb Fierit shtroi nj\u00eb kokteil p\u00ebr t\u00eb gjith\u00eb t\u00eb ftuarit.<\/span><\/span><\/span><\/div>\n<div style=\"text-align: justify;\">&nbsp;<\/div>\n<div style=\"text-align: justify;\">&nbsp;<\/div>\n<div style=\"text-align: right;\"><span style=\"color: #000000;\"><strong><span style=\"font-family: tahoma,geneva,sans-serif;\"><span style=\"font-size: 12px;\">Thoma Dhima<\/span><\/span><\/strong><\/span><\/div>\n<div style=\"text-align: right;\">&nbsp;<\/div>\n<div style=\"text-align: right;\">&nbsp;<\/div>\n<div style=\"text-align: center;\"><span style=\"color: #000000;\"><img decoding=\"async\" class=\"lazyload HAa Eha\" style=\"border-width: 1px; border-style: solid; margin: 10px;\" alt=\"\" src=\"data:image\/gif;base64,R0lGODlhAQABAAAAACH5BAEKAAEALAAAAAABAAEAAAICTAEAOw==\" data-orig-src=\"https:\/\/lh6.googleusercontent.com\/-VBr8TA5dABc\/VIlkskQX51I\/AAAAAAAAGTM\/sfEccHGGvXs\/w417-h600-no\/anash1.jpg\" \/><\/span><\/div>\n<div style=\"text-align: center;\">&nbsp;<\/div>\n<div style=\"text-align: center;\"><span style=\"color: #000000;\"><img decoding=\"async\" class=\"lazyload HAa Eha\" style=\"border-width: 1px; border-style: solid; margin: 10px;\" alt=\"\" src=\"data:image\/gif;base64,R0lGODlhAQABAAAAACH5BAEKAAEALAAAAAABAAEAAAICTAEAOw==\" data-orig-src=\"https:\/\/lh3.googleusercontent.com\/-LqW1-YNlJSc\/VIlksimPJQI\/AAAAAAAAGTA\/o29dB01wapY\/w600-h450-no\/anash2.jpg\" \/><\/span><\/div>\n<div style=\"text-align: center;\">&nbsp;<\/div>\n<div style=\"text-align: center;\"><span style=\"color: #000000;\"><img decoding=\"async\" class=\"lazyload HAa Eha\" style=\"border-width: 1px; border-style: solid; margin: 10px;\" alt=\"\" src=\"data:image\/gif;base64,R0lGODlhAQABAAAAACH5BAEKAAEALAAAAAABAAEAAAICTAEAOw==\" data-orig-src=\"https:\/\/lh3.googleusercontent.com\/-LgqhwQl1tVg\/VIlkshpn6oI\/AAAAAAAAGS8\/9WM2R-j5KgM\/w600-h450-no\/anash3.jpg\" \/><\/span><\/div>\n<div style=\"text-align: center;\">&nbsp;<\/div>\n<div style=\"text-align: center;\"><span style=\"color: #000000;\"><img decoding=\"async\" class=\"lazyload HAa Eha\" style=\"border-width: 1px; border-style: solid; margin: 10px;\" alt=\"\" src=\"data:image\/gif;base64,R0lGODlhAQABAAAAACH5BAEKAAEALAAAAAABAAEAAAICTAEAOw==\" data-orig-src=\"https:\/\/lh5.googleusercontent.com\/-IA6K1Cqo3pE\/VIlktGqnjiI\/AAAAAAAAGTQ\/gChVDPvn8vE\/w600-h436-no\/anash4.jpg\" \/><\/span><\/div>\n<div style=\"text-align: center;\">&nbsp;<\/div>\n<div style=\"text-align: center;\"><span style=\"color: #000000;\"><img decoding=\"async\" class=\"lazyload HAa Eha\" style=\"border-width: 1px; border-style: solid; margin: 10px;\" alt=\"\" src=\"data:image\/gif;base64,R0lGODlhAQABAAAAACH5BAEKAAEALAAAAAABAAEAAAICTAEAOw==\" data-orig-src=\"https:\/\/lh5.googleusercontent.com\/-n8szpZneAF0\/VIlktR2wFQI\/AAAAAAAAGTE\/F9bKZA4x4yg\/w600-h371-no\/anash5.jpg\" \/><\/span><\/div>\n","protected":false},"excerpt":{"rendered":"<p>&nbsp;&nbsp;&nbsp; T\u00eb diel\u00ebn, 22 prill, qindra besimtar\u00eb u mblodh\u00ebn n\u00eb kish\u00ebn e re katedrale t\u00eb Sh\u00ebn Gjergjit, n\u00eb qend\u00ebr t\u00eb Fierit. 40 vjet pasi ishte shembur dhunsh\u00ebm kisha e vjet\u00ebr, n\u00eb t\u00eb do t\u00eb mbahej Liturgjia e par\u00eb Hyjnore. Kishin ardhur me k\u00ebt\u00eb rast p\u00ebrfaq\u00ebsues t\u00eb komuniteteve fetare, kryetari i Bashkis\u00eb, Prefekti, autoritete t\u00eb tjera lokale dhe deputet\u00eb t\u00eb zon\u00ebs, si edhe besimtar\u00eb nga qytetet<\/p>\n","protected":false},"author":1,"featured_media":0,"comment_status":"open","ping_status":"open","sticky":false,"template":"","format":"standard","meta":{"_acf_changed":false,"pagelayer_contact_templates":[],"_pagelayer_content":"","inline_featured_image":false,"fifu_image_url":"","fifu_image_alt":"","footnotes":""},"categories":[108],"tags":[147,153,201,212,197],"class_list":["post-615","post","type-post","status-publish","format-standard","hentry","category-lajme","tag-147","tag-deklarata-njoftime-zyrtare-d75","tag-kryepiskopi-anastas","tag-lajme-d27","tag-berat"],"acf":[],"yoast_head":"<!-- This site is optimized with the Yoast SEO plugin v27.2 - https:\/\/yoast.com\/product\/yoast-seo-wordpress\/ -->\n<title>Hapet kisha e madhe katedrale e Sh\u00ebn Gjergjit n\u00eb Fier. (Prill 2007) - Kisha Orthodh\u03bfkse Autoqefale e Shqip\u00ebris\u00eb<\/title>\n<meta name=\"robots\" content=\"index, follow, max-snippet:-1, max-image-preview:large, max-video-preview:-1\" \/>\n<link rel=\"canonical\" href=\"https:\/\/orthodoxalbania.org\/2020\/2007\/02\/26\/hapet-kisha-e-madhe-katedrale-e-shen-gjergjit-ne-fier-prill-2007\/\" \/>\n<meta property=\"og:locale\" content=\"en_US\" \/>\n<meta property=\"og:type\" content=\"article\" \/>\n<meta property=\"og:title\" content=\"Hapet kisha e madhe katedrale e Sh\u00ebn Gjergjit n\u00eb Fier. (Prill 2007) - Kisha Orthodh\u03bfkse Autoqefale e Shqip\u00ebris\u00eb\" \/>\n<meta property=\"og:description\" content=\"&nbsp;&nbsp;&nbsp; T\u00eb diel\u00ebn, 22 prill, qindra besimtar\u00eb u mblodh\u00ebn n\u00eb kish\u00ebn e re katedrale t\u00eb Sh\u00ebn Gjergjit, n\u00eb qend\u00ebr t\u00eb Fierit. 40 vjet pasi ishte shembur dhunsh\u00ebm kisha e vjet\u00ebr, n\u00eb t\u00eb do t\u00eb mbahej Liturgjia e par\u00eb Hyjnore. Kishin ardhur me k\u00ebt\u00eb rast p\u00ebrfaq\u00ebsues t\u00eb komuniteteve fetare, kryetari i Bashkis\u00eb, Prefekti, autoritete t\u00eb tjera lokale dhe deputet\u00eb t\u00eb zon\u00ebs, si edhe besimtar\u00eb nga qytetet\" \/>\n<meta property=\"og:url\" content=\"https:\/\/orthodoxalbania.org\/2020\/2007\/02\/26\/hapet-kisha-e-madhe-katedrale-e-shen-gjergjit-ne-fier-prill-2007\/\" \/>\n<meta property=\"og:site_name\" content=\"Kisha Orthodh\u03bfkse Autoqefale e Shqip\u00ebris\u00eb\" \/>\n<meta property=\"article:publisher\" content=\"https:\/\/www.facebook.com\/koash1991\" \/>\n<meta property=\"article:published_time\" content=\"2007-02-26T00:00:00+00:00\" \/>\n<meta property=\"article:modified_time\" content=\"2020-04-06T20:35:52+00:00\" \/>\n<meta property=\"og:image\" content=\"https:\/\/lh3.googleusercontent.com\/-DUbi-MGVTOM\/VIlh0LRefFI\/AAAAAAAAGSI\/fQzcFEvbAVU\/w400-h297-no\/netekstdja.jpg\" \/>\n<meta name=\"author\" content=\"Kisha Orthodhokse\" \/>\n<meta name=\"twitter:card\" content=\"summary_large_image\" \/>\n<meta name=\"twitter:label1\" content=\"Written by\" \/>\n\t<meta name=\"twitter:data1\" content=\"Kisha Orthodhokse\" \/>\n\t<meta name=\"twitter:label2\" content=\"Est. reading time\" \/>\n\t<meta name=\"twitter:data2\" content=\"10 minutes\" \/>\n<script type=\"application\/ld+json\" class=\"yoast-schema-graph\">{\"@context\":\"https:\/\/schema.org\",\"@graph\":[{\"@type\":\"Article\",\"@id\":\"https:\/\/orthodoxalbania.org\/2020\/2007\/02\/26\/hapet-kisha-e-madhe-katedrale-e-shen-gjergjit-ne-fier-prill-2007\/#article\",\"isPartOf\":{\"@id\":\"https:\/\/orthodoxalbania.org\/2020\/2007\/02\/26\/hapet-kisha-e-madhe-katedrale-e-shen-gjergjit-ne-fier-prill-2007\/\"},\"author\":{\"name\":\"Kisha Orthodhokse\",\"@id\":\"https:\/\/orthodoxalbania.org\/2020\/#\/schema\/person\/0c387634a7063ac612d7ed9ce71c7e86\"},\"headline\":\"Hapet kisha e madhe katedrale e Sh\u00ebn Gjergjit n\u00eb Fier. (Prill 2007)\",\"datePublished\":\"2007-02-26T00:00:00+00:00\",\"dateModified\":\"2020-04-06T20:35:52+00:00\",\"mainEntityOfPage\":{\"@id\":\"https:\/\/orthodoxalbania.org\/2020\/2007\/02\/26\/hapet-kisha-e-madhe-katedrale-e-shen-gjergjit-ne-fier-prill-2007\/\"},\"wordCount\":2027,\"commentCount\":0,\"publisher\":{\"@id\":\"https:\/\/orthodoxalbania.org\/2020\/#organization\"},\"image\":{\"@id\":\"https:\/\/orthodoxalbania.org\/2020\/2007\/02\/26\/hapet-kisha-e-madhe-katedrale-e-shen-gjergjit-ne-fier-prill-2007\/#primaryimage\"},\"thumbnailUrl\":\"https:\/\/lh3.googleusercontent.com\/-DUbi-MGVTOM\/VIlh0LRefFI\/AAAAAAAAGSI\/fQzcFEvbAVU\/w400-h297-no\/netekstdja.jpg\",\"keywords\":[\"2007\",\"Deklarata - Njoftime Zyrtare\",\"Kryepiskopi Anastas\",\"lajme\",\"Mitropolia Berat\"],\"articleSection\":[\"Lajme\"],\"inLanguage\":\"en-US\"},{\"@type\":\"WebPage\",\"@id\":\"https:\/\/orthodoxalbania.org\/2020\/2007\/02\/26\/hapet-kisha-e-madhe-katedrale-e-shen-gjergjit-ne-fier-prill-2007\/\",\"url\":\"https:\/\/orthodoxalbania.org\/2020\/2007\/02\/26\/hapet-kisha-e-madhe-katedrale-e-shen-gjergjit-ne-fier-prill-2007\/\",\"name\":\"Hapet kisha e madhe katedrale e Sh\u00ebn Gjergjit n\u00eb Fier. (Prill 2007) - Kisha Orthodh\u03bfkse Autoqefale e Shqip\u00ebris\u00eb\",\"isPartOf\":{\"@id\":\"https:\/\/orthodoxalbania.org\/2020\/#website\"},\"primaryImageOfPage\":{\"@id\":\"https:\/\/orthodoxalbania.org\/2020\/2007\/02\/26\/hapet-kisha-e-madhe-katedrale-e-shen-gjergjit-ne-fier-prill-2007\/#primaryimage\"},\"image\":{\"@id\":\"https:\/\/orthodoxalbania.org\/2020\/2007\/02\/26\/hapet-kisha-e-madhe-katedrale-e-shen-gjergjit-ne-fier-prill-2007\/#primaryimage\"},\"thumbnailUrl\":\"https:\/\/lh3.googleusercontent.com\/-DUbi-MGVTOM\/VIlh0LRefFI\/AAAAAAAAGSI\/fQzcFEvbAVU\/w400-h297-no\/netekstdja.jpg\",\"datePublished\":\"2007-02-26T00:00:00+00:00\",\"dateModified\":\"2020-04-06T20:35:52+00:00\",\"breadcrumb\":{\"@id\":\"https:\/\/orthodoxalbania.org\/2020\/2007\/02\/26\/hapet-kisha-e-madhe-katedrale-e-shen-gjergjit-ne-fier-prill-2007\/#breadcrumb\"},\"inLanguage\":\"en-US\",\"potentialAction\":[{\"@type\":\"ReadAction\",\"target\":[\"https:\/\/orthodoxalbania.org\/2020\/2007\/02\/26\/hapet-kisha-e-madhe-katedrale-e-shen-gjergjit-ne-fier-prill-2007\/\"]}]},{\"@type\":\"ImageObject\",\"inLanguage\":\"en-US\",\"@id\":\"https:\/\/orthodoxalbania.org\/2020\/2007\/02\/26\/hapet-kisha-e-madhe-katedrale-e-shen-gjergjit-ne-fier-prill-2007\/#primaryimage\",\"url\":\"https:\/\/lh3.googleusercontent.com\/-DUbi-MGVTOM\/VIlh0LRefFI\/AAAAAAAAGSI\/fQzcFEvbAVU\/w400-h297-no\/netekstdja.jpg\",\"contentUrl\":\"https:\/\/lh3.googleusercontent.com\/-DUbi-MGVTOM\/VIlh0LRefFI\/AAAAAAAAGSI\/fQzcFEvbAVU\/w400-h297-no\/netekstdja.jpg\"},{\"@type\":\"BreadcrumbList\",\"@id\":\"https:\/\/orthodoxalbania.org\/2020\/2007\/02\/26\/hapet-kisha-e-madhe-katedrale-e-shen-gjergjit-ne-fier-prill-2007\/#breadcrumb\",\"itemListElement\":[{\"@type\":\"ListItem\",\"position\":1,\"name\":\"Home\",\"item\":\"https:\/\/orthodoxalbania.org\/2020\/\"},{\"@type\":\"ListItem\",\"position\":2,\"name\":\"Hapet kisha e madhe katedrale e Sh\u00ebn Gjergjit n\u00eb Fier. (Prill 2007)\"}]},{\"@type\":\"WebSite\",\"@id\":\"https:\/\/orthodoxalbania.org\/2020\/#website\",\"url\":\"https:\/\/orthodoxalbania.org\/2020\/\",\"name\":\"Kisha Orthodh\u03bfkse Autoqefale e Shqip\u00ebris\u00eb\",\"description\":\"Fqja Zyrtare e Kish\u00ebs Orthodhokse Autoqefale e Shqip\u00ebris\u00eb me lajmet edhe informacionet zyrtare p\u00ebr struktur\u00ebn edhe veprimtarin e saj.\",\"publisher\":{\"@id\":\"https:\/\/orthodoxalbania.org\/2020\/#organization\"},\"potentialAction\":[{\"@type\":\"SearchAction\",\"target\":{\"@type\":\"EntryPoint\",\"urlTemplate\":\"https:\/\/orthodoxalbania.org\/2020\/?s={search_term_string}\"},\"query-input\":{\"@type\":\"PropertyValueSpecification\",\"valueRequired\":true,\"valueName\":\"search_term_string\"}}],\"inLanguage\":\"en-US\"},{\"@type\":\"Organization\",\"@id\":\"https:\/\/orthodoxalbania.org\/2020\/#organization\",\"name\":\"Kisha Orthodhokse Autoqefale e Shqip\u00ebris\u00eb\",\"url\":\"https:\/\/orthodoxalbania.org\/2020\/\",\"logo\":{\"@type\":\"ImageObject\",\"inLanguage\":\"en-US\",\"@id\":\"https:\/\/orthodoxalbania.org\/2020\/#\/schema\/logo\/image\/\",\"url\":\"https:\/\/orthodoxalbania.org\/2020\/wp-content\/uploads\/2020\/05\/albania.jpeg\",\"contentUrl\":\"https:\/\/orthodoxalbania.org\/2020\/wp-content\/uploads\/2020\/05\/albania.jpeg\",\"width\":540,\"height\":540,\"caption\":\"Kisha Orthodhokse Autoqefale e Shqip\u00ebris\u00eb\"},\"image\":{\"@id\":\"https:\/\/orthodoxalbania.org\/2020\/#\/schema\/logo\/image\/\"},\"sameAs\":[\"https:\/\/www.facebook.com\/koash1991\"]},{\"@type\":\"Person\",\"@id\":\"https:\/\/orthodoxalbania.org\/2020\/#\/schema\/person\/0c387634a7063ac612d7ed9ce71c7e86\",\"name\":\"Kisha Orthodhokse\",\"image\":{\"@type\":\"ImageObject\",\"inLanguage\":\"en-US\",\"@id\":\"https:\/\/secure.gravatar.com\/avatar\/596e7c417251e30f2fbb9c00e026fce61a695a00e51c889caded71c96cbbdde5?s=96&d=mm&r=g\",\"url\":\"https:\/\/secure.gravatar.com\/avatar\/596e7c417251e30f2fbb9c00e026fce61a695a00e51c889caded71c96cbbdde5?s=96&d=mm&r=g\",\"contentUrl\":\"https:\/\/secure.gravatar.com\/avatar\/596e7c417251e30f2fbb9c00e026fce61a695a00e51c889caded71c96cbbdde5?s=96&d=mm&r=g\",\"caption\":\"Kisha Orthodhokse\"}}]}<\/script>\n<!-- \/ Yoast SEO plugin. -->","yoast_head_json":{"title":"Hapet kisha e madhe katedrale e Sh\u00ebn Gjergjit n\u00eb Fier. (Prill 2007) - Kisha Orthodh\u03bfkse Autoqefale e Shqip\u00ebris\u00eb","robots":{"index":"index","follow":"follow","max-snippet":"max-snippet:-1","max-image-preview":"max-image-preview:large","max-video-preview":"max-video-preview:-1"},"canonical":"https:\/\/orthodoxalbania.org\/2020\/2007\/02\/26\/hapet-kisha-e-madhe-katedrale-e-shen-gjergjit-ne-fier-prill-2007\/","og_locale":"en_US","og_type":"article","og_title":"Hapet kisha e madhe katedrale e Sh\u00ebn Gjergjit n\u00eb Fier. (Prill 2007) - Kisha Orthodh\u03bfkse Autoqefale e Shqip\u00ebris\u00eb","og_description":"&nbsp;&nbsp;&nbsp; T\u00eb diel\u00ebn, 22 prill, qindra besimtar\u00eb u mblodh\u00ebn n\u00eb kish\u00ebn e re katedrale t\u00eb Sh\u00ebn Gjergjit, n\u00eb qend\u00ebr t\u00eb Fierit. 40 vjet pasi ishte shembur dhunsh\u00ebm kisha e vjet\u00ebr, n\u00eb t\u00eb do t\u00eb mbahej Liturgjia e par\u00eb Hyjnore. Kishin ardhur me k\u00ebt\u00eb rast p\u00ebrfaq\u00ebsues t\u00eb komuniteteve fetare, kryetari i Bashkis\u00eb, Prefekti, autoritete t\u00eb tjera lokale dhe deputet\u00eb t\u00eb zon\u00ebs, si edhe besimtar\u00eb nga qytetet","og_url":"https:\/\/orthodoxalbania.org\/2020\/2007\/02\/26\/hapet-kisha-e-madhe-katedrale-e-shen-gjergjit-ne-fier-prill-2007\/","og_site_name":"Kisha Orthodh\u03bfkse Autoqefale e Shqip\u00ebris\u00eb","article_publisher":"https:\/\/www.facebook.com\/koash1991","article_published_time":"2007-02-26T00:00:00+00:00","article_modified_time":"2020-04-06T20:35:52+00:00","og_image":[{"url":"https:\/\/lh3.googleusercontent.com\/-DUbi-MGVTOM\/VIlh0LRefFI\/AAAAAAAAGSI\/fQzcFEvbAVU\/w400-h297-no\/netekstdja.jpg","type":"","width":"","height":""}],"author":"Kisha Orthodhokse","twitter_card":"summary_large_image","twitter_misc":{"Written by":"Kisha Orthodhokse","Est. reading time":"10 minutes"},"schema":{"@context":"https:\/\/schema.org","@graph":[{"@type":"Article","@id":"https:\/\/orthodoxalbania.org\/2020\/2007\/02\/26\/hapet-kisha-e-madhe-katedrale-e-shen-gjergjit-ne-fier-prill-2007\/#article","isPartOf":{"@id":"https:\/\/orthodoxalbania.org\/2020\/2007\/02\/26\/hapet-kisha-e-madhe-katedrale-e-shen-gjergjit-ne-fier-prill-2007\/"},"author":{"name":"Kisha Orthodhokse","@id":"https:\/\/orthodoxalbania.org\/2020\/#\/schema\/person\/0c387634a7063ac612d7ed9ce71c7e86"},"headline":"Hapet kisha e madhe katedrale e Sh\u00ebn Gjergjit n\u00eb Fier. (Prill 2007)","datePublished":"2007-02-26T00:00:00+00:00","dateModified":"2020-04-06T20:35:52+00:00","mainEntityOfPage":{"@id":"https:\/\/orthodoxalbania.org\/2020\/2007\/02\/26\/hapet-kisha-e-madhe-katedrale-e-shen-gjergjit-ne-fier-prill-2007\/"},"wordCount":2027,"commentCount":0,"publisher":{"@id":"https:\/\/orthodoxalbania.org\/2020\/#organization"},"image":{"@id":"https:\/\/orthodoxalbania.org\/2020\/2007\/02\/26\/hapet-kisha-e-madhe-katedrale-e-shen-gjergjit-ne-fier-prill-2007\/#primaryimage"},"thumbnailUrl":"https:\/\/lh3.googleusercontent.com\/-DUbi-MGVTOM\/VIlh0LRefFI\/AAAAAAAAGSI\/fQzcFEvbAVU\/w400-h297-no\/netekstdja.jpg","keywords":["2007","Deklarata - Njoftime Zyrtare","Kryepiskopi Anastas","lajme","Mitropolia Berat"],"articleSection":["Lajme"],"inLanguage":"en-US"},{"@type":"WebPage","@id":"https:\/\/orthodoxalbania.org\/2020\/2007\/02\/26\/hapet-kisha-e-madhe-katedrale-e-shen-gjergjit-ne-fier-prill-2007\/","url":"https:\/\/orthodoxalbania.org\/2020\/2007\/02\/26\/hapet-kisha-e-madhe-katedrale-e-shen-gjergjit-ne-fier-prill-2007\/","name":"Hapet kisha e madhe katedrale e Sh\u00ebn Gjergjit n\u00eb Fier. (Prill 2007) - Kisha Orthodh\u03bfkse Autoqefale e Shqip\u00ebris\u00eb","isPartOf":{"@id":"https:\/\/orthodoxalbania.org\/2020\/#website"},"primaryImageOfPage":{"@id":"https:\/\/orthodoxalbania.org\/2020\/2007\/02\/26\/hapet-kisha-e-madhe-katedrale-e-shen-gjergjit-ne-fier-prill-2007\/#primaryimage"},"image":{"@id":"https:\/\/orthodoxalbania.org\/2020\/2007\/02\/26\/hapet-kisha-e-madhe-katedrale-e-shen-gjergjit-ne-fier-prill-2007\/#primaryimage"},"thumbnailUrl":"https:\/\/lh3.googleusercontent.com\/-DUbi-MGVTOM\/VIlh0LRefFI\/AAAAAAAAGSI\/fQzcFEvbAVU\/w400-h297-no\/netekstdja.jpg","datePublished":"2007-02-26T00:00:00+00:00","dateModified":"2020-04-06T20:35:52+00:00","breadcrumb":{"@id":"https:\/\/orthodoxalbania.org\/2020\/2007\/02\/26\/hapet-kisha-e-madhe-katedrale-e-shen-gjergjit-ne-fier-prill-2007\/#breadcrumb"},"inLanguage":"en-US","potentialAction":[{"@type":"ReadAction","target":["https:\/\/orthodoxalbania.org\/2020\/2007\/02\/26\/hapet-kisha-e-madhe-katedrale-e-shen-gjergjit-ne-fier-prill-2007\/"]}]},{"@type":"ImageObject","inLanguage":"en-US","@id":"https:\/\/orthodoxalbania.org\/2020\/2007\/02\/26\/hapet-kisha-e-madhe-katedrale-e-shen-gjergjit-ne-fier-prill-2007\/#primaryimage","url":"https:\/\/lh3.googleusercontent.com\/-DUbi-MGVTOM\/VIlh0LRefFI\/AAAAAAAAGSI\/fQzcFEvbAVU\/w400-h297-no\/netekstdja.jpg","contentUrl":"https:\/\/lh3.googleusercontent.com\/-DUbi-MGVTOM\/VIlh0LRefFI\/AAAAAAAAGSI\/fQzcFEvbAVU\/w400-h297-no\/netekstdja.jpg"},{"@type":"BreadcrumbList","@id":"https:\/\/orthodoxalbania.org\/2020\/2007\/02\/26\/hapet-kisha-e-madhe-katedrale-e-shen-gjergjit-ne-fier-prill-2007\/#breadcrumb","itemListElement":[{"@type":"ListItem","position":1,"name":"Home","item":"https:\/\/orthodoxalbania.org\/2020\/"},{"@type":"ListItem","position":2,"name":"Hapet kisha e madhe katedrale e Sh\u00ebn Gjergjit n\u00eb Fier. (Prill 2007)"}]},{"@type":"WebSite","@id":"https:\/\/orthodoxalbania.org\/2020\/#website","url":"https:\/\/orthodoxalbania.org\/2020\/","name":"Kisha Orthodh\u03bfkse Autoqefale e Shqip\u00ebris\u00eb","description":"Fqja Zyrtare e Kish\u00ebs Orthodhokse Autoqefale e Shqip\u00ebris\u00eb me lajmet edhe informacionet zyrtare p\u00ebr struktur\u00ebn edhe veprimtarin e saj.","publisher":{"@id":"https:\/\/orthodoxalbania.org\/2020\/#organization"},"potentialAction":[{"@type":"SearchAction","target":{"@type":"EntryPoint","urlTemplate":"https:\/\/orthodoxalbania.org\/2020\/?s={search_term_string}"},"query-input":{"@type":"PropertyValueSpecification","valueRequired":true,"valueName":"search_term_string"}}],"inLanguage":"en-US"},{"@type":"Organization","@id":"https:\/\/orthodoxalbania.org\/2020\/#organization","name":"Kisha Orthodhokse Autoqefale e Shqip\u00ebris\u00eb","url":"https:\/\/orthodoxalbania.org\/2020\/","logo":{"@type":"ImageObject","inLanguage":"en-US","@id":"https:\/\/orthodoxalbania.org\/2020\/#\/schema\/logo\/image\/","url":"https:\/\/orthodoxalbania.org\/2020\/wp-content\/uploads\/2020\/05\/albania.jpeg","contentUrl":"https:\/\/orthodoxalbania.org\/2020\/wp-content\/uploads\/2020\/05\/albania.jpeg","width":540,"height":540,"caption":"Kisha Orthodhokse Autoqefale e Shqip\u00ebris\u00eb"},"image":{"@id":"https:\/\/orthodoxalbania.org\/2020\/#\/schema\/logo\/image\/"},"sameAs":["https:\/\/www.facebook.com\/koash1991"]},{"@type":"Person","@id":"https:\/\/orthodoxalbania.org\/2020\/#\/schema\/person\/0c387634a7063ac612d7ed9ce71c7e86","name":"Kisha Orthodhokse","image":{"@type":"ImageObject","inLanguage":"en-US","@id":"https:\/\/secure.gravatar.com\/avatar\/596e7c417251e30f2fbb9c00e026fce61a695a00e51c889caded71c96cbbdde5?s=96&d=mm&r=g","url":"https:\/\/secure.gravatar.com\/avatar\/596e7c417251e30f2fbb9c00e026fce61a695a00e51c889caded71c96cbbdde5?s=96&d=mm&r=g","contentUrl":"https:\/\/secure.gravatar.com\/avatar\/596e7c417251e30f2fbb9c00e026fce61a695a00e51c889caded71c96cbbdde5?s=96&d=mm&r=g","caption":"Kisha Orthodhokse"}}]}},"_links":{"self":[{"href":"https:\/\/orthodoxalbania.org\/2020\/wp-json\/wp\/v2\/posts\/615","targetHints":{"allow":["GET"]}}],"collection":[{"href":"https:\/\/orthodoxalbania.org\/2020\/wp-json\/wp\/v2\/posts"}],"about":[{"href":"https:\/\/orthodoxalbania.org\/2020\/wp-json\/wp\/v2\/types\/post"}],"author":[{"embeddable":true,"href":"https:\/\/orthodoxalbania.org\/2020\/wp-json\/wp\/v2\/users\/1"}],"replies":[{"embeddable":true,"href":"https:\/\/orthodoxalbania.org\/2020\/wp-json\/wp\/v2\/comments?post=615"}],"version-history":[{"count":1,"href":"https:\/\/orthodoxalbania.org\/2020\/wp-json\/wp\/v2\/posts\/615\/revisions"}],"predecessor-version":[{"id":15784,"href":"https:\/\/orthodoxalbania.org\/2020\/wp-json\/wp\/v2\/posts\/615\/revisions\/15784"}],"wp:attachment":[{"href":"https:\/\/orthodoxalbania.org\/2020\/wp-json\/wp\/v2\/media?parent=615"}],"wp:term":[{"taxonomy":"category","embeddable":true,"href":"https:\/\/orthodoxalbania.org\/2020\/wp-json\/wp\/v2\/categories?post=615"},{"taxonomy":"post_tag","embeddable":true,"href":"https:\/\/orthodoxalbania.org\/2020\/wp-json\/wp\/v2\/tags?post=615"}],"curies":[{"name":"wp","href":"https:\/\/api.w.org\/{rel}","templated":true}]}}