{"id":614,"date":"2013-03-20T12:52:53","date_gmt":"2013-03-20T12:52:53","guid":{"rendered":""},"modified":"2020-04-06T22:32:23","modified_gmt":"2020-04-06T20:32:23","slug":"habitemi-se-si-paraqeten-si-dokumente-te-verteta-disa-sajesa-te-shtypit-2010","status":"publish","type":"post","link":"https:\/\/orthodoxalbania.org\/2020\/2013\/03\/20\/habitemi-se-si-paraqeten-si-dokumente-te-verteta-disa-sajesa-te-shtypit-2010\/","title":{"rendered":"Habitemi se si paraqeten si dokumente t\u00eb v\u00ebrteta disa sajesa t\u00eb shtypit. (2010)"},"content":{"rendered":"<div style=\"text-align: justify;\"><span style=\"color: #000000;\"><span style=\"font-family: tahoma,geneva,sans-serif;\"><span style=\"font-size: 12px;\">&nbsp;&nbsp;&nbsp; Ne besimtar\u00ebt orthodhoks\u00eb t\u00eb kish\u00ebs \u201cUngjill\u00ebzimi i Hyjlind\u00ebses\u201d, n\u00eb Tiran\u00eb, shprehim indinjat\u00ebn ton\u00eb p\u00ebr intervistat e z. Kristo Frash\u00ebri rreth \u00e7\u00ebshtjeve t\u00eb Kish\u00ebs Orthodhokse Autoqefale t\u00eb Shqip\u00ebris\u00eb dhe Kryepiskopit ton\u00eb. Ne e kemi par\u00eb shpesh gjith\u00eb k\u00ebta vjet z. Frash\u00ebri n\u00eb Kryepiskopat\u00ebn ton\u00eb, duke uruar p\u00ebrzem\u00ebrsisht Fortlumturin\u00eb e Tij Anastasin me rastin e Pashk\u00ebve dhe Krishtlindjeve etj. E dinim pra, mik t\u00eb tij dhe t\u00eb komunitetit ton\u00eb.<\/span><\/span><\/span><\/div>\n<div style=\"text-align: justify;\">&nbsp;<\/div>\n<div style=\"text-align: justify;\"><span style=\"color: #000000;\"><span style=\"font-family: tahoma,geneva,sans-serif;\"><span style=\"font-size: 12px;\">&nbsp;&nbsp;&nbsp; Si ndodhi kjo kthes\u00eb e tij e pak dit\u00ebve m\u00eb par\u00eb? Si arrin ai t\u00eb deklaroj\u00eb q\u00eb Kryepiskopi yn\u00eb nuk \u00ebsht\u00eb fron\u00ebzuar n\u00eb kish\u00ebn ton\u00eb t\u00eb Ungjill\u00ebzimit, por n\u00eb hotel?&nbsp;Mund t\u00eb ndodh\u00eb kjo, dhe a ka njeri t\u00eb arsyesh\u00ebm n\u00eb bot\u00eb q\u00eb mund ta pranoj\u00eb? Shum\u00eb nga ne q\u00eb e firmosim k\u00ebt\u00eb protest\u00eb, kemi qen\u00eb d\u00ebshmitar\u00eb okular\u00eb, pjes\u00ebmarr\u00ebs n\u00eb k\u00ebt\u00eb eveniment, dhe habitemi q\u00eb ai, nj\u00eb personalitet i kultur\u00ebs, n\u00eb vend t\u00eb d\u00ebnoj\u00eb gjestin e ul\u00ebt t\u00eb disa personave, nd\u00ebr ta dhe joortodokse, madje dhe deputet\u00eb &#8211; q\u00eb i lejuan vetes t\u00eb c\u00ebnonin toleranc\u00ebn nd\u00ebrfetare. Brenda nj\u00eb tempulli t\u00eb nj\u00eb komuniteti v\u00eblla, merr an\u00ebn e tyre dhe nxjerr nga goja gj\u00ebra kaq absurde, sikur Kryepiskopi yn\u00eb nuk qenka i ligjsh\u00ebm(!). Po at\u00ebher\u00eb t\u00ebr\u00eb autoritetet m\u00eb t\u00eb larta t\u00eb shtetit kan\u00eb folur kot kur e kan\u00eb p\u00ebrg\u00ebzuar personalisht n\u00eb vizitat e tyre, ose kur e kan\u00eb ftuar t\u00eb merrte pjes\u00eb me raste solemnitetesh apo e kane nderuar me dekorata?<\/span><\/span><\/span><\/div>\n<div style=\"text-align: justify;\">&nbsp;<\/div>\n<div style=\"text-align: justify;\"><span style=\"color: #000000;\"><span style=\"font-family: tahoma,geneva,sans-serif;\"><span style=\"font-size: 12px;\">&nbsp;&nbsp;&nbsp; Habitemi se si z. Frash\u00ebri, si historian, i mban p\u00ebr t\u00eb vlefshme dhe i paraqet si dokumente t\u00eb v\u00ebrteta disa sajesa t\u00eb shtypit\u2026sikur Eksarku Anastas, me t\u00eb arritur n\u00eb Shqip\u00ebri, madje para se t\u00eb arrinte, paska komplotuar kund\u00ebr vendit ton\u00eb! Nj\u00eb historian, sado i ri dhe i pap\u00ebrvoj\u00eb, nuk do t\u00eb guxonte t\u00eb citonte nj\u00eb dokument, pa paraqitur nj\u00ebherazi edhe burimin nga e ka marr\u00eb dhe pa e shoq\u00ebruar me nj\u00eb faksimile. Si \u00ebsht\u00eb e mundur q\u00eb Imzot Anastasi, shkenc\u00ebtar i njohur dhe i nderuar n\u00eb bot\u00eb p\u00ebrve\u00e7se klerik, t\u00eb b\u00ebhet pjes\u00eb enj\u00eb marr\u00ebveshjeje kaq qesharake si\u00e7 pretendon prof. Frash\u00ebri, dhe organet tona t\u00eb zbulimit t\u00eb mos e ken\u00eb marr\u00eb vesh?<\/span><\/span><\/span><\/div>\n<div style=\"text-align: justify;\">&nbsp;<\/div>\n<div style=\"text-align: justify;\"><span style=\"color: #000000;\"><span style=\"font-family: tahoma,geneva,sans-serif;\"><span style=\"font-size: 12px;\">&nbsp;&nbsp;&nbsp; Prof. Frash\u00ebri pretendon t\u00eb mbroj\u00eb kultur\u00ebn shqiptare kur kund\u00ebrshton t\u00eb drejt\u00ebn e Kish\u00ebs ton\u00eb p\u00ebr t\u00eb rind\u00ebrtuar tempullin e saj \u201cSh\u00ebn Maria e Pazarit\u201d n\u00eb P\u00ebrmet, t\u00eb shkat\u00ebrruar nga regjimi komunist. Ai b\u00ebhet p\u00ebrkrah\u00ebs i g\u00ebnjeshtr\u00ebs se ajo kish\u00eb paska qen\u00eb djegur gjat\u00eb luft\u00ebs, kur ka plot t\u00eb moshuar q\u00eb d\u00ebshmojn\u00eb se Kisha ka q\u00ebndruar n\u00eb k\u00ebmb\u00eb deri n\u00eb 1960. ve\u00e7 k\u00ebsaj regjimi komunist ka qen\u00eb i plotfuqish\u00ebm, at\u00ebher\u00eb pse t\u00eb shfryt\u00ebzonte vet\u00ebm 0.7% t\u00eb nd\u00ebrtes\u00ebs s\u00eb kish\u00ebs dhe jo t\u00eb t\u00ebr\u00ebn, si\u00e7 b\u00ebri dhe si e din\u00eb t\u00eb gjith\u00eb? Pastaj a e p\u00ebrfaq\u00ebson kultur\u00ebn shqiptare dhe Naim Frash\u00ebrin m\u00eb mir\u00eb loja e bilardos dhe ping-pongut (me p\u00ebrfitues privat\u00eb), apo feja e lasht\u00eb e shqiptar\u00ebve me dymij\u00eb vjet histori?<\/span><\/span><\/span><\/div>\n<div style=\"text-align: justify;\">&nbsp;<\/div>\n<div style=\"text-align: justify;\"><span style=\"color: #000000;\"><span style=\"font-family: tahoma,geneva,sans-serif;\"><span style=\"font-size: 12px;\">&nbsp;&nbsp;&nbsp; N\u00eb fund t\u00eb fundit, ne nuk habitemi p\u00ebr k\u00ebt\u00eb q\u00ebndrim t\u00eb z. Frash\u00ebri. Ai q\u00eb n\u00eb rini pati aderuar n\u00eb ateizmin ekstrem, n\u00eb mosh\u00eb t\u00eb pjekur ka dh\u00ebn\u00eb p\u00eblqimin p\u00ebr shkat\u00ebrrimet e atij ateizmi n\u00eb 1966 (se s\u2019na e merr mendja t\u00eb k\u00ebt\u00eb guxuar t\u00eb hesht\u00eb), dhe sot n\u00eb pleq\u00ebri t\u00eb thell\u00eb mbetet i papenduar, konseguent n\u00eb ateizmin e tij duke goditur p\u00ebrs\u00ebri kish\u00ebn dhe at\u00eb pjes\u00eb t\u00eb shqiptar\u00ebve q\u00eb vuajt\u00ebn p\u00ebr besimin e tyre nga regjimi monist dhe nga elita ndihm\u00ebse e tij, pjes\u00eb e s\u00eb cil\u00ebs ishte dhe z. Frash\u00ebri.<\/span><\/span><\/span><\/div>\n<div style=\"text-align: justify;\">&nbsp;<\/div>\n<div style=\"text-align: justify;\"><span style=\"color: #000000;\"><span style=\"font-family: tahoma,geneva,sans-serif;\"><span style=\"font-size: 12px;\">&nbsp;&nbsp;&nbsp; Krejt inkoherent s\u00eb fundi na duket paragrafi i fundit i intervist\u00ebs s\u00eb tij q\u00eb k\u00ebrkon t\u00eb largoj\u00eb nga Shqip\u00ebria dhe nga Kisha jon\u00eb Fortlumturin\u00eb e Tij Anastasin, duke e fal\u00ebnderuar p\u00ebr pun\u00ebn e tij vet\u00ebm si Eksark, nj\u00eb fal\u00ebnderim i habitsh\u00ebm, q\u00eb shuan me nj\u00eb t\u00eb r\u00ebn\u00eb lapsi si pun\u00ebn 18-vje\u00e7are t\u00eb tij si Kryepiskop, edhe t\u00eb ashtuquajturin shoviniz\u00ebm q\u00eb i atribuon z. Frash\u00ebri gjat\u00eb t\u00ebr\u00eb intervist\u00ebs s\u00eb tij n\u00eb koh\u00ebn si Eksark kohe, p\u00ebr t\u00eb cil\u00ebn ai e fal\u00ebnderon(!) v\u00ebshtir\u00eb t\u00eb merret vesh prof. Frash\u00ebri.<\/span><\/span><\/span><\/div>\n<div style=\"text-align: justify;\">&nbsp;<\/div>\n<div style=\"text-align: justify;\"><span style=\"color: #000000;\"><span style=\"font-family: tahoma,geneva,sans-serif;\"><span style=\"font-size: 12px;\">&nbsp;&nbsp;&nbsp; <strong>Besimtar\u00ebt:<\/strong><br \/> &nbsp;&nbsp; Dhimit\u00ebr Topi, Anastas Dodbiba, Llazar Pjeshkazini, Joana&nbsp;Bagaviki, Krisavgji Kolemi\u00e7o, Diana Peto, Lek\u00eb Tasi, Veronika Xhindi, Antigoni Bu\u00e7ka, Gjenovefa Koli\u00e7i, Tote Aliaj, Panajota Qirjaqi, Leonora Terezi, Adelina Dante, Krisulla Dhima, Spiro Sulkuqi, Katerina Gjika, Tatiana Dodbiba.<\/span><\/span><\/span><\/div>\n<div style=\"text-align: justify;\">&nbsp;<\/div>\n","protected":false},"excerpt":{"rendered":"<p>&nbsp;&nbsp;&nbsp; Ne besimtar\u00ebt orthodhoks\u00eb t\u00eb kish\u00ebs \u201cUngjill\u00ebzimi i Hyjlind\u00ebses\u201d, n\u00eb Tiran\u00eb, shprehim indinjat\u00ebn ton\u00eb p\u00ebr intervistat e z. Kristo Frash\u00ebri rreth \u00e7\u00ebshtjeve t\u00eb Kish\u00ebs Orthodhokse Autoqefale t\u00eb Shqip\u00ebris\u00eb dhe Kryepiskopit ton\u00eb. Ne e kemi par\u00eb shpesh gjith\u00eb k\u00ebta vjet z. Frash\u00ebri n\u00eb Kryepiskopat\u00ebn ton\u00eb, duke uruar p\u00ebrzem\u00ebrsisht Fortlumturin\u00eb e Tij Anastasin me rastin e Pashk\u00ebve dhe Krishtlindjeve etj. E dinim pra, mik t\u00eb tij dhe<\/p>\n","protected":false},"author":1,"featured_media":0,"comment_status":"open","ping_status":"open","sticky":false,"template":"","format":"standard","meta":{"_acf_changed":false,"pagelayer_contact_templates":[],"_pagelayer_content":"","inline_featured_image":false,"fifu_image_url":"","fifu_image_alt":"","footnotes":""},"categories":[108],"tags":[144,153,196,212,203],"class_list":["post-614","post","type-post","status-publish","format-standard","hentry","category-lajme","tag-144","tag-deklarata-njoftime-zyrtare-d75","tag-tirane","tag-lajme-d27","tag-pergjigje-ndaj-akuzave"],"acf":[],"yoast_head":"<!-- This site is optimized with the Yoast SEO plugin v27.2 - https:\/\/yoast.com\/product\/yoast-seo-wordpress\/ -->\n<title>Habitemi se si paraqeten si dokumente t\u00eb v\u00ebrteta disa sajesa t\u00eb shtypit. (2010) - Kisha Orthodh\u03bfkse Autoqefale e Shqip\u00ebris\u00eb<\/title>\n<meta name=\"robots\" content=\"index, follow, max-snippet:-1, max-image-preview:large, max-video-preview:-1\" \/>\n<link rel=\"canonical\" href=\"https:\/\/orthodoxalbania.org\/2020\/2013\/03\/20\/habitemi-se-si-paraqeten-si-dokumente-te-verteta-disa-sajesa-te-shtypit-2010\/\" \/>\n<meta property=\"og:locale\" content=\"en_US\" \/>\n<meta property=\"og:type\" content=\"article\" \/>\n<meta property=\"og:title\" content=\"Habitemi se si paraqeten si dokumente t\u00eb v\u00ebrteta disa sajesa t\u00eb shtypit. (2010) - Kisha Orthodh\u03bfkse Autoqefale e Shqip\u00ebris\u00eb\" \/>\n<meta property=\"og:description\" content=\"&nbsp;&nbsp;&nbsp; Ne besimtar\u00ebt orthodhoks\u00eb t\u00eb kish\u00ebs \u201cUngjill\u00ebzimi i Hyjlind\u00ebses\u201d, n\u00eb Tiran\u00eb, shprehim indinjat\u00ebn ton\u00eb p\u00ebr intervistat e z. Kristo Frash\u00ebri rreth \u00e7\u00ebshtjeve t\u00eb Kish\u00ebs Orthodhokse Autoqefale t\u00eb Shqip\u00ebris\u00eb dhe Kryepiskopit ton\u00eb. Ne e kemi par\u00eb shpesh gjith\u00eb k\u00ebta vjet z. Frash\u00ebri n\u00eb Kryepiskopat\u00ebn ton\u00eb, duke uruar p\u00ebrzem\u00ebrsisht Fortlumturin\u00eb e Tij Anastasin me rastin e Pashk\u00ebve dhe Krishtlindjeve etj. E dinim pra, mik t\u00eb tij dhe\" \/>\n<meta property=\"og:url\" content=\"https:\/\/orthodoxalbania.org\/2020\/2013\/03\/20\/habitemi-se-si-paraqeten-si-dokumente-te-verteta-disa-sajesa-te-shtypit-2010\/\" \/>\n<meta property=\"og:site_name\" content=\"Kisha Orthodh\u03bfkse Autoqefale e Shqip\u00ebris\u00eb\" \/>\n<meta property=\"article:publisher\" content=\"https:\/\/www.facebook.com\/koash1991\" \/>\n<meta property=\"article:published_time\" content=\"2013-03-20T12:52:53+00:00\" \/>\n<meta property=\"article:modified_time\" content=\"2020-04-06T20:32:23+00:00\" \/>\n<meta property=\"og:image\" content=\"https:\/\/orthodoxalbania.org\/2020\/wp-content\/uploads\/2021\/02\/LogoLastALb-200.png\" \/>\n\t<meta property=\"og:image:width\" content=\"200\" \/>\n\t<meta property=\"og:image:height\" content=\"172\" \/>\n\t<meta property=\"og:image:type\" content=\"image\/png\" \/>\n<meta name=\"author\" content=\"Kisha Orthodhokse\" \/>\n<meta name=\"twitter:card\" content=\"summary_large_image\" \/>\n<meta name=\"twitter:label1\" content=\"Written by\" \/>\n\t<meta name=\"twitter:data1\" content=\"Kisha Orthodhokse\" \/>\n\t<meta name=\"twitter:label2\" content=\"Est. reading time\" \/>\n\t<meta name=\"twitter:data2\" content=\"4 minutes\" \/>\n<script type=\"application\/ld+json\" class=\"yoast-schema-graph\">{\"@context\":\"https:\/\/schema.org\",\"@graph\":[{\"@type\":\"Article\",\"@id\":\"https:\/\/orthodoxalbania.org\/2020\/2013\/03\/20\/habitemi-se-si-paraqeten-si-dokumente-te-verteta-disa-sajesa-te-shtypit-2010\/#article\",\"isPartOf\":{\"@id\":\"https:\/\/orthodoxalbania.org\/2020\/2013\/03\/20\/habitemi-se-si-paraqeten-si-dokumente-te-verteta-disa-sajesa-te-shtypit-2010\/\"},\"author\":{\"name\":\"Kisha Orthodhokse\",\"@id\":\"https:\/\/orthodoxalbania.org\/2020\/#\/schema\/person\/0c387634a7063ac612d7ed9ce71c7e86\"},\"headline\":\"Habitemi se si paraqeten si dokumente t\u00eb v\u00ebrteta disa sajesa t\u00eb shtypit. (2010)\",\"datePublished\":\"2013-03-20T12:52:53+00:00\",\"dateModified\":\"2020-04-06T20:32:23+00:00\",\"mainEntityOfPage\":{\"@id\":\"https:\/\/orthodoxalbania.org\/2020\/2013\/03\/20\/habitemi-se-si-paraqeten-si-dokumente-te-verteta-disa-sajesa-te-shtypit-2010\/\"},\"wordCount\":851,\"commentCount\":0,\"publisher\":{\"@id\":\"https:\/\/orthodoxalbania.org\/2020\/#organization\"},\"keywords\":[\"2010\",\"Deklarata - Njoftime Zyrtare\",\"Kryepiskopata Tiran\u00eb\",\"lajme\",\"P\u00ebrgjigje ndaj akuzave\"],\"articleSection\":[\"Lajme\"],\"inLanguage\":\"en-US\"},{\"@type\":\"WebPage\",\"@id\":\"https:\/\/orthodoxalbania.org\/2020\/2013\/03\/20\/habitemi-se-si-paraqeten-si-dokumente-te-verteta-disa-sajesa-te-shtypit-2010\/\",\"url\":\"https:\/\/orthodoxalbania.org\/2020\/2013\/03\/20\/habitemi-se-si-paraqeten-si-dokumente-te-verteta-disa-sajesa-te-shtypit-2010\/\",\"name\":\"Habitemi se si paraqeten si dokumente t\u00eb v\u00ebrteta disa sajesa t\u00eb shtypit. (2010) - Kisha Orthodh\u03bfkse Autoqefale e Shqip\u00ebris\u00eb\",\"isPartOf\":{\"@id\":\"https:\/\/orthodoxalbania.org\/2020\/#website\"},\"datePublished\":\"2013-03-20T12:52:53+00:00\",\"dateModified\":\"2020-04-06T20:32:23+00:00\",\"breadcrumb\":{\"@id\":\"https:\/\/orthodoxalbania.org\/2020\/2013\/03\/20\/habitemi-se-si-paraqeten-si-dokumente-te-verteta-disa-sajesa-te-shtypit-2010\/#breadcrumb\"},\"inLanguage\":\"en-US\",\"potentialAction\":[{\"@type\":\"ReadAction\",\"target\":[\"https:\/\/orthodoxalbania.org\/2020\/2013\/03\/20\/habitemi-se-si-paraqeten-si-dokumente-te-verteta-disa-sajesa-te-shtypit-2010\/\"]}]},{\"@type\":\"BreadcrumbList\",\"@id\":\"https:\/\/orthodoxalbania.org\/2020\/2013\/03\/20\/habitemi-se-si-paraqeten-si-dokumente-te-verteta-disa-sajesa-te-shtypit-2010\/#breadcrumb\",\"itemListElement\":[{\"@type\":\"ListItem\",\"position\":1,\"name\":\"Home\",\"item\":\"https:\/\/orthodoxalbania.org\/2020\/\"},{\"@type\":\"ListItem\",\"position\":2,\"name\":\"Habitemi se si paraqeten si dokumente t\u00eb v\u00ebrteta disa sajesa t\u00eb shtypit. (2010)\"}]},{\"@type\":\"WebSite\",\"@id\":\"https:\/\/orthodoxalbania.org\/2020\/#website\",\"url\":\"https:\/\/orthodoxalbania.org\/2020\/\",\"name\":\"Kisha Orthodh\u03bfkse Autoqefale e Shqip\u00ebris\u00eb\",\"description\":\"Fqja Zyrtare e Kish\u00ebs Orthodhokse Autoqefale e Shqip\u00ebris\u00eb me lajmet edhe informacionet zyrtare p\u00ebr struktur\u00ebn edhe veprimtarin e saj.\",\"publisher\":{\"@id\":\"https:\/\/orthodoxalbania.org\/2020\/#organization\"},\"potentialAction\":[{\"@type\":\"SearchAction\",\"target\":{\"@type\":\"EntryPoint\",\"urlTemplate\":\"https:\/\/orthodoxalbania.org\/2020\/?s={search_term_string}\"},\"query-input\":{\"@type\":\"PropertyValueSpecification\",\"valueRequired\":true,\"valueName\":\"search_term_string\"}}],\"inLanguage\":\"en-US\"},{\"@type\":\"Organization\",\"@id\":\"https:\/\/orthodoxalbania.org\/2020\/#organization\",\"name\":\"Kisha Orthodhokse Autoqefale e Shqip\u00ebris\u00eb\",\"url\":\"https:\/\/orthodoxalbania.org\/2020\/\",\"logo\":{\"@type\":\"ImageObject\",\"inLanguage\":\"en-US\",\"@id\":\"https:\/\/orthodoxalbania.org\/2020\/#\/schema\/logo\/image\/\",\"url\":\"https:\/\/orthodoxalbania.org\/2020\/wp-content\/uploads\/2020\/05\/albania.jpeg\",\"contentUrl\":\"https:\/\/orthodoxalbania.org\/2020\/wp-content\/uploads\/2020\/05\/albania.jpeg\",\"width\":540,\"height\":540,\"caption\":\"Kisha Orthodhokse Autoqefale e Shqip\u00ebris\u00eb\"},\"image\":{\"@id\":\"https:\/\/orthodoxalbania.org\/2020\/#\/schema\/logo\/image\/\"},\"sameAs\":[\"https:\/\/www.facebook.com\/koash1991\"]},{\"@type\":\"Person\",\"@id\":\"https:\/\/orthodoxalbania.org\/2020\/#\/schema\/person\/0c387634a7063ac612d7ed9ce71c7e86\",\"name\":\"Kisha Orthodhokse\",\"image\":{\"@type\":\"ImageObject\",\"inLanguage\":\"en-US\",\"@id\":\"https:\/\/secure.gravatar.com\/avatar\/596e7c417251e30f2fbb9c00e026fce61a695a00e51c889caded71c96cbbdde5?s=96&d=mm&r=g\",\"url\":\"https:\/\/secure.gravatar.com\/avatar\/596e7c417251e30f2fbb9c00e026fce61a695a00e51c889caded71c96cbbdde5?s=96&d=mm&r=g\",\"contentUrl\":\"https:\/\/secure.gravatar.com\/avatar\/596e7c417251e30f2fbb9c00e026fce61a695a00e51c889caded71c96cbbdde5?s=96&d=mm&r=g\",\"caption\":\"Kisha Orthodhokse\"}}]}<\/script>\n<!-- \/ Yoast SEO plugin. -->","yoast_head_json":{"title":"Habitemi se si paraqeten si dokumente t\u00eb v\u00ebrteta disa sajesa t\u00eb shtypit. (2010) - Kisha Orthodh\u03bfkse Autoqefale e Shqip\u00ebris\u00eb","robots":{"index":"index","follow":"follow","max-snippet":"max-snippet:-1","max-image-preview":"max-image-preview:large","max-video-preview":"max-video-preview:-1"},"canonical":"https:\/\/orthodoxalbania.org\/2020\/2013\/03\/20\/habitemi-se-si-paraqeten-si-dokumente-te-verteta-disa-sajesa-te-shtypit-2010\/","og_locale":"en_US","og_type":"article","og_title":"Habitemi se si paraqeten si dokumente t\u00eb v\u00ebrteta disa sajesa t\u00eb shtypit. (2010) - Kisha Orthodh\u03bfkse Autoqefale e Shqip\u00ebris\u00eb","og_description":"&nbsp;&nbsp;&nbsp; Ne besimtar\u00ebt orthodhoks\u00eb t\u00eb kish\u00ebs \u201cUngjill\u00ebzimi i Hyjlind\u00ebses\u201d, n\u00eb Tiran\u00eb, shprehim indinjat\u00ebn ton\u00eb p\u00ebr intervistat e z. Kristo Frash\u00ebri rreth \u00e7\u00ebshtjeve t\u00eb Kish\u00ebs Orthodhokse Autoqefale t\u00eb Shqip\u00ebris\u00eb dhe Kryepiskopit ton\u00eb. Ne e kemi par\u00eb shpesh gjith\u00eb k\u00ebta vjet z. Frash\u00ebri n\u00eb Kryepiskopat\u00ebn ton\u00eb, duke uruar p\u00ebrzem\u00ebrsisht Fortlumturin\u00eb e Tij Anastasin me rastin e Pashk\u00ebve dhe Krishtlindjeve etj. E dinim pra, mik t\u00eb tij dhe","og_url":"https:\/\/orthodoxalbania.org\/2020\/2013\/03\/20\/habitemi-se-si-paraqeten-si-dokumente-te-verteta-disa-sajesa-te-shtypit-2010\/","og_site_name":"Kisha Orthodh\u03bfkse Autoqefale e Shqip\u00ebris\u00eb","article_publisher":"https:\/\/www.facebook.com\/koash1991","article_published_time":"2013-03-20T12:52:53+00:00","article_modified_time":"2020-04-06T20:32:23+00:00","og_image":[{"width":200,"height":172,"url":"https:\/\/orthodoxalbania.org\/2020\/wp-content\/uploads\/2021\/02\/LogoLastALb-200.png","type":"image\/png"}],"author":"Kisha Orthodhokse","twitter_card":"summary_large_image","twitter_misc":{"Written by":"Kisha Orthodhokse","Est. reading time":"4 minutes"},"schema":{"@context":"https:\/\/schema.org","@graph":[{"@type":"Article","@id":"https:\/\/orthodoxalbania.org\/2020\/2013\/03\/20\/habitemi-se-si-paraqeten-si-dokumente-te-verteta-disa-sajesa-te-shtypit-2010\/#article","isPartOf":{"@id":"https:\/\/orthodoxalbania.org\/2020\/2013\/03\/20\/habitemi-se-si-paraqeten-si-dokumente-te-verteta-disa-sajesa-te-shtypit-2010\/"},"author":{"name":"Kisha Orthodhokse","@id":"https:\/\/orthodoxalbania.org\/2020\/#\/schema\/person\/0c387634a7063ac612d7ed9ce71c7e86"},"headline":"Habitemi se si paraqeten si dokumente t\u00eb v\u00ebrteta disa sajesa t\u00eb shtypit. (2010)","datePublished":"2013-03-20T12:52:53+00:00","dateModified":"2020-04-06T20:32:23+00:00","mainEntityOfPage":{"@id":"https:\/\/orthodoxalbania.org\/2020\/2013\/03\/20\/habitemi-se-si-paraqeten-si-dokumente-te-verteta-disa-sajesa-te-shtypit-2010\/"},"wordCount":851,"commentCount":0,"publisher":{"@id":"https:\/\/orthodoxalbania.org\/2020\/#organization"},"keywords":["2010","Deklarata - Njoftime Zyrtare","Kryepiskopata Tiran\u00eb","lajme","P\u00ebrgjigje ndaj akuzave"],"articleSection":["Lajme"],"inLanguage":"en-US"},{"@type":"WebPage","@id":"https:\/\/orthodoxalbania.org\/2020\/2013\/03\/20\/habitemi-se-si-paraqeten-si-dokumente-te-verteta-disa-sajesa-te-shtypit-2010\/","url":"https:\/\/orthodoxalbania.org\/2020\/2013\/03\/20\/habitemi-se-si-paraqeten-si-dokumente-te-verteta-disa-sajesa-te-shtypit-2010\/","name":"Habitemi se si paraqeten si dokumente t\u00eb v\u00ebrteta disa sajesa t\u00eb shtypit. (2010) - Kisha Orthodh\u03bfkse Autoqefale e Shqip\u00ebris\u00eb","isPartOf":{"@id":"https:\/\/orthodoxalbania.org\/2020\/#website"},"datePublished":"2013-03-20T12:52:53+00:00","dateModified":"2020-04-06T20:32:23+00:00","breadcrumb":{"@id":"https:\/\/orthodoxalbania.org\/2020\/2013\/03\/20\/habitemi-se-si-paraqeten-si-dokumente-te-verteta-disa-sajesa-te-shtypit-2010\/#breadcrumb"},"inLanguage":"en-US","potentialAction":[{"@type":"ReadAction","target":["https:\/\/orthodoxalbania.org\/2020\/2013\/03\/20\/habitemi-se-si-paraqeten-si-dokumente-te-verteta-disa-sajesa-te-shtypit-2010\/"]}]},{"@type":"BreadcrumbList","@id":"https:\/\/orthodoxalbania.org\/2020\/2013\/03\/20\/habitemi-se-si-paraqeten-si-dokumente-te-verteta-disa-sajesa-te-shtypit-2010\/#breadcrumb","itemListElement":[{"@type":"ListItem","position":1,"name":"Home","item":"https:\/\/orthodoxalbania.org\/2020\/"},{"@type":"ListItem","position":2,"name":"Habitemi se si paraqeten si dokumente t\u00eb v\u00ebrteta disa sajesa t\u00eb shtypit. (2010)"}]},{"@type":"WebSite","@id":"https:\/\/orthodoxalbania.org\/2020\/#website","url":"https:\/\/orthodoxalbania.org\/2020\/","name":"Kisha Orthodh\u03bfkse Autoqefale e Shqip\u00ebris\u00eb","description":"Fqja Zyrtare e Kish\u00ebs Orthodhokse Autoqefale e Shqip\u00ebris\u00eb me lajmet edhe informacionet zyrtare p\u00ebr struktur\u00ebn edhe veprimtarin e saj.","publisher":{"@id":"https:\/\/orthodoxalbania.org\/2020\/#organization"},"potentialAction":[{"@type":"SearchAction","target":{"@type":"EntryPoint","urlTemplate":"https:\/\/orthodoxalbania.org\/2020\/?s={search_term_string}"},"query-input":{"@type":"PropertyValueSpecification","valueRequired":true,"valueName":"search_term_string"}}],"inLanguage":"en-US"},{"@type":"Organization","@id":"https:\/\/orthodoxalbania.org\/2020\/#organization","name":"Kisha Orthodhokse Autoqefale e Shqip\u00ebris\u00eb","url":"https:\/\/orthodoxalbania.org\/2020\/","logo":{"@type":"ImageObject","inLanguage":"en-US","@id":"https:\/\/orthodoxalbania.org\/2020\/#\/schema\/logo\/image\/","url":"https:\/\/orthodoxalbania.org\/2020\/wp-content\/uploads\/2020\/05\/albania.jpeg","contentUrl":"https:\/\/orthodoxalbania.org\/2020\/wp-content\/uploads\/2020\/05\/albania.jpeg","width":540,"height":540,"caption":"Kisha Orthodhokse Autoqefale e Shqip\u00ebris\u00eb"},"image":{"@id":"https:\/\/orthodoxalbania.org\/2020\/#\/schema\/logo\/image\/"},"sameAs":["https:\/\/www.facebook.com\/koash1991"]},{"@type":"Person","@id":"https:\/\/orthodoxalbania.org\/2020\/#\/schema\/person\/0c387634a7063ac612d7ed9ce71c7e86","name":"Kisha Orthodhokse","image":{"@type":"ImageObject","inLanguage":"en-US","@id":"https:\/\/secure.gravatar.com\/avatar\/596e7c417251e30f2fbb9c00e026fce61a695a00e51c889caded71c96cbbdde5?s=96&d=mm&r=g","url":"https:\/\/secure.gravatar.com\/avatar\/596e7c417251e30f2fbb9c00e026fce61a695a00e51c889caded71c96cbbdde5?s=96&d=mm&r=g","contentUrl":"https:\/\/secure.gravatar.com\/avatar\/596e7c417251e30f2fbb9c00e026fce61a695a00e51c889caded71c96cbbdde5?s=96&d=mm&r=g","caption":"Kisha Orthodhokse"}}]}},"_links":{"self":[{"href":"https:\/\/orthodoxalbania.org\/2020\/wp-json\/wp\/v2\/posts\/614","targetHints":{"allow":["GET"]}}],"collection":[{"href":"https:\/\/orthodoxalbania.org\/2020\/wp-json\/wp\/v2\/posts"}],"about":[{"href":"https:\/\/orthodoxalbania.org\/2020\/wp-json\/wp\/v2\/types\/post"}],"author":[{"embeddable":true,"href":"https:\/\/orthodoxalbania.org\/2020\/wp-json\/wp\/v2\/users\/1"}],"replies":[{"embeddable":true,"href":"https:\/\/orthodoxalbania.org\/2020\/wp-json\/wp\/v2\/comments?post=614"}],"version-history":[{"count":1,"href":"https:\/\/orthodoxalbania.org\/2020\/wp-json\/wp\/v2\/posts\/614\/revisions"}],"predecessor-version":[{"id":15486,"href":"https:\/\/orthodoxalbania.org\/2020\/wp-json\/wp\/v2\/posts\/614\/revisions\/15486"}],"wp:attachment":[{"href":"https:\/\/orthodoxalbania.org\/2020\/wp-json\/wp\/v2\/media?parent=614"}],"wp:term":[{"taxonomy":"category","embeddable":true,"href":"https:\/\/orthodoxalbania.org\/2020\/wp-json\/wp\/v2\/categories?post=614"},{"taxonomy":"post_tag","embeddable":true,"href":"https:\/\/orthodoxalbania.org\/2020\/wp-json\/wp\/v2\/tags?post=614"}],"curies":[{"name":"wp","href":"https:\/\/api.w.org\/{rel}","templated":true}]}}