{"id":612,"date":"2013-03-21T10:28:28","date_gmt":"2013-03-21T10:28:28","guid":{"rendered":""},"modified":"2020-04-13T00:31:02","modified_gmt":"2020-04-12T22:31:02","slug":"great-celebration-of-the-anniversary-of-the-opening-of-the-orthodox-seminary-february-2012","status":"publish","type":"post","link":"https:\/\/orthodoxalbania.org\/2020\/en\/2013\/03\/21\/great-celebration-of-the-anniversary-of-the-opening-of-the-orthodox-seminary-february-2012\/","title":{"rendered":"Great Celebration of the Anniversary of the Opening of the Orthodox Seminary. (February 2012)"},"content":{"rendered":"<div style=\"text-align: center;\"><span style=\"color: #b22222;\"><span style=\"font-family: tahoma,geneva,sans-serif;\"><span style=\"font-size: 12px;\"><strong><span class=\"style9\"><em>On February 7, 1992 the teaching of the first courses for clergy began<\/em>. <\/span><\/strong><\/span><\/span><\/span><\/div>\n<div style=\"text-align: justify;\">&nbsp;<\/div>\n<table border=\"0\">\n<tbody>\n<tr>\n<td>\n<div class=\"style7\">\n<div><span style=\"color: #000000;\"><span style=\"font-family: tahoma,geneva,sans-serif;\"><span style=\"font-size: 12px;\"><img decoding=\"async\" class=\"lazyload HAa Eha\" style=\"height: 225px; width: 300px; border-width: 1px; border-style: solid; margin: 10px; float: left;\" alt=\"\" src=\"data:image\/gif;base64,R0lGODlhAQABAAAAACH5BAEKAAEALAAAAAABAAEAAAICTAEAOw==\" data-orig-src=\"https:\/\/lh6.googleusercontent.com\/-mDPksdNvL8E\/VARdNtd7rmI\/AAAAAAAACv4\/e5QJjDTP8fA\/w958-h719-no\/424911_236275709791153_108930609192331_508556_538944103_n.jpg\" \/>&nbsp;&nbsp;&nbsp; During the past two decades there have not been any events that have impacted so much the miracle of the rebuilding of our Church after the atheistic winter, and at the same time demonstrated the visionary foresight of Archbishop Anastasios, as the opening of this school. When the churches were closed, with all the limitations and restrictions, our Church still had about 400 priests serving throughout the country. In 1991 only 20 priests remained alive, some aged, some unable to serve and others sick and at the end of their earthly journey (today only two of these remain alive).<\/span><\/span><\/span><\/div>\n<div> <span style=\"color: #000000;\"><span style=\"font-family: tahoma,geneva,sans-serif;\"><span style=\"font-size: 12px;\">&nbsp;&nbsp;&nbsp; At the time of the arrival in Albania of the Patriarchal Exarch, Anastasios, he found not only the ruins of the destroyed churches, but spiritual ruins that were even greater. Thus, besides the rebuilding of the temples there had to be reestablished also the Church in the soul of believers, but it could not be done without pastors, without clergy who would perform the services and lead people to faith. Some enthusiastic people went outside country to receive religious instruction, but the Archbishop was convinced that there could be no progress without creating conditions for those who wanted to enter this difficult, but blessed, road to have opportunities for education here, instead. Hence he set as a priority the opening of an Orthodox Seminary.<\/span><\/span><\/span><\/div>\n<div> <span style=\"color: #000000;\"><span style=\"font-family: tahoma,geneva,sans-serif;\"><span style=\"font-size: 12px;\"><img decoding=\"async\" class=\"lazyload HAa Eha\" style=\"height: 169px; width: 300px; border-width: 1px; border-style: solid; margin: 10px; float: right;\" alt=\"\" src=\"data:image\/gif;base64,R0lGODlhAQABAAAAACH5BAEKAAEALAAAAAABAAEAAAICTAEAOw==\" data-orig-src=\"https:\/\/lh4.googleusercontent.com\/-HnQh0EqrjJI\/VARc_rgZowI\/AAAAAAAACvU\/Wa2-vZv5pFw\/w600-h337-no\/IMG_4016_600x337.JPG\" \/>&nbsp;&nbsp;&nbsp; On February 7, 1992, 45 of the first disciples, of different ages, gathered in rented premises at the camp of the workers in Durr\u00ebs, who despite very difficult conditions, were ready to serve with enthusiasm the Church that had been reborn. The first teachers were Archbishop Anastasios himself, Father Ilia Katre (now a Bishop), from the U.S., who was the first director, the theologian Dhimitri Beduli, who had led the Theological Academy that was closed in 1945, the theologian Theodore Papapavli etc., but also monks and theologians who came to Albania with the desire to contribute to this titanic work.<\/span><\/span><\/span><\/div>\n<div> <span style=\"color: #000000;\"><span style=\"font-family: tahoma,geneva,sans-serif;\"><span style=\"font-size: 12px;\"><img decoding=\"async\" class=\"lazyload HAa Eha\" style=\"height: 260px; width: 146px; border-width: 1px; border-style: solid; margin: 10px; float: left;\" alt=\"\" src=\"data:image\/gif;base64,R0lGODlhAQABAAAAACH5BAEKAAEALAAAAAABAAEAAAICTAEAOw==\" data-orig-src=\"https:\/\/lh4.googleusercontent.com\/-nL_A8iAFX5Y\/VARc_d8E-_I\/AAAAAAAACvs\/MvHGGd2Iams\/w337-h600-no\/IMG_4003_337x600.JPG\" \/>&nbsp;&nbsp;&nbsp; The facilities were inadequate for the realization of the educational goals and in the absence of land that failed to be given, Archbishop Anastasios provided funds to repurchase the land of the Monastery in St. Vlash, Durr\u00ebs, where the construction of the modern Theological Academy was begun, and which hosted the first students in 1996. From its soil have emerged almost all the clergy who serve throughout the country and dozens of young catechists and workers of our Church. Supporting the Academy are also two ecclesiastical high schools &#8220;Holy Cross&#8221;, in Gjirokastra and in Sukth, Durr\u00ebs.<\/span><\/span><\/span><\/div>\n<div> <span style=\"color: #000000;\"><span style=\"font-family: tahoma,geneva,sans-serif;\"><span style=\"font-size: 12px;\">&nbsp;&nbsp;&nbsp; On the occasion of this anniversary, at the new Monastery of St. Vlash and on the grounds of the &#8220;The Resurrection of Christ Theological Academy&#8221; some activities were staged. They began with the Divine Liturgy in the Monastery church, and continued with the activities entitled &#8220;All things are Possible for God.&#8221; Present were Archbishop of Tirana, Durr\u00ebs and All Albania Anastasios, Metropolitan of Korca, John, Bishop of Kruja Anthony, Bishop of Apollonia Nicholas and two younger members of the Holy Synod, the Bishop of Amantia Nathanaili and the Bishop of Bylisi Asti. Also present were clergymen, and former students from the first class of the school in 1992, and current students of the Academy.<\/span><\/span><\/span><\/div>\n<div> <span style=\"color: #000000;\"><span style=\"font-family: tahoma,geneva,sans-serif;\"><span style=\"font-size: 12px;\"><img decoding=\"async\" class=\"lazyload HAa Eha\" style=\"height: 107px; width: 190px; border-width: 1px; border-style: solid; margin: 10px; float: right;\" alt=\"\" src=\"data:image\/gif;base64,R0lGODlhAQABAAAAACH5BAEKAAEALAAAAAABAAEAAAICTAEAOw==\" data-orig-src=\"https:\/\/lh4.googleusercontent.com\/-DSiE-PPcDd0\/VARdANTnY4I\/AAAAAAAACvc\/XG_81rPjgMg\/w600-h337-no\/IMG_4025_600x337.JPG\" \/>&nbsp;&nbsp;&nbsp; Bishop of Apollonia, His Grace Nicholas, acting director of the Theological Academy, spoke about the anniversary of the school and then a photographic montage about the school\u2019s past two decades were displayed. Later speeches were offered by two professors: Ms. Violeta Plepi, spoke on, &#8220;Students of the Academy in Service to the Church of Christ&#8221; and by Mr. Nathan Hoppe, on \u201cThe Apostolic Foundation for an Apostolic Calling.&#8221; Then they read greetings from the first director, His Grace Ilia and former professor, Fr. Luke Veronis. Then Protopresbyter Jani Trebicka spoke, as one of the top students, and today\u2019s Registrar of the Holy Synod. In closing, the participants were greeted by His Beatitude Archbishop Anastasios who spoke for the progress that been achieved until now, but also for the tasks needed for future goals. Then His Beatitude delivered a speech about the need to understand theology today.<\/span><\/span><\/span><\/div>\n<div style=\"text-align: left;\"> <span style=\"color: #000000;\"><span style=\"font-family: tahoma,geneva,sans-serif;\"><span style=\"font-size: 12px;\">&nbsp;&nbsp;&nbsp;&nbsp;The whole ceremony was accompanied with songs and hymns prepared by the choir of the Academy.<\/span><\/span><\/span><br \/> &nbsp;<\/div>\n<div style=\"text-align: right;\"> <span style=\"color: #000000;\"><span style=\"font-family: tahoma,geneva,sans-serif;\"><span style=\"font-size: 12px;\"><strong>Thoma Dhima<br \/> Translated by Ana Meni<br \/> Edited by Anastasia Pamela Barksdale <\/strong><\/span><\/span><\/span><\/div>\n<\/div>\n<\/td>\n<\/tr>\n<\/tbody>\n<\/table>\n<div style=\"text-align: justify;\">&nbsp;<\/div>\n<div style=\"text-align: justify;\">&nbsp;<\/div>\n<div style=\"text-align: justify;\">&nbsp;<\/div>\n<div style=\"text-align: justify;\">&nbsp;<\/div>\n<div style=\"text-align: right;\"><span style=\"color: #000000;\"><span style=\"font-family: tahoma,geneva,sans-serif;\"><span style=\"font-size: 12px;\"><img decoding=\"async\" class=\"lazyload HAa Eha\" style=\"height: 169px; width: 300px; border-width: 1px; border-style: solid; margin: 10px auto; display: block;\" alt=\"\" src=\"data:image\/gif;base64,R0lGODlhAQABAAAAACH5BAEKAAEALAAAAAABAAEAAAICTAEAOw==\" data-orig-src=\"https:\/\/lh3.googleusercontent.com\/-tl81Tz8JH0c\/VARc_V_5IfI\/AAAAAAAACvg\/6G-im7554bc\/w600-h337-no\/IMG_4018_600x337.JPG\" \/><\/span><\/span><\/span><\/div>\n<div><span style=\"color: #000000;\"><span style=\"font-family: tahoma,geneva,sans-serif;\"><span style=\"font-size: 12px;\"><img decoding=\"async\" class=\"lazyload HAa Eha\" style=\"height: 169px; width: 300px; border-width: 1px; border-style: solid; margin: 10px auto; display: block;\" alt=\"\" src=\"data:image\/gif;base64,R0lGODlhAQABAAAAACH5BAEKAAEALAAAAAABAAEAAAICTAEAOw==\" data-orig-src=\"https:\/\/lh4.googleusercontent.com\/-n6sniSSb8jE\/VARdASM6hKI\/AAAAAAAACvk\/VjHiyGqKk6g\/w600-h337-no\/IMG_4038_600x337.JPG\" \/><\/span><\/span><\/span><\/div>\n","protected":false},"excerpt":{"rendered":"<p>On February 7, 1992 the teaching of the first courses for clergy began. &nbsp; &nbsp;&nbsp;&nbsp; During the past two decades there have not been any events that have impacted so much the miracle of the rebuilding of our Church after the atheistic winter, and at the same time demonstrated the visionary foresight of Archbishop Anastasios, as the opening of this school. When the churches were<\/p>\n","protected":false},"author":7,"featured_media":0,"comment_status":"open","ping_status":"open","sticky":false,"template":"","format":"standard","meta":{"_acf_changed":false,"pagelayer_contact_templates":[],"_pagelayer_content":"","inline_featured_image":false,"fifu_image_url":"","fifu_image_alt":"","footnotes":""},"categories":[1455,311],"tags":[1137,1768],"class_list":["post-612","post","type-post","status-publish","format-standard","hentry","category-news-en","category-news-d25","tag-2012-en","tag-kryepiskopi-anastas-en"],"acf":[],"yoast_head":"<!-- This site is optimized with the Yoast SEO plugin v27.2 - https:\/\/yoast.com\/product\/yoast-seo-wordpress\/ -->\n<title>Great Celebration of the Anniversary of the Opening of the Orthodox Seminary. (February 2012) - Kisha Orthodh\u03bfkse Autoqefale e Shqip\u00ebris\u00eb<\/title>\n<meta name=\"robots\" content=\"index, follow, max-snippet:-1, max-image-preview:large, max-video-preview:-1\" \/>\n<link rel=\"canonical\" href=\"https:\/\/orthodoxalbania.org\/2020\/en\/2013\/03\/21\/great-celebration-of-the-anniversary-of-the-opening-of-the-orthodox-seminary-february-2012\/\" \/>\n<meta property=\"og:locale\" content=\"en_US\" \/>\n<meta property=\"og:type\" content=\"article\" \/>\n<meta property=\"og:title\" content=\"Great Celebration of the Anniversary of the Opening of the Orthodox Seminary. (February 2012) - Kisha Orthodh\u03bfkse Autoqefale e Shqip\u00ebris\u00eb\" \/>\n<meta property=\"og:description\" content=\"On February 7, 1992 the teaching of the first courses for clergy began. &nbsp; &nbsp;&nbsp;&nbsp; During the past two decades there have not been any events that have impacted so much the miracle of the rebuilding of our Church after the atheistic winter, and at the same time demonstrated the visionary foresight of Archbishop Anastasios, as the opening of this school. When the churches were\" \/>\n<meta property=\"og:url\" content=\"https:\/\/orthodoxalbania.org\/2020\/en\/2013\/03\/21\/great-celebration-of-the-anniversary-of-the-opening-of-the-orthodox-seminary-february-2012\/\" \/>\n<meta property=\"og:site_name\" content=\"Kisha Orthodh\u03bfkse Autoqefale e Shqip\u00ebris\u00eb\" \/>\n<meta property=\"article:publisher\" content=\"https:\/\/www.facebook.com\/koash1991\" \/>\n<meta property=\"article:published_time\" content=\"2013-03-21T10:28:28+00:00\" \/>\n<meta property=\"article:modified_time\" content=\"2020-04-12T22:31:02+00:00\" \/>\n<meta property=\"og:image\" content=\"https:\/\/lh6.googleusercontent.com\/-mDPksdNvL8E\/VARdNtd7rmI\/AAAAAAAACv4\/e5QJjDTP8fA\/w958-h719-no\/424911_236275709791153_108930609192331_508556_538944103_n.jpg\" \/>\n<meta name=\"author\" content=\"Kisha Orthodhokse\" \/>\n<meta name=\"twitter:card\" content=\"summary_large_image\" \/>\n<meta name=\"twitter:label1\" content=\"Written by\" \/>\n\t<meta name=\"twitter:data1\" content=\"Kisha Orthodhokse\" \/>\n\t<meta name=\"twitter:label2\" content=\"Est. reading time\" \/>\n\t<meta name=\"twitter:data2\" content=\"4 minutes\" \/>\n<script type=\"application\/ld+json\" class=\"yoast-schema-graph\">{\"@context\":\"https:\/\/schema.org\",\"@graph\":[{\"@type\":\"Article\",\"@id\":\"https:\/\/orthodoxalbania.org\/2020\/en\/2013\/03\/21\/great-celebration-of-the-anniversary-of-the-opening-of-the-orthodox-seminary-february-2012\/#article\",\"isPartOf\":{\"@id\":\"https:\/\/orthodoxalbania.org\/2020\/en\/2013\/03\/21\/great-celebration-of-the-anniversary-of-the-opening-of-the-orthodox-seminary-february-2012\/\"},\"author\":{\"name\":\"Kisha Orthodhokse\",\"@id\":\"https:\/\/orthodoxalbania.org\/2020\/#\/schema\/person\/df745f942b70e045b3dc05a30211f0de\"},\"headline\":\"Great Celebration of the Anniversary of the Opening of the Orthodox Seminary. (February 2012)\",\"datePublished\":\"2013-03-21T10:28:28+00:00\",\"dateModified\":\"2020-04-12T22:31:02+00:00\",\"mainEntityOfPage\":{\"@id\":\"https:\/\/orthodoxalbania.org\/2020\/en\/2013\/03\/21\/great-celebration-of-the-anniversary-of-the-opening-of-the-orthodox-seminary-february-2012\/\"},\"wordCount\":756,\"commentCount\":0,\"publisher\":{\"@id\":\"https:\/\/orthodoxalbania.org\/2020\/#organization\"},\"image\":{\"@id\":\"https:\/\/orthodoxalbania.org\/2020\/en\/2013\/03\/21\/great-celebration-of-the-anniversary-of-the-opening-of-the-orthodox-seminary-february-2012\/#primaryimage\"},\"thumbnailUrl\":\"https:\/\/lh6.googleusercontent.com\/-mDPksdNvL8E\/VARdNtd7rmI\/AAAAAAAACv4\/e5QJjDTP8fA\/w958-h719-no\/424911_236275709791153_108930609192331_508556_538944103_n.jpg\",\"keywords\":[\"2012\",\"Kryepiskopi Anastas\"],\"articleSection\":[\"News - \u0395\u039d\",\"News old page\"],\"inLanguage\":\"en-US\"},{\"@type\":\"WebPage\",\"@id\":\"https:\/\/orthodoxalbania.org\/2020\/en\/2013\/03\/21\/great-celebration-of-the-anniversary-of-the-opening-of-the-orthodox-seminary-february-2012\/\",\"url\":\"https:\/\/orthodoxalbania.org\/2020\/en\/2013\/03\/21\/great-celebration-of-the-anniversary-of-the-opening-of-the-orthodox-seminary-february-2012\/\",\"name\":\"Great Celebration of the Anniversary of the Opening of the Orthodox Seminary. (February 2012) - Kisha Orthodh\u03bfkse Autoqefale e Shqip\u00ebris\u00eb\",\"isPartOf\":{\"@id\":\"https:\/\/orthodoxalbania.org\/2020\/#website\"},\"primaryImageOfPage\":{\"@id\":\"https:\/\/orthodoxalbania.org\/2020\/en\/2013\/03\/21\/great-celebration-of-the-anniversary-of-the-opening-of-the-orthodox-seminary-february-2012\/#primaryimage\"},\"image\":{\"@id\":\"https:\/\/orthodoxalbania.org\/2020\/en\/2013\/03\/21\/great-celebration-of-the-anniversary-of-the-opening-of-the-orthodox-seminary-february-2012\/#primaryimage\"},\"thumbnailUrl\":\"https:\/\/lh6.googleusercontent.com\/-mDPksdNvL8E\/VARdNtd7rmI\/AAAAAAAACv4\/e5QJjDTP8fA\/w958-h719-no\/424911_236275709791153_108930609192331_508556_538944103_n.jpg\",\"datePublished\":\"2013-03-21T10:28:28+00:00\",\"dateModified\":\"2020-04-12T22:31:02+00:00\",\"breadcrumb\":{\"@id\":\"https:\/\/orthodoxalbania.org\/2020\/en\/2013\/03\/21\/great-celebration-of-the-anniversary-of-the-opening-of-the-orthodox-seminary-february-2012\/#breadcrumb\"},\"inLanguage\":\"en-US\",\"potentialAction\":[{\"@type\":\"ReadAction\",\"target\":[\"https:\/\/orthodoxalbania.org\/2020\/en\/2013\/03\/21\/great-celebration-of-the-anniversary-of-the-opening-of-the-orthodox-seminary-february-2012\/\"]}]},{\"@type\":\"ImageObject\",\"inLanguage\":\"en-US\",\"@id\":\"https:\/\/orthodoxalbania.org\/2020\/en\/2013\/03\/21\/great-celebration-of-the-anniversary-of-the-opening-of-the-orthodox-seminary-february-2012\/#primaryimage\",\"url\":\"https:\/\/lh6.googleusercontent.com\/-mDPksdNvL8E\/VARdNtd7rmI\/AAAAAAAACv4\/e5QJjDTP8fA\/w958-h719-no\/424911_236275709791153_108930609192331_508556_538944103_n.jpg\",\"contentUrl\":\"https:\/\/lh6.googleusercontent.com\/-mDPksdNvL8E\/VARdNtd7rmI\/AAAAAAAACv4\/e5QJjDTP8fA\/w958-h719-no\/424911_236275709791153_108930609192331_508556_538944103_n.jpg\"},{\"@type\":\"BreadcrumbList\",\"@id\":\"https:\/\/orthodoxalbania.org\/2020\/en\/2013\/03\/21\/great-celebration-of-the-anniversary-of-the-opening-of-the-orthodox-seminary-february-2012\/#breadcrumb\",\"itemListElement\":[{\"@type\":\"ListItem\",\"position\":1,\"name\":\"Home\",\"item\":\"https:\/\/orthodoxalbania.org\/2020\/\"},{\"@type\":\"ListItem\",\"position\":2,\"name\":\"Great Celebration of the Anniversary of the Opening of the Orthodox Seminary. (February 2012)\"}]},{\"@type\":\"WebSite\",\"@id\":\"https:\/\/orthodoxalbania.org\/2020\/#website\",\"url\":\"https:\/\/orthodoxalbania.org\/2020\/\",\"name\":\"Kisha Orthodh\u03bfkse Autoqefale e Shqip\u00ebris\u00eb\",\"description\":\"Fqja Zyrtare e Kish\u00ebs Orthodhokse Autoqefale e Shqip\u00ebris\u00eb me lajmet edhe informacionet zyrtare p\u00ebr struktur\u00ebn edhe veprimtarin e saj.\",\"publisher\":{\"@id\":\"https:\/\/orthodoxalbania.org\/2020\/#organization\"},\"potentialAction\":[{\"@type\":\"SearchAction\",\"target\":{\"@type\":\"EntryPoint\",\"urlTemplate\":\"https:\/\/orthodoxalbania.org\/2020\/?s={search_term_string}\"},\"query-input\":{\"@type\":\"PropertyValueSpecification\",\"valueRequired\":true,\"valueName\":\"search_term_string\"}}],\"inLanguage\":\"en-US\"},{\"@type\":\"Organization\",\"@id\":\"https:\/\/orthodoxalbania.org\/2020\/#organization\",\"name\":\"Kisha Orthodhokse Autoqefale e Shqip\u00ebris\u00eb\",\"url\":\"https:\/\/orthodoxalbania.org\/2020\/\",\"logo\":{\"@type\":\"ImageObject\",\"inLanguage\":\"en-US\",\"@id\":\"https:\/\/orthodoxalbania.org\/2020\/#\/schema\/logo\/image\/\",\"url\":\"https:\/\/orthodoxalbania.org\/2020\/wp-content\/uploads\/2020\/05\/albania.jpeg\",\"contentUrl\":\"https:\/\/orthodoxalbania.org\/2020\/wp-content\/uploads\/2020\/05\/albania.jpeg\",\"width\":540,\"height\":540,\"caption\":\"Kisha Orthodhokse Autoqefale e Shqip\u00ebris\u00eb\"},\"image\":{\"@id\":\"https:\/\/orthodoxalbania.org\/2020\/#\/schema\/logo\/image\/\"},\"sameAs\":[\"https:\/\/www.facebook.com\/koash1991\"]},{\"@type\":\"Person\",\"@id\":\"https:\/\/orthodoxalbania.org\/2020\/#\/schema\/person\/df745f942b70e045b3dc05a30211f0de\",\"name\":\"Kisha Orthodhokse\",\"image\":{\"@type\":\"ImageObject\",\"inLanguage\":\"en-US\",\"@id\":\"https:\/\/secure.gravatar.com\/avatar\/2676eb8d97178435c9f691a7871595a1da6c33542dec218bce40885573150e28?s=96&d=mm&r=g\",\"url\":\"https:\/\/secure.gravatar.com\/avatar\/2676eb8d97178435c9f691a7871595a1da6c33542dec218bce40885573150e28?s=96&d=mm&r=g\",\"contentUrl\":\"https:\/\/secure.gravatar.com\/avatar\/2676eb8d97178435c9f691a7871595a1da6c33542dec218bce40885573150e28?s=96&d=mm&r=g\",\"caption\":\"Kisha Orthodhokse\"}}]}<\/script>\n<!-- \/ Yoast SEO plugin. -->","yoast_head_json":{"title":"Great Celebration of the Anniversary of the Opening of the Orthodox Seminary. (February 2012) - Kisha Orthodh\u03bfkse Autoqefale e Shqip\u00ebris\u00eb","robots":{"index":"index","follow":"follow","max-snippet":"max-snippet:-1","max-image-preview":"max-image-preview:large","max-video-preview":"max-video-preview:-1"},"canonical":"https:\/\/orthodoxalbania.org\/2020\/en\/2013\/03\/21\/great-celebration-of-the-anniversary-of-the-opening-of-the-orthodox-seminary-february-2012\/","og_locale":"en_US","og_type":"article","og_title":"Great Celebration of the Anniversary of the Opening of the Orthodox Seminary. (February 2012) - Kisha Orthodh\u03bfkse Autoqefale e Shqip\u00ebris\u00eb","og_description":"On February 7, 1992 the teaching of the first courses for clergy began. &nbsp; &nbsp;&nbsp;&nbsp; During the past two decades there have not been any events that have impacted so much the miracle of the rebuilding of our Church after the atheistic winter, and at the same time demonstrated the visionary foresight of Archbishop Anastasios, as the opening of this school. When the churches were","og_url":"https:\/\/orthodoxalbania.org\/2020\/en\/2013\/03\/21\/great-celebration-of-the-anniversary-of-the-opening-of-the-orthodox-seminary-february-2012\/","og_site_name":"Kisha Orthodh\u03bfkse Autoqefale e Shqip\u00ebris\u00eb","article_publisher":"https:\/\/www.facebook.com\/koash1991","article_published_time":"2013-03-21T10:28:28+00:00","article_modified_time":"2020-04-12T22:31:02+00:00","og_image":[{"url":"https:\/\/lh6.googleusercontent.com\/-mDPksdNvL8E\/VARdNtd7rmI\/AAAAAAAACv4\/e5QJjDTP8fA\/w958-h719-no\/424911_236275709791153_108930609192331_508556_538944103_n.jpg","type":"","width":"","height":""}],"author":"Kisha Orthodhokse","twitter_card":"summary_large_image","twitter_misc":{"Written by":"Kisha Orthodhokse","Est. reading time":"4 minutes"},"schema":{"@context":"https:\/\/schema.org","@graph":[{"@type":"Article","@id":"https:\/\/orthodoxalbania.org\/2020\/en\/2013\/03\/21\/great-celebration-of-the-anniversary-of-the-opening-of-the-orthodox-seminary-february-2012\/#article","isPartOf":{"@id":"https:\/\/orthodoxalbania.org\/2020\/en\/2013\/03\/21\/great-celebration-of-the-anniversary-of-the-opening-of-the-orthodox-seminary-february-2012\/"},"author":{"name":"Kisha Orthodhokse","@id":"https:\/\/orthodoxalbania.org\/2020\/#\/schema\/person\/df745f942b70e045b3dc05a30211f0de"},"headline":"Great Celebration of the Anniversary of the Opening of the Orthodox Seminary. (February 2012)","datePublished":"2013-03-21T10:28:28+00:00","dateModified":"2020-04-12T22:31:02+00:00","mainEntityOfPage":{"@id":"https:\/\/orthodoxalbania.org\/2020\/en\/2013\/03\/21\/great-celebration-of-the-anniversary-of-the-opening-of-the-orthodox-seminary-february-2012\/"},"wordCount":756,"commentCount":0,"publisher":{"@id":"https:\/\/orthodoxalbania.org\/2020\/#organization"},"image":{"@id":"https:\/\/orthodoxalbania.org\/2020\/en\/2013\/03\/21\/great-celebration-of-the-anniversary-of-the-opening-of-the-orthodox-seminary-february-2012\/#primaryimage"},"thumbnailUrl":"https:\/\/lh6.googleusercontent.com\/-mDPksdNvL8E\/VARdNtd7rmI\/AAAAAAAACv4\/e5QJjDTP8fA\/w958-h719-no\/424911_236275709791153_108930609192331_508556_538944103_n.jpg","keywords":["2012","Kryepiskopi Anastas"],"articleSection":["News - \u0395\u039d","News old page"],"inLanguage":"en-US"},{"@type":"WebPage","@id":"https:\/\/orthodoxalbania.org\/2020\/en\/2013\/03\/21\/great-celebration-of-the-anniversary-of-the-opening-of-the-orthodox-seminary-february-2012\/","url":"https:\/\/orthodoxalbania.org\/2020\/en\/2013\/03\/21\/great-celebration-of-the-anniversary-of-the-opening-of-the-orthodox-seminary-february-2012\/","name":"Great Celebration of the Anniversary of the Opening of the Orthodox Seminary. (February 2012) - Kisha Orthodh\u03bfkse Autoqefale e Shqip\u00ebris\u00eb","isPartOf":{"@id":"https:\/\/orthodoxalbania.org\/2020\/#website"},"primaryImageOfPage":{"@id":"https:\/\/orthodoxalbania.org\/2020\/en\/2013\/03\/21\/great-celebration-of-the-anniversary-of-the-opening-of-the-orthodox-seminary-february-2012\/#primaryimage"},"image":{"@id":"https:\/\/orthodoxalbania.org\/2020\/en\/2013\/03\/21\/great-celebration-of-the-anniversary-of-the-opening-of-the-orthodox-seminary-february-2012\/#primaryimage"},"thumbnailUrl":"https:\/\/lh6.googleusercontent.com\/-mDPksdNvL8E\/VARdNtd7rmI\/AAAAAAAACv4\/e5QJjDTP8fA\/w958-h719-no\/424911_236275709791153_108930609192331_508556_538944103_n.jpg","datePublished":"2013-03-21T10:28:28+00:00","dateModified":"2020-04-12T22:31:02+00:00","breadcrumb":{"@id":"https:\/\/orthodoxalbania.org\/2020\/en\/2013\/03\/21\/great-celebration-of-the-anniversary-of-the-opening-of-the-orthodox-seminary-february-2012\/#breadcrumb"},"inLanguage":"en-US","potentialAction":[{"@type":"ReadAction","target":["https:\/\/orthodoxalbania.org\/2020\/en\/2013\/03\/21\/great-celebration-of-the-anniversary-of-the-opening-of-the-orthodox-seminary-february-2012\/"]}]},{"@type":"ImageObject","inLanguage":"en-US","@id":"https:\/\/orthodoxalbania.org\/2020\/en\/2013\/03\/21\/great-celebration-of-the-anniversary-of-the-opening-of-the-orthodox-seminary-february-2012\/#primaryimage","url":"https:\/\/lh6.googleusercontent.com\/-mDPksdNvL8E\/VARdNtd7rmI\/AAAAAAAACv4\/e5QJjDTP8fA\/w958-h719-no\/424911_236275709791153_108930609192331_508556_538944103_n.jpg","contentUrl":"https:\/\/lh6.googleusercontent.com\/-mDPksdNvL8E\/VARdNtd7rmI\/AAAAAAAACv4\/e5QJjDTP8fA\/w958-h719-no\/424911_236275709791153_108930609192331_508556_538944103_n.jpg"},{"@type":"BreadcrumbList","@id":"https:\/\/orthodoxalbania.org\/2020\/en\/2013\/03\/21\/great-celebration-of-the-anniversary-of-the-opening-of-the-orthodox-seminary-february-2012\/#breadcrumb","itemListElement":[{"@type":"ListItem","position":1,"name":"Home","item":"https:\/\/orthodoxalbania.org\/2020\/"},{"@type":"ListItem","position":2,"name":"Great Celebration of the Anniversary of the Opening of the Orthodox Seminary. (February 2012)"}]},{"@type":"WebSite","@id":"https:\/\/orthodoxalbania.org\/2020\/#website","url":"https:\/\/orthodoxalbania.org\/2020\/","name":"Kisha Orthodh\u03bfkse Autoqefale e Shqip\u00ebris\u00eb","description":"Fqja Zyrtare e Kish\u00ebs Orthodhokse Autoqefale e Shqip\u00ebris\u00eb me lajmet edhe informacionet zyrtare p\u00ebr struktur\u00ebn edhe veprimtarin e saj.","publisher":{"@id":"https:\/\/orthodoxalbania.org\/2020\/#organization"},"potentialAction":[{"@type":"SearchAction","target":{"@type":"EntryPoint","urlTemplate":"https:\/\/orthodoxalbania.org\/2020\/?s={search_term_string}"},"query-input":{"@type":"PropertyValueSpecification","valueRequired":true,"valueName":"search_term_string"}}],"inLanguage":"en-US"},{"@type":"Organization","@id":"https:\/\/orthodoxalbania.org\/2020\/#organization","name":"Kisha Orthodhokse Autoqefale e Shqip\u00ebris\u00eb","url":"https:\/\/orthodoxalbania.org\/2020\/","logo":{"@type":"ImageObject","inLanguage":"en-US","@id":"https:\/\/orthodoxalbania.org\/2020\/#\/schema\/logo\/image\/","url":"https:\/\/orthodoxalbania.org\/2020\/wp-content\/uploads\/2020\/05\/albania.jpeg","contentUrl":"https:\/\/orthodoxalbania.org\/2020\/wp-content\/uploads\/2020\/05\/albania.jpeg","width":540,"height":540,"caption":"Kisha Orthodhokse Autoqefale e Shqip\u00ebris\u00eb"},"image":{"@id":"https:\/\/orthodoxalbania.org\/2020\/#\/schema\/logo\/image\/"},"sameAs":["https:\/\/www.facebook.com\/koash1991"]},{"@type":"Person","@id":"https:\/\/orthodoxalbania.org\/2020\/#\/schema\/person\/df745f942b70e045b3dc05a30211f0de","name":"Kisha Orthodhokse","image":{"@type":"ImageObject","inLanguage":"en-US","@id":"https:\/\/secure.gravatar.com\/avatar\/2676eb8d97178435c9f691a7871595a1da6c33542dec218bce40885573150e28?s=96&d=mm&r=g","url":"https:\/\/secure.gravatar.com\/avatar\/2676eb8d97178435c9f691a7871595a1da6c33542dec218bce40885573150e28?s=96&d=mm&r=g","contentUrl":"https:\/\/secure.gravatar.com\/avatar\/2676eb8d97178435c9f691a7871595a1da6c33542dec218bce40885573150e28?s=96&d=mm&r=g","caption":"Kisha Orthodhokse"}}]}},"_links":{"self":[{"href":"https:\/\/orthodoxalbania.org\/2020\/wp-json\/wp\/v2\/posts\/612","targetHints":{"allow":["GET"]}}],"collection":[{"href":"https:\/\/orthodoxalbania.org\/2020\/wp-json\/wp\/v2\/posts"}],"about":[{"href":"https:\/\/orthodoxalbania.org\/2020\/wp-json\/wp\/v2\/types\/post"}],"author":[{"embeddable":true,"href":"https:\/\/orthodoxalbania.org\/2020\/wp-json\/wp\/v2\/users\/7"}],"replies":[{"embeddable":true,"href":"https:\/\/orthodoxalbania.org\/2020\/wp-json\/wp\/v2\/comments?post=612"}],"version-history":[{"count":1,"href":"https:\/\/orthodoxalbania.org\/2020\/wp-json\/wp\/v2\/posts\/612\/revisions"}],"predecessor-version":[{"id":17753,"href":"https:\/\/orthodoxalbania.org\/2020\/wp-json\/wp\/v2\/posts\/612\/revisions\/17753"}],"wp:attachment":[{"href":"https:\/\/orthodoxalbania.org\/2020\/wp-json\/wp\/v2\/media?parent=612"}],"wp:term":[{"taxonomy":"category","embeddable":true,"href":"https:\/\/orthodoxalbania.org\/2020\/wp-json\/wp\/v2\/categories?post=612"},{"taxonomy":"post_tag","embeddable":true,"href":"https:\/\/orthodoxalbania.org\/2020\/wp-json\/wp\/v2\/tags?post=612"}],"curies":[{"name":"wp","href":"https:\/\/api.w.org\/{rel}","templated":true}]}}