{"id":611,"date":"2009-03-13T10:15:46","date_gmt":"2009-03-13T10:15:46","guid":{"rendered":""},"modified":"2020-04-06T22:35:11","modified_gmt":"2020-04-06T20:35:11","slug":"grate-besimtare-te-tiranes-perjetojne-me-entuziazem-veprimtarite-shpirterore-dhe-sociale","status":"publish","type":"post","link":"https:\/\/orthodoxalbania.org\/2020\/2009\/03\/13\/grate-besimtare-te-tiranes-perjetojne-me-entuziazem-veprimtarite-shpirterore-dhe-sociale\/","title":{"rendered":"Grat\u00eb besimtare t\u00eb Tiran\u00ebs p\u00ebrjetojn\u00eb me entuziaz\u00ebm veprimtarit\u00eb shpirt\u00ebrore dhe sociale. (N\u00ebntor 2009)"},"content":{"rendered":"<div style=\"text-align: justify;\">&nbsp;<\/div>\n<div style=\"text-align: justify;\"><span style=\"color: #000000;\"><span style=\"font-family: tahoma,geneva,sans-serif;\"><span style=\"font-size: 12px;\">&nbsp;&nbsp;&nbsp; Grat\u00eb aktiviste t\u00eb Kish\u00ebs s\u00eb Tiran\u00ebs kan\u00eb vazhduar me gjall\u00ebri dhe entuziaz\u00ebm veprimtarit\u00eb e tyre shpirt\u00ebrore dhe sociale p\u00ebrgjat\u00eb k\u00ebtij sezoni t\u00eb <img decoding=\"async\" class=\"lazyload HAa Eha\" style=\"border-width: 1px; border-style: solid; margin: 10px; float: left;\" alt=\"\" src=\"data:image\/svg+xml,%3Csvg%20xmlns%3D%27http%3A%2F%2Fwww.w3.org%2F2000%2Fsvg%27%20width%3D%27184%27%20height%3D%27137%27%20viewBox%3D%270%200%20184%20137%27%3E%3Crect%20width%3D%27184%27%20height%3D%27137%27%20fill-opacity%3D%220%22%2F%3E%3C%2Fsvg%3E\" data-orig-src=\"https:\/\/lh5.googleusercontent.com\/-iURHfUsNI_w\/U_2E7GQmG3I\/AAAAAAAABPE\/Acda8y8uVC8\/w368-h274-no\/s1.jpg\" height=\"137\" width=\"184\" \/>ri vjeshte. Ato&nbsp; mblidhen \u00e7do jav\u00eb n\u00eb takimet e tyre tradicionale t\u00eb m\u00ebrkur\u00ebn pasdite n\u00ebn drejtimin e theolog\u00ebve dhe et\u00ebrve shpirt\u00ebror\u00eb, duke biseduar me ta n\u00eb nj\u00eb cik\u00ebl t\u00eb gjer\u00eb rreth besimit.<\/p>\n<p> &nbsp;&nbsp;&nbsp; K\u00ebt\u00eb periudh\u00eb jan\u00eb zhvilluar tema interesante mbi p\u00ebrkushtimin q\u00eb kishin t\u00eb krishter\u00ebt e par\u00eb dhe p\u00ebrpjekjen e tyre n\u00eb falje e n\u00eb lutje me frik\u00eb Per\u00ebndie.<\/p>\n<p> &nbsp;&nbsp;&nbsp; Nd\u00ebrkoh\u00eb, aktivitete sociale jan\u00eb organizuar ne disa drejtime t\u00eb r\u00ebnd\u00ebsishme. Vlen t\u00eb <img decoding=\"async\" class=\"lazyload HAa Eha\" style=\"border-width: 1px; border-style: solid; margin: 10px; float: right;\" alt=\"\" src=\"data:image\/svg+xml,%3Csvg%20xmlns%3D%27http%3A%2F%2Fwww.w3.org%2F2000%2Fsvg%27%20width%3D%27205%27%20height%3D%27153%27%20viewBox%3D%270%200%20205%20153%27%3E%3Crect%20width%3D%27205%27%20height%3D%27153%27%20fill-opacity%3D%220%22%2F%3E%3C%2Fsvg%3E\" data-orig-src=\"https:\/\/lh6.googleusercontent.com\/-dhKMnUzl9cc\/U_2E7HCuByI\/AAAAAAAABPQ\/9W6ymk2yivY\/w407-h303-no\/s2.jpg\" height=\"153\" width=\"205\" \/>p\u00ebrmenden pritjet \u00e7do jav\u00eb q\u00eb b\u00ebjn\u00eb punonj\u00ebset e zyr\u00ebs me persona nevojtar\u00eb, t\u00eb cil\u00ebt vijn\u00eb nga familje shum\u00eb t\u00eb varfra: jetim\u00eb, invalid\u00eb, t\u00eb braktisur, persona depresiv\u00eb, persona q\u00eb lypin rrug\u00ebve etj. \u00c7do muaj, m\u00eb shum\u00eb se 400 nevojtar\u00eb ndihmohen me ushqime, veshmbathje, ila\u00e7e dhe mjete monetare.<\/span><\/span><\/span><\/div>\n<div style=\"text-align: justify;\">\n<p> <span style=\"color: #000000;\"><span style=\"font-family: tahoma,geneva,sans-serif;\"><span style=\"font-size: 12px;\">&nbsp;&nbsp;&nbsp; Gjithashtu nj\u00eb r\u00ebnd\u00ebsi e ve\u00e7ant\u00eb i \u00ebsht\u00eb kushtuar vizitave tek personat e s\u00ebmur\u00eb n\u00eb sht\u00ebpi <img decoding=\"async\" class=\"lazyload HAa Eha\" style=\"border-width: 1px; border-style: solid; margin: 10px; float: left;\" alt=\"\" src=\"data:image\/svg+xml,%3Csvg%20xmlns%3D%27http%3A%2F%2Fwww.w3.org%2F2000%2Fsvg%27%20width%3D%27185%27%20height%3D%27138%27%20viewBox%3D%270%200%20185%20138%27%3E%3Crect%20width%3D%27185%27%20height%3D%27138%27%20fill-opacity%3D%220%22%2F%3E%3C%2Fsvg%3E\" data-orig-src=\"https:\/\/lh6.googleusercontent.com\/-MI3KHrrSSAk\/U_2E7MfwDDI\/AAAAAAAABPM\/3mbOo6EQA5E\/w381-h283-no\/s3.jpg\" height=\"138\" width=\"185\" \/>dhe tek n\u00ebnat e moshuara besimtare. Duke par\u00eb nga af\u00ebr problemet e tyre \u00ebsht\u00eb b\u00ebr\u00eb e mundur t\u00eb transmetohet ndihma e Kish\u00ebs p\u00ebr zgjidhjen e v\u00ebshtir\u00ebsive t\u00eb tyre shpirt\u00ebrore dhe ekonomike.<\/p>\n<p> &nbsp;&nbsp;&nbsp; Nj\u00eb tjet\u00ebr veprimtari jan\u00eb vizitat n\u00eb burg q\u00eb kryhen prej 10 vjet rradhazi. K\u00ebto takime mbajn\u00eb vazhdimisht t\u00eb gjall\u00eb frym\u00ebn e vullnetarizmit. N\u00eb muajin tetor u realizua nj\u00eb takim me 30-35 gra t\u00eb d\u00ebnuara t\u00eb burgut 325 t\u00eb Tiran\u00ebs dhe u zhvilluan biseda mbi paravolin\u00eb e Mbjell\u00ebsit t\u00eb far\u00ebs n\u00eb Ungjillin sipas Llukait.<\/p>\n<p> &nbsp;&nbsp;&nbsp; Vizita kryhen edhe n\u00eb dy strehat e t\u00eb moshuarve (burra e gra) te motrat e N\u00ebn\u00eb Terez\u00ebs ku jan\u00eb shp\u00ebrndar\u00eb fruta dhe \u00ebmb\u00eblsira p\u00ebr rreth 100 vet\u00eb.<\/p>\n<p> &nbsp;&nbsp;&nbsp;&nbsp; M\u00eb e r\u00ebnd\u00ebsishme \u00ebsht\u00eb dashuria dhe p\u00ebrkujdesja e sinqert\u00eb q\u00eb ofrohet nga Kisha dhe aktivist\u00ebt e saj.<\/span><\/span><\/span><\/div>\n<div style=\"text-align: justify;\">&nbsp;<\/div>\n<div class=\"style7\" style=\"text-align: justify;\"><span style=\"color: #000000;\"><span style=\"font-family: tahoma,geneva,sans-serif;\"><span style=\"font-size: 12px;\"><strong>&nbsp;&nbsp;&nbsp;&nbsp;&nbsp;&nbsp;&nbsp;&nbsp;&nbsp;&nbsp;&nbsp;&nbsp;&nbsp;&nbsp;&nbsp;&nbsp;&nbsp;&nbsp;&nbsp;&nbsp;&nbsp;&nbsp;&nbsp;&nbsp;&nbsp;&nbsp;&nbsp;&nbsp;&nbsp;&nbsp;&nbsp;&nbsp;&nbsp;&nbsp;&nbsp;&nbsp;&nbsp;&nbsp;&nbsp;&nbsp;&nbsp;&nbsp;&nbsp;&nbsp;&nbsp;&nbsp;&nbsp;&nbsp;&nbsp;&nbsp;&nbsp;&nbsp;&nbsp;&nbsp;&nbsp;&nbsp;&nbsp;&nbsp;&nbsp;&nbsp;&nbsp;&nbsp;&nbsp;&nbsp;&nbsp;&nbsp;&nbsp;&nbsp;&nbsp;&nbsp;&nbsp;&nbsp;<\/strong><\/span><\/span><\/span><\/div>\n<div class=\"style7\" style=\"text-align: right;\"><span style=\"color: #000000;\"><span style=\"font-family: tahoma,geneva,sans-serif;\"><span style=\"font-size: 12px;\"><strong>&nbsp;&nbsp; <span style=\"font-family: tahoma,geneva,sans-serif;\"><span style=\"font-size: 12px;\"><strong>Rajmonda Shqevi<\/strong><\/span><\/span>&nbsp;&nbsp;&nbsp;&nbsp;&nbsp;&nbsp;&nbsp;&nbsp;&nbsp;&nbsp;&nbsp;&nbsp;&nbsp;&nbsp;&nbsp;&nbsp;&nbsp;&nbsp;&nbsp;&nbsp;&nbsp;&nbsp;&nbsp;&nbsp;&nbsp;&nbsp;&nbsp;&nbsp;&nbsp;&nbsp;&nbsp;&nbsp;&nbsp;&nbsp; <\/strong><\/span><\/span><\/span><\/div>\n<div class=\"style7\" style=\"text-align: right;\">&nbsp;<\/div>\n<div style=\"text-align: justify;\">&nbsp;<\/div>\n","protected":false},"excerpt":{"rendered":"<p>&nbsp; &nbsp;&nbsp;&nbsp; Grat\u00eb aktiviste t\u00eb Kish\u00ebs s\u00eb Tiran\u00ebs kan\u00eb vazhduar me gjall\u00ebri dhe entuziaz\u00ebm veprimtarit\u00eb e tyre shpirt\u00ebrore dhe sociale p\u00ebrgjat\u00eb k\u00ebtij sezoni t\u00eb ri vjeshte. Ato&nbsp; mblidhen \u00e7do jav\u00eb n\u00eb takimet e tyre tradicionale t\u00eb m\u00ebrkur\u00ebn pasdite n\u00ebn drejtimin e theolog\u00ebve dhe et\u00ebrve shpirt\u00ebror\u00eb, duke biseduar me ta n\u00eb nj\u00eb cik\u00ebl t\u00eb gjer\u00eb rreth besimit. &nbsp;&nbsp;&nbsp; K\u00ebt\u00eb periudh\u00eb jan\u00eb zhvilluar tema interesante mbi p\u00ebrkushtimin<\/p>\n","protected":false},"author":1,"featured_media":0,"comment_status":"open","ping_status":"open","sticky":false,"template":"","format":"standard","meta":{"_acf_changed":false,"pagelayer_contact_templates":[],"_pagelayer_content":"","inline_featured_image":false,"fifu_image_url":"","fifu_image_alt":"","footnotes":""},"categories":[108],"tags":[145,196,212,187],"class_list":["post-611","post","type-post","status-publish","format-standard","hentry","category-lajme","tag-145","tag-tirane","tag-lajme-d27","tag-lidhja-e-grave-orthodhokse"],"acf":[],"yoast_head":"<!-- This site is optimized with the Yoast SEO plugin v27.2 - https:\/\/yoast.com\/product\/yoast-seo-wordpress\/ -->\n<title>Grat\u00eb besimtare t\u00eb Tiran\u00ebs p\u00ebrjetojn\u00eb me entuziaz\u00ebm veprimtarit\u00eb shpirt\u00ebrore dhe sociale. (N\u00ebntor 2009) - Kisha Orthodh\u03bfkse Autoqefale e Shqip\u00ebris\u00eb<\/title>\n<meta name=\"robots\" content=\"index, follow, max-snippet:-1, max-image-preview:large, max-video-preview:-1\" \/>\n<link rel=\"canonical\" href=\"https:\/\/orthodoxalbania.org\/2020\/2009\/03\/13\/grate-besimtare-te-tiranes-perjetojne-me-entuziazem-veprimtarite-shpirterore-dhe-sociale\/\" \/>\n<meta property=\"og:locale\" content=\"en_US\" \/>\n<meta property=\"og:type\" content=\"article\" \/>\n<meta property=\"og:title\" content=\"Grat\u00eb besimtare t\u00eb Tiran\u00ebs p\u00ebrjetojn\u00eb me entuziaz\u00ebm veprimtarit\u00eb shpirt\u00ebrore dhe sociale. (N\u00ebntor 2009) - Kisha Orthodh\u03bfkse Autoqefale e Shqip\u00ebris\u00eb\" \/>\n<meta property=\"og:description\" content=\"&nbsp; &nbsp;&nbsp;&nbsp; Grat\u00eb aktiviste t\u00eb Kish\u00ebs s\u00eb Tiran\u00ebs kan\u00eb vazhduar me gjall\u00ebri dhe entuziaz\u00ebm veprimtarit\u00eb e tyre shpirt\u00ebrore dhe sociale p\u00ebrgjat\u00eb k\u00ebtij sezoni t\u00eb ri vjeshte. Ato&nbsp; mblidhen \u00e7do jav\u00eb n\u00eb takimet e tyre tradicionale t\u00eb m\u00ebrkur\u00ebn pasdite n\u00ebn drejtimin e theolog\u00ebve dhe et\u00ebrve shpirt\u00ebror\u00eb, duke biseduar me ta n\u00eb nj\u00eb cik\u00ebl t\u00eb gjer\u00eb rreth besimit. &nbsp;&nbsp;&nbsp; K\u00ebt\u00eb periudh\u00eb jan\u00eb zhvilluar tema interesante mbi p\u00ebrkushtimin\" \/>\n<meta property=\"og:url\" content=\"https:\/\/orthodoxalbania.org\/2020\/2009\/03\/13\/grate-besimtare-te-tiranes-perjetojne-me-entuziazem-veprimtarite-shpirterore-dhe-sociale\/\" \/>\n<meta property=\"og:site_name\" content=\"Kisha Orthodh\u03bfkse Autoqefale e Shqip\u00ebris\u00eb\" \/>\n<meta property=\"article:publisher\" content=\"https:\/\/www.facebook.com\/koash1991\" \/>\n<meta property=\"article:published_time\" content=\"2009-03-13T10:15:46+00:00\" \/>\n<meta property=\"article:modified_time\" content=\"2020-04-06T20:35:11+00:00\" \/>\n<meta property=\"og:image\" content=\"https:\/\/lh5.googleusercontent.com\/-iURHfUsNI_w\/U_2E7GQmG3I\/AAAAAAAABPE\/Acda8y8uVC8\/w368-h274-no\/s1.jpg\" \/>\n<meta name=\"author\" content=\"Kisha Orthodhokse\" \/>\n<meta name=\"twitter:card\" content=\"summary_large_image\" \/>\n<meta name=\"twitter:label1\" content=\"Written by\" \/>\n\t<meta name=\"twitter:data1\" content=\"Kisha Orthodhokse\" \/>\n\t<meta name=\"twitter:label2\" content=\"Est. reading time\" \/>\n\t<meta name=\"twitter:data2\" content=\"2 minutes\" \/>\n<script type=\"application\/ld+json\" class=\"yoast-schema-graph\">{\"@context\":\"https:\/\/schema.org\",\"@graph\":[{\"@type\":\"Article\",\"@id\":\"https:\/\/orthodoxalbania.org\/2020\/2009\/03\/13\/grate-besimtare-te-tiranes-perjetojne-me-entuziazem-veprimtarite-shpirterore-dhe-sociale\/#article\",\"isPartOf\":{\"@id\":\"https:\/\/orthodoxalbania.org\/2020\/2009\/03\/13\/grate-besimtare-te-tiranes-perjetojne-me-entuziazem-veprimtarite-shpirterore-dhe-sociale\/\"},\"author\":{\"name\":\"Kisha Orthodhokse\",\"@id\":\"https:\/\/orthodoxalbania.org\/2020\/#\/schema\/person\/0c387634a7063ac612d7ed9ce71c7e86\"},\"headline\":\"Grat\u00eb besimtare t\u00eb Tiran\u00ebs p\u00ebrjetojn\u00eb me entuziaz\u00ebm veprimtarit\u00eb shpirt\u00ebrore dhe sociale. (N\u00ebntor 2009)\",\"datePublished\":\"2009-03-13T10:15:46+00:00\",\"dateModified\":\"2020-04-06T20:35:11+00:00\",\"mainEntityOfPage\":{\"@id\":\"https:\/\/orthodoxalbania.org\/2020\/2009\/03\/13\/grate-besimtare-te-tiranes-perjetojne-me-entuziazem-veprimtarite-shpirterore-dhe-sociale\/\"},\"wordCount\":489,\"commentCount\":0,\"publisher\":{\"@id\":\"https:\/\/orthodoxalbania.org\/2020\/#organization\"},\"image\":{\"@id\":\"https:\/\/orthodoxalbania.org\/2020\/2009\/03\/13\/grate-besimtare-te-tiranes-perjetojne-me-entuziazem-veprimtarite-shpirterore-dhe-sociale\/#primaryimage\"},\"thumbnailUrl\":\"https:\/\/lh5.googleusercontent.com\/-iURHfUsNI_w\/U_2E7GQmG3I\/AAAAAAAABPE\/Acda8y8uVC8\/w368-h274-no\/s1.jpg\",\"keywords\":[\"2009\",\"Kryepiskopata Tiran\u00eb\",\"lajme\",\"Lidhja e Grave Orthodhokse\"],\"articleSection\":[\"Lajme\"],\"inLanguage\":\"en-US\"},{\"@type\":\"WebPage\",\"@id\":\"https:\/\/orthodoxalbania.org\/2020\/2009\/03\/13\/grate-besimtare-te-tiranes-perjetojne-me-entuziazem-veprimtarite-shpirterore-dhe-sociale\/\",\"url\":\"https:\/\/orthodoxalbania.org\/2020\/2009\/03\/13\/grate-besimtare-te-tiranes-perjetojne-me-entuziazem-veprimtarite-shpirterore-dhe-sociale\/\",\"name\":\"Grat\u00eb besimtare t\u00eb Tiran\u00ebs p\u00ebrjetojn\u00eb me entuziaz\u00ebm veprimtarit\u00eb shpirt\u00ebrore dhe sociale. (N\u00ebntor 2009) - Kisha Orthodh\u03bfkse Autoqefale e Shqip\u00ebris\u00eb\",\"isPartOf\":{\"@id\":\"https:\/\/orthodoxalbania.org\/2020\/#website\"},\"primaryImageOfPage\":{\"@id\":\"https:\/\/orthodoxalbania.org\/2020\/2009\/03\/13\/grate-besimtare-te-tiranes-perjetojne-me-entuziazem-veprimtarite-shpirterore-dhe-sociale\/#primaryimage\"},\"image\":{\"@id\":\"https:\/\/orthodoxalbania.org\/2020\/2009\/03\/13\/grate-besimtare-te-tiranes-perjetojne-me-entuziazem-veprimtarite-shpirterore-dhe-sociale\/#primaryimage\"},\"thumbnailUrl\":\"https:\/\/lh5.googleusercontent.com\/-iURHfUsNI_w\/U_2E7GQmG3I\/AAAAAAAABPE\/Acda8y8uVC8\/w368-h274-no\/s1.jpg\",\"datePublished\":\"2009-03-13T10:15:46+00:00\",\"dateModified\":\"2020-04-06T20:35:11+00:00\",\"breadcrumb\":{\"@id\":\"https:\/\/orthodoxalbania.org\/2020\/2009\/03\/13\/grate-besimtare-te-tiranes-perjetojne-me-entuziazem-veprimtarite-shpirterore-dhe-sociale\/#breadcrumb\"},\"inLanguage\":\"en-US\",\"potentialAction\":[{\"@type\":\"ReadAction\",\"target\":[\"https:\/\/orthodoxalbania.org\/2020\/2009\/03\/13\/grate-besimtare-te-tiranes-perjetojne-me-entuziazem-veprimtarite-shpirterore-dhe-sociale\/\"]}]},{\"@type\":\"ImageObject\",\"inLanguage\":\"en-US\",\"@id\":\"https:\/\/orthodoxalbania.org\/2020\/2009\/03\/13\/grate-besimtare-te-tiranes-perjetojne-me-entuziazem-veprimtarite-shpirterore-dhe-sociale\/#primaryimage\",\"url\":\"https:\/\/lh5.googleusercontent.com\/-iURHfUsNI_w\/U_2E7GQmG3I\/AAAAAAAABPE\/Acda8y8uVC8\/w368-h274-no\/s1.jpg\",\"contentUrl\":\"https:\/\/lh5.googleusercontent.com\/-iURHfUsNI_w\/U_2E7GQmG3I\/AAAAAAAABPE\/Acda8y8uVC8\/w368-h274-no\/s1.jpg\"},{\"@type\":\"BreadcrumbList\",\"@id\":\"https:\/\/orthodoxalbania.org\/2020\/2009\/03\/13\/grate-besimtare-te-tiranes-perjetojne-me-entuziazem-veprimtarite-shpirterore-dhe-sociale\/#breadcrumb\",\"itemListElement\":[{\"@type\":\"ListItem\",\"position\":1,\"name\":\"Home\",\"item\":\"https:\/\/orthodoxalbania.org\/2020\/\"},{\"@type\":\"ListItem\",\"position\":2,\"name\":\"Grat\u00eb besimtare t\u00eb Tiran\u00ebs p\u00ebrjetojn\u00eb me entuziaz\u00ebm veprimtarit\u00eb shpirt\u00ebrore dhe sociale. (N\u00ebntor 2009)\"}]},{\"@type\":\"WebSite\",\"@id\":\"https:\/\/orthodoxalbania.org\/2020\/#website\",\"url\":\"https:\/\/orthodoxalbania.org\/2020\/\",\"name\":\"Kisha Orthodh\u03bfkse Autoqefale e Shqip\u00ebris\u00eb\",\"description\":\"Fqja Zyrtare e Kish\u00ebs Orthodhokse Autoqefale e Shqip\u00ebris\u00eb me lajmet edhe informacionet zyrtare p\u00ebr struktur\u00ebn edhe veprimtarin e saj.\",\"publisher\":{\"@id\":\"https:\/\/orthodoxalbania.org\/2020\/#organization\"},\"potentialAction\":[{\"@type\":\"SearchAction\",\"target\":{\"@type\":\"EntryPoint\",\"urlTemplate\":\"https:\/\/orthodoxalbania.org\/2020\/?s={search_term_string}\"},\"query-input\":{\"@type\":\"PropertyValueSpecification\",\"valueRequired\":true,\"valueName\":\"search_term_string\"}}],\"inLanguage\":\"en-US\"},{\"@type\":\"Organization\",\"@id\":\"https:\/\/orthodoxalbania.org\/2020\/#organization\",\"name\":\"Kisha Orthodhokse Autoqefale e Shqip\u00ebris\u00eb\",\"url\":\"https:\/\/orthodoxalbania.org\/2020\/\",\"logo\":{\"@type\":\"ImageObject\",\"inLanguage\":\"en-US\",\"@id\":\"https:\/\/orthodoxalbania.org\/2020\/#\/schema\/logo\/image\/\",\"url\":\"https:\/\/orthodoxalbania.org\/2020\/wp-content\/uploads\/2020\/05\/albania.jpeg\",\"contentUrl\":\"https:\/\/orthodoxalbania.org\/2020\/wp-content\/uploads\/2020\/05\/albania.jpeg\",\"width\":540,\"height\":540,\"caption\":\"Kisha Orthodhokse Autoqefale e Shqip\u00ebris\u00eb\"},\"image\":{\"@id\":\"https:\/\/orthodoxalbania.org\/2020\/#\/schema\/logo\/image\/\"},\"sameAs\":[\"https:\/\/www.facebook.com\/koash1991\"]},{\"@type\":\"Person\",\"@id\":\"https:\/\/orthodoxalbania.org\/2020\/#\/schema\/person\/0c387634a7063ac612d7ed9ce71c7e86\",\"name\":\"Kisha Orthodhokse\",\"image\":{\"@type\":\"ImageObject\",\"inLanguage\":\"en-US\",\"@id\":\"https:\/\/secure.gravatar.com\/avatar\/596e7c417251e30f2fbb9c00e026fce61a695a00e51c889caded71c96cbbdde5?s=96&d=mm&r=g\",\"url\":\"https:\/\/secure.gravatar.com\/avatar\/596e7c417251e30f2fbb9c00e026fce61a695a00e51c889caded71c96cbbdde5?s=96&d=mm&r=g\",\"contentUrl\":\"https:\/\/secure.gravatar.com\/avatar\/596e7c417251e30f2fbb9c00e026fce61a695a00e51c889caded71c96cbbdde5?s=96&d=mm&r=g\",\"caption\":\"Kisha Orthodhokse\"}}]}<\/script>\n<!-- \/ Yoast SEO plugin. -->","yoast_head_json":{"title":"Grat\u00eb besimtare t\u00eb Tiran\u00ebs p\u00ebrjetojn\u00eb me entuziaz\u00ebm veprimtarit\u00eb shpirt\u00ebrore dhe sociale. (N\u00ebntor 2009) - Kisha Orthodh\u03bfkse Autoqefale e Shqip\u00ebris\u00eb","robots":{"index":"index","follow":"follow","max-snippet":"max-snippet:-1","max-image-preview":"max-image-preview:large","max-video-preview":"max-video-preview:-1"},"canonical":"https:\/\/orthodoxalbania.org\/2020\/2009\/03\/13\/grate-besimtare-te-tiranes-perjetojne-me-entuziazem-veprimtarite-shpirterore-dhe-sociale\/","og_locale":"en_US","og_type":"article","og_title":"Grat\u00eb besimtare t\u00eb Tiran\u00ebs p\u00ebrjetojn\u00eb me entuziaz\u00ebm veprimtarit\u00eb shpirt\u00ebrore dhe sociale. (N\u00ebntor 2009) - Kisha Orthodh\u03bfkse Autoqefale e Shqip\u00ebris\u00eb","og_description":"&nbsp; &nbsp;&nbsp;&nbsp; Grat\u00eb aktiviste t\u00eb Kish\u00ebs s\u00eb Tiran\u00ebs kan\u00eb vazhduar me gjall\u00ebri dhe entuziaz\u00ebm veprimtarit\u00eb e tyre shpirt\u00ebrore dhe sociale p\u00ebrgjat\u00eb k\u00ebtij sezoni t\u00eb ri vjeshte. Ato&nbsp; mblidhen \u00e7do jav\u00eb n\u00eb takimet e tyre tradicionale t\u00eb m\u00ebrkur\u00ebn pasdite n\u00ebn drejtimin e theolog\u00ebve dhe et\u00ebrve shpirt\u00ebror\u00eb, duke biseduar me ta n\u00eb nj\u00eb cik\u00ebl t\u00eb gjer\u00eb rreth besimit. &nbsp;&nbsp;&nbsp; K\u00ebt\u00eb periudh\u00eb jan\u00eb zhvilluar tema interesante mbi p\u00ebrkushtimin","og_url":"https:\/\/orthodoxalbania.org\/2020\/2009\/03\/13\/grate-besimtare-te-tiranes-perjetojne-me-entuziazem-veprimtarite-shpirterore-dhe-sociale\/","og_site_name":"Kisha Orthodh\u03bfkse Autoqefale e Shqip\u00ebris\u00eb","article_publisher":"https:\/\/www.facebook.com\/koash1991","article_published_time":"2009-03-13T10:15:46+00:00","article_modified_time":"2020-04-06T20:35:11+00:00","og_image":[{"url":"https:\/\/lh5.googleusercontent.com\/-iURHfUsNI_w\/U_2E7GQmG3I\/AAAAAAAABPE\/Acda8y8uVC8\/w368-h274-no\/s1.jpg","type":"","width":"","height":""}],"author":"Kisha Orthodhokse","twitter_card":"summary_large_image","twitter_misc":{"Written by":"Kisha Orthodhokse","Est. reading time":"2 minutes"},"schema":{"@context":"https:\/\/schema.org","@graph":[{"@type":"Article","@id":"https:\/\/orthodoxalbania.org\/2020\/2009\/03\/13\/grate-besimtare-te-tiranes-perjetojne-me-entuziazem-veprimtarite-shpirterore-dhe-sociale\/#article","isPartOf":{"@id":"https:\/\/orthodoxalbania.org\/2020\/2009\/03\/13\/grate-besimtare-te-tiranes-perjetojne-me-entuziazem-veprimtarite-shpirterore-dhe-sociale\/"},"author":{"name":"Kisha Orthodhokse","@id":"https:\/\/orthodoxalbania.org\/2020\/#\/schema\/person\/0c387634a7063ac612d7ed9ce71c7e86"},"headline":"Grat\u00eb besimtare t\u00eb Tiran\u00ebs p\u00ebrjetojn\u00eb me entuziaz\u00ebm veprimtarit\u00eb shpirt\u00ebrore dhe sociale. (N\u00ebntor 2009)","datePublished":"2009-03-13T10:15:46+00:00","dateModified":"2020-04-06T20:35:11+00:00","mainEntityOfPage":{"@id":"https:\/\/orthodoxalbania.org\/2020\/2009\/03\/13\/grate-besimtare-te-tiranes-perjetojne-me-entuziazem-veprimtarite-shpirterore-dhe-sociale\/"},"wordCount":489,"commentCount":0,"publisher":{"@id":"https:\/\/orthodoxalbania.org\/2020\/#organization"},"image":{"@id":"https:\/\/orthodoxalbania.org\/2020\/2009\/03\/13\/grate-besimtare-te-tiranes-perjetojne-me-entuziazem-veprimtarite-shpirterore-dhe-sociale\/#primaryimage"},"thumbnailUrl":"https:\/\/lh5.googleusercontent.com\/-iURHfUsNI_w\/U_2E7GQmG3I\/AAAAAAAABPE\/Acda8y8uVC8\/w368-h274-no\/s1.jpg","keywords":["2009","Kryepiskopata Tiran\u00eb","lajme","Lidhja e Grave Orthodhokse"],"articleSection":["Lajme"],"inLanguage":"en-US"},{"@type":"WebPage","@id":"https:\/\/orthodoxalbania.org\/2020\/2009\/03\/13\/grate-besimtare-te-tiranes-perjetojne-me-entuziazem-veprimtarite-shpirterore-dhe-sociale\/","url":"https:\/\/orthodoxalbania.org\/2020\/2009\/03\/13\/grate-besimtare-te-tiranes-perjetojne-me-entuziazem-veprimtarite-shpirterore-dhe-sociale\/","name":"Grat\u00eb besimtare t\u00eb Tiran\u00ebs p\u00ebrjetojn\u00eb me entuziaz\u00ebm veprimtarit\u00eb shpirt\u00ebrore dhe sociale. (N\u00ebntor 2009) - Kisha Orthodh\u03bfkse Autoqefale e Shqip\u00ebris\u00eb","isPartOf":{"@id":"https:\/\/orthodoxalbania.org\/2020\/#website"},"primaryImageOfPage":{"@id":"https:\/\/orthodoxalbania.org\/2020\/2009\/03\/13\/grate-besimtare-te-tiranes-perjetojne-me-entuziazem-veprimtarite-shpirterore-dhe-sociale\/#primaryimage"},"image":{"@id":"https:\/\/orthodoxalbania.org\/2020\/2009\/03\/13\/grate-besimtare-te-tiranes-perjetojne-me-entuziazem-veprimtarite-shpirterore-dhe-sociale\/#primaryimage"},"thumbnailUrl":"https:\/\/lh5.googleusercontent.com\/-iURHfUsNI_w\/U_2E7GQmG3I\/AAAAAAAABPE\/Acda8y8uVC8\/w368-h274-no\/s1.jpg","datePublished":"2009-03-13T10:15:46+00:00","dateModified":"2020-04-06T20:35:11+00:00","breadcrumb":{"@id":"https:\/\/orthodoxalbania.org\/2020\/2009\/03\/13\/grate-besimtare-te-tiranes-perjetojne-me-entuziazem-veprimtarite-shpirterore-dhe-sociale\/#breadcrumb"},"inLanguage":"en-US","potentialAction":[{"@type":"ReadAction","target":["https:\/\/orthodoxalbania.org\/2020\/2009\/03\/13\/grate-besimtare-te-tiranes-perjetojne-me-entuziazem-veprimtarite-shpirterore-dhe-sociale\/"]}]},{"@type":"ImageObject","inLanguage":"en-US","@id":"https:\/\/orthodoxalbania.org\/2020\/2009\/03\/13\/grate-besimtare-te-tiranes-perjetojne-me-entuziazem-veprimtarite-shpirterore-dhe-sociale\/#primaryimage","url":"https:\/\/lh5.googleusercontent.com\/-iURHfUsNI_w\/U_2E7GQmG3I\/AAAAAAAABPE\/Acda8y8uVC8\/w368-h274-no\/s1.jpg","contentUrl":"https:\/\/lh5.googleusercontent.com\/-iURHfUsNI_w\/U_2E7GQmG3I\/AAAAAAAABPE\/Acda8y8uVC8\/w368-h274-no\/s1.jpg"},{"@type":"BreadcrumbList","@id":"https:\/\/orthodoxalbania.org\/2020\/2009\/03\/13\/grate-besimtare-te-tiranes-perjetojne-me-entuziazem-veprimtarite-shpirterore-dhe-sociale\/#breadcrumb","itemListElement":[{"@type":"ListItem","position":1,"name":"Home","item":"https:\/\/orthodoxalbania.org\/2020\/"},{"@type":"ListItem","position":2,"name":"Grat\u00eb besimtare t\u00eb Tiran\u00ebs p\u00ebrjetojn\u00eb me entuziaz\u00ebm veprimtarit\u00eb shpirt\u00ebrore dhe sociale. (N\u00ebntor 2009)"}]},{"@type":"WebSite","@id":"https:\/\/orthodoxalbania.org\/2020\/#website","url":"https:\/\/orthodoxalbania.org\/2020\/","name":"Kisha Orthodh\u03bfkse Autoqefale e Shqip\u00ebris\u00eb","description":"Fqja Zyrtare e Kish\u00ebs Orthodhokse Autoqefale e Shqip\u00ebris\u00eb me lajmet edhe informacionet zyrtare p\u00ebr struktur\u00ebn edhe veprimtarin e saj.","publisher":{"@id":"https:\/\/orthodoxalbania.org\/2020\/#organization"},"potentialAction":[{"@type":"SearchAction","target":{"@type":"EntryPoint","urlTemplate":"https:\/\/orthodoxalbania.org\/2020\/?s={search_term_string}"},"query-input":{"@type":"PropertyValueSpecification","valueRequired":true,"valueName":"search_term_string"}}],"inLanguage":"en-US"},{"@type":"Organization","@id":"https:\/\/orthodoxalbania.org\/2020\/#organization","name":"Kisha Orthodhokse Autoqefale e Shqip\u00ebris\u00eb","url":"https:\/\/orthodoxalbania.org\/2020\/","logo":{"@type":"ImageObject","inLanguage":"en-US","@id":"https:\/\/orthodoxalbania.org\/2020\/#\/schema\/logo\/image\/","url":"https:\/\/orthodoxalbania.org\/2020\/wp-content\/uploads\/2020\/05\/albania.jpeg","contentUrl":"https:\/\/orthodoxalbania.org\/2020\/wp-content\/uploads\/2020\/05\/albania.jpeg","width":540,"height":540,"caption":"Kisha Orthodhokse Autoqefale e Shqip\u00ebris\u00eb"},"image":{"@id":"https:\/\/orthodoxalbania.org\/2020\/#\/schema\/logo\/image\/"},"sameAs":["https:\/\/www.facebook.com\/koash1991"]},{"@type":"Person","@id":"https:\/\/orthodoxalbania.org\/2020\/#\/schema\/person\/0c387634a7063ac612d7ed9ce71c7e86","name":"Kisha Orthodhokse","image":{"@type":"ImageObject","inLanguage":"en-US","@id":"https:\/\/secure.gravatar.com\/avatar\/596e7c417251e30f2fbb9c00e026fce61a695a00e51c889caded71c96cbbdde5?s=96&d=mm&r=g","url":"https:\/\/secure.gravatar.com\/avatar\/596e7c417251e30f2fbb9c00e026fce61a695a00e51c889caded71c96cbbdde5?s=96&d=mm&r=g","contentUrl":"https:\/\/secure.gravatar.com\/avatar\/596e7c417251e30f2fbb9c00e026fce61a695a00e51c889caded71c96cbbdde5?s=96&d=mm&r=g","caption":"Kisha Orthodhokse"}}]}},"_links":{"self":[{"href":"https:\/\/orthodoxalbania.org\/2020\/wp-json\/wp\/v2\/posts\/611","targetHints":{"allow":["GET"]}}],"collection":[{"href":"https:\/\/orthodoxalbania.org\/2020\/wp-json\/wp\/v2\/posts"}],"about":[{"href":"https:\/\/orthodoxalbania.org\/2020\/wp-json\/wp\/v2\/types\/post"}],"author":[{"embeddable":true,"href":"https:\/\/orthodoxalbania.org\/2020\/wp-json\/wp\/v2\/users\/1"}],"replies":[{"embeddable":true,"href":"https:\/\/orthodoxalbania.org\/2020\/wp-json\/wp\/v2\/comments?post=611"}],"version-history":[{"count":1,"href":"https:\/\/orthodoxalbania.org\/2020\/wp-json\/wp\/v2\/posts\/611\/revisions"}],"predecessor-version":[{"id":15612,"href":"https:\/\/orthodoxalbania.org\/2020\/wp-json\/wp\/v2\/posts\/611\/revisions\/15612"}],"wp:attachment":[{"href":"https:\/\/orthodoxalbania.org\/2020\/wp-json\/wp\/v2\/media?parent=611"}],"wp:term":[{"taxonomy":"category","embeddable":true,"href":"https:\/\/orthodoxalbania.org\/2020\/wp-json\/wp\/v2\/categories?post=611"},{"taxonomy":"post_tag","embeddable":true,"href":"https:\/\/orthodoxalbania.org\/2020\/wp-json\/wp\/v2\/tags?post=611"}],"curies":[{"name":"wp","href":"https:\/\/api.w.org\/{rel}","templated":true}]}}