{"id":609,"date":"2013-03-21T12:00:20","date_gmt":"2013-03-21T12:00:20","guid":{"rendered":""},"modified":"2020-04-13T00:30:59","modified_gmt":"2020-04-12T22:30:59","slug":"graduation-day-at-the-resurrection-of-christ-theological-academy","status":"publish","type":"post","link":"https:\/\/orthodoxalbania.org\/2020\/en\/2013\/03\/21\/graduation-day-at-the-resurrection-of-christ-theological-academy\/","title":{"rendered":"Graduation Day at the \u201cResurrection of Christ\u201d Theological Academy. (12 June 2012)"},"content":{"rendered":"<div style=\"text-align: justify;\">\n\t<span style=\"font-family: tahoma,geneva,sans-serif;\"><span style=\"font-size: 12px;\"><span style=\"color: #000000;\">&nbsp;&nbsp;&nbsp; <img class=\"lazyload\" decoding=\"async\" alt=\"\" src=\"data:image\/gif;base64,R0lGODlhAQABAAAAACH5BAEKAAEALAAAAAABAAEAAAICTAEAOw==\" data-orig-src=\"https:\/\/lh3.googleusercontent.com\/-XYg3D71LzVA\/T98fVwPEO9I\/AAAAAAAAAKQ\/oMmnxQhP8ew\/s800\/foto%20pjesemarresit.jpg\" style=\"border-width: 1px; border-style: solid; margin: 10px; float: left; width: 280px; height: 187px;\" \/>For the last time this academic year 2011-2012, clergy, professors and students participated together in the Divine Liturgy at the Church of the Monastery of Saint Vlash. June 12 was Graduation Day for the fourth year students. It has become a tradition after the Divine Liturgy for a celebration to be organized in &#8220;Sion&#8221; Hall at the Monastery.<\/span><\/span><\/span><\/div>\n<div style=\"text-align: justify;\">\n\t&nbsp;<\/div>\n<div style=\"text-align: justify;\">\n\t<span style=\"font-family: tahoma,geneva,sans-serif;\"><span style=\"font-size: 12px;\"><span style=\"color: #000000;\"><span style=\"line-height: 1.3em;\">&nbsp;&nbsp;&nbsp; In honour this feast Archbishop Anastasios, the Metropolitan of Berati, Ignatius, the Metropolitan of Kor\u00e7a, John, the Bishop of Kruja, Anthony, Bishop of Amantia, Nathaneil, Bishop of Bylisi, Asti, and the Director of the Theological Academy, Bishop of Apollonia, Nicholas were present.<\/span><\/span><\/span><\/span><\/div>\n<div style=\"text-align: justify;\">\n\t&nbsp;<\/div>\n<div style=\"text-align: justify;\">\n\t<span style=\"font-family: tahoma,geneva,sans-serif;\"><span style=\"font-size: 12px;\"><span style=\"color: #000000;\">&nbsp; &nbsp; The feast was begun by the Director of the Academy, Bishop Nicholas, who recalled the early years of the rebuilding of the Church; the challenges and the hard work that has been accomplished by Archbishop Anastasios, who after his arrival in Albania built the seminary for the preparation of clergy and theologians.<\/span><\/span><\/span><\/div>\n<div style=\"text-align: justify;\">\n\t<br \/>\n\t<span style=\"font-family: tahoma,geneva,sans-serif;\"><span style=\"font-size: 12px;\"><span style=\"color: #000000;\"><span>&nbsp;&nbsp;&nbsp; &#8220;By the love that we show for each other, we show the world that we are disciples of Christ&#8221; \u2013 emphasized His Grace Bishop Nicholas.<\/span><\/span><\/span><\/span><\/div>\n<div style=\"text-align: justify;\">\n\t<br \/>\n\t<span style=\"font-family: tahoma,geneva,sans-serif;\"><span style=\"font-size: 12px;\"><span style=\"color: #000000;\">&nbsp; &nbsp; The valedictorian speech was given by Christina Tolaj, the best student of the fourth year. She related that she had come from &#8220;The Home of Hope&#8221; and had been among the first children who lived there. Christina recounted in her speech the exceptional care of Archbishop Anastasios for all the children of this home. Then she remembered and thanked everyone who had helped her to grow, to be prepared to face this life. Christina concluded her speech with &#8220;Glory to God&#8221; .<\/span><\/span><\/span><\/div>\n<div style=\"text-align: justify;\">\n\t&nbsp;<\/div>\n<div class=\"MsoNormal\" style=\"text-align: justify;\">\n\t<span style=\"font-family: tahoma,geneva,sans-serif;\"><span style=\"font-size: 12px;\"><span style=\"color: #000000;\"><span style=\"text-indent: 0.5in;\">&nbsp; &nbsp; Archbishop Anastasios spoke at the end of the ceremony. He described four qualities in his speech: Gratitude, Responsibility, Effort and Sanctification. &#8220;Gratefulness to God, for what He has given us so far. Gratitude on the part of the students for what God has given to them for four years of studies in this place. Beautiful words are very easy to say, but in critical moments we really can distinguish people who have gratitude. &#8220;<\/span><\/span><\/span><\/span><\/div>\n<div class=\"MsoNormal\" style=\"text-align: justify;\">\n\t<br \/>\n\t<span style=\"font-family: tahoma,geneva,sans-serif;\"><span style=\"font-size: 12px;\"><span style=\"color: #000000;\"><span>&nbsp;&nbsp;&nbsp; &#8220;The second word I want to emphasize is Responsibility. Atheism still lives on in people. The work that we need to do with young people is to support children in the early years to learn faith and this is a great accomplishment and requires tremendous responsibility from all.&#8221;<\/span><\/span><\/span><\/span><\/div>\n<div class=\"MsoNormal\" style=\"text-align: justify;\">\n\t<br \/>\n\t<span style=\"font-family: tahoma,geneva,sans-serif;\"><span style=\"font-size: 12px;\"><span style=\"color: #000000;\">&nbsp; &nbsp; \u201cThe continuous struggle is characteristic of the saints. Not all of the saints performed miracles, not everyone went to martyrdom, but all the Saints fought, they made efforts for their sanctification with much love, with much courage, with the spirit of sacrifice until the end.&#8221;<\/span><\/span><\/span><\/div>\n<div class=\"MsoNormal\" style=\"text-align: justify;\">\n\t<br \/>\n\t<span style=\"font-family: tahoma,geneva,sans-serif;\"><span style=\"font-size: 12px;\"><span style=\"color: #000000;\"><span>&nbsp; &nbsp; Sanctification was the Archbishop\u2019s final point. &#8220;God does not want us just to be good people. God has put a very high goal for us, with an unimaginable beauty and extraordinary importance, which is sanctification. This is the fourth word, which means, we are called to be holy.&#8221;<\/span><\/span><\/span><\/span><\/div>\n<div class=\"MsoNormal\" style=\"text-align: justify;\">\n\t<br \/>\n\t<span style=\"font-family: tahoma,geneva,sans-serif;\"><span style=\"font-size: 12px;\"><span style=\"color: #000000;\">&nbsp;&nbsp;&nbsp; At the end of the ceremony, all the students of the fourth year were awarded diplomas.<\/span><\/span><\/span><\/div>\n<div class=\"MsoNormal\" style=\"text-align: justify;\">\n\t&nbsp;<\/div>\n<div class=\"MsoNormal\" style=\"text-align: right;\">\n\t<span style=\"color: #000000;\"><strong><span style=\"font-family: tahoma,geneva,sans-serif;\"><span style=\"font-size: 12px;\"><span>Julia Pjetri<\/span><\/span><\/span><\/strong><\/span><\/div>\n<p class=\"MsoNormal\" style=\"text-align: center;\">\n\t&nbsp;<\/p>\n<p class=\"MsoNormal\" style=\"text-align: center;\">\n\t&nbsp;<\/p>\n<div class=\"yiv1869343253MsoNormal\" style=\"text-align: center;\">\n\t<span style=\"color: #000000;\"><span style=\"font-family: tahoma,geneva,sans-serif;\"><span style=\"font-size: 12px;\"><span>&nbsp;<\/span><img class=\"lazyload\" decoding=\"async\" alt=\"\" src=\"data:image\/gif;base64,R0lGODlhAQABAAAAACH5BAEKAAEALAAAAAABAAEAAAICTAEAOw==\" data-orig-src=\"https:\/\/lh3.googleusercontent.com\/-DqGH8BYsmsg\/T98fVH-H45I\/AAAAAAAAAKI\/G37zQApEguE\/s800\/fjala%20e%20Kryepeshkopit.jpg\" style=\"border-width: 1px; border-style: solid; width: 650px; height: 428px; margin: 10px;\" \/><\/span><\/span><\/span><\/div>\n<div class=\"yiv1869343253MsoNormal\" style=\"text-align: center;\">\n\t<span style=\"color: #000000;\"><span style=\"font-family: tahoma,geneva,sans-serif;\"><span style=\"font-size: 12px;\"><img class=\"lazyload\" decoding=\"async\" alt=\"\" src=\"data:image\/gif;base64,R0lGODlhAQABAAAAACH5BAEKAAEALAAAAAABAAEAAAICTAEAOw==\" data-orig-src=\"https:\/\/lh5.googleusercontent.com\/-woI7xpmYQag\/T98fW3zOK5I\/AAAAAAAAAKU\/tI-6B-6nN2o\/s912\/hiresi%20Nikolla%20para%20studenteve.jpg\" style=\"border-width: 1px; border-style: solid; width: 650px; height: 400px; margin: 10px;\" \/><\/span><\/span><\/span><\/div>\n<div class=\"yiv1869343253MsoNormal\" style=\"text-align: center;\">\n\t<span style=\"color: #000000;\"><span style=\"font-family: tahoma,geneva,sans-serif;\"><span style=\"font-size: 12px;\"><img class=\"lazyload\" decoding=\"async\" alt=\"\" src=\"data:image\/gif;base64,R0lGODlhAQABAAAAACH5BAEKAAEALAAAAAABAAEAAAICTAEAOw==\" data-orig-src=\"https:\/\/lh3.googleusercontent.com\/-CDZiqVzmAMA\/T98fXXyK7tI\/AAAAAAAAAKc\/xR5UVjDs_Tw\/s576\/ndarja%20e%20diplomave.jpg\" style=\"border-width: 1px; border-style: solid; width: 400px; height: 658px; margin: 10px;\" \/><\/span><\/span><\/span><\/div>\n<div class=\"yiv1869343253MsoNormal\" style=\"text-align: center;\">\n\t<span style=\"color: #000000;\"><span style=\"font-family: tahoma,geneva,sans-serif;\"><span style=\"font-size: 12px;\"><img class=\"lazyload\" decoding=\"async\" alt=\"\" src=\"data:image\/gif;base64,R0lGODlhAQABAAAAACH5BAEKAAEALAAAAAABAAEAAAICTAEAOw==\" data-orig-src=\"https:\/\/lh4.googleusercontent.com\/-youoQBeCE8k\/T98fYNuE7MI\/AAAAAAAAAKk\/Hfb8yP2wHEg\/s800\/studentet%20e%20sapodiplomuar%20me%20diplomat%20ne%20duar.jpg\" style=\"border-width: 1px; border-style: solid; width: 650px; height: 443px; margin: 10px;\" \/><\/span><\/span><\/span><\/div>\n<div class=\"pweb_facebook_like\">\n<div class=\"fb-like fb_iframe_widget\" data-href=\"http:\/\/orthodoxalbania.org\/old\/index.php\/shq\/lajme\/649-dite-diplomimi-ne-akademine-theologjike-ngjallja-e-krishtit\" data-layout=\"button_count\" data-send=\"false\" data-show-faces=\"false\" data-width=\"100\">\n\t\t&nbsp;<\/div>\n<\/div>\n","protected":false},"excerpt":{"rendered":"<p>&nbsp;&nbsp;&nbsp; For the last time this academic year 2011-2012, clergy, professors and students participated together in the Divine Liturgy at the Church of the Monastery of Saint Vlash. June 12 was Graduation Day for the fourth year students. It has become a tradition after the Divine Liturgy for a celebration to be organized in &#8220;Sion&#8221; Hall at the Monastery. &nbsp; &nbsp;&nbsp;&nbsp; In honour this feast<\/p>\n","protected":false},"author":7,"featured_media":0,"comment_status":"open","ping_status":"open","sticky":false,"template":"","format":"standard","meta":{"_acf_changed":false,"pagelayer_contact_templates":[],"_pagelayer_content":"","inline_featured_image":false,"fifu_image_url":"","fifu_image_alt":"","footnotes":""},"categories":[1455,311],"tags":[1137,1249,1768,1181],"class_list":["post-609","post","type-post","status-publish","format-standard","hentry","category-news-en","category-news-d25","tag-2012-en","tag-graduations","tag-kryepiskopi-anastas-en","tag-theological-academy"],"acf":[],"yoast_head":"<!-- This site is optimized with the Yoast SEO plugin v27.2 - https:\/\/yoast.com\/product\/yoast-seo-wordpress\/ -->\n<title>Graduation Day at the \u201cResurrection of Christ\u201d Theological Academy. (12 June 2012) - Kisha Orthodh\u03bfkse Autoqefale e Shqip\u00ebris\u00eb<\/title>\n<meta name=\"robots\" content=\"index, follow, max-snippet:-1, max-image-preview:large, max-video-preview:-1\" \/>\n<link rel=\"canonical\" href=\"https:\/\/orthodoxalbania.org\/2020\/en\/2013\/03\/21\/graduation-day-at-the-resurrection-of-christ-theological-academy\/\" \/>\n<meta property=\"og:locale\" content=\"en_US\" \/>\n<meta property=\"og:type\" content=\"article\" \/>\n<meta property=\"og:title\" content=\"Graduation Day at the \u201cResurrection of Christ\u201d Theological Academy. (12 June 2012) - Kisha Orthodh\u03bfkse Autoqefale e Shqip\u00ebris\u00eb\" \/>\n<meta property=\"og:description\" content=\"&nbsp;&nbsp;&nbsp; For the last time this academic year 2011-2012, clergy, professors and students participated together in the Divine Liturgy at the Church of the Monastery of Saint Vlash. June 12 was Graduation Day for the fourth year students. It has become a tradition after the Divine Liturgy for a celebration to be organized in &#8220;Sion&#8221; Hall at the Monastery. &nbsp; &nbsp;&nbsp;&nbsp; In honour this feast\" \/>\n<meta property=\"og:url\" content=\"https:\/\/orthodoxalbania.org\/2020\/en\/2013\/03\/21\/graduation-day-at-the-resurrection-of-christ-theological-academy\/\" \/>\n<meta property=\"og:site_name\" content=\"Kisha Orthodh\u03bfkse Autoqefale e Shqip\u00ebris\u00eb\" \/>\n<meta property=\"article:publisher\" content=\"https:\/\/www.facebook.com\/koash1991\" \/>\n<meta property=\"article:published_time\" content=\"2013-03-21T12:00:20+00:00\" \/>\n<meta property=\"article:modified_time\" content=\"2020-04-12T22:30:59+00:00\" \/>\n<meta property=\"og:image\" content=\"https:\/\/lh3.googleusercontent.com\/-XYg3D71LzVA\/T98fVwPEO9I\/AAAAAAAAAKQ\/oMmnxQhP8ew\/s800\/foto%20pjesemarresit.jpg\" \/>\n<meta name=\"author\" content=\"Kisha Orthodhokse\" \/>\n<meta name=\"twitter:card\" content=\"summary_large_image\" \/>\n<meta name=\"twitter:label1\" content=\"Written by\" \/>\n\t<meta name=\"twitter:data1\" content=\"Kisha Orthodhokse\" \/>\n\t<meta name=\"twitter:label2\" content=\"Est. reading time\" \/>\n\t<meta name=\"twitter:data2\" content=\"3 minutes\" \/>\n<script type=\"application\/ld+json\" class=\"yoast-schema-graph\">{\"@context\":\"https:\/\/schema.org\",\"@graph\":[{\"@type\":\"Article\",\"@id\":\"https:\/\/orthodoxalbania.org\/2020\/en\/2013\/03\/21\/graduation-day-at-the-resurrection-of-christ-theological-academy\/#article\",\"isPartOf\":{\"@id\":\"https:\/\/orthodoxalbania.org\/2020\/en\/2013\/03\/21\/graduation-day-at-the-resurrection-of-christ-theological-academy\/\"},\"author\":{\"name\":\"Kisha Orthodhokse\",\"@id\":\"https:\/\/orthodoxalbania.org\/2020\/#\/schema\/person\/df745f942b70e045b3dc05a30211f0de\"},\"headline\":\"Graduation Day at the \u201cResurrection of Christ\u201d Theological Academy. (12 June 2012)\",\"datePublished\":\"2013-03-21T12:00:20+00:00\",\"dateModified\":\"2020-04-12T22:30:59+00:00\",\"mainEntityOfPage\":{\"@id\":\"https:\/\/orthodoxalbania.org\/2020\/en\/2013\/03\/21\/graduation-day-at-the-resurrection-of-christ-theological-academy\/\"},\"wordCount\":533,\"commentCount\":0,\"publisher\":{\"@id\":\"https:\/\/orthodoxalbania.org\/2020\/#organization\"},\"image\":{\"@id\":\"https:\/\/orthodoxalbania.org\/2020\/en\/2013\/03\/21\/graduation-day-at-the-resurrection-of-christ-theological-academy\/#primaryimage\"},\"thumbnailUrl\":\"https:\/\/lh3.googleusercontent.com\/-XYg3D71LzVA\/T98fVwPEO9I\/AAAAAAAAAKQ\/oMmnxQhP8ew\/s800\/foto%20pjesemarresit.jpg\",\"keywords\":[\"2012\",\"Graduations\",\"Kryepiskopi Anastas\",\"Theological Academy\"],\"articleSection\":[\"News - \u0395\u039d\",\"News old page\"],\"inLanguage\":\"en-US\"},{\"@type\":\"WebPage\",\"@id\":\"https:\/\/orthodoxalbania.org\/2020\/en\/2013\/03\/21\/graduation-day-at-the-resurrection-of-christ-theological-academy\/\",\"url\":\"https:\/\/orthodoxalbania.org\/2020\/en\/2013\/03\/21\/graduation-day-at-the-resurrection-of-christ-theological-academy\/\",\"name\":\"Graduation Day at the \u201cResurrection of Christ\u201d Theological Academy. (12 June 2012) - Kisha Orthodh\u03bfkse Autoqefale e Shqip\u00ebris\u00eb\",\"isPartOf\":{\"@id\":\"https:\/\/orthodoxalbania.org\/2020\/#website\"},\"primaryImageOfPage\":{\"@id\":\"https:\/\/orthodoxalbania.org\/2020\/en\/2013\/03\/21\/graduation-day-at-the-resurrection-of-christ-theological-academy\/#primaryimage\"},\"image\":{\"@id\":\"https:\/\/orthodoxalbania.org\/2020\/en\/2013\/03\/21\/graduation-day-at-the-resurrection-of-christ-theological-academy\/#primaryimage\"},\"thumbnailUrl\":\"https:\/\/lh3.googleusercontent.com\/-XYg3D71LzVA\/T98fVwPEO9I\/AAAAAAAAAKQ\/oMmnxQhP8ew\/s800\/foto%20pjesemarresit.jpg\",\"datePublished\":\"2013-03-21T12:00:20+00:00\",\"dateModified\":\"2020-04-12T22:30:59+00:00\",\"breadcrumb\":{\"@id\":\"https:\/\/orthodoxalbania.org\/2020\/en\/2013\/03\/21\/graduation-day-at-the-resurrection-of-christ-theological-academy\/#breadcrumb\"},\"inLanguage\":\"en-US\",\"potentialAction\":[{\"@type\":\"ReadAction\",\"target\":[\"https:\/\/orthodoxalbania.org\/2020\/en\/2013\/03\/21\/graduation-day-at-the-resurrection-of-christ-theological-academy\/\"]}]},{\"@type\":\"ImageObject\",\"inLanguage\":\"en-US\",\"@id\":\"https:\/\/orthodoxalbania.org\/2020\/en\/2013\/03\/21\/graduation-day-at-the-resurrection-of-christ-theological-academy\/#primaryimage\",\"url\":\"https:\/\/lh3.googleusercontent.com\/-XYg3D71LzVA\/T98fVwPEO9I\/AAAAAAAAAKQ\/oMmnxQhP8ew\/s800\/foto%20pjesemarresit.jpg\",\"contentUrl\":\"https:\/\/lh3.googleusercontent.com\/-XYg3D71LzVA\/T98fVwPEO9I\/AAAAAAAAAKQ\/oMmnxQhP8ew\/s800\/foto%20pjesemarresit.jpg\"},{\"@type\":\"BreadcrumbList\",\"@id\":\"https:\/\/orthodoxalbania.org\/2020\/en\/2013\/03\/21\/graduation-day-at-the-resurrection-of-christ-theological-academy\/#breadcrumb\",\"itemListElement\":[{\"@type\":\"ListItem\",\"position\":1,\"name\":\"Home\",\"item\":\"https:\/\/orthodoxalbania.org\/2020\/\"},{\"@type\":\"ListItem\",\"position\":2,\"name\":\"Graduation Day at the \u201cResurrection of Christ\u201d Theological Academy. (12 June 2012)\"}]},{\"@type\":\"WebSite\",\"@id\":\"https:\/\/orthodoxalbania.org\/2020\/#website\",\"url\":\"https:\/\/orthodoxalbania.org\/2020\/\",\"name\":\"Kisha Orthodh\u03bfkse Autoqefale e Shqip\u00ebris\u00eb\",\"description\":\"Fqja Zyrtare e Kish\u00ebs Orthodhokse Autoqefale e Shqip\u00ebris\u00eb me lajmet edhe informacionet zyrtare p\u00ebr struktur\u00ebn edhe veprimtarin e saj.\",\"publisher\":{\"@id\":\"https:\/\/orthodoxalbania.org\/2020\/#organization\"},\"potentialAction\":[{\"@type\":\"SearchAction\",\"target\":{\"@type\":\"EntryPoint\",\"urlTemplate\":\"https:\/\/orthodoxalbania.org\/2020\/?s={search_term_string}\"},\"query-input\":{\"@type\":\"PropertyValueSpecification\",\"valueRequired\":true,\"valueName\":\"search_term_string\"}}],\"inLanguage\":\"en-US\"},{\"@type\":\"Organization\",\"@id\":\"https:\/\/orthodoxalbania.org\/2020\/#organization\",\"name\":\"Kisha Orthodhokse Autoqefale e Shqip\u00ebris\u00eb\",\"url\":\"https:\/\/orthodoxalbania.org\/2020\/\",\"logo\":{\"@type\":\"ImageObject\",\"inLanguage\":\"en-US\",\"@id\":\"https:\/\/orthodoxalbania.org\/2020\/#\/schema\/logo\/image\/\",\"url\":\"https:\/\/orthodoxalbania.org\/2020\/wp-content\/uploads\/2020\/05\/albania.jpeg\",\"contentUrl\":\"https:\/\/orthodoxalbania.org\/2020\/wp-content\/uploads\/2020\/05\/albania.jpeg\",\"width\":540,\"height\":540,\"caption\":\"Kisha Orthodhokse Autoqefale e Shqip\u00ebris\u00eb\"},\"image\":{\"@id\":\"https:\/\/orthodoxalbania.org\/2020\/#\/schema\/logo\/image\/\"},\"sameAs\":[\"https:\/\/www.facebook.com\/koash1991\"]},{\"@type\":\"Person\",\"@id\":\"https:\/\/orthodoxalbania.org\/2020\/#\/schema\/person\/df745f942b70e045b3dc05a30211f0de\",\"name\":\"Kisha Orthodhokse\",\"image\":{\"@type\":\"ImageObject\",\"inLanguage\":\"en-US\",\"@id\":\"https:\/\/secure.gravatar.com\/avatar\/2676eb8d97178435c9f691a7871595a1da6c33542dec218bce40885573150e28?s=96&d=mm&r=g\",\"url\":\"https:\/\/secure.gravatar.com\/avatar\/2676eb8d97178435c9f691a7871595a1da6c33542dec218bce40885573150e28?s=96&d=mm&r=g\",\"contentUrl\":\"https:\/\/secure.gravatar.com\/avatar\/2676eb8d97178435c9f691a7871595a1da6c33542dec218bce40885573150e28?s=96&d=mm&r=g\",\"caption\":\"Kisha Orthodhokse\"}}]}<\/script>\n<!-- \/ Yoast SEO plugin. -->","yoast_head_json":{"title":"Graduation Day at the \u201cResurrection of Christ\u201d Theological Academy. (12 June 2012) - Kisha Orthodh\u03bfkse Autoqefale e Shqip\u00ebris\u00eb","robots":{"index":"index","follow":"follow","max-snippet":"max-snippet:-1","max-image-preview":"max-image-preview:large","max-video-preview":"max-video-preview:-1"},"canonical":"https:\/\/orthodoxalbania.org\/2020\/en\/2013\/03\/21\/graduation-day-at-the-resurrection-of-christ-theological-academy\/","og_locale":"en_US","og_type":"article","og_title":"Graduation Day at the \u201cResurrection of Christ\u201d Theological Academy. (12 June 2012) - Kisha Orthodh\u03bfkse Autoqefale e Shqip\u00ebris\u00eb","og_description":"&nbsp;&nbsp;&nbsp; For the last time this academic year 2011-2012, clergy, professors and students participated together in the Divine Liturgy at the Church of the Monastery of Saint Vlash. June 12 was Graduation Day for the fourth year students. It has become a tradition after the Divine Liturgy for a celebration to be organized in &#8220;Sion&#8221; Hall at the Monastery. &nbsp; &nbsp;&nbsp;&nbsp; In honour this feast","og_url":"https:\/\/orthodoxalbania.org\/2020\/en\/2013\/03\/21\/graduation-day-at-the-resurrection-of-christ-theological-academy\/","og_site_name":"Kisha Orthodh\u03bfkse Autoqefale e Shqip\u00ebris\u00eb","article_publisher":"https:\/\/www.facebook.com\/koash1991","article_published_time":"2013-03-21T12:00:20+00:00","article_modified_time":"2020-04-12T22:30:59+00:00","og_image":[{"url":"https:\/\/lh3.googleusercontent.com\/-XYg3D71LzVA\/T98fVwPEO9I\/AAAAAAAAAKQ\/oMmnxQhP8ew\/s800\/foto%20pjesemarresit.jpg","type":"","width":"","height":""}],"author":"Kisha Orthodhokse","twitter_card":"summary_large_image","twitter_misc":{"Written by":"Kisha Orthodhokse","Est. reading time":"3 minutes"},"schema":{"@context":"https:\/\/schema.org","@graph":[{"@type":"Article","@id":"https:\/\/orthodoxalbania.org\/2020\/en\/2013\/03\/21\/graduation-day-at-the-resurrection-of-christ-theological-academy\/#article","isPartOf":{"@id":"https:\/\/orthodoxalbania.org\/2020\/en\/2013\/03\/21\/graduation-day-at-the-resurrection-of-christ-theological-academy\/"},"author":{"name":"Kisha Orthodhokse","@id":"https:\/\/orthodoxalbania.org\/2020\/#\/schema\/person\/df745f942b70e045b3dc05a30211f0de"},"headline":"Graduation Day at the \u201cResurrection of Christ\u201d Theological Academy. (12 June 2012)","datePublished":"2013-03-21T12:00:20+00:00","dateModified":"2020-04-12T22:30:59+00:00","mainEntityOfPage":{"@id":"https:\/\/orthodoxalbania.org\/2020\/en\/2013\/03\/21\/graduation-day-at-the-resurrection-of-christ-theological-academy\/"},"wordCount":533,"commentCount":0,"publisher":{"@id":"https:\/\/orthodoxalbania.org\/2020\/#organization"},"image":{"@id":"https:\/\/orthodoxalbania.org\/2020\/en\/2013\/03\/21\/graduation-day-at-the-resurrection-of-christ-theological-academy\/#primaryimage"},"thumbnailUrl":"https:\/\/lh3.googleusercontent.com\/-XYg3D71LzVA\/T98fVwPEO9I\/AAAAAAAAAKQ\/oMmnxQhP8ew\/s800\/foto%20pjesemarresit.jpg","keywords":["2012","Graduations","Kryepiskopi Anastas","Theological Academy"],"articleSection":["News - \u0395\u039d","News old page"],"inLanguage":"en-US"},{"@type":"WebPage","@id":"https:\/\/orthodoxalbania.org\/2020\/en\/2013\/03\/21\/graduation-day-at-the-resurrection-of-christ-theological-academy\/","url":"https:\/\/orthodoxalbania.org\/2020\/en\/2013\/03\/21\/graduation-day-at-the-resurrection-of-christ-theological-academy\/","name":"Graduation Day at the \u201cResurrection of Christ\u201d Theological Academy. (12 June 2012) - Kisha Orthodh\u03bfkse Autoqefale e Shqip\u00ebris\u00eb","isPartOf":{"@id":"https:\/\/orthodoxalbania.org\/2020\/#website"},"primaryImageOfPage":{"@id":"https:\/\/orthodoxalbania.org\/2020\/en\/2013\/03\/21\/graduation-day-at-the-resurrection-of-christ-theological-academy\/#primaryimage"},"image":{"@id":"https:\/\/orthodoxalbania.org\/2020\/en\/2013\/03\/21\/graduation-day-at-the-resurrection-of-christ-theological-academy\/#primaryimage"},"thumbnailUrl":"https:\/\/lh3.googleusercontent.com\/-XYg3D71LzVA\/T98fVwPEO9I\/AAAAAAAAAKQ\/oMmnxQhP8ew\/s800\/foto%20pjesemarresit.jpg","datePublished":"2013-03-21T12:00:20+00:00","dateModified":"2020-04-12T22:30:59+00:00","breadcrumb":{"@id":"https:\/\/orthodoxalbania.org\/2020\/en\/2013\/03\/21\/graduation-day-at-the-resurrection-of-christ-theological-academy\/#breadcrumb"},"inLanguage":"en-US","potentialAction":[{"@type":"ReadAction","target":["https:\/\/orthodoxalbania.org\/2020\/en\/2013\/03\/21\/graduation-day-at-the-resurrection-of-christ-theological-academy\/"]}]},{"@type":"ImageObject","inLanguage":"en-US","@id":"https:\/\/orthodoxalbania.org\/2020\/en\/2013\/03\/21\/graduation-day-at-the-resurrection-of-christ-theological-academy\/#primaryimage","url":"https:\/\/lh3.googleusercontent.com\/-XYg3D71LzVA\/T98fVwPEO9I\/AAAAAAAAAKQ\/oMmnxQhP8ew\/s800\/foto%20pjesemarresit.jpg","contentUrl":"https:\/\/lh3.googleusercontent.com\/-XYg3D71LzVA\/T98fVwPEO9I\/AAAAAAAAAKQ\/oMmnxQhP8ew\/s800\/foto%20pjesemarresit.jpg"},{"@type":"BreadcrumbList","@id":"https:\/\/orthodoxalbania.org\/2020\/en\/2013\/03\/21\/graduation-day-at-the-resurrection-of-christ-theological-academy\/#breadcrumb","itemListElement":[{"@type":"ListItem","position":1,"name":"Home","item":"https:\/\/orthodoxalbania.org\/2020\/"},{"@type":"ListItem","position":2,"name":"Graduation Day at the \u201cResurrection of Christ\u201d Theological Academy. (12 June 2012)"}]},{"@type":"WebSite","@id":"https:\/\/orthodoxalbania.org\/2020\/#website","url":"https:\/\/orthodoxalbania.org\/2020\/","name":"Kisha Orthodh\u03bfkse Autoqefale e Shqip\u00ebris\u00eb","description":"Fqja Zyrtare e Kish\u00ebs Orthodhokse Autoqefale e Shqip\u00ebris\u00eb me lajmet edhe informacionet zyrtare p\u00ebr struktur\u00ebn edhe veprimtarin e saj.","publisher":{"@id":"https:\/\/orthodoxalbania.org\/2020\/#organization"},"potentialAction":[{"@type":"SearchAction","target":{"@type":"EntryPoint","urlTemplate":"https:\/\/orthodoxalbania.org\/2020\/?s={search_term_string}"},"query-input":{"@type":"PropertyValueSpecification","valueRequired":true,"valueName":"search_term_string"}}],"inLanguage":"en-US"},{"@type":"Organization","@id":"https:\/\/orthodoxalbania.org\/2020\/#organization","name":"Kisha Orthodhokse Autoqefale e Shqip\u00ebris\u00eb","url":"https:\/\/orthodoxalbania.org\/2020\/","logo":{"@type":"ImageObject","inLanguage":"en-US","@id":"https:\/\/orthodoxalbania.org\/2020\/#\/schema\/logo\/image\/","url":"https:\/\/orthodoxalbania.org\/2020\/wp-content\/uploads\/2020\/05\/albania.jpeg","contentUrl":"https:\/\/orthodoxalbania.org\/2020\/wp-content\/uploads\/2020\/05\/albania.jpeg","width":540,"height":540,"caption":"Kisha Orthodhokse Autoqefale e Shqip\u00ebris\u00eb"},"image":{"@id":"https:\/\/orthodoxalbania.org\/2020\/#\/schema\/logo\/image\/"},"sameAs":["https:\/\/www.facebook.com\/koash1991"]},{"@type":"Person","@id":"https:\/\/orthodoxalbania.org\/2020\/#\/schema\/person\/df745f942b70e045b3dc05a30211f0de","name":"Kisha Orthodhokse","image":{"@type":"ImageObject","inLanguage":"en-US","@id":"https:\/\/secure.gravatar.com\/avatar\/2676eb8d97178435c9f691a7871595a1da6c33542dec218bce40885573150e28?s=96&d=mm&r=g","url":"https:\/\/secure.gravatar.com\/avatar\/2676eb8d97178435c9f691a7871595a1da6c33542dec218bce40885573150e28?s=96&d=mm&r=g","contentUrl":"https:\/\/secure.gravatar.com\/avatar\/2676eb8d97178435c9f691a7871595a1da6c33542dec218bce40885573150e28?s=96&d=mm&r=g","caption":"Kisha Orthodhokse"}}]}},"_links":{"self":[{"href":"https:\/\/orthodoxalbania.org\/2020\/wp-json\/wp\/v2\/posts\/609","targetHints":{"allow":["GET"]}}],"collection":[{"href":"https:\/\/orthodoxalbania.org\/2020\/wp-json\/wp\/v2\/posts"}],"about":[{"href":"https:\/\/orthodoxalbania.org\/2020\/wp-json\/wp\/v2\/types\/post"}],"author":[{"embeddable":true,"href":"https:\/\/orthodoxalbania.org\/2020\/wp-json\/wp\/v2\/users\/7"}],"replies":[{"embeddable":true,"href":"https:\/\/orthodoxalbania.org\/2020\/wp-json\/wp\/v2\/comments?post=609"}],"version-history":[{"count":1,"href":"https:\/\/orthodoxalbania.org\/2020\/wp-json\/wp\/v2\/posts\/609\/revisions"}],"predecessor-version":[{"id":17739,"href":"https:\/\/orthodoxalbania.org\/2020\/wp-json\/wp\/v2\/posts\/609\/revisions\/17739"}],"wp:attachment":[{"href":"https:\/\/orthodoxalbania.org\/2020\/wp-json\/wp\/v2\/media?parent=609"}],"wp:term":[{"taxonomy":"category","embeddable":true,"href":"https:\/\/orthodoxalbania.org\/2020\/wp-json\/wp\/v2\/categories?post=609"},{"taxonomy":"post_tag","embeddable":true,"href":"https:\/\/orthodoxalbania.org\/2020\/wp-json\/wp\/v2\/tags?post=609"}],"curies":[{"name":"wp","href":"https:\/\/api.w.org\/{rel}","templated":true}]}}