{"id":606,"date":"2013-03-21T12:22:39","date_gmt":"2013-03-21T12:22:39","guid":{"rendered":""},"modified":"2020-04-06T22:05:57","modified_gmt":"2020-04-06T20:05:57","slug":"godine-e-re-bashkekohore-per-shkollen-fryme-dashurie-gjirokaster","status":"publish","type":"post","link":"https:\/\/orthodoxalbania.org\/2020\/2013\/03\/21\/godine-e-re-bashkekohore-per-shkollen-fryme-dashurie-gjirokaster\/","title":{"rendered":"Godin\u00eb e re bashk\u00ebkohore p\u00ebr shkoll\u00ebn \u201cFrym\u00eb Dashurie\u201d, Gjirokast\u00ebr. (Tetor 2012)"},"content":{"rendered":"<div style=\"text-align: justify;\">\n\t<span style=\"color:#000000;\"><span style=\"font-family: tahoma,geneva,sans-serif;\"><span style=\"font-size: 12px;\"><img class=\"lazyload\" decoding=\"async\" src=\"data:image\/gif;base64,R0lGODlhAQABAAAAACH5BAEKAAEALAAAAAABAAEAAAICTAEAOw==\" data-orig-src=\"https:\/\/lh3.googleusercontent.com\/-BbKv8eKDGkA\/UK9HaczWfUI\/AAAAAAAABLc\/IvDg4ZytIsQ\/s640\/faqja 12 gjirokaster.jpg\" style=\"width: 300px; height: 167px; border-width: 1px; border-style: solid; margin: 10px; float: left;\" \/>&nbsp;&nbsp;&nbsp; Nx\u00ebn\u00ebsit dhe m\u00ebsuesit e shkoll\u00ebs 9-vje\u00e7are shqiptaro-greke&nbsp; \u201cFrym\u00eb Dashurie\u201d n\u00eb Gjirokast\u00ebr, n\u00eb k\u00ebt\u00eb fillim viti kishtar e shkollor pat\u00ebn nj\u00eb surpriz\u00eb t\u00eb k\u00ebndshme godin\u00eb t\u00eb re dhe moderne. Ishte nj\u00eb kontribut i ri i Kryepiskopit p\u00ebr Komunitetin Orthodhoks t\u00eb qytetit, n\u00eb sektorin e edukimit t\u00eb brezit t\u00eb ri, q\u00eb ka qen\u00eb gjithmon\u00eb p\u00ebrpar\u00ebsi e Fortlumturis\u00eb s\u00eb Tij.<\/span><\/span><\/span><\/div>\n<div style=\"text-align: justify;\">\n\t<br \/>\n\t<span style=\"color:#000000;\"><span style=\"font-family: tahoma,geneva,sans-serif;\"><span style=\"font-size: 12px;\">&nbsp;&nbsp;&nbsp; Duke i b\u00ebr\u00eb sfid\u00eb edhe gjendjes s\u00eb v\u00ebshtir\u00eb financiare q\u00eb kalon rajoni dhe duke konkretizuar mesazhin e shpres\u00ebs q\u00eb Kisha p\u00ebrpiqet t\u00eb mbaj\u00eb gjall\u00eb n\u00eb \u00e7far\u00ebdo kushtesh dhe kohe, kjo shkoll\u00eb u vendos n\u00eb godin\u00ebn e saj t\u00eb p\u00ebrhershme. B\u00ebhet fjal\u00eb p\u00ebr kompleksin shum\u00eb t\u00eb bukur dhe n\u00eb parametrat e nj\u00eb godine arsimore bashk\u00ebkohore, pran\u00eb katedrales s\u00eb re t\u00eb Ngjalljes s\u00eb Zotit, q\u00eb \u00ebsht\u00eb n\u00eb nd\u00ebrtim. Materializohet k\u00ebshtu n\u00eb m\u00ebnyr\u00ebn m\u00eb t\u00eb bukur edhe ideja e Kryepiskopit ton\u00eb Anastas p\u00ebr kontributin shum\u00eb t\u00eb vyer t\u00eb Kish\u00ebs Orthodhokse n\u00eb l\u00ebmin e arsimit, por edhe fakti q\u00eb kudo katedralet tona nuk jan\u00eb thjesht godina kulti, por shnd\u00ebrrohen n\u00eb qendra t\u00eb r\u00ebnd\u00ebsishme t\u00eb kontributit social, shp\u00ebrndajn\u00eb rreze paqtimi, p\u00ebrparimi shoq\u00ebror dhe ve\u00e7an\u00ebrisht dije dhe edukim.<\/span><\/span><\/span><\/div>\n<div style=\"text-align: justify;\">\n\t<br \/>\n\t<span style=\"color:#000000;\"><span style=\"font-family: tahoma,geneva,sans-serif;\"><span style=\"font-size: 12px;\">&nbsp;&nbsp;&nbsp; Me vendosjen e shkoll\u00ebs n\u00eb k\u00ebt\u00eb godin\u00eb b\u00ebhet hapi m\u00eb thelb\u00ebsor p\u00ebr stabilizimin e ecuris\u00eb s\u00eb k\u00ebsaj shkolle, por edhe p\u00ebr ngritjen esenciale t\u00eb nivelit t\u00eb m\u00ebsimit q\u00eb ajo ofron. Kontributi \u00ebsht\u00eb i duksh\u00ebm jo vet\u00ebm p\u00ebr vet\u00eb Komunitetin Orthodhoks, por p\u00ebr t\u00eb gjith\u00eb shoq\u00ebrin\u00eb, sepse shtimi i kapaciteteve p\u00ebr ambiente m\u00ebsimi leht\u00ebson nj\u00ebher\u00ebsh kushtet n\u00eb ato publike ku vihet re munges\u00eb hap\u00ebsirash.<\/span><\/span><\/span><\/div>\n<div style=\"text-align: justify;\">\n\t<br \/>\n\t<span style=\"color:#000000;\"><span style=\"font-family: tahoma,geneva,sans-serif;\"><span style=\"font-size: 12px;\">&nbsp;&nbsp;&nbsp; Godina arsimore n\u00eb krah t\u00eb katedrales \u00ebsht\u00eb e ngritur nga the-melet dhe disponon salla t\u00eb mjaftueshme m\u00ebsimi jo vet\u00ebm p\u00ebr numrin aktual t\u00eb klasave dhe nx\u00ebn\u00ebsve, por p\u00ebr perspektiv\u00ebn. Aktualisht shkolla ka arritur n\u00eb klas\u00ebn e pest\u00eb (ka filluar n\u00eb vitin m\u00ebsimor 2008-2009) dhe numri i nx\u00ebn\u00ebsve i kalon 140.<br \/>\n\t&nbsp;<\/span><\/span><\/span><\/p>\n<p>\n\t&nbsp;<\/div>\n","protected":false},"excerpt":{"rendered":"<p>&nbsp;&nbsp;&nbsp; Nx\u00ebn\u00ebsit dhe m\u00ebsuesit e shkoll\u00ebs 9-vje\u00e7are shqiptaro-greke&nbsp; \u201cFrym\u00eb Dashurie\u201d n\u00eb Gjirokast\u00ebr, n\u00eb k\u00ebt\u00eb fillim viti kishtar e shkollor pat\u00ebn nj\u00eb surpriz\u00eb t\u00eb k\u00ebndshme godin\u00eb t\u00eb re dhe moderne. Ishte nj\u00eb kontribut i ri i Kryepiskopit p\u00ebr Komunitetin Orthodhoks t\u00eb qytetit, n\u00eb sektorin e edukimit t\u00eb brezit t\u00eb ri, q\u00eb ka qen\u00eb gjithmon\u00eb p\u00ebrpar\u00ebsi e Fortlumturis\u00eb s\u00eb Tij. &nbsp;&nbsp;&nbsp; Duke i b\u00ebr\u00eb sfid\u00eb edhe gjendjes<\/p>\n","protected":false},"author":1,"featured_media":0,"comment_status":"open","ping_status":"open","sticky":false,"template":"","format":"standard","meta":{"_acf_changed":false,"pagelayer_contact_templates":[],"_pagelayer_content":"","inline_featured_image":false,"fifu_image_url":"","fifu_image_alt":"","footnotes":""},"categories":[108],"tags":[142,175,212,198],"class_list":["post-606","post","type-post","status-publish","format-standard","hentry","category-lajme","tag-142","tag-institucione-parashkollore-te-kishes-orthodhokse","tag-lajme-d27","tag-gjirokaster"],"acf":[],"yoast_head":"<!-- This site is optimized with the Yoast SEO plugin v27.2 - https:\/\/yoast.com\/product\/yoast-seo-wordpress\/ -->\n<title>Godin\u00eb e re bashk\u00ebkohore p\u00ebr shkoll\u00ebn \u201cFrym\u00eb Dashurie\u201d, Gjirokast\u00ebr. (Tetor 2012) - Kisha Orthodh\u03bfkse Autoqefale e Shqip\u00ebris\u00eb<\/title>\n<meta name=\"robots\" content=\"index, follow, max-snippet:-1, max-image-preview:large, max-video-preview:-1\" \/>\n<link rel=\"canonical\" href=\"https:\/\/orthodoxalbania.org\/2020\/2013\/03\/21\/godine-e-re-bashkekohore-per-shkollen-fryme-dashurie-gjirokaster\/\" \/>\n<meta property=\"og:locale\" content=\"en_US\" \/>\n<meta property=\"og:type\" content=\"article\" \/>\n<meta property=\"og:title\" content=\"Godin\u00eb e re bashk\u00ebkohore p\u00ebr shkoll\u00ebn \u201cFrym\u00eb Dashurie\u201d, Gjirokast\u00ebr. (Tetor 2012) - Kisha Orthodh\u03bfkse Autoqefale e Shqip\u00ebris\u00eb\" \/>\n<meta property=\"og:description\" content=\"&nbsp;&nbsp;&nbsp; Nx\u00ebn\u00ebsit dhe m\u00ebsuesit e shkoll\u00ebs 9-vje\u00e7are shqiptaro-greke&nbsp; \u201cFrym\u00eb Dashurie\u201d n\u00eb Gjirokast\u00ebr, n\u00eb k\u00ebt\u00eb fillim viti kishtar e shkollor pat\u00ebn nj\u00eb surpriz\u00eb t\u00eb k\u00ebndshme godin\u00eb t\u00eb re dhe moderne. Ishte nj\u00eb kontribut i ri i Kryepiskopit p\u00ebr Komunitetin Orthodhoks t\u00eb qytetit, n\u00eb sektorin e edukimit t\u00eb brezit t\u00eb ri, q\u00eb ka qen\u00eb gjithmon\u00eb p\u00ebrpar\u00ebsi e Fortlumturis\u00eb s\u00eb Tij. &nbsp;&nbsp;&nbsp; Duke i b\u00ebr\u00eb sfid\u00eb edhe gjendjes\" \/>\n<meta property=\"og:url\" content=\"https:\/\/orthodoxalbania.org\/2020\/2013\/03\/21\/godine-e-re-bashkekohore-per-shkollen-fryme-dashurie-gjirokaster\/\" \/>\n<meta property=\"og:site_name\" content=\"Kisha Orthodh\u03bfkse Autoqefale e Shqip\u00ebris\u00eb\" \/>\n<meta property=\"article:publisher\" content=\"https:\/\/www.facebook.com\/koash1991\" \/>\n<meta property=\"article:published_time\" content=\"2013-03-21T12:22:39+00:00\" \/>\n<meta property=\"article:modified_time\" content=\"2020-04-06T20:05:57+00:00\" \/>\n<meta property=\"og:image\" content=\"https:\/\/lh3.googleusercontent.com\/-BbKv8eKDGkA\/UK9HaczWfUI\/AAAAAAAABLc\/IvDg4ZytIsQ\/s640\/faqja%2012%20gjirokaster.jpg\" \/>\n<meta name=\"author\" content=\"Kisha Orthodhokse\" \/>\n<meta name=\"twitter:card\" content=\"summary_large_image\" \/>\n<meta name=\"twitter:label1\" content=\"Written by\" \/>\n\t<meta name=\"twitter:data1\" content=\"Kisha Orthodhokse\" \/>\n\t<meta name=\"twitter:label2\" content=\"Est. reading time\" \/>\n\t<meta name=\"twitter:data2\" content=\"2 minutes\" \/>\n<script type=\"application\/ld+json\" class=\"yoast-schema-graph\">{\"@context\":\"https:\/\/schema.org\",\"@graph\":[{\"@type\":\"Article\",\"@id\":\"https:\/\/orthodoxalbania.org\/2020\/2013\/03\/21\/godine-e-re-bashkekohore-per-shkollen-fryme-dashurie-gjirokaster\/#article\",\"isPartOf\":{\"@id\":\"https:\/\/orthodoxalbania.org\/2020\/2013\/03\/21\/godine-e-re-bashkekohore-per-shkollen-fryme-dashurie-gjirokaster\/\"},\"author\":{\"name\":\"Kisha Orthodhokse\",\"@id\":\"https:\/\/orthodoxalbania.org\/2020\/#\/schema\/person\/0c387634a7063ac612d7ed9ce71c7e86\"},\"headline\":\"Godin\u00eb e re bashk\u00ebkohore p\u00ebr shkoll\u00ebn \u201cFrym\u00eb Dashurie\u201d, Gjirokast\u00ebr. (Tetor 2012)\",\"datePublished\":\"2013-03-21T12:22:39+00:00\",\"dateModified\":\"2020-04-06T20:05:57+00:00\",\"mainEntityOfPage\":{\"@id\":\"https:\/\/orthodoxalbania.org\/2020\/2013\/03\/21\/godine-e-re-bashkekohore-per-shkollen-fryme-dashurie-gjirokaster\/\"},\"wordCount\":387,\"commentCount\":0,\"publisher\":{\"@id\":\"https:\/\/orthodoxalbania.org\/2020\/#organization\"},\"keywords\":[\"2012\",\"Institucione Parashkollore t\u00eb Kish\u00ebs Orthodhokse\",\"lajme\",\"Mitropolia Gjirokast\u00ebr\"],\"articleSection\":[\"Lajme\"],\"inLanguage\":\"en-US\"},{\"@type\":\"WebPage\",\"@id\":\"https:\/\/orthodoxalbania.org\/2020\/2013\/03\/21\/godine-e-re-bashkekohore-per-shkollen-fryme-dashurie-gjirokaster\/\",\"url\":\"https:\/\/orthodoxalbania.org\/2020\/2013\/03\/21\/godine-e-re-bashkekohore-per-shkollen-fryme-dashurie-gjirokaster\/\",\"name\":\"Godin\u00eb e re bashk\u00ebkohore p\u00ebr shkoll\u00ebn \u201cFrym\u00eb Dashurie\u201d, Gjirokast\u00ebr. (Tetor 2012) - Kisha Orthodh\u03bfkse Autoqefale e Shqip\u00ebris\u00eb\",\"isPartOf\":{\"@id\":\"https:\/\/orthodoxalbania.org\/2020\/#website\"},\"datePublished\":\"2013-03-21T12:22:39+00:00\",\"dateModified\":\"2020-04-06T20:05:57+00:00\",\"breadcrumb\":{\"@id\":\"https:\/\/orthodoxalbania.org\/2020\/2013\/03\/21\/godine-e-re-bashkekohore-per-shkollen-fryme-dashurie-gjirokaster\/#breadcrumb\"},\"inLanguage\":\"en-US\",\"potentialAction\":[{\"@type\":\"ReadAction\",\"target\":[\"https:\/\/orthodoxalbania.org\/2020\/2013\/03\/21\/godine-e-re-bashkekohore-per-shkollen-fryme-dashurie-gjirokaster\/\"]}]},{\"@type\":\"BreadcrumbList\",\"@id\":\"https:\/\/orthodoxalbania.org\/2020\/2013\/03\/21\/godine-e-re-bashkekohore-per-shkollen-fryme-dashurie-gjirokaster\/#breadcrumb\",\"itemListElement\":[{\"@type\":\"ListItem\",\"position\":1,\"name\":\"Home\",\"item\":\"https:\/\/orthodoxalbania.org\/2020\/\"},{\"@type\":\"ListItem\",\"position\":2,\"name\":\"Godin\u00eb e re bashk\u00ebkohore p\u00ebr shkoll\u00ebn \u201cFrym\u00eb Dashurie\u201d, Gjirokast\u00ebr. (Tetor 2012)\"}]},{\"@type\":\"WebSite\",\"@id\":\"https:\/\/orthodoxalbania.org\/2020\/#website\",\"url\":\"https:\/\/orthodoxalbania.org\/2020\/\",\"name\":\"Kisha Orthodh\u03bfkse Autoqefale e Shqip\u00ebris\u00eb\",\"description\":\"Fqja Zyrtare e Kish\u00ebs Orthodhokse Autoqefale e Shqip\u00ebris\u00eb me lajmet edhe informacionet zyrtare p\u00ebr struktur\u00ebn edhe veprimtarin e saj.\",\"publisher\":{\"@id\":\"https:\/\/orthodoxalbania.org\/2020\/#organization\"},\"potentialAction\":[{\"@type\":\"SearchAction\",\"target\":{\"@type\":\"EntryPoint\",\"urlTemplate\":\"https:\/\/orthodoxalbania.org\/2020\/?s={search_term_string}\"},\"query-input\":{\"@type\":\"PropertyValueSpecification\",\"valueRequired\":true,\"valueName\":\"search_term_string\"}}],\"inLanguage\":\"en-US\"},{\"@type\":\"Organization\",\"@id\":\"https:\/\/orthodoxalbania.org\/2020\/#organization\",\"name\":\"Kisha Orthodhokse Autoqefale e Shqip\u00ebris\u00eb\",\"url\":\"https:\/\/orthodoxalbania.org\/2020\/\",\"logo\":{\"@type\":\"ImageObject\",\"inLanguage\":\"en-US\",\"@id\":\"https:\/\/orthodoxalbania.org\/2020\/#\/schema\/logo\/image\/\",\"url\":\"https:\/\/orthodoxalbania.org\/2020\/wp-content\/uploads\/2020\/05\/albania.jpeg\",\"contentUrl\":\"https:\/\/orthodoxalbania.org\/2020\/wp-content\/uploads\/2020\/05\/albania.jpeg\",\"width\":540,\"height\":540,\"caption\":\"Kisha Orthodhokse Autoqefale e Shqip\u00ebris\u00eb\"},\"image\":{\"@id\":\"https:\/\/orthodoxalbania.org\/2020\/#\/schema\/logo\/image\/\"},\"sameAs\":[\"https:\/\/www.facebook.com\/koash1991\"]},{\"@type\":\"Person\",\"@id\":\"https:\/\/orthodoxalbania.org\/2020\/#\/schema\/person\/0c387634a7063ac612d7ed9ce71c7e86\",\"name\":\"Kisha Orthodhokse\",\"image\":{\"@type\":\"ImageObject\",\"inLanguage\":\"en-US\",\"@id\":\"https:\/\/secure.gravatar.com\/avatar\/596e7c417251e30f2fbb9c00e026fce61a695a00e51c889caded71c96cbbdde5?s=96&d=mm&r=g\",\"url\":\"https:\/\/secure.gravatar.com\/avatar\/596e7c417251e30f2fbb9c00e026fce61a695a00e51c889caded71c96cbbdde5?s=96&d=mm&r=g\",\"contentUrl\":\"https:\/\/secure.gravatar.com\/avatar\/596e7c417251e30f2fbb9c00e026fce61a695a00e51c889caded71c96cbbdde5?s=96&d=mm&r=g\",\"caption\":\"Kisha Orthodhokse\"}}]}<\/script>\n<!-- \/ Yoast SEO plugin. -->","yoast_head_json":{"title":"Godin\u00eb e re bashk\u00ebkohore p\u00ebr shkoll\u00ebn \u201cFrym\u00eb Dashurie\u201d, Gjirokast\u00ebr. (Tetor 2012) - Kisha Orthodh\u03bfkse Autoqefale e Shqip\u00ebris\u00eb","robots":{"index":"index","follow":"follow","max-snippet":"max-snippet:-1","max-image-preview":"max-image-preview:large","max-video-preview":"max-video-preview:-1"},"canonical":"https:\/\/orthodoxalbania.org\/2020\/2013\/03\/21\/godine-e-re-bashkekohore-per-shkollen-fryme-dashurie-gjirokaster\/","og_locale":"en_US","og_type":"article","og_title":"Godin\u00eb e re bashk\u00ebkohore p\u00ebr shkoll\u00ebn \u201cFrym\u00eb Dashurie\u201d, Gjirokast\u00ebr. (Tetor 2012) - Kisha Orthodh\u03bfkse Autoqefale e Shqip\u00ebris\u00eb","og_description":"&nbsp;&nbsp;&nbsp; Nx\u00ebn\u00ebsit dhe m\u00ebsuesit e shkoll\u00ebs 9-vje\u00e7are shqiptaro-greke&nbsp; \u201cFrym\u00eb Dashurie\u201d n\u00eb Gjirokast\u00ebr, n\u00eb k\u00ebt\u00eb fillim viti kishtar e shkollor pat\u00ebn nj\u00eb surpriz\u00eb t\u00eb k\u00ebndshme godin\u00eb t\u00eb re dhe moderne. Ishte nj\u00eb kontribut i ri i Kryepiskopit p\u00ebr Komunitetin Orthodhoks t\u00eb qytetit, n\u00eb sektorin e edukimit t\u00eb brezit t\u00eb ri, q\u00eb ka qen\u00eb gjithmon\u00eb p\u00ebrpar\u00ebsi e Fortlumturis\u00eb s\u00eb Tij. &nbsp;&nbsp;&nbsp; Duke i b\u00ebr\u00eb sfid\u00eb edhe gjendjes","og_url":"https:\/\/orthodoxalbania.org\/2020\/2013\/03\/21\/godine-e-re-bashkekohore-per-shkollen-fryme-dashurie-gjirokaster\/","og_site_name":"Kisha Orthodh\u03bfkse Autoqefale e Shqip\u00ebris\u00eb","article_publisher":"https:\/\/www.facebook.com\/koash1991","article_published_time":"2013-03-21T12:22:39+00:00","article_modified_time":"2020-04-06T20:05:57+00:00","og_image":[{"url":"https:\/\/lh3.googleusercontent.com\/-BbKv8eKDGkA\/UK9HaczWfUI\/AAAAAAAABLc\/IvDg4ZytIsQ\/s640\/faqja 12 gjirokaster.jpg","type":"","width":"","height":""}],"author":"Kisha Orthodhokse","twitter_card":"summary_large_image","twitter_misc":{"Written by":"Kisha Orthodhokse","Est. reading time":"2 minutes"},"schema":{"@context":"https:\/\/schema.org","@graph":[{"@type":"Article","@id":"https:\/\/orthodoxalbania.org\/2020\/2013\/03\/21\/godine-e-re-bashkekohore-per-shkollen-fryme-dashurie-gjirokaster\/#article","isPartOf":{"@id":"https:\/\/orthodoxalbania.org\/2020\/2013\/03\/21\/godine-e-re-bashkekohore-per-shkollen-fryme-dashurie-gjirokaster\/"},"author":{"name":"Kisha Orthodhokse","@id":"https:\/\/orthodoxalbania.org\/2020\/#\/schema\/person\/0c387634a7063ac612d7ed9ce71c7e86"},"headline":"Godin\u00eb e re bashk\u00ebkohore p\u00ebr shkoll\u00ebn \u201cFrym\u00eb Dashurie\u201d, Gjirokast\u00ebr. (Tetor 2012)","datePublished":"2013-03-21T12:22:39+00:00","dateModified":"2020-04-06T20:05:57+00:00","mainEntityOfPage":{"@id":"https:\/\/orthodoxalbania.org\/2020\/2013\/03\/21\/godine-e-re-bashkekohore-per-shkollen-fryme-dashurie-gjirokaster\/"},"wordCount":387,"commentCount":0,"publisher":{"@id":"https:\/\/orthodoxalbania.org\/2020\/#organization"},"keywords":["2012","Institucione Parashkollore t\u00eb Kish\u00ebs Orthodhokse","lajme","Mitropolia Gjirokast\u00ebr"],"articleSection":["Lajme"],"inLanguage":"en-US"},{"@type":"WebPage","@id":"https:\/\/orthodoxalbania.org\/2020\/2013\/03\/21\/godine-e-re-bashkekohore-per-shkollen-fryme-dashurie-gjirokaster\/","url":"https:\/\/orthodoxalbania.org\/2020\/2013\/03\/21\/godine-e-re-bashkekohore-per-shkollen-fryme-dashurie-gjirokaster\/","name":"Godin\u00eb e re bashk\u00ebkohore p\u00ebr shkoll\u00ebn \u201cFrym\u00eb Dashurie\u201d, Gjirokast\u00ebr. (Tetor 2012) - Kisha Orthodh\u03bfkse Autoqefale e Shqip\u00ebris\u00eb","isPartOf":{"@id":"https:\/\/orthodoxalbania.org\/2020\/#website"},"datePublished":"2013-03-21T12:22:39+00:00","dateModified":"2020-04-06T20:05:57+00:00","breadcrumb":{"@id":"https:\/\/orthodoxalbania.org\/2020\/2013\/03\/21\/godine-e-re-bashkekohore-per-shkollen-fryme-dashurie-gjirokaster\/#breadcrumb"},"inLanguage":"en-US","potentialAction":[{"@type":"ReadAction","target":["https:\/\/orthodoxalbania.org\/2020\/2013\/03\/21\/godine-e-re-bashkekohore-per-shkollen-fryme-dashurie-gjirokaster\/"]}]},{"@type":"BreadcrumbList","@id":"https:\/\/orthodoxalbania.org\/2020\/2013\/03\/21\/godine-e-re-bashkekohore-per-shkollen-fryme-dashurie-gjirokaster\/#breadcrumb","itemListElement":[{"@type":"ListItem","position":1,"name":"Home","item":"https:\/\/orthodoxalbania.org\/2020\/"},{"@type":"ListItem","position":2,"name":"Godin\u00eb e re bashk\u00ebkohore p\u00ebr shkoll\u00ebn \u201cFrym\u00eb Dashurie\u201d, Gjirokast\u00ebr. (Tetor 2012)"}]},{"@type":"WebSite","@id":"https:\/\/orthodoxalbania.org\/2020\/#website","url":"https:\/\/orthodoxalbania.org\/2020\/","name":"Kisha Orthodh\u03bfkse Autoqefale e Shqip\u00ebris\u00eb","description":"Fqja Zyrtare e Kish\u00ebs Orthodhokse Autoqefale e Shqip\u00ebris\u00eb me lajmet edhe informacionet zyrtare p\u00ebr struktur\u00ebn edhe veprimtarin e saj.","publisher":{"@id":"https:\/\/orthodoxalbania.org\/2020\/#organization"},"potentialAction":[{"@type":"SearchAction","target":{"@type":"EntryPoint","urlTemplate":"https:\/\/orthodoxalbania.org\/2020\/?s={search_term_string}"},"query-input":{"@type":"PropertyValueSpecification","valueRequired":true,"valueName":"search_term_string"}}],"inLanguage":"en-US"},{"@type":"Organization","@id":"https:\/\/orthodoxalbania.org\/2020\/#organization","name":"Kisha Orthodhokse Autoqefale e Shqip\u00ebris\u00eb","url":"https:\/\/orthodoxalbania.org\/2020\/","logo":{"@type":"ImageObject","inLanguage":"en-US","@id":"https:\/\/orthodoxalbania.org\/2020\/#\/schema\/logo\/image\/","url":"https:\/\/orthodoxalbania.org\/2020\/wp-content\/uploads\/2020\/05\/albania.jpeg","contentUrl":"https:\/\/orthodoxalbania.org\/2020\/wp-content\/uploads\/2020\/05\/albania.jpeg","width":540,"height":540,"caption":"Kisha Orthodhokse Autoqefale e Shqip\u00ebris\u00eb"},"image":{"@id":"https:\/\/orthodoxalbania.org\/2020\/#\/schema\/logo\/image\/"},"sameAs":["https:\/\/www.facebook.com\/koash1991"]},{"@type":"Person","@id":"https:\/\/orthodoxalbania.org\/2020\/#\/schema\/person\/0c387634a7063ac612d7ed9ce71c7e86","name":"Kisha Orthodhokse","image":{"@type":"ImageObject","inLanguage":"en-US","@id":"https:\/\/secure.gravatar.com\/avatar\/596e7c417251e30f2fbb9c00e026fce61a695a00e51c889caded71c96cbbdde5?s=96&d=mm&r=g","url":"https:\/\/secure.gravatar.com\/avatar\/596e7c417251e30f2fbb9c00e026fce61a695a00e51c889caded71c96cbbdde5?s=96&d=mm&r=g","contentUrl":"https:\/\/secure.gravatar.com\/avatar\/596e7c417251e30f2fbb9c00e026fce61a695a00e51c889caded71c96cbbdde5?s=96&d=mm&r=g","caption":"Kisha Orthodhokse"}}]}},"_links":{"self":[{"href":"https:\/\/orthodoxalbania.org\/2020\/wp-json\/wp\/v2\/posts\/606","targetHints":{"allow":["GET"]}}],"collection":[{"href":"https:\/\/orthodoxalbania.org\/2020\/wp-json\/wp\/v2\/posts"}],"about":[{"href":"https:\/\/orthodoxalbania.org\/2020\/wp-json\/wp\/v2\/types\/post"}],"author":[{"embeddable":true,"href":"https:\/\/orthodoxalbania.org\/2020\/wp-json\/wp\/v2\/users\/1"}],"replies":[{"embeddable":true,"href":"https:\/\/orthodoxalbania.org\/2020\/wp-json\/wp\/v2\/comments?post=606"}],"version-history":[{"count":1,"href":"https:\/\/orthodoxalbania.org\/2020\/wp-json\/wp\/v2\/posts\/606\/revisions"}],"predecessor-version":[{"id":15290,"href":"https:\/\/orthodoxalbania.org\/2020\/wp-json\/wp\/v2\/posts\/606\/revisions\/15290"}],"wp:attachment":[{"href":"https:\/\/orthodoxalbania.org\/2020\/wp-json\/wp\/v2\/media?parent=606"}],"wp:term":[{"taxonomy":"category","embeddable":true,"href":"https:\/\/orthodoxalbania.org\/2020\/wp-json\/wp\/v2\/categories?post=606"},{"taxonomy":"post_tag","embeddable":true,"href":"https:\/\/orthodoxalbania.org\/2020\/wp-json\/wp\/v2\/tags?post=606"}],"curies":[{"name":"wp","href":"https:\/\/api.w.org\/{rel}","templated":true}]}}