{"id":603,"date":"2013-03-21T12:13:00","date_gmt":"2013-03-21T12:13:00","guid":{"rendered":""},"modified":"2020-04-06T22:06:00","modified_gmt":"2020-04-06T20:06:00","slug":"gjirokaster-festohet-6-gushti-metamorfoza-e-krishtit","status":"publish","type":"post","link":"https:\/\/orthodoxalbania.org\/2020\/2013\/03\/21\/gjirokaster-festohet-6-gushti-metamorfoza-e-krishtit\/","title":{"rendered":"Gjirokast\u00ebr: Festohet 6 gushti, Metamorfoza e Krishtit. (6 Gusht 2012)"},"content":{"rendered":"<div style=\"text-align: justify;\">\n\t<span style=\"color:#000000;\">&nbsp;<img class=\"lazyload\" decoding=\"async\" height=\"211\" src=\"data:image\/svg+xml,%3Csvg%20xmlns%3D%27http%3A%2F%2Fwww.w3.org%2F2000%2Fsvg%27%20width%3D%27211%27%20height%3D%27211%27%20viewBox%3D%270%200%20211%20211%27%3E%3Crect%20width%3D%27211%27%20height%3D%27211%27%20fill-opacity%3D%220%22%2F%3E%3C%2Fsvg%3E\" data-orig-src=\"https:\/\/lh5.googleusercontent.com\/-Wqj0Nd5QWok\/UCDVJRKTrfI\/AAAAAAAAAvI\/_1es3uLrrHc\/s403\/376597_10150961017741104_918312493_n.jpg\" style=\"border-width: 1px; border-style: solid; margin: 10px; float: left;\" width=\"211\" \/>&nbsp;&nbsp; <span style=\"font-family: tahoma,geneva,sans-serif;\"><span style=\"font-size: 12px;\">Festa e 6 gushtit, ose e Metamorfoz\u00ebs s\u00eb Krishtit \u00ebsht\u00eb nj\u00eb nga ngjarjet kryesore q\u00eb kremtohet n\u00eb Kish\u00ebn ton\u00eb dhe si e till\u00eb, me t\u00ebr\u00eb madh\u00ebshtin\u00eb q\u00eb i takon u kremtua edhe n\u00eb Mitropolin\u00eb e Gjirokastr\u00ebs. Pik\u00ebrisht n\u00eb kish\u00ebn q\u00eb mban emrin e k\u00ebsaj dite t\u00eb sh\u00ebnuar, e cila ndodhet n\u00eb pjes\u00ebn muzeale t\u00eb qytetit, dhjet\u00ebra besimtar\u00eb t\u00eb ardhur nga Gjirokastra dhe zonat p\u00ebrreth, ndoq\u00ebn sh\u00ebrbesat e kryesuara nga Mitropoliti Dhimit\u00ebr. Kisha p\u00ebrreth ishte e zbukuruar me motive kishtare, por edhe tradicionale gjirokastrite, duke krijuar ambjent t\u00eb v\u00ebrtet\u00eb festiv. Krishti shfaq lavdin\u00eb e Tij k\u00ebt\u00eb t\u00eb kremte, ndaj edhe festa merr nj\u00eb kuptim t\u00eb thell\u00eb, sidomos n\u00eb aspektin shpirt\u00ebror.<\/span><\/span><\/span><\/div>\n<div style=\"text-align: justify;\">\n\t<br \/>\n\t<span style=\"color:#000000;\"><span style=\"font-family: tahoma,geneva,sans-serif;\"><span style=\"font-size: 12px;\">&nbsp;&nbsp;&nbsp; Predikimin e mbajti at\u00eb Jani M\u00ebrkuri, i cili theksoi se mesazhi i dit\u00ebs \u00ebsht\u00eb t\u00eb shnd\u00ebrrohemi, jeta jon\u00eb t\u00eb p\u00ebrb\u00ebj\u00eb nj\u00eb metamorfoz\u00eb. &#8220;T\u00eb zhveshim njeriun e vjet\u00ebr, e te veshim t\u00eb riun, si\u00e7 thot\u00eb edhe apostull Pavli. T\u00eb ndryshojm\u00ebm me an\u00eb t\u00eb besimit, pendimit, pag\u00ebzimit, faljes&#8221; &#8211; theksoi at\u00eb Jani. N\u00eb fund t\u00eb ceremonis\u00eb, besimtar\u00ebt k\u00ebnduan k\u00ebng\u00eb t\u00eb krishtera dhe mor\u00ebn pjes\u00eb n\u00eb kokteilin e shtruar me rastin e fest\u00ebs.<\/span><\/span><\/span><\/div>\n<p>\n\t&nbsp;<\/p>\n<p>\n\t&nbsp;<\/p>\n<p>\n\t<span style=\"color:#000000;\"><img class=\"lazyload\" decoding=\"async\" src=\"data:image\/gif;base64,R0lGODlhAQABAAAAACH5BAEKAAEALAAAAAABAAEAAAICTAEAOw==\" data-orig-src=\"https:\/\/lh4.googleusercontent.com\/-WPPc12SmtXU\/UCDVX5FUPJI\/AAAAAAAAAvU\/VXHTBWnGliw\/s403\/418546_10150961024921104_539163221_n.jpg\" style=\"width: 450px; border-width: 1px; border-style: solid; margin: 10px; float: left; height: 450px;\" \/><\/span><\/p>\n","protected":false},"excerpt":{"rendered":"<p>&nbsp;&nbsp;&nbsp; Festa e 6 gushtit, ose e Metamorfoz\u00ebs s\u00eb Krishtit \u00ebsht\u00eb nj\u00eb nga ngjarjet kryesore q\u00eb kremtohet n\u00eb Kish\u00ebn ton\u00eb dhe si e till\u00eb, me t\u00ebr\u00eb madh\u00ebshtin\u00eb q\u00eb i takon u kremtua edhe n\u00eb Mitropolin\u00eb e Gjirokastr\u00ebs. Pik\u00ebrisht n\u00eb kish\u00ebn q\u00eb mban emrin e k\u00ebsaj dite t\u00eb sh\u00ebnuar, e cila ndodhet n\u00eb pjes\u00ebn muzeale t\u00eb qytetit, dhjet\u00ebra besimtar\u00eb t\u00eb ardhur nga Gjirokastra dhe zonat p\u00ebrreth,<\/p>\n","protected":false},"author":1,"featured_media":0,"comment_status":"open","ping_status":"open","sticky":false,"template":"","format":"standard","meta":{"_acf_changed":false,"pagelayer_contact_templates":[],"_pagelayer_content":"","inline_featured_image":false,"fifu_image_url":"","fifu_image_alt":"","footnotes":""},"categories":[108],"tags":[142,157,212,198],"class_list":["post-603","post","type-post","status-publish","format-standard","hentry","category-lajme","tag-142","tag-kremtime","tag-lajme-d27","tag-gjirokaster"],"acf":[],"yoast_head":"<!-- This site is optimized with the Yoast SEO plugin v27.2 - https:\/\/yoast.com\/product\/yoast-seo-wordpress\/ -->\n<title>Gjirokast\u00ebr: Festohet 6 gushti, Metamorfoza e Krishtit. (6 Gusht 2012) - Kisha Orthodh\u03bfkse Autoqefale e Shqip\u00ebris\u00eb<\/title>\n<meta name=\"robots\" content=\"index, follow, max-snippet:-1, max-image-preview:large, max-video-preview:-1\" \/>\n<link rel=\"canonical\" href=\"https:\/\/orthodoxalbania.org\/2020\/2013\/03\/21\/gjirokaster-festohet-6-gushti-metamorfoza-e-krishtit\/\" \/>\n<meta property=\"og:locale\" content=\"en_US\" \/>\n<meta property=\"og:type\" content=\"article\" \/>\n<meta property=\"og:title\" content=\"Gjirokast\u00ebr: Festohet 6 gushti, Metamorfoza e Krishtit. (6 Gusht 2012) - Kisha Orthodh\u03bfkse Autoqefale e Shqip\u00ebris\u00eb\" \/>\n<meta property=\"og:description\" content=\"&nbsp;&nbsp;&nbsp; Festa e 6 gushtit, ose e Metamorfoz\u00ebs s\u00eb Krishtit \u00ebsht\u00eb nj\u00eb nga ngjarjet kryesore q\u00eb kremtohet n\u00eb Kish\u00ebn ton\u00eb dhe si e till\u00eb, me t\u00ebr\u00eb madh\u00ebshtin\u00eb q\u00eb i takon u kremtua edhe n\u00eb Mitropolin\u00eb e Gjirokastr\u00ebs. Pik\u00ebrisht n\u00eb kish\u00ebn q\u00eb mban emrin e k\u00ebsaj dite t\u00eb sh\u00ebnuar, e cila ndodhet n\u00eb pjes\u00ebn muzeale t\u00eb qytetit, dhjet\u00ebra besimtar\u00eb t\u00eb ardhur nga Gjirokastra dhe zonat p\u00ebrreth,\" \/>\n<meta property=\"og:url\" content=\"https:\/\/orthodoxalbania.org\/2020\/2013\/03\/21\/gjirokaster-festohet-6-gushti-metamorfoza-e-krishtit\/\" \/>\n<meta property=\"og:site_name\" content=\"Kisha Orthodh\u03bfkse Autoqefale e Shqip\u00ebris\u00eb\" \/>\n<meta property=\"article:publisher\" content=\"https:\/\/www.facebook.com\/koash1991\" \/>\n<meta property=\"article:published_time\" content=\"2013-03-21T12:13:00+00:00\" \/>\n<meta property=\"article:modified_time\" content=\"2020-04-06T20:06:00+00:00\" \/>\n<meta property=\"og:image\" content=\"https:\/\/lh5.googleusercontent.com\/-Wqj0Nd5QWok\/UCDVJRKTrfI\/AAAAAAAAAvI\/_1es3uLrrHc\/s403\/376597_10150961017741104_918312493_n.jpg\" \/>\n<meta name=\"author\" content=\"Kisha Orthodhokse\" \/>\n<meta name=\"twitter:card\" content=\"summary_large_image\" \/>\n<meta name=\"twitter:label1\" content=\"Written by\" \/>\n\t<meta name=\"twitter:data1\" content=\"Kisha Orthodhokse\" \/>\n\t<meta name=\"twitter:label2\" content=\"Est. reading time\" \/>\n\t<meta name=\"twitter:data2\" content=\"1 minute\" \/>\n<script type=\"application\/ld+json\" class=\"yoast-schema-graph\">{\"@context\":\"https:\/\/schema.org\",\"@graph\":[{\"@type\":\"Article\",\"@id\":\"https:\/\/orthodoxalbania.org\/2020\/2013\/03\/21\/gjirokaster-festohet-6-gushti-metamorfoza-e-krishtit\/#article\",\"isPartOf\":{\"@id\":\"https:\/\/orthodoxalbania.org\/2020\/2013\/03\/21\/gjirokaster-festohet-6-gushti-metamorfoza-e-krishtit\/\"},\"author\":{\"name\":\"Kisha Orthodhokse\",\"@id\":\"https:\/\/orthodoxalbania.org\/2020\/#\/schema\/person\/0c387634a7063ac612d7ed9ce71c7e86\"},\"headline\":\"Gjirokast\u00ebr: Festohet 6 gushti, Metamorfoza e Krishtit. (6 Gusht 2012)\",\"datePublished\":\"2013-03-21T12:13:00+00:00\",\"dateModified\":\"2020-04-06T20:06:00+00:00\",\"mainEntityOfPage\":{\"@id\":\"https:\/\/orthodoxalbania.org\/2020\/2013\/03\/21\/gjirokaster-festohet-6-gushti-metamorfoza-e-krishtit\/\"},\"wordCount\":226,\"commentCount\":0,\"publisher\":{\"@id\":\"https:\/\/orthodoxalbania.org\/2020\/#organization\"},\"image\":{\"@id\":\"https:\/\/orthodoxalbania.org\/2020\/2013\/03\/21\/gjirokaster-festohet-6-gushti-metamorfoza-e-krishtit\/#primaryimage\"},\"thumbnailUrl\":\"https:\/\/lh5.googleusercontent.com\/-Wqj0Nd5QWok\/UCDVJRKTrfI\/AAAAAAAAAvI\/_1es3uLrrHc\/s403\/376597_10150961017741104_918312493_n.jpg\",\"keywords\":[\"2012\",\"Kremtime\",\"lajme\",\"Mitropolia Gjirokast\u00ebr\"],\"articleSection\":[\"Lajme\"],\"inLanguage\":\"en-US\"},{\"@type\":\"WebPage\",\"@id\":\"https:\/\/orthodoxalbania.org\/2020\/2013\/03\/21\/gjirokaster-festohet-6-gushti-metamorfoza-e-krishtit\/\",\"url\":\"https:\/\/orthodoxalbania.org\/2020\/2013\/03\/21\/gjirokaster-festohet-6-gushti-metamorfoza-e-krishtit\/\",\"name\":\"Gjirokast\u00ebr: Festohet 6 gushti, Metamorfoza e Krishtit. (6 Gusht 2012) - Kisha Orthodh\u03bfkse Autoqefale e Shqip\u00ebris\u00eb\",\"isPartOf\":{\"@id\":\"https:\/\/orthodoxalbania.org\/2020\/#website\"},\"primaryImageOfPage\":{\"@id\":\"https:\/\/orthodoxalbania.org\/2020\/2013\/03\/21\/gjirokaster-festohet-6-gushti-metamorfoza-e-krishtit\/#primaryimage\"},\"image\":{\"@id\":\"https:\/\/orthodoxalbania.org\/2020\/2013\/03\/21\/gjirokaster-festohet-6-gushti-metamorfoza-e-krishtit\/#primaryimage\"},\"thumbnailUrl\":\"https:\/\/lh5.googleusercontent.com\/-Wqj0Nd5QWok\/UCDVJRKTrfI\/AAAAAAAAAvI\/_1es3uLrrHc\/s403\/376597_10150961017741104_918312493_n.jpg\",\"datePublished\":\"2013-03-21T12:13:00+00:00\",\"dateModified\":\"2020-04-06T20:06:00+00:00\",\"breadcrumb\":{\"@id\":\"https:\/\/orthodoxalbania.org\/2020\/2013\/03\/21\/gjirokaster-festohet-6-gushti-metamorfoza-e-krishtit\/#breadcrumb\"},\"inLanguage\":\"en-US\",\"potentialAction\":[{\"@type\":\"ReadAction\",\"target\":[\"https:\/\/orthodoxalbania.org\/2020\/2013\/03\/21\/gjirokaster-festohet-6-gushti-metamorfoza-e-krishtit\/\"]}]},{\"@type\":\"ImageObject\",\"inLanguage\":\"en-US\",\"@id\":\"https:\/\/orthodoxalbania.org\/2020\/2013\/03\/21\/gjirokaster-festohet-6-gushti-metamorfoza-e-krishtit\/#primaryimage\",\"url\":\"https:\/\/lh5.googleusercontent.com\/-Wqj0Nd5QWok\/UCDVJRKTrfI\/AAAAAAAAAvI\/_1es3uLrrHc\/s403\/376597_10150961017741104_918312493_n.jpg\",\"contentUrl\":\"https:\/\/lh5.googleusercontent.com\/-Wqj0Nd5QWok\/UCDVJRKTrfI\/AAAAAAAAAvI\/_1es3uLrrHc\/s403\/376597_10150961017741104_918312493_n.jpg\"},{\"@type\":\"BreadcrumbList\",\"@id\":\"https:\/\/orthodoxalbania.org\/2020\/2013\/03\/21\/gjirokaster-festohet-6-gushti-metamorfoza-e-krishtit\/#breadcrumb\",\"itemListElement\":[{\"@type\":\"ListItem\",\"position\":1,\"name\":\"Home\",\"item\":\"https:\/\/orthodoxalbania.org\/2020\/\"},{\"@type\":\"ListItem\",\"position\":2,\"name\":\"Gjirokast\u00ebr: Festohet 6 gushti, Metamorfoza e Krishtit. (6 Gusht 2012)\"}]},{\"@type\":\"WebSite\",\"@id\":\"https:\/\/orthodoxalbania.org\/2020\/#website\",\"url\":\"https:\/\/orthodoxalbania.org\/2020\/\",\"name\":\"Kisha Orthodh\u03bfkse Autoqefale e Shqip\u00ebris\u00eb\",\"description\":\"Fqja Zyrtare e Kish\u00ebs Orthodhokse Autoqefale e Shqip\u00ebris\u00eb me lajmet edhe informacionet zyrtare p\u00ebr struktur\u00ebn edhe veprimtarin e saj.\",\"publisher\":{\"@id\":\"https:\/\/orthodoxalbania.org\/2020\/#organization\"},\"potentialAction\":[{\"@type\":\"SearchAction\",\"target\":{\"@type\":\"EntryPoint\",\"urlTemplate\":\"https:\/\/orthodoxalbania.org\/2020\/?s={search_term_string}\"},\"query-input\":{\"@type\":\"PropertyValueSpecification\",\"valueRequired\":true,\"valueName\":\"search_term_string\"}}],\"inLanguage\":\"en-US\"},{\"@type\":\"Organization\",\"@id\":\"https:\/\/orthodoxalbania.org\/2020\/#organization\",\"name\":\"Kisha Orthodhokse Autoqefale e Shqip\u00ebris\u00eb\",\"url\":\"https:\/\/orthodoxalbania.org\/2020\/\",\"logo\":{\"@type\":\"ImageObject\",\"inLanguage\":\"en-US\",\"@id\":\"https:\/\/orthodoxalbania.org\/2020\/#\/schema\/logo\/image\/\",\"url\":\"https:\/\/orthodoxalbania.org\/2020\/wp-content\/uploads\/2020\/05\/albania.jpeg\",\"contentUrl\":\"https:\/\/orthodoxalbania.org\/2020\/wp-content\/uploads\/2020\/05\/albania.jpeg\",\"width\":540,\"height\":540,\"caption\":\"Kisha Orthodhokse Autoqefale e Shqip\u00ebris\u00eb\"},\"image\":{\"@id\":\"https:\/\/orthodoxalbania.org\/2020\/#\/schema\/logo\/image\/\"},\"sameAs\":[\"https:\/\/www.facebook.com\/koash1991\"]},{\"@type\":\"Person\",\"@id\":\"https:\/\/orthodoxalbania.org\/2020\/#\/schema\/person\/0c387634a7063ac612d7ed9ce71c7e86\",\"name\":\"Kisha Orthodhokse\",\"image\":{\"@type\":\"ImageObject\",\"inLanguage\":\"en-US\",\"@id\":\"https:\/\/secure.gravatar.com\/avatar\/596e7c417251e30f2fbb9c00e026fce61a695a00e51c889caded71c96cbbdde5?s=96&d=mm&r=g\",\"url\":\"https:\/\/secure.gravatar.com\/avatar\/596e7c417251e30f2fbb9c00e026fce61a695a00e51c889caded71c96cbbdde5?s=96&d=mm&r=g\",\"contentUrl\":\"https:\/\/secure.gravatar.com\/avatar\/596e7c417251e30f2fbb9c00e026fce61a695a00e51c889caded71c96cbbdde5?s=96&d=mm&r=g\",\"caption\":\"Kisha Orthodhokse\"}}]}<\/script>\n<!-- \/ Yoast SEO plugin. -->","yoast_head_json":{"title":"Gjirokast\u00ebr: Festohet 6 gushti, Metamorfoza e Krishtit. (6 Gusht 2012) - Kisha Orthodh\u03bfkse Autoqefale e Shqip\u00ebris\u00eb","robots":{"index":"index","follow":"follow","max-snippet":"max-snippet:-1","max-image-preview":"max-image-preview:large","max-video-preview":"max-video-preview:-1"},"canonical":"https:\/\/orthodoxalbania.org\/2020\/2013\/03\/21\/gjirokaster-festohet-6-gushti-metamorfoza-e-krishtit\/","og_locale":"en_US","og_type":"article","og_title":"Gjirokast\u00ebr: Festohet 6 gushti, Metamorfoza e Krishtit. (6 Gusht 2012) - Kisha Orthodh\u03bfkse Autoqefale e Shqip\u00ebris\u00eb","og_description":"&nbsp;&nbsp;&nbsp; Festa e 6 gushtit, ose e Metamorfoz\u00ebs s\u00eb Krishtit \u00ebsht\u00eb nj\u00eb nga ngjarjet kryesore q\u00eb kremtohet n\u00eb Kish\u00ebn ton\u00eb dhe si e till\u00eb, me t\u00ebr\u00eb madh\u00ebshtin\u00eb q\u00eb i takon u kremtua edhe n\u00eb Mitropolin\u00eb e Gjirokastr\u00ebs. Pik\u00ebrisht n\u00eb kish\u00ebn q\u00eb mban emrin e k\u00ebsaj dite t\u00eb sh\u00ebnuar, e cila ndodhet n\u00eb pjes\u00ebn muzeale t\u00eb qytetit, dhjet\u00ebra besimtar\u00eb t\u00eb ardhur nga Gjirokastra dhe zonat p\u00ebrreth,","og_url":"https:\/\/orthodoxalbania.org\/2020\/2013\/03\/21\/gjirokaster-festohet-6-gushti-metamorfoza-e-krishtit\/","og_site_name":"Kisha Orthodh\u03bfkse Autoqefale e Shqip\u00ebris\u00eb","article_publisher":"https:\/\/www.facebook.com\/koash1991","article_published_time":"2013-03-21T12:13:00+00:00","article_modified_time":"2020-04-06T20:06:00+00:00","og_image":[{"url":"https:\/\/lh5.googleusercontent.com\/-Wqj0Nd5QWok\/UCDVJRKTrfI\/AAAAAAAAAvI\/_1es3uLrrHc\/s403\/376597_10150961017741104_918312493_n.jpg","type":"","width":"","height":""}],"author":"Kisha Orthodhokse","twitter_card":"summary_large_image","twitter_misc":{"Written by":"Kisha Orthodhokse","Est. reading time":"1 minute"},"schema":{"@context":"https:\/\/schema.org","@graph":[{"@type":"Article","@id":"https:\/\/orthodoxalbania.org\/2020\/2013\/03\/21\/gjirokaster-festohet-6-gushti-metamorfoza-e-krishtit\/#article","isPartOf":{"@id":"https:\/\/orthodoxalbania.org\/2020\/2013\/03\/21\/gjirokaster-festohet-6-gushti-metamorfoza-e-krishtit\/"},"author":{"name":"Kisha Orthodhokse","@id":"https:\/\/orthodoxalbania.org\/2020\/#\/schema\/person\/0c387634a7063ac612d7ed9ce71c7e86"},"headline":"Gjirokast\u00ebr: Festohet 6 gushti, Metamorfoza e Krishtit. (6 Gusht 2012)","datePublished":"2013-03-21T12:13:00+00:00","dateModified":"2020-04-06T20:06:00+00:00","mainEntityOfPage":{"@id":"https:\/\/orthodoxalbania.org\/2020\/2013\/03\/21\/gjirokaster-festohet-6-gushti-metamorfoza-e-krishtit\/"},"wordCount":226,"commentCount":0,"publisher":{"@id":"https:\/\/orthodoxalbania.org\/2020\/#organization"},"image":{"@id":"https:\/\/orthodoxalbania.org\/2020\/2013\/03\/21\/gjirokaster-festohet-6-gushti-metamorfoza-e-krishtit\/#primaryimage"},"thumbnailUrl":"https:\/\/lh5.googleusercontent.com\/-Wqj0Nd5QWok\/UCDVJRKTrfI\/AAAAAAAAAvI\/_1es3uLrrHc\/s403\/376597_10150961017741104_918312493_n.jpg","keywords":["2012","Kremtime","lajme","Mitropolia Gjirokast\u00ebr"],"articleSection":["Lajme"],"inLanguage":"en-US"},{"@type":"WebPage","@id":"https:\/\/orthodoxalbania.org\/2020\/2013\/03\/21\/gjirokaster-festohet-6-gushti-metamorfoza-e-krishtit\/","url":"https:\/\/orthodoxalbania.org\/2020\/2013\/03\/21\/gjirokaster-festohet-6-gushti-metamorfoza-e-krishtit\/","name":"Gjirokast\u00ebr: Festohet 6 gushti, Metamorfoza e Krishtit. (6 Gusht 2012) - Kisha Orthodh\u03bfkse Autoqefale e Shqip\u00ebris\u00eb","isPartOf":{"@id":"https:\/\/orthodoxalbania.org\/2020\/#website"},"primaryImageOfPage":{"@id":"https:\/\/orthodoxalbania.org\/2020\/2013\/03\/21\/gjirokaster-festohet-6-gushti-metamorfoza-e-krishtit\/#primaryimage"},"image":{"@id":"https:\/\/orthodoxalbania.org\/2020\/2013\/03\/21\/gjirokaster-festohet-6-gushti-metamorfoza-e-krishtit\/#primaryimage"},"thumbnailUrl":"https:\/\/lh5.googleusercontent.com\/-Wqj0Nd5QWok\/UCDVJRKTrfI\/AAAAAAAAAvI\/_1es3uLrrHc\/s403\/376597_10150961017741104_918312493_n.jpg","datePublished":"2013-03-21T12:13:00+00:00","dateModified":"2020-04-06T20:06:00+00:00","breadcrumb":{"@id":"https:\/\/orthodoxalbania.org\/2020\/2013\/03\/21\/gjirokaster-festohet-6-gushti-metamorfoza-e-krishtit\/#breadcrumb"},"inLanguage":"en-US","potentialAction":[{"@type":"ReadAction","target":["https:\/\/orthodoxalbania.org\/2020\/2013\/03\/21\/gjirokaster-festohet-6-gushti-metamorfoza-e-krishtit\/"]}]},{"@type":"ImageObject","inLanguage":"en-US","@id":"https:\/\/orthodoxalbania.org\/2020\/2013\/03\/21\/gjirokaster-festohet-6-gushti-metamorfoza-e-krishtit\/#primaryimage","url":"https:\/\/lh5.googleusercontent.com\/-Wqj0Nd5QWok\/UCDVJRKTrfI\/AAAAAAAAAvI\/_1es3uLrrHc\/s403\/376597_10150961017741104_918312493_n.jpg","contentUrl":"https:\/\/lh5.googleusercontent.com\/-Wqj0Nd5QWok\/UCDVJRKTrfI\/AAAAAAAAAvI\/_1es3uLrrHc\/s403\/376597_10150961017741104_918312493_n.jpg"},{"@type":"BreadcrumbList","@id":"https:\/\/orthodoxalbania.org\/2020\/2013\/03\/21\/gjirokaster-festohet-6-gushti-metamorfoza-e-krishtit\/#breadcrumb","itemListElement":[{"@type":"ListItem","position":1,"name":"Home","item":"https:\/\/orthodoxalbania.org\/2020\/"},{"@type":"ListItem","position":2,"name":"Gjirokast\u00ebr: Festohet 6 gushti, Metamorfoza e Krishtit. (6 Gusht 2012)"}]},{"@type":"WebSite","@id":"https:\/\/orthodoxalbania.org\/2020\/#website","url":"https:\/\/orthodoxalbania.org\/2020\/","name":"Kisha Orthodh\u03bfkse Autoqefale e Shqip\u00ebris\u00eb","description":"Fqja Zyrtare e Kish\u00ebs Orthodhokse Autoqefale e Shqip\u00ebris\u00eb me lajmet edhe informacionet zyrtare p\u00ebr struktur\u00ebn edhe veprimtarin e saj.","publisher":{"@id":"https:\/\/orthodoxalbania.org\/2020\/#organization"},"potentialAction":[{"@type":"SearchAction","target":{"@type":"EntryPoint","urlTemplate":"https:\/\/orthodoxalbania.org\/2020\/?s={search_term_string}"},"query-input":{"@type":"PropertyValueSpecification","valueRequired":true,"valueName":"search_term_string"}}],"inLanguage":"en-US"},{"@type":"Organization","@id":"https:\/\/orthodoxalbania.org\/2020\/#organization","name":"Kisha Orthodhokse Autoqefale e Shqip\u00ebris\u00eb","url":"https:\/\/orthodoxalbania.org\/2020\/","logo":{"@type":"ImageObject","inLanguage":"en-US","@id":"https:\/\/orthodoxalbania.org\/2020\/#\/schema\/logo\/image\/","url":"https:\/\/orthodoxalbania.org\/2020\/wp-content\/uploads\/2020\/05\/albania.jpeg","contentUrl":"https:\/\/orthodoxalbania.org\/2020\/wp-content\/uploads\/2020\/05\/albania.jpeg","width":540,"height":540,"caption":"Kisha Orthodhokse Autoqefale e Shqip\u00ebris\u00eb"},"image":{"@id":"https:\/\/orthodoxalbania.org\/2020\/#\/schema\/logo\/image\/"},"sameAs":["https:\/\/www.facebook.com\/koash1991"]},{"@type":"Person","@id":"https:\/\/orthodoxalbania.org\/2020\/#\/schema\/person\/0c387634a7063ac612d7ed9ce71c7e86","name":"Kisha Orthodhokse","image":{"@type":"ImageObject","inLanguage":"en-US","@id":"https:\/\/secure.gravatar.com\/avatar\/596e7c417251e30f2fbb9c00e026fce61a695a00e51c889caded71c96cbbdde5?s=96&d=mm&r=g","url":"https:\/\/secure.gravatar.com\/avatar\/596e7c417251e30f2fbb9c00e026fce61a695a00e51c889caded71c96cbbdde5?s=96&d=mm&r=g","contentUrl":"https:\/\/secure.gravatar.com\/avatar\/596e7c417251e30f2fbb9c00e026fce61a695a00e51c889caded71c96cbbdde5?s=96&d=mm&r=g","caption":"Kisha Orthodhokse"}}]}},"_links":{"self":[{"href":"https:\/\/orthodoxalbania.org\/2020\/wp-json\/wp\/v2\/posts\/603","targetHints":{"allow":["GET"]}}],"collection":[{"href":"https:\/\/orthodoxalbania.org\/2020\/wp-json\/wp\/v2\/posts"}],"about":[{"href":"https:\/\/orthodoxalbania.org\/2020\/wp-json\/wp\/v2\/types\/post"}],"author":[{"embeddable":true,"href":"https:\/\/orthodoxalbania.org\/2020\/wp-json\/wp\/v2\/users\/1"}],"replies":[{"embeddable":true,"href":"https:\/\/orthodoxalbania.org\/2020\/wp-json\/wp\/v2\/comments?post=603"}],"version-history":[{"count":1,"href":"https:\/\/orthodoxalbania.org\/2020\/wp-json\/wp\/v2\/posts\/603\/revisions"}],"predecessor-version":[{"id":15304,"href":"https:\/\/orthodoxalbania.org\/2020\/wp-json\/wp\/v2\/posts\/603\/revisions\/15304"}],"wp:attachment":[{"href":"https:\/\/orthodoxalbania.org\/2020\/wp-json\/wp\/v2\/media?parent=603"}],"wp:term":[{"taxonomy":"category","embeddable":true,"href":"https:\/\/orthodoxalbania.org\/2020\/wp-json\/wp\/v2\/categories?post=603"},{"taxonomy":"post_tag","embeddable":true,"href":"https:\/\/orthodoxalbania.org\/2020\/wp-json\/wp\/v2\/tags?post=603"}],"curies":[{"name":"wp","href":"https:\/\/api.w.org\/{rel}","templated":true}]}}