{"id":602,"date":"2013-03-21T09:22:13","date_gmt":"2013-03-21T09:22:13","guid":{"rendered":""},"modified":"2020-04-06T22:32:08","modified_gmt":"2020-04-06T20:32:08","slug":"gjirokaster-pagezime-para-pashkes","status":"publish","type":"post","link":"https:\/\/orthodoxalbania.org\/2020\/2013\/03\/21\/gjirokaster-pagezime-para-pashkes\/","title":{"rendered":"Gjirokast\u00ebr, pag\u00ebzime para Pashk\u00ebs. (13 &#8211; 14 Prill 2011)"},"content":{"rendered":"<div class=\"style10\" style=\"text-align: justify;\"><span style=\"color: #000000;\"><span style=\"font-family: tahoma,geneva,sans-serif;\"><span style=\"font-size: 12px;\">&nbsp;&nbsp;&nbsp;&nbsp; Edhe k\u00ebt\u00eb vit me Hirin e Zotit, ashtu si\u00e7 \u00ebsht\u00eb b\u00ebr\u00eb tashm\u00eb tradit\u00eb, p\u00ebrpara t\u00eb kremtes s\u00eb Pashk\u00ebs, u kryen pag\u00ebzimet e t\u00eb pa pag\u00ebzuarve n\u00eb radh\u00ebt e nx\u00ebn\u00ebsve t\u00eb Liceut Kishtar \u201cKryqi i Nderuar\u201d n\u00eb Gjirokast\u00ebr dhe t\u00eb nx\u00ebn\u00ebseve t\u00eb konviktit kishtar Bularat.K\u00ebto pag\u00ebzime u kryen n\u00eb dt. 13 prill p\u00ebr vajzat dhe n\u00eb dt.14 prill p\u00ebr djemt\u00eb. U vesh\u00ebn me Krishtin 5 vajza dhe 7 djem pas nj\u00eb katekizmi t\u00eb gjat\u00eb q\u00eb kishin b\u00ebr\u00eb. N\u00eb k\u00ebto pag\u00ebzime merrte pjes\u00eb edhe vet\u00eb Mitropoliti i Gjirokastr\u00ebs imzot Dhimitri. N\u00eb p\u00ebrfundim t\u00eb Misterit t\u00eb Shenjt\u00eb, Mitropoliti i Gjirokastr\u00ebs iu uroi t\u00eb porsapag\u00ebzuarve t\u00eb ken\u00eb nj\u00eb rrug\u00eb t\u00eb ndi\u00e7uar n\u00eb jet\u00ebn e tyre dhe nj\u00eb Parajs\u00eb t\u00eb mbar\u00eb, duke e d\u00ebshmuar besimin e tyre t\u00eb krishter\u00eb kudo q\u00eb t\u00eb jen\u00eb.<\/span><\/span><\/span><\/div>\n<div class=\"style10\" style=\"text-align: justify;\">&nbsp;<\/div>\n<div class=\"style10\" style=\"text-align: right;\"><span style=\"color: #000000;\"><span style=\"font-family: tahoma,geneva,sans-serif;\"><span style=\"font-size: 12px;\"><strong>Emiliano Lito<\/strong><\/span><\/span><\/span><\/div>\n<div class=\"style10\" style=\"text-align: right;\">&nbsp;<\/div>\n<div class=\"style10\"><img decoding=\"async\" class=\"lazyload HAa Eha\" style=\"height: 263px; width: 350px; border-width: 1px; border-style: solid; margin: 10px auto; display: block;\" alt=\"\" src=\"data:image\/gif;base64,R0lGODlhAQABAAAAACH5BAEKAAEALAAAAAABAAEAAAICTAEAOw==\" data-orig-src=\"https:\/\/lh3.googleusercontent.com\/-hbwwRDk5oxo\/VABY9yTmW9I\/AAAAAAAACBg\/YtK0DnS7rg0\/w800-h600-no\/DSCN0317.jpg\" \/><\/div>\n<p><img decoding=\"async\" class=\"lazyload HAa Eha\" style=\"height: 263px; width: 350px; border-width: 1px; border-style: solid; margin: 10px auto; display: block;\" alt=\"\" src=\"data:image\/gif;base64,R0lGODlhAQABAAAAACH5BAEKAAEALAAAAAABAAEAAAICTAEAOw==\" data-orig-src=\"https:\/\/lh5.googleusercontent.com\/-z5uMsW02gRc\/VABY94Uc62I\/AAAAAAAACBk\/8rsoSQhbGVo\/w800-h600-no\/DSCN0392.jpg\" \/>&nbsp;<\/p>\n","protected":false},"excerpt":{"rendered":"<p>&nbsp;&nbsp;&nbsp;&nbsp; Edhe k\u00ebt\u00eb vit me Hirin e Zotit, ashtu si\u00e7 \u00ebsht\u00eb b\u00ebr\u00eb tashm\u00eb tradit\u00eb, p\u00ebrpara t\u00eb kremtes s\u00eb Pashk\u00ebs, u kryen pag\u00ebzimet e t\u00eb pa pag\u00ebzuarve n\u00eb radh\u00ebt e nx\u00ebn\u00ebsve t\u00eb Liceut Kishtar \u201cKryqi i Nderuar\u201d n\u00eb Gjirokast\u00ebr dhe t\u00eb nx\u00ebn\u00ebseve t\u00eb konviktit kishtar Bularat.K\u00ebto pag\u00ebzime u kryen n\u00eb dt. 13 prill p\u00ebr vajzat dhe n\u00eb dt.14 prill p\u00ebr djemt\u00eb. U vesh\u00ebn me Krishtin 5<\/p>\n","protected":false},"author":1,"featured_media":0,"comment_status":"open","ping_status":"open","sticky":false,"template":"","format":"standard","meta":{"_acf_changed":false,"pagelayer_contact_templates":[],"_pagelayer_content":"","inline_featured_image":false,"fifu_image_url":"","fifu_image_alt":"","footnotes":""},"categories":[108],"tags":[143,212,198,189],"class_list":["post-602","post","type-post","status-publish","format-standard","hentry","category-lajme","tag-143","tag-lajme-d27","tag-gjirokaster","tag-pashke-2014"],"acf":[],"yoast_head":"<!-- This site is optimized with the Yoast SEO plugin v27.2 - https:\/\/yoast.com\/product\/yoast-seo-wordpress\/ -->\n<title>Gjirokast\u00ebr, pag\u00ebzime para Pashk\u00ebs. (13 - 14 Prill 2011) - Kisha Orthodh\u03bfkse Autoqefale e Shqip\u00ebris\u00eb<\/title>\n<meta name=\"robots\" content=\"index, follow, max-snippet:-1, max-image-preview:large, max-video-preview:-1\" \/>\n<link rel=\"canonical\" href=\"https:\/\/orthodoxalbania.org\/2020\/2013\/03\/21\/gjirokaster-pagezime-para-pashkes\/\" \/>\n<meta property=\"og:locale\" content=\"en_US\" \/>\n<meta property=\"og:type\" content=\"article\" \/>\n<meta property=\"og:title\" content=\"Gjirokast\u00ebr, pag\u00ebzime para Pashk\u00ebs. (13 - 14 Prill 2011) - Kisha Orthodh\u03bfkse Autoqefale e Shqip\u00ebris\u00eb\" \/>\n<meta property=\"og:description\" content=\"&nbsp;&nbsp;&nbsp;&nbsp; Edhe k\u00ebt\u00eb vit me Hirin e Zotit, ashtu si\u00e7 \u00ebsht\u00eb b\u00ebr\u00eb tashm\u00eb tradit\u00eb, p\u00ebrpara t\u00eb kremtes s\u00eb Pashk\u00ebs, u kryen pag\u00ebzimet e t\u00eb pa pag\u00ebzuarve n\u00eb radh\u00ebt e nx\u00ebn\u00ebsve t\u00eb Liceut Kishtar \u201cKryqi i Nderuar\u201d n\u00eb Gjirokast\u00ebr dhe t\u00eb nx\u00ebn\u00ebseve t\u00eb konviktit kishtar Bularat.K\u00ebto pag\u00ebzime u kryen n\u00eb dt. 13 prill p\u00ebr vajzat dhe n\u00eb dt.14 prill p\u00ebr djemt\u00eb. U vesh\u00ebn me Krishtin 5\" \/>\n<meta property=\"og:url\" content=\"https:\/\/orthodoxalbania.org\/2020\/2013\/03\/21\/gjirokaster-pagezime-para-pashkes\/\" \/>\n<meta property=\"og:site_name\" content=\"Kisha Orthodh\u03bfkse Autoqefale e Shqip\u00ebris\u00eb\" \/>\n<meta property=\"article:publisher\" content=\"https:\/\/www.facebook.com\/koash1991\" \/>\n<meta property=\"article:published_time\" content=\"2013-03-21T09:22:13+00:00\" \/>\n<meta property=\"article:modified_time\" content=\"2020-04-06T20:32:08+00:00\" \/>\n<meta property=\"og:image\" content=\"https:\/\/lh3.googleusercontent.com\/-hbwwRDk5oxo\/VABY9yTmW9I\/AAAAAAAACBg\/YtK0DnS7rg0\/w800-h600-no\/DSCN0317.jpg\" \/>\n<meta name=\"author\" content=\"Kisha Orthodhokse\" \/>\n<meta name=\"twitter:card\" content=\"summary_large_image\" \/>\n<meta name=\"twitter:label1\" content=\"Written by\" \/>\n\t<meta name=\"twitter:data1\" content=\"Kisha Orthodhokse\" \/>\n\t<meta name=\"twitter:label2\" content=\"Est. reading time\" \/>\n\t<meta name=\"twitter:data2\" content=\"1 minute\" \/>\n<script type=\"application\/ld+json\" class=\"yoast-schema-graph\">{\"@context\":\"https:\/\/schema.org\",\"@graph\":[{\"@type\":\"Article\",\"@id\":\"https:\/\/orthodoxalbania.org\/2020\/2013\/03\/21\/gjirokaster-pagezime-para-pashkes\/#article\",\"isPartOf\":{\"@id\":\"https:\/\/orthodoxalbania.org\/2020\/2013\/03\/21\/gjirokaster-pagezime-para-pashkes\/\"},\"author\":{\"name\":\"Kisha Orthodhokse\",\"@id\":\"https:\/\/orthodoxalbania.org\/2020\/#\/schema\/person\/0c387634a7063ac612d7ed9ce71c7e86\"},\"headline\":\"Gjirokast\u00ebr, pag\u00ebzime para Pashk\u00ebs. (13 &#8211; 14 Prill 2011)\",\"datePublished\":\"2013-03-21T09:22:13+00:00\",\"dateModified\":\"2020-04-06T20:32:08+00:00\",\"mainEntityOfPage\":{\"@id\":\"https:\/\/orthodoxalbania.org\/2020\/2013\/03\/21\/gjirokaster-pagezime-para-pashkes\/\"},\"wordCount\":171,\"commentCount\":0,\"publisher\":{\"@id\":\"https:\/\/orthodoxalbania.org\/2020\/#organization\"},\"image\":{\"@id\":\"https:\/\/orthodoxalbania.org\/2020\/2013\/03\/21\/gjirokaster-pagezime-para-pashkes\/#primaryimage\"},\"thumbnailUrl\":\"https:\/\/lh3.googleusercontent.com\/-hbwwRDk5oxo\/VABY9yTmW9I\/AAAAAAAACBg\/YtK0DnS7rg0\/w800-h600-no\/DSCN0317.jpg\",\"keywords\":[\"2011\",\"lajme\",\"Mitropolia Gjirokast\u00ebr\",\"Pashk\u00eb\"],\"articleSection\":[\"Lajme\"],\"inLanguage\":\"en-US\"},{\"@type\":\"WebPage\",\"@id\":\"https:\/\/orthodoxalbania.org\/2020\/2013\/03\/21\/gjirokaster-pagezime-para-pashkes\/\",\"url\":\"https:\/\/orthodoxalbania.org\/2020\/2013\/03\/21\/gjirokaster-pagezime-para-pashkes\/\",\"name\":\"Gjirokast\u00ebr, pag\u00ebzime para Pashk\u00ebs. (13 - 14 Prill 2011) - Kisha Orthodh\u03bfkse Autoqefale e Shqip\u00ebris\u00eb\",\"isPartOf\":{\"@id\":\"https:\/\/orthodoxalbania.org\/2020\/#website\"},\"primaryImageOfPage\":{\"@id\":\"https:\/\/orthodoxalbania.org\/2020\/2013\/03\/21\/gjirokaster-pagezime-para-pashkes\/#primaryimage\"},\"image\":{\"@id\":\"https:\/\/orthodoxalbania.org\/2020\/2013\/03\/21\/gjirokaster-pagezime-para-pashkes\/#primaryimage\"},\"thumbnailUrl\":\"https:\/\/lh3.googleusercontent.com\/-hbwwRDk5oxo\/VABY9yTmW9I\/AAAAAAAACBg\/YtK0DnS7rg0\/w800-h600-no\/DSCN0317.jpg\",\"datePublished\":\"2013-03-21T09:22:13+00:00\",\"dateModified\":\"2020-04-06T20:32:08+00:00\",\"breadcrumb\":{\"@id\":\"https:\/\/orthodoxalbania.org\/2020\/2013\/03\/21\/gjirokaster-pagezime-para-pashkes\/#breadcrumb\"},\"inLanguage\":\"en-US\",\"potentialAction\":[{\"@type\":\"ReadAction\",\"target\":[\"https:\/\/orthodoxalbania.org\/2020\/2013\/03\/21\/gjirokaster-pagezime-para-pashkes\/\"]}]},{\"@type\":\"ImageObject\",\"inLanguage\":\"en-US\",\"@id\":\"https:\/\/orthodoxalbania.org\/2020\/2013\/03\/21\/gjirokaster-pagezime-para-pashkes\/#primaryimage\",\"url\":\"https:\/\/lh3.googleusercontent.com\/-hbwwRDk5oxo\/VABY9yTmW9I\/AAAAAAAACBg\/YtK0DnS7rg0\/w800-h600-no\/DSCN0317.jpg\",\"contentUrl\":\"https:\/\/lh3.googleusercontent.com\/-hbwwRDk5oxo\/VABY9yTmW9I\/AAAAAAAACBg\/YtK0DnS7rg0\/w800-h600-no\/DSCN0317.jpg\"},{\"@type\":\"BreadcrumbList\",\"@id\":\"https:\/\/orthodoxalbania.org\/2020\/2013\/03\/21\/gjirokaster-pagezime-para-pashkes\/#breadcrumb\",\"itemListElement\":[{\"@type\":\"ListItem\",\"position\":1,\"name\":\"Home\",\"item\":\"https:\/\/orthodoxalbania.org\/2020\/\"},{\"@type\":\"ListItem\",\"position\":2,\"name\":\"Gjirokast\u00ebr, pag\u00ebzime para Pashk\u00ebs. (13 &#8211; 14 Prill 2011)\"}]},{\"@type\":\"WebSite\",\"@id\":\"https:\/\/orthodoxalbania.org\/2020\/#website\",\"url\":\"https:\/\/orthodoxalbania.org\/2020\/\",\"name\":\"Kisha Orthodh\u03bfkse Autoqefale e Shqip\u00ebris\u00eb\",\"description\":\"Fqja Zyrtare e Kish\u00ebs Orthodhokse Autoqefale e Shqip\u00ebris\u00eb me lajmet edhe informacionet zyrtare p\u00ebr struktur\u00ebn edhe veprimtarin e saj.\",\"publisher\":{\"@id\":\"https:\/\/orthodoxalbania.org\/2020\/#organization\"},\"potentialAction\":[{\"@type\":\"SearchAction\",\"target\":{\"@type\":\"EntryPoint\",\"urlTemplate\":\"https:\/\/orthodoxalbania.org\/2020\/?s={search_term_string}\"},\"query-input\":{\"@type\":\"PropertyValueSpecification\",\"valueRequired\":true,\"valueName\":\"search_term_string\"}}],\"inLanguage\":\"en-US\"},{\"@type\":\"Organization\",\"@id\":\"https:\/\/orthodoxalbania.org\/2020\/#organization\",\"name\":\"Kisha Orthodhokse Autoqefale e Shqip\u00ebris\u00eb\",\"url\":\"https:\/\/orthodoxalbania.org\/2020\/\",\"logo\":{\"@type\":\"ImageObject\",\"inLanguage\":\"en-US\",\"@id\":\"https:\/\/orthodoxalbania.org\/2020\/#\/schema\/logo\/image\/\",\"url\":\"https:\/\/orthodoxalbania.org\/2020\/wp-content\/uploads\/2020\/05\/albania.jpeg\",\"contentUrl\":\"https:\/\/orthodoxalbania.org\/2020\/wp-content\/uploads\/2020\/05\/albania.jpeg\",\"width\":540,\"height\":540,\"caption\":\"Kisha Orthodhokse Autoqefale e Shqip\u00ebris\u00eb\"},\"image\":{\"@id\":\"https:\/\/orthodoxalbania.org\/2020\/#\/schema\/logo\/image\/\"},\"sameAs\":[\"https:\/\/www.facebook.com\/koash1991\"]},{\"@type\":\"Person\",\"@id\":\"https:\/\/orthodoxalbania.org\/2020\/#\/schema\/person\/0c387634a7063ac612d7ed9ce71c7e86\",\"name\":\"Kisha Orthodhokse\",\"image\":{\"@type\":\"ImageObject\",\"inLanguage\":\"en-US\",\"@id\":\"https:\/\/secure.gravatar.com\/avatar\/596e7c417251e30f2fbb9c00e026fce61a695a00e51c889caded71c96cbbdde5?s=96&d=mm&r=g\",\"url\":\"https:\/\/secure.gravatar.com\/avatar\/596e7c417251e30f2fbb9c00e026fce61a695a00e51c889caded71c96cbbdde5?s=96&d=mm&r=g\",\"contentUrl\":\"https:\/\/secure.gravatar.com\/avatar\/596e7c417251e30f2fbb9c00e026fce61a695a00e51c889caded71c96cbbdde5?s=96&d=mm&r=g\",\"caption\":\"Kisha Orthodhokse\"}}]}<\/script>\n<!-- \/ Yoast SEO plugin. -->","yoast_head_json":{"title":"Gjirokast\u00ebr, pag\u00ebzime para Pashk\u00ebs. (13 - 14 Prill 2011) - Kisha Orthodh\u03bfkse Autoqefale e Shqip\u00ebris\u00eb","robots":{"index":"index","follow":"follow","max-snippet":"max-snippet:-1","max-image-preview":"max-image-preview:large","max-video-preview":"max-video-preview:-1"},"canonical":"https:\/\/orthodoxalbania.org\/2020\/2013\/03\/21\/gjirokaster-pagezime-para-pashkes\/","og_locale":"en_US","og_type":"article","og_title":"Gjirokast\u00ebr, pag\u00ebzime para Pashk\u00ebs. (13 - 14 Prill 2011) - Kisha Orthodh\u03bfkse Autoqefale e Shqip\u00ebris\u00eb","og_description":"&nbsp;&nbsp;&nbsp;&nbsp; Edhe k\u00ebt\u00eb vit me Hirin e Zotit, ashtu si\u00e7 \u00ebsht\u00eb b\u00ebr\u00eb tashm\u00eb tradit\u00eb, p\u00ebrpara t\u00eb kremtes s\u00eb Pashk\u00ebs, u kryen pag\u00ebzimet e t\u00eb pa pag\u00ebzuarve n\u00eb radh\u00ebt e nx\u00ebn\u00ebsve t\u00eb Liceut Kishtar \u201cKryqi i Nderuar\u201d n\u00eb Gjirokast\u00ebr dhe t\u00eb nx\u00ebn\u00ebseve t\u00eb konviktit kishtar Bularat.K\u00ebto pag\u00ebzime u kryen n\u00eb dt. 13 prill p\u00ebr vajzat dhe n\u00eb dt.14 prill p\u00ebr djemt\u00eb. U vesh\u00ebn me Krishtin 5","og_url":"https:\/\/orthodoxalbania.org\/2020\/2013\/03\/21\/gjirokaster-pagezime-para-pashkes\/","og_site_name":"Kisha Orthodh\u03bfkse Autoqefale e Shqip\u00ebris\u00eb","article_publisher":"https:\/\/www.facebook.com\/koash1991","article_published_time":"2013-03-21T09:22:13+00:00","article_modified_time":"2020-04-06T20:32:08+00:00","og_image":[{"url":"https:\/\/lh3.googleusercontent.com\/-hbwwRDk5oxo\/VABY9yTmW9I\/AAAAAAAACBg\/YtK0DnS7rg0\/w800-h600-no\/DSCN0317.jpg","type":"","width":"","height":""}],"author":"Kisha Orthodhokse","twitter_card":"summary_large_image","twitter_misc":{"Written by":"Kisha Orthodhokse","Est. reading time":"1 minute"},"schema":{"@context":"https:\/\/schema.org","@graph":[{"@type":"Article","@id":"https:\/\/orthodoxalbania.org\/2020\/2013\/03\/21\/gjirokaster-pagezime-para-pashkes\/#article","isPartOf":{"@id":"https:\/\/orthodoxalbania.org\/2020\/2013\/03\/21\/gjirokaster-pagezime-para-pashkes\/"},"author":{"name":"Kisha Orthodhokse","@id":"https:\/\/orthodoxalbania.org\/2020\/#\/schema\/person\/0c387634a7063ac612d7ed9ce71c7e86"},"headline":"Gjirokast\u00ebr, pag\u00ebzime para Pashk\u00ebs. (13 &#8211; 14 Prill 2011)","datePublished":"2013-03-21T09:22:13+00:00","dateModified":"2020-04-06T20:32:08+00:00","mainEntityOfPage":{"@id":"https:\/\/orthodoxalbania.org\/2020\/2013\/03\/21\/gjirokaster-pagezime-para-pashkes\/"},"wordCount":171,"commentCount":0,"publisher":{"@id":"https:\/\/orthodoxalbania.org\/2020\/#organization"},"image":{"@id":"https:\/\/orthodoxalbania.org\/2020\/2013\/03\/21\/gjirokaster-pagezime-para-pashkes\/#primaryimage"},"thumbnailUrl":"https:\/\/lh3.googleusercontent.com\/-hbwwRDk5oxo\/VABY9yTmW9I\/AAAAAAAACBg\/YtK0DnS7rg0\/w800-h600-no\/DSCN0317.jpg","keywords":["2011","lajme","Mitropolia Gjirokast\u00ebr","Pashk\u00eb"],"articleSection":["Lajme"],"inLanguage":"en-US"},{"@type":"WebPage","@id":"https:\/\/orthodoxalbania.org\/2020\/2013\/03\/21\/gjirokaster-pagezime-para-pashkes\/","url":"https:\/\/orthodoxalbania.org\/2020\/2013\/03\/21\/gjirokaster-pagezime-para-pashkes\/","name":"Gjirokast\u00ebr, pag\u00ebzime para Pashk\u00ebs. (13 - 14 Prill 2011) - Kisha Orthodh\u03bfkse Autoqefale e Shqip\u00ebris\u00eb","isPartOf":{"@id":"https:\/\/orthodoxalbania.org\/2020\/#website"},"primaryImageOfPage":{"@id":"https:\/\/orthodoxalbania.org\/2020\/2013\/03\/21\/gjirokaster-pagezime-para-pashkes\/#primaryimage"},"image":{"@id":"https:\/\/orthodoxalbania.org\/2020\/2013\/03\/21\/gjirokaster-pagezime-para-pashkes\/#primaryimage"},"thumbnailUrl":"https:\/\/lh3.googleusercontent.com\/-hbwwRDk5oxo\/VABY9yTmW9I\/AAAAAAAACBg\/YtK0DnS7rg0\/w800-h600-no\/DSCN0317.jpg","datePublished":"2013-03-21T09:22:13+00:00","dateModified":"2020-04-06T20:32:08+00:00","breadcrumb":{"@id":"https:\/\/orthodoxalbania.org\/2020\/2013\/03\/21\/gjirokaster-pagezime-para-pashkes\/#breadcrumb"},"inLanguage":"en-US","potentialAction":[{"@type":"ReadAction","target":["https:\/\/orthodoxalbania.org\/2020\/2013\/03\/21\/gjirokaster-pagezime-para-pashkes\/"]}]},{"@type":"ImageObject","inLanguage":"en-US","@id":"https:\/\/orthodoxalbania.org\/2020\/2013\/03\/21\/gjirokaster-pagezime-para-pashkes\/#primaryimage","url":"https:\/\/lh3.googleusercontent.com\/-hbwwRDk5oxo\/VABY9yTmW9I\/AAAAAAAACBg\/YtK0DnS7rg0\/w800-h600-no\/DSCN0317.jpg","contentUrl":"https:\/\/lh3.googleusercontent.com\/-hbwwRDk5oxo\/VABY9yTmW9I\/AAAAAAAACBg\/YtK0DnS7rg0\/w800-h600-no\/DSCN0317.jpg"},{"@type":"BreadcrumbList","@id":"https:\/\/orthodoxalbania.org\/2020\/2013\/03\/21\/gjirokaster-pagezime-para-pashkes\/#breadcrumb","itemListElement":[{"@type":"ListItem","position":1,"name":"Home","item":"https:\/\/orthodoxalbania.org\/2020\/"},{"@type":"ListItem","position":2,"name":"Gjirokast\u00ebr, pag\u00ebzime para Pashk\u00ebs. (13 &#8211; 14 Prill 2011)"}]},{"@type":"WebSite","@id":"https:\/\/orthodoxalbania.org\/2020\/#website","url":"https:\/\/orthodoxalbania.org\/2020\/","name":"Kisha Orthodh\u03bfkse Autoqefale e Shqip\u00ebris\u00eb","description":"Fqja Zyrtare e Kish\u00ebs Orthodhokse Autoqefale e Shqip\u00ebris\u00eb me lajmet edhe informacionet zyrtare p\u00ebr struktur\u00ebn edhe veprimtarin e saj.","publisher":{"@id":"https:\/\/orthodoxalbania.org\/2020\/#organization"},"potentialAction":[{"@type":"SearchAction","target":{"@type":"EntryPoint","urlTemplate":"https:\/\/orthodoxalbania.org\/2020\/?s={search_term_string}"},"query-input":{"@type":"PropertyValueSpecification","valueRequired":true,"valueName":"search_term_string"}}],"inLanguage":"en-US"},{"@type":"Organization","@id":"https:\/\/orthodoxalbania.org\/2020\/#organization","name":"Kisha Orthodhokse Autoqefale e Shqip\u00ebris\u00eb","url":"https:\/\/orthodoxalbania.org\/2020\/","logo":{"@type":"ImageObject","inLanguage":"en-US","@id":"https:\/\/orthodoxalbania.org\/2020\/#\/schema\/logo\/image\/","url":"https:\/\/orthodoxalbania.org\/2020\/wp-content\/uploads\/2020\/05\/albania.jpeg","contentUrl":"https:\/\/orthodoxalbania.org\/2020\/wp-content\/uploads\/2020\/05\/albania.jpeg","width":540,"height":540,"caption":"Kisha Orthodhokse Autoqefale e Shqip\u00ebris\u00eb"},"image":{"@id":"https:\/\/orthodoxalbania.org\/2020\/#\/schema\/logo\/image\/"},"sameAs":["https:\/\/www.facebook.com\/koash1991"]},{"@type":"Person","@id":"https:\/\/orthodoxalbania.org\/2020\/#\/schema\/person\/0c387634a7063ac612d7ed9ce71c7e86","name":"Kisha Orthodhokse","image":{"@type":"ImageObject","inLanguage":"en-US","@id":"https:\/\/secure.gravatar.com\/avatar\/596e7c417251e30f2fbb9c00e026fce61a695a00e51c889caded71c96cbbdde5?s=96&d=mm&r=g","url":"https:\/\/secure.gravatar.com\/avatar\/596e7c417251e30f2fbb9c00e026fce61a695a00e51c889caded71c96cbbdde5?s=96&d=mm&r=g","contentUrl":"https:\/\/secure.gravatar.com\/avatar\/596e7c417251e30f2fbb9c00e026fce61a695a00e51c889caded71c96cbbdde5?s=96&d=mm&r=g","caption":"Kisha Orthodhokse"}}]}},"_links":{"self":[{"href":"https:\/\/orthodoxalbania.org\/2020\/wp-json\/wp\/v2\/posts\/602","targetHints":{"allow":["GET"]}}],"collection":[{"href":"https:\/\/orthodoxalbania.org\/2020\/wp-json\/wp\/v2\/posts"}],"about":[{"href":"https:\/\/orthodoxalbania.org\/2020\/wp-json\/wp\/v2\/types\/post"}],"author":[{"embeddable":true,"href":"https:\/\/orthodoxalbania.org\/2020\/wp-json\/wp\/v2\/users\/1"}],"replies":[{"embeddable":true,"href":"https:\/\/orthodoxalbania.org\/2020\/wp-json\/wp\/v2\/comments?post=602"}],"version-history":[{"count":1,"href":"https:\/\/orthodoxalbania.org\/2020\/wp-json\/wp\/v2\/posts\/602\/revisions"}],"predecessor-version":[{"id":15408,"href":"https:\/\/orthodoxalbania.org\/2020\/wp-json\/wp\/v2\/posts\/602\/revisions\/15408"}],"wp:attachment":[{"href":"https:\/\/orthodoxalbania.org\/2020\/wp-json\/wp\/v2\/media?parent=602"}],"wp:term":[{"taxonomy":"category","embeddable":true,"href":"https:\/\/orthodoxalbania.org\/2020\/wp-json\/wp\/v2\/categories?post=602"},{"taxonomy":"post_tag","embeddable":true,"href":"https:\/\/orthodoxalbania.org\/2020\/wp-json\/wp\/v2\/tags?post=602"}],"curies":[{"name":"wp","href":"https:\/\/api.w.org\/{rel}","templated":true}]}}