{"id":599,"date":"2006-02-26T00:00:00","date_gmt":"2006-02-26T00:00:00","guid":{"rendered":""},"modified":"2020-04-06T22:36:02","modified_gmt":"2020-04-06T20:36:02","slug":"gezuar-krishtlindjet-nga-burgu-325-ne-tirane-krishtlindje-06","status":"publish","type":"post","link":"https:\/\/orthodoxalbania.org\/2020\/2006\/02\/26\/gezuar-krishtlindjet-nga-burgu-325-ne-tirane-krishtlindje-06\/","title":{"rendered":"G\u00ebzuar Krishtlindjet nga burgu 325 n\u00eb Tiran\u00eb. (14 Dhjetor 2006)"},"content":{"rendered":"<table id=\"AutoNumber4\" style=\"width: 664px; height: 3399px;\" border=\"0\">\n<tbody>\n<tr>\n<td>\n<div style=\"text-align: justify;\"><span style=\"color: #000000;\"><span style=\"font-family: tahoma,geneva,sans-serif;\"><span style=\"font-size: 12px;\">&nbsp;&nbsp;&nbsp; Krishtlindja \u00ebsht\u00eb festa e t\u00eb gjith\u00ebve, edhe e t\u00eb varf\u00ebrve edhe e t\u00eb pasurve, fest\u00eb e t\u00eb g\u00ebzuarve dhe e t\u00eb hidh\u00ebruarve\u2026 e t\u00eb lir\u00ebve dhe e t\u00eb burgosurve. \u00cbsht\u00eb bekim i ve\u00e7ant\u00eb t\u00eb jesh n\u00eb k\u00ebt\u00eb koh\u00eb pran\u00eb t\u00eb gjith\u00eb njer\u00ebzve, sidomos atyre q\u00eb kan\u00eb nevoj\u00eb p\u00ebr ngroht\u00ebsi, p\u00ebr besim dhe optimiz\u00ebm. K\u00ebta njer\u00ebz ndodhen kudo, n\u00eb \u00e7do k\u00ebnd t\u00eb planetit, sikurse edhe n\u00eb vendin ton\u00eb.<\/span><\/span><\/span><\/div>\n<\/td>\n<td>\n<div><span style=\"color: #000000;\"><span style=\"font-family: tahoma,geneva,sans-serif;\"><span style=\"font-size: 12px;\">&nbsp;&nbsp;&nbsp; <img decoding=\"async\" class=\"lazyload HAa Eha\" style=\"border-width: 1px; border-style: solid; margin: 10px auto; display: block;\" alt=\"\" src=\"data:image\/svg+xml,%3Csvg%20xmlns%3D%27http%3A%2F%2Fwww.w3.org%2F2000%2Fsvg%27%20width%3D%27233%27%20height%3D%27175%27%20viewBox%3D%270%200%20233%20175%27%3E%3Crect%20width%3D%27233%27%20height%3D%27175%27%20fill-opacity%3D%220%22%2F%3E%3C%2Fsvg%3E\" data-orig-src=\"https:\/\/lh5.googleusercontent.com\/-07_med3Rv00\/VIgmpTjVz3I\/AAAAAAAAF0w\/z5jQ4BD2V4M\/w370-h278-no\/grate1.jpg\" height=\"175\" width=\"233\" \/><\/span><\/span><\/span><\/div>\n<\/td>\n<\/tr>\n<tr>\n<td>\n<div><span style=\"color: #000000;\"><span style=\"font-family: tahoma,geneva,sans-serif;\"><span style=\"font-size: 12px;\">&nbsp;&nbsp;&nbsp;&nbsp;&nbsp; <img decoding=\"async\" class=\"lazyload HAa Eha\" style=\"margin: 10px auto; display: block; border: 1px solid;\" alt=\"\" src=\"data:image\/svg+xml,%3Csvg%20xmlns%3D%27http%3A%2F%2Fwww.w3.org%2F2000%2Fsvg%27%20width%3D%27229%27%20height%3D%27172%27%20viewBox%3D%270%200%20229%20172%27%3E%3Crect%20width%3D%27229%27%20height%3D%27172%27%20fill-opacity%3D%220%22%2F%3E%3C%2Fsvg%3E\" data-orig-src=\"https:\/\/lh3.googleusercontent.com\/-0OZk3gGZT_0\/VIgmp-YJtTI\/AAAAAAAAF0I\/Xb9E76uQ1Bc\/w370-h278-no\/grate2.jpg\" height=\"172\" width=\"229\" \/><\/span><\/span><\/span><\/div>\n<\/td>\n<td>\n<div style=\"text-align: justify;\"><span style=\"color: #000000;\"><span style=\"font-family: tahoma,geneva,sans-serif;\"><span style=\"font-size: 12px;\">&nbsp;&nbsp;&nbsp; N\u00eb burgun 325 n\u00eb Tiran\u00eb ndodhen 220 t\u00eb burgosur prej t\u00eb cil\u00ebve 140 jan\u00eb burra dhe 80 gra. Prej 10 vjet\u00ebsh, Kisha Orthodhokse Autoqefale e Shqip\u00ebris\u00eb ka ndihmuar materialisht dhe shpirt\u00ebrisht, duke bashk\u00ebpunuar me stafin dhe drejtorin\u00eb e k\u00ebtij burgu, bashk\u00ebpunim ky q\u00eb ka qen\u00eb p\u00ebrher\u00eb dhe m\u00eb i ngroht\u00eb e i efektsh\u00ebm. Me bekimin e Kryepiskopit Anastas dhe kontributin e tij, ky aktivitet dhe kjo ndihm\u00eb filloi dhe vazhdon t\u00eb kontribuoj\u00eb n\u00eb ngritjen humane t\u00eb t\u00eb burgosurve.<\/span><\/span><\/span><\/div>\n<\/td>\n<\/tr>\n<tr>\n<td>\n<div style=\"text-align: justify;\"><span style=\"color: #000000;\"><span style=\"font-family: tahoma,geneva,sans-serif;\"><span style=\"font-size: 12px;\">&nbsp;&nbsp;&nbsp; T\u00eb par\u00ebt q\u00eb e mor\u00ebn iniciativ\u00ebn ishin t\u00eb ndjer\u00ebt At\u00eb Sotir Xhaferri dhe bashk\u00ebshortja e tij Marjana, t\u00eb cil\u00ebt hodh\u00ebn hapat e para t\u00eb k\u00ebtij bashk\u00ebpunimi q\u00eb vazhdon edhe sot, i ndjekur me kujdes dhe p\u00ebrkushtim nga Zyra e Lidhjes s\u00eb Grave Orthodhokse \u201cP\u00ebrhapja e Dashuris\u00eb\u201d dhe nga disa misionar\u00eb orthodhoks\u00eb q\u00eb kan\u00eb ndihmuar e ndihmojn\u00eb n\u00eb veprimtarit\u00eb humanitare t\u00eb Kish\u00ebs son\u00eb n\u00eb Shqip\u00ebri.<\/span><\/span><\/span><\/div>\n<\/td>\n<td>\n<div><span style=\"color: #000000;\"><span style=\"font-family: tahoma,geneva,sans-serif;\"><span style=\"font-size: 12px;\">&nbsp;&nbsp;&nbsp; <img decoding=\"async\" class=\"lazyload HAa Eha\" style=\"border-width: 1px; border-style: solid; margin: 10px auto; display: block;\" alt=\"\" src=\"data:image\/svg+xml,%3Csvg%20xmlns%3D%27http%3A%2F%2Fwww.w3.org%2F2000%2Fsvg%27%20width%3D%27253%27%20height%3D%27190%27%20viewBox%3D%270%200%20253%20190%27%3E%3Crect%20width%3D%27253%27%20height%3D%27190%27%20fill-opacity%3D%220%22%2F%3E%3C%2Fsvg%3E\" data-orig-src=\"https:\/\/lh5.googleusercontent.com\/-T1cAm4kiObw\/VIgmqPLCTaI\/AAAAAAAAF0Q\/NJpvYe37XFU\/w370-h278-no\/grate3.jpg\" height=\"190\" width=\"253\" \/><\/span><\/span><\/span><\/div>\n<\/td>\n<\/tr>\n<tr>\n<td>\n<div><span style=\"color: #000000;\"><span style=\"font-family: tahoma,geneva,sans-serif;\"><span style=\"font-size: 12px;\">&nbsp;&nbsp;&nbsp;&nbsp; <img decoding=\"async\" class=\"lazyload HAa Eha\" style=\"border-width: 1px; border-style: solid; margin: 10px auto; display: block;\" alt=\"\" src=\"data:image\/svg+xml,%3Csvg%20xmlns%3D%27http%3A%2F%2Fwww.w3.org%2F2000%2Fsvg%27%20width%3D%27220%27%20height%3D%27165%27%20viewBox%3D%270%200%20220%20165%27%3E%3Crect%20width%3D%27220%27%20height%3D%27165%27%20fill-opacity%3D%220%22%2F%3E%3C%2Fsvg%3E\" data-orig-src=\"https:\/\/lh3.googleusercontent.com\/-2WOwG-bdMpc\/VIgmqV_j6JI\/AAAAAAAAF0o\/Vb-PDHKm8jI\/w370-h278-no\/grate4.jpg\" height=\"165\" width=\"220\" \/> <\/span><\/span><\/span><\/div>\n<\/td>\n<td>\n<div style=\"text-align: justify;\"><span style=\"color: #000000;\"><span style=\"font-family: tahoma,geneva,sans-serif;\"><span style=\"font-size: 12px;\">&nbsp;&nbsp;&nbsp; N\u00eb prag t\u00eb k\u00ebsaj Krishtlindjeje po n\u00eb k\u00ebt\u00eb burg, dit\u00ebn e enjte, n\u00eb dat\u00eb 14 dhjetor u krye nj\u00eb vizit\u00eb e ve\u00e7ant\u00eb nga disa p\u00ebrfaq\u00ebsues t\u00eb Kish\u00ebs son\u00eb: klerik\u00eb, gra e t\u00eb rinj, duke zhvilluar k\u00ebshtu nj\u00eb takim mbres\u00ebl\u00ebn\u00ebs n\u00eb k\u00ebto ambiente. Gjat\u00eb k\u00ebtij takimi p\u00ebr t\u00eb gjith\u00eb t\u00eb burgosurit u ndan dhurata, ikona t\u00eb Krishtlindjes si edhe u zhvilluan biseda t\u00eb ngrohta, miq\u00ebsore e shpirt\u00ebrore.<\/span><\/span><\/span><\/div>\n<\/td>\n<\/tr>\n<tr>\n<td>\n<div style=\"text-align: justify;\"><span style=\"color: #000000;\"><span style=\"font-family: tahoma,geneva,sans-serif;\"><span style=\"font-size: 12px;\">&nbsp;&nbsp; P\u00ebrgjegj\u00ebsja e Zyr\u00ebs s\u00eb Lidhjes s\u00eb Grave Orthodhokse, znj. Rajmonda Shqevi prezantoi edhe nj\u00eb her\u00eb p\u00ebr t\u00eb gjith\u00eb t\u00eb pranishmit gjith\u00eb pun\u00ebn dhe ndihm\u00ebn e dh\u00ebn\u00eb nga Kisha Orthodhokse Autoqefale t\u00eb Shqip\u00ebris\u00eb gjat\u00eb gjith\u00eb k\u00ebtyre viteve, duke u karakterizuar nga mir\u00ebsia, humanizmi dhe dashuria.<\/span><\/span><\/span><\/div>\n<\/td>\n<td>\n<div><span style=\"color: #000000;\"><span style=\"font-family: tahoma,geneva,sans-serif;\"><span style=\"font-size: 12px;\">&nbsp;&nbsp;&nbsp;&nbsp; <img decoding=\"async\" class=\"lazyload HAa Eha\" style=\"border-width: 1px; border-style: solid; margin: 10px auto; display: block;\" alt=\"\" src=\"data:image\/svg+xml,%3Csvg%20xmlns%3D%27http%3A%2F%2Fwww.w3.org%2F2000%2Fsvg%27%20width%3D%27256%27%20height%3D%27192%27%20viewBox%3D%270%200%20256%20192%27%3E%3Crect%20width%3D%27256%27%20height%3D%27192%27%20fill-opacity%3D%220%22%2F%3E%3C%2Fsvg%3E\" data-orig-src=\"https:\/\/lh6.googleusercontent.com\/-PgP50Q8mf5k\/VIgmqrqxvoI\/AAAAAAAAF0c\/XThtxHyzYjk\/w370-h278-no\/grate5.jpg\" height=\"192\" width=\"256\" \/><\/span><\/span><\/span><\/div>\n<\/td>\n<\/tr>\n<tr>\n<td>\n<div><span style=\"color: #000000;\"><span style=\"font-family: tahoma,geneva,sans-serif;\"><span style=\"font-size: 12px;\"><img decoding=\"async\" class=\"lazyload HAa Eha\" style=\"border-width: 1px; border-style: solid; margin: 10px auto; display: block;\" alt=\"\" src=\"data:image\/svg+xml,%3Csvg%20xmlns%3D%27http%3A%2F%2Fwww.w3.org%2F2000%2Fsvg%27%20width%3D%27225%27%20height%3D%27169%27%20viewBox%3D%270%200%20225%20169%27%3E%3Crect%20width%3D%27225%27%20height%3D%27169%27%20fill-opacity%3D%220%22%2F%3E%3C%2Fsvg%3E\" data-orig-src=\"https:\/\/lh5.googleusercontent.com\/-UTXa4C_zDq8\/VIgmrCamJMI\/AAAAAAAAF0k\/MJmi7UOduqI\/w370-h278-no\/grate6.jpg\" height=\"169\" width=\"225\" \/><br \/> &nbsp;&nbsp;&nbsp;&nbsp;<\/span><\/span><\/span><\/div>\n<\/td>\n<td>\n<div style=\"text-align: justify;\"><span style=\"color: #000000;\"><span style=\"font-family: tahoma,geneva,sans-serif;\"><span style=\"font-size: 12px;\">&nbsp;&nbsp;&nbsp; Znj. Rajmonda p\u00ebrmendi k\u00ebtu ndihm\u00ebn e dh\u00ebn\u00eb nga Kisha jon\u00eb n\u00eb vler\u00eb monetare, p\u00ebr pages\u00ebn p\u00ebr nj\u00eb koh\u00eb t\u00eb gjat\u00eb energjis\u00eb elektrike n\u00eb seksionin e grave, ndihm\u00ebn n\u00eb ushqime dhe veshmbathje si edhe nd\u00ebrtimin e nj\u00eb ser\u00eb lulesh&nbsp; dhe perimesh, kjo e fundit dhurat\u00eb nga Kisha jon\u00eb n\u00eb fillim t\u00eb vitit 2001.<\/span><\/span><\/span><\/div>\n<\/td>\n<\/tr>\n<tr>\n<td>\n<div style=\"text-align: justify;\"><span style=\"color: #000000;\"><span style=\"font-family: tahoma,geneva,sans-serif;\"><span style=\"font-size: 12px;\">&nbsp;&nbsp;&nbsp; Ky ambient ka qen\u00eb dhe vazhdon t\u00eb jet\u00eb nj\u00eb ndihm\u00eb e madhe financiare. T\u00eb gjitha t\u00eb ardhurat nga shitja e prodhimit kalojn\u00eb p\u00ebr k\u00ebto gra dhe nj\u00ebkoh\u00ebsisht \u00ebsht\u00eb edhe nj\u00eb ndihm\u00eb nga ana psikologjike, pasi koha q\u00eb kalojn\u00eb duke punuar n\u00eb k\u00ebt\u00eb ambient i ndihmon t\u00eb jetojn\u00eb m\u00eb ndryshe momentet e v\u00ebshtira q\u00eb mund t\u00eb kaloj\u00eb gjithsecila.&nbsp;<\/span><\/span><\/span><\/div>\n<\/td>\n<td>\n<div><span style=\"color: #000000;\"><span style=\"font-family: tahoma,geneva,sans-serif;\"><span style=\"font-size: 12px;\"><img decoding=\"async\" class=\"lazyload HAa Eha\" style=\"border-width: 1px; border-style: solid; margin: 10px auto; display: block;\" alt=\"\" src=\"data:image\/svg+xml,%3Csvg%20xmlns%3D%27http%3A%2F%2Fwww.w3.org%2F2000%2Fsvg%27%20width%3D%27278%27%20height%3D%27209%27%20viewBox%3D%270%200%20278%20209%27%3E%3Crect%20width%3D%27278%27%20height%3D%27209%27%20fill-opacity%3D%220%22%2F%3E%3C%2Fsvg%3E\" data-orig-src=\"https:\/\/lh3.googleusercontent.com\/-Gwk62xoV8vU\/VIgmruNWyCI\/AAAAAAAAF0s\/UhnupoEcSzg\/w370-h278-no\/grate7.jpg\" height=\"209\" width=\"278\" \/><\/span><\/span><\/span><\/div>\n<\/td>\n<\/tr>\n<tr>\n<td>\n<div><span style=\"color: #000000;\"><span style=\"font-family: tahoma,geneva,sans-serif;\"><span style=\"font-size: 12px;\"><img decoding=\"async\" class=\"lazyload HAa Eha\" style=\"border-width: 1px; border-style: solid; margin: 10px auto; display: block;\" alt=\"\" src=\"data:image\/svg+xml,%3Csvg%20xmlns%3D%27http%3A%2F%2Fwww.w3.org%2F2000%2Fsvg%27%20width%3D%27232%27%20height%3D%27174%27%20viewBox%3D%270%200%20232%20174%27%3E%3Crect%20width%3D%27232%27%20height%3D%27174%27%20fill-opacity%3D%220%22%2F%3E%3C%2Fsvg%3E\" data-orig-src=\"https:\/\/lh4.googleusercontent.com\/-HseYcqKFwjI\/VIgmo_bMxxI\/AAAAAAAAF00\/7rYs0rfDoRc\/w370-h278-no\/burrat1.jpg\" height=\"174\" width=\"232\" \/><\/span><\/span><\/span><\/div>\n<\/td>\n<td>\n<div style=\"text-align: justify;\"><span style=\"color: #000000;\"><span style=\"font-family: tahoma,geneva,sans-serif;\"><span style=\"font-size: 12px;\">&nbsp;&nbsp;&nbsp; Dhjakon Hektori n\u00eb fjal\u00ebn e tij mbi kuptimin e fest\u00ebs s\u00eb Krishtlindjes kujtoi se: \u201cn\u00eb k\u00ebt\u00eb fest\u00eb ne i b\u00ebjm\u00eb shum\u00eb dhurata nj\u00ebri-tjetrit, por nuk duhet t\u00eb harrojm\u00eb se dhurata m\u00eb e madhe n\u00eb k\u00ebt\u00eb koh\u00eb \u00ebsht\u00eb dhurata q\u00eb na b\u00ebri Per\u00ebndia t\u00eb gjith\u00ebve ne: Ai na ka dh\u00ebn\u00eb Birin e Tij t\u00eb vet\u00ebm, Jisu Krishtin. Shumic\u00ebn e rasteve ne mendojm\u00eb kur do t\u00eb shkojm\u00eb n\u00eb jet\u00ebn tjet\u00ebr. Por shp\u00ebtimi fillon n\u00eb k\u00ebt\u00eb koh\u00eb, n\u00eb k\u00ebt\u00eb jet\u00eb. Krishti na thot\u00eb n\u00eb Bib\u00ebl q\u00eb: Mbret\u00ebria e Per\u00ebndis\u00eb \u00ebsht\u00eb pran\u00eb jush.<\/span><\/span><\/span><\/div>\n<\/td>\n<\/tr>\n<tr>\n<td>\n<div style=\"text-align: justify;\"><span style=\"color: #000000;\"><span style=\"font-family: tahoma,geneva,sans-serif;\"><span style=\"font-size: 12px;\">&nbsp;&nbsp;&nbsp; Bota rreth nesh \u00ebsht\u00eb e rrethuar me lig\u00ebsi, por nj\u00eb nga emrat e Krishtit \u00ebsht\u00eb Emanuel, q\u00eb do t\u00eb thot\u00eb: \u201cPer\u00ebndia \u00ebsht\u00eb me ne\u201d. Pra, edhe n\u00eb v\u00ebshtir\u00ebsit\u00eb m\u00eb t\u00eb m\u00ebdha t\u00eb jet\u00ebs Per\u00ebndia \u00ebsht\u00eb me ne. Ne p\u00ebrpiqemi t\u00eb p\u00ebrjetojm\u00eb Krishtin, sepse kur Per\u00ebndia \u00ebsht\u00eb me ne, t\u00eb gjith\u00eb jemi t\u00eb mbushur me paqe, g\u00ebzim dhe dashuri\u201d.<\/span><\/span><\/span><\/div>\n<\/td>\n<td>\n<div><span style=\"color: #000000;\"><span style=\"font-family: tahoma,geneva,sans-serif;\"><span style=\"font-size: 12px;\"><img decoding=\"async\" class=\"lazyload HAa Eha\" style=\"border-width: 1px; border-style: solid; margin: 10px auto; display: block;\" alt=\"\" src=\"data:image\/svg+xml,%3Csvg%20xmlns%3D%27http%3A%2F%2Fwww.w3.org%2F2000%2Fsvg%27%20width%3D%27278%27%20height%3D%27209%27%20viewBox%3D%270%200%20278%20209%27%3E%3Crect%20width%3D%27278%27%20height%3D%27209%27%20fill-opacity%3D%220%22%2F%3E%3C%2Fsvg%3E\" data-orig-src=\"https:\/\/lh3.googleusercontent.com\/-kbzy1f_56g4\/VIgmo-HbxII\/AAAAAAAAF08\/7sqFSYb5QDw\/w370-h278-no\/burrat2.jpg\" height=\"209\" width=\"278\" \/><\/span><\/span><\/span><\/div>\n<\/td>\n<\/tr>\n<tr>\n<td>\n<div><span style=\"color: #000000;\"><span style=\"font-family: tahoma,geneva,sans-serif;\"><span style=\"font-size: 12px;\"><img decoding=\"async\" class=\"lazyload HAa Eha\" style=\"border-width: 1px; border-style: solid; margin: 10px auto; display: block;\" alt=\"\" src=\"data:image\/svg+xml,%3Csvg%20xmlns%3D%27http%3A%2F%2Fwww.w3.org%2F2000%2Fsvg%27%20width%3D%27243%27%20height%3D%27182%27%20viewBox%3D%270%200%20243%20182%27%3E%3Crect%20width%3D%27243%27%20height%3D%27182%27%20fill-opacity%3D%220%22%2F%3E%3C%2Fsvg%3E\" data-orig-src=\"https:\/\/lh3.googleusercontent.com\/-4vWfY4hGxUk\/VIgmotO278I\/AAAAAAAAFzw\/N6FWBn7hCBo\/w370-h278-no\/burrat3.jpg\" height=\"182\" width=\"243\" \/><\/span><\/span><\/span><\/div>\n<\/td>\n<td>\n<div style=\"text-align: justify;\"><span style=\"color: #000000;\"><span style=\"font-family: tahoma,geneva,sans-serif;\"><span style=\"font-size: 12px;\">&nbsp;&nbsp;&nbsp;&nbsp; Nd\u00ebrsa kryedhjakon Asti tha nd\u00ebr t\u00eb tjera se njer\u00ebzit q\u00eb kan\u00eb vizionin se Per\u00ebndia \u00ebsht\u00eb me ne, kan\u00eb edhe angazhimin se edhe ata do t\u00eb duhet t\u00eb jen\u00eb me T\u00eb. Vjen nj\u00eb moment, q\u00eb fillon dhe nuk mbaron, kur njer\u00ebzit b\u00ebjn\u00eb nj\u00eb p\u00ebrmbledhje dhe rishikim t\u00eb jet\u00ebs s\u00eb tyre p\u00ebr sa kan\u00eb b\u00ebr\u00eb dhe jan\u00eb duke b\u00ebr\u00eb tani. K\u00ebshtu dhe neve sot kuptojm\u00eb se dal\u00ebngadal\u00eb po mbyllet nj\u00eb vit dhe po fillon nj\u00eb vit i ri, i cili k\u00ebrkon edhe nj\u00eb angazhim t\u00eb ri, nj\u00eb vizion t\u00eb ri, duke menduar se do duhet t\u00eb jemi edhe ne me Per\u00ebndin\u00eb dhe pran\u00eb Tij dhe kjo mund t\u00eb b\u00ebhet vet\u00ebm me optimiz\u00ebm dhe dashuri p\u00ebr jet\u00ebn, t\u00eb cil\u00ebn e kemi dhurat\u00eb nga Per\u00ebndia.<\/span><\/span><\/span><\/div>\n<\/td>\n<\/tr>\n<tr>\n<td>\n<div dir=\"ltr\" style=\"text-align: justify;\"><span style=\"color: #000000;\"><span style=\"font-family: tahoma,geneva,sans-serif;\"><span style=\"font-size: 12px;\">&nbsp;&nbsp;&nbsp; Burrat dhe grat\u00eb e k\u00ebtij burgu i prit\u00ebn me ngroht\u00ebsi dhe mir\u00ebnjohje vizitor\u00ebt e rregullt t\u00eb tyre, p\u00ebrfaq\u00ebsuesit e Kish\u00ebs son\u00eb, q\u00eb i kujtojn\u00eb, i vizitojn\u00eb dhe i ndihmojn\u00eb me ngroht\u00ebsi e dashuri, madje edhe duke ndar\u00eb g\u00ebzimet dhe hidh\u00ebrimet e tyre. Binte n\u00eb sy dashamir\u00ebsia, respekti p\u00ebr t\u00eb gjith\u00eb dhe g\u00ebzimi n\u00eb urimin e p\u00ebrzem\u00ebrt \u201cKrishtlindje t\u00eb g\u00ebzuara dhe vit t\u00eb bekuar\u201d. &nbsp;&nbsp;&nbsp;<\/span><\/span><\/span><\/div>\n<\/td>\n<td>\n<div><span style=\"color: #000000;\"><span style=\"font-family: tahoma,geneva,sans-serif;\"><span style=\"font-size: 12px;\"><img decoding=\"async\" class=\"lazyload HAa Eha\" style=\"border-width: 1px; border-style: solid; margin: 10px auto; display: block;\" alt=\"\" src=\"data:image\/svg+xml,%3Csvg%20xmlns%3D%27http%3A%2F%2Fwww.w3.org%2F2000%2Fsvg%27%20width%3D%27273%27%20height%3D%27205%27%20viewBox%3D%270%200%20273%20205%27%3E%3Crect%20width%3D%27273%27%20height%3D%27205%27%20fill-opacity%3D%220%22%2F%3E%3C%2Fsvg%3E\" data-orig-src=\"https:\/\/lh4.googleusercontent.com\/-_T6DLXV4BRw\/VIgmpGenVkI\/AAAAAAAAFz8\/72uyiwaEb0Q\/w370-h278-no\/burrat4.jpg\" height=\"205\" width=\"273\" \/><\/span><\/span><\/span><\/div>\n<\/td>\n<\/tr>\n<tr>\n<td colspan=\"2\">\n<div style=\"text-align: justify;\"><span style=\"color: #000000;\"><span style=\"font-family: tahoma,geneva,sans-serif;\"><span style=\"font-size: 12px;\"><\/span><\/span><\/span><span><span style=\"font-family: tahoma,geneva,sans-serif;\"><span style=\"font-size: 12px;\"><strong>Isidor Koti <\/strong> &amp;&nbsp;<strong>Sonila Dedja<\/strong><\/span><\/span><\/span><\/div>\n<\/td>\n<\/tr>\n<\/tbody>\n<\/table>\n","protected":false},"excerpt":{"rendered":"<p>&nbsp;&nbsp;&nbsp; Krishtlindja \u00ebsht\u00eb festa e t\u00eb gjith\u00ebve, edhe e t\u00eb varf\u00ebrve edhe e t\u00eb pasurve, fest\u00eb e t\u00eb g\u00ebzuarve dhe e t\u00eb hidh\u00ebruarve\u2026 e t\u00eb lir\u00ebve dhe e t\u00eb burgosurve. \u00cbsht\u00eb bekim i ve\u00e7ant\u00eb t\u00eb jesh n\u00eb k\u00ebt\u00eb koh\u00eb pran\u00eb t\u00eb gjith\u00eb njer\u00ebzve, sidomos atyre q\u00eb kan\u00eb nevoj\u00eb p\u00ebr ngroht\u00ebsi, p\u00ebr besim dhe optimiz\u00ebm. K\u00ebta njer\u00ebz ndodhen kudo, n\u00eb \u00e7do k\u00ebnd t\u00eb planetit, sikurse edhe<\/p>\n","protected":false},"author":1,"featured_media":0,"comment_status":"open","ping_status":"open","sticky":false,"template":"","format":"standard","meta":{"_acf_changed":false,"pagelayer_contact_templates":[],"_pagelayer_content":"","inline_featured_image":false,"fifu_image_url":"","fifu_image_alt":"","footnotes":""},"categories":[108],"tags":[148,154,192,196,212],"class_list":["post-599","post","type-post","status-publish","format-standard","hentry","category-lajme","tag-148","tag-aktivitete","tag-krishtlindje","tag-tirane","tag-lajme-d27"],"acf":[],"yoast_head":"<!-- This site is optimized with the Yoast SEO plugin v27.2 - https:\/\/yoast.com\/product\/yoast-seo-wordpress\/ -->\n<title>G\u00ebzuar Krishtlindjet nga burgu 325 n\u00eb Tiran\u00eb. (14 Dhjetor 2006) - Kisha Orthodh\u03bfkse Autoqefale e Shqip\u00ebris\u00eb<\/title>\n<meta name=\"robots\" content=\"index, follow, max-snippet:-1, max-image-preview:large, max-video-preview:-1\" \/>\n<link rel=\"canonical\" href=\"https:\/\/orthodoxalbania.org\/2020\/2006\/02\/26\/gezuar-krishtlindjet-nga-burgu-325-ne-tirane-krishtlindje-06\/\" \/>\n<meta property=\"og:locale\" content=\"en_US\" \/>\n<meta property=\"og:type\" content=\"article\" \/>\n<meta property=\"og:title\" content=\"G\u00ebzuar Krishtlindjet nga burgu 325 n\u00eb Tiran\u00eb. (14 Dhjetor 2006) - Kisha Orthodh\u03bfkse Autoqefale e Shqip\u00ebris\u00eb\" \/>\n<meta property=\"og:description\" content=\"&nbsp;&nbsp;&nbsp; Krishtlindja \u00ebsht\u00eb festa e t\u00eb gjith\u00ebve, edhe e t\u00eb varf\u00ebrve edhe e t\u00eb pasurve, fest\u00eb e t\u00eb g\u00ebzuarve dhe e t\u00eb hidh\u00ebruarve\u2026 e t\u00eb lir\u00ebve dhe e t\u00eb burgosurve. \u00cbsht\u00eb bekim i ve\u00e7ant\u00eb t\u00eb jesh n\u00eb k\u00ebt\u00eb koh\u00eb pran\u00eb t\u00eb gjith\u00eb njer\u00ebzve, sidomos atyre q\u00eb kan\u00eb nevoj\u00eb p\u00ebr ngroht\u00ebsi, p\u00ebr besim dhe optimiz\u00ebm. K\u00ebta njer\u00ebz ndodhen kudo, n\u00eb \u00e7do k\u00ebnd t\u00eb planetit, sikurse edhe\" \/>\n<meta property=\"og:url\" content=\"https:\/\/orthodoxalbania.org\/2020\/2006\/02\/26\/gezuar-krishtlindjet-nga-burgu-325-ne-tirane-krishtlindje-06\/\" \/>\n<meta property=\"og:site_name\" content=\"Kisha Orthodh\u03bfkse Autoqefale e Shqip\u00ebris\u00eb\" \/>\n<meta property=\"article:publisher\" content=\"https:\/\/www.facebook.com\/koash1991\" \/>\n<meta property=\"article:published_time\" content=\"2006-02-26T00:00:00+00:00\" \/>\n<meta property=\"article:modified_time\" content=\"2020-04-06T20:36:02+00:00\" \/>\n<meta property=\"og:image\" content=\"https:\/\/lh5.googleusercontent.com\/-07_med3Rv00\/VIgmpTjVz3I\/AAAAAAAAF0w\/z5jQ4BD2V4M\/w370-h278-no\/grate1.jpg\" \/>\n<meta name=\"author\" content=\"Kisha Orthodhokse\" \/>\n<meta name=\"twitter:card\" content=\"summary_large_image\" \/>\n<meta name=\"twitter:label1\" content=\"Written by\" \/>\n\t<meta name=\"twitter:data1\" content=\"Kisha Orthodhokse\" \/>\n\t<meta name=\"twitter:label2\" content=\"Est. reading time\" \/>\n\t<meta name=\"twitter:data2\" content=\"5 minutes\" \/>\n<script type=\"application\/ld+json\" class=\"yoast-schema-graph\">{\"@context\":\"https:\/\/schema.org\",\"@graph\":[{\"@type\":\"Article\",\"@id\":\"https:\/\/orthodoxalbania.org\/2020\/2006\/02\/26\/gezuar-krishtlindjet-nga-burgu-325-ne-tirane-krishtlindje-06\/#article\",\"isPartOf\":{\"@id\":\"https:\/\/orthodoxalbania.org\/2020\/2006\/02\/26\/gezuar-krishtlindjet-nga-burgu-325-ne-tirane-krishtlindje-06\/\"},\"author\":{\"name\":\"Kisha Orthodhokse\",\"@id\":\"https:\/\/orthodoxalbania.org\/2020\/#\/schema\/person\/0c387634a7063ac612d7ed9ce71c7e86\"},\"headline\":\"G\u00ebzuar Krishtlindjet nga burgu 325 n\u00eb Tiran\u00eb. (14 Dhjetor 2006)\",\"datePublished\":\"2006-02-26T00:00:00+00:00\",\"dateModified\":\"2020-04-06T20:36:02+00:00\",\"mainEntityOfPage\":{\"@id\":\"https:\/\/orthodoxalbania.org\/2020\/2006\/02\/26\/gezuar-krishtlindjet-nga-burgu-325-ne-tirane-krishtlindje-06\/\"},\"wordCount\":975,\"commentCount\":0,\"publisher\":{\"@id\":\"https:\/\/orthodoxalbania.org\/2020\/#organization\"},\"image\":{\"@id\":\"https:\/\/orthodoxalbania.org\/2020\/2006\/02\/26\/gezuar-krishtlindjet-nga-burgu-325-ne-tirane-krishtlindje-06\/#primaryimage\"},\"thumbnailUrl\":\"https:\/\/lh5.googleusercontent.com\/-07_med3Rv00\/VIgmpTjVz3I\/AAAAAAAAF0w\/z5jQ4BD2V4M\/w370-h278-no\/grate1.jpg\",\"keywords\":[\"2006\",\"Aktivitete\",\"Krishtlindje\",\"Kryepiskopata Tiran\u00eb\",\"lajme\"],\"articleSection\":[\"Lajme\"],\"inLanguage\":\"en-US\"},{\"@type\":\"WebPage\",\"@id\":\"https:\/\/orthodoxalbania.org\/2020\/2006\/02\/26\/gezuar-krishtlindjet-nga-burgu-325-ne-tirane-krishtlindje-06\/\",\"url\":\"https:\/\/orthodoxalbania.org\/2020\/2006\/02\/26\/gezuar-krishtlindjet-nga-burgu-325-ne-tirane-krishtlindje-06\/\",\"name\":\"G\u00ebzuar Krishtlindjet nga burgu 325 n\u00eb Tiran\u00eb. (14 Dhjetor 2006) - Kisha Orthodh\u03bfkse Autoqefale e Shqip\u00ebris\u00eb\",\"isPartOf\":{\"@id\":\"https:\/\/orthodoxalbania.org\/2020\/#website\"},\"primaryImageOfPage\":{\"@id\":\"https:\/\/orthodoxalbania.org\/2020\/2006\/02\/26\/gezuar-krishtlindjet-nga-burgu-325-ne-tirane-krishtlindje-06\/#primaryimage\"},\"image\":{\"@id\":\"https:\/\/orthodoxalbania.org\/2020\/2006\/02\/26\/gezuar-krishtlindjet-nga-burgu-325-ne-tirane-krishtlindje-06\/#primaryimage\"},\"thumbnailUrl\":\"https:\/\/lh5.googleusercontent.com\/-07_med3Rv00\/VIgmpTjVz3I\/AAAAAAAAF0w\/z5jQ4BD2V4M\/w370-h278-no\/grate1.jpg\",\"datePublished\":\"2006-02-26T00:00:00+00:00\",\"dateModified\":\"2020-04-06T20:36:02+00:00\",\"breadcrumb\":{\"@id\":\"https:\/\/orthodoxalbania.org\/2020\/2006\/02\/26\/gezuar-krishtlindjet-nga-burgu-325-ne-tirane-krishtlindje-06\/#breadcrumb\"},\"inLanguage\":\"en-US\",\"potentialAction\":[{\"@type\":\"ReadAction\",\"target\":[\"https:\/\/orthodoxalbania.org\/2020\/2006\/02\/26\/gezuar-krishtlindjet-nga-burgu-325-ne-tirane-krishtlindje-06\/\"]}]},{\"@type\":\"ImageObject\",\"inLanguage\":\"en-US\",\"@id\":\"https:\/\/orthodoxalbania.org\/2020\/2006\/02\/26\/gezuar-krishtlindjet-nga-burgu-325-ne-tirane-krishtlindje-06\/#primaryimage\",\"url\":\"https:\/\/lh5.googleusercontent.com\/-07_med3Rv00\/VIgmpTjVz3I\/AAAAAAAAF0w\/z5jQ4BD2V4M\/w370-h278-no\/grate1.jpg\",\"contentUrl\":\"https:\/\/lh5.googleusercontent.com\/-07_med3Rv00\/VIgmpTjVz3I\/AAAAAAAAF0w\/z5jQ4BD2V4M\/w370-h278-no\/grate1.jpg\"},{\"@type\":\"BreadcrumbList\",\"@id\":\"https:\/\/orthodoxalbania.org\/2020\/2006\/02\/26\/gezuar-krishtlindjet-nga-burgu-325-ne-tirane-krishtlindje-06\/#breadcrumb\",\"itemListElement\":[{\"@type\":\"ListItem\",\"position\":1,\"name\":\"Home\",\"item\":\"https:\/\/orthodoxalbania.org\/2020\/\"},{\"@type\":\"ListItem\",\"position\":2,\"name\":\"G\u00ebzuar Krishtlindjet nga burgu 325 n\u00eb Tiran\u00eb. (14 Dhjetor 2006)\"}]},{\"@type\":\"WebSite\",\"@id\":\"https:\/\/orthodoxalbania.org\/2020\/#website\",\"url\":\"https:\/\/orthodoxalbania.org\/2020\/\",\"name\":\"Kisha Orthodh\u03bfkse Autoqefale e Shqip\u00ebris\u00eb\",\"description\":\"Fqja Zyrtare e Kish\u00ebs Orthodhokse Autoqefale e Shqip\u00ebris\u00eb me lajmet edhe informacionet zyrtare p\u00ebr struktur\u00ebn edhe veprimtarin e saj.\",\"publisher\":{\"@id\":\"https:\/\/orthodoxalbania.org\/2020\/#organization\"},\"potentialAction\":[{\"@type\":\"SearchAction\",\"target\":{\"@type\":\"EntryPoint\",\"urlTemplate\":\"https:\/\/orthodoxalbania.org\/2020\/?s={search_term_string}\"},\"query-input\":{\"@type\":\"PropertyValueSpecification\",\"valueRequired\":true,\"valueName\":\"search_term_string\"}}],\"inLanguage\":\"en-US\"},{\"@type\":\"Organization\",\"@id\":\"https:\/\/orthodoxalbania.org\/2020\/#organization\",\"name\":\"Kisha Orthodhokse Autoqefale e Shqip\u00ebris\u00eb\",\"url\":\"https:\/\/orthodoxalbania.org\/2020\/\",\"logo\":{\"@type\":\"ImageObject\",\"inLanguage\":\"en-US\",\"@id\":\"https:\/\/orthodoxalbania.org\/2020\/#\/schema\/logo\/image\/\",\"url\":\"https:\/\/orthodoxalbania.org\/2020\/wp-content\/uploads\/2020\/05\/albania.jpeg\",\"contentUrl\":\"https:\/\/orthodoxalbania.org\/2020\/wp-content\/uploads\/2020\/05\/albania.jpeg\",\"width\":540,\"height\":540,\"caption\":\"Kisha Orthodhokse Autoqefale e Shqip\u00ebris\u00eb\"},\"image\":{\"@id\":\"https:\/\/orthodoxalbania.org\/2020\/#\/schema\/logo\/image\/\"},\"sameAs\":[\"https:\/\/www.facebook.com\/koash1991\"]},{\"@type\":\"Person\",\"@id\":\"https:\/\/orthodoxalbania.org\/2020\/#\/schema\/person\/0c387634a7063ac612d7ed9ce71c7e86\",\"name\":\"Kisha Orthodhokse\",\"image\":{\"@type\":\"ImageObject\",\"inLanguage\":\"en-US\",\"@id\":\"https:\/\/secure.gravatar.com\/avatar\/596e7c417251e30f2fbb9c00e026fce61a695a00e51c889caded71c96cbbdde5?s=96&d=mm&r=g\",\"url\":\"https:\/\/secure.gravatar.com\/avatar\/596e7c417251e30f2fbb9c00e026fce61a695a00e51c889caded71c96cbbdde5?s=96&d=mm&r=g\",\"contentUrl\":\"https:\/\/secure.gravatar.com\/avatar\/596e7c417251e30f2fbb9c00e026fce61a695a00e51c889caded71c96cbbdde5?s=96&d=mm&r=g\",\"caption\":\"Kisha Orthodhokse\"}}]}<\/script>\n<!-- \/ Yoast SEO plugin. -->","yoast_head_json":{"title":"G\u00ebzuar Krishtlindjet nga burgu 325 n\u00eb Tiran\u00eb. (14 Dhjetor 2006) - Kisha Orthodh\u03bfkse Autoqefale e Shqip\u00ebris\u00eb","robots":{"index":"index","follow":"follow","max-snippet":"max-snippet:-1","max-image-preview":"max-image-preview:large","max-video-preview":"max-video-preview:-1"},"canonical":"https:\/\/orthodoxalbania.org\/2020\/2006\/02\/26\/gezuar-krishtlindjet-nga-burgu-325-ne-tirane-krishtlindje-06\/","og_locale":"en_US","og_type":"article","og_title":"G\u00ebzuar Krishtlindjet nga burgu 325 n\u00eb Tiran\u00eb. (14 Dhjetor 2006) - Kisha Orthodh\u03bfkse Autoqefale e Shqip\u00ebris\u00eb","og_description":"&nbsp;&nbsp;&nbsp; Krishtlindja \u00ebsht\u00eb festa e t\u00eb gjith\u00ebve, edhe e t\u00eb varf\u00ebrve edhe e t\u00eb pasurve, fest\u00eb e t\u00eb g\u00ebzuarve dhe e t\u00eb hidh\u00ebruarve\u2026 e t\u00eb lir\u00ebve dhe e t\u00eb burgosurve. \u00cbsht\u00eb bekim i ve\u00e7ant\u00eb t\u00eb jesh n\u00eb k\u00ebt\u00eb koh\u00eb pran\u00eb t\u00eb gjith\u00eb njer\u00ebzve, sidomos atyre q\u00eb kan\u00eb nevoj\u00eb p\u00ebr ngroht\u00ebsi, p\u00ebr besim dhe optimiz\u00ebm. K\u00ebta njer\u00ebz ndodhen kudo, n\u00eb \u00e7do k\u00ebnd t\u00eb planetit, sikurse edhe","og_url":"https:\/\/orthodoxalbania.org\/2020\/2006\/02\/26\/gezuar-krishtlindjet-nga-burgu-325-ne-tirane-krishtlindje-06\/","og_site_name":"Kisha Orthodh\u03bfkse Autoqefale e Shqip\u00ebris\u00eb","article_publisher":"https:\/\/www.facebook.com\/koash1991","article_published_time":"2006-02-26T00:00:00+00:00","article_modified_time":"2020-04-06T20:36:02+00:00","og_image":[{"url":"https:\/\/lh5.googleusercontent.com\/-07_med3Rv00\/VIgmpTjVz3I\/AAAAAAAAF0w\/z5jQ4BD2V4M\/w370-h278-no\/grate1.jpg","type":"","width":"","height":""}],"author":"Kisha Orthodhokse","twitter_card":"summary_large_image","twitter_misc":{"Written by":"Kisha Orthodhokse","Est. reading time":"5 minutes"},"schema":{"@context":"https:\/\/schema.org","@graph":[{"@type":"Article","@id":"https:\/\/orthodoxalbania.org\/2020\/2006\/02\/26\/gezuar-krishtlindjet-nga-burgu-325-ne-tirane-krishtlindje-06\/#article","isPartOf":{"@id":"https:\/\/orthodoxalbania.org\/2020\/2006\/02\/26\/gezuar-krishtlindjet-nga-burgu-325-ne-tirane-krishtlindje-06\/"},"author":{"name":"Kisha Orthodhokse","@id":"https:\/\/orthodoxalbania.org\/2020\/#\/schema\/person\/0c387634a7063ac612d7ed9ce71c7e86"},"headline":"G\u00ebzuar Krishtlindjet nga burgu 325 n\u00eb Tiran\u00eb. (14 Dhjetor 2006)","datePublished":"2006-02-26T00:00:00+00:00","dateModified":"2020-04-06T20:36:02+00:00","mainEntityOfPage":{"@id":"https:\/\/orthodoxalbania.org\/2020\/2006\/02\/26\/gezuar-krishtlindjet-nga-burgu-325-ne-tirane-krishtlindje-06\/"},"wordCount":975,"commentCount":0,"publisher":{"@id":"https:\/\/orthodoxalbania.org\/2020\/#organization"},"image":{"@id":"https:\/\/orthodoxalbania.org\/2020\/2006\/02\/26\/gezuar-krishtlindjet-nga-burgu-325-ne-tirane-krishtlindje-06\/#primaryimage"},"thumbnailUrl":"https:\/\/lh5.googleusercontent.com\/-07_med3Rv00\/VIgmpTjVz3I\/AAAAAAAAF0w\/z5jQ4BD2V4M\/w370-h278-no\/grate1.jpg","keywords":["2006","Aktivitete","Krishtlindje","Kryepiskopata Tiran\u00eb","lajme"],"articleSection":["Lajme"],"inLanguage":"en-US"},{"@type":"WebPage","@id":"https:\/\/orthodoxalbania.org\/2020\/2006\/02\/26\/gezuar-krishtlindjet-nga-burgu-325-ne-tirane-krishtlindje-06\/","url":"https:\/\/orthodoxalbania.org\/2020\/2006\/02\/26\/gezuar-krishtlindjet-nga-burgu-325-ne-tirane-krishtlindje-06\/","name":"G\u00ebzuar Krishtlindjet nga burgu 325 n\u00eb Tiran\u00eb. (14 Dhjetor 2006) - Kisha Orthodh\u03bfkse Autoqefale e Shqip\u00ebris\u00eb","isPartOf":{"@id":"https:\/\/orthodoxalbania.org\/2020\/#website"},"primaryImageOfPage":{"@id":"https:\/\/orthodoxalbania.org\/2020\/2006\/02\/26\/gezuar-krishtlindjet-nga-burgu-325-ne-tirane-krishtlindje-06\/#primaryimage"},"image":{"@id":"https:\/\/orthodoxalbania.org\/2020\/2006\/02\/26\/gezuar-krishtlindjet-nga-burgu-325-ne-tirane-krishtlindje-06\/#primaryimage"},"thumbnailUrl":"https:\/\/lh5.googleusercontent.com\/-07_med3Rv00\/VIgmpTjVz3I\/AAAAAAAAF0w\/z5jQ4BD2V4M\/w370-h278-no\/grate1.jpg","datePublished":"2006-02-26T00:00:00+00:00","dateModified":"2020-04-06T20:36:02+00:00","breadcrumb":{"@id":"https:\/\/orthodoxalbania.org\/2020\/2006\/02\/26\/gezuar-krishtlindjet-nga-burgu-325-ne-tirane-krishtlindje-06\/#breadcrumb"},"inLanguage":"en-US","potentialAction":[{"@type":"ReadAction","target":["https:\/\/orthodoxalbania.org\/2020\/2006\/02\/26\/gezuar-krishtlindjet-nga-burgu-325-ne-tirane-krishtlindje-06\/"]}]},{"@type":"ImageObject","inLanguage":"en-US","@id":"https:\/\/orthodoxalbania.org\/2020\/2006\/02\/26\/gezuar-krishtlindjet-nga-burgu-325-ne-tirane-krishtlindje-06\/#primaryimage","url":"https:\/\/lh5.googleusercontent.com\/-07_med3Rv00\/VIgmpTjVz3I\/AAAAAAAAF0w\/z5jQ4BD2V4M\/w370-h278-no\/grate1.jpg","contentUrl":"https:\/\/lh5.googleusercontent.com\/-07_med3Rv00\/VIgmpTjVz3I\/AAAAAAAAF0w\/z5jQ4BD2V4M\/w370-h278-no\/grate1.jpg"},{"@type":"BreadcrumbList","@id":"https:\/\/orthodoxalbania.org\/2020\/2006\/02\/26\/gezuar-krishtlindjet-nga-burgu-325-ne-tirane-krishtlindje-06\/#breadcrumb","itemListElement":[{"@type":"ListItem","position":1,"name":"Home","item":"https:\/\/orthodoxalbania.org\/2020\/"},{"@type":"ListItem","position":2,"name":"G\u00ebzuar Krishtlindjet nga burgu 325 n\u00eb Tiran\u00eb. (14 Dhjetor 2006)"}]},{"@type":"WebSite","@id":"https:\/\/orthodoxalbania.org\/2020\/#website","url":"https:\/\/orthodoxalbania.org\/2020\/","name":"Kisha Orthodh\u03bfkse Autoqefale e Shqip\u00ebris\u00eb","description":"Fqja Zyrtare e Kish\u00ebs Orthodhokse Autoqefale e Shqip\u00ebris\u00eb me lajmet edhe informacionet zyrtare p\u00ebr struktur\u00ebn edhe veprimtarin e saj.","publisher":{"@id":"https:\/\/orthodoxalbania.org\/2020\/#organization"},"potentialAction":[{"@type":"SearchAction","target":{"@type":"EntryPoint","urlTemplate":"https:\/\/orthodoxalbania.org\/2020\/?s={search_term_string}"},"query-input":{"@type":"PropertyValueSpecification","valueRequired":true,"valueName":"search_term_string"}}],"inLanguage":"en-US"},{"@type":"Organization","@id":"https:\/\/orthodoxalbania.org\/2020\/#organization","name":"Kisha Orthodhokse Autoqefale e Shqip\u00ebris\u00eb","url":"https:\/\/orthodoxalbania.org\/2020\/","logo":{"@type":"ImageObject","inLanguage":"en-US","@id":"https:\/\/orthodoxalbania.org\/2020\/#\/schema\/logo\/image\/","url":"https:\/\/orthodoxalbania.org\/2020\/wp-content\/uploads\/2020\/05\/albania.jpeg","contentUrl":"https:\/\/orthodoxalbania.org\/2020\/wp-content\/uploads\/2020\/05\/albania.jpeg","width":540,"height":540,"caption":"Kisha Orthodhokse Autoqefale e Shqip\u00ebris\u00eb"},"image":{"@id":"https:\/\/orthodoxalbania.org\/2020\/#\/schema\/logo\/image\/"},"sameAs":["https:\/\/www.facebook.com\/koash1991"]},{"@type":"Person","@id":"https:\/\/orthodoxalbania.org\/2020\/#\/schema\/person\/0c387634a7063ac612d7ed9ce71c7e86","name":"Kisha Orthodhokse","image":{"@type":"ImageObject","inLanguage":"en-US","@id":"https:\/\/secure.gravatar.com\/avatar\/596e7c417251e30f2fbb9c00e026fce61a695a00e51c889caded71c96cbbdde5?s=96&d=mm&r=g","url":"https:\/\/secure.gravatar.com\/avatar\/596e7c417251e30f2fbb9c00e026fce61a695a00e51c889caded71c96cbbdde5?s=96&d=mm&r=g","contentUrl":"https:\/\/secure.gravatar.com\/avatar\/596e7c417251e30f2fbb9c00e026fce61a695a00e51c889caded71c96cbbdde5?s=96&d=mm&r=g","caption":"Kisha Orthodhokse"}}]}},"_links":{"self":[{"href":"https:\/\/orthodoxalbania.org\/2020\/wp-json\/wp\/v2\/posts\/599","targetHints":{"allow":["GET"]}}],"collection":[{"href":"https:\/\/orthodoxalbania.org\/2020\/wp-json\/wp\/v2\/posts"}],"about":[{"href":"https:\/\/orthodoxalbania.org\/2020\/wp-json\/wp\/v2\/types\/post"}],"author":[{"embeddable":true,"href":"https:\/\/orthodoxalbania.org\/2020\/wp-json\/wp\/v2\/users\/1"}],"replies":[{"embeddable":true,"href":"https:\/\/orthodoxalbania.org\/2020\/wp-json\/wp\/v2\/comments?post=599"}],"version-history":[{"count":1,"href":"https:\/\/orthodoxalbania.org\/2020\/wp-json\/wp\/v2\/posts\/599\/revisions"}],"predecessor-version":[{"id":15827,"href":"https:\/\/orthodoxalbania.org\/2020\/wp-json\/wp\/v2\/posts\/599\/revisions\/15827"}],"wp:attachment":[{"href":"https:\/\/orthodoxalbania.org\/2020\/wp-json\/wp\/v2\/media?parent=599"}],"wp:term":[{"taxonomy":"category","embeddable":true,"href":"https:\/\/orthodoxalbania.org\/2020\/wp-json\/wp\/v2\/categories?post=599"},{"taxonomy":"post_tag","embeddable":true,"href":"https:\/\/orthodoxalbania.org\/2020\/wp-json\/wp\/v2\/tags?post=599"}],"curies":[{"name":"wp","href":"https:\/\/api.w.org\/{rel}","templated":true}]}}