{"id":598,"date":"2007-02-26T00:00:00","date_gmt":"2007-02-26T00:00:00","guid":{"rendered":""},"modified":"2020-04-06T22:35:39","modified_gmt":"2020-04-06T20:35:39","slug":"gezim-dhe-shprese-ne-zotin-krisht-nentor-2007","status":"publish","type":"post","link":"https:\/\/orthodoxalbania.org\/2020\/2007\/02\/26\/gezim-dhe-shprese-ne-zotin-krisht-nentor-2007\/","title":{"rendered":"G\u00ebzim dhe shpres\u00eb n\u00eb Zotin Krisht. (N\u00ebntor 2007)"},"content":{"rendered":"<p style=\"text-align: justify;\"><span style=\"color: #000000;\"><span style=\"font-family: tahoma,geneva,sans-serif;\"><span style=\"font-size: 12px;\"><strong>&nbsp;&nbsp;&nbsp; Takimet vjetore t\u00eb rinis\u00eb orthodhokse n\u00eb dioqezat e Kish\u00ebs son\u00eb dhan\u00eb mesazhin e g\u00ebzimit dhe shpres\u00ebs n\u00eb Zotin Krisht. K\u00ebto veprimtari tradicionale kan\u00eb marr\u00eb nj\u00eb simbolik\u00eb t\u00eb ve\u00e7ant\u00eb dhe t\u00eb shum\u00ebpritur, sepse bashkojn\u00eb t\u00eb rinjt\u00eb n\u00eb \u201cnj\u00eb sht\u00ebpi\u201d t\u00eb p\u00ebrbashk\u00ebt, pik\u00ebrisht n\u00eb Kish\u00eb, aty ku adhurohet e lavd\u00ebrohet Per\u00ebndia. Me k\u00ebt\u00eb q\u00ebllim organizohen edhe takimet rinore p\u00ebr t\u2019i njohur ata me nj\u00ebri \u2013 tjetrin dhe p\u00ebr t\u2019u afruar m\u00eb shum\u00eb me Per\u00ebndin\u00eb. <\/strong><\/span><\/span><\/span><\/p>\n<table id=\"AutoNumber2\" border=\"0\">\n<tbody>\n<tr>\n<td>\n<p style=\"text-align: justify;\"><span style=\"color: #000000;\"><span style=\"font-family: tahoma,geneva,sans-serif;\"><span style=\"font-size: 12px;\"><strong>&nbsp;&nbsp;&nbsp; \u201c<em>Rruga drejt liris\u00eb<\/em><\/strong>\u201d, ishte kjo tema dhe mesazhi i takimit s\u00eb rinis\u00eb orthodhokse \u201cBij t\u00eb Drit\u00ebs\u201d, q\u00eb u zhvillua n\u00eb Pogradec, nga 19 &#8211; 21 tetor. Veprimtaria, ku mor\u00ebn pjes\u00eb 85 p\u00ebrfaq\u00ebsues nga e gjith\u00eb dioqeza, u organizua nga Zyra e Rinis\u00eb pran\u00eb Mitropolis\u00eb s\u00eb Shenjt\u00eb t\u00eb Kor\u00e7\u00ebs, e mb\u00ebshtetur nga Zyra Komb\u00ebtare Rinore, pran\u00eb Kryepiskopat\u00ebs s\u00eb Shenjt\u00eb.<\/span><\/span><\/span><\/p>\n<\/td>\n<td>\n<p style=\"text-align: center;\"><span style=\"color: #000000;\"><span style=\"font-family: tahoma,geneva,sans-serif;\"><span style=\"font-size: 12px;\"><img decoding=\"async\" class=\"lazyload HAa Eha\" style=\"border-width: 1px; border-style: solid; margin: 10px;\" alt=\"\" src=\"data:image\/gif;base64,R0lGODlhAQABAAAAACH5BAEKAAEALAAAAAABAAEAAAICTAEAOw==\" data-orig-src=\"https:\/\/lh5.googleusercontent.com\/-wotUtIVx1U0\/VIrdPlZmB_I\/AAAAAAAAHG4\/GDMJqiCOh18\/w400-h300-no\/pic1.jpg\" \/><\/span><\/span><\/span><\/p>\n<\/td>\n<\/tr>\n<tr>\n<td dir=\"ltr\">\n<p dir=\"ltr\" style=\"text-align: center;\"><span style=\"color: #000000;\"><span style=\"font-family: tahoma,geneva,sans-serif;\"><span style=\"font-size: 12px;\"><img decoding=\"async\" class=\"lazyload HAa Eha\" style=\"border-width: 1px; border-style: solid; margin: 10px;\" alt=\"\" src=\"data:image\/gif;base64,R0lGODlhAQABAAAAACH5BAEKAAEALAAAAAABAAEAAAICTAEAOw==\" data-orig-src=\"https:\/\/lh5.googleusercontent.com\/-D9rIkwokPZU\/VIrdPrdyRPI\/AAAAAAAAHHA\/R7TTrTexYzc\/w400-h300-no\/pic2.jpg\" \/><\/span><\/span><\/span><\/p>\n<\/td>\n<td dir=\"ltr\">\n<p dir=\"ltr\" style=\"text-align: justify;\"><span style=\"color: #000000;\"><span style=\"font-family: tahoma,geneva,sans-serif;\"><span style=\"font-size: 12px;\">&nbsp;&nbsp;&nbsp; Tema ishte interesante dhe t\u00eb rinjve iu shpjegua n\u00ebn k\u00ebndv\u00ebshtrimin e krishter\u00eb, se frika vjen si pasoj\u00eb e natyr\u00ebs son\u00eb t\u00eb r\u00ebn\u00eb. Si rrjedhoj\u00eb, kjo frik\u00eb mund t\u00eb kap\u00ebrcehet vet\u00ebm duke qen\u00eb t\u00eb lir\u00eb m\u00eb Zotin. Gjat\u00eb aktivitetit, p\u00ebrve\u00e7 sh\u00ebrbesave kishtare dhe veprimtarive kulturore e sportive u krye edhe nj\u00eb ekskursion n\u00eb Volorekun e bukur dhe piktoresk.<\/span><\/span><\/span><\/p>\n<\/td>\n<\/tr>\n<tr>\n<td dir=\"ltr\" colspan=\"2\">\n<p style=\"text-align: justify;\"><span style=\"color: #000000;\"><span style=\"font-family: tahoma,geneva,sans-serif;\"><span style=\"font-size: 12px;\">&nbsp;&nbsp;&nbsp; E diela, q\u00eb ishte edhe dita p\u00ebrmbyll\u00ebse e takimit, filloi me pjes\u00ebmarrjen n\u00eb Liturgjin\u00eb Hyjnore, e cila u krye nga Mitropoliti i Kor\u00e7\u00ebs, Hir\u00ebsia e Tij Joani. Menj\u00ebher\u00eb pas saj, Imzot Joani zhvilloi nj\u00eb takim me t\u00eb rinjt\u00eb dhe mbajti nj\u00eb fjal\u00eb mbi tem\u00ebn qendrore t\u00eb veprimtaris\u00eb, ku nd\u00ebr t\u00eb tjera theksoi se: \u201c<em>Historia e gjat\u00eb e njer\u00ebzimit e ka provuar, ndon\u00ebse jo teorikisht, se jo \u00e7do plot\u00ebsim i k\u00ebnaq\u00ebsive trupore do t\u00eb thot\u00eb nj\u00eb gjendje lirie p\u00ebr trupin; ai jo vet\u00ebm q\u00eb nuk \u00ebsht\u00eb i lir\u00eb, por dal\u00ebngadal\u00eb fillon dhe skllav\u00ebrohet edhe m\u00eb shum\u00eb, si nga jasht\u00eb ashtu edhe nga brenda dhe kufizimet e ndryshme jan\u00eb ndihm\u00eb p\u00ebr njeriun q\u00eb t\u00eb arrij\u00eb lirin\u00eb e tij t\u00eb plot\u00eb&#8230;\u201d<\/em><\/span><\/span><\/span><\/p>\n<p style=\"text-align: justify;\"><span style=\"color: #000000;\"><span style=\"font-family: tahoma,geneva,sans-serif;\"><span style=\"font-size: 12px;\">&nbsp;&nbsp;&nbsp; Pataj, n\u00eb katin e posht\u00ebm t\u00eb kish\u00ebs u shtrua edhe nj\u00eb drek\u00eb, n\u00eb t\u00eb cil\u00ebn mori pjes\u00eb edhe Hir\u00ebsia e Tij Joani. N\u00eb fund t\u00eb rinjt\u00eb u ndan\u00eb me nj\u00ebri \u2013 tjetrin, duke fal\u00ebnderuar Zotin, sepse ky aktivitet iu dha atyre nj\u00eb drit\u00eb tjet\u00ebr n\u00eb jet\u00ebn e tyre.<\/span><\/span><\/span><\/p>\n<\/td>\n<\/tr>\n<tr>\n<td>\n<p style=\"text-align: justify;\"><span style=\"color: #000000;\"><span style=\"font-family: tahoma,geneva,sans-serif;\"><span style=\"font-size: 12px;\">&nbsp;&nbsp;&nbsp; Qyteti 2400-vje\u00e7ar i nj\u00ebmij\u00eb e nj\u00eb dritareve, Berati, mir\u00ebpriti nga datat 2 \u2013 4 n\u00ebntor, t\u00eb rinjt\u00eb orthodhoks\u00eb t\u00eb k\u00ebsaj Mitropolie, n\u00eb takimin me tem\u00eb: <strong><em>\u201cT\u00eb g\u00ebzuar me shpres\u00ebn e Zotit\u201d<\/em><\/strong>. N\u00eb k\u00ebt\u00eb takim merrnin pjes\u00eb disa nga student\u00ebt e Akademis\u00eb Teologjike \u201cNgjallja e Krishtit\u201d, Sh\u00ebn Vlash, Durr\u00ebs, t\u00eb cil\u00ebt ishin dhe drejtuesit e grupeve.<\/span><\/span><\/span><\/p>\n<\/td>\n<td>\n<p style=\"text-align: center;\"><span style=\"color: #000000;\"><span style=\"font-family: tahoma,geneva,sans-serif;\"><span style=\"font-size: 12px;\"><img decoding=\"async\" class=\"lazyload HAa Eha\" style=\"border-width: 1px; border-style: solid; margin: 10px;\" alt=\"\" src=\"data:image\/gif;base64,R0lGODlhAQABAAAAACH5BAEKAAEALAAAAAABAAEAAAICTAEAOw==\" data-orig-src=\"https:\/\/lh5.googleusercontent.com\/-gLjU-Zxlg2c\/VIrdPtFC8wI\/AAAAAAAAHHE\/z1dL-uTH4V8\/w400-h300-no\/pic3.jpg\" \/><\/span><\/span><\/span><\/p>\n<\/td>\n<\/tr>\n<tr>\n<td>\n<p style=\"text-align: center;\"><span style=\"color: #000000;\"><span style=\"font-family: tahoma,geneva,sans-serif;\"><span style=\"font-size: 12px;\"><img decoding=\"async\" class=\"lazyload HAa Eha\" style=\"border-width: 1px; border-style: solid; margin: 10px;\" alt=\"\" src=\"data:image\/gif;base64,R0lGODlhAQABAAAAACH5BAEKAAEALAAAAAABAAEAAAICTAEAOw==\" data-orig-src=\"https:\/\/lh4.googleusercontent.com\/-YfISRERS6_c\/VIrdQOvrMtI\/AAAAAAAAHG0\/S6cdORtFqtk\/w400-h300-no\/pic4.jpg\" \/><\/span><\/span><\/span><\/p>\n<\/td>\n<td>\n<p style=\"text-align: justify;\"><span style=\"color: #000000;\"><span style=\"font-family: tahoma,geneva,sans-serif;\"><span style=\"font-size: 12px;\">&nbsp;&nbsp;&nbsp; Referati i par\u00eb u mbajt nga Mitropoliti i Beratit, Hir\u00ebsia e Tij Ignati, i cili tha nd\u00ebr t\u00eb tjera se: <em>\u201cEkzistenca jon\u00eb ngjan me nj\u00eb anije q\u00eb \u00e7an detin e jet\u00ebs dhe ka si paracaktim qiellin. Por shpesh her\u00eb ky det tronditet nga dallg\u00ebt e ngasjeve dhe sulmohet nga er\u00ebrat e fuqishme t\u00eb provave t\u00eb ndryshme. <\/em><\/span><\/span><\/span><\/p>\n<\/td>\n<\/tr>\n<tr>\n<td>\n<p style=\"text-align: justify;\"><span style=\"color: #000000;\"><span style=\"font-family: tahoma,geneva,sans-serif;\"><span style=\"font-size: 12px;\"><em>&nbsp;&nbsp;&nbsp; Dhe n\u00eb k\u00ebt\u00eb rast skafi i ekzistenc\u00ebs son\u00eb l\u00ebkundet dhe rrezikon t\u00eb p\u00ebrplaset n\u00eb shk\u00ebmbinjt\u00eb n\u00ebnujor\u00eb t\u00eb d\u00ebshp\u00ebrimit dhe t\u00eb pabesis\u00eb. K\u00ebshtu q\u00eb na duhet spiranca, dometh\u00ebn\u00eb shpresa, por me nj\u00eb ndryshim, se kjo nuk mb\u00ebshtetet n\u00eb r\u00ebr\u00ebn e fundit t\u00eb detit t\u00eb paq\u00ebndruesh\u00ebm, por n\u00eb shk\u00ebmbin e pal\u00ebkundur t\u00eb Per\u00ebndis\u00eb s\u00eb t\u00ebr\u00ebfuqish\u00ebm. Nuk l\u00ebshohet posht\u00eb, por dep\u00ebrton n\u00eb qiellin, q\u00eb mbahet nga vet\u00eb Zoti i gjith\u00ebpushtetsh\u00ebm&#8230; II lumur, me t\u00eb v\u00ebrtet\u00eb, \u00ebsht\u00eb ai, i cili ka shpres\u00eb t\u00eb till\u00eb n\u00eb Per\u00ebndin\u00eb. Sepse <strong>\u201cshpresa nuk t\u00eb g\u00ebnjen\u201d<\/strong> (Rom: 5, 5).<\/em><\/span><\/span><\/span><\/p>\n<\/td>\n<td>\n<p style=\"text-align: center;\"><span style=\"color: #000000;\"><span style=\"font-family: tahoma,geneva,sans-serif;\"><span style=\"font-size: 12px;\"><img decoding=\"async\" class=\"lazyload HAa Eha\" style=\"border-width: 1px; border-style: solid; margin: 10px;\" alt=\"\" src=\"data:image\/gif;base64,R0lGODlhAQABAAAAACH5BAEKAAEALAAAAAABAAEAAAICTAEAOw==\" data-orig-src=\"https:\/\/lh5.googleusercontent.com\/-DWKY30CcD8s\/VIrdQdgP2bI\/AAAAAAAAHGs\/vSglXXCe3Nw\/w400-h300-no\/pic5.jpg\" \/><\/span><\/span><\/span><\/p>\n<\/td>\n<\/tr>\n<tr>\n<td>\n<p style=\"text-align: center;\"><span style=\"color: #000000;\"><span style=\"font-family: tahoma,geneva,sans-serif;\"><span style=\"font-size: 12px;\"><img decoding=\"async\" class=\"lazyload HAa Eha\" style=\"border-width: 1px; border-style: solid; margin: 10px;\" alt=\"\" src=\"data:image\/gif;base64,R0lGODlhAQABAAAAACH5BAEKAAEALAAAAAABAAEAAAICTAEAOw==\" data-orig-src=\"https:\/\/lh5.googleusercontent.com\/-txvVvI29sR8\/VIrdQsvGT-I\/AAAAAAAAHG8\/ebsW_37Acsw\/w400-h300-no\/pic6.jpg\" \/><\/span><\/span><\/span><\/p>\n<\/td>\n<td>\n<p style=\"text-align: justify;\"><span style=\"color: #000000;\"><span style=\"font-family: tahoma,geneva,sans-serif;\"><span style=\"font-size: 12px;\">&nbsp;&nbsp;&nbsp; M\u00eb pas, murgu Serafim foli mbi tem\u00ebn e vet\u00ebvrasjes dhe pasojave t\u00eb saj. Programi vijoi n\u00eb kalan\u00eb e lasht\u00eb t\u00eb qytetit, t\u00eb njohur p\u00ebr kishat e saj orthodhokse, ku kush nuk e kishte vizituar m\u00eb par\u00eb u njoh me vlerat e saja historike.<\/span><\/span><\/span><\/p>\n<\/td>\n<\/tr>\n<tr>\n<td dir=\"ltr\" colspan=\"2\">\n<p style=\"text-align: justify;\"><span style=\"color: #000000;\"><span style=\"font-family: tahoma,geneva,sans-serif;\"><span style=\"font-size: 12px;\">&nbsp;&nbsp;&nbsp; Takimi vazhdoi me referatin e z. Miron \u00c7ako, me tem\u00eb: <strong>\u201cMos kini frik\u00eb, un\u00eb e munda bot\u00ebn\u201d<\/strong>. Ai foli rreth frik\u00ebs nga Per\u00ebndia, vetvetja, njer\u00ebzit, natyra dhe vdekja, duke theksuar se duke zbatuar porosit\u00eb e Per\u00ebndis\u00eb nj\u00eb i krishter\u00eb nuk duhet t\u00eb ket\u00eb frik\u00eb nga asgj\u00eb, sepse p\u00ebr t\u00eb kujdeset Zoti. N\u00eb mbr\u00ebmje, student\u00ebt e Akademis\u00eb prezantuan veprimtarin\u00eb dhe jet\u00ebn e shkoll\u00ebs me an\u00ebn e pamjeve nga m\u00ebsimi dhe veprimtarit\u00eb e ndryshme.<\/span><\/span><\/span><\/p>\n<p style=\"text-align: justify;\"><span style=\"color: #000000;\"><span style=\"font-family: tahoma,geneva,sans-serif;\"><span style=\"font-size: 12px;\">&nbsp;&nbsp;&nbsp; Dit\u00ebn e diel, Liturgjia Hyjnore u krye n\u00eb kish\u00ebn e Sh\u00ebn Spiridhonit dhe u drejtua nga Hir\u00ebsia e Tij Ignati. Momenti kulmor i saj ishte kur pjesa m\u00eb e madhe e t\u00eb rinjve u kunguan me Trupin dhe Gjakun e Krishtit. T\u00eb rinjt\u00eb u larguan nga ky takim, duke marr\u00eb bekimet e Imzot Ignatit, i cili me dashurin\u00eb e tij at\u00ebrore i ftoi t\u00eb merrnin pjes\u00eb s\u00ebrish n\u00eb veprimtarit\u00eb e ardhshme t\u00eb g\u00ebzuar me shpres\u00ebn e Zotit.<\/span><\/span><\/span><\/p>\n<\/td>\n<\/tr>\n<\/tbody>\n<\/table>\n<p style=\"text-align: center;\"><span style=\"color: #000000;\"><span style=\"font-family: tahoma,geneva,sans-serif;\"><span style=\"font-size: 12px;\">***<\/span><\/span><\/span><\/p>\n<p style=\"text-align: justify;\"><span style=\"color: #000000;\"><span style=\"font-family: tahoma,geneva,sans-serif;\"><span style=\"font-size: 12px;\">&nbsp;&nbsp;&nbsp; N\u00eb mjediset e hotel \u201cUniversi\u201d, n\u00eb qytetin e Elbasanit, nga 23 &#8211; 25 n\u00ebntor, rreth 90 t\u00eb rinj t\u00eb ardhur nga Shkodra, Durr\u00ebsi, Kavaja, Tirana, Gramshi, Elbasani, Fikasi, Sht\u00ebrmeni, Librazhdi dhe Shijoni, mor\u00ebn pjes\u00eb n\u00eb takimin e tyre t\u00eb p\u00ebrbashk\u00ebt, duke shk\u00ebmbyer p\u00ebrvoja t\u00eb dobishme. P\u00ebr her\u00eb t\u00eb par\u00eb n\u00eb historin\u00eb shum\u00ebvje\u00e7are t\u00eb k\u00ebtyre takimeve, mor\u00ebn pjes\u00eb edhe t\u00eb rinj nga Bajram Curri, ku Kisha jon\u00eb po organizon veprimtari t\u00eb larmishme me t\u00eb rinj dhe t\u00eb reja.<\/span><\/span><\/span><\/p>\n<p style=\"text-align: justify;\"><span style=\"color: #000000;\"><span style=\"font-family: tahoma,geneva,sans-serif;\"><span style=\"font-size: 12px;\">&nbsp;&nbsp;&nbsp; Referati i par\u00eb u mbajt nga znj. Ekaterina Papadhopulli. Ajo e organizoi referatin duke i ndar\u00eb t\u00eb rinjt\u00eb n\u00eb grupe, ku secili fliste rreth nj\u00eb historie, q\u00eb kishte lidhje me tem\u00ebn e takimit.<\/span><\/span><\/span><\/p>\n<p style=\"text-align: justify;\"><span style=\"color: #000000;\"><span style=\"font-family: tahoma,geneva,sans-serif;\"><span style=\"font-size: 12px;\">&nbsp;&nbsp;&nbsp; Referatin e dyt\u00eb e mbajti Hir\u00ebsi Nikolla, me tem\u00eb: <strong>\u201cKrishti, shpresa jon\u00eb\u201d<\/strong>.<\/span><\/span><\/span><\/p>\n<p style=\"text-align: justify;\"><span style=\"color: #000000;\"><span style=\"font-family: tahoma,geneva,sans-serif;\"><span style=\"font-size: 12px;\">&nbsp;&nbsp;&nbsp; \u201c<em>T\u00eb rinjt\u00eb e humbin shpeshher\u00eb shpres\u00ebn dhe kjo i \u00e7on ata n\u00eb vet\u00ebvrasje, n\u00eb depresion etj., por n\u00ebse ekziston Krishti n\u00eb zemrat tona shpresa nuk shuhet kurr\u00eb. Hiri i Per\u00ebndis\u00eb na forcon dhe na jep potencial p\u00ebr t\u00eb p\u00ebrballuar \u00e7do v\u00ebshtir\u00ebsi, sepse Krishti \u00ebsht\u00eb shpresa jon\u00eb e vetme<\/em>\u201d- theksoi ai.<\/span><\/span><\/span><\/p>\n<p style=\"text-align: justify;\"><span style=\"color: #000000;\"><span style=\"font-family: tahoma,geneva,sans-serif;\"><span style=\"font-size: 12px;\">&nbsp;&nbsp;&nbsp; Gjat\u00eb referateve t\u00eb rinjt\u00eb i drejtuan shum\u00eb pyetje fol\u00ebsve rreth \u00e7\u00ebshtjeve q\u00eb i p\u00ebrkasin problematikave m\u00eb aktuale.<\/span><\/span><\/span><\/p>\n<p style=\"text-align: justify;\"><span style=\"color: #000000;\"><span style=\"font-family: tahoma,geneva,sans-serif;\"><span style=\"font-size: 12px;\">&nbsp;&nbsp;&nbsp; N\u00eb takim u zhvilluan sh\u00ebrbesa lutjesh t\u00eb ndryshme si: M\u00ebngjesorja, Mbr\u00ebm\u00ebsorja, Pasdarka dhe Paraklisi. Nuk mungonin edhe loj\u00ebrat e ndryshme, programet arg\u00ebtuese, dikutimet n\u00eb grupe etj. T\u00eb diel\u00ebn, t\u00eb gjith\u00eb s\u00eb bashku mor\u00ebn pjes\u00eb n\u00eb Liturgjin\u00eb Hyjnore, q\u00eb u krye n\u00eb Kish\u00ebn e Sh\u00ebn Thanasit, p\u00ebr t\u00eb fal\u00ebnderuar Per\u00ebndin\u00eb p\u00ebr t\u00eb gjitha bekimet q\u00eb jep n\u00eb jet\u00ebn ton\u00eb. Pas saj u b\u00ebn\u00eb fal\u00ebnderime t\u00eb ve\u00e7anta nga \u00e7do grup rinor<strong>.<\/strong><\/span><\/span><\/span><\/p>\n<p style=\"text-align: center;\"><span style=\"color: #000000;\"><span style=\"font-family: tahoma,geneva,sans-serif;\"><span style=\"font-size: 12px;\">***<\/span><\/span><\/span><\/p>\n<p style=\"text-align: justify;\"><span style=\"color: #000000;\"><span style=\"font-family: tahoma,geneva,sans-serif;\"><span style=\"font-size: 12px;\">&nbsp;&nbsp;&nbsp; Takimi i fundit p\u00ebr k\u00ebt\u00eb vit me t\u00eb rinjt\u00eb dhe t\u00eb rejat orthodhokse ishte veprimtaria studentore n\u00eb Manastirin e hirsh\u00ebm t\u00eb Sh\u00ebn Vlashit, pran\u00eb Durr\u00ebsit, q\u00eb u zhvillua n\u00eb datat 15 \u2013 16 dhjetor, me tem\u00eb: \u201cPse lindet Jisu Krishti?\u201d Mor\u00ebn pjes\u00eb rreth 80 student\u00eb nga disa qytete t\u00eb vendit. Referues mbi tem\u00ebn ishin Mitropoliti i Kor\u00e7\u00ebs, Hir\u00ebsi Joani dhe Episkopi i Apolonis\u00eb, Hir\u00ebsi Nikolla, t\u00eb cil\u00ebt fol\u00ebn p\u00ebr mesazhin kryesor t\u00eb Krishtlindjes dhe p\u00ebr ringritjes e Kish\u00ebs son\u00eb n\u00eb k\u00ebto vite.<\/span><\/span><\/span><\/p>\n<p style=\"text-align: justify;\">&nbsp;<\/p>\n<p style=\"text-align: justify;\">&nbsp;<\/p>\n<p style=\"text-align: justify;\"><span style=\"color: #000000;\"><span style=\"font-family: tahoma,geneva,sans-serif;\"><span style=\"font-size: 12px;\"><strong><em>&nbsp;&nbsp;&nbsp;&nbsp; P\u00ebrgatit\u00ebn: <\/em><\/strong><\/span><\/span><\/span><\/p>\n<p style=\"text-align: justify;\"><span style=\"color: #000000;\"><span style=\"font-family: tahoma,geneva,sans-serif;\"><span style=\"font-size: 12px;\"><strong><em>&nbsp;&nbsp;&nbsp;&nbsp; Ana Baba, Mihal Sonellari, Harallamb Me\u00e7i, Emanuel Pupi<\/em><\/strong><\/span><\/span><\/span><\/p>\n","protected":false},"excerpt":{"rendered":"<p>&nbsp;&nbsp;&nbsp; Takimet vjetore t\u00eb rinis\u00eb orthodhokse n\u00eb dioqezat e Kish\u00ebs son\u00eb dhan\u00eb mesazhin e g\u00ebzimit dhe shpres\u00ebs n\u00eb Zotin Krisht. K\u00ebto veprimtari tradicionale kan\u00eb marr\u00eb nj\u00eb simbolik\u00eb t\u00eb ve\u00e7ant\u00eb dhe t\u00eb shum\u00ebpritur, sepse bashkojn\u00eb t\u00eb rinjt\u00eb n\u00eb \u201cnj\u00eb sht\u00ebpi\u201d t\u00eb p\u00ebrbashk\u00ebt, pik\u00ebrisht n\u00eb Kish\u00eb, aty ku adhurohet e lavd\u00ebrohet Per\u00ebndia. Me k\u00ebt\u00eb q\u00ebllim organizohen edhe takimet rinore p\u00ebr t\u2019i njohur ata me nj\u00ebri \u2013 tjetrin<\/p>\n","protected":false},"author":1,"featured_media":0,"comment_status":"open","ping_status":"open","sticky":false,"template":"","format":"standard","meta":{"_acf_changed":false,"pagelayer_contact_templates":[],"_pagelayer_content":"","inline_featured_image":false,"fifu_image_url":"","fifu_image_alt":"","footnotes":""},"categories":[108],"tags":[147,196,212,176],"class_list":["post-598","post","type-post","status-publish","format-standard","hentry","category-lajme","tag-147","tag-tirane","tag-lajme-d27","tag-rinia-orthodhokse"],"acf":[],"yoast_head":"<!-- This site is optimized with the Yoast SEO plugin v27.2 - https:\/\/yoast.com\/product\/yoast-seo-wordpress\/ -->\n<title>G\u00ebzim dhe shpres\u00eb n\u00eb Zotin Krisht. (N\u00ebntor 2007) - Kisha Orthodh\u03bfkse Autoqefale e Shqip\u00ebris\u00eb<\/title>\n<meta name=\"robots\" content=\"index, follow, max-snippet:-1, max-image-preview:large, max-video-preview:-1\" \/>\n<link rel=\"canonical\" href=\"https:\/\/orthodoxalbania.org\/2020\/2007\/02\/26\/gezim-dhe-shprese-ne-zotin-krisht-nentor-2007\/\" \/>\n<meta property=\"og:locale\" content=\"en_US\" \/>\n<meta property=\"og:type\" content=\"article\" \/>\n<meta property=\"og:title\" content=\"G\u00ebzim dhe shpres\u00eb n\u00eb Zotin Krisht. (N\u00ebntor 2007) - Kisha Orthodh\u03bfkse Autoqefale e Shqip\u00ebris\u00eb\" \/>\n<meta property=\"og:description\" content=\"&nbsp;&nbsp;&nbsp; Takimet vjetore t\u00eb rinis\u00eb orthodhokse n\u00eb dioqezat e Kish\u00ebs son\u00eb dhan\u00eb mesazhin e g\u00ebzimit dhe shpres\u00ebs n\u00eb Zotin Krisht. K\u00ebto veprimtari tradicionale kan\u00eb marr\u00eb nj\u00eb simbolik\u00eb t\u00eb ve\u00e7ant\u00eb dhe t\u00eb shum\u00ebpritur, sepse bashkojn\u00eb t\u00eb rinjt\u00eb n\u00eb \u201cnj\u00eb sht\u00ebpi\u201d t\u00eb p\u00ebrbashk\u00ebt, pik\u00ebrisht n\u00eb Kish\u00eb, aty ku adhurohet e lavd\u00ebrohet Per\u00ebndia. Me k\u00ebt\u00eb q\u00ebllim organizohen edhe takimet rinore p\u00ebr t\u2019i njohur ata me nj\u00ebri \u2013 tjetrin\" \/>\n<meta property=\"og:url\" content=\"https:\/\/orthodoxalbania.org\/2020\/2007\/02\/26\/gezim-dhe-shprese-ne-zotin-krisht-nentor-2007\/\" \/>\n<meta property=\"og:site_name\" content=\"Kisha Orthodh\u03bfkse Autoqefale e Shqip\u00ebris\u00eb\" \/>\n<meta property=\"article:publisher\" content=\"https:\/\/www.facebook.com\/koash1991\" \/>\n<meta property=\"article:published_time\" content=\"2007-02-26T00:00:00+00:00\" \/>\n<meta property=\"article:modified_time\" content=\"2020-04-06T20:35:39+00:00\" \/>\n<meta property=\"og:image\" content=\"https:\/\/lh5.googleusercontent.com\/-wotUtIVx1U0\/VIrdPlZmB_I\/AAAAAAAAHG4\/GDMJqiCOh18\/w400-h300-no\/pic1.jpg\" \/>\n<meta name=\"author\" content=\"Kisha Orthodhokse\" \/>\n<meta name=\"twitter:card\" content=\"summary_large_image\" \/>\n<meta name=\"twitter:label1\" content=\"Written by\" \/>\n\t<meta name=\"twitter:data1\" content=\"Kisha Orthodhokse\" \/>\n\t<meta name=\"twitter:label2\" content=\"Est. reading time\" \/>\n\t<meta name=\"twitter:data2\" content=\"7 minutes\" \/>\n<script type=\"application\/ld+json\" class=\"yoast-schema-graph\">{\"@context\":\"https:\/\/schema.org\",\"@graph\":[{\"@type\":\"Article\",\"@id\":\"https:\/\/orthodoxalbania.org\/2020\/2007\/02\/26\/gezim-dhe-shprese-ne-zotin-krisht-nentor-2007\/#article\",\"isPartOf\":{\"@id\":\"https:\/\/orthodoxalbania.org\/2020\/2007\/02\/26\/gezim-dhe-shprese-ne-zotin-krisht-nentor-2007\/\"},\"author\":{\"name\":\"Kisha Orthodhokse\",\"@id\":\"https:\/\/orthodoxalbania.org\/2020\/#\/schema\/person\/0c387634a7063ac612d7ed9ce71c7e86\"},\"headline\":\"G\u00ebzim dhe shpres\u00eb n\u00eb Zotin Krisht. (N\u00ebntor 2007)\",\"datePublished\":\"2007-02-26T00:00:00+00:00\",\"dateModified\":\"2020-04-06T20:35:39+00:00\",\"mainEntityOfPage\":{\"@id\":\"https:\/\/orthodoxalbania.org\/2020\/2007\/02\/26\/gezim-dhe-shprese-ne-zotin-krisht-nentor-2007\/\"},\"wordCount\":1345,\"commentCount\":0,\"publisher\":{\"@id\":\"https:\/\/orthodoxalbania.org\/2020\/#organization\"},\"image\":{\"@id\":\"https:\/\/orthodoxalbania.org\/2020\/2007\/02\/26\/gezim-dhe-shprese-ne-zotin-krisht-nentor-2007\/#primaryimage\"},\"thumbnailUrl\":\"https:\/\/lh5.googleusercontent.com\/-wotUtIVx1U0\/VIrdPlZmB_I\/AAAAAAAAHG4\/GDMJqiCOh18\/w400-h300-no\/pic1.jpg\",\"keywords\":[\"2007\",\"Kryepiskopata Tiran\u00eb\",\"lajme\",\"Rinia Orthodhokse\"],\"articleSection\":[\"Lajme\"],\"inLanguage\":\"en-US\"},{\"@type\":\"WebPage\",\"@id\":\"https:\/\/orthodoxalbania.org\/2020\/2007\/02\/26\/gezim-dhe-shprese-ne-zotin-krisht-nentor-2007\/\",\"url\":\"https:\/\/orthodoxalbania.org\/2020\/2007\/02\/26\/gezim-dhe-shprese-ne-zotin-krisht-nentor-2007\/\",\"name\":\"G\u00ebzim dhe shpres\u00eb n\u00eb Zotin Krisht. (N\u00ebntor 2007) - Kisha Orthodh\u03bfkse Autoqefale e Shqip\u00ebris\u00eb\",\"isPartOf\":{\"@id\":\"https:\/\/orthodoxalbania.org\/2020\/#website\"},\"primaryImageOfPage\":{\"@id\":\"https:\/\/orthodoxalbania.org\/2020\/2007\/02\/26\/gezim-dhe-shprese-ne-zotin-krisht-nentor-2007\/#primaryimage\"},\"image\":{\"@id\":\"https:\/\/orthodoxalbania.org\/2020\/2007\/02\/26\/gezim-dhe-shprese-ne-zotin-krisht-nentor-2007\/#primaryimage\"},\"thumbnailUrl\":\"https:\/\/lh5.googleusercontent.com\/-wotUtIVx1U0\/VIrdPlZmB_I\/AAAAAAAAHG4\/GDMJqiCOh18\/w400-h300-no\/pic1.jpg\",\"datePublished\":\"2007-02-26T00:00:00+00:00\",\"dateModified\":\"2020-04-06T20:35:39+00:00\",\"breadcrumb\":{\"@id\":\"https:\/\/orthodoxalbania.org\/2020\/2007\/02\/26\/gezim-dhe-shprese-ne-zotin-krisht-nentor-2007\/#breadcrumb\"},\"inLanguage\":\"en-US\",\"potentialAction\":[{\"@type\":\"ReadAction\",\"target\":[\"https:\/\/orthodoxalbania.org\/2020\/2007\/02\/26\/gezim-dhe-shprese-ne-zotin-krisht-nentor-2007\/\"]}]},{\"@type\":\"ImageObject\",\"inLanguage\":\"en-US\",\"@id\":\"https:\/\/orthodoxalbania.org\/2020\/2007\/02\/26\/gezim-dhe-shprese-ne-zotin-krisht-nentor-2007\/#primaryimage\",\"url\":\"https:\/\/lh5.googleusercontent.com\/-wotUtIVx1U0\/VIrdPlZmB_I\/AAAAAAAAHG4\/GDMJqiCOh18\/w400-h300-no\/pic1.jpg\",\"contentUrl\":\"https:\/\/lh5.googleusercontent.com\/-wotUtIVx1U0\/VIrdPlZmB_I\/AAAAAAAAHG4\/GDMJqiCOh18\/w400-h300-no\/pic1.jpg\"},{\"@type\":\"BreadcrumbList\",\"@id\":\"https:\/\/orthodoxalbania.org\/2020\/2007\/02\/26\/gezim-dhe-shprese-ne-zotin-krisht-nentor-2007\/#breadcrumb\",\"itemListElement\":[{\"@type\":\"ListItem\",\"position\":1,\"name\":\"Home\",\"item\":\"https:\/\/orthodoxalbania.org\/2020\/\"},{\"@type\":\"ListItem\",\"position\":2,\"name\":\"G\u00ebzim dhe shpres\u00eb n\u00eb Zotin Krisht. (N\u00ebntor 2007)\"}]},{\"@type\":\"WebSite\",\"@id\":\"https:\/\/orthodoxalbania.org\/2020\/#website\",\"url\":\"https:\/\/orthodoxalbania.org\/2020\/\",\"name\":\"Kisha Orthodh\u03bfkse Autoqefale e Shqip\u00ebris\u00eb\",\"description\":\"Fqja Zyrtare e Kish\u00ebs Orthodhokse Autoqefale e Shqip\u00ebris\u00eb me lajmet edhe informacionet zyrtare p\u00ebr struktur\u00ebn edhe veprimtarin e saj.\",\"publisher\":{\"@id\":\"https:\/\/orthodoxalbania.org\/2020\/#organization\"},\"potentialAction\":[{\"@type\":\"SearchAction\",\"target\":{\"@type\":\"EntryPoint\",\"urlTemplate\":\"https:\/\/orthodoxalbania.org\/2020\/?s={search_term_string}\"},\"query-input\":{\"@type\":\"PropertyValueSpecification\",\"valueRequired\":true,\"valueName\":\"search_term_string\"}}],\"inLanguage\":\"en-US\"},{\"@type\":\"Organization\",\"@id\":\"https:\/\/orthodoxalbania.org\/2020\/#organization\",\"name\":\"Kisha Orthodhokse Autoqefale e Shqip\u00ebris\u00eb\",\"url\":\"https:\/\/orthodoxalbania.org\/2020\/\",\"logo\":{\"@type\":\"ImageObject\",\"inLanguage\":\"en-US\",\"@id\":\"https:\/\/orthodoxalbania.org\/2020\/#\/schema\/logo\/image\/\",\"url\":\"https:\/\/orthodoxalbania.org\/2020\/wp-content\/uploads\/2020\/05\/albania.jpeg\",\"contentUrl\":\"https:\/\/orthodoxalbania.org\/2020\/wp-content\/uploads\/2020\/05\/albania.jpeg\",\"width\":540,\"height\":540,\"caption\":\"Kisha Orthodhokse Autoqefale e Shqip\u00ebris\u00eb\"},\"image\":{\"@id\":\"https:\/\/orthodoxalbania.org\/2020\/#\/schema\/logo\/image\/\"},\"sameAs\":[\"https:\/\/www.facebook.com\/koash1991\"]},{\"@type\":\"Person\",\"@id\":\"https:\/\/orthodoxalbania.org\/2020\/#\/schema\/person\/0c387634a7063ac612d7ed9ce71c7e86\",\"name\":\"Kisha Orthodhokse\",\"image\":{\"@type\":\"ImageObject\",\"inLanguage\":\"en-US\",\"@id\":\"https:\/\/secure.gravatar.com\/avatar\/596e7c417251e30f2fbb9c00e026fce61a695a00e51c889caded71c96cbbdde5?s=96&d=mm&r=g\",\"url\":\"https:\/\/secure.gravatar.com\/avatar\/596e7c417251e30f2fbb9c00e026fce61a695a00e51c889caded71c96cbbdde5?s=96&d=mm&r=g\",\"contentUrl\":\"https:\/\/secure.gravatar.com\/avatar\/596e7c417251e30f2fbb9c00e026fce61a695a00e51c889caded71c96cbbdde5?s=96&d=mm&r=g\",\"caption\":\"Kisha Orthodhokse\"}}]}<\/script>\n<!-- \/ Yoast SEO plugin. -->","yoast_head_json":{"title":"G\u00ebzim dhe shpres\u00eb n\u00eb Zotin Krisht. (N\u00ebntor 2007) - Kisha Orthodh\u03bfkse Autoqefale e Shqip\u00ebris\u00eb","robots":{"index":"index","follow":"follow","max-snippet":"max-snippet:-1","max-image-preview":"max-image-preview:large","max-video-preview":"max-video-preview:-1"},"canonical":"https:\/\/orthodoxalbania.org\/2020\/2007\/02\/26\/gezim-dhe-shprese-ne-zotin-krisht-nentor-2007\/","og_locale":"en_US","og_type":"article","og_title":"G\u00ebzim dhe shpres\u00eb n\u00eb Zotin Krisht. (N\u00ebntor 2007) - Kisha Orthodh\u03bfkse Autoqefale e Shqip\u00ebris\u00eb","og_description":"&nbsp;&nbsp;&nbsp; Takimet vjetore t\u00eb rinis\u00eb orthodhokse n\u00eb dioqezat e Kish\u00ebs son\u00eb dhan\u00eb mesazhin e g\u00ebzimit dhe shpres\u00ebs n\u00eb Zotin Krisht. K\u00ebto veprimtari tradicionale kan\u00eb marr\u00eb nj\u00eb simbolik\u00eb t\u00eb ve\u00e7ant\u00eb dhe t\u00eb shum\u00ebpritur, sepse bashkojn\u00eb t\u00eb rinjt\u00eb n\u00eb \u201cnj\u00eb sht\u00ebpi\u201d t\u00eb p\u00ebrbashk\u00ebt, pik\u00ebrisht n\u00eb Kish\u00eb, aty ku adhurohet e lavd\u00ebrohet Per\u00ebndia. Me k\u00ebt\u00eb q\u00ebllim organizohen edhe takimet rinore p\u00ebr t\u2019i njohur ata me nj\u00ebri \u2013 tjetrin","og_url":"https:\/\/orthodoxalbania.org\/2020\/2007\/02\/26\/gezim-dhe-shprese-ne-zotin-krisht-nentor-2007\/","og_site_name":"Kisha Orthodh\u03bfkse Autoqefale e Shqip\u00ebris\u00eb","article_publisher":"https:\/\/www.facebook.com\/koash1991","article_published_time":"2007-02-26T00:00:00+00:00","article_modified_time":"2020-04-06T20:35:39+00:00","og_image":[{"url":"https:\/\/lh5.googleusercontent.com\/-wotUtIVx1U0\/VIrdPlZmB_I\/AAAAAAAAHG4\/GDMJqiCOh18\/w400-h300-no\/pic1.jpg","type":"","width":"","height":""}],"author":"Kisha Orthodhokse","twitter_card":"summary_large_image","twitter_misc":{"Written by":"Kisha Orthodhokse","Est. reading time":"7 minutes"},"schema":{"@context":"https:\/\/schema.org","@graph":[{"@type":"Article","@id":"https:\/\/orthodoxalbania.org\/2020\/2007\/02\/26\/gezim-dhe-shprese-ne-zotin-krisht-nentor-2007\/#article","isPartOf":{"@id":"https:\/\/orthodoxalbania.org\/2020\/2007\/02\/26\/gezim-dhe-shprese-ne-zotin-krisht-nentor-2007\/"},"author":{"name":"Kisha Orthodhokse","@id":"https:\/\/orthodoxalbania.org\/2020\/#\/schema\/person\/0c387634a7063ac612d7ed9ce71c7e86"},"headline":"G\u00ebzim dhe shpres\u00eb n\u00eb Zotin Krisht. (N\u00ebntor 2007)","datePublished":"2007-02-26T00:00:00+00:00","dateModified":"2020-04-06T20:35:39+00:00","mainEntityOfPage":{"@id":"https:\/\/orthodoxalbania.org\/2020\/2007\/02\/26\/gezim-dhe-shprese-ne-zotin-krisht-nentor-2007\/"},"wordCount":1345,"commentCount":0,"publisher":{"@id":"https:\/\/orthodoxalbania.org\/2020\/#organization"},"image":{"@id":"https:\/\/orthodoxalbania.org\/2020\/2007\/02\/26\/gezim-dhe-shprese-ne-zotin-krisht-nentor-2007\/#primaryimage"},"thumbnailUrl":"https:\/\/lh5.googleusercontent.com\/-wotUtIVx1U0\/VIrdPlZmB_I\/AAAAAAAAHG4\/GDMJqiCOh18\/w400-h300-no\/pic1.jpg","keywords":["2007","Kryepiskopata Tiran\u00eb","lajme","Rinia Orthodhokse"],"articleSection":["Lajme"],"inLanguage":"en-US"},{"@type":"WebPage","@id":"https:\/\/orthodoxalbania.org\/2020\/2007\/02\/26\/gezim-dhe-shprese-ne-zotin-krisht-nentor-2007\/","url":"https:\/\/orthodoxalbania.org\/2020\/2007\/02\/26\/gezim-dhe-shprese-ne-zotin-krisht-nentor-2007\/","name":"G\u00ebzim dhe shpres\u00eb n\u00eb Zotin Krisht. (N\u00ebntor 2007) - Kisha Orthodh\u03bfkse Autoqefale e Shqip\u00ebris\u00eb","isPartOf":{"@id":"https:\/\/orthodoxalbania.org\/2020\/#website"},"primaryImageOfPage":{"@id":"https:\/\/orthodoxalbania.org\/2020\/2007\/02\/26\/gezim-dhe-shprese-ne-zotin-krisht-nentor-2007\/#primaryimage"},"image":{"@id":"https:\/\/orthodoxalbania.org\/2020\/2007\/02\/26\/gezim-dhe-shprese-ne-zotin-krisht-nentor-2007\/#primaryimage"},"thumbnailUrl":"https:\/\/lh5.googleusercontent.com\/-wotUtIVx1U0\/VIrdPlZmB_I\/AAAAAAAAHG4\/GDMJqiCOh18\/w400-h300-no\/pic1.jpg","datePublished":"2007-02-26T00:00:00+00:00","dateModified":"2020-04-06T20:35:39+00:00","breadcrumb":{"@id":"https:\/\/orthodoxalbania.org\/2020\/2007\/02\/26\/gezim-dhe-shprese-ne-zotin-krisht-nentor-2007\/#breadcrumb"},"inLanguage":"en-US","potentialAction":[{"@type":"ReadAction","target":["https:\/\/orthodoxalbania.org\/2020\/2007\/02\/26\/gezim-dhe-shprese-ne-zotin-krisht-nentor-2007\/"]}]},{"@type":"ImageObject","inLanguage":"en-US","@id":"https:\/\/orthodoxalbania.org\/2020\/2007\/02\/26\/gezim-dhe-shprese-ne-zotin-krisht-nentor-2007\/#primaryimage","url":"https:\/\/lh5.googleusercontent.com\/-wotUtIVx1U0\/VIrdPlZmB_I\/AAAAAAAAHG4\/GDMJqiCOh18\/w400-h300-no\/pic1.jpg","contentUrl":"https:\/\/lh5.googleusercontent.com\/-wotUtIVx1U0\/VIrdPlZmB_I\/AAAAAAAAHG4\/GDMJqiCOh18\/w400-h300-no\/pic1.jpg"},{"@type":"BreadcrumbList","@id":"https:\/\/orthodoxalbania.org\/2020\/2007\/02\/26\/gezim-dhe-shprese-ne-zotin-krisht-nentor-2007\/#breadcrumb","itemListElement":[{"@type":"ListItem","position":1,"name":"Home","item":"https:\/\/orthodoxalbania.org\/2020\/"},{"@type":"ListItem","position":2,"name":"G\u00ebzim dhe shpres\u00eb n\u00eb Zotin Krisht. (N\u00ebntor 2007)"}]},{"@type":"WebSite","@id":"https:\/\/orthodoxalbania.org\/2020\/#website","url":"https:\/\/orthodoxalbania.org\/2020\/","name":"Kisha Orthodh\u03bfkse Autoqefale e Shqip\u00ebris\u00eb","description":"Fqja Zyrtare e Kish\u00ebs Orthodhokse Autoqefale e Shqip\u00ebris\u00eb me lajmet edhe informacionet zyrtare p\u00ebr struktur\u00ebn edhe veprimtarin e saj.","publisher":{"@id":"https:\/\/orthodoxalbania.org\/2020\/#organization"},"potentialAction":[{"@type":"SearchAction","target":{"@type":"EntryPoint","urlTemplate":"https:\/\/orthodoxalbania.org\/2020\/?s={search_term_string}"},"query-input":{"@type":"PropertyValueSpecification","valueRequired":true,"valueName":"search_term_string"}}],"inLanguage":"en-US"},{"@type":"Organization","@id":"https:\/\/orthodoxalbania.org\/2020\/#organization","name":"Kisha Orthodhokse Autoqefale e Shqip\u00ebris\u00eb","url":"https:\/\/orthodoxalbania.org\/2020\/","logo":{"@type":"ImageObject","inLanguage":"en-US","@id":"https:\/\/orthodoxalbania.org\/2020\/#\/schema\/logo\/image\/","url":"https:\/\/orthodoxalbania.org\/2020\/wp-content\/uploads\/2020\/05\/albania.jpeg","contentUrl":"https:\/\/orthodoxalbania.org\/2020\/wp-content\/uploads\/2020\/05\/albania.jpeg","width":540,"height":540,"caption":"Kisha Orthodhokse Autoqefale e Shqip\u00ebris\u00eb"},"image":{"@id":"https:\/\/orthodoxalbania.org\/2020\/#\/schema\/logo\/image\/"},"sameAs":["https:\/\/www.facebook.com\/koash1991"]},{"@type":"Person","@id":"https:\/\/orthodoxalbania.org\/2020\/#\/schema\/person\/0c387634a7063ac612d7ed9ce71c7e86","name":"Kisha Orthodhokse","image":{"@type":"ImageObject","inLanguage":"en-US","@id":"https:\/\/secure.gravatar.com\/avatar\/596e7c417251e30f2fbb9c00e026fce61a695a00e51c889caded71c96cbbdde5?s=96&d=mm&r=g","url":"https:\/\/secure.gravatar.com\/avatar\/596e7c417251e30f2fbb9c00e026fce61a695a00e51c889caded71c96cbbdde5?s=96&d=mm&r=g","contentUrl":"https:\/\/secure.gravatar.com\/avatar\/596e7c417251e30f2fbb9c00e026fce61a695a00e51c889caded71c96cbbdde5?s=96&d=mm&r=g","caption":"Kisha Orthodhokse"}}]}},"_links":{"self":[{"href":"https:\/\/orthodoxalbania.org\/2020\/wp-json\/wp\/v2\/posts\/598","targetHints":{"allow":["GET"]}}],"collection":[{"href":"https:\/\/orthodoxalbania.org\/2020\/wp-json\/wp\/v2\/posts"}],"about":[{"href":"https:\/\/orthodoxalbania.org\/2020\/wp-json\/wp\/v2\/types\/post"}],"author":[{"embeddable":true,"href":"https:\/\/orthodoxalbania.org\/2020\/wp-json\/wp\/v2\/users\/1"}],"replies":[{"embeddable":true,"href":"https:\/\/orthodoxalbania.org\/2020\/wp-json\/wp\/v2\/comments?post=598"}],"version-history":[{"count":1,"href":"https:\/\/orthodoxalbania.org\/2020\/wp-json\/wp\/v2\/posts\/598\/revisions"}],"predecessor-version":[{"id":15734,"href":"https:\/\/orthodoxalbania.org\/2020\/wp-json\/wp\/v2\/posts\/598\/revisions\/15734"}],"wp:attachment":[{"href":"https:\/\/orthodoxalbania.org\/2020\/wp-json\/wp\/v2\/media?parent=598"}],"wp:term":[{"taxonomy":"category","embeddable":true,"href":"https:\/\/orthodoxalbania.org\/2020\/wp-json\/wp\/v2\/categories?post=598"},{"taxonomy":"post_tag","embeddable":true,"href":"https:\/\/orthodoxalbania.org\/2020\/wp-json\/wp\/v2\/tags?post=598"}],"curies":[{"name":"wp","href":"https:\/\/api.w.org\/{rel}","templated":true}]}}