{"id":59716,"date":"2022-05-22T22:38:18","date_gmt":"2022-05-22T20:38:18","guid":{"rendered":"https:\/\/orthodoxalbania.org\/2020\/?p=59716"},"modified":"2022-05-22T22:38:22","modified_gmt":"2022-05-22T20:38:22","slug":"e-diela-e-samaritanes-nga-mitropolitit-te-apollonise-fierit-h-nikolla-22-05-2022-tekst","status":"publish","type":"post","link":"https:\/\/orthodoxalbania.org\/2020\/2022\/05\/22\/e-diela-e-samaritanes-nga-mitropolitit-te-apollonise-fierit-h-nikolla-22-05-2022-tekst\/","title":{"rendered":"E Diela e Samaritanes, nga Mitropolitit te Apollonise &#038; Fierit, H. Nikolla, 22.05.2022 (Tekst)"},"content":{"rendered":"<h4 style=\"text-align: center;\"><strong>E Diela e Samaritanes, nga Mitropolitit te Apollonise &amp; Fierit, H. Nikolla, 22.05.2022 (Tekst)<\/strong><\/h4>\n<p>&nbsp;<\/p>\n<p style=\"text-align: justify;\">\n<p style=\"text-align: justify;\">\u201cZoti do na fal\u00eb n\u00ebse ne do t\u00eb pranojm\u00eb se ne dhe vet\u00ebn ne jemi fajtor\u00eb p\u00ebr m\u00ebkatet tona\u201d!<\/p>\n<p style=\"text-align: justify;\">Ndodh shum\u00eb her\u00eb n\u00eb jet\u00ebn ton\u00eb, t\u00eb dashur besimtar\u00eb q\u00eb p\u00ebr ngjarje t\u00eb ndryshme, qoft\u00eb edhe p\u00ebr gabimet q\u00eb b\u00ebjm\u00eb, p\u00ebr m\u00ebkatet tona, shpesh her\u00eb t&#8217;jua hedhim fajin t\u00eb tjer\u00ebve, t\u00eb themi q\u00eb dikush tjet\u00ebr e kishte fajin, shum\u00eb her\u00eb themi q\u00eb nuk ishte fati yn\u00eb, k\u00ebshtu duhet t\u00eb ndodhte. Disa her\u00eb t\u00eb tjera themi akoma q\u00eb vet Zoti kishte th\u00ebn\u00eb q\u00eb k\u00ebshtu duhet t\u00eb ndodhte me mua. Po a \u00ebsht\u00eb kjo e v\u00ebrteta?<\/p>\n<p style=\"text-align: justify;\">N\u00eb mitologjin\u00eb greke tregohet p\u00ebr Orestin nj\u00eb nga heronjt\u00eb e k\u00ebsaj mitologjie. I ati i tij Agemeoni kthehet nga lufta e Troj\u00ebs, kur kthehet n\u00eb atdheun e tij n\u00eb Greqi, ai vritet nga i dashuri i gruas s\u00eb tij. Oresti nuk ndodhej n\u00eb k\u00ebt\u00eb koh\u00eb n\u00eb vendlindjen e tij. Mbas shum\u00eb vitesh kthehet ne atdhe. I nxitur edhe nga per\u00ebndit\u00eb, na thuhet n\u00eb mitologjin\u00eb, q\u00eb ai detyrohet t\u00eb vras\u00eb n\u00ebn\u00ebn dhe t\u00eb dashurin e saj. Por pas k\u00ebtij krimi, ai p\u00ebrndiqet nga disa per\u00ebndi t\u00eb tjera, t\u00eb cilat kishin t\u00eb drejt\u00ebn e ruajtjes s\u00eb unitetit dhe rendit shoq\u00ebror\u00eb dhe familjar dhe q\u00eb d\u00ebnonin \u00e7do lloji dhune, sidomos brenda familjes. K\u00ebto per\u00ebndi e p\u00ebrndiqnin vazhdimisht Orestin dhe n\u00eb fund u mblodh\u00ebn per\u00ebndit\u00eb ta gjykonin, disa dol\u00ebn n\u00eb p\u00ebrkrahjen t\u00eb Orestit dhe thoshin nuk ishte faji i tij b\u00ebri nj\u00eb krim t\u00eb till\u00eb sepse per\u00ebndit\u00eb e nxit\u00ebn at\u00eb t\u00eb b\u00ebnte di\u00e7ka t\u00eb till\u00eb, nd\u00ebsa per\u00ebndit\u00eb e tjera thoshin ai duhet t\u00eb d\u00ebnohet, ai \u00ebsht\u00eb fajtor p\u00ebr krimin q\u00eb ka b\u00ebr\u00eb. Ngrihet Oresti dhe thot\u00eb nuk \u00ebsht\u00eb faji i askujt , nuk \u00ebsht\u00eb faji i per\u00ebndive, faji \u00ebsht\u00eb i imi personal, un\u00eb b\u00ebra vrasjen, un\u00eb vrava n\u00ebn\u00ebn time. Dhe sapo ai pranoj\u00eb gabimin e tij, per\u00ebndit\u00eb e fal\u00ebn. K\u00ebshtu ndodh edhe me jet\u00ebn ton\u00eb, kur ne pranojm\u00eb q\u00eb fajtor p\u00ebr gabimet dhe m\u00ebkatet tona jemi ne personalisht, askush se ka fajin, ne e kemi fajin.<\/p>\n<p style=\"text-align: justify;\">Ne na ka dh\u00ebn\u00eb Zoti dhurat\u00ebn e madhe t\u00eb liris\u00eb. Askush tjet\u00ebr nuk e ka k\u00ebt\u00eb t\u00eb drejt\u00eb, t\u00eb c\u00ebnoj\u00eb dhe t&#8217;privoj\u00eb lirin\u00eb ton\u00eb. Askush tjet\u00ebr nuk na detyron neve q\u00eb t\u00eb b\u00ebjm\u00eb gabime dhe m\u00ebkate, as t\u00eb tjer\u00ebt, as djalli, as Per\u00ebndia nuk e c\u00ebnon lirin\u00eb ton\u00eb.<\/p>\n<p style=\"text-align: justify;\">-Tregojn\u00eb nj\u00eb histori:- N\u00eb nj\u00eb manastir\u00eb, ishte periudh\u00eb kreshme dhe kuptohet ishte kufizuar ushqimi, sepse murgjit kan\u00eb rregull t\u00eb rrept\u00eb brenda peridh\u00ebs s\u00eb kreshm\u00ebve. Nj\u00eb nga murgjit ishte pak i dashur me ushqimin, gjen nj\u00eb vez\u00eb dhe brenda qelis\u00eb s\u00eb tij, ku dyert\u00eb kishin \u00e7el\u00ebsa t\u00eb m\u00ebdhenj q\u00eb mbylleshin dyert\u00eb dhe vendosi vez\u00ebn mbi \u00e7el\u00ebsin edhe nga posht\u00eb me nj\u00eb qiri t\u00eb ndezur po piqte vez\u00ebn q\u00eb t\u00eb ushqehesh. Por ja q\u00eb l\u00ebshoji er\u00eb n\u00eb t\u00eb gjith\u00eb manastirin. E ndjeu edhe igumeni dhe shkon atje ku ishte era me e fort\u00eb dhe i thot\u00eb v\u00ebllait t\u00eb tij, \u00e7far\u00eb b\u00ebre, n\u00eb k\u00ebt\u00eb k\u00ebt\u00eb periudh\u00eb kreshme b\u00ebre di\u00e7ka t\u00eb till\u00eb?! Jo thot\u00eb jo un\u00eb, i ligu m\u00eb shtyri. U d\u00ebgjua z\u00ebri i Djallit &#8211; jo mua s&#8217;m\u00eb kishte vajtur mendja fare t\u00eb b\u00ebja di\u00e7ka t\u00eb till\u00eb.<\/p>\n<p style=\"text-align: justify;\">Edhe sh\u00eb Fotinia, gruaja samaritane q\u00eb festojm\u0113 sot edhe ajo e pranon gabimin e saj. Hapur j&#8217;u thot\u00eb t\u00eb gjith\u00eb samaritan\u00ebve , ejani t\u00eb takoni dik\u00eb q\u00eb m\u00eb ka th\u00ebn\u00eb gjith\u00e7ka q\u00eb kam b\u00ebr\u00eb. Nuk e fsheh jet\u00ebn e saj m\u00ebkatare. Ishte martuar pes\u00eb her\u00eb dhe tani bashk\u00ebjetonte me nj\u00eb burr\u00eb tjet\u00ebr, i cili ky veprim ishte nj\u00eb shkelje e r\u00ebnd\u00eb e ligjit t\u00eb Moisiut. Pranon m\u00ebkatin e saj, nuk justifikohet p\u00ebr m\u00ebkatin e saj, nuk thot\u00eb q\u00eb p\u00ebr mua askush nuk u kujdes t\u00eb plot\u00ebsonte nevojat e mija, t&#8217;m\u00eb q\u00ebndronte pran\u00eb, t&#8217;m\u00eb mb\u00ebshteste n\u00eb jet\u00ebn time, prandaj edhe un\u00eb b\u00ebra gjith\u00eb k\u00ebto gabime n\u00eb jet\u00eb. Jo, pranon gabimin e saj dhe prandaj Zoti e fal, prandaj Zoti e th\u00ebrret, prandaj ajo b\u00ebhet shenjtore , q\u00eb m\u00eb pas u marterizua p\u00ebr besimin e saj n\u00eb Zotin.<\/p>\n<p style=\"text-align: justify;\">Akoma m\u00eb tep\u00ebr e kujtojm\u00eb paravolin\u00eb e &#8220;Djalit Plangprish\u00ebs&#8221; nuk justifikohet djali plangprish\u00ebs, ti thoshte Atit t\u00eb tij q\u00eb ti nuk k\u00ebmbngule q\u00eb un\u00eb mos t\u00eb shkoja n\u00eb rrug\u00eb t\u00eb larg\u00ebt dhe t\u00eb mos prishja pasurin\u00eb, nuk ju justifikua tek v\u00ebllai q\u00eb se mbajti pran\u00eb sht\u00ebpis\u00eb, nuk ju justifikua tek miqt\u00eb e tij q\u00eb nuk e ndihmuan q\u00eb t\u00eb ruante pasurin\u00eb dhe t\u00eb b\u00ebnin nj\u00eb menaxhim t\u00eb mir\u00eb t\u00eb pasuris\u00eb. Nuk ja hodhi fajin askujt tjet\u00ebr, por vajti tek Ati dhe thot\u00eb m\u00ebkatova, m\u00ebkatova At\u00eb p\u00ebrpara teje dhe p\u00ebrpara qiellit. Kam m\u00ebkatuar, un\u00eb pranoj\u00eb q\u00eb gabimi \u00ebsht\u00eb i imi, thot\u00eb djali plangprish\u00ebs. Pranoj\u00eb q\u00eb gabimi \u00ebsht\u00eb i imi dhe askujt tjet\u00ebr, prandaj Ati e fali, prandaj Oresti u fal, prandaj Zoti do na fal\u00eb n\u00ebse ne do t\u00eb pranojm\u00eb n\u00ebse gabimi dhe m\u00ebkati nuk \u00ebsht\u00eb i askujt tjet\u00ebr, \u00ebsht\u00eb m\u00ebkati yn\u00eb.<\/p>\n<p style=\"text-align: justify;\">Le t\u00eb marrim kurajo t\u00eb gjith\u00eb neve. Mendojm\u00eb shpeshher\u00eb se gjejm\u00eb k\u00ebnaq\u00ebsin\u00eb dhe lumturin\u00eb n\u00eb gj\u00ebrat e tjera. Gruaja samaritane u martua me pes\u00eb burra , e pa q\u00eb as nga ata pes\u00eb burra dhe i gjashti nuk i plot\u00ebsoi dot, nuk e b\u00ebri askush t\u00eb lumtur at\u00eb grua. Shpeshher\u00eb neve lidhemi me njer\u00ebzit, akoma edhe brenda jet\u00ebs s\u00eb martes\u00ebs mendojm\u00eb q\u00eb bashk\u00ebshorti ose bashk\u00ebshortja ose i dashuri ose edhe e dashura do t&#8217;na plot\u00ebsoj\u00eb gjith\u00eb q\u00ebnien ton\u00eb, gjith\u00eb nevojat tona. N\u00eb fakt, \u00e7far\u00eb k\u00ebrkojm\u00eb? K\u00ebrkojm\u00eb Zotin. Sepse Zoti \u00ebsht\u00eb Ai me t\u00eb v\u00ebrtet\u00eb q\u00eb mund t\u00eb plot\u00ebsoj\u00eb gjith\u00eb ato nevoja q\u00eb kemi neve. Prandaj shkojm\u00eb nga nj\u00eb dashuri ose nga nj\u00eb zhg\u00ebnjim n\u00eb nj\u00eb zhg\u00ebnjim tjet\u00ebr, derisa t\u00eb kuptojm\u00eb q\u00eb dashuria e v\u00ebrtet\u00eb plot\u00ebsohet dhe \u00ebsht\u00eb e Zotit.<\/p>\n<p style=\"text-align: justify;\">Dhe gruaja samaritane e kuptoj\u00eb q\u00eb v\u00ebrtet\u00eb dashuria mbetet m\u00eb Zotin. Pranoj\u00eb gabimin e saj dhe Zoti e plot\u00ebsoj\u00eb me at\u00eb g\u00ebzimin e madh q\u00eb t\u00eb jet\u00eb d\u00ebshmitare e zjarrt\u00eb e Ngjalljes s\u00eb Zotit, t\u00eb mbushet me k\u00ebnaq\u00ebsin\u00eb dhe lumturin\u00eb q\u00eb jep Zoti, kur ai t\u00eb jet\u00eb n\u00eb zemrat tona.<\/p>\n<p style=\"text-align: justify;\">Le t\u00eb vazhdojm\u00eb edhe ne, t\u00eb dashur besimtar\u00eb, n\u00eb k\u00ebt\u00eb rrug\u00eb q\u00eb na tregojn\u00eb shenjtor\u00ebt . Le te pranojm\u00eb gabimin ton\u00eb dhe Zoti do t\u00eb bekoj\u00eb q\u00eb ne t\u00eb shijojm\u00eb g\u00ebzimin dhe lumturin\u00eb e Tij. Amin<\/p>\n<p style=\"text-align: justify;\">\n<p style=\"text-align: justify;\">\n<p style=\"text-align: justify;\">\n","protected":false},"excerpt":{"rendered":"<p>E Diela e Samaritanes, nga Mitropolitit te Apollonise &amp; Fierit, H. Nikolla, 22.05.2022 (Tekst) &nbsp; \u201cZoti do na fal\u00eb n\u00ebse ne do t\u00eb pranojm\u00eb se ne dhe vet\u00ebn ne jemi fajtor\u00eb p\u00ebr m\u00ebkatet tona\u201d! Ndodh shum\u00eb her\u00eb n\u00eb jet\u00ebn ton\u00eb, t\u00eb dashur besimtar\u00eb q\u00eb p\u00ebr ngjarje t\u00eb ndryshme, qoft\u00eb edhe p\u00ebr gabimet q\u00eb b\u00ebjm\u00eb, p\u00ebr m\u00ebkatet tona, shpesh her\u00eb t&#8217;jua hedhim fajin t\u00eb tjer\u00ebve, t\u00eb<\/p>\n","protected":false},"author":7,"featured_media":59720,"comment_status":"closed","ping_status":"closed","sticky":false,"template":"","format":"standard","meta":{"_acf_changed":false,"pagelayer_contact_templates":[],"_pagelayer_content":"","inline_featured_image":false,"fifu_image_url":"https:\/\/live.staticflickr.com\/65535\/52091252944_b55a29de9d_b.jpg","fifu_image_alt":"","footnotes":""},"categories":[2777],"tags":[206,2779],"class_list":["post-59716","post","type-post","status-publish","format-standard","has-post-thumbnail","hentry","category-predikimet-e-se-dieles-festive","tag-mitropolia-e-apollonise-dhe-e-fierit","tag-predikimet-e-se-dieles-festive"],"acf":[],"yoast_head":"<!-- This site is optimized with the Yoast SEO plugin v27.2 - https:\/\/yoast.com\/product\/yoast-seo-wordpress\/ -->\n<title>E Diela e Samaritanes, nga Mitropolitit te Apollonise &amp; Fierit, H. Nikolla, 22.05.2022 (Tekst) - Kisha Orthodh\u03bfkse Autoqefale e Shqip\u00ebris\u00eb<\/title>\n<meta name=\"robots\" content=\"index, follow, max-snippet:-1, max-image-preview:large, max-video-preview:-1\" \/>\n<link rel=\"canonical\" href=\"https:\/\/orthodoxalbania.org\/2020\/2022\/05\/22\/e-diela-e-samaritanes-nga-mitropolitit-te-apollonise-fierit-h-nikolla-22-05-2022-tekst\/\" \/>\n<meta property=\"og:locale\" content=\"en_US\" \/>\n<meta property=\"og:type\" content=\"article\" \/>\n<meta property=\"og:title\" content=\"E Diela e Samaritanes, nga Mitropolitit te Apollonise &amp; Fierit, H. Nikolla, 22.05.2022 (Tekst) - Kisha Orthodh\u03bfkse Autoqefale e Shqip\u00ebris\u00eb\" \/>\n<meta property=\"og:description\" content=\"E Diela e Samaritanes, nga Mitropolitit te Apollonise &amp; Fierit, H. Nikolla, 22.05.2022 (Tekst) &nbsp; \u201cZoti do na fal\u00eb n\u00ebse ne do t\u00eb pranojm\u00eb se ne dhe vet\u00ebn ne jemi fajtor\u00eb p\u00ebr m\u00ebkatet tona\u201d! Ndodh shum\u00eb her\u00eb n\u00eb jet\u00ebn ton\u00eb, t\u00eb dashur besimtar\u00eb q\u00eb p\u00ebr ngjarje t\u00eb ndryshme, qoft\u00eb edhe p\u00ebr gabimet q\u00eb b\u00ebjm\u00eb, p\u00ebr m\u00ebkatet tona, shpesh her\u00eb t&#8217;jua hedhim fajin t\u00eb tjer\u00ebve, t\u00eb\" \/>\n<meta property=\"og:url\" content=\"https:\/\/orthodoxalbania.org\/2020\/2022\/05\/22\/e-diela-e-samaritanes-nga-mitropolitit-te-apollonise-fierit-h-nikolla-22-05-2022-tekst\/\" \/>\n<meta property=\"og:site_name\" content=\"Kisha Orthodh\u03bfkse Autoqefale e Shqip\u00ebris\u00eb\" \/>\n<meta property=\"article:publisher\" content=\"https:\/\/www.facebook.com\/koash1991\" \/>\n<meta property=\"article:published_time\" content=\"2022-05-22T20:38:18+00:00\" \/>\n<meta property=\"article:modified_time\" content=\"2022-05-22T20:38:22+00:00\" \/>\n<meta property=\"og:image\" content=\"https:\/\/live.staticflickr.com\/65535\/52091252944_b55a29de9d_b.jpg\" \/>\n<meta name=\"author\" content=\"Kisha Orthodhokse\" \/>\n<meta name=\"twitter:card\" content=\"summary_large_image\" \/>\n<meta name=\"twitter:image\" content=\"https:\/\/live.staticflickr.com\/65535\/52091252944_b55a29de9d_b.jpg\" \/>\n<meta name=\"twitter:label1\" content=\"Written by\" \/>\n\t<meta name=\"twitter:data1\" content=\"Kisha Orthodhokse\" \/>\n\t<meta name=\"twitter:label2\" content=\"Est. reading time\" \/>\n\t<meta name=\"twitter:data2\" content=\"5 minutes\" \/>\n<script type=\"application\/ld+json\" class=\"yoast-schema-graph\">{\"@context\":\"https:\/\/schema.org\",\"@graph\":[{\"@type\":\"Article\",\"@id\":\"https:\/\/orthodoxalbania.org\/2020\/2022\/05\/22\/e-diela-e-samaritanes-nga-mitropolitit-te-apollonise-fierit-h-nikolla-22-05-2022-tekst\/#article\",\"isPartOf\":{\"@id\":\"https:\/\/orthodoxalbania.org\/2020\/2022\/05\/22\/e-diela-e-samaritanes-nga-mitropolitit-te-apollonise-fierit-h-nikolla-22-05-2022-tekst\/\"},\"author\":{\"name\":\"Kisha Orthodhokse\",\"@id\":\"https:\/\/orthodoxalbania.org\/2020\/#\/schema\/person\/df745f942b70e045b3dc05a30211f0de\"},\"headline\":\"E Diela e Samaritanes, nga Mitropolitit te Apollonise &#038; Fierit, H. Nikolla, 22.05.2022 (Tekst)\",\"datePublished\":\"2022-05-22T20:38:18+00:00\",\"dateModified\":\"2022-05-22T20:38:22+00:00\",\"mainEntityOfPage\":{\"@id\":\"https:\/\/orthodoxalbania.org\/2020\/2022\/05\/22\/e-diela-e-samaritanes-nga-mitropolitit-te-apollonise-fierit-h-nikolla-22-05-2022-tekst\/\"},\"wordCount\":1179,\"publisher\":{\"@id\":\"https:\/\/orthodoxalbania.org\/2020\/#organization\"},\"image\":{\"@id\":\"https:\/\/orthodoxalbania.org\/2020\/2022\/05\/22\/e-diela-e-samaritanes-nga-mitropolitit-te-apollonise-fierit-h-nikolla-22-05-2022-tekst\/#primaryimage\"},\"thumbnailUrl\":\"https:\/\/live.staticflickr.com\/65535\/52091252944_b55a29de9d_b.jpg\",\"keywords\":[\"Mitropolia e Apollonis\u00eb dhe Fierit\",\"Predikimet e se Dieles &amp; Festive\"],\"articleSection\":[\"Predikimet e se Dieles &amp; Festive\"],\"inLanguage\":\"en-US\"},{\"@type\":\"WebPage\",\"@id\":\"https:\/\/orthodoxalbania.org\/2020\/2022\/05\/22\/e-diela-e-samaritanes-nga-mitropolitit-te-apollonise-fierit-h-nikolla-22-05-2022-tekst\/\",\"url\":\"https:\/\/orthodoxalbania.org\/2020\/2022\/05\/22\/e-diela-e-samaritanes-nga-mitropolitit-te-apollonise-fierit-h-nikolla-22-05-2022-tekst\/\",\"name\":\"E Diela e Samaritanes, nga Mitropolitit te Apollonise & Fierit, H. Nikolla, 22.05.2022 (Tekst) - Kisha Orthodh\u03bfkse Autoqefale e Shqip\u00ebris\u00eb\",\"isPartOf\":{\"@id\":\"https:\/\/orthodoxalbania.org\/2020\/#website\"},\"primaryImageOfPage\":{\"@id\":\"https:\/\/orthodoxalbania.org\/2020\/2022\/05\/22\/e-diela-e-samaritanes-nga-mitropolitit-te-apollonise-fierit-h-nikolla-22-05-2022-tekst\/#primaryimage\"},\"image\":{\"@id\":\"https:\/\/orthodoxalbania.org\/2020\/2022\/05\/22\/e-diela-e-samaritanes-nga-mitropolitit-te-apollonise-fierit-h-nikolla-22-05-2022-tekst\/#primaryimage\"},\"thumbnailUrl\":\"https:\/\/live.staticflickr.com\/65535\/52091252944_b55a29de9d_b.jpg\",\"datePublished\":\"2022-05-22T20:38:18+00:00\",\"dateModified\":\"2022-05-22T20:38:22+00:00\",\"breadcrumb\":{\"@id\":\"https:\/\/orthodoxalbania.org\/2020\/2022\/05\/22\/e-diela-e-samaritanes-nga-mitropolitit-te-apollonise-fierit-h-nikolla-22-05-2022-tekst\/#breadcrumb\"},\"inLanguage\":\"en-US\",\"potentialAction\":[{\"@type\":\"ReadAction\",\"target\":[\"https:\/\/orthodoxalbania.org\/2020\/2022\/05\/22\/e-diela-e-samaritanes-nga-mitropolitit-te-apollonise-fierit-h-nikolla-22-05-2022-tekst\/\"]}]},{\"@type\":\"ImageObject\",\"inLanguage\":\"en-US\",\"@id\":\"https:\/\/orthodoxalbania.org\/2020\/2022\/05\/22\/e-diela-e-samaritanes-nga-mitropolitit-te-apollonise-fierit-h-nikolla-22-05-2022-tekst\/#primaryimage\",\"url\":\"https:\/\/live.staticflickr.com\/65535\/52091252944_b55a29de9d_b.jpg\",\"contentUrl\":\"https:\/\/live.staticflickr.com\/65535\/52091252944_b55a29de9d_b.jpg\",\"width\":\"640\",\"height\":\"470\"},{\"@type\":\"BreadcrumbList\",\"@id\":\"https:\/\/orthodoxalbania.org\/2020\/2022\/05\/22\/e-diela-e-samaritanes-nga-mitropolitit-te-apollonise-fierit-h-nikolla-22-05-2022-tekst\/#breadcrumb\",\"itemListElement\":[{\"@type\":\"ListItem\",\"position\":1,\"name\":\"Home\",\"item\":\"https:\/\/orthodoxalbania.org\/2020\/\"},{\"@type\":\"ListItem\",\"position\":2,\"name\":\"E Diela e Samaritanes, nga Mitropolitit te Apollonise &#038; Fierit, H. Nikolla, 22.05.2022 (Tekst)\"}]},{\"@type\":\"WebSite\",\"@id\":\"https:\/\/orthodoxalbania.org\/2020\/#website\",\"url\":\"https:\/\/orthodoxalbania.org\/2020\/\",\"name\":\"Kisha Orthodh\u03bfkse Autoqefale e Shqip\u00ebris\u00eb\",\"description\":\"Fqja Zyrtare e Kish\u00ebs Orthodhokse Autoqefale e Shqip\u00ebris\u00eb me lajmet edhe informacionet zyrtare p\u00ebr struktur\u00ebn edhe veprimtarin e saj.\",\"publisher\":{\"@id\":\"https:\/\/orthodoxalbania.org\/2020\/#organization\"},\"potentialAction\":[{\"@type\":\"SearchAction\",\"target\":{\"@type\":\"EntryPoint\",\"urlTemplate\":\"https:\/\/orthodoxalbania.org\/2020\/?s={search_term_string}\"},\"query-input\":{\"@type\":\"PropertyValueSpecification\",\"valueRequired\":true,\"valueName\":\"search_term_string\"}}],\"inLanguage\":\"en-US\"},{\"@type\":\"Organization\",\"@id\":\"https:\/\/orthodoxalbania.org\/2020\/#organization\",\"name\":\"Kisha Orthodhokse Autoqefale e Shqip\u00ebris\u00eb\",\"url\":\"https:\/\/orthodoxalbania.org\/2020\/\",\"logo\":{\"@type\":\"ImageObject\",\"inLanguage\":\"en-US\",\"@id\":\"https:\/\/orthodoxalbania.org\/2020\/#\/schema\/logo\/image\/\",\"url\":\"https:\/\/orthodoxalbania.org\/2020\/wp-content\/uploads\/2020\/05\/albania.jpeg\",\"contentUrl\":\"https:\/\/orthodoxalbania.org\/2020\/wp-content\/uploads\/2020\/05\/albania.jpeg\",\"width\":540,\"height\":540,\"caption\":\"Kisha Orthodhokse Autoqefale e Shqip\u00ebris\u00eb\"},\"image\":{\"@id\":\"https:\/\/orthodoxalbania.org\/2020\/#\/schema\/logo\/image\/\"},\"sameAs\":[\"https:\/\/www.facebook.com\/koash1991\"]},{\"@type\":\"Person\",\"@id\":\"https:\/\/orthodoxalbania.org\/2020\/#\/schema\/person\/df745f942b70e045b3dc05a30211f0de\",\"name\":\"Kisha Orthodhokse\",\"image\":{\"@type\":\"ImageObject\",\"inLanguage\":\"en-US\",\"@id\":\"https:\/\/secure.gravatar.com\/avatar\/2676eb8d97178435c9f691a7871595a1da6c33542dec218bce40885573150e28?s=96&d=mm&r=g\",\"url\":\"https:\/\/secure.gravatar.com\/avatar\/2676eb8d97178435c9f691a7871595a1da6c33542dec218bce40885573150e28?s=96&d=mm&r=g\",\"contentUrl\":\"https:\/\/secure.gravatar.com\/avatar\/2676eb8d97178435c9f691a7871595a1da6c33542dec218bce40885573150e28?s=96&d=mm&r=g\",\"caption\":\"Kisha Orthodhokse\"}}]}<\/script>\n<!-- \/ Yoast SEO plugin. -->","yoast_head_json":{"title":"E Diela e Samaritanes, nga Mitropolitit te Apollonise & Fierit, H. Nikolla, 22.05.2022 (Tekst) - Kisha Orthodh\u03bfkse Autoqefale e Shqip\u00ebris\u00eb","robots":{"index":"index","follow":"follow","max-snippet":"max-snippet:-1","max-image-preview":"max-image-preview:large","max-video-preview":"max-video-preview:-1"},"canonical":"https:\/\/orthodoxalbania.org\/2020\/2022\/05\/22\/e-diela-e-samaritanes-nga-mitropolitit-te-apollonise-fierit-h-nikolla-22-05-2022-tekst\/","og_locale":"en_US","og_type":"article","og_title":"E Diela e Samaritanes, nga Mitropolitit te Apollonise & Fierit, H. Nikolla, 22.05.2022 (Tekst) - Kisha Orthodh\u03bfkse Autoqefale e Shqip\u00ebris\u00eb","og_description":"E Diela e Samaritanes, nga Mitropolitit te Apollonise &amp; Fierit, H. Nikolla, 22.05.2022 (Tekst) &nbsp; \u201cZoti do na fal\u00eb n\u00ebse ne do t\u00eb pranojm\u00eb se ne dhe vet\u00ebn ne jemi fajtor\u00eb p\u00ebr m\u00ebkatet tona\u201d! Ndodh shum\u00eb her\u00eb n\u00eb jet\u00ebn ton\u00eb, t\u00eb dashur besimtar\u00eb q\u00eb p\u00ebr ngjarje t\u00eb ndryshme, qoft\u00eb edhe p\u00ebr gabimet q\u00eb b\u00ebjm\u00eb, p\u00ebr m\u00ebkatet tona, shpesh her\u00eb t&#8217;jua hedhim fajin t\u00eb tjer\u00ebve, t\u00eb","og_url":"https:\/\/orthodoxalbania.org\/2020\/2022\/05\/22\/e-diela-e-samaritanes-nga-mitropolitit-te-apollonise-fierit-h-nikolla-22-05-2022-tekst\/","og_site_name":"Kisha Orthodh\u03bfkse Autoqefale e Shqip\u00ebris\u00eb","article_publisher":"https:\/\/www.facebook.com\/koash1991","article_published_time":"2022-05-22T20:38:18+00:00","article_modified_time":"2022-05-22T20:38:22+00:00","og_image":[{"url":"https:\/\/live.staticflickr.com\/65535\/52091252944_b55a29de9d_b.jpg","type":"","width":"","height":""}],"author":"Kisha Orthodhokse","twitter_card":"summary_large_image","twitter_image":"https:\/\/live.staticflickr.com\/65535\/52091252944_b55a29de9d_b.jpg","twitter_misc":{"Written by":"Kisha Orthodhokse","Est. reading time":"5 minutes"},"schema":{"@context":"https:\/\/schema.org","@graph":[{"@type":"Article","@id":"https:\/\/orthodoxalbania.org\/2020\/2022\/05\/22\/e-diela-e-samaritanes-nga-mitropolitit-te-apollonise-fierit-h-nikolla-22-05-2022-tekst\/#article","isPartOf":{"@id":"https:\/\/orthodoxalbania.org\/2020\/2022\/05\/22\/e-diela-e-samaritanes-nga-mitropolitit-te-apollonise-fierit-h-nikolla-22-05-2022-tekst\/"},"author":{"name":"Kisha Orthodhokse","@id":"https:\/\/orthodoxalbania.org\/2020\/#\/schema\/person\/df745f942b70e045b3dc05a30211f0de"},"headline":"E Diela e Samaritanes, nga Mitropolitit te Apollonise &#038; Fierit, H. Nikolla, 22.05.2022 (Tekst)","datePublished":"2022-05-22T20:38:18+00:00","dateModified":"2022-05-22T20:38:22+00:00","mainEntityOfPage":{"@id":"https:\/\/orthodoxalbania.org\/2020\/2022\/05\/22\/e-diela-e-samaritanes-nga-mitropolitit-te-apollonise-fierit-h-nikolla-22-05-2022-tekst\/"},"wordCount":1179,"publisher":{"@id":"https:\/\/orthodoxalbania.org\/2020\/#organization"},"image":{"@id":"https:\/\/orthodoxalbania.org\/2020\/2022\/05\/22\/e-diela-e-samaritanes-nga-mitropolitit-te-apollonise-fierit-h-nikolla-22-05-2022-tekst\/#primaryimage"},"thumbnailUrl":"https:\/\/live.staticflickr.com\/65535\/52091252944_b55a29de9d_b.jpg","keywords":["Mitropolia e Apollonis\u00eb dhe Fierit","Predikimet e se Dieles &amp; Festive"],"articleSection":["Predikimet e se Dieles &amp; Festive"],"inLanguage":"en-US"},{"@type":"WebPage","@id":"https:\/\/orthodoxalbania.org\/2020\/2022\/05\/22\/e-diela-e-samaritanes-nga-mitropolitit-te-apollonise-fierit-h-nikolla-22-05-2022-tekst\/","url":"https:\/\/orthodoxalbania.org\/2020\/2022\/05\/22\/e-diela-e-samaritanes-nga-mitropolitit-te-apollonise-fierit-h-nikolla-22-05-2022-tekst\/","name":"E Diela e Samaritanes, nga Mitropolitit te Apollonise & Fierit, H. Nikolla, 22.05.2022 (Tekst) - Kisha Orthodh\u03bfkse Autoqefale e Shqip\u00ebris\u00eb","isPartOf":{"@id":"https:\/\/orthodoxalbania.org\/2020\/#website"},"primaryImageOfPage":{"@id":"https:\/\/orthodoxalbania.org\/2020\/2022\/05\/22\/e-diela-e-samaritanes-nga-mitropolitit-te-apollonise-fierit-h-nikolla-22-05-2022-tekst\/#primaryimage"},"image":{"@id":"https:\/\/orthodoxalbania.org\/2020\/2022\/05\/22\/e-diela-e-samaritanes-nga-mitropolitit-te-apollonise-fierit-h-nikolla-22-05-2022-tekst\/#primaryimage"},"thumbnailUrl":"https:\/\/live.staticflickr.com\/65535\/52091252944_b55a29de9d_b.jpg","datePublished":"2022-05-22T20:38:18+00:00","dateModified":"2022-05-22T20:38:22+00:00","breadcrumb":{"@id":"https:\/\/orthodoxalbania.org\/2020\/2022\/05\/22\/e-diela-e-samaritanes-nga-mitropolitit-te-apollonise-fierit-h-nikolla-22-05-2022-tekst\/#breadcrumb"},"inLanguage":"en-US","potentialAction":[{"@type":"ReadAction","target":["https:\/\/orthodoxalbania.org\/2020\/2022\/05\/22\/e-diela-e-samaritanes-nga-mitropolitit-te-apollonise-fierit-h-nikolla-22-05-2022-tekst\/"]}]},{"@type":"ImageObject","inLanguage":"en-US","@id":"https:\/\/orthodoxalbania.org\/2020\/2022\/05\/22\/e-diela-e-samaritanes-nga-mitropolitit-te-apollonise-fierit-h-nikolla-22-05-2022-tekst\/#primaryimage","url":"https:\/\/live.staticflickr.com\/65535\/52091252944_b55a29de9d_b.jpg","contentUrl":"https:\/\/live.staticflickr.com\/65535\/52091252944_b55a29de9d_b.jpg","width":"640","height":"470"},{"@type":"BreadcrumbList","@id":"https:\/\/orthodoxalbania.org\/2020\/2022\/05\/22\/e-diela-e-samaritanes-nga-mitropolitit-te-apollonise-fierit-h-nikolla-22-05-2022-tekst\/#breadcrumb","itemListElement":[{"@type":"ListItem","position":1,"name":"Home","item":"https:\/\/orthodoxalbania.org\/2020\/"},{"@type":"ListItem","position":2,"name":"E Diela e Samaritanes, nga Mitropolitit te Apollonise &#038; Fierit, H. Nikolla, 22.05.2022 (Tekst)"}]},{"@type":"WebSite","@id":"https:\/\/orthodoxalbania.org\/2020\/#website","url":"https:\/\/orthodoxalbania.org\/2020\/","name":"Kisha Orthodh\u03bfkse Autoqefale e Shqip\u00ebris\u00eb","description":"Fqja Zyrtare e Kish\u00ebs Orthodhokse Autoqefale e Shqip\u00ebris\u00eb me lajmet edhe informacionet zyrtare p\u00ebr struktur\u00ebn edhe veprimtarin e saj.","publisher":{"@id":"https:\/\/orthodoxalbania.org\/2020\/#organization"},"potentialAction":[{"@type":"SearchAction","target":{"@type":"EntryPoint","urlTemplate":"https:\/\/orthodoxalbania.org\/2020\/?s={search_term_string}"},"query-input":{"@type":"PropertyValueSpecification","valueRequired":true,"valueName":"search_term_string"}}],"inLanguage":"en-US"},{"@type":"Organization","@id":"https:\/\/orthodoxalbania.org\/2020\/#organization","name":"Kisha Orthodhokse Autoqefale e Shqip\u00ebris\u00eb","url":"https:\/\/orthodoxalbania.org\/2020\/","logo":{"@type":"ImageObject","inLanguage":"en-US","@id":"https:\/\/orthodoxalbania.org\/2020\/#\/schema\/logo\/image\/","url":"https:\/\/orthodoxalbania.org\/2020\/wp-content\/uploads\/2020\/05\/albania.jpeg","contentUrl":"https:\/\/orthodoxalbania.org\/2020\/wp-content\/uploads\/2020\/05\/albania.jpeg","width":540,"height":540,"caption":"Kisha Orthodhokse Autoqefale e Shqip\u00ebris\u00eb"},"image":{"@id":"https:\/\/orthodoxalbania.org\/2020\/#\/schema\/logo\/image\/"},"sameAs":["https:\/\/www.facebook.com\/koash1991"]},{"@type":"Person","@id":"https:\/\/orthodoxalbania.org\/2020\/#\/schema\/person\/df745f942b70e045b3dc05a30211f0de","name":"Kisha Orthodhokse","image":{"@type":"ImageObject","inLanguage":"en-US","@id":"https:\/\/secure.gravatar.com\/avatar\/2676eb8d97178435c9f691a7871595a1da6c33542dec218bce40885573150e28?s=96&d=mm&r=g","url":"https:\/\/secure.gravatar.com\/avatar\/2676eb8d97178435c9f691a7871595a1da6c33542dec218bce40885573150e28?s=96&d=mm&r=g","contentUrl":"https:\/\/secure.gravatar.com\/avatar\/2676eb8d97178435c9f691a7871595a1da6c33542dec218bce40885573150e28?s=96&d=mm&r=g","caption":"Kisha Orthodhokse"}}]}},"_links":{"self":[{"href":"https:\/\/orthodoxalbania.org\/2020\/wp-json\/wp\/v2\/posts\/59716","targetHints":{"allow":["GET"]}}],"collection":[{"href":"https:\/\/orthodoxalbania.org\/2020\/wp-json\/wp\/v2\/posts"}],"about":[{"href":"https:\/\/orthodoxalbania.org\/2020\/wp-json\/wp\/v2\/types\/post"}],"author":[{"embeddable":true,"href":"https:\/\/orthodoxalbania.org\/2020\/wp-json\/wp\/v2\/users\/7"}],"replies":[{"embeddable":true,"href":"https:\/\/orthodoxalbania.org\/2020\/wp-json\/wp\/v2\/comments?post=59716"}],"version-history":[{"count":1,"href":"https:\/\/orthodoxalbania.org\/2020\/wp-json\/wp\/v2\/posts\/59716\/revisions"}],"predecessor-version":[{"id":59719,"href":"https:\/\/orthodoxalbania.org\/2020\/wp-json\/wp\/v2\/posts\/59716\/revisions\/59719"}],"wp:featuredmedia":[{"embeddable":true,"href":"https:\/\/orthodoxalbania.org\/2020\/wp-json\/wp\/v2\/media\/59720"}],"wp:attachment":[{"href":"https:\/\/orthodoxalbania.org\/2020\/wp-json\/wp\/v2\/media?parent=59716"}],"wp:term":[{"taxonomy":"category","embeddable":true,"href":"https:\/\/orthodoxalbania.org\/2020\/wp-json\/wp\/v2\/categories?post=59716"},{"taxonomy":"post_tag","embeddable":true,"href":"https:\/\/orthodoxalbania.org\/2020\/wp-json\/wp\/v2\/tags?post=59716"}],"curies":[{"name":"wp","href":"https:\/\/api.w.org\/{rel}","templated":true}]}}