{"id":59715,"date":"2022-05-22T22:28:48","date_gmt":"2022-05-22T20:28:48","guid":{"rendered":"https:\/\/orthodoxalbania.org\/2020\/?p=59715"},"modified":"2022-05-22T22:28:48","modified_gmt":"2022-05-22T20:28:48","slug":"e-diela-e-samaritanes-dora-e-perendise-nga-mitropoliti-i-beratit-vlores-kanines-h-ignati-22-05-2022-tekst","status":"publish","type":"post","link":"https:\/\/orthodoxalbania.org\/2020\/2022\/05\/22\/e-diela-e-samaritanes-dora-e-perendise-nga-mitropoliti-i-beratit-vlores-kanines-h-ignati-22-05-2022-tekst\/","title":{"rendered":"E Diela e Samaritanes, Dora e Per\u00ebndis\u00eb, nga Mitropoliti i Beratit, Vlor\u00ebs &#038; Kanin\u00ebs, H. Ignati, 22.05.2022 (Tekst)"},"content":{"rendered":"<h4 style=\"text-align: center;\"><span class=\"ez-toc-section\" id=\"E_Diela_e_Samaritanes_Dora_e_Perendise_nga_Mitropoliti_i_Beratit_Vlores_Kanines_H_Ignati_22052022_Tekst\"><\/span><strong>E Diela e Samaritanes, Dora e Per\u00ebndis\u00eb, nga Mitropoliti i Beratit, Vlor\u00ebs &amp; Kanin\u00ebs, H. Ignati, 22.05.2022 (Tekst)<\/strong><span class=\"ez-toc-section-end\"><\/span><\/h4>\n<p style=\"text-align: justify;\">\n<p>&nbsp;<\/p>\n<p style=\"text-align: justify;\"><em>\u201cEdhe dora e Zotit ishte bashk\u00eb me ata\u201d (v. 21)<\/em><\/p>\n<p style=\"text-align: justify;\">\n<p style=\"text-align: justify;\">Njeriu e ka p\u00ebr zakon t\u00eb shikoj\u00eb vet\u00ebm veprat e duarve t\u00eb tij. Me to merret, ato m\u00ebson, p\u00ebr to flet. Njeriu bashk\u00ebkohor\u00eb mburret ve\u00e7an\u00ebrisht p\u00ebr llojshm\u00ebrin\u00eb dhe shumic\u00ebn e veprave t\u00eb tij. Por fjala e Per\u00ebndis\u00eb, ne pjes\u00ebn e sotme t\u00eb Apostullit, vjen t\u00eb m\u00ebsoj\u00eb njeriun se, kryesisht, ai q\u00eb punon dhe krijon \u00ebsht\u00eb Per\u00ebndia, Zoti, Krijuesi i qiellit dhe i tok\u00ebs, Gatuesi i njeriut. Dora e Per\u00ebndis\u00eb, q\u00eb nga koha e krijimit t\u00eb bot\u00ebs deri sot, punon pa zhurm\u00eb dhe n\u00eb fsheht\u00ebsi. Por, si punon? Pjesa e sotme e Apostullit do t\u00eb na jap\u00eb p\u00ebrgjigjen, si punon Per\u00ebndia.<\/p>\n<p style=\"text-align: justify;\">\n<h4 style=\"text-align: center;\"><span class=\"ez-toc-section\" id=\"i\"><\/span><strong>* * *<\/strong><span class=\"ez-toc-section-end\"><\/span><\/h4>\n<p style=\"text-align: justify;\">\n<p style=\"text-align: justify;\">Pas p\u00ebrndjekjes q\u00eb u b\u00eb kund\u00ebr Kish\u00ebs, p\u00ebr shkak t\u00eb veprimtaris\u00eb, d\u00ebshmis\u00eb s\u00eb guximshme dhe pas martirizimit t\u00eb martirit t\u00eb par\u00eb dhe kryedhiakonit sh\u00ebn Stefan, shum\u00eb besimtar\u00eb u larguan nga Jerusalemi. U shp\u00ebrndan\u00eb n\u00eb Finiq, n\u00eb Qipro dhe n\u00eb Antioki, ku edhe predikonin Ungjillin. Ashtu si era e rrit flak\u00ebn, k\u00ebshtu edhe ajo p\u00ebrndjekje e p\u00ebrhapi fjal\u00ebn e Ungjillit edhe n\u00eb krahina t\u00eb tjera.<\/p>\n<p style=\"text-align: justify;\">Per\u00ebndia, nga e hidhura nxjerr \u00ebmb\u00eblsi, dhe nga pik\u00ebllimet, dobi shpirt\u00ebrore. Prandaj, me shum\u00eb d\u00ebshir\u00eb t\u00eb mir\u00eb, duhet t\u2019i pranojm\u00eb p\u00ebrndjekjet dhe pik\u00ebllimet, q\u00eb na krijojn\u00eb armiqt\u00eb e besimit. T\u00eb mos r\u00ebnkojm\u00eb, as t\u00eb mos rraskapitemi. Por t\u00eb shikojm\u00eb tek q\u00ebllimi p\u00ebr t\u00eb cilin na d\u00ebrgon Zoti i gjith\u00ebditur dhe t\u00eb p\u00ebrparojm\u00eb me gatishm\u00ebri kudo ku Ai na drejton.<\/p>\n<p style=\"text-align: justify;\">K\u00ebshtu u p\u00ebrhap fjala e Ungjillit, sidomos n\u00eb shekujt e par\u00eb, brenda persekutimeve dhe martirizimeve. Dhe sot, n\u00eb disa vende, midis v\u00ebshtir\u00ebsive dhe p\u00ebrndjekjeve, Kisha vazhdon vepr\u00ebn e saj. Kjo le t\u00eb mos na tremb\u00eb. P\u00ebrkundrazi, le t\u00eb na ndihmoj\u00eb t\u00eb b\u00ebhemi m\u00eb t\u00eb p\u00ebrkushtuar ndaj Krishtit, guximtar\u00eb dhe t\u00eb patrembur. Dhe le t\u00eb na parap\u00ebrgatis\u00eb p\u00ebr luft\u00ebra dhe sulme t\u00eb reja. Mungesa e v\u00ebshtir\u00ebsive dhe rehatia, sjellin shpesh plog\u00ebshti, dob\u00ebsim dhe r\u00ebnie shpirt\u00ebrore.<\/p>\n<p style=\"text-align: justify;\">Q\u00eb nga koha, kur Per\u00ebndia me duart e Tij e gatoi njeriun, nuk reshti duke e drejtuar, n\u00eb fsheht\u00ebsi dhe pa zhurm\u00eb, n\u00eb rrug\u00ebn e Tij, duke e udh\u00ebhequr n\u00eb virtyt. Per\u00ebndia drejton me dor\u00ebn e Tij, Apostujt, cil\u00ebn rrug\u00eb duhet t\u00eb ndjekin p\u00ebr ungjill\u00ebzimin e bot\u00ebs.<\/p>\n<p style=\"text-align: justify;\">Por edhe \u00e7do gj\u00eb q\u00eb ndodh n\u00eb gjith\u00ebsi dhe n\u00eb jet\u00ebn e secilit prej nesh, e hidhur apo e g\u00ebzueshme, drejtohet nga dora udh\u00ebheq\u00ebse e Per\u00ebndis\u00eb. Sepse asgj\u00eb nuk \u00ebsht\u00eb e rast\u00ebsishme. T\u00eb gjitha, edhe ngjarjet e vogla t\u00eb jet\u00ebs son\u00eb, kontrollohen nga dora e padukshme dhe e dhimbsur e Atit ton\u00eb qiellor. Shum\u00eb her\u00eb, disa ngjarje t\u00eb pak\u00ebnaqshme t\u00eb jet\u00ebs, na mbushin me frik\u00eb apo d\u00ebshp\u00ebrim. Nj\u00eb s\u00ebmundje, nj\u00eb persekutim, nj\u00eb vdekje. E megjithat\u00eb, pas tyre fshihet dora e Per\u00ebndis\u00eb, q\u00eb di \u00e7far\u00eb duhet t\u00eb na marr\u00eb. Edhe kur na merr di\u00e7ka, n\u00eb t\u00eb v\u00ebrtet\u00eb, na ofron di\u00e7ka tjet\u00ebr m\u00eb t\u00eb lart\u00eb. Na heq sh\u00ebndetin e trupit dhe na jep sh\u00ebrimin e shpirtit. Na merr pasurin\u00eb dhe na ofron thesaret e qiellit. Na merr persona t\u00eb dashur dhe na ofron vetveten e Tij. Dhe t\u00eb gjitha k\u00ebto dhe shum\u00eb t\u00eb tjera, tregojn\u00eb se dora e Per\u00ebndis\u00eb \u00ebsht\u00eb e dhimbsur. Gjithmon\u00eb e mbushur dhe e pasur. Gjithmon\u00eb bujare.<\/p>\n<p style=\"text-align: justify;\">Dora e Per\u00ebndis\u00eb na drejton edhe ne, me ngjarjet dhe ndryshimet, q\u00eb ndodhin n\u00eb jet\u00ebn ton\u00eb. Ndodhit\u00eb e jet\u00ebs son\u00eb nuk jan\u00eb t\u00eb rast\u00ebsishme. Kontrollohen dhe drejtohen nga dora e Per\u00ebndis\u00eb. Nj\u00eb penges\u00eb q\u00eb takojm\u00eb n\u00eb realizimin e planeve tona, nuk \u00ebsht\u00eb gjithmon\u00eb pa kuptim. Nj\u00eb v\u00ebshtir\u00ebsi, q\u00eb na pengon t\u00eb b\u00ebjm\u00eb di\u00e7ka, drejtohet nga dora largpam\u00ebse e Per\u00ebndis\u00eb. Njeriu besnik, q\u00eb sjell pran\u00eb nesh Per\u00ebndia, ndoshta \u00ebsht\u00eb lajm\u00ebtar i vullnetit t\u00eb Tij. Le t\u00eb kujdesemi, le ta d\u00ebgjojm\u00eb. Botimi i krishter\u00eb, i cili bie n\u00eb duart tona, \u00ebsht\u00eb letra q\u00eb d\u00ebrgon Per\u00ebndia, p\u00ebr t\u00eb na drejtuar n\u00eb \u00e7\u00ebshtjet e jet\u00ebs son\u00eb. Madje edhe kur n\u00eb ecurin\u00eb e jet\u00ebs son\u00eb, takojm\u00eb d\u00ebshtimin, mundimin dhe vdekjen, le t\u00eb p\u00ebrpiqemi t\u00eb zbulojm\u00eb, edhe k\u00ebtu, dor\u00ebn udh\u00ebheq\u00ebse t\u00eb Per\u00ebndis\u00eb. Ndoshta me k\u00ebto ngjarje t\u00eb dhimbshme, d\u00ebshiron t\u00eb na hap\u00eb rrug\u00eb t\u00eb reja jete, t\u00eb na hap\u00eb vesh\u00ebt e mbyllur t\u00eb shpirtit ton\u00eb, t\u00eb na udh\u00ebheq\u00eb n\u00eb shp\u00ebtimin e Mbret\u00ebris\u00eb s\u00eb Tij. Gjithmon\u00eb, pik\u00ebllimi sjell bekime. Vet\u00ebm se duhet t\u00eb kujdeset dikush p\u00ebr t\u2019i dalluar. Fik dritat e jet\u00ebs son\u00eb, q\u00eb t\u00eb na b\u00ebj\u00eb t\u00eb ngrem\u00eb syt\u00eb nga qielli yjeplot\u00eb. Ka shum\u00eb t\u00eb fshehta p\u00ebr t\u00eb na zbuluar nata. Por duhet t\u00eb vij\u00eb err\u00ebsira, q\u00eb t\u00eb b\u00ebhet e dukshme madh\u00ebshtia e kup\u00ebs qiellore, e mbushur me shenja t\u00eb ndritshme.<\/p>\n<p style=\"text-align: justify;\">\n<h4 style=\"text-align: center;\"><span class=\"ez-toc-section\" id=\"i-2\"><\/span><strong>* * *<\/strong><span class=\"ez-toc-section-end\"><\/span><\/h4>\n<p style=\"text-align: justify;\">\n<p style=\"text-align: justify;\">Dora e Per\u00ebndis\u00eb udh\u00ebheq, por nuk imponon, nuk imponon ndryshimin e ecuris\u00eb shpirt\u00ebrore, n\u00eb jet\u00ebn e njer\u00ebzve. Duhet edhe njeriut t\u00eb d\u00ebshiroj\u00eb t\u00eb hap\u00eb vesh\u00ebt e shpirtit dhe t\u00eb d\u00ebgjoj\u00eb mesazhin q\u00eb i d\u00ebrgon Per\u00ebndia. Sepse ekzistojn\u00eb shum\u00eb njer\u00ebz, t\u00eb cil\u00ebt, \u00e7do v\u00ebshtir\u00ebsi, \u00e7do penges\u00eb, e p\u00ebrballojn\u00eb me zem\u00ebrim. Dhe jo vet\u00ebm nuk nxjerrin nga \u201chidh\u00ebrimi\u201d dobi shpirt\u00ebrore, por ashp\u00ebrsohen m\u00eb tep\u00ebr.<\/p>\n<p style=\"text-align: justify;\">Prandaj kushti kryesor, q\u00eb dora e Per\u00ebndis\u00eb t\u00eb na udh\u00ebheq\u00eb n\u00eb livadhet e Shpirtit, \u00ebsht\u00eb t\u00eb ndiejm\u00eb nevoj\u00ebn e ndryshimit shpirt\u00ebror dhe moral. Kur ekziston kjo d\u00ebshir\u00eb, at\u00ebher\u00eb \u00e7do ngjarje e trishtueshme, \u00e7do dhimbje dhe sprov\u00eb, do ta shikojm\u00eb si nj\u00eb rast afrimi me Per\u00ebndin\u00eb.<\/p>\n<p style=\"text-align: justify;\">\n<h4 style=\"text-align: center;\"><span class=\"ez-toc-section\" id=\"i-3\"><\/span><strong>* * *<\/strong><span class=\"ez-toc-section-end\"><\/span><\/h4>\n<p style=\"text-align: justify;\">\n<p style=\"text-align: justify;\">Dora e Per\u00ebndis\u00eb \u00ebsht\u00eb gjithmon\u00eb e mbushur. Gjithmon\u00eb ka di\u00e7ka p\u00ebr t\u00eb na dh\u00ebn\u00eb. Dora e Per\u00ebndis\u00eb bekon. E shp\u00ebrndan t\u00eb bollsh\u00ebm hirin dhe fuqin\u00eb. Dhe kjo \u00ebsht\u00eb nj\u00eb m\u00ebnyr\u00eb tjet\u00ebr me t\u00eb cil\u00ebn punon Per\u00ebndia. Nx\u00ebn\u00ebsit e Krishtit, t\u00eb p\u00ebrndjekur, arrijn\u00eb n\u00eb Antioki. Antioki! Nj\u00eb qytet i madh dhe i pasur, por edhe m\u00ebkatar. I d\u00ebgjuar p\u00ebr shthurjen e tij. Jopjellor dukej terreni p\u00ebr mbjellje t\u00eb krishter\u00eb. E megjithat\u00eb, fara e Ungjillit, q\u00eb filluan t\u00eb mbillnin ata njer\u00ebz t\u00eb thjesht\u00eb t\u00eb Zotit, kishte fryt\u00ebdh\u00ebnie mbres\u00ebl\u00ebn\u00ebse. Nuk ka shpjegim tjet\u00ebr: \u201cDora e Zotit ishte bashk\u00eb me ata\u201d, dhe prandaj \u201cnj\u00eb num\u00ebr i madh njer\u00ebzish besuan, e u kthyen n\u00eb Zotin\u201d. Dhe dora e Per\u00ebndis\u00eb e bekoi aq shum\u00eb far\u00ebn n\u00eb at\u00eb vend t\u00eb pafryt, saq\u00eb atje, p\u00ebr her\u00eb t\u00eb par\u00eb, nx\u00ebn\u00ebsit e Krishtit, marrin emrin t\u00eb KRISHTER\u00cb!!.<\/p>\n<p style=\"text-align: justify;\">\u201cT\u00eb pafryt\u00eb shpirtrat e f\u00ebmij\u00ebve tan\u00eb\u201d, ankohen shpesh prind\u00ebrit dhe m\u00ebsuesit, kur shikojn\u00eb t\u00eb mos japin rezultat apo t\u00eb d\u00ebshtojn\u00eb p\u00ebrpjekjet e tyre p\u00ebr edukimin e f\u00ebmij\u00ebve, nx\u00ebn\u00ebsve. \u201cNj\u00eb Antioki m\u00ebkatare, shoq\u00ebria jon\u00eb\u201d, p\u00ebrs\u00ebrisin disa t\u00eb krishter\u00eb t\u00eb sot\u00ebm. \u201cCili do ta pranoj\u00eb mesazhin e Ungjillit?\u201d. Dhe t\u00eb tjer\u00eb thon\u00eb: \u201c\u00c7far\u00eb mund t\u00eb b\u00ebjm\u00eb ne, njer\u00ebz me mund\u00ebsi t\u00eb kufizuara, pa pozita t\u00eb r\u00ebnd\u00ebsishme, pa njohje?\u201d<\/p>\n<p style=\"text-align: justify;\">\n<h4 style=\"text-align: center;\"><span class=\"ez-toc-section\" id=\"i-4\"><\/span><strong>* * *<\/strong><span class=\"ez-toc-section-end\"><\/span><\/h4>\n<p style=\"text-align: justify;\">\n<p style=\"text-align: justify;\">Por, v\u00ebllez\u00ebrit e mi t\u00eb dashur m\u00eb Krishtin, le t\u00eb lexojm\u00eb p\u00ebrs\u00ebri at\u00eb q\u00eb u b\u00eb n\u00eb Antioki, me ata nx\u00ebn\u00ebs t\u00eb thjesht\u00eb t\u00eb Krishtit. Dhe do t\u00eb shohim se, si t\u00eb krishter\u00eb, disponojm\u00eb nj\u00eb arm\u00eb t\u00eb fsheht\u00eb: Dor\u00ebn e t\u00ebr\u00ebfuqishme t\u00eb Per\u00ebndis\u00eb. Ajo na e siguron suksesin n\u00eb p\u00ebrpjekjet tona dhe jep dhurata t\u00eb bollshme n\u00eb vepr\u00ebn e mbjelljes son\u00eb. Rrjedhimisht ajo q\u00eb duhet t\u00eb b\u00ebjm\u00eb n\u00eb radh\u00eb t\u00eb par\u00eb, \u00ebsht\u00eb ta vendosim vepr\u00ebn ton\u00eb n\u00ebn mbrojtjen e Per\u00ebndis\u00eb. T\u00eb k\u00ebrkojm\u00eb bekimin e t\u00eb djatht\u00ebs s\u00eb Tij, e cila mund ta rikthej\u00eb shkret\u00ebtir\u00ebn n\u00eb parajs\u00eb, dhe \u00e7do gj\u00eb q\u00eb sot ngjan me gur\u00eb t\u00eb thepisur, nes\u00ebr ta mbush\u00eb me lule dhe fryte. Amin.<\/p>\n<p style=\"text-align: justify;\">\n<p style=\"text-align: justify;\">\n","protected":false},"excerpt":{"rendered":"<p>E Diela e Samaritanes, Dora e Per\u00ebndis\u00eb, nga Mitropoliti i Beratit, Vlor\u00ebs &amp; Kanin\u00ebs, H. Ignati, 22.05.2022 (Tekst) &nbsp; \u201cEdhe dora e Zotit ishte bashk\u00eb me ata\u201d (v. 21) Njeriu e ka p\u00ebr zakon t\u00eb shikoj\u00eb vet\u00ebm veprat e duarve t\u00eb tij. Me to merret, ato m\u00ebson, p\u00ebr to flet. Njeriu bashk\u00ebkohor\u00eb mburret ve\u00e7an\u00ebrisht p\u00ebr llojshm\u00ebrin\u00eb dhe shumic\u00ebn e veprave t\u00eb tij. Por fjala e<\/p>\n","protected":false},"author":7,"featured_media":59718,"comment_status":"closed","ping_status":"closed","sticky":false,"template":"","format":"standard","meta":{"_acf_changed":false,"pagelayer_contact_templates":[],"_pagelayer_content":"","inline_featured_image":false,"fifu_image_url":"https:\/\/live.staticflickr.com\/65535\/52091252944_b55a29de9d_b.jpg","fifu_image_alt":"","footnotes":""},"categories":[2777],"tags":[2783,2779],"class_list":["post-59715","post","type-post","status-publish","format-standard","has-post-thumbnail","hentry","category-predikimet-e-se-dieles-festive","tag-mitropolia-e-beratit","tag-predikimet-e-se-dieles-festive"],"acf":[],"yoast_head":"<!-- This site is optimized with the Yoast SEO plugin v27.2 - https:\/\/yoast.com\/product\/yoast-seo-wordpress\/ -->\n<title>E Diela e Samaritanes, Dora e Per\u00ebndis\u00eb, nga Mitropoliti i Beratit, Vlor\u00ebs &amp; Kanin\u00ebs, H. Ignati, 22.05.2022 (Tekst) - Kisha Orthodh\u03bfkse Autoqefale e Shqip\u00ebris\u00eb<\/title>\n<meta name=\"robots\" content=\"index, follow, max-snippet:-1, max-image-preview:large, max-video-preview:-1\" \/>\n<link rel=\"canonical\" href=\"https:\/\/orthodoxalbania.org\/2020\/2022\/05\/22\/e-diela-e-samaritanes-dora-e-perendise-nga-mitropoliti-i-beratit-vlores-kanines-h-ignati-22-05-2022-tekst\/\" \/>\n<meta property=\"og:locale\" content=\"en_US\" \/>\n<meta property=\"og:type\" content=\"article\" \/>\n<meta property=\"og:title\" content=\"E Diela e Samaritanes, Dora e Per\u00ebndis\u00eb, nga Mitropoliti i Beratit, Vlor\u00ebs &amp; Kanin\u00ebs, H. Ignati, 22.05.2022 (Tekst) - Kisha Orthodh\u03bfkse Autoqefale e Shqip\u00ebris\u00eb\" \/>\n<meta property=\"og:description\" content=\"E Diela e Samaritanes, Dora e Per\u00ebndis\u00eb, nga Mitropoliti i Beratit, Vlor\u00ebs &amp; Kanin\u00ebs, H. Ignati, 22.05.2022 (Tekst) &nbsp; \u201cEdhe dora e Zotit ishte bashk\u00eb me ata\u201d (v. 21) Njeriu e ka p\u00ebr zakon t\u00eb shikoj\u00eb vet\u00ebm veprat e duarve t\u00eb tij. Me to merret, ato m\u00ebson, p\u00ebr to flet. Njeriu bashk\u00ebkohor\u00eb mburret ve\u00e7an\u00ebrisht p\u00ebr llojshm\u00ebrin\u00eb dhe shumic\u00ebn e veprave t\u00eb tij. Por fjala e\" \/>\n<meta property=\"og:url\" content=\"https:\/\/orthodoxalbania.org\/2020\/2022\/05\/22\/e-diela-e-samaritanes-dora-e-perendise-nga-mitropoliti-i-beratit-vlores-kanines-h-ignati-22-05-2022-tekst\/\" \/>\n<meta property=\"og:site_name\" content=\"Kisha Orthodh\u03bfkse Autoqefale e Shqip\u00ebris\u00eb\" \/>\n<meta property=\"article:publisher\" content=\"https:\/\/www.facebook.com\/koash1991\" \/>\n<meta property=\"article:published_time\" content=\"2022-05-22T20:28:48+00:00\" \/>\n<meta property=\"og:image\" content=\"https:\/\/live.staticflickr.com\/65535\/52091252944_b55a29de9d_b.jpg\" \/>\n<meta name=\"author\" content=\"Kisha Orthodhokse\" \/>\n<meta name=\"twitter:card\" content=\"summary_large_image\" \/>\n<meta name=\"twitter:image\" content=\"https:\/\/live.staticflickr.com\/65535\/52091252944_b55a29de9d_b.jpg\" \/>\n<meta name=\"twitter:label1\" content=\"Written by\" \/>\n\t<meta name=\"twitter:data1\" content=\"Kisha Orthodhokse\" \/>\n\t<meta name=\"twitter:label2\" content=\"Est. reading time\" \/>\n\t<meta name=\"twitter:data2\" content=\"6 minutes\" \/>\n<script type=\"application\/ld+json\" class=\"yoast-schema-graph\">{\"@context\":\"https:\/\/schema.org\",\"@graph\":[{\"@type\":\"Article\",\"@id\":\"https:\/\/orthodoxalbania.org\/2020\/2022\/05\/22\/e-diela-e-samaritanes-dora-e-perendise-nga-mitropoliti-i-beratit-vlores-kanines-h-ignati-22-05-2022-tekst\/#article\",\"isPartOf\":{\"@id\":\"https:\/\/orthodoxalbania.org\/2020\/2022\/05\/22\/e-diela-e-samaritanes-dora-e-perendise-nga-mitropoliti-i-beratit-vlores-kanines-h-ignati-22-05-2022-tekst\/\"},\"author\":{\"name\":\"Kisha Orthodhokse\",\"@id\":\"https:\/\/orthodoxalbania.org\/2020\/#\/schema\/person\/df745f942b70e045b3dc05a30211f0de\"},\"headline\":\"E Diela e Samaritanes, Dora e Per\u00ebndis\u00eb, nga Mitropoliti i Beratit, Vlor\u00ebs &#038; Kanin\u00ebs, H. Ignati, 22.05.2022 (Tekst)\",\"datePublished\":\"2022-05-22T20:28:48+00:00\",\"mainEntityOfPage\":{\"@id\":\"https:\/\/orthodoxalbania.org\/2020\/2022\/05\/22\/e-diela-e-samaritanes-dora-e-perendise-nga-mitropoliti-i-beratit-vlores-kanines-h-ignati-22-05-2022-tekst\/\"},\"wordCount\":1432,\"publisher\":{\"@id\":\"https:\/\/orthodoxalbania.org\/2020\/#organization\"},\"image\":{\"@id\":\"https:\/\/orthodoxalbania.org\/2020\/2022\/05\/22\/e-diela-e-samaritanes-dora-e-perendise-nga-mitropoliti-i-beratit-vlores-kanines-h-ignati-22-05-2022-tekst\/#primaryimage\"},\"thumbnailUrl\":\"https:\/\/live.staticflickr.com\/65535\/52091252944_b55a29de9d_b.jpg\",\"keywords\":[\"Mitropolia e Beratit\",\"Predikimet e se Dieles &amp; Festive\"],\"articleSection\":[\"Predikimet e se Dieles &amp; Festive\"],\"inLanguage\":\"en-US\"},{\"@type\":\"WebPage\",\"@id\":\"https:\/\/orthodoxalbania.org\/2020\/2022\/05\/22\/e-diela-e-samaritanes-dora-e-perendise-nga-mitropoliti-i-beratit-vlores-kanines-h-ignati-22-05-2022-tekst\/\",\"url\":\"https:\/\/orthodoxalbania.org\/2020\/2022\/05\/22\/e-diela-e-samaritanes-dora-e-perendise-nga-mitropoliti-i-beratit-vlores-kanines-h-ignati-22-05-2022-tekst\/\",\"name\":\"E Diela e Samaritanes, Dora e Per\u00ebndis\u00eb, nga Mitropoliti i Beratit, Vlor\u00ebs & Kanin\u00ebs, H. Ignati, 22.05.2022 (Tekst) - Kisha Orthodh\u03bfkse Autoqefale e Shqip\u00ebris\u00eb\",\"isPartOf\":{\"@id\":\"https:\/\/orthodoxalbania.org\/2020\/#website\"},\"primaryImageOfPage\":{\"@id\":\"https:\/\/orthodoxalbania.org\/2020\/2022\/05\/22\/e-diela-e-samaritanes-dora-e-perendise-nga-mitropoliti-i-beratit-vlores-kanines-h-ignati-22-05-2022-tekst\/#primaryimage\"},\"image\":{\"@id\":\"https:\/\/orthodoxalbania.org\/2020\/2022\/05\/22\/e-diela-e-samaritanes-dora-e-perendise-nga-mitropoliti-i-beratit-vlores-kanines-h-ignati-22-05-2022-tekst\/#primaryimage\"},\"thumbnailUrl\":\"https:\/\/live.staticflickr.com\/65535\/52091252944_b55a29de9d_b.jpg\",\"datePublished\":\"2022-05-22T20:28:48+00:00\",\"breadcrumb\":{\"@id\":\"https:\/\/orthodoxalbania.org\/2020\/2022\/05\/22\/e-diela-e-samaritanes-dora-e-perendise-nga-mitropoliti-i-beratit-vlores-kanines-h-ignati-22-05-2022-tekst\/#breadcrumb\"},\"inLanguage\":\"en-US\",\"potentialAction\":[{\"@type\":\"ReadAction\",\"target\":[\"https:\/\/orthodoxalbania.org\/2020\/2022\/05\/22\/e-diela-e-samaritanes-dora-e-perendise-nga-mitropoliti-i-beratit-vlores-kanines-h-ignati-22-05-2022-tekst\/\"]}]},{\"@type\":\"ImageObject\",\"inLanguage\":\"en-US\",\"@id\":\"https:\/\/orthodoxalbania.org\/2020\/2022\/05\/22\/e-diela-e-samaritanes-dora-e-perendise-nga-mitropoliti-i-beratit-vlores-kanines-h-ignati-22-05-2022-tekst\/#primaryimage\",\"url\":\"https:\/\/live.staticflickr.com\/65535\/52091252944_b55a29de9d_b.jpg\",\"contentUrl\":\"https:\/\/live.staticflickr.com\/65535\/52091252944_b55a29de9d_b.jpg\",\"width\":\"640\",\"height\":\"470\"},{\"@type\":\"BreadcrumbList\",\"@id\":\"https:\/\/orthodoxalbania.org\/2020\/2022\/05\/22\/e-diela-e-samaritanes-dora-e-perendise-nga-mitropoliti-i-beratit-vlores-kanines-h-ignati-22-05-2022-tekst\/#breadcrumb\",\"itemListElement\":[{\"@type\":\"ListItem\",\"position\":1,\"name\":\"Home\",\"item\":\"https:\/\/orthodoxalbania.org\/2020\/\"},{\"@type\":\"ListItem\",\"position\":2,\"name\":\"E Diela e Samaritanes, Dora e Per\u00ebndis\u00eb, nga Mitropoliti i Beratit, Vlor\u00ebs &#038; Kanin\u00ebs, H. Ignati, 22.05.2022 (Tekst)\"}]},{\"@type\":\"WebSite\",\"@id\":\"https:\/\/orthodoxalbania.org\/2020\/#website\",\"url\":\"https:\/\/orthodoxalbania.org\/2020\/\",\"name\":\"Kisha Orthodh\u03bfkse Autoqefale e Shqip\u00ebris\u00eb\",\"description\":\"Fqja Zyrtare e Kish\u00ebs Orthodhokse Autoqefale e Shqip\u00ebris\u00eb me lajmet edhe informacionet zyrtare p\u00ebr struktur\u00ebn edhe veprimtarin e saj.\",\"publisher\":{\"@id\":\"https:\/\/orthodoxalbania.org\/2020\/#organization\"},\"potentialAction\":[{\"@type\":\"SearchAction\",\"target\":{\"@type\":\"EntryPoint\",\"urlTemplate\":\"https:\/\/orthodoxalbania.org\/2020\/?s={search_term_string}\"},\"query-input\":{\"@type\":\"PropertyValueSpecification\",\"valueRequired\":true,\"valueName\":\"search_term_string\"}}],\"inLanguage\":\"en-US\"},{\"@type\":\"Organization\",\"@id\":\"https:\/\/orthodoxalbania.org\/2020\/#organization\",\"name\":\"Kisha Orthodhokse Autoqefale e Shqip\u00ebris\u00eb\",\"url\":\"https:\/\/orthodoxalbania.org\/2020\/\",\"logo\":{\"@type\":\"ImageObject\",\"inLanguage\":\"en-US\",\"@id\":\"https:\/\/orthodoxalbania.org\/2020\/#\/schema\/logo\/image\/\",\"url\":\"https:\/\/orthodoxalbania.org\/2020\/wp-content\/uploads\/2020\/05\/albania.jpeg\",\"contentUrl\":\"https:\/\/orthodoxalbania.org\/2020\/wp-content\/uploads\/2020\/05\/albania.jpeg\",\"width\":540,\"height\":540,\"caption\":\"Kisha Orthodhokse Autoqefale e Shqip\u00ebris\u00eb\"},\"image\":{\"@id\":\"https:\/\/orthodoxalbania.org\/2020\/#\/schema\/logo\/image\/\"},\"sameAs\":[\"https:\/\/www.facebook.com\/koash1991\"]},{\"@type\":\"Person\",\"@id\":\"https:\/\/orthodoxalbania.org\/2020\/#\/schema\/person\/df745f942b70e045b3dc05a30211f0de\",\"name\":\"Kisha Orthodhokse\",\"image\":{\"@type\":\"ImageObject\",\"inLanguage\":\"en-US\",\"@id\":\"https:\/\/secure.gravatar.com\/avatar\/2676eb8d97178435c9f691a7871595a1da6c33542dec218bce40885573150e28?s=96&d=mm&r=g\",\"url\":\"https:\/\/secure.gravatar.com\/avatar\/2676eb8d97178435c9f691a7871595a1da6c33542dec218bce40885573150e28?s=96&d=mm&r=g\",\"contentUrl\":\"https:\/\/secure.gravatar.com\/avatar\/2676eb8d97178435c9f691a7871595a1da6c33542dec218bce40885573150e28?s=96&d=mm&r=g\",\"caption\":\"Kisha Orthodhokse\"}}]}<\/script>\n<!-- \/ Yoast SEO plugin. -->","yoast_head_json":{"title":"E Diela e Samaritanes, Dora e Per\u00ebndis\u00eb, nga Mitropoliti i Beratit, Vlor\u00ebs & Kanin\u00ebs, H. Ignati, 22.05.2022 (Tekst) - Kisha Orthodh\u03bfkse Autoqefale e Shqip\u00ebris\u00eb","robots":{"index":"index","follow":"follow","max-snippet":"max-snippet:-1","max-image-preview":"max-image-preview:large","max-video-preview":"max-video-preview:-1"},"canonical":"https:\/\/orthodoxalbania.org\/2020\/2022\/05\/22\/e-diela-e-samaritanes-dora-e-perendise-nga-mitropoliti-i-beratit-vlores-kanines-h-ignati-22-05-2022-tekst\/","og_locale":"en_US","og_type":"article","og_title":"E Diela e Samaritanes, Dora e Per\u00ebndis\u00eb, nga Mitropoliti i Beratit, Vlor\u00ebs & Kanin\u00ebs, H. Ignati, 22.05.2022 (Tekst) - Kisha Orthodh\u03bfkse Autoqefale e Shqip\u00ebris\u00eb","og_description":"E Diela e Samaritanes, Dora e Per\u00ebndis\u00eb, nga Mitropoliti i Beratit, Vlor\u00ebs &amp; Kanin\u00ebs, H. Ignati, 22.05.2022 (Tekst) &nbsp; \u201cEdhe dora e Zotit ishte bashk\u00eb me ata\u201d (v. 21) Njeriu e ka p\u00ebr zakon t\u00eb shikoj\u00eb vet\u00ebm veprat e duarve t\u00eb tij. Me to merret, ato m\u00ebson, p\u00ebr to flet. Njeriu bashk\u00ebkohor\u00eb mburret ve\u00e7an\u00ebrisht p\u00ebr llojshm\u00ebrin\u00eb dhe shumic\u00ebn e veprave t\u00eb tij. Por fjala e","og_url":"https:\/\/orthodoxalbania.org\/2020\/2022\/05\/22\/e-diela-e-samaritanes-dora-e-perendise-nga-mitropoliti-i-beratit-vlores-kanines-h-ignati-22-05-2022-tekst\/","og_site_name":"Kisha Orthodh\u03bfkse Autoqefale e Shqip\u00ebris\u00eb","article_publisher":"https:\/\/www.facebook.com\/koash1991","article_published_time":"2022-05-22T20:28:48+00:00","og_image":[{"url":"https:\/\/live.staticflickr.com\/65535\/52091252944_b55a29de9d_b.jpg","type":"","width":"","height":""}],"author":"Kisha Orthodhokse","twitter_card":"summary_large_image","twitter_image":"https:\/\/live.staticflickr.com\/65535\/52091252944_b55a29de9d_b.jpg","twitter_misc":{"Written by":"Kisha Orthodhokse","Est. reading time":"6 minutes"},"schema":{"@context":"https:\/\/schema.org","@graph":[{"@type":"Article","@id":"https:\/\/orthodoxalbania.org\/2020\/2022\/05\/22\/e-diela-e-samaritanes-dora-e-perendise-nga-mitropoliti-i-beratit-vlores-kanines-h-ignati-22-05-2022-tekst\/#article","isPartOf":{"@id":"https:\/\/orthodoxalbania.org\/2020\/2022\/05\/22\/e-diela-e-samaritanes-dora-e-perendise-nga-mitropoliti-i-beratit-vlores-kanines-h-ignati-22-05-2022-tekst\/"},"author":{"name":"Kisha Orthodhokse","@id":"https:\/\/orthodoxalbania.org\/2020\/#\/schema\/person\/df745f942b70e045b3dc05a30211f0de"},"headline":"E Diela e Samaritanes, Dora e Per\u00ebndis\u00eb, nga Mitropoliti i Beratit, Vlor\u00ebs &#038; Kanin\u00ebs, H. Ignati, 22.05.2022 (Tekst)","datePublished":"2022-05-22T20:28:48+00:00","mainEntityOfPage":{"@id":"https:\/\/orthodoxalbania.org\/2020\/2022\/05\/22\/e-diela-e-samaritanes-dora-e-perendise-nga-mitropoliti-i-beratit-vlores-kanines-h-ignati-22-05-2022-tekst\/"},"wordCount":1432,"publisher":{"@id":"https:\/\/orthodoxalbania.org\/2020\/#organization"},"image":{"@id":"https:\/\/orthodoxalbania.org\/2020\/2022\/05\/22\/e-diela-e-samaritanes-dora-e-perendise-nga-mitropoliti-i-beratit-vlores-kanines-h-ignati-22-05-2022-tekst\/#primaryimage"},"thumbnailUrl":"https:\/\/live.staticflickr.com\/65535\/52091252944_b55a29de9d_b.jpg","keywords":["Mitropolia e Beratit","Predikimet e se Dieles &amp; Festive"],"articleSection":["Predikimet e se Dieles &amp; Festive"],"inLanguage":"en-US"},{"@type":"WebPage","@id":"https:\/\/orthodoxalbania.org\/2020\/2022\/05\/22\/e-diela-e-samaritanes-dora-e-perendise-nga-mitropoliti-i-beratit-vlores-kanines-h-ignati-22-05-2022-tekst\/","url":"https:\/\/orthodoxalbania.org\/2020\/2022\/05\/22\/e-diela-e-samaritanes-dora-e-perendise-nga-mitropoliti-i-beratit-vlores-kanines-h-ignati-22-05-2022-tekst\/","name":"E Diela e Samaritanes, Dora e Per\u00ebndis\u00eb, nga Mitropoliti i Beratit, Vlor\u00ebs & Kanin\u00ebs, H. Ignati, 22.05.2022 (Tekst) - Kisha Orthodh\u03bfkse Autoqefale e Shqip\u00ebris\u00eb","isPartOf":{"@id":"https:\/\/orthodoxalbania.org\/2020\/#website"},"primaryImageOfPage":{"@id":"https:\/\/orthodoxalbania.org\/2020\/2022\/05\/22\/e-diela-e-samaritanes-dora-e-perendise-nga-mitropoliti-i-beratit-vlores-kanines-h-ignati-22-05-2022-tekst\/#primaryimage"},"image":{"@id":"https:\/\/orthodoxalbania.org\/2020\/2022\/05\/22\/e-diela-e-samaritanes-dora-e-perendise-nga-mitropoliti-i-beratit-vlores-kanines-h-ignati-22-05-2022-tekst\/#primaryimage"},"thumbnailUrl":"https:\/\/live.staticflickr.com\/65535\/52091252944_b55a29de9d_b.jpg","datePublished":"2022-05-22T20:28:48+00:00","breadcrumb":{"@id":"https:\/\/orthodoxalbania.org\/2020\/2022\/05\/22\/e-diela-e-samaritanes-dora-e-perendise-nga-mitropoliti-i-beratit-vlores-kanines-h-ignati-22-05-2022-tekst\/#breadcrumb"},"inLanguage":"en-US","potentialAction":[{"@type":"ReadAction","target":["https:\/\/orthodoxalbania.org\/2020\/2022\/05\/22\/e-diela-e-samaritanes-dora-e-perendise-nga-mitropoliti-i-beratit-vlores-kanines-h-ignati-22-05-2022-tekst\/"]}]},{"@type":"ImageObject","inLanguage":"en-US","@id":"https:\/\/orthodoxalbania.org\/2020\/2022\/05\/22\/e-diela-e-samaritanes-dora-e-perendise-nga-mitropoliti-i-beratit-vlores-kanines-h-ignati-22-05-2022-tekst\/#primaryimage","url":"https:\/\/live.staticflickr.com\/65535\/52091252944_b55a29de9d_b.jpg","contentUrl":"https:\/\/live.staticflickr.com\/65535\/52091252944_b55a29de9d_b.jpg","width":"640","height":"470"},{"@type":"BreadcrumbList","@id":"https:\/\/orthodoxalbania.org\/2020\/2022\/05\/22\/e-diela-e-samaritanes-dora-e-perendise-nga-mitropoliti-i-beratit-vlores-kanines-h-ignati-22-05-2022-tekst\/#breadcrumb","itemListElement":[{"@type":"ListItem","position":1,"name":"Home","item":"https:\/\/orthodoxalbania.org\/2020\/"},{"@type":"ListItem","position":2,"name":"E Diela e Samaritanes, Dora e Per\u00ebndis\u00eb, nga Mitropoliti i Beratit, Vlor\u00ebs &#038; Kanin\u00ebs, H. Ignati, 22.05.2022 (Tekst)"}]},{"@type":"WebSite","@id":"https:\/\/orthodoxalbania.org\/2020\/#website","url":"https:\/\/orthodoxalbania.org\/2020\/","name":"Kisha Orthodh\u03bfkse Autoqefale e Shqip\u00ebris\u00eb","description":"Fqja Zyrtare e Kish\u00ebs Orthodhokse Autoqefale e Shqip\u00ebris\u00eb me lajmet edhe informacionet zyrtare p\u00ebr struktur\u00ebn edhe veprimtarin e saj.","publisher":{"@id":"https:\/\/orthodoxalbania.org\/2020\/#organization"},"potentialAction":[{"@type":"SearchAction","target":{"@type":"EntryPoint","urlTemplate":"https:\/\/orthodoxalbania.org\/2020\/?s={search_term_string}"},"query-input":{"@type":"PropertyValueSpecification","valueRequired":true,"valueName":"search_term_string"}}],"inLanguage":"en-US"},{"@type":"Organization","@id":"https:\/\/orthodoxalbania.org\/2020\/#organization","name":"Kisha Orthodhokse Autoqefale e Shqip\u00ebris\u00eb","url":"https:\/\/orthodoxalbania.org\/2020\/","logo":{"@type":"ImageObject","inLanguage":"en-US","@id":"https:\/\/orthodoxalbania.org\/2020\/#\/schema\/logo\/image\/","url":"https:\/\/orthodoxalbania.org\/2020\/wp-content\/uploads\/2020\/05\/albania.jpeg","contentUrl":"https:\/\/orthodoxalbania.org\/2020\/wp-content\/uploads\/2020\/05\/albania.jpeg","width":540,"height":540,"caption":"Kisha Orthodhokse Autoqefale e Shqip\u00ebris\u00eb"},"image":{"@id":"https:\/\/orthodoxalbania.org\/2020\/#\/schema\/logo\/image\/"},"sameAs":["https:\/\/www.facebook.com\/koash1991"]},{"@type":"Person","@id":"https:\/\/orthodoxalbania.org\/2020\/#\/schema\/person\/df745f942b70e045b3dc05a30211f0de","name":"Kisha Orthodhokse","image":{"@type":"ImageObject","inLanguage":"en-US","@id":"https:\/\/secure.gravatar.com\/avatar\/2676eb8d97178435c9f691a7871595a1da6c33542dec218bce40885573150e28?s=96&d=mm&r=g","url":"https:\/\/secure.gravatar.com\/avatar\/2676eb8d97178435c9f691a7871595a1da6c33542dec218bce40885573150e28?s=96&d=mm&r=g","contentUrl":"https:\/\/secure.gravatar.com\/avatar\/2676eb8d97178435c9f691a7871595a1da6c33542dec218bce40885573150e28?s=96&d=mm&r=g","caption":"Kisha Orthodhokse"}}]}},"_links":{"self":[{"href":"https:\/\/orthodoxalbania.org\/2020\/wp-json\/wp\/v2\/posts\/59715","targetHints":{"allow":["GET"]}}],"collection":[{"href":"https:\/\/orthodoxalbania.org\/2020\/wp-json\/wp\/v2\/posts"}],"about":[{"href":"https:\/\/orthodoxalbania.org\/2020\/wp-json\/wp\/v2\/types\/post"}],"author":[{"embeddable":true,"href":"https:\/\/orthodoxalbania.org\/2020\/wp-json\/wp\/v2\/users\/7"}],"replies":[{"embeddable":true,"href":"https:\/\/orthodoxalbania.org\/2020\/wp-json\/wp\/v2\/comments?post=59715"}],"version-history":[{"count":1,"href":"https:\/\/orthodoxalbania.org\/2020\/wp-json\/wp\/v2\/posts\/59715\/revisions"}],"predecessor-version":[{"id":59717,"href":"https:\/\/orthodoxalbania.org\/2020\/wp-json\/wp\/v2\/posts\/59715\/revisions\/59717"}],"wp:featuredmedia":[{"embeddable":true,"href":"https:\/\/orthodoxalbania.org\/2020\/wp-json\/wp\/v2\/media\/59718"}],"wp:attachment":[{"href":"https:\/\/orthodoxalbania.org\/2020\/wp-json\/wp\/v2\/media?parent=59715"}],"wp:term":[{"taxonomy":"category","embeddable":true,"href":"https:\/\/orthodoxalbania.org\/2020\/wp-json\/wp\/v2\/categories?post=59715"},{"taxonomy":"post_tag","embeddable":true,"href":"https:\/\/orthodoxalbania.org\/2020\/wp-json\/wp\/v2\/tags?post=59715"}],"curies":[{"name":"wp","href":"https:\/\/api.w.org\/{rel}","templated":true}]}}