{"id":597,"date":"2013-03-21T12:47:19","date_gmt":"2013-03-21T12:47:19","guid":{"rendered":""},"modified":"2020-04-06T22:05:50","modified_gmt":"2020-04-06T20:05:50","slug":"gazetes-shekulli-pergjigje-per-artik-dt-30-12-2012-dhe-shkrimin-e-z-lisien-bashkurti","status":"publish","type":"post","link":"https:\/\/orthodoxalbania.org\/2020\/2013\/03\/21\/gazetes-shekulli-pergjigje-per-artik-dt-30-12-2012-dhe-shkrimin-e-z-lisien-bashkurti\/","title":{"rendered":"Gazet\u0117s \u201cShekulli\u201d &#8211; p\u0117rgjigje p\u0117r artik. dt.30.12.2012 dhe shkrimin e z. Lisien Bashkurti. (8 Janar 2013)"},"content":{"rendered":"<div><img decoding=\"async\" class=\"lazyload HAa Eha\" style=\"display: block; margin-left: auto; margin-right: auto;\" alt=\"\" src=\"data:image\/svg+xml,%3Csvg%20xmlns%3D%27http%3A%2F%2Fwww.w3.org%2F2000%2Fsvg%27%20width%3D%2754%27%20height%3D%2754%27%20viewBox%3D%270%200%2054%2054%27%3E%3Crect%20width%3D%2754%27%20height%3D%2754%27%20fill-opacity%3D%220%22%2F%3E%3C%2Fsvg%3E\" data-orig-src=\"https:\/\/lh3.googleusercontent.com\/-0XaSr7tg_9w\/U_NB8PwotlI\/AAAAAAAAA2g\/QXaauIV8bCc\/s577-no\/logo.png\" height=\"54\" width=\"54\" \/><\/div>\n<div style=\"text-align: center;\">&nbsp;<\/div>\n<div style=\"text-align: center;\"><span style=\"color: #000000;\"><span style=\"font-family: tahoma,geneva,sans-serif;\"><span style=\"font-size: 12px;\"><strong>KISHA ORTHODHOKSE AUTOQEFALE E SHQIP\u00cbRIS\u00cb<br \/> ZYRA E SHTYPIT<br \/> <\/strong><\/span><\/span><\/span><\/div>\n<div style=\"text-align: center;\"> <span style=\"color: #000000;\"><span style=\"font-family: tahoma,geneva,sans-serif;\"><span style=\"font-size: 12px;\"><strong>P\u00ebrgjigje p\u00ebr artikullin e dt. 30 dhjetor 2012<\/p>\n<p> Gazet\u00ebs \u201cShekulli\u201d<\/strong><\/span><\/span><\/span><br \/> &nbsp;<\/div>\n<div style=\"text-align: justify;\"> <span style=\"color: #000000;\"><span style=\"font-family: tahoma,geneva,sans-serif;\"><span style=\"font-size: 12px;\">&nbsp;&nbsp;&nbsp; Zot\u00ebrinj t\u00eb nderuar,<\/p>\n<p> &nbsp;&nbsp;&nbsp; N\u00eb gazet\u00ebn tuaj&nbsp; \u201cShekulli\u201d t\u00eb dit\u00ebs s\u00eb diel, dt 30.12.2012, n\u00eb faqen e saj t\u00eb par\u00eb (dhe ne faqet 4-5), \u00ebsht\u00eb nd\u00ebrmarr\u00eb nj\u00eb keqinformim i opinionit publik, duke vendosur n\u00eb goj\u00ebn e Kryepiskopit t\u00eb Kish\u00ebs Orthodhokse Autoqefale t\u00eb Shqip\u00ebris\u00eb, Fortlumturis\u00eb s\u00eb Tij Anastas, fraza q\u00eb nuk i ka th\u00ebn\u00eb kurr\u00eb. Konkretisht keni shkruar: \u201cJanullatosi: \u201cshqiptar\u00ebt po m\u00eb k\u00ebrc\u00ebnojn\u00eb, Greqia t\u00eb reagoj\u00eb&#8230; F\u00ebmij\u00ebt m\u00ebsojn\u00eb n\u00eb shkoll\u00eb t\u00eb urrejn\u00eb Greqin\u00eb\u201d etj. K\u00ebto jan\u00eb shtremb\u00ebrime t\u00eb pastra t\u00eb s\u00eb v\u00ebrtet\u00ebs.<\/span><\/span><\/span><\/div>\n<div style=\"text-align: justify;\"> <span style=\"color: #000000;\"><span style=\"font-family: tahoma,geneva,sans-serif;\"><span style=\"font-size: 12px;\">&nbsp;&nbsp;&nbsp; P\u00ebrkthimi i intervist\u00ebs s\u00eb dh\u00ebn\u00eb nga Kryepiskopi Anastas n\u00eb televizionin shtet\u00ebror&nbsp; grek \u201cNet\u201d,&nbsp; q\u00eb botohet tek Gazeta Shekulli me shkurtime t\u00eb p\u00ebrzgjedhura q\u00ebllimsh\u00ebm, ka shum\u00eb mang\u00ebsi, keqkuptime me dashje dhe hera her\u00ebs p\u00ebrzgjidhen fraza t\u00eb nxjerra jasht\u00eb kontekstit ku jan\u00eb th\u00ebn\u00eb. Edhe titulli i emisionit shtremb\u00ebrohet, duke u quajtur \u201cPersonalitete\u201d, kur n\u00eb t\u00eb v\u00ebrtet\u00eb ai \u00ebsht\u00eb \u201cPersonale\u201d&#8230; Por, as n\u00eb k\u00ebt\u00eb p\u00ebrkthim t\u00eb pasakt\u00eb t\u00eb origjinalit, n\u00eb greqisht nuk ekziston fare fraza q\u00eb p\u00ebrdoret nga z. Lisien Bashkurti: \u201cN\u00eb Shqip\u00ebri f\u00ebmij\u00ebve dhe moshave t\u00eb reja n\u00ebp\u00ebr shkolla u m\u00ebsohen t\u00eb urrejn\u00eb Greqin\u00eb dhe grek\u00ebt\u201d. &nbsp;<\/span><\/span><\/span><\/div>\n<div style=\"text-align: justify;\"> <span style=\"color: #000000;\"><span style=\"font-family: tahoma,geneva,sans-serif;\"><span style=\"font-size: 12px;\">&nbsp;&nbsp;&nbsp; Z. L.B n\u00eb shkrimin n\u00eb lidhje me k\u00ebt\u00eb intervist\u00eb, t\u00eb quajtur \u201cHarmonia Nd\u00ebrfetare, pasuri e kombit shqiptar\u201d, i mb\u00ebshtet opinionet e tij mbi k\u00ebt\u00eb fraz\u00eb t\u00eb sajuar. Pasi v\u00eb n\u00eb dijeni publikun p\u00ebr laureat&nbsp; e tij diplomatike dhe akademike, ai p\u00ebrpiqet t\u2019i b\u00ebj\u00eb nj\u00eb leksion t\u00eb etik\u00ebs shkencore dhe kishtare Kryepiskopit ton\u00eb, i cili si\u00e7 \u00ebsht\u00eb e njohur, ka qen\u00eb Profesor i shquar dhe Dekan i Fakultetit t\u00eb Theologjis\u00eb s\u00eb Universitetit Komb\u00ebtar t\u00eb Athin\u00ebs, \u00ebsht\u00eb An\u00ebtar nderi i Akademis\u00eb s\u00eb Athin\u00ebs dhe \u00ebsht\u00eb nderuar me doktoratura \u201cHonoris Causa\u201d n\u00eb filozofi dhe n\u00eb theologji nga shum\u00eb universitete t\u00eb vendeve t\u00eb ndryshme.<\/span><\/span><\/span><\/div>\n<div style=\"text-align: justify;\"> <span style=\"color: #000000;\"><span style=\"font-family: tahoma,geneva,sans-serif;\"><span style=\"font-size: 12px;\">&nbsp;&nbsp;&nbsp; Gjithashtu edhe fraza \u201cShqiptar\u00ebt dhe Shqip\u00ebria jan\u00eb t\u00eb k\u00ebnaqur q\u00eb Greqia \u00ebsht\u00eb zhytur n\u00eb nj\u00eb kriz\u00eb\u201d, nuk thuhet n\u00eb intervist\u00ebn e Kryepiskopit. Sa i takon fjalis\u00eb tjet\u00ebr, se \u201cGreqia \u00ebsht\u00eb nj\u00eb shtet n\u00eb shitje\u201d, k\u00ebto jan\u00eb fjal\u00ebt e kryetarit t\u00eb partis\u00eb t\u00eb tij, botuar n\u00eb gazet\u00ebn \u201cShqip\u201d, t\u00eb 5 n\u00ebntorit 2012. Konkretisht, z. Spahiu shkruan: se Greqia \u00ebsht\u00eb \u201c&#8230;nj\u00eb shtet q\u00eb kan\u00eb dal\u00eb p\u00ebr shitje\u201d.<\/span><\/span><\/span><\/div>\n<div style=\"text-align: justify;\"> <span style=\"color: #000000;\"><span style=\"font-family: tahoma,geneva,sans-serif;\"><span style=\"font-size: 12px;\">&nbsp;&nbsp;&nbsp; N\u00eb vazhdim, z. L.B. parashtron t\u00eb ndryshuar nj\u00eb tjet\u00ebr fjali t\u00eb intervist\u00ebs, se&nbsp; \u201ct\u00eb gjith\u00eb grek\u00ebt, kudo q\u00eb jan\u00eb, por sidomos ata n\u00eb Greqi, duhet t\u00eb rikthejn\u00eb n\u00eb memorien e tyre historin\u00eb e tyre, pasi e kan\u00eb harruar dhe po flen\u00eb gjum\u00eb\u201d. Dhe shton, krejt\u00ebsisht n\u00eb m\u00ebnyr\u00eb arbitrare, se para se t\u00eb thuhej kjo fjali, n\u00ebnkuptohej \u201cShqip\u00ebria\u201d, e cila sipas k\u00ebtij interpretimi, \u201ck\u00ebrc\u00ebnon me teza t\u00eb dikurshme\u201d. N\u00eb intervist\u00ebn n\u00eb fjal\u00eb, ky mendim i Kryepiskopit Anastas, i cili \u00ebsht\u00eb th\u00ebn\u00eb nj\u00eb kontekst krejt\u00ebsisht t\u00eb ndrysh\u00ebm (n\u00eb at\u00eb t\u00eb kriz\u00ebs ekonomike q\u00eb po kalon Greqia), nuk ka kurrfar\u00eb lidhjeje me Shqip\u00ebrin\u00eb. I referohet detyrimit q\u00eb kan\u00eb grek\u00ebt p\u00ebr t\u00eb kujtuar historin\u00eb e tyre dhe q\u00eb t\u00eb mobilizojn\u00eb forcat dhe virtytet e ndihm\u00ebs s\u00eb nd\u00ebrsjell\u00eb p\u00ebr nj\u00ebri-tjetrin, t\u00eb thjesht\u00ebsis\u00eb dhe t\u00eb vet\u00ebsakrific\u00ebs.&nbsp; \u00cbsht\u00eb e \u00e7uditshme se z. L. B., madje edhe duke e theksuar faktin se ka sh\u00ebrbyer si diplomat, e lexon k\u00ebt\u00eb fraz\u00eb si \u201cngjallje t\u00eb urrejtjes midis popullit shqiptar dhe popullit grek\u201d. N\u00eb nj\u00eb vend tjet\u00ebr ai shton se \u201cdo t\u00eb doja q\u00eb hir\u00ebsia e tij t\u00eb kontribuonte n\u00eb p\u00ebrmir\u00ebsimin dhe jo n\u00eb p\u00ebrkeq\u00ebsimin e marr\u00ebdh\u00ebnieve t\u00eb fqinj\u00ebsis\u00eb midis dy popujve\u201d etj&#8230; \u00cbsht\u00eb e njohur bot\u00ebrisht se Kryepiskopi Anastas, p\u00ebr m\u00eb shum\u00eb se nj\u00ebzet vite ka dh\u00ebn\u00eb dhjet\u00ebra intervista dhe ligj\u00ebrata dhe p\u00ebrpiqet pareshtur p\u00ebr miq\u00ebsin\u00eb e dy popujve, p\u00ebr nevoj\u00ebn e bashk\u00ebpunimit harmonik, t\u00eb mir\u00ebkuptimit dhe t\u00eb reciprocitetit t\u00eb nd\u00ebrsjell\u00eb. Prandaj, midis shum\u00eb t\u00eb tjerave, \u00ebsht\u00eb zgjedhur President Nderi i Konferenc\u00ebs Bot\u00ebrore t\u00eb Fes\u00eb dhe Paqes \u201cFet\u00eb p\u00ebr paqen\u201d, (World Conference for the Religion and Peace \u201cReligions for Peace\u201d), organizmit m\u00eb t\u00eb r\u00ebnd\u00ebsish\u00ebm nd\u00ebrfetar n\u00eb bot\u00eb, me seli n\u00eb Nju Jork, i atashuar edhe pran\u00eb OKB, ku jan\u00eb pjes\u00ebtar\u00eb t\u00eb gjitha fet\u00eb e bot\u00ebs.<\/span><\/span><\/span><\/div>\n<div style=\"text-align: justify;\"> <span style=\"color: #000000;\"><span style=\"font-family: tahoma,geneva,sans-serif;\"><span style=\"font-size: 12px;\">&nbsp;&nbsp;&nbsp; P\u00ebr m\u00eb tep\u00ebr, z. profesor shton v\u00ebrejtjen e pap\u00ebrshtatshme dhe po aq fyese, se gjoja Kryepiskopi Anastas \u201cha buk\u00ebn e popullit shqiptar\u201d. Por Kryepiskopi nuk mbahet nga fonde q\u00eb vijn\u00eb nga Shqip\u00ebria. Ka pensionin e tij nga koha kur ishte profesor Universitetit t\u00eb Athin\u00ebs. P\u00ebrkundrazi, jo vet\u00ebm nuk \u201cha buk\u00ebn e popullit shqiptar\u201d , por gjat\u00eb gjith\u00eb k\u00ebtyre 21 viteve, me nismat dhe aktivitetet e tij, ka kontribuar q\u00eb t\u00eb vijn\u00eb n\u00eb Shqip\u00ebri shum\u00eb miliona euro. Me k\u00ebto iniciativa q\u00eb ka nd\u00ebrmarr\u00eb n\u00eb fushat e arsimit, sh\u00ebndetit, zhvillimit bujq\u00ebsor, kultur\u00ebs, ka ndihmuar dhe vazhdon t\u00eb ndihmoj\u00eb me mij\u00ebra familje shqiptare t\u00eb ken\u00eb nj\u00eb jet\u00eb dinjitoze. \u00cbsht\u00eb shum\u00eb i \u00e7uditsh\u00ebm fakti se si mund t\u00eb ekzistojn\u00eb kaq shum\u00eb shtremb\u00ebrime t\u00eb pasakta dhe shpif\u00ebse t\u00eb b\u00ebra nga nj\u00eb intelektual, n\u00eb nj\u00eb tekst kaq t\u00eb shkurt\u00ebr!<\/span><\/span><\/span><\/div>\n<div style=\"text-align: justify;\"> <span style=\"color: #000000;\"><span style=\"font-family: tahoma,geneva,sans-serif;\"><span style=\"font-size: 12px;\">&nbsp;&nbsp;&nbsp; Sa i takon lajmit t\u00eb theksuar n\u00eb titullin e artikullit tuaj: \u201cKryepiskopi, probleme me sh\u00ebndetin. Vuan nga kanceri\u201d, Kryepiskopi Anastas p\u00ebrmendi n\u00eb intervist\u00ebn e tij edhe&nbsp; k\u00ebt\u00eb \u00e7\u00ebshtje vet\u00ebm p\u00ebr t\u2019iu dh\u00ebn\u00eb forc\u00eb atyre q\u00eb p\u00ebrballen me probleme t\u00eb v\u00ebshtira sh\u00ebndet\u00ebsore. N\u00eb vitin 2005, u diagnostikua me kancer t\u00eb tiroideve, por pas nj\u00eb operacioni t\u00eb suksessh\u00ebm, ai u sh\u00ebrua plot\u00ebsisht dhe t\u00eb gjith\u00eb e dim\u00eb se vazhdon t\u00eb punoj\u00eb pa u lodhur dhe t\u00eb jet\u00eb mjaft aktiv si brenda vendit ashtu edhe jasht\u00eb tij, me nj\u00eb krijimtari t\u00eb pasur.<\/span><\/span><\/span><\/div>\n<div style=\"text-align: justify;\"> <span style=\"color: #000000;\"><span style=\"font-family: tahoma,geneva,sans-serif;\"><span style=\"font-size: 12px;\">&nbsp;&nbsp;&nbsp; Zoti L. B. n\u00eb fund t\u00eb artikullit t\u00eb tij, jep siguri se \u201cAleanca Kuq e Zi, nuk e ka k\u00ebrc\u00ebnuar n\u00eb asnj\u00eb lloj forme e m\u00ebnyre Anastas Janullatosin\u201d. \u00cbsht\u00eb mjaft i \u00e7uditsh\u00ebm fakti se si Sekretari i marr\u00ebdh\u00ebnieve me jasht\u00eb i Aleanc\u00ebs Kuq e Zi, nuk ka dijeni p\u00ebr letr\u00ebn zyrtare q\u00eb kjo forc\u00eb politike i d\u00ebrgoi Presidentit t\u00eb Republik\u00ebs&nbsp; n\u00eb 17 dhjetor 2012, \u201cT\u2019i hiqet Urdhri &#8216;Sk\u00ebnderbeu\u2019 kryepeshkopit Janullatos\u201d (Ky Urdh\u00ebr iu akordua Kryepiskopit Anastas me motivacionin \u201cP\u00ebr kontributin dhe veprimtarin\u00eb e vyer n\u00eb ringjalljen e besimit shpirt\u00ebror dhe shpres\u00ebs p\u00ebr nj\u00eb t\u00eb ardhme m\u00eb t\u00eb mir\u00eb, p\u00ebr ringritjen e institucioneve t\u00eb kultit, si dhe p\u00ebr forcimin e pasurimin e m\u00ebtejsh\u00ebm t\u00eb harmonis\u00eb, toleranc\u00ebs dhe bashk\u00ebjetes\u00ebs nd\u00ebrfetare t\u00eb popullit shqiptar\u201d). Pas parashtrimit t\u00eb shum\u00eb shpifjeve dhe akuzave p\u00ebr sjellje antikushtetuese dhe antishqiptare nga ana e Kryepiskopit, kjo let\u00ebr zyrtare e AK p\u00ebrfundon me fjal\u00ebt: \u201cKa ardhur koha t\u2019i themi Anastas Janullatosit: ik me paqe nga Shqip\u00ebria. Mbylli vitet e fundit t\u00eb jet\u00ebs t\u00ebnde sa m\u00eb larg k\u00ebtij vendi\u201d etj. Pik\u00ebrisht kjo let\u00ebr e Aleanc\u00ebs Kuq e Zi njohu nj\u00eb publicitet t\u00eb gjer\u00eb si brenda ashtu edhe jasht\u00eb vendit si dhe krijoi shqet\u00ebsimin tani t\u00eb njohur nga t\u00eb gjith\u00eb. Pas saj, 42 klerik\u00eb t\u00eb Kryepiskopat\u00ebs (episkop\u00eb, prift\u00ebrinj, dhjakon\u00eb,) botuan nj\u00eb p\u00ebrgjigje t\u00eb qart\u00eb dhe ezauruese, n\u00eb t\u00eb cil\u00ebn midis t\u00eb tjerave theksohet:<\/span><\/span><\/span><\/div>\n<div style=\"text-align: justify;\"> <span style=\"color: #000000;\"><span style=\"font-family: tahoma,geneva,sans-serif;\"><span style=\"font-size: 12px;\">&nbsp;&nbsp; \u201c&#8230;Ata q\u00eb e njohin Kryepiskopin Anastas, midis tyre edhe ne klerik\u00ebt e Kryepiskopat\u00ebs, t\u00eb gjith\u00eb qytetar\u00eb shqiptar\u00eb, q\u00eb e ndjekim nga af\u00ebr dhe q\u00eb bashk\u00ebpunojm\u00eb me t\u00eb gjat\u00eb gjith\u00eb viteve t\u00eb pranis\u00eb s\u00eb tij k\u00ebtu n\u00eb Shqip\u00ebri, e dim\u00eb fare mir\u00eb se pohimet e m\u00ebsip\u00ebrme t\u00eb paturpshme jan\u00eb sajesa t\u00eb nj\u00eb fantazie t\u00eb s\u00ebmur\u00eb, krejt\u00ebsisht t\u00eb pabaza, absolutisht t\u00eb padrejta dhe p\u00ebrb\u00ebjn\u00eb shtremb\u00ebrim t\u00eb s\u00eb v\u00ebrtet\u00ebs&#8230;<\/span><\/span><\/span><\/div>\n<div style=\"text-align: justify;\"> <span style=\"color: #000000;\"><span style=\"font-family: tahoma,geneva,sans-serif;\"><span style=\"font-size: 12px;\">&nbsp;&nbsp;&nbsp; Kryepiskopi Anastas, ka 20 vjet q\u00eb jeton dhe punon pa u lodhur bashk\u00eb me ne. Gjat\u00eb k\u00ebsaj kohe ka q\u00ebndruar gjithmon\u00eb pran\u00eb popullit, madje edhe n\u00eb koh\u00ebt m\u00eb t\u00eb v\u00ebshtira (1997,1999), duke ndihmuar me dashuri dhe vet\u00ebsakrifikim jo vet\u00ebm orthodhoks\u00ebt por t\u00eb gjith\u00eb sa kan\u00eb nevoj\u00eb, pa dallim bindjesh fetare e politike. Njihet m\u00eb s\u00eb miri, jo vet\u00ebm n\u00eb Shqip\u00ebri por edhe n\u00eb aren\u00ebn nd\u00ebrkomb\u00ebtare, kontributi i jasht\u00ebzakonsh\u00ebm i Kryepiskopit Anastas n\u00eb ringritjen e plot\u00eb t\u00eb Kish\u00ebs Orthodhokse Autoqefale t\u00eb Shqip\u00ebris\u00eb dhe n\u00eb lul\u00ebzimin m\u00eb t\u00eb madh q\u00eb ka njohur historia e Kish\u00ebs s\u00eb Shqip\u00ebris\u00eb. N\u00eb t\u00eb nj\u00ebjt\u00ebn koh\u00eb njihet ky kontribut edhe n\u00eb zhvillimin ekonomik t\u00eb vendit, n\u00eb sektor\u00ebt e sh\u00ebndetit, arsimit, p\u00ebrkujdesjes sociale dhe kultur\u00ebs, si dhe n\u00eb vitin 1999, kur me iniciativ\u00ebn e tij, mobilizoi organizmat e krishter\u00eb nd\u00ebrkomb\u00ebtar\u00eb p\u00ebr t\u00eb ndihmuar 33.000 refugjat\u00eb kosovar\u00eb. Vet\u00ebm ata q\u00eb jan\u00eb t\u00eb verbuar nga fanatizmi nuk duan t\u2019i shikojn\u00eb k\u00ebto gj\u00ebra. Por vepra kolosale e Kryepiskopit Anastas nuk mund t\u00eb shembet me fjal\u00eb fyese, g\u00ebnjeshtra t\u00eb fabrikuara, dyshime t\u00eb pabaza dhe akuza shpif\u00ebse. Ne, qindra mij\u00ebrat e orthodhoks\u00ebve shqiptar\u00eb dhe t\u00eb qytetar\u00ebve t\u00eb tjer\u00eb t\u00eb paansh\u00ebm, q\u00eb ndjekim nga af\u00ebr pun\u00ebn e tij, e njohim fare mir\u00eb realitetin.<\/span><\/span><\/span><\/div>\n<div style=\"text-align: justify;\"> <span style=\"color: #000000;\"><span style=\"font-family: tahoma,geneva,sans-serif;\"><span style=\"font-size: 12px;\">&nbsp;&nbsp;&nbsp; Kap\u00ebrcehen dhe kufijt\u00eb e qesharakes, kur njer\u00ebz, pa kurrfar\u00eb lidhjeje me Orthodhoksin\u00eb, por edhe minues t\u00eb njohur t\u00eb saj, shfaqen si mbrojt\u00ebs t\u00eb orthodhoks\u00ebve shqiptar\u00eb e si njoh\u00ebs t\u00eb Historis\u00eb Kishtare t\u00eb Orthodhoksis\u00eb madje, dalin dhe n\u00eb p\u00ebrfundime p\u00ebr \u00e7\u00ebshtje t\u00eb s\u00eb Drejt\u00ebs Kanonike Kishtare. Ata arrijn\u00eb deri aty sa marrin p\u00ebrsip\u00ebr t\u2019u japin k\u00ebshilla t\u00eb krishter\u00ebve orthodhoks\u00eb shqiptar\u00eb se cila duhet t\u00eb jet\u00eb udh\u00ebheqja e tyre kishtare. Ne klerik\u00ebt shqiptar\u00eb dhe qindra mij\u00ebra besimtar\u00eb orthodhoks\u00eb, shtetas shqiptar\u00eb, q\u00eb ndjekim me p\u00ebrkushtim udh\u00ebheq\u00ebsin ton\u00eb, nuk jemi as naiv\u00eb dhe as m\u00eb pak patriot\u00eb.\u201d.<\/p>\n<p> &nbsp;&nbsp;&nbsp;&nbsp; Shpresojm\u00eb, se duke qen\u00eb korrekt\u00eb ndaj parimit t\u00eb objektivitetit, do ta botoni k\u00ebt\u00eb p\u00ebrgjigje n\u00eb gazet\u00ebn tuaj.<\/p>\n<p> &nbsp;&nbsp;&nbsp;&nbsp; Tiran\u00eb, 8 janar, 2013<\/span><\/span><\/span><\/div>\n<div style=\"text-align: center;\"> <span style=\"color: #000000;\"><span style=\"font-family: tahoma,geneva,sans-serif;\"><span style=\"font-size: 12px;\"><strong>Zyra e Shtypit<\/strong><br \/> <strong> e Kish\u00ebs Orthodhokse Autoqefale t\u00eb Shqip\u00ebris\u00eb<\/p>\n<p> <\/strong><\/span><\/span><\/span><\/div>\n","protected":false},"excerpt":{"rendered":"<p>&nbsp; KISHA ORTHODHOKSE AUTOQEFALE E SHQIP\u00cbRIS\u00cb ZYRA E SHTYPIT P\u00ebrgjigje p\u00ebr artikullin e dt. 30 dhjetor 2012 Gazet\u00ebs \u201cShekulli\u201d &nbsp; &nbsp;&nbsp;&nbsp; Zot\u00ebrinj t\u00eb nderuar, &nbsp;&nbsp;&nbsp; N\u00eb gazet\u00ebn tuaj&nbsp; \u201cShekulli\u201d t\u00eb dit\u00ebs s\u00eb diel, dt 30.12.2012, n\u00eb faqen e saj t\u00eb par\u00eb (dhe ne faqet 4-5), \u00ebsht\u00eb nd\u00ebrmarr\u00eb nj\u00eb keqinformim i opinionit publik, duke vendosur n\u00eb goj\u00ebn e Kryepiskopit t\u00eb Kish\u00ebs Orthodhokse Autoqefale t\u00eb Shqip\u00ebris\u00eb, Fortlumturis\u00eb<\/p>\n","protected":false},"author":1,"featured_media":0,"comment_status":"open","ping_status":"open","sticky":false,"template":"","format":"standard","meta":{"_acf_changed":false,"pagelayer_contact_templates":[],"_pagelayer_content":"","inline_featured_image":false,"fifu_image_url":"","fifu_image_alt":"","footnotes":""},"categories":[108],"tags":[141,196,212,203],"class_list":["post-597","post","type-post","status-publish","format-standard","hentry","category-lajme","tag-141","tag-tirane","tag-lajme-d27","tag-pergjigje-ndaj-akuzave"],"acf":[],"yoast_head":"<!-- This site is optimized with the Yoast SEO plugin v27.2 - https:\/\/yoast.com\/product\/yoast-seo-wordpress\/ -->\n<title>Gazet\u0117s \u201cShekulli\u201d - p\u0117rgjigje p\u0117r artik. dt.30.12.2012 dhe shkrimin e z. Lisien Bashkurti. (8 Janar 2013) - Kisha Orthodh\u03bfkse Autoqefale e Shqip\u00ebris\u00eb<\/title>\n<meta name=\"robots\" content=\"index, follow, max-snippet:-1, max-image-preview:large, max-video-preview:-1\" \/>\n<link rel=\"canonical\" href=\"https:\/\/orthodoxalbania.org\/2020\/2013\/03\/21\/gazetes-shekulli-pergjigje-per-artik-dt-30-12-2012-dhe-shkrimin-e-z-lisien-bashkurti\/\" \/>\n<meta property=\"og:locale\" content=\"en_US\" \/>\n<meta property=\"og:type\" content=\"article\" \/>\n<meta property=\"og:title\" content=\"Gazet\u0117s \u201cShekulli\u201d - p\u0117rgjigje p\u0117r artik. dt.30.12.2012 dhe shkrimin e z. Lisien Bashkurti. (8 Janar 2013) - Kisha Orthodh\u03bfkse Autoqefale e Shqip\u00ebris\u00eb\" \/>\n<meta property=\"og:description\" content=\"&nbsp; KISHA ORTHODHOKSE AUTOQEFALE E SHQIP\u00cbRIS\u00cb ZYRA E SHTYPIT P\u00ebrgjigje p\u00ebr artikullin e dt. 30 dhjetor 2012 Gazet\u00ebs \u201cShekulli\u201d &nbsp; &nbsp;&nbsp;&nbsp; Zot\u00ebrinj t\u00eb nderuar, &nbsp;&nbsp;&nbsp; N\u00eb gazet\u00ebn tuaj&nbsp; \u201cShekulli\u201d t\u00eb dit\u00ebs s\u00eb diel, dt 30.12.2012, n\u00eb faqen e saj t\u00eb par\u00eb (dhe ne faqet 4-5), \u00ebsht\u00eb nd\u00ebrmarr\u00eb nj\u00eb keqinformim i opinionit publik, duke vendosur n\u00eb goj\u00ebn e Kryepiskopit t\u00eb Kish\u00ebs Orthodhokse Autoqefale t\u00eb Shqip\u00ebris\u00eb, Fortlumturis\u00eb\" \/>\n<meta property=\"og:url\" content=\"https:\/\/orthodoxalbania.org\/2020\/2013\/03\/21\/gazetes-shekulli-pergjigje-per-artik-dt-30-12-2012-dhe-shkrimin-e-z-lisien-bashkurti\/\" \/>\n<meta property=\"og:site_name\" content=\"Kisha Orthodh\u03bfkse Autoqefale e Shqip\u00ebris\u00eb\" \/>\n<meta property=\"article:publisher\" content=\"https:\/\/www.facebook.com\/koash1991\" \/>\n<meta property=\"article:published_time\" content=\"2013-03-21T12:47:19+00:00\" \/>\n<meta property=\"article:modified_time\" content=\"2020-04-06T20:05:50+00:00\" \/>\n<meta property=\"og:image\" content=\"https:\/\/lh3.googleusercontent.com\/-0XaSr7tg_9w\/U_NB8PwotlI\/AAAAAAAAA2g\/QXaauIV8bCc\/s577-no\/logo.png\" \/>\n<meta name=\"author\" content=\"Kisha Orthodhokse\" \/>\n<meta name=\"twitter:card\" content=\"summary_large_image\" \/>\n<meta name=\"twitter:label1\" content=\"Written by\" \/>\n\t<meta name=\"twitter:data1\" content=\"Kisha Orthodhokse\" \/>\n\t<meta name=\"twitter:label2\" content=\"Est. reading time\" \/>\n\t<meta name=\"twitter:data2\" content=\"9 minutes\" \/>\n<script type=\"application\/ld+json\" class=\"yoast-schema-graph\">{\"@context\":\"https:\/\/schema.org\",\"@graph\":[{\"@type\":\"Article\",\"@id\":\"https:\/\/orthodoxalbania.org\/2020\/2013\/03\/21\/gazetes-shekulli-pergjigje-per-artik-dt-30-12-2012-dhe-shkrimin-e-z-lisien-bashkurti\/#article\",\"isPartOf\":{\"@id\":\"https:\/\/orthodoxalbania.org\/2020\/2013\/03\/21\/gazetes-shekulli-pergjigje-per-artik-dt-30-12-2012-dhe-shkrimin-e-z-lisien-bashkurti\/\"},\"author\":{\"name\":\"Kisha Orthodhokse\",\"@id\":\"https:\/\/orthodoxalbania.org\/2020\/#\/schema\/person\/0c387634a7063ac612d7ed9ce71c7e86\"},\"headline\":\"Gazet\u0117s \u201cShekulli\u201d &#8211; p\u0117rgjigje p\u0117r artik. dt.30.12.2012 dhe shkrimin e z. Lisien Bashkurti. (8 Janar 2013)\",\"datePublished\":\"2013-03-21T12:47:19+00:00\",\"dateModified\":\"2020-04-06T20:05:50+00:00\",\"mainEntityOfPage\":{\"@id\":\"https:\/\/orthodoxalbania.org\/2020\/2013\/03\/21\/gazetes-shekulli-pergjigje-per-artik-dt-30-12-2012-dhe-shkrimin-e-z-lisien-bashkurti\/\"},\"wordCount\":1818,\"commentCount\":0,\"publisher\":{\"@id\":\"https:\/\/orthodoxalbania.org\/2020\/#organization\"},\"image\":{\"@id\":\"https:\/\/orthodoxalbania.org\/2020\/2013\/03\/21\/gazetes-shekulli-pergjigje-per-artik-dt-30-12-2012-dhe-shkrimin-e-z-lisien-bashkurti\/#primaryimage\"},\"thumbnailUrl\":\"https:\/\/lh3.googleusercontent.com\/-0XaSr7tg_9w\/U_NB8PwotlI\/AAAAAAAAA2g\/QXaauIV8bCc\/s577-no\/logo.png\",\"keywords\":[\"2013\",\"Kryepiskopata Tiran\u00eb\",\"lajme\",\"P\u00ebrgjigje ndaj akuzave\"],\"articleSection\":[\"Lajme\"],\"inLanguage\":\"en-US\"},{\"@type\":\"WebPage\",\"@id\":\"https:\/\/orthodoxalbania.org\/2020\/2013\/03\/21\/gazetes-shekulli-pergjigje-per-artik-dt-30-12-2012-dhe-shkrimin-e-z-lisien-bashkurti\/\",\"url\":\"https:\/\/orthodoxalbania.org\/2020\/2013\/03\/21\/gazetes-shekulli-pergjigje-per-artik-dt-30-12-2012-dhe-shkrimin-e-z-lisien-bashkurti\/\",\"name\":\"Gazet\u0117s \u201cShekulli\u201d - p\u0117rgjigje p\u0117r artik. dt.30.12.2012 dhe shkrimin e z. Lisien Bashkurti. (8 Janar 2013) - Kisha Orthodh\u03bfkse Autoqefale e Shqip\u00ebris\u00eb\",\"isPartOf\":{\"@id\":\"https:\/\/orthodoxalbania.org\/2020\/#website\"},\"primaryImageOfPage\":{\"@id\":\"https:\/\/orthodoxalbania.org\/2020\/2013\/03\/21\/gazetes-shekulli-pergjigje-per-artik-dt-30-12-2012-dhe-shkrimin-e-z-lisien-bashkurti\/#primaryimage\"},\"image\":{\"@id\":\"https:\/\/orthodoxalbania.org\/2020\/2013\/03\/21\/gazetes-shekulli-pergjigje-per-artik-dt-30-12-2012-dhe-shkrimin-e-z-lisien-bashkurti\/#primaryimage\"},\"thumbnailUrl\":\"https:\/\/lh3.googleusercontent.com\/-0XaSr7tg_9w\/U_NB8PwotlI\/AAAAAAAAA2g\/QXaauIV8bCc\/s577-no\/logo.png\",\"datePublished\":\"2013-03-21T12:47:19+00:00\",\"dateModified\":\"2020-04-06T20:05:50+00:00\",\"breadcrumb\":{\"@id\":\"https:\/\/orthodoxalbania.org\/2020\/2013\/03\/21\/gazetes-shekulli-pergjigje-per-artik-dt-30-12-2012-dhe-shkrimin-e-z-lisien-bashkurti\/#breadcrumb\"},\"inLanguage\":\"en-US\",\"potentialAction\":[{\"@type\":\"ReadAction\",\"target\":[\"https:\/\/orthodoxalbania.org\/2020\/2013\/03\/21\/gazetes-shekulli-pergjigje-per-artik-dt-30-12-2012-dhe-shkrimin-e-z-lisien-bashkurti\/\"]}]},{\"@type\":\"ImageObject\",\"inLanguage\":\"en-US\",\"@id\":\"https:\/\/orthodoxalbania.org\/2020\/2013\/03\/21\/gazetes-shekulli-pergjigje-per-artik-dt-30-12-2012-dhe-shkrimin-e-z-lisien-bashkurti\/#primaryimage\",\"url\":\"https:\/\/lh3.googleusercontent.com\/-0XaSr7tg_9w\/U_NB8PwotlI\/AAAAAAAAA2g\/QXaauIV8bCc\/s577-no\/logo.png\",\"contentUrl\":\"https:\/\/lh3.googleusercontent.com\/-0XaSr7tg_9w\/U_NB8PwotlI\/AAAAAAAAA2g\/QXaauIV8bCc\/s577-no\/logo.png\"},{\"@type\":\"BreadcrumbList\",\"@id\":\"https:\/\/orthodoxalbania.org\/2020\/2013\/03\/21\/gazetes-shekulli-pergjigje-per-artik-dt-30-12-2012-dhe-shkrimin-e-z-lisien-bashkurti\/#breadcrumb\",\"itemListElement\":[{\"@type\":\"ListItem\",\"position\":1,\"name\":\"Home\",\"item\":\"https:\/\/orthodoxalbania.org\/2020\/\"},{\"@type\":\"ListItem\",\"position\":2,\"name\":\"Gazet\u0117s \u201cShekulli\u201d &#8211; p\u0117rgjigje p\u0117r artik. dt.30.12.2012 dhe shkrimin e z. Lisien Bashkurti. (8 Janar 2013)\"}]},{\"@type\":\"WebSite\",\"@id\":\"https:\/\/orthodoxalbania.org\/2020\/#website\",\"url\":\"https:\/\/orthodoxalbania.org\/2020\/\",\"name\":\"Kisha Orthodh\u03bfkse Autoqefale e Shqip\u00ebris\u00eb\",\"description\":\"Fqja Zyrtare e Kish\u00ebs Orthodhokse Autoqefale e Shqip\u00ebris\u00eb me lajmet edhe informacionet zyrtare p\u00ebr struktur\u00ebn edhe veprimtarin e saj.\",\"publisher\":{\"@id\":\"https:\/\/orthodoxalbania.org\/2020\/#organization\"},\"potentialAction\":[{\"@type\":\"SearchAction\",\"target\":{\"@type\":\"EntryPoint\",\"urlTemplate\":\"https:\/\/orthodoxalbania.org\/2020\/?s={search_term_string}\"},\"query-input\":{\"@type\":\"PropertyValueSpecification\",\"valueRequired\":true,\"valueName\":\"search_term_string\"}}],\"inLanguage\":\"en-US\"},{\"@type\":\"Organization\",\"@id\":\"https:\/\/orthodoxalbania.org\/2020\/#organization\",\"name\":\"Kisha Orthodhokse Autoqefale e Shqip\u00ebris\u00eb\",\"url\":\"https:\/\/orthodoxalbania.org\/2020\/\",\"logo\":{\"@type\":\"ImageObject\",\"inLanguage\":\"en-US\",\"@id\":\"https:\/\/orthodoxalbania.org\/2020\/#\/schema\/logo\/image\/\",\"url\":\"https:\/\/orthodoxalbania.org\/2020\/wp-content\/uploads\/2020\/05\/albania.jpeg\",\"contentUrl\":\"https:\/\/orthodoxalbania.org\/2020\/wp-content\/uploads\/2020\/05\/albania.jpeg\",\"width\":540,\"height\":540,\"caption\":\"Kisha Orthodhokse Autoqefale e Shqip\u00ebris\u00eb\"},\"image\":{\"@id\":\"https:\/\/orthodoxalbania.org\/2020\/#\/schema\/logo\/image\/\"},\"sameAs\":[\"https:\/\/www.facebook.com\/koash1991\"]},{\"@type\":\"Person\",\"@id\":\"https:\/\/orthodoxalbania.org\/2020\/#\/schema\/person\/0c387634a7063ac612d7ed9ce71c7e86\",\"name\":\"Kisha Orthodhokse\",\"image\":{\"@type\":\"ImageObject\",\"inLanguage\":\"en-US\",\"@id\":\"https:\/\/secure.gravatar.com\/avatar\/596e7c417251e30f2fbb9c00e026fce61a695a00e51c889caded71c96cbbdde5?s=96&d=mm&r=g\",\"url\":\"https:\/\/secure.gravatar.com\/avatar\/596e7c417251e30f2fbb9c00e026fce61a695a00e51c889caded71c96cbbdde5?s=96&d=mm&r=g\",\"contentUrl\":\"https:\/\/secure.gravatar.com\/avatar\/596e7c417251e30f2fbb9c00e026fce61a695a00e51c889caded71c96cbbdde5?s=96&d=mm&r=g\",\"caption\":\"Kisha Orthodhokse\"}}]}<\/script>\n<!-- \/ Yoast SEO plugin. -->","yoast_head_json":{"title":"Gazet\u0117s \u201cShekulli\u201d - p\u0117rgjigje p\u0117r artik. dt.30.12.2012 dhe shkrimin e z. Lisien Bashkurti. (8 Janar 2013) - Kisha Orthodh\u03bfkse Autoqefale e Shqip\u00ebris\u00eb","robots":{"index":"index","follow":"follow","max-snippet":"max-snippet:-1","max-image-preview":"max-image-preview:large","max-video-preview":"max-video-preview:-1"},"canonical":"https:\/\/orthodoxalbania.org\/2020\/2013\/03\/21\/gazetes-shekulli-pergjigje-per-artik-dt-30-12-2012-dhe-shkrimin-e-z-lisien-bashkurti\/","og_locale":"en_US","og_type":"article","og_title":"Gazet\u0117s \u201cShekulli\u201d - p\u0117rgjigje p\u0117r artik. dt.30.12.2012 dhe shkrimin e z. Lisien Bashkurti. (8 Janar 2013) - Kisha Orthodh\u03bfkse Autoqefale e Shqip\u00ebris\u00eb","og_description":"&nbsp; KISHA ORTHODHOKSE AUTOQEFALE E SHQIP\u00cbRIS\u00cb ZYRA E SHTYPIT P\u00ebrgjigje p\u00ebr artikullin e dt. 30 dhjetor 2012 Gazet\u00ebs \u201cShekulli\u201d &nbsp; &nbsp;&nbsp;&nbsp; Zot\u00ebrinj t\u00eb nderuar, &nbsp;&nbsp;&nbsp; N\u00eb gazet\u00ebn tuaj&nbsp; \u201cShekulli\u201d t\u00eb dit\u00ebs s\u00eb diel, dt 30.12.2012, n\u00eb faqen e saj t\u00eb par\u00eb (dhe ne faqet 4-5), \u00ebsht\u00eb nd\u00ebrmarr\u00eb nj\u00eb keqinformim i opinionit publik, duke vendosur n\u00eb goj\u00ebn e Kryepiskopit t\u00eb Kish\u00ebs Orthodhokse Autoqefale t\u00eb Shqip\u00ebris\u00eb, Fortlumturis\u00eb","og_url":"https:\/\/orthodoxalbania.org\/2020\/2013\/03\/21\/gazetes-shekulli-pergjigje-per-artik-dt-30-12-2012-dhe-shkrimin-e-z-lisien-bashkurti\/","og_site_name":"Kisha Orthodh\u03bfkse Autoqefale e Shqip\u00ebris\u00eb","article_publisher":"https:\/\/www.facebook.com\/koash1991","article_published_time":"2013-03-21T12:47:19+00:00","article_modified_time":"2020-04-06T20:05:50+00:00","og_image":[{"url":"https:\/\/lh3.googleusercontent.com\/-0XaSr7tg_9w\/U_NB8PwotlI\/AAAAAAAAA2g\/QXaauIV8bCc\/s577-no\/logo.png","type":"","width":"","height":""}],"author":"Kisha Orthodhokse","twitter_card":"summary_large_image","twitter_misc":{"Written by":"Kisha Orthodhokse","Est. reading time":"9 minutes"},"schema":{"@context":"https:\/\/schema.org","@graph":[{"@type":"Article","@id":"https:\/\/orthodoxalbania.org\/2020\/2013\/03\/21\/gazetes-shekulli-pergjigje-per-artik-dt-30-12-2012-dhe-shkrimin-e-z-lisien-bashkurti\/#article","isPartOf":{"@id":"https:\/\/orthodoxalbania.org\/2020\/2013\/03\/21\/gazetes-shekulli-pergjigje-per-artik-dt-30-12-2012-dhe-shkrimin-e-z-lisien-bashkurti\/"},"author":{"name":"Kisha Orthodhokse","@id":"https:\/\/orthodoxalbania.org\/2020\/#\/schema\/person\/0c387634a7063ac612d7ed9ce71c7e86"},"headline":"Gazet\u0117s \u201cShekulli\u201d &#8211; p\u0117rgjigje p\u0117r artik. dt.30.12.2012 dhe shkrimin e z. Lisien Bashkurti. (8 Janar 2013)","datePublished":"2013-03-21T12:47:19+00:00","dateModified":"2020-04-06T20:05:50+00:00","mainEntityOfPage":{"@id":"https:\/\/orthodoxalbania.org\/2020\/2013\/03\/21\/gazetes-shekulli-pergjigje-per-artik-dt-30-12-2012-dhe-shkrimin-e-z-lisien-bashkurti\/"},"wordCount":1818,"commentCount":0,"publisher":{"@id":"https:\/\/orthodoxalbania.org\/2020\/#organization"},"image":{"@id":"https:\/\/orthodoxalbania.org\/2020\/2013\/03\/21\/gazetes-shekulli-pergjigje-per-artik-dt-30-12-2012-dhe-shkrimin-e-z-lisien-bashkurti\/#primaryimage"},"thumbnailUrl":"https:\/\/lh3.googleusercontent.com\/-0XaSr7tg_9w\/U_NB8PwotlI\/AAAAAAAAA2g\/QXaauIV8bCc\/s577-no\/logo.png","keywords":["2013","Kryepiskopata Tiran\u00eb","lajme","P\u00ebrgjigje ndaj akuzave"],"articleSection":["Lajme"],"inLanguage":"en-US"},{"@type":"WebPage","@id":"https:\/\/orthodoxalbania.org\/2020\/2013\/03\/21\/gazetes-shekulli-pergjigje-per-artik-dt-30-12-2012-dhe-shkrimin-e-z-lisien-bashkurti\/","url":"https:\/\/orthodoxalbania.org\/2020\/2013\/03\/21\/gazetes-shekulli-pergjigje-per-artik-dt-30-12-2012-dhe-shkrimin-e-z-lisien-bashkurti\/","name":"Gazet\u0117s \u201cShekulli\u201d - p\u0117rgjigje p\u0117r artik. dt.30.12.2012 dhe shkrimin e z. Lisien Bashkurti. (8 Janar 2013) - Kisha Orthodh\u03bfkse Autoqefale e Shqip\u00ebris\u00eb","isPartOf":{"@id":"https:\/\/orthodoxalbania.org\/2020\/#website"},"primaryImageOfPage":{"@id":"https:\/\/orthodoxalbania.org\/2020\/2013\/03\/21\/gazetes-shekulli-pergjigje-per-artik-dt-30-12-2012-dhe-shkrimin-e-z-lisien-bashkurti\/#primaryimage"},"image":{"@id":"https:\/\/orthodoxalbania.org\/2020\/2013\/03\/21\/gazetes-shekulli-pergjigje-per-artik-dt-30-12-2012-dhe-shkrimin-e-z-lisien-bashkurti\/#primaryimage"},"thumbnailUrl":"https:\/\/lh3.googleusercontent.com\/-0XaSr7tg_9w\/U_NB8PwotlI\/AAAAAAAAA2g\/QXaauIV8bCc\/s577-no\/logo.png","datePublished":"2013-03-21T12:47:19+00:00","dateModified":"2020-04-06T20:05:50+00:00","breadcrumb":{"@id":"https:\/\/orthodoxalbania.org\/2020\/2013\/03\/21\/gazetes-shekulli-pergjigje-per-artik-dt-30-12-2012-dhe-shkrimin-e-z-lisien-bashkurti\/#breadcrumb"},"inLanguage":"en-US","potentialAction":[{"@type":"ReadAction","target":["https:\/\/orthodoxalbania.org\/2020\/2013\/03\/21\/gazetes-shekulli-pergjigje-per-artik-dt-30-12-2012-dhe-shkrimin-e-z-lisien-bashkurti\/"]}]},{"@type":"ImageObject","inLanguage":"en-US","@id":"https:\/\/orthodoxalbania.org\/2020\/2013\/03\/21\/gazetes-shekulli-pergjigje-per-artik-dt-30-12-2012-dhe-shkrimin-e-z-lisien-bashkurti\/#primaryimage","url":"https:\/\/lh3.googleusercontent.com\/-0XaSr7tg_9w\/U_NB8PwotlI\/AAAAAAAAA2g\/QXaauIV8bCc\/s577-no\/logo.png","contentUrl":"https:\/\/lh3.googleusercontent.com\/-0XaSr7tg_9w\/U_NB8PwotlI\/AAAAAAAAA2g\/QXaauIV8bCc\/s577-no\/logo.png"},{"@type":"BreadcrumbList","@id":"https:\/\/orthodoxalbania.org\/2020\/2013\/03\/21\/gazetes-shekulli-pergjigje-per-artik-dt-30-12-2012-dhe-shkrimin-e-z-lisien-bashkurti\/#breadcrumb","itemListElement":[{"@type":"ListItem","position":1,"name":"Home","item":"https:\/\/orthodoxalbania.org\/2020\/"},{"@type":"ListItem","position":2,"name":"Gazet\u0117s \u201cShekulli\u201d &#8211; p\u0117rgjigje p\u0117r artik. dt.30.12.2012 dhe shkrimin e z. Lisien Bashkurti. (8 Janar 2013)"}]},{"@type":"WebSite","@id":"https:\/\/orthodoxalbania.org\/2020\/#website","url":"https:\/\/orthodoxalbania.org\/2020\/","name":"Kisha Orthodh\u03bfkse Autoqefale e Shqip\u00ebris\u00eb","description":"Fqja Zyrtare e Kish\u00ebs Orthodhokse Autoqefale e Shqip\u00ebris\u00eb me lajmet edhe informacionet zyrtare p\u00ebr struktur\u00ebn edhe veprimtarin e saj.","publisher":{"@id":"https:\/\/orthodoxalbania.org\/2020\/#organization"},"potentialAction":[{"@type":"SearchAction","target":{"@type":"EntryPoint","urlTemplate":"https:\/\/orthodoxalbania.org\/2020\/?s={search_term_string}"},"query-input":{"@type":"PropertyValueSpecification","valueRequired":true,"valueName":"search_term_string"}}],"inLanguage":"en-US"},{"@type":"Organization","@id":"https:\/\/orthodoxalbania.org\/2020\/#organization","name":"Kisha Orthodhokse Autoqefale e Shqip\u00ebris\u00eb","url":"https:\/\/orthodoxalbania.org\/2020\/","logo":{"@type":"ImageObject","inLanguage":"en-US","@id":"https:\/\/orthodoxalbania.org\/2020\/#\/schema\/logo\/image\/","url":"https:\/\/orthodoxalbania.org\/2020\/wp-content\/uploads\/2020\/05\/albania.jpeg","contentUrl":"https:\/\/orthodoxalbania.org\/2020\/wp-content\/uploads\/2020\/05\/albania.jpeg","width":540,"height":540,"caption":"Kisha Orthodhokse Autoqefale e Shqip\u00ebris\u00eb"},"image":{"@id":"https:\/\/orthodoxalbania.org\/2020\/#\/schema\/logo\/image\/"},"sameAs":["https:\/\/www.facebook.com\/koash1991"]},{"@type":"Person","@id":"https:\/\/orthodoxalbania.org\/2020\/#\/schema\/person\/0c387634a7063ac612d7ed9ce71c7e86","name":"Kisha Orthodhokse","image":{"@type":"ImageObject","inLanguage":"en-US","@id":"https:\/\/secure.gravatar.com\/avatar\/596e7c417251e30f2fbb9c00e026fce61a695a00e51c889caded71c96cbbdde5?s=96&d=mm&r=g","url":"https:\/\/secure.gravatar.com\/avatar\/596e7c417251e30f2fbb9c00e026fce61a695a00e51c889caded71c96cbbdde5?s=96&d=mm&r=g","contentUrl":"https:\/\/secure.gravatar.com\/avatar\/596e7c417251e30f2fbb9c00e026fce61a695a00e51c889caded71c96cbbdde5?s=96&d=mm&r=g","caption":"Kisha Orthodhokse"}}]}},"_links":{"self":[{"href":"https:\/\/orthodoxalbania.org\/2020\/wp-json\/wp\/v2\/posts\/597","targetHints":{"allow":["GET"]}}],"collection":[{"href":"https:\/\/orthodoxalbania.org\/2020\/wp-json\/wp\/v2\/posts"}],"about":[{"href":"https:\/\/orthodoxalbania.org\/2020\/wp-json\/wp\/v2\/types\/post"}],"author":[{"embeddable":true,"href":"https:\/\/orthodoxalbania.org\/2020\/wp-json\/wp\/v2\/users\/1"}],"replies":[{"embeddable":true,"href":"https:\/\/orthodoxalbania.org\/2020\/wp-json\/wp\/v2\/comments?post=597"}],"version-history":[{"count":1,"href":"https:\/\/orthodoxalbania.org\/2020\/wp-json\/wp\/v2\/posts\/597\/revisions"}],"predecessor-version":[{"id":15256,"href":"https:\/\/orthodoxalbania.org\/2020\/wp-json\/wp\/v2\/posts\/597\/revisions\/15256"}],"wp:attachment":[{"href":"https:\/\/orthodoxalbania.org\/2020\/wp-json\/wp\/v2\/media?parent=597"}],"wp:term":[{"taxonomy":"category","embeddable":true,"href":"https:\/\/orthodoxalbania.org\/2020\/wp-json\/wp\/v2\/categories?post=597"},{"taxonomy":"post_tag","embeddable":true,"href":"https:\/\/orthodoxalbania.org\/2020\/wp-json\/wp\/v2\/tags?post=597"}],"curies":[{"name":"wp","href":"https:\/\/api.w.org\/{rel}","templated":true}]}}