{"id":596,"date":"2013-03-22T10:40:54","date_gmt":"2013-03-22T10:40:54","guid":{"rendered":""},"modified":"2020-04-06T22:05:47","modified_gmt":"2020-04-06T20:05:47","slug":"gazeta-ngjallja-shkurt-2013","status":"publish","type":"post","link":"https:\/\/orthodoxalbania.org\/2020\/2013\/03\/22\/gazeta-ngjallja-shkurt-2013\/","title":{"rendered":"Gazeta \u201cNgjallja\u201d- SHKURT 2013."},"content":{"rendered":"<div>\n\t<span style=\"color:#000000;\"><span style=\"font-size: 12px;\"><span style=\"font-family: tahoma,geneva,sans-serif;\"><strong><span style=\"color:#000000;\"><span style=\"font-size: 12px;\"><span style=\"font-family: tahoma,geneva,sans-serif;\"><img decoding=\"async\" class=\"lazyload HAa Eha\" src=\"data:image\/gif;base64,R0lGODlhAQABAAAAACH5BAEKAAEALAAAAAABAAEAAAICTAEAOw==\" data-orig-src=\"https:\/\/lh4.googleusercontent.com\/-_PSKjrwLLo4\/VBF8aRbU4wI\/AAAAAAAADF4\/xsU3RBHifNQ\/w200-h273-no\/unnamed.jpg\" style=\"height: 273px; width: 200px; border-width: 1px; border-style: solid; margin: 10px; float: left;\" \/><\/span><\/span><\/span>&nbsp; <\/strong><\/span><\/span><\/span><span style=\"color:#b22222;\"><span style=\"font-size: 12px;\"><span style=\"font-family: tahoma,geneva,sans-serif;\"><strong>Doli n\u00eb qarkullim nr. i ri i gazet\u00ebs \u201cNgjallja\u201d- SHKURT 2013. N\u00eb k\u00ebt\u00eb num\u00ebr do t\u00eb njiheni:<\/strong><\/span><\/span><\/span><\/p>\n<p>\t<span style=\"color:#000000;\"><span style=\"font-size: 12px;\"><span style=\"font-family: tahoma,geneva,sans-serif;\"> &#8211; D\u00ebmtohet kryqi i vendosur aty ku m\u00eb par\u00eb ndodhej kisha orthodhokse, n\u00eb Fikas t\u00eb Elbasanit &#8211; nga klerik\u00ebt dhe besimtar\u00ebt orthodhoks\u00eb t\u00eb Elbasanit.<\/span><\/span><\/span><\/div>\n<div>\n\t<br \/>\n\t<span style=\"color:#000000;\"><span style=\"font-size: 12px;\"><span style=\"font-family: tahoma,geneva,sans-serif;\">&#8211; Nuk kam d\u00ebgjuar p\u00ebr asnj\u00eb orthodhoks q\u00eb t\u00eb ket\u00eb shkruar ose t\u00eb ket\u00eb sulmuar ndonj\u00eb komunitet fetar tjet\u00ebr&#8230; &#8211; nga Kryepiskopi Anastas.<\/span><\/span><\/span><\/div>\n<div>\n\t<br \/>\n\t<span style=\"color:#000000;\"><span style=\"font-size: 12px;\"><span style=\"font-family: tahoma,geneva,sans-serif;\">&#8211; U kremtua me madh\u00ebshti festa e Tre Hierark\u00ebve n\u00eb kish\u00ebn e Ungjill\u00ebzimit, Tiran\u00eb.<\/span><\/span><\/span><\/div>\n<div>\n\t<br \/>\n\t<span style=\"color:#000000;\"><span style=\"font-size: 12px;\"><span style=\"font-family: tahoma,geneva,sans-serif;\">&#8211; \u201cJava e Martes\u00ebs\u201d, nj\u00eb veprimtari q\u00eb p\u00ebrfshiu edhe Kish\u00ebn ton\u00eb &#8211; nga Ana Meni.<\/span><\/span><\/span><\/div>\n<div>\n\t<br \/>\n\t<span style=\"color:#000000;\"><span style=\"font-size: 12px;\"><span style=\"font-family: tahoma,geneva,sans-serif;\">&#8211; Kisha dhe Mbret\u00ebria e Per\u00ebndis\u00eb &#8211; nga Arkimandrit Kozma Sovjani.<\/span><\/span><\/span><\/div>\n<div>\n\t<br \/>\n\t<span style=\"color:#000000;\"><span style=\"font-size: 12px;\"><span style=\"font-family: tahoma,geneva,sans-serif;\">&#8211; Protest\u00eb e besimtar\u00ebve orthodhoks\u00eb t\u00eb Beratit drejtuar INSTAT-it dhe Aleanc\u00ebs Kuq e Zi.<\/span><\/span><\/span><\/div>\n<div>\n\t<br \/>\n\t<span style=\"color:#000000;\"><span style=\"font-size: 12px;\"><span style=\"font-family: tahoma,geneva,sans-serif;\">&#8211; Intervista e Mitropolitit t\u00eb Kor\u00e7\u00ebs, Imzot Joanit, dh\u00ebn\u00eb revist\u00ebs \u201cJava\u201d, dt. 12 janar 2013.<\/span><\/span><\/span><\/div>\n<div>\n\t<br \/>\n\t<span style=\"color:#000000;\"><span style=\"font-size: 12px;\"><span style=\"font-family: tahoma,geneva,sans-serif;\">&#8211; Kur politika provokon &#8211; nga Dr. Vasil Tushi.<\/span><\/span><\/span><\/div>\n<div>\n\t<br \/>\n\t<span style=\"color:#000000;\"><span style=\"font-size: 12px;\"><span style=\"font-family: tahoma,geneva,sans-serif;\">&#8211; Kontribut n\u00eb publicistik\u00eb, por edhe p\u00ebr bashk\u00ebjetes\u00ebn fetare dhe Komunitetin Orthodhoks &#8211; nga Julia Lila.<\/span><\/span><\/span><\/div>\n<div>\n\t<br \/>\n\t<span style=\"color:#000000;\"><span style=\"font-size: 12px;\"><span style=\"font-family: tahoma,geneva,sans-serif;\">&#8211; Shpifje t\u00eb ul\u00ebta e dashakeqe &#8211; Deklarat\u00eb e klerik\u00ebve orthodhoks\u00eb t\u00eb Elbasanit.<\/span><\/span><\/span><\/div>\n<div>\n\t<br \/>\n\t<span style=\"color:#000000;\"><span style=\"font-size: 12px;\"><span style=\"font-family: tahoma,geneva,sans-serif;\">&#8211; Mbi dor\u00ebheqjen e Papa Benediktit XVI &#8211; nga Kryepiskopi i Tiran\u00ebs, Durr\u00ebsit dhe i gjith\u00eb Shqip\u00ebris\u00eb, Anastasi.<\/span><\/span><\/span><\/div>\n<div>\n\t<br \/>\n\t<span style=\"color:#000000;\"><span style=\"font-size: 12px;\"><span style=\"font-family: tahoma,geneva,sans-serif;\">&#8211; Nga letra e fundit e Papa Benediktit XVI d\u00ebrguar Kryepiskopit Anastas.<\/span><\/span><\/span><\/div>\n<div>\n\t<br \/>\n\t<span style=\"color:#000000;\"><span style=\"font-size: 12px;\"><span style=\"font-family: tahoma,geneva,sans-serif;\">&#8211; Kisha e re e Osh\u00ebnar Nifonit nga Lukova dhe Sh\u00ebn Athanasit &#8211; Lukov\u00eb.<\/span><\/span><\/span><\/p>\n<p>\t&nbsp;<\/p><\/div>\n","protected":false},"excerpt":{"rendered":"<p>&nbsp; Doli n\u00eb qarkullim nr. i ri i gazet\u00ebs \u201cNgjallja\u201d- SHKURT 2013. N\u00eb k\u00ebt\u00eb num\u00ebr do t\u00eb njiheni: &#8211; D\u00ebmtohet kryqi i vendosur aty ku m\u00eb par\u00eb ndodhej kisha orthodhokse, n\u00eb Fikas t\u00eb Elbasanit &#8211; nga klerik\u00ebt dhe besimtar\u00ebt orthodhoks\u00eb t\u00eb Elbasanit. &#8211; Nuk kam d\u00ebgjuar p\u00ebr asnj\u00eb orthodhoks q\u00eb t\u00eb ket\u00eb shkruar ose t\u00eb ket\u00eb sulmuar ndonj\u00eb komunitet fetar tjet\u00ebr&#8230; &#8211; nga Kryepiskopi Anastas.<\/p>\n","protected":false},"author":1,"featured_media":0,"comment_status":"open","ping_status":"open","sticky":false,"template":"","format":"standard","meta":{"_acf_changed":false,"pagelayer_contact_templates":[],"_pagelayer_content":"","inline_featured_image":false,"fifu_image_url":"","fifu_image_alt":"","footnotes":""},"categories":[108],"tags":[141,196,212],"class_list":["post-596","post","type-post","status-publish","format-standard","hentry","category-lajme","tag-141","tag-tirane","tag-lajme-d27"],"acf":[],"yoast_head":"<!-- This site is optimized with the Yoast SEO plugin v27.2 - https:\/\/yoast.com\/product\/yoast-seo-wordpress\/ -->\n<title>Gazeta \u201cNgjallja\u201d- SHKURT 2013. - Kisha Orthodh\u03bfkse Autoqefale e Shqip\u00ebris\u00eb<\/title>\n<meta name=\"robots\" content=\"index, follow, max-snippet:-1, max-image-preview:large, max-video-preview:-1\" \/>\n<link rel=\"canonical\" href=\"https:\/\/orthodoxalbania.org\/2020\/2013\/03\/22\/gazeta-ngjallja-shkurt-2013\/\" \/>\n<meta property=\"og:locale\" content=\"en_US\" \/>\n<meta property=\"og:type\" content=\"article\" \/>\n<meta property=\"og:title\" content=\"Gazeta \u201cNgjallja\u201d- SHKURT 2013. - Kisha Orthodh\u03bfkse Autoqefale e Shqip\u00ebris\u00eb\" \/>\n<meta property=\"og:description\" content=\"&nbsp; Doli n\u00eb qarkullim nr. i ri i gazet\u00ebs \u201cNgjallja\u201d- SHKURT 2013. N\u00eb k\u00ebt\u00eb num\u00ebr do t\u00eb njiheni: &#8211; D\u00ebmtohet kryqi i vendosur aty ku m\u00eb par\u00eb ndodhej kisha orthodhokse, n\u00eb Fikas t\u00eb Elbasanit &#8211; nga klerik\u00ebt dhe besimtar\u00ebt orthodhoks\u00eb t\u00eb Elbasanit. &#8211; Nuk kam d\u00ebgjuar p\u00ebr asnj\u00eb orthodhoks q\u00eb t\u00eb ket\u00eb shkruar ose t\u00eb ket\u00eb sulmuar ndonj\u00eb komunitet fetar tjet\u00ebr&#8230; &#8211; nga Kryepiskopi Anastas.\" \/>\n<meta property=\"og:url\" content=\"https:\/\/orthodoxalbania.org\/2020\/2013\/03\/22\/gazeta-ngjallja-shkurt-2013\/\" \/>\n<meta property=\"og:site_name\" content=\"Kisha Orthodh\u03bfkse Autoqefale e Shqip\u00ebris\u00eb\" \/>\n<meta property=\"article:publisher\" content=\"https:\/\/www.facebook.com\/koash1991\" \/>\n<meta property=\"article:published_time\" content=\"2013-03-22T10:40:54+00:00\" \/>\n<meta property=\"article:modified_time\" content=\"2020-04-06T20:05:47+00:00\" \/>\n<meta property=\"og:image\" content=\"https:\/\/lh4.googleusercontent.com\/-_PSKjrwLLo4\/VBF8aRbU4wI\/AAAAAAAADF4\/xsU3RBHifNQ\/w200-h273-no\/unnamed.jpg\" \/>\n<meta name=\"author\" content=\"Kisha Orthodhokse\" \/>\n<meta name=\"twitter:card\" content=\"summary_large_image\" \/>\n<meta name=\"twitter:label1\" content=\"Written by\" \/>\n\t<meta name=\"twitter:data1\" content=\"Kisha Orthodhokse\" \/>\n\t<meta name=\"twitter:label2\" content=\"Est. reading time\" \/>\n\t<meta name=\"twitter:data2\" content=\"1 minute\" \/>\n<script type=\"application\/ld+json\" class=\"yoast-schema-graph\">{\"@context\":\"https:\/\/schema.org\",\"@graph\":[{\"@type\":\"Article\",\"@id\":\"https:\/\/orthodoxalbania.org\/2020\/2013\/03\/22\/gazeta-ngjallja-shkurt-2013\/#article\",\"isPartOf\":{\"@id\":\"https:\/\/orthodoxalbania.org\/2020\/2013\/03\/22\/gazeta-ngjallja-shkurt-2013\/\"},\"author\":{\"name\":\"Kisha Orthodhokse\",\"@id\":\"https:\/\/orthodoxalbania.org\/2020\/#\/schema\/person\/0c387634a7063ac612d7ed9ce71c7e86\"},\"headline\":\"Gazeta \u201cNgjallja\u201d- SHKURT 2013.\",\"datePublished\":\"2013-03-22T10:40:54+00:00\",\"dateModified\":\"2020-04-06T20:05:47+00:00\",\"mainEntityOfPage\":{\"@id\":\"https:\/\/orthodoxalbania.org\/2020\/2013\/03\/22\/gazeta-ngjallja-shkurt-2013\/\"},\"wordCount\":254,\"commentCount\":0,\"publisher\":{\"@id\":\"https:\/\/orthodoxalbania.org\/2020\/#organization\"},\"image\":{\"@id\":\"https:\/\/orthodoxalbania.org\/2020\/2013\/03\/22\/gazeta-ngjallja-shkurt-2013\/#primaryimage\"},\"thumbnailUrl\":\"https:\/\/lh4.googleusercontent.com\/-_PSKjrwLLo4\/VBF8aRbU4wI\/AAAAAAAADF4\/xsU3RBHifNQ\/w200-h273-no\/unnamed.jpg\",\"keywords\":[\"2013\",\"Kryepiskopata Tiran\u00eb\",\"lajme\"],\"articleSection\":[\"Lajme\"],\"inLanguage\":\"en-US\"},{\"@type\":\"WebPage\",\"@id\":\"https:\/\/orthodoxalbania.org\/2020\/2013\/03\/22\/gazeta-ngjallja-shkurt-2013\/\",\"url\":\"https:\/\/orthodoxalbania.org\/2020\/2013\/03\/22\/gazeta-ngjallja-shkurt-2013\/\",\"name\":\"Gazeta \u201cNgjallja\u201d- SHKURT 2013. - Kisha Orthodh\u03bfkse Autoqefale e Shqip\u00ebris\u00eb\",\"isPartOf\":{\"@id\":\"https:\/\/orthodoxalbania.org\/2020\/#website\"},\"primaryImageOfPage\":{\"@id\":\"https:\/\/orthodoxalbania.org\/2020\/2013\/03\/22\/gazeta-ngjallja-shkurt-2013\/#primaryimage\"},\"image\":{\"@id\":\"https:\/\/orthodoxalbania.org\/2020\/2013\/03\/22\/gazeta-ngjallja-shkurt-2013\/#primaryimage\"},\"thumbnailUrl\":\"https:\/\/lh4.googleusercontent.com\/-_PSKjrwLLo4\/VBF8aRbU4wI\/AAAAAAAADF4\/xsU3RBHifNQ\/w200-h273-no\/unnamed.jpg\",\"datePublished\":\"2013-03-22T10:40:54+00:00\",\"dateModified\":\"2020-04-06T20:05:47+00:00\",\"breadcrumb\":{\"@id\":\"https:\/\/orthodoxalbania.org\/2020\/2013\/03\/22\/gazeta-ngjallja-shkurt-2013\/#breadcrumb\"},\"inLanguage\":\"en-US\",\"potentialAction\":[{\"@type\":\"ReadAction\",\"target\":[\"https:\/\/orthodoxalbania.org\/2020\/2013\/03\/22\/gazeta-ngjallja-shkurt-2013\/\"]}]},{\"@type\":\"ImageObject\",\"inLanguage\":\"en-US\",\"@id\":\"https:\/\/orthodoxalbania.org\/2020\/2013\/03\/22\/gazeta-ngjallja-shkurt-2013\/#primaryimage\",\"url\":\"https:\/\/lh4.googleusercontent.com\/-_PSKjrwLLo4\/VBF8aRbU4wI\/AAAAAAAADF4\/xsU3RBHifNQ\/w200-h273-no\/unnamed.jpg\",\"contentUrl\":\"https:\/\/lh4.googleusercontent.com\/-_PSKjrwLLo4\/VBF8aRbU4wI\/AAAAAAAADF4\/xsU3RBHifNQ\/w200-h273-no\/unnamed.jpg\"},{\"@type\":\"BreadcrumbList\",\"@id\":\"https:\/\/orthodoxalbania.org\/2020\/2013\/03\/22\/gazeta-ngjallja-shkurt-2013\/#breadcrumb\",\"itemListElement\":[{\"@type\":\"ListItem\",\"position\":1,\"name\":\"Home\",\"item\":\"https:\/\/orthodoxalbania.org\/2020\/\"},{\"@type\":\"ListItem\",\"position\":2,\"name\":\"Gazeta \u201cNgjallja\u201d- SHKURT 2013.\"}]},{\"@type\":\"WebSite\",\"@id\":\"https:\/\/orthodoxalbania.org\/2020\/#website\",\"url\":\"https:\/\/orthodoxalbania.org\/2020\/\",\"name\":\"Kisha Orthodh\u03bfkse Autoqefale e Shqip\u00ebris\u00eb\",\"description\":\"Fqja Zyrtare e Kish\u00ebs Orthodhokse Autoqefale e Shqip\u00ebris\u00eb me lajmet edhe informacionet zyrtare p\u00ebr struktur\u00ebn edhe veprimtarin e saj.\",\"publisher\":{\"@id\":\"https:\/\/orthodoxalbania.org\/2020\/#organization\"},\"potentialAction\":[{\"@type\":\"SearchAction\",\"target\":{\"@type\":\"EntryPoint\",\"urlTemplate\":\"https:\/\/orthodoxalbania.org\/2020\/?s={search_term_string}\"},\"query-input\":{\"@type\":\"PropertyValueSpecification\",\"valueRequired\":true,\"valueName\":\"search_term_string\"}}],\"inLanguage\":\"en-US\"},{\"@type\":\"Organization\",\"@id\":\"https:\/\/orthodoxalbania.org\/2020\/#organization\",\"name\":\"Kisha Orthodhokse Autoqefale e Shqip\u00ebris\u00eb\",\"url\":\"https:\/\/orthodoxalbania.org\/2020\/\",\"logo\":{\"@type\":\"ImageObject\",\"inLanguage\":\"en-US\",\"@id\":\"https:\/\/orthodoxalbania.org\/2020\/#\/schema\/logo\/image\/\",\"url\":\"https:\/\/orthodoxalbania.org\/2020\/wp-content\/uploads\/2020\/05\/albania.jpeg\",\"contentUrl\":\"https:\/\/orthodoxalbania.org\/2020\/wp-content\/uploads\/2020\/05\/albania.jpeg\",\"width\":540,\"height\":540,\"caption\":\"Kisha Orthodhokse Autoqefale e Shqip\u00ebris\u00eb\"},\"image\":{\"@id\":\"https:\/\/orthodoxalbania.org\/2020\/#\/schema\/logo\/image\/\"},\"sameAs\":[\"https:\/\/www.facebook.com\/koash1991\"]},{\"@type\":\"Person\",\"@id\":\"https:\/\/orthodoxalbania.org\/2020\/#\/schema\/person\/0c387634a7063ac612d7ed9ce71c7e86\",\"name\":\"Kisha Orthodhokse\",\"image\":{\"@type\":\"ImageObject\",\"inLanguage\":\"en-US\",\"@id\":\"https:\/\/secure.gravatar.com\/avatar\/596e7c417251e30f2fbb9c00e026fce61a695a00e51c889caded71c96cbbdde5?s=96&d=mm&r=g\",\"url\":\"https:\/\/secure.gravatar.com\/avatar\/596e7c417251e30f2fbb9c00e026fce61a695a00e51c889caded71c96cbbdde5?s=96&d=mm&r=g\",\"contentUrl\":\"https:\/\/secure.gravatar.com\/avatar\/596e7c417251e30f2fbb9c00e026fce61a695a00e51c889caded71c96cbbdde5?s=96&d=mm&r=g\",\"caption\":\"Kisha Orthodhokse\"}}]}<\/script>\n<!-- \/ Yoast SEO plugin. -->","yoast_head_json":{"title":"Gazeta \u201cNgjallja\u201d- SHKURT 2013. - Kisha Orthodh\u03bfkse Autoqefale e Shqip\u00ebris\u00eb","robots":{"index":"index","follow":"follow","max-snippet":"max-snippet:-1","max-image-preview":"max-image-preview:large","max-video-preview":"max-video-preview:-1"},"canonical":"https:\/\/orthodoxalbania.org\/2020\/2013\/03\/22\/gazeta-ngjallja-shkurt-2013\/","og_locale":"en_US","og_type":"article","og_title":"Gazeta \u201cNgjallja\u201d- SHKURT 2013. - Kisha Orthodh\u03bfkse Autoqefale e Shqip\u00ebris\u00eb","og_description":"&nbsp; Doli n\u00eb qarkullim nr. i ri i gazet\u00ebs \u201cNgjallja\u201d- SHKURT 2013. N\u00eb k\u00ebt\u00eb num\u00ebr do t\u00eb njiheni: &#8211; D\u00ebmtohet kryqi i vendosur aty ku m\u00eb par\u00eb ndodhej kisha orthodhokse, n\u00eb Fikas t\u00eb Elbasanit &#8211; nga klerik\u00ebt dhe besimtar\u00ebt orthodhoks\u00eb t\u00eb Elbasanit. &#8211; Nuk kam d\u00ebgjuar p\u00ebr asnj\u00eb orthodhoks q\u00eb t\u00eb ket\u00eb shkruar ose t\u00eb ket\u00eb sulmuar ndonj\u00eb komunitet fetar tjet\u00ebr&#8230; &#8211; nga Kryepiskopi Anastas.","og_url":"https:\/\/orthodoxalbania.org\/2020\/2013\/03\/22\/gazeta-ngjallja-shkurt-2013\/","og_site_name":"Kisha Orthodh\u03bfkse Autoqefale e Shqip\u00ebris\u00eb","article_publisher":"https:\/\/www.facebook.com\/koash1991","article_published_time":"2013-03-22T10:40:54+00:00","article_modified_time":"2020-04-06T20:05:47+00:00","og_image":[{"url":"https:\/\/lh4.googleusercontent.com\/-_PSKjrwLLo4\/VBF8aRbU4wI\/AAAAAAAADF4\/xsU3RBHifNQ\/w200-h273-no\/unnamed.jpg","type":"","width":"","height":""}],"author":"Kisha Orthodhokse","twitter_card":"summary_large_image","twitter_misc":{"Written by":"Kisha Orthodhokse","Est. reading time":"1 minute"},"schema":{"@context":"https:\/\/schema.org","@graph":[{"@type":"Article","@id":"https:\/\/orthodoxalbania.org\/2020\/2013\/03\/22\/gazeta-ngjallja-shkurt-2013\/#article","isPartOf":{"@id":"https:\/\/orthodoxalbania.org\/2020\/2013\/03\/22\/gazeta-ngjallja-shkurt-2013\/"},"author":{"name":"Kisha Orthodhokse","@id":"https:\/\/orthodoxalbania.org\/2020\/#\/schema\/person\/0c387634a7063ac612d7ed9ce71c7e86"},"headline":"Gazeta \u201cNgjallja\u201d- SHKURT 2013.","datePublished":"2013-03-22T10:40:54+00:00","dateModified":"2020-04-06T20:05:47+00:00","mainEntityOfPage":{"@id":"https:\/\/orthodoxalbania.org\/2020\/2013\/03\/22\/gazeta-ngjallja-shkurt-2013\/"},"wordCount":254,"commentCount":0,"publisher":{"@id":"https:\/\/orthodoxalbania.org\/2020\/#organization"},"image":{"@id":"https:\/\/orthodoxalbania.org\/2020\/2013\/03\/22\/gazeta-ngjallja-shkurt-2013\/#primaryimage"},"thumbnailUrl":"https:\/\/lh4.googleusercontent.com\/-_PSKjrwLLo4\/VBF8aRbU4wI\/AAAAAAAADF4\/xsU3RBHifNQ\/w200-h273-no\/unnamed.jpg","keywords":["2013","Kryepiskopata Tiran\u00eb","lajme"],"articleSection":["Lajme"],"inLanguage":"en-US"},{"@type":"WebPage","@id":"https:\/\/orthodoxalbania.org\/2020\/2013\/03\/22\/gazeta-ngjallja-shkurt-2013\/","url":"https:\/\/orthodoxalbania.org\/2020\/2013\/03\/22\/gazeta-ngjallja-shkurt-2013\/","name":"Gazeta \u201cNgjallja\u201d- SHKURT 2013. - Kisha Orthodh\u03bfkse Autoqefale e Shqip\u00ebris\u00eb","isPartOf":{"@id":"https:\/\/orthodoxalbania.org\/2020\/#website"},"primaryImageOfPage":{"@id":"https:\/\/orthodoxalbania.org\/2020\/2013\/03\/22\/gazeta-ngjallja-shkurt-2013\/#primaryimage"},"image":{"@id":"https:\/\/orthodoxalbania.org\/2020\/2013\/03\/22\/gazeta-ngjallja-shkurt-2013\/#primaryimage"},"thumbnailUrl":"https:\/\/lh4.googleusercontent.com\/-_PSKjrwLLo4\/VBF8aRbU4wI\/AAAAAAAADF4\/xsU3RBHifNQ\/w200-h273-no\/unnamed.jpg","datePublished":"2013-03-22T10:40:54+00:00","dateModified":"2020-04-06T20:05:47+00:00","breadcrumb":{"@id":"https:\/\/orthodoxalbania.org\/2020\/2013\/03\/22\/gazeta-ngjallja-shkurt-2013\/#breadcrumb"},"inLanguage":"en-US","potentialAction":[{"@type":"ReadAction","target":["https:\/\/orthodoxalbania.org\/2020\/2013\/03\/22\/gazeta-ngjallja-shkurt-2013\/"]}]},{"@type":"ImageObject","inLanguage":"en-US","@id":"https:\/\/orthodoxalbania.org\/2020\/2013\/03\/22\/gazeta-ngjallja-shkurt-2013\/#primaryimage","url":"https:\/\/lh4.googleusercontent.com\/-_PSKjrwLLo4\/VBF8aRbU4wI\/AAAAAAAADF4\/xsU3RBHifNQ\/w200-h273-no\/unnamed.jpg","contentUrl":"https:\/\/lh4.googleusercontent.com\/-_PSKjrwLLo4\/VBF8aRbU4wI\/AAAAAAAADF4\/xsU3RBHifNQ\/w200-h273-no\/unnamed.jpg"},{"@type":"BreadcrumbList","@id":"https:\/\/orthodoxalbania.org\/2020\/2013\/03\/22\/gazeta-ngjallja-shkurt-2013\/#breadcrumb","itemListElement":[{"@type":"ListItem","position":1,"name":"Home","item":"https:\/\/orthodoxalbania.org\/2020\/"},{"@type":"ListItem","position":2,"name":"Gazeta \u201cNgjallja\u201d- SHKURT 2013."}]},{"@type":"WebSite","@id":"https:\/\/orthodoxalbania.org\/2020\/#website","url":"https:\/\/orthodoxalbania.org\/2020\/","name":"Kisha Orthodh\u03bfkse Autoqefale e Shqip\u00ebris\u00eb","description":"Fqja Zyrtare e Kish\u00ebs Orthodhokse Autoqefale e Shqip\u00ebris\u00eb me lajmet edhe informacionet zyrtare p\u00ebr struktur\u00ebn edhe veprimtarin e saj.","publisher":{"@id":"https:\/\/orthodoxalbania.org\/2020\/#organization"},"potentialAction":[{"@type":"SearchAction","target":{"@type":"EntryPoint","urlTemplate":"https:\/\/orthodoxalbania.org\/2020\/?s={search_term_string}"},"query-input":{"@type":"PropertyValueSpecification","valueRequired":true,"valueName":"search_term_string"}}],"inLanguage":"en-US"},{"@type":"Organization","@id":"https:\/\/orthodoxalbania.org\/2020\/#organization","name":"Kisha Orthodhokse Autoqefale e Shqip\u00ebris\u00eb","url":"https:\/\/orthodoxalbania.org\/2020\/","logo":{"@type":"ImageObject","inLanguage":"en-US","@id":"https:\/\/orthodoxalbania.org\/2020\/#\/schema\/logo\/image\/","url":"https:\/\/orthodoxalbania.org\/2020\/wp-content\/uploads\/2020\/05\/albania.jpeg","contentUrl":"https:\/\/orthodoxalbania.org\/2020\/wp-content\/uploads\/2020\/05\/albania.jpeg","width":540,"height":540,"caption":"Kisha Orthodhokse Autoqefale e Shqip\u00ebris\u00eb"},"image":{"@id":"https:\/\/orthodoxalbania.org\/2020\/#\/schema\/logo\/image\/"},"sameAs":["https:\/\/www.facebook.com\/koash1991"]},{"@type":"Person","@id":"https:\/\/orthodoxalbania.org\/2020\/#\/schema\/person\/0c387634a7063ac612d7ed9ce71c7e86","name":"Kisha Orthodhokse","image":{"@type":"ImageObject","inLanguage":"en-US","@id":"https:\/\/secure.gravatar.com\/avatar\/596e7c417251e30f2fbb9c00e026fce61a695a00e51c889caded71c96cbbdde5?s=96&d=mm&r=g","url":"https:\/\/secure.gravatar.com\/avatar\/596e7c417251e30f2fbb9c00e026fce61a695a00e51c889caded71c96cbbdde5?s=96&d=mm&r=g","contentUrl":"https:\/\/secure.gravatar.com\/avatar\/596e7c417251e30f2fbb9c00e026fce61a695a00e51c889caded71c96cbbdde5?s=96&d=mm&r=g","caption":"Kisha Orthodhokse"}}]}},"_links":{"self":[{"href":"https:\/\/orthodoxalbania.org\/2020\/wp-json\/wp\/v2\/posts\/596","targetHints":{"allow":["GET"]}}],"collection":[{"href":"https:\/\/orthodoxalbania.org\/2020\/wp-json\/wp\/v2\/posts"}],"about":[{"href":"https:\/\/orthodoxalbania.org\/2020\/wp-json\/wp\/v2\/types\/post"}],"author":[{"embeddable":true,"href":"https:\/\/orthodoxalbania.org\/2020\/wp-json\/wp\/v2\/users\/1"}],"replies":[{"embeddable":true,"href":"https:\/\/orthodoxalbania.org\/2020\/wp-json\/wp\/v2\/comments?post=596"}],"version-history":[{"count":1,"href":"https:\/\/orthodoxalbania.org\/2020\/wp-json\/wp\/v2\/posts\/596\/revisions"}],"predecessor-version":[{"id":15241,"href":"https:\/\/orthodoxalbania.org\/2020\/wp-json\/wp\/v2\/posts\/596\/revisions\/15241"}],"wp:attachment":[{"href":"https:\/\/orthodoxalbania.org\/2020\/wp-json\/wp\/v2\/media?parent=596"}],"wp:term":[{"taxonomy":"category","embeddable":true,"href":"https:\/\/orthodoxalbania.org\/2020\/wp-json\/wp\/v2\/categories?post=596"},{"taxonomy":"post_tag","embeddable":true,"href":"https:\/\/orthodoxalbania.org\/2020\/wp-json\/wp\/v2\/tags?post=596"}],"curies":[{"name":"wp","href":"https:\/\/api.w.org\/{rel}","templated":true}]}}