{"id":59563,"date":"2022-05-13T13:48:34","date_gmt":"2022-05-13T11:48:34","guid":{"rendered":"https:\/\/orthodoxalbania.org\/2020\/?p=59563"},"modified":"2022-05-13T13:50:19","modified_gmt":"2022-05-13T11:50:19","slug":"inaccurate-claim-regarding-the-statements-of-archbishop-anastasios","status":"publish","type":"post","link":"https:\/\/orthodoxalbania.org\/2020\/en\/2022\/05\/13\/inaccurate-claim-regarding-the-statements-of-archbishop-anastasios\/","title":{"rendered":"Inaccurate claim regarding the statements of Archbishop Anastasios.\u00a0"},"content":{"rendered":"<h4><\/h4>\n<h4 style=\"text-align: center;\"><strong>Inaccurate claim regarding the statements of Archbishop Anastasios.\u00a0<\/strong><\/h4>\n<p style=\"text-align: justify;\">The phrase that Archbishop Anastasios, Archdeacon Chryssavgis\u2019 teacher and mentor, avoided to mention or to name Russia in regards to his statements on the war in Ukraine is not accurate.<\/p>\n<p style=\"text-align: justify;\">On March 13<sup>th<\/sup> he declared during his homily at the Resurrection of Christ Cathedral in Tirana, \u201cWe intensify our call for the immediate cessation of Russia\u2019s fratricidal war against Ukraine, for the treatment of the wounded, for the relief of refugees, and for the avoidance of further escalations of hostilities\u201d (<div class=\"oa-video-wrapper oa-facebook-wrapper\" style=\"max-width: 100%;\">\n                    <div class=\"oa-video-responsive oa-facebook-responsive\">\n                        <iframe \n                            src=\"https:\/\/www.facebook.com\/plugins\/video.php?href=https%3A%2F%2Ffb.watch%2FcYJ0Xfa6lY%2F&#038;show_text=false\" \n                            style=\"border:none;overflow:hidden\" \n                            scrolling=\"no\" \n                            frameborder=\"0\" \n                            allowfullscreen=\"true\" \n                            allow=\"autoplay; clipboard-write; encrypted-media; picture-in-picture; web-share\"\n                            loading=\"lazy\"\n                            title=\"Facebook Video\">\n                        <\/iframe>\n                    <\/div>\n                <\/div>).<\/p>\n<p style=\"text-align: justify;\">Furthermore, in his Paschal message of 2022 he notes \u201cIn the course of these days, when pain, grief, and confusion, brought about by the fratricidal war of Russia against Ukraine, are overwhelming our thoughts and souls, referring to love may be seen as strange\u201d (<a href=\"https:\/\/orthodoxalbania.org\/2020\/el\/2022\/04\/21\/\u03b1\u03bd\u03ac\u03c3\u03c4\u03b1\u03c3\u03b7-\u03b7-\u03b1\u03b3\u03ac\u03c0\u03b7-\u03c4\u03b5\u03bb\u03b9\u03ba\u03ac-\u03b8\u03b1-\u03bd\u03b9\u03ba\u03ae\u03c3\u03b5\u03b9-\u03c4\/\">https:\/\/orthodoxalbania.org\/2020\/el\/2022\/04\/21\/\u03b1\u03bd\u03ac\u03c3\u03c4\u03b1\u03c3\u03b7-\u03b7-\u03b1\u03b3\u03ac\u03c0\u03b7-\u03c4\u03b5\u03bb\u03b9\u03ba\u03ac-\u03b8\u03b1-\u03bd\u03b9\u03ba\u03ae\u03c3\u03b5\u03b9-\u03c4\/<\/a>).<\/p>\n<p style=\"text-align: justify;\">Moreover within the Peace Petitions of our services the clergy have been instructed to add these petitions \u201cWe pray for the immediate cessation of the fratricidal war of Russia against Ukraine\u2026\u201d<\/p>\n<p>&nbsp;<\/p>\n<p style=\"text-align: right;\"><em>Office of Archbishop,<br \/>\n<\/em><em>Tirana <\/em><em>13.05.2022<\/em><\/p>\n","protected":false},"excerpt":{"rendered":"<p>Inaccurate claim regarding the statements of Archbishop Anastasios.\u00a0 The phrase that Archbishop Anastasios, Archdeacon Chryssavgis\u2019 teacher and mentor, avoided to mention or to name Russia in regards to his statements on the war in Ukraine is not accurate. On March 13th he declared during his homily at the Resurrection of Christ Cathedral in Tirana, \u201cWe intensify our call for the immediate cessation of Russia\u2019s fratricidal<\/p>\n","protected":false},"author":7,"featured_media":59565,"comment_status":"closed","ping_status":"closed","sticky":false,"template":"","format":"standard","meta":{"_acf_changed":false,"pagelayer_contact_templates":[],"_pagelayer_content":"","inline_featured_image":false,"fifu_image_url":"https:\/\/live.staticflickr.com\/65535\/52070807710_283a273d0b_b.jpg","fifu_image_alt":"","footnotes":""},"categories":[524,1455],"tags":[2857,210],"class_list":["post-59563","post","type-post","status-publish","format-standard","has-post-thumbnail","hentry","category-news","category-news-en","tag-2022-en","tag-news"],"acf":[],"yoast_head":"<!-- This site is optimized with the Yoast SEO plugin v27.2 - https:\/\/yoast.com\/product\/yoast-seo-wordpress\/ -->\n<title>Inaccurate claim regarding the statements of Archbishop Anastasios.\u00a0 - Kisha Orthodh\u03bfkse Autoqefale e Shqip\u00ebris\u00eb<\/title>\n<meta name=\"robots\" content=\"index, follow, max-snippet:-1, max-image-preview:large, max-video-preview:-1\" \/>\n<link rel=\"canonical\" href=\"https:\/\/orthodoxalbania.org\/2020\/en\/2022\/05\/13\/inaccurate-claim-regarding-the-statements-of-archbishop-anastasios\/\" \/>\n<meta property=\"og:locale\" content=\"en_US\" \/>\n<meta property=\"og:type\" content=\"article\" \/>\n<meta property=\"og:title\" content=\"Inaccurate claim regarding the statements of Archbishop Anastasios.\u00a0 - Kisha Orthodh\u03bfkse Autoqefale e Shqip\u00ebris\u00eb\" \/>\n<meta property=\"og:description\" content=\"Inaccurate claim regarding the statements of Archbishop Anastasios.\u00a0 The phrase that Archbishop Anastasios, Archdeacon Chryssavgis\u2019 teacher and mentor, avoided to mention or to name Russia in regards to his statements on the war in Ukraine is not accurate. On March 13th he declared during his homily at the Resurrection of Christ Cathedral in Tirana, \u201cWe intensify our call for the immediate cessation of Russia\u2019s fratricidal\" \/>\n<meta property=\"og:url\" content=\"https:\/\/orthodoxalbania.org\/2020\/en\/2022\/05\/13\/inaccurate-claim-regarding-the-statements-of-archbishop-anastasios\/\" \/>\n<meta property=\"og:site_name\" content=\"Kisha Orthodh\u03bfkse Autoqefale e Shqip\u00ebris\u00eb\" \/>\n<meta property=\"article:publisher\" content=\"https:\/\/www.facebook.com\/koash1991\" \/>\n<meta property=\"article:published_time\" content=\"2022-05-13T11:48:34+00:00\" \/>\n<meta property=\"article:modified_time\" content=\"2022-05-13T11:50:19+00:00\" \/>\n<meta property=\"og:image\" content=\"https:\/\/live.staticflickr.com\/65535\/52070807710_283a273d0b_b.jpg\" \/>\n<meta name=\"author\" content=\"Kisha Orthodhokse\" \/>\n<meta name=\"twitter:card\" content=\"summary_large_image\" \/>\n<meta name=\"twitter:image\" content=\"https:\/\/live.staticflickr.com\/65535\/52070807710_283a273d0b_b.jpg\" \/>\n<meta name=\"twitter:label1\" content=\"Written by\" \/>\n\t<meta name=\"twitter:data1\" content=\"Kisha Orthodhokse\" \/>\n\t<meta name=\"twitter:label2\" content=\"Est. reading time\" \/>\n\t<meta name=\"twitter:data2\" content=\"1 minute\" \/>\n<script type=\"application\/ld+json\" class=\"yoast-schema-graph\">{\"@context\":\"https:\/\/schema.org\",\"@graph\":[{\"@type\":\"Article\",\"@id\":\"https:\/\/orthodoxalbania.org\/2020\/en\/2022\/05\/13\/inaccurate-claim-regarding-the-statements-of-archbishop-anastasios\/#article\",\"isPartOf\":{\"@id\":\"https:\/\/orthodoxalbania.org\/2020\/en\/2022\/05\/13\/inaccurate-claim-regarding-the-statements-of-archbishop-anastasios\/\"},\"author\":{\"name\":\"Kisha Orthodhokse\",\"@id\":\"https:\/\/orthodoxalbania.org\/2020\/#\/schema\/person\/df745f942b70e045b3dc05a30211f0de\"},\"headline\":\"Inaccurate claim regarding the statements of Archbishop Anastasios.\u00a0\",\"datePublished\":\"2022-05-13T11:48:34+00:00\",\"dateModified\":\"2022-05-13T11:50:19+00:00\",\"mainEntityOfPage\":{\"@id\":\"https:\/\/orthodoxalbania.org\/2020\/en\/2022\/05\/13\/inaccurate-claim-regarding-the-statements-of-archbishop-anastasios\/\"},\"wordCount\":192,\"publisher\":{\"@id\":\"https:\/\/orthodoxalbania.org\/2020\/#organization\"},\"image\":{\"@id\":\"https:\/\/orthodoxalbania.org\/2020\/en\/2022\/05\/13\/inaccurate-claim-regarding-the-statements-of-archbishop-anastasios\/#primaryimage\"},\"thumbnailUrl\":\"https:\/\/live.staticflickr.com\/65535\/52070807710_283a273d0b_b.jpg\",\"keywords\":[\"2022\",\"news,\"],\"articleSection\":[\"News\",\"News - \u0395\u039d\"],\"inLanguage\":\"en-US\"},{\"@type\":\"WebPage\",\"@id\":\"https:\/\/orthodoxalbania.org\/2020\/en\/2022\/05\/13\/inaccurate-claim-regarding-the-statements-of-archbishop-anastasios\/\",\"url\":\"https:\/\/orthodoxalbania.org\/2020\/en\/2022\/05\/13\/inaccurate-claim-regarding-the-statements-of-archbishop-anastasios\/\",\"name\":\"Inaccurate claim regarding the statements of Archbishop Anastasios.\u00a0 - Kisha Orthodh\u03bfkse Autoqefale e Shqip\u00ebris\u00eb\",\"isPartOf\":{\"@id\":\"https:\/\/orthodoxalbania.org\/2020\/#website\"},\"primaryImageOfPage\":{\"@id\":\"https:\/\/orthodoxalbania.org\/2020\/en\/2022\/05\/13\/inaccurate-claim-regarding-the-statements-of-archbishop-anastasios\/#primaryimage\"},\"image\":{\"@id\":\"https:\/\/orthodoxalbania.org\/2020\/en\/2022\/05\/13\/inaccurate-claim-regarding-the-statements-of-archbishop-anastasios\/#primaryimage\"},\"thumbnailUrl\":\"https:\/\/live.staticflickr.com\/65535\/52070807710_283a273d0b_b.jpg\",\"datePublished\":\"2022-05-13T11:48:34+00:00\",\"dateModified\":\"2022-05-13T11:50:19+00:00\",\"breadcrumb\":{\"@id\":\"https:\/\/orthodoxalbania.org\/2020\/en\/2022\/05\/13\/inaccurate-claim-regarding-the-statements-of-archbishop-anastasios\/#breadcrumb\"},\"inLanguage\":\"en-US\",\"potentialAction\":[{\"@type\":\"ReadAction\",\"target\":[\"https:\/\/orthodoxalbania.org\/2020\/en\/2022\/05\/13\/inaccurate-claim-regarding-the-statements-of-archbishop-anastasios\/\"]}]},{\"@type\":\"ImageObject\",\"inLanguage\":\"en-US\",\"@id\":\"https:\/\/orthodoxalbania.org\/2020\/en\/2022\/05\/13\/inaccurate-claim-regarding-the-statements-of-archbishop-anastasios\/#primaryimage\",\"url\":\"https:\/\/live.staticflickr.com\/65535\/52070807710_283a273d0b_b.jpg\",\"contentUrl\":\"https:\/\/live.staticflickr.com\/65535\/52070807710_283a273d0b_b.jpg\",\"width\":\"606\",\"height\":\"449\"},{\"@type\":\"BreadcrumbList\",\"@id\":\"https:\/\/orthodoxalbania.org\/2020\/en\/2022\/05\/13\/inaccurate-claim-regarding-the-statements-of-archbishop-anastasios\/#breadcrumb\",\"itemListElement\":[{\"@type\":\"ListItem\",\"position\":1,\"name\":\"Home\",\"item\":\"https:\/\/orthodoxalbania.org\/2020\/\"},{\"@type\":\"ListItem\",\"position\":2,\"name\":\"Inaccurate claim regarding the statements of Archbishop Anastasios.\u00a0\"}]},{\"@type\":\"WebSite\",\"@id\":\"https:\/\/orthodoxalbania.org\/2020\/#website\",\"url\":\"https:\/\/orthodoxalbania.org\/2020\/\",\"name\":\"Kisha Orthodh\u03bfkse Autoqefale e Shqip\u00ebris\u00eb\",\"description\":\"Fqja Zyrtare e Kish\u00ebs Orthodhokse Autoqefale e Shqip\u00ebris\u00eb me lajmet edhe informacionet zyrtare p\u00ebr struktur\u00ebn edhe veprimtarin e saj.\",\"publisher\":{\"@id\":\"https:\/\/orthodoxalbania.org\/2020\/#organization\"},\"potentialAction\":[{\"@type\":\"SearchAction\",\"target\":{\"@type\":\"EntryPoint\",\"urlTemplate\":\"https:\/\/orthodoxalbania.org\/2020\/?s={search_term_string}\"},\"query-input\":{\"@type\":\"PropertyValueSpecification\",\"valueRequired\":true,\"valueName\":\"search_term_string\"}}],\"inLanguage\":\"en-US\"},{\"@type\":\"Organization\",\"@id\":\"https:\/\/orthodoxalbania.org\/2020\/#organization\",\"name\":\"Kisha Orthodhokse Autoqefale e Shqip\u00ebris\u00eb\",\"url\":\"https:\/\/orthodoxalbania.org\/2020\/\",\"logo\":{\"@type\":\"ImageObject\",\"inLanguage\":\"en-US\",\"@id\":\"https:\/\/orthodoxalbania.org\/2020\/#\/schema\/logo\/image\/\",\"url\":\"https:\/\/orthodoxalbania.org\/2020\/wp-content\/uploads\/2020\/05\/albania.jpeg\",\"contentUrl\":\"https:\/\/orthodoxalbania.org\/2020\/wp-content\/uploads\/2020\/05\/albania.jpeg\",\"width\":540,\"height\":540,\"caption\":\"Kisha Orthodhokse Autoqefale e Shqip\u00ebris\u00eb\"},\"image\":{\"@id\":\"https:\/\/orthodoxalbania.org\/2020\/#\/schema\/logo\/image\/\"},\"sameAs\":[\"https:\/\/www.facebook.com\/koash1991\"]},{\"@type\":\"Person\",\"@id\":\"https:\/\/orthodoxalbania.org\/2020\/#\/schema\/person\/df745f942b70e045b3dc05a30211f0de\",\"name\":\"Kisha Orthodhokse\",\"image\":{\"@type\":\"ImageObject\",\"inLanguage\":\"en-US\",\"@id\":\"https:\/\/secure.gravatar.com\/avatar\/2676eb8d97178435c9f691a7871595a1da6c33542dec218bce40885573150e28?s=96&d=mm&r=g\",\"url\":\"https:\/\/secure.gravatar.com\/avatar\/2676eb8d97178435c9f691a7871595a1da6c33542dec218bce40885573150e28?s=96&d=mm&r=g\",\"contentUrl\":\"https:\/\/secure.gravatar.com\/avatar\/2676eb8d97178435c9f691a7871595a1da6c33542dec218bce40885573150e28?s=96&d=mm&r=g\",\"caption\":\"Kisha Orthodhokse\"}}]}<\/script>\n<!-- \/ Yoast SEO plugin. -->","yoast_head_json":{"title":"Inaccurate claim regarding the statements of Archbishop Anastasios.\u00a0 - Kisha Orthodh\u03bfkse Autoqefale e Shqip\u00ebris\u00eb","robots":{"index":"index","follow":"follow","max-snippet":"max-snippet:-1","max-image-preview":"max-image-preview:large","max-video-preview":"max-video-preview:-1"},"canonical":"https:\/\/orthodoxalbania.org\/2020\/en\/2022\/05\/13\/inaccurate-claim-regarding-the-statements-of-archbishop-anastasios\/","og_locale":"en_US","og_type":"article","og_title":"Inaccurate claim regarding the statements of Archbishop Anastasios.\u00a0 - Kisha Orthodh\u03bfkse Autoqefale e Shqip\u00ebris\u00eb","og_description":"Inaccurate claim regarding the statements of Archbishop Anastasios.\u00a0 The phrase that Archbishop Anastasios, Archdeacon Chryssavgis\u2019 teacher and mentor, avoided to mention or to name Russia in regards to his statements on the war in Ukraine is not accurate. On March 13th he declared during his homily at the Resurrection of Christ Cathedral in Tirana, \u201cWe intensify our call for the immediate cessation of Russia\u2019s fratricidal","og_url":"https:\/\/orthodoxalbania.org\/2020\/en\/2022\/05\/13\/inaccurate-claim-regarding-the-statements-of-archbishop-anastasios\/","og_site_name":"Kisha Orthodh\u03bfkse Autoqefale e Shqip\u00ebris\u00eb","article_publisher":"https:\/\/www.facebook.com\/koash1991","article_published_time":"2022-05-13T11:48:34+00:00","article_modified_time":"2022-05-13T11:50:19+00:00","og_image":[{"url":"https:\/\/live.staticflickr.com\/65535\/52070807710_283a273d0b_b.jpg","type":"","width":"","height":""}],"author":"Kisha Orthodhokse","twitter_card":"summary_large_image","twitter_image":"https:\/\/live.staticflickr.com\/65535\/52070807710_283a273d0b_b.jpg","twitter_misc":{"Written by":"Kisha Orthodhokse","Est. reading time":"1 minute"},"schema":{"@context":"https:\/\/schema.org","@graph":[{"@type":"Article","@id":"https:\/\/orthodoxalbania.org\/2020\/en\/2022\/05\/13\/inaccurate-claim-regarding-the-statements-of-archbishop-anastasios\/#article","isPartOf":{"@id":"https:\/\/orthodoxalbania.org\/2020\/en\/2022\/05\/13\/inaccurate-claim-regarding-the-statements-of-archbishop-anastasios\/"},"author":{"name":"Kisha Orthodhokse","@id":"https:\/\/orthodoxalbania.org\/2020\/#\/schema\/person\/df745f942b70e045b3dc05a30211f0de"},"headline":"Inaccurate claim regarding the statements of Archbishop Anastasios.\u00a0","datePublished":"2022-05-13T11:48:34+00:00","dateModified":"2022-05-13T11:50:19+00:00","mainEntityOfPage":{"@id":"https:\/\/orthodoxalbania.org\/2020\/en\/2022\/05\/13\/inaccurate-claim-regarding-the-statements-of-archbishop-anastasios\/"},"wordCount":192,"publisher":{"@id":"https:\/\/orthodoxalbania.org\/2020\/#organization"},"image":{"@id":"https:\/\/orthodoxalbania.org\/2020\/en\/2022\/05\/13\/inaccurate-claim-regarding-the-statements-of-archbishop-anastasios\/#primaryimage"},"thumbnailUrl":"https:\/\/live.staticflickr.com\/65535\/52070807710_283a273d0b_b.jpg","keywords":["2022","news,"],"articleSection":["News","News - \u0395\u039d"],"inLanguage":"en-US"},{"@type":"WebPage","@id":"https:\/\/orthodoxalbania.org\/2020\/en\/2022\/05\/13\/inaccurate-claim-regarding-the-statements-of-archbishop-anastasios\/","url":"https:\/\/orthodoxalbania.org\/2020\/en\/2022\/05\/13\/inaccurate-claim-regarding-the-statements-of-archbishop-anastasios\/","name":"Inaccurate claim regarding the statements of Archbishop Anastasios.\u00a0 - Kisha Orthodh\u03bfkse Autoqefale e Shqip\u00ebris\u00eb","isPartOf":{"@id":"https:\/\/orthodoxalbania.org\/2020\/#website"},"primaryImageOfPage":{"@id":"https:\/\/orthodoxalbania.org\/2020\/en\/2022\/05\/13\/inaccurate-claim-regarding-the-statements-of-archbishop-anastasios\/#primaryimage"},"image":{"@id":"https:\/\/orthodoxalbania.org\/2020\/en\/2022\/05\/13\/inaccurate-claim-regarding-the-statements-of-archbishop-anastasios\/#primaryimage"},"thumbnailUrl":"https:\/\/live.staticflickr.com\/65535\/52070807710_283a273d0b_b.jpg","datePublished":"2022-05-13T11:48:34+00:00","dateModified":"2022-05-13T11:50:19+00:00","breadcrumb":{"@id":"https:\/\/orthodoxalbania.org\/2020\/en\/2022\/05\/13\/inaccurate-claim-regarding-the-statements-of-archbishop-anastasios\/#breadcrumb"},"inLanguage":"en-US","potentialAction":[{"@type":"ReadAction","target":["https:\/\/orthodoxalbania.org\/2020\/en\/2022\/05\/13\/inaccurate-claim-regarding-the-statements-of-archbishop-anastasios\/"]}]},{"@type":"ImageObject","inLanguage":"en-US","@id":"https:\/\/orthodoxalbania.org\/2020\/en\/2022\/05\/13\/inaccurate-claim-regarding-the-statements-of-archbishop-anastasios\/#primaryimage","url":"https:\/\/live.staticflickr.com\/65535\/52070807710_283a273d0b_b.jpg","contentUrl":"https:\/\/live.staticflickr.com\/65535\/52070807710_283a273d0b_b.jpg","width":"606","height":"449"},{"@type":"BreadcrumbList","@id":"https:\/\/orthodoxalbania.org\/2020\/en\/2022\/05\/13\/inaccurate-claim-regarding-the-statements-of-archbishop-anastasios\/#breadcrumb","itemListElement":[{"@type":"ListItem","position":1,"name":"Home","item":"https:\/\/orthodoxalbania.org\/2020\/"},{"@type":"ListItem","position":2,"name":"Inaccurate claim regarding the statements of Archbishop Anastasios.\u00a0"}]},{"@type":"WebSite","@id":"https:\/\/orthodoxalbania.org\/2020\/#website","url":"https:\/\/orthodoxalbania.org\/2020\/","name":"Kisha Orthodh\u03bfkse Autoqefale e Shqip\u00ebris\u00eb","description":"Fqja Zyrtare e Kish\u00ebs Orthodhokse Autoqefale e Shqip\u00ebris\u00eb me lajmet edhe informacionet zyrtare p\u00ebr struktur\u00ebn edhe veprimtarin e saj.","publisher":{"@id":"https:\/\/orthodoxalbania.org\/2020\/#organization"},"potentialAction":[{"@type":"SearchAction","target":{"@type":"EntryPoint","urlTemplate":"https:\/\/orthodoxalbania.org\/2020\/?s={search_term_string}"},"query-input":{"@type":"PropertyValueSpecification","valueRequired":true,"valueName":"search_term_string"}}],"inLanguage":"en-US"},{"@type":"Organization","@id":"https:\/\/orthodoxalbania.org\/2020\/#organization","name":"Kisha Orthodhokse Autoqefale e Shqip\u00ebris\u00eb","url":"https:\/\/orthodoxalbania.org\/2020\/","logo":{"@type":"ImageObject","inLanguage":"en-US","@id":"https:\/\/orthodoxalbania.org\/2020\/#\/schema\/logo\/image\/","url":"https:\/\/orthodoxalbania.org\/2020\/wp-content\/uploads\/2020\/05\/albania.jpeg","contentUrl":"https:\/\/orthodoxalbania.org\/2020\/wp-content\/uploads\/2020\/05\/albania.jpeg","width":540,"height":540,"caption":"Kisha Orthodhokse Autoqefale e Shqip\u00ebris\u00eb"},"image":{"@id":"https:\/\/orthodoxalbania.org\/2020\/#\/schema\/logo\/image\/"},"sameAs":["https:\/\/www.facebook.com\/koash1991"]},{"@type":"Person","@id":"https:\/\/orthodoxalbania.org\/2020\/#\/schema\/person\/df745f942b70e045b3dc05a30211f0de","name":"Kisha Orthodhokse","image":{"@type":"ImageObject","inLanguage":"en-US","@id":"https:\/\/secure.gravatar.com\/avatar\/2676eb8d97178435c9f691a7871595a1da6c33542dec218bce40885573150e28?s=96&d=mm&r=g","url":"https:\/\/secure.gravatar.com\/avatar\/2676eb8d97178435c9f691a7871595a1da6c33542dec218bce40885573150e28?s=96&d=mm&r=g","contentUrl":"https:\/\/secure.gravatar.com\/avatar\/2676eb8d97178435c9f691a7871595a1da6c33542dec218bce40885573150e28?s=96&d=mm&r=g","caption":"Kisha Orthodhokse"}}]}},"_links":{"self":[{"href":"https:\/\/orthodoxalbania.org\/2020\/wp-json\/wp\/v2\/posts\/59563","targetHints":{"allow":["GET"]}}],"collection":[{"href":"https:\/\/orthodoxalbania.org\/2020\/wp-json\/wp\/v2\/posts"}],"about":[{"href":"https:\/\/orthodoxalbania.org\/2020\/wp-json\/wp\/v2\/types\/post"}],"author":[{"embeddable":true,"href":"https:\/\/orthodoxalbania.org\/2020\/wp-json\/wp\/v2\/users\/7"}],"replies":[{"embeddable":true,"href":"https:\/\/orthodoxalbania.org\/2020\/wp-json\/wp\/v2\/comments?post=59563"}],"version-history":[{"count":3,"href":"https:\/\/orthodoxalbania.org\/2020\/wp-json\/wp\/v2\/posts\/59563\/revisions"}],"predecessor-version":[{"id":59567,"href":"https:\/\/orthodoxalbania.org\/2020\/wp-json\/wp\/v2\/posts\/59563\/revisions\/59567"}],"wp:featuredmedia":[{"embeddable":true,"href":"https:\/\/orthodoxalbania.org\/2020\/wp-json\/wp\/v2\/media\/59565"}],"wp:attachment":[{"href":"https:\/\/orthodoxalbania.org\/2020\/wp-json\/wp\/v2\/media?parent=59563"}],"wp:term":[{"taxonomy":"category","embeddable":true,"href":"https:\/\/orthodoxalbania.org\/2020\/wp-json\/wp\/v2\/categories?post=59563"},{"taxonomy":"post_tag","embeddable":true,"href":"https:\/\/orthodoxalbania.org\/2020\/wp-json\/wp\/v2\/tags?post=59563"}],"curies":[{"name":"wp","href":"https:\/\/api.w.org\/{rel}","templated":true}]}}