{"id":595,"date":"2013-03-21T12:51:37","date_gmt":"2013-03-21T12:51:37","guid":{"rendered":""},"modified":"2020-04-06T22:05:49","modified_gmt":"2020-04-06T20:05:49","slug":"gazeta-ngjallja-janar-2013","status":"publish","type":"post","link":"https:\/\/orthodoxalbania.org\/2020\/2013\/03\/21\/gazeta-ngjallja-janar-2013\/","title":{"rendered":"Gazeta \u201cNgjallja\u201d &#8211; JANAR 2013."},"content":{"rendered":"<div style=\"text-align: justify;\">\n\t<span style=\"color:#000000;\"><span style=\"font-size: 12px;\"><span style=\"font-family: tahoma,geneva,sans-serif;\"><strong><img decoding=\"async\" class=\"lazyload HAa Eha\" height=\"290\" src=\"data:image\/svg+xml,%3Csvg%20xmlns%3D%27http%3A%2F%2Fwww.w3.org%2F2000%2Fsvg%27%20width%3D%27248%27%20height%3D%27290%27%20viewBox%3D%270%200%20248%20290%27%3E%3Crect%20width%3D%27248%27%20height%3D%27290%27%20fill-opacity%3D%220%22%2F%3E%3C%2Fsvg%3E\" data-orig-src=\"https:\/\/lh6.googleusercontent.com\/-sxJzBLkLAm4\/VMygvftGSWI\/AAAAAAAALKM\/1aMH3Z8do2k\/w436-h512-no\/Gazeta%2Bfoto.JPG\" style=\"border-width: 1px; border-style: solid; margin: 10px; float: left;\" width=\"248\" \/>&nbsp;&nbsp;&nbsp; <\/strong><\/span><\/span><\/span><span style=\"color:#b22222;\"><span style=\"font-size: 12px;\"><span style=\"font-family: tahoma,geneva,sans-serif;\"><strong>Doli n\u00eb qarkullim nr. i ri i gazet\u00ebs \u201cNgjallja\u201d- JANAR 2013. N\u00eb k\u00ebt\u00eb num\u00ebr do t\u00eb njiheni: <\/strong><\/span><\/span><\/span><\/p>\n<p>\t<span style=\"color:#000000;\"><span style=\"font-size: 12px;\"><span style=\"font-family: tahoma,geneva,sans-serif;\"> &#8211; \u201cKrishtlindje 2012\u201d, mesazhi i kryepiskopit Anastas.<\/span><\/span><\/span><\/div>\n<div style=\"text-align: justify;\">\n\t<br \/>\n\t<span style=\"color:#000000;\"><span style=\"font-size: 12px;\"><span style=\"font-family: tahoma,geneva,sans-serif;\">&#8211; Kremtim madh\u00ebshtor i Krishtlindjes dhe i Theofanis\u00eb n\u00eb Shqip\u00ebri.<\/span><\/span><\/span><\/div>\n<div style=\"text-align: justify;\">\n\t<br \/>\n\t<span style=\"color:#000000;\"><span style=\"font-size: 12px;\"><span style=\"font-family: tahoma,geneva,sans-serif;\">&#8211; Drek\u00eb me rastin e Krishtlindjeve e shtruar nga Presidenti i Republik\u00ebs, z. Bujar Nishani p\u00ebr p\u00ebrfaq\u00ebsuesit e komuniteteve fetare.<\/span><\/span><\/span><\/div>\n<div style=\"text-align: justify;\">\n\t<br \/>\n\t<span style=\"color:#000000;\"><span style=\"font-size: 12px;\"><span style=\"font-family: tahoma,geneva,sans-serif;\">&#8211; \u201cJisu Krishti, Drita e bot\u00ebs\u201d &#8211; nga Arkimandrit Kozma Sovjani.<\/span><\/span><\/span><\/div>\n<div style=\"text-align: justify;\">\n\t<br \/>\n\t<span style=\"color:#000000;\"><span style=\"font-size: 12px;\"><span style=\"font-family: tahoma,geneva,sans-serif;\">&#8211; \u201cP\u00ebrgjigje e klerik\u00ebve orthodhoks\u00eb t\u00eb Kryepiskopat\u00ebs s\u00eb Tiran\u00ebs ndaj shpifjeje t\u00eb koh\u00ebve t\u00eb fundit.\u201d<\/span><\/span><\/span><\/div>\n<div style=\"text-align: justify;\">\n\t<br \/>\n\t<span style=\"color:#000000;\"><span style=\"font-size: 12px;\"><span style=\"font-family: tahoma,geneva,sans-serif;\">&#8211; \u201cTendenciozitet q\u00eb deformon realitetin\u201d &#8211; gazeta \u201cShekulli\u201d etj. p\u00ebrshtatin shkrimet<br \/>\n\tme paragjykimet e tyre, duke keqinformuar publikun.<\/span><\/span><\/span><\/div>\n<div style=\"text-align: justify;\">\n\t<br \/>\n\t<span style=\"color:#000000;\"><span style=\"font-size: 12px;\"><span style=\"font-family: tahoma,geneva,sans-serif;\">&#8211; \u201cE drejta dhe e v\u00ebrteta jan\u00eb n\u00eb vetvete t\u00eb patjet\u00ebrsueshme dhe koha gjithmon\u00eb i evidenton\u201d &#8211; nga intelektual\u00ebt kor\u00e7ar\u00eb.<\/span><\/span><\/span><\/div>\n<div style=\"text-align: justify;\">\n\t<br \/>\n\t<span style=\"color:#000000;\"><span style=\"font-size: 12px;\"><span style=\"font-family: tahoma,geneva,sans-serif;\">&#8211; Reagime nga Dom Gjergj Meta dhe Tritan Shehu n\u00eb mbrojtje t\u00eb Kryepiskopit ndaj sulmeve t\u00eb AKZ. \u201cNuk mund t\u00eb heshtet kund\u00ebr pap\u00ebrgjegjshm\u00ebris\u00eb s\u00eb AKZ\u201d &#8211; nga Dom Gjergj Meta.<\/span><\/span><\/span><\/div>\n<div style=\"text-align: justify;\">\n\t<br \/>\n\t<span style=\"color:#000000;\"><span style=\"font-size: 12px;\"><span style=\"font-family: tahoma,geneva,sans-serif;\">&#8211; \u201cVidhen dhe d\u00ebmtohen r\u00ebnd\u00eb pjes\u00eb nga afresku i Onufrit n\u00eb kish\u00ebn e Sh\u00ebn e Premtes<br \/>\n\tn\u00eb Valsh t\u00eb Elbasanit\u201d &#8211; nga ing. Gentian Stratob\u00ebrdha.<\/span><\/span><\/span><\/div>\n<div style=\"text-align: justify;\">\n\t<br \/>\n\t<span style=\"color:#000000;\"><span style=\"font-size: 12px;\"><span style=\"font-family: tahoma,geneva,sans-serif;\">&#8211; \u201c\u00c7far\u00eb duhet t\u00eb presim m\u00eb shum\u00eb!\u201d<\/span><\/span><\/span><\/div>\n<div style=\"text-align: justify;\">\n\t<br \/>\n\t<span style=\"color:#000000;\"><span style=\"font-size: 12px;\"><span style=\"font-family: tahoma,geneva,sans-serif;\">&#8211; \u201c \u2018Onufri\u2019, krimi m\u00eb i madh n\u00eb histori\u201d &#8211; nga Prof. Dr. Aleksand\u00ebr Meksi<\/span><\/span><\/span><\/div>\n<div style=\"text-align: justify;\">\n\t<br \/>\n\t<span style=\"color:#000000;\"><span style=\"font-size: 12px;\"><span style=\"font-family: tahoma,geneva,sans-serif;\">&#8211; \u201cPromovimi i botimit faksimile t\u00eb kodikut nj\u00ebmij\u00ebvje\u00e7ar.\u201d<\/span><\/span><\/span><br \/>\n\t&nbsp;<\/div>\n","protected":false},"excerpt":{"rendered":"<p>&nbsp;&nbsp;&nbsp; Doli n\u00eb qarkullim nr. i ri i gazet\u00ebs \u201cNgjallja\u201d- JANAR 2013. N\u00eb k\u00ebt\u00eb num\u00ebr do t\u00eb njiheni: &#8211; \u201cKrishtlindje 2012\u201d, mesazhi i kryepiskopit Anastas. &#8211; Kremtim madh\u00ebshtor i Krishtlindjes dhe i Theofanis\u00eb n\u00eb Shqip\u00ebri. &#8211; Drek\u00eb me rastin e Krishtlindjeve e shtruar nga Presidenti i Republik\u00ebs, z. Bujar Nishani p\u00ebr p\u00ebrfaq\u00ebsuesit e komuniteteve fetare. &#8211; \u201cJisu Krishti, Drita e bot\u00ebs\u201d &#8211; nga Arkimandrit Kozma<\/p>\n","protected":false},"author":1,"featured_media":0,"comment_status":"open","ping_status":"open","sticky":false,"template":"","format":"standard","meta":{"_acf_changed":false,"pagelayer_contact_templates":[],"_pagelayer_content":"","inline_featured_image":false,"fifu_image_url":"","fifu_image_alt":"","footnotes":""},"categories":[108],"tags":[141,196,212],"class_list":["post-595","post","type-post","status-publish","format-standard","hentry","category-lajme","tag-141","tag-tirane","tag-lajme-d27"],"acf":[],"yoast_head":"<!-- This site is optimized with the Yoast SEO plugin v27.2 - https:\/\/yoast.com\/product\/yoast-seo-wordpress\/ -->\n<title>Gazeta \u201cNgjallja\u201d - JANAR 2013. - Kisha Orthodh\u03bfkse Autoqefale e Shqip\u00ebris\u00eb<\/title>\n<meta name=\"robots\" content=\"index, follow, max-snippet:-1, max-image-preview:large, max-video-preview:-1\" \/>\n<link rel=\"canonical\" href=\"https:\/\/orthodoxalbania.org\/2020\/2013\/03\/21\/gazeta-ngjallja-janar-2013\/\" \/>\n<meta property=\"og:locale\" content=\"en_US\" \/>\n<meta property=\"og:type\" content=\"article\" \/>\n<meta property=\"og:title\" content=\"Gazeta \u201cNgjallja\u201d - JANAR 2013. - Kisha Orthodh\u03bfkse Autoqefale e Shqip\u00ebris\u00eb\" \/>\n<meta property=\"og:description\" content=\"&nbsp;&nbsp;&nbsp; Doli n\u00eb qarkullim nr. i ri i gazet\u00ebs \u201cNgjallja\u201d- JANAR 2013. N\u00eb k\u00ebt\u00eb num\u00ebr do t\u00eb njiheni: &#8211; \u201cKrishtlindje 2012\u201d, mesazhi i kryepiskopit Anastas. &#8211; Kremtim madh\u00ebshtor i Krishtlindjes dhe i Theofanis\u00eb n\u00eb Shqip\u00ebri. &#8211; Drek\u00eb me rastin e Krishtlindjeve e shtruar nga Presidenti i Republik\u00ebs, z. Bujar Nishani p\u00ebr p\u00ebrfaq\u00ebsuesit e komuniteteve fetare. &#8211; \u201cJisu Krishti, Drita e bot\u00ebs\u201d &#8211; nga Arkimandrit Kozma\" \/>\n<meta property=\"og:url\" content=\"https:\/\/orthodoxalbania.org\/2020\/2013\/03\/21\/gazeta-ngjallja-janar-2013\/\" \/>\n<meta property=\"og:site_name\" content=\"Kisha Orthodh\u03bfkse Autoqefale e Shqip\u00ebris\u00eb\" \/>\n<meta property=\"article:publisher\" content=\"https:\/\/www.facebook.com\/koash1991\" \/>\n<meta property=\"article:published_time\" content=\"2013-03-21T12:51:37+00:00\" \/>\n<meta property=\"article:modified_time\" content=\"2020-04-06T20:05:49+00:00\" \/>\n<meta property=\"og:image\" content=\"https:\/\/lh6.googleusercontent.com\/-sxJzBLkLAm4\/VMygvftGSWI\/AAAAAAAALKM\/1aMH3Z8do2k\/w436-h512-no\/Gazeta%2Bfoto.JPG\" \/>\n<meta name=\"author\" content=\"Kisha Orthodhokse\" \/>\n<meta name=\"twitter:card\" content=\"summary_large_image\" \/>\n<meta name=\"twitter:label1\" content=\"Written by\" \/>\n\t<meta name=\"twitter:data1\" content=\"Kisha Orthodhokse\" \/>\n\t<meta name=\"twitter:label2\" content=\"Est. reading time\" \/>\n\t<meta name=\"twitter:data2\" content=\"1 minute\" \/>\n<script type=\"application\/ld+json\" class=\"yoast-schema-graph\">{\"@context\":\"https:\/\/schema.org\",\"@graph\":[{\"@type\":\"Article\",\"@id\":\"https:\/\/orthodoxalbania.org\/2020\/2013\/03\/21\/gazeta-ngjallja-janar-2013\/#article\",\"isPartOf\":{\"@id\":\"https:\/\/orthodoxalbania.org\/2020\/2013\/03\/21\/gazeta-ngjallja-janar-2013\/\"},\"author\":{\"name\":\"Kisha Orthodhokse\",\"@id\":\"https:\/\/orthodoxalbania.org\/2020\/#\/schema\/person\/0c387634a7063ac612d7ed9ce71c7e86\"},\"headline\":\"Gazeta \u201cNgjallja\u201d &#8211; JANAR 2013.\",\"datePublished\":\"2013-03-21T12:51:37+00:00\",\"dateModified\":\"2020-04-06T20:05:49+00:00\",\"mainEntityOfPage\":{\"@id\":\"https:\/\/orthodoxalbania.org\/2020\/2013\/03\/21\/gazeta-ngjallja-janar-2013\/\"},\"wordCount\":241,\"commentCount\":0,\"publisher\":{\"@id\":\"https:\/\/orthodoxalbania.org\/2020\/#organization\"},\"image\":{\"@id\":\"https:\/\/orthodoxalbania.org\/2020\/2013\/03\/21\/gazeta-ngjallja-janar-2013\/#primaryimage\"},\"thumbnailUrl\":\"https:\/\/lh6.googleusercontent.com\/-sxJzBLkLAm4\/VMygvftGSWI\/AAAAAAAALKM\/1aMH3Z8do2k\/w436-h512-no\/Gazeta%2Bfoto.JPG\",\"keywords\":[\"2013\",\"Kryepiskopata Tiran\u00eb\",\"lajme\"],\"articleSection\":[\"Lajme\"],\"inLanguage\":\"en-US\"},{\"@type\":\"WebPage\",\"@id\":\"https:\/\/orthodoxalbania.org\/2020\/2013\/03\/21\/gazeta-ngjallja-janar-2013\/\",\"url\":\"https:\/\/orthodoxalbania.org\/2020\/2013\/03\/21\/gazeta-ngjallja-janar-2013\/\",\"name\":\"Gazeta \u201cNgjallja\u201d - JANAR 2013. - Kisha Orthodh\u03bfkse Autoqefale e Shqip\u00ebris\u00eb\",\"isPartOf\":{\"@id\":\"https:\/\/orthodoxalbania.org\/2020\/#website\"},\"primaryImageOfPage\":{\"@id\":\"https:\/\/orthodoxalbania.org\/2020\/2013\/03\/21\/gazeta-ngjallja-janar-2013\/#primaryimage\"},\"image\":{\"@id\":\"https:\/\/orthodoxalbania.org\/2020\/2013\/03\/21\/gazeta-ngjallja-janar-2013\/#primaryimage\"},\"thumbnailUrl\":\"https:\/\/lh6.googleusercontent.com\/-sxJzBLkLAm4\/VMygvftGSWI\/AAAAAAAALKM\/1aMH3Z8do2k\/w436-h512-no\/Gazeta%2Bfoto.JPG\",\"datePublished\":\"2013-03-21T12:51:37+00:00\",\"dateModified\":\"2020-04-06T20:05:49+00:00\",\"breadcrumb\":{\"@id\":\"https:\/\/orthodoxalbania.org\/2020\/2013\/03\/21\/gazeta-ngjallja-janar-2013\/#breadcrumb\"},\"inLanguage\":\"en-US\",\"potentialAction\":[{\"@type\":\"ReadAction\",\"target\":[\"https:\/\/orthodoxalbania.org\/2020\/2013\/03\/21\/gazeta-ngjallja-janar-2013\/\"]}]},{\"@type\":\"ImageObject\",\"inLanguage\":\"en-US\",\"@id\":\"https:\/\/orthodoxalbania.org\/2020\/2013\/03\/21\/gazeta-ngjallja-janar-2013\/#primaryimage\",\"url\":\"https:\/\/lh6.googleusercontent.com\/-sxJzBLkLAm4\/VMygvftGSWI\/AAAAAAAALKM\/1aMH3Z8do2k\/w436-h512-no\/Gazeta%2Bfoto.JPG\",\"contentUrl\":\"https:\/\/lh6.googleusercontent.com\/-sxJzBLkLAm4\/VMygvftGSWI\/AAAAAAAALKM\/1aMH3Z8do2k\/w436-h512-no\/Gazeta%2Bfoto.JPG\"},{\"@type\":\"BreadcrumbList\",\"@id\":\"https:\/\/orthodoxalbania.org\/2020\/2013\/03\/21\/gazeta-ngjallja-janar-2013\/#breadcrumb\",\"itemListElement\":[{\"@type\":\"ListItem\",\"position\":1,\"name\":\"Home\",\"item\":\"https:\/\/orthodoxalbania.org\/2020\/\"},{\"@type\":\"ListItem\",\"position\":2,\"name\":\"Gazeta \u201cNgjallja\u201d &#8211; JANAR 2013.\"}]},{\"@type\":\"WebSite\",\"@id\":\"https:\/\/orthodoxalbania.org\/2020\/#website\",\"url\":\"https:\/\/orthodoxalbania.org\/2020\/\",\"name\":\"Kisha Orthodh\u03bfkse Autoqefale e Shqip\u00ebris\u00eb\",\"description\":\"Fqja Zyrtare e Kish\u00ebs Orthodhokse Autoqefale e Shqip\u00ebris\u00eb me lajmet edhe informacionet zyrtare p\u00ebr struktur\u00ebn edhe veprimtarin e saj.\",\"publisher\":{\"@id\":\"https:\/\/orthodoxalbania.org\/2020\/#organization\"},\"potentialAction\":[{\"@type\":\"SearchAction\",\"target\":{\"@type\":\"EntryPoint\",\"urlTemplate\":\"https:\/\/orthodoxalbania.org\/2020\/?s={search_term_string}\"},\"query-input\":{\"@type\":\"PropertyValueSpecification\",\"valueRequired\":true,\"valueName\":\"search_term_string\"}}],\"inLanguage\":\"en-US\"},{\"@type\":\"Organization\",\"@id\":\"https:\/\/orthodoxalbania.org\/2020\/#organization\",\"name\":\"Kisha Orthodhokse Autoqefale e Shqip\u00ebris\u00eb\",\"url\":\"https:\/\/orthodoxalbania.org\/2020\/\",\"logo\":{\"@type\":\"ImageObject\",\"inLanguage\":\"en-US\",\"@id\":\"https:\/\/orthodoxalbania.org\/2020\/#\/schema\/logo\/image\/\",\"url\":\"https:\/\/orthodoxalbania.org\/2020\/wp-content\/uploads\/2020\/05\/albania.jpeg\",\"contentUrl\":\"https:\/\/orthodoxalbania.org\/2020\/wp-content\/uploads\/2020\/05\/albania.jpeg\",\"width\":540,\"height\":540,\"caption\":\"Kisha Orthodhokse Autoqefale e Shqip\u00ebris\u00eb\"},\"image\":{\"@id\":\"https:\/\/orthodoxalbania.org\/2020\/#\/schema\/logo\/image\/\"},\"sameAs\":[\"https:\/\/www.facebook.com\/koash1991\"]},{\"@type\":\"Person\",\"@id\":\"https:\/\/orthodoxalbania.org\/2020\/#\/schema\/person\/0c387634a7063ac612d7ed9ce71c7e86\",\"name\":\"Kisha Orthodhokse\",\"image\":{\"@type\":\"ImageObject\",\"inLanguage\":\"en-US\",\"@id\":\"https:\/\/secure.gravatar.com\/avatar\/596e7c417251e30f2fbb9c00e026fce61a695a00e51c889caded71c96cbbdde5?s=96&d=mm&r=g\",\"url\":\"https:\/\/secure.gravatar.com\/avatar\/596e7c417251e30f2fbb9c00e026fce61a695a00e51c889caded71c96cbbdde5?s=96&d=mm&r=g\",\"contentUrl\":\"https:\/\/secure.gravatar.com\/avatar\/596e7c417251e30f2fbb9c00e026fce61a695a00e51c889caded71c96cbbdde5?s=96&d=mm&r=g\",\"caption\":\"Kisha Orthodhokse\"}}]}<\/script>\n<!-- \/ Yoast SEO plugin. -->","yoast_head_json":{"title":"Gazeta \u201cNgjallja\u201d - JANAR 2013. - Kisha Orthodh\u03bfkse Autoqefale e Shqip\u00ebris\u00eb","robots":{"index":"index","follow":"follow","max-snippet":"max-snippet:-1","max-image-preview":"max-image-preview:large","max-video-preview":"max-video-preview:-1"},"canonical":"https:\/\/orthodoxalbania.org\/2020\/2013\/03\/21\/gazeta-ngjallja-janar-2013\/","og_locale":"en_US","og_type":"article","og_title":"Gazeta \u201cNgjallja\u201d - JANAR 2013. - Kisha Orthodh\u03bfkse Autoqefale e Shqip\u00ebris\u00eb","og_description":"&nbsp;&nbsp;&nbsp; Doli n\u00eb qarkullim nr. i ri i gazet\u00ebs \u201cNgjallja\u201d- JANAR 2013. N\u00eb k\u00ebt\u00eb num\u00ebr do t\u00eb njiheni: &#8211; \u201cKrishtlindje 2012\u201d, mesazhi i kryepiskopit Anastas. &#8211; Kremtim madh\u00ebshtor i Krishtlindjes dhe i Theofanis\u00eb n\u00eb Shqip\u00ebri. &#8211; Drek\u00eb me rastin e Krishtlindjeve e shtruar nga Presidenti i Republik\u00ebs, z. Bujar Nishani p\u00ebr p\u00ebrfaq\u00ebsuesit e komuniteteve fetare. &#8211; \u201cJisu Krishti, Drita e bot\u00ebs\u201d &#8211; nga Arkimandrit Kozma","og_url":"https:\/\/orthodoxalbania.org\/2020\/2013\/03\/21\/gazeta-ngjallja-janar-2013\/","og_site_name":"Kisha Orthodh\u03bfkse Autoqefale e Shqip\u00ebris\u00eb","article_publisher":"https:\/\/www.facebook.com\/koash1991","article_published_time":"2013-03-21T12:51:37+00:00","article_modified_time":"2020-04-06T20:05:49+00:00","og_image":[{"url":"https:\/\/lh6.googleusercontent.com\/-sxJzBLkLAm4\/VMygvftGSWI\/AAAAAAAALKM\/1aMH3Z8do2k\/w436-h512-no\/Gazeta%2Bfoto.JPG","type":"","width":"","height":""}],"author":"Kisha Orthodhokse","twitter_card":"summary_large_image","twitter_misc":{"Written by":"Kisha Orthodhokse","Est. reading time":"1 minute"},"schema":{"@context":"https:\/\/schema.org","@graph":[{"@type":"Article","@id":"https:\/\/orthodoxalbania.org\/2020\/2013\/03\/21\/gazeta-ngjallja-janar-2013\/#article","isPartOf":{"@id":"https:\/\/orthodoxalbania.org\/2020\/2013\/03\/21\/gazeta-ngjallja-janar-2013\/"},"author":{"name":"Kisha Orthodhokse","@id":"https:\/\/orthodoxalbania.org\/2020\/#\/schema\/person\/0c387634a7063ac612d7ed9ce71c7e86"},"headline":"Gazeta \u201cNgjallja\u201d &#8211; JANAR 2013.","datePublished":"2013-03-21T12:51:37+00:00","dateModified":"2020-04-06T20:05:49+00:00","mainEntityOfPage":{"@id":"https:\/\/orthodoxalbania.org\/2020\/2013\/03\/21\/gazeta-ngjallja-janar-2013\/"},"wordCount":241,"commentCount":0,"publisher":{"@id":"https:\/\/orthodoxalbania.org\/2020\/#organization"},"image":{"@id":"https:\/\/orthodoxalbania.org\/2020\/2013\/03\/21\/gazeta-ngjallja-janar-2013\/#primaryimage"},"thumbnailUrl":"https:\/\/lh6.googleusercontent.com\/-sxJzBLkLAm4\/VMygvftGSWI\/AAAAAAAALKM\/1aMH3Z8do2k\/w436-h512-no\/Gazeta%2Bfoto.JPG","keywords":["2013","Kryepiskopata Tiran\u00eb","lajme"],"articleSection":["Lajme"],"inLanguage":"en-US"},{"@type":"WebPage","@id":"https:\/\/orthodoxalbania.org\/2020\/2013\/03\/21\/gazeta-ngjallja-janar-2013\/","url":"https:\/\/orthodoxalbania.org\/2020\/2013\/03\/21\/gazeta-ngjallja-janar-2013\/","name":"Gazeta \u201cNgjallja\u201d - JANAR 2013. - Kisha Orthodh\u03bfkse Autoqefale e Shqip\u00ebris\u00eb","isPartOf":{"@id":"https:\/\/orthodoxalbania.org\/2020\/#website"},"primaryImageOfPage":{"@id":"https:\/\/orthodoxalbania.org\/2020\/2013\/03\/21\/gazeta-ngjallja-janar-2013\/#primaryimage"},"image":{"@id":"https:\/\/orthodoxalbania.org\/2020\/2013\/03\/21\/gazeta-ngjallja-janar-2013\/#primaryimage"},"thumbnailUrl":"https:\/\/lh6.googleusercontent.com\/-sxJzBLkLAm4\/VMygvftGSWI\/AAAAAAAALKM\/1aMH3Z8do2k\/w436-h512-no\/Gazeta%2Bfoto.JPG","datePublished":"2013-03-21T12:51:37+00:00","dateModified":"2020-04-06T20:05:49+00:00","breadcrumb":{"@id":"https:\/\/orthodoxalbania.org\/2020\/2013\/03\/21\/gazeta-ngjallja-janar-2013\/#breadcrumb"},"inLanguage":"en-US","potentialAction":[{"@type":"ReadAction","target":["https:\/\/orthodoxalbania.org\/2020\/2013\/03\/21\/gazeta-ngjallja-janar-2013\/"]}]},{"@type":"ImageObject","inLanguage":"en-US","@id":"https:\/\/orthodoxalbania.org\/2020\/2013\/03\/21\/gazeta-ngjallja-janar-2013\/#primaryimage","url":"https:\/\/lh6.googleusercontent.com\/-sxJzBLkLAm4\/VMygvftGSWI\/AAAAAAAALKM\/1aMH3Z8do2k\/w436-h512-no\/Gazeta%2Bfoto.JPG","contentUrl":"https:\/\/lh6.googleusercontent.com\/-sxJzBLkLAm4\/VMygvftGSWI\/AAAAAAAALKM\/1aMH3Z8do2k\/w436-h512-no\/Gazeta%2Bfoto.JPG"},{"@type":"BreadcrumbList","@id":"https:\/\/orthodoxalbania.org\/2020\/2013\/03\/21\/gazeta-ngjallja-janar-2013\/#breadcrumb","itemListElement":[{"@type":"ListItem","position":1,"name":"Home","item":"https:\/\/orthodoxalbania.org\/2020\/"},{"@type":"ListItem","position":2,"name":"Gazeta \u201cNgjallja\u201d &#8211; JANAR 2013."}]},{"@type":"WebSite","@id":"https:\/\/orthodoxalbania.org\/2020\/#website","url":"https:\/\/orthodoxalbania.org\/2020\/","name":"Kisha Orthodh\u03bfkse Autoqefale e Shqip\u00ebris\u00eb","description":"Fqja Zyrtare e Kish\u00ebs Orthodhokse Autoqefale e Shqip\u00ebris\u00eb me lajmet edhe informacionet zyrtare p\u00ebr struktur\u00ebn edhe veprimtarin e saj.","publisher":{"@id":"https:\/\/orthodoxalbania.org\/2020\/#organization"},"potentialAction":[{"@type":"SearchAction","target":{"@type":"EntryPoint","urlTemplate":"https:\/\/orthodoxalbania.org\/2020\/?s={search_term_string}"},"query-input":{"@type":"PropertyValueSpecification","valueRequired":true,"valueName":"search_term_string"}}],"inLanguage":"en-US"},{"@type":"Organization","@id":"https:\/\/orthodoxalbania.org\/2020\/#organization","name":"Kisha Orthodhokse Autoqefale e Shqip\u00ebris\u00eb","url":"https:\/\/orthodoxalbania.org\/2020\/","logo":{"@type":"ImageObject","inLanguage":"en-US","@id":"https:\/\/orthodoxalbania.org\/2020\/#\/schema\/logo\/image\/","url":"https:\/\/orthodoxalbania.org\/2020\/wp-content\/uploads\/2020\/05\/albania.jpeg","contentUrl":"https:\/\/orthodoxalbania.org\/2020\/wp-content\/uploads\/2020\/05\/albania.jpeg","width":540,"height":540,"caption":"Kisha Orthodhokse Autoqefale e Shqip\u00ebris\u00eb"},"image":{"@id":"https:\/\/orthodoxalbania.org\/2020\/#\/schema\/logo\/image\/"},"sameAs":["https:\/\/www.facebook.com\/koash1991"]},{"@type":"Person","@id":"https:\/\/orthodoxalbania.org\/2020\/#\/schema\/person\/0c387634a7063ac612d7ed9ce71c7e86","name":"Kisha Orthodhokse","image":{"@type":"ImageObject","inLanguage":"en-US","@id":"https:\/\/secure.gravatar.com\/avatar\/596e7c417251e30f2fbb9c00e026fce61a695a00e51c889caded71c96cbbdde5?s=96&d=mm&r=g","url":"https:\/\/secure.gravatar.com\/avatar\/596e7c417251e30f2fbb9c00e026fce61a695a00e51c889caded71c96cbbdde5?s=96&d=mm&r=g","contentUrl":"https:\/\/secure.gravatar.com\/avatar\/596e7c417251e30f2fbb9c00e026fce61a695a00e51c889caded71c96cbbdde5?s=96&d=mm&r=g","caption":"Kisha Orthodhokse"}}]}},"_links":{"self":[{"href":"https:\/\/orthodoxalbania.org\/2020\/wp-json\/wp\/v2\/posts\/595","targetHints":{"allow":["GET"]}}],"collection":[{"href":"https:\/\/orthodoxalbania.org\/2020\/wp-json\/wp\/v2\/posts"}],"about":[{"href":"https:\/\/orthodoxalbania.org\/2020\/wp-json\/wp\/v2\/types\/post"}],"author":[{"embeddable":true,"href":"https:\/\/orthodoxalbania.org\/2020\/wp-json\/wp\/v2\/users\/1"}],"replies":[{"embeddable":true,"href":"https:\/\/orthodoxalbania.org\/2020\/wp-json\/wp\/v2\/comments?post=595"}],"version-history":[{"count":1,"href":"https:\/\/orthodoxalbania.org\/2020\/wp-json\/wp\/v2\/posts\/595\/revisions"}],"predecessor-version":[{"id":15252,"href":"https:\/\/orthodoxalbania.org\/2020\/wp-json\/wp\/v2\/posts\/595\/revisions\/15252"}],"wp:attachment":[{"href":"https:\/\/orthodoxalbania.org\/2020\/wp-json\/wp\/v2\/media?parent=595"}],"wp:term":[{"taxonomy":"category","embeddable":true,"href":"https:\/\/orthodoxalbania.org\/2020\/wp-json\/wp\/v2\/categories?post=595"},{"taxonomy":"post_tag","embeddable":true,"href":"https:\/\/orthodoxalbania.org\/2020\/wp-json\/wp\/v2\/tags?post=595"}],"curies":[{"name":"wp","href":"https:\/\/api.w.org\/{rel}","templated":true}]}}