{"id":5949,"date":"2018-01-22T15:50:58","date_gmt":"2018-01-22T15:50:58","guid":{"rendered":""},"modified":"2020-04-06T21:58:13","modified_gmt":"2020-04-06T19:58:13","slug":"u-kremtua-me-gezim-dita-e-emrit-te-kryepiskopit-anastas","status":"publish","type":"post","link":"https:\/\/orthodoxalbania.org\/2020\/2018\/01\/22\/u-kremtua-me-gezim-dita-e-emrit-te-kryepiskopit-anastas\/","title":{"rendered":"U kremtua me g\u00ebzim dita e emrit t\u00eb Kryepiskopit Anastas"},"content":{"rendered":"<p style=\"text-align: justify;\">\n\t<span style=\"font-size: 12pt; font-family: helvetica; color: #000000;\">22 janari, e kremtja e apostull Timotheut dhe Sh\u00ebn Anastas Persianit, k\u00ebto 26 vitet e fundit ka pasur edhe nj\u00eb festim dhe drit\u00eb t\u00eb ve\u00e7ant\u00eb. Esht\u00eb dita e emrit e Kryepiskopit ton\u00eb shum\u00eb t\u00eb dashur Anastasit, nism\u00ebtarit dhe realizuesit t\u00eb mrekullis\u00eb q\u00eb ka ndodhur dhe vazhdon t\u00eb kryhet n\u00eb Kish\u00ebn Orthodhokse Autoqefale t\u00eb Shqip\u00ebris\u00eb. Ndaj ajo do t\u00eb thot\u00eb shum\u00eb p\u00ebr klerik\u00ebt dhe besimtar\u00ebt, q\u00eb vijn\u00eb nga zonat e Kryepiskopt\u00ebs dhe nga Mitropolit\u00eb p\u00ebr ta uruar personalisht \u201cP\u00ebr shum\u00eb vjet, o Kryezot\u201d, n\u00eb krye t\u00eb Kish\u00ebs Orthodhokse Autoqefale t\u00eb Shqip\u00ebris\u00eb.<\/span><\/p>\n<p style=\"text-align: justify;\">\n\t<span style=\"font-size: 12pt; font-family: helvetica; color: #000000;\">Edhe sivjet, t\u00eb h\u00ebn\u00ebn, kjo dit\u00eb u sh\u00ebnua me nj\u00eb Liturgji Hyjnore n\u00eb Katedralen \u201cNgjallja e Krishtit\u201d, n\u00eb Tiran\u00eb, ku bashk\u00ebmeshoi i gjith\u00eb Sinodi i Shenjt\u00eb i Kish\u00ebs son\u00eb dhe mjaft klerik\u00eb nga t\u00eb gjitha zonat. Kisha ishte e mbushur p\u00ebrplot, me besimtar\u00eb nga t\u00eb gjitha dioqezat, por binte n\u00eb sy ve\u00e7an\u00ebrisht numri i madh i t\u00eb rinjve orthodhoks\u00eb. Kjo \u00ebsht\u00eb hera e par\u00eb q\u00eb Kryepiskopi Anastas kremton si qytetar shqiptar, pas akordimit nj\u00eb muaj m\u00eb par\u00eb t\u00eb n\u00ebnsht\u00ebt\u00ebsis\u00eb nga Presidenti Ilir Meta.<\/span><\/p>\n<p style=\"text-align: justify;\">\n\t<span style=\"font-size: 12pt; font-family: helvetica; color: #000000;\">Si\u00e7 \u00ebsht\u00eb b\u00ebr\u00eb tashm\u00eb tradit\u00eb, brenda kremtimit u b\u00eb edhe nj\u00eb hirotoni n\u00eb hierodhjakon, e Paskal Mamaj, i cili mori emrin Anastas. Kryepiskopi, bashk\u00eb me urimin foli edhe p\u00ebr r\u00ebnd\u00ebsin\u00eb e t\u00eb e afrimit t\u00eb t\u00eb rinjve n\u00eb sh\u00ebrbimin si klerik\u00eb t\u00eb Kish\u00ebs dhe uroi dhjakun e ri dhe familjar\u00ebt.<\/span><br \/>\n\t<span style=\"font-size: 12pt; font-family: helvetica; color: #000000;\">N\u00eb fund, n\u00eb em\u00ebr t\u00eb Sinodit t\u00eb Shenjt\u00eb dhe t\u00eb besimtar\u00ebve orthodhoks\u00eb t\u00eb pranish\u00ebm uroi Mitropoliti i Kor\u00e7\u00ebs, Hir\u00ebsia e Tij Joani.<\/span><\/p>\n<p style=\"text-align: justify;\">\n\t<span style=\"font-size: 12pt; font-family: helvetica; color: #000000;\">Pas mbarimit t\u00eb Liturgjis\u00eb Hyjnore, Kryepiskopi priti urime n\u00eb sall\u00ebn kryesore t\u00eb pritjeve t\u00eb godin\u00eb s\u00eb Sinodi t\u00eb Shenjt\u00eb, q\u00eb dukej shum\u00eb e vog\u00ebl nga qindra e qindra besimtar\u00ebt e klerik\u00ebt orthodhoks\u00eb q\u00eb erdh\u00ebn p\u00ebr t\u00eb uruar Fortlumturin\u00eb e Tij, Anastasin.<\/span><\/p>\n<p style=\"text-align: justify;\">\n\t&nbsp;<\/p>\n<p style=\"text-align: center;\">\n\t<iframe allow=\"autoplay; encrypted-media\" allowfullscreen=\"\" frameborder=\"0\" height=\"315\" src=\"https:\/\/www.youtube.com\/embed\/fgdPrRFUxJE\" width=\"560\"><\/iframe><\/p>\n<p style=\"text-align: center;\">\n\t<img class=\"lazyload\" decoding=\"async\" alt=\"\" height=\"300\" src=\"data:image\/svg+xml,%3Csvg%20xmlns%3D%27http%3A%2F%2Fwww.w3.org%2F2000%2Fsvg%27%20width%3D%27450%27%20height%3D%27300%27%20viewBox%3D%270%200%20450%20300%27%3E%3Crect%20width%3D%27450%27%20height%3D%27300%27%20fill-opacity%3D%220%22%2F%3E%3C%2Fsvg%3E\" data-orig-src=\"https:\/\/orthodoxalbania.org\/2020\/wp-content\/uploads\/2020\/04\/IMG_5902.jpg\" style=\"display: block; margin: 10px auto; border: 1px solid #000000;\" width=\"450\" \/><\/p>\n<p style=\"text-align: center;\">\n\t<img class=\"lazyload\" decoding=\"async\" alt=\"\" height=\"300\" src=\"data:image\/svg+xml,%3Csvg%20xmlns%3D%27http%3A%2F%2Fwww.w3.org%2F2000%2Fsvg%27%20width%3D%27450%27%20height%3D%27300%27%20viewBox%3D%270%200%20450%20300%27%3E%3Crect%20width%3D%27450%27%20height%3D%27300%27%20fill-opacity%3D%220%22%2F%3E%3C%2Fsvg%3E\" data-orig-src=\"https:\/\/orthodoxalbania.org\/2020\/wp-content\/uploads\/2020\/04\/IMG_5923.jpg\" style=\"display: block; margin: 10px auto; border: 1px solid #000000;\" width=\"450\" \/><\/p>\n<p style=\"text-align: center;\">\n\t<img class=\"lazyload\" decoding=\"async\" alt=\"\" height=\"300\" src=\"data:image\/svg+xml,%3Csvg%20xmlns%3D%27http%3A%2F%2Fwww.w3.org%2F2000%2Fsvg%27%20width%3D%27450%27%20height%3D%27300%27%20viewBox%3D%270%200%20450%20300%27%3E%3Crect%20width%3D%27450%27%20height%3D%27300%27%20fill-opacity%3D%220%22%2F%3E%3C%2Fsvg%3E\" data-orig-src=\"https:\/\/orthodoxalbania.org\/2020\/wp-content\/uploads\/2020\/04\/IMG_5926.jpg\" style=\"display: block; margin: 10px auto; border: 1px solid #000000;\" width=\"450\" \/><\/p>\n<p style=\"text-align: center;\">\n\t<img class=\"lazyload\" decoding=\"async\" alt=\"\" height=\"576\" src=\"data:image\/svg+xml,%3Csvg%20xmlns%3D%27http%3A%2F%2Fwww.w3.org%2F2000%2Fsvg%27%20width%3D%27450%27%20height%3D%27576%27%20viewBox%3D%270%200%20450%20576%27%3E%3Crect%20width%3D%27450%27%20height%3D%27576%27%20fill-opacity%3D%220%22%2F%3E%3C%2Fsvg%3E\" data-orig-src=\"https:\/\/orthodoxalbania.org\/2020\/wp-content\/uploads\/2020\/04\/IMG_5974.jpg\" style=\"display: block; margin: 10px auto; border: 1px solid #000000;\" width=\"450\" \/><\/p>\n<p style=\"text-align: center;\">\n\t<img class=\"lazyload\" decoding=\"async\" alt=\"\" height=\"579\" src=\"data:image\/svg+xml,%3Csvg%20xmlns%3D%27http%3A%2F%2Fwww.w3.org%2F2000%2Fsvg%27%20width%3D%27450%27%20height%3D%27579%27%20viewBox%3D%270%200%20450%20579%27%3E%3Crect%20width%3D%27450%27%20height%3D%27579%27%20fill-opacity%3D%220%22%2F%3E%3C%2Fsvg%3E\" data-orig-src=\"https:\/\/orthodoxalbania.org\/2020\/wp-content\/uploads\/2020\/04\/IMG_6013.jpg\" style=\"display: block; margin: 10px auto; border: 1px solid #000000;\" width=\"450\" \/><\/p>\n<p style=\"text-align: center;\">\n\t<img class=\"lazyload\" decoding=\"async\" alt=\"\" height=\"675\" src=\"data:image\/svg+xml,%3Csvg%20xmlns%3D%27http%3A%2F%2Fwww.w3.org%2F2000%2Fsvg%27%20width%3D%27450%27%20height%3D%27675%27%20viewBox%3D%270%200%20450%20675%27%3E%3Crect%20width%3D%27450%27%20height%3D%27675%27%20fill-opacity%3D%220%22%2F%3E%3C%2Fsvg%3E\" data-orig-src=\"https:\/\/orthodoxalbania.org\/2020\/wp-content\/uploads\/2020\/04\/IMG_6069.jpg\" style=\"display: block; margin: 10px auto; border: 1px solid #000000;\" width=\"450\" \/><\/p>\n<p style=\"text-align: center;\">\n\t<img class=\"lazyload\" decoding=\"async\" alt=\"\" height=\"300\" src=\"data:image\/svg+xml,%3Csvg%20xmlns%3D%27http%3A%2F%2Fwww.w3.org%2F2000%2Fsvg%27%20width%3D%27450%27%20height%3D%27300%27%20viewBox%3D%270%200%20450%20300%27%3E%3Crect%20width%3D%27450%27%20height%3D%27300%27%20fill-opacity%3D%220%22%2F%3E%3C%2Fsvg%3E\" data-orig-src=\"https:\/\/orthodoxalbania.org\/2020\/wp-content\/uploads\/2020\/04\/IMG_6073.jpg\" style=\"display: block; margin: 10px auto; border: 1px solid #000000;\" width=\"450\" \/><\/p>\n<p style=\"text-align: center;\">\n\t<img class=\"lazyload\" decoding=\"async\" alt=\"\" height=\"675\" src=\"data:image\/svg+xml,%3Csvg%20xmlns%3D%27http%3A%2F%2Fwww.w3.org%2F2000%2Fsvg%27%20width%3D%27450%27%20height%3D%27675%27%20viewBox%3D%270%200%20450%20675%27%3E%3Crect%20width%3D%27450%27%20height%3D%27675%27%20fill-opacity%3D%220%22%2F%3E%3C%2Fsvg%3E\" data-orig-src=\"https:\/\/orthodoxalbania.org\/2020\/wp-content\/uploads\/2020\/04\/IMG_6096.jpg\" style=\"display: block; margin: 10px auto; border: 1px solid #000000;\" width=\"450\" \/><\/p>\n<p style=\"text-align: center;\">\n\t<img class=\"lazyload\" decoding=\"async\" alt=\"\" height=\"675\" src=\"data:image\/svg+xml,%3Csvg%20xmlns%3D%27http%3A%2F%2Fwww.w3.org%2F2000%2Fsvg%27%20width%3D%27450%27%20height%3D%27675%27%20viewBox%3D%270%200%20450%20675%27%3E%3Crect%20width%3D%27450%27%20height%3D%27675%27%20fill-opacity%3D%220%22%2F%3E%3C%2Fsvg%3E\" data-orig-src=\"https:\/\/orthodoxalbania.org\/2020\/wp-content\/uploads\/2020\/04\/IMG_6107.jpg\" style=\"display: block; margin: 10px auto; border: 1px solid #000000;\" width=\"450\" \/><\/p>\n<p style=\"text-align: center;\">\n\t<img class=\"lazyload\" decoding=\"async\" alt=\"\" height=\"300\" src=\"data:image\/svg+xml,%3Csvg%20xmlns%3D%27http%3A%2F%2Fwww.w3.org%2F2000%2Fsvg%27%20width%3D%27450%27%20height%3D%27300%27%20viewBox%3D%270%200%20450%20300%27%3E%3Crect%20width%3D%27450%27%20height%3D%27300%27%20fill-opacity%3D%220%22%2F%3E%3C%2Fsvg%3E\" data-orig-src=\"https:\/\/orthodoxalbania.org\/2020\/wp-content\/uploads\/2020\/04\/IMG_6130.jpg\" style=\"display: block; margin: 10px auto; border: 1px solid #000000;\" width=\"450\" \/><\/p>\n<p style=\"text-align: center;\">\n\t<img class=\"lazyload\" decoding=\"async\" alt=\"\" height=\"751\" src=\"data:image\/svg+xml,%3Csvg%20xmlns%3D%27http%3A%2F%2Fwww.w3.org%2F2000%2Fsvg%27%20width%3D%27450%27%20height%3D%27751%27%20viewBox%3D%270%200%20450%20751%27%3E%3Crect%20width%3D%27450%27%20height%3D%27751%27%20fill-opacity%3D%220%22%2F%3E%3C%2Fsvg%3E\" data-orig-src=\"https:\/\/orthodoxalbania.org\/2020\/wp-content\/uploads\/2020\/04\/IMG_6165.jpg\" style=\"display: block; margin: 10px auto; border: 1px solid #000000;\" width=\"450\" \/><\/p>\n<p style=\"text-align: center;\">\n\t<img class=\"lazyload\" decoding=\"async\" alt=\"\" height=\"526\" src=\"data:image\/svg+xml,%3Csvg%20xmlns%3D%27http%3A%2F%2Fwww.w3.org%2F2000%2Fsvg%27%20width%3D%27450%27%20height%3D%27526%27%20viewBox%3D%270%200%20450%20526%27%3E%3Crect%20width%3D%27450%27%20height%3D%27526%27%20fill-opacity%3D%220%22%2F%3E%3C%2Fsvg%3E\" data-orig-src=\"https:\/\/orthodoxalbania.org\/2020\/wp-content\/uploads\/2020\/04\/IMG_6189.jpg\" style=\"display: block; margin: 10px auto; border: 1px solid #000000;\" width=\"450\" \/><\/p>\n<p style=\"text-align: center;\">\n\t<img class=\"lazyload\" decoding=\"async\" alt=\"\" height=\"675\" src=\"data:image\/svg+xml,%3Csvg%20xmlns%3D%27http%3A%2F%2Fwww.w3.org%2F2000%2Fsvg%27%20width%3D%27450%27%20height%3D%27675%27%20viewBox%3D%270%200%20450%20675%27%3E%3Crect%20width%3D%27450%27%20height%3D%27675%27%20fill-opacity%3D%220%22%2F%3E%3C%2Fsvg%3E\" data-orig-src=\"https:\/\/orthodoxalbania.org\/2020\/wp-content\/uploads\/2020\/04\/IMG_6299.jpg\" style=\"display: block; margin: 10px auto; border: 1px solid #000000;\" width=\"450\" \/><\/p>\n<p style=\"text-align: center;\">\n\t<img class=\"lazyload\" decoding=\"async\" alt=\"\" height=\"675\" src=\"data:image\/svg+xml,%3Csvg%20xmlns%3D%27http%3A%2F%2Fwww.w3.org%2F2000%2Fsvg%27%20width%3D%27450%27%20height%3D%27675%27%20viewBox%3D%270%200%20450%20675%27%3E%3Crect%20width%3D%27450%27%20height%3D%27675%27%20fill-opacity%3D%220%22%2F%3E%3C%2Fsvg%3E\" data-orig-src=\"https:\/\/orthodoxalbania.org\/2020\/wp-content\/uploads\/2020\/04\/IMG_6363.jpg\" style=\"display: block; margin: 10px auto; border: 1px solid #000000;\" width=\"450\" \/><\/p>\n<p style=\"text-align: center;\">\n\t<img class=\"lazyload\" decoding=\"async\" alt=\"\" height=\"675\" src=\"data:image\/svg+xml,%3Csvg%20xmlns%3D%27http%3A%2F%2Fwww.w3.org%2F2000%2Fsvg%27%20width%3D%27450%27%20height%3D%27675%27%20viewBox%3D%270%200%20450%20675%27%3E%3Crect%20width%3D%27450%27%20height%3D%27675%27%20fill-opacity%3D%220%22%2F%3E%3C%2Fsvg%3E\" data-orig-src=\"https:\/\/orthodoxalbania.org\/2020\/wp-content\/uploads\/2020\/04\/IMG_6390.jpg\" style=\"display: block; margin: 10px auto; border: 1px solid #000000;\" width=\"450\" \/><\/p>\n<p style=\"text-align: center;\">\n\t<img class=\"lazyload\" decoding=\"async\" alt=\"\" height=\"675\" src=\"data:image\/svg+xml,%3Csvg%20xmlns%3D%27http%3A%2F%2Fwww.w3.org%2F2000%2Fsvg%27%20width%3D%27450%27%20height%3D%27675%27%20viewBox%3D%270%200%20450%20675%27%3E%3Crect%20width%3D%27450%27%20height%3D%27675%27%20fill-opacity%3D%220%22%2F%3E%3C%2Fsvg%3E\" data-orig-src=\"https:\/\/orthodoxalbania.org\/2020\/wp-content\/uploads\/2020\/04\/IMG_6432.jpg\" style=\"display: block; margin: 10px auto; border: 1px solid #000000;\" width=\"450\" \/><\/p>\n<p style=\"text-align: center;\">\n\t<img class=\"lazyload\" decoding=\"async\" alt=\"\" height=\"506\" src=\"data:image\/svg+xml,%3Csvg%20xmlns%3D%27http%3A%2F%2Fwww.w3.org%2F2000%2Fsvg%27%20width%3D%27450%27%20height%3D%27506%27%20viewBox%3D%270%200%20450%20506%27%3E%3Crect%20width%3D%27450%27%20height%3D%27506%27%20fill-opacity%3D%220%22%2F%3E%3C%2Fsvg%3E\" data-orig-src=\"https:\/\/orthodoxalbania.org\/2020\/wp-content\/uploads\/2020\/04\/IMG_6484.jpg\" style=\"display: block; margin: 10px auto; border: 1px solid #000000;\" width=\"450\" \/><\/p>\n<p style=\"text-align: center;\">\n\t<img class=\"lazyload\" decoding=\"async\" alt=\"\" height=\"675\" src=\"data:image\/svg+xml,%3Csvg%20xmlns%3D%27http%3A%2F%2Fwww.w3.org%2F2000%2Fsvg%27%20width%3D%27450%27%20height%3D%27675%27%20viewBox%3D%270%200%20450%20675%27%3E%3Crect%20width%3D%27450%27%20height%3D%27675%27%20fill-opacity%3D%220%22%2F%3E%3C%2Fsvg%3E\" data-orig-src=\"https:\/\/orthodoxalbania.org\/2020\/wp-content\/uploads\/2020\/04\/IMG_6500.jpg\" style=\"display: block; margin: 10px auto; border: 1px solid #000000;\" width=\"450\" \/><\/p>\n<p style=\"text-align: center;\">\n\t<img class=\"lazyload\" decoding=\"async\" alt=\"\" height=\"300\" src=\"data:image\/svg+xml,%3Csvg%20xmlns%3D%27http%3A%2F%2Fwww.w3.org%2F2000%2Fsvg%27%20width%3D%27450%27%20height%3D%27300%27%20viewBox%3D%270%200%20450%20300%27%3E%3Crect%20width%3D%27450%27%20height%3D%27300%27%20fill-opacity%3D%220%22%2F%3E%3C%2Fsvg%3E\" data-orig-src=\"https:\/\/orthodoxalbania.org\/2020\/wp-content\/uploads\/2020\/04\/IMG_6522.jpg\" style=\"display: block; margin: 10px auto; border: 1px solid #000000;\" width=\"450\" \/><\/p>\n<p style=\"text-align: center;\">\n\t<img class=\"lazyload\" decoding=\"async\" alt=\"\" height=\"300\" src=\"data:image\/svg+xml,%3Csvg%20xmlns%3D%27http%3A%2F%2Fwww.w3.org%2F2000%2Fsvg%27%20width%3D%27450%27%20height%3D%27300%27%20viewBox%3D%270%200%20450%20300%27%3E%3Crect%20width%3D%27450%27%20height%3D%27300%27%20fill-opacity%3D%220%22%2F%3E%3C%2Fsvg%3E\" data-orig-src=\"https:\/\/orthodoxalbania.org\/2020\/wp-content\/uploads\/2020\/04\/IMG_6538.jpg\" style=\"display: block; margin: 10px auto; border: 1px solid #000000;\" width=\"450\" \/><\/p>\n<p style=\"text-align: center;\">\n\t<img class=\"lazyload\" decoding=\"async\" alt=\"\" height=\"759\" src=\"data:image\/svg+xml,%3Csvg%20xmlns%3D%27http%3A%2F%2Fwww.w3.org%2F2000%2Fsvg%27%20width%3D%27450%27%20height%3D%27759%27%20viewBox%3D%270%200%20450%20759%27%3E%3Crect%20width%3D%27450%27%20height%3D%27759%27%20fill-opacity%3D%220%22%2F%3E%3C%2Fsvg%3E\" data-orig-src=\"https:\/\/orthodoxalbania.org\/2020\/wp-content\/uploads\/2020\/04\/IMG_6561.jpg\" style=\"display: block; margin: 10px auto; border: 1px solid #000000;\" width=\"450\" \/><\/p>\n","protected":false},"excerpt":{"rendered":"<p>22 janari, e kremtja e apostull Timotheut dhe Sh\u00ebn Anastas Persianit, k\u00ebto 26 vitet e fundit ka pasur edhe nj\u00eb festim dhe drit\u00eb t\u00eb ve\u00e7ant\u00eb. Esht\u00eb dita e emrit e Kryepiskopit ton\u00eb shum\u00eb t\u00eb dashur Anastasit, nism\u00ebtarit dhe realizuesit t\u00eb mrekullis\u00eb q\u00eb ka ndodhur dhe vazhdon t\u00eb kryhet n\u00eb Kish\u00ebn Orthodhokse Autoqefale t\u00eb Shqip\u00ebris\u00eb. Ndaj ajo do t\u00eb thot\u00eb shum\u00eb p\u00ebr klerik\u00ebt dhe besimtar\u00ebt, q\u00eb<\/p>\n","protected":false},"author":1,"featured_media":5950,"comment_status":"open","ping_status":"open","sticky":false,"template":"","format":"standard","meta":{"_acf_changed":false,"pagelayer_contact_templates":[],"_pagelayer_content":"","inline_featured_image":false,"fifu_image_url":"","fifu_image_alt":"","footnotes":""},"categories":[108],"tags":[220,184,157,196,201,212],"class_list":["post-5949","post","type-post","status-publish","format-standard","has-post-thumbnail","hentry","category-lajme","tag-220","tag-katedralja-ngjallja-e-krishtit-tirane","tag-kremtime","tag-tirane","tag-kryepiskopi-anastas","tag-lajme-d27"],"acf":[],"yoast_head":"<!-- This site is optimized with the Yoast SEO plugin v27.2 - https:\/\/yoast.com\/product\/yoast-seo-wordpress\/ -->\n<title>U kremtua me g\u00ebzim dita e emrit t\u00eb Kryepiskopit Anastas - Kisha Orthodh\u03bfkse Autoqefale e Shqip\u00ebris\u00eb<\/title>\n<meta name=\"robots\" content=\"index, follow, max-snippet:-1, max-image-preview:large, max-video-preview:-1\" \/>\n<link rel=\"canonical\" href=\"https:\/\/orthodoxalbania.org\/2020\/2018\/01\/22\/u-kremtua-me-gezim-dita-e-emrit-te-kryepiskopit-anastas\/\" \/>\n<meta property=\"og:locale\" content=\"en_US\" \/>\n<meta property=\"og:type\" content=\"article\" \/>\n<meta property=\"og:title\" content=\"U kremtua me g\u00ebzim dita e emrit t\u00eb Kryepiskopit Anastas - Kisha Orthodh\u03bfkse Autoqefale e Shqip\u00ebris\u00eb\" \/>\n<meta property=\"og:description\" content=\"22 janari, e kremtja e apostull Timotheut dhe Sh\u00ebn Anastas Persianit, k\u00ebto 26 vitet e fundit ka pasur edhe nj\u00eb festim dhe drit\u00eb t\u00eb ve\u00e7ant\u00eb. Esht\u00eb dita e emrit e Kryepiskopit ton\u00eb shum\u00eb t\u00eb dashur Anastasit, nism\u00ebtarit dhe realizuesit t\u00eb mrekullis\u00eb q\u00eb ka ndodhur dhe vazhdon t\u00eb kryhet n\u00eb Kish\u00ebn Orthodhokse Autoqefale t\u00eb Shqip\u00ebris\u00eb. Ndaj ajo do t\u00eb thot\u00eb shum\u00eb p\u00ebr klerik\u00ebt dhe besimtar\u00ebt, q\u00eb\" \/>\n<meta property=\"og:url\" content=\"https:\/\/orthodoxalbania.org\/2020\/2018\/01\/22\/u-kremtua-me-gezim-dita-e-emrit-te-kryepiskopit-anastas\/\" \/>\n<meta property=\"og:site_name\" content=\"Kisha Orthodh\u03bfkse Autoqefale e Shqip\u00ebris\u00eb\" \/>\n<meta property=\"article:publisher\" content=\"https:\/\/www.facebook.com\/koash1991\" \/>\n<meta property=\"article:published_time\" content=\"2018-01-22T15:50:58+00:00\" \/>\n<meta property=\"article:modified_time\" content=\"2020-04-06T19:58:13+00:00\" \/>\n<meta property=\"og:image\" content=\"https:\/\/orthodoxalbania.org\/2020\/wp-content\/uploads\/2020\/04\/IMG_6546-scaled.jpg\" \/>\n\t<meta property=\"og:image:width\" content=\"2560\" \/>\n\t<meta property=\"og:image:height\" content=\"1707\" \/>\n\t<meta property=\"og:image:type\" content=\"image\/jpeg\" \/>\n<meta name=\"author\" content=\"Kisha Orthodhokse\" \/>\n<meta name=\"twitter:card\" content=\"summary_large_image\" \/>\n<meta name=\"twitter:label1\" content=\"Written by\" \/>\n\t<meta name=\"twitter:data1\" content=\"Kisha Orthodhokse\" \/>\n\t<meta name=\"twitter:label2\" content=\"Est. reading time\" \/>\n\t<meta name=\"twitter:data2\" content=\"2 minutes\" \/>\n<script type=\"application\/ld+json\" class=\"yoast-schema-graph\">{\"@context\":\"https:\/\/schema.org\",\"@graph\":[{\"@type\":\"Article\",\"@id\":\"https:\/\/orthodoxalbania.org\/2020\/2018\/01\/22\/u-kremtua-me-gezim-dita-e-emrit-te-kryepiskopit-anastas\/#article\",\"isPartOf\":{\"@id\":\"https:\/\/orthodoxalbania.org\/2020\/2018\/01\/22\/u-kremtua-me-gezim-dita-e-emrit-te-kryepiskopit-anastas\/\"},\"author\":{\"name\":\"Kisha Orthodhokse\",\"@id\":\"https:\/\/orthodoxalbania.org\/2020\/#\/schema\/person\/0c387634a7063ac612d7ed9ce71c7e86\"},\"headline\":\"U kremtua me g\u00ebzim dita e emrit t\u00eb Kryepiskopit Anastas\",\"datePublished\":\"2018-01-22T15:50:58+00:00\",\"dateModified\":\"2020-04-06T19:58:13+00:00\",\"mainEntityOfPage\":{\"@id\":\"https:\/\/orthodoxalbania.org\/2020\/2018\/01\/22\/u-kremtua-me-gezim-dita-e-emrit-te-kryepiskopit-anastas\/\"},\"wordCount\":339,\"commentCount\":0,\"publisher\":{\"@id\":\"https:\/\/orthodoxalbania.org\/2020\/#organization\"},\"image\":{\"@id\":\"https:\/\/orthodoxalbania.org\/2020\/2018\/01\/22\/u-kremtua-me-gezim-dita-e-emrit-te-kryepiskopit-anastas\/#primaryimage\"},\"thumbnailUrl\":\"https:\/\/orthodoxalbania.org\/2020\/wp-content\/uploads\/2020\/04\/IMG_6546-scaled.jpg\",\"keywords\":[\"2018\",\"Katedralja \u201cNgjallja e Krishtit\u201d Tiran\u00eb\",\"Kremtime\",\"Kryepiskopata Tiran\u00eb\",\"Kryepiskopi Anastas\",\"lajme\"],\"articleSection\":[\"Lajme\"],\"inLanguage\":\"en-US\"},{\"@type\":\"WebPage\",\"@id\":\"https:\/\/orthodoxalbania.org\/2020\/2018\/01\/22\/u-kremtua-me-gezim-dita-e-emrit-te-kryepiskopit-anastas\/\",\"url\":\"https:\/\/orthodoxalbania.org\/2020\/2018\/01\/22\/u-kremtua-me-gezim-dita-e-emrit-te-kryepiskopit-anastas\/\",\"name\":\"U kremtua me g\u00ebzim dita e emrit t\u00eb Kryepiskopit Anastas - Kisha Orthodh\u03bfkse Autoqefale e Shqip\u00ebris\u00eb\",\"isPartOf\":{\"@id\":\"https:\/\/orthodoxalbania.org\/2020\/#website\"},\"primaryImageOfPage\":{\"@id\":\"https:\/\/orthodoxalbania.org\/2020\/2018\/01\/22\/u-kremtua-me-gezim-dita-e-emrit-te-kryepiskopit-anastas\/#primaryimage\"},\"image\":{\"@id\":\"https:\/\/orthodoxalbania.org\/2020\/2018\/01\/22\/u-kremtua-me-gezim-dita-e-emrit-te-kryepiskopit-anastas\/#primaryimage\"},\"thumbnailUrl\":\"https:\/\/orthodoxalbania.org\/2020\/wp-content\/uploads\/2020\/04\/IMG_6546-scaled.jpg\",\"datePublished\":\"2018-01-22T15:50:58+00:00\",\"dateModified\":\"2020-04-06T19:58:13+00:00\",\"breadcrumb\":{\"@id\":\"https:\/\/orthodoxalbania.org\/2020\/2018\/01\/22\/u-kremtua-me-gezim-dita-e-emrit-te-kryepiskopit-anastas\/#breadcrumb\"},\"inLanguage\":\"en-US\",\"potentialAction\":[{\"@type\":\"ReadAction\",\"target\":[\"https:\/\/orthodoxalbania.org\/2020\/2018\/01\/22\/u-kremtua-me-gezim-dita-e-emrit-te-kryepiskopit-anastas\/\"]}]},{\"@type\":\"ImageObject\",\"inLanguage\":\"en-US\",\"@id\":\"https:\/\/orthodoxalbania.org\/2020\/2018\/01\/22\/u-kremtua-me-gezim-dita-e-emrit-te-kryepiskopit-anastas\/#primaryimage\",\"url\":\"https:\/\/orthodoxalbania.org\/2020\/wp-content\/uploads\/2020\/04\/IMG_6546-scaled.jpg\",\"contentUrl\":\"https:\/\/orthodoxalbania.org\/2020\/wp-content\/uploads\/2020\/04\/IMG_6546-scaled.jpg\",\"width\":2560,\"height\":1707},{\"@type\":\"BreadcrumbList\",\"@id\":\"https:\/\/orthodoxalbania.org\/2020\/2018\/01\/22\/u-kremtua-me-gezim-dita-e-emrit-te-kryepiskopit-anastas\/#breadcrumb\",\"itemListElement\":[{\"@type\":\"ListItem\",\"position\":1,\"name\":\"Home\",\"item\":\"https:\/\/orthodoxalbania.org\/2020\/\"},{\"@type\":\"ListItem\",\"position\":2,\"name\":\"U kremtua me g\u00ebzim dita e emrit t\u00eb Kryepiskopit Anastas\"}]},{\"@type\":\"WebSite\",\"@id\":\"https:\/\/orthodoxalbania.org\/2020\/#website\",\"url\":\"https:\/\/orthodoxalbania.org\/2020\/\",\"name\":\"Kisha Orthodh\u03bfkse Autoqefale e Shqip\u00ebris\u00eb\",\"description\":\"Fqja Zyrtare e Kish\u00ebs Orthodhokse Autoqefale e Shqip\u00ebris\u00eb me lajmet edhe informacionet zyrtare p\u00ebr struktur\u00ebn edhe veprimtarin e saj.\",\"publisher\":{\"@id\":\"https:\/\/orthodoxalbania.org\/2020\/#organization\"},\"potentialAction\":[{\"@type\":\"SearchAction\",\"target\":{\"@type\":\"EntryPoint\",\"urlTemplate\":\"https:\/\/orthodoxalbania.org\/2020\/?s={search_term_string}\"},\"query-input\":{\"@type\":\"PropertyValueSpecification\",\"valueRequired\":true,\"valueName\":\"search_term_string\"}}],\"inLanguage\":\"en-US\"},{\"@type\":\"Organization\",\"@id\":\"https:\/\/orthodoxalbania.org\/2020\/#organization\",\"name\":\"Kisha Orthodhokse Autoqefale e Shqip\u00ebris\u00eb\",\"url\":\"https:\/\/orthodoxalbania.org\/2020\/\",\"logo\":{\"@type\":\"ImageObject\",\"inLanguage\":\"en-US\",\"@id\":\"https:\/\/orthodoxalbania.org\/2020\/#\/schema\/logo\/image\/\",\"url\":\"https:\/\/orthodoxalbania.org\/2020\/wp-content\/uploads\/2020\/05\/albania.jpeg\",\"contentUrl\":\"https:\/\/orthodoxalbania.org\/2020\/wp-content\/uploads\/2020\/05\/albania.jpeg\",\"width\":540,\"height\":540,\"caption\":\"Kisha Orthodhokse Autoqefale e Shqip\u00ebris\u00eb\"},\"image\":{\"@id\":\"https:\/\/orthodoxalbania.org\/2020\/#\/schema\/logo\/image\/\"},\"sameAs\":[\"https:\/\/www.facebook.com\/koash1991\"]},{\"@type\":\"Person\",\"@id\":\"https:\/\/orthodoxalbania.org\/2020\/#\/schema\/person\/0c387634a7063ac612d7ed9ce71c7e86\",\"name\":\"Kisha Orthodhokse\",\"image\":{\"@type\":\"ImageObject\",\"inLanguage\":\"en-US\",\"@id\":\"https:\/\/secure.gravatar.com\/avatar\/596e7c417251e30f2fbb9c00e026fce61a695a00e51c889caded71c96cbbdde5?s=96&d=mm&r=g\",\"url\":\"https:\/\/secure.gravatar.com\/avatar\/596e7c417251e30f2fbb9c00e026fce61a695a00e51c889caded71c96cbbdde5?s=96&d=mm&r=g\",\"contentUrl\":\"https:\/\/secure.gravatar.com\/avatar\/596e7c417251e30f2fbb9c00e026fce61a695a00e51c889caded71c96cbbdde5?s=96&d=mm&r=g\",\"caption\":\"Kisha Orthodhokse\"}}]}<\/script>\n<!-- \/ Yoast SEO plugin. -->","yoast_head_json":{"title":"U kremtua me g\u00ebzim dita e emrit t\u00eb Kryepiskopit Anastas - Kisha Orthodh\u03bfkse Autoqefale e Shqip\u00ebris\u00eb","robots":{"index":"index","follow":"follow","max-snippet":"max-snippet:-1","max-image-preview":"max-image-preview:large","max-video-preview":"max-video-preview:-1"},"canonical":"https:\/\/orthodoxalbania.org\/2020\/2018\/01\/22\/u-kremtua-me-gezim-dita-e-emrit-te-kryepiskopit-anastas\/","og_locale":"en_US","og_type":"article","og_title":"U kremtua me g\u00ebzim dita e emrit t\u00eb Kryepiskopit Anastas - Kisha Orthodh\u03bfkse Autoqefale e Shqip\u00ebris\u00eb","og_description":"22 janari, e kremtja e apostull Timotheut dhe Sh\u00ebn Anastas Persianit, k\u00ebto 26 vitet e fundit ka pasur edhe nj\u00eb festim dhe drit\u00eb t\u00eb ve\u00e7ant\u00eb. Esht\u00eb dita e emrit e Kryepiskopit ton\u00eb shum\u00eb t\u00eb dashur Anastasit, nism\u00ebtarit dhe realizuesit t\u00eb mrekullis\u00eb q\u00eb ka ndodhur dhe vazhdon t\u00eb kryhet n\u00eb Kish\u00ebn Orthodhokse Autoqefale t\u00eb Shqip\u00ebris\u00eb. Ndaj ajo do t\u00eb thot\u00eb shum\u00eb p\u00ebr klerik\u00ebt dhe besimtar\u00ebt, q\u00eb","og_url":"https:\/\/orthodoxalbania.org\/2020\/2018\/01\/22\/u-kremtua-me-gezim-dita-e-emrit-te-kryepiskopit-anastas\/","og_site_name":"Kisha Orthodh\u03bfkse Autoqefale e Shqip\u00ebris\u00eb","article_publisher":"https:\/\/www.facebook.com\/koash1991","article_published_time":"2018-01-22T15:50:58+00:00","article_modified_time":"2020-04-06T19:58:13+00:00","og_image":[{"width":2560,"height":1707,"url":"https:\/\/orthodoxalbania.org\/2020\/wp-content\/uploads\/2020\/04\/IMG_6546-scaled.jpg","type":"image\/jpeg"}],"author":"Kisha Orthodhokse","twitter_card":"summary_large_image","twitter_misc":{"Written by":"Kisha Orthodhokse","Est. reading time":"2 minutes"},"schema":{"@context":"https:\/\/schema.org","@graph":[{"@type":"Article","@id":"https:\/\/orthodoxalbania.org\/2020\/2018\/01\/22\/u-kremtua-me-gezim-dita-e-emrit-te-kryepiskopit-anastas\/#article","isPartOf":{"@id":"https:\/\/orthodoxalbania.org\/2020\/2018\/01\/22\/u-kremtua-me-gezim-dita-e-emrit-te-kryepiskopit-anastas\/"},"author":{"name":"Kisha Orthodhokse","@id":"https:\/\/orthodoxalbania.org\/2020\/#\/schema\/person\/0c387634a7063ac612d7ed9ce71c7e86"},"headline":"U kremtua me g\u00ebzim dita e emrit t\u00eb Kryepiskopit Anastas","datePublished":"2018-01-22T15:50:58+00:00","dateModified":"2020-04-06T19:58:13+00:00","mainEntityOfPage":{"@id":"https:\/\/orthodoxalbania.org\/2020\/2018\/01\/22\/u-kremtua-me-gezim-dita-e-emrit-te-kryepiskopit-anastas\/"},"wordCount":339,"commentCount":0,"publisher":{"@id":"https:\/\/orthodoxalbania.org\/2020\/#organization"},"image":{"@id":"https:\/\/orthodoxalbania.org\/2020\/2018\/01\/22\/u-kremtua-me-gezim-dita-e-emrit-te-kryepiskopit-anastas\/#primaryimage"},"thumbnailUrl":"https:\/\/orthodoxalbania.org\/2020\/wp-content\/uploads\/2020\/04\/IMG_6546-scaled.jpg","keywords":["2018","Katedralja \u201cNgjallja e Krishtit\u201d Tiran\u00eb","Kremtime","Kryepiskopata Tiran\u00eb","Kryepiskopi Anastas","lajme"],"articleSection":["Lajme"],"inLanguage":"en-US"},{"@type":"WebPage","@id":"https:\/\/orthodoxalbania.org\/2020\/2018\/01\/22\/u-kremtua-me-gezim-dita-e-emrit-te-kryepiskopit-anastas\/","url":"https:\/\/orthodoxalbania.org\/2020\/2018\/01\/22\/u-kremtua-me-gezim-dita-e-emrit-te-kryepiskopit-anastas\/","name":"U kremtua me g\u00ebzim dita e emrit t\u00eb Kryepiskopit Anastas - Kisha Orthodh\u03bfkse Autoqefale e Shqip\u00ebris\u00eb","isPartOf":{"@id":"https:\/\/orthodoxalbania.org\/2020\/#website"},"primaryImageOfPage":{"@id":"https:\/\/orthodoxalbania.org\/2020\/2018\/01\/22\/u-kremtua-me-gezim-dita-e-emrit-te-kryepiskopit-anastas\/#primaryimage"},"image":{"@id":"https:\/\/orthodoxalbania.org\/2020\/2018\/01\/22\/u-kremtua-me-gezim-dita-e-emrit-te-kryepiskopit-anastas\/#primaryimage"},"thumbnailUrl":"https:\/\/orthodoxalbania.org\/2020\/wp-content\/uploads\/2020\/04\/IMG_6546-scaled.jpg","datePublished":"2018-01-22T15:50:58+00:00","dateModified":"2020-04-06T19:58:13+00:00","breadcrumb":{"@id":"https:\/\/orthodoxalbania.org\/2020\/2018\/01\/22\/u-kremtua-me-gezim-dita-e-emrit-te-kryepiskopit-anastas\/#breadcrumb"},"inLanguage":"en-US","potentialAction":[{"@type":"ReadAction","target":["https:\/\/orthodoxalbania.org\/2020\/2018\/01\/22\/u-kremtua-me-gezim-dita-e-emrit-te-kryepiskopit-anastas\/"]}]},{"@type":"ImageObject","inLanguage":"en-US","@id":"https:\/\/orthodoxalbania.org\/2020\/2018\/01\/22\/u-kremtua-me-gezim-dita-e-emrit-te-kryepiskopit-anastas\/#primaryimage","url":"https:\/\/orthodoxalbania.org\/2020\/wp-content\/uploads\/2020\/04\/IMG_6546-scaled.jpg","contentUrl":"https:\/\/orthodoxalbania.org\/2020\/wp-content\/uploads\/2020\/04\/IMG_6546-scaled.jpg","width":2560,"height":1707},{"@type":"BreadcrumbList","@id":"https:\/\/orthodoxalbania.org\/2020\/2018\/01\/22\/u-kremtua-me-gezim-dita-e-emrit-te-kryepiskopit-anastas\/#breadcrumb","itemListElement":[{"@type":"ListItem","position":1,"name":"Home","item":"https:\/\/orthodoxalbania.org\/2020\/"},{"@type":"ListItem","position":2,"name":"U kremtua me g\u00ebzim dita e emrit t\u00eb Kryepiskopit Anastas"}]},{"@type":"WebSite","@id":"https:\/\/orthodoxalbania.org\/2020\/#website","url":"https:\/\/orthodoxalbania.org\/2020\/","name":"Kisha Orthodh\u03bfkse Autoqefale e Shqip\u00ebris\u00eb","description":"Fqja Zyrtare e Kish\u00ebs Orthodhokse Autoqefale e Shqip\u00ebris\u00eb me lajmet edhe informacionet zyrtare p\u00ebr struktur\u00ebn edhe veprimtarin e saj.","publisher":{"@id":"https:\/\/orthodoxalbania.org\/2020\/#organization"},"potentialAction":[{"@type":"SearchAction","target":{"@type":"EntryPoint","urlTemplate":"https:\/\/orthodoxalbania.org\/2020\/?s={search_term_string}"},"query-input":{"@type":"PropertyValueSpecification","valueRequired":true,"valueName":"search_term_string"}}],"inLanguage":"en-US"},{"@type":"Organization","@id":"https:\/\/orthodoxalbania.org\/2020\/#organization","name":"Kisha Orthodhokse Autoqefale e Shqip\u00ebris\u00eb","url":"https:\/\/orthodoxalbania.org\/2020\/","logo":{"@type":"ImageObject","inLanguage":"en-US","@id":"https:\/\/orthodoxalbania.org\/2020\/#\/schema\/logo\/image\/","url":"https:\/\/orthodoxalbania.org\/2020\/wp-content\/uploads\/2020\/05\/albania.jpeg","contentUrl":"https:\/\/orthodoxalbania.org\/2020\/wp-content\/uploads\/2020\/05\/albania.jpeg","width":540,"height":540,"caption":"Kisha Orthodhokse Autoqefale e Shqip\u00ebris\u00eb"},"image":{"@id":"https:\/\/orthodoxalbania.org\/2020\/#\/schema\/logo\/image\/"},"sameAs":["https:\/\/www.facebook.com\/koash1991"]},{"@type":"Person","@id":"https:\/\/orthodoxalbania.org\/2020\/#\/schema\/person\/0c387634a7063ac612d7ed9ce71c7e86","name":"Kisha Orthodhokse","image":{"@type":"ImageObject","inLanguage":"en-US","@id":"https:\/\/secure.gravatar.com\/avatar\/596e7c417251e30f2fbb9c00e026fce61a695a00e51c889caded71c96cbbdde5?s=96&d=mm&r=g","url":"https:\/\/secure.gravatar.com\/avatar\/596e7c417251e30f2fbb9c00e026fce61a695a00e51c889caded71c96cbbdde5?s=96&d=mm&r=g","contentUrl":"https:\/\/secure.gravatar.com\/avatar\/596e7c417251e30f2fbb9c00e026fce61a695a00e51c889caded71c96cbbdde5?s=96&d=mm&r=g","caption":"Kisha Orthodhokse"}}]}},"_links":{"self":[{"href":"https:\/\/orthodoxalbania.org\/2020\/wp-json\/wp\/v2\/posts\/5949","targetHints":{"allow":["GET"]}}],"collection":[{"href":"https:\/\/orthodoxalbania.org\/2020\/wp-json\/wp\/v2\/posts"}],"about":[{"href":"https:\/\/orthodoxalbania.org\/2020\/wp-json\/wp\/v2\/types\/post"}],"author":[{"embeddable":true,"href":"https:\/\/orthodoxalbania.org\/2020\/wp-json\/wp\/v2\/users\/1"}],"replies":[{"embeddable":true,"href":"https:\/\/orthodoxalbania.org\/2020\/wp-json\/wp\/v2\/comments?post=5949"}],"version-history":[{"count":1,"href":"https:\/\/orthodoxalbania.org\/2020\/wp-json\/wp\/v2\/posts\/5949\/revisions"}],"predecessor-version":[{"id":14807,"href":"https:\/\/orthodoxalbania.org\/2020\/wp-json\/wp\/v2\/posts\/5949\/revisions\/14807"}],"wp:featuredmedia":[{"embeddable":true,"href":"https:\/\/orthodoxalbania.org\/2020\/wp-json\/wp\/v2\/media\/5950"}],"wp:attachment":[{"href":"https:\/\/orthodoxalbania.org\/2020\/wp-json\/wp\/v2\/media?parent=5949"}],"wp:term":[{"taxonomy":"category","embeddable":true,"href":"https:\/\/orthodoxalbania.org\/2020\/wp-json\/wp\/v2\/categories?post=5949"},{"taxonomy":"post_tag","embeddable":true,"href":"https:\/\/orthodoxalbania.org\/2020\/wp-json\/wp\/v2\/tags?post=5949"}],"curies":[{"name":"wp","href":"https:\/\/api.w.org\/{rel}","templated":true}]}}