{"id":594,"date":"2013-04-02T07:45:19","date_gmt":"2013-04-02T07:45:19","guid":{"rendered":""},"modified":"2020-04-06T22:05:46","modified_gmt":"2020-04-06T20:05:46","slug":"gazeta-ngjallja-mars-2013","status":"publish","type":"post","link":"https:\/\/orthodoxalbania.org\/2020\/2013\/04\/02\/gazeta-ngjallja-mars-2013\/","title":{"rendered":"Gazeta \u201c Ngjallja\u201d &#8211; MARS 2013."},"content":{"rendered":"<div style=\"text-align: justify;\">\n\t<span style=\"color:#000000;\"><span style=\"font-size: 12px;\"><span style=\"font-family: tahoma,geneva,sans-serif;\"><strong><img class=\"lazyload\" decoding=\"async\" src=\"data:image\/gif;base64,R0lGODlhAQABAAAAACH5BAEKAAEALAAAAAABAAEAAAICTAEAOw==\" data-orig-src=\"https:\/\/lh3.googleusercontent.com\/-SrdBhBLPGPo\/UVqJZyUB4tI\/AAAAAAAACOc\/-CvNMRdA4eI\/s512\/Fq. 1 - Gazeta Ngjallja%2C Mars 2013.jpg\" style=\"width: 200px; height: 391px; margin: 10px; float: left; border-width: 1px; border-style: solid;\" \/>&nbsp;&nbsp;<\/strong><\/span><\/span><\/span><span style=\"color:#b22222;\"><span style=\"font-size: 12px;\"><span style=\"font-family: tahoma,geneva,sans-serif;\"><strong> Doli n\u00eb qarkullim nr. i ri i gazet\u00ebs \u201cNgjallja\u201d- MARS 2013. N\u00eb k\u00ebt\u00eb num\u00ebr do t\u00eb njiheni:<br \/>\n\t<\/strong><\/span><\/span><\/span><br \/>\n\t<span style=\"color:#000000;\"><span style=\"font-size: 12px;\"><span style=\"font-family: tahoma,geneva,sans-serif;\"> &#8211; 25 Mars, Ungjill\u00ebzimi i Hyjlind\u00ebses Mari.<\/span><\/span><\/span><\/div>\n<div style=\"text-align: justify;\">\n\t<br \/>\n\t<span style=\"color:#000000;\"><span style=\"font-size: 12px;\"><span style=\"font-family: tahoma,geneva,sans-serif;\">&#8211; Trash\u00ebgimi e pambrojtur &#8211; Intervist\u00eb p\u00ebr D\u00cb e Gentian Stratob\u00ebrdha, p\u00ebrgjegj\u00ebs p\u00ebr Trash\u00ebgimin\u00eb n\u00eb Kish\u00ebn Orthodhokse Autoqefale t\u00eb Shqip\u00ebris\u00eb.<\/span><\/span><\/span><\/div>\n<div style=\"text-align: justify;\">\n\t<br \/>\n\t<span style=\"color:#000000;\"><span style=\"font-size: 12px;\"><span style=\"font-family: tahoma,geneva,sans-serif;\">&#8211; Rreziku i madh dhe real p\u00ebr Kish\u00ebn dhe Autoqefalin\u00eb &#8211; asfiksia ekonomike &#8211; nga Thoma Dhima.<\/span><\/span><\/span><\/div>\n<div style=\"text-align: justify;\">\n\t<br \/>\n\t<span style=\"color:#000000;\"><span style=\"font-size: 12px;\"><span style=\"font-family: tahoma,geneva,sans-serif;\">&#8211; T\u00eb njohim sh\u00ebrbesat orthodhokse: Pes\u00eb buk\u00ebt (Artoklasia) dhe P\u00ebrshpirtja &#8211; nga Episkop i Bylisit, Asti.<\/span><\/span><\/span><\/div>\n<div style=\"text-align: justify;\">\n\t<br \/>\n\t<span style=\"color:#000000;\"><span style=\"font-size: 12px;\"><span style=\"font-family: tahoma,geneva,sans-serif;\">&#8211; \u201cT\u00eb v\u00ebrteta t\u00eb qarta si drita e diellit\u201d, reagim i stafit t\u00eb shkoll\u00ebs shqiptaro-amerikane \u201cProtagonist\u00ebt\u201d.<\/span><\/span><\/span><\/div>\n<div style=\"text-align: justify;\">\n\t<br \/>\n\t<span style=\"color:#000000;\"><span style=\"font-size: 12px;\"><span style=\"font-family: tahoma,geneva,sans-serif;\">&#8211; Rritemi s\u00eb bashku n\u00eb Krishtin &#8211; nga Marina Baba.<\/span><\/span><\/span><\/div>\n<div style=\"text-align: justify;\">\n\t<br \/>\n\t<span style=\"color:#000000;\"><span style=\"font-size: 12px;\"><span style=\"font-family: tahoma,geneva,sans-serif;\">&#8211; Papa i sapofron\u00ebzuar Fran\u00e7esku I me Patriarkun e Konstandinopoj\u00ebs Vartholomeu I (foto).<\/span><\/span><\/span><\/div>\n<div style=\"text-align: justify;\">\n\t<br \/>\n\t<span style=\"color:#000000;\"><span style=\"font-size: 12px;\"><span style=\"font-family: tahoma,geneva,sans-serif;\">&#8211; Ftesa personale e Papa Fran\u00e7eskut I p\u00ebr Kryepiskopin Anastas.<\/span><\/span><\/span><\/div>\n<div style=\"text-align: justify;\">\n\t<br \/>\n\t<span style=\"color:#000000;\"><span style=\"font-size: 12px;\"><span style=\"font-family: tahoma,geneva,sans-serif;\">&#8211; Fron\u00ebzohet Kryepiskopi i ri i Kanterburit, i Kish\u00ebs Anglikane.<\/span><\/span><\/span><\/div>\n<div style=\"text-align: justify;\">\n\t<br \/>\n\t<span style=\"color:#000000;\"><span style=\"font-size: 12px;\"><span style=\"font-family: tahoma,geneva,sans-serif;\">&#8211; Zgjidhet k\u00ebshilli drejtues i Rinis\u00eb Orthodhokse t\u00eb Tiran\u00ebs.<\/span><\/span><\/span><\/div>\n<div style=\"text-align: justify;\">\n\t<br \/>\n\t<span style=\"color:#000000;\"><span style=\"font-size: 12px;\"><span style=\"font-family: tahoma,geneva,sans-serif;\">&#8211; Edikti i Milanos, nj\u00eb ngjarje e r\u00ebnd\u00ebsishme n\u00eb historin\u00eb e Kish\u00ebs dhe<\/span><\/span><\/span><br \/>\n\t<span style=\"color:#000000;\"><span style=\"font-size: 12px;\"><span style=\"font-family: tahoma,geneva,sans-serif;\"> t\u00eb njer\u00ebzimit &#8211; nga Arkimandrit Kozma Sovjani.<\/span><\/span><\/span><\/div>\n<div style=\"text-align: justify;\">\n\t<br \/>\n\t<span style=\"color:#000000;\"><span style=\"font-size: 12px;\"><span style=\"font-family: tahoma,geneva,sans-serif;\">&#8211;&nbsp; A \u00ebsht\u00eb jasht\u00eb mode martesa?!<\/span><\/span><\/span><\/div>\n<div style=\"text-align: justify;\">\n\t<br \/>\n\t<span style=\"color:#000000;\"><span style=\"font-size: 12px;\"><span style=\"font-family: tahoma,geneva,sans-serif;\">&#8211; Pranvera shpirt\u00ebrore, Kreshma &#8211; nga mitropoliti i Beratit, Hir\u00ebsi Ignati.<\/span><\/span><\/span><\/div>\n<div style=\"text-align: justify;\">\n\t<br \/>\n\t<span style=\"color:#000000;\"><span style=\"font-size: 12px;\"><span style=\"font-family: tahoma,geneva,sans-serif;\">&#8211; At\u00eb Ikonom Milo Tole Gjidede (biografi).<\/span><\/span><\/span><\/div>\n<div style=\"text-align: justify;\">\n\t<br \/>\n\t<span style=\"color:#000000;\"><span style=\"font-size: 12px;\"><span style=\"font-family: tahoma,geneva,sans-serif;\">&#8211; Pjes\u00eb nga Shkalla 7 e Sh\u00ebn Joan Sinaiti, n\u00eb vepr\u00ebn e tij \u201cShkalla e Ngjitjes Hyjnore\u201d.<\/span><\/span><\/span><\/div>\n<div style=\"text-align: justify;\">\n\t<br \/>\n\t<span style=\"color:#000000;\"><span style=\"font-size: 12px;\"><span style=\"font-family: tahoma,geneva,sans-serif;\">&#8211; Ferma e Rrushkullit, shembull se si mund t\u00eb pak\u00ebsohen shpenzimet dhe t\u00eb sigurohen t\u00eb ardhura &#8211; nga Mihal Davidhi<\/span><\/span><\/span><\/div>\n<div style=\"text-align: justify;\">\n\t<br \/>\n\t<span style=\"color:#000000;\"><span style=\"font-size: 12px;\"><span style=\"font-family: tahoma,geneva,sans-serif;\">&#8211; U fron\u00ebzua Patriarku i ri i Antiokis\u00eb (Siris\u00eb), Joani X (Yaziji).<\/span><\/span><\/span><\/div>\n<div style=\"text-align: justify;\">\n\t<br \/>\n\t<span style=\"color:#000000;\"><span style=\"font-size: 12px;\"><span style=\"font-family: tahoma,geneva,sans-serif;\">&#8211; Zgjidhet dhe fron\u00ebzohet Patriarku i ri i Bullgaris\u00eb, Neofiti.<\/span><\/span><\/span><br \/>\n\t&nbsp;<\/div>\n","protected":false},"excerpt":{"rendered":"<p>&nbsp;&nbsp; Doli n\u00eb qarkullim nr. i ri i gazet\u00ebs \u201cNgjallja\u201d- MARS 2013. N\u00eb k\u00ebt\u00eb num\u00ebr do t\u00eb njiheni: &#8211; 25 Mars, Ungjill\u00ebzimi i Hyjlind\u00ebses Mari. &#8211; Trash\u00ebgimi e pambrojtur &#8211; Intervist\u00eb p\u00ebr D\u00cb e Gentian Stratob\u00ebrdha, p\u00ebrgjegj\u00ebs p\u00ebr Trash\u00ebgimin\u00eb n\u00eb Kish\u00ebn Orthodhokse Autoqefale t\u00eb Shqip\u00ebris\u00eb. &#8211; Rreziku i madh dhe real p\u00ebr Kish\u00ebn dhe Autoqefalin\u00eb &#8211; asfiksia ekonomike &#8211; nga Thoma Dhima. &#8211; T\u00eb njohim<\/p>\n","protected":false},"author":1,"featured_media":0,"comment_status":"open","ping_status":"open","sticky":false,"template":"","format":"standard","meta":{"_acf_changed":false,"pagelayer_contact_templates":[],"_pagelayer_content":"","inline_featured_image":false,"fifu_image_url":"","fifu_image_alt":"","footnotes":""},"categories":[108],"tags":[141,196,212],"class_list":["post-594","post","type-post","status-publish","format-standard","hentry","category-lajme","tag-141","tag-tirane","tag-lajme-d27"],"acf":[],"yoast_head":"<!-- This site is optimized with the Yoast SEO plugin v27.2 - https:\/\/yoast.com\/product\/yoast-seo-wordpress\/ -->\n<title>Gazeta \u201c Ngjallja\u201d - MARS 2013. - Kisha Orthodh\u03bfkse Autoqefale e Shqip\u00ebris\u00eb<\/title>\n<meta name=\"robots\" content=\"index, follow, max-snippet:-1, max-image-preview:large, max-video-preview:-1\" \/>\n<link rel=\"canonical\" href=\"https:\/\/orthodoxalbania.org\/2020\/2013\/04\/02\/gazeta-ngjallja-mars-2013\/\" \/>\n<meta property=\"og:locale\" content=\"en_US\" \/>\n<meta property=\"og:type\" content=\"article\" \/>\n<meta property=\"og:title\" content=\"Gazeta \u201c Ngjallja\u201d - MARS 2013. - Kisha Orthodh\u03bfkse Autoqefale e Shqip\u00ebris\u00eb\" \/>\n<meta property=\"og:description\" content=\"&nbsp;&nbsp; Doli n\u00eb qarkullim nr. i ri i gazet\u00ebs \u201cNgjallja\u201d- MARS 2013. N\u00eb k\u00ebt\u00eb num\u00ebr do t\u00eb njiheni: &#8211; 25 Mars, Ungjill\u00ebzimi i Hyjlind\u00ebses Mari. &#8211; Trash\u00ebgimi e pambrojtur &#8211; Intervist\u00eb p\u00ebr D\u00cb e Gentian Stratob\u00ebrdha, p\u00ebrgjegj\u00ebs p\u00ebr Trash\u00ebgimin\u00eb n\u00eb Kish\u00ebn Orthodhokse Autoqefale t\u00eb Shqip\u00ebris\u00eb. &#8211; Rreziku i madh dhe real p\u00ebr Kish\u00ebn dhe Autoqefalin\u00eb &#8211; asfiksia ekonomike &#8211; nga Thoma Dhima. &#8211; T\u00eb njohim\" \/>\n<meta property=\"og:url\" content=\"https:\/\/orthodoxalbania.org\/2020\/2013\/04\/02\/gazeta-ngjallja-mars-2013\/\" \/>\n<meta property=\"og:site_name\" content=\"Kisha Orthodh\u03bfkse Autoqefale e Shqip\u00ebris\u00eb\" \/>\n<meta property=\"article:publisher\" content=\"https:\/\/www.facebook.com\/koash1991\" \/>\n<meta property=\"article:published_time\" content=\"2013-04-02T07:45:19+00:00\" \/>\n<meta property=\"article:modified_time\" content=\"2020-04-06T20:05:46+00:00\" \/>\n<meta property=\"og:image\" content=\"https:\/\/lh3.googleusercontent.com\/-SrdBhBLPGPo\/UVqJZyUB4tI\/AAAAAAAACOc\/-CvNMRdA4eI\/s512\/Fq.%201%20-%20Gazeta%20Ngjallja%2C%20Mars%202013.jpg\" \/>\n<meta name=\"author\" content=\"Kisha Orthodhokse\" \/>\n<meta name=\"twitter:card\" content=\"summary_large_image\" \/>\n<meta name=\"twitter:label1\" content=\"Written by\" \/>\n\t<meta name=\"twitter:data1\" content=\"Kisha Orthodhokse\" \/>\n\t<meta name=\"twitter:label2\" content=\"Est. reading time\" \/>\n\t<meta name=\"twitter:data2\" content=\"1 minute\" \/>\n<script type=\"application\/ld+json\" class=\"yoast-schema-graph\">{\"@context\":\"https:\/\/schema.org\",\"@graph\":[{\"@type\":\"Article\",\"@id\":\"https:\/\/orthodoxalbania.org\/2020\/2013\/04\/02\/gazeta-ngjallja-mars-2013\/#article\",\"isPartOf\":{\"@id\":\"https:\/\/orthodoxalbania.org\/2020\/2013\/04\/02\/gazeta-ngjallja-mars-2013\/\"},\"author\":{\"name\":\"Kisha Orthodhokse\",\"@id\":\"https:\/\/orthodoxalbania.org\/2020\/#\/schema\/person\/0c387634a7063ac612d7ed9ce71c7e86\"},\"headline\":\"Gazeta \u201c Ngjallja\u201d &#8211; MARS 2013.\",\"datePublished\":\"2013-04-02T07:45:19+00:00\",\"dateModified\":\"2020-04-06T20:05:46+00:00\",\"mainEntityOfPage\":{\"@id\":\"https:\/\/orthodoxalbania.org\/2020\/2013\/04\/02\/gazeta-ngjallja-mars-2013\/\"},\"wordCount\":296,\"commentCount\":0,\"publisher\":{\"@id\":\"https:\/\/orthodoxalbania.org\/2020\/#organization\"},\"keywords\":[\"2013\",\"Kryepiskopata Tiran\u00eb\",\"lajme\"],\"articleSection\":[\"Lajme\"],\"inLanguage\":\"en-US\"},{\"@type\":\"WebPage\",\"@id\":\"https:\/\/orthodoxalbania.org\/2020\/2013\/04\/02\/gazeta-ngjallja-mars-2013\/\",\"url\":\"https:\/\/orthodoxalbania.org\/2020\/2013\/04\/02\/gazeta-ngjallja-mars-2013\/\",\"name\":\"Gazeta \u201c Ngjallja\u201d - MARS 2013. - Kisha Orthodh\u03bfkse Autoqefale e Shqip\u00ebris\u00eb\",\"isPartOf\":{\"@id\":\"https:\/\/orthodoxalbania.org\/2020\/#website\"},\"datePublished\":\"2013-04-02T07:45:19+00:00\",\"dateModified\":\"2020-04-06T20:05:46+00:00\",\"breadcrumb\":{\"@id\":\"https:\/\/orthodoxalbania.org\/2020\/2013\/04\/02\/gazeta-ngjallja-mars-2013\/#breadcrumb\"},\"inLanguage\":\"en-US\",\"potentialAction\":[{\"@type\":\"ReadAction\",\"target\":[\"https:\/\/orthodoxalbania.org\/2020\/2013\/04\/02\/gazeta-ngjallja-mars-2013\/\"]}]},{\"@type\":\"BreadcrumbList\",\"@id\":\"https:\/\/orthodoxalbania.org\/2020\/2013\/04\/02\/gazeta-ngjallja-mars-2013\/#breadcrumb\",\"itemListElement\":[{\"@type\":\"ListItem\",\"position\":1,\"name\":\"Home\",\"item\":\"https:\/\/orthodoxalbania.org\/2020\/\"},{\"@type\":\"ListItem\",\"position\":2,\"name\":\"Gazeta \u201c Ngjallja\u201d &#8211; MARS 2013.\"}]},{\"@type\":\"WebSite\",\"@id\":\"https:\/\/orthodoxalbania.org\/2020\/#website\",\"url\":\"https:\/\/orthodoxalbania.org\/2020\/\",\"name\":\"Kisha Orthodh\u03bfkse Autoqefale e Shqip\u00ebris\u00eb\",\"description\":\"Fqja Zyrtare e Kish\u00ebs Orthodhokse Autoqefale e Shqip\u00ebris\u00eb me lajmet edhe informacionet zyrtare p\u00ebr struktur\u00ebn edhe veprimtarin e saj.\",\"publisher\":{\"@id\":\"https:\/\/orthodoxalbania.org\/2020\/#organization\"},\"potentialAction\":[{\"@type\":\"SearchAction\",\"target\":{\"@type\":\"EntryPoint\",\"urlTemplate\":\"https:\/\/orthodoxalbania.org\/2020\/?s={search_term_string}\"},\"query-input\":{\"@type\":\"PropertyValueSpecification\",\"valueRequired\":true,\"valueName\":\"search_term_string\"}}],\"inLanguage\":\"en-US\"},{\"@type\":\"Organization\",\"@id\":\"https:\/\/orthodoxalbania.org\/2020\/#organization\",\"name\":\"Kisha Orthodhokse Autoqefale e Shqip\u00ebris\u00eb\",\"url\":\"https:\/\/orthodoxalbania.org\/2020\/\",\"logo\":{\"@type\":\"ImageObject\",\"inLanguage\":\"en-US\",\"@id\":\"https:\/\/orthodoxalbania.org\/2020\/#\/schema\/logo\/image\/\",\"url\":\"https:\/\/orthodoxalbania.org\/2020\/wp-content\/uploads\/2020\/05\/albania.jpeg\",\"contentUrl\":\"https:\/\/orthodoxalbania.org\/2020\/wp-content\/uploads\/2020\/05\/albania.jpeg\",\"width\":540,\"height\":540,\"caption\":\"Kisha Orthodhokse Autoqefale e Shqip\u00ebris\u00eb\"},\"image\":{\"@id\":\"https:\/\/orthodoxalbania.org\/2020\/#\/schema\/logo\/image\/\"},\"sameAs\":[\"https:\/\/www.facebook.com\/koash1991\"]},{\"@type\":\"Person\",\"@id\":\"https:\/\/orthodoxalbania.org\/2020\/#\/schema\/person\/0c387634a7063ac612d7ed9ce71c7e86\",\"name\":\"Kisha Orthodhokse\",\"image\":{\"@type\":\"ImageObject\",\"inLanguage\":\"en-US\",\"@id\":\"https:\/\/secure.gravatar.com\/avatar\/596e7c417251e30f2fbb9c00e026fce61a695a00e51c889caded71c96cbbdde5?s=96&d=mm&r=g\",\"url\":\"https:\/\/secure.gravatar.com\/avatar\/596e7c417251e30f2fbb9c00e026fce61a695a00e51c889caded71c96cbbdde5?s=96&d=mm&r=g\",\"contentUrl\":\"https:\/\/secure.gravatar.com\/avatar\/596e7c417251e30f2fbb9c00e026fce61a695a00e51c889caded71c96cbbdde5?s=96&d=mm&r=g\",\"caption\":\"Kisha Orthodhokse\"}}]}<\/script>\n<!-- \/ Yoast SEO plugin. -->","yoast_head_json":{"title":"Gazeta \u201c Ngjallja\u201d - MARS 2013. - Kisha Orthodh\u03bfkse Autoqefale e Shqip\u00ebris\u00eb","robots":{"index":"index","follow":"follow","max-snippet":"max-snippet:-1","max-image-preview":"max-image-preview:large","max-video-preview":"max-video-preview:-1"},"canonical":"https:\/\/orthodoxalbania.org\/2020\/2013\/04\/02\/gazeta-ngjallja-mars-2013\/","og_locale":"en_US","og_type":"article","og_title":"Gazeta \u201c Ngjallja\u201d - MARS 2013. - Kisha Orthodh\u03bfkse Autoqefale e Shqip\u00ebris\u00eb","og_description":"&nbsp;&nbsp; Doli n\u00eb qarkullim nr. i ri i gazet\u00ebs \u201cNgjallja\u201d- MARS 2013. N\u00eb k\u00ebt\u00eb num\u00ebr do t\u00eb njiheni: &#8211; 25 Mars, Ungjill\u00ebzimi i Hyjlind\u00ebses Mari. &#8211; Trash\u00ebgimi e pambrojtur &#8211; Intervist\u00eb p\u00ebr D\u00cb e Gentian Stratob\u00ebrdha, p\u00ebrgjegj\u00ebs p\u00ebr Trash\u00ebgimin\u00eb n\u00eb Kish\u00ebn Orthodhokse Autoqefale t\u00eb Shqip\u00ebris\u00eb. &#8211; Rreziku i madh dhe real p\u00ebr Kish\u00ebn dhe Autoqefalin\u00eb &#8211; asfiksia ekonomike &#8211; nga Thoma Dhima. &#8211; T\u00eb njohim","og_url":"https:\/\/orthodoxalbania.org\/2020\/2013\/04\/02\/gazeta-ngjallja-mars-2013\/","og_site_name":"Kisha Orthodh\u03bfkse Autoqefale e Shqip\u00ebris\u00eb","article_publisher":"https:\/\/www.facebook.com\/koash1991","article_published_time":"2013-04-02T07:45:19+00:00","article_modified_time":"2020-04-06T20:05:46+00:00","og_image":[{"url":"https:\/\/lh3.googleusercontent.com\/-SrdBhBLPGPo\/UVqJZyUB4tI\/AAAAAAAACOc\/-CvNMRdA4eI\/s512\/Fq. 1 - Gazeta Ngjallja%2C Mars 2013.jpg","type":"","width":"","height":""}],"author":"Kisha Orthodhokse","twitter_card":"summary_large_image","twitter_misc":{"Written by":"Kisha Orthodhokse","Est. reading time":"1 minute"},"schema":{"@context":"https:\/\/schema.org","@graph":[{"@type":"Article","@id":"https:\/\/orthodoxalbania.org\/2020\/2013\/04\/02\/gazeta-ngjallja-mars-2013\/#article","isPartOf":{"@id":"https:\/\/orthodoxalbania.org\/2020\/2013\/04\/02\/gazeta-ngjallja-mars-2013\/"},"author":{"name":"Kisha Orthodhokse","@id":"https:\/\/orthodoxalbania.org\/2020\/#\/schema\/person\/0c387634a7063ac612d7ed9ce71c7e86"},"headline":"Gazeta \u201c Ngjallja\u201d &#8211; MARS 2013.","datePublished":"2013-04-02T07:45:19+00:00","dateModified":"2020-04-06T20:05:46+00:00","mainEntityOfPage":{"@id":"https:\/\/orthodoxalbania.org\/2020\/2013\/04\/02\/gazeta-ngjallja-mars-2013\/"},"wordCount":296,"commentCount":0,"publisher":{"@id":"https:\/\/orthodoxalbania.org\/2020\/#organization"},"keywords":["2013","Kryepiskopata Tiran\u00eb","lajme"],"articleSection":["Lajme"],"inLanguage":"en-US"},{"@type":"WebPage","@id":"https:\/\/orthodoxalbania.org\/2020\/2013\/04\/02\/gazeta-ngjallja-mars-2013\/","url":"https:\/\/orthodoxalbania.org\/2020\/2013\/04\/02\/gazeta-ngjallja-mars-2013\/","name":"Gazeta \u201c Ngjallja\u201d - MARS 2013. - Kisha Orthodh\u03bfkse Autoqefale e Shqip\u00ebris\u00eb","isPartOf":{"@id":"https:\/\/orthodoxalbania.org\/2020\/#website"},"datePublished":"2013-04-02T07:45:19+00:00","dateModified":"2020-04-06T20:05:46+00:00","breadcrumb":{"@id":"https:\/\/orthodoxalbania.org\/2020\/2013\/04\/02\/gazeta-ngjallja-mars-2013\/#breadcrumb"},"inLanguage":"en-US","potentialAction":[{"@type":"ReadAction","target":["https:\/\/orthodoxalbania.org\/2020\/2013\/04\/02\/gazeta-ngjallja-mars-2013\/"]}]},{"@type":"BreadcrumbList","@id":"https:\/\/orthodoxalbania.org\/2020\/2013\/04\/02\/gazeta-ngjallja-mars-2013\/#breadcrumb","itemListElement":[{"@type":"ListItem","position":1,"name":"Home","item":"https:\/\/orthodoxalbania.org\/2020\/"},{"@type":"ListItem","position":2,"name":"Gazeta \u201c Ngjallja\u201d &#8211; MARS 2013."}]},{"@type":"WebSite","@id":"https:\/\/orthodoxalbania.org\/2020\/#website","url":"https:\/\/orthodoxalbania.org\/2020\/","name":"Kisha Orthodh\u03bfkse Autoqefale e Shqip\u00ebris\u00eb","description":"Fqja Zyrtare e Kish\u00ebs Orthodhokse Autoqefale e Shqip\u00ebris\u00eb me lajmet edhe informacionet zyrtare p\u00ebr struktur\u00ebn edhe veprimtarin e saj.","publisher":{"@id":"https:\/\/orthodoxalbania.org\/2020\/#organization"},"potentialAction":[{"@type":"SearchAction","target":{"@type":"EntryPoint","urlTemplate":"https:\/\/orthodoxalbania.org\/2020\/?s={search_term_string}"},"query-input":{"@type":"PropertyValueSpecification","valueRequired":true,"valueName":"search_term_string"}}],"inLanguage":"en-US"},{"@type":"Organization","@id":"https:\/\/orthodoxalbania.org\/2020\/#organization","name":"Kisha Orthodhokse Autoqefale e Shqip\u00ebris\u00eb","url":"https:\/\/orthodoxalbania.org\/2020\/","logo":{"@type":"ImageObject","inLanguage":"en-US","@id":"https:\/\/orthodoxalbania.org\/2020\/#\/schema\/logo\/image\/","url":"https:\/\/orthodoxalbania.org\/2020\/wp-content\/uploads\/2020\/05\/albania.jpeg","contentUrl":"https:\/\/orthodoxalbania.org\/2020\/wp-content\/uploads\/2020\/05\/albania.jpeg","width":540,"height":540,"caption":"Kisha Orthodhokse Autoqefale e Shqip\u00ebris\u00eb"},"image":{"@id":"https:\/\/orthodoxalbania.org\/2020\/#\/schema\/logo\/image\/"},"sameAs":["https:\/\/www.facebook.com\/koash1991"]},{"@type":"Person","@id":"https:\/\/orthodoxalbania.org\/2020\/#\/schema\/person\/0c387634a7063ac612d7ed9ce71c7e86","name":"Kisha Orthodhokse","image":{"@type":"ImageObject","inLanguage":"en-US","@id":"https:\/\/secure.gravatar.com\/avatar\/596e7c417251e30f2fbb9c00e026fce61a695a00e51c889caded71c96cbbdde5?s=96&d=mm&r=g","url":"https:\/\/secure.gravatar.com\/avatar\/596e7c417251e30f2fbb9c00e026fce61a695a00e51c889caded71c96cbbdde5?s=96&d=mm&r=g","contentUrl":"https:\/\/secure.gravatar.com\/avatar\/596e7c417251e30f2fbb9c00e026fce61a695a00e51c889caded71c96cbbdde5?s=96&d=mm&r=g","caption":"Kisha Orthodhokse"}}]}},"_links":{"self":[{"href":"https:\/\/orthodoxalbania.org\/2020\/wp-json\/wp\/v2\/posts\/594","targetHints":{"allow":["GET"]}}],"collection":[{"href":"https:\/\/orthodoxalbania.org\/2020\/wp-json\/wp\/v2\/posts"}],"about":[{"href":"https:\/\/orthodoxalbania.org\/2020\/wp-json\/wp\/v2\/types\/post"}],"author":[{"embeddable":true,"href":"https:\/\/orthodoxalbania.org\/2020\/wp-json\/wp\/v2\/users\/1"}],"replies":[{"embeddable":true,"href":"https:\/\/orthodoxalbania.org\/2020\/wp-json\/wp\/v2\/comments?post=594"}],"version-history":[{"count":1,"href":"https:\/\/orthodoxalbania.org\/2020\/wp-json\/wp\/v2\/posts\/594\/revisions"}],"predecessor-version":[{"id":15237,"href":"https:\/\/orthodoxalbania.org\/2020\/wp-json\/wp\/v2\/posts\/594\/revisions\/15237"}],"wp:attachment":[{"href":"https:\/\/orthodoxalbania.org\/2020\/wp-json\/wp\/v2\/media?parent=594"}],"wp:term":[{"taxonomy":"category","embeddable":true,"href":"https:\/\/orthodoxalbania.org\/2020\/wp-json\/wp\/v2\/categories?post=594"},{"taxonomy":"post_tag","embeddable":true,"href":"https:\/\/orthodoxalbania.org\/2020\/wp-json\/wp\/v2\/tags?post=594"}],"curies":[{"name":"wp","href":"https:\/\/api.w.org\/{rel}","templated":true}]}}