{"id":591,"date":"2013-03-21T10:15:47","date_gmt":"2013-03-21T10:15:47","guid":{"rendered":""},"modified":"2020-04-06T22:31:58","modified_gmt":"2020-04-06T20:31:58","slug":"frekuentim-i-larte-ne-perkujdesjet-ditore-te-kishes","status":"publish","type":"post","link":"https:\/\/orthodoxalbania.org\/2020\/2013\/03\/21\/frekuentim-i-larte-ne-perkujdesjet-ditore-te-kishes\/","title":{"rendered":"Frekuentim i lart\u00eb n\u00eb P\u00ebrkujdesjet Ditore t\u00eb Kish\u00ebs. (2011)"},"content":{"rendered":"<div style=\"text-align: justify;\">\n\t<span style=\"color:#000000;\"><span style=\"font-family: tahoma,geneva,sans-serif;\"><span style=\"font-size: 12px;\"><img decoding=\"async\" class=\"lazyload HAa Eha\" src=\"data:image\/gif;base64,R0lGODlhAQABAAAAACH5BAEKAAEALAAAAAABAAEAAAICTAEAOw==\" data-orig-src=\"https:\/\/lh4.googleusercontent.com\/-jh4hp35f75c\/VAREC0SfgkI\/AAAAAAAACkg\/vwS3J8AdX-g\/w448-h336-no\/foto%2B-%2B1.jpg\" style=\"height: 212px; width: 283px; border-width: 1px; border-style: solid; margin: 10px; float: left;\" \/>&nbsp;&nbsp;&nbsp; Me bekimin dhe mb\u00ebshtetjen e Fortlumturis\u00eb s\u00eb Tij, Kyrepiskopit Anastas<strong><span style=\"text-decoration: underline;\">,<\/span><\/strong> kopshtet e Kish\u00ebs po funksionojn\u00eb mjaft mir\u00eb edhe p\u00ebr vitin shkollor 2011 \u2013 2012. Regjistrimet e bera n\u00eb shtator soll\u00ebn n\u00eb to f\u00ebmij\u00eb t\u00eb moshave 3-5 vje\u00e7, duke sh\u00ebnuar edhe k\u00ebt\u00eb vit nj\u00eb num\u00ebr t\u00eb lart\u00eb k\u00ebrkesash p\u00ebr frekuentim. Nd\u00ebr qytetet me numrin m\u00eb t\u00eb madh t\u00eb f\u00ebmij\u00ebve t\u00eb regjistruar u rendit\u00ebn Lushnja me 80 f\u00ebmij\u00eb, Durr\u00ebsi dhe Kor\u00e7a me 65 dhe Shkodra me 55. K\u00ebtu ve\u00e7ojm\u00eb vitin e tret\u00eb t\u00eb pun\u00ebs n\u00eb nj\u00eb kopsht t\u00eb ri si ai i qytetit t\u00eb C\u00ebrrikut, i cili ka 36 f\u00ebmij\u00eb t\u00eb regjistruar. N\u00eb total, n\u00eb Kryepiskopat\u00ebn e Tiran\u00ebs dhe Mitropolit\u00eb e Beratit dhe Kor\u00e7\u00ebs jan\u00eb 540 f\u00ebmij\u00ebsh n\u00eb 11 kopshte. N\u00eb kopshtin e kryeqytetit u vazhdua sipas k\u00ebrkesave e nevojave t\u00eb prind\u00ebrve me dy sisteme, me dhe pa drek\u00eb. Gjithashtu edhe n\u00eb Mitropolin\u00eb e Gjirokastr\u00ebs k\u00ebt\u00eb vit ka nj\u00eb num\u00ebr t\u00eb lart\u00eb f\u00ebmij\u00ebsh q\u00eb frekuentojn\u00eb kopshtet e Sarand\u00ebs, Gjirokastr\u00ebs,<img decoding=\"async\" class=\"lazyload HAa Eha\" src=\"data:image\/gif;base64,R0lGODlhAQABAAAAACH5BAEKAAEALAAAAAABAAEAAAICTAEAOw==\" data-orig-src=\"https:\/\/lh4.googleusercontent.com\/-YvJDHDNHIjk\/VAREC18_o3I\/AAAAAAAACkk\/hv1hYZq60DU\/w448-h336-no\/foto%2B2.jpg\" style=\"height: 224px; width: 298px; border-width: 1px; border-style: solid; margin: 10px; float: right;\" \/> Dervicianit dhe P\u00ebrmetit. Familjet e f\u00ebmij\u00ebve, pa dallim besimi, gjet\u00ebn pran\u00eb p\u00ebrkujdesjeve ditore mjedise cil\u00ebsore, nj\u00eb sh\u00ebrbim t\u00eb kulturuar, staf t\u00eb kualifikuar dhe kujdes t\u00eb kualifikuar sh\u00ebndet\u00ebsor. Programi m\u00ebsimor i zbatuar n\u00eb k\u00ebto p\u00ebrkujdesje, tekstet e p\u00ebrdorura dhe larmia e baz\u00ebs materiale p\u00ebr realizimin e or\u00ebs s\u00eb m\u00ebsimit b\u00ebjn\u00eb q\u00eb \u00e7do vit k\u00ebto struktura t\u00eb realizojn\u00eb m\u00eb s\u00eb miri detyr\u00ebn e tyre fisnike n\u00eb hedhjen e hapave t\u00eb par\u00eb t\u00eb edukimit tek brezi i ri. T\u00eb gjitha p\u00ebrkujdesjet p\u00ebrgatisin f\u00ebmij\u00ebt n\u00eb 3 nivele, sipas grupmoshave, me nj\u00eb num\u00ebr optimal f\u00ebmij\u00ebsh n\u00eb klasa, ashtu si\u00e7 k\u00ebrkojn\u00eb rekomandimet e MASH. Duhet t\u00eb theksohet frekuentimi i lart\u00eb nga f\u00ebmij\u00ebt parashkollor\u00eb, 230 t\u00eb pranish\u00ebm n\u00eb k\u00ebt\u00eb vit, ndon\u00ebse ky kontigjent \u00ebsht\u00eb p\u00ebrthithur edhe nga klasa t\u00eb ve\u00e7anta parashkollore pran\u00eb shkollave 9\u2013vje\u00e7are.<\/span><\/span><\/span><\/div>\n<div style=\"text-align: justify;\">\n\t<br \/>\n\t<span style=\"color:#000000;\"><span style=\"font-family: tahoma,geneva,sans-serif;\"><span style=\"font-size: 12px;\">&nbsp;&nbsp;&nbsp; Angazhimi i p\u00ebrditsh\u00ebm vler\u00ebsohet me falenderimet e shprehura nga prind\u00ebrit p\u00ebr mjediset, p\u00ebrgatitjen, kujdesin dhe edukat\u00ebn q\u00eb f\u00ebmij\u00ebt e tyre marrin pran\u00eb P\u00ebrkujdesjeve Ditore t\u00eb Kish\u00ebs. &nbsp;<\/span><\/span><\/span><\/div>\n<div style=\"text-align: right;\">\n\t<br \/>\n\t<span style=\"color:#000000;\"><span style=\"font-family: tahoma,geneva,sans-serif;\"><span style=\"font-size: 12px;\"><strong>Joana Cenko<\/strong><\/span><\/span><\/span><\/div>\n","protected":false},"excerpt":{"rendered":"<p>&nbsp;&nbsp;&nbsp; Me bekimin dhe mb\u00ebshtetjen e Fortlumturis\u00eb s\u00eb Tij, Kyrepiskopit Anastas, kopshtet e Kish\u00ebs po funksionojn\u00eb mjaft mir\u00eb edhe p\u00ebr vitin shkollor 2011 \u2013 2012. Regjistrimet e bera n\u00eb shtator soll\u00ebn n\u00eb to f\u00ebmij\u00eb t\u00eb moshave 3-5 vje\u00e7, duke sh\u00ebnuar edhe k\u00ebt\u00eb vit nj\u00eb num\u00ebr t\u00eb lart\u00eb k\u00ebrkesash p\u00ebr frekuentim. Nd\u00ebr qytetet me numrin m\u00eb t\u00eb madh t\u00eb f\u00ebmij\u00ebve t\u00eb regjistruar u rendit\u00ebn Lushnja me<\/p>\n","protected":false},"author":1,"featured_media":0,"comment_status":"open","ping_status":"open","sticky":false,"template":"","format":"standard","meta":{"_acf_changed":false,"pagelayer_contact_templates":[],"_pagelayer_content":"","inline_featured_image":false,"fifu_image_url":"","fifu_image_alt":"","footnotes":""},"categories":[108],"tags":[143,175,196,212],"class_list":["post-591","post","type-post","status-publish","format-standard","hentry","category-lajme","tag-143","tag-institucione-parashkollore-te-kishes-orthodhokse","tag-tirane","tag-lajme-d27"],"acf":[],"yoast_head":"<!-- This site is optimized with the Yoast SEO plugin v27.2 - https:\/\/yoast.com\/product\/yoast-seo-wordpress\/ -->\n<title>Frekuentim i lart\u00eb n\u00eb P\u00ebrkujdesjet Ditore t\u00eb Kish\u00ebs. (2011) - Kisha Orthodh\u03bfkse Autoqefale e Shqip\u00ebris\u00eb<\/title>\n<meta name=\"robots\" content=\"index, follow, max-snippet:-1, max-image-preview:large, max-video-preview:-1\" \/>\n<link rel=\"canonical\" href=\"https:\/\/orthodoxalbania.org\/2020\/2013\/03\/21\/frekuentim-i-larte-ne-perkujdesjet-ditore-te-kishes\/\" \/>\n<meta property=\"og:locale\" content=\"en_US\" \/>\n<meta property=\"og:type\" content=\"article\" \/>\n<meta property=\"og:title\" content=\"Frekuentim i lart\u00eb n\u00eb P\u00ebrkujdesjet Ditore t\u00eb Kish\u00ebs. (2011) - Kisha Orthodh\u03bfkse Autoqefale e Shqip\u00ebris\u00eb\" \/>\n<meta property=\"og:description\" content=\"&nbsp;&nbsp;&nbsp; Me bekimin dhe mb\u00ebshtetjen e Fortlumturis\u00eb s\u00eb Tij, Kyrepiskopit Anastas, kopshtet e Kish\u00ebs po funksionojn\u00eb mjaft mir\u00eb edhe p\u00ebr vitin shkollor 2011 \u2013 2012. Regjistrimet e bera n\u00eb shtator soll\u00ebn n\u00eb to f\u00ebmij\u00eb t\u00eb moshave 3-5 vje\u00e7, duke sh\u00ebnuar edhe k\u00ebt\u00eb vit nj\u00eb num\u00ebr t\u00eb lart\u00eb k\u00ebrkesash p\u00ebr frekuentim. Nd\u00ebr qytetet me numrin m\u00eb t\u00eb madh t\u00eb f\u00ebmij\u00ebve t\u00eb regjistruar u rendit\u00ebn Lushnja me\" \/>\n<meta property=\"og:url\" content=\"https:\/\/orthodoxalbania.org\/2020\/2013\/03\/21\/frekuentim-i-larte-ne-perkujdesjet-ditore-te-kishes\/\" \/>\n<meta property=\"og:site_name\" content=\"Kisha Orthodh\u03bfkse Autoqefale e Shqip\u00ebris\u00eb\" \/>\n<meta property=\"article:publisher\" content=\"https:\/\/www.facebook.com\/koash1991\" \/>\n<meta property=\"article:published_time\" content=\"2013-03-21T10:15:47+00:00\" \/>\n<meta property=\"article:modified_time\" content=\"2020-04-06T20:31:58+00:00\" \/>\n<meta property=\"og:image\" content=\"https:\/\/lh4.googleusercontent.com\/-jh4hp35f75c\/VAREC0SfgkI\/AAAAAAAACkg\/vwS3J8AdX-g\/w448-h336-no\/foto%2B-%2B1.jpg\" \/>\n<meta name=\"author\" content=\"Kisha Orthodhokse\" \/>\n<meta name=\"twitter:card\" content=\"summary_large_image\" \/>\n<meta name=\"twitter:label1\" content=\"Written by\" \/>\n\t<meta name=\"twitter:data1\" content=\"Kisha Orthodhokse\" \/>\n\t<meta name=\"twitter:label2\" content=\"Est. reading time\" \/>\n\t<meta name=\"twitter:data2\" content=\"2 minutes\" \/>\n<script type=\"application\/ld+json\" class=\"yoast-schema-graph\">{\"@context\":\"https:\/\/schema.org\",\"@graph\":[{\"@type\":\"Article\",\"@id\":\"https:\/\/orthodoxalbania.org\/2020\/2013\/03\/21\/frekuentim-i-larte-ne-perkujdesjet-ditore-te-kishes\/#article\",\"isPartOf\":{\"@id\":\"https:\/\/orthodoxalbania.org\/2020\/2013\/03\/21\/frekuentim-i-larte-ne-perkujdesjet-ditore-te-kishes\/\"},\"author\":{\"name\":\"Kisha Orthodhokse\",\"@id\":\"https:\/\/orthodoxalbania.org\/2020\/#\/schema\/person\/0c387634a7063ac612d7ed9ce71c7e86\"},\"headline\":\"Frekuentim i lart\u00eb n\u00eb P\u00ebrkujdesjet Ditore t\u00eb Kish\u00ebs. (2011)\",\"datePublished\":\"2013-03-21T10:15:47+00:00\",\"dateModified\":\"2020-04-06T20:31:58+00:00\",\"mainEntityOfPage\":{\"@id\":\"https:\/\/orthodoxalbania.org\/2020\/2013\/03\/21\/frekuentim-i-larte-ne-perkujdesjet-ditore-te-kishes\/\"},\"wordCount\":401,\"commentCount\":0,\"publisher\":{\"@id\":\"https:\/\/orthodoxalbania.org\/2020\/#organization\"},\"image\":{\"@id\":\"https:\/\/orthodoxalbania.org\/2020\/2013\/03\/21\/frekuentim-i-larte-ne-perkujdesjet-ditore-te-kishes\/#primaryimage\"},\"thumbnailUrl\":\"https:\/\/lh4.googleusercontent.com\/-jh4hp35f75c\/VAREC0SfgkI\/AAAAAAAACkg\/vwS3J8AdX-g\/w448-h336-no\/foto%2B-%2B1.jpg\",\"keywords\":[\"2011\",\"Institucione Parashkollore t\u00eb Kish\u00ebs Orthodhokse\",\"Kryepiskopata Tiran\u00eb\",\"lajme\"],\"articleSection\":[\"Lajme\"],\"inLanguage\":\"en-US\"},{\"@type\":\"WebPage\",\"@id\":\"https:\/\/orthodoxalbania.org\/2020\/2013\/03\/21\/frekuentim-i-larte-ne-perkujdesjet-ditore-te-kishes\/\",\"url\":\"https:\/\/orthodoxalbania.org\/2020\/2013\/03\/21\/frekuentim-i-larte-ne-perkujdesjet-ditore-te-kishes\/\",\"name\":\"Frekuentim i lart\u00eb n\u00eb P\u00ebrkujdesjet Ditore t\u00eb Kish\u00ebs. (2011) - Kisha Orthodh\u03bfkse Autoqefale e Shqip\u00ebris\u00eb\",\"isPartOf\":{\"@id\":\"https:\/\/orthodoxalbania.org\/2020\/#website\"},\"primaryImageOfPage\":{\"@id\":\"https:\/\/orthodoxalbania.org\/2020\/2013\/03\/21\/frekuentim-i-larte-ne-perkujdesjet-ditore-te-kishes\/#primaryimage\"},\"image\":{\"@id\":\"https:\/\/orthodoxalbania.org\/2020\/2013\/03\/21\/frekuentim-i-larte-ne-perkujdesjet-ditore-te-kishes\/#primaryimage\"},\"thumbnailUrl\":\"https:\/\/lh4.googleusercontent.com\/-jh4hp35f75c\/VAREC0SfgkI\/AAAAAAAACkg\/vwS3J8AdX-g\/w448-h336-no\/foto%2B-%2B1.jpg\",\"datePublished\":\"2013-03-21T10:15:47+00:00\",\"dateModified\":\"2020-04-06T20:31:58+00:00\",\"breadcrumb\":{\"@id\":\"https:\/\/orthodoxalbania.org\/2020\/2013\/03\/21\/frekuentim-i-larte-ne-perkujdesjet-ditore-te-kishes\/#breadcrumb\"},\"inLanguage\":\"en-US\",\"potentialAction\":[{\"@type\":\"ReadAction\",\"target\":[\"https:\/\/orthodoxalbania.org\/2020\/2013\/03\/21\/frekuentim-i-larte-ne-perkujdesjet-ditore-te-kishes\/\"]}]},{\"@type\":\"ImageObject\",\"inLanguage\":\"en-US\",\"@id\":\"https:\/\/orthodoxalbania.org\/2020\/2013\/03\/21\/frekuentim-i-larte-ne-perkujdesjet-ditore-te-kishes\/#primaryimage\",\"url\":\"https:\/\/lh4.googleusercontent.com\/-jh4hp35f75c\/VAREC0SfgkI\/AAAAAAAACkg\/vwS3J8AdX-g\/w448-h336-no\/foto%2B-%2B1.jpg\",\"contentUrl\":\"https:\/\/lh4.googleusercontent.com\/-jh4hp35f75c\/VAREC0SfgkI\/AAAAAAAACkg\/vwS3J8AdX-g\/w448-h336-no\/foto%2B-%2B1.jpg\"},{\"@type\":\"BreadcrumbList\",\"@id\":\"https:\/\/orthodoxalbania.org\/2020\/2013\/03\/21\/frekuentim-i-larte-ne-perkujdesjet-ditore-te-kishes\/#breadcrumb\",\"itemListElement\":[{\"@type\":\"ListItem\",\"position\":1,\"name\":\"Home\",\"item\":\"https:\/\/orthodoxalbania.org\/2020\/\"},{\"@type\":\"ListItem\",\"position\":2,\"name\":\"Frekuentim i lart\u00eb n\u00eb P\u00ebrkujdesjet Ditore t\u00eb Kish\u00ebs. (2011)\"}]},{\"@type\":\"WebSite\",\"@id\":\"https:\/\/orthodoxalbania.org\/2020\/#website\",\"url\":\"https:\/\/orthodoxalbania.org\/2020\/\",\"name\":\"Kisha Orthodh\u03bfkse Autoqefale e Shqip\u00ebris\u00eb\",\"description\":\"Fqja Zyrtare e Kish\u00ebs Orthodhokse Autoqefale e Shqip\u00ebris\u00eb me lajmet edhe informacionet zyrtare p\u00ebr struktur\u00ebn edhe veprimtarin e saj.\",\"publisher\":{\"@id\":\"https:\/\/orthodoxalbania.org\/2020\/#organization\"},\"potentialAction\":[{\"@type\":\"SearchAction\",\"target\":{\"@type\":\"EntryPoint\",\"urlTemplate\":\"https:\/\/orthodoxalbania.org\/2020\/?s={search_term_string}\"},\"query-input\":{\"@type\":\"PropertyValueSpecification\",\"valueRequired\":true,\"valueName\":\"search_term_string\"}}],\"inLanguage\":\"en-US\"},{\"@type\":\"Organization\",\"@id\":\"https:\/\/orthodoxalbania.org\/2020\/#organization\",\"name\":\"Kisha Orthodhokse Autoqefale e Shqip\u00ebris\u00eb\",\"url\":\"https:\/\/orthodoxalbania.org\/2020\/\",\"logo\":{\"@type\":\"ImageObject\",\"inLanguage\":\"en-US\",\"@id\":\"https:\/\/orthodoxalbania.org\/2020\/#\/schema\/logo\/image\/\",\"url\":\"https:\/\/orthodoxalbania.org\/2020\/wp-content\/uploads\/2020\/05\/albania.jpeg\",\"contentUrl\":\"https:\/\/orthodoxalbania.org\/2020\/wp-content\/uploads\/2020\/05\/albania.jpeg\",\"width\":540,\"height\":540,\"caption\":\"Kisha Orthodhokse Autoqefale e Shqip\u00ebris\u00eb\"},\"image\":{\"@id\":\"https:\/\/orthodoxalbania.org\/2020\/#\/schema\/logo\/image\/\"},\"sameAs\":[\"https:\/\/www.facebook.com\/koash1991\"]},{\"@type\":\"Person\",\"@id\":\"https:\/\/orthodoxalbania.org\/2020\/#\/schema\/person\/0c387634a7063ac612d7ed9ce71c7e86\",\"name\":\"Kisha Orthodhokse\",\"image\":{\"@type\":\"ImageObject\",\"inLanguage\":\"en-US\",\"@id\":\"https:\/\/secure.gravatar.com\/avatar\/596e7c417251e30f2fbb9c00e026fce61a695a00e51c889caded71c96cbbdde5?s=96&d=mm&r=g\",\"url\":\"https:\/\/secure.gravatar.com\/avatar\/596e7c417251e30f2fbb9c00e026fce61a695a00e51c889caded71c96cbbdde5?s=96&d=mm&r=g\",\"contentUrl\":\"https:\/\/secure.gravatar.com\/avatar\/596e7c417251e30f2fbb9c00e026fce61a695a00e51c889caded71c96cbbdde5?s=96&d=mm&r=g\",\"caption\":\"Kisha Orthodhokse\"}}]}<\/script>\n<!-- \/ Yoast SEO plugin. -->","yoast_head_json":{"title":"Frekuentim i lart\u00eb n\u00eb P\u00ebrkujdesjet Ditore t\u00eb Kish\u00ebs. (2011) - Kisha Orthodh\u03bfkse Autoqefale e Shqip\u00ebris\u00eb","robots":{"index":"index","follow":"follow","max-snippet":"max-snippet:-1","max-image-preview":"max-image-preview:large","max-video-preview":"max-video-preview:-1"},"canonical":"https:\/\/orthodoxalbania.org\/2020\/2013\/03\/21\/frekuentim-i-larte-ne-perkujdesjet-ditore-te-kishes\/","og_locale":"en_US","og_type":"article","og_title":"Frekuentim i lart\u00eb n\u00eb P\u00ebrkujdesjet Ditore t\u00eb Kish\u00ebs. (2011) - Kisha Orthodh\u03bfkse Autoqefale e Shqip\u00ebris\u00eb","og_description":"&nbsp;&nbsp;&nbsp; Me bekimin dhe mb\u00ebshtetjen e Fortlumturis\u00eb s\u00eb Tij, Kyrepiskopit Anastas, kopshtet e Kish\u00ebs po funksionojn\u00eb mjaft mir\u00eb edhe p\u00ebr vitin shkollor 2011 \u2013 2012. Regjistrimet e bera n\u00eb shtator soll\u00ebn n\u00eb to f\u00ebmij\u00eb t\u00eb moshave 3-5 vje\u00e7, duke sh\u00ebnuar edhe k\u00ebt\u00eb vit nj\u00eb num\u00ebr t\u00eb lart\u00eb k\u00ebrkesash p\u00ebr frekuentim. Nd\u00ebr qytetet me numrin m\u00eb t\u00eb madh t\u00eb f\u00ebmij\u00ebve t\u00eb regjistruar u rendit\u00ebn Lushnja me","og_url":"https:\/\/orthodoxalbania.org\/2020\/2013\/03\/21\/frekuentim-i-larte-ne-perkujdesjet-ditore-te-kishes\/","og_site_name":"Kisha Orthodh\u03bfkse Autoqefale e Shqip\u00ebris\u00eb","article_publisher":"https:\/\/www.facebook.com\/koash1991","article_published_time":"2013-03-21T10:15:47+00:00","article_modified_time":"2020-04-06T20:31:58+00:00","og_image":[{"url":"https:\/\/lh4.googleusercontent.com\/-jh4hp35f75c\/VAREC0SfgkI\/AAAAAAAACkg\/vwS3J8AdX-g\/w448-h336-no\/foto%2B-%2B1.jpg","type":"","width":"","height":""}],"author":"Kisha Orthodhokse","twitter_card":"summary_large_image","twitter_misc":{"Written by":"Kisha Orthodhokse","Est. reading time":"2 minutes"},"schema":{"@context":"https:\/\/schema.org","@graph":[{"@type":"Article","@id":"https:\/\/orthodoxalbania.org\/2020\/2013\/03\/21\/frekuentim-i-larte-ne-perkujdesjet-ditore-te-kishes\/#article","isPartOf":{"@id":"https:\/\/orthodoxalbania.org\/2020\/2013\/03\/21\/frekuentim-i-larte-ne-perkujdesjet-ditore-te-kishes\/"},"author":{"name":"Kisha Orthodhokse","@id":"https:\/\/orthodoxalbania.org\/2020\/#\/schema\/person\/0c387634a7063ac612d7ed9ce71c7e86"},"headline":"Frekuentim i lart\u00eb n\u00eb P\u00ebrkujdesjet Ditore t\u00eb Kish\u00ebs. (2011)","datePublished":"2013-03-21T10:15:47+00:00","dateModified":"2020-04-06T20:31:58+00:00","mainEntityOfPage":{"@id":"https:\/\/orthodoxalbania.org\/2020\/2013\/03\/21\/frekuentim-i-larte-ne-perkujdesjet-ditore-te-kishes\/"},"wordCount":401,"commentCount":0,"publisher":{"@id":"https:\/\/orthodoxalbania.org\/2020\/#organization"},"image":{"@id":"https:\/\/orthodoxalbania.org\/2020\/2013\/03\/21\/frekuentim-i-larte-ne-perkujdesjet-ditore-te-kishes\/#primaryimage"},"thumbnailUrl":"https:\/\/lh4.googleusercontent.com\/-jh4hp35f75c\/VAREC0SfgkI\/AAAAAAAACkg\/vwS3J8AdX-g\/w448-h336-no\/foto%2B-%2B1.jpg","keywords":["2011","Institucione Parashkollore t\u00eb Kish\u00ebs Orthodhokse","Kryepiskopata Tiran\u00eb","lajme"],"articleSection":["Lajme"],"inLanguage":"en-US"},{"@type":"WebPage","@id":"https:\/\/orthodoxalbania.org\/2020\/2013\/03\/21\/frekuentim-i-larte-ne-perkujdesjet-ditore-te-kishes\/","url":"https:\/\/orthodoxalbania.org\/2020\/2013\/03\/21\/frekuentim-i-larte-ne-perkujdesjet-ditore-te-kishes\/","name":"Frekuentim i lart\u00eb n\u00eb P\u00ebrkujdesjet Ditore t\u00eb Kish\u00ebs. (2011) - Kisha Orthodh\u03bfkse Autoqefale e Shqip\u00ebris\u00eb","isPartOf":{"@id":"https:\/\/orthodoxalbania.org\/2020\/#website"},"primaryImageOfPage":{"@id":"https:\/\/orthodoxalbania.org\/2020\/2013\/03\/21\/frekuentim-i-larte-ne-perkujdesjet-ditore-te-kishes\/#primaryimage"},"image":{"@id":"https:\/\/orthodoxalbania.org\/2020\/2013\/03\/21\/frekuentim-i-larte-ne-perkujdesjet-ditore-te-kishes\/#primaryimage"},"thumbnailUrl":"https:\/\/lh4.googleusercontent.com\/-jh4hp35f75c\/VAREC0SfgkI\/AAAAAAAACkg\/vwS3J8AdX-g\/w448-h336-no\/foto%2B-%2B1.jpg","datePublished":"2013-03-21T10:15:47+00:00","dateModified":"2020-04-06T20:31:58+00:00","breadcrumb":{"@id":"https:\/\/orthodoxalbania.org\/2020\/2013\/03\/21\/frekuentim-i-larte-ne-perkujdesjet-ditore-te-kishes\/#breadcrumb"},"inLanguage":"en-US","potentialAction":[{"@type":"ReadAction","target":["https:\/\/orthodoxalbania.org\/2020\/2013\/03\/21\/frekuentim-i-larte-ne-perkujdesjet-ditore-te-kishes\/"]}]},{"@type":"ImageObject","inLanguage":"en-US","@id":"https:\/\/orthodoxalbania.org\/2020\/2013\/03\/21\/frekuentim-i-larte-ne-perkujdesjet-ditore-te-kishes\/#primaryimage","url":"https:\/\/lh4.googleusercontent.com\/-jh4hp35f75c\/VAREC0SfgkI\/AAAAAAAACkg\/vwS3J8AdX-g\/w448-h336-no\/foto%2B-%2B1.jpg","contentUrl":"https:\/\/lh4.googleusercontent.com\/-jh4hp35f75c\/VAREC0SfgkI\/AAAAAAAACkg\/vwS3J8AdX-g\/w448-h336-no\/foto%2B-%2B1.jpg"},{"@type":"BreadcrumbList","@id":"https:\/\/orthodoxalbania.org\/2020\/2013\/03\/21\/frekuentim-i-larte-ne-perkujdesjet-ditore-te-kishes\/#breadcrumb","itemListElement":[{"@type":"ListItem","position":1,"name":"Home","item":"https:\/\/orthodoxalbania.org\/2020\/"},{"@type":"ListItem","position":2,"name":"Frekuentim i lart\u00eb n\u00eb P\u00ebrkujdesjet Ditore t\u00eb Kish\u00ebs. (2011)"}]},{"@type":"WebSite","@id":"https:\/\/orthodoxalbania.org\/2020\/#website","url":"https:\/\/orthodoxalbania.org\/2020\/","name":"Kisha Orthodh\u03bfkse Autoqefale e Shqip\u00ebris\u00eb","description":"Fqja Zyrtare e Kish\u00ebs Orthodhokse Autoqefale e Shqip\u00ebris\u00eb me lajmet edhe informacionet zyrtare p\u00ebr struktur\u00ebn edhe veprimtarin e saj.","publisher":{"@id":"https:\/\/orthodoxalbania.org\/2020\/#organization"},"potentialAction":[{"@type":"SearchAction","target":{"@type":"EntryPoint","urlTemplate":"https:\/\/orthodoxalbania.org\/2020\/?s={search_term_string}"},"query-input":{"@type":"PropertyValueSpecification","valueRequired":true,"valueName":"search_term_string"}}],"inLanguage":"en-US"},{"@type":"Organization","@id":"https:\/\/orthodoxalbania.org\/2020\/#organization","name":"Kisha Orthodhokse Autoqefale e Shqip\u00ebris\u00eb","url":"https:\/\/orthodoxalbania.org\/2020\/","logo":{"@type":"ImageObject","inLanguage":"en-US","@id":"https:\/\/orthodoxalbania.org\/2020\/#\/schema\/logo\/image\/","url":"https:\/\/orthodoxalbania.org\/2020\/wp-content\/uploads\/2020\/05\/albania.jpeg","contentUrl":"https:\/\/orthodoxalbania.org\/2020\/wp-content\/uploads\/2020\/05\/albania.jpeg","width":540,"height":540,"caption":"Kisha Orthodhokse Autoqefale e Shqip\u00ebris\u00eb"},"image":{"@id":"https:\/\/orthodoxalbania.org\/2020\/#\/schema\/logo\/image\/"},"sameAs":["https:\/\/www.facebook.com\/koash1991"]},{"@type":"Person","@id":"https:\/\/orthodoxalbania.org\/2020\/#\/schema\/person\/0c387634a7063ac612d7ed9ce71c7e86","name":"Kisha Orthodhokse","image":{"@type":"ImageObject","inLanguage":"en-US","@id":"https:\/\/secure.gravatar.com\/avatar\/596e7c417251e30f2fbb9c00e026fce61a695a00e51c889caded71c96cbbdde5?s=96&d=mm&r=g","url":"https:\/\/secure.gravatar.com\/avatar\/596e7c417251e30f2fbb9c00e026fce61a695a00e51c889caded71c96cbbdde5?s=96&d=mm&r=g","contentUrl":"https:\/\/secure.gravatar.com\/avatar\/596e7c417251e30f2fbb9c00e026fce61a695a00e51c889caded71c96cbbdde5?s=96&d=mm&r=g","caption":"Kisha Orthodhokse"}}]}},"_links":{"self":[{"href":"https:\/\/orthodoxalbania.org\/2020\/wp-json\/wp\/v2\/posts\/591","targetHints":{"allow":["GET"]}}],"collection":[{"href":"https:\/\/orthodoxalbania.org\/2020\/wp-json\/wp\/v2\/posts"}],"about":[{"href":"https:\/\/orthodoxalbania.org\/2020\/wp-json\/wp\/v2\/types\/post"}],"author":[{"embeddable":true,"href":"https:\/\/orthodoxalbania.org\/2020\/wp-json\/wp\/v2\/users\/1"}],"replies":[{"embeddable":true,"href":"https:\/\/orthodoxalbania.org\/2020\/wp-json\/wp\/v2\/comments?post=591"}],"version-history":[{"count":1,"href":"https:\/\/orthodoxalbania.org\/2020\/wp-json\/wp\/v2\/posts\/591\/revisions"}],"predecessor-version":[{"id":15359,"href":"https:\/\/orthodoxalbania.org\/2020\/wp-json\/wp\/v2\/posts\/591\/revisions\/15359"}],"wp:attachment":[{"href":"https:\/\/orthodoxalbania.org\/2020\/wp-json\/wp\/v2\/media?parent=591"}],"wp:term":[{"taxonomy":"category","embeddable":true,"href":"https:\/\/orthodoxalbania.org\/2020\/wp-json\/wp\/v2\/categories?post=591"},{"taxonomy":"post_tag","embeddable":true,"href":"https:\/\/orthodoxalbania.org\/2020\/wp-json\/wp\/v2\/tags?post=591"}],"curies":[{"name":"wp","href":"https:\/\/api.w.org\/{rel}","templated":true}]}}