{"id":58747,"date":"2022-04-03T17:30:56","date_gmt":"2022-04-03T15:30:56","guid":{"rendered":"https:\/\/orthodoxalbania.org\/2020\/?p=58747"},"modified":"2022-04-06T14:22:47","modified_gmt":"2022-04-06T12:22:47","slug":"e-diela-iv-e-kreshmeve-shen-joani-i-shkalles-nga-mitropoliti-i-apollonise-fierit-h-nikolla-03-04-2022-tekst","status":"publish","type":"post","link":"https:\/\/orthodoxalbania.org\/2020\/2022\/04\/03\/e-diela-iv-e-kreshmeve-shen-joani-i-shkalles-nga-mitropoliti-i-apollonise-fierit-h-nikolla-03-04-2022-tekst\/","title":{"rendered":"E Diela IV e kreshm\u00ebve, Sh\u00ebn Joani i Shkall\u00ebs, nga Mitropoliti i Apollonis\u00eb &#038; Fierit, H. Nikolla, 03.04.2022 (Tekst)"},"content":{"rendered":"<h4 style=\"text-align: center;\"><strong>E Diela IV e kreshm\u00ebve, Sh\u00ebn Joani i Shkall\u00ebs, nga Mitropoliti i Apollonis\u00eb &amp; Fierit, H. Nikolla, 03.04.2022 (Tekst)<\/strong><\/h4>\n<p style=\"text-align: justify;\">\n<p style=\"text-align: justify;\">\u201cKisha, si nj\u00eb n\u00ebn\u00eb e dashur kujdeset gjithmon\u00eb me shum\u00eb dashuri p\u00ebr ne\u201d<\/p>\n<p style=\"text-align: justify;\">\n<p style=\"text-align: justify;\">Kisha t\u00eb dashur besimtar\u00eb, \u00ebsht\u00eb p\u00ebr ne t\u00eb gjith\u00eb si nj\u00eb n\u00ebn\u00eb e dashur dhe nj\u00eb n\u00ebn\u00eb e dashur gjithmon\u00eb kujdeset me shum\u00eb dashuri p\u00ebr f\u00ebmij\u00ebt e saj. Nj\u00eb n\u00ebn\u00eb e cila na ka lindur shpirt\u00ebrisht, nj\u00eb n\u00ebn\u00eb e cila vazhdimisht kujdeset dhe na rrit, nj\u00eb n\u00ebn\u00eb q\u00eb vazhdimisht na ushqen, nj\u00eb n\u00ebn\u00eb e cila vazhdimisht kujdeset t\u00eb na forcoj\u00eb dhe t\u00eb na p\u00ebrgatis\u00eb p\u00ebr v\u00ebshtir\u00ebsit\u00eb dhe sfidat e shumta q\u00eb do p\u00ebrballim n\u00eb jet\u00ebn ton\u00eb. Dhe si nj\u00eb n\u00ebn\u00eb e dashur ,kuptohet q\u00eb,nuk na m\u00ebson dhe nuk na detyron t\u00eb b\u00ebjm\u00eb di\u00e7ka q\u00eb \u00ebsht\u00eb e d\u00ebmshme p\u00ebr jet\u00ebn ton\u00eb.<\/p>\n<p style=\"text-align: justify;\">Na ka futur Kisha n\u00eb k\u00ebt\u00eb periudh\u00eb, n\u00eb p\u00ebrgatitje t\u00eb festimit t\u00eb Ngjalljes s\u00eb Zotit. Na ka futur Kisha n\u00eb k\u00ebt\u00eb periudh\u00eb kreshme dhe gjersa na m\u00ebson q\u00eb duhet t\u00eb jetojm\u00eb n\u00eb k\u00ebt\u00eb periudh\u00eb me kreshm\u00eb, patjet\u00ebr Kisha na m\u00ebson dhe e di q\u00eb kreshma \u00ebsht\u00eb e dobishme p\u00ebr jet\u00ebn ton\u00eb, \u00ebsht\u00eb e dobishme p\u00ebr shpirtin ton\u00eb, \u00ebsht\u00eb e dobishme p\u00ebr vet\u00eb trupin ton\u00eb.<\/p>\n<p style=\"text-align: justify;\">Sot ,t\u00eb diel\u00ebn e kat\u00ebrt t\u00eb kreshm\u00ebve t\u00eb m\u00ebdha, Kisha, kujton Sh\u00ebn Joanin e Shkall\u00ebs. Nj\u00eb shenjtor i cili jetoi n\u00eb shekullin e VI. Quhet Joani i Shkall\u00ebs sepse ka quajtur nj\u00eb lib\u00ebr q\u00eb quhet &#8220;Shkall\u00eb&#8221; . N\u00eb k\u00ebt\u00eb lib\u00ebr ai na flet p\u00ebr shkall\u00ebt, grad\u00ebt ,t\u00eb cil\u00ebt ne duhet t\u00eb p\u00ebrparojm\u00eb n\u00eb jet\u00ebn ton\u00eb shpirt\u00ebrore p\u00ebr t\u00eb arritur n\u00eb shkall\u00ebn m\u00eb t\u00eb lart\u00eb, n\u00eb shkall\u00ebn e tridhjet\u00eb q\u00eb p\u00ebrm\u00ebnd shenjtori q\u00eb \u00ebsht\u00eb Besa, Shpresa dhe Dashuria. N\u00eb nj\u00eb nga k\u00ebta kapitujt dhe nj\u00eb nga k\u00ebto shkall\u00ebt ose fjal\u00ebt q\u00eb p\u00ebrmend shenjtori \u00ebsht\u00eb Gryk\u00ebsia, si ne duhet ta kalojm\u00eb k\u00ebt\u00eb shkall\u00ebn e gryk\u00ebsia e cila lidhet shum\u00eb fuqish\u00ebm me kreshm\u00ebn, t\u00eb cil\u00ebn na m\u00ebson Kisha.<\/p>\n<p style=\"text-align: justify;\">Dhe \u00e7far\u00eb na thot\u00eb shenjtori?!<\/p>\n<p style=\"text-align: justify;\">Ai na thot\u00eb se gryk\u00ebsia \u00ebsht\u00eb kreu i t\u00eb gjith\u00eb armiqve t\u00eb rreziksh\u00ebm q\u00eb neve kemi. \u00cbsht\u00eb kreu! Dhe p\u00ebr ta b\u00ebr\u00eb m\u00eb konkrete pse \u00ebsht\u00eb kaq e rrezikshme gryk\u00ebsia, shenjtori p\u00ebrmend disa ngjarje biblike ose disa persona biblik t\u00eb cil\u00ebt kan\u00eb p\u00ebsuar p\u00ebr shkak t\u00eb gryk\u00ebsis\u00eb.<\/p>\n<p style=\"text-align: justify;\">Dhe \u00e7far\u00eb p\u00ebrmend?! P\u00ebrmend Adamin t\u00eb parin. Nuk \u00ebsht\u00eb nevoja t\u00eb themi p\u00ebrs\u00ebri se \u00e7far\u00eb p\u00ebsoi Adami p\u00ebr shkak t\u00eb gryk\u00ebsis\u00eb s\u00eb tij. Ishte krijesa m\u00eb e p\u00ebrsosur q\u00eb b\u00ebri Zoti, dhe n\u00ebse do t\u00eb b\u00ebnte p\u00ebrs\u00ebri njeriun, Per\u00ebndia nuk do t\u00eb b\u00ebnte di\u00e7ka tjet\u00ebr, por do t\u00eb b\u00ebnte p\u00ebrs\u00ebri Adamin, sepse Adami ishte krijesa e p\u00ebrsosur q\u00eb do t\u00eb b\u00ebnte \u00e7do her\u00eb Zoti. Dhe kjo krijes\u00eb e p\u00ebrsosur e Zotit, p\u00ebr shkak t\u00eb gryk\u00ebsis\u00eb e humbi parajs\u00ebn.<\/p>\n<p style=\"text-align: justify;\">Na p\u00ebrmend Esaun, na p\u00ebrmend popullin e Izraelit, na p\u00ebrmend Noeun, na p\u00ebrmedn Sodom\u00ebn dhe Gomorr\u00ebn, na p\u00ebrmend Lotin dhe shum\u00eb personazhe t\u00eb tjera Biblik.<\/p>\n<p style=\"text-align: justify;\">Le t\u00eb marrim disa prej tyre: Esaun. Kush ishte Esau?!<\/p>\n<p style=\"text-align: justify;\">Esau ishte v\u00ebllai i Jakobit, nipi i Abrahamit q\u00eb ta kujtojm\u00eb m\u00eb leht\u00eb, por ai p\u00ebr shkak t\u00eb gryk\u00ebsis\u00eb , \u00e7far\u00eb b\u00ebri?! Humbi t\u00eb drejt\u00ebn si djali i par\u00eblindur. Kishte nj\u00eb uri t\u00eb madhe, e kujtojm\u00eb ngjarjen, kishte nj\u00eb uri t\u00eb madhe kur u kthye nga arat n\u00eb sht\u00ebpin\u00eb e tij, dhe Jakobi v\u00ebllai i tij binjak, i thot\u00eb n\u00ebse do q\u00eb t\u00eb t\u00eb jap di\u00e7ka p\u00ebr t\u00eb ngr\u00ebn\u00eb m\u00eb jep t\u00eb drejt\u00ebn q\u00eb ke ti si djal\u00eb i par\u00eblindur. Dhe ai m\u00eb t\u00eb r\u00ebnd\u00ebsishme kishte ushqyerjen sesa di\u00e7ka tjet\u00ebr, ja dha k\u00ebt\u00eb p\u00ebrpar\u00ebsi.<\/p>\n<p style=\"text-align: justify;\">Kujtojm\u00eb Noeun. Nj\u00eb person shum\u00eb i r\u00ebnd\u00ebsish\u00ebm biblik. Ai p\u00ebr shkak t\u00eb besimit t\u00eb tij, p\u00ebr shkak se ishte nj\u00eb njeri i drejt\u00eb n\u00ebp\u00ebrmjet tij shp\u00ebtoj jo vet\u00ebm gjith\u00eb njer\u00ebzimin por edhe gjith\u00eb krijes\u00ebs. Kujtojm\u00eb vark\u00ebn e Noeut! Ai u b\u00eb shkaktar i shp\u00ebtimit ton\u00eb dhe t\u00eb gjith\u00eb krijes\u00ebs. Por \u00e7far\u00eb ndodhi me Noeun? Pasi p\u00ebrfundoj p\u00ebrmbytja, ai mbolli nj\u00eb vresht dhe piu nga vera e vreshtit t\u00eb tij dhe u d\u00ebfre aq shum\u00eb sa harroj \u00e7far\u00eb po b\u00ebnte dhe u zhvesh lakuriq dhe q\u00ebndronte n\u00eb mes t\u00eb vreshtit t\u00eb tij dhe e pa nj\u00eb nga djemt\u00eb e tij. Kush Noeu!<\/p>\n<p style=\"text-align: justify;\">Na p\u00ebrmend Lotin! Kush ishte Loti? P\u00ebrs\u00ebri nj\u00eb njeri i drejt\u00eb dhe besnik t\u00eb cil\u00ebn Zoti e nxorri nga shkat\u00ebrrimi i Sodom\u00ebs dhe Gomorr\u00ebs. At\u00eb, gruan e tij dhe dy vajzat e tij. Sepse Zoti do t\u00eb shkat\u00ebrronte Sodom\u00ebn dhe Gomorr\u00ebn si\u00e7 e shkat\u00ebrroj dhe donte t\u00eb shp\u00ebtonte familjen e tij p\u00ebr shkak t\u00eb besimit t\u00eb tij. Por \u00e7far\u00eb ndodhi me Lotin?<\/p>\n<p style=\"text-align: justify;\">Dukej q\u00eb p\u00eblqente ver\u00ebn dhe vajzat e tij e dinin k\u00ebt\u00eb dob\u00ebsi, dhe i dhan\u00eb t\u00eb pinte ver\u00eb, e deh\u00ebn dhe fjet\u00ebn me t\u00eb atin e tyre q\u00eb ai t\u00eb kishte pasardh\u00ebs. E shikojm\u00eb pra t\u00eb dashur besimtar\u00eb q\u00eb shum\u00eb persona biblik t\u00eb shquar q\u00eb dallohen p\u00ebr besimin e tyre, p\u00ebr ndershm\u00ebrin\u00eb e tyre por p\u00ebr shkak\u00eb t\u00eb gryk\u00ebsis\u00eb s\u00eb tyre ran\u00eb kaq posht\u00eb.<\/p>\n<p style=\"text-align: justify;\">Prandaj shenjtori thot\u00eb: &#8220;Ai q\u00eb kujdeset m\u00eb tep\u00ebr se duhet p\u00ebr barkun e tij ,\u00ebsht\u00eb si ai njeri q\u00eb p\u00ebrpiqet t\u00eb shuaj zjarrin duke hedhur vaj.&#8221; Kur neve thot\u00eb shenjtori kujdesemi shum\u00eb p\u00ebr trupin ton\u00eb nuk e ndihmojm\u00eb at\u00eb, por b\u00ebjm\u00eb t\u00eb kund\u00ebrt\u00ebn e eg\u00ebrsojm\u00eb akoma m\u00eb tep\u00ebr trupin ton\u00eb. Prandaj \u00ebsht\u00eb e dobishme kreshma n\u00eb t\u00eb cil\u00ebn neve na m\u00ebson dhe na fut Kisha n\u00eb periudha t\u00eb ndryshme t\u00eb viti kishtar, sepse Kisha e di dobin\u00eb e kreshm\u00ebve.<\/p>\n<p style=\"text-align: justify;\">Pse ne kur na thot\u00eb doktori q\u00eb nuk duhet t\u00eb hani k\u00ebt\u00eb ushqim sepse \u00ebsht\u00eb i d\u00ebmsh\u00ebm p\u00ebr sh\u00ebndetin tuaj, do ta d\u00ebgjojm\u00eb doktorin menj\u00ebher\u00eb. N\u00ebse doktori na thot\u00eb q\u00eb duhet ti merni k\u00ebto ila\u00e7e dhe do ti pini \u00e7do dit\u00eb, do ti marrim ato ila\u00e7e. N\u00ebse akoma doktori na thot\u00eb q\u00eb ju duhet t\u00eb shkoni n\u00eb palest\u00ebr q\u00eb t\u00eb kujdeseni p\u00ebr trupin tuaj dhe t\u00eb shpenzojm\u00eb or\u00eb dhe koh\u00eb p\u00ebr tu kujdesur p\u00ebr trupin, do ta b\u00ebjm\u00eb.<\/p>\n<p style=\"text-align: justify;\">Pse p\u00ebr t\u00eb gjitha k\u00ebto gj\u00ebrat neve b\u00ebjm\u00eb dhe p\u00ebr at\u00eb t\u00eb cil\u00ebn na m\u00ebson Kisha nuk b\u00ebjm\u00eb?!<\/p>\n<p style=\"text-align: justify;\">P\u00ebrs\u00ebri nuk jemi von\u00eb. Na kan\u00eb ngelur akoma edhe tre jav\u00eb t\u00eb tjera deri n\u00eb festimin e Pashk\u00ebs. K\u00ebshtu q\u00eb n\u00ebse akoma nuk kemi filluar me kreshm\u00ebn le ta fillojm\u00eb q\u00eb sot dhe ata q\u00eb e kan\u00eb vazhduar le ta \u00e7ojn\u00eb deri n\u00eb fund kreshm\u00ebn ton\u00eb. Le t\u00eb b\u00ebjm\u00eb kujdes n\u00eb k\u00ebto dit\u00eb n\u00eb vazhdim q\u00eb vijn\u00eb q\u00eb \u00ebsht\u00eb rrezik n\u00ebse ne fokusohemi n\u00eb di\u00e7ka tjet\u00ebr. K\u00ebt\u00eb rrezik na e p\u00ebrmend edhe shenjtori. Kat\u00ebrmb\u00ebdhjet\u00eb shekuj m\u00eb par\u00eb p\u00ebrmend nj\u00eb rrezik q\u00eb neve e ndeshim vazhdimisht n\u00eb jet\u00ebn ton\u00eb. Cili \u00ebsht\u00eb ky rrezik?!<\/p>\n<p style=\"text-align: justify;\">Ka rrezik q\u00eb n\u00eb k\u00ebto dit\u00eb t\u00eb fokusohemi n\u00eb p\u00ebrgatitjen e dark\u00ebs, drek\u00ebs, gostis\u00eb n\u00eb em\u00ebr t\u00eb k\u00ebsaj feste dhe ta harrojm\u00eb q\u00ebllimin dhe kremtimin e v\u00ebrtet\u00eb t\u00eb fest\u00ebs. \u201cSh\u00ebrb\u00ebtor\u00ebt q\u00eb jan\u00eb sh\u00ebrb\u00ebtor\u00eb t\u00eb barkut thot\u00eb shenjtori ata mendojn\u00eb p\u00ebr ushqimin dhe p\u00ebr drek\u00ebn! Nd\u00ebrsa ata q\u00eb jan\u00eb sh\u00ebrb\u00ebtor\u00ebt e Per\u00ebndis\u00eb, kujdesen thot\u00eb \u00e7far\u00eb dhurata do t\u00eb ofrojn\u00eb tek Zoti\u201d.<\/p>\n<p style=\"text-align: justify;\">Shum\u00eb nga neve sapo fillojm\u00eb t\u00eb mendojm\u00eb p\u00ebr Pashk\u00ebn, mendojn\u00eb p\u00ebr gatimin dhe festimin e pashk\u00ebve dhe harrojn\u00eb at\u00eb q\u00eb \u00ebsht\u00eb m\u00eb e r\u00ebnd\u00ebsishme.<\/p>\n<p style=\"text-align: justify;\">\u00c7far\u00eb duhet t\u00eb ofroj un\u00eb si nj\u00eb dhurat\u00eb n\u00eb shk\u00ebmbim t\u00eb asaj dashurie t\u00eb madhe dhe sakrifice t\u00eb madhe q\u00eb b\u00ebri Krishti p\u00ebr neve. Ai vdes p\u00ebr mua, vdes p\u00ebr secilin prej nesh!<\/p>\n<p style=\"text-align: justify;\">Kush \u00ebsht\u00eb ajo dhurate vog\u00ebl, qoft\u00eb edhe nj\u00eb dhurat\u00eb t\u00eb cil\u00ebn un\u00eb do ti ofroj Zotit n\u00eb shk\u00ebmbim t\u00eb dashuris\u00eb s\u00eb tij t\u00eb madhe!<\/p>\n<p style=\"text-align: justify;\">Le t\u00eb vazhdojm\u00eb t\u00eb dashur besimtar\u00eb, me k\u00ebt\u00eb k\u00ebmb\u00ebngulje kreshm\u00ebn ton\u00eb, le t\u00eb p\u00ebrpiqet secili prej nesh t\u00eb gjej\u00eb qoft\u00eb edhe di\u00e7ka t\u00eb mir\u00eb n\u00eb shk\u00ebmbim t\u00eb dashuris\u00eb s\u00eb Tij! Amin.<\/p>\n<p style=\"text-align: justify;\">\n<p style=\"text-align: justify;\">\n<p style=\"text-align: justify;\">\n<p style=\"text-align: justify;\">\n","protected":false},"excerpt":{"rendered":"<p>E Diela IV e kreshm\u00ebve, Sh\u00ebn Joani i Shkall\u00ebs, nga Mitropoliti i Apollonis\u00eb &amp; Fierit, H. Nikolla, 03.04.2022 (Tekst) \u201cKisha, si nj\u00eb n\u00ebn\u00eb e dashur kujdeset gjithmon\u00eb me shum\u00eb dashuri p\u00ebr ne\u201d Kisha t\u00eb dashur besimtar\u00eb, \u00ebsht\u00eb p\u00ebr ne t\u00eb gjith\u00eb si nj\u00eb n\u00ebn\u00eb e dashur dhe nj\u00eb n\u00ebn\u00eb e dashur gjithmon\u00eb kujdeset me shum\u00eb dashuri p\u00ebr f\u00ebmij\u00ebt e saj. Nj\u00eb n\u00ebn\u00eb e cila na<\/p>\n","protected":false},"author":7,"featured_media":58753,"comment_status":"closed","ping_status":"closed","sticky":false,"template":"","format":"standard","meta":{"_acf_changed":false,"pagelayer_contact_templates":[],"_pagelayer_content":"","inline_featured_image":false,"fifu_image_url":"https:\/\/live.staticflickr.com\/65535\/51986239598_4ef01d6761_b.jpg","fifu_image_alt":"","footnotes":""},"categories":[2777],"tags":[206,2779],"class_list":["post-58747","post","type-post","status-publish","format-standard","has-post-thumbnail","hentry","category-predikimet-e-se-dieles-festive","tag-mitropolia-e-apollonise-dhe-e-fierit","tag-predikimet-e-se-dieles-festive"],"acf":[],"yoast_head":"<!-- This site is optimized with the Yoast SEO plugin v27.2 - https:\/\/yoast.com\/product\/yoast-seo-wordpress\/ -->\n<title>E Diela IV e kreshm\u00ebve, Sh\u00ebn Joani i Shkall\u00ebs, nga Mitropoliti i Apollonis\u00eb &amp; Fierit, H. Nikolla, 03.04.2022 (Tekst) - Kisha Orthodh\u03bfkse Autoqefale e Shqip\u00ebris\u00eb<\/title>\n<meta name=\"robots\" content=\"index, follow, max-snippet:-1, max-image-preview:large, max-video-preview:-1\" \/>\n<link rel=\"canonical\" href=\"https:\/\/orthodoxalbania.org\/2020\/2022\/04\/03\/e-diela-iv-e-kreshmeve-shen-joani-i-shkalles-nga-mitropoliti-i-apollonise-fierit-h-nikolla-03-04-2022-tekst\/\" \/>\n<meta property=\"og:locale\" content=\"en_US\" \/>\n<meta property=\"og:type\" content=\"article\" \/>\n<meta property=\"og:title\" content=\"E Diela IV e kreshm\u00ebve, Sh\u00ebn Joani i Shkall\u00ebs, nga Mitropoliti i Apollonis\u00eb &amp; Fierit, H. Nikolla, 03.04.2022 (Tekst) - Kisha Orthodh\u03bfkse Autoqefale e Shqip\u00ebris\u00eb\" \/>\n<meta property=\"og:description\" content=\"E Diela IV e kreshm\u00ebve, Sh\u00ebn Joani i Shkall\u00ebs, nga Mitropoliti i Apollonis\u00eb &amp; Fierit, H. Nikolla, 03.04.2022 (Tekst) \u201cKisha, si nj\u00eb n\u00ebn\u00eb e dashur kujdeset gjithmon\u00eb me shum\u00eb dashuri p\u00ebr ne\u201d Kisha t\u00eb dashur besimtar\u00eb, \u00ebsht\u00eb p\u00ebr ne t\u00eb gjith\u00eb si nj\u00eb n\u00ebn\u00eb e dashur dhe nj\u00eb n\u00ebn\u00eb e dashur gjithmon\u00eb kujdeset me shum\u00eb dashuri p\u00ebr f\u00ebmij\u00ebt e saj. Nj\u00eb n\u00ebn\u00eb e cila na\" \/>\n<meta property=\"og:url\" content=\"https:\/\/orthodoxalbania.org\/2020\/2022\/04\/03\/e-diela-iv-e-kreshmeve-shen-joani-i-shkalles-nga-mitropoliti-i-apollonise-fierit-h-nikolla-03-04-2022-tekst\/\" \/>\n<meta property=\"og:site_name\" content=\"Kisha Orthodh\u03bfkse Autoqefale e Shqip\u00ebris\u00eb\" \/>\n<meta property=\"article:publisher\" content=\"https:\/\/www.facebook.com\/koash1991\" \/>\n<meta property=\"article:published_time\" content=\"2022-04-03T15:30:56+00:00\" \/>\n<meta property=\"article:modified_time\" content=\"2022-04-06T12:22:47+00:00\" \/>\n<meta property=\"og:image\" content=\"https:\/\/live.staticflickr.com\/65535\/51986239598_4ef01d6761_b.jpg\" \/>\n<meta name=\"author\" content=\"Kisha Orthodhokse\" \/>\n<meta name=\"twitter:card\" content=\"summary_large_image\" \/>\n<meta name=\"twitter:image\" content=\"https:\/\/live.staticflickr.com\/65535\/51986239598_4ef01d6761_b.jpg\" \/>\n<meta name=\"twitter:label1\" content=\"Written by\" \/>\n\t<meta name=\"twitter:data1\" content=\"Kisha Orthodhokse\" \/>\n\t<meta name=\"twitter:label2\" content=\"Est. reading time\" \/>\n\t<meta name=\"twitter:data2\" content=\"6 minutes\" \/>\n<script type=\"application\/ld+json\" class=\"yoast-schema-graph\">{\"@context\":\"https:\/\/schema.org\",\"@graph\":[{\"@type\":\"Article\",\"@id\":\"https:\/\/orthodoxalbania.org\/2020\/2022\/04\/03\/e-diela-iv-e-kreshmeve-shen-joani-i-shkalles-nga-mitropoliti-i-apollonise-fierit-h-nikolla-03-04-2022-tekst\/#article\",\"isPartOf\":{\"@id\":\"https:\/\/orthodoxalbania.org\/2020\/2022\/04\/03\/e-diela-iv-e-kreshmeve-shen-joani-i-shkalles-nga-mitropoliti-i-apollonise-fierit-h-nikolla-03-04-2022-tekst\/\"},\"author\":{\"name\":\"Kisha Orthodhokse\",\"@id\":\"https:\/\/orthodoxalbania.org\/2020\/#\/schema\/person\/df745f942b70e045b3dc05a30211f0de\"},\"headline\":\"E Diela IV e kreshm\u00ebve, Sh\u00ebn Joani i Shkall\u00ebs, nga Mitropoliti i Apollonis\u00eb &#038; Fierit, H. Nikolla, 03.04.2022 (Tekst)\",\"datePublished\":\"2022-04-03T15:30:56+00:00\",\"dateModified\":\"2022-04-06T12:22:47+00:00\",\"mainEntityOfPage\":{\"@id\":\"https:\/\/orthodoxalbania.org\/2020\/2022\/04\/03\/e-diela-iv-e-kreshmeve-shen-joani-i-shkalles-nga-mitropoliti-i-apollonise-fierit-h-nikolla-03-04-2022-tekst\/\"},\"wordCount\":1535,\"publisher\":{\"@id\":\"https:\/\/orthodoxalbania.org\/2020\/#organization\"},\"image\":{\"@id\":\"https:\/\/orthodoxalbania.org\/2020\/2022\/04\/03\/e-diela-iv-e-kreshmeve-shen-joani-i-shkalles-nga-mitropoliti-i-apollonise-fierit-h-nikolla-03-04-2022-tekst\/#primaryimage\"},\"thumbnailUrl\":\"https:\/\/live.staticflickr.com\/65535\/51986239598_4ef01d6761_b.jpg\",\"keywords\":[\"Mitropolia e Apollonis\u00eb dhe Fierit\",\"Predikimet e se Dieles &amp; Festive\"],\"articleSection\":[\"Predikimet e se Dieles &amp; Festive\"],\"inLanguage\":\"en-US\"},{\"@type\":\"WebPage\",\"@id\":\"https:\/\/orthodoxalbania.org\/2020\/2022\/04\/03\/e-diela-iv-e-kreshmeve-shen-joani-i-shkalles-nga-mitropoliti-i-apollonise-fierit-h-nikolla-03-04-2022-tekst\/\",\"url\":\"https:\/\/orthodoxalbania.org\/2020\/2022\/04\/03\/e-diela-iv-e-kreshmeve-shen-joani-i-shkalles-nga-mitropoliti-i-apollonise-fierit-h-nikolla-03-04-2022-tekst\/\",\"name\":\"E Diela IV e kreshm\u00ebve, Sh\u00ebn Joani i Shkall\u00ebs, nga Mitropoliti i Apollonis\u00eb & Fierit, H. Nikolla, 03.04.2022 (Tekst) - Kisha Orthodh\u03bfkse Autoqefale e Shqip\u00ebris\u00eb\",\"isPartOf\":{\"@id\":\"https:\/\/orthodoxalbania.org\/2020\/#website\"},\"primaryImageOfPage\":{\"@id\":\"https:\/\/orthodoxalbania.org\/2020\/2022\/04\/03\/e-diela-iv-e-kreshmeve-shen-joani-i-shkalles-nga-mitropoliti-i-apollonise-fierit-h-nikolla-03-04-2022-tekst\/#primaryimage\"},\"image\":{\"@id\":\"https:\/\/orthodoxalbania.org\/2020\/2022\/04\/03\/e-diela-iv-e-kreshmeve-shen-joani-i-shkalles-nga-mitropoliti-i-apollonise-fierit-h-nikolla-03-04-2022-tekst\/#primaryimage\"},\"thumbnailUrl\":\"https:\/\/live.staticflickr.com\/65535\/51986239598_4ef01d6761_b.jpg\",\"datePublished\":\"2022-04-03T15:30:56+00:00\",\"dateModified\":\"2022-04-06T12:22:47+00:00\",\"breadcrumb\":{\"@id\":\"https:\/\/orthodoxalbania.org\/2020\/2022\/04\/03\/e-diela-iv-e-kreshmeve-shen-joani-i-shkalles-nga-mitropoliti-i-apollonise-fierit-h-nikolla-03-04-2022-tekst\/#breadcrumb\"},\"inLanguage\":\"en-US\",\"potentialAction\":[{\"@type\":\"ReadAction\",\"target\":[\"https:\/\/orthodoxalbania.org\/2020\/2022\/04\/03\/e-diela-iv-e-kreshmeve-shen-joani-i-shkalles-nga-mitropoliti-i-apollonise-fierit-h-nikolla-03-04-2022-tekst\/\"]}]},{\"@type\":\"ImageObject\",\"inLanguage\":\"en-US\",\"@id\":\"https:\/\/orthodoxalbania.org\/2020\/2022\/04\/03\/e-diela-iv-e-kreshmeve-shen-joani-i-shkalles-nga-mitropoliti-i-apollonise-fierit-h-nikolla-03-04-2022-tekst\/#primaryimage\",\"url\":\"https:\/\/live.staticflickr.com\/65535\/51986239598_4ef01d6761_b.jpg\",\"contentUrl\":\"https:\/\/live.staticflickr.com\/65535\/51986239598_4ef01d6761_b.jpg\",\"width\":\"420\",\"height\":\"253\"},{\"@type\":\"BreadcrumbList\",\"@id\":\"https:\/\/orthodoxalbania.org\/2020\/2022\/04\/03\/e-diela-iv-e-kreshmeve-shen-joani-i-shkalles-nga-mitropoliti-i-apollonise-fierit-h-nikolla-03-04-2022-tekst\/#breadcrumb\",\"itemListElement\":[{\"@type\":\"ListItem\",\"position\":1,\"name\":\"Home\",\"item\":\"https:\/\/orthodoxalbania.org\/2020\/\"},{\"@type\":\"ListItem\",\"position\":2,\"name\":\"E Diela IV e kreshm\u00ebve, Sh\u00ebn Joani i Shkall\u00ebs, nga Mitropoliti i Apollonis\u00eb &#038; Fierit, H. Nikolla, 03.04.2022 (Tekst)\"}]},{\"@type\":\"WebSite\",\"@id\":\"https:\/\/orthodoxalbania.org\/2020\/#website\",\"url\":\"https:\/\/orthodoxalbania.org\/2020\/\",\"name\":\"Kisha Orthodh\u03bfkse Autoqefale e Shqip\u00ebris\u00eb\",\"description\":\"Fqja Zyrtare e Kish\u00ebs Orthodhokse Autoqefale e Shqip\u00ebris\u00eb me lajmet edhe informacionet zyrtare p\u00ebr struktur\u00ebn edhe veprimtarin e saj.\",\"publisher\":{\"@id\":\"https:\/\/orthodoxalbania.org\/2020\/#organization\"},\"potentialAction\":[{\"@type\":\"SearchAction\",\"target\":{\"@type\":\"EntryPoint\",\"urlTemplate\":\"https:\/\/orthodoxalbania.org\/2020\/?s={search_term_string}\"},\"query-input\":{\"@type\":\"PropertyValueSpecification\",\"valueRequired\":true,\"valueName\":\"search_term_string\"}}],\"inLanguage\":\"en-US\"},{\"@type\":\"Organization\",\"@id\":\"https:\/\/orthodoxalbania.org\/2020\/#organization\",\"name\":\"Kisha Orthodhokse Autoqefale e Shqip\u00ebris\u00eb\",\"url\":\"https:\/\/orthodoxalbania.org\/2020\/\",\"logo\":{\"@type\":\"ImageObject\",\"inLanguage\":\"en-US\",\"@id\":\"https:\/\/orthodoxalbania.org\/2020\/#\/schema\/logo\/image\/\",\"url\":\"https:\/\/orthodoxalbania.org\/2020\/wp-content\/uploads\/2020\/05\/albania.jpeg\",\"contentUrl\":\"https:\/\/orthodoxalbania.org\/2020\/wp-content\/uploads\/2020\/05\/albania.jpeg\",\"width\":540,\"height\":540,\"caption\":\"Kisha Orthodhokse Autoqefale e Shqip\u00ebris\u00eb\"},\"image\":{\"@id\":\"https:\/\/orthodoxalbania.org\/2020\/#\/schema\/logo\/image\/\"},\"sameAs\":[\"https:\/\/www.facebook.com\/koash1991\"]},{\"@type\":\"Person\",\"@id\":\"https:\/\/orthodoxalbania.org\/2020\/#\/schema\/person\/df745f942b70e045b3dc05a30211f0de\",\"name\":\"Kisha Orthodhokse\",\"image\":{\"@type\":\"ImageObject\",\"inLanguage\":\"en-US\",\"@id\":\"https:\/\/secure.gravatar.com\/avatar\/2676eb8d97178435c9f691a7871595a1da6c33542dec218bce40885573150e28?s=96&d=mm&r=g\",\"url\":\"https:\/\/secure.gravatar.com\/avatar\/2676eb8d97178435c9f691a7871595a1da6c33542dec218bce40885573150e28?s=96&d=mm&r=g\",\"contentUrl\":\"https:\/\/secure.gravatar.com\/avatar\/2676eb8d97178435c9f691a7871595a1da6c33542dec218bce40885573150e28?s=96&d=mm&r=g\",\"caption\":\"Kisha Orthodhokse\"}}]}<\/script>\n<!-- \/ Yoast SEO plugin. -->","yoast_head_json":{"title":"E Diela IV e kreshm\u00ebve, Sh\u00ebn Joani i Shkall\u00ebs, nga Mitropoliti i Apollonis\u00eb & Fierit, H. Nikolla, 03.04.2022 (Tekst) - Kisha Orthodh\u03bfkse Autoqefale e Shqip\u00ebris\u00eb","robots":{"index":"index","follow":"follow","max-snippet":"max-snippet:-1","max-image-preview":"max-image-preview:large","max-video-preview":"max-video-preview:-1"},"canonical":"https:\/\/orthodoxalbania.org\/2020\/2022\/04\/03\/e-diela-iv-e-kreshmeve-shen-joani-i-shkalles-nga-mitropoliti-i-apollonise-fierit-h-nikolla-03-04-2022-tekst\/","og_locale":"en_US","og_type":"article","og_title":"E Diela IV e kreshm\u00ebve, Sh\u00ebn Joani i Shkall\u00ebs, nga Mitropoliti i Apollonis\u00eb & Fierit, H. Nikolla, 03.04.2022 (Tekst) - Kisha Orthodh\u03bfkse Autoqefale e Shqip\u00ebris\u00eb","og_description":"E Diela IV e kreshm\u00ebve, Sh\u00ebn Joani i Shkall\u00ebs, nga Mitropoliti i Apollonis\u00eb &amp; Fierit, H. Nikolla, 03.04.2022 (Tekst) \u201cKisha, si nj\u00eb n\u00ebn\u00eb e dashur kujdeset gjithmon\u00eb me shum\u00eb dashuri p\u00ebr ne\u201d Kisha t\u00eb dashur besimtar\u00eb, \u00ebsht\u00eb p\u00ebr ne t\u00eb gjith\u00eb si nj\u00eb n\u00ebn\u00eb e dashur dhe nj\u00eb n\u00ebn\u00eb e dashur gjithmon\u00eb kujdeset me shum\u00eb dashuri p\u00ebr f\u00ebmij\u00ebt e saj. Nj\u00eb n\u00ebn\u00eb e cila na","og_url":"https:\/\/orthodoxalbania.org\/2020\/2022\/04\/03\/e-diela-iv-e-kreshmeve-shen-joani-i-shkalles-nga-mitropoliti-i-apollonise-fierit-h-nikolla-03-04-2022-tekst\/","og_site_name":"Kisha Orthodh\u03bfkse Autoqefale e Shqip\u00ebris\u00eb","article_publisher":"https:\/\/www.facebook.com\/koash1991","article_published_time":"2022-04-03T15:30:56+00:00","article_modified_time":"2022-04-06T12:22:47+00:00","og_image":[{"url":"https:\/\/live.staticflickr.com\/65535\/51986239598_4ef01d6761_b.jpg","type":"","width":"","height":""}],"author":"Kisha Orthodhokse","twitter_card":"summary_large_image","twitter_image":"https:\/\/live.staticflickr.com\/65535\/51986239598_4ef01d6761_b.jpg","twitter_misc":{"Written by":"Kisha Orthodhokse","Est. reading time":"6 minutes"},"schema":{"@context":"https:\/\/schema.org","@graph":[{"@type":"Article","@id":"https:\/\/orthodoxalbania.org\/2020\/2022\/04\/03\/e-diela-iv-e-kreshmeve-shen-joani-i-shkalles-nga-mitropoliti-i-apollonise-fierit-h-nikolla-03-04-2022-tekst\/#article","isPartOf":{"@id":"https:\/\/orthodoxalbania.org\/2020\/2022\/04\/03\/e-diela-iv-e-kreshmeve-shen-joani-i-shkalles-nga-mitropoliti-i-apollonise-fierit-h-nikolla-03-04-2022-tekst\/"},"author":{"name":"Kisha Orthodhokse","@id":"https:\/\/orthodoxalbania.org\/2020\/#\/schema\/person\/df745f942b70e045b3dc05a30211f0de"},"headline":"E Diela IV e kreshm\u00ebve, Sh\u00ebn Joani i Shkall\u00ebs, nga Mitropoliti i Apollonis\u00eb &#038; Fierit, H. Nikolla, 03.04.2022 (Tekst)","datePublished":"2022-04-03T15:30:56+00:00","dateModified":"2022-04-06T12:22:47+00:00","mainEntityOfPage":{"@id":"https:\/\/orthodoxalbania.org\/2020\/2022\/04\/03\/e-diela-iv-e-kreshmeve-shen-joani-i-shkalles-nga-mitropoliti-i-apollonise-fierit-h-nikolla-03-04-2022-tekst\/"},"wordCount":1535,"publisher":{"@id":"https:\/\/orthodoxalbania.org\/2020\/#organization"},"image":{"@id":"https:\/\/orthodoxalbania.org\/2020\/2022\/04\/03\/e-diela-iv-e-kreshmeve-shen-joani-i-shkalles-nga-mitropoliti-i-apollonise-fierit-h-nikolla-03-04-2022-tekst\/#primaryimage"},"thumbnailUrl":"https:\/\/live.staticflickr.com\/65535\/51986239598_4ef01d6761_b.jpg","keywords":["Mitropolia e Apollonis\u00eb dhe Fierit","Predikimet e se Dieles &amp; Festive"],"articleSection":["Predikimet e se Dieles &amp; Festive"],"inLanguage":"en-US"},{"@type":"WebPage","@id":"https:\/\/orthodoxalbania.org\/2020\/2022\/04\/03\/e-diela-iv-e-kreshmeve-shen-joani-i-shkalles-nga-mitropoliti-i-apollonise-fierit-h-nikolla-03-04-2022-tekst\/","url":"https:\/\/orthodoxalbania.org\/2020\/2022\/04\/03\/e-diela-iv-e-kreshmeve-shen-joani-i-shkalles-nga-mitropoliti-i-apollonise-fierit-h-nikolla-03-04-2022-tekst\/","name":"E Diela IV e kreshm\u00ebve, Sh\u00ebn Joani i Shkall\u00ebs, nga Mitropoliti i Apollonis\u00eb & Fierit, H. Nikolla, 03.04.2022 (Tekst) - Kisha Orthodh\u03bfkse Autoqefale e Shqip\u00ebris\u00eb","isPartOf":{"@id":"https:\/\/orthodoxalbania.org\/2020\/#website"},"primaryImageOfPage":{"@id":"https:\/\/orthodoxalbania.org\/2020\/2022\/04\/03\/e-diela-iv-e-kreshmeve-shen-joani-i-shkalles-nga-mitropoliti-i-apollonise-fierit-h-nikolla-03-04-2022-tekst\/#primaryimage"},"image":{"@id":"https:\/\/orthodoxalbania.org\/2020\/2022\/04\/03\/e-diela-iv-e-kreshmeve-shen-joani-i-shkalles-nga-mitropoliti-i-apollonise-fierit-h-nikolla-03-04-2022-tekst\/#primaryimage"},"thumbnailUrl":"https:\/\/live.staticflickr.com\/65535\/51986239598_4ef01d6761_b.jpg","datePublished":"2022-04-03T15:30:56+00:00","dateModified":"2022-04-06T12:22:47+00:00","breadcrumb":{"@id":"https:\/\/orthodoxalbania.org\/2020\/2022\/04\/03\/e-diela-iv-e-kreshmeve-shen-joani-i-shkalles-nga-mitropoliti-i-apollonise-fierit-h-nikolla-03-04-2022-tekst\/#breadcrumb"},"inLanguage":"en-US","potentialAction":[{"@type":"ReadAction","target":["https:\/\/orthodoxalbania.org\/2020\/2022\/04\/03\/e-diela-iv-e-kreshmeve-shen-joani-i-shkalles-nga-mitropoliti-i-apollonise-fierit-h-nikolla-03-04-2022-tekst\/"]}]},{"@type":"ImageObject","inLanguage":"en-US","@id":"https:\/\/orthodoxalbania.org\/2020\/2022\/04\/03\/e-diela-iv-e-kreshmeve-shen-joani-i-shkalles-nga-mitropoliti-i-apollonise-fierit-h-nikolla-03-04-2022-tekst\/#primaryimage","url":"https:\/\/live.staticflickr.com\/65535\/51986239598_4ef01d6761_b.jpg","contentUrl":"https:\/\/live.staticflickr.com\/65535\/51986239598_4ef01d6761_b.jpg","width":"420","height":"253"},{"@type":"BreadcrumbList","@id":"https:\/\/orthodoxalbania.org\/2020\/2022\/04\/03\/e-diela-iv-e-kreshmeve-shen-joani-i-shkalles-nga-mitropoliti-i-apollonise-fierit-h-nikolla-03-04-2022-tekst\/#breadcrumb","itemListElement":[{"@type":"ListItem","position":1,"name":"Home","item":"https:\/\/orthodoxalbania.org\/2020\/"},{"@type":"ListItem","position":2,"name":"E Diela IV e kreshm\u00ebve, Sh\u00ebn Joani i Shkall\u00ebs, nga Mitropoliti i Apollonis\u00eb &#038; Fierit, H. Nikolla, 03.04.2022 (Tekst)"}]},{"@type":"WebSite","@id":"https:\/\/orthodoxalbania.org\/2020\/#website","url":"https:\/\/orthodoxalbania.org\/2020\/","name":"Kisha Orthodh\u03bfkse Autoqefale e Shqip\u00ebris\u00eb","description":"Fqja Zyrtare e Kish\u00ebs Orthodhokse Autoqefale e Shqip\u00ebris\u00eb me lajmet edhe informacionet zyrtare p\u00ebr struktur\u00ebn edhe veprimtarin e saj.","publisher":{"@id":"https:\/\/orthodoxalbania.org\/2020\/#organization"},"potentialAction":[{"@type":"SearchAction","target":{"@type":"EntryPoint","urlTemplate":"https:\/\/orthodoxalbania.org\/2020\/?s={search_term_string}"},"query-input":{"@type":"PropertyValueSpecification","valueRequired":true,"valueName":"search_term_string"}}],"inLanguage":"en-US"},{"@type":"Organization","@id":"https:\/\/orthodoxalbania.org\/2020\/#organization","name":"Kisha Orthodhokse Autoqefale e Shqip\u00ebris\u00eb","url":"https:\/\/orthodoxalbania.org\/2020\/","logo":{"@type":"ImageObject","inLanguage":"en-US","@id":"https:\/\/orthodoxalbania.org\/2020\/#\/schema\/logo\/image\/","url":"https:\/\/orthodoxalbania.org\/2020\/wp-content\/uploads\/2020\/05\/albania.jpeg","contentUrl":"https:\/\/orthodoxalbania.org\/2020\/wp-content\/uploads\/2020\/05\/albania.jpeg","width":540,"height":540,"caption":"Kisha Orthodhokse Autoqefale e Shqip\u00ebris\u00eb"},"image":{"@id":"https:\/\/orthodoxalbania.org\/2020\/#\/schema\/logo\/image\/"},"sameAs":["https:\/\/www.facebook.com\/koash1991"]},{"@type":"Person","@id":"https:\/\/orthodoxalbania.org\/2020\/#\/schema\/person\/df745f942b70e045b3dc05a30211f0de","name":"Kisha Orthodhokse","image":{"@type":"ImageObject","inLanguage":"en-US","@id":"https:\/\/secure.gravatar.com\/avatar\/2676eb8d97178435c9f691a7871595a1da6c33542dec218bce40885573150e28?s=96&d=mm&r=g","url":"https:\/\/secure.gravatar.com\/avatar\/2676eb8d97178435c9f691a7871595a1da6c33542dec218bce40885573150e28?s=96&d=mm&r=g","contentUrl":"https:\/\/secure.gravatar.com\/avatar\/2676eb8d97178435c9f691a7871595a1da6c33542dec218bce40885573150e28?s=96&d=mm&r=g","caption":"Kisha Orthodhokse"}}]}},"_links":{"self":[{"href":"https:\/\/orthodoxalbania.org\/2020\/wp-json\/wp\/v2\/posts\/58747","targetHints":{"allow":["GET"]}}],"collection":[{"href":"https:\/\/orthodoxalbania.org\/2020\/wp-json\/wp\/v2\/posts"}],"about":[{"href":"https:\/\/orthodoxalbania.org\/2020\/wp-json\/wp\/v2\/types\/post"}],"author":[{"embeddable":true,"href":"https:\/\/orthodoxalbania.org\/2020\/wp-json\/wp\/v2\/users\/7"}],"replies":[{"embeddable":true,"href":"https:\/\/orthodoxalbania.org\/2020\/wp-json\/wp\/v2\/comments?post=58747"}],"version-history":[{"count":1,"href":"https:\/\/orthodoxalbania.org\/2020\/wp-json\/wp\/v2\/posts\/58747\/revisions"}],"predecessor-version":[{"id":58752,"href":"https:\/\/orthodoxalbania.org\/2020\/wp-json\/wp\/v2\/posts\/58747\/revisions\/58752"}],"wp:featuredmedia":[{"embeddable":true,"href":"https:\/\/orthodoxalbania.org\/2020\/wp-json\/wp\/v2\/media\/58753"}],"wp:attachment":[{"href":"https:\/\/orthodoxalbania.org\/2020\/wp-json\/wp\/v2\/media?parent=58747"}],"wp:term":[{"taxonomy":"category","embeddable":true,"href":"https:\/\/orthodoxalbania.org\/2020\/wp-json\/wp\/v2\/categories?post=58747"},{"taxonomy":"post_tag","embeddable":true,"href":"https:\/\/orthodoxalbania.org\/2020\/wp-json\/wp\/v2\/tags?post=58747"}],"curies":[{"name":"wp","href":"https:\/\/api.w.org\/{rel}","templated":true}]}}