{"id":58447,"date":"2025-03-13T00:02:26","date_gmt":"2025-03-12T23:02:26","guid":{"rendered":"https:\/\/orthodoxalbania.org\/2020\/?p=58447"},"modified":"2025-03-05T12:51:10","modified_gmt":"2025-03-05T11:51:10","slug":"13-mars-transferimi-i-lipsanit-te-niqiforit-te-konstandinopojes-hierodeshmoret-mario-publi-oshenar-geraldi","status":"publish","type":"post","link":"https:\/\/orthodoxalbania.org\/2020\/2025\/03\/13\/13-mars-transferimi-i-lipsanit-te-niqiforit-te-konstandinopojes-hierodeshmoret-mario-publi-oshenar-geraldi\/","title":{"rendered":"&#8211; 13 Mars &#8211; Transferimi i lipsanit t\u00eb Niqiforit t\u00eb Konstandinopoj\u00ebs. Hierod\u00ebshmor\u00ebt Mario, Publi. Osh\u00ebnar Geraldi."},"content":{"rendered":"<h4><\/h4>\n<h4 style=\"text-align: center;\"><span class=\"ez-toc-section\" id=\"i\"><\/span><strong>* * * * *<\/strong><span class=\"ez-toc-section-end\"><\/span><\/h4>\n<h4 style=\"text-align: center;\"><span class=\"ez-toc-section\" id=\"_Transferimi_i_lipsanit_te_Niqiforit_te_Konstandinopojes\"><\/span>\u00a0Transferimi i lipsanit t\u00eb Niqiforit t\u00eb Konstandinopoj\u00ebs.<span class=\"ez-toc-section-end\"><\/span><\/h4>\n<p>&nbsp;<\/p>\n<p style=\"text-align: justify;\">Kur sh\u00ebn Metodi (14 qershor), u ngjit n\u00eb fronin episkopal t\u00eb Konstandinopoj\u00ebs pas shkarkimit t\u00eb Joanit, patriarkut heretik (842), ai iu drejtua perandorit Mihail dhe n\u00ebn\u00ebs s\u00eb tij, perandoresh\u00ebs Theodhora (11 shkurt), duke u th\u00ebn\u00eb se nuk ishte e drejt\u00eb q\u00eb t\u00eb lihej n\u00eb m\u00ebrgim trupi i patriarkut t\u00eb shenjt\u00eb Niqifor, i cili kishte mbrojtur me trim\u00ebri dogm\u00ebn orthodhokse p\u00ebr nderimin e ikonave t\u00eb shenjta dhe vdiq pas 14 vitesh t\u00eb v\u00ebshtira internimi larg grigj\u00ebs s\u00eb tij shpirt\u00ebrore. Perandoresha e pranoi k\u00ebrkes\u00ebn dhe d\u00ebrgoi sh\u00ebn Metodin, bashk\u00eb me nj\u00eb num\u00ebr t\u00eb madh klerik\u00ebsh e murgjish, n\u00eb manastirin e Sh\u00ebn Theodhorit, ku para 19 vjet\u00ebsh ishte varrosur shenjtori.<\/p>\n<p style=\"text-align: justify;\">Ata e gjet\u00ebn lipsanin t\u00eb paprishur, e vendos\u00ebn n\u00eb nj\u00eb anije perandorake dhe e shoq\u00ebruan me psalme e himne. Kur anija mb\u00ebrriti n\u00eb port, e prisnin me qirinj t\u00eb ndezur n\u00eb duar perandori bashk\u00eb me Senatin, t\u00eb cil\u00ebt nderuan lipsanin e shenjt\u00eb. M\u00eb pas, duke e mbajtur mbi supe, e transportuan n\u00eb kish\u00ebn madh\u00ebshtore t\u00eb Sh\u00ebn Sofis\u00eb, ku p\u00ebr nder t\u00eb tij u krye agripni gjat\u00eb gjith\u00eb nat\u00ebs. Kur agripnia mbaroi trupin e sh\u00ebn Niqiforit e \u00e7uan n\u00eb kish\u00ebn e Apostujve t\u00eb Shenjt\u00eb, p\u00ebr ta vendosur s\u00eb bashku me perandor\u00ebt dhe shenjtor\u00ebt paraardh\u00ebs.<\/p>\n<h4><\/h4>\n<h4 style=\"text-align: center;\"><span class=\"ez-toc-section\" id=\"i-2\"><\/span><strong>* * * * *<\/strong><span class=\"ez-toc-section-end\"><\/span><\/h4>\n<h4 style=\"text-align: center;\"><span class=\"ez-toc-section\" id=\"Hierodeshmoret_Publi\"><\/span>Hierod\u00ebshmor\u00ebt Publi<span class=\"ez-toc-section-end\"><\/span><\/h4>\n<p>&nbsp;<\/p>\n<p style=\"text-align: justify;\">Sh\u00ebn Publi u b\u00eb episkop i Athin\u00ebs pak koh\u00eb pas sh\u00ebn Dionis Areopagjitit (3 tetor). Ai rr\u00ebnjosi te populli nj\u00eb besnik\u00ebri t\u00eb v\u00ebrtet\u00eb ndaj traditave t\u00eb apostujve dhe p\u00ebsoi vdekje martirike p\u00ebr Krishtin gjat\u00eb persekutimit t\u00eb Mark Aurelit (161-180). N\u00eb fronin episkopal t\u00eb Athin\u00ebs e pasoi Kodrati.<\/p>\n<p>&nbsp;<\/p>\n<p><img decoding=\"async\" class=\"lazyload aligncenter\" src=\"data:image\/svg+xml,%3Csvg%20xmlns%3D%27http%3A%2F%2Fwww.w3.org%2F2000%2Fsvg%27%20width%3D%27500%27%20height%3D%27666%27%20viewBox%3D%270%200%20500%20666%27%3E%3Crect%20width%3D%27500%27%20height%3D%27666%27%20fill-opacity%3D%220%22%2F%3E%3C%2Fsvg%3E\" data-orig-src=\"https:\/\/live.staticflickr.com\/65535\/52749598194_d42432083f_b.jpg\" width=\"500\" height=\"666\" \/><\/p>\n<h4><\/h4>\n<h4 style=\"text-align: center;\"><span class=\"ez-toc-section\" id=\"i-3\"><\/span><strong>* * * * *<\/strong><span class=\"ez-toc-section-end\"><\/span><\/h4>\n<h4 style=\"text-align: center;\"><span class=\"ez-toc-section\" id=\"Oshenar_Geraldi\"><\/span><strong>Osh\u00ebnar Geraldi.<\/strong><span class=\"ez-toc-section-end\"><\/span><\/h4>\n<p>&nbsp;<\/p>\n","protected":false},"excerpt":{"rendered":"<p>* * * * * \u00a0Transferimi i lipsanit t\u00eb Niqiforit t\u00eb Konstandinopoj\u00ebs. &nbsp; Kur sh\u00ebn Metodi (14 qershor), u ngjit n\u00eb fronin episkopal t\u00eb Konstandinopoj\u00ebs pas shkarkimit t\u00eb Joanit, patriarkut heretik (842), ai iu drejtua perandorit Mihail dhe n\u00ebn\u00ebs s\u00eb tij, perandoresh\u00ebs Theodhora (11 shkurt), duke u th\u00ebn\u00eb se nuk ishte e drejt\u00eb q\u00eb t\u00eb lihej n\u00eb m\u00ebrgim trupi i patriarkut t\u00eb shenjt\u00eb Niqifor, i<\/p>\n","protected":false},"author":7,"featured_media":58451,"comment_status":"closed","ping_status":"closed","sticky":false,"template":"","format":"standard","meta":{"_acf_changed":false,"pagelayer_contact_templates":[],"_pagelayer_content":"","inline_featured_image":false,"fifu_image_url":"https:\/\/live.staticflickr.com\/65535\/51929770548_6d8d60f1b3_b.jpg","fifu_image_alt":"","footnotes":""},"categories":[372],"tags":[2103,2101],"class_list":["post-58447","post","type-post","status-publish","format-standard","has-post-thumbnail","hentry","category-shenjtoret-e-dites","tag-leximet-e-dites","tag-shenjtori-i-dites"],"acf":[],"yoast_head":"<!-- This site is optimized with the Yoast SEO plugin v27.2 - https:\/\/yoast.com\/product\/yoast-seo-wordpress\/ -->\n<title>- 13 Mars - Transferimi i lipsanit t\u00eb Niqiforit t\u00eb Konstandinopoj\u00ebs. Hierod\u00ebshmor\u00ebt Mario, Publi. Osh\u00ebnar Geraldi. - Kisha Orthodh\u03bfkse Autoqefale e Shqip\u00ebris\u00eb<\/title>\n<meta name=\"robots\" content=\"index, follow, max-snippet:-1, max-image-preview:large, max-video-preview:-1\" \/>\n<link rel=\"canonical\" href=\"https:\/\/orthodoxalbania.org\/2020\/2025\/03\/13\/13-mars-transferimi-i-lipsanit-te-niqiforit-te-konstandinopojes-hierodeshmoret-mario-publi-oshenar-geraldi\/\" \/>\n<meta property=\"og:locale\" content=\"en_US\" \/>\n<meta property=\"og:type\" content=\"article\" \/>\n<meta property=\"og:title\" content=\"- 13 Mars - Transferimi i lipsanit t\u00eb Niqiforit t\u00eb Konstandinopoj\u00ebs. Hierod\u00ebshmor\u00ebt Mario, Publi. Osh\u00ebnar Geraldi. - Kisha Orthodh\u03bfkse Autoqefale e Shqip\u00ebris\u00eb\" \/>\n<meta property=\"og:description\" content=\"* * * * * \u00a0Transferimi i lipsanit t\u00eb Niqiforit t\u00eb Konstandinopoj\u00ebs. &nbsp; Kur sh\u00ebn Metodi (14 qershor), u ngjit n\u00eb fronin episkopal t\u00eb Konstandinopoj\u00ebs pas shkarkimit t\u00eb Joanit, patriarkut heretik (842), ai iu drejtua perandorit Mihail dhe n\u00ebn\u00ebs s\u00eb tij, perandoresh\u00ebs Theodhora (11 shkurt), duke u th\u00ebn\u00eb se nuk ishte e drejt\u00eb q\u00eb t\u00eb lihej n\u00eb m\u00ebrgim trupi i patriarkut t\u00eb shenjt\u00eb Niqifor, i\" \/>\n<meta property=\"og:url\" content=\"https:\/\/orthodoxalbania.org\/2020\/2025\/03\/13\/13-mars-transferimi-i-lipsanit-te-niqiforit-te-konstandinopojes-hierodeshmoret-mario-publi-oshenar-geraldi\/\" \/>\n<meta property=\"og:site_name\" content=\"Kisha Orthodh\u03bfkse Autoqefale e Shqip\u00ebris\u00eb\" \/>\n<meta property=\"article:publisher\" content=\"https:\/\/www.facebook.com\/koash1991\" \/>\n<meta property=\"article:published_time\" content=\"2025-03-12T23:02:26+00:00\" \/>\n<meta property=\"og:image\" content=\"https:\/\/live.staticflickr.com\/65535\/51929770548_6d8d60f1b3_b.jpg\" \/>\n<meta name=\"author\" content=\"Kisha Orthodhokse\" \/>\n<meta name=\"twitter:card\" content=\"summary_large_image\" \/>\n<meta name=\"twitter:image\" content=\"https:\/\/live.staticflickr.com\/65535\/51929770548_6d8d60f1b3_b.jpg\" \/>\n<meta name=\"twitter:label1\" content=\"Written by\" \/>\n\t<meta name=\"twitter:data1\" content=\"Kisha Orthodhokse\" \/>\n\t<meta name=\"twitter:label2\" content=\"Est. reading time\" \/>\n\t<meta name=\"twitter:data2\" content=\"2 minutes\" \/>\n<script type=\"application\/ld+json\" class=\"yoast-schema-graph\">{\"@context\":\"https:\/\/schema.org\",\"@graph\":[{\"@type\":\"Article\",\"@id\":\"https:\/\/orthodoxalbania.org\/2020\/2025\/03\/13\/13-mars-transferimi-i-lipsanit-te-niqiforit-te-konstandinopojes-hierodeshmoret-mario-publi-oshenar-geraldi\/#article\",\"isPartOf\":{\"@id\":\"https:\/\/orthodoxalbania.org\/2020\/2025\/03\/13\/13-mars-transferimi-i-lipsanit-te-niqiforit-te-konstandinopojes-hierodeshmoret-mario-publi-oshenar-geraldi\/\"},\"author\":{\"name\":\"Kisha Orthodhokse\",\"@id\":\"https:\/\/orthodoxalbania.org\/2020\/#\/schema\/person\/df745f942b70e045b3dc05a30211f0de\"},\"headline\":\"&#8211; 13 Mars &#8211; Transferimi i lipsanit t\u00eb Niqiforit t\u00eb Konstandinopoj\u00ebs. Hierod\u00ebshmor\u00ebt Mario, Publi. Osh\u00ebnar Geraldi.\",\"datePublished\":\"2025-03-12T23:02:26+00:00\",\"mainEntityOfPage\":{\"@id\":\"https:\/\/orthodoxalbania.org\/2020\/2025\/03\/13\/13-mars-transferimi-i-lipsanit-te-niqiforit-te-konstandinopojes-hierodeshmoret-mario-publi-oshenar-geraldi\/\"},\"wordCount\":324,\"publisher\":{\"@id\":\"https:\/\/orthodoxalbania.org\/2020\/#organization\"},\"image\":{\"@id\":\"https:\/\/orthodoxalbania.org\/2020\/2025\/03\/13\/13-mars-transferimi-i-lipsanit-te-niqiforit-te-konstandinopojes-hierodeshmoret-mario-publi-oshenar-geraldi\/#primaryimage\"},\"thumbnailUrl\":\"https:\/\/live.staticflickr.com\/65535\/51929770548_6d8d60f1b3_b.jpg\",\"keywords\":[\"leximet e dites\",\"shenjtori i dites\"],\"articleSection\":[\"Shenjtor\u00ebt e dit\u00ebs\"],\"inLanguage\":\"en-US\"},{\"@type\":\"WebPage\",\"@id\":\"https:\/\/orthodoxalbania.org\/2020\/2025\/03\/13\/13-mars-transferimi-i-lipsanit-te-niqiforit-te-konstandinopojes-hierodeshmoret-mario-publi-oshenar-geraldi\/\",\"url\":\"https:\/\/orthodoxalbania.org\/2020\/2025\/03\/13\/13-mars-transferimi-i-lipsanit-te-niqiforit-te-konstandinopojes-hierodeshmoret-mario-publi-oshenar-geraldi\/\",\"name\":\"- 13 Mars - Transferimi i lipsanit t\u00eb Niqiforit t\u00eb Konstandinopoj\u00ebs. Hierod\u00ebshmor\u00ebt Mario, Publi. Osh\u00ebnar Geraldi. - Kisha Orthodh\u03bfkse Autoqefale e Shqip\u00ebris\u00eb\",\"isPartOf\":{\"@id\":\"https:\/\/orthodoxalbania.org\/2020\/#website\"},\"primaryImageOfPage\":{\"@id\":\"https:\/\/orthodoxalbania.org\/2020\/2025\/03\/13\/13-mars-transferimi-i-lipsanit-te-niqiforit-te-konstandinopojes-hierodeshmoret-mario-publi-oshenar-geraldi\/#primaryimage\"},\"image\":{\"@id\":\"https:\/\/orthodoxalbania.org\/2020\/2025\/03\/13\/13-mars-transferimi-i-lipsanit-te-niqiforit-te-konstandinopojes-hierodeshmoret-mario-publi-oshenar-geraldi\/#primaryimage\"},\"thumbnailUrl\":\"https:\/\/live.staticflickr.com\/65535\/51929770548_6d8d60f1b3_b.jpg\",\"datePublished\":\"2025-03-12T23:02:26+00:00\",\"breadcrumb\":{\"@id\":\"https:\/\/orthodoxalbania.org\/2020\/2025\/03\/13\/13-mars-transferimi-i-lipsanit-te-niqiforit-te-konstandinopojes-hierodeshmoret-mario-publi-oshenar-geraldi\/#breadcrumb\"},\"inLanguage\":\"en-US\",\"potentialAction\":[{\"@type\":\"ReadAction\",\"target\":[\"https:\/\/orthodoxalbania.org\/2020\/2025\/03\/13\/13-mars-transferimi-i-lipsanit-te-niqiforit-te-konstandinopojes-hierodeshmoret-mario-publi-oshenar-geraldi\/\"]}]},{\"@type\":\"ImageObject\",\"inLanguage\":\"en-US\",\"@id\":\"https:\/\/orthodoxalbania.org\/2020\/2025\/03\/13\/13-mars-transferimi-i-lipsanit-te-niqiforit-te-konstandinopojes-hierodeshmoret-mario-publi-oshenar-geraldi\/#primaryimage\",\"url\":\"https:\/\/live.staticflickr.com\/65535\/51929770548_6d8d60f1b3_b.jpg\",\"contentUrl\":\"https:\/\/live.staticflickr.com\/65535\/51929770548_6d8d60f1b3_b.jpg\",\"width\":\"706\",\"height\":\"1024\"},{\"@type\":\"BreadcrumbList\",\"@id\":\"https:\/\/orthodoxalbania.org\/2020\/2025\/03\/13\/13-mars-transferimi-i-lipsanit-te-niqiforit-te-konstandinopojes-hierodeshmoret-mario-publi-oshenar-geraldi\/#breadcrumb\",\"itemListElement\":[{\"@type\":\"ListItem\",\"position\":1,\"name\":\"Home\",\"item\":\"https:\/\/orthodoxalbania.org\/2020\/\"},{\"@type\":\"ListItem\",\"position\":2,\"name\":\"&#8211; 13 Mars &#8211; Transferimi i lipsanit t\u00eb Niqiforit t\u00eb Konstandinopoj\u00ebs. Hierod\u00ebshmor\u00ebt Mario, Publi. Osh\u00ebnar Geraldi.\"}]},{\"@type\":\"WebSite\",\"@id\":\"https:\/\/orthodoxalbania.org\/2020\/#website\",\"url\":\"https:\/\/orthodoxalbania.org\/2020\/\",\"name\":\"Kisha Orthodh\u03bfkse Autoqefale e Shqip\u00ebris\u00eb\",\"description\":\"Fqja Zyrtare e Kish\u00ebs Orthodhokse Autoqefale e Shqip\u00ebris\u00eb me lajmet edhe informacionet zyrtare p\u00ebr struktur\u00ebn edhe veprimtarin e saj.\",\"publisher\":{\"@id\":\"https:\/\/orthodoxalbania.org\/2020\/#organization\"},\"potentialAction\":[{\"@type\":\"SearchAction\",\"target\":{\"@type\":\"EntryPoint\",\"urlTemplate\":\"https:\/\/orthodoxalbania.org\/2020\/?s={search_term_string}\"},\"query-input\":{\"@type\":\"PropertyValueSpecification\",\"valueRequired\":true,\"valueName\":\"search_term_string\"}}],\"inLanguage\":\"en-US\"},{\"@type\":\"Organization\",\"@id\":\"https:\/\/orthodoxalbania.org\/2020\/#organization\",\"name\":\"Kisha Orthodhokse Autoqefale e Shqip\u00ebris\u00eb\",\"url\":\"https:\/\/orthodoxalbania.org\/2020\/\",\"logo\":{\"@type\":\"ImageObject\",\"inLanguage\":\"en-US\",\"@id\":\"https:\/\/orthodoxalbania.org\/2020\/#\/schema\/logo\/image\/\",\"url\":\"https:\/\/orthodoxalbania.org\/2020\/wp-content\/uploads\/2020\/05\/albania.jpeg\",\"contentUrl\":\"https:\/\/orthodoxalbania.org\/2020\/wp-content\/uploads\/2020\/05\/albania.jpeg\",\"width\":540,\"height\":540,\"caption\":\"Kisha Orthodhokse Autoqefale e Shqip\u00ebris\u00eb\"},\"image\":{\"@id\":\"https:\/\/orthodoxalbania.org\/2020\/#\/schema\/logo\/image\/\"},\"sameAs\":[\"https:\/\/www.facebook.com\/koash1991\"]},{\"@type\":\"Person\",\"@id\":\"https:\/\/orthodoxalbania.org\/2020\/#\/schema\/person\/df745f942b70e045b3dc05a30211f0de\",\"name\":\"Kisha Orthodhokse\",\"image\":{\"@type\":\"ImageObject\",\"inLanguage\":\"en-US\",\"@id\":\"https:\/\/secure.gravatar.com\/avatar\/2676eb8d97178435c9f691a7871595a1da6c33542dec218bce40885573150e28?s=96&d=mm&r=g\",\"url\":\"https:\/\/secure.gravatar.com\/avatar\/2676eb8d97178435c9f691a7871595a1da6c33542dec218bce40885573150e28?s=96&d=mm&r=g\",\"contentUrl\":\"https:\/\/secure.gravatar.com\/avatar\/2676eb8d97178435c9f691a7871595a1da6c33542dec218bce40885573150e28?s=96&d=mm&r=g\",\"caption\":\"Kisha Orthodhokse\"}}]}<\/script>\n<!-- \/ Yoast SEO plugin. -->","yoast_head_json":{"title":"- 13 Mars - Transferimi i lipsanit t\u00eb Niqiforit t\u00eb Konstandinopoj\u00ebs. Hierod\u00ebshmor\u00ebt Mario, Publi. Osh\u00ebnar Geraldi. - Kisha Orthodh\u03bfkse Autoqefale e Shqip\u00ebris\u00eb","robots":{"index":"index","follow":"follow","max-snippet":"max-snippet:-1","max-image-preview":"max-image-preview:large","max-video-preview":"max-video-preview:-1"},"canonical":"https:\/\/orthodoxalbania.org\/2020\/2025\/03\/13\/13-mars-transferimi-i-lipsanit-te-niqiforit-te-konstandinopojes-hierodeshmoret-mario-publi-oshenar-geraldi\/","og_locale":"en_US","og_type":"article","og_title":"- 13 Mars - Transferimi i lipsanit t\u00eb Niqiforit t\u00eb Konstandinopoj\u00ebs. Hierod\u00ebshmor\u00ebt Mario, Publi. Osh\u00ebnar Geraldi. - Kisha Orthodh\u03bfkse Autoqefale e Shqip\u00ebris\u00eb","og_description":"* * * * * \u00a0Transferimi i lipsanit t\u00eb Niqiforit t\u00eb Konstandinopoj\u00ebs. &nbsp; Kur sh\u00ebn Metodi (14 qershor), u ngjit n\u00eb fronin episkopal t\u00eb Konstandinopoj\u00ebs pas shkarkimit t\u00eb Joanit, patriarkut heretik (842), ai iu drejtua perandorit Mihail dhe n\u00ebn\u00ebs s\u00eb tij, perandoresh\u00ebs Theodhora (11 shkurt), duke u th\u00ebn\u00eb se nuk ishte e drejt\u00eb q\u00eb t\u00eb lihej n\u00eb m\u00ebrgim trupi i patriarkut t\u00eb shenjt\u00eb Niqifor, i","og_url":"https:\/\/orthodoxalbania.org\/2020\/2025\/03\/13\/13-mars-transferimi-i-lipsanit-te-niqiforit-te-konstandinopojes-hierodeshmoret-mario-publi-oshenar-geraldi\/","og_site_name":"Kisha Orthodh\u03bfkse Autoqefale e Shqip\u00ebris\u00eb","article_publisher":"https:\/\/www.facebook.com\/koash1991","article_published_time":"2025-03-12T23:02:26+00:00","og_image":[{"url":"https:\/\/live.staticflickr.com\/65535\/51929770548_6d8d60f1b3_b.jpg","type":"","width":"","height":""}],"author":"Kisha Orthodhokse","twitter_card":"summary_large_image","twitter_image":"https:\/\/live.staticflickr.com\/65535\/51929770548_6d8d60f1b3_b.jpg","twitter_misc":{"Written by":"Kisha Orthodhokse","Est. reading time":"2 minutes"},"schema":{"@context":"https:\/\/schema.org","@graph":[{"@type":"Article","@id":"https:\/\/orthodoxalbania.org\/2020\/2025\/03\/13\/13-mars-transferimi-i-lipsanit-te-niqiforit-te-konstandinopojes-hierodeshmoret-mario-publi-oshenar-geraldi\/#article","isPartOf":{"@id":"https:\/\/orthodoxalbania.org\/2020\/2025\/03\/13\/13-mars-transferimi-i-lipsanit-te-niqiforit-te-konstandinopojes-hierodeshmoret-mario-publi-oshenar-geraldi\/"},"author":{"name":"Kisha Orthodhokse","@id":"https:\/\/orthodoxalbania.org\/2020\/#\/schema\/person\/df745f942b70e045b3dc05a30211f0de"},"headline":"&#8211; 13 Mars &#8211; Transferimi i lipsanit t\u00eb Niqiforit t\u00eb Konstandinopoj\u00ebs. Hierod\u00ebshmor\u00ebt Mario, Publi. Osh\u00ebnar Geraldi.","datePublished":"2025-03-12T23:02:26+00:00","mainEntityOfPage":{"@id":"https:\/\/orthodoxalbania.org\/2020\/2025\/03\/13\/13-mars-transferimi-i-lipsanit-te-niqiforit-te-konstandinopojes-hierodeshmoret-mario-publi-oshenar-geraldi\/"},"wordCount":324,"publisher":{"@id":"https:\/\/orthodoxalbania.org\/2020\/#organization"},"image":{"@id":"https:\/\/orthodoxalbania.org\/2020\/2025\/03\/13\/13-mars-transferimi-i-lipsanit-te-niqiforit-te-konstandinopojes-hierodeshmoret-mario-publi-oshenar-geraldi\/#primaryimage"},"thumbnailUrl":"https:\/\/live.staticflickr.com\/65535\/51929770548_6d8d60f1b3_b.jpg","keywords":["leximet e dites","shenjtori i dites"],"articleSection":["Shenjtor\u00ebt e dit\u00ebs"],"inLanguage":"en-US"},{"@type":"WebPage","@id":"https:\/\/orthodoxalbania.org\/2020\/2025\/03\/13\/13-mars-transferimi-i-lipsanit-te-niqiforit-te-konstandinopojes-hierodeshmoret-mario-publi-oshenar-geraldi\/","url":"https:\/\/orthodoxalbania.org\/2020\/2025\/03\/13\/13-mars-transferimi-i-lipsanit-te-niqiforit-te-konstandinopojes-hierodeshmoret-mario-publi-oshenar-geraldi\/","name":"- 13 Mars - Transferimi i lipsanit t\u00eb Niqiforit t\u00eb Konstandinopoj\u00ebs. Hierod\u00ebshmor\u00ebt Mario, Publi. Osh\u00ebnar Geraldi. - Kisha Orthodh\u03bfkse Autoqefale e Shqip\u00ebris\u00eb","isPartOf":{"@id":"https:\/\/orthodoxalbania.org\/2020\/#website"},"primaryImageOfPage":{"@id":"https:\/\/orthodoxalbania.org\/2020\/2025\/03\/13\/13-mars-transferimi-i-lipsanit-te-niqiforit-te-konstandinopojes-hierodeshmoret-mario-publi-oshenar-geraldi\/#primaryimage"},"image":{"@id":"https:\/\/orthodoxalbania.org\/2020\/2025\/03\/13\/13-mars-transferimi-i-lipsanit-te-niqiforit-te-konstandinopojes-hierodeshmoret-mario-publi-oshenar-geraldi\/#primaryimage"},"thumbnailUrl":"https:\/\/live.staticflickr.com\/65535\/51929770548_6d8d60f1b3_b.jpg","datePublished":"2025-03-12T23:02:26+00:00","breadcrumb":{"@id":"https:\/\/orthodoxalbania.org\/2020\/2025\/03\/13\/13-mars-transferimi-i-lipsanit-te-niqiforit-te-konstandinopojes-hierodeshmoret-mario-publi-oshenar-geraldi\/#breadcrumb"},"inLanguage":"en-US","potentialAction":[{"@type":"ReadAction","target":["https:\/\/orthodoxalbania.org\/2020\/2025\/03\/13\/13-mars-transferimi-i-lipsanit-te-niqiforit-te-konstandinopojes-hierodeshmoret-mario-publi-oshenar-geraldi\/"]}]},{"@type":"ImageObject","inLanguage":"en-US","@id":"https:\/\/orthodoxalbania.org\/2020\/2025\/03\/13\/13-mars-transferimi-i-lipsanit-te-niqiforit-te-konstandinopojes-hierodeshmoret-mario-publi-oshenar-geraldi\/#primaryimage","url":"https:\/\/live.staticflickr.com\/65535\/51929770548_6d8d60f1b3_b.jpg","contentUrl":"https:\/\/live.staticflickr.com\/65535\/51929770548_6d8d60f1b3_b.jpg","width":"706","height":"1024"},{"@type":"BreadcrumbList","@id":"https:\/\/orthodoxalbania.org\/2020\/2025\/03\/13\/13-mars-transferimi-i-lipsanit-te-niqiforit-te-konstandinopojes-hierodeshmoret-mario-publi-oshenar-geraldi\/#breadcrumb","itemListElement":[{"@type":"ListItem","position":1,"name":"Home","item":"https:\/\/orthodoxalbania.org\/2020\/"},{"@type":"ListItem","position":2,"name":"&#8211; 13 Mars &#8211; Transferimi i lipsanit t\u00eb Niqiforit t\u00eb Konstandinopoj\u00ebs. Hierod\u00ebshmor\u00ebt Mario, Publi. Osh\u00ebnar Geraldi."}]},{"@type":"WebSite","@id":"https:\/\/orthodoxalbania.org\/2020\/#website","url":"https:\/\/orthodoxalbania.org\/2020\/","name":"Kisha Orthodh\u03bfkse Autoqefale e Shqip\u00ebris\u00eb","description":"Fqja Zyrtare e Kish\u00ebs Orthodhokse Autoqefale e Shqip\u00ebris\u00eb me lajmet edhe informacionet zyrtare p\u00ebr struktur\u00ebn edhe veprimtarin e saj.","publisher":{"@id":"https:\/\/orthodoxalbania.org\/2020\/#organization"},"potentialAction":[{"@type":"SearchAction","target":{"@type":"EntryPoint","urlTemplate":"https:\/\/orthodoxalbania.org\/2020\/?s={search_term_string}"},"query-input":{"@type":"PropertyValueSpecification","valueRequired":true,"valueName":"search_term_string"}}],"inLanguage":"en-US"},{"@type":"Organization","@id":"https:\/\/orthodoxalbania.org\/2020\/#organization","name":"Kisha Orthodhokse Autoqefale e Shqip\u00ebris\u00eb","url":"https:\/\/orthodoxalbania.org\/2020\/","logo":{"@type":"ImageObject","inLanguage":"en-US","@id":"https:\/\/orthodoxalbania.org\/2020\/#\/schema\/logo\/image\/","url":"https:\/\/orthodoxalbania.org\/2020\/wp-content\/uploads\/2020\/05\/albania.jpeg","contentUrl":"https:\/\/orthodoxalbania.org\/2020\/wp-content\/uploads\/2020\/05\/albania.jpeg","width":540,"height":540,"caption":"Kisha Orthodhokse Autoqefale e Shqip\u00ebris\u00eb"},"image":{"@id":"https:\/\/orthodoxalbania.org\/2020\/#\/schema\/logo\/image\/"},"sameAs":["https:\/\/www.facebook.com\/koash1991"]},{"@type":"Person","@id":"https:\/\/orthodoxalbania.org\/2020\/#\/schema\/person\/df745f942b70e045b3dc05a30211f0de","name":"Kisha Orthodhokse","image":{"@type":"ImageObject","inLanguage":"en-US","@id":"https:\/\/secure.gravatar.com\/avatar\/2676eb8d97178435c9f691a7871595a1da6c33542dec218bce40885573150e28?s=96&d=mm&r=g","url":"https:\/\/secure.gravatar.com\/avatar\/2676eb8d97178435c9f691a7871595a1da6c33542dec218bce40885573150e28?s=96&d=mm&r=g","contentUrl":"https:\/\/secure.gravatar.com\/avatar\/2676eb8d97178435c9f691a7871595a1da6c33542dec218bce40885573150e28?s=96&d=mm&r=g","caption":"Kisha Orthodhokse"}}]}},"_links":{"self":[{"href":"https:\/\/orthodoxalbania.org\/2020\/wp-json\/wp\/v2\/posts\/58447","targetHints":{"allow":["GET"]}}],"collection":[{"href":"https:\/\/orthodoxalbania.org\/2020\/wp-json\/wp\/v2\/posts"}],"about":[{"href":"https:\/\/orthodoxalbania.org\/2020\/wp-json\/wp\/v2\/types\/post"}],"author":[{"embeddable":true,"href":"https:\/\/orthodoxalbania.org\/2020\/wp-json\/wp\/v2\/users\/7"}],"replies":[{"embeddable":true,"href":"https:\/\/orthodoxalbania.org\/2020\/wp-json\/wp\/v2\/comments?post=58447"}],"version-history":[{"count":3,"href":"https:\/\/orthodoxalbania.org\/2020\/wp-json\/wp\/v2\/posts\/58447\/revisions"}],"predecessor-version":[{"id":63695,"href":"https:\/\/orthodoxalbania.org\/2020\/wp-json\/wp\/v2\/posts\/58447\/revisions\/63695"}],"wp:featuredmedia":[{"embeddable":true,"href":"https:\/\/orthodoxalbania.org\/2020\/wp-json\/wp\/v2\/media\/58451"}],"wp:attachment":[{"href":"https:\/\/orthodoxalbania.org\/2020\/wp-json\/wp\/v2\/media?parent=58447"}],"wp:term":[{"taxonomy":"category","embeddable":true,"href":"https:\/\/orthodoxalbania.org\/2020\/wp-json\/wp\/v2\/categories?post=58447"},{"taxonomy":"post_tag","embeddable":true,"href":"https:\/\/orthodoxalbania.org\/2020\/wp-json\/wp\/v2\/tags?post=58447"}],"curies":[{"name":"wp","href":"https:\/\/api.w.org\/{rel}","templated":true}]}}