{"id":580,"date":"2009-03-13T10:12:38","date_gmt":"2009-03-13T10:12:38","guid":{"rendered":""},"modified":"2020-04-06T22:35:11","modified_gmt":"2020-04-06T20:35:11","slug":"fjeti-patriarku-i-serbise-pavle","status":"publish","type":"post","link":"https:\/\/orthodoxalbania.org\/2020\/2009\/03\/13\/fjeti-patriarku-i-serbise-pavle\/","title":{"rendered":"Fjeti Patriarku i Serbis\u00eb Pavle. (15 N\u00ebntor 2009)"},"content":{"rendered":"<div style=\"text-align: justify;\"><span style=\"color: #000000;\"><span style=\"font-family: tahoma,geneva,sans-serif;\"><span style=\"font-size: 12px;\">&nbsp; &nbsp; M\u00eb 15 n\u00ebntor, fjeti m\u00eb Zotin, n\u00eb mosh\u00ebn 95-vje\u00e7are, Patriarku Pavle, i Kish\u00ebs Orthodhokse t\u00eb Serbis\u00eb. Ai nd\u00ebrroi jet\u00eb n\u00eb spitalin e Beogradit, p\u00ebr shkak t\u00eb gjendjes&nbsp; s\u00eb r\u00ebnd\u00eb sh\u00ebndet\u00ebsore. Gjat\u00eb k\u00ebsaj kohe Kisha u drejtua si m\u00ebk\u00ebmb\u00ebs patriarkal nga Mitropoliti i Malit t\u00eb Zi, Hir\u00ebsia e Tij Amfilloje. Me k\u00ebt\u00eb rast, u shpall zi treditore dhe trupi iu vendos n\u00eb katedralen e Beogradit, ku qytetar\u00ebt mund\u00ebn t\u2019i b\u00ebjn\u00eb p\u00ebrsh\u00ebndetjet e fundit, deri n\u00eb \u00e7astin e funeralit, q\u00eb u krye dit\u00ebn e enjte, 19 n\u00ebntor. Sh\u00ebrbesa u kryesua nga Patriarku Ekumenik Vartholomeu I, n\u00eb prani t\u00eb shum\u00eb primat\u00ebve orthodhoks\u00eb dhe t\u00eb p\u00ebrfaq\u00ebsive nga kishat e krishtera, mes t\u00eb cilave edhe nj\u00eb p\u00ebrfaq\u00ebsi nga Kisha jon\u00eb, e kryesuar nga Kryepiskopi Anastas.<\/p>\n<p> &nbsp; &nbsp; Patriarku Pavle lindi n\u00eb vitin 1914, n\u00eb nj\u00eb zon\u00eb t\u00eb Kroacis\u00eb s\u00eb sotme. Ai shquhej p\u00ebr p\u00ebrul\u00ebsin\u00eb dhe p\u00ebrkushtimin e tij. Mori drejtimin e Kish\u00ebs Serbe n\u00eb vitin 1990, n\u00eb nj\u00eb moment t\u00eb v\u00ebshtir\u00eb tensionesh gjithnj\u00eb n\u00eb rritje, q\u00eb \u00e7uan n\u00eb shp\u00ebrb\u00ebrjen e Jugosllavis\u00eb.&nbsp;<\/p>\n<p> &nbsp;&nbsp;&nbsp; Kryepiskopi Anastas, shprehu ngush\u00ebllimet n\u00eb em\u00ebr t\u00eb Kish\u00ebs Orthodhokse Autoqefale t\u00eb Shqip\u00ebris\u00eb, me an\u00eb t\u00eb nj\u00eb telegrami:<\/p>\n<p> &nbsp;&nbsp;&nbsp; Me hidh\u00ebrim shum\u00eb t\u00eb thell\u00eb u njoftuam p\u00ebr largimin e fort t\u00eb respektuarit dhe shum\u00eb t\u00eb dashurit Patriark t\u00eb Serbis\u00eb, zotit Pavle, i cili, me thjesht\u00ebsin\u00eb dhe diturin\u00eb e tij prej Shpirtit t\u00eb Shenjt\u00eb, shk\u00eblqeu me drit\u00eb t\u00eb paqme fronin e Kish\u00ebs s\u00eb dashur t\u00eb Serbis\u00eb.<\/p>\n<p> &nbsp;&nbsp;&nbsp; Lutemi thell\u00ebsisht, q\u00eb Zoti, t\u00eb cilin e deshi n\u00eb m\u00ebnyr\u00eb absolute dhe q\u00eb me vet\u00ebsakrific\u00eb i sh\u00ebrbeu n\u00eb periudha shum\u00eb kritike, ta ket\u00eb shpirtin e tij bashk\u00eb me shenjtor\u00ebt e tij. Personaliteti i tij i jasht\u00ebzakonsh\u00ebm mbetet nj\u00eb pasuri shpirt\u00ebrore dhe shembull i ndritsh\u00ebm p\u00ebr t\u00eb gjith\u00eb klerik\u00ebt orthodhoks\u00eb.<\/span><\/span><\/span><\/div>\n<div style=\"text-align: justify;\">&nbsp;<\/div>\n<div class=\"style1\" style=\"text-align: justify;\"> <span style=\"color: #000000;\"><span style=\"font-family: tahoma,geneva,sans-serif;\"><span style=\"font-size: 12px;\">&nbsp;&nbsp;&nbsp; I p\u00ebrjetsh\u00ebm qoft\u00eb kujtimi i tij!<\/span><\/span><\/span><\/div>\n","protected":false},"excerpt":{"rendered":"<p>&nbsp; &nbsp; M\u00eb 15 n\u00ebntor, fjeti m\u00eb Zotin, n\u00eb mosh\u00ebn 95-vje\u00e7are, Patriarku Pavle, i Kish\u00ebs Orthodhokse t\u00eb Serbis\u00eb. Ai nd\u00ebrroi jet\u00eb n\u00eb spitalin e Beogradit, p\u00ebr shkak t\u00eb gjendjes&nbsp; s\u00eb r\u00ebnd\u00eb sh\u00ebndet\u00ebsore. Gjat\u00eb k\u00ebsaj kohe Kisha u drejtua si m\u00ebk\u00ebmb\u00ebs patriarkal nga Mitropoliti i Malit t\u00eb Zi, Hir\u00ebsia e Tij Amfilloje. Me k\u00ebt\u00eb rast, u shpall zi treditore dhe trupi iu vendos n\u00eb katedralen e<\/p>\n","protected":false},"author":1,"featured_media":0,"comment_status":"open","ping_status":"open","sticky":false,"template":"","format":"standard","meta":{"_acf_changed":false,"pagelayer_contact_templates":[],"_pagelayer_content":"","inline_featured_image":false,"fifu_image_url":"","fifu_image_alt":"","footnotes":""},"categories":[108],"tags":[145,196,212],"class_list":["post-580","post","type-post","status-publish","format-standard","hentry","category-lajme","tag-145","tag-tirane","tag-lajme-d27"],"acf":[],"yoast_head":"<!-- This site is optimized with the Yoast SEO plugin v27.2 - https:\/\/yoast.com\/product\/yoast-seo-wordpress\/ -->\n<title>Fjeti Patriarku i Serbis\u00eb Pavle. (15 N\u00ebntor 2009) - Kisha Orthodh\u03bfkse Autoqefale e Shqip\u00ebris\u00eb<\/title>\n<meta name=\"robots\" content=\"index, follow, max-snippet:-1, max-image-preview:large, max-video-preview:-1\" \/>\n<link rel=\"canonical\" href=\"https:\/\/orthodoxalbania.org\/2020\/2009\/03\/13\/fjeti-patriarku-i-serbise-pavle\/\" \/>\n<meta property=\"og:locale\" content=\"en_US\" \/>\n<meta property=\"og:type\" content=\"article\" \/>\n<meta property=\"og:title\" content=\"Fjeti Patriarku i Serbis\u00eb Pavle. (15 N\u00ebntor 2009) - Kisha Orthodh\u03bfkse Autoqefale e Shqip\u00ebris\u00eb\" \/>\n<meta property=\"og:description\" content=\"&nbsp; &nbsp; M\u00eb 15 n\u00ebntor, fjeti m\u00eb Zotin, n\u00eb mosh\u00ebn 95-vje\u00e7are, Patriarku Pavle, i Kish\u00ebs Orthodhokse t\u00eb Serbis\u00eb. Ai nd\u00ebrroi jet\u00eb n\u00eb spitalin e Beogradit, p\u00ebr shkak t\u00eb gjendjes&nbsp; s\u00eb r\u00ebnd\u00eb sh\u00ebndet\u00ebsore. Gjat\u00eb k\u00ebsaj kohe Kisha u drejtua si m\u00ebk\u00ebmb\u00ebs patriarkal nga Mitropoliti i Malit t\u00eb Zi, Hir\u00ebsia e Tij Amfilloje. Me k\u00ebt\u00eb rast, u shpall zi treditore dhe trupi iu vendos n\u00eb katedralen e\" \/>\n<meta property=\"og:url\" content=\"https:\/\/orthodoxalbania.org\/2020\/2009\/03\/13\/fjeti-patriarku-i-serbise-pavle\/\" \/>\n<meta property=\"og:site_name\" content=\"Kisha Orthodh\u03bfkse Autoqefale e Shqip\u00ebris\u00eb\" \/>\n<meta property=\"article:publisher\" content=\"https:\/\/www.facebook.com\/koash1991\" \/>\n<meta property=\"article:published_time\" content=\"2009-03-13T10:12:38+00:00\" \/>\n<meta property=\"article:modified_time\" content=\"2020-04-06T20:35:11+00:00\" \/>\n<meta property=\"og:image\" content=\"https:\/\/orthodoxalbania.org\/2020\/wp-content\/uploads\/2021\/02\/LogoLastALb-200.png\" \/>\n\t<meta property=\"og:image:width\" content=\"200\" \/>\n\t<meta property=\"og:image:height\" content=\"172\" \/>\n\t<meta property=\"og:image:type\" content=\"image\/png\" \/>\n<meta name=\"author\" content=\"Kisha Orthodhokse\" \/>\n<meta name=\"twitter:card\" content=\"summary_large_image\" \/>\n<meta name=\"twitter:label1\" content=\"Written by\" \/>\n\t<meta name=\"twitter:data1\" content=\"Kisha Orthodhokse\" \/>\n\t<meta name=\"twitter:label2\" content=\"Est. reading time\" \/>\n\t<meta name=\"twitter:data2\" content=\"2 minutes\" \/>\n<script type=\"application\/ld+json\" class=\"yoast-schema-graph\">{\"@context\":\"https:\/\/schema.org\",\"@graph\":[{\"@type\":\"Article\",\"@id\":\"https:\/\/orthodoxalbania.org\/2020\/2009\/03\/13\/fjeti-patriarku-i-serbise-pavle\/#article\",\"isPartOf\":{\"@id\":\"https:\/\/orthodoxalbania.org\/2020\/2009\/03\/13\/fjeti-patriarku-i-serbise-pavle\/\"},\"author\":{\"name\":\"Kisha Orthodhokse\",\"@id\":\"https:\/\/orthodoxalbania.org\/2020\/#\/schema\/person\/0c387634a7063ac612d7ed9ce71c7e86\"},\"headline\":\"Fjeti Patriarku i Serbis\u00eb Pavle. (15 N\u00ebntor 2009)\",\"datePublished\":\"2009-03-13T10:12:38+00:00\",\"dateModified\":\"2020-04-06T20:35:11+00:00\",\"mainEntityOfPage\":{\"@id\":\"https:\/\/orthodoxalbania.org\/2020\/2009\/03\/13\/fjeti-patriarku-i-serbise-pavle\/\"},\"wordCount\":363,\"commentCount\":0,\"publisher\":{\"@id\":\"https:\/\/orthodoxalbania.org\/2020\/#organization\"},\"keywords\":[\"2009\",\"Kryepiskopata Tiran\u00eb\",\"lajme\"],\"articleSection\":[\"Lajme\"],\"inLanguage\":\"en-US\"},{\"@type\":\"WebPage\",\"@id\":\"https:\/\/orthodoxalbania.org\/2020\/2009\/03\/13\/fjeti-patriarku-i-serbise-pavle\/\",\"url\":\"https:\/\/orthodoxalbania.org\/2020\/2009\/03\/13\/fjeti-patriarku-i-serbise-pavle\/\",\"name\":\"Fjeti Patriarku i Serbis\u00eb Pavle. (15 N\u00ebntor 2009) - Kisha Orthodh\u03bfkse Autoqefale e Shqip\u00ebris\u00eb\",\"isPartOf\":{\"@id\":\"https:\/\/orthodoxalbania.org\/2020\/#website\"},\"datePublished\":\"2009-03-13T10:12:38+00:00\",\"dateModified\":\"2020-04-06T20:35:11+00:00\",\"breadcrumb\":{\"@id\":\"https:\/\/orthodoxalbania.org\/2020\/2009\/03\/13\/fjeti-patriarku-i-serbise-pavle\/#breadcrumb\"},\"inLanguage\":\"en-US\",\"potentialAction\":[{\"@type\":\"ReadAction\",\"target\":[\"https:\/\/orthodoxalbania.org\/2020\/2009\/03\/13\/fjeti-patriarku-i-serbise-pavle\/\"]}]},{\"@type\":\"BreadcrumbList\",\"@id\":\"https:\/\/orthodoxalbania.org\/2020\/2009\/03\/13\/fjeti-patriarku-i-serbise-pavle\/#breadcrumb\",\"itemListElement\":[{\"@type\":\"ListItem\",\"position\":1,\"name\":\"Home\",\"item\":\"https:\/\/orthodoxalbania.org\/2020\/\"},{\"@type\":\"ListItem\",\"position\":2,\"name\":\"Fjeti Patriarku i Serbis\u00eb Pavle. (15 N\u00ebntor 2009)\"}]},{\"@type\":\"WebSite\",\"@id\":\"https:\/\/orthodoxalbania.org\/2020\/#website\",\"url\":\"https:\/\/orthodoxalbania.org\/2020\/\",\"name\":\"Kisha Orthodh\u03bfkse Autoqefale e Shqip\u00ebris\u00eb\",\"description\":\"Fqja Zyrtare e Kish\u00ebs Orthodhokse Autoqefale e Shqip\u00ebris\u00eb me lajmet edhe informacionet zyrtare p\u00ebr struktur\u00ebn edhe veprimtarin e saj.\",\"publisher\":{\"@id\":\"https:\/\/orthodoxalbania.org\/2020\/#organization\"},\"potentialAction\":[{\"@type\":\"SearchAction\",\"target\":{\"@type\":\"EntryPoint\",\"urlTemplate\":\"https:\/\/orthodoxalbania.org\/2020\/?s={search_term_string}\"},\"query-input\":{\"@type\":\"PropertyValueSpecification\",\"valueRequired\":true,\"valueName\":\"search_term_string\"}}],\"inLanguage\":\"en-US\"},{\"@type\":\"Organization\",\"@id\":\"https:\/\/orthodoxalbania.org\/2020\/#organization\",\"name\":\"Kisha Orthodhokse Autoqefale e Shqip\u00ebris\u00eb\",\"url\":\"https:\/\/orthodoxalbania.org\/2020\/\",\"logo\":{\"@type\":\"ImageObject\",\"inLanguage\":\"en-US\",\"@id\":\"https:\/\/orthodoxalbania.org\/2020\/#\/schema\/logo\/image\/\",\"url\":\"https:\/\/orthodoxalbania.org\/2020\/wp-content\/uploads\/2020\/05\/albania.jpeg\",\"contentUrl\":\"https:\/\/orthodoxalbania.org\/2020\/wp-content\/uploads\/2020\/05\/albania.jpeg\",\"width\":540,\"height\":540,\"caption\":\"Kisha Orthodhokse Autoqefale e Shqip\u00ebris\u00eb\"},\"image\":{\"@id\":\"https:\/\/orthodoxalbania.org\/2020\/#\/schema\/logo\/image\/\"},\"sameAs\":[\"https:\/\/www.facebook.com\/koash1991\"]},{\"@type\":\"Person\",\"@id\":\"https:\/\/orthodoxalbania.org\/2020\/#\/schema\/person\/0c387634a7063ac612d7ed9ce71c7e86\",\"name\":\"Kisha Orthodhokse\",\"image\":{\"@type\":\"ImageObject\",\"inLanguage\":\"en-US\",\"@id\":\"https:\/\/secure.gravatar.com\/avatar\/596e7c417251e30f2fbb9c00e026fce61a695a00e51c889caded71c96cbbdde5?s=96&d=mm&r=g\",\"url\":\"https:\/\/secure.gravatar.com\/avatar\/596e7c417251e30f2fbb9c00e026fce61a695a00e51c889caded71c96cbbdde5?s=96&d=mm&r=g\",\"contentUrl\":\"https:\/\/secure.gravatar.com\/avatar\/596e7c417251e30f2fbb9c00e026fce61a695a00e51c889caded71c96cbbdde5?s=96&d=mm&r=g\",\"caption\":\"Kisha Orthodhokse\"}}]}<\/script>\n<!-- \/ Yoast SEO plugin. -->","yoast_head_json":{"title":"Fjeti Patriarku i Serbis\u00eb Pavle. (15 N\u00ebntor 2009) - Kisha Orthodh\u03bfkse Autoqefale e Shqip\u00ebris\u00eb","robots":{"index":"index","follow":"follow","max-snippet":"max-snippet:-1","max-image-preview":"max-image-preview:large","max-video-preview":"max-video-preview:-1"},"canonical":"https:\/\/orthodoxalbania.org\/2020\/2009\/03\/13\/fjeti-patriarku-i-serbise-pavle\/","og_locale":"en_US","og_type":"article","og_title":"Fjeti Patriarku i Serbis\u00eb Pavle. (15 N\u00ebntor 2009) - Kisha Orthodh\u03bfkse Autoqefale e Shqip\u00ebris\u00eb","og_description":"&nbsp; &nbsp; M\u00eb 15 n\u00ebntor, fjeti m\u00eb Zotin, n\u00eb mosh\u00ebn 95-vje\u00e7are, Patriarku Pavle, i Kish\u00ebs Orthodhokse t\u00eb Serbis\u00eb. Ai nd\u00ebrroi jet\u00eb n\u00eb spitalin e Beogradit, p\u00ebr shkak t\u00eb gjendjes&nbsp; s\u00eb r\u00ebnd\u00eb sh\u00ebndet\u00ebsore. Gjat\u00eb k\u00ebsaj kohe Kisha u drejtua si m\u00ebk\u00ebmb\u00ebs patriarkal nga Mitropoliti i Malit t\u00eb Zi, Hir\u00ebsia e Tij Amfilloje. Me k\u00ebt\u00eb rast, u shpall zi treditore dhe trupi iu vendos n\u00eb katedralen e","og_url":"https:\/\/orthodoxalbania.org\/2020\/2009\/03\/13\/fjeti-patriarku-i-serbise-pavle\/","og_site_name":"Kisha Orthodh\u03bfkse Autoqefale e Shqip\u00ebris\u00eb","article_publisher":"https:\/\/www.facebook.com\/koash1991","article_published_time":"2009-03-13T10:12:38+00:00","article_modified_time":"2020-04-06T20:35:11+00:00","og_image":[{"width":200,"height":172,"url":"https:\/\/orthodoxalbania.org\/2020\/wp-content\/uploads\/2021\/02\/LogoLastALb-200.png","type":"image\/png"}],"author":"Kisha Orthodhokse","twitter_card":"summary_large_image","twitter_misc":{"Written by":"Kisha Orthodhokse","Est. reading time":"2 minutes"},"schema":{"@context":"https:\/\/schema.org","@graph":[{"@type":"Article","@id":"https:\/\/orthodoxalbania.org\/2020\/2009\/03\/13\/fjeti-patriarku-i-serbise-pavle\/#article","isPartOf":{"@id":"https:\/\/orthodoxalbania.org\/2020\/2009\/03\/13\/fjeti-patriarku-i-serbise-pavle\/"},"author":{"name":"Kisha Orthodhokse","@id":"https:\/\/orthodoxalbania.org\/2020\/#\/schema\/person\/0c387634a7063ac612d7ed9ce71c7e86"},"headline":"Fjeti Patriarku i Serbis\u00eb Pavle. (15 N\u00ebntor 2009)","datePublished":"2009-03-13T10:12:38+00:00","dateModified":"2020-04-06T20:35:11+00:00","mainEntityOfPage":{"@id":"https:\/\/orthodoxalbania.org\/2020\/2009\/03\/13\/fjeti-patriarku-i-serbise-pavle\/"},"wordCount":363,"commentCount":0,"publisher":{"@id":"https:\/\/orthodoxalbania.org\/2020\/#organization"},"keywords":["2009","Kryepiskopata Tiran\u00eb","lajme"],"articleSection":["Lajme"],"inLanguage":"en-US"},{"@type":"WebPage","@id":"https:\/\/orthodoxalbania.org\/2020\/2009\/03\/13\/fjeti-patriarku-i-serbise-pavle\/","url":"https:\/\/orthodoxalbania.org\/2020\/2009\/03\/13\/fjeti-patriarku-i-serbise-pavle\/","name":"Fjeti Patriarku i Serbis\u00eb Pavle. (15 N\u00ebntor 2009) - Kisha Orthodh\u03bfkse Autoqefale e Shqip\u00ebris\u00eb","isPartOf":{"@id":"https:\/\/orthodoxalbania.org\/2020\/#website"},"datePublished":"2009-03-13T10:12:38+00:00","dateModified":"2020-04-06T20:35:11+00:00","breadcrumb":{"@id":"https:\/\/orthodoxalbania.org\/2020\/2009\/03\/13\/fjeti-patriarku-i-serbise-pavle\/#breadcrumb"},"inLanguage":"en-US","potentialAction":[{"@type":"ReadAction","target":["https:\/\/orthodoxalbania.org\/2020\/2009\/03\/13\/fjeti-patriarku-i-serbise-pavle\/"]}]},{"@type":"BreadcrumbList","@id":"https:\/\/orthodoxalbania.org\/2020\/2009\/03\/13\/fjeti-patriarku-i-serbise-pavle\/#breadcrumb","itemListElement":[{"@type":"ListItem","position":1,"name":"Home","item":"https:\/\/orthodoxalbania.org\/2020\/"},{"@type":"ListItem","position":2,"name":"Fjeti Patriarku i Serbis\u00eb Pavle. (15 N\u00ebntor 2009)"}]},{"@type":"WebSite","@id":"https:\/\/orthodoxalbania.org\/2020\/#website","url":"https:\/\/orthodoxalbania.org\/2020\/","name":"Kisha Orthodh\u03bfkse Autoqefale e Shqip\u00ebris\u00eb","description":"Fqja Zyrtare e Kish\u00ebs Orthodhokse Autoqefale e Shqip\u00ebris\u00eb me lajmet edhe informacionet zyrtare p\u00ebr struktur\u00ebn edhe veprimtarin e saj.","publisher":{"@id":"https:\/\/orthodoxalbania.org\/2020\/#organization"},"potentialAction":[{"@type":"SearchAction","target":{"@type":"EntryPoint","urlTemplate":"https:\/\/orthodoxalbania.org\/2020\/?s={search_term_string}"},"query-input":{"@type":"PropertyValueSpecification","valueRequired":true,"valueName":"search_term_string"}}],"inLanguage":"en-US"},{"@type":"Organization","@id":"https:\/\/orthodoxalbania.org\/2020\/#organization","name":"Kisha Orthodhokse Autoqefale e Shqip\u00ebris\u00eb","url":"https:\/\/orthodoxalbania.org\/2020\/","logo":{"@type":"ImageObject","inLanguage":"en-US","@id":"https:\/\/orthodoxalbania.org\/2020\/#\/schema\/logo\/image\/","url":"https:\/\/orthodoxalbania.org\/2020\/wp-content\/uploads\/2020\/05\/albania.jpeg","contentUrl":"https:\/\/orthodoxalbania.org\/2020\/wp-content\/uploads\/2020\/05\/albania.jpeg","width":540,"height":540,"caption":"Kisha Orthodhokse Autoqefale e Shqip\u00ebris\u00eb"},"image":{"@id":"https:\/\/orthodoxalbania.org\/2020\/#\/schema\/logo\/image\/"},"sameAs":["https:\/\/www.facebook.com\/koash1991"]},{"@type":"Person","@id":"https:\/\/orthodoxalbania.org\/2020\/#\/schema\/person\/0c387634a7063ac612d7ed9ce71c7e86","name":"Kisha Orthodhokse","image":{"@type":"ImageObject","inLanguage":"en-US","@id":"https:\/\/secure.gravatar.com\/avatar\/596e7c417251e30f2fbb9c00e026fce61a695a00e51c889caded71c96cbbdde5?s=96&d=mm&r=g","url":"https:\/\/secure.gravatar.com\/avatar\/596e7c417251e30f2fbb9c00e026fce61a695a00e51c889caded71c96cbbdde5?s=96&d=mm&r=g","contentUrl":"https:\/\/secure.gravatar.com\/avatar\/596e7c417251e30f2fbb9c00e026fce61a695a00e51c889caded71c96cbbdde5?s=96&d=mm&r=g","caption":"Kisha Orthodhokse"}}]}},"_links":{"self":[{"href":"https:\/\/orthodoxalbania.org\/2020\/wp-json\/wp\/v2\/posts\/580","targetHints":{"allow":["GET"]}}],"collection":[{"href":"https:\/\/orthodoxalbania.org\/2020\/wp-json\/wp\/v2\/posts"}],"about":[{"href":"https:\/\/orthodoxalbania.org\/2020\/wp-json\/wp\/v2\/types\/post"}],"author":[{"embeddable":true,"href":"https:\/\/orthodoxalbania.org\/2020\/wp-json\/wp\/v2\/users\/1"}],"replies":[{"embeddable":true,"href":"https:\/\/orthodoxalbania.org\/2020\/wp-json\/wp\/v2\/comments?post=580"}],"version-history":[{"count":1,"href":"https:\/\/orthodoxalbania.org\/2020\/wp-json\/wp\/v2\/posts\/580\/revisions"}],"predecessor-version":[{"id":15615,"href":"https:\/\/orthodoxalbania.org\/2020\/wp-json\/wp\/v2\/posts\/580\/revisions\/15615"}],"wp:attachment":[{"href":"https:\/\/orthodoxalbania.org\/2020\/wp-json\/wp\/v2\/media?parent=580"}],"wp:term":[{"taxonomy":"category","embeddable":true,"href":"https:\/\/orthodoxalbania.org\/2020\/wp-json\/wp\/v2\/categories?post=580"},{"taxonomy":"post_tag","embeddable":true,"href":"https:\/\/orthodoxalbania.org\/2020\/wp-json\/wp\/v2\/tags?post=580"}],"curies":[{"name":"wp","href":"https:\/\/api.w.org\/{rel}","templated":true}]}}