{"id":578,"date":"2013-03-20T13:08:40","date_gmt":"2013-03-20T13:08:40","guid":{"rendered":""},"modified":"2020-04-06T22:32:17","modified_gmt":"2020-04-06T20:32:17","slug":"fjalimi-i-kryepiskopit-anastas-ne-simpoziumin-kontributi-i-harmonise-nderfetare-ne-integrimin-evropian-te-shqiperise-2010","status":"publish","type":"post","link":"https:\/\/orthodoxalbania.org\/2020\/2013\/03\/20\/fjalimi-i-kryepiskopit-anastas-ne-simpoziumin-kontributi-i-harmonise-nderfetare-ne-integrimin-evropian-te-shqiperise-2010\/","title":{"rendered":"Fjalimi i Kryepiskopit Anastas n\u00eb Simpoziumin \u201cKontributi i harmonis\u00eb nd\u00ebrfetare n\u00eb integrimin evropian t\u00eb Shqip\u00ebris\u00eb\u201d (2010)"},"content":{"rendered":"<div style=\"text-align: justify;\">\n\t<span style=\"color:#000000;\"><span style=\"font-family: tahoma,geneva,sans-serif;\"><span style=\"font-size: 12px;\"><em>&nbsp;&nbsp;&nbsp; M\u00eb 2 n\u00ebntor, n\u00eb ambientet e hotel \u201cTirana\u201d n\u00eb kryeqytet, me nism\u00ebn e Presidentit t\u00eb Republik\u00ebs, z. Bamir Topi, u zhvillua simpoziumi me tem\u00eb: \u201cKontributi i harmonis\u00eb nd\u00ebrfetare n\u00eb integrimin evropian t\u00eb Shqip\u00ebris\u00eb\u201d. T\u00eb ftuar special\u00eb t\u00eb k\u00ebtij takimi ishin krer\u00ebt e kat\u00ebr komuniteteve fetare n\u00eb vend, mes t\u00eb cil\u00ebve edhe Fortlumturia e Tij, Kryepiskopi i Tiran\u00ebs, Durr\u00ebsit dhe i gjith\u00eb Shqip\u00ebris\u00eb, Prof. Dr. Anastasi. <\/em><\/span><\/span><\/span><\/div>\n<div style=\"text-align: justify;\">\n\t<br \/>\n\t<span style=\"color:#000000;\"><span style=\"font-family: tahoma,geneva,sans-serif;\"><span style=\"font-size: 12px;\">&nbsp;&nbsp;&nbsp;&nbsp; <em>N\u00eb vijim, po botojm\u00eb fjal\u00ebn e tij t\u00eb plot\u00eb:<\/em><\/span><\/span><\/span><\/div>\n<div style=\"text-align: justify;\">\n\t<span style=\"color:#000000;\"><span style=\"font-family: tahoma,geneva,sans-serif;\"><span style=\"font-size: 12px;\"><strong>Shk\u00eblqesia Juaj, President i Republik\u00ebs s\u00eb Shqip\u00ebris\u00eb, &nbsp;Prof. Dr. Bamir Topi,<\/strong><br \/>\n\t<strong>Fort t\u00eb respektuar Kryetar\u00eb t\u00eb Komuniteteve Fetare t\u00eb Shqip\u00ebris\u00eb,<\/strong><br \/>\n\t<strong>T\u00eb nderuar p\u00ebrfaq\u00ebsues t\u00eb Trupit Diplomatik n\u00eb Shqip\u00ebri,<\/strong><br \/>\n\t<strong>T\u00eb nderuar pjes\u00ebmarr\u00ebs,<\/strong><\/span><\/span><\/span><\/div>\n<div style=\"text-align: justify;\">\n\t&nbsp;<\/div>\n<div style=\"text-align: justify;\">\n\t<span style=\"color:#000000;\"><span style=\"font-family: tahoma,geneva,sans-serif;\"><span style=\"font-size: 12px;\"><img decoding=\"async\" class=\"lazyload HAa Eha\" height=\"149\" src=\"data:image\/svg+xml,%3Csvg%20xmlns%3D%27http%3A%2F%2Fwww.w3.org%2F2000%2Fsvg%27%20width%3D%27181%27%20height%3D%27149%27%20viewBox%3D%270%200%20181%20149%27%3E%3Crect%20width%3D%27181%27%20height%3D%27149%27%20fill-opacity%3D%220%22%2F%3E%3C%2Fsvg%3E\" data-orig-src=\"https:\/\/lh3.googleusercontent.com\/-z-9dep6t51E\/VK5WDbBxzGI\/AAAAAAAAKfU\/OtYMk9SjqIQ\/w600-h494-no\/1_600x494.JPG\" style=\"border-width: 1px; border-style: solid; margin: 10px; float: left;\" width=\"181\" \/>&nbsp;&nbsp;&nbsp; I bekuar qoft\u00eb emri i Per\u00ebndis\u00eb, q\u00eb na dha p\u00ebrs\u00ebri mund\u00ebsin\u00eb t\u00eb realizojm\u00eb k\u00ebt\u00eb Simpozium n\u00eb t\u00eb nj\u00ebjt\u00ebn frym\u00eb t\u00eb p\u00ebrbashk\u00ebt. N\u00eb em\u00ebr t\u00eb Kish\u00ebs Orthodhokse Autoqefale t\u00eb Shqip\u00ebris\u00eb p\u00ebrsh\u00ebndes nga zemra t\u00eb gjith\u00eb pjes\u00ebmarr\u00ebsit, si dhe organizator\u00ebt e k\u00ebtij evenimenti.<\/span><\/span><\/span><\/div>\n<div style=\"text-align: justify;\">\n\t<br \/>\n\t<span style=\"color:#000000;\"><span style=\"font-family: tahoma,geneva,sans-serif;\"><span style=\"font-size: 12px;\">&nbsp;&nbsp;&nbsp; 1. Me ardhjen e demokracis\u00eb n\u00eb Shqip\u00ebri, nuk munguan disa qarqe t\u00eb caktuara q\u00eb prisnin konflikte midis komuniteteve fetare, me pasoj\u00eb lindjen e trazirave shoq\u00ebrore. Teorikisht, fanatizmi fetar nuk ishte di\u00e7ka e pamundur q\u00eb t\u00eb mos shfaqej brenda grupimeve t\u00eb komuniteteve fetare, sikund\u00ebr u vu re n\u00eb vende t\u00eb tjera t\u00eb Ballkanit, por edhe gjetk\u00eb, kur mbizot\u00ebruan ide dhe prirje ekstremiste. Ndjenja fetare \u00ebsht\u00eb nj\u00eb funksion njer\u00ebzor tep\u00ebr delikat dhe anomalia m\u00eb e vog\u00ebl mund t\u00eb krijoj\u00eb shp\u00ebrthime t\u00eb ndryshme. Fatmir\u00ebsisht, k\u00ebtu n\u00eb Shqip\u00ebri, me Hirin e Per\u00ebndis\u00eb, qysh n\u00eb vitet e para, t\u00eb gjith\u00eb drejtuesit fetar\u00eb kultivuam me p\u00ebrgjegj\u00ebsi respektin e nd\u00ebrsjell\u00eb dhe marr\u00ebdh\u00ebnie t\u00eb bashk\u00ebpunimit t\u00eb sinqert\u00eb. N\u00eb p\u00ebrgjith\u00ebsi, pranohet kontributi i r\u00ebnd\u00ebsish\u00ebm i komuniteteve fetare n\u00eb kohezionin social t\u00eb Shqip\u00ebris\u00eb dhe si\u00e7 pohohet nga t\u00eb gjith\u00eb, p\u00ebrb\u00ebn shembull edhe p\u00ebr forca t\u00eb tjera sociale t\u00eb vendit. P\u00ebr m\u00eb tep\u00ebr, \u00ebsht\u00eb nder p\u00ebr Shqip\u00ebrin\u00eb, kur flitet jasht\u00eb saj se si \u00ebsht\u00eb gjendja fetare n\u00eb bot\u00eb.<\/span><\/span><\/span><\/div>\n<div style=\"text-align: justify;\">\n\t<br \/>\n\t<span style=\"color:#000000;\"><span style=\"font-family: tahoma,geneva,sans-serif;\"><span style=\"font-size: 12px;\">&nbsp;&nbsp;&nbsp; 2. Por ky fakt k\u00ebrkon nj\u00eb v\u00ebmendje dhe vigjilenc\u00eb t\u00eb vazhdueshme. Mikrobet dhe viruset shpeshher\u00eb mund t\u00eb minojn\u00eb sh\u00ebndetin. Sot mbushet nj\u00eb vit nga krijimi i K\u00ebshillit Nd\u00ebrfetar t\u00eb Shqip\u00ebris\u00eb dhe, ky \u00ebsht\u00eb nj\u00eb rast p\u00ebr t\u00eb fal\u00ebnderuar Per\u00ebndin\u00eb p\u00ebr frym\u00ebn e paqes dhe t\u00eb harmonis\u00eb, q\u00eb na ka dhuruar. Por, nj\u00ebkoh\u00ebsisht, \u00ebsht\u00eb nj\u00eb mund\u00ebsi p\u00ebr t\u00eb rip\u00ebrt\u00ebrir\u00eb obligimin e t\u00eb gjith\u00ebve ne, p\u00ebr ta forcuar m\u00eb tej k\u00ebt\u00eb bashkekzistenc\u00eb paq\u00ebsore kaq t\u00eb domosdoshme n\u00eb rrug\u00ebn e Shqip\u00ebris\u00eb drejt Evrop\u00ebs. Dhe s\u00eb treti,&nbsp; t\u00eb trash\u00ebgojm\u00eb k\u00ebt\u00eb frym\u00eb bashk\u00ebpunimi te brezi i ri.<\/span><\/span><\/span><\/div>\n<div style=\"text-align: justify;\">\n\t<br \/>\n\t<span style=\"color:#000000;\"><span style=\"font-family: tahoma,geneva,sans-serif;\"><span style=\"font-size: 12px;\"><img decoding=\"async\" class=\"lazyload HAa Eha\" height=\"135\" src=\"data:image\/svg+xml,%3Csvg%20xmlns%3D%27http%3A%2F%2Fwww.w3.org%2F2000%2Fsvg%27%20width%3D%27238%27%20height%3D%27135%27%20viewBox%3D%270%200%20238%20135%27%3E%3Crect%20width%3D%27238%27%20height%3D%27135%27%20fill-opacity%3D%220%22%2F%3E%3C%2Fsvg%3E\" data-orig-src=\"https:\/\/lh3.googleusercontent.com\/-Mrlpgp2eH8U\/VK5WDOJgxjI\/AAAAAAAAKfI\/TdlfANB5OzE\/w600-h337-no\/2_600x337.jpg\" style=\"border-width: 1px; border-style: solid; margin: 10px; float: right;\" width=\"238\" \/>&nbsp;&nbsp;&nbsp; Populli, bashk\u00eb me zhvillimin ekonomik, ka nevoj\u00eb p\u00ebr stabilizimin dhe fuqizimin e vlerave shpirt\u00ebrore. Element\u00ebt themelor\u00eb p\u00ebr fuqin\u00eb dhe p\u00ebrparimin e shoq\u00ebris\u00eb, jan\u00eb besimi, dashuria, shpresa. Besim n\u00eb Per\u00ebndin\u00eb dhe n\u00eb vler\u00ebn unikale t\u00eb personit njer\u00ebzor, q\u00eb Ai e ka krijuar. Dashuri p\u00ebr Per\u00ebndin\u00eb dhe ndaj \u00e7do njeriu, pavar\u00ebsisht edukimit, origjin\u00ebs, bindjeve. Shpres\u00eb n\u00eb pranin\u00eb e Per\u00ebndis\u00eb t\u00eb drejt\u00ebsis\u00eb, t\u00eb paqes dhe t\u00eb dashuris\u00eb, n\u00eb historin\u00eb e bot\u00ebs, n\u00eb historin\u00eb e popullit ton\u00eb, n\u00eb historin\u00eb ton\u00eb personale. Shpres\u00eb edhe kur kushtet duken t\u00eb v\u00ebshtira dhe jo t\u00eb favorshme. Komunitetet fetare i kultivojn\u00eb k\u00ebto vlera dhe i transmetojn\u00eb ato nga brezi n\u00eb brez, me an\u00eb t\u00eb doktrin\u00ebs, vepr\u00ebs dhe gjith\u00eb pranis\u00eb s\u00eb tyre.<\/span><\/span><\/span><\/div>\n<div style=\"text-align: justify;\">\n\t<br \/>\n\t<span style=\"color:#000000;\"><span style=\"font-family: tahoma,geneva,sans-serif;\"><span style=\"font-size: 12px;\">&nbsp;&nbsp;&nbsp; 3. Bashkimi Evropian, drejt t\u00eb cilit po shkojm\u00eb, \u00ebsht\u00eb nj\u00eb kompleks ku ekzistojn\u00eb prirje t\u00eb ndryshme. Vlera e madhe e k\u00ebtij entiteti \u00ebsht\u00eb se ka arritur t\u00eb bashkoj\u00eb n\u00eb nj\u00eb sintez\u00eb antitezat q\u00eb e p\u00ebrb\u00ebjn\u00eb. Por ekzistojn\u00eb disa vlera t\u00eb cilat p\u00ebrb\u00ebjn\u00eb nyj\u00ebn lidh\u00ebse p\u00ebr \u00e7do popull q\u00eb d\u00ebshiron t\u00eb integrohet aty, si theksimi i dinjitetit t\u00eb \u00e7do personi njer\u00ebzor, q\u00eb u b\u00eb themel i legjislacionit t\u00eb shteteve evropiane.<\/span><\/span><\/span><\/div>\n<div style=\"text-align: justify;\">\n\t<br \/>\n\t<span style=\"color:#000000;\"><span style=\"font-family: tahoma,geneva,sans-serif;\"><span style=\"font-size: 12px;\"><img decoding=\"async\" class=\"lazyload HAa Eha\" src=\"data:image\/gif;base64,R0lGODlhAQABAAAAACH5BAEKAAEALAAAAAABAAEAAAICTAEAOw==\" data-orig-src=\"https:\/\/lh5.googleusercontent.com\/-cej_vWIaQck\/VK5WDDh6CRI\/AAAAAAAAKfQ\/Trws4EegQlA\/w600-h399-no\/3_600x399.JPG\" style=\"height: 166px; width: 250px; border-width: 1px; border-style: solid; margin: 10px; float: left;\" \/>&nbsp;&nbsp;&nbsp; N\u00eb rrug\u00ebtimin historik t\u00eb Evrop\u00ebs, kan\u00eb ekzistuar dhe vazhdojn\u00eb t\u00eb shfaqen, antiteza, konflikte interesash, padrejt\u00ebsi, ngjarje q\u00eb krijojn\u00eb plag\u00eb t\u00eb thella midis shteteve e popujve. Falja dhe pajtimi, q\u00eb nd\u00ebrgjegjja fetare e sh\u00ebndosh\u00eb i frym\u00ebzon n\u00eb m\u00ebnyr\u00eb t\u00eb ve\u00e7ant\u00eb, mbeten antidoti kryesor ndaj mbajtjes gjall\u00eb t\u00eb armiq\u00ebsis\u00eb. Me gjith\u00eb progresin dhe shum\u00eb zhvillime t\u00eb qytet\u00ebrimit evropian, disa prirje negative t\u00eb njeriut nuk reshtin s\u00eb mbijetuari si: lakmia, dhuna, arroganca, hipokrizia, pra, n\u00eb p\u00ebrgjith\u00ebsi m\u00ebkati. Ve\u00e7an\u00ebrisht n\u00eb epok\u00ebn ton\u00eb, n\u00eb jet\u00ebn ton\u00eb t\u00eb p\u00ebrditshme, jan\u00eb shtuar shqet\u00ebsimet individuale dhe shoq\u00ebrore t\u00eb shkaktuara nga narkotik\u00ebt, Sida, vetmia etj. Njeriu modern ka nevoj\u00eb p\u00ebr rezistenc\u00eb shpirt\u00ebrore dhe vlerat fetare, t\u00eb cilat do t\u2019i japin kuptim jet\u00ebs s\u00eb tij. T\u00eb gjith\u00eb, sa jemi an\u00ebtar\u00eb t\u00eb nd\u00ebrgjegjsh\u00ebm t\u00eb komuniteteve tradicionale t\u00eb Shqip\u00ebris\u00eb, duhet t\u2019i kultivojm\u00eb k\u00ebto vlera shpirt\u00ebrore n\u00eb popullin ton\u00eb, duke e parap\u00ebrgatitur shpirt\u00ebrisht p\u00ebr integrimin e vendit n\u00eb familjen e madhe evropiane.<\/span><\/span><\/span><\/div>\n<div style=\"text-align: justify;\">\n\t<br \/>\n\t<span style=\"color:#000000;\"><span style=\"font-family: tahoma,geneva,sans-serif;\"><span style=\"font-size: 12px;\">&nbsp;&nbsp;&nbsp; Pra, si rrjedhoj\u00eb, rigjall\u00ebrimi dhe jo l\u00ebnia n\u00eb periferi e besimit fetar, p\u00ebrjetimi i esenc\u00ebs, i fuqis\u00eb dhe i bukuris\u00eb s\u00eb k\u00ebtij besimi, do t\u00eb ndihmojn\u00eb shoq\u00ebrit\u00eb evropiane t\u00eb ruajn\u00eb vitalitetin e tyre dhe t\u00eb zhvillojn\u00eb vlera shpirt\u00ebrore q\u00eb p\u00ebrb\u00ebjn\u00eb b\u00ebrtham\u00ebn e qytet\u00ebrimit evropian, si edhe dinamizmin e tyre krijues. Uroj q\u00eb edhe ky Simpozium t\u00eb kontribuoj\u00eb n\u00eb k\u00ebt\u00eb drejtim.<br \/>\n\tFaleminderit!<\/span><\/span><\/span><\/div>\n<div style=\"text-align: justify;\">\n\t&nbsp;<\/div>\n<div style=\"text-align: justify;\">\n\t&nbsp;<\/div>\n","protected":false},"excerpt":{"rendered":"<p>&nbsp;&nbsp;&nbsp; M\u00eb 2 n\u00ebntor, n\u00eb ambientet e hotel \u201cTirana\u201d n\u00eb kryeqytet, me nism\u00ebn e Presidentit t\u00eb Republik\u00ebs, z. Bamir Topi, u zhvillua simpoziumi me tem\u00eb: \u201cKontributi i harmonis\u00eb nd\u00ebrfetare n\u00eb integrimin evropian t\u00eb Shqip\u00ebris\u00eb\u201d. T\u00eb ftuar special\u00eb t\u00eb k\u00ebtij takimi ishin krer\u00ebt e kat\u00ebr komuniteteve fetare n\u00eb vend, mes t\u00eb cil\u00ebve edhe Fortlumturia e Tij, Kryepiskopi i Tiran\u00ebs, Durr\u00ebsit dhe i gjith\u00eb Shqip\u00ebris\u00eb, Prof. Dr.<\/p>\n","protected":false},"author":1,"featured_media":0,"comment_status":"open","ping_status":"open","sticky":false,"template":"","format":"standard","meta":{"_acf_changed":false,"pagelayer_contact_templates":[],"_pagelayer_content":"","inline_featured_image":false,"fifu_image_url":"","fifu_image_alt":"","footnotes":""},"categories":[108],"tags":[144,162,196,201,212],"class_list":["post-578","post","type-post","status-publish","format-standard","hentry","category-lajme","tag-144","tag-aktivitete-nderfetare","tag-tirane","tag-kryepiskopi-anastas","tag-lajme-d27"],"acf":[],"yoast_head":"<!-- This site is optimized with the Yoast SEO plugin v27.2 - https:\/\/yoast.com\/product\/yoast-seo-wordpress\/ -->\n<title>Fjalimi i Kryepiskopit Anastas n\u00eb Simpoziumin \u201cKontributi i harmonis\u00eb nd\u00ebrfetare n\u00eb integrimin evropian t\u00eb Shqip\u00ebris\u00eb\u201d (2010) - Kisha Orthodh\u03bfkse Autoqefale e Shqip\u00ebris\u00eb<\/title>\n<meta name=\"robots\" content=\"index, follow, max-snippet:-1, max-image-preview:large, max-video-preview:-1\" \/>\n<link rel=\"canonical\" href=\"https:\/\/orthodoxalbania.org\/2020\/2013\/03\/20\/fjalimi-i-kryepiskopit-anastas-ne-simpoziumin-kontributi-i-harmonise-nderfetare-ne-integrimin-evropian-te-shqiperise-2010\/\" \/>\n<meta property=\"og:locale\" content=\"en_US\" \/>\n<meta property=\"og:type\" content=\"article\" \/>\n<meta property=\"og:title\" content=\"Fjalimi i Kryepiskopit Anastas n\u00eb Simpoziumin \u201cKontributi i harmonis\u00eb nd\u00ebrfetare n\u00eb integrimin evropian t\u00eb Shqip\u00ebris\u00eb\u201d (2010) - Kisha Orthodh\u03bfkse Autoqefale e Shqip\u00ebris\u00eb\" \/>\n<meta property=\"og:description\" content=\"&nbsp;&nbsp;&nbsp; M\u00eb 2 n\u00ebntor, n\u00eb ambientet e hotel \u201cTirana\u201d n\u00eb kryeqytet, me nism\u00ebn e Presidentit t\u00eb Republik\u00ebs, z. Bamir Topi, u zhvillua simpoziumi me tem\u00eb: \u201cKontributi i harmonis\u00eb nd\u00ebrfetare n\u00eb integrimin evropian t\u00eb Shqip\u00ebris\u00eb\u201d. T\u00eb ftuar special\u00eb t\u00eb k\u00ebtij takimi ishin krer\u00ebt e kat\u00ebr komuniteteve fetare n\u00eb vend, mes t\u00eb cil\u00ebve edhe Fortlumturia e Tij, Kryepiskopi i Tiran\u00ebs, Durr\u00ebsit dhe i gjith\u00eb Shqip\u00ebris\u00eb, Prof. Dr.\" \/>\n<meta property=\"og:url\" content=\"https:\/\/orthodoxalbania.org\/2020\/2013\/03\/20\/fjalimi-i-kryepiskopit-anastas-ne-simpoziumin-kontributi-i-harmonise-nderfetare-ne-integrimin-evropian-te-shqiperise-2010\/\" \/>\n<meta property=\"og:site_name\" content=\"Kisha Orthodh\u03bfkse Autoqefale e Shqip\u00ebris\u00eb\" \/>\n<meta property=\"article:publisher\" content=\"https:\/\/www.facebook.com\/koash1991\" \/>\n<meta property=\"article:published_time\" content=\"2013-03-20T13:08:40+00:00\" \/>\n<meta property=\"article:modified_time\" content=\"2020-04-06T20:32:17+00:00\" \/>\n<meta property=\"og:image\" content=\"https:\/\/lh3.googleusercontent.com\/-z-9dep6t51E\/VK5WDbBxzGI\/AAAAAAAAKfU\/OtYMk9SjqIQ\/w600-h494-no\/1_600x494.JPG\" \/>\n<meta name=\"author\" content=\"Kisha Orthodhokse\" \/>\n<meta name=\"twitter:card\" content=\"summary_large_image\" \/>\n<meta name=\"twitter:label1\" content=\"Written by\" \/>\n\t<meta name=\"twitter:data1\" content=\"Kisha Orthodhokse\" \/>\n\t<meta name=\"twitter:label2\" content=\"Est. reading time\" \/>\n\t<meta name=\"twitter:data2\" content=\"5 minutes\" \/>\n<script type=\"application\/ld+json\" class=\"yoast-schema-graph\">{\"@context\":\"https:\/\/schema.org\",\"@graph\":[{\"@type\":\"Article\",\"@id\":\"https:\/\/orthodoxalbania.org\/2020\/2013\/03\/20\/fjalimi-i-kryepiskopit-anastas-ne-simpoziumin-kontributi-i-harmonise-nderfetare-ne-integrimin-evropian-te-shqiperise-2010\/#article\",\"isPartOf\":{\"@id\":\"https:\/\/orthodoxalbania.org\/2020\/2013\/03\/20\/fjalimi-i-kryepiskopit-anastas-ne-simpoziumin-kontributi-i-harmonise-nderfetare-ne-integrimin-evropian-te-shqiperise-2010\/\"},\"author\":{\"name\":\"Kisha Orthodhokse\",\"@id\":\"https:\/\/orthodoxalbania.org\/2020\/#\/schema\/person\/0c387634a7063ac612d7ed9ce71c7e86\"},\"headline\":\"Fjalimi i Kryepiskopit Anastas n\u00eb Simpoziumin \u201cKontributi i harmonis\u00eb nd\u00ebrfetare n\u00eb integrimin evropian t\u00eb Shqip\u00ebris\u00eb\u201d (2010)\",\"datePublished\":\"2013-03-20T13:08:40+00:00\",\"dateModified\":\"2020-04-06T20:32:17+00:00\",\"mainEntityOfPage\":{\"@id\":\"https:\/\/orthodoxalbania.org\/2020\/2013\/03\/20\/fjalimi-i-kryepiskopit-anastas-ne-simpoziumin-kontributi-i-harmonise-nderfetare-ne-integrimin-evropian-te-shqiperise-2010\/\"},\"wordCount\":1009,\"commentCount\":0,\"publisher\":{\"@id\":\"https:\/\/orthodoxalbania.org\/2020\/#organization\"},\"image\":{\"@id\":\"https:\/\/orthodoxalbania.org\/2020\/2013\/03\/20\/fjalimi-i-kryepiskopit-anastas-ne-simpoziumin-kontributi-i-harmonise-nderfetare-ne-integrimin-evropian-te-shqiperise-2010\/#primaryimage\"},\"thumbnailUrl\":\"https:\/\/lh3.googleusercontent.com\/-z-9dep6t51E\/VK5WDbBxzGI\/AAAAAAAAKfU\/OtYMk9SjqIQ\/w600-h494-no\/1_600x494.JPG\",\"keywords\":[\"2010\",\"Aktivitete Nd\u00ebrfetare\",\"Kryepiskopata Tiran\u00eb\",\"Kryepiskopi Anastas\",\"lajme\"],\"articleSection\":[\"Lajme\"],\"inLanguage\":\"en-US\"},{\"@type\":\"WebPage\",\"@id\":\"https:\/\/orthodoxalbania.org\/2020\/2013\/03\/20\/fjalimi-i-kryepiskopit-anastas-ne-simpoziumin-kontributi-i-harmonise-nderfetare-ne-integrimin-evropian-te-shqiperise-2010\/\",\"url\":\"https:\/\/orthodoxalbania.org\/2020\/2013\/03\/20\/fjalimi-i-kryepiskopit-anastas-ne-simpoziumin-kontributi-i-harmonise-nderfetare-ne-integrimin-evropian-te-shqiperise-2010\/\",\"name\":\"Fjalimi i Kryepiskopit Anastas n\u00eb Simpoziumin \u201cKontributi i harmonis\u00eb nd\u00ebrfetare n\u00eb integrimin evropian t\u00eb Shqip\u00ebris\u00eb\u201d (2010) - Kisha Orthodh\u03bfkse Autoqefale e Shqip\u00ebris\u00eb\",\"isPartOf\":{\"@id\":\"https:\/\/orthodoxalbania.org\/2020\/#website\"},\"primaryImageOfPage\":{\"@id\":\"https:\/\/orthodoxalbania.org\/2020\/2013\/03\/20\/fjalimi-i-kryepiskopit-anastas-ne-simpoziumin-kontributi-i-harmonise-nderfetare-ne-integrimin-evropian-te-shqiperise-2010\/#primaryimage\"},\"image\":{\"@id\":\"https:\/\/orthodoxalbania.org\/2020\/2013\/03\/20\/fjalimi-i-kryepiskopit-anastas-ne-simpoziumin-kontributi-i-harmonise-nderfetare-ne-integrimin-evropian-te-shqiperise-2010\/#primaryimage\"},\"thumbnailUrl\":\"https:\/\/lh3.googleusercontent.com\/-z-9dep6t51E\/VK5WDbBxzGI\/AAAAAAAAKfU\/OtYMk9SjqIQ\/w600-h494-no\/1_600x494.JPG\",\"datePublished\":\"2013-03-20T13:08:40+00:00\",\"dateModified\":\"2020-04-06T20:32:17+00:00\",\"breadcrumb\":{\"@id\":\"https:\/\/orthodoxalbania.org\/2020\/2013\/03\/20\/fjalimi-i-kryepiskopit-anastas-ne-simpoziumin-kontributi-i-harmonise-nderfetare-ne-integrimin-evropian-te-shqiperise-2010\/#breadcrumb\"},\"inLanguage\":\"en-US\",\"potentialAction\":[{\"@type\":\"ReadAction\",\"target\":[\"https:\/\/orthodoxalbania.org\/2020\/2013\/03\/20\/fjalimi-i-kryepiskopit-anastas-ne-simpoziumin-kontributi-i-harmonise-nderfetare-ne-integrimin-evropian-te-shqiperise-2010\/\"]}]},{\"@type\":\"ImageObject\",\"inLanguage\":\"en-US\",\"@id\":\"https:\/\/orthodoxalbania.org\/2020\/2013\/03\/20\/fjalimi-i-kryepiskopit-anastas-ne-simpoziumin-kontributi-i-harmonise-nderfetare-ne-integrimin-evropian-te-shqiperise-2010\/#primaryimage\",\"url\":\"https:\/\/lh3.googleusercontent.com\/-z-9dep6t51E\/VK5WDbBxzGI\/AAAAAAAAKfU\/OtYMk9SjqIQ\/w600-h494-no\/1_600x494.JPG\",\"contentUrl\":\"https:\/\/lh3.googleusercontent.com\/-z-9dep6t51E\/VK5WDbBxzGI\/AAAAAAAAKfU\/OtYMk9SjqIQ\/w600-h494-no\/1_600x494.JPG\"},{\"@type\":\"BreadcrumbList\",\"@id\":\"https:\/\/orthodoxalbania.org\/2020\/2013\/03\/20\/fjalimi-i-kryepiskopit-anastas-ne-simpoziumin-kontributi-i-harmonise-nderfetare-ne-integrimin-evropian-te-shqiperise-2010\/#breadcrumb\",\"itemListElement\":[{\"@type\":\"ListItem\",\"position\":1,\"name\":\"Home\",\"item\":\"https:\/\/orthodoxalbania.org\/2020\/\"},{\"@type\":\"ListItem\",\"position\":2,\"name\":\"Fjalimi i Kryepiskopit Anastas n\u00eb Simpoziumin \u201cKontributi i harmonis\u00eb nd\u00ebrfetare n\u00eb integrimin evropian t\u00eb Shqip\u00ebris\u00eb\u201d (2010)\"}]},{\"@type\":\"WebSite\",\"@id\":\"https:\/\/orthodoxalbania.org\/2020\/#website\",\"url\":\"https:\/\/orthodoxalbania.org\/2020\/\",\"name\":\"Kisha Orthodh\u03bfkse Autoqefale e Shqip\u00ebris\u00eb\",\"description\":\"Fqja Zyrtare e Kish\u00ebs Orthodhokse Autoqefale e Shqip\u00ebris\u00eb me lajmet edhe informacionet zyrtare p\u00ebr struktur\u00ebn edhe veprimtarin e saj.\",\"publisher\":{\"@id\":\"https:\/\/orthodoxalbania.org\/2020\/#organization\"},\"potentialAction\":[{\"@type\":\"SearchAction\",\"target\":{\"@type\":\"EntryPoint\",\"urlTemplate\":\"https:\/\/orthodoxalbania.org\/2020\/?s={search_term_string}\"},\"query-input\":{\"@type\":\"PropertyValueSpecification\",\"valueRequired\":true,\"valueName\":\"search_term_string\"}}],\"inLanguage\":\"en-US\"},{\"@type\":\"Organization\",\"@id\":\"https:\/\/orthodoxalbania.org\/2020\/#organization\",\"name\":\"Kisha Orthodhokse Autoqefale e Shqip\u00ebris\u00eb\",\"url\":\"https:\/\/orthodoxalbania.org\/2020\/\",\"logo\":{\"@type\":\"ImageObject\",\"inLanguage\":\"en-US\",\"@id\":\"https:\/\/orthodoxalbania.org\/2020\/#\/schema\/logo\/image\/\",\"url\":\"https:\/\/orthodoxalbania.org\/2020\/wp-content\/uploads\/2020\/05\/albania.jpeg\",\"contentUrl\":\"https:\/\/orthodoxalbania.org\/2020\/wp-content\/uploads\/2020\/05\/albania.jpeg\",\"width\":540,\"height\":540,\"caption\":\"Kisha Orthodhokse Autoqefale e Shqip\u00ebris\u00eb\"},\"image\":{\"@id\":\"https:\/\/orthodoxalbania.org\/2020\/#\/schema\/logo\/image\/\"},\"sameAs\":[\"https:\/\/www.facebook.com\/koash1991\"]},{\"@type\":\"Person\",\"@id\":\"https:\/\/orthodoxalbania.org\/2020\/#\/schema\/person\/0c387634a7063ac612d7ed9ce71c7e86\",\"name\":\"Kisha Orthodhokse\",\"image\":{\"@type\":\"ImageObject\",\"inLanguage\":\"en-US\",\"@id\":\"https:\/\/secure.gravatar.com\/avatar\/596e7c417251e30f2fbb9c00e026fce61a695a00e51c889caded71c96cbbdde5?s=96&d=mm&r=g\",\"url\":\"https:\/\/secure.gravatar.com\/avatar\/596e7c417251e30f2fbb9c00e026fce61a695a00e51c889caded71c96cbbdde5?s=96&d=mm&r=g\",\"contentUrl\":\"https:\/\/secure.gravatar.com\/avatar\/596e7c417251e30f2fbb9c00e026fce61a695a00e51c889caded71c96cbbdde5?s=96&d=mm&r=g\",\"caption\":\"Kisha Orthodhokse\"}}]}<\/script>\n<!-- \/ Yoast SEO plugin. -->","yoast_head_json":{"title":"Fjalimi i Kryepiskopit Anastas n\u00eb Simpoziumin \u201cKontributi i harmonis\u00eb nd\u00ebrfetare n\u00eb integrimin evropian t\u00eb Shqip\u00ebris\u00eb\u201d (2010) - Kisha Orthodh\u03bfkse Autoqefale e Shqip\u00ebris\u00eb","robots":{"index":"index","follow":"follow","max-snippet":"max-snippet:-1","max-image-preview":"max-image-preview:large","max-video-preview":"max-video-preview:-1"},"canonical":"https:\/\/orthodoxalbania.org\/2020\/2013\/03\/20\/fjalimi-i-kryepiskopit-anastas-ne-simpoziumin-kontributi-i-harmonise-nderfetare-ne-integrimin-evropian-te-shqiperise-2010\/","og_locale":"en_US","og_type":"article","og_title":"Fjalimi i Kryepiskopit Anastas n\u00eb Simpoziumin \u201cKontributi i harmonis\u00eb nd\u00ebrfetare n\u00eb integrimin evropian t\u00eb Shqip\u00ebris\u00eb\u201d (2010) - Kisha Orthodh\u03bfkse Autoqefale e Shqip\u00ebris\u00eb","og_description":"&nbsp;&nbsp;&nbsp; M\u00eb 2 n\u00ebntor, n\u00eb ambientet e hotel \u201cTirana\u201d n\u00eb kryeqytet, me nism\u00ebn e Presidentit t\u00eb Republik\u00ebs, z. Bamir Topi, u zhvillua simpoziumi me tem\u00eb: \u201cKontributi i harmonis\u00eb nd\u00ebrfetare n\u00eb integrimin evropian t\u00eb Shqip\u00ebris\u00eb\u201d. T\u00eb ftuar special\u00eb t\u00eb k\u00ebtij takimi ishin krer\u00ebt e kat\u00ebr komuniteteve fetare n\u00eb vend, mes t\u00eb cil\u00ebve edhe Fortlumturia e Tij, Kryepiskopi i Tiran\u00ebs, Durr\u00ebsit dhe i gjith\u00eb Shqip\u00ebris\u00eb, Prof. Dr.","og_url":"https:\/\/orthodoxalbania.org\/2020\/2013\/03\/20\/fjalimi-i-kryepiskopit-anastas-ne-simpoziumin-kontributi-i-harmonise-nderfetare-ne-integrimin-evropian-te-shqiperise-2010\/","og_site_name":"Kisha Orthodh\u03bfkse Autoqefale e Shqip\u00ebris\u00eb","article_publisher":"https:\/\/www.facebook.com\/koash1991","article_published_time":"2013-03-20T13:08:40+00:00","article_modified_time":"2020-04-06T20:32:17+00:00","og_image":[{"url":"https:\/\/lh3.googleusercontent.com\/-z-9dep6t51E\/VK5WDbBxzGI\/AAAAAAAAKfU\/OtYMk9SjqIQ\/w600-h494-no\/1_600x494.JPG","type":"","width":"","height":""}],"author":"Kisha Orthodhokse","twitter_card":"summary_large_image","twitter_misc":{"Written by":"Kisha Orthodhokse","Est. reading time":"5 minutes"},"schema":{"@context":"https:\/\/schema.org","@graph":[{"@type":"Article","@id":"https:\/\/orthodoxalbania.org\/2020\/2013\/03\/20\/fjalimi-i-kryepiskopit-anastas-ne-simpoziumin-kontributi-i-harmonise-nderfetare-ne-integrimin-evropian-te-shqiperise-2010\/#article","isPartOf":{"@id":"https:\/\/orthodoxalbania.org\/2020\/2013\/03\/20\/fjalimi-i-kryepiskopit-anastas-ne-simpoziumin-kontributi-i-harmonise-nderfetare-ne-integrimin-evropian-te-shqiperise-2010\/"},"author":{"name":"Kisha Orthodhokse","@id":"https:\/\/orthodoxalbania.org\/2020\/#\/schema\/person\/0c387634a7063ac612d7ed9ce71c7e86"},"headline":"Fjalimi i Kryepiskopit Anastas n\u00eb Simpoziumin \u201cKontributi i harmonis\u00eb nd\u00ebrfetare n\u00eb integrimin evropian t\u00eb Shqip\u00ebris\u00eb\u201d (2010)","datePublished":"2013-03-20T13:08:40+00:00","dateModified":"2020-04-06T20:32:17+00:00","mainEntityOfPage":{"@id":"https:\/\/orthodoxalbania.org\/2020\/2013\/03\/20\/fjalimi-i-kryepiskopit-anastas-ne-simpoziumin-kontributi-i-harmonise-nderfetare-ne-integrimin-evropian-te-shqiperise-2010\/"},"wordCount":1009,"commentCount":0,"publisher":{"@id":"https:\/\/orthodoxalbania.org\/2020\/#organization"},"image":{"@id":"https:\/\/orthodoxalbania.org\/2020\/2013\/03\/20\/fjalimi-i-kryepiskopit-anastas-ne-simpoziumin-kontributi-i-harmonise-nderfetare-ne-integrimin-evropian-te-shqiperise-2010\/#primaryimage"},"thumbnailUrl":"https:\/\/lh3.googleusercontent.com\/-z-9dep6t51E\/VK5WDbBxzGI\/AAAAAAAAKfU\/OtYMk9SjqIQ\/w600-h494-no\/1_600x494.JPG","keywords":["2010","Aktivitete Nd\u00ebrfetare","Kryepiskopata Tiran\u00eb","Kryepiskopi Anastas","lajme"],"articleSection":["Lajme"],"inLanguage":"en-US"},{"@type":"WebPage","@id":"https:\/\/orthodoxalbania.org\/2020\/2013\/03\/20\/fjalimi-i-kryepiskopit-anastas-ne-simpoziumin-kontributi-i-harmonise-nderfetare-ne-integrimin-evropian-te-shqiperise-2010\/","url":"https:\/\/orthodoxalbania.org\/2020\/2013\/03\/20\/fjalimi-i-kryepiskopit-anastas-ne-simpoziumin-kontributi-i-harmonise-nderfetare-ne-integrimin-evropian-te-shqiperise-2010\/","name":"Fjalimi i Kryepiskopit Anastas n\u00eb Simpoziumin \u201cKontributi i harmonis\u00eb nd\u00ebrfetare n\u00eb integrimin evropian t\u00eb Shqip\u00ebris\u00eb\u201d (2010) - Kisha Orthodh\u03bfkse Autoqefale e Shqip\u00ebris\u00eb","isPartOf":{"@id":"https:\/\/orthodoxalbania.org\/2020\/#website"},"primaryImageOfPage":{"@id":"https:\/\/orthodoxalbania.org\/2020\/2013\/03\/20\/fjalimi-i-kryepiskopit-anastas-ne-simpoziumin-kontributi-i-harmonise-nderfetare-ne-integrimin-evropian-te-shqiperise-2010\/#primaryimage"},"image":{"@id":"https:\/\/orthodoxalbania.org\/2020\/2013\/03\/20\/fjalimi-i-kryepiskopit-anastas-ne-simpoziumin-kontributi-i-harmonise-nderfetare-ne-integrimin-evropian-te-shqiperise-2010\/#primaryimage"},"thumbnailUrl":"https:\/\/lh3.googleusercontent.com\/-z-9dep6t51E\/VK5WDbBxzGI\/AAAAAAAAKfU\/OtYMk9SjqIQ\/w600-h494-no\/1_600x494.JPG","datePublished":"2013-03-20T13:08:40+00:00","dateModified":"2020-04-06T20:32:17+00:00","breadcrumb":{"@id":"https:\/\/orthodoxalbania.org\/2020\/2013\/03\/20\/fjalimi-i-kryepiskopit-anastas-ne-simpoziumin-kontributi-i-harmonise-nderfetare-ne-integrimin-evropian-te-shqiperise-2010\/#breadcrumb"},"inLanguage":"en-US","potentialAction":[{"@type":"ReadAction","target":["https:\/\/orthodoxalbania.org\/2020\/2013\/03\/20\/fjalimi-i-kryepiskopit-anastas-ne-simpoziumin-kontributi-i-harmonise-nderfetare-ne-integrimin-evropian-te-shqiperise-2010\/"]}]},{"@type":"ImageObject","inLanguage":"en-US","@id":"https:\/\/orthodoxalbania.org\/2020\/2013\/03\/20\/fjalimi-i-kryepiskopit-anastas-ne-simpoziumin-kontributi-i-harmonise-nderfetare-ne-integrimin-evropian-te-shqiperise-2010\/#primaryimage","url":"https:\/\/lh3.googleusercontent.com\/-z-9dep6t51E\/VK5WDbBxzGI\/AAAAAAAAKfU\/OtYMk9SjqIQ\/w600-h494-no\/1_600x494.JPG","contentUrl":"https:\/\/lh3.googleusercontent.com\/-z-9dep6t51E\/VK5WDbBxzGI\/AAAAAAAAKfU\/OtYMk9SjqIQ\/w600-h494-no\/1_600x494.JPG"},{"@type":"BreadcrumbList","@id":"https:\/\/orthodoxalbania.org\/2020\/2013\/03\/20\/fjalimi-i-kryepiskopit-anastas-ne-simpoziumin-kontributi-i-harmonise-nderfetare-ne-integrimin-evropian-te-shqiperise-2010\/#breadcrumb","itemListElement":[{"@type":"ListItem","position":1,"name":"Home","item":"https:\/\/orthodoxalbania.org\/2020\/"},{"@type":"ListItem","position":2,"name":"Fjalimi i Kryepiskopit Anastas n\u00eb Simpoziumin \u201cKontributi i harmonis\u00eb nd\u00ebrfetare n\u00eb integrimin evropian t\u00eb Shqip\u00ebris\u00eb\u201d (2010)"}]},{"@type":"WebSite","@id":"https:\/\/orthodoxalbania.org\/2020\/#website","url":"https:\/\/orthodoxalbania.org\/2020\/","name":"Kisha Orthodh\u03bfkse Autoqefale e Shqip\u00ebris\u00eb","description":"Fqja Zyrtare e Kish\u00ebs Orthodhokse Autoqefale e Shqip\u00ebris\u00eb me lajmet edhe informacionet zyrtare p\u00ebr struktur\u00ebn edhe veprimtarin e saj.","publisher":{"@id":"https:\/\/orthodoxalbania.org\/2020\/#organization"},"potentialAction":[{"@type":"SearchAction","target":{"@type":"EntryPoint","urlTemplate":"https:\/\/orthodoxalbania.org\/2020\/?s={search_term_string}"},"query-input":{"@type":"PropertyValueSpecification","valueRequired":true,"valueName":"search_term_string"}}],"inLanguage":"en-US"},{"@type":"Organization","@id":"https:\/\/orthodoxalbania.org\/2020\/#organization","name":"Kisha Orthodhokse Autoqefale e Shqip\u00ebris\u00eb","url":"https:\/\/orthodoxalbania.org\/2020\/","logo":{"@type":"ImageObject","inLanguage":"en-US","@id":"https:\/\/orthodoxalbania.org\/2020\/#\/schema\/logo\/image\/","url":"https:\/\/orthodoxalbania.org\/2020\/wp-content\/uploads\/2020\/05\/albania.jpeg","contentUrl":"https:\/\/orthodoxalbania.org\/2020\/wp-content\/uploads\/2020\/05\/albania.jpeg","width":540,"height":540,"caption":"Kisha Orthodhokse Autoqefale e Shqip\u00ebris\u00eb"},"image":{"@id":"https:\/\/orthodoxalbania.org\/2020\/#\/schema\/logo\/image\/"},"sameAs":["https:\/\/www.facebook.com\/koash1991"]},{"@type":"Person","@id":"https:\/\/orthodoxalbania.org\/2020\/#\/schema\/person\/0c387634a7063ac612d7ed9ce71c7e86","name":"Kisha Orthodhokse","image":{"@type":"ImageObject","inLanguage":"en-US","@id":"https:\/\/secure.gravatar.com\/avatar\/596e7c417251e30f2fbb9c00e026fce61a695a00e51c889caded71c96cbbdde5?s=96&d=mm&r=g","url":"https:\/\/secure.gravatar.com\/avatar\/596e7c417251e30f2fbb9c00e026fce61a695a00e51c889caded71c96cbbdde5?s=96&d=mm&r=g","contentUrl":"https:\/\/secure.gravatar.com\/avatar\/596e7c417251e30f2fbb9c00e026fce61a695a00e51c889caded71c96cbbdde5?s=96&d=mm&r=g","caption":"Kisha Orthodhokse"}}]}},"_links":{"self":[{"href":"https:\/\/orthodoxalbania.org\/2020\/wp-json\/wp\/v2\/posts\/578","targetHints":{"allow":["GET"]}}],"collection":[{"href":"https:\/\/orthodoxalbania.org\/2020\/wp-json\/wp\/v2\/posts"}],"about":[{"href":"https:\/\/orthodoxalbania.org\/2020\/wp-json\/wp\/v2\/types\/post"}],"author":[{"embeddable":true,"href":"https:\/\/orthodoxalbania.org\/2020\/wp-json\/wp\/v2\/users\/1"}],"replies":[{"embeddable":true,"href":"https:\/\/orthodoxalbania.org\/2020\/wp-json\/wp\/v2\/comments?post=578"}],"version-history":[{"count":1,"href":"https:\/\/orthodoxalbania.org\/2020\/wp-json\/wp\/v2\/posts\/578\/revisions"}],"predecessor-version":[{"id":15453,"href":"https:\/\/orthodoxalbania.org\/2020\/wp-json\/wp\/v2\/posts\/578\/revisions\/15453"}],"wp:attachment":[{"href":"https:\/\/orthodoxalbania.org\/2020\/wp-json\/wp\/v2\/media?parent=578"}],"wp:term":[{"taxonomy":"category","embeddable":true,"href":"https:\/\/orthodoxalbania.org\/2020\/wp-json\/wp\/v2\/categories?post=578"},{"taxonomy":"post_tag","embeddable":true,"href":"https:\/\/orthodoxalbania.org\/2020\/wp-json\/wp\/v2\/tags?post=578"}],"curies":[{"name":"wp","href":"https:\/\/api.w.org\/{rel}","templated":true}]}}