{"id":576,"date":"2014-06-04T12:20:35","date_gmt":"2014-06-04T12:20:35","guid":{"rendered":""},"modified":"2020-04-06T22:02:28","modified_gmt":"2020-04-06T20:02:28","slug":"fialimi-i-kryepiskopit-dhe-i-patrikut-ekumenik-ne-shenjterimin-e-kishes-se-re-katedrale-ngjallja-e-krishtit","status":"publish","type":"post","link":"https:\/\/orthodoxalbania.org\/2020\/2014\/06\/04\/fialimi-i-kryepiskopit-dhe-i-patrikut-ekumenik-ne-shenjterimin-e-kishes-se-re-katedrale-ngjallja-e-krishtit\/","title":{"rendered":"Fjalimi i  Kryepiskopit  ANASTAS dhe i Patrikut Ekumenik VARTHOLEMEUT gjat\u00eb shenjt\u00ebrimit e Kish\u00ebs t\u00eb re Katedrale \u201cNgjallja e Krishtit\u201d. (1 Qershor 2014)"},"content":{"rendered":"<p><img class=\"lazyload\" decoding=\"async\" style=\"height: 400px; width: 600px; border-width: 1px; border-style: solid; margin: 10px auto; display: block;\" alt=\"\" src=\"data:image\/gif;base64,R0lGODlhAQABAAAAACH5BAEKAAEALAAAAAABAAEAAAICTAEAOw==\" data-orig-src=\"https:\/\/lh3.googleusercontent.com\/-ysjQwwuxpoY\/U47XgdIOxbI\/AAAAAAAABGA\/6dwsQQ2hAD4\/w958-h639-no\/1926767_710042835726512_1302247717400220726_n.jpg\" \/><\/p>\n<p style=\"text-align: center;\"><span style=\"font-family: helvetica; font-size: 12pt;\"><span style=\"color: #000000;\"><strong>Fjalimi i Fortlumturis\u00eb s\u00eb Tij, Kryepiskopit t\u00eb Tiran\u00ebs,<\/strong><\/span><\/span><\/p>\n<p style=\"text-align: center;\"><span style=\"font-family: helvetica; font-size: 12pt;\"><span style=\"color: #000000;\"><strong>Durr\u00ebsit dhe t\u00eb Gjith\u00eb Shqip\u00ebris\u00eb,<\/strong><\/span><\/span><\/p>\n<p style=\"text-align: center;\"><span style=\"font-family: helvetica; font-size: 12pt;\"><span style=\"color: #000000;\"><strong>\u2020 ANASTASIT<\/strong><\/span><\/span><\/p>\n<p style=\"text-align: center;\"><span style=\"font-family: helvetica; font-size: 12pt;\"><span style=\"color: #000000;\">N\u00cb CEREMONIN\u00cb E SHENJT\u00cbRIMIT T\u00cb KISH\u00cbS S\u00cb SHENJT\u00cb<\/span><\/span><\/p>\n<p style=\"text-align: center;\"><span style=\"font-family: helvetica; font-size: 12pt;\"><span style=\"color: #000000;\">T\u00cb TIRAN\u00cbS \u201cNGJALLJA E KRISHTIT\u201d<\/span><\/span><\/p>\n<p style=\"text-align: center;\"><span style=\"font-family: helvetica; font-size: 12pt;\"><span style=\"color: #000000;\">1 qershor 2014<\/span><\/span><\/p>\n<p style=\"text-align: justify;\">&nbsp;<\/p>\n<p style=\"text-align: justify;\"><span style=\"font-family: helvetica; font-size: 12pt;\"><span style=\"color: #000000;\"><em>&nbsp;&nbsp;&nbsp; \u201cKjo \u00ebsht\u00eb dita q\u00eb b\u00ebri Zoti, le t\u00eb ngaz\u00ebllohemi dhe le t\u00eb d\u00ebfrehemi n\u00eb t\u00eb\u201d (Ps.117:43)<\/em><\/span><\/span><\/p>\n<p style=\"text-align: justify;\"><span style=\"font-family: helvetica; font-size: 12pt;\"><span style=\"color: #000000;\"><em>&nbsp;&nbsp;&nbsp; T\u00ebr\u00ebshenjt\u00ebri, Patriark Ekumenik i Konstandinopoj\u00ebs, zoti Vartholome; Shk\u00eblqesia Juaj, President i Republik\u00ebs; &nbsp;Fortlumturit\u00eb Tuaj, Primat\u00eb dhe Hir\u00ebsi p\u00ebrfaq\u00ebsues t\u00eb Kishave Orthodhokse Lokale,i nderuar zoti Kryetar i Parlamentit, i nderuar zoti Kryminist\u00ebr i, i nderuar zoti Kryetar i Bashkis\u00eb, p\u00ebrfaq\u00ebsues t\u00eb nderuar t\u00eb Komuniteteve Fetare n\u00eb Shqip\u00ebri, zot\u00ebrinj ambasador\u00eb, v\u00ebllez\u00ebr dhe motra t\u00eb shtrenjt\u00eb,<\/em><\/span><\/span><\/p>\n<p style=\"text-align: justify;\"><span style=\"font-family: helvetica; font-size: 12pt;\"><span style=\"color: #000000;\">&nbsp;&nbsp;&nbsp; <strong>1.<\/strong> Ndjenja fal\u00ebnderimi, mir\u00ebnjohjeje dhe ngaz\u00ebllimi p\u00ebrmbushin shpirtrat e orthodhoks\u00ebve t\u00eb Shqip\u00ebris\u00eb, nd\u00ebrkoh\u00eb q\u00eb kujtojm\u00eb bamir\u00ebsit\u00eb e jasht\u00ebzakonshme t\u00eb Per\u00ebndis\u00eb gjat\u00eb 23 viteve t\u00eb fundit. Dhe n\u00eb m\u00ebnyr\u00eb spontane na vjen n\u00eb mendje p\u00ebrs\u00ebri kontakti i par\u00eb personal me popullin e vuajtur orthodhoks t\u00eb k\u00ebtij vendi.<\/span><\/span><\/p>\n<p style=\"text-align: justify;\"><span style=\"font-family: helvetica; font-size: 12pt;\"><span style=\"color: #000000;\">&nbsp;&nbsp;&nbsp; N\u00eb fillimet e vitit 1991, Sinodi i Shenjt\u00eb i Patriarkan\u00ebs Ekumenike mori nism\u00ebn dhe m\u00eb ngarkoi t\u00eb vija n\u00eb Shqip\u00ebri si ekzark patriarkal, p\u00ebr t\u00eb shqyrtuar se \u00e7far\u00eb kishte mbetur nga shkat\u00ebrrimi ateist. Ishte qershori i vitit 1991 kur, me dy persona t\u00eb tjer\u00eb q\u00eb m\u00eb shoq\u00ebronin, mb\u00ebrrit\u00ebm n\u00eb aeroportin e Tiran\u00ebs. Na priti nj\u00eb grup i vog\u00ebl burrash t\u00eb moshuar, t\u00eb munduar nga persekutimi i gjat\u00eb. Prej andej u drejtuam p\u00ebr te kisha &#8211; rr\u00ebnoj\u00eb e Ungjill\u00ebzimit. Q\u00eb n\u00eb \u00e7astin e par\u00eb m\u2019u desh t\u00eb p\u00ebrcaktoja mesazhin thelb\u00ebsor t\u00eb misionit tim. K\u00ebrkova t\u00eb marrin t\u00eb gjith\u00eb nga nj\u00eb qiri dhe pyeta se si i thon\u00eb n\u00eb gjuh\u00ebn shqipe \u201cHristos Anesti\u201d. Ndeza qiriun duke thirrur \u201cKrishti u Ngjall\u201d. Nj\u00ebri pas tjetrit, ndez\u00ebn qirinjt\u00eb edhe besimtar\u00ebt e tjer\u00eb t\u00eb pakt\u00eb t\u00eb ndodhur aty, t\u00eb cil\u00ebt u p\u00ebrgjigj\u00ebn me lot n\u00eb sy: \u201cV\u00ebrtet u Ngjall\u201d. Nga ai \u00e7ast, \u201cKrishti u Ngjall\u201d u b\u00eb mesazhi me t\u00eb cilin rrug\u00ebtuam deri m\u00eb sot. Ky mesazh fali drit\u00eb n\u00eb vjesht\u00ebn melankolike dhe n\u00eb dimrin e akullt q\u00eb pasuan. Ai mbizot\u00ebron n\u00eb pranver\u00ebn shpirt\u00ebrore q\u00eb m\u00eb n\u00eb fund na fali Per\u00ebndia. Ngjallja e Krishtit u b\u00eb simboli m\u00eb shpreh\u00ebs i Kish\u00ebs son\u00eb.<\/span><\/span><\/p>\n<p style=\"text-align: justify;\"><span style=\"font-family: helvetica; font-size: 12pt;\"><span style=\"color: #000000;\">&nbsp;&nbsp;&nbsp; Me mir\u00ebnjohje t\u00eb thell\u00eb, T\u00ebr\u00ebshenjt\u00ebri, kujtojm\u00eb gjithmon\u00eb, si kleri dhe populli, dashurin\u00eb dhe p\u00ebrkujdesjen sypafjetur t\u00eb Patriarkan\u00ebs Ekumenike, t\u00eb Kish\u00ebs M\u00ebm\u00eb, n\u00eb vitet e err\u00ebta t\u00eb persekutimit totalitar dhe veprimet Tuaja personale t\u00eb drejtp\u00ebrdrejta p\u00ebr ringritjen e Kish\u00ebs Orthodhokse Autoqefale t\u00eb Shqip\u00ebris\u00eb. Pik\u00ebrisht n\u00eb k\u00ebto \u00e7aste t\u00eb Shenjt\u00ebrimit t\u00eb Kish\u00ebs s\u00eb re Katedrale, \u201cp\u00ebrs\u00ebri dhe p\u00ebrs\u00ebri\u201d, &nbsp;ndiejm\u00eb detyrimin t\u00eb shprehim me gjith\u00eb shpirt fal\u00ebnderimet tona.<\/span><\/span><\/p>\n<p style=\"text-align: justify;\"><span style=\"font-family: helvetica; font-size: 12pt;\"><span style=\"color: #000000;\">&nbsp;&nbsp; Gjithashtu nga zemra Ju fal\u00ebnderoj edhe Ju, Fortlumturi Patriark\u00eb t\u00eb Jerusalemit z. Theofil, t\u00eb Serbis\u00eb z. Irine, t\u00eb Rumanis\u00eb, z. Daniel dhe Ju Fortlumturi, Kryepiskop\u00eb, t\u00eb Qipros z. Hristostom, i Athin\u00ebs z. Jeronim, i Varshav\u00ebs z. Sava si edhe Ju Hir\u00ebsi Mitropolit\u00eb, p\u00ebrfaq\u00ebsues t\u00eb Patriarkanave t\u00eb Aleksandris\u00eb, Antiokis\u00eb, Rusis\u00eb, Bullgaris\u00eb dhe Gjeorgjis\u00eb, sepse pat\u00ebt mir\u00ebsin\u00eb t\u00eb merrni pjes\u00eb n\u00eb k\u00ebt\u00eb dit\u00eb historike p\u00ebr Kish\u00ebn e Shqip\u00ebris\u00eb.<\/span><\/span><\/p>\n<p style=\"text-align: justify;\"><span style=\"font-family: helvetica; font-size: 12pt;\"><span style=\"color: #000000;\">&nbsp;&nbsp;&nbsp; Prania juaj k\u00ebtu, n\u00eb t\u00eb Diel\u00ebn e sotme, e cila p\u00ebrkon me kujtimin e 318 Et\u00ebrve t\u00eb Sinodit t\u00eb Par\u00eb Ekumenik, thekson me nj\u00eb emfaz\u00eb t\u00eb ve\u00e7ant\u00eb unitetin e Orthodhoksis\u00eb, t\u00eb v\u00ebrtet\u00ebn se \u201cn\u00eb qoft\u00eb se nj\u00eb pjes\u00eb vuan, gjith\u00eb pjes\u00ebt vuajn\u00eb bashk\u00eb me t\u00eb; ose n\u00eb qoft\u00eb se nderohet nj\u00eb pjes\u00eb, t\u00eb gjitha pjes\u00ebt g\u00ebzohen bashk\u00eb me t\u00eb\u201d (1Kor. 12:26-17). Pra ngjarja e sotme nuk p\u00ebrb\u00ebn nder t\u00eb madh vet\u00ebm p\u00ebr Kish\u00ebn e Shqip\u00ebris\u00eb, por nj\u00ebkoh\u00ebsisht \u00ebsht\u00eb edhe nj\u00eb d\u00ebshmi m\u00eb e gjer\u00eb e&nbsp; Orthodhoksis\u00eb Mbar\u00ebbot\u00ebrore,&nbsp; \u201cq\u00eb shtrihet nga nj\u00ebri skaj i bot\u00ebs n\u00eb tjetrin\u201d.<\/span><\/span><\/p>\n<p style=\"text-align: justify;\"><span style=\"font-family: helvetica; font-size: 12pt;\"><span style=\"color: #000000;\">&nbsp;&nbsp;&nbsp; Dita e sotme vulos nj\u00eb periudh\u00eb historike P\u00ebsimi, Varrosjeje dhe Ngjalljeje t\u00eb Kish\u00ebs Orthodhokse t\u00eb Shqip\u00ebris\u00eb. Nuk do t\u2019u referohemi &nbsp;kushteve, rrug\u00ebve pa krye, keqkuptimeve, shpifjeve, v\u00ebshtir\u00ebsive objektive, sprovave t\u00eb v\u00ebshtira apo arritjeve gjat\u00eb k\u00ebtyre 23 viteve t\u00eb gjata. Tashm\u00eb nuk mund t\u00eb vihet n\u00eb dyshim se, n\u00eb nj\u00eb epok\u00eb pasigurie dhe trazirash, Kisha Orthodhokse Autoqefale e Shqip\u00ebris\u00eb, me pranin\u00eb&nbsp; dhe nismat e saj sociale t\u00eb shumanshme, forcoi besimin, dashurin\u00eb dhe shpres\u00ebn e popullit orthodhoks dhe t\u00eb shoq\u00ebris\u00eb shqiptare n\u00eb p\u00ebrgjith\u00ebsi. Me aktivitetin e saj, kontribuoi n\u00eb m\u00ebnyr\u00eb thelb\u00ebsore n\u00eb nj\u00eb periudh\u00eb historike kritike, p\u00ebr rind\u00ebrtimin e p\u00ebrgjithsh\u00ebm dhe zhvillimin shpirt\u00ebror e social t\u00eb Shqip\u00ebris\u00eb.<\/span><\/span><\/p>\n<p style=\"text-align: justify;\"><span style=\"font-family: helvetica; font-size: 12pt;\"><span style=\"color: #000000;\">&nbsp;&nbsp;&nbsp; <strong>2.<\/strong> Simbol i qart\u00eb i rind\u00ebrtimit t\u00eb mundimsh\u00ebm nga themelet n\u00eb t\u00eb gjitha fushat, i Kish\u00ebs Orthodhokse Autoqefale t\u00eb Shqip\u00ebris\u00eb, \u00ebsht\u00eb kjo Kish\u00eb e re Katedrale. Konceptimi i p\u00ebrgjithsh\u00ebm i arkitektur\u00ebs s\u00eb saj g\u00ebrshetohet me shum\u00eb simbolika t\u00eb Tradit\u00ebs Orthodhokse. Burim frym\u00ebzimi, ka qen\u00eb arritja madh\u00ebshtore e arkitektur\u00ebs orthodhokse, \u201cSh\u00ebn Sofia\u201d, duke k\u00ebrkuar m\u00ebnyr\u00eb t\u00eb re shprehjeje, t\u00eb bazuar n\u00eb teknologjin\u00eb bashk\u00ebkohore. Kisha mb\u00ebshtetet n\u00eb kat\u00ebr shtylla t\u00eb m\u00ebdha, q\u00eb formojn\u00eb kryqin. Sip\u00ebr tij lart\u00ebsohet kubeja me 52 dritare, simbol i jav\u00ebve t\u00eb vitit dhe n\u00eb maj\u00ebn e saj mbizot\u00ebron mozaiku i Pantokratorit, i t\u00eb Gjith\u00ebpushtetshmit, q\u00eb lidh koh\u00ebn e krijuar me p\u00ebrjet\u00ebsin\u00eb.<\/span><\/span><\/p>\n<p style=\"text-align: justify;\"><span style=\"font-family: helvetica; font-size: 12pt;\"><span style=\"color: #000000;\">&nbsp;&nbsp;&nbsp; N\u00eb absid\u00ebn e Hierores, nj\u00eb tjet\u00ebr mozaik i madh lidhet me triumfin mbar\u00ebbot\u00ebror t\u00eb t\u00eb Ngjallurit, me porosin\u00eb dhe me premtimin me t\u00eb cilin mbyllet Ungjilli sipas Mattheut: \u201cM\u2019u dha \u00e7do pushtet n\u00eb qiell dhe mbi dh\u00e9. Shkoni pra m\u00ebsoni t\u00eb gjith\u00eb kombet&#8230; Dhe ja, un\u00eb jam bashk\u00eb me ju gjith\u00eb dit\u00ebt deri n\u00eb fund t\u00eb jet\u00ebs\u201d (Matth. 28:19-20). E gjith\u00eb skena lidhet me filles\u00ebn e re hierapostolike q\u00eb nisi n\u00eb Kish\u00ebn Orthodhokse para rreth nj\u00eb gjysm\u00eb shekulli. (Pikturimi parashikohet t\u00eb plot\u00ebsohet me Dark\u00ebn Mistike dhe skena t\u00eb tjera).<\/span><\/span><\/p>\n<p style=\"text-align: justify;\"><span style=\"font-family: helvetica; font-size: 12pt;\"><span style=\"color: #000000;\">&nbsp;&nbsp;&nbsp; N\u00eb k\u00ebt\u00eb pik\u00eb, lejom\u00ebni t\u00eb b\u00ebj nj\u00eb parantez\u00eb. Para pak dit\u00ebve, u mbush\u00ebn pes\u00ebdhjet\u00eb vjet nga dor\u00ebzimi n\u00eb prift (24 maj 1964) i personit q\u00eb po ju flet dhe largimit t\u00eb tij, po at\u00eb dit\u00eb, p\u00ebr n\u00eb Afrik\u00eb. Ishte p\u00ebrfaq\u00ebsues i nj\u00eb grupi t\u00eb ri q\u00eb d\u00ebshironte ringjalljen e Hierapostullimit t\u00eb jasht\u00ebm Orthodhoks dhe q\u00eb, duke d\u00ebgjuar porosin\u00eb e fundit t\u00eb Zotit t\u00eb Ngjallur \u201cShkoni&#8230;.\u201d, d\u00ebshironte t\u00eb shkonte n\u00eb kufij t\u00eb rinj, p\u00ebr t\u00eb transmetuar mesazhin e Ngjalljes, n\u00eb njer\u00ebz t\u00eb etur p\u00ebr t\u00eb v\u00ebrtet\u00ebn e Ungjillit, t\u00eb cil\u00ebve u ishte b\u00ebr\u00eb padrejt\u00ebsi. Shum\u00eb von\u00eb, nga Afrika, iu p\u00ebrgjigj thirrjes p\u00ebr nj\u00eb tjet\u00ebr rrug\u00ebtim, p\u00ebr n\u00eb Shqip\u00ebrin\u00eb e plagosur nga persekutimi ateist.<\/span><\/span><\/p>\n<p style=\"text-align: justify;\"><span style=\"font-family: helvetica; font-size: 12pt;\"><span style=\"color: #000000;\">&nbsp;&nbsp;&nbsp; Hyrja qendrore n\u00eb pjes\u00ebn per\u00ebndimore t\u00eb Katedrales, t\u00eb&nbsp; sjell n\u00eb mendje p\u00ebrqafimin e hapur, q\u00eb n\u00eb heshtje u drejton ftes\u00ebn e Zot\u00ebris\u00eb s\u00eb sht\u00ebpis\u00eb, t\u00eb Krishtit \u201cejani tek un\u00eb gjith\u00eb sa jeni t\u00eb lodhur e t\u00eb ngarkuar dhe un\u00eb do t\u2019ju preh ju\u201d (Matth.11:28). Nj\u00eb ftes\u00eb q\u00eb p\u00ebrmbledh mesazhin e misionit ton\u00eb.<\/span><\/span><\/p>\n<p style=\"text-align: justify;\"><span style=\"font-family: helvetica; font-size: 12pt;\"><span style=\"color: #000000;\">&nbsp;&nbsp;&nbsp; Nj\u00eb tablo e ndritshme e kalt\u00ebr prej qelqi, t\u00eb \u00e7on tek ylberi, shenja e paqes dhe e shpres\u00ebs pas p\u00ebrmbytjes. Sip\u00ebr hyrjes qendrore, lart\u00ebsohet nj\u00eb kryq prej bakri, i rrethuar nga dy kallinj, simbol i dashuris\u00eb sakrifikuese dhe i p\u00ebrkushtimit, si\u00e7 e p\u00ebrcaktoi Krishti para P\u00ebsimit t\u00eb Tij: \u201cN\u00eb mos r\u00ebnt\u00eb kokrra e grurit n\u00eb dh\u00e9 e t\u00eb vdes\u00eb, ajo mbetet e vetme; por n\u00eb vdekt\u00eb, sjell shum\u00eb pem\u00eb\u201d (Jn. 12:24). Ky varg \u00ebsht\u00eb p\u00ebrcaktues p\u00ebr t\u00eb gjith\u00eb rrug\u00ebtimin.<\/span><\/span><\/p>\n<p style=\"text-align: justify;\"><span style=\"font-family: helvetica; font-size: 12pt;\"><span style=\"color: #000000;\">&nbsp;&nbsp;&nbsp; Sa i takon kambanores, kat\u00ebr llambadhe paskale t\u00eb \u00e7ojn\u00eb te kat\u00ebr Ungjillor\u00ebt, t\u00eb cil\u00ebt shpallin Ngjalljen e Krishtit. Kish\u00ebza e Lindjes s\u00eb Krishtit, rikujton se t\u00eb gjitha nis\u00ebn nga p\u00ebrul\u00ebsia dhe dashuria e Fjal\u00ebs s\u00eb b\u00ebr\u00eb njeri. Katedralja rrethohet nga Qendra Sinodike dhe ajo Kulturore, duke n\u00ebnvizuar bindjen ton\u00eb se kultura lidhet direkt me jet\u00ebn e Kish\u00ebs. T\u00eb gjitha theksojn\u00eb se n\u00eb tradit\u00ebn orthodhokse e v\u00ebrteta, dashuria dhe bukuria lidhen n\u00eb m\u00ebnyr\u00eb t\u00eb nd\u00ebrsjell\u00eb.<\/span><\/span><\/p>\n<p style=\"text-align: justify;\"><span style=\"font-family: helvetica; font-size: 12pt;\"><span style=\"color: #000000;\">&nbsp;&nbsp;&nbsp; N\u00eb realizimin e ngritjes s\u00eb k\u00ebsaj Kishe Katedrale, kontribuuan shum\u00eb njer\u00ebz t\u00eb njohur dhe anonim\u00eb: Si fillim, kryeministrat e Shqip\u00ebris\u00eb, q\u00eb kan\u00eb sh\u00ebrbyer gjat\u00eb dhjet\u00ebvje\u00e7arit t\u00eb fundit. Shum\u00eb donator\u00eb dhe bashk\u00ebpun\u00ebtor\u00eb nga vende t\u00eb ndryshme. Diptik\u00ebt e lutjes s\u00eb Kish\u00ebs, p\u00ebrfshijn\u00eb qindra emra, t\u00eb atyre q\u00eb kontribuuan n\u00eb ngritjen e saj. Fal\u00ebnderimi yn\u00eb ndaj t\u00eb gjith\u00eb k\u00ebtyre, mbetet i sinqert\u00eb dhe shum\u00eb i thell\u00eb.<\/span><\/span><\/p>\n<p style=\"text-align: justify;\"><span style=\"font-family: helvetica; font-size: 12pt;\"><span style=\"color: #000000;\">&nbsp;&nbsp;&nbsp; Shpresojm\u00eb se kjo Kish\u00eb Katedrale do t\u00eb jet\u00eb -si\u00e7 u lut\u00ebm n\u00eb Sh\u00ebrbes\u00ebn e Shenjt\u00ebrimit- \u201climan p\u00ebr ata q\u00eb ndodhen n\u00eb stuhi, spital ku sh\u00ebrohen pasionet, streh\u00eb e t\u00eb s\u00ebmur\u00ebve\u201d, burim ngush\u00ebllimi, dashurie dhe shprese, duke kontribuuar n\u00eb zhvillimin e nj\u00eb jete liturgjike dinamike dhe t\u00eb jet\u00ebs shpirt\u00ebrore orthodhokse. Gjithashtu ajo do t\u00eb ofroj\u00eb, frym\u00ebzim t\u00eb pand\u00ebrprer\u00eb p\u00ebr t\u00eb \u201cvazhduar liturgji pas Liturgjis\u00eb\u201d. Q\u00eb jeta jon\u00eb e p\u00ebrditshme t\u00eb transformohet n\u00eb nj\u00eb liturgji personale, ku me predispozit\u00eb dhoksologjike, do t\u00eb ndajm\u00eb me njer\u00ebzit tan\u00eb, me vepra dhe fjal\u00eb, dhuratat q\u00eb na ka falur Per\u00ebndia.<\/span><\/span><\/p>\n<p style=\"text-align: justify;\"><span style=\"font-family: helvetica; font-size: 12pt;\"><span style=\"color: #000000;\">&nbsp;&nbsp;&nbsp; <strong>3.<\/strong> Brenda kufijve t\u00eb k\u00ebtij g\u00ebzimi dhe bekimi t\u00eb p\u00ebrgjithsh\u00ebm, na k\u00ebrkohet t\u00eb tregojm\u00eb kujdes edhe p\u00ebr mesazhin mistik, t\u00eb cilin e d\u00ebrgon Per\u00ebndia p\u00ebr secilin nga ne personalisht me rastin e k\u00ebtij shenjt\u00ebrimi: Detyrimin q\u00eb ne kemi p\u00ebr rip\u00ebrt\u00ebritjen personale t\u00eb qenies son\u00eb q\u00eb t\u00eb jemi \u201ctempuj t\u00eb Per\u00ebndis\u00eb s\u00eb gjall\u00eb\u201d.<\/span><\/span><\/p>\n<p style=\"text-align: justify;\"><span style=\"font-family: helvetica; font-size: 12pt;\"><span style=\"color: #000000;\">&nbsp;&nbsp;&nbsp; N\u00eb fjal\u00ebn e tij \u201cN\u00eb t\u00eb Diel\u00ebn e re\u201d, sh\u00ebn Grigor Theologu g\u00ebrsheton thirrjen p\u00ebr rip\u00ebrt\u00ebritje rr\u00ebnj\u00ebsore t\u00eb t\u00eb gjithave, e cila kryhet me Ngjalljen e Krishtit, me detyrimin e t\u00eb krishterit p\u00ebr nj\u00eb p\u00ebrpjekje t\u00eb pareshtur rinovuese. Mesazhi i tij kryesor kulmon me apostrofin: \u201cLe t\u00eb kremtojm\u00eb shpirt\u00ebrisht k\u00ebt\u00eb p\u00ebrurim\u201d. \u201cT\u00eb vjetrat shkuan, ja ku u b\u00ebn\u00eb t\u00eb gjitha t\u00eb reja\u201d. \u201cN\u00eb k\u00ebt\u00eb t\u00eb kremte jep fryte, ndryshohu me ndryshimin e mir\u00eb\u201d. \u201cRip\u00ebrt\u00ebrihuni, o v\u00ebllez\u00ebr, dhe hidhni tej njeriun e vjet\u00ebr, jetoni n\u00eb risin\u00eb e jet\u00ebs\u201d. \u201cK\u00ebshtu rip\u00ebrt\u00ebrihet njeriu, k\u00ebshtu le t\u00eb nderohet dita e rip\u00ebrt\u00ebritjes\u201d. \u201cRip\u00ebrt\u00ebrihu!\u201d e nxit Kisha secilin nga ne. P\u00ebrkushtoja me korrektes\u00eb jet\u00ebn t\u00ebnde Per\u00ebndis\u00eb s\u00eb dashuris\u00eb.<\/span><\/span><\/p>\n<p style=\"text-align: justify;\"><span style=\"font-family: helvetica; font-size: 12pt;\"><span style=\"color: #000000;\">&nbsp;&nbsp;&nbsp; Por kryesorja, ajo q\u00eb i k\u00ebrkohet \u00e7do besimtari, \u00ebsht\u00eb dhe mbetet se si do t\u00eb b\u00ebhemi tempuj t\u00eb Shpirtit t\u00eb Shenjt\u00eb. Jo me p\u00ebrgjith\u00ebsime dhe abstraksione, por duke kultivuar frytin e Shpirtit t\u00eb Shenjt\u00eb n\u00eb jet\u00ebn ton\u00eb t\u00eb p\u00ebrditshme. Dhe se si me jet\u00ebn ton\u00eb, do t\u00eb jemi d\u00ebshmitar\u00eb fuqis\u00eb s\u00eb Kryqit dhe g\u00ebzimit t\u00eb Ngjalljes. Le t\u00eb urojm\u00eb nj\u00ebri &#8211; tjetrin, q\u00eb drita e t\u00ebr\u00ebndritshme ngjall\u00ebsore, t\u00eb ndri\u00e7oj\u00eb qenien ton\u00eb, t\u00eb fuqizoj\u00eb besimin ton\u00eb te Krishti i Kryq\u00ebzuar dhe i Ngjallur dhe t\u00eb mb\u00ebshtes\u00eb p\u00ebrpjekjet tona p\u00ebr p\u00ebrparimin shpirt\u00ebror t\u00eb vendit ton\u00eb e t\u00eb mbar\u00eb bot\u00ebs.<\/span><\/span><\/p>\n<p style=\"text-align: justify;\"><span style=\"font-family: helvetica; font-size: 12pt;\"><span style=\"color: #000000;\">&nbsp;&nbsp;&nbsp; Le t\u00eb lutemi q\u00eb kjo Kish\u00eb Katedrale t\u00eb b\u00ebhet simboli i nj\u00eb Orthodhoksie t\u00eb hapur ndaj bot\u00ebs bashk\u00ebkohore- vend ku do t\u00eb p\u00ebrjetohet dhe do t\u00eb predikohet misteri i Per\u00ebndis\u00eb Triadik, ekonomia hyjnore n\u00eb Krishtin me an\u00ebn e Shpirtit t\u00eb Shenjt\u00eb; nj\u00eb fidanishte e v\u00ebrtet\u00eb e kultivimit shpirt\u00ebror t\u00eb besimtar\u00ebve me nd\u00ebrgjegjen ngjall\u00ebsore q\u00eb p\u00ebrqafon t\u00eb gjith\u00eb Ekumenin, bot\u00ebn dhe rrezaton t\u00eb v\u00ebrtet\u00ebn, fuqin\u00eb dhe bukurin\u00eb e Orthodhoksis\u00eb.<\/span><\/span><\/p>\n<p style=\"text-align: justify;\"><span style=\"font-family: helvetica; font-size: 12pt;\"><span style=\"color: #000000;\">&nbsp;&nbsp;&nbsp; \u201cAtij q\u00eb sipas fuqis\u00eb q\u00eb veprohet te ne mund t\u00eb b\u00ebj\u00eb shum\u00eb m\u00eb tep\u00ebr nga gjith\u00eb sa k\u00ebrkojm\u00eb ose mendojm\u00eb, atij i qoft\u00eb lavdia n\u00eb kish\u00eb me an\u00eb t\u00eb Krishtit Jisu n\u00eb gjith\u00eb brezat n\u00eb jet\u00eb t\u00eb jet\u00ebve. Amin\u201d (Efes.3:20-21).<\/span><\/span><\/p>\n<p style=\"text-align: justify;\">&nbsp;<\/p>\n<p style=\"text-align: justify;\">&nbsp;<\/p>\n<p style=\"text-align: center;\"><img class=\"lazyload\" decoding=\"async\" style=\"height: 398px; width: 600px; margin: 10px auto; display: block; border: 1px solid;\" src=\"data:image\/svg+xml,%3Csvg%20xmlns%3D%27http%3A%2F%2Fwww.w3.org%2F2000%2Fsvg%27%20width%3D%27600%27%20height%3D%27398%27%20viewBox%3D%270%200%20600%20398%27%3E%3Crect%20width%3D%27600%27%20height%3D%27398%27%20fill-opacity%3D%220%22%2F%3E%3C%2Fsvg%3E\" data-orig-src=\"https:\/\/lh4.googleusercontent.com\/-EF5gSF-6uJ4\/U47fQx_C6CI\/AAAAAAAABLw\/Xcz1HTjYWDM\/w958-h636-no\/_DSC0183.JPG\" height=\"398px\" width=\"600px\" \/> <span style=\"font-family: helvetica; font-size: 12pt;\"><span style=\"color: #000000;\"><strong>FJALIMI I T\u00cbR\u00cbSHENJT\u00cbRIS\u00cb S\u00cb TIJ,<\/strong><\/span><\/span><\/p>\n<p style=\"text-align: center;\"><span style=\"font-family: helvetica; font-size: 12pt;\"><span style=\"color: #000000;\"><strong>PATRIARKUT EKUMENIK,<\/strong><\/span><\/span><\/p>\n<p style=\"text-align: center;\"><span style=\"font-family: helvetica; font-size: 12pt;\"><span style=\"color: #000000;\"><strong>VARTHOLEMEUT,<\/strong><\/span><\/span><\/p>\n<p style=\"text-align: center;\"><span style=\"font-family: helvetica; font-size: 12pt;\"><span style=\"color: #000000;\"><strong>GJAT\u00cb SHENJT\u00cbRIMIT T\u00cb KISH\u00cbS KATEDRALE<\/strong><\/span><\/span><\/p>\n<p style=\"text-align: center;\"><span style=\"font-family: helvetica; font-size: 12pt;\"><span style=\"color: #000000;\"><strong>T\u00cb NGJALLJES S\u00cb KRISHTIT, TIRAN\u00cb<\/strong><\/span><\/span><\/p>\n<p style=\"text-align: center;\"><span style=\"font-family: helvetica; font-size: 12pt;\"><span style=\"color: #000000;\"><strong>(1 qershor 2014)<\/strong><\/span><\/span><\/p>\n<p style=\"text-align: center;\">&nbsp;<\/p>\n<p style=\"text-align: center;\"><span style=\"font-family: helvetica; font-size: 12pt;\"><span style=\"color: #000000;\">***<\/span><\/span><\/p>\n<p style=\"text-align: justify;\">&nbsp;<\/p>\n<p style=\"text-align: justify;\"><span style=\"font-family: helvetica; font-size: 12pt;\"><span style=\"color: #000000;\">&nbsp;&nbsp;&nbsp; Shk\u00eblqesia Juaj, zoti President&nbsp; i Republik\u00ebs s\u00eb Shqip\u00ebris\u00eb,<\/span><\/span><\/p>\n<p style=\"text-align: justify;\"><span style=\"font-family: helvetica; font-size: 12pt;\"><span style=\"color: #000000;\">&nbsp;&nbsp;&nbsp; Fortlumturi, Kryepiskop i Tiran\u00ebs, Durr\u00ebsit dhe Elbasanit, dhe i Gjith\u00eb Shqip\u00ebris\u00eb, v\u00eblla i shtrenjt\u00eb n\u00eb Krishtin dhe bashk\u00ebmeshtar, zoti Anastas,<\/span><\/span><\/p>\n<p style=\"text-align: justify;\"><span style=\"font-family: helvetica; font-size: 12pt;\"><span style=\"color: #000000;\">&nbsp;&nbsp;&nbsp; Fortlumturi dhe v\u00ebllez\u00ebr fort t\u00eb nderuar n\u00eb Krishtin, Primat\u00eb t\u00eb Kishave Fort t\u00eb Shenjta Orthodhokse t\u00eb Jerusalemit, Serbis\u00eb, Rumanis\u00eb, Qipros, Greqis\u00eb, Polonis\u00eb bashk\u00eb me personat e nderuar q\u00eb ju shoq\u00ebrojn\u00eb, <\/span><\/span><\/p>\n<p style=\"text-align: justify;\"><span style=\"font-family: helvetica; font-size: 12pt;\"><span style=\"color: #000000;\">&nbsp;&nbsp;&nbsp; Fort t\u00eb shenjt\u00eb, Hir\u00ebsit\u00eb Tuaja, p\u00ebrfaq\u00ebsues t\u00eb Kishave t\u00eb shenjta Orthodhokse n\u00eb vende t\u00eb ndryshme,<\/span><\/span><\/p>\n<p style=\"text-align: justify;\"><span style=\"font-family: helvetica; font-size: 12pt;\"><span style=\"color: #000000;\">&nbsp;&nbsp;&nbsp; Fort t\u00eb shenjt\u00eb dhe Hir\u00ebsi, v\u00ebllez\u00ebr t\u00eb shenjt\u00eb,<\/span><\/span><\/p>\n<p style=\"text-align: justify;\"><span style=\"font-family: helvetica; font-size: 12pt;\"><span style=\"color: #000000;\">&nbsp;&nbsp;&nbsp; Popull i zgjedhur dhe i bekuar i Per\u00ebndis\u00eb,<\/span><\/span><\/p>\n<p style=\"text-align: justify;\">&nbsp;<\/p>\n<p style=\"text-align: justify;\"><span style=\"font-family: helvetica; font-size: 12pt;\"><span style=\"color: #000000;\">&nbsp; &nbsp; Na ka mbledhur sot kjo ngjarje e madhe dhe historike: Ceremonia e shenjt\u00ebrimit t\u00eb Kish\u00ebs s\u00eb Shenjt\u00eb t\u00eb Ngjalljes, e cila v\u00ebrteton edhe ngjalljen e Kish\u00ebs Orthodhokse Autoqefale n\u00eb Shqip\u00ebri. Ne t\u00eb krishter\u00ebt shpres\u00ebtar\u00eb e orthodhoks\u00eb dallohemi p\u00ebr faktin se besojm\u00eb n\u00eb ngjalljen e t\u00eb vdekurve, duke pasur t\u00eb par\u00eb Zotin ton\u00eb t\u00eb Ngjallur, Jisu Krishtin. Jisu Krishti u ngjall me fuqin\u00eb Tij dhe bashk\u00ebngjall me Veten e Tij t\u00eb gjith\u00eb besimtar\u00ebt, i fton t\u00eb gjith\u00eb njer\u00ebzit q\u00eb t\u00eb marrin pjes\u00eb n\u00eb ngjallje. P\u00ebr ata q\u00eb nuk besojn\u00eb te Jisu Krishti ngjallja duket si mit. Por, nga p\u00ebrvoja e shenjtor\u00ebve, ne kemi p\u00ebrvoj\u00ebn e Ngjalljes, e cila \u00ebsht\u00eb edhe realiteti, dhe p\u00ebrvoja jon\u00eb biomatike. N\u00eb k\u00ebt\u00eb kuptim, edhe shenjt\u00ebrimi i k\u00ebsaj Kishe t\u00eb shk\u00eblqyer Katedrale t\u00eb Ngjalljes, p\u00ebrb\u00ebn sot nj\u00eb prov\u00eb, se Ngjallja \u00ebsht\u00eb realiteti, se Kisha Orthodhokse e Shqip\u00ebris\u00eb, e cila dikur ishte e vdekur p\u00ebr shkak t\u00eb persekutimeve ateiste, tashm\u00eb \u00ebsht\u00eb e gjall\u00eb, plot jet\u00eb dhe kreativitet.<\/span><\/span><\/p>\n<p style=\"text-align: justify;\"><span style=\"font-family: helvetica; font-size: 12pt;\"><span style=\"color: #000000;\">&nbsp;&nbsp;&nbsp; Patriarkana Ekumenike, Kisha M\u00ebm\u00eb e Konstandinopoj\u00ebs, ndien nj\u00eb g\u00ebzim t\u00eb gjithansh\u00ebm, duke par\u00eb mrekullin\u00eb e rilindjes s\u00eb Kish\u00ebs Orthodhokse n\u00eb Shqip\u00ebri dhe p\u00ebrg\u00ebzon nga thell\u00ebsia e zemr\u00ebs t\u00eb gjith\u00eb ata q\u00eb kontribuuan n\u00eb ngjalljen e saj. Pun\u00ebtori i par\u00eb, sigurisht, ka qen\u00eb i Fortlumturia e Tij, Kryepiskopi i Tiran\u00ebs, Durr\u00ebsit, Elbasanit dhe i Gjith\u00eb Shqip\u00ebris\u00eb, zoti Anastas, njeri me shum\u00eb p\u00ebrvoj\u00eb dhe plot me zell e dashuri hyjnore. Bashk\u00ebpun\u00ebtor\u00ebt e tij, ky num\u00ebr i madh klerik\u00ebsh dhe laik\u00ebsh t\u00eb zellsh\u00ebm, anonim\u00eb dhe me em\u00ebr, t\u00eb njohur dhe m\u00eb s\u00eb shumti t\u00eb panjohur.&nbsp;<\/span><\/span><\/p>\n<p style=\"text-align: justify;\"><span style=\"font-family: helvetica; font-size: 12pt;\"><span style=\"color: #000000;\">&nbsp;&nbsp;&nbsp; Shtysa e gjith\u00eb k\u00ebtyre ka qen\u00eb d\u00ebshira p\u00ebr t\u2019i b\u00ebr\u00eb t\u00eb ditur bot\u00ebs dashurin\u00eb e Per\u00ebndis\u00eb p\u00ebr njeriun, n\u00eb p\u00ebrputhje me porosin\u00eb e Zotit: \u201cDo t\u00eb m\u00eb jeni d\u00ebshmitar\u00eb n\u00eb t\u00eb gjith\u00eb ekumenin, bot\u00ebn, deri n\u00eb skajet e dheut\u201d. Sepse \u00e7far\u00eb gj\u00ebje tjet\u00ebr kryen Kisha p\u00ebrve\u00e7se t\u00eb d\u00ebshmoj\u00eb vazhdimisht e n\u00eb \u00e7do drejtim dashurin\u00eb e Per\u00ebndis\u00eb p\u00ebr njeriun dhe t\u00eb shfaq\u00eb Ungjillin? T\u00eb transmetoj\u00eb lajmin e g\u00ebzuar, se Per\u00ebndia u shfaq n\u00eb mish dhe t\u00eb&nbsp; ofroj\u00eb paqen dhe dashurin\u00eb, si dhurata t\u00eb pakap\u00ebrcyeshme p\u00ebr njer\u00ebzit?<\/span><\/span><\/p>\n<p style=\"text-align: justify;\"><span style=\"font-family: helvetica; font-size: 12pt;\"><span style=\"color: #000000;\">&nbsp;&nbsp;&nbsp; B\u00ebhet fjal\u00eb p\u00ebr d\u00ebshmi, q\u00eb pranohet lirisht ose hidhet posht\u00eb lirisht, sipas zgjedhjes s\u00eb \u00e7do personi. Kisha dhe t\u00eb krishter\u00ebt nuk i imponojn\u00eb askujt t\u00eb pranoj\u00eb d\u00ebshmin\u00eb p\u00ebr t\u00eb v\u00ebrtet\u00ebn. E megjithat\u00eb, u persekutuan n\u00eb t\u00eb shkuar\u00ebn me ashp\u00ebrsi dhe pa m\u00ebshir\u00eb, nj\u00ebsoj sikur t\u00eb propozonin dhe t\u00eb predikonin n\u00eb shoq\u00ebri teori t\u00eb d\u00ebmshme. U p\u00ebrndoq\u00ebn paqeb\u00ebr\u00ebsit, u b\u00ebn\u00eb shpifje kund\u00ebr atyre q\u00eb ishin njeridash\u00ebs dhe t\u00eb drejt\u00eb. Madje n\u00eb shum\u00eb raste, njer\u00ebz q\u00eb nuk kan\u00eb njohje p\u00ebr ato q\u00eb ndodhin \u201cn\u00eb brend\u00ebsi\u201d, prej atyre q\u00eb kan\u00eb dhe q\u00eb mbartin pushtetin, i kund\u00ebrshtuan dhe i hodh\u00ebn posht\u00eb predikimet e dashuris\u00eb. Megjithat\u00eb, ne t\u00eb krishter\u00ebt vazhdojm\u00eb t\u00eb d\u00ebshmojm\u00eb t\u00eb v\u00ebrtetat e p\u00ebrjetshme se g\u00ebzim t\u00eb pashtersh\u00ebm ka n\u00eb Krishtin, i Cili u fal zemrave t\u00eb besimtar\u00ebve paqen shpirt\u00ebrore, q\u00eb nuk zhvler\u00ebsohet dhe q\u00eb nuk u hiqet kurr\u00eb.&nbsp;<\/span><\/span><\/p>\n<p style=\"text-align: justify;\"><span style=\"font-family: helvetica; font-size: 12pt;\"><span style=\"color: #000000;\">&nbsp;&nbsp;&nbsp; Q\u00ebllimi i d\u00ebshmis\u00eb son\u00eb, \u00ebsht\u00eb pjes\u00ebmarrja e bashk\u00ebnjer\u00ebzve tan\u00eb n\u00eb g\u00ebzimin ton\u00eb. Duke besuar n\u00eb fjal\u00ebn e Zotit \u201cse m\u00eb i lumtur \u00ebsht\u00eb ai q\u00eb jep sesa merr\u201d (Veprat 20:35-36), japim pa kurrfar\u00eb interesi d\u00ebshmin\u00eb ton\u00eb rreth faktit se g\u00ebzimi dhe paqja ekziston te Krishti. Oferta e t\u00eb krishter\u00ebve nuk shteron te fjal\u00ebt, por realizohet edhe me an\u00eb t\u00eb ndihmave materiale t\u00eb domosdoshme dhe t\u00eb sh\u00ebrbimit ndaj njer\u00ebzve n\u00eb nevoj\u00eb. <em>&nbsp;Prov\u00eb e jasht\u00ebzakonshme e k\u00ebsaj, jan\u00eb veprat e m\u00ebdha filantropike e arsimore dhe n\u00eb p\u00ebrgjith\u00ebsi p\u00ebr t\u00eb gjith\u00eb njer\u00ebzit, t\u00eb cilat Kisha Orthodhokse Autoqefale n\u00eb Shqip\u00ebri n\u00ebp\u00ebrmjet Fortlumturis\u00eb Suaj t\u00eb nderuar, v\u00eblla Anastas, i ofroi popullit, me gjith\u00eb mjetet e pakta q\u00eb kishte n\u00eb dispozicion.<\/em><\/span><\/span><\/p>\n<p style=\"text-align: justify;\"><span style=\"font-family: helvetica; font-size: 12pt;\"><span style=\"color: #000000;\">&nbsp;&nbsp;&nbsp; Historia, nga ana tjet\u00ebr, na v\u00ebrteton se Kisha Orthodhokse gjat\u00eb gjith\u00eb koh\u00ebs frym\u00ebzohet nga d\u00ebshira p\u00ebr t\u00eb ofruar dhe gjithmon\u00eb ofron, madje edhe duke kap\u00ebrcyer mund\u00ebsit\u00eb e saj, sepse g\u00ebzohet me g\u00ebzimin e tjetrit dhe synon t\u00eb g\u00ebzoj\u00eb n\u00ebp\u00ebrmjet ofrimit t\u00eb g\u00ebzimit te bashk\u00ebnjer\u00ebzit tan\u00eb. Nuk num\u00ebron pasuesit, nuk regjistron arritjet materiale, g\u00ebzohet duke shp\u00ebrndar\u00eb g\u00ebzim dhe leht\u00ebsim dhe i fton ata q\u00eb jan\u00eb t\u00eb munduar e t\u00eb ngarkuar t\u00eb vijn\u00eb te Krishti, q\u00eb t\u00eb marrin prehje p\u00ebr shkak t\u00eb mij\u00ebra mundimeve dhe t\u00eb k\u00ebqijave t\u00eb jet\u00ebs. <\/span><\/span><\/p>\n<p style=\"text-align: justify;\">&nbsp;<\/p>\n<p style=\"text-align: center;\"><span style=\"font-family: helvetica; font-size: 12pt;\"><span style=\"color: #000000;\">***<\/span><\/span><\/p>\n<p style=\"text-align: justify;\">&nbsp;<\/p>\n<p style=\"text-align: justify;\"><span style=\"font-family: helvetica; font-size: 12pt;\"><span style=\"color: #000000;\">&nbsp;&nbsp;&nbsp; Kisha mot\u00ebr Orthodhokse q\u00eb ndodhet n\u00eb Shqip\u00ebri, u persekutua n\u00eb t\u00eb shkuar\u00ebn deri n\u00eb zhdukjen e saj t\u00eb plot\u00eb. Pas vuajtjes s\u00eb skajshme, i erdhi ringritja dhe \u00e7lirimi, pas sprov\u00ebs, vler\u00ebsimi.<\/span><\/span><\/p>\n<p style=\"text-align: justify;\"><span style=\"font-family: helvetica; font-size: 12pt;\"><span style=\"color: #000000;\">&nbsp;&nbsp;&nbsp; Lavd\u00ebrojm\u00eb dhe fal\u00ebnderojm\u00eb nga thell\u00ebsia e zemr\u00ebs Zotin e Hirit, t\u00eb M\u00ebshir\u00ebs, t\u00eb Dhembshurive dhe t\u00eb \u00e7do ngush\u00ebllimi, sepse Ai mir\u00ebp\u00eblqeu q\u00eb n\u00ebp\u00ebrmjet zellit apostolik t\u00eb Fortlumturis\u00eb Suaj fort t\u00eb dashur p\u00ebr ne, v\u00eblla&nbsp; i shenjt\u00eb i Tiran\u00ebs, zoti Anastas dhe me an\u00eb t\u00eb bashk\u00ebpunimit t\u00eb zellsh\u00ebm t\u00eb shum\u00eb pun\u00ebtor\u00ebve t\u00eb Ungjillit, t\u00eb njohur e t\u00eb panjohur, dhe n\u00eb pjes\u00ebn m\u00eb madhe q\u00eb nuk duken, t\u00eb ngjall\u00eb nga hiri Kish\u00ebn Orthodhokse t\u00eb Shqip\u00ebris\u00eb dhe ta rivendos\u00eb at\u00eb n\u00eb \u201clavdin\u00eb e hershme\u201d, me shk\u00eblqim dhe plot jet\u00eb n\u00eb rreshtat e Kishave orthodhokse autoqefale. &nbsp;<\/span><\/span><\/p>\n<p style=\"text-align: justify;\"><span style=\"font-family: helvetica; font-size: 12pt;\"><span style=\"color: #000000;\">&nbsp;&nbsp;&nbsp; Rezultatet e dashuris\u00eb s\u00eb painteres dhe t\u00eb pakufishme ndaj t\u00eb gjith\u00ebve, q\u00eb tregoi dhe q\u00eb vazhdon t\u00eb tregoj\u00eb Fortlumturia Juaj, nga \u00e7asti i par\u00eb i caktimit t\u00eb misionit nga Patriarkana Ekumenike dhe i mb\u00ebrritjes suaj n\u00eb Shqip\u00ebri, n\u00eb cil\u00ebsin\u00eb e Ekzarkut t\u00eb patriarkut t\u00eb paharruar, Dhimitrit dhe n\u00eb vazhdim, pik\u00ebrisht pas nj\u00eb viti, si protodhjakon i p\u00ebrgjegj\u00ebsis\u00eb dhe hierapostull, duke ndjekur besnik\u00ebrisht shembullin dhe rrug\u00ebn n\u00eb k\u00ebto vende t\u00eb shenjta t\u00eb Kozmait t\u00eb Etolis\u00eb dhe duke mbajtur mbi vete \u00e7do dit\u00eb p\u00ebr nj\u00eb \u00e7erek shekulli, kryqin e martirizimit dhe t\u00eb d\u00ebshmis\u00eb, p\u00ebrb\u00ebjn\u00eb nga ky \u00e7ast nj\u00eb parashijim t\u00eb ngjalljes.&nbsp; Jan\u00eb nj\u00eb eksperienc\u00eb ngjall\u00ebsore: Ne n\u00eb Patriarkan\u00ebn Ekumenike, pam\u00eb se Kisha Orthodhokse n\u00eb Shqip\u00ebri, kaloi nga vdekja n\u00eb jet\u00eb, sepse Ju, Fortlumturi, i desh\u00ebt me t\u00eb v\u00ebrtet\u00eb v\u00ebllez\u00ebrit. Nga ana tjet\u00ebr e dim\u00eb se \u201cai q\u00eb nuk do v\u00ebllain mbetet n\u00eb vdekje\u201d (1 Joan.3:15).<\/span><\/span><\/p>\n<p style=\"text-align: justify;\">&nbsp;<\/p>\n<p style=\"text-align: center;\"><span style=\"font-family: helvetica; font-size: 12pt;\"><span style=\"color: #000000;\">***<\/span><\/span><\/p>\n<p style=\"text-align: justify;\">&nbsp;<\/p>\n<p style=\"text-align: justify;\"><span style=\"font-family: helvetica; font-size: 12pt;\"><span style=\"color: #000000;\">&nbsp;&nbsp;&nbsp; K\u00ebt\u00eb Ngjallje t\u00eb Kish\u00ebs Orthodhokse t\u00eb Shqip\u00ebris\u00eb shijojm\u00eb sot dhe ne t\u00eb gjith\u00eb. N\u00eb em\u00ebr t\u00eb v\u00ebllez\u00ebrve primat\u00eb t\u00eb Kishave Orthodhokse, por edhe t\u00eb gjith\u00eb klerit dhe popullit e p\u00ebrg\u00ebzojm\u00eb, si\u00e7 i ka hije, Fortlumturin\u00eb Tuaj dhe jemi t\u00eb detyruar t\u2019ju fale\u00ebnderojm\u00eb, jo vet\u00ebm p\u00ebr vepr\u00ebn e mrekullueshme q\u00eb keni kryer me hirin e Per\u00ebndis\u00eb gjat\u00eb k\u00ebsaj periudhe t\u00eb sh\u00ebrbimit tuaj si hierark i par\u00eb n\u00eb Shqip\u00ebri, por edhe p\u00ebr plot\u00ebsimin para pak dit\u00ebsh, m\u00eb 24 maj, t\u00eb nj\u00eb pes\u00ebdhjet\u00ebvje\u00e7ari sh\u00ebrbese t\u00eb frytshme n\u00eb fush\u00ebn kishtare, me dor\u00ebzimin Tuaj n\u00eb prift dhe t\u00eb dyzetvjetorit t\u00eb v\u00ebnies n\u00eb l\u00ebvizje t\u00eb vepr\u00ebs suaj t\u00eb shk\u00eblqyer hierapostolike n\u00eb kontinentin e Afrik\u00ebs.&nbsp;<\/span><\/span><\/p>\n<p style=\"text-align: justify;\"><span style=\"font-family: helvetica; font-size: 12pt;\"><span style=\"color: #000000;\">&nbsp;&nbsp;&nbsp; D\u00ebshmia nuk \u00ebsht\u00eb vet\u00ebm shenjt\u00ebrimi i k\u00ebsaj Kishe kaq t\u00eb bukur Katedrale. \u00cbsht\u00eb edhe nd\u00ebrtimi nga themelet dhe rind\u00ebrtimi i mbi 150 kishave e manastireve t\u00eb shenjta n\u00eb mbar\u00eb territorin e Shqip\u00ebris\u00eb. Themelimi i sht\u00ebpive t\u00eb f\u00ebmij\u00ebs, i kopshteve dhe i shkollave t\u00eb Kish\u00ebs, ve\u00e7an\u00ebrisht i Akademis\u00eb Theologjike t\u00eb hieromartirit, Sh\u00ebn Vlashit n\u00eb Durr\u00ebs, p\u00ebr formimin e klerik\u00ebve kandidat\u00eb dhe kultivimin e shkenc\u00ebs s\u00eb shenjt\u00eb t\u00eb theologjis\u00eb, ngritja e nj\u00eb Qendre Mjek\u00ebsore shum\u00ebkat\u00ebshe dhe shum\u00ebfunksionale, t\u00eb pajisur m\u00eb s\u00eb miri, q\u00eb ngjall admirim te t\u00eb gjith\u00eb, si edhe e nj\u00ebsive mjek\u00ebsore n\u00eb zona t\u00eb ndryshme t\u00eb vendit, veprat botuese dhe p\u00ebrkthyese t\u00eb nj\u00eb niveli t\u00eb lart\u00eb, organizimi sistematik i katekizmit t\u00eb popullit n\u00ebp\u00ebrmjet Shkoll\u00ebs s\u00eb Katekizmit n\u00eb funksionim, Kompleksi i punishteve kishtare \u201cNazaret\u201d dhe shum\u00eb e shum\u00eb vepra t\u00eb tjera t\u00eb mira, d\u00ebshmojn\u00eb p\u00ebrkujdesjen e Kish\u00ebs p\u00ebr popullin n\u00eb t\u00eb gjitha fushat e jet\u00ebs.<\/span><\/span><\/p>\n<p style=\"text-align: justify;\">&nbsp;<\/p>\n<p style=\"text-align: center;\"><span style=\"font-family: helvetica; font-size: 12pt;\"><span style=\"color: #000000;\">***<\/span><\/span><\/p>\n<p style=\"text-align: justify;\">&nbsp;<\/p>\n<p style=\"text-align: justify;\"><span style=\"font-family: helvetica; font-size: 12pt;\"><span style=\"color: #000000;\">&nbsp;&nbsp;&nbsp; Por, si Patriark Ekumenik dhe p\u00ebrfaq\u00ebsues i Kish\u00ebs s\u00eb dialogut, t\u00eb paqes dhe t\u00eb mir\u00ebp\u00eblqimit, n\u00eb m\u00ebnyr\u00eb t\u00eb ve\u00e7ant\u00eb duhet&nbsp; t\u00eb kujtojm\u00eb si nj\u00eb prej arritjeve tuaja m\u00eb t\u00eb m\u00ebdha, Fortlumturi, kultivimin e klim\u00ebs s\u00eb pajtimit, bashk\u00ebpunimit dhe bashk\u00ebjetes\u00ebs paq\u00ebsore midis t\u00eb gjitha pal\u00ebve t\u00eb popullit t\u00eb Shqip\u00ebris\u00eb. Prandaj dhe Kisha Orthodhokse e Shqip\u00ebris\u00eb, ashtu si\u00e7 i ka hije, \u00ebsht\u00eb lidhja p\u00ebrbashkuese dhe elementi dinamik i p\u00ebrparimit t\u00eb vendit. K\u00ebt\u00eb klim\u00eb pajtimi, bashk\u00ebpunimi dhe dialogu e kultivuat qysh prej fillimit, jo pa mundime p\u00ebr shkak t\u00eb paragjykimeve dhe antitezave t\u00eb rr\u00ebnjosura, dhe arrit\u00ebt ribashkimin e ndasive dhe bashk\u00ebpunimin harmonik midis t\u00eb gjith\u00ebve, p\u00ebr t\u00eb mir\u00ebn e p\u00ebrbashk\u00ebt t\u00eb p\u00ebrgjithshme.&nbsp;<\/span><\/span><\/p>\n<p style=\"text-align: justify;\"><span style=\"font-family: helvetica; font-size: 12pt;\"><span style=\"color: #000000;\">&nbsp;&nbsp;&nbsp; Pra sot, t\u00eb kremten e Treqind e tet\u00ebmb\u00ebdhejt\u00eb Et\u00ebrve, q\u00eb predikuan t\u00eb v\u00ebrtet\u00ebn e Orthodhoksis\u00eb n\u00eb Sinodin e Par\u00eb Ekumenik n\u00eb Nike t\u00eb Vithinis\u00eb dhe nj\u00ebkoh\u00ebsisht, n\u00eb kujtim t\u00eb martirit t\u00eb shenjt\u00eb, Justin Filozofit, Kisha Orthodhokse e Shqip\u00ebris\u00eb, ka dit\u00ebn e saj t\u00eb Zotit: dit\u00ebn e Ngjalljes s\u00eb saj, q\u00eb vuloset me Shenjt\u00ebrimin e Kish\u00ebs s\u00eb Ngjalljes. Sikund\u00ebr Zoti doli fitimtar nga varri dhe shp\u00ebrndau n\u00eb bot\u00eb rrezet e drit\u00ebs s\u00eb Ngjalljes s\u00eb Tij, k\u00ebshtu edhe kjo Kish\u00eb doli fitimtare nga periudha e gjat\u00eb e sprov\u00ebs dhe e tundimit, gjat\u00eb s\u00eb cil\u00ebs ndodhej e mbyllur \u201csi n\u00eb varr\u201d.&nbsp;&nbsp;&nbsp;<\/span><\/span><\/p>\n<p style=\"text-align: justify;\"><span style=\"font-family: helvetica; font-size: 12pt;\"><span style=\"color: #000000;\">&nbsp;&nbsp;&nbsp; Dhe tani nga kjo Kish\u00eb e bukur e Ngjalljes dhe nga t\u00eb gjitha kishat e shenjta t\u00eb nd\u00ebrtuara rishtas apo t\u00eb rind\u00ebrtuara nga themelet, por ve\u00e7an\u00ebrisht n\u00ebp\u00ebrmjet kishave t\u00eb gjalla shpirt\u00ebrore t\u00eb besimtar\u00ebve t\u00eb saj, shp\u00ebrndan drit\u00ebn e fitores kund\u00ebr err\u00ebsir\u00ebs dhe vdekjes. Kjo Kish\u00eb Katedrale do t\u00eb d\u00ebshmoj\u00eb gjithnj\u00eb se \u201cdyert e hadhit nuk do ta mposhtin at\u00eb\u201d (Matth. 16:18-19).<\/span><\/span><\/p>\n<p style=\"text-align: justify;\">&nbsp;<\/p>\n<p style=\"text-align: center;\"><span style=\"font-family: helvetica; font-size: 12pt;\"><span style=\"color: #000000;\">***<\/span><\/span><\/p>\n<p style=\"text-align: justify;\">&nbsp;<\/p>\n<p style=\"text-align: justify;\"><span style=\"font-family: helvetica; font-size: 12pt;\"><span style=\"color: #000000;\">&nbsp;&nbsp;&nbsp; \u201cDuke kujtuar t\u00eb gjith\u00eb shenjtor\u00ebt\u201d n\u00eb kryerjen e Adhurimit Hyjnor t\u00eb pagjakt\u00eb dhe n\u00eb \u201cthyerjen e Buk\u00ebs\u201d madje shenjtor\u00ebt dhe martir\u00ebt mbrojt\u00ebs q\u00eb prej fillimit dhe deri n\u00eb koh\u00ebt e fundit, t\u00eb Kish\u00ebs Orthodhokse t\u00eb Shqip\u00ebris\u00eb, nga hieromartiri Elefther dhe Vlashi t\u00eb viteve t\u00eb para t\u00eb krishtera, sh\u00ebn Asti n\u00eb Durr\u00ebs, Mbreti i Shenjt\u00eb Joan Vladimirin, neomartiri sh\u00ebn Nikodhim nga Elbasani, deri&nbsp; tek isapostulli i madh Kozma Etolosi, veten ton\u00eb dhe nj\u00ebri-tjetrin dhe t\u00eb gjith\u00eb jet\u00ebn e Kish\u00ebs Orthodhokse t\u00eb Shqip\u00ebris\u00eb, Krishtit Per\u00ebndis\u00eb le t\u2019ia parashtrojm\u00eb. Me nd\u00ebrmjetimet dhe ndihm\u00ebn e tyre lusim p\u00ebr forcimin e k\u00ebsaj Kishe t\u00eb shenjt\u00eb dhe t\u00eb Kish\u00ebs Orthodhokse n\u00eb Shqip\u00ebri n\u00eb jet\u00eb t\u00eb jet\u00ebve.&nbsp;<\/span><\/span><\/p>\n<p style=\"text-align: justify;\"><span style=\"font-family: helvetica; font-size: 12pt;\"><span style=\"color: #000000;\">&nbsp;&nbsp;&nbsp; Kjo Kish\u00eb e shenjt\u00eb, q\u00eb shenjt\u00ebruam sot, \u00ebsht\u00eb streha p\u00ebr \u00e7do njeri; \u00ebsht\u00eb dh\u00ebn\u00ebse jete dhe frym\u00ebzimi p\u00ebr vepra t\u00eb mira, sh\u00ebrbyese e njeriut, n\u00ebn\u00eb e dhembshur, mjeke dhe mbrojt\u00ebse, \u00e7liruese nga rob\u00ebri shpirt\u00ebrore, d\u00ebshmitare e s\u00eb v\u00ebrtet\u00ebs, tregues i rrug\u00ebs drejt g\u00ebzimit dhe p\u00ebrjet\u00ebsis\u00eb.<\/span><\/span><\/p>\n<p style=\"text-align: justify;\"><span style=\"font-family: helvetica; font-size: 12pt;\"><span style=\"color: #000000;\">&nbsp;&nbsp;&nbsp; P\u00ebrg\u00ebzojm\u00eb Shk\u00eblqesin\u00eb Tuaj fort t\u00eb nderuar, zoti President i Republik\u00ebs, Qeverin\u00eb e nderuar t\u00eb Shqip\u00ebris\u00eb dhe t\u00eb gjith\u00eb banor\u00ebt e saj p\u00ebr k\u00ebt\u00eb arritje, p\u00ebr k\u00ebt\u00eb Kish\u00eb t\u00eb shenjt\u00eb t\u00eb p\u00ebruruar, sepse rrezet e drit\u00ebs, t\u00eb dashuris\u00eb, bashkimit dhe v\u00ebllaz\u00ebrimit q\u00eb burojn\u00eb prej saj, u drejtohen t\u00eb gjith\u00ebve dhe u b\u00ebjn\u00eb mir\u00eb t\u00eb gjith\u00ebve, pa kurrfar\u00eb dallimi.<\/span><\/span><\/p>\n<p style=\"text-align: justify;\"><span style=\"font-family: helvetica; font-size: 12pt;\"><span style=\"color: #000000;\">&nbsp;&nbsp;&nbsp; D\u00ebrgojm\u00eb tek t\u00eb gjith\u00eb bashk\u00ebpun\u00ebtor\u00ebt e k\u00ebsaj vepre t\u00eb mir\u00eb, p\u00eblqimin e Patriarkan\u00ebs Ekumenike dhe bekimin ton\u00eb at\u00ebror e patriarkal dhe urojm\u00eb me t\u00eb gjith\u00eb shpirtin q\u00eb hiri i Per\u00ebndis\u00eb t\u2019u b\u00ebj\u00eb t\u00eb mira t\u00eb gjith\u00eb banor\u00ebve t\u00eb k\u00ebtij vendi dhe mbar\u00eb bot\u00ebs. Amin. &nbsp;<\/span><\/span><\/p>\n","protected":false},"excerpt":{"rendered":"<p>Fjalimi i Fortlumturis\u00eb s\u00eb Tij, Kryepiskopit t\u00eb Tiran\u00ebs, Durr\u00ebsit dhe t\u00eb Gjith\u00eb Shqip\u00ebris\u00eb, \u2020 ANASTASIT N\u00cb CEREMONIN\u00cb E SHENJT\u00cbRIMIT T\u00cb KISH\u00cbS S\u00cb SHENJT\u00cb T\u00cb TIRAN\u00cbS \u201cNGJALLJA E KRISHTIT\u201d 1 qershor 2014 &nbsp; &nbsp;&nbsp;&nbsp; \u201cKjo \u00ebsht\u00eb dita q\u00eb b\u00ebri Zoti, le t\u00eb ngaz\u00ebllohemi dhe le t\u00eb d\u00ebfrehemi n\u00eb t\u00eb\u201d (Ps.117:43) &nbsp;&nbsp;&nbsp; T\u00ebr\u00ebshenjt\u00ebri, Patriark Ekumenik i Konstandinopoj\u00ebs, zoti Vartholome; Shk\u00eblqesia Juaj, President i Republik\u00ebs; &nbsp;Fortlumturit\u00eb Tuaj, Primat\u00eb<\/p>\n","protected":false},"author":14,"featured_media":577,"comment_status":"open","ping_status":"open","sticky":false,"template":"","format":"standard","meta":{"_acf_changed":false,"pagelayer_contact_templates":[],"_pagelayer_content":"","inline_featured_image":false,"fifu_image_url":"","fifu_image_alt":"","footnotes":""},"categories":[108],"tags":[140,184,196,212,182],"class_list":["post-576","post","type-post","status-publish","format-standard","has-post-thumbnail","hentry","category-lajme","tag-140","tag-katedralja-ngjallja-e-krishtit-tirane","tag-tirane","tag-lajme-d27","tag-shenjterimi-i-katedrales"],"acf":[],"yoast_head":"<!-- This site is optimized with the Yoast SEO plugin v27.2 - https:\/\/yoast.com\/product\/yoast-seo-wordpress\/ -->\n<title>Fjalimi i Kryepiskopit ANASTAS dhe i Patrikut Ekumenik VARTHOLEMEUT gjat\u00eb shenjt\u00ebrimit e Kish\u00ebs t\u00eb re Katedrale \u201cNgjallja e Krishtit\u201d. (1 Qershor 2014) - Kisha Orthodh\u03bfkse Autoqefale e Shqip\u00ebris\u00eb<\/title>\n<meta name=\"robots\" content=\"index, follow, max-snippet:-1, max-image-preview:large, max-video-preview:-1\" \/>\n<link rel=\"canonical\" href=\"https:\/\/orthodoxalbania.org\/2020\/2014\/06\/04\/fialimi-i-kryepiskopit-dhe-i-patrikut-ekumenik-ne-shenjterimin-e-kishes-se-re-katedrale-ngjallja-e-krishtit\/\" \/>\n<meta property=\"og:locale\" content=\"en_US\" \/>\n<meta property=\"og:type\" content=\"article\" \/>\n<meta property=\"og:title\" content=\"Fjalimi i Kryepiskopit ANASTAS dhe i Patrikut Ekumenik VARTHOLEMEUT gjat\u00eb shenjt\u00ebrimit e Kish\u00ebs t\u00eb re Katedrale \u201cNgjallja e Krishtit\u201d. (1 Qershor 2014) - Kisha Orthodh\u03bfkse Autoqefale e Shqip\u00ebris\u00eb\" \/>\n<meta property=\"og:description\" content=\"Fjalimi i Fortlumturis\u00eb s\u00eb Tij, Kryepiskopit t\u00eb Tiran\u00ebs, Durr\u00ebsit dhe t\u00eb Gjith\u00eb Shqip\u00ebris\u00eb, \u2020 ANASTASIT N\u00cb CEREMONIN\u00cb E SHENJT\u00cbRIMIT T\u00cb KISH\u00cbS S\u00cb SHENJT\u00cb T\u00cb TIRAN\u00cbS \u201cNGJALLJA E KRISHTIT\u201d 1 qershor 2014 &nbsp; &nbsp;&nbsp;&nbsp; \u201cKjo \u00ebsht\u00eb dita q\u00eb b\u00ebri Zoti, le t\u00eb ngaz\u00ebllohemi dhe le t\u00eb d\u00ebfrehemi n\u00eb t\u00eb\u201d (Ps.117:43) &nbsp;&nbsp;&nbsp; T\u00ebr\u00ebshenjt\u00ebri, Patriark Ekumenik i Konstandinopoj\u00ebs, zoti Vartholome; Shk\u00eblqesia Juaj, President i Republik\u00ebs; &nbsp;Fortlumturit\u00eb Tuaj, Primat\u00eb\" \/>\n<meta property=\"og:url\" content=\"https:\/\/orthodoxalbania.org\/2020\/2014\/06\/04\/fialimi-i-kryepiskopit-dhe-i-patrikut-ekumenik-ne-shenjterimin-e-kishes-se-re-katedrale-ngjallja-e-krishtit\/\" \/>\n<meta property=\"og:site_name\" content=\"Kisha Orthodh\u03bfkse Autoqefale e Shqip\u00ebris\u00eb\" \/>\n<meta property=\"article:publisher\" content=\"https:\/\/www.facebook.com\/koash1991\" \/>\n<meta property=\"article:published_time\" content=\"2014-06-04T12:20:35+00:00\" \/>\n<meta property=\"article:modified_time\" content=\"2020-04-06T20:02:28+00:00\" \/>\n<meta property=\"og:image\" content=\"https:\/\/orthodoxalbania.org\/2020\/wp-content\/uploads\/2020\/04\/1926767_710042835726512_1302247717400220726_n.jpg\" \/>\n\t<meta property=\"og:image:width\" content=\"958\" \/>\n\t<meta property=\"og:image:height\" content=\"639\" \/>\n\t<meta property=\"og:image:type\" content=\"image\/jpeg\" \/>\n<meta name=\"author\" content=\"neo_admin\" \/>\n<meta name=\"twitter:card\" content=\"summary_large_image\" \/>\n<meta name=\"twitter:label1\" content=\"Written by\" \/>\n\t<meta name=\"twitter:data1\" content=\"neo_admin\" \/>\n\t<meta name=\"twitter:label2\" content=\"Est. reading time\" \/>\n\t<meta name=\"twitter:data2\" content=\"22 minutes\" \/>\n<script type=\"application\/ld+json\" class=\"yoast-schema-graph\">{\"@context\":\"https:\/\/schema.org\",\"@graph\":[{\"@type\":\"Article\",\"@id\":\"https:\/\/orthodoxalbania.org\/2020\/2014\/06\/04\/fialimi-i-kryepiskopit-dhe-i-patrikut-ekumenik-ne-shenjterimin-e-kishes-se-re-katedrale-ngjallja-e-krishtit\/#article\",\"isPartOf\":{\"@id\":\"https:\/\/orthodoxalbania.org\/2020\/2014\/06\/04\/fialimi-i-kryepiskopit-dhe-i-patrikut-ekumenik-ne-shenjterimin-e-kishes-se-re-katedrale-ngjallja-e-krishtit\/\"},\"author\":{\"name\":\"neo_admin\",\"@id\":\"https:\/\/orthodoxalbania.org\/2020\/#\/schema\/person\/dd2bdc135b53c60d45b8bb329565cf6d\"},\"headline\":\"Fjalimi i Kryepiskopit ANASTAS dhe i Patrikut Ekumenik VARTHOLEMEUT gjat\u00eb shenjt\u00ebrimit e Kish\u00ebs t\u00eb re Katedrale \u201cNgjallja e Krishtit\u201d. (1 Qershor 2014)\",\"datePublished\":\"2014-06-04T12:20:35+00:00\",\"dateModified\":\"2020-04-06T20:02:28+00:00\",\"mainEntityOfPage\":{\"@id\":\"https:\/\/orthodoxalbania.org\/2020\/2014\/06\/04\/fialimi-i-kryepiskopit-dhe-i-patrikut-ekumenik-ne-shenjterimin-e-kishes-se-re-katedrale-ngjallja-e-krishtit\/\"},\"wordCount\":4513,\"commentCount\":0,\"publisher\":{\"@id\":\"https:\/\/orthodoxalbania.org\/2020\/#organization\"},\"image\":{\"@id\":\"https:\/\/orthodoxalbania.org\/2020\/2014\/06\/04\/fialimi-i-kryepiskopit-dhe-i-patrikut-ekumenik-ne-shenjterimin-e-kishes-se-re-katedrale-ngjallja-e-krishtit\/#primaryimage\"},\"thumbnailUrl\":\"https:\/\/orthodoxalbania.org\/2020\/wp-content\/uploads\/2020\/04\/1926767_710042835726512_1302247717400220726_n.jpg\",\"keywords\":[\"2014\",\"Katedralja \u201cNgjallja e Krishtit\u201d Tiran\u00eb\",\"Kryepiskopata Tiran\u00eb\",\"lajme\",\"Shenjt\u00ebrimi i Katedrales \u201cNgjallja e Krishtit\u201d\"],\"articleSection\":[\"Lajme\"],\"inLanguage\":\"en-US\"},{\"@type\":\"WebPage\",\"@id\":\"https:\/\/orthodoxalbania.org\/2020\/2014\/06\/04\/fialimi-i-kryepiskopit-dhe-i-patrikut-ekumenik-ne-shenjterimin-e-kishes-se-re-katedrale-ngjallja-e-krishtit\/\",\"url\":\"https:\/\/orthodoxalbania.org\/2020\/2014\/06\/04\/fialimi-i-kryepiskopit-dhe-i-patrikut-ekumenik-ne-shenjterimin-e-kishes-se-re-katedrale-ngjallja-e-krishtit\/\",\"name\":\"Fjalimi i Kryepiskopit ANASTAS dhe i Patrikut Ekumenik VARTHOLEMEUT gjat\u00eb shenjt\u00ebrimit e Kish\u00ebs t\u00eb re Katedrale \u201cNgjallja e Krishtit\u201d. (1 Qershor 2014) - Kisha Orthodh\u03bfkse Autoqefale e Shqip\u00ebris\u00eb\",\"isPartOf\":{\"@id\":\"https:\/\/orthodoxalbania.org\/2020\/#website\"},\"primaryImageOfPage\":{\"@id\":\"https:\/\/orthodoxalbania.org\/2020\/2014\/06\/04\/fialimi-i-kryepiskopit-dhe-i-patrikut-ekumenik-ne-shenjterimin-e-kishes-se-re-katedrale-ngjallja-e-krishtit\/#primaryimage\"},\"image\":{\"@id\":\"https:\/\/orthodoxalbania.org\/2020\/2014\/06\/04\/fialimi-i-kryepiskopit-dhe-i-patrikut-ekumenik-ne-shenjterimin-e-kishes-se-re-katedrale-ngjallja-e-krishtit\/#primaryimage\"},\"thumbnailUrl\":\"https:\/\/orthodoxalbania.org\/2020\/wp-content\/uploads\/2020\/04\/1926767_710042835726512_1302247717400220726_n.jpg\",\"datePublished\":\"2014-06-04T12:20:35+00:00\",\"dateModified\":\"2020-04-06T20:02:28+00:00\",\"breadcrumb\":{\"@id\":\"https:\/\/orthodoxalbania.org\/2020\/2014\/06\/04\/fialimi-i-kryepiskopit-dhe-i-patrikut-ekumenik-ne-shenjterimin-e-kishes-se-re-katedrale-ngjallja-e-krishtit\/#breadcrumb\"},\"inLanguage\":\"en-US\",\"potentialAction\":[{\"@type\":\"ReadAction\",\"target\":[\"https:\/\/orthodoxalbania.org\/2020\/2014\/06\/04\/fialimi-i-kryepiskopit-dhe-i-patrikut-ekumenik-ne-shenjterimin-e-kishes-se-re-katedrale-ngjallja-e-krishtit\/\"]}]},{\"@type\":\"ImageObject\",\"inLanguage\":\"en-US\",\"@id\":\"https:\/\/orthodoxalbania.org\/2020\/2014\/06\/04\/fialimi-i-kryepiskopit-dhe-i-patrikut-ekumenik-ne-shenjterimin-e-kishes-se-re-katedrale-ngjallja-e-krishtit\/#primaryimage\",\"url\":\"https:\/\/orthodoxalbania.org\/2020\/wp-content\/uploads\/2020\/04\/1926767_710042835726512_1302247717400220726_n.jpg\",\"contentUrl\":\"https:\/\/orthodoxalbania.org\/2020\/wp-content\/uploads\/2020\/04\/1926767_710042835726512_1302247717400220726_n.jpg\",\"width\":958,\"height\":639},{\"@type\":\"BreadcrumbList\",\"@id\":\"https:\/\/orthodoxalbania.org\/2020\/2014\/06\/04\/fialimi-i-kryepiskopit-dhe-i-patrikut-ekumenik-ne-shenjterimin-e-kishes-se-re-katedrale-ngjallja-e-krishtit\/#breadcrumb\",\"itemListElement\":[{\"@type\":\"ListItem\",\"position\":1,\"name\":\"Home\",\"item\":\"https:\/\/orthodoxalbania.org\/2020\/\"},{\"@type\":\"ListItem\",\"position\":2,\"name\":\"Fjalimi i Kryepiskopit ANASTAS dhe i Patrikut Ekumenik VARTHOLEMEUT gjat\u00eb shenjt\u00ebrimit e Kish\u00ebs t\u00eb re Katedrale \u201cNgjallja e Krishtit\u201d. (1 Qershor 2014)\"}]},{\"@type\":\"WebSite\",\"@id\":\"https:\/\/orthodoxalbania.org\/2020\/#website\",\"url\":\"https:\/\/orthodoxalbania.org\/2020\/\",\"name\":\"Kisha Orthodh\u03bfkse Autoqefale e Shqip\u00ebris\u00eb\",\"description\":\"Fqja Zyrtare e Kish\u00ebs Orthodhokse Autoqefale e Shqip\u00ebris\u00eb me lajmet edhe informacionet zyrtare p\u00ebr struktur\u00ebn edhe veprimtarin e saj.\",\"publisher\":{\"@id\":\"https:\/\/orthodoxalbania.org\/2020\/#organization\"},\"potentialAction\":[{\"@type\":\"SearchAction\",\"target\":{\"@type\":\"EntryPoint\",\"urlTemplate\":\"https:\/\/orthodoxalbania.org\/2020\/?s={search_term_string}\"},\"query-input\":{\"@type\":\"PropertyValueSpecification\",\"valueRequired\":true,\"valueName\":\"search_term_string\"}}],\"inLanguage\":\"en-US\"},{\"@type\":\"Organization\",\"@id\":\"https:\/\/orthodoxalbania.org\/2020\/#organization\",\"name\":\"Kisha Orthodhokse Autoqefale e Shqip\u00ebris\u00eb\",\"url\":\"https:\/\/orthodoxalbania.org\/2020\/\",\"logo\":{\"@type\":\"ImageObject\",\"inLanguage\":\"en-US\",\"@id\":\"https:\/\/orthodoxalbania.org\/2020\/#\/schema\/logo\/image\/\",\"url\":\"https:\/\/orthodoxalbania.org\/2020\/wp-content\/uploads\/2020\/05\/albania.jpeg\",\"contentUrl\":\"https:\/\/orthodoxalbania.org\/2020\/wp-content\/uploads\/2020\/05\/albania.jpeg\",\"width\":540,\"height\":540,\"caption\":\"Kisha Orthodhokse Autoqefale e Shqip\u00ebris\u00eb\"},\"image\":{\"@id\":\"https:\/\/orthodoxalbania.org\/2020\/#\/schema\/logo\/image\/\"},\"sameAs\":[\"https:\/\/www.facebook.com\/koash1991\"]},{\"@type\":\"Person\",\"@id\":\"https:\/\/orthodoxalbania.org\/2020\/#\/schema\/person\/dd2bdc135b53c60d45b8bb329565cf6d\",\"name\":\"neo_admin\",\"image\":{\"@type\":\"ImageObject\",\"inLanguage\":\"en-US\",\"@id\":\"https:\/\/secure.gravatar.com\/avatar\/53e6cdc30765aade0129f85e5aeb50124b1d3f5bb9a70373be31e4eb328371e0?s=96&d=mm&r=g\",\"url\":\"https:\/\/secure.gravatar.com\/avatar\/53e6cdc30765aade0129f85e5aeb50124b1d3f5bb9a70373be31e4eb328371e0?s=96&d=mm&r=g\",\"contentUrl\":\"https:\/\/secure.gravatar.com\/avatar\/53e6cdc30765aade0129f85e5aeb50124b1d3f5bb9a70373be31e4eb328371e0?s=96&d=mm&r=g\",\"caption\":\"neo_admin\"}}]}<\/script>\n<!-- \/ Yoast SEO plugin. -->","yoast_head_json":{"title":"Fjalimi i Kryepiskopit ANASTAS dhe i Patrikut Ekumenik VARTHOLEMEUT gjat\u00eb shenjt\u00ebrimit e Kish\u00ebs t\u00eb re Katedrale \u201cNgjallja e Krishtit\u201d. (1 Qershor 2014) - Kisha Orthodh\u03bfkse Autoqefale e Shqip\u00ebris\u00eb","robots":{"index":"index","follow":"follow","max-snippet":"max-snippet:-1","max-image-preview":"max-image-preview:large","max-video-preview":"max-video-preview:-1"},"canonical":"https:\/\/orthodoxalbania.org\/2020\/2014\/06\/04\/fialimi-i-kryepiskopit-dhe-i-patrikut-ekumenik-ne-shenjterimin-e-kishes-se-re-katedrale-ngjallja-e-krishtit\/","og_locale":"en_US","og_type":"article","og_title":"Fjalimi i Kryepiskopit ANASTAS dhe i Patrikut Ekumenik VARTHOLEMEUT gjat\u00eb shenjt\u00ebrimit e Kish\u00ebs t\u00eb re Katedrale \u201cNgjallja e Krishtit\u201d. (1 Qershor 2014) - Kisha Orthodh\u03bfkse Autoqefale e Shqip\u00ebris\u00eb","og_description":"Fjalimi i Fortlumturis\u00eb s\u00eb Tij, Kryepiskopit t\u00eb Tiran\u00ebs, Durr\u00ebsit dhe t\u00eb Gjith\u00eb Shqip\u00ebris\u00eb, \u2020 ANASTASIT N\u00cb CEREMONIN\u00cb E SHENJT\u00cbRIMIT T\u00cb KISH\u00cbS S\u00cb SHENJT\u00cb T\u00cb TIRAN\u00cbS \u201cNGJALLJA E KRISHTIT\u201d 1 qershor 2014 &nbsp; &nbsp;&nbsp;&nbsp; \u201cKjo \u00ebsht\u00eb dita q\u00eb b\u00ebri Zoti, le t\u00eb ngaz\u00ebllohemi dhe le t\u00eb d\u00ebfrehemi n\u00eb t\u00eb\u201d (Ps.117:43) &nbsp;&nbsp;&nbsp; T\u00ebr\u00ebshenjt\u00ebri, Patriark Ekumenik i Konstandinopoj\u00ebs, zoti Vartholome; Shk\u00eblqesia Juaj, President i Republik\u00ebs; &nbsp;Fortlumturit\u00eb Tuaj, Primat\u00eb","og_url":"https:\/\/orthodoxalbania.org\/2020\/2014\/06\/04\/fialimi-i-kryepiskopit-dhe-i-patrikut-ekumenik-ne-shenjterimin-e-kishes-se-re-katedrale-ngjallja-e-krishtit\/","og_site_name":"Kisha Orthodh\u03bfkse Autoqefale e Shqip\u00ebris\u00eb","article_publisher":"https:\/\/www.facebook.com\/koash1991","article_published_time":"2014-06-04T12:20:35+00:00","article_modified_time":"2020-04-06T20:02:28+00:00","og_image":[{"width":958,"height":639,"url":"https:\/\/orthodoxalbania.org\/2020\/wp-content\/uploads\/2020\/04\/1926767_710042835726512_1302247717400220726_n.jpg","type":"image\/jpeg"}],"author":"neo_admin","twitter_card":"summary_large_image","twitter_misc":{"Written by":"neo_admin","Est. reading time":"22 minutes"},"schema":{"@context":"https:\/\/schema.org","@graph":[{"@type":"Article","@id":"https:\/\/orthodoxalbania.org\/2020\/2014\/06\/04\/fialimi-i-kryepiskopit-dhe-i-patrikut-ekumenik-ne-shenjterimin-e-kishes-se-re-katedrale-ngjallja-e-krishtit\/#article","isPartOf":{"@id":"https:\/\/orthodoxalbania.org\/2020\/2014\/06\/04\/fialimi-i-kryepiskopit-dhe-i-patrikut-ekumenik-ne-shenjterimin-e-kishes-se-re-katedrale-ngjallja-e-krishtit\/"},"author":{"name":"neo_admin","@id":"https:\/\/orthodoxalbania.org\/2020\/#\/schema\/person\/dd2bdc135b53c60d45b8bb329565cf6d"},"headline":"Fjalimi i Kryepiskopit ANASTAS dhe i Patrikut Ekumenik VARTHOLEMEUT gjat\u00eb shenjt\u00ebrimit e Kish\u00ebs t\u00eb re Katedrale \u201cNgjallja e Krishtit\u201d. (1 Qershor 2014)","datePublished":"2014-06-04T12:20:35+00:00","dateModified":"2020-04-06T20:02:28+00:00","mainEntityOfPage":{"@id":"https:\/\/orthodoxalbania.org\/2020\/2014\/06\/04\/fialimi-i-kryepiskopit-dhe-i-patrikut-ekumenik-ne-shenjterimin-e-kishes-se-re-katedrale-ngjallja-e-krishtit\/"},"wordCount":4513,"commentCount":0,"publisher":{"@id":"https:\/\/orthodoxalbania.org\/2020\/#organization"},"image":{"@id":"https:\/\/orthodoxalbania.org\/2020\/2014\/06\/04\/fialimi-i-kryepiskopit-dhe-i-patrikut-ekumenik-ne-shenjterimin-e-kishes-se-re-katedrale-ngjallja-e-krishtit\/#primaryimage"},"thumbnailUrl":"https:\/\/orthodoxalbania.org\/2020\/wp-content\/uploads\/2020\/04\/1926767_710042835726512_1302247717400220726_n.jpg","keywords":["2014","Katedralja \u201cNgjallja e Krishtit\u201d Tiran\u00eb","Kryepiskopata Tiran\u00eb","lajme","Shenjt\u00ebrimi i Katedrales \u201cNgjallja e Krishtit\u201d"],"articleSection":["Lajme"],"inLanguage":"en-US"},{"@type":"WebPage","@id":"https:\/\/orthodoxalbania.org\/2020\/2014\/06\/04\/fialimi-i-kryepiskopit-dhe-i-patrikut-ekumenik-ne-shenjterimin-e-kishes-se-re-katedrale-ngjallja-e-krishtit\/","url":"https:\/\/orthodoxalbania.org\/2020\/2014\/06\/04\/fialimi-i-kryepiskopit-dhe-i-patrikut-ekumenik-ne-shenjterimin-e-kishes-se-re-katedrale-ngjallja-e-krishtit\/","name":"Fjalimi i Kryepiskopit ANASTAS dhe i Patrikut Ekumenik VARTHOLEMEUT gjat\u00eb shenjt\u00ebrimit e Kish\u00ebs t\u00eb re Katedrale \u201cNgjallja e Krishtit\u201d. (1 Qershor 2014) - Kisha Orthodh\u03bfkse Autoqefale e Shqip\u00ebris\u00eb","isPartOf":{"@id":"https:\/\/orthodoxalbania.org\/2020\/#website"},"primaryImageOfPage":{"@id":"https:\/\/orthodoxalbania.org\/2020\/2014\/06\/04\/fialimi-i-kryepiskopit-dhe-i-patrikut-ekumenik-ne-shenjterimin-e-kishes-se-re-katedrale-ngjallja-e-krishtit\/#primaryimage"},"image":{"@id":"https:\/\/orthodoxalbania.org\/2020\/2014\/06\/04\/fialimi-i-kryepiskopit-dhe-i-patrikut-ekumenik-ne-shenjterimin-e-kishes-se-re-katedrale-ngjallja-e-krishtit\/#primaryimage"},"thumbnailUrl":"https:\/\/orthodoxalbania.org\/2020\/wp-content\/uploads\/2020\/04\/1926767_710042835726512_1302247717400220726_n.jpg","datePublished":"2014-06-04T12:20:35+00:00","dateModified":"2020-04-06T20:02:28+00:00","breadcrumb":{"@id":"https:\/\/orthodoxalbania.org\/2020\/2014\/06\/04\/fialimi-i-kryepiskopit-dhe-i-patrikut-ekumenik-ne-shenjterimin-e-kishes-se-re-katedrale-ngjallja-e-krishtit\/#breadcrumb"},"inLanguage":"en-US","potentialAction":[{"@type":"ReadAction","target":["https:\/\/orthodoxalbania.org\/2020\/2014\/06\/04\/fialimi-i-kryepiskopit-dhe-i-patrikut-ekumenik-ne-shenjterimin-e-kishes-se-re-katedrale-ngjallja-e-krishtit\/"]}]},{"@type":"ImageObject","inLanguage":"en-US","@id":"https:\/\/orthodoxalbania.org\/2020\/2014\/06\/04\/fialimi-i-kryepiskopit-dhe-i-patrikut-ekumenik-ne-shenjterimin-e-kishes-se-re-katedrale-ngjallja-e-krishtit\/#primaryimage","url":"https:\/\/orthodoxalbania.org\/2020\/wp-content\/uploads\/2020\/04\/1926767_710042835726512_1302247717400220726_n.jpg","contentUrl":"https:\/\/orthodoxalbania.org\/2020\/wp-content\/uploads\/2020\/04\/1926767_710042835726512_1302247717400220726_n.jpg","width":958,"height":639},{"@type":"BreadcrumbList","@id":"https:\/\/orthodoxalbania.org\/2020\/2014\/06\/04\/fialimi-i-kryepiskopit-dhe-i-patrikut-ekumenik-ne-shenjterimin-e-kishes-se-re-katedrale-ngjallja-e-krishtit\/#breadcrumb","itemListElement":[{"@type":"ListItem","position":1,"name":"Home","item":"https:\/\/orthodoxalbania.org\/2020\/"},{"@type":"ListItem","position":2,"name":"Fjalimi i Kryepiskopit ANASTAS dhe i Patrikut Ekumenik VARTHOLEMEUT gjat\u00eb shenjt\u00ebrimit e Kish\u00ebs t\u00eb re Katedrale \u201cNgjallja e Krishtit\u201d. (1 Qershor 2014)"}]},{"@type":"WebSite","@id":"https:\/\/orthodoxalbania.org\/2020\/#website","url":"https:\/\/orthodoxalbania.org\/2020\/","name":"Kisha Orthodh\u03bfkse Autoqefale e Shqip\u00ebris\u00eb","description":"Fqja Zyrtare e Kish\u00ebs Orthodhokse Autoqefale e Shqip\u00ebris\u00eb me lajmet edhe informacionet zyrtare p\u00ebr struktur\u00ebn edhe veprimtarin e saj.","publisher":{"@id":"https:\/\/orthodoxalbania.org\/2020\/#organization"},"potentialAction":[{"@type":"SearchAction","target":{"@type":"EntryPoint","urlTemplate":"https:\/\/orthodoxalbania.org\/2020\/?s={search_term_string}"},"query-input":{"@type":"PropertyValueSpecification","valueRequired":true,"valueName":"search_term_string"}}],"inLanguage":"en-US"},{"@type":"Organization","@id":"https:\/\/orthodoxalbania.org\/2020\/#organization","name":"Kisha Orthodhokse Autoqefale e Shqip\u00ebris\u00eb","url":"https:\/\/orthodoxalbania.org\/2020\/","logo":{"@type":"ImageObject","inLanguage":"en-US","@id":"https:\/\/orthodoxalbania.org\/2020\/#\/schema\/logo\/image\/","url":"https:\/\/orthodoxalbania.org\/2020\/wp-content\/uploads\/2020\/05\/albania.jpeg","contentUrl":"https:\/\/orthodoxalbania.org\/2020\/wp-content\/uploads\/2020\/05\/albania.jpeg","width":540,"height":540,"caption":"Kisha Orthodhokse Autoqefale e Shqip\u00ebris\u00eb"},"image":{"@id":"https:\/\/orthodoxalbania.org\/2020\/#\/schema\/logo\/image\/"},"sameAs":["https:\/\/www.facebook.com\/koash1991"]},{"@type":"Person","@id":"https:\/\/orthodoxalbania.org\/2020\/#\/schema\/person\/dd2bdc135b53c60d45b8bb329565cf6d","name":"neo_admin","image":{"@type":"ImageObject","inLanguage":"en-US","@id":"https:\/\/secure.gravatar.com\/avatar\/53e6cdc30765aade0129f85e5aeb50124b1d3f5bb9a70373be31e4eb328371e0?s=96&d=mm&r=g","url":"https:\/\/secure.gravatar.com\/avatar\/53e6cdc30765aade0129f85e5aeb50124b1d3f5bb9a70373be31e4eb328371e0?s=96&d=mm&r=g","contentUrl":"https:\/\/secure.gravatar.com\/avatar\/53e6cdc30765aade0129f85e5aeb50124b1d3f5bb9a70373be31e4eb328371e0?s=96&d=mm&r=g","caption":"neo_admin"}}]}},"_links":{"self":[{"href":"https:\/\/orthodoxalbania.org\/2020\/wp-json\/wp\/v2\/posts\/576","targetHints":{"allow":["GET"]}}],"collection":[{"href":"https:\/\/orthodoxalbania.org\/2020\/wp-json\/wp\/v2\/posts"}],"about":[{"href":"https:\/\/orthodoxalbania.org\/2020\/wp-json\/wp\/v2\/types\/post"}],"author":[{"embeddable":true,"href":"https:\/\/orthodoxalbania.org\/2020\/wp-json\/wp\/v2\/users\/14"}],"replies":[{"embeddable":true,"href":"https:\/\/orthodoxalbania.org\/2020\/wp-json\/wp\/v2\/comments?post=576"}],"version-history":[{"count":1,"href":"https:\/\/orthodoxalbania.org\/2020\/wp-json\/wp\/v2\/posts\/576\/revisions"}],"predecessor-version":[{"id":15087,"href":"https:\/\/orthodoxalbania.org\/2020\/wp-json\/wp\/v2\/posts\/576\/revisions\/15087"}],"wp:featuredmedia":[{"embeddable":true,"href":"https:\/\/orthodoxalbania.org\/2020\/wp-json\/wp\/v2\/media\/577"}],"wp:attachment":[{"href":"https:\/\/orthodoxalbania.org\/2020\/wp-json\/wp\/v2\/media?parent=576"}],"wp:term":[{"taxonomy":"category","embeddable":true,"href":"https:\/\/orthodoxalbania.org\/2020\/wp-json\/wp\/v2\/categories?post=576"},{"taxonomy":"post_tag","embeddable":true,"href":"https:\/\/orthodoxalbania.org\/2020\/wp-json\/wp\/v2\/tags?post=576"}],"curies":[{"name":"wp","href":"https:\/\/api.w.org\/{rel}","templated":true}]}}