{"id":575,"date":"2008-02-26T00:00:00","date_gmt":"2008-02-26T00:00:00","guid":{"rendered":""},"modified":"2020-04-06T22:35:18","modified_gmt":"2020-04-06T20:35:18","slug":"fjala-pershendetese-e-kryepiskopit-te-tiranes-dhe-gjithe-shqiperise-anastasit-ne-kishen-katedrale-te-shen-joan-theologut-ne-lefkosia-nikosia-te-qipros-2-tetor-2008-2008","status":"publish","type":"post","link":"https:\/\/orthodoxalbania.org\/2020\/2008\/02\/26\/fjala-pershendetese-e-kryepiskopit-te-tiranes-dhe-gjithe-shqiperise-anastasit-ne-kishen-katedrale-te-shen-joan-theologut-ne-lefkosia-nikosia-te-qipros-2-tetor-2008-2008\/","title":{"rendered":"Fjala p\u00ebrsh\u00ebndet\u00ebse e Kryepiskopit t\u00eb Tiran\u00ebs dhe gjith\u00eb Shqip\u00ebris\u00eb, Anastasit, n\u00eb Kish\u00ebn Katedrale t\u00eb Sh\u00ebn Joan Theologut n\u00eb Lefkosia (Nikosia) t\u00eb Qipros, 2 Tetor 2008."},"content":{"rendered":"<table border=\"0\">\n<tbody>\n<tr>\n<td><span style=\"font-family: tahoma,geneva,sans-serif;\"><span style=\"font-size: 12px;\"><span style=\"color: #000000;\"><img decoding=\"async\" class=\"lazyload HAa Eha\" style=\"border-width: 1px; border-style: solid; margin: 10px auto; display: block;\" alt=\"\" src=\"data:image\/gif;base64,R0lGODlhAQABAAAAACH5BAEKAAEALAAAAAABAAEAAAICTAEAOw==\" data-orig-src=\"https:\/\/lh4.googleusercontent.com\/-_2uMNWoZNrI\/VJFrwX1e18I\/AAAAAAAAIHU\/Q-mUCb-wH7g\/w448-h334-no\/1.jpg\" \/><\/span><\/span><\/span><\/td>\n<td><\/p>\n<p class=\"style2\" style=\"text-align: justify;\"><span style=\"color: #b22222;\"><span style=\"font-family: tahoma,geneva,sans-serif;\"><span style=\"font-size: 12px;\"><strong><em>&nbsp;&nbsp;&nbsp; Fortlumturi, V\u00eblla shum\u00eb i dashur dhe i shtrenjt\u00eb n\u00eb Krishtin, Kryepiskop i Justinianis\u00eb s\u00eb re dhe gjith\u00eb Qipros, z. Krisostom,<\/em><\/strong><\/span><\/span><\/span><\/p>\n<div style=\"text-align: justify;\"><span style=\"color: #ff0000;\"><span style=\"font-family: tahoma,geneva,sans-serif;\"><span style=\"font-size: 12px;\"><em>\u201cI bekuar \u00ebsht\u00eb Per\u00ebndia dhe ati i Zotit ton\u00eb Jisu Krisht, ati i dhembshurive dhe Per\u00ebndia i \u00e7do ngush\u00ebllimi\u201d. (2Kor 1-3).<\/em><\/span><\/span><\/span><\/div>\n<p style=\"text-align: justify;\"><span style=\"font-family: tahoma,geneva,sans-serif;\"><span style=\"font-size: 12px;\"><span style=\"color: #000000;\"><span class=\"style2\">&nbsp;&nbsp;&nbsp; <\/span>Me ngaz\u00ebllim shpirt\u00ebror dhe nj\u00eb mall\u00ebngjim t\u00eb thell\u00eb, gjendemi sot n\u00eb Qipron heroike, ku p\u00ebr dy mij\u00eb vjet Kisha jeton misterin e Ekonomis\u00eb Hyjnore n\u00eb Krishtin n\u00ebp\u00ebrmjet Shpirtit t\u00eb Shenjt\u00eb.<br \/> <span class=\"style2\"> &nbsp;&nbsp;&nbsp;<\/span><\/span><\/span><\/span><\/p>\n<p class=\"style2\">&nbsp;<\/p>\n<\/td>\n<\/tr>\n<tr>\n<td>\n<div style=\"text-align: justify;\"><span style=\"font-family: tahoma,geneva,sans-serif;\"><span style=\"font-size: 12px;\"><span style=\"color: #000000;\">&nbsp;&nbsp;&nbsp; Duke adhuruar Per\u00ebndin\u00eb n\u00eb k\u00ebt\u00eb kish\u00eb t\u00eb shenjt\u00eb historike, vetvetiu mendimi yn\u00eb shkon n\u00eb rreshtat e shenjtor\u00ebve t\u00eb k\u00ebtij megaishulli t\u00eb bekuar. Me g\u00ebzim t\u00eb madh dhe me shum\u00eb shpresa gjendemi sot n\u00eb mes tuaj, p\u00ebr t\u2019u ngush\u00eblluar n\u00eb m\u00ebnyr\u00eb t\u00eb nd\u00ebrsjell\u00eb dhe p\u00ebr t\u00eb marr\u00eb frym\u00ebzim dhe fuqi nga p\u00ebrvoja juaj ajiopnevmatike shum\u00ebshekullore, por edhe nga p\u00ebrvoja juaj e fundit shpirt\u00ebrore.<br \/> <\/span><\/span><\/span><\/div>\n<div style=\"text-align: justify;\">&nbsp;<\/div>\n<div style=\"text-align: justify;\"><span style=\"font-family: tahoma,geneva,sans-serif;\"><span style=\"font-size: 12px;\"><span style=\"color: #000000;\">&nbsp;&nbsp;&nbsp; Le t\u00eb m\u00eb lejohet personalisht t\u00eb shtoj se p\u00ebr gjysm\u00eb shekulli mendja dhe zemra ime ka qen\u00eb pran\u00eb jush, duke ndjekur me shum\u00eb dashuri p\u00ebrpjekjet, sprovat, sukseset tuaja&#8230;<br \/> <\/span><\/span><\/span><\/div>\n<div style=\"text-align: justify;\">&nbsp;<\/div>\n<div style=\"text-align: justify;\"><span style=\"font-family: tahoma,geneva,sans-serif;\"><span style=\"font-size: 12px;\"><span style=\"color: #000000;\">&nbsp;&nbsp;&nbsp; Si\u00e7 \u00ebsht\u00eb e njohur, q\u00eb nga viti 1991, pas nism\u00ebs s\u00eb marr\u00eb nga Patriarkana Ekumenike, mora p\u00ebrsip\u00ebr p\u00ebrgjegj\u00ebsin\u00eb e ringritjes s\u00eb Kish\u00ebs s\u00eb Shqip\u00ebris\u00eb, e cila p\u00ebr 23 vite (1967-1990), kishte p\u00ebsuar nj\u00eb persekutim t\u00eb pand\u00ebrprer\u00eb dhe nga shum\u00eb vet\u00eb konsiderohej si e vdekur. Me fuqin\u00eb dhe hirin e Per\u00ebndis\u00eb, 17 vitet e fundit u ringrit dhe jeton mrekullin\u00eb dhe ngaz\u00ebllimin e Ngjalljes.<\/span><\/span><\/span><\/div>\n<\/td>\n<td>\n<div><span style=\"font-family: tahoma,geneva,sans-serif;\"><span style=\"font-size: 12px;\"><span style=\"color: #000000;\"><img decoding=\"async\" class=\"lazyload HAa Eha\" style=\"border-width: 1px; border-style: solid; margin: 10px auto; display: block;\" alt=\"\" src=\"data:image\/gif;base64,R0lGODlhAQABAAAAACH5BAEKAAEALAAAAAABAAEAAAICTAEAOw==\" data-orig-src=\"https:\/\/lh6.googleusercontent.com\/-_E6Q77EfNPA\/VJFrwXngpDI\/AAAAAAAAIHc\/Bssiyq8oWzc\/w307-h448-no\/2.jpg\" \/><\/span><\/span><\/span><\/div>\n<\/td>\n<\/tr>\n<tr>\n<td><span style=\"font-family: tahoma,geneva,sans-serif;\"><span style=\"font-size: 12px;\"><span style=\"color: #000000;\"><img decoding=\"async\" class=\"lazyload HAa Eha\" style=\"border-width: 1px; border-style: solid; margin: 10px auto; display: block;\" alt=\"\" src=\"data:image\/gif;base64,R0lGODlhAQABAAAAACH5BAEKAAEALAAAAAABAAEAAAICTAEAOw==\" data-orig-src=\"https:\/\/lh5.googleusercontent.com\/-n-lPzXNxogM\/VJFrwd0PI3I\/AAAAAAAAIHg\/64pDZ5-6Lb4\/w448-h279-no\/3.jpg\" \/><\/span><\/span><\/span><\/td>\n<td>\n<div style=\"text-align: justify;\"><span style=\"font-family: tahoma,geneva,sans-serif;\"><span style=\"font-size: 12px;\"><span style=\"color: #000000;\">&nbsp;&nbsp;&nbsp; N\u00eb agimin e shekullit t\u00eb 21-t\u00eb g\u00ebzon nj\u00eb lul\u00ebzim q\u00eb nuk \u00ebsht\u00eb par\u00eb p\u00ebrpara n\u00eb t\u00eb gjitha shprehjet e jet\u00ebs s\u00eb saj, megjith\u00eb sprovat e m\u00ebdha dhe t\u00eb shum\u00ebllojta&#8230;<br \/> <\/span><\/span><\/span><\/div>\n<div style=\"text-align: justify;\">&nbsp;<\/div>\n<div style=\"text-align: justify;\"><span style=\"font-family: tahoma,geneva,sans-serif;\"><span style=\"font-size: 12px;\"><span style=\"color: #000000;\">&nbsp;&nbsp;&nbsp; E dim\u00eb se lutja dhe dashuria e shprehur n\u00eb vepra e v\u00ebllez\u00ebrve tan\u00eb t\u00eb dashur nga Qipro, na shoq\u00ebron si n\u00eb hidh\u00ebrime ashtu edhe n\u00eb g\u00ebzime. Sot, nd\u00ebrkoh\u00eb q\u00eb kemi bekimin e ve\u00e7ant\u00eb nga Per\u00ebndia, q\u00eb nj\u00eb p\u00ebrfaq\u00ebsi e Kish\u00ebs Orthodhokse Autoqefale t\u00eb Shqip\u00ebris\u00eb t\u00eb vizitoj\u00eb p\u00ebr her\u00eb t\u00eb par\u00eb Kish\u00ebn e Shenjt\u00eb t\u00eb Qipros, duam t\u00eb fal\u00ebnderojm\u00eb Per\u00ebndin\u00eb, si edhe Fortlumturin\u00eb Tuaj, bashk\u00eb me klerin dhe popullin besimtar t\u00eb Kish\u00ebs s\u00eb shtrenjt\u00eb t\u00eb Qipros, p\u00ebr ndjenjat Tuaja v\u00ebllaz\u00ebrore.<\/span><\/span><\/span><\/div>\n<\/td>\n<\/tr>\n<\/tbody>\n<\/table>\n<table border=\"0\">\n<tbody>\n<tr>\n<td>\n<div style=\"text-align: justify;\"><span style=\"font-family: tahoma,geneva,sans-serif;\"><span style=\"font-size: 12px;\"><span style=\"color: #000000;\">&nbsp;&nbsp;&nbsp;&nbsp;Kisha e Shqip\u00ebris\u00eb ka edhe nj\u00eb bekim tjet\u00ebr nga Qipro, q\u00eb \u00ebsht\u00eb i panjohur p\u00ebr shum\u00eb vet\u00eb: pranin\u00eb e nj\u00eb ikonografi t\u00eb talentuar, t\u00eb Onuf\u00ebr Qipriotit, q\u00eb punoi n\u00eb vendet e Shqip\u00ebris\u00eb s\u00eb sotme nga fundi i shekullit t\u00eb 16-t\u00eb deri n\u00eb dhjet\u00ebvje\u00e7ar\u00ebt e par\u00eb t\u00eb shekullit t\u00eb 17-t\u00eb. N\u00eb err\u00ebsir\u00ebn e skllav\u00ebris\u00eb otomane, Onuf\u00ebr Qiprioti dha drit\u00eb dhe ngush\u00ebllim nd\u00ebr t\u00eb krishter\u00ebt, duke predikuar Krishtin, jo me fjal\u00eb, por me bukurin\u00eb e artit q\u00eb p\u00ebr kat\u00ebr shekuj me radh\u00eb paq\u00ebson dhe frym\u00ebzon shpirtrat.<br \/> <\/span><\/span><\/span><\/div>\n<div style=\"text-align: justify;\">&nbsp;<\/div>\n<div style=\"text-align: justify;\"><span style=\"font-family: tahoma,geneva,sans-serif;\"><span style=\"font-size: 12px;\"><span style=\"color: #000000;\">&nbsp;&nbsp;&nbsp; Duke u lutur n\u00eb k\u00ebt\u00eb kish\u00eb t\u00eb shenjt\u00eb q\u00eb i p\u00ebrkushtohet Apostull dhe Ungjillorit Joan Theologut, n\u00eb kujtes\u00ebn ton\u00eb jehojn\u00eb fjal\u00ebt e tij: \u201cPer\u00ebndia \u00ebsht\u00eb dashuri, dhe ai q\u00eb rri n\u00eb dashuri n\u00eb Per\u00ebndi rri dhe Per\u00ebndia tek ai\u201d (1Joan 4:16), q\u00eb p\u00ebrcaktojn\u00eb besimin, por edhe identitetin ton\u00eb. Dhe p\u00ebr m\u00eb tep\u00ebr edhe sigurimi q\u00eb na fuqizon me guxim dhe guxim t\u00eb pashtersh\u00ebm: \u201cFrik\u00eb nuk ka n\u00eb dashuri, por dashuria e p\u00ebrsosur e nxjerr jasht\u00eb frik\u00ebn\u201d. (v. 18).<br \/> <\/span><\/span><\/span><\/div>\n<div style=\"text-align: justify;\">&nbsp;<\/div>\n<div style=\"text-align: justify;\"><span style=\"font-family: tahoma,geneva,sans-serif;\"><span style=\"font-size: 12px;\"><span style=\"color: #000000;\">&nbsp;&nbsp;&nbsp; Dashuria e sinqert\u00eb \u00ebsht\u00eb gj\u00ebja m\u00eb esenciale q\u00eb nj\u00eb njeri mund t\u00eb ofroj\u00eb dhe t\u00eb marr\u00eb e madje n\u00eb or\u00eb kritike.<br \/> <\/span><\/span><\/span><\/div>\n<div style=\"text-align: justify;\">&nbsp;<\/div>\n<div style=\"text-align: justify;\"><span style=\"font-family: tahoma,geneva,sans-serif;\"><span style=\"font-size: 12px;\"><span style=\"color: #000000;\">&nbsp;&nbsp;&nbsp; Me mburrje n\u00eb Zotin, ndjekim heroizmin, durimin, krijimtarin\u00eb e popullit fisnik t\u00eb Qipros dhe me g\u00ebzim t\u00eb sinqert\u00eb, gjall\u00ebrin\u00eb shpirt\u00ebrore t\u00eb Kish\u00ebs, e cila nuk reshti p\u00ebr asnj\u00eb \u00e7ast s\u00eb mb\u00ebshteturi dhe frym\u00ebzuari at\u00eb, q\u00eb t\u00eb q\u00ebndroj\u00eb n\u00eb k\u00ebmb\u00eb dhe i pap\u00ebrkulur, madje edhe n\u00eb \u00e7astet m\u00eb tragjike.<br \/> <\/span><\/span><\/span><\/div>\n<div style=\"text-align: justify;\">&nbsp;<\/div>\n<div style=\"text-align: justify;\"><span style=\"font-family: tahoma,geneva,sans-serif;\"><span style=\"font-size: 12px;\"><span style=\"color: #000000;\">&nbsp;&nbsp;&nbsp; \u201cI bekuar qoft\u00eb Per\u00ebndia dhe Ati i Zotit ton\u00eb Jisu Krisht, Ati i dhembshurive dhe Per\u00ebndia i \u00e7do ngush\u00ebllimi, q\u00eb na ngush\u00ebllon ne n\u00eb \u00e7do hidh\u00ebrim tonin, q\u00eb ne t\u00eb mund t\u00eb ngush\u00ebllojm\u00eb ata q\u00eb gjenden n\u00eb \u00e7do hidh\u00ebrim, me an\u00eb t\u00eb ngush\u00ebllimit me t\u00eb cilin ngush\u00ebllohemi edhe ne vet\u00eb nga Per\u00ebndia\u201d. (2Kor 1:3-4)<br \/> <\/span><\/span><\/span><\/div>\n<div style=\"text-align: justify;\">&nbsp;<\/div>\n<div style=\"text-align: justify;\"><span style=\"font-family: tahoma,geneva,sans-serif;\"><span style=\"font-size: 12px;\"><span style=\"color: #000000;\">&nbsp;&nbsp;&nbsp; G\u00ebzohemi me t\u00eb v\u00ebrtet\u00eb, Fortlumturi dhe v\u00eblla i shenjt\u00eb p\u00ebr vepr\u00ebn tuaj baritore ngush\u00eblluese k\u00ebtu, si edhe p\u00ebr nismat tuaja n\u00eb l\u00ebmin nd\u00ebrkomb\u00ebtar. Jemi t\u00eb sigurt se populli shpres\u00ebtar qipriot, me talentet e shumta q\u00eb e ka pajisur Per\u00ebndia, duke q\u00ebndruar besnik n\u00eb dashurin\u00eb e Krishtit, ka p\u00ebr t\u00eb vazhduar rrug\u00ebtimin e tij krijues n\u00eb t\u00eb gjitha fushat dhe ka p\u00ebr t\u00eb kontribuar me vendosm\u00ebri n\u00eb rrezatimin e Orthodhoksis\u00eb n\u00eb bot\u00ebn e sotme.<br \/> <\/span><\/span><\/span><\/div>\n<div style=\"text-align: justify;\">&nbsp;<\/div>\n<div style=\"text-align: justify;\"><span style=\"font-family: tahoma,geneva,sans-serif;\"><span style=\"font-size: 12px;\"><span style=\"color: #000000;\">&nbsp;&nbsp;&nbsp; Ju lutemi q\u00eb t\u00eb pranoni fal\u00ebnderimet e zjarrta t\u00eb t\u00eb gjith\u00eb an\u00ebtar\u00ebve t\u00eb p\u00ebrfaq\u00ebsis\u00eb s\u00eb Kish\u00ebs s\u00eb Shqip\u00ebris\u00eb p\u00ebr pritjen e p\u00ebrzem\u00ebrt, q\u00eb na b\u00ebt\u00eb. Nga thell\u00ebsia e zemr\u00ebs urojm\u00eb, q\u00eb Per\u00ebndia n\u00eb Trini t\u00eb bekoj\u00eb duarhap\u00ebt mundimet tuaja dhe tu fal\u00eb sh\u00ebndet t\u00eb hekurt dhe urt\u00ebsi tejpam\u00ebse, q\u00eb t\u00eb vazhdoni t\u00eb udh\u00ebhiqni Kish\u00ebn e Qipros n\u00eb nj\u00eb rrug\u00ebtim gjithnj\u00eb n\u00eb ngjitje. T\u00eb plot\u00ebsoj\u00eb sa m\u00eb shpejt d\u00ebshirat dhe p\u00ebrpjekjet tuaja p\u00ebr nj\u00eb zgjidhje t\u00eb drejt\u00eb t\u00eb probleme t\u00eb zgjatura n\u00eb koh\u00eb t\u00eb megaishullit t\u00eb Qipros.<br \/> <\/span><\/span><\/span><\/div>\n<div style=\"text-align: justify;\">&nbsp;<\/div>\n<div style=\"text-align: justify;\"><span style=\"font-family: tahoma,geneva,sans-serif;\"><span style=\"font-size: 12px;\"><span style=\"color: #000000;\">&nbsp;&nbsp;&nbsp; Shpresojm\u00eb se kjo vizit\u00eb do t\u00eb stabilizoj\u00eb gjithmon\u00eb e m\u00eb shum\u00eb lidhjen v\u00ebllaz\u00ebrore midis Kishave lokale t\u00eb Qipros dhe t\u00eb Shqip\u00ebris\u00eb, do t\u00eb na pasuroj\u00eb me p\u00ebrvoja t\u00eb reja, mendime dhe vendime p\u00ebr vazhdimin e sh\u00ebrbes\u00ebs son\u00eb, aty ku Zoti e ka caktuar secilin, p\u00ebr nj\u00eb d\u00ebshmi t\u00eb p\u00ebrbashk\u00ebt t\u00eb Krishtit t\u00eb kryq\u00ebzuar dhe t\u00eb ngjallur n\u00eb bot\u00ebn e paqet\u00eb, me shum\u00eb forca dhe q\u00eb varet n\u00eb m\u00ebnyr\u00eb t\u00eb nd\u00ebrsjell\u00eb.<\/span><\/span><\/span><\/div>\n<\/td>\n<\/tr>\n<\/tbody>\n<\/table>\n","protected":false},"excerpt":{"rendered":"<p>&nbsp;&nbsp;&nbsp; Fortlumturi, V\u00eblla shum\u00eb i dashur dhe i shtrenjt\u00eb n\u00eb Krishtin, Kryepiskop i Justinianis\u00eb s\u00eb re dhe gjith\u00eb Qipros, z. Krisostom, \u201cI bekuar \u00ebsht\u00eb Per\u00ebndia dhe ati i Zotit ton\u00eb Jisu Krisht, ati i dhembshurive dhe Per\u00ebndia i \u00e7do ngush\u00ebllimi\u201d. (2Kor 1-3). &nbsp;&nbsp;&nbsp; Me ngaz\u00ebllim shpirt\u00ebror dhe nj\u00eb mall\u00ebngjim t\u00eb thell\u00eb, gjendemi sot n\u00eb Qipron heroike, ku p\u00ebr dy mij\u00eb vjet Kisha jeton misterin e<\/p>\n","protected":false},"author":1,"featured_media":0,"comment_status":"open","ping_status":"open","sticky":false,"template":"","format":"standard","meta":{"_acf_changed":false,"pagelayer_contact_templates":[],"_pagelayer_content":"","inline_featured_image":false,"fifu_image_url":"","fifu_image_alt":"","footnotes":""},"categories":[108],"tags":[146,153,196,201,212],"class_list":["post-575","post","type-post","status-publish","format-standard","hentry","category-lajme","tag-146","tag-deklarata-njoftime-zyrtare-d75","tag-tirane","tag-kryepiskopi-anastas","tag-lajme-d27"],"acf":[],"yoast_head":"<!-- This site is optimized with the Yoast SEO plugin v27.2 - https:\/\/yoast.com\/product\/yoast-seo-wordpress\/ -->\n<title>Fjala p\u00ebrsh\u00ebndet\u00ebse e Kryepiskopit t\u00eb Tiran\u00ebs dhe gjith\u00eb Shqip\u00ebris\u00eb, Anastasit, n\u00eb Kish\u00ebn Katedrale t\u00eb Sh\u00ebn Joan Theologut n\u00eb Lefkosia (Nikosia) t\u00eb Qipros, 2 Tetor 2008. - Kisha Orthodh\u03bfkse Autoqefale e Shqip\u00ebris\u00eb<\/title>\n<meta name=\"robots\" content=\"index, follow, max-snippet:-1, max-image-preview:large, max-video-preview:-1\" \/>\n<link rel=\"canonical\" href=\"https:\/\/orthodoxalbania.org\/2020\/2008\/02\/26\/fjala-pershendetese-e-kryepiskopit-te-tiranes-dhe-gjithe-shqiperise-anastasit-ne-kishen-katedrale-te-shen-joan-theologut-ne-lefkosia-nikosia-te-qipros-2-tetor-2008-2008\/\" \/>\n<meta property=\"og:locale\" content=\"en_US\" \/>\n<meta property=\"og:type\" content=\"article\" \/>\n<meta property=\"og:title\" content=\"Fjala p\u00ebrsh\u00ebndet\u00ebse e Kryepiskopit t\u00eb Tiran\u00ebs dhe gjith\u00eb Shqip\u00ebris\u00eb, Anastasit, n\u00eb Kish\u00ebn Katedrale t\u00eb Sh\u00ebn Joan Theologut n\u00eb Lefkosia (Nikosia) t\u00eb Qipros, 2 Tetor 2008. - Kisha Orthodh\u03bfkse Autoqefale e Shqip\u00ebris\u00eb\" \/>\n<meta property=\"og:description\" content=\"&nbsp;&nbsp;&nbsp; Fortlumturi, V\u00eblla shum\u00eb i dashur dhe i shtrenjt\u00eb n\u00eb Krishtin, Kryepiskop i Justinianis\u00eb s\u00eb re dhe gjith\u00eb Qipros, z. Krisostom, \u201cI bekuar \u00ebsht\u00eb Per\u00ebndia dhe ati i Zotit ton\u00eb Jisu Krisht, ati i dhembshurive dhe Per\u00ebndia i \u00e7do ngush\u00ebllimi\u201d. (2Kor 1-3). &nbsp;&nbsp;&nbsp; Me ngaz\u00ebllim shpirt\u00ebror dhe nj\u00eb mall\u00ebngjim t\u00eb thell\u00eb, gjendemi sot n\u00eb Qipron heroike, ku p\u00ebr dy mij\u00eb vjet Kisha jeton misterin e\" \/>\n<meta property=\"og:url\" content=\"https:\/\/orthodoxalbania.org\/2020\/2008\/02\/26\/fjala-pershendetese-e-kryepiskopit-te-tiranes-dhe-gjithe-shqiperise-anastasit-ne-kishen-katedrale-te-shen-joan-theologut-ne-lefkosia-nikosia-te-qipros-2-tetor-2008-2008\/\" \/>\n<meta property=\"og:site_name\" content=\"Kisha Orthodh\u03bfkse Autoqefale e Shqip\u00ebris\u00eb\" \/>\n<meta property=\"article:publisher\" content=\"https:\/\/www.facebook.com\/koash1991\" \/>\n<meta property=\"article:published_time\" content=\"2008-02-26T00:00:00+00:00\" \/>\n<meta property=\"article:modified_time\" content=\"2020-04-06T20:35:18+00:00\" \/>\n<meta property=\"og:image\" content=\"https:\/\/lh4.googleusercontent.com\/-_2uMNWoZNrI\/VJFrwX1e18I\/AAAAAAAAIHU\/Q-mUCb-wH7g\/w448-h334-no\/1.jpg\" \/>\n<meta name=\"author\" content=\"Kisha Orthodhokse\" \/>\n<meta name=\"twitter:card\" content=\"summary_large_image\" \/>\n<meta name=\"twitter:label1\" content=\"Written by\" \/>\n\t<meta name=\"twitter:data1\" content=\"Kisha Orthodhokse\" \/>\n\t<meta name=\"twitter:label2\" content=\"Est. reading time\" \/>\n\t<meta name=\"twitter:data2\" content=\"5 minutes\" \/>\n<script type=\"application\/ld+json\" class=\"yoast-schema-graph\">{\"@context\":\"https:\/\/schema.org\",\"@graph\":[{\"@type\":\"Article\",\"@id\":\"https:\/\/orthodoxalbania.org\/2020\/2008\/02\/26\/fjala-pershendetese-e-kryepiskopit-te-tiranes-dhe-gjithe-shqiperise-anastasit-ne-kishen-katedrale-te-shen-joan-theologut-ne-lefkosia-nikosia-te-qipros-2-tetor-2008-2008\/#article\",\"isPartOf\":{\"@id\":\"https:\/\/orthodoxalbania.org\/2020\/2008\/02\/26\/fjala-pershendetese-e-kryepiskopit-te-tiranes-dhe-gjithe-shqiperise-anastasit-ne-kishen-katedrale-te-shen-joan-theologut-ne-lefkosia-nikosia-te-qipros-2-tetor-2008-2008\/\"},\"author\":{\"name\":\"Kisha Orthodhokse\",\"@id\":\"https:\/\/orthodoxalbania.org\/2020\/#\/schema\/person\/0c387634a7063ac612d7ed9ce71c7e86\"},\"headline\":\"Fjala p\u00ebrsh\u00ebndet\u00ebse e Kryepiskopit t\u00eb Tiran\u00ebs dhe gjith\u00eb Shqip\u00ebris\u00eb, Anastasit, n\u00eb Kish\u00ebn Katedrale t\u00eb Sh\u00ebn Joan Theologut n\u00eb Lefkosia (Nikosia) t\u00eb Qipros, 2 Tetor 2008.\",\"datePublished\":\"2008-02-26T00:00:00+00:00\",\"dateModified\":\"2020-04-06T20:35:18+00:00\",\"mainEntityOfPage\":{\"@id\":\"https:\/\/orthodoxalbania.org\/2020\/2008\/02\/26\/fjala-pershendetese-e-kryepiskopit-te-tiranes-dhe-gjithe-shqiperise-anastasit-ne-kishen-katedrale-te-shen-joan-theologut-ne-lefkosia-nikosia-te-qipros-2-tetor-2008-2008\/\"},\"wordCount\":1109,\"commentCount\":0,\"publisher\":{\"@id\":\"https:\/\/orthodoxalbania.org\/2020\/#organization\"},\"image\":{\"@id\":\"https:\/\/orthodoxalbania.org\/2020\/2008\/02\/26\/fjala-pershendetese-e-kryepiskopit-te-tiranes-dhe-gjithe-shqiperise-anastasit-ne-kishen-katedrale-te-shen-joan-theologut-ne-lefkosia-nikosia-te-qipros-2-tetor-2008-2008\/#primaryimage\"},\"thumbnailUrl\":\"https:\/\/lh4.googleusercontent.com\/-_2uMNWoZNrI\/VJFrwX1e18I\/AAAAAAAAIHU\/Q-mUCb-wH7g\/w448-h334-no\/1.jpg\",\"keywords\":[\"2008\",\"Deklarata - Njoftime Zyrtare\",\"Kryepiskopata Tiran\u00eb\",\"Kryepiskopi Anastas\",\"lajme\"],\"articleSection\":[\"Lajme\"],\"inLanguage\":\"en-US\"},{\"@type\":\"WebPage\",\"@id\":\"https:\/\/orthodoxalbania.org\/2020\/2008\/02\/26\/fjala-pershendetese-e-kryepiskopit-te-tiranes-dhe-gjithe-shqiperise-anastasit-ne-kishen-katedrale-te-shen-joan-theologut-ne-lefkosia-nikosia-te-qipros-2-tetor-2008-2008\/\",\"url\":\"https:\/\/orthodoxalbania.org\/2020\/2008\/02\/26\/fjala-pershendetese-e-kryepiskopit-te-tiranes-dhe-gjithe-shqiperise-anastasit-ne-kishen-katedrale-te-shen-joan-theologut-ne-lefkosia-nikosia-te-qipros-2-tetor-2008-2008\/\",\"name\":\"Fjala p\u00ebrsh\u00ebndet\u00ebse e Kryepiskopit t\u00eb Tiran\u00ebs dhe gjith\u00eb Shqip\u00ebris\u00eb, Anastasit, n\u00eb Kish\u00ebn Katedrale t\u00eb Sh\u00ebn Joan Theologut n\u00eb Lefkosia (Nikosia) t\u00eb Qipros, 2 Tetor 2008. - Kisha Orthodh\u03bfkse Autoqefale e Shqip\u00ebris\u00eb\",\"isPartOf\":{\"@id\":\"https:\/\/orthodoxalbania.org\/2020\/#website\"},\"primaryImageOfPage\":{\"@id\":\"https:\/\/orthodoxalbania.org\/2020\/2008\/02\/26\/fjala-pershendetese-e-kryepiskopit-te-tiranes-dhe-gjithe-shqiperise-anastasit-ne-kishen-katedrale-te-shen-joan-theologut-ne-lefkosia-nikosia-te-qipros-2-tetor-2008-2008\/#primaryimage\"},\"image\":{\"@id\":\"https:\/\/orthodoxalbania.org\/2020\/2008\/02\/26\/fjala-pershendetese-e-kryepiskopit-te-tiranes-dhe-gjithe-shqiperise-anastasit-ne-kishen-katedrale-te-shen-joan-theologut-ne-lefkosia-nikosia-te-qipros-2-tetor-2008-2008\/#primaryimage\"},\"thumbnailUrl\":\"https:\/\/lh4.googleusercontent.com\/-_2uMNWoZNrI\/VJFrwX1e18I\/AAAAAAAAIHU\/Q-mUCb-wH7g\/w448-h334-no\/1.jpg\",\"datePublished\":\"2008-02-26T00:00:00+00:00\",\"dateModified\":\"2020-04-06T20:35:18+00:00\",\"breadcrumb\":{\"@id\":\"https:\/\/orthodoxalbania.org\/2020\/2008\/02\/26\/fjala-pershendetese-e-kryepiskopit-te-tiranes-dhe-gjithe-shqiperise-anastasit-ne-kishen-katedrale-te-shen-joan-theologut-ne-lefkosia-nikosia-te-qipros-2-tetor-2008-2008\/#breadcrumb\"},\"inLanguage\":\"en-US\",\"potentialAction\":[{\"@type\":\"ReadAction\",\"target\":[\"https:\/\/orthodoxalbania.org\/2020\/2008\/02\/26\/fjala-pershendetese-e-kryepiskopit-te-tiranes-dhe-gjithe-shqiperise-anastasit-ne-kishen-katedrale-te-shen-joan-theologut-ne-lefkosia-nikosia-te-qipros-2-tetor-2008-2008\/\"]}]},{\"@type\":\"ImageObject\",\"inLanguage\":\"en-US\",\"@id\":\"https:\/\/orthodoxalbania.org\/2020\/2008\/02\/26\/fjala-pershendetese-e-kryepiskopit-te-tiranes-dhe-gjithe-shqiperise-anastasit-ne-kishen-katedrale-te-shen-joan-theologut-ne-lefkosia-nikosia-te-qipros-2-tetor-2008-2008\/#primaryimage\",\"url\":\"https:\/\/lh4.googleusercontent.com\/-_2uMNWoZNrI\/VJFrwX1e18I\/AAAAAAAAIHU\/Q-mUCb-wH7g\/w448-h334-no\/1.jpg\",\"contentUrl\":\"https:\/\/lh4.googleusercontent.com\/-_2uMNWoZNrI\/VJFrwX1e18I\/AAAAAAAAIHU\/Q-mUCb-wH7g\/w448-h334-no\/1.jpg\"},{\"@type\":\"BreadcrumbList\",\"@id\":\"https:\/\/orthodoxalbania.org\/2020\/2008\/02\/26\/fjala-pershendetese-e-kryepiskopit-te-tiranes-dhe-gjithe-shqiperise-anastasit-ne-kishen-katedrale-te-shen-joan-theologut-ne-lefkosia-nikosia-te-qipros-2-tetor-2008-2008\/#breadcrumb\",\"itemListElement\":[{\"@type\":\"ListItem\",\"position\":1,\"name\":\"Home\",\"item\":\"https:\/\/orthodoxalbania.org\/2020\/\"},{\"@type\":\"ListItem\",\"position\":2,\"name\":\"Fjala p\u00ebrsh\u00ebndet\u00ebse e Kryepiskopit t\u00eb Tiran\u00ebs dhe gjith\u00eb Shqip\u00ebris\u00eb, Anastasit, n\u00eb Kish\u00ebn Katedrale t\u00eb Sh\u00ebn Joan Theologut n\u00eb Lefkosia (Nikosia) t\u00eb Qipros, 2 Tetor 2008.\"}]},{\"@type\":\"WebSite\",\"@id\":\"https:\/\/orthodoxalbania.org\/2020\/#website\",\"url\":\"https:\/\/orthodoxalbania.org\/2020\/\",\"name\":\"Kisha Orthodh\u03bfkse Autoqefale e Shqip\u00ebris\u00eb\",\"description\":\"Fqja Zyrtare e Kish\u00ebs Orthodhokse Autoqefale e Shqip\u00ebris\u00eb me lajmet edhe informacionet zyrtare p\u00ebr struktur\u00ebn edhe veprimtarin e saj.\",\"publisher\":{\"@id\":\"https:\/\/orthodoxalbania.org\/2020\/#organization\"},\"potentialAction\":[{\"@type\":\"SearchAction\",\"target\":{\"@type\":\"EntryPoint\",\"urlTemplate\":\"https:\/\/orthodoxalbania.org\/2020\/?s={search_term_string}\"},\"query-input\":{\"@type\":\"PropertyValueSpecification\",\"valueRequired\":true,\"valueName\":\"search_term_string\"}}],\"inLanguage\":\"en-US\"},{\"@type\":\"Organization\",\"@id\":\"https:\/\/orthodoxalbania.org\/2020\/#organization\",\"name\":\"Kisha Orthodhokse Autoqefale e Shqip\u00ebris\u00eb\",\"url\":\"https:\/\/orthodoxalbania.org\/2020\/\",\"logo\":{\"@type\":\"ImageObject\",\"inLanguage\":\"en-US\",\"@id\":\"https:\/\/orthodoxalbania.org\/2020\/#\/schema\/logo\/image\/\",\"url\":\"https:\/\/orthodoxalbania.org\/2020\/wp-content\/uploads\/2020\/05\/albania.jpeg\",\"contentUrl\":\"https:\/\/orthodoxalbania.org\/2020\/wp-content\/uploads\/2020\/05\/albania.jpeg\",\"width\":540,\"height\":540,\"caption\":\"Kisha Orthodhokse Autoqefale e Shqip\u00ebris\u00eb\"},\"image\":{\"@id\":\"https:\/\/orthodoxalbania.org\/2020\/#\/schema\/logo\/image\/\"},\"sameAs\":[\"https:\/\/www.facebook.com\/koash1991\"]},{\"@type\":\"Person\",\"@id\":\"https:\/\/orthodoxalbania.org\/2020\/#\/schema\/person\/0c387634a7063ac612d7ed9ce71c7e86\",\"name\":\"Kisha Orthodhokse\",\"image\":{\"@type\":\"ImageObject\",\"inLanguage\":\"en-US\",\"@id\":\"https:\/\/secure.gravatar.com\/avatar\/596e7c417251e30f2fbb9c00e026fce61a695a00e51c889caded71c96cbbdde5?s=96&d=mm&r=g\",\"url\":\"https:\/\/secure.gravatar.com\/avatar\/596e7c417251e30f2fbb9c00e026fce61a695a00e51c889caded71c96cbbdde5?s=96&d=mm&r=g\",\"contentUrl\":\"https:\/\/secure.gravatar.com\/avatar\/596e7c417251e30f2fbb9c00e026fce61a695a00e51c889caded71c96cbbdde5?s=96&d=mm&r=g\",\"caption\":\"Kisha Orthodhokse\"}}]}<\/script>\n<!-- \/ Yoast SEO plugin. -->","yoast_head_json":{"title":"Fjala p\u00ebrsh\u00ebndet\u00ebse e Kryepiskopit t\u00eb Tiran\u00ebs dhe gjith\u00eb Shqip\u00ebris\u00eb, Anastasit, n\u00eb Kish\u00ebn Katedrale t\u00eb Sh\u00ebn Joan Theologut n\u00eb Lefkosia (Nikosia) t\u00eb Qipros, 2 Tetor 2008. - Kisha Orthodh\u03bfkse Autoqefale e Shqip\u00ebris\u00eb","robots":{"index":"index","follow":"follow","max-snippet":"max-snippet:-1","max-image-preview":"max-image-preview:large","max-video-preview":"max-video-preview:-1"},"canonical":"https:\/\/orthodoxalbania.org\/2020\/2008\/02\/26\/fjala-pershendetese-e-kryepiskopit-te-tiranes-dhe-gjithe-shqiperise-anastasit-ne-kishen-katedrale-te-shen-joan-theologut-ne-lefkosia-nikosia-te-qipros-2-tetor-2008-2008\/","og_locale":"en_US","og_type":"article","og_title":"Fjala p\u00ebrsh\u00ebndet\u00ebse e Kryepiskopit t\u00eb Tiran\u00ebs dhe gjith\u00eb Shqip\u00ebris\u00eb, Anastasit, n\u00eb Kish\u00ebn Katedrale t\u00eb Sh\u00ebn Joan Theologut n\u00eb Lefkosia (Nikosia) t\u00eb Qipros, 2 Tetor 2008. - Kisha Orthodh\u03bfkse Autoqefale e Shqip\u00ebris\u00eb","og_description":"&nbsp;&nbsp;&nbsp; Fortlumturi, V\u00eblla shum\u00eb i dashur dhe i shtrenjt\u00eb n\u00eb Krishtin, Kryepiskop i Justinianis\u00eb s\u00eb re dhe gjith\u00eb Qipros, z. Krisostom, \u201cI bekuar \u00ebsht\u00eb Per\u00ebndia dhe ati i Zotit ton\u00eb Jisu Krisht, ati i dhembshurive dhe Per\u00ebndia i \u00e7do ngush\u00ebllimi\u201d. (2Kor 1-3). &nbsp;&nbsp;&nbsp; Me ngaz\u00ebllim shpirt\u00ebror dhe nj\u00eb mall\u00ebngjim t\u00eb thell\u00eb, gjendemi sot n\u00eb Qipron heroike, ku p\u00ebr dy mij\u00eb vjet Kisha jeton misterin e","og_url":"https:\/\/orthodoxalbania.org\/2020\/2008\/02\/26\/fjala-pershendetese-e-kryepiskopit-te-tiranes-dhe-gjithe-shqiperise-anastasit-ne-kishen-katedrale-te-shen-joan-theologut-ne-lefkosia-nikosia-te-qipros-2-tetor-2008-2008\/","og_site_name":"Kisha Orthodh\u03bfkse Autoqefale e Shqip\u00ebris\u00eb","article_publisher":"https:\/\/www.facebook.com\/koash1991","article_published_time":"2008-02-26T00:00:00+00:00","article_modified_time":"2020-04-06T20:35:18+00:00","og_image":[{"url":"https:\/\/lh4.googleusercontent.com\/-_2uMNWoZNrI\/VJFrwX1e18I\/AAAAAAAAIHU\/Q-mUCb-wH7g\/w448-h334-no\/1.jpg","type":"","width":"","height":""}],"author":"Kisha Orthodhokse","twitter_card":"summary_large_image","twitter_misc":{"Written by":"Kisha Orthodhokse","Est. reading time":"5 minutes"},"schema":{"@context":"https:\/\/schema.org","@graph":[{"@type":"Article","@id":"https:\/\/orthodoxalbania.org\/2020\/2008\/02\/26\/fjala-pershendetese-e-kryepiskopit-te-tiranes-dhe-gjithe-shqiperise-anastasit-ne-kishen-katedrale-te-shen-joan-theologut-ne-lefkosia-nikosia-te-qipros-2-tetor-2008-2008\/#article","isPartOf":{"@id":"https:\/\/orthodoxalbania.org\/2020\/2008\/02\/26\/fjala-pershendetese-e-kryepiskopit-te-tiranes-dhe-gjithe-shqiperise-anastasit-ne-kishen-katedrale-te-shen-joan-theologut-ne-lefkosia-nikosia-te-qipros-2-tetor-2008-2008\/"},"author":{"name":"Kisha Orthodhokse","@id":"https:\/\/orthodoxalbania.org\/2020\/#\/schema\/person\/0c387634a7063ac612d7ed9ce71c7e86"},"headline":"Fjala p\u00ebrsh\u00ebndet\u00ebse e Kryepiskopit t\u00eb Tiran\u00ebs dhe gjith\u00eb Shqip\u00ebris\u00eb, Anastasit, n\u00eb Kish\u00ebn Katedrale t\u00eb Sh\u00ebn Joan Theologut n\u00eb Lefkosia (Nikosia) t\u00eb Qipros, 2 Tetor 2008.","datePublished":"2008-02-26T00:00:00+00:00","dateModified":"2020-04-06T20:35:18+00:00","mainEntityOfPage":{"@id":"https:\/\/orthodoxalbania.org\/2020\/2008\/02\/26\/fjala-pershendetese-e-kryepiskopit-te-tiranes-dhe-gjithe-shqiperise-anastasit-ne-kishen-katedrale-te-shen-joan-theologut-ne-lefkosia-nikosia-te-qipros-2-tetor-2008-2008\/"},"wordCount":1109,"commentCount":0,"publisher":{"@id":"https:\/\/orthodoxalbania.org\/2020\/#organization"},"image":{"@id":"https:\/\/orthodoxalbania.org\/2020\/2008\/02\/26\/fjala-pershendetese-e-kryepiskopit-te-tiranes-dhe-gjithe-shqiperise-anastasit-ne-kishen-katedrale-te-shen-joan-theologut-ne-lefkosia-nikosia-te-qipros-2-tetor-2008-2008\/#primaryimage"},"thumbnailUrl":"https:\/\/lh4.googleusercontent.com\/-_2uMNWoZNrI\/VJFrwX1e18I\/AAAAAAAAIHU\/Q-mUCb-wH7g\/w448-h334-no\/1.jpg","keywords":["2008","Deklarata - Njoftime Zyrtare","Kryepiskopata Tiran\u00eb","Kryepiskopi Anastas","lajme"],"articleSection":["Lajme"],"inLanguage":"en-US"},{"@type":"WebPage","@id":"https:\/\/orthodoxalbania.org\/2020\/2008\/02\/26\/fjala-pershendetese-e-kryepiskopit-te-tiranes-dhe-gjithe-shqiperise-anastasit-ne-kishen-katedrale-te-shen-joan-theologut-ne-lefkosia-nikosia-te-qipros-2-tetor-2008-2008\/","url":"https:\/\/orthodoxalbania.org\/2020\/2008\/02\/26\/fjala-pershendetese-e-kryepiskopit-te-tiranes-dhe-gjithe-shqiperise-anastasit-ne-kishen-katedrale-te-shen-joan-theologut-ne-lefkosia-nikosia-te-qipros-2-tetor-2008-2008\/","name":"Fjala p\u00ebrsh\u00ebndet\u00ebse e Kryepiskopit t\u00eb Tiran\u00ebs dhe gjith\u00eb Shqip\u00ebris\u00eb, Anastasit, n\u00eb Kish\u00ebn Katedrale t\u00eb Sh\u00ebn Joan Theologut n\u00eb Lefkosia (Nikosia) t\u00eb Qipros, 2 Tetor 2008. - Kisha Orthodh\u03bfkse Autoqefale e Shqip\u00ebris\u00eb","isPartOf":{"@id":"https:\/\/orthodoxalbania.org\/2020\/#website"},"primaryImageOfPage":{"@id":"https:\/\/orthodoxalbania.org\/2020\/2008\/02\/26\/fjala-pershendetese-e-kryepiskopit-te-tiranes-dhe-gjithe-shqiperise-anastasit-ne-kishen-katedrale-te-shen-joan-theologut-ne-lefkosia-nikosia-te-qipros-2-tetor-2008-2008\/#primaryimage"},"image":{"@id":"https:\/\/orthodoxalbania.org\/2020\/2008\/02\/26\/fjala-pershendetese-e-kryepiskopit-te-tiranes-dhe-gjithe-shqiperise-anastasit-ne-kishen-katedrale-te-shen-joan-theologut-ne-lefkosia-nikosia-te-qipros-2-tetor-2008-2008\/#primaryimage"},"thumbnailUrl":"https:\/\/lh4.googleusercontent.com\/-_2uMNWoZNrI\/VJFrwX1e18I\/AAAAAAAAIHU\/Q-mUCb-wH7g\/w448-h334-no\/1.jpg","datePublished":"2008-02-26T00:00:00+00:00","dateModified":"2020-04-06T20:35:18+00:00","breadcrumb":{"@id":"https:\/\/orthodoxalbania.org\/2020\/2008\/02\/26\/fjala-pershendetese-e-kryepiskopit-te-tiranes-dhe-gjithe-shqiperise-anastasit-ne-kishen-katedrale-te-shen-joan-theologut-ne-lefkosia-nikosia-te-qipros-2-tetor-2008-2008\/#breadcrumb"},"inLanguage":"en-US","potentialAction":[{"@type":"ReadAction","target":["https:\/\/orthodoxalbania.org\/2020\/2008\/02\/26\/fjala-pershendetese-e-kryepiskopit-te-tiranes-dhe-gjithe-shqiperise-anastasit-ne-kishen-katedrale-te-shen-joan-theologut-ne-lefkosia-nikosia-te-qipros-2-tetor-2008-2008\/"]}]},{"@type":"ImageObject","inLanguage":"en-US","@id":"https:\/\/orthodoxalbania.org\/2020\/2008\/02\/26\/fjala-pershendetese-e-kryepiskopit-te-tiranes-dhe-gjithe-shqiperise-anastasit-ne-kishen-katedrale-te-shen-joan-theologut-ne-lefkosia-nikosia-te-qipros-2-tetor-2008-2008\/#primaryimage","url":"https:\/\/lh4.googleusercontent.com\/-_2uMNWoZNrI\/VJFrwX1e18I\/AAAAAAAAIHU\/Q-mUCb-wH7g\/w448-h334-no\/1.jpg","contentUrl":"https:\/\/lh4.googleusercontent.com\/-_2uMNWoZNrI\/VJFrwX1e18I\/AAAAAAAAIHU\/Q-mUCb-wH7g\/w448-h334-no\/1.jpg"},{"@type":"BreadcrumbList","@id":"https:\/\/orthodoxalbania.org\/2020\/2008\/02\/26\/fjala-pershendetese-e-kryepiskopit-te-tiranes-dhe-gjithe-shqiperise-anastasit-ne-kishen-katedrale-te-shen-joan-theologut-ne-lefkosia-nikosia-te-qipros-2-tetor-2008-2008\/#breadcrumb","itemListElement":[{"@type":"ListItem","position":1,"name":"Home","item":"https:\/\/orthodoxalbania.org\/2020\/"},{"@type":"ListItem","position":2,"name":"Fjala p\u00ebrsh\u00ebndet\u00ebse e Kryepiskopit t\u00eb Tiran\u00ebs dhe gjith\u00eb Shqip\u00ebris\u00eb, Anastasit, n\u00eb Kish\u00ebn Katedrale t\u00eb Sh\u00ebn Joan Theologut n\u00eb Lefkosia (Nikosia) t\u00eb Qipros, 2 Tetor 2008."}]},{"@type":"WebSite","@id":"https:\/\/orthodoxalbania.org\/2020\/#website","url":"https:\/\/orthodoxalbania.org\/2020\/","name":"Kisha Orthodh\u03bfkse Autoqefale e Shqip\u00ebris\u00eb","description":"Fqja Zyrtare e Kish\u00ebs Orthodhokse Autoqefale e Shqip\u00ebris\u00eb me lajmet edhe informacionet zyrtare p\u00ebr struktur\u00ebn edhe veprimtarin e saj.","publisher":{"@id":"https:\/\/orthodoxalbania.org\/2020\/#organization"},"potentialAction":[{"@type":"SearchAction","target":{"@type":"EntryPoint","urlTemplate":"https:\/\/orthodoxalbania.org\/2020\/?s={search_term_string}"},"query-input":{"@type":"PropertyValueSpecification","valueRequired":true,"valueName":"search_term_string"}}],"inLanguage":"en-US"},{"@type":"Organization","@id":"https:\/\/orthodoxalbania.org\/2020\/#organization","name":"Kisha Orthodhokse Autoqefale e Shqip\u00ebris\u00eb","url":"https:\/\/orthodoxalbania.org\/2020\/","logo":{"@type":"ImageObject","inLanguage":"en-US","@id":"https:\/\/orthodoxalbania.org\/2020\/#\/schema\/logo\/image\/","url":"https:\/\/orthodoxalbania.org\/2020\/wp-content\/uploads\/2020\/05\/albania.jpeg","contentUrl":"https:\/\/orthodoxalbania.org\/2020\/wp-content\/uploads\/2020\/05\/albania.jpeg","width":540,"height":540,"caption":"Kisha Orthodhokse Autoqefale e Shqip\u00ebris\u00eb"},"image":{"@id":"https:\/\/orthodoxalbania.org\/2020\/#\/schema\/logo\/image\/"},"sameAs":["https:\/\/www.facebook.com\/koash1991"]},{"@type":"Person","@id":"https:\/\/orthodoxalbania.org\/2020\/#\/schema\/person\/0c387634a7063ac612d7ed9ce71c7e86","name":"Kisha Orthodhokse","image":{"@type":"ImageObject","inLanguage":"en-US","@id":"https:\/\/secure.gravatar.com\/avatar\/596e7c417251e30f2fbb9c00e026fce61a695a00e51c889caded71c96cbbdde5?s=96&d=mm&r=g","url":"https:\/\/secure.gravatar.com\/avatar\/596e7c417251e30f2fbb9c00e026fce61a695a00e51c889caded71c96cbbdde5?s=96&d=mm&r=g","contentUrl":"https:\/\/secure.gravatar.com\/avatar\/596e7c417251e30f2fbb9c00e026fce61a695a00e51c889caded71c96cbbdde5?s=96&d=mm&r=g","caption":"Kisha Orthodhokse"}}]}},"_links":{"self":[{"href":"https:\/\/orthodoxalbania.org\/2020\/wp-json\/wp\/v2\/posts\/575","targetHints":{"allow":["GET"]}}],"collection":[{"href":"https:\/\/orthodoxalbania.org\/2020\/wp-json\/wp\/v2\/posts"}],"about":[{"href":"https:\/\/orthodoxalbania.org\/2020\/wp-json\/wp\/v2\/types\/post"}],"author":[{"embeddable":true,"href":"https:\/\/orthodoxalbania.org\/2020\/wp-json\/wp\/v2\/users\/1"}],"replies":[{"embeddable":true,"href":"https:\/\/orthodoxalbania.org\/2020\/wp-json\/wp\/v2\/comments?post=575"}],"version-history":[{"count":1,"href":"https:\/\/orthodoxalbania.org\/2020\/wp-json\/wp\/v2\/posts\/575\/revisions"}],"predecessor-version":[{"id":15644,"href":"https:\/\/orthodoxalbania.org\/2020\/wp-json\/wp\/v2\/posts\/575\/revisions\/15644"}],"wp:attachment":[{"href":"https:\/\/orthodoxalbania.org\/2020\/wp-json\/wp\/v2\/media?parent=575"}],"wp:term":[{"taxonomy":"category","embeddable":true,"href":"https:\/\/orthodoxalbania.org\/2020\/wp-json\/wp\/v2\/categories?post=575"},{"taxonomy":"post_tag","embeddable":true,"href":"https:\/\/orthodoxalbania.org\/2020\/wp-json\/wp\/v2\/tags?post=575"}],"curies":[{"name":"wp","href":"https:\/\/api.w.org\/{rel}","templated":true}]}}