{"id":572,"date":"2013-11-01T09:35:43","date_gmt":"2013-11-01T09:35:43","guid":{"rendered":""},"modified":"2020-04-06T22:05:30","modified_gmt":"2020-04-06T20:05:30","slug":"fillojne-me-shume-gezim-aktivitetet-ne-qendrat-orthodhokse-te-femijeve","status":"publish","type":"post","link":"https:\/\/orthodoxalbania.org\/2020\/2013\/11\/01\/fillojne-me-shume-gezim-aktivitetet-ne-qendrat-orthodhokse-te-femijeve\/","title":{"rendered":"Fillojn\u00eb me shum\u00eb g\u00ebzim aktivitetet n\u00eb qendrat orthodhokse t\u00eb f\u00ebmij\u00ebve. (Tetor 2013)"},"content":{"rendered":"<div style=\"text-align: justify;\">\n\t<span style=\"color:#000000;\"><img decoding=\"async\" class=\"lazyload HAa Eha\" src=\"data:image\/gif;base64,R0lGODlhAQABAAAAACH5BAEKAAEALAAAAAABAAEAAAICTAEAOw==\" data-orig-src=\"https:\/\/lh5.googleusercontent.com\/-DxUt-BS2gus\/UnNzCWb0k6I\/AAAAAAAAGyA\/Fh411bbhdGg\/w702-h527-no\/photo+2.JPG\" style=\"height: 225px; width: 300px; margin: 10px; float: left; border-width: 1px; border-style: solid;\" \/><span style=\"font-family: tahoma,geneva,sans-serif;\"><span style=\"font-size: 12px;\">&nbsp;&nbsp;&nbsp; Bashk\u00eb me nisjen e vitit shkollor filloi edhe aktiviteti i p\u00ebrjavsh\u00ebm n\u00eb qendrat e f\u00ebmij\u00ebve t\u00eb Kish\u00ebs son\u00eb. F\u00ebmij\u00eb t\u00eb mosh\u00ebs 6 &#8211; 13 vje\u00e7, kan\u00eb mund\u00ebsin\u00eb q\u00eb t\u00eb jen\u00eb pjes\u00eb e programit, i cili sivjet ka tem\u00ebn \u201cUn\u00eb jam qytetar i Mbret\u00ebris\u00eb s\u00eb Per\u00ebndis\u00eb\u201d. N\u00eb Tiran\u00eb funksionojn\u00eb 5 qendra t\u00eb tilla, q\u00eb jan\u00eb: n\u00eb kompleksin e Katedrales s\u00eb Re \u201cNgjallja e Krishtit\u201d, n\u00eb mjediset e kish\u00ebs \u201cUngjill\u00ebzimi i Hyjlind\u00ebses, n\u00eb zon\u00ebn e quajtur \u201cAstir\u201d (tek Unaza e re), n\u00eb Shkoz\u00eb (n\u00eb qendr\u00ebn Thavor) dhe n\u00eb Bathore. Aktiviteti n\u00eb t\u00eb gjitha k\u00ebto qendra ka filluar me hare nga ana e f\u00ebmij\u00ebve dhe me shum\u00eb p\u00ebrkushtim nga grupi i pun\u00ebs.<\/span><\/span><\/span><\/div>\n<div style=\"text-align: justify;\">\n\t<br \/>\n\t<span style=\"color:#000000;\"><span style=\"font-family: tahoma,geneva,sans-serif;\"><span style=\"font-size: 12px;\">&nbsp;&nbsp;&nbsp; K\u00ebto veprimtari kan\u00eb afruar nj\u00eb num\u00ebr t\u00eb madh f\u00ebmij\u00ebsh, t\u00eb cil\u00ebt shtohen jav\u00eb pas jave. K\u00ebshtu, n\u00eb Katedralen e re n\u00eb programet e larmishme marrin pjes\u00eb m\u00eb shum\u00eb se 60 f\u00ebmij\u00eb, tek kisha e Ungjill\u00ebzimit rreth 40 f\u00ebmij\u00eb, n\u00eb Shkoz\u00eb 65 f\u00ebmij\u00eb, n\u00eb Bathore 80 f\u00ebmij\u00eb dhe n\u00eb zon\u00ebn e \u201cAstir\u201d-it 60 f\u00ebmij\u00eb.<\/span><\/span><\/span><\/div>\n<div style=\"text-align: justify;\">\n\t<br \/>\n\t<span style=\"color:#000000;\"><span style=\"font-family: tahoma,geneva,sans-serif;\"><span style=\"font-size: 12px;\">&nbsp;&nbsp;&nbsp; Gjithashtu, kan\u00eb filluar edhe programet me grupet e adoleshent\u00ebve dhe me t\u00eb grave. T\u00eb gjitha aktivitetet jan\u00eb konceptuar n\u00eb p\u00ebrshtatje me mosh\u00ebn e pjes\u00ebmarr\u00ebsve dhe kjo i b\u00ebn q\u00eb t\u00eb jen\u00eb arg\u00ebtuese, edukuese dhe shpirt\u00ebrore.<\/span><\/span><\/span><\/div>\n<div style=\"text-align: justify;\">\n\t<br \/>\n\t<span style=\"color:#000000;\"><span style=\"font-family: tahoma,geneva,sans-serif;\"><span style=\"font-size: 12px;\">&nbsp;&nbsp;&nbsp; F\u00ebmij\u00ebt q\u00eb kishin marr\u00eb pjes\u00eb edhe vitet e m\u00ebparshme ishin mjaft t\u00eb g\u00ebzuar p\u00ebr rifillimin e veprimtarive. N\u00ebp\u00ebr k\u00ebto grupe kishte sigurisht edhe f\u00ebmij\u00eb dhe t\u00eb rinj q\u00eb vinin p\u00ebr her\u00eb t\u00eb par\u00eb, por loj\u00ebrat e reja, puna e dor\u00ebs q\u00eb kishte lidhje me m\u00ebsimin dhe me tem\u00ebn e p\u00ebrgjithshme t\u00eb k\u00ebtij viti, k\u00ebng\u00ebt, dramatizimet dhe ajo q\u00eb \u00ebsht\u00eb m\u00eb kryesorja &#8211; ushqimi shpirt\u00ebror, b\u00ebn\u00eb q\u00eb edhe ata t\u00eb kalonin or\u00eb mjaft t\u00eb k\u00ebndshme dhe t\u00eb integroheshin shpejt.<\/span><\/span><\/span><\/div>\n<div style=\"text-align: justify;\">\n\t<br \/>\n\t<span style=\"color:#000000;\"><span style=\"font-family: tahoma,geneva,sans-serif;\"><span style=\"font-size: 12px;\">&nbsp;&nbsp;&nbsp; P\u00ebrgjat\u00eb vitit f\u00ebmij\u00ebt marrin pjes\u00eb edhe n\u00eb programet e p\u00ebrgatitura enkas p\u00ebr festat e m\u00ebdha, si Krishtlindja, Pashka, Theofania etj. N\u00eb to kan\u00eb mund\u00ebsin\u00eb t\u00eb shohin t\u00eb dramatizuara disa histori mjaft edukuese dhe t\u00eb bukura, t\u00eb shohin shfaqje me kukulla q\u00eb trajtojn\u00eb tema t\u00eb ndryshme etj.<\/span><\/span><\/span><\/div>\n<div style=\"text-align: justify;\">\n\t<br \/>\n\t<span style=\"color:#000000;\"><span style=\"font-family: tahoma,geneva,sans-serif;\"><span style=\"font-size: 12px;\">&nbsp;&nbsp;&nbsp; Jan\u00eb rreth 25 t\u00eb rinj q\u00eb i dedikohen me p\u00ebrkushtim t\u00eb vazhduesh\u00ebm p\u00ebrgatitjes dhe realizimit sa m\u00eb t\u00eb mir\u00eb t\u00eb k\u00ebtyre veprimtarive, me synimin q\u00eb numri i pjes\u00ebmarr\u00ebsve t\u00eb jet\u00eb sa m\u00eb i madh dhe aktivitetet sa m\u00eb&nbsp; t\u00eb frytshme, formuese e zbavit\u00ebse.<\/span><\/span><\/span><\/div>\n<div style=\"text-align: right;\">\n<p>\t<span style=\"color:#000000;\"><span style=\"font-family: tahoma,geneva,sans-serif;\"><span style=\"font-size: 12px;\"><strong>Zyra Qendrore e F\u00ebmij\u00ebve<\/strong><\/span><\/span><\/span><\/div>\n<p style=\"text-align: justify;\">\n\t<span style=\"color:#000000;\"><img decoding=\"async\" class=\"lazyload HAa Eha\" src=\"data:image\/gif;base64,R0lGODlhAQABAAAAACH5BAEKAAEALAAAAAABAAEAAAICTAEAOw==\" data-orig-src=\"https:\/\/lh4.googleusercontent.com\/-rV7Giuob-mo\/UnNysHrOAuI\/AAAAAAAAGxw\/mbJn_CWYgNI\/w702-h527-no\/photo+1.JPG\" style=\"height: 450px; width: 600px; margin: 10px; border-width: 1px; border-style: solid;\" \/><\/span><\/p>\n<p style=\"text-align: justify;\">\n\t<span style=\"color:#000000;\"><img decoding=\"async\" class=\"lazyload HAa Eha\" src=\"data:image\/gif;base64,R0lGODlhAQABAAAAACH5BAEKAAEALAAAAAABAAEAAAICTAEAOw==\" data-orig-src=\"https:\/\/lh5.googleusercontent.com\/-T0QccCUapqI\/UnNyq7RYeZI\/AAAAAAAAGxs\/w1WqjmW5aQQ\/w702-h527-no\/Thavor+1.JPG\" style=\"height: 450px; width: 600px; margin: 10px; border-width: 1px; border-style: solid;\" \/><\/span><\/p>\n<p style=\"text-align: justify;\">\n\t<span style=\"color:#000000;\"><img decoding=\"async\" class=\"lazyload HAa Eha\" src=\"data:image\/gif;base64,R0lGODlhAQABAAAAACH5BAEKAAEALAAAAAABAAEAAAICTAEAOw==\" data-orig-src=\"https:\/\/lh3.googleusercontent.com\/-nVaHUoNZyew\/UnNzCc0q5wI\/AAAAAAAAGx8\/_TbGCnKbrD0\/w702-h527-no\/photo+6.JPG\" style=\"height: 450px; width: 600px; margin: 10px; border-width: 1px; border-style: solid;\" \/><\/span><\/p>\n","protected":false},"excerpt":{"rendered":"<p>&nbsp;&nbsp;&nbsp; Bashk\u00eb me nisjen e vitit shkollor filloi edhe aktiviteti i p\u00ebrjavsh\u00ebm n\u00eb qendrat e f\u00ebmij\u00ebve t\u00eb Kish\u00ebs son\u00eb. F\u00ebmij\u00eb t\u00eb mosh\u00ebs 6 &#8211; 13 vje\u00e7, kan\u00eb mund\u00ebsin\u00eb q\u00eb t\u00eb jen\u00eb pjes\u00eb e programit, i cili sivjet ka tem\u00ebn \u201cUn\u00eb jam qytetar i Mbret\u00ebris\u00eb s\u00eb Per\u00ebndis\u00eb\u201d. N\u00eb Tiran\u00eb funksionojn\u00eb 5 qendra t\u00eb tilla, q\u00eb jan\u00eb: n\u00eb kompleksin e Katedrales s\u00eb Re \u201cNgjallja e Krishtit\u201d, n\u00eb<\/p>\n","protected":false},"author":1,"featured_media":0,"comment_status":"open","ping_status":"open","sticky":false,"template":"","format":"standard","meta":{"_acf_changed":false,"pagelayer_contact_templates":[],"_pagelayer_content":"","inline_featured_image":false,"fifu_image_url":"","fifu_image_alt":"","footnotes":""},"categories":[108],"tags":[141,154,175,196,212],"class_list":["post-572","post","type-post","status-publish","format-standard","hentry","category-lajme","tag-141","tag-aktivitete","tag-institucione-parashkollore-te-kishes-orthodhokse","tag-tirane","tag-lajme-d27"],"acf":[],"yoast_head":"<!-- This site is optimized with the Yoast SEO plugin v27.2 - https:\/\/yoast.com\/product\/yoast-seo-wordpress\/ -->\n<title>Fillojn\u00eb me shum\u00eb g\u00ebzim aktivitetet n\u00eb qendrat orthodhokse t\u00eb f\u00ebmij\u00ebve. (Tetor 2013) - Kisha Orthodh\u03bfkse Autoqefale e Shqip\u00ebris\u00eb<\/title>\n<meta name=\"robots\" content=\"index, follow, max-snippet:-1, max-image-preview:large, max-video-preview:-1\" \/>\n<link rel=\"canonical\" href=\"https:\/\/orthodoxalbania.org\/2020\/2013\/11\/01\/fillojne-me-shume-gezim-aktivitetet-ne-qendrat-orthodhokse-te-femijeve\/\" \/>\n<meta property=\"og:locale\" content=\"en_US\" \/>\n<meta property=\"og:type\" content=\"article\" \/>\n<meta property=\"og:title\" content=\"Fillojn\u00eb me shum\u00eb g\u00ebzim aktivitetet n\u00eb qendrat orthodhokse t\u00eb f\u00ebmij\u00ebve. (Tetor 2013) - Kisha Orthodh\u03bfkse Autoqefale e Shqip\u00ebris\u00eb\" \/>\n<meta property=\"og:description\" content=\"&nbsp;&nbsp;&nbsp; Bashk\u00eb me nisjen e vitit shkollor filloi edhe aktiviteti i p\u00ebrjavsh\u00ebm n\u00eb qendrat e f\u00ebmij\u00ebve t\u00eb Kish\u00ebs son\u00eb. F\u00ebmij\u00eb t\u00eb mosh\u00ebs 6 &#8211; 13 vje\u00e7, kan\u00eb mund\u00ebsin\u00eb q\u00eb t\u00eb jen\u00eb pjes\u00eb e programit, i cili sivjet ka tem\u00ebn \u201cUn\u00eb jam qytetar i Mbret\u00ebris\u00eb s\u00eb Per\u00ebndis\u00eb\u201d. N\u00eb Tiran\u00eb funksionojn\u00eb 5 qendra t\u00eb tilla, q\u00eb jan\u00eb: n\u00eb kompleksin e Katedrales s\u00eb Re \u201cNgjallja e Krishtit\u201d, n\u00eb\" \/>\n<meta property=\"og:url\" content=\"https:\/\/orthodoxalbania.org\/2020\/2013\/11\/01\/fillojne-me-shume-gezim-aktivitetet-ne-qendrat-orthodhokse-te-femijeve\/\" \/>\n<meta property=\"og:site_name\" content=\"Kisha Orthodh\u03bfkse Autoqefale e Shqip\u00ebris\u00eb\" \/>\n<meta property=\"article:publisher\" content=\"https:\/\/www.facebook.com\/koash1991\" \/>\n<meta property=\"article:published_time\" content=\"2013-11-01T09:35:43+00:00\" \/>\n<meta property=\"article:modified_time\" content=\"2020-04-06T20:05:30+00:00\" \/>\n<meta property=\"og:image\" content=\"https:\/\/lh5.googleusercontent.com\/-DxUt-BS2gus\/UnNzCWb0k6I\/AAAAAAAAGyA\/Fh411bbhdGg\/w702-h527-no\/photo+2.JPG\" \/>\n<meta name=\"author\" content=\"Kisha Orthodhokse\" \/>\n<meta name=\"twitter:card\" content=\"summary_large_image\" \/>\n<meta name=\"twitter:label1\" content=\"Written by\" \/>\n\t<meta name=\"twitter:data1\" content=\"Kisha Orthodhokse\" \/>\n\t<meta name=\"twitter:label2\" content=\"Est. reading time\" \/>\n\t<meta name=\"twitter:data2\" content=\"2 minutes\" \/>\n<script type=\"application\/ld+json\" class=\"yoast-schema-graph\">{\"@context\":\"https:\/\/schema.org\",\"@graph\":[{\"@type\":\"Article\",\"@id\":\"https:\/\/orthodoxalbania.org\/2020\/2013\/11\/01\/fillojne-me-shume-gezim-aktivitetet-ne-qendrat-orthodhokse-te-femijeve\/#article\",\"isPartOf\":{\"@id\":\"https:\/\/orthodoxalbania.org\/2020\/2013\/11\/01\/fillojne-me-shume-gezim-aktivitetet-ne-qendrat-orthodhokse-te-femijeve\/\"},\"author\":{\"name\":\"Kisha Orthodhokse\",\"@id\":\"https:\/\/orthodoxalbania.org\/2020\/#\/schema\/person\/0c387634a7063ac612d7ed9ce71c7e86\"},\"headline\":\"Fillojn\u00eb me shum\u00eb g\u00ebzim aktivitetet n\u00eb qendrat orthodhokse t\u00eb f\u00ebmij\u00ebve. (Tetor 2013)\",\"datePublished\":\"2013-11-01T09:35:43+00:00\",\"dateModified\":\"2020-04-06T20:05:30+00:00\",\"mainEntityOfPage\":{\"@id\":\"https:\/\/orthodoxalbania.org\/2020\/2013\/11\/01\/fillojne-me-shume-gezim-aktivitetet-ne-qendrat-orthodhokse-te-femijeve\/\"},\"wordCount\":472,\"commentCount\":0,\"publisher\":{\"@id\":\"https:\/\/orthodoxalbania.org\/2020\/#organization\"},\"image\":{\"@id\":\"https:\/\/orthodoxalbania.org\/2020\/2013\/11\/01\/fillojne-me-shume-gezim-aktivitetet-ne-qendrat-orthodhokse-te-femijeve\/#primaryimage\"},\"thumbnailUrl\":\"https:\/\/lh5.googleusercontent.com\/-DxUt-BS2gus\/UnNzCWb0k6I\/AAAAAAAAGyA\/Fh411bbhdGg\/w702-h527-no\/photo+2.JPG\",\"keywords\":[\"2013\",\"Aktivitete\",\"Institucione Parashkollore t\u00eb Kish\u00ebs Orthodhokse\",\"Kryepiskopata Tiran\u00eb\",\"lajme\"],\"articleSection\":[\"Lajme\"],\"inLanguage\":\"en-US\"},{\"@type\":\"WebPage\",\"@id\":\"https:\/\/orthodoxalbania.org\/2020\/2013\/11\/01\/fillojne-me-shume-gezim-aktivitetet-ne-qendrat-orthodhokse-te-femijeve\/\",\"url\":\"https:\/\/orthodoxalbania.org\/2020\/2013\/11\/01\/fillojne-me-shume-gezim-aktivitetet-ne-qendrat-orthodhokse-te-femijeve\/\",\"name\":\"Fillojn\u00eb me shum\u00eb g\u00ebzim aktivitetet n\u00eb qendrat orthodhokse t\u00eb f\u00ebmij\u00ebve. (Tetor 2013) - Kisha Orthodh\u03bfkse Autoqefale e Shqip\u00ebris\u00eb\",\"isPartOf\":{\"@id\":\"https:\/\/orthodoxalbania.org\/2020\/#website\"},\"primaryImageOfPage\":{\"@id\":\"https:\/\/orthodoxalbania.org\/2020\/2013\/11\/01\/fillojne-me-shume-gezim-aktivitetet-ne-qendrat-orthodhokse-te-femijeve\/#primaryimage\"},\"image\":{\"@id\":\"https:\/\/orthodoxalbania.org\/2020\/2013\/11\/01\/fillojne-me-shume-gezim-aktivitetet-ne-qendrat-orthodhokse-te-femijeve\/#primaryimage\"},\"thumbnailUrl\":\"https:\/\/lh5.googleusercontent.com\/-DxUt-BS2gus\/UnNzCWb0k6I\/AAAAAAAAGyA\/Fh411bbhdGg\/w702-h527-no\/photo+2.JPG\",\"datePublished\":\"2013-11-01T09:35:43+00:00\",\"dateModified\":\"2020-04-06T20:05:30+00:00\",\"breadcrumb\":{\"@id\":\"https:\/\/orthodoxalbania.org\/2020\/2013\/11\/01\/fillojne-me-shume-gezim-aktivitetet-ne-qendrat-orthodhokse-te-femijeve\/#breadcrumb\"},\"inLanguage\":\"en-US\",\"potentialAction\":[{\"@type\":\"ReadAction\",\"target\":[\"https:\/\/orthodoxalbania.org\/2020\/2013\/11\/01\/fillojne-me-shume-gezim-aktivitetet-ne-qendrat-orthodhokse-te-femijeve\/\"]}]},{\"@type\":\"ImageObject\",\"inLanguage\":\"en-US\",\"@id\":\"https:\/\/orthodoxalbania.org\/2020\/2013\/11\/01\/fillojne-me-shume-gezim-aktivitetet-ne-qendrat-orthodhokse-te-femijeve\/#primaryimage\",\"url\":\"https:\/\/lh5.googleusercontent.com\/-DxUt-BS2gus\/UnNzCWb0k6I\/AAAAAAAAGyA\/Fh411bbhdGg\/w702-h527-no\/photo+2.JPG\",\"contentUrl\":\"https:\/\/lh5.googleusercontent.com\/-DxUt-BS2gus\/UnNzCWb0k6I\/AAAAAAAAGyA\/Fh411bbhdGg\/w702-h527-no\/photo+2.JPG\"},{\"@type\":\"BreadcrumbList\",\"@id\":\"https:\/\/orthodoxalbania.org\/2020\/2013\/11\/01\/fillojne-me-shume-gezim-aktivitetet-ne-qendrat-orthodhokse-te-femijeve\/#breadcrumb\",\"itemListElement\":[{\"@type\":\"ListItem\",\"position\":1,\"name\":\"Home\",\"item\":\"https:\/\/orthodoxalbania.org\/2020\/\"},{\"@type\":\"ListItem\",\"position\":2,\"name\":\"Fillojn\u00eb me shum\u00eb g\u00ebzim aktivitetet n\u00eb qendrat orthodhokse t\u00eb f\u00ebmij\u00ebve. (Tetor 2013)\"}]},{\"@type\":\"WebSite\",\"@id\":\"https:\/\/orthodoxalbania.org\/2020\/#website\",\"url\":\"https:\/\/orthodoxalbania.org\/2020\/\",\"name\":\"Kisha Orthodh\u03bfkse Autoqefale e Shqip\u00ebris\u00eb\",\"description\":\"Fqja Zyrtare e Kish\u00ebs Orthodhokse Autoqefale e Shqip\u00ebris\u00eb me lajmet edhe informacionet zyrtare p\u00ebr struktur\u00ebn edhe veprimtarin e saj.\",\"publisher\":{\"@id\":\"https:\/\/orthodoxalbania.org\/2020\/#organization\"},\"potentialAction\":[{\"@type\":\"SearchAction\",\"target\":{\"@type\":\"EntryPoint\",\"urlTemplate\":\"https:\/\/orthodoxalbania.org\/2020\/?s={search_term_string}\"},\"query-input\":{\"@type\":\"PropertyValueSpecification\",\"valueRequired\":true,\"valueName\":\"search_term_string\"}}],\"inLanguage\":\"en-US\"},{\"@type\":\"Organization\",\"@id\":\"https:\/\/orthodoxalbania.org\/2020\/#organization\",\"name\":\"Kisha Orthodhokse Autoqefale e Shqip\u00ebris\u00eb\",\"url\":\"https:\/\/orthodoxalbania.org\/2020\/\",\"logo\":{\"@type\":\"ImageObject\",\"inLanguage\":\"en-US\",\"@id\":\"https:\/\/orthodoxalbania.org\/2020\/#\/schema\/logo\/image\/\",\"url\":\"https:\/\/orthodoxalbania.org\/2020\/wp-content\/uploads\/2020\/05\/albania.jpeg\",\"contentUrl\":\"https:\/\/orthodoxalbania.org\/2020\/wp-content\/uploads\/2020\/05\/albania.jpeg\",\"width\":540,\"height\":540,\"caption\":\"Kisha Orthodhokse Autoqefale e Shqip\u00ebris\u00eb\"},\"image\":{\"@id\":\"https:\/\/orthodoxalbania.org\/2020\/#\/schema\/logo\/image\/\"},\"sameAs\":[\"https:\/\/www.facebook.com\/koash1991\"]},{\"@type\":\"Person\",\"@id\":\"https:\/\/orthodoxalbania.org\/2020\/#\/schema\/person\/0c387634a7063ac612d7ed9ce71c7e86\",\"name\":\"Kisha Orthodhokse\",\"image\":{\"@type\":\"ImageObject\",\"inLanguage\":\"en-US\",\"@id\":\"https:\/\/secure.gravatar.com\/avatar\/596e7c417251e30f2fbb9c00e026fce61a695a00e51c889caded71c96cbbdde5?s=96&d=mm&r=g\",\"url\":\"https:\/\/secure.gravatar.com\/avatar\/596e7c417251e30f2fbb9c00e026fce61a695a00e51c889caded71c96cbbdde5?s=96&d=mm&r=g\",\"contentUrl\":\"https:\/\/secure.gravatar.com\/avatar\/596e7c417251e30f2fbb9c00e026fce61a695a00e51c889caded71c96cbbdde5?s=96&d=mm&r=g\",\"caption\":\"Kisha Orthodhokse\"}}]}<\/script>\n<!-- \/ Yoast SEO plugin. -->","yoast_head_json":{"title":"Fillojn\u00eb me shum\u00eb g\u00ebzim aktivitetet n\u00eb qendrat orthodhokse t\u00eb f\u00ebmij\u00ebve. (Tetor 2013) - Kisha Orthodh\u03bfkse Autoqefale e Shqip\u00ebris\u00eb","robots":{"index":"index","follow":"follow","max-snippet":"max-snippet:-1","max-image-preview":"max-image-preview:large","max-video-preview":"max-video-preview:-1"},"canonical":"https:\/\/orthodoxalbania.org\/2020\/2013\/11\/01\/fillojne-me-shume-gezim-aktivitetet-ne-qendrat-orthodhokse-te-femijeve\/","og_locale":"en_US","og_type":"article","og_title":"Fillojn\u00eb me shum\u00eb g\u00ebzim aktivitetet n\u00eb qendrat orthodhokse t\u00eb f\u00ebmij\u00ebve. (Tetor 2013) - Kisha Orthodh\u03bfkse Autoqefale e Shqip\u00ebris\u00eb","og_description":"&nbsp;&nbsp;&nbsp; Bashk\u00eb me nisjen e vitit shkollor filloi edhe aktiviteti i p\u00ebrjavsh\u00ebm n\u00eb qendrat e f\u00ebmij\u00ebve t\u00eb Kish\u00ebs son\u00eb. F\u00ebmij\u00eb t\u00eb mosh\u00ebs 6 &#8211; 13 vje\u00e7, kan\u00eb mund\u00ebsin\u00eb q\u00eb t\u00eb jen\u00eb pjes\u00eb e programit, i cili sivjet ka tem\u00ebn \u201cUn\u00eb jam qytetar i Mbret\u00ebris\u00eb s\u00eb Per\u00ebndis\u00eb\u201d. N\u00eb Tiran\u00eb funksionojn\u00eb 5 qendra t\u00eb tilla, q\u00eb jan\u00eb: n\u00eb kompleksin e Katedrales s\u00eb Re \u201cNgjallja e Krishtit\u201d, n\u00eb","og_url":"https:\/\/orthodoxalbania.org\/2020\/2013\/11\/01\/fillojne-me-shume-gezim-aktivitetet-ne-qendrat-orthodhokse-te-femijeve\/","og_site_name":"Kisha Orthodh\u03bfkse Autoqefale e Shqip\u00ebris\u00eb","article_publisher":"https:\/\/www.facebook.com\/koash1991","article_published_time":"2013-11-01T09:35:43+00:00","article_modified_time":"2020-04-06T20:05:30+00:00","og_image":[{"url":"https:\/\/lh5.googleusercontent.com\/-DxUt-BS2gus\/UnNzCWb0k6I\/AAAAAAAAGyA\/Fh411bbhdGg\/w702-h527-no\/photo+2.JPG","type":"","width":"","height":""}],"author":"Kisha Orthodhokse","twitter_card":"summary_large_image","twitter_misc":{"Written by":"Kisha Orthodhokse","Est. reading time":"2 minutes"},"schema":{"@context":"https:\/\/schema.org","@graph":[{"@type":"Article","@id":"https:\/\/orthodoxalbania.org\/2020\/2013\/11\/01\/fillojne-me-shume-gezim-aktivitetet-ne-qendrat-orthodhokse-te-femijeve\/#article","isPartOf":{"@id":"https:\/\/orthodoxalbania.org\/2020\/2013\/11\/01\/fillojne-me-shume-gezim-aktivitetet-ne-qendrat-orthodhokse-te-femijeve\/"},"author":{"name":"Kisha Orthodhokse","@id":"https:\/\/orthodoxalbania.org\/2020\/#\/schema\/person\/0c387634a7063ac612d7ed9ce71c7e86"},"headline":"Fillojn\u00eb me shum\u00eb g\u00ebzim aktivitetet n\u00eb qendrat orthodhokse t\u00eb f\u00ebmij\u00ebve. (Tetor 2013)","datePublished":"2013-11-01T09:35:43+00:00","dateModified":"2020-04-06T20:05:30+00:00","mainEntityOfPage":{"@id":"https:\/\/orthodoxalbania.org\/2020\/2013\/11\/01\/fillojne-me-shume-gezim-aktivitetet-ne-qendrat-orthodhokse-te-femijeve\/"},"wordCount":472,"commentCount":0,"publisher":{"@id":"https:\/\/orthodoxalbania.org\/2020\/#organization"},"image":{"@id":"https:\/\/orthodoxalbania.org\/2020\/2013\/11\/01\/fillojne-me-shume-gezim-aktivitetet-ne-qendrat-orthodhokse-te-femijeve\/#primaryimage"},"thumbnailUrl":"https:\/\/lh5.googleusercontent.com\/-DxUt-BS2gus\/UnNzCWb0k6I\/AAAAAAAAGyA\/Fh411bbhdGg\/w702-h527-no\/photo+2.JPG","keywords":["2013","Aktivitete","Institucione Parashkollore t\u00eb Kish\u00ebs Orthodhokse","Kryepiskopata Tiran\u00eb","lajme"],"articleSection":["Lajme"],"inLanguage":"en-US"},{"@type":"WebPage","@id":"https:\/\/orthodoxalbania.org\/2020\/2013\/11\/01\/fillojne-me-shume-gezim-aktivitetet-ne-qendrat-orthodhokse-te-femijeve\/","url":"https:\/\/orthodoxalbania.org\/2020\/2013\/11\/01\/fillojne-me-shume-gezim-aktivitetet-ne-qendrat-orthodhokse-te-femijeve\/","name":"Fillojn\u00eb me shum\u00eb g\u00ebzim aktivitetet n\u00eb qendrat orthodhokse t\u00eb f\u00ebmij\u00ebve. (Tetor 2013) - Kisha Orthodh\u03bfkse Autoqefale e Shqip\u00ebris\u00eb","isPartOf":{"@id":"https:\/\/orthodoxalbania.org\/2020\/#website"},"primaryImageOfPage":{"@id":"https:\/\/orthodoxalbania.org\/2020\/2013\/11\/01\/fillojne-me-shume-gezim-aktivitetet-ne-qendrat-orthodhokse-te-femijeve\/#primaryimage"},"image":{"@id":"https:\/\/orthodoxalbania.org\/2020\/2013\/11\/01\/fillojne-me-shume-gezim-aktivitetet-ne-qendrat-orthodhokse-te-femijeve\/#primaryimage"},"thumbnailUrl":"https:\/\/lh5.googleusercontent.com\/-DxUt-BS2gus\/UnNzCWb0k6I\/AAAAAAAAGyA\/Fh411bbhdGg\/w702-h527-no\/photo+2.JPG","datePublished":"2013-11-01T09:35:43+00:00","dateModified":"2020-04-06T20:05:30+00:00","breadcrumb":{"@id":"https:\/\/orthodoxalbania.org\/2020\/2013\/11\/01\/fillojne-me-shume-gezim-aktivitetet-ne-qendrat-orthodhokse-te-femijeve\/#breadcrumb"},"inLanguage":"en-US","potentialAction":[{"@type":"ReadAction","target":["https:\/\/orthodoxalbania.org\/2020\/2013\/11\/01\/fillojne-me-shume-gezim-aktivitetet-ne-qendrat-orthodhokse-te-femijeve\/"]}]},{"@type":"ImageObject","inLanguage":"en-US","@id":"https:\/\/orthodoxalbania.org\/2020\/2013\/11\/01\/fillojne-me-shume-gezim-aktivitetet-ne-qendrat-orthodhokse-te-femijeve\/#primaryimage","url":"https:\/\/lh5.googleusercontent.com\/-DxUt-BS2gus\/UnNzCWb0k6I\/AAAAAAAAGyA\/Fh411bbhdGg\/w702-h527-no\/photo+2.JPG","contentUrl":"https:\/\/lh5.googleusercontent.com\/-DxUt-BS2gus\/UnNzCWb0k6I\/AAAAAAAAGyA\/Fh411bbhdGg\/w702-h527-no\/photo+2.JPG"},{"@type":"BreadcrumbList","@id":"https:\/\/orthodoxalbania.org\/2020\/2013\/11\/01\/fillojne-me-shume-gezim-aktivitetet-ne-qendrat-orthodhokse-te-femijeve\/#breadcrumb","itemListElement":[{"@type":"ListItem","position":1,"name":"Home","item":"https:\/\/orthodoxalbania.org\/2020\/"},{"@type":"ListItem","position":2,"name":"Fillojn\u00eb me shum\u00eb g\u00ebzim aktivitetet n\u00eb qendrat orthodhokse t\u00eb f\u00ebmij\u00ebve. (Tetor 2013)"}]},{"@type":"WebSite","@id":"https:\/\/orthodoxalbania.org\/2020\/#website","url":"https:\/\/orthodoxalbania.org\/2020\/","name":"Kisha Orthodh\u03bfkse Autoqefale e Shqip\u00ebris\u00eb","description":"Fqja Zyrtare e Kish\u00ebs Orthodhokse Autoqefale e Shqip\u00ebris\u00eb me lajmet edhe informacionet zyrtare p\u00ebr struktur\u00ebn edhe veprimtarin e saj.","publisher":{"@id":"https:\/\/orthodoxalbania.org\/2020\/#organization"},"potentialAction":[{"@type":"SearchAction","target":{"@type":"EntryPoint","urlTemplate":"https:\/\/orthodoxalbania.org\/2020\/?s={search_term_string}"},"query-input":{"@type":"PropertyValueSpecification","valueRequired":true,"valueName":"search_term_string"}}],"inLanguage":"en-US"},{"@type":"Organization","@id":"https:\/\/orthodoxalbania.org\/2020\/#organization","name":"Kisha Orthodhokse Autoqefale e Shqip\u00ebris\u00eb","url":"https:\/\/orthodoxalbania.org\/2020\/","logo":{"@type":"ImageObject","inLanguage":"en-US","@id":"https:\/\/orthodoxalbania.org\/2020\/#\/schema\/logo\/image\/","url":"https:\/\/orthodoxalbania.org\/2020\/wp-content\/uploads\/2020\/05\/albania.jpeg","contentUrl":"https:\/\/orthodoxalbania.org\/2020\/wp-content\/uploads\/2020\/05\/albania.jpeg","width":540,"height":540,"caption":"Kisha Orthodhokse Autoqefale e Shqip\u00ebris\u00eb"},"image":{"@id":"https:\/\/orthodoxalbania.org\/2020\/#\/schema\/logo\/image\/"},"sameAs":["https:\/\/www.facebook.com\/koash1991"]},{"@type":"Person","@id":"https:\/\/orthodoxalbania.org\/2020\/#\/schema\/person\/0c387634a7063ac612d7ed9ce71c7e86","name":"Kisha Orthodhokse","image":{"@type":"ImageObject","inLanguage":"en-US","@id":"https:\/\/secure.gravatar.com\/avatar\/596e7c417251e30f2fbb9c00e026fce61a695a00e51c889caded71c96cbbdde5?s=96&d=mm&r=g","url":"https:\/\/secure.gravatar.com\/avatar\/596e7c417251e30f2fbb9c00e026fce61a695a00e51c889caded71c96cbbdde5?s=96&d=mm&r=g","contentUrl":"https:\/\/secure.gravatar.com\/avatar\/596e7c417251e30f2fbb9c00e026fce61a695a00e51c889caded71c96cbbdde5?s=96&d=mm&r=g","caption":"Kisha Orthodhokse"}}]}},"_links":{"self":[{"href":"https:\/\/orthodoxalbania.org\/2020\/wp-json\/wp\/v2\/posts\/572","targetHints":{"allow":["GET"]}}],"collection":[{"href":"https:\/\/orthodoxalbania.org\/2020\/wp-json\/wp\/v2\/posts"}],"about":[{"href":"https:\/\/orthodoxalbania.org\/2020\/wp-json\/wp\/v2\/types\/post"}],"author":[{"embeddable":true,"href":"https:\/\/orthodoxalbania.org\/2020\/wp-json\/wp\/v2\/users\/1"}],"replies":[{"embeddable":true,"href":"https:\/\/orthodoxalbania.org\/2020\/wp-json\/wp\/v2\/comments?post=572"}],"version-history":[{"count":1,"href":"https:\/\/orthodoxalbania.org\/2020\/wp-json\/wp\/v2\/posts\/572\/revisions"}],"predecessor-version":[{"id":15164,"href":"https:\/\/orthodoxalbania.org\/2020\/wp-json\/wp\/v2\/posts\/572\/revisions\/15164"}],"wp:attachment":[{"href":"https:\/\/orthodoxalbania.org\/2020\/wp-json\/wp\/v2\/media?parent=572"}],"wp:term":[{"taxonomy":"category","embeddable":true,"href":"https:\/\/orthodoxalbania.org\/2020\/wp-json\/wp\/v2\/categories?post=572"},{"taxonomy":"post_tag","embeddable":true,"href":"https:\/\/orthodoxalbania.org\/2020\/wp-json\/wp\/v2\/tags?post=572"}],"curies":[{"name":"wp","href":"https:\/\/api.w.org\/{rel}","templated":true}]}}