{"id":57112,"date":"2021-12-05T18:00:30","date_gmt":"2021-12-05T17:00:30","guid":{"rendered":"https:\/\/orthodoxalbania.org\/2020\/?p=57112"},"modified":"2021-12-06T11:27:37","modified_gmt":"2021-12-06T10:27:37","slug":"e-diela-x-e-llukait-sherimi-i-gruas-se-kerrusur-nga-mitropoliti-i-beratit-vlores-dhe-kanines-h-ignati-05-12-2021-tekst","status":"publish","type":"post","link":"https:\/\/orthodoxalbania.org\/2020\/2021\/12\/05\/e-diela-x-e-llukait-sherimi-i-gruas-se-kerrusur-nga-mitropoliti-i-beratit-vlores-dhe-kanines-h-ignati-05-12-2021-tekst\/","title":{"rendered":"E Diela X e Llukait, Sh\u00ebrimi i gruas s\u00eb k\u00ebrrusur, nga Mitropoliti i Beratit Vlor\u00ebs dhe Kanin\u00ebs, H. Ignati, 05.12.2021 (Tekst)"},"content":{"rendered":"<h4 style=\"text-align: center;\"><span class=\"ez-toc-section\" id=\"E_Diela_X_e_Llukait_Sherimi_i_gruas_se_kerrusur_nga_Mitropoliti_i_Beratit_Vlores_dhe_Kanines_H_Ignati_05122021_Tekst\"><\/span><strong>E Diela X e Llukait, Sh\u00ebrimi i gruas s\u00eb k\u00ebrrusur, nga Mitropoliti i Beratit Vlor\u00ebs dhe Kanin\u00ebs, H. Ignati, 05.12.2021 (Tekst)<\/strong><span class=\"ez-toc-section-end\"><\/span><\/h4>\n<p style=\"text-align: justify;\">\n<p style=\"text-align: justify;\">\n<p style=\"text-align: justify;\">\u201cI pari i sinagog\u00ebs u p\u00ebrgjigj me zem\u00ebrim, sepse Jisui dit\u00ebn e shtun\u00eb e sh\u00ebroi, dhe i thoshte turm\u00ebs: Gjasht\u00eb dit\u00eb jan\u00eb, n\u00eb t\u00eb cilat duhet t\u00eb punoni; nd\u00ebr k\u00ebto pra ejani e sh\u00ebrohuni e jo dit\u00ebn e shtun\u00eb.\u201d(v. 14)<\/p>\n<p style=\"text-align: justify;\">Sot Ungjilli i shenjt\u00eb na tregon, se nj\u00eb t\u00eb shtun\u00eb Zoti gjendej n\u00eb nj\u00eb sinagog\u00eb dhe predikonte. Ungjillori i shenjt\u00eb nuk na thot\u00eb se cila ishte tema e m\u00ebsimdh\u00ebnies at\u00eb t\u00eb shtun\u00eb. Por, mund t\u00eb imagjinojm\u00eb, se me \u00e7far\u00eb toni dhe me \u00e7far\u00eb pushteti, m\u00ebsonte M\u00ebsuesi hyjnor, sa q\u00eb ata q\u00eb e d\u00ebgjonin ishin t\u00eb rob\u00ebruar nga fjala e Tij. Ai u fliste me goj\u00eb dhe ata i flisnin me sy; dhe k\u00ebrcente zemra e tyre. I till\u00eb \u00ebsht\u00eb gjithnj\u00eb dialogu brenda Kish\u00ebs, kur b\u00ebhet predikimi dhe kur predikimi \u00ebsht\u00eb fjala dhe e v\u00ebrteta e Per\u00ebndis\u00eb.<\/p>\n<p style=\"text-align: justify;\">\n<h4 style=\"text-align: center;\"><span class=\"ez-toc-section\" id=\"I\"><\/span><strong>I<\/strong><span class=\"ez-toc-section-end\"><\/span><\/h4>\n<p style=\"text-align: justify;\">\n<p style=\"text-align: justify;\">Midis atyre q\u00eb e d\u00ebgjonin, Krishti dalloi nj\u00eb grua t\u00eb k\u00ebrrusur nga s\u00ebmundja. Fjala e Tij fliste brenda zemr\u00ebs s\u00eb saj, q\u00eb e kishte zbutur dhimbja e s\u00ebmundjes shum\u00ebvje\u00e7are. Syt\u00eb e saj rridhnin lot, ai lot q\u00eb \u00ebsht\u00eb bashk\u00eb g\u00ebzim dhe hidh\u00ebrim; g\u00ebzim-hidh\u00ebrimi i shenjtor\u00ebve. N\u00eb k\u00ebt\u00eb gjendje shpirt\u00ebrore nuk di, cila \u00ebsht\u00eb m\u00eb e mira, t\u00eb jesh i s\u00ebmur\u00eb apo t\u00eb jesh i sh\u00ebndosh\u00eb. N\u00eb k\u00ebt\u00eb situat\u00eb e pa Zoti dhe i tha: \u201cgrua e mir\u00eb, je e \u00e7liruar nga s\u00ebmundja jote\u201d. Duke th\u00ebn\u00eb k\u00ebshtu, vendosi duart mbi t\u00eb dhe ajo u \u00e7ua menj\u00ebher\u00eb dhe lavd\u00ebroi Per\u00ebndin\u00eb. T\u00eb gjith\u00eb e admiruan Krishtin. P\u00ebrve\u00e7 t\u00eb parit t\u00eb sinagog\u00ebs. Ai u hidh\u00ebrua shum\u00eb. Kujtoi, se vet\u00ebm ai kishte vler\u00eb. Smira e tij e b\u00ebri t\u00eb humbas\u00eb logjik\u00ebn. Dhe me pretekstin gjoja t\u00eb shprestaris\u00eb, i zem\u00ebruar, filloi t\u2019i thot\u00eb popullit: \u201cgjasht\u00eb dit\u00eb jan\u00eb, n\u00eb t\u00eb cilat duhet t\u00eb punoni; nd\u00ebr k\u00ebto pra ejani e sh\u00ebrohuni e jo dit\u00ebn e shtun\u00eb\u201d(v. 14). Ai mbase do t\u00eb vazhdonte t\u00eb thoshte edhe t\u00eb tjera, por Krishti e nd\u00ebrpreu dhe me nj\u00eb ton t\u00eb rrept\u00eb dhe t\u00eb pap\u00ebrs\u00ebritsh\u00ebm i tha: \u201cHipokrit, gjithsecili prej jush dit\u00ebn e shtun\u00eb a nuk zgjidh kaun e tij a gomarin e tij nga grazhdi, edhe e sjell e i jep uj\u00eb? Edhe kjo, q\u00eb \u00ebsht\u00eb bija e Abrahamit, t\u00eb cil\u00ebn ja tek e pati lidhur satanai tet\u00ebmb\u00ebdhjet\u00eb vjet, a nuk duhej t\u00eb zgjidhej prej k\u00ebsaj lidhjeje dit\u00ebn e shtun\u00eb?\u201d Jisu Krishti, sa i dhimbsur ishte tek t\u00eb p\u00ebrulurit aq m\u00eb tep\u00ebr ishte i rrept\u00eb tek hipokrit\u00ebt.<\/p>\n<p style=\"text-align: justify;\">O hipokrizi dhe smir\u00eb e t\u00eb parit t\u00eb sinagog\u00ebs! Pa se si m\u00ebsimdh\u00ebnia, aq dhe \u00e7udia e Zotit, t\u00ebrhoqi interesin e njer\u00ebzve dhe ky p\u00ebrpiqet me \u00e7do m\u00ebnyr\u00eb t\u00eb b\u00ebj\u00eb t\u00eb kot\u00eb \u00e7do ndikim t\u00eb dobish\u00ebm t\u00eb fjal\u00ebve edhe t\u00eb pun\u00ebve t\u00eb Zotit tek populli. O hipokrit, kryetar i sinagog\u00ebs, thua q\u00eb njer\u00ebzit t\u00eb vijn\u00eb n\u00eb dit\u00eb t\u00eb tjera n\u00eb sinagog\u00eb q\u00eb t\u00eb sh\u00ebrohen dhe jo dit\u00ebn e shtun\u00eb. Por cili do t\u2019i sh\u00ebronte n\u00eb ato dit\u00eb? Ti dhe t\u00eb ngjashmit me ty? Por, sa kishit sh\u00ebruar deri at\u00ebher\u00eb, q\u00eb populli t\u00eb ndjek\u00eb fjal\u00ebt tuaja? Dhe p\u00ebrderisa nuk kishit fuqi q\u00eb t\u2019i sh\u00ebronit, me \u00e7\u2019t\u00eb drejt\u00eb p\u00ebrpiqeni t\u00eb largoni popullin nga Bamir\u00ebsi njeridash\u00ebs, nga M\u00ebsuesi hyjnor, nga \u00c7udib\u00ebr\u00ebsi i t\u00ebr\u00ebfuqish\u00ebm? K\u00ebto fjal\u00eb t\u00eb Zotit, ia mbyll\u00ebn goj\u00ebn t\u00eb parit t\u00eb sinagog\u00ebs, dhe b\u00ebn\u00eb armiqt\u00eb e Tij t\u00eb turp\u00ebrohen. Por, populli q\u00eb shikonte veprat e lavdishme dhe t\u00eb mrekullueshme g\u00ebzohej p\u00ebr t\u00eb gjitha ato q\u00eb b\u00ebnte Krishti.<\/p>\n<p style=\"text-align: justify;\">\n<h4 style=\"text-align: center;\"><span class=\"ez-toc-section\" id=\"II\"><\/span><strong>II<\/strong><span class=\"ez-toc-section-end\"><\/span><\/h4>\n<p>&nbsp;<\/p>\n<p style=\"text-align: justify;\">I shtyr\u00eb nga smira, kryetari i sinagog\u00ebs, nuk mund t\u00eb b\u00ebnte gabim m\u00eb t\u00eb madh. Smira verbon dhe shkat\u00ebrron. Smira shkat\u00ebrron perandori. Prish miq\u00ebsi. Shkat\u00ebrron familje. Kush ka smir\u00eb, urren. Nuk pranon m\u00eb t\u00eb diturin se ai, m\u00eb t\u00eb fuqishmin se ai, m\u00eb t\u00eb lartin se ai. Ai q\u00eb ka smir\u00eb g\u00ebzohet n\u00eb shkat\u00ebrrimin e tjetrit. Tregues i vler\u00ebs s\u00eb v\u00ebrtet\u00eb t\u00eb njeriut \u00ebsht\u00eb pranimi i t\u00eb tjer\u00ebve. Kur g\u00ebzohesh me p\u00ebrparimin e tjetrit at\u00ebher\u00eb je m\u00eb i lart\u00eb se ai. Nj\u00eb zog n\u00eb Afrik\u00eb \u00ebsht\u00eb i zymt\u00eb kur b\u00ebn koh\u00eb e mir\u00eb dhe t\u00ebr\u00eb zogjt\u00eb e tjer\u00eb k\u00ebndojn\u00eb me ngaz\u00ebllim. G\u00ebzohet vet\u00ebm kur moti \u00ebsht\u00eb i keq dhe zogjt\u00eb e tjer\u00eb tremben e dridhen. G\u00ebzohet me shkat\u00ebrrimin. Sa e tmerrshme \u00ebsht\u00eb smira! Helm i v\u00ebrtet\u00eb.<\/p>\n<p style=\"text-align: justify;\">Njeriu q\u00eb ka smir\u00eb ushqehet dhe zhvillohet me helmin e smir\u00ebs q\u00eb derdhet nga t\u00eb p\u00ebrbrendshmet e tij. Vet helmohet. Shijon vrerin e hidhur, q\u00eb p\u00ebrgatit p\u00ebr t\u00eb tjer\u00ebt. Dhe prish akoma dhe sh\u00ebndetin e tij, pik\u00ebrisht, ashtu si hekuri q\u00eb krijon ndryshkun, ndryshk i cili kthehet dhe shkat\u00ebrron hekurin. K\u00ebshtu dhe njeriu q\u00eb ka smir\u00eb shkat\u00ebrrohet dhe shkrihet nga helmi i smir\u00ebs q\u00eb buron nga vetja e tij.<\/p>\n<p style=\"text-align: justify;\">\n<h4 style=\"text-align: center;\"><span class=\"ez-toc-section\" id=\"i\"><\/span><strong>* * *<\/strong><span class=\"ez-toc-section-end\"><\/span><\/h4>\n<p style=\"text-align: justify;\">\n<p style=\"text-align: justify;\">T\u00eb vjetrit kishin paraqitur n\u00eb m\u00ebnyr\u00eb t\u00eb p\u00ebrsosur ikon\u00ebn e njeriut q\u00eb ka smir\u00eb. Kishin skalitur mbi mermer, nj\u00eb burr\u00eb q\u00eb n\u00eb dor\u00eb mbante nj\u00eb gjarp\u00ebr t\u00eb tmerrsh\u00ebm. Gjarpri kishte futur kok\u00ebn n\u00eb gjoksin e tij dhe i hante t\u00eb p\u00ebrbrendshmet. I mjeri provonte dhimbje t\u00eb frikshme, t\u00eb cilat shpreheshin n\u00eb fytyr\u00ebn e tij. Nuk kishte kujdesin dhe fuqin\u00eb q\u00eb ta v\u00ebrviste gjarprin prej dor\u00ebs s\u00eb tij dhe t\u00eb \u00e7lirohej. Por e mbante n\u00eb duar dhe e ngrohte. Dhe e ushqente me t\u00eb p\u00ebrbrendshmet e tij dhe e rriste me gjakun e tij. Ky \u00ebsht\u00eb njeriu q\u00eb ka smir\u00eb, q\u00eb n\u00eb duart e tij mban dhe ushqen gjarprin helmues t\u00eb smir\u00ebs. Dhe ky pasion i helmon jet\u00ebn,<\/p>\n<p style=\"text-align: justify;\">i shkat\u00ebrron sh\u00ebndetin, i mbush me helm zemr\u00ebn,me nj\u00eb fjal\u00eb e b\u00ebn t\u00eb mjer\u00eb, p\u00ebrderisa t\u00eb gjitha g\u00ebzimet dhe arritjet e t\u00eb tjer\u00ebve p\u00ebrb\u00ebjn\u00eb p\u00ebr k\u00ebt\u00eb burime dhimbjesh dhe hidh\u00ebrimesh.<\/p>\n<p style=\"text-align: justify;\">Cili piktor do t\u00eb mund t\u00eb skiconte pamjen e neveritshme t\u00eb smir\u00ebs? Dhe cila pend\u00eb \u00ebsht\u00eb e aft\u00eb t\u00eb p\u00ebrshkruaj\u00eb martirizimin shpirt\u00ebror t\u00eb atij, i cili u vet d\u00ebnua t\u00eb ushqej\u00eb me mishin e tij dhe gjakun e tij gjarprin e pangopur t\u00eb smir\u00ebs?<\/p>\n<p style=\"text-align: justify;\">\n<h4 style=\"text-align: center;\"><span class=\"ez-toc-section\" id=\"i-2\"><\/span><strong>* * *<\/strong><span class=\"ez-toc-section-end\"><\/span><\/h4>\n<p style=\"text-align: justify;\">\n<p style=\"text-align: justify;\">V\u00ebllez\u00ebrit e mi t\u00eb dashur m\u00eb Krishtin, le t\u00eb ruajm\u00eb shpirtin ton\u00eb nga m\u00ebkati. Ky, kur mbizot\u00ebron dhe skllav\u00ebron njeriun, nuk e l\u00eb q\u00eb t\u00eb shoh\u00eb dhe t\u00eb pranoj\u00eb t\u00eb v\u00ebrtet\u00ebn. I shtremb\u00ebron gj\u00ebrat dhe e b\u00ebn njeriun veg\u00ebl t\u00eb smir\u00ebs dhe t\u00eb urrejtjes dhe t\u00eb egoizmit dhe t\u00eb lavdidashjes. Le t\u00eb m\u00ebsojm\u00eb nga p\u00ebrfundimet e hidhura q\u00eb solli tek i pari i sinagog\u00ebs dhe tek t\u00eb ngjashmit e tij n\u00eb t\u00eb gjitha epokat. Le t\u00eb ngjajm\u00eb me popullin besnik t\u00eb Zotit, duke d\u00ebgjuar me v\u00ebmendje fjal\u00ebn e Per\u00ebndis\u00eb dhe duke zbatuar at\u00eb, duke pranuar bekimet hyjnore t\u00eb Zotit dhe \u201cduke u g\u00ebzuar p\u00ebr t\u00eb gjitha veprat e mrekullueshme q\u00eb b\u00ebnte Zoti\u201d. U b\u00ebft\u00eb. Amin.<\/p>\n<p style=\"text-align: justify;\">\n<p style=\"text-align: right;\"><em>ME URIME T\u00cb P\u00cbRZEM\u00cbRTA DHE BEKIME T\u00cb SHUMTA:<\/em><br \/>\n<em>MITROPOLITI I BERATIT, VLOR\u00cbS DHE KANIN\u00cbS<\/em><br \/>\n<em>\u2020 IGNATI<\/em><\/p>\n<p style=\"text-align: justify;\">\n<p style=\"text-align: justify;\">\n<p style=\"text-align: justify;\">\n","protected":false},"excerpt":{"rendered":"<p>E Diela X e Llukait, Sh\u00ebrimi i gruas s\u00eb k\u00ebrrusur, nga Mitropoliti i Beratit Vlor\u00ebs dhe Kanin\u00ebs, H. Ignati, 05.12.2021 (Tekst) \u201cI pari i sinagog\u00ebs u p\u00ebrgjigj me zem\u00ebrim, sepse Jisui dit\u00ebn e shtun\u00eb e sh\u00ebroi, dhe i thoshte turm\u00ebs: Gjasht\u00eb dit\u00eb jan\u00eb, n\u00eb t\u00eb cilat duhet t\u00eb punoni; nd\u00ebr k\u00ebto pra ejani e sh\u00ebrohuni e jo dit\u00ebn e shtun\u00eb.\u201d(v. 14) Sot Ungjilli i shenjt\u00eb<\/p>\n","protected":false},"author":7,"featured_media":57115,"comment_status":"closed","ping_status":"closed","sticky":false,"template":"","format":"standard","meta":{"_acf_changed":false,"pagelayer_contact_templates":[],"_pagelayer_content":"","inline_featured_image":false,"fifu_image_url":"https:\/\/scontent-cdt1-1.xx.fbcdn.net\/v\/t39.30808-6\/261423465_4381940918584623_5221181696904516086_n.jpg?_nc_cat=110&ccb=1-5&_nc_sid=730e14&_nc_ohc=dOW6bjJykioAX-0UivJ&_nc_ht=scontent-cdt1-1.xx&oh=33cd10add68914a9d858327970e48e2a&oe=61B1F922","fifu_image_alt":"","footnotes":""},"categories":[2777],"tags":[2783,2779],"class_list":["post-57112","post","type-post","status-publish","format-standard","has-post-thumbnail","hentry","category-predikimet-e-se-dieles-festive","tag-mitropolia-e-beratit","tag-predikimet-e-se-dieles-festive"],"acf":[],"yoast_head":"<!-- This site is optimized with the Yoast SEO plugin v27.2 - https:\/\/yoast.com\/product\/yoast-seo-wordpress\/ -->\n<title>E Diela X e Llukait, Sh\u00ebrimi i gruas s\u00eb k\u00ebrrusur, nga Mitropoliti i Beratit Vlor\u00ebs dhe Kanin\u00ebs, H. Ignati, 05.12.2021 (Tekst) - Kisha Orthodh\u03bfkse Autoqefale e Shqip\u00ebris\u00eb<\/title>\n<meta name=\"robots\" content=\"index, follow, max-snippet:-1, max-image-preview:large, max-video-preview:-1\" \/>\n<link rel=\"canonical\" href=\"https:\/\/orthodoxalbania.org\/2020\/2021\/12\/05\/e-diela-x-e-llukait-sherimi-i-gruas-se-kerrusur-nga-mitropoliti-i-beratit-vlores-dhe-kanines-h-ignati-05-12-2021-tekst\/\" \/>\n<meta property=\"og:locale\" content=\"en_US\" \/>\n<meta property=\"og:type\" content=\"article\" \/>\n<meta property=\"og:title\" content=\"E Diela X e Llukait, Sh\u00ebrimi i gruas s\u00eb k\u00ebrrusur, nga Mitropoliti i Beratit Vlor\u00ebs dhe Kanin\u00ebs, H. Ignati, 05.12.2021 (Tekst) - Kisha Orthodh\u03bfkse Autoqefale e Shqip\u00ebris\u00eb\" \/>\n<meta property=\"og:description\" content=\"E Diela X e Llukait, Sh\u00ebrimi i gruas s\u00eb k\u00ebrrusur, nga Mitropoliti i Beratit Vlor\u00ebs dhe Kanin\u00ebs, H. Ignati, 05.12.2021 (Tekst) \u201cI pari i sinagog\u00ebs u p\u00ebrgjigj me zem\u00ebrim, sepse Jisui dit\u00ebn e shtun\u00eb e sh\u00ebroi, dhe i thoshte turm\u00ebs: Gjasht\u00eb dit\u00eb jan\u00eb, n\u00eb t\u00eb cilat duhet t\u00eb punoni; nd\u00ebr k\u00ebto pra ejani e sh\u00ebrohuni e jo dit\u00ebn e shtun\u00eb.\u201d(v. 14) Sot Ungjilli i shenjt\u00eb\" \/>\n<meta property=\"og:url\" content=\"https:\/\/orthodoxalbania.org\/2020\/2021\/12\/05\/e-diela-x-e-llukait-sherimi-i-gruas-se-kerrusur-nga-mitropoliti-i-beratit-vlores-dhe-kanines-h-ignati-05-12-2021-tekst\/\" \/>\n<meta property=\"og:site_name\" content=\"Kisha Orthodh\u03bfkse Autoqefale e Shqip\u00ebris\u00eb\" \/>\n<meta property=\"article:publisher\" content=\"https:\/\/www.facebook.com\/koash1991\" \/>\n<meta property=\"article:published_time\" content=\"2021-12-05T17:00:30+00:00\" \/>\n<meta property=\"article:modified_time\" content=\"2021-12-06T10:27:37+00:00\" \/>\n<meta property=\"og:image\" content=\"https:\/\/scontent-cdt1-1.xx.fbcdn.net\/v\/t39.30808-6\/261423465_4381940918584623_5221181696904516086_n.jpg?_nc_cat=110&ccb=1-5&_nc_sid=730e14&_nc_ohc=dOW6bjJykioAX-0UivJ&_nc_ht=scontent-cdt1-1.xx&oh=33cd10add68914a9d858327970e48e2a&oe=61B1F922\" \/>\n<meta name=\"author\" content=\"Kisha Orthodhokse\" \/>\n<meta name=\"twitter:card\" content=\"summary_large_image\" \/>\n<meta name=\"twitter:image\" content=\"https:\/\/scontent-cdt1-1.xx.fbcdn.net\/v\/t39.30808-6\/261423465_4381940918584623_5221181696904516086_n.jpg?_nc_cat=110&ccb=1-5&_nc_sid=730e14&_nc_ohc=dOW6bjJykioAX-0UivJ&_nc_ht=scontent-cdt1-1.xx&oh=33cd10add68914a9d858327970e48e2a&oe=61B1F922\" \/>\n<meta name=\"twitter:label1\" content=\"Written by\" \/>\n\t<meta name=\"twitter:data1\" content=\"Kisha Orthodhokse\" \/>\n\t<meta name=\"twitter:label2\" content=\"Est. reading time\" \/>\n\t<meta name=\"twitter:data2\" content=\"5 minutes\" \/>\n<script type=\"application\/ld+json\" class=\"yoast-schema-graph\">{\"@context\":\"https:\/\/schema.org\",\"@graph\":[{\"@type\":\"Article\",\"@id\":\"https:\/\/orthodoxalbania.org\/2020\/2021\/12\/05\/e-diela-x-e-llukait-sherimi-i-gruas-se-kerrusur-nga-mitropoliti-i-beratit-vlores-dhe-kanines-h-ignati-05-12-2021-tekst\/#article\",\"isPartOf\":{\"@id\":\"https:\/\/orthodoxalbania.org\/2020\/2021\/12\/05\/e-diela-x-e-llukait-sherimi-i-gruas-se-kerrusur-nga-mitropoliti-i-beratit-vlores-dhe-kanines-h-ignati-05-12-2021-tekst\/\"},\"author\":{\"name\":\"Kisha Orthodhokse\",\"@id\":\"https:\/\/orthodoxalbania.org\/2020\/#\/schema\/person\/df745f942b70e045b3dc05a30211f0de\"},\"headline\":\"E Diela X e Llukait, Sh\u00ebrimi i gruas s\u00eb k\u00ebrrusur, nga Mitropoliti i Beratit Vlor\u00ebs dhe Kanin\u00ebs, H. Ignati, 05.12.2021 (Tekst)\",\"datePublished\":\"2021-12-05T17:00:30+00:00\",\"dateModified\":\"2021-12-06T10:27:37+00:00\",\"mainEntityOfPage\":{\"@id\":\"https:\/\/orthodoxalbania.org\/2020\/2021\/12\/05\/e-diela-x-e-llukait-sherimi-i-gruas-se-kerrusur-nga-mitropoliti-i-beratit-vlores-dhe-kanines-h-ignati-05-12-2021-tekst\/\"},\"wordCount\":1316,\"publisher\":{\"@id\":\"https:\/\/orthodoxalbania.org\/2020\/#organization\"},\"image\":{\"@id\":\"https:\/\/orthodoxalbania.org\/2020\/2021\/12\/05\/e-diela-x-e-llukait-sherimi-i-gruas-se-kerrusur-nga-mitropoliti-i-beratit-vlores-dhe-kanines-h-ignati-05-12-2021-tekst\/#primaryimage\"},\"thumbnailUrl\":\"https:\/\/scontent-cdt1-1.xx.fbcdn.net\/v\/t39.30808-6\/261423465_4381940918584623_5221181696904516086_n.jpg?_nc_cat=110&ccb=1-5&_nc_sid=730e14&_nc_ohc=dOW6bjJykioAX-0UivJ&_nc_ht=scontent-cdt1-1.xx&oh=33cd10add68914a9d858327970e48e2a&oe=61B1F922\",\"keywords\":[\"Mitropolia e Beratit\",\"Predikimet e se Dieles &amp; Festive\"],\"articleSection\":[\"Predikimet e se Dieles &amp; Festive\"],\"inLanguage\":\"en-US\"},{\"@type\":\"WebPage\",\"@id\":\"https:\/\/orthodoxalbania.org\/2020\/2021\/12\/05\/e-diela-x-e-llukait-sherimi-i-gruas-se-kerrusur-nga-mitropoliti-i-beratit-vlores-dhe-kanines-h-ignati-05-12-2021-tekst\/\",\"url\":\"https:\/\/orthodoxalbania.org\/2020\/2021\/12\/05\/e-diela-x-e-llukait-sherimi-i-gruas-se-kerrusur-nga-mitropoliti-i-beratit-vlores-dhe-kanines-h-ignati-05-12-2021-tekst\/\",\"name\":\"E Diela X e Llukait, Sh\u00ebrimi i gruas s\u00eb k\u00ebrrusur, nga Mitropoliti i Beratit Vlor\u00ebs dhe Kanin\u00ebs, H. Ignati, 05.12.2021 (Tekst) - Kisha Orthodh\u03bfkse Autoqefale e Shqip\u00ebris\u00eb\",\"isPartOf\":{\"@id\":\"https:\/\/orthodoxalbania.org\/2020\/#website\"},\"primaryImageOfPage\":{\"@id\":\"https:\/\/orthodoxalbania.org\/2020\/2021\/12\/05\/e-diela-x-e-llukait-sherimi-i-gruas-se-kerrusur-nga-mitropoliti-i-beratit-vlores-dhe-kanines-h-ignati-05-12-2021-tekst\/#primaryimage\"},\"image\":{\"@id\":\"https:\/\/orthodoxalbania.org\/2020\/2021\/12\/05\/e-diela-x-e-llukait-sherimi-i-gruas-se-kerrusur-nga-mitropoliti-i-beratit-vlores-dhe-kanines-h-ignati-05-12-2021-tekst\/#primaryimage\"},\"thumbnailUrl\":\"https:\/\/scontent-cdt1-1.xx.fbcdn.net\/v\/t39.30808-6\/261423465_4381940918584623_5221181696904516086_n.jpg?_nc_cat=110&ccb=1-5&_nc_sid=730e14&_nc_ohc=dOW6bjJykioAX-0UivJ&_nc_ht=scontent-cdt1-1.xx&oh=33cd10add68914a9d858327970e48e2a&oe=61B1F922\",\"datePublished\":\"2021-12-05T17:00:30+00:00\",\"dateModified\":\"2021-12-06T10:27:37+00:00\",\"breadcrumb\":{\"@id\":\"https:\/\/orthodoxalbania.org\/2020\/2021\/12\/05\/e-diela-x-e-llukait-sherimi-i-gruas-se-kerrusur-nga-mitropoliti-i-beratit-vlores-dhe-kanines-h-ignati-05-12-2021-tekst\/#breadcrumb\"},\"inLanguage\":\"en-US\",\"potentialAction\":[{\"@type\":\"ReadAction\",\"target\":[\"https:\/\/orthodoxalbania.org\/2020\/2021\/12\/05\/e-diela-x-e-llukait-sherimi-i-gruas-se-kerrusur-nga-mitropoliti-i-beratit-vlores-dhe-kanines-h-ignati-05-12-2021-tekst\/\"]}]},{\"@type\":\"ImageObject\",\"inLanguage\":\"en-US\",\"@id\":\"https:\/\/orthodoxalbania.org\/2020\/2021\/12\/05\/e-diela-x-e-llukait-sherimi-i-gruas-se-kerrusur-nga-mitropoliti-i-beratit-vlores-dhe-kanines-h-ignati-05-12-2021-tekst\/#primaryimage\",\"url\":\"https:\/\/scontent-cdt1-1.xx.fbcdn.net\/v\/t39.30808-6\/261423465_4381940918584623_5221181696904516086_n.jpg?_nc_cat=110&ccb=1-5&_nc_sid=730e14&_nc_ohc=dOW6bjJykioAX-0UivJ&_nc_ht=scontent-cdt1-1.xx&oh=33cd10add68914a9d858327970e48e2a&oe=61B1F922\",\"contentUrl\":\"https:\/\/scontent-cdt1-1.xx.fbcdn.net\/v\/t39.30808-6\/261423465_4381940918584623_5221181696904516086_n.jpg?_nc_cat=110&ccb=1-5&_nc_sid=730e14&_nc_ohc=dOW6bjJykioAX-0UivJ&_nc_ht=scontent-cdt1-1.xx&oh=33cd10add68914a9d858327970e48e2a&oe=61B1F922\",\"width\":\"805\",\"height\":\"556\"},{\"@type\":\"BreadcrumbList\",\"@id\":\"https:\/\/orthodoxalbania.org\/2020\/2021\/12\/05\/e-diela-x-e-llukait-sherimi-i-gruas-se-kerrusur-nga-mitropoliti-i-beratit-vlores-dhe-kanines-h-ignati-05-12-2021-tekst\/#breadcrumb\",\"itemListElement\":[{\"@type\":\"ListItem\",\"position\":1,\"name\":\"Home\",\"item\":\"https:\/\/orthodoxalbania.org\/2020\/\"},{\"@type\":\"ListItem\",\"position\":2,\"name\":\"E Diela X e Llukait, Sh\u00ebrimi i gruas s\u00eb k\u00ebrrusur, nga Mitropoliti i Beratit Vlor\u00ebs dhe Kanin\u00ebs, H. Ignati, 05.12.2021 (Tekst)\"}]},{\"@type\":\"WebSite\",\"@id\":\"https:\/\/orthodoxalbania.org\/2020\/#website\",\"url\":\"https:\/\/orthodoxalbania.org\/2020\/\",\"name\":\"Kisha Orthodh\u03bfkse Autoqefale e Shqip\u00ebris\u00eb\",\"description\":\"Fqja Zyrtare e Kish\u00ebs Orthodhokse Autoqefale e Shqip\u00ebris\u00eb me lajmet edhe informacionet zyrtare p\u00ebr struktur\u00ebn edhe veprimtarin e saj.\",\"publisher\":{\"@id\":\"https:\/\/orthodoxalbania.org\/2020\/#organization\"},\"potentialAction\":[{\"@type\":\"SearchAction\",\"target\":{\"@type\":\"EntryPoint\",\"urlTemplate\":\"https:\/\/orthodoxalbania.org\/2020\/?s={search_term_string}\"},\"query-input\":{\"@type\":\"PropertyValueSpecification\",\"valueRequired\":true,\"valueName\":\"search_term_string\"}}],\"inLanguage\":\"en-US\"},{\"@type\":\"Organization\",\"@id\":\"https:\/\/orthodoxalbania.org\/2020\/#organization\",\"name\":\"Kisha Orthodhokse Autoqefale e Shqip\u00ebris\u00eb\",\"url\":\"https:\/\/orthodoxalbania.org\/2020\/\",\"logo\":{\"@type\":\"ImageObject\",\"inLanguage\":\"en-US\",\"@id\":\"https:\/\/orthodoxalbania.org\/2020\/#\/schema\/logo\/image\/\",\"url\":\"https:\/\/orthodoxalbania.org\/2020\/wp-content\/uploads\/2020\/05\/albania.jpeg\",\"contentUrl\":\"https:\/\/orthodoxalbania.org\/2020\/wp-content\/uploads\/2020\/05\/albania.jpeg\",\"width\":540,\"height\":540,\"caption\":\"Kisha Orthodhokse Autoqefale e Shqip\u00ebris\u00eb\"},\"image\":{\"@id\":\"https:\/\/orthodoxalbania.org\/2020\/#\/schema\/logo\/image\/\"},\"sameAs\":[\"https:\/\/www.facebook.com\/koash1991\"]},{\"@type\":\"Person\",\"@id\":\"https:\/\/orthodoxalbania.org\/2020\/#\/schema\/person\/df745f942b70e045b3dc05a30211f0de\",\"name\":\"Kisha Orthodhokse\",\"image\":{\"@type\":\"ImageObject\",\"inLanguage\":\"en-US\",\"@id\":\"https:\/\/secure.gravatar.com\/avatar\/2676eb8d97178435c9f691a7871595a1da6c33542dec218bce40885573150e28?s=96&d=mm&r=g\",\"url\":\"https:\/\/secure.gravatar.com\/avatar\/2676eb8d97178435c9f691a7871595a1da6c33542dec218bce40885573150e28?s=96&d=mm&r=g\",\"contentUrl\":\"https:\/\/secure.gravatar.com\/avatar\/2676eb8d97178435c9f691a7871595a1da6c33542dec218bce40885573150e28?s=96&d=mm&r=g\",\"caption\":\"Kisha Orthodhokse\"}}]}<\/script>\n<!-- \/ Yoast SEO plugin. -->","yoast_head_json":{"title":"E Diela X e Llukait, Sh\u00ebrimi i gruas s\u00eb k\u00ebrrusur, nga Mitropoliti i Beratit Vlor\u00ebs dhe Kanin\u00ebs, H. Ignati, 05.12.2021 (Tekst) - Kisha Orthodh\u03bfkse Autoqefale e Shqip\u00ebris\u00eb","robots":{"index":"index","follow":"follow","max-snippet":"max-snippet:-1","max-image-preview":"max-image-preview:large","max-video-preview":"max-video-preview:-1"},"canonical":"https:\/\/orthodoxalbania.org\/2020\/2021\/12\/05\/e-diela-x-e-llukait-sherimi-i-gruas-se-kerrusur-nga-mitropoliti-i-beratit-vlores-dhe-kanines-h-ignati-05-12-2021-tekst\/","og_locale":"en_US","og_type":"article","og_title":"E Diela X e Llukait, Sh\u00ebrimi i gruas s\u00eb k\u00ebrrusur, nga Mitropoliti i Beratit Vlor\u00ebs dhe Kanin\u00ebs, H. Ignati, 05.12.2021 (Tekst) - Kisha Orthodh\u03bfkse Autoqefale e Shqip\u00ebris\u00eb","og_description":"E Diela X e Llukait, Sh\u00ebrimi i gruas s\u00eb k\u00ebrrusur, nga Mitropoliti i Beratit Vlor\u00ebs dhe Kanin\u00ebs, H. Ignati, 05.12.2021 (Tekst) \u201cI pari i sinagog\u00ebs u p\u00ebrgjigj me zem\u00ebrim, sepse Jisui dit\u00ebn e shtun\u00eb e sh\u00ebroi, dhe i thoshte turm\u00ebs: Gjasht\u00eb dit\u00eb jan\u00eb, n\u00eb t\u00eb cilat duhet t\u00eb punoni; nd\u00ebr k\u00ebto pra ejani e sh\u00ebrohuni e jo dit\u00ebn e shtun\u00eb.\u201d(v. 14) Sot Ungjilli i shenjt\u00eb","og_url":"https:\/\/orthodoxalbania.org\/2020\/2021\/12\/05\/e-diela-x-e-llukait-sherimi-i-gruas-se-kerrusur-nga-mitropoliti-i-beratit-vlores-dhe-kanines-h-ignati-05-12-2021-tekst\/","og_site_name":"Kisha Orthodh\u03bfkse Autoqefale e Shqip\u00ebris\u00eb","article_publisher":"https:\/\/www.facebook.com\/koash1991","article_published_time":"2021-12-05T17:00:30+00:00","article_modified_time":"2021-12-06T10:27:37+00:00","og_image":[{"url":"https:\/\/scontent-cdt1-1.xx.fbcdn.net\/v\/t39.30808-6\/261423465_4381940918584623_5221181696904516086_n.jpg?_nc_cat=110&ccb=1-5&_nc_sid=730e14&_nc_ohc=dOW6bjJykioAX-0UivJ&_nc_ht=scontent-cdt1-1.xx&oh=33cd10add68914a9d858327970e48e2a&oe=61B1F922","type":"","width":"","height":""}],"author":"Kisha Orthodhokse","twitter_card":"summary_large_image","twitter_image":"https:\/\/scontent-cdt1-1.xx.fbcdn.net\/v\/t39.30808-6\/261423465_4381940918584623_5221181696904516086_n.jpg?_nc_cat=110&ccb=1-5&_nc_sid=730e14&_nc_ohc=dOW6bjJykioAX-0UivJ&_nc_ht=scontent-cdt1-1.xx&oh=33cd10add68914a9d858327970e48e2a&oe=61B1F922","twitter_misc":{"Written by":"Kisha Orthodhokse","Est. reading time":"5 minutes"},"schema":{"@context":"https:\/\/schema.org","@graph":[{"@type":"Article","@id":"https:\/\/orthodoxalbania.org\/2020\/2021\/12\/05\/e-diela-x-e-llukait-sherimi-i-gruas-se-kerrusur-nga-mitropoliti-i-beratit-vlores-dhe-kanines-h-ignati-05-12-2021-tekst\/#article","isPartOf":{"@id":"https:\/\/orthodoxalbania.org\/2020\/2021\/12\/05\/e-diela-x-e-llukait-sherimi-i-gruas-se-kerrusur-nga-mitropoliti-i-beratit-vlores-dhe-kanines-h-ignati-05-12-2021-tekst\/"},"author":{"name":"Kisha Orthodhokse","@id":"https:\/\/orthodoxalbania.org\/2020\/#\/schema\/person\/df745f942b70e045b3dc05a30211f0de"},"headline":"E Diela X e Llukait, Sh\u00ebrimi i gruas s\u00eb k\u00ebrrusur, nga Mitropoliti i Beratit Vlor\u00ebs dhe Kanin\u00ebs, H. Ignati, 05.12.2021 (Tekst)","datePublished":"2021-12-05T17:00:30+00:00","dateModified":"2021-12-06T10:27:37+00:00","mainEntityOfPage":{"@id":"https:\/\/orthodoxalbania.org\/2020\/2021\/12\/05\/e-diela-x-e-llukait-sherimi-i-gruas-se-kerrusur-nga-mitropoliti-i-beratit-vlores-dhe-kanines-h-ignati-05-12-2021-tekst\/"},"wordCount":1316,"publisher":{"@id":"https:\/\/orthodoxalbania.org\/2020\/#organization"},"image":{"@id":"https:\/\/orthodoxalbania.org\/2020\/2021\/12\/05\/e-diela-x-e-llukait-sherimi-i-gruas-se-kerrusur-nga-mitropoliti-i-beratit-vlores-dhe-kanines-h-ignati-05-12-2021-tekst\/#primaryimage"},"thumbnailUrl":"https:\/\/scontent-cdt1-1.xx.fbcdn.net\/v\/t39.30808-6\/261423465_4381940918584623_5221181696904516086_n.jpg?_nc_cat=110&ccb=1-5&_nc_sid=730e14&_nc_ohc=dOW6bjJykioAX-0UivJ&_nc_ht=scontent-cdt1-1.xx&oh=33cd10add68914a9d858327970e48e2a&oe=61B1F922","keywords":["Mitropolia e Beratit","Predikimet e se Dieles &amp; Festive"],"articleSection":["Predikimet e se Dieles &amp; Festive"],"inLanguage":"en-US"},{"@type":"WebPage","@id":"https:\/\/orthodoxalbania.org\/2020\/2021\/12\/05\/e-diela-x-e-llukait-sherimi-i-gruas-se-kerrusur-nga-mitropoliti-i-beratit-vlores-dhe-kanines-h-ignati-05-12-2021-tekst\/","url":"https:\/\/orthodoxalbania.org\/2020\/2021\/12\/05\/e-diela-x-e-llukait-sherimi-i-gruas-se-kerrusur-nga-mitropoliti-i-beratit-vlores-dhe-kanines-h-ignati-05-12-2021-tekst\/","name":"E Diela X e Llukait, Sh\u00ebrimi i gruas s\u00eb k\u00ebrrusur, nga Mitropoliti i Beratit Vlor\u00ebs dhe Kanin\u00ebs, H. Ignati, 05.12.2021 (Tekst) - Kisha Orthodh\u03bfkse Autoqefale e Shqip\u00ebris\u00eb","isPartOf":{"@id":"https:\/\/orthodoxalbania.org\/2020\/#website"},"primaryImageOfPage":{"@id":"https:\/\/orthodoxalbania.org\/2020\/2021\/12\/05\/e-diela-x-e-llukait-sherimi-i-gruas-se-kerrusur-nga-mitropoliti-i-beratit-vlores-dhe-kanines-h-ignati-05-12-2021-tekst\/#primaryimage"},"image":{"@id":"https:\/\/orthodoxalbania.org\/2020\/2021\/12\/05\/e-diela-x-e-llukait-sherimi-i-gruas-se-kerrusur-nga-mitropoliti-i-beratit-vlores-dhe-kanines-h-ignati-05-12-2021-tekst\/#primaryimage"},"thumbnailUrl":"https:\/\/scontent-cdt1-1.xx.fbcdn.net\/v\/t39.30808-6\/261423465_4381940918584623_5221181696904516086_n.jpg?_nc_cat=110&ccb=1-5&_nc_sid=730e14&_nc_ohc=dOW6bjJykioAX-0UivJ&_nc_ht=scontent-cdt1-1.xx&oh=33cd10add68914a9d858327970e48e2a&oe=61B1F922","datePublished":"2021-12-05T17:00:30+00:00","dateModified":"2021-12-06T10:27:37+00:00","breadcrumb":{"@id":"https:\/\/orthodoxalbania.org\/2020\/2021\/12\/05\/e-diela-x-e-llukait-sherimi-i-gruas-se-kerrusur-nga-mitropoliti-i-beratit-vlores-dhe-kanines-h-ignati-05-12-2021-tekst\/#breadcrumb"},"inLanguage":"en-US","potentialAction":[{"@type":"ReadAction","target":["https:\/\/orthodoxalbania.org\/2020\/2021\/12\/05\/e-diela-x-e-llukait-sherimi-i-gruas-se-kerrusur-nga-mitropoliti-i-beratit-vlores-dhe-kanines-h-ignati-05-12-2021-tekst\/"]}]},{"@type":"ImageObject","inLanguage":"en-US","@id":"https:\/\/orthodoxalbania.org\/2020\/2021\/12\/05\/e-diela-x-e-llukait-sherimi-i-gruas-se-kerrusur-nga-mitropoliti-i-beratit-vlores-dhe-kanines-h-ignati-05-12-2021-tekst\/#primaryimage","url":"https:\/\/scontent-cdt1-1.xx.fbcdn.net\/v\/t39.30808-6\/261423465_4381940918584623_5221181696904516086_n.jpg?_nc_cat=110&ccb=1-5&_nc_sid=730e14&_nc_ohc=dOW6bjJykioAX-0UivJ&_nc_ht=scontent-cdt1-1.xx&oh=33cd10add68914a9d858327970e48e2a&oe=61B1F922","contentUrl":"https:\/\/scontent-cdt1-1.xx.fbcdn.net\/v\/t39.30808-6\/261423465_4381940918584623_5221181696904516086_n.jpg?_nc_cat=110&ccb=1-5&_nc_sid=730e14&_nc_ohc=dOW6bjJykioAX-0UivJ&_nc_ht=scontent-cdt1-1.xx&oh=33cd10add68914a9d858327970e48e2a&oe=61B1F922","width":"805","height":"556"},{"@type":"BreadcrumbList","@id":"https:\/\/orthodoxalbania.org\/2020\/2021\/12\/05\/e-diela-x-e-llukait-sherimi-i-gruas-se-kerrusur-nga-mitropoliti-i-beratit-vlores-dhe-kanines-h-ignati-05-12-2021-tekst\/#breadcrumb","itemListElement":[{"@type":"ListItem","position":1,"name":"Home","item":"https:\/\/orthodoxalbania.org\/2020\/"},{"@type":"ListItem","position":2,"name":"E Diela X e Llukait, Sh\u00ebrimi i gruas s\u00eb k\u00ebrrusur, nga Mitropoliti i Beratit Vlor\u00ebs dhe Kanin\u00ebs, H. Ignati, 05.12.2021 (Tekst)"}]},{"@type":"WebSite","@id":"https:\/\/orthodoxalbania.org\/2020\/#website","url":"https:\/\/orthodoxalbania.org\/2020\/","name":"Kisha Orthodh\u03bfkse Autoqefale e Shqip\u00ebris\u00eb","description":"Fqja Zyrtare e Kish\u00ebs Orthodhokse Autoqefale e Shqip\u00ebris\u00eb me lajmet edhe informacionet zyrtare p\u00ebr struktur\u00ebn edhe veprimtarin e saj.","publisher":{"@id":"https:\/\/orthodoxalbania.org\/2020\/#organization"},"potentialAction":[{"@type":"SearchAction","target":{"@type":"EntryPoint","urlTemplate":"https:\/\/orthodoxalbania.org\/2020\/?s={search_term_string}"},"query-input":{"@type":"PropertyValueSpecification","valueRequired":true,"valueName":"search_term_string"}}],"inLanguage":"en-US"},{"@type":"Organization","@id":"https:\/\/orthodoxalbania.org\/2020\/#organization","name":"Kisha Orthodhokse Autoqefale e Shqip\u00ebris\u00eb","url":"https:\/\/orthodoxalbania.org\/2020\/","logo":{"@type":"ImageObject","inLanguage":"en-US","@id":"https:\/\/orthodoxalbania.org\/2020\/#\/schema\/logo\/image\/","url":"https:\/\/orthodoxalbania.org\/2020\/wp-content\/uploads\/2020\/05\/albania.jpeg","contentUrl":"https:\/\/orthodoxalbania.org\/2020\/wp-content\/uploads\/2020\/05\/albania.jpeg","width":540,"height":540,"caption":"Kisha Orthodhokse Autoqefale e Shqip\u00ebris\u00eb"},"image":{"@id":"https:\/\/orthodoxalbania.org\/2020\/#\/schema\/logo\/image\/"},"sameAs":["https:\/\/www.facebook.com\/koash1991"]},{"@type":"Person","@id":"https:\/\/orthodoxalbania.org\/2020\/#\/schema\/person\/df745f942b70e045b3dc05a30211f0de","name":"Kisha Orthodhokse","image":{"@type":"ImageObject","inLanguage":"en-US","@id":"https:\/\/secure.gravatar.com\/avatar\/2676eb8d97178435c9f691a7871595a1da6c33542dec218bce40885573150e28?s=96&d=mm&r=g","url":"https:\/\/secure.gravatar.com\/avatar\/2676eb8d97178435c9f691a7871595a1da6c33542dec218bce40885573150e28?s=96&d=mm&r=g","contentUrl":"https:\/\/secure.gravatar.com\/avatar\/2676eb8d97178435c9f691a7871595a1da6c33542dec218bce40885573150e28?s=96&d=mm&r=g","caption":"Kisha Orthodhokse"}}]}},"_links":{"self":[{"href":"https:\/\/orthodoxalbania.org\/2020\/wp-json\/wp\/v2\/posts\/57112","targetHints":{"allow":["GET"]}}],"collection":[{"href":"https:\/\/orthodoxalbania.org\/2020\/wp-json\/wp\/v2\/posts"}],"about":[{"href":"https:\/\/orthodoxalbania.org\/2020\/wp-json\/wp\/v2\/types\/post"}],"author":[{"embeddable":true,"href":"https:\/\/orthodoxalbania.org\/2020\/wp-json\/wp\/v2\/users\/7"}],"replies":[{"embeddable":true,"href":"https:\/\/orthodoxalbania.org\/2020\/wp-json\/wp\/v2\/comments?post=57112"}],"version-history":[{"count":1,"href":"https:\/\/orthodoxalbania.org\/2020\/wp-json\/wp\/v2\/posts\/57112\/revisions"}],"predecessor-version":[{"id":57114,"href":"https:\/\/orthodoxalbania.org\/2020\/wp-json\/wp\/v2\/posts\/57112\/revisions\/57114"}],"wp:featuredmedia":[{"embeddable":true,"href":"https:\/\/orthodoxalbania.org\/2020\/wp-json\/wp\/v2\/media\/57115"}],"wp:attachment":[{"href":"https:\/\/orthodoxalbania.org\/2020\/wp-json\/wp\/v2\/media?parent=57112"}],"wp:term":[{"taxonomy":"category","embeddable":true,"href":"https:\/\/orthodoxalbania.org\/2020\/wp-json\/wp\/v2\/categories?post=57112"},{"taxonomy":"post_tag","embeddable":true,"href":"https:\/\/orthodoxalbania.org\/2020\/wp-json\/wp\/v2\/tags?post=57112"}],"curies":[{"name":"wp","href":"https:\/\/api.w.org\/{rel}","templated":true}]}}