{"id":571,"date":"2009-03-13T10:09:55","date_gmt":"2009-03-13T10:09:55","guid":{"rendered":""},"modified":"2020-04-06T22:35:12","modified_gmt":"2020-04-06T20:35:12","slug":"filloi-vizita-historike-e-papes-dhe-patriarkut-te-aleksandrise-thedhorit-ii-ne-kishen-e-shqiperise","status":"publish","type":"post","link":"https:\/\/orthodoxalbania.org\/2020\/2009\/03\/13\/filloi-vizita-historike-e-papes-dhe-patriarkut-te-aleksandrise-thedhorit-ii-ne-kishen-e-shqiperise\/","title":{"rendered":"Filloi vizita historike e Pap\u00ebs dhe Patriarkut t\u00eb Aleksandris\u00eb, Thedhorit II, n\u00eb Kish\u00ebn e Shqip\u00ebris\u00eb. (31 Tetor &#8211; 5 N\u00ebntor 2009)"},"content":{"rendered":"<table border=\"0\">\n<tbody>\n<tr>\n<td>\n<div>\n<table style=\"float: left;\">\n<tbody>\n<tr>\n<td class=\"style8\">&nbsp;<\/td>\n<\/tr>\n<tr>\n<th class=\"style4\" scope=\"row\"><span style=\"font-family: tahoma,geneva,sans-serif;\"><span style=\"font-size: 12px;\"><span style=\"color: #000000;\"><img decoding=\"async\" class=\"lazyload HAa Eha\" style=\"float: left; width: 207px; height: 138px; border-width: 1px; border-style: solid; margin: 10px;\" alt=\"\" src=\"data:image\/gif;base64,R0lGODlhAQABAAAAACH5BAEKAAEALAAAAAABAAEAAAICTAEAOw==\" data-orig-src=\"https:\/\/lh6.googleusercontent.com\/-LS-vYgdvk-M\/U_xiDY48UGI\/AAAAAAAABGY\/AsNc6s-DUSc\/w800-h533-no\/q1.JPG\" \/><\/span><\/span><\/span><\/th>\n<\/tr>\n<tr>\n<td class=\"style4\">\n<div><span style=\"font-family: tahoma,geneva,sans-serif;\"><span style=\"font-size: 12px;\"><span style=\"color: #000000;\"><img decoding=\"async\" class=\"lazyload HAa Eha\" style=\"height: 138px; width: 207px; float: left; border-width: 1px; border-style: solid; margin: 10px;\" alt=\"\" src=\"data:image\/gif;base64,R0lGODlhAQABAAAAACH5BAEKAAEALAAAAAABAAEAAAICTAEAOw==\" data-orig-src=\"https:\/\/lh4.googleusercontent.com\/-FwobbDLM0WI\/U_xiFi7lBqI\/AAAAAAAABG4\/TMRs-h7i_-Y\/w800-h533-no\/q2.JPG\" \/><\/span><\/span><\/span><\/div>\n<\/td>\n<\/tr>\n<tr>\n<th class=\"style4\" scope=\"row\"><span style=\"font-family: tahoma,geneva,sans-serif;\"><span style=\"font-size: 12px;\"><span style=\"color: #000000;\"><img decoding=\"async\" class=\"lazyload HAa Eha\" style=\"height: 138px; width: 207px; float: left; border-width: 1px; border-style: solid; margin: 10px;\" alt=\"\" src=\"data:image\/gif;base64,R0lGODlhAQABAAAAACH5BAEKAAEALAAAAAABAAEAAAICTAEAOw==\" data-orig-src=\"https:\/\/lh5.googleusercontent.com\/-XKQ_Qf9E7Sg\/U_xiGAjARVI\/AAAAAAAABHA\/Iy9KfswJ-JQ\/w800-h533-no\/q3.JPG\" \/><\/span><\/span><\/span><\/th>\n<\/tr>\n<tr>\n<th class=\"style4\" scope=\"row\"><span style=\"font-family: tahoma,geneva,sans-serif;\"><span style=\"font-size: 12px;\"><span style=\"color: #000000;\"><img decoding=\"async\" class=\"lazyload HAa Eha\" style=\"height: 138px; width: 207px; float: left; border-width: 1px; border-style: solid; margin: 10px;\" alt=\"\" src=\"data:image\/gif;base64,R0lGODlhAQABAAAAACH5BAEKAAEALAAAAAABAAEAAAICTAEAOw==\" data-orig-src=\"https:\/\/lh5.googleusercontent.com\/-LefHnKJmf-4\/U_xiGpk67hI\/AAAAAAAABHk\/cPanL1rcj-Q\/w800-h533-no\/q4.JPG\" \/><\/span><\/span><\/span><\/th>\n<\/tr>\n<tr>\n<th class=\"style4\" scope=\"row\"><span style=\"font-family: tahoma,geneva,sans-serif;\"><span style=\"font-size: 12px;\"><span style=\"color: #000000;\"><img decoding=\"async\" class=\"lazyload HAa Eha\" style=\"height: 138px; width: 207px; float: left; border-width: 1px; border-style: solid; margin: 10px;\" alt=\"\" src=\"data:image\/gif;base64,R0lGODlhAQABAAAAACH5BAEKAAEALAAAAAABAAEAAAICTAEAOw==\" data-orig-src=\"https:\/\/lh5.googleusercontent.com\/-9SCgZqsMFdg\/U_xiGz15omI\/AAAAAAAABHs\/EyhkvoD2m2Y\/w800-h533-no\/q5.JPG\" \/><\/span><\/span><\/span><\/th>\n<\/tr>\n<tr>\n<th class=\"style4\" scope=\"row\"><span style=\"font-family: tahoma,geneva,sans-serif;\"><span style=\"font-size: 12px;\"><span style=\"color: #000000;\"><img decoding=\"async\" class=\"lazyload HAa Eha\" style=\"height: 138px; width: 207px; float: left; border-width: 1px; border-style: solid; margin: 10px;\" alt=\"\" src=\"data:image\/gif;base64,R0lGODlhAQABAAAAACH5BAEKAAEALAAAAAABAAEAAAICTAEAOw==\" data-orig-src=\"https:\/\/lh5.googleusercontent.com\/-M-J3115N6G4\/U_xiHrgaUPI\/AAAAAAAABHU\/een1cT_Fy7s\/w800-h533-no\/q6.JPG\" \/><\/span><\/span><\/span><\/th>\n<\/tr>\n<tr>\n<th class=\"style4\" scope=\"row\"><span style=\"font-family: tahoma,geneva,sans-serif;\"><span style=\"font-size: 12px;\"><span style=\"color: #000000;\"><img decoding=\"async\" class=\"lazyload HAa Eha\" style=\"height: 138px; width: 207px; float: left; border-width: 1px; border-style: solid; margin: 10px;\" alt=\"\" src=\"data:image\/gif;base64,R0lGODlhAQABAAAAACH5BAEKAAEALAAAAAABAAEAAAICTAEAOw==\" data-orig-src=\"https:\/\/lh6.googleusercontent.com\/-PL5fftjxf-U\/U_xiIOlh0uI\/AAAAAAAABHg\/GbCT_qbdzpM\/w800-h533-no\/q7.JPG\" \/><\/span><\/span><\/span><\/th>\n<\/tr>\n<tr>\n<th class=\"style4\" scope=\"row\"><span style=\"font-family: tahoma,geneva,sans-serif;\"><span style=\"font-size: 12px;\"><span style=\"color: #000000;\"><img decoding=\"async\" class=\"lazyload HAa Eha\" style=\"height: 138px; width: 207px; float: left; border-width: 1px; border-style: solid; margin: 10px;\" alt=\"\" src=\"data:image\/gif;base64,R0lGODlhAQABAAAAACH5BAEKAAEALAAAAAABAAEAAAICTAEAOw==\" data-orig-src=\"https:\/\/lh6.googleusercontent.com\/-v3ANsdcN6A0\/U_xiIfBsLMI\/AAAAAAAABHc\/mhOaRSM9QAQ\/w800-h533-no\/q8.JPG\" \/><\/span><\/span><\/span><\/th>\n<\/tr>\n<tr>\n<th class=\"style4\" scope=\"row\"><span style=\"font-family: tahoma,geneva,sans-serif;\"><span style=\"font-size: 12px;\"><span style=\"color: #000000;\"><img decoding=\"async\" class=\"lazyload HAa Eha\" style=\"height: 138px; width: 207px; float: left; border-width: 1px; border-style: solid; margin: 10px;\" alt=\"\" src=\"data:image\/gif;base64,R0lGODlhAQABAAAAACH5BAEKAAEALAAAAAABAAEAAAICTAEAOw==\" data-orig-src=\"https:\/\/lh6.googleusercontent.com\/-TOxdUVRliyg\/U_xiIq37h_I\/AAAAAAAABHo\/EnvKN5aDSdM\/w800-h533-no\/q9.JPG\" \/><\/span><\/span><\/span><\/th>\n<\/tr>\n<tr>\n<th class=\"style4\" scope=\"row\"><span style=\"font-family: tahoma,geneva,sans-serif;\"><span style=\"font-size: 12px;\"><span style=\"color: #000000;\"><img decoding=\"async\" class=\"lazyload HAa Eha\" style=\"height: 138px; width: 207px; float: left; border-width: 1px; border-style: solid; margin: 10px;\" alt=\"\" src=\"data:image\/gif;base64,R0lGODlhAQABAAAAACH5BAEKAAEALAAAAAABAAEAAAICTAEAOw==\" data-orig-src=\"https:\/\/lh6.googleusercontent.com\/-m2qiXdzzTwo\/U_xiDUy0mCI\/AAAAAAAABH4\/Hfn4oIU5yEo\/w800-h533-no\/q10.JPG\" \/><\/span><\/span><\/span><\/th>\n<\/tr>\n<tr>\n<th class=\"style4\" scope=\"row\"><span style=\"font-family: tahoma,geneva,sans-serif;\"><span style=\"font-size: 12px;\"><span style=\"color: #000000;\"><img decoding=\"async\" class=\"lazyload HAa Eha\" style=\"height: 138px; width: 207px; float: left; border-width: 1px; border-style: solid; margin: 10px;\" alt=\"\" src=\"data:image\/gif;base64,R0lGODlhAQABAAAAACH5BAEKAAEALAAAAAABAAEAAAICTAEAOw==\" data-orig-src=\"https:\/\/lh5.googleusercontent.com\/-1_gyI5q6JLo\/U_xiDjDixcI\/AAAAAAAABGc\/RRhq9--2Esw\/w800-h533-no\/q11.JPG\" \/><\/span><\/span><\/span><\/th>\n<\/tr>\n<tr>\n<th class=\"style4\" scope=\"row\"><span style=\"font-family: tahoma,geneva,sans-serif;\"><span style=\"font-size: 12px;\"><span style=\"color: #000000;\"><img decoding=\"async\" class=\"lazyload HAa Eha\" style=\"height: 138px; width: 207px; float: left; border-width: 1px; border-style: solid; margin: 10px;\" alt=\"\" src=\"data:image\/gif;base64,R0lGODlhAQABAAAAACH5BAEKAAEALAAAAAABAAEAAAICTAEAOw==\" data-orig-src=\"https:\/\/lh6.googleusercontent.com\/-ZVDsigEZRlc\/U_xiEJftLyI\/AAAAAAAABGk\/WugSDXtfqx8\/w800-h533-no\/q12.JPG\" \/><\/span><\/span><\/span><\/th>\n<\/tr>\n<tr>\n<th class=\"style4\" scope=\"row\"><span style=\"font-family: tahoma,geneva,sans-serif;\"><span style=\"font-size: 12px;\"><span style=\"color: #000000;\"><img decoding=\"async\" class=\"lazyload HAa Eha\" style=\"height: 138px; width: 207px; float: left; border-width: 1px; border-style: solid; margin: 10px;\" alt=\"\" src=\"data:image\/gif;base64,R0lGODlhAQABAAAAACH5BAEKAAEALAAAAAABAAEAAAICTAEAOw==\" data-orig-src=\"https:\/\/lh6.googleusercontent.com\/-vz1dklJAZAE\/U_xiEbBuIpI\/AAAAAAAABG0\/Gvodq2IlbHM\/w800-h533-no\/q13.JPG\" \/><\/span><\/span><\/span><\/th>\n<\/tr>\n<tr>\n<th class=\"style4\" scope=\"row\"><span style=\"font-family: tahoma,geneva,sans-serif;\"><span style=\"font-size: 12px;\"><span style=\"color: #000000;\"><img decoding=\"async\" class=\"lazyload HAa Eha\" style=\"height: 138px; width: 207px; float: left; border-width: 1px; border-style: solid; margin: 10px;\" alt=\"\" src=\"data:image\/gif;base64,R0lGODlhAQABAAAAACH5BAEKAAEALAAAAAABAAEAAAICTAEAOw==\" data-orig-src=\"https:\/\/lh3.googleusercontent.com\/-11NovpS-0B8\/U_xiE0TjlTI\/AAAAAAAABHw\/0_xAA0wVYEE\/w800-h533-no\/q14.JPG\" \/><\/span><\/span><\/span><\/th>\n<\/tr>\n<tr>\n<th class=\"style4\" scope=\"row\"><span style=\"font-family: tahoma,geneva,sans-serif;\"><span style=\"font-size: 12px;\"><span style=\"color: #000000;\"><\/span><\/span><\/span><\/th>\n<\/tr>\n<tr>\n<th class=\"style4\" scope=\"row\"><span style=\"font-family: tahoma,geneva,sans-serif;\"><span style=\"font-size: 12px;\"><span style=\"color: #000000;\">Foto nga: Mano Kritsotaki<\/span><\/span><\/span><\/th>\n<\/tr>\n<\/tbody>\n<\/table>\n<\/div>\n<table border=\"0\">\n<tbody>\n<tr>\n<td>\n<div>\n<div class=\"style4\"><span style=\"font-family: tahoma,geneva,sans-serif;\"><span style=\"font-size: 12px;\"><span style=\"color: #000000;\">&nbsp; <\/span><\/span><\/span><\/div>\n<div class=\"style4\"><span style=\"font-family: tahoma,geneva,sans-serif;\"><span style=\"font-size: 12px;\"><span style=\"color: #000000;\">&nbsp;&nbsp;&nbsp; Dita e par\u00eb, dat\u00eb 31.11.2009<\/span><\/span><\/span><\/div>\n<div class=\"style4\">&nbsp;<\/div>\n<div class=\"style4\" style=\"text-align: justify;\"><span style=\"font-family: tahoma,geneva,sans-serif;\"><span style=\"font-size: 12px;\"><span style=\"color: #000000;\">&nbsp;&nbsp;&nbsp; Me mb\u00ebrritjen n\u00eb aeroportin \u201cN\u00ebn\u00eb Tereza\u201d, nisi edhe realizimi i vizit\u00ebs historike t\u00eb Pap\u00ebs dhe Patriarkut t\u00eb Aleksandris\u00eb dhe gjith\u00eb Afrik\u00ebs, Imzot Theodhorit II. P\u00ebr ta pritur n\u00eb aeroport kishin dal\u00eb t\u00eb gjith\u00eb Mitropolit\u00ebt dhe episkop\u00ebt, an\u00ebtar\u00eb t\u00eb Sinodit t\u00eb Shenjt\u00eb t\u00eb Kish\u00ebs Orthodhokse Autoqefale t\u00eb Shqip\u00ebris\u00eb, t\u00eb kryesuar nga Kryepiskopi i Tiran\u00ebs, Durr\u00ebsit dhe i gjith\u00eb Shqip\u00ebris\u00eb, Anastasi. N\u00eb aeroport ndodheshin edhe klerik\u00eb nga t\u00eb kat\u00ebr dioqezat, si dhe besimtar\u00eb orthodhoks\u00eb.<\/p>\n<p> &nbsp;&nbsp;&nbsp; N\u00eb or\u00ebn 11.00, Patriarku i Aleksandris\u00eb, n\u00eb krye t\u00eb delegacionit q\u00eb e shoq\u00ebronte, q\u00eb p\u00ebrb\u00ebhej nga Hir\u00ebsia e Tij, Mitropoliti i Kampal\u00ebs dhe Eksark i gjith\u00eb Ugand\u00ebs, Imzot Jonait, nga Hir\u00ebsia e Tij, Mitropoliti i Muanzis\u00eb, Imzot Jeronimi dhe Hir\u00ebsia e Tij, Episkopi asistent, Imzot Nikodhimi i Nitris\u00eb, u fut n\u00eb oborrin e Katedrales Orthodhokse \u201cUngjill\u00ebzimi i Hyjlind\u00ebses\u201d, i cili ishte mbushur me besimtar\u00eb, q\u00eb u uronin mir\u00ebseardhjen duke psalur e duke hedhur petale lulesh dhe gjethe dafinash.<\/p>\n<p> &nbsp;&nbsp;&nbsp; Mbas sh\u00ebrbes\u00ebs s\u00eb Dhoksologjis\u00eb, q\u00eb u psal me rastin e pritjes zyrtare t\u00eb vizitor\u00ebve t\u00eb lart\u00eb t\u00eb Kish\u00ebs Aleksandriane, u shk\u00ebmbyen edhe p\u00ebrsh\u00ebndetjet e dy Primat\u00ebve.<\/p>\n<p> &nbsp;&nbsp;&nbsp; I pari q\u00eb uroi mir\u00ebseardhjen ishte Kryepiskopi Anastas, i cili n\u00eb fjal\u00ebn e tij shprehu g\u00ebzimin dhe ngaz\u00ebllimin shpirt\u00ebror q\u00eb mbushte zemrat e Sinodhit dhe popullit besimtar t\u00eb Shqip\u00ebris\u00eb. Kryepiskopi shprehu edhe mall\u00ebngjimin q\u00eb ndiente kur kujtonte takimin e par\u00eb me Patriarkun Theodhor, kur ai ishte student i vitit t\u00eb par\u00eb t\u00eb Fakultetit Teologjik t\u00eb Universitetit t\u00eb Athin\u00ebs, por edhe vitet e sh\u00ebrbimit t\u00eb tij hierapostullor n\u00eb Afrik\u00eb dhe Liturgjin\u00eb e par\u00eb n\u00eb Kampala, n\u00eb maj t\u00eb vitit 1964. Kujtimet e Kryepiskopit p\u00ebrmbanin edhe historit\u00eb e jet\u00ebve t\u00eb an\u00ebtar\u00ebve t\u00eb delegacionit, kur ata ishin akoma f\u00ebmij\u00eb e m\u00eb pas student\u00eb t\u00eb Kryepiskopit n\u00eb Athin\u00eb.<\/p>\n<p> &nbsp;&nbsp;&nbsp; M\u00eb pas, Kryepiskopi Anastas shpjegoi edhe lidhjen shpirt\u00ebrore q\u00eb ka Afrika m\u00eb Shqip\u00ebrin\u00eb, si dy stacione t\u00eb r\u00ebnd\u00ebsishme t\u00eb veprimtaris\u00eb s\u00eb Tij kishtare.<\/p>\n<p> &nbsp;&nbsp;&nbsp; N\u00eb p\u00ebrsh\u00ebndetjen e tij, Papa dhe Patriarku i Aleksandris\u00eb dhe i gjith\u00eb Afrik\u00ebs, Theodhori II, iu drejtua Kryepiskopit me fjal\u00ebt: \u201cM\u00ebsues i dashur, Ju e dini mir\u00eb q\u00eb nga qyteti i madh i Aleksandris\u00eb, i cili u nd\u00ebrtua nga ptolemejt\u00eb, pasardh\u00ebsit e Aleksandrit t\u00eb Madh, e kan\u00eb fillesat shkollat m\u00eb t\u00eb njohura teologjike dhe katekike. Teolog\u00ebt aleksandrian\u00eb kan\u00eb shpjeguar dogmat orthodhokse, duke triumfuar k\u00ebshtu mbi t\u00eb gjitha herezit\u00eb. Shikoj me g\u00ebzim n\u00eb k\u00ebt\u00eb katedrale ikonat e Sh\u00ebn Athanasit t\u00eb Madh dhe t\u00eb Sh\u00ebn Joan P\u00ebrd\u00ebllimtarit, Patriark\u00ebve t\u00eb M\u00ebdhenj t\u00eb Aleksandris\u00eb&#8230; Sa her\u00eb q\u00eb kam nevoj\u00eb p\u00ebr rip\u00ebrt\u00ebritje shpirt\u00ebrore gjej koh\u00eb dhe vizitoj viset e shkret\u00ebtir\u00ebs s\u00eb Nitris\u00eb, ku jetonin et\u00ebrit e m\u00ebdhenj eremit\u00eb, p\u00ebr t\u00eb qen\u00eb sa m\u00eb pran\u00eb frym\u00ebs s\u00eb tyre asketike&#8230;<\/p>\n<p> &nbsp;&nbsp;&nbsp; Dy Mitropolit\u00ebt afrikan\u00eb q\u00eb m\u00eb shoq\u00ebrojn\u00eb, nuk jan\u00eb zgjedhur rast\u00ebsisht t\u00eb jen\u00eb pjes\u00eb e delegacionit ton\u00eb. Ata jan\u00eb bijt\u00eb tuaj, q\u00eb i rrit\u00ebt shpirt\u00ebrisht, duke i p\u00ebrgatitur p\u00ebr detyr\u00ebn e lart\u00eb t\u00eb Episkopit. Ju hodh\u00ebt far\u00ebn e hierapostullis\u00eb n\u00eb Afrik\u00eb duke rigjall\u00ebruar nd\u00ebrgjegjen misionare t\u00eb t\u00eb gjith\u00eb Kish\u00ebs Orthodhokse.<\/p>\n<p> &nbsp;&nbsp;&nbsp; Edhe n\u00eb kujtimet e jet\u00ebs sime personale, kur isha nx\u00ebn\u00ebs n\u00eb shkoll\u00ebn e Rizarios, z\u00eb vend figura e nj\u00eb m\u00ebsuesi t\u00eb ndri\u00e7uar, q\u00eb vinte her\u00eb pas here e na vizitonte. Ishit Ju, at\u00ebher\u00eb Episkopi i Andrus\u00ebs, prej t\u00eb cilit d\u00ebgjova p\u00ebr her\u00eb t\u00eb par\u00eb p\u00ebr Afrik\u00ebn, pa e ditur akoma q\u00eb Per\u00ebndia do t\u2019i drejtonte hapat e mia drejt k\u00ebtij kontinenti kur m\u00eb tha: \u201cShko n\u00eb Afrik\u00eb dhe ngri Kryqin e Apostullit dhe Ungjillor Markut\u201d. Dhe n\u00eb k\u00ebt\u00eb muaj q\u00eb po realizojm\u00eb vizit\u00ebn ton\u00eb, k\u00ebtu pran\u00eb Jush, festojm\u00eb edhe p\u00ebrvjetorin e pest\u00eb t\u00eb fron\u00ebzimit si Patriark i Aleksandris\u00eb, si nj\u00eb simbolik\u00eb e fuqishme q\u00eb lidh dy Kishat tona.<\/p>\n<p> &nbsp;&nbsp;&nbsp; Para 10 vjet\u00ebsh k\u00ebt\u00eb Kish\u00eb martirike e vizitoi Patriarku Ekumenik, Vartholomeu I, q\u00eb \u00ebsht\u00eb edhe Episkopi i Par\u00eb n\u00eb radh\u00ebn e Orthodhoksis\u00eb. Tani, para jush, gjendet Episkopi i Dyt\u00eb n\u00eb radh\u00ebn kanonike, por q\u00eb \u00ebsht\u00eb nj\u00ebkoh\u00ebsisht edhe nx\u00ebn\u00ebsi dhe biri juaj. Nd\u00ebrkoh\u00eb q\u00eb Afrika b\u00ebn p\u00ebrparime n\u00eb shp\u00ebrndarjen e mesazhit t\u00eb Ungjillit, ne admirojm\u00eb Kish\u00ebn e Shqip\u00ebris\u00eb, q\u00eb n\u00ebn udh\u00ebheqjen e frym\u00ebzuar t\u00eb Fortlumturis\u00eb Suaj, po sh\u00ebnon ringritje t\u00eb fuqishme, ku ngado shikojm\u00eb mrekullit\u00eb e Hirit t\u00eb Per\u00ebndis\u00eb n\u00eb vepr\u00ebn tuaj. Vitet dhe brezat kalojn\u00eb dhe dikur t\u00eb gjith\u00eb do t\u00eb lexojn\u00eb se nga viset e Afrik\u00ebs dhe t\u00eb Shqip\u00ebris\u00eb kaloi figura e ndritur e Kryepiskopit Anastas, i cili ungjill\u00ebzoi dhe ringjalli shpres\u00ebn kudo. Personaliteti juaj \u00ebsht\u00eb i njohur, jo vet\u00ebm n\u00eb orthodhoksi, por n\u00eb t\u00eb gjith\u00eb bot\u00ebn. Ju na m\u00ebsuat se si t\u00eb ishim misionar\u00eb t\u00eb v\u00ebrtet\u00eb\u201d.<\/p>\n<p> &nbsp;&nbsp;&nbsp; Vizita e Patrikut Theodhor vijoi sipas programit n\u00eb Manastirin e Sh\u00ebn Vlashit. I shoq\u00ebruar nga Kryepiskopi Anastas, Primati i kontinentit afrikan pa nga af\u00ebr ambientet e Akademis\u00eb Teologjike \u201cNgjallja e Krishtit\u201d, vizitoi Skitin e Miroprur\u00ebseve dhe konviktin e vajzave, Sht\u00ebpin\u00eb orthodhokse t\u00eb f\u00ebmij\u00ebve \u201cShpresa\u201d. Ai mbolli s\u00eb bashku me Kryepiskopin dy fidan\u00eb ullinj, si simbol uniteti dhe bashk\u00ebpunimi midis Patriarkan\u00ebs s\u00eb Aleksandris\u00eb dhe Kish\u00ebs s\u00eb Shqip\u00ebris\u00eb.<\/p>\n<p> &nbsp;&nbsp;&nbsp; Patriarku i Aleksandris\u00eb n\u00eb vijim mori pjes\u00eb n\u00eb nj\u00eb drek\u00eb t\u00eb p\u00ebrbashk\u00ebt me&nbsp; stafin pedagogjik dhe student\u00ebt e Akademis\u00eb Teologjike \u201cNgjallja e Krishtit\u201d, si dhe m\u00ebsuesit dhe nx\u00ebn\u00ebsit e Liceut Kishtar \u201cKryqi i Nderuar\u201d.<\/p>\n<p> &nbsp;&nbsp;&nbsp; Gjat\u00eb takimit me student\u00ebt dhe nx\u00ebn\u00ebsit e rinj, Patriarku zhvilloi nj\u00eb bised\u00eb t\u00eb ngroht\u00eb me ta. Ai u tregoi atyre jet\u00ebn e tij dhe hapat q\u00eb ndoqi q\u00eb kur ishte n\u00eb bankat e shkoll\u00ebs dhe deri n\u00eb zgjedhjen e tij n\u00eb Fronin e Patriarkut t\u00eb Aleksandris\u00eb. M\u00eb pas mor\u00ebn fjal\u00ebn edhe an\u00ebtar\u00ebt e delegacionit, q\u00eb treguan kujtimet e tyre q\u00eb lidheshin edhe me ndihm\u00ebn q\u00eb u ka dh\u00ebn\u00eb atyre Kryepiskopi Anastas, i cili kishte parapar\u00eb tek ta, qysh prej f\u00ebmij\u00ebris\u00eb, udh\u00ebn q\u00eb do t\u00eb ndiqnin n\u00eb arsimimin dhe formimin e tyre deri n\u00eb grad\u00ebn episkopale.<\/p>\n<p> &nbsp;&nbsp;&nbsp; Kryepiskopi Anastas deklaroi se kishte nj\u00eb \u00ebnd\u00ebrr, q\u00eb shprehej n\u00eb urimin q\u00eb t\u00eb vinte nj\u00eb dit\u00eb, kur edhe Kisha e Shqip\u00ebris\u00eb t\u00eb mund t\u00eb d\u00ebrgonte bijt\u00eb e saj misionar\u00eb n\u00eb Afrik\u00eb. \u201cKeni d\u00ebgjuar shpesh her\u00eb\u201d,- vijoi Kryepiskopi,- \u201cse Hierark\u00ebt e Kish\u00ebs flasin p\u00ebr nevojat e m\u00ebdha q\u00eb kan\u00eb Kishat lokale. Kjo \u00ebsht\u00eb e v\u00ebrtet\u00eb, por \u00e7do Kish\u00eb, sado e vog\u00ebl dhe nevojtare t\u00eb jet\u00eb, duhet t\u00eb mendoj\u00eb p\u00ebr misionarizmin si nj\u00eb p\u00ebrpar\u00ebsi absolute e jet\u00ebs s\u00eb saj, sepse k\u00ebshtu bekohet edhe Kisha ku shkojn\u00eb misionar\u00ebt, por bekohet edhe fuqizohet m\u00eb shum\u00eb edhe Kisha q\u00eb i d\u00ebrgon ata. Nuk do t\u00eb jet\u00eb e larg\u00ebt dita,- p\u00ebrfundoi Kryepiskopi,- q\u00eb edhe misionar\u00eb shqiptar\u00eb do t\u00eb shkojn\u00eb n\u00eb Afrik\u00eb p\u00ebr t\u00eb p\u00ebrhapur Fjal\u00ebn e Per\u00ebndis\u00eb\u201d.<\/p>\n<p> &nbsp;&nbsp;&nbsp; Me k\u00ebt\u00eb atmosfer\u00eb dhe frym\u00eb hierapostullore u mbyll edhe dita e par\u00eb e vizit\u00ebs paq\u00ebsore dhe zyrtare e Pap\u00ebs dhe Patriarkut t\u00eb Aleksandris\u00eb dhe gjith\u00eb Afrik\u00ebs, Thedhori II. Nes\u00ebr, e diel,1 n\u00ebntor, do t\u00eb zhvillohet bashk\u00ebmeshimi Patriarkal dhe Arkieratik i t\u00eb dy Primat\u00ebve n\u00eb Katedralen Orthodhokse \u201cUngjill\u00ebzimi i Hyjlind\u00ebses\u201d, ku do t\u00eb lexohen edhe mesazhet kryesore t\u00eb Primat\u00ebve. <\/span><\/span><\/span><\/div>\n<div class=\"style4\">\n<div>\n<div><span style=\"font-family: tahoma,geneva,sans-serif;\"><span style=\"font-size: 12px;\"><span style=\"color: #000000;\"><\/span><\/span><\/span><\/div>\n<div style=\"text-align: right;\"><span style=\"font-family: tahoma,geneva,sans-serif;\"><span style=\"font-size: 12px;\"><span style=\"color: #000000;\"><strong>Aleks Curi <\/strong><\/span><\/span><\/span><\/div>\n<\/div>\n<\/div>\n<\/div>\n<\/td>\n<\/tr>\n<\/tbody>\n<\/table>\n<table border=\"0\">\n<tbody>\n<tr>\n<th scope=\"row\"><span style=\"font-family: tahoma,geneva,sans-serif;\"><span style=\"font-size: 12px;\"><span style=\"color: #000000;\"><img decoding=\"async\" class=\"lazyload HAa Eha\" style=\"height: 138px; width: 195px; border-width: 1px; border-style: solid; margin: 10px;\" alt=\"\" src=\"data:image\/gif;base64,R0lGODlhAQABAAAAACH5BAEKAAEALAAAAAABAAEAAAICTAEAOw==\" data-orig-src=\"https:\/\/lh6.googleusercontent.com\/-ai6JbVVZ-bM\/U_yA4q5nbmI\/AAAAAAAABKs\/gquY6z4ko8I\/w800-h533-no\/t1.JPG\" \/><\/span><\/span><\/span><\/th>\n<th scope=\"row\">&nbsp;<\/th>\n<td>\n<div>&nbsp;<\/div>\n<\/td>\n<td>\n<div><span style=\"font-family: tahoma,geneva,sans-serif;\"><span style=\"font-size: 12px;\"><span style=\"color: #000000;\"><img decoding=\"async\" class=\"lazyload HAa Eha\" style=\"height: 138px; width: 195px; border-width: 1px; border-style: solid; margin: 10px;\" alt=\"\" src=\"data:image\/gif;base64,R0lGODlhAQABAAAAACH5BAEKAAEALAAAAAABAAEAAAICTAEAOw==\" data-orig-src=\"https:\/\/lh5.googleusercontent.com\/-xAPY5EpnlVU\/U_yA4jH6gwI\/AAAAAAAABKw\/CwlvRIrIIBo\/w800-h533-no\/t2.JPG\" \/><\/span><\/span><\/span><\/div>\n<\/td>\n<td>\n<div>&nbsp;<\/div>\n<\/td>\n<td>\n<div>&nbsp;<\/div>\n<\/td>\n<td>\n<div><span style=\"font-family: tahoma,geneva,sans-serif;\"><span style=\"font-size: 12px;\"><span style=\"color: #000000;\"><img decoding=\"async\" class=\"lazyload HAa Eha\" style=\"height: 138px; width: 195px; border-width: 1px; border-style: solid; margin: 10px;\" alt=\"\" src=\"data:image\/gif;base64,R0lGODlhAQABAAAAACH5BAEKAAEALAAAAAABAAEAAAICTAEAOw==\" data-orig-src=\"https:\/\/lh5.googleusercontent.com\/-xAPY5EpnlVU\/U_yA4jH6gwI\/AAAAAAAABKw\/CwlvRIrIIBo\/w800-h533-no\/t2.JPG\" \/><\/span><\/span><\/span><\/div>\n<\/td>\n<\/tr>\n<\/tbody>\n<\/table>\n<table border=\"0\">\n<tbody>\n<tr>\n<th scope=\"row\"><span style=\"font-family: tahoma,geneva,sans-serif;\"><span style=\"font-size: 12px;\"><span style=\"color: #000000;\"><img decoding=\"async\" class=\"lazyload HAa Eha\" style=\"width: 139px; height: 200px; border-width: 1px; border-style: solid; margin: 10px;\" alt=\"\" src=\"data:image\/gif;base64,R0lGODlhAQABAAAAACH5BAEKAAEALAAAAAABAAEAAAICTAEAOw==\" data-orig-src=\"https:\/\/lh5.googleusercontent.com\/-1tosRtD_LBs\/U_yA5RDVLcI\/AAAAAAAABKc\/6xSZ_M3AhdA\/w533-h800-no\/t4.JPG\" \/><\/span><\/span><\/span><\/th>\n<td>\n<div><span style=\"font-family: tahoma,geneva,sans-serif;\"><span style=\"font-size: 12px;\"><span style=\"color: #000000;\"><img decoding=\"async\" class=\"lazyload HAa Eha\" style=\"width: 133px; height: 199px; border-width: 1px; border-style: solid; margin: 10px;\" alt=\"\" src=\"data:image\/gif;base64,R0lGODlhAQABAAAAACH5BAEKAAEALAAAAAABAAEAAAICTAEAOw==\" data-orig-src=\"https:\/\/lh5.googleusercontent.com\/-u914plZh-8E\/U_yA4bxpCqI\/AAAAAAAABK4\/z6M5TCzhsIY\/w533-h800-no\/f4.JPG\" \/><\/span><\/span><\/span><\/div>\n<\/td>\n<td>\n<div><span style=\"font-family: tahoma,geneva,sans-serif;\"><span style=\"font-size: 12px;\"><span style=\"color: #000000;\"><img decoding=\"async\" class=\"lazyload HAa Eha\" style=\"height: 200px; width: 133px; border-width: 1px; border-style: solid; margin: 10px;\" alt=\"\" src=\"data:image\/gif;base64,R0lGODlhAQABAAAAACH5BAEKAAEALAAAAAABAAEAAAICTAEAOw==\" data-orig-src=\"https:\/\/lh4.googleusercontent.com\/-J7X0UzGTrU8\/U_yA5cBkuSI\/AAAAAAAABK0\/919jsfRdt48\/w533-h800-no\/t5.JPG\" \/><\/span><\/span><\/span><\/div>\n<\/td>\n<td>\n<div><span style=\"font-family: tahoma,geneva,sans-serif;\"><span style=\"font-size: 12px;\"><span style=\"color: #000000;\"><img decoding=\"async\" class=\"lazyload HAa Eha\" style=\"height: 200px; width: 133px; border-width: 1px; border-style: solid; margin: 10px;\" alt=\"\" src=\"data:image\/gif;base64,R0lGODlhAQABAAAAACH5BAEKAAEALAAAAAABAAEAAAICTAEAOw==\" data-orig-src=\"https:\/\/lh3.googleusercontent.com\/-LhCwOEWlYRg\/U_yA5-PNhTI\/AAAAAAAABKk\/6_sB6BtqFFA\/w533-h800-no\/t6.JPG\" \/><\/span><\/span><\/span><\/div>\n<\/td>\n<\/tr>\n<\/tbody>\n<\/table>\n<\/td>\n<\/tr>\n<\/tbody>\n<\/table>\n","protected":false},"excerpt":{"rendered":"<p>&nbsp; Foto nga: Mano Kritsotaki &nbsp; &nbsp;&nbsp;&nbsp; Dita e par\u00eb, dat\u00eb 31.11.2009 &nbsp; &nbsp;&nbsp;&nbsp; Me mb\u00ebrritjen n\u00eb aeroportin \u201cN\u00ebn\u00eb Tereza\u201d, nisi edhe realizimi i vizit\u00ebs historike t\u00eb Pap\u00ebs dhe Patriarkut t\u00eb Aleksandris\u00eb dhe gjith\u00eb Afrik\u00ebs, Imzot Theodhorit II. P\u00ebr ta pritur n\u00eb aeroport kishin dal\u00eb t\u00eb gjith\u00eb Mitropolit\u00ebt dhe episkop\u00ebt, an\u00ebtar\u00eb t\u00eb Sinodit t\u00eb Shenjt\u00eb t\u00eb Kish\u00ebs Orthodhokse Autoqefale t\u00eb Shqip\u00ebris\u00eb, t\u00eb kryesuar nga Kryepiskopi<\/p>\n","protected":false},"author":1,"featured_media":0,"comment_status":"open","ping_status":"open","sticky":false,"template":"","format":"standard","meta":{"_acf_changed":false,"pagelayer_contact_templates":[],"_pagelayer_content":"","inline_featured_image":false,"fifu_image_url":"","fifu_image_alt":"","footnotes":""},"categories":[108],"tags":[145,153,196,201,212,202],"class_list":["post-571","post","type-post","status-publish","format-standard","hentry","category-lajme","tag-145","tag-deklarata-njoftime-zyrtare-d75","tag-tirane","tag-kryepiskopi-anastas","tag-lajme-d27","tag-papa-dhe-patriarku-i-aleksandrise-dhe-gjithe-afrikes-imzot-theodhori-ii"],"acf":[],"yoast_head":"<!-- This site is optimized with the Yoast SEO plugin v27.2 - https:\/\/yoast.com\/product\/yoast-seo-wordpress\/ -->\n<title>Filloi vizita historike e Pap\u00ebs dhe Patriarkut t\u00eb Aleksandris\u00eb, Thedhorit II, n\u00eb Kish\u00ebn e Shqip\u00ebris\u00eb. (31 Tetor - 5 N\u00ebntor 2009) - Kisha Orthodh\u03bfkse Autoqefale e Shqip\u00ebris\u00eb<\/title>\n<meta name=\"robots\" content=\"index, follow, max-snippet:-1, max-image-preview:large, max-video-preview:-1\" \/>\n<link rel=\"canonical\" href=\"https:\/\/orthodoxalbania.org\/2020\/2009\/03\/13\/filloi-vizita-historike-e-papes-dhe-patriarkut-te-aleksandrise-thedhorit-ii-ne-kishen-e-shqiperise\/\" \/>\n<meta property=\"og:locale\" content=\"en_US\" \/>\n<meta property=\"og:type\" content=\"article\" \/>\n<meta property=\"og:title\" content=\"Filloi vizita historike e Pap\u00ebs dhe Patriarkut t\u00eb Aleksandris\u00eb, Thedhorit II, n\u00eb Kish\u00ebn e Shqip\u00ebris\u00eb. (31 Tetor - 5 N\u00ebntor 2009) - Kisha Orthodh\u03bfkse Autoqefale e Shqip\u00ebris\u00eb\" \/>\n<meta property=\"og:description\" content=\"&nbsp; Foto nga: Mano Kritsotaki &nbsp; &nbsp;&nbsp;&nbsp; Dita e par\u00eb, dat\u00eb 31.11.2009 &nbsp; &nbsp;&nbsp;&nbsp; Me mb\u00ebrritjen n\u00eb aeroportin \u201cN\u00ebn\u00eb Tereza\u201d, nisi edhe realizimi i vizit\u00ebs historike t\u00eb Pap\u00ebs dhe Patriarkut t\u00eb Aleksandris\u00eb dhe gjith\u00eb Afrik\u00ebs, Imzot Theodhorit II. P\u00ebr ta pritur n\u00eb aeroport kishin dal\u00eb t\u00eb gjith\u00eb Mitropolit\u00ebt dhe episkop\u00ebt, an\u00ebtar\u00eb t\u00eb Sinodit t\u00eb Shenjt\u00eb t\u00eb Kish\u00ebs Orthodhokse Autoqefale t\u00eb Shqip\u00ebris\u00eb, t\u00eb kryesuar nga Kryepiskopi\" \/>\n<meta property=\"og:url\" content=\"https:\/\/orthodoxalbania.org\/2020\/2009\/03\/13\/filloi-vizita-historike-e-papes-dhe-patriarkut-te-aleksandrise-thedhorit-ii-ne-kishen-e-shqiperise\/\" \/>\n<meta property=\"og:site_name\" content=\"Kisha Orthodh\u03bfkse Autoqefale e Shqip\u00ebris\u00eb\" \/>\n<meta property=\"article:publisher\" content=\"https:\/\/www.facebook.com\/koash1991\" \/>\n<meta property=\"article:published_time\" content=\"2009-03-13T10:09:55+00:00\" \/>\n<meta property=\"article:modified_time\" content=\"2020-04-06T20:35:12+00:00\" \/>\n<meta property=\"og:image\" content=\"https:\/\/lh6.googleusercontent.com\/-LS-vYgdvk-M\/U_xiDY48UGI\/AAAAAAAABGY\/AsNc6s-DUSc\/w800-h533-no\/q1.JPG\" \/>\n<meta name=\"author\" content=\"Kisha Orthodhokse\" \/>\n<meta name=\"twitter:card\" content=\"summary_large_image\" \/>\n<meta name=\"twitter:label1\" content=\"Written by\" \/>\n\t<meta name=\"twitter:data1\" content=\"Kisha Orthodhokse\" \/>\n\t<meta name=\"twitter:label2\" content=\"Est. reading time\" \/>\n\t<meta name=\"twitter:data2\" content=\"7 minutes\" \/>\n<script type=\"application\/ld+json\" class=\"yoast-schema-graph\">{\"@context\":\"https:\/\/schema.org\",\"@graph\":[{\"@type\":\"Article\",\"@id\":\"https:\/\/orthodoxalbania.org\/2020\/2009\/03\/13\/filloi-vizita-historike-e-papes-dhe-patriarkut-te-aleksandrise-thedhorit-ii-ne-kishen-e-shqiperise\/#article\",\"isPartOf\":{\"@id\":\"https:\/\/orthodoxalbania.org\/2020\/2009\/03\/13\/filloi-vizita-historike-e-papes-dhe-patriarkut-te-aleksandrise-thedhorit-ii-ne-kishen-e-shqiperise\/\"},\"author\":{\"name\":\"Kisha Orthodhokse\",\"@id\":\"https:\/\/orthodoxalbania.org\/2020\/#\/schema\/person\/0c387634a7063ac612d7ed9ce71c7e86\"},\"headline\":\"Filloi vizita historike e Pap\u00ebs dhe Patriarkut t\u00eb Aleksandris\u00eb, Thedhorit II, n\u00eb Kish\u00ebn e Shqip\u00ebris\u00eb. (31 Tetor &#8211; 5 N\u00ebntor 2009)\",\"datePublished\":\"2009-03-13T10:09:55+00:00\",\"dateModified\":\"2020-04-06T20:35:12+00:00\",\"mainEntityOfPage\":{\"@id\":\"https:\/\/orthodoxalbania.org\/2020\/2009\/03\/13\/filloi-vizita-historike-e-papes-dhe-patriarkut-te-aleksandrise-thedhorit-ii-ne-kishen-e-shqiperise\/\"},\"wordCount\":1389,\"commentCount\":0,\"publisher\":{\"@id\":\"https:\/\/orthodoxalbania.org\/2020\/#organization\"},\"image\":{\"@id\":\"https:\/\/orthodoxalbania.org\/2020\/2009\/03\/13\/filloi-vizita-historike-e-papes-dhe-patriarkut-te-aleksandrise-thedhorit-ii-ne-kishen-e-shqiperise\/#primaryimage\"},\"thumbnailUrl\":\"https:\/\/lh6.googleusercontent.com\/-LS-vYgdvk-M\/U_xiDY48UGI\/AAAAAAAABGY\/AsNc6s-DUSc\/w800-h533-no\/q1.JPG\",\"keywords\":[\"2009\",\"Deklarata - Njoftime Zyrtare\",\"Kryepiskopata Tiran\u00eb\",\"Kryepiskopi Anastas\",\"lajme\",\"Papa dhe Patriarku i Aleksandris\u00eb dhe gjith\u00eb Afrik\u00ebs, Imzot Theodhori II\"],\"articleSection\":[\"Lajme\"],\"inLanguage\":\"en-US\"},{\"@type\":\"WebPage\",\"@id\":\"https:\/\/orthodoxalbania.org\/2020\/2009\/03\/13\/filloi-vizita-historike-e-papes-dhe-patriarkut-te-aleksandrise-thedhorit-ii-ne-kishen-e-shqiperise\/\",\"url\":\"https:\/\/orthodoxalbania.org\/2020\/2009\/03\/13\/filloi-vizita-historike-e-papes-dhe-patriarkut-te-aleksandrise-thedhorit-ii-ne-kishen-e-shqiperise\/\",\"name\":\"Filloi vizita historike e Pap\u00ebs dhe Patriarkut t\u00eb Aleksandris\u00eb, Thedhorit II, n\u00eb Kish\u00ebn e Shqip\u00ebris\u00eb. (31 Tetor - 5 N\u00ebntor 2009) - Kisha Orthodh\u03bfkse Autoqefale e Shqip\u00ebris\u00eb\",\"isPartOf\":{\"@id\":\"https:\/\/orthodoxalbania.org\/2020\/#website\"},\"primaryImageOfPage\":{\"@id\":\"https:\/\/orthodoxalbania.org\/2020\/2009\/03\/13\/filloi-vizita-historike-e-papes-dhe-patriarkut-te-aleksandrise-thedhorit-ii-ne-kishen-e-shqiperise\/#primaryimage\"},\"image\":{\"@id\":\"https:\/\/orthodoxalbania.org\/2020\/2009\/03\/13\/filloi-vizita-historike-e-papes-dhe-patriarkut-te-aleksandrise-thedhorit-ii-ne-kishen-e-shqiperise\/#primaryimage\"},\"thumbnailUrl\":\"https:\/\/lh6.googleusercontent.com\/-LS-vYgdvk-M\/U_xiDY48UGI\/AAAAAAAABGY\/AsNc6s-DUSc\/w800-h533-no\/q1.JPG\",\"datePublished\":\"2009-03-13T10:09:55+00:00\",\"dateModified\":\"2020-04-06T20:35:12+00:00\",\"breadcrumb\":{\"@id\":\"https:\/\/orthodoxalbania.org\/2020\/2009\/03\/13\/filloi-vizita-historike-e-papes-dhe-patriarkut-te-aleksandrise-thedhorit-ii-ne-kishen-e-shqiperise\/#breadcrumb\"},\"inLanguage\":\"en-US\",\"potentialAction\":[{\"@type\":\"ReadAction\",\"target\":[\"https:\/\/orthodoxalbania.org\/2020\/2009\/03\/13\/filloi-vizita-historike-e-papes-dhe-patriarkut-te-aleksandrise-thedhorit-ii-ne-kishen-e-shqiperise\/\"]}]},{\"@type\":\"ImageObject\",\"inLanguage\":\"en-US\",\"@id\":\"https:\/\/orthodoxalbania.org\/2020\/2009\/03\/13\/filloi-vizita-historike-e-papes-dhe-patriarkut-te-aleksandrise-thedhorit-ii-ne-kishen-e-shqiperise\/#primaryimage\",\"url\":\"https:\/\/lh6.googleusercontent.com\/-LS-vYgdvk-M\/U_xiDY48UGI\/AAAAAAAABGY\/AsNc6s-DUSc\/w800-h533-no\/q1.JPG\",\"contentUrl\":\"https:\/\/lh6.googleusercontent.com\/-LS-vYgdvk-M\/U_xiDY48UGI\/AAAAAAAABGY\/AsNc6s-DUSc\/w800-h533-no\/q1.JPG\"},{\"@type\":\"BreadcrumbList\",\"@id\":\"https:\/\/orthodoxalbania.org\/2020\/2009\/03\/13\/filloi-vizita-historike-e-papes-dhe-patriarkut-te-aleksandrise-thedhorit-ii-ne-kishen-e-shqiperise\/#breadcrumb\",\"itemListElement\":[{\"@type\":\"ListItem\",\"position\":1,\"name\":\"Home\",\"item\":\"https:\/\/orthodoxalbania.org\/2020\/\"},{\"@type\":\"ListItem\",\"position\":2,\"name\":\"Filloi vizita historike e Pap\u00ebs dhe Patriarkut t\u00eb Aleksandris\u00eb, Thedhorit II, n\u00eb Kish\u00ebn e Shqip\u00ebris\u00eb. (31 Tetor &#8211; 5 N\u00ebntor 2009)\"}]},{\"@type\":\"WebSite\",\"@id\":\"https:\/\/orthodoxalbania.org\/2020\/#website\",\"url\":\"https:\/\/orthodoxalbania.org\/2020\/\",\"name\":\"Kisha Orthodh\u03bfkse Autoqefale e Shqip\u00ebris\u00eb\",\"description\":\"Fqja Zyrtare e Kish\u00ebs Orthodhokse Autoqefale e Shqip\u00ebris\u00eb me lajmet edhe informacionet zyrtare p\u00ebr struktur\u00ebn edhe veprimtarin e saj.\",\"publisher\":{\"@id\":\"https:\/\/orthodoxalbania.org\/2020\/#organization\"},\"potentialAction\":[{\"@type\":\"SearchAction\",\"target\":{\"@type\":\"EntryPoint\",\"urlTemplate\":\"https:\/\/orthodoxalbania.org\/2020\/?s={search_term_string}\"},\"query-input\":{\"@type\":\"PropertyValueSpecification\",\"valueRequired\":true,\"valueName\":\"search_term_string\"}}],\"inLanguage\":\"en-US\"},{\"@type\":\"Organization\",\"@id\":\"https:\/\/orthodoxalbania.org\/2020\/#organization\",\"name\":\"Kisha Orthodhokse Autoqefale e Shqip\u00ebris\u00eb\",\"url\":\"https:\/\/orthodoxalbania.org\/2020\/\",\"logo\":{\"@type\":\"ImageObject\",\"inLanguage\":\"en-US\",\"@id\":\"https:\/\/orthodoxalbania.org\/2020\/#\/schema\/logo\/image\/\",\"url\":\"https:\/\/orthodoxalbania.org\/2020\/wp-content\/uploads\/2020\/05\/albania.jpeg\",\"contentUrl\":\"https:\/\/orthodoxalbania.org\/2020\/wp-content\/uploads\/2020\/05\/albania.jpeg\",\"width\":540,\"height\":540,\"caption\":\"Kisha Orthodhokse Autoqefale e Shqip\u00ebris\u00eb\"},\"image\":{\"@id\":\"https:\/\/orthodoxalbania.org\/2020\/#\/schema\/logo\/image\/\"},\"sameAs\":[\"https:\/\/www.facebook.com\/koash1991\"]},{\"@type\":\"Person\",\"@id\":\"https:\/\/orthodoxalbania.org\/2020\/#\/schema\/person\/0c387634a7063ac612d7ed9ce71c7e86\",\"name\":\"Kisha Orthodhokse\",\"image\":{\"@type\":\"ImageObject\",\"inLanguage\":\"en-US\",\"@id\":\"https:\/\/secure.gravatar.com\/avatar\/596e7c417251e30f2fbb9c00e026fce61a695a00e51c889caded71c96cbbdde5?s=96&d=mm&r=g\",\"url\":\"https:\/\/secure.gravatar.com\/avatar\/596e7c417251e30f2fbb9c00e026fce61a695a00e51c889caded71c96cbbdde5?s=96&d=mm&r=g\",\"contentUrl\":\"https:\/\/secure.gravatar.com\/avatar\/596e7c417251e30f2fbb9c00e026fce61a695a00e51c889caded71c96cbbdde5?s=96&d=mm&r=g\",\"caption\":\"Kisha Orthodhokse\"}}]}<\/script>\n<!-- \/ Yoast SEO plugin. -->","yoast_head_json":{"title":"Filloi vizita historike e Pap\u00ebs dhe Patriarkut t\u00eb Aleksandris\u00eb, Thedhorit II, n\u00eb Kish\u00ebn e Shqip\u00ebris\u00eb. (31 Tetor - 5 N\u00ebntor 2009) - Kisha Orthodh\u03bfkse Autoqefale e Shqip\u00ebris\u00eb","robots":{"index":"index","follow":"follow","max-snippet":"max-snippet:-1","max-image-preview":"max-image-preview:large","max-video-preview":"max-video-preview:-1"},"canonical":"https:\/\/orthodoxalbania.org\/2020\/2009\/03\/13\/filloi-vizita-historike-e-papes-dhe-patriarkut-te-aleksandrise-thedhorit-ii-ne-kishen-e-shqiperise\/","og_locale":"en_US","og_type":"article","og_title":"Filloi vizita historike e Pap\u00ebs dhe Patriarkut t\u00eb Aleksandris\u00eb, Thedhorit II, n\u00eb Kish\u00ebn e Shqip\u00ebris\u00eb. (31 Tetor - 5 N\u00ebntor 2009) - Kisha Orthodh\u03bfkse Autoqefale e Shqip\u00ebris\u00eb","og_description":"&nbsp; Foto nga: Mano Kritsotaki &nbsp; &nbsp;&nbsp;&nbsp; Dita e par\u00eb, dat\u00eb 31.11.2009 &nbsp; &nbsp;&nbsp;&nbsp; Me mb\u00ebrritjen n\u00eb aeroportin \u201cN\u00ebn\u00eb Tereza\u201d, nisi edhe realizimi i vizit\u00ebs historike t\u00eb Pap\u00ebs dhe Patriarkut t\u00eb Aleksandris\u00eb dhe gjith\u00eb Afrik\u00ebs, Imzot Theodhorit II. P\u00ebr ta pritur n\u00eb aeroport kishin dal\u00eb t\u00eb gjith\u00eb Mitropolit\u00ebt dhe episkop\u00ebt, an\u00ebtar\u00eb t\u00eb Sinodit t\u00eb Shenjt\u00eb t\u00eb Kish\u00ebs Orthodhokse Autoqefale t\u00eb Shqip\u00ebris\u00eb, t\u00eb kryesuar nga Kryepiskopi","og_url":"https:\/\/orthodoxalbania.org\/2020\/2009\/03\/13\/filloi-vizita-historike-e-papes-dhe-patriarkut-te-aleksandrise-thedhorit-ii-ne-kishen-e-shqiperise\/","og_site_name":"Kisha Orthodh\u03bfkse Autoqefale e Shqip\u00ebris\u00eb","article_publisher":"https:\/\/www.facebook.com\/koash1991","article_published_time":"2009-03-13T10:09:55+00:00","article_modified_time":"2020-04-06T20:35:12+00:00","og_image":[{"url":"https:\/\/lh6.googleusercontent.com\/-LS-vYgdvk-M\/U_xiDY48UGI\/AAAAAAAABGY\/AsNc6s-DUSc\/w800-h533-no\/q1.JPG","type":"","width":"","height":""}],"author":"Kisha Orthodhokse","twitter_card":"summary_large_image","twitter_misc":{"Written by":"Kisha Orthodhokse","Est. reading time":"7 minutes"},"schema":{"@context":"https:\/\/schema.org","@graph":[{"@type":"Article","@id":"https:\/\/orthodoxalbania.org\/2020\/2009\/03\/13\/filloi-vizita-historike-e-papes-dhe-patriarkut-te-aleksandrise-thedhorit-ii-ne-kishen-e-shqiperise\/#article","isPartOf":{"@id":"https:\/\/orthodoxalbania.org\/2020\/2009\/03\/13\/filloi-vizita-historike-e-papes-dhe-patriarkut-te-aleksandrise-thedhorit-ii-ne-kishen-e-shqiperise\/"},"author":{"name":"Kisha Orthodhokse","@id":"https:\/\/orthodoxalbania.org\/2020\/#\/schema\/person\/0c387634a7063ac612d7ed9ce71c7e86"},"headline":"Filloi vizita historike e Pap\u00ebs dhe Patriarkut t\u00eb Aleksandris\u00eb, Thedhorit II, n\u00eb Kish\u00ebn e Shqip\u00ebris\u00eb. (31 Tetor &#8211; 5 N\u00ebntor 2009)","datePublished":"2009-03-13T10:09:55+00:00","dateModified":"2020-04-06T20:35:12+00:00","mainEntityOfPage":{"@id":"https:\/\/orthodoxalbania.org\/2020\/2009\/03\/13\/filloi-vizita-historike-e-papes-dhe-patriarkut-te-aleksandrise-thedhorit-ii-ne-kishen-e-shqiperise\/"},"wordCount":1389,"commentCount":0,"publisher":{"@id":"https:\/\/orthodoxalbania.org\/2020\/#organization"},"image":{"@id":"https:\/\/orthodoxalbania.org\/2020\/2009\/03\/13\/filloi-vizita-historike-e-papes-dhe-patriarkut-te-aleksandrise-thedhorit-ii-ne-kishen-e-shqiperise\/#primaryimage"},"thumbnailUrl":"https:\/\/lh6.googleusercontent.com\/-LS-vYgdvk-M\/U_xiDY48UGI\/AAAAAAAABGY\/AsNc6s-DUSc\/w800-h533-no\/q1.JPG","keywords":["2009","Deklarata - Njoftime Zyrtare","Kryepiskopata Tiran\u00eb","Kryepiskopi Anastas","lajme","Papa dhe Patriarku i Aleksandris\u00eb dhe gjith\u00eb Afrik\u00ebs, Imzot Theodhori II"],"articleSection":["Lajme"],"inLanguage":"en-US"},{"@type":"WebPage","@id":"https:\/\/orthodoxalbania.org\/2020\/2009\/03\/13\/filloi-vizita-historike-e-papes-dhe-patriarkut-te-aleksandrise-thedhorit-ii-ne-kishen-e-shqiperise\/","url":"https:\/\/orthodoxalbania.org\/2020\/2009\/03\/13\/filloi-vizita-historike-e-papes-dhe-patriarkut-te-aleksandrise-thedhorit-ii-ne-kishen-e-shqiperise\/","name":"Filloi vizita historike e Pap\u00ebs dhe Patriarkut t\u00eb Aleksandris\u00eb, Thedhorit II, n\u00eb Kish\u00ebn e Shqip\u00ebris\u00eb. (31 Tetor - 5 N\u00ebntor 2009) - Kisha Orthodh\u03bfkse Autoqefale e Shqip\u00ebris\u00eb","isPartOf":{"@id":"https:\/\/orthodoxalbania.org\/2020\/#website"},"primaryImageOfPage":{"@id":"https:\/\/orthodoxalbania.org\/2020\/2009\/03\/13\/filloi-vizita-historike-e-papes-dhe-patriarkut-te-aleksandrise-thedhorit-ii-ne-kishen-e-shqiperise\/#primaryimage"},"image":{"@id":"https:\/\/orthodoxalbania.org\/2020\/2009\/03\/13\/filloi-vizita-historike-e-papes-dhe-patriarkut-te-aleksandrise-thedhorit-ii-ne-kishen-e-shqiperise\/#primaryimage"},"thumbnailUrl":"https:\/\/lh6.googleusercontent.com\/-LS-vYgdvk-M\/U_xiDY48UGI\/AAAAAAAABGY\/AsNc6s-DUSc\/w800-h533-no\/q1.JPG","datePublished":"2009-03-13T10:09:55+00:00","dateModified":"2020-04-06T20:35:12+00:00","breadcrumb":{"@id":"https:\/\/orthodoxalbania.org\/2020\/2009\/03\/13\/filloi-vizita-historike-e-papes-dhe-patriarkut-te-aleksandrise-thedhorit-ii-ne-kishen-e-shqiperise\/#breadcrumb"},"inLanguage":"en-US","potentialAction":[{"@type":"ReadAction","target":["https:\/\/orthodoxalbania.org\/2020\/2009\/03\/13\/filloi-vizita-historike-e-papes-dhe-patriarkut-te-aleksandrise-thedhorit-ii-ne-kishen-e-shqiperise\/"]}]},{"@type":"ImageObject","inLanguage":"en-US","@id":"https:\/\/orthodoxalbania.org\/2020\/2009\/03\/13\/filloi-vizita-historike-e-papes-dhe-patriarkut-te-aleksandrise-thedhorit-ii-ne-kishen-e-shqiperise\/#primaryimage","url":"https:\/\/lh6.googleusercontent.com\/-LS-vYgdvk-M\/U_xiDY48UGI\/AAAAAAAABGY\/AsNc6s-DUSc\/w800-h533-no\/q1.JPG","contentUrl":"https:\/\/lh6.googleusercontent.com\/-LS-vYgdvk-M\/U_xiDY48UGI\/AAAAAAAABGY\/AsNc6s-DUSc\/w800-h533-no\/q1.JPG"},{"@type":"BreadcrumbList","@id":"https:\/\/orthodoxalbania.org\/2020\/2009\/03\/13\/filloi-vizita-historike-e-papes-dhe-patriarkut-te-aleksandrise-thedhorit-ii-ne-kishen-e-shqiperise\/#breadcrumb","itemListElement":[{"@type":"ListItem","position":1,"name":"Home","item":"https:\/\/orthodoxalbania.org\/2020\/"},{"@type":"ListItem","position":2,"name":"Filloi vizita historike e Pap\u00ebs dhe Patriarkut t\u00eb Aleksandris\u00eb, Thedhorit II, n\u00eb Kish\u00ebn e Shqip\u00ebris\u00eb. (31 Tetor &#8211; 5 N\u00ebntor 2009)"}]},{"@type":"WebSite","@id":"https:\/\/orthodoxalbania.org\/2020\/#website","url":"https:\/\/orthodoxalbania.org\/2020\/","name":"Kisha Orthodh\u03bfkse Autoqefale e Shqip\u00ebris\u00eb","description":"Fqja Zyrtare e Kish\u00ebs Orthodhokse Autoqefale e Shqip\u00ebris\u00eb me lajmet edhe informacionet zyrtare p\u00ebr struktur\u00ebn edhe veprimtarin e saj.","publisher":{"@id":"https:\/\/orthodoxalbania.org\/2020\/#organization"},"potentialAction":[{"@type":"SearchAction","target":{"@type":"EntryPoint","urlTemplate":"https:\/\/orthodoxalbania.org\/2020\/?s={search_term_string}"},"query-input":{"@type":"PropertyValueSpecification","valueRequired":true,"valueName":"search_term_string"}}],"inLanguage":"en-US"},{"@type":"Organization","@id":"https:\/\/orthodoxalbania.org\/2020\/#organization","name":"Kisha Orthodhokse Autoqefale e Shqip\u00ebris\u00eb","url":"https:\/\/orthodoxalbania.org\/2020\/","logo":{"@type":"ImageObject","inLanguage":"en-US","@id":"https:\/\/orthodoxalbania.org\/2020\/#\/schema\/logo\/image\/","url":"https:\/\/orthodoxalbania.org\/2020\/wp-content\/uploads\/2020\/05\/albania.jpeg","contentUrl":"https:\/\/orthodoxalbania.org\/2020\/wp-content\/uploads\/2020\/05\/albania.jpeg","width":540,"height":540,"caption":"Kisha Orthodhokse Autoqefale e Shqip\u00ebris\u00eb"},"image":{"@id":"https:\/\/orthodoxalbania.org\/2020\/#\/schema\/logo\/image\/"},"sameAs":["https:\/\/www.facebook.com\/koash1991"]},{"@type":"Person","@id":"https:\/\/orthodoxalbania.org\/2020\/#\/schema\/person\/0c387634a7063ac612d7ed9ce71c7e86","name":"Kisha Orthodhokse","image":{"@type":"ImageObject","inLanguage":"en-US","@id":"https:\/\/secure.gravatar.com\/avatar\/596e7c417251e30f2fbb9c00e026fce61a695a00e51c889caded71c96cbbdde5?s=96&d=mm&r=g","url":"https:\/\/secure.gravatar.com\/avatar\/596e7c417251e30f2fbb9c00e026fce61a695a00e51c889caded71c96cbbdde5?s=96&d=mm&r=g","contentUrl":"https:\/\/secure.gravatar.com\/avatar\/596e7c417251e30f2fbb9c00e026fce61a695a00e51c889caded71c96cbbdde5?s=96&d=mm&r=g","caption":"Kisha Orthodhokse"}}]}},"_links":{"self":[{"href":"https:\/\/orthodoxalbania.org\/2020\/wp-json\/wp\/v2\/posts\/571","targetHints":{"allow":["GET"]}}],"collection":[{"href":"https:\/\/orthodoxalbania.org\/2020\/wp-json\/wp\/v2\/posts"}],"about":[{"href":"https:\/\/orthodoxalbania.org\/2020\/wp-json\/wp\/v2\/types\/post"}],"author":[{"embeddable":true,"href":"https:\/\/orthodoxalbania.org\/2020\/wp-json\/wp\/v2\/users\/1"}],"replies":[{"embeddable":true,"href":"https:\/\/orthodoxalbania.org\/2020\/wp-json\/wp\/v2\/comments?post=571"}],"version-history":[{"count":1,"href":"https:\/\/orthodoxalbania.org\/2020\/wp-json\/wp\/v2\/posts\/571\/revisions"}],"predecessor-version":[{"id":15617,"href":"https:\/\/orthodoxalbania.org\/2020\/wp-json\/wp\/v2\/posts\/571\/revisions\/15617"}],"wp:attachment":[{"href":"https:\/\/orthodoxalbania.org\/2020\/wp-json\/wp\/v2\/media?parent=571"}],"wp:term":[{"taxonomy":"category","embeddable":true,"href":"https:\/\/orthodoxalbania.org\/2020\/wp-json\/wp\/v2\/categories?post=571"},{"taxonomy":"post_tag","embeddable":true,"href":"https:\/\/orthodoxalbania.org\/2020\/wp-json\/wp\/v2\/tags?post=571"}],"curies":[{"name":"wp","href":"https:\/\/api.w.org\/{rel}","templated":true}]}}