{"id":5698,"date":"2017-12-05T12:26:20","date_gmt":"2017-12-05T12:26:20","guid":{"rendered":""},"modified":"2020-04-06T21:58:16","modified_gmt":"2020-04-06T19:58:16","slug":"u-kremtua-100-vjetori-i-rivendosjes-se-patriarkanes-se-moskes","status":"publish","type":"post","link":"https:\/\/orthodoxalbania.org\/2020\/2017\/12\/05\/u-kremtua-100-vjetori-i-rivendosjes-se-patriarkanes-se-moskes\/","title":{"rendered":"U kremtua 100-vjetori i rivendosjes s\u00eb Patriarkan\u00ebs s\u00eb Mosk\u00ebs"},"content":{"rendered":"<p style=\"text-align: center;\">&nbsp;<\/p>\n<p style=\"text-align: center;\"><span style=\"font-size: 12pt; font-family: helvetica; color: #800000;\"><strong>U kremtua 100-vjetori i rivendosjes s\u00eb Patriarkan\u00ebs s\u00eb Mosk\u00ebs<\/strong><\/span><\/p>\n<p style=\"text-align: center;\"><span style=\"font-size: 12pt; font-family: helvetica; color: #800000;\"><strong>Mori pjes\u00eb nj\u00eb p\u00ebrfaq\u00ebsi e Kish\u00ebs son\u00eb, e kryesuar nga Kryepiskopi Anastas<\/strong><\/span><\/p>\n<p style=\"text-align: justify;\">&nbsp;<\/p>\n<p style=\"text-align: justify;\"><span style=\"font-size: 12pt; font-family: helvetica; color: #000000;\">Nga data 1-4 dhjetor, nj\u00eb p\u00ebrfaq\u00ebsi e Kish\u00ebs Orthodhokse Autoqefale t\u00eb Shqip\u00ebris\u00eb, e kryesuar nga Kryepiskopi Anastas, vizitoi Rusin\u00eb, ku mori pjes\u00eb n\u00eb kremtimet me rastin e 100-vjetorit t\u00eb rivendosjes s\u00eb Patriarkan\u00ebs s\u00eb Mosk\u00ebs. N\u00eb p\u00ebrfaq\u00ebsin\u00eb e Kish\u00ebs son\u00eb b\u00ebnin pjes\u00eb edhe Mitropoliti i Kor\u00e7\u00ebs, Joani, Mitropoliti i Amantias, Nathanaili dhe dhjakon Spiro Topanxha. T\u00eb pranish\u00ebm n\u00eb kremtime ishin 11 primat\u00eb dhe p\u00ebrfaq\u00ebsi t\u00eb Kishave Orthodhokse motra.<\/span><\/p>\n<p style=\"text-align: justify;\"><span style=\"font-size: 12pt; font-family: helvetica; color: #000000;\">Me k\u00ebt\u00eb kremtim u kujtua 100-vjetori i zgjedhjes s\u00eb Sh\u00ebn Tikhonit si Patriark i Mosk\u00ebs. Ai ishte Patriarku i par\u00eb i zgjedhur n\u00eb krye t\u00eb Kish\u00ebs Ruse pas nj\u00eb periudhe 200-vje\u00e7are. Patriarku Tikhon ishte nj\u00eb rr\u00ebfyes i Orthodhoksis\u00eb dhe mbajti mbi supe pesh\u00ebn e persekutimeve kund\u00ebr Kish\u00ebs nga bolshevik\u00ebt.<\/span><\/p>\n<p style=\"text-align: justify;\"><span style=\"font-size: 12pt; font-family: helvetica; color: #000000;\">T\u00eb shtun\u00ebn, m\u00eb 2 dhjetor 2017, u zhvillua takimi i madh p\u00ebrmbyll\u00ebs i Sinodit t\u00eb Shenjt\u00eb t\u00eb Kish\u00ebs Ruse. Ai u mbajt n\u00eb Mosk\u00eb, n\u00eb Sall\u00ebn e mbledhjeve t\u00eb Katedrales s\u00eb Krishtit Shp\u00ebtimtar. Takimi u kryesua nga Shenjt\u00ebria e Tij Patriarku i Mosk\u00ebs dhe Gjith\u00eb Rusis\u00eb, Kirilli. T\u00eb pranish\u00ebm ishin edhe primat\u00ebt e p\u00ebrfaq\u00ebsuesit ne Kishave Orthodhokse lokale, q\u00eb mor\u00ebn pjes\u00eb n\u00eb k\u00ebto kremtime.<\/span><\/p>\n<p style=\"text-align: justify;\"><span style=\"font-size: 12pt; font-family: helvetica; color: #000000;\">Merrnin pjes\u00eb edhe Patriarku Theodori II i Aleksandris\u00eb, Patriarku Joan X i Antiokis\u00eb, Patriarku Theophili III i Jerusalemit, Patriarku Irinej i Serbis\u00eb, Patriarku Daniel i Rumanis\u00eb, Kryepiskopi Krisostomos i Qipros, Kryepiskopi Anastas i Tiran\u00ebs, Durr\u00ebsit dhe i Gjith\u00eb Shqip\u00ebris\u00eb, Mitropoliti Sava i Varshav\u00ebs, Mitropoliti Rastislav i Republik\u00ebs \u00c7eke dhe Sllovakis\u00eb etj.<\/span><\/p>\n<p style=\"text-align: justify;\"><span style=\"font-size: 12pt; font-family: helvetica; color: #000000;\">Duke iu drejtuar t\u00eb pranishm\u00ebve, Patriarku Kirill theksoi se seanca e fundit e Sinodit t\u00eb Kish\u00ebs Orthodhokse Ruse i dedikohej nj\u00ebqindvjetorit t\u00eb rivendosjes s\u00eb Patriarkan\u00ebs: &#8220;Kjo ngjarje ka ndodhur ndoshta n\u00eb momentin m\u00eb t\u00eb v\u00ebshtir\u00eb n\u00eb historin\u00eb ton\u00eb komb\u00ebtare, kur shkat\u00ebrrimi revolucionar preku t\u00eb gjitha sferat e jet\u00ebs, kur shum\u00eb forca t\u00eb m\u00ebdha, si brenda dhe jasht\u00eb vendit, u ngrit\u00ebn kund\u00ebr Kish\u00ebs s\u00eb Per\u00ebndis\u00eb dhe ajo filloi t\u00eb vuante nga persekutimet e p\u00ebrgjakshme\u201d.<\/span><\/p>\n<p style=\"text-align: justify;\"><span style=\"font-size: 12pt; font-family: helvetica; color: #000000;\">T\u00eb shtat\u00eb vitet e sh\u00ebrbimit t\u00eb tij patriarkal, qen\u00eb vite t\u00eb rr\u00ebfimit t\u00eb besimit &#8211; jo vet\u00ebm p\u00ebr shkak se ai rrezikonte \u00e7do dit\u00eb jet\u00ebn e tij, apo se u burgos, por sepse p\u00ebrdit\u00eb merrte njoftime p\u00ebr mizorit\u00eb e kryera kund\u00ebr hierark\u00ebve dhe klerit t\u00eb Kish\u00ebs Orthodhokse Ruse dhe p\u00ebr viktimat n\u00eb radh\u00ebt e besimtar\u00ebve. Ai merrte informacione p\u00ebr shkat\u00ebrrimin e kishave e manastireve, p\u00ebr shkat\u00ebrrimin e tradit\u00ebs mij\u00ebravje\u00e7are orthodhokse t\u00eb kombit ton\u00eb&#8230;<\/span><\/p>\n<p style=\"text-align: justify;\"><span style=\"font-size: 12pt; font-family: helvetica; color: #000000;\">M\u00eb pas, Shenjt\u00ebria e tij fal\u00ebnderoi p\u00ebrzem\u00ebrsisht primat\u00ebt dhe p\u00ebrfaq\u00ebsuesit e Kishave Orthodhokse lokale. &#8220;Ne ju mir\u00ebpresim me dashuri t\u00eb ve\u00e7ant\u00eb dhe respekt, duke qen\u00eb t\u00eb vet\u00ebdijsh\u00ebm se Kishat q\u00eb ju drejtoni dhe p\u00ebrfaq\u00ebsoni, p\u00ebrballuan gjithashtu v\u00ebshtir\u00ebsi n\u00eb historin\u00eb e tyre&#8230; I lutemi Zotit, p\u00ebr t\u00eb ruajtur t\u00eb gjitha Kishat tona n\u00eb unitet, pavar\u00ebsisht nga rrethanat ndonj\u00ebher\u00eb shum\u00eb t\u00eb v\u00ebshtira. Tek uniteti q\u00ebndron forca jon\u00eb&#8230;<\/span><\/p>\n<p style=\"text-align: justify;\"><span style=\"font-size: 12pt; font-family: helvetica; color: #000000;\">Mitropoliti Hilarion i Volokolamskut, Kryetar i Departamentit p\u00ebr Marr\u00ebdh\u00ebnie me Jasht\u00eb i Kish\u00ebs Ruse, lexoi mesazhin e p\u00ebrsh\u00ebndetjes d\u00ebrguar Patriarkut Kirill nga Shenjt\u00ebria e Tij, Patriarku Ekumenik Vartholomeu.<\/span><\/p>\n<p style=\"text-align: justify;\"><span style=\"font-size: 12pt; font-family: helvetica; color: #000000;\">Pastaj u vazhdua me p\u00ebrsh\u00ebndetjet e primat\u00ebve t\u00eb pranish\u00ebm dhe ato t\u00eb primat\u00ebve q\u00eb nuk ishin t\u00eb pranish\u00ebm.<\/span><\/p>\n<p style=\"text-align: justify;\"><span style=\"font-size: 12pt; font-family: helvetica; color: #000000;\">N\u00eb takim p\u00ebrsh\u00ebndeti edhe Kryepiskopi Anastas, i cili foli p\u00ebr hierak\u00ebt e ndritsh\u00ebm dhe miriadat e klerik\u00ebve e laik\u00ebve, t\u00eb cil\u00ebt gjat\u00eb \u201cnat\u00ebs s\u00eb gjat\u00eb\u201d t\u00eb persekutimit, q\u00ebndruan edhe n\u00eb mes t\u00eb vuajtjeve, ashtu si Patriarku Tikhon parashikoi, t\u00eb q\u00ebndruesh\u00ebm n\u00eb besim dhe t\u00eb g\u00ebzuar n\u00eb Shpirtin e Shenjt\u00eb (1Thes. 1:6). Figura e Patriarkut Tikhon t\u00eb Mosk\u00ebs u kujton Orthodhoks\u00ebve detyrimin e tyre konstant p\u00ebr t\u00eb p\u00ebrmbushur misionin, q\u00eb p\u00ebr hir t\u00eb unitetit t\u2019i kund\u00ebrvihen aspiratave skizmatike dhe t\u00eb vulosin me martirizim dashurin\u00eb e tyre p\u00ebr Krishtin. Ishte kjo m\u00ebnyra se si Sh\u00ebn Tikhoni p\u00ebrmbushi detyr\u00ebn e tij apostolike dhe baritore, duke e dh\u00ebn\u00eb d\u00ebshmin\u00eb me vepr\u00ebn e gjakun e tij, brenda dhe jasht\u00eb vendit.<\/span><\/p>\n<p style=\"text-align: justify;\"><span style=\"font-size: 12pt; font-family: helvetica; color: #000000;\">Duke iu drejtuar Kryepiskopit Anstas, Patriarku Kirill tha se, \u201cNe e d\u00ebgjuam d\u00ebshmin\u00eb tuaj me kujdes t\u00eb ve\u00e7ant\u00eb, sepse ju jeni i pari Primat i Kish\u00ebs s\u00eb Shqip\u00ebris\u00eb, e cila u ngjall s\u00eb vdekurish pas shkat\u00ebrrimit total. E vler\u00ebsojm\u00eb p\u00ebrvoj\u00ebn e Kish\u00ebs suaj dhe e kuptojm\u00eb tragjedin\u00eb q\u00eb kaloi populli orthodhoks i Shqip\u00ebris\u00eb, sepse jan\u00eb t\u00eb ngjashme me kuptimin ton\u00eb t\u00eb historis\u00eb dhe pik\u00ebpamjen p\u00ebr t\u00eb shkuar\u00ebn, t\u00eb cilat ju i shpjeguat n\u00eb m\u00ebnyr\u00eb t\u00eb shk\u00eblqyer dhe n\u00eb t\u00eb nj\u00ebjt\u00ebn koh\u00eb, me k\u00ebndv\u00ebshtrimin ton\u00eb p\u00ebr t\u00eb ardhmen.<\/span><\/p>\n<p style=\"text-align: justify;\"><span style=\"font-size: 12pt; font-family: helvetica; color: #000000;\">T\u00eb diel\u00ebn, 3 dhjetor, Kryepiskopi Anastas, i shoq\u00ebruar nga Mitropoliti i Kor\u00e7\u00ebs, Joani, Mitropoliti i Amantias, Nathanaili dhe dhjakon Spiro Topanxha, mor\u00ebn pjes\u00eb n\u00eb Liturgjin\u00eb Hyjnore n\u00eb Kish\u00ebn kushtuar ikon\u00ebs &#8220;Hyjlind\u00ebsja Mari &#8211; G\u00ebzimi i atyre q\u00eb vuajn\u00eb&#8221; n\u00eb Mosk\u00eb. Kryepiskopi Anastas bashk\u00ebmeshoi me Mitropolitin e Volokolamskit, Hilarionin.<\/span><\/p>\n<p style=\"text-align: justify;\"><span style=\"font-size: 12pt; font-family: helvetica; color: #000000;\">N\u00eb fund t\u00eb sh\u00ebrbes\u00ebs, Mitropoliti Hilarion tha nd\u00ebr t\u00eb tjera: &#8220;Fortlumturia Juaj ! Ne ju mir\u00ebpresim si Primatin e nj\u00eb Kishe martire. Dje, duke folur p\u00ebrpara peshkop\u00ebve t\u00eb Kish\u00ebs Orthodhokse Ruse, ju that\u00eb se Kisha e Shqip\u00ebris\u00eb n\u00eb shekullin XX u kryq\u00ebzua, u varros dhe m\u00eb pas u ringjall. Sot n\u00eb t\u00eb gjith\u00eb territorin e Shqip\u00ebris\u00eb ekzistojn\u00eb kisha orthodhokse. Edhe pse jo pa pengesa, sot Kisha shqiptare ofron d\u00ebshmin\u00eb e saj p\u00ebr bot\u00ebn.<\/span><\/p>\n<p style=\"text-align: justify;\"><span style=\"font-size: 12pt; font-family: helvetica; color: #000000;\">Zoti premtoi se portat e ferrit nuk do t\u00eb mbizot\u00ebronin kund\u00ebr Kish\u00ebs s\u00eb Tij. K\u00ebto fjal\u00eb i referohen Kish\u00ebs s\u00eb Shenjt\u00eb, Katholike dhe Apostolike. Por ne e dim\u00eb se Kishat Orthodhokse lokale iu n\u00ebnshtruan persekutimit n\u00eb epoka t\u00eb ndryshme. Dhe Kisha Orthodhokse Ruse kaloi n\u00ebp\u00ebr persekutimet m\u00eb t\u00eb r\u00ebnda dhe mizore n\u00eb fillim t\u00eb shekullit XX\u201d.<\/span><\/p>\n<p style=\"text-align: justify;\"><span style=\"font-size: 12pt; font-family: helvetica; color: #000000;\">Nd\u00ebrsa Kryepeshkopi Anastas theksoi se: &#8220;E di se me \u00e7far\u00eb heroizmi dhe guximi t\u00eb madh Kisha Orthodhokse Ruse kaloi sprovat n\u00eb vitet e komunizmit. Me v\u00ebllain tim t\u00eb dashur, Patriarkun Kirill, kemi qen\u00eb s\u00eb bashku p\u00ebr 48 vite &#8211; si n\u00eb vite t\u00eb v\u00ebshtira ashtu edhe n\u00eb vitet e bekuara t\u00eb koh\u00ebve t\u00eb fundit. Ky unitet n\u00eb v\u00ebshtir\u00ebsi dhe n\u00eb g\u00ebzime na karakterizon ne orthodhoks\u00ebt. I p\u00ebrjetojm\u00eb v\u00ebshtir\u00ebsit\u00eb dhe g\u00ebzimet e nj\u00ebri-tjetrit si tonat.<\/span><\/p>\n<p style=\"text-align: justify;\"><span style=\"font-size: 12pt; font-family: helvetica; color: #000000;\">\u00c7do her\u00eb q\u00eb sh\u00ebrbejm\u00eb Liturgjin\u00eb Hyjnore, ne ndiejm\u00eb unitetin dhe lidhjen ton\u00eb me Orthodhoks\u00ebt e mbar\u00eb bot\u00ebs\u201d.<\/span><\/p>\n<p style=\"text-align: justify;\"><span style=\"font-size: 12pt; font-family: helvetica; color: #000000;\">T\u00eb h\u00ebn\u00ebn, 4 dhjetor, Patriarku i Aleksandris\u00eb Theodhori II kryesoi bashk\u00ebmeshimin me primat\u00ebt e Kishave Orthodhokse lokale n\u00eb Liturgjin\u00eb Hyjnore t\u00eb kryer n\u00eb Katedralen e Krishtit Shp\u00ebtimtar, n\u00eb dit\u00ebn e 100-vjetorit t\u00eb Fron\u00ebzimit t\u00eb Sh\u00ebn Tihonit si Patriark i Mosk\u00ebs. N\u00eb qend\u00ebr t\u00eb kish\u00ebs ishte vendosur edhe arka me lipsanet e shenjtorit.<\/span><\/p>\n<p style=\"text-align: justify;\"><span style=\"font-size: 12pt; font-family: helvetica; color: #000000;\">Mbr\u00ebmjen e 4 dhjetorit primat\u00ebt e Kishave lokale Orthodhokse u prit\u00ebn nga Presidenti Putin dhe n\u00eb Kremlin u dha nj\u00eb koncert festiv kushtuar 100-vjetorit t\u00eb rivendosjes s\u00eb Patriarkan\u00ebs Ruse.<\/span><\/p>\n<p style=\"text-align: justify;\">&nbsp;<\/p>\n<p style=\"text-align: justify;\">&nbsp;<\/p>\n<p style=\"text-align: center;\"><img class=\"lazyload\" decoding=\"async\" style=\"display: block; margin: 10px auto; border: 1px solid #000000;\" alt=\"\" src=\"data:image\/svg+xml,%3Csvg%20xmlns%3D%27http%3A%2F%2Fwww.w3.org%2F2000%2Fsvg%27%20width%3D%27500%27%20height%3D%27333%27%20viewBox%3D%270%200%20500%20333%27%3E%3Crect%20width%3D%27500%27%20height%3D%27333%27%20fill-opacity%3D%220%22%2F%3E%3C%2Fsvg%3E\" data-orig-src=\"https:\/\/orthodoxalbania.org\/2020\/wp-content\/uploads\/2020\/04\/detail20171204-VAR_1918-.jpg\" height=\"333\" width=\"500\" \/><img class=\"lazyload\" decoding=\"async\" style=\"display: block; margin: 10px auto; border: 1px solid #000000;\" alt=\"\" src=\"data:image\/svg+xml,%3Csvg%20xmlns%3D%27http%3A%2F%2Fwww.w3.org%2F2000%2Fsvg%27%20width%3D%27500%27%20height%3D%27333%27%20viewBox%3D%270%200%20500%20333%27%3E%3Crect%20width%3D%27500%27%20height%3D%27333%27%20fill-opacity%3D%220%22%2F%3E%3C%2Fsvg%3E\" data-orig-src=\"https:\/\/orthodoxalbania.org\/2020\/wp-content\/uploads\/2020\/04\/detail20171204-VAR_1615-.jpg\" height=\"333\" width=\"500\" \/><\/p>\n<p style=\"text-align: center;\"><img class=\"lazyload\" decoding=\"async\" style=\"display: block; margin: 10px auto; border: 1px solid #000000;\" alt=\"\" src=\"data:image\/svg+xml,%3Csvg%20xmlns%3D%27http%3A%2F%2Fwww.w3.org%2F2000%2Fsvg%27%20width%3D%27500%27%20height%3D%27351%27%20viewBox%3D%270%200%20500%20351%27%3E%3Crect%20width%3D%27500%27%20height%3D%27351%27%20fill-opacity%3D%220%22%2F%3E%3C%2Fsvg%3E\" data-orig-src=\"https:\/\/orthodoxalbania.org\/2020\/wp-content\/uploads\/2020\/04\/detail20171204-VAR_2490-.jpg\" height=\"351\" width=\"500\" \/><\/p>\n<p style=\"text-align: center;\"><img class=\"lazyload\" decoding=\"async\" style=\"display: block; margin: 10px auto; border: 1px solid #000000;\" alt=\"\" src=\"data:image\/svg+xml,%3Csvg%20xmlns%3D%27http%3A%2F%2Fwww.w3.org%2F2000%2Fsvg%27%20width%3D%27500%27%20height%3D%27173%27%20viewBox%3D%270%200%20500%20173%27%3E%3Crect%20width%3D%27500%27%20height%3D%27173%27%20fill-opacity%3D%220%22%2F%3E%3C%2Fsvg%3E\" data-orig-src=\"https:\/\/orthodoxalbania.org\/2020\/wp-content\/uploads\/2020\/04\/detail20171204-PAL_6253-.jpg\" height=\"173\" width=\"500\" \/><\/p>\n<p style=\"text-align: center;\"><img class=\"lazyload\" decoding=\"async\" style=\"display: block; margin: 10px auto; border: 1px solid #000000;\" alt=\"\" src=\"data:image\/svg+xml,%3Csvg%20xmlns%3D%27http%3A%2F%2Fwww.w3.org%2F2000%2Fsvg%27%20width%3D%27500%27%20height%3D%27333%27%20viewBox%3D%270%200%20500%20333%27%3E%3Crect%20width%3D%27500%27%20height%3D%27333%27%20fill-opacity%3D%220%22%2F%3E%3C%2Fsvg%3E\" data-orig-src=\"https:\/\/orthodoxalbania.org\/2020\/wp-content\/uploads\/2020\/04\/24297518_726293497575812_5111121160911327648_o.jpg\" height=\"333\" width=\"500\" \/><\/p>\n<p style=\"text-align: center;\"><img class=\"lazyload\" decoding=\"async\" style=\"display: block; margin: 10px auto; border: 1px solid #000000;\" alt=\"\" src=\"data:image\/svg+xml,%3Csvg%20xmlns%3D%27http%3A%2F%2Fwww.w3.org%2F2000%2Fsvg%27%20width%3D%27500%27%20height%3D%27323%27%20viewBox%3D%270%200%20500%20323%27%3E%3Crect%20width%3D%27500%27%20height%3D%27323%27%20fill-opacity%3D%220%22%2F%3E%3C%2Fsvg%3E\" data-orig-src=\"https:\/\/orthodoxalbania.org\/2020\/wp-content\/uploads\/2020\/04\/24297279_726294100909085_7598848347216141916_o.jpg\" height=\"323\" width=\"500\" \/><\/p>\n<p style=\"text-align: center;\"><img class=\"lazyload\" decoding=\"async\" style=\"display: block; margin: 10px auto; border: 1px solid #000000;\" alt=\"\" src=\"data:image\/svg+xml,%3Csvg%20xmlns%3D%27http%3A%2F%2Fwww.w3.org%2F2000%2Fsvg%27%20width%3D%27500%27%20height%3D%27333%27%20viewBox%3D%270%200%20500%20333%27%3E%3Crect%20width%3D%27500%27%20height%3D%27333%27%20fill-opacity%3D%220%22%2F%3E%3C%2Fsvg%3E\" data-orig-src=\"https:\/\/orthodoxalbania.org\/2020\/wp-content\/uploads\/2020\/04\/24210135_726294657575696_1478685680299746857_o.jpg\" height=\"333\" width=\"500\" \/><\/p>\n<p style=\"text-align: center;\"><img class=\"lazyload\" decoding=\"async\" style=\"display: block; margin: 10px auto; border: 1px solid #000000;\" alt=\"\" src=\"data:image\/svg+xml,%3Csvg%20xmlns%3D%27http%3A%2F%2Fwww.w3.org%2F2000%2Fsvg%27%20width%3D%27500%27%20height%3D%27333%27%20viewBox%3D%270%200%20500%20333%27%3E%3Crect%20width%3D%27500%27%20height%3D%27333%27%20fill-opacity%3D%220%22%2F%3E%3C%2Fsvg%3E\" data-orig-src=\"https:\/\/orthodoxalbania.org\/2020\/wp-content\/uploads\/2020\/04\/24294240_1493809227403390_8496912488781779357_n.jpg\" height=\"333\" width=\"500\" \/><\/p>\n<p style=\"text-align: center;\"><img class=\"lazyload\" decoding=\"async\" style=\"display: block; margin: 10px auto; border: 1px solid #000000;\" alt=\"\" src=\"data:image\/svg+xml,%3Csvg%20xmlns%3D%27http%3A%2F%2Fwww.w3.org%2F2000%2Fsvg%27%20width%3D%27500%27%20height%3D%27333%27%20viewBox%3D%270%200%20500%20333%27%3E%3Crect%20width%3D%27500%27%20height%3D%27333%27%20fill-opacity%3D%220%22%2F%3E%3C%2Fsvg%3E\" data-orig-src=\"https:\/\/orthodoxalbania.org\/2020\/wp-content\/uploads\/2020\/04\/detail20171204-VAR_1615-.jpg\" height=\"333\" width=\"500\" \/><\/p>\n<p style=\"text-align: center;\"><img class=\"lazyload\" decoding=\"async\" style=\"display: block; margin: 10px auto; border: 1px solid #000000;\" alt=\"\" src=\"data:image\/svg+xml,%3Csvg%20xmlns%3D%27http%3A%2F%2Fwww.w3.org%2F2000%2Fsvg%27%20width%3D%27500%27%20height%3D%27751%27%20viewBox%3D%270%200%20500%20751%27%3E%3Crect%20width%3D%27500%27%20height%3D%27751%27%20fill-opacity%3D%220%22%2F%3E%3C%2Fsvg%3E\" data-orig-src=\"https:\/\/orthodoxalbania.org\/2020\/wp-content\/uploads\/2020\/04\/detail20171204-VSN_4674-.jpg\" height=\"751\" width=\"500\" \/><\/p>\n<p style=\"text-align: center;\"><img class=\"lazyload\" decoding=\"async\" style=\"display: block; margin: 10px auto; border: 1px solid #000000;\" alt=\"\" src=\"data:image\/svg+xml,%3Csvg%20xmlns%3D%27http%3A%2F%2Fwww.w3.org%2F2000%2Fsvg%27%20width%3D%27500%27%20height%3D%27333%27%20viewBox%3D%270%200%20500%20333%27%3E%3Crect%20width%3D%27500%27%20height%3D%27333%27%20fill-opacity%3D%220%22%2F%3E%3C%2Fsvg%3E\" data-orig-src=\"https:\/\/orthodoxalbania.org\/2020\/wp-content\/uploads\/2020\/04\/detail20171202-VAR_1379-.jpg\" height=\"333\" width=\"500\" \/><\/p>\n<p style=\"text-align: center;\"><img class=\"lazyload\" decoding=\"async\" style=\"display: block; margin: 10px auto; border: 1px solid #000000;\" alt=\"\" src=\"data:image\/svg+xml,%3Csvg%20xmlns%3D%27http%3A%2F%2Fwww.w3.org%2F2000%2Fsvg%27%20width%3D%27500%27%20height%3D%27333%27%20viewBox%3D%270%200%20500%20333%27%3E%3Crect%20width%3D%27500%27%20height%3D%27333%27%20fill-opacity%3D%220%22%2F%3E%3C%2Fsvg%3E\" data-orig-src=\"https:\/\/orthodoxalbania.org\/2020\/wp-content\/uploads\/2020\/04\/detail20171202-VAR_0766-.jpg\" height=\"333\" width=\"500\" \/><\/p>\n<p style=\"text-align: center;\"><img class=\"lazyload\" decoding=\"async\" style=\"display: block; margin: 10px auto; border: 1px solid #000000;\" alt=\"\" src=\"data:image\/svg+xml,%3Csvg%20xmlns%3D%27http%3A%2F%2Fwww.w3.org%2F2000%2Fsvg%27%20width%3D%27500%27%20height%3D%27261%27%20viewBox%3D%270%200%20500%20261%27%3E%3Crect%20width%3D%27500%27%20height%3D%27261%27%20fill-opacity%3D%220%22%2F%3E%3C%2Fsvg%3E\" data-orig-src=\"https:\/\/orthodoxalbania.org\/2020\/wp-content\/uploads\/2020\/04\/detail20171204-PAL_6533-.jpg\" height=\"261\" width=\"500\" \/><\/p>\n","protected":false},"excerpt":{"rendered":"<p>&nbsp; U kremtua 100-vjetori i rivendosjes s\u00eb Patriarkan\u00ebs s\u00eb Mosk\u00ebs Mori pjes\u00eb nj\u00eb p\u00ebrfaq\u00ebsi e Kish\u00ebs son\u00eb, e kryesuar nga Kryepiskopi Anastas &nbsp; Nga data 1-4 dhjetor, nj\u00eb p\u00ebrfaq\u00ebsi e Kish\u00ebs Orthodhokse Autoqefale t\u00eb Shqip\u00ebris\u00eb, e kryesuar nga Kryepiskopi Anastas, vizitoi Rusin\u00eb, ku mori pjes\u00eb n\u00eb kremtimet me rastin e 100-vjetorit t\u00eb rivendosjes s\u00eb Patriarkan\u00ebs s\u00eb Mosk\u00ebs. N\u00eb p\u00ebrfaq\u00ebsin\u00eb e Kish\u00ebs son\u00eb b\u00ebnin pjes\u00eb edhe<\/p>\n","protected":false},"author":1,"featured_media":5699,"comment_status":"open","ping_status":"open","sticky":false,"template":"","format":"standard","meta":{"_acf_changed":false,"pagelayer_contact_templates":[],"_pagelayer_content":"","inline_featured_image":false,"fifu_image_url":"","fifu_image_alt":"","footnotes":""},"categories":[108],"tags":[219,209,157,196,201,212,208,181,218],"class_list":["post-5698","post","type-post","status-publish","format-standard","has-post-thumbnail","hentry","category-lajme","tag-100-vjetori-i-rivendosjes-se-patriarkanes-se-moskes","tag-209","tag-kremtime","tag-tirane","tag-kryepiskopi-anastas","tag-lajme-d27","tag-mitropolia-e-amantias","tag-korce","tag-rusi"],"acf":[],"yoast_head":"<!-- This site is optimized with the Yoast SEO plugin v27.2 - https:\/\/yoast.com\/product\/yoast-seo-wordpress\/ -->\n<title>U kremtua 100-vjetori i rivendosjes s\u00eb Patriarkan\u00ebs s\u00eb Mosk\u00ebs - Kisha Orthodh\u03bfkse Autoqefale e Shqip\u00ebris\u00eb<\/title>\n<meta name=\"robots\" content=\"index, follow, max-snippet:-1, max-image-preview:large, max-video-preview:-1\" \/>\n<link rel=\"canonical\" href=\"https:\/\/orthodoxalbania.org\/2020\/2017\/12\/05\/u-kremtua-100-vjetori-i-rivendosjes-se-patriarkanes-se-moskes\/\" \/>\n<meta property=\"og:locale\" content=\"en_US\" \/>\n<meta property=\"og:type\" content=\"article\" \/>\n<meta property=\"og:title\" content=\"U kremtua 100-vjetori i rivendosjes s\u00eb Patriarkan\u00ebs s\u00eb Mosk\u00ebs - Kisha Orthodh\u03bfkse Autoqefale e Shqip\u00ebris\u00eb\" \/>\n<meta property=\"og:description\" content=\"&nbsp; U kremtua 100-vjetori i rivendosjes s\u00eb Patriarkan\u00ebs s\u00eb Mosk\u00ebs Mori pjes\u00eb nj\u00eb p\u00ebrfaq\u00ebsi e Kish\u00ebs son\u00eb, e kryesuar nga Kryepiskopi Anastas &nbsp; Nga data 1-4 dhjetor, nj\u00eb p\u00ebrfaq\u00ebsi e Kish\u00ebs Orthodhokse Autoqefale t\u00eb Shqip\u00ebris\u00eb, e kryesuar nga Kryepiskopi Anastas, vizitoi Rusin\u00eb, ku mori pjes\u00eb n\u00eb kremtimet me rastin e 100-vjetorit t\u00eb rivendosjes s\u00eb Patriarkan\u00ebs s\u00eb Mosk\u00ebs. N\u00eb p\u00ebrfaq\u00ebsin\u00eb e Kish\u00ebs son\u00eb b\u00ebnin pjes\u00eb edhe\" \/>\n<meta property=\"og:url\" content=\"https:\/\/orthodoxalbania.org\/2020\/2017\/12\/05\/u-kremtua-100-vjetori-i-rivendosjes-se-patriarkanes-se-moskes\/\" \/>\n<meta property=\"og:site_name\" content=\"Kisha Orthodh\u03bfkse Autoqefale e Shqip\u00ebris\u00eb\" \/>\n<meta property=\"article:publisher\" content=\"https:\/\/www.facebook.com\/koash1991\" \/>\n<meta property=\"article:published_time\" content=\"2017-12-05T12:26:20+00:00\" \/>\n<meta property=\"article:modified_time\" content=\"2020-04-06T19:58:16+00:00\" \/>\n<meta property=\"og:image\" content=\"https:\/\/orthodoxalbania.org\/2020\/wp-content\/uploads\/2020\/04\/detail20171204-VAR_2490-.jpg\" \/>\n\t<meta property=\"og:image:width\" content=\"2500\" \/>\n\t<meta property=\"og:image:height\" content=\"1756\" \/>\n\t<meta property=\"og:image:type\" content=\"image\/jpeg\" \/>\n<meta name=\"author\" content=\"Kisha Orthodhokse\" \/>\n<meta name=\"twitter:card\" content=\"summary_large_image\" \/>\n<meta name=\"twitter:label1\" content=\"Written by\" \/>\n\t<meta name=\"twitter:data1\" content=\"Kisha Orthodhokse\" \/>\n\t<meta name=\"twitter:label2\" content=\"Est. reading time\" \/>\n\t<meta name=\"twitter:data2\" content=\"6 minutes\" \/>\n<script type=\"application\/ld+json\" class=\"yoast-schema-graph\">{\"@context\":\"https:\/\/schema.org\",\"@graph\":[{\"@type\":\"Article\",\"@id\":\"https:\/\/orthodoxalbania.org\/2020\/2017\/12\/05\/u-kremtua-100-vjetori-i-rivendosjes-se-patriarkanes-se-moskes\/#article\",\"isPartOf\":{\"@id\":\"https:\/\/orthodoxalbania.org\/2020\/2017\/12\/05\/u-kremtua-100-vjetori-i-rivendosjes-se-patriarkanes-se-moskes\/\"},\"author\":{\"name\":\"Kisha Orthodhokse\",\"@id\":\"https:\/\/orthodoxalbania.org\/2020\/#\/schema\/person\/0c387634a7063ac612d7ed9ce71c7e86\"},\"headline\":\"U kremtua 100-vjetori i rivendosjes s\u00eb Patriarkan\u00ebs s\u00eb Mosk\u00ebs\",\"datePublished\":\"2017-12-05T12:26:20+00:00\",\"dateModified\":\"2020-04-06T19:58:16+00:00\",\"mainEntityOfPage\":{\"@id\":\"https:\/\/orthodoxalbania.org\/2020\/2017\/12\/05\/u-kremtua-100-vjetori-i-rivendosjes-se-patriarkanes-se-moskes\/\"},\"wordCount\":1295,\"commentCount\":0,\"publisher\":{\"@id\":\"https:\/\/orthodoxalbania.org\/2020\/#organization\"},\"image\":{\"@id\":\"https:\/\/orthodoxalbania.org\/2020\/2017\/12\/05\/u-kremtua-100-vjetori-i-rivendosjes-se-patriarkanes-se-moskes\/#primaryimage\"},\"thumbnailUrl\":\"https:\/\/orthodoxalbania.org\/2020\/wp-content\/uploads\/2020\/04\/detail20171204-VAR_2490-.jpg\",\"keywords\":[\"100-vjetori i rivendosjes s\u00eb Patriarkan\u00ebs s\u00eb Mosk\u00ebs\",\"2017\",\"Kremtime\",\"Kryepiskopata Tiran\u00eb\",\"Kryepiskopi Anastas\",\"lajme\",\"Mitropolia e Amantias\",\"Mitropolia Kor\u00e7\u00eb\",\"Rusi\"],\"articleSection\":[\"Lajme\"],\"inLanguage\":\"en-US\"},{\"@type\":\"WebPage\",\"@id\":\"https:\/\/orthodoxalbania.org\/2020\/2017\/12\/05\/u-kremtua-100-vjetori-i-rivendosjes-se-patriarkanes-se-moskes\/\",\"url\":\"https:\/\/orthodoxalbania.org\/2020\/2017\/12\/05\/u-kremtua-100-vjetori-i-rivendosjes-se-patriarkanes-se-moskes\/\",\"name\":\"U kremtua 100-vjetori i rivendosjes s\u00eb Patriarkan\u00ebs s\u00eb Mosk\u00ebs - Kisha Orthodh\u03bfkse Autoqefale e Shqip\u00ebris\u00eb\",\"isPartOf\":{\"@id\":\"https:\/\/orthodoxalbania.org\/2020\/#website\"},\"primaryImageOfPage\":{\"@id\":\"https:\/\/orthodoxalbania.org\/2020\/2017\/12\/05\/u-kremtua-100-vjetori-i-rivendosjes-se-patriarkanes-se-moskes\/#primaryimage\"},\"image\":{\"@id\":\"https:\/\/orthodoxalbania.org\/2020\/2017\/12\/05\/u-kremtua-100-vjetori-i-rivendosjes-se-patriarkanes-se-moskes\/#primaryimage\"},\"thumbnailUrl\":\"https:\/\/orthodoxalbania.org\/2020\/wp-content\/uploads\/2020\/04\/detail20171204-VAR_2490-.jpg\",\"datePublished\":\"2017-12-05T12:26:20+00:00\",\"dateModified\":\"2020-04-06T19:58:16+00:00\",\"breadcrumb\":{\"@id\":\"https:\/\/orthodoxalbania.org\/2020\/2017\/12\/05\/u-kremtua-100-vjetori-i-rivendosjes-se-patriarkanes-se-moskes\/#breadcrumb\"},\"inLanguage\":\"en-US\",\"potentialAction\":[{\"@type\":\"ReadAction\",\"target\":[\"https:\/\/orthodoxalbania.org\/2020\/2017\/12\/05\/u-kremtua-100-vjetori-i-rivendosjes-se-patriarkanes-se-moskes\/\"]}]},{\"@type\":\"ImageObject\",\"inLanguage\":\"en-US\",\"@id\":\"https:\/\/orthodoxalbania.org\/2020\/2017\/12\/05\/u-kremtua-100-vjetori-i-rivendosjes-se-patriarkanes-se-moskes\/#primaryimage\",\"url\":\"https:\/\/orthodoxalbania.org\/2020\/wp-content\/uploads\/2020\/04\/detail20171204-VAR_2490-.jpg\",\"contentUrl\":\"https:\/\/orthodoxalbania.org\/2020\/wp-content\/uploads\/2020\/04\/detail20171204-VAR_2490-.jpg\",\"width\":2500,\"height\":1756},{\"@type\":\"BreadcrumbList\",\"@id\":\"https:\/\/orthodoxalbania.org\/2020\/2017\/12\/05\/u-kremtua-100-vjetori-i-rivendosjes-se-patriarkanes-se-moskes\/#breadcrumb\",\"itemListElement\":[{\"@type\":\"ListItem\",\"position\":1,\"name\":\"Home\",\"item\":\"https:\/\/orthodoxalbania.org\/2020\/\"},{\"@type\":\"ListItem\",\"position\":2,\"name\":\"U kremtua 100-vjetori i rivendosjes s\u00eb Patriarkan\u00ebs s\u00eb Mosk\u00ebs\"}]},{\"@type\":\"WebSite\",\"@id\":\"https:\/\/orthodoxalbania.org\/2020\/#website\",\"url\":\"https:\/\/orthodoxalbania.org\/2020\/\",\"name\":\"Kisha Orthodh\u03bfkse Autoqefale e Shqip\u00ebris\u00eb\",\"description\":\"Fqja Zyrtare e Kish\u00ebs Orthodhokse Autoqefale e Shqip\u00ebris\u00eb me lajmet edhe informacionet zyrtare p\u00ebr struktur\u00ebn edhe veprimtarin e saj.\",\"publisher\":{\"@id\":\"https:\/\/orthodoxalbania.org\/2020\/#organization\"},\"potentialAction\":[{\"@type\":\"SearchAction\",\"target\":{\"@type\":\"EntryPoint\",\"urlTemplate\":\"https:\/\/orthodoxalbania.org\/2020\/?s={search_term_string}\"},\"query-input\":{\"@type\":\"PropertyValueSpecification\",\"valueRequired\":true,\"valueName\":\"search_term_string\"}}],\"inLanguage\":\"en-US\"},{\"@type\":\"Organization\",\"@id\":\"https:\/\/orthodoxalbania.org\/2020\/#organization\",\"name\":\"Kisha Orthodhokse Autoqefale e Shqip\u00ebris\u00eb\",\"url\":\"https:\/\/orthodoxalbania.org\/2020\/\",\"logo\":{\"@type\":\"ImageObject\",\"inLanguage\":\"en-US\",\"@id\":\"https:\/\/orthodoxalbania.org\/2020\/#\/schema\/logo\/image\/\",\"url\":\"https:\/\/orthodoxalbania.org\/2020\/wp-content\/uploads\/2020\/05\/albania.jpeg\",\"contentUrl\":\"https:\/\/orthodoxalbania.org\/2020\/wp-content\/uploads\/2020\/05\/albania.jpeg\",\"width\":540,\"height\":540,\"caption\":\"Kisha Orthodhokse Autoqefale e Shqip\u00ebris\u00eb\"},\"image\":{\"@id\":\"https:\/\/orthodoxalbania.org\/2020\/#\/schema\/logo\/image\/\"},\"sameAs\":[\"https:\/\/www.facebook.com\/koash1991\"]},{\"@type\":\"Person\",\"@id\":\"https:\/\/orthodoxalbania.org\/2020\/#\/schema\/person\/0c387634a7063ac612d7ed9ce71c7e86\",\"name\":\"Kisha Orthodhokse\",\"image\":{\"@type\":\"ImageObject\",\"inLanguage\":\"en-US\",\"@id\":\"https:\/\/secure.gravatar.com\/avatar\/596e7c417251e30f2fbb9c00e026fce61a695a00e51c889caded71c96cbbdde5?s=96&d=mm&r=g\",\"url\":\"https:\/\/secure.gravatar.com\/avatar\/596e7c417251e30f2fbb9c00e026fce61a695a00e51c889caded71c96cbbdde5?s=96&d=mm&r=g\",\"contentUrl\":\"https:\/\/secure.gravatar.com\/avatar\/596e7c417251e30f2fbb9c00e026fce61a695a00e51c889caded71c96cbbdde5?s=96&d=mm&r=g\",\"caption\":\"Kisha Orthodhokse\"}}]}<\/script>\n<!-- \/ Yoast SEO plugin. -->","yoast_head_json":{"title":"U kremtua 100-vjetori i rivendosjes s\u00eb Patriarkan\u00ebs s\u00eb Mosk\u00ebs - Kisha Orthodh\u03bfkse Autoqefale e Shqip\u00ebris\u00eb","robots":{"index":"index","follow":"follow","max-snippet":"max-snippet:-1","max-image-preview":"max-image-preview:large","max-video-preview":"max-video-preview:-1"},"canonical":"https:\/\/orthodoxalbania.org\/2020\/2017\/12\/05\/u-kremtua-100-vjetori-i-rivendosjes-se-patriarkanes-se-moskes\/","og_locale":"en_US","og_type":"article","og_title":"U kremtua 100-vjetori i rivendosjes s\u00eb Patriarkan\u00ebs s\u00eb Mosk\u00ebs - Kisha Orthodh\u03bfkse Autoqefale e Shqip\u00ebris\u00eb","og_description":"&nbsp; U kremtua 100-vjetori i rivendosjes s\u00eb Patriarkan\u00ebs s\u00eb Mosk\u00ebs Mori pjes\u00eb nj\u00eb p\u00ebrfaq\u00ebsi e Kish\u00ebs son\u00eb, e kryesuar nga Kryepiskopi Anastas &nbsp; Nga data 1-4 dhjetor, nj\u00eb p\u00ebrfaq\u00ebsi e Kish\u00ebs Orthodhokse Autoqefale t\u00eb Shqip\u00ebris\u00eb, e kryesuar nga Kryepiskopi Anastas, vizitoi Rusin\u00eb, ku mori pjes\u00eb n\u00eb kremtimet me rastin e 100-vjetorit t\u00eb rivendosjes s\u00eb Patriarkan\u00ebs s\u00eb Mosk\u00ebs. N\u00eb p\u00ebrfaq\u00ebsin\u00eb e Kish\u00ebs son\u00eb b\u00ebnin pjes\u00eb edhe","og_url":"https:\/\/orthodoxalbania.org\/2020\/2017\/12\/05\/u-kremtua-100-vjetori-i-rivendosjes-se-patriarkanes-se-moskes\/","og_site_name":"Kisha Orthodh\u03bfkse Autoqefale e Shqip\u00ebris\u00eb","article_publisher":"https:\/\/www.facebook.com\/koash1991","article_published_time":"2017-12-05T12:26:20+00:00","article_modified_time":"2020-04-06T19:58:16+00:00","og_image":[{"width":2500,"height":1756,"url":"https:\/\/orthodoxalbania.org\/2020\/wp-content\/uploads\/2020\/04\/detail20171204-VAR_2490-.jpg","type":"image\/jpeg"}],"author":"Kisha Orthodhokse","twitter_card":"summary_large_image","twitter_misc":{"Written by":"Kisha Orthodhokse","Est. reading time":"6 minutes"},"schema":{"@context":"https:\/\/schema.org","@graph":[{"@type":"Article","@id":"https:\/\/orthodoxalbania.org\/2020\/2017\/12\/05\/u-kremtua-100-vjetori-i-rivendosjes-se-patriarkanes-se-moskes\/#article","isPartOf":{"@id":"https:\/\/orthodoxalbania.org\/2020\/2017\/12\/05\/u-kremtua-100-vjetori-i-rivendosjes-se-patriarkanes-se-moskes\/"},"author":{"name":"Kisha Orthodhokse","@id":"https:\/\/orthodoxalbania.org\/2020\/#\/schema\/person\/0c387634a7063ac612d7ed9ce71c7e86"},"headline":"U kremtua 100-vjetori i rivendosjes s\u00eb Patriarkan\u00ebs s\u00eb Mosk\u00ebs","datePublished":"2017-12-05T12:26:20+00:00","dateModified":"2020-04-06T19:58:16+00:00","mainEntityOfPage":{"@id":"https:\/\/orthodoxalbania.org\/2020\/2017\/12\/05\/u-kremtua-100-vjetori-i-rivendosjes-se-patriarkanes-se-moskes\/"},"wordCount":1295,"commentCount":0,"publisher":{"@id":"https:\/\/orthodoxalbania.org\/2020\/#organization"},"image":{"@id":"https:\/\/orthodoxalbania.org\/2020\/2017\/12\/05\/u-kremtua-100-vjetori-i-rivendosjes-se-patriarkanes-se-moskes\/#primaryimage"},"thumbnailUrl":"https:\/\/orthodoxalbania.org\/2020\/wp-content\/uploads\/2020\/04\/detail20171204-VAR_2490-.jpg","keywords":["100-vjetori i rivendosjes s\u00eb Patriarkan\u00ebs s\u00eb Mosk\u00ebs","2017","Kremtime","Kryepiskopata Tiran\u00eb","Kryepiskopi Anastas","lajme","Mitropolia e Amantias","Mitropolia Kor\u00e7\u00eb","Rusi"],"articleSection":["Lajme"],"inLanguage":"en-US"},{"@type":"WebPage","@id":"https:\/\/orthodoxalbania.org\/2020\/2017\/12\/05\/u-kremtua-100-vjetori-i-rivendosjes-se-patriarkanes-se-moskes\/","url":"https:\/\/orthodoxalbania.org\/2020\/2017\/12\/05\/u-kremtua-100-vjetori-i-rivendosjes-se-patriarkanes-se-moskes\/","name":"U kremtua 100-vjetori i rivendosjes s\u00eb Patriarkan\u00ebs s\u00eb Mosk\u00ebs - Kisha Orthodh\u03bfkse Autoqefale e Shqip\u00ebris\u00eb","isPartOf":{"@id":"https:\/\/orthodoxalbania.org\/2020\/#website"},"primaryImageOfPage":{"@id":"https:\/\/orthodoxalbania.org\/2020\/2017\/12\/05\/u-kremtua-100-vjetori-i-rivendosjes-se-patriarkanes-se-moskes\/#primaryimage"},"image":{"@id":"https:\/\/orthodoxalbania.org\/2020\/2017\/12\/05\/u-kremtua-100-vjetori-i-rivendosjes-se-patriarkanes-se-moskes\/#primaryimage"},"thumbnailUrl":"https:\/\/orthodoxalbania.org\/2020\/wp-content\/uploads\/2020\/04\/detail20171204-VAR_2490-.jpg","datePublished":"2017-12-05T12:26:20+00:00","dateModified":"2020-04-06T19:58:16+00:00","breadcrumb":{"@id":"https:\/\/orthodoxalbania.org\/2020\/2017\/12\/05\/u-kremtua-100-vjetori-i-rivendosjes-se-patriarkanes-se-moskes\/#breadcrumb"},"inLanguage":"en-US","potentialAction":[{"@type":"ReadAction","target":["https:\/\/orthodoxalbania.org\/2020\/2017\/12\/05\/u-kremtua-100-vjetori-i-rivendosjes-se-patriarkanes-se-moskes\/"]}]},{"@type":"ImageObject","inLanguage":"en-US","@id":"https:\/\/orthodoxalbania.org\/2020\/2017\/12\/05\/u-kremtua-100-vjetori-i-rivendosjes-se-patriarkanes-se-moskes\/#primaryimage","url":"https:\/\/orthodoxalbania.org\/2020\/wp-content\/uploads\/2020\/04\/detail20171204-VAR_2490-.jpg","contentUrl":"https:\/\/orthodoxalbania.org\/2020\/wp-content\/uploads\/2020\/04\/detail20171204-VAR_2490-.jpg","width":2500,"height":1756},{"@type":"BreadcrumbList","@id":"https:\/\/orthodoxalbania.org\/2020\/2017\/12\/05\/u-kremtua-100-vjetori-i-rivendosjes-se-patriarkanes-se-moskes\/#breadcrumb","itemListElement":[{"@type":"ListItem","position":1,"name":"Home","item":"https:\/\/orthodoxalbania.org\/2020\/"},{"@type":"ListItem","position":2,"name":"U kremtua 100-vjetori i rivendosjes s\u00eb Patriarkan\u00ebs s\u00eb Mosk\u00ebs"}]},{"@type":"WebSite","@id":"https:\/\/orthodoxalbania.org\/2020\/#website","url":"https:\/\/orthodoxalbania.org\/2020\/","name":"Kisha Orthodh\u03bfkse Autoqefale e Shqip\u00ebris\u00eb","description":"Fqja Zyrtare e Kish\u00ebs Orthodhokse Autoqefale e Shqip\u00ebris\u00eb me lajmet edhe informacionet zyrtare p\u00ebr struktur\u00ebn edhe veprimtarin e saj.","publisher":{"@id":"https:\/\/orthodoxalbania.org\/2020\/#organization"},"potentialAction":[{"@type":"SearchAction","target":{"@type":"EntryPoint","urlTemplate":"https:\/\/orthodoxalbania.org\/2020\/?s={search_term_string}"},"query-input":{"@type":"PropertyValueSpecification","valueRequired":true,"valueName":"search_term_string"}}],"inLanguage":"en-US"},{"@type":"Organization","@id":"https:\/\/orthodoxalbania.org\/2020\/#organization","name":"Kisha Orthodhokse Autoqefale e Shqip\u00ebris\u00eb","url":"https:\/\/orthodoxalbania.org\/2020\/","logo":{"@type":"ImageObject","inLanguage":"en-US","@id":"https:\/\/orthodoxalbania.org\/2020\/#\/schema\/logo\/image\/","url":"https:\/\/orthodoxalbania.org\/2020\/wp-content\/uploads\/2020\/05\/albania.jpeg","contentUrl":"https:\/\/orthodoxalbania.org\/2020\/wp-content\/uploads\/2020\/05\/albania.jpeg","width":540,"height":540,"caption":"Kisha Orthodhokse Autoqefale e Shqip\u00ebris\u00eb"},"image":{"@id":"https:\/\/orthodoxalbania.org\/2020\/#\/schema\/logo\/image\/"},"sameAs":["https:\/\/www.facebook.com\/koash1991"]},{"@type":"Person","@id":"https:\/\/orthodoxalbania.org\/2020\/#\/schema\/person\/0c387634a7063ac612d7ed9ce71c7e86","name":"Kisha Orthodhokse","image":{"@type":"ImageObject","inLanguage":"en-US","@id":"https:\/\/secure.gravatar.com\/avatar\/596e7c417251e30f2fbb9c00e026fce61a695a00e51c889caded71c96cbbdde5?s=96&d=mm&r=g","url":"https:\/\/secure.gravatar.com\/avatar\/596e7c417251e30f2fbb9c00e026fce61a695a00e51c889caded71c96cbbdde5?s=96&d=mm&r=g","contentUrl":"https:\/\/secure.gravatar.com\/avatar\/596e7c417251e30f2fbb9c00e026fce61a695a00e51c889caded71c96cbbdde5?s=96&d=mm&r=g","caption":"Kisha Orthodhokse"}}]}},"_links":{"self":[{"href":"https:\/\/orthodoxalbania.org\/2020\/wp-json\/wp\/v2\/posts\/5698","targetHints":{"allow":["GET"]}}],"collection":[{"href":"https:\/\/orthodoxalbania.org\/2020\/wp-json\/wp\/v2\/posts"}],"about":[{"href":"https:\/\/orthodoxalbania.org\/2020\/wp-json\/wp\/v2\/types\/post"}],"author":[{"embeddable":true,"href":"https:\/\/orthodoxalbania.org\/2020\/wp-json\/wp\/v2\/users\/1"}],"replies":[{"embeddable":true,"href":"https:\/\/orthodoxalbania.org\/2020\/wp-json\/wp\/v2\/comments?post=5698"}],"version-history":[{"count":1,"href":"https:\/\/orthodoxalbania.org\/2020\/wp-json\/wp\/v2\/posts\/5698\/revisions"}],"predecessor-version":[{"id":14823,"href":"https:\/\/orthodoxalbania.org\/2020\/wp-json\/wp\/v2\/posts\/5698\/revisions\/14823"}],"wp:featuredmedia":[{"embeddable":true,"href":"https:\/\/orthodoxalbania.org\/2020\/wp-json\/wp\/v2\/media\/5699"}],"wp:attachment":[{"href":"https:\/\/orthodoxalbania.org\/2020\/wp-json\/wp\/v2\/media?parent=5698"}],"wp:term":[{"taxonomy":"category","embeddable":true,"href":"https:\/\/orthodoxalbania.org\/2020\/wp-json\/wp\/v2\/categories?post=5698"},{"taxonomy":"post_tag","embeddable":true,"href":"https:\/\/orthodoxalbania.org\/2020\/wp-json\/wp\/v2\/tags?post=5698"}],"curies":[{"name":"wp","href":"https:\/\/api.w.org\/{rel}","templated":true}]}}