{"id":5685,"date":"2017-11-27T19:30:40","date_gmt":"2017-11-27T19:30:40","guid":{"rendered":""},"modified":"2020-04-06T21:58:16","modified_gmt":"2020-04-06T19:58:16","slug":"proteste-per-nje-roman-qe-fyen-orthodhokset-dhe-me-gjere-si-edhe-harmonine-fetare-te-shqiperise","status":"publish","type":"post","link":"https:\/\/orthodoxalbania.org\/2020\/2017\/11\/27\/proteste-per-nje-roman-qe-fyen-orthodhokset-dhe-me-gjere-si-edhe-harmonine-fetare-te-shqiperise\/","title":{"rendered":"Protest\u00eb &#8211; P\u00ebr nj\u00eb \u201croman\u201d, q\u00eb fyen orthodhoks\u00ebt dhe m\u00eb gjer\u00eb, si edhe harmonin\u00eb fetare t\u00eb Shqip\u00ebris\u00eb"},"content":{"rendered":"<p style=\"text-align: center;\"><span style=\"color: #ff6600; font-size: 10pt;\"><\/span><\/p>\n<p> <\/p>\n<p style=\"text-align: center;\"><span style=\"color: #000000; font-size: 12pt; font-family: helvetica;\">KISHA ORTHODHOKSE AUTOQEFALE E SHQIP\u00cbRIS\u00cb<\/span><\/p>\n<p style=\"text-align: center;\">&nbsp;<\/p>\n<p style=\"text-align: center;\"><span style=\"color: #000000;\"><span style=\"font-size: 12pt; font-family: helvetica;\"><\/span><span style=\"font-size: 12pt; font-family: helvetica;\"><strong>Protest\u00eb<\/strong><\/span><\/span><\/p>\n<p style=\"text-align: center;\"><span style=\"color: #000000;\"><span style=\"font-size: 12pt; font-family: helvetica;\"><\/span><em><span style=\"font-size: 12pt; font-family: helvetica;\">P\u00ebr nj\u00eb \u201croman\u201d, q\u00eb fyen orthodhoks\u00ebt dhe m\u00eb gjer\u00eb, si edhe harmonin\u00eb fetare t\u00eb Shqip\u00ebris\u00eb.<\/span><\/em><\/span><\/p>\n<p style=\"text-align: justify;\">&nbsp;<\/p>\n<p style=\"text-align: justify;\"><span style=\"color: #000000;\"><span style=\"font-size: 12pt; font-family: helvetica;\"><\/span><span style=\"font-size: 12pt; font-family: helvetica;\">Disa qarqe, koh\u00eb pas kohe, l\u00ebshojn\u00eb sharje t\u00eb ndryshme, me sajesa e trillime t\u00eb g\u00ebnjeshtra, p\u00ebr t\u00eb fyer personalitete t\u00eb Kish\u00ebs Orthodhokse. S\u00eb fundmi, nj\u00eb lib\u00ebr fyes u prezantua n\u00eb Panairin e Librit, n\u00eb Tiran\u00eb. B\u00ebhet fjal\u00eb p\u00ebr gjoja \u201cromanin\u201d me titull \u201cDjaj n\u00eb veladon\u201d t\u00eb Sejdi Kondit, botim i sht\u00ebpis\u00eb botuese \u201c\u00c7am\u00ebria\u201d, i promovuar nga nj\u00eb stend\u00eb me orientime politike t\u00eb caktuara. Ky lib\u00ebr \u00ebsht\u00eb nj\u00eb p\u00ebr\u00e7artje fantazie e s\u00ebmur\u00eb, shfaqet si roman, por p\u00ebrmend direkt dy emra historik\u00eb, sh\u00ebn Kozmain e Kolkondasit (Fier) dhe Kryepiskopin Anastas. Kopertina e librit p\u00ebrb\u00ebhet nga ikona e t\u00eb parit dhe fotografia e t\u00eb dytit. \u00cbsht\u00eb m\u00eb se e qart\u00eb se q\u00ebllimi i librit \u00ebsht\u00eb t\u00eb godas\u00eb autoritetin e tyre, t\u2019u baltos\u00eb emrin, duke shpikur dialog\u00eb imagjinar\u00eb dhe duke e shtremb\u00ebruar krejt\u00ebsisht historin\u00eb e tyre. Por pik\u00ebs\u00ebpari, fyen t\u00eb gjith\u00eb orthodhoks\u00ebt, jo vet\u00ebm n\u00eb Shqip\u00ebri, por edhe n\u00eb mbar\u00eb bot\u00ebn orthodhokse, q\u00eb i nderojn\u00eb dhe i respektojn\u00eb k\u00ebto figura n\u00eb m\u00ebnyr\u00eb t\u00eb ve\u00e7ant\u00eb.&nbsp;<\/span><\/span><\/p>\n<p style=\"text-align: justify;\"><span style=\"color: #000000; font-size: 12pt; font-family: helvetica;\">Protestave t\u00eb forta, t\u00eb b\u00ebra brenda vendit dhe jasht\u00eb tij, jemi t\u00eb detyruar t\u2019u shtojm\u00eb protest\u00ebn zyrtare t\u00eb Kish\u00ebs Orthodhokse drejtuar shkrimtarit, sht\u00ebpis\u00eb botuese dhe qarqeve politike q\u00eb k\u00ebmb\u00ebngulin p\u00ebr promovimin e k\u00ebtij libri. Ka ardhur koha q\u00eb ky sakrilegj i pad\u00ebgjuar t\u00eb marr\u00eb fund dhe t\u00eb hiqet nga qarkullimi ky lib\u00ebr i turpsh\u00ebm, q\u00eb fyen jo vet\u00ebm komunitetin orthodhoks, por p\u00ebrb\u00ebn nj\u00eb stonatur\u00eb n\u00eb harmonin\u00eb fetare, p\u00ebr t\u00eb cil\u00ebn mburret vendi yn\u00eb dhe minon bashkekzistenc\u00ebn paq\u00ebsore. <\/span><\/p>\n<p style=\"text-align: justify;\"><span style=\"color: #000000;\"><span style=\"font-size: 12pt; font-family: helvetica;\"><\/span><span style=\"font-size: 12pt; font-family: helvetica;\">Kisha Orthodhokse sigurisht q\u00eb do ta vazhdoj\u00eb e paepur vepr\u00ebn e saj krijuese, duke rrezatuar dashuri e shpres\u00eb n\u00eb t\u00eb gjitha drejtimet. Sh\u00ebn Joan Gojarti ka shkruar qysh n\u00eb shekullin e 4-t pas Krishtit, n\u00eb lidhje me fenomenin e m\u00ebsip\u00ebrm: \u201cKisha fiton, kur e luftojn\u00eb; kur b\u00ebjn\u00eb plane kund\u00ebr saj, m\u00eb shum\u00eb forcohet; kur shahet b\u00ebhet m\u00eb e shndritshme,\u2026 gjithmon\u00eb lul\u00ebzon\u201d.<\/span><\/span><\/p>\n<p style=\"text-align: justify;\">&nbsp;<\/p>\n<p style=\"text-align: right;\"><strong><em><span style=\"color: #000000;\"><span style=\"font-size: 12pt; font-family: helvetica;\"><\/span><span style=\"font-size: 12pt; font-family: helvetica;\">Sinodi i Shenjt\u00eb i Kish\u00ebs Orthodhokse Autoqefale t\u00eb Shqip\u00ebris\u00eb<\/span><\/span><\/em><\/strong><\/p>\n<p style=\"text-align: right;\"><em><span style=\"color: #000000;\"><span style=\"font-size: 12pt; font-family: helvetica;\"><\/span><span style=\"font-size: 12pt; font-family: helvetica;\">27.11.2017<\/span><\/span><\/em><\/p>\n<p style=\"text-align: right;\">&nbsp;<\/p>\n<p style=\"text-align: center;\"><img class=\"lazyload\" decoding=\"async\" style=\"display: block; margin: 10px auto; border: 1px solid #000000;\" alt=\"\" src=\"data:image\/svg+xml,%3Csvg%20xmlns%3D%27http%3A%2F%2Fwww.w3.org%2F2000%2Fsvg%27%20width%3D%27518%27%20height%3D%27384%27%20viewBox%3D%270%200%20518%20384%27%3E%3Crect%20width%3D%27518%27%20height%3D%27384%27%20fill-opacity%3D%220%22%2F%3E%3C%2Fsvg%3E\" data-orig-src=\"https:\/\/lh5.googleusercontent.com\/-uDa55ybeaNQ\/VjOIZ5zgrII\/AAAAAAAAQD4\/7BWjnfykV6Q\/w800-h593-no\/faqja+7+poshte_800x593.jpg\" height=\"384\" width=\"518\" \/><\/p>\n<p><span style=\"color: #000000; font-size: 12pt; font-family: helvetica;\"><\/span><\/p>\n","protected":false},"excerpt":{"rendered":"<p>KISHA ORTHODHOKSE AUTOQEFALE E SHQIP\u00cbRIS\u00cb &nbsp; Protest\u00eb P\u00ebr nj\u00eb \u201croman\u201d, q\u00eb fyen orthodhoks\u00ebt dhe m\u00eb gjer\u00eb, si edhe harmonin\u00eb fetare t\u00eb Shqip\u00ebris\u00eb. &nbsp; Disa qarqe, koh\u00eb pas kohe, l\u00ebshojn\u00eb sharje t\u00eb ndryshme, me sajesa e trillime t\u00eb g\u00ebnjeshtra, p\u00ebr t\u00eb fyer personalitete t\u00eb Kish\u00ebs Orthodhokse. S\u00eb fundmi, nj\u00eb lib\u00ebr fyes u prezantua n\u00eb Panairin e Librit, n\u00eb Tiran\u00eb. B\u00ebhet fjal\u00eb p\u00ebr gjoja \u201cromanin\u201d me titull<\/p>\n","protected":false},"author":14,"featured_media":4412,"comment_status":"open","ping_status":"open","sticky":false,"template":"","format":"standard","meta":{"_acf_changed":false,"pagelayer_contact_templates":[],"_pagelayer_content":"","inline_featured_image":false,"fifu_image_url":"","fifu_image_alt":"","footnotes":""},"categories":[108],"tags":[209,153,196,212,217],"class_list":["post-5685","post","type-post","status-publish","format-standard","has-post-thumbnail","hentry","category-lajme","tag-209","tag-deklarata-njoftime-zyrtare-d75","tag-tirane","tag-lajme-d27","tag-proteste"],"acf":[],"yoast_head":"<!-- This site is optimized with the Yoast SEO plugin v27.2 - https:\/\/yoast.com\/product\/yoast-seo-wordpress\/ -->\n<title>Protest\u00eb - P\u00ebr nj\u00eb \u201croman\u201d, q\u00eb fyen orthodhoks\u00ebt dhe m\u00eb gjer\u00eb, si edhe harmonin\u00eb fetare t\u00eb Shqip\u00ebris\u00eb - Kisha Orthodh\u03bfkse Autoqefale e Shqip\u00ebris\u00eb<\/title>\n<meta name=\"robots\" content=\"index, follow, max-snippet:-1, max-image-preview:large, max-video-preview:-1\" \/>\n<link rel=\"canonical\" href=\"https:\/\/orthodoxalbania.org\/2020\/2017\/11\/27\/proteste-per-nje-roman-qe-fyen-orthodhokset-dhe-me-gjere-si-edhe-harmonine-fetare-te-shqiperise\/\" \/>\n<meta property=\"og:locale\" content=\"en_US\" \/>\n<meta property=\"og:type\" content=\"article\" \/>\n<meta property=\"og:title\" content=\"Protest\u00eb - P\u00ebr nj\u00eb \u201croman\u201d, q\u00eb fyen orthodhoks\u00ebt dhe m\u00eb gjer\u00eb, si edhe harmonin\u00eb fetare t\u00eb Shqip\u00ebris\u00eb - Kisha Orthodh\u03bfkse Autoqefale e Shqip\u00ebris\u00eb\" \/>\n<meta property=\"og:description\" content=\"KISHA ORTHODHOKSE AUTOQEFALE E SHQIP\u00cbRIS\u00cb &nbsp; Protest\u00eb P\u00ebr nj\u00eb \u201croman\u201d, q\u00eb fyen orthodhoks\u00ebt dhe m\u00eb gjer\u00eb, si edhe harmonin\u00eb fetare t\u00eb Shqip\u00ebris\u00eb. &nbsp; Disa qarqe, koh\u00eb pas kohe, l\u00ebshojn\u00eb sharje t\u00eb ndryshme, me sajesa e trillime t\u00eb g\u00ebnjeshtra, p\u00ebr t\u00eb fyer personalitete t\u00eb Kish\u00ebs Orthodhokse. S\u00eb fundmi, nj\u00eb lib\u00ebr fyes u prezantua n\u00eb Panairin e Librit, n\u00eb Tiran\u00eb. B\u00ebhet fjal\u00eb p\u00ebr gjoja \u201cromanin\u201d me titull\" \/>\n<meta property=\"og:url\" content=\"https:\/\/orthodoxalbania.org\/2020\/2017\/11\/27\/proteste-per-nje-roman-qe-fyen-orthodhokset-dhe-me-gjere-si-edhe-harmonine-fetare-te-shqiperise\/\" \/>\n<meta property=\"og:site_name\" content=\"Kisha Orthodh\u03bfkse Autoqefale e Shqip\u00ebris\u00eb\" \/>\n<meta property=\"article:publisher\" content=\"https:\/\/www.facebook.com\/koash1991\" \/>\n<meta property=\"article:published_time\" content=\"2017-11-27T19:30:40+00:00\" \/>\n<meta property=\"article:modified_time\" content=\"2020-04-06T19:58:16+00:00\" \/>\n<meta property=\"og:image\" content=\"https:\/\/orthodoxalbania.org\/2020\/wp-content\/uploads\/2020\/04\/faqja-7-poshte_800x593.jpg\" \/>\n\t<meta property=\"og:image:width\" content=\"150\" \/>\n\t<meta property=\"og:image:height\" content=\"150\" \/>\n\t<meta property=\"og:image:type\" content=\"image\/jpeg\" \/>\n<meta name=\"author\" content=\"neo_admin\" \/>\n<meta name=\"twitter:card\" content=\"summary_large_image\" \/>\n<meta name=\"twitter:label1\" content=\"Written by\" \/>\n\t<meta name=\"twitter:data1\" content=\"neo_admin\" \/>\n\t<meta name=\"twitter:label2\" content=\"Est. reading time\" \/>\n\t<meta name=\"twitter:data2\" content=\"2 minutes\" \/>\n<script type=\"application\/ld+json\" class=\"yoast-schema-graph\">{\"@context\":\"https:\/\/schema.org\",\"@graph\":[{\"@type\":\"Article\",\"@id\":\"https:\/\/orthodoxalbania.org\/2020\/2017\/11\/27\/proteste-per-nje-roman-qe-fyen-orthodhokset-dhe-me-gjere-si-edhe-harmonine-fetare-te-shqiperise\/#article\",\"isPartOf\":{\"@id\":\"https:\/\/orthodoxalbania.org\/2020\/2017\/11\/27\/proteste-per-nje-roman-qe-fyen-orthodhokset-dhe-me-gjere-si-edhe-harmonine-fetare-te-shqiperise\/\"},\"author\":{\"name\":\"neo_admin\",\"@id\":\"https:\/\/orthodoxalbania.org\/2020\/#\/schema\/person\/dd2bdc135b53c60d45b8bb329565cf6d\"},\"headline\":\"Protest\u00eb &#8211; P\u00ebr nj\u00eb \u201croman\u201d, q\u00eb fyen orthodhoks\u00ebt dhe m\u00eb gjer\u00eb, si edhe harmonin\u00eb fetare t\u00eb Shqip\u00ebris\u00eb\",\"datePublished\":\"2017-11-27T19:30:40+00:00\",\"dateModified\":\"2020-04-06T19:58:16+00:00\",\"mainEntityOfPage\":{\"@id\":\"https:\/\/orthodoxalbania.org\/2020\/2017\/11\/27\/proteste-per-nje-roman-qe-fyen-orthodhokset-dhe-me-gjere-si-edhe-harmonine-fetare-te-shqiperise\/\"},\"wordCount\":416,\"commentCount\":0,\"publisher\":{\"@id\":\"https:\/\/orthodoxalbania.org\/2020\/#organization\"},\"image\":{\"@id\":\"https:\/\/orthodoxalbania.org\/2020\/2017\/11\/27\/proteste-per-nje-roman-qe-fyen-orthodhokset-dhe-me-gjere-si-edhe-harmonine-fetare-te-shqiperise\/#primaryimage\"},\"thumbnailUrl\":\"https:\/\/orthodoxalbania.org\/2020\/wp-content\/uploads\/2020\/04\/faqja-7-poshte_800x593.jpg\",\"keywords\":[\"2017\",\"Deklarata - Njoftime Zyrtare\",\"Kryepiskopata Tiran\u00eb\",\"lajme\",\"Protest\u00eb,\"],\"articleSection\":[\"Lajme\"],\"inLanguage\":\"en-US\"},{\"@type\":\"WebPage\",\"@id\":\"https:\/\/orthodoxalbania.org\/2020\/2017\/11\/27\/proteste-per-nje-roman-qe-fyen-orthodhokset-dhe-me-gjere-si-edhe-harmonine-fetare-te-shqiperise\/\",\"url\":\"https:\/\/orthodoxalbania.org\/2020\/2017\/11\/27\/proteste-per-nje-roman-qe-fyen-orthodhokset-dhe-me-gjere-si-edhe-harmonine-fetare-te-shqiperise\/\",\"name\":\"Protest\u00eb - P\u00ebr nj\u00eb \u201croman\u201d, q\u00eb fyen orthodhoks\u00ebt dhe m\u00eb gjer\u00eb, si edhe harmonin\u00eb fetare t\u00eb Shqip\u00ebris\u00eb - Kisha Orthodh\u03bfkse Autoqefale e Shqip\u00ebris\u00eb\",\"isPartOf\":{\"@id\":\"https:\/\/orthodoxalbania.org\/2020\/#website\"},\"primaryImageOfPage\":{\"@id\":\"https:\/\/orthodoxalbania.org\/2020\/2017\/11\/27\/proteste-per-nje-roman-qe-fyen-orthodhokset-dhe-me-gjere-si-edhe-harmonine-fetare-te-shqiperise\/#primaryimage\"},\"image\":{\"@id\":\"https:\/\/orthodoxalbania.org\/2020\/2017\/11\/27\/proteste-per-nje-roman-qe-fyen-orthodhokset-dhe-me-gjere-si-edhe-harmonine-fetare-te-shqiperise\/#primaryimage\"},\"thumbnailUrl\":\"https:\/\/orthodoxalbania.org\/2020\/wp-content\/uploads\/2020\/04\/faqja-7-poshte_800x593.jpg\",\"datePublished\":\"2017-11-27T19:30:40+00:00\",\"dateModified\":\"2020-04-06T19:58:16+00:00\",\"breadcrumb\":{\"@id\":\"https:\/\/orthodoxalbania.org\/2020\/2017\/11\/27\/proteste-per-nje-roman-qe-fyen-orthodhokset-dhe-me-gjere-si-edhe-harmonine-fetare-te-shqiperise\/#breadcrumb\"},\"inLanguage\":\"en-US\",\"potentialAction\":[{\"@type\":\"ReadAction\",\"target\":[\"https:\/\/orthodoxalbania.org\/2020\/2017\/11\/27\/proteste-per-nje-roman-qe-fyen-orthodhokset-dhe-me-gjere-si-edhe-harmonine-fetare-te-shqiperise\/\"]}]},{\"@type\":\"ImageObject\",\"inLanguage\":\"en-US\",\"@id\":\"https:\/\/orthodoxalbania.org\/2020\/2017\/11\/27\/proteste-per-nje-roman-qe-fyen-orthodhokset-dhe-me-gjere-si-edhe-harmonine-fetare-te-shqiperise\/#primaryimage\",\"url\":\"https:\/\/orthodoxalbania.org\/2020\/wp-content\/uploads\/2020\/04\/faqja-7-poshte_800x593.jpg\",\"contentUrl\":\"https:\/\/orthodoxalbania.org\/2020\/wp-content\/uploads\/2020\/04\/faqja-7-poshte_800x593.jpg\",\"width\":150,\"height\":150},{\"@type\":\"BreadcrumbList\",\"@id\":\"https:\/\/orthodoxalbania.org\/2020\/2017\/11\/27\/proteste-per-nje-roman-qe-fyen-orthodhokset-dhe-me-gjere-si-edhe-harmonine-fetare-te-shqiperise\/#breadcrumb\",\"itemListElement\":[{\"@type\":\"ListItem\",\"position\":1,\"name\":\"Home\",\"item\":\"https:\/\/orthodoxalbania.org\/2020\/\"},{\"@type\":\"ListItem\",\"position\":2,\"name\":\"Protest\u00eb &#8211; P\u00ebr nj\u00eb \u201croman\u201d, q\u00eb fyen orthodhoks\u00ebt dhe m\u00eb gjer\u00eb, si edhe harmonin\u00eb fetare t\u00eb Shqip\u00ebris\u00eb\"}]},{\"@type\":\"WebSite\",\"@id\":\"https:\/\/orthodoxalbania.org\/2020\/#website\",\"url\":\"https:\/\/orthodoxalbania.org\/2020\/\",\"name\":\"Kisha Orthodh\u03bfkse Autoqefale e Shqip\u00ebris\u00eb\",\"description\":\"Fqja Zyrtare e Kish\u00ebs Orthodhokse Autoqefale e Shqip\u00ebris\u00eb me lajmet edhe informacionet zyrtare p\u00ebr struktur\u00ebn edhe veprimtarin e saj.\",\"publisher\":{\"@id\":\"https:\/\/orthodoxalbania.org\/2020\/#organization\"},\"potentialAction\":[{\"@type\":\"SearchAction\",\"target\":{\"@type\":\"EntryPoint\",\"urlTemplate\":\"https:\/\/orthodoxalbania.org\/2020\/?s={search_term_string}\"},\"query-input\":{\"@type\":\"PropertyValueSpecification\",\"valueRequired\":true,\"valueName\":\"search_term_string\"}}],\"inLanguage\":\"en-US\"},{\"@type\":\"Organization\",\"@id\":\"https:\/\/orthodoxalbania.org\/2020\/#organization\",\"name\":\"Kisha Orthodhokse Autoqefale e Shqip\u00ebris\u00eb\",\"url\":\"https:\/\/orthodoxalbania.org\/2020\/\",\"logo\":{\"@type\":\"ImageObject\",\"inLanguage\":\"en-US\",\"@id\":\"https:\/\/orthodoxalbania.org\/2020\/#\/schema\/logo\/image\/\",\"url\":\"https:\/\/orthodoxalbania.org\/2020\/wp-content\/uploads\/2020\/05\/albania.jpeg\",\"contentUrl\":\"https:\/\/orthodoxalbania.org\/2020\/wp-content\/uploads\/2020\/05\/albania.jpeg\",\"width\":540,\"height\":540,\"caption\":\"Kisha Orthodhokse Autoqefale e Shqip\u00ebris\u00eb\"},\"image\":{\"@id\":\"https:\/\/orthodoxalbania.org\/2020\/#\/schema\/logo\/image\/\"},\"sameAs\":[\"https:\/\/www.facebook.com\/koash1991\"]},{\"@type\":\"Person\",\"@id\":\"https:\/\/orthodoxalbania.org\/2020\/#\/schema\/person\/dd2bdc135b53c60d45b8bb329565cf6d\",\"name\":\"neo_admin\",\"image\":{\"@type\":\"ImageObject\",\"inLanguage\":\"en-US\",\"@id\":\"https:\/\/secure.gravatar.com\/avatar\/53e6cdc30765aade0129f85e5aeb50124b1d3f5bb9a70373be31e4eb328371e0?s=96&d=mm&r=g\",\"url\":\"https:\/\/secure.gravatar.com\/avatar\/53e6cdc30765aade0129f85e5aeb50124b1d3f5bb9a70373be31e4eb328371e0?s=96&d=mm&r=g\",\"contentUrl\":\"https:\/\/secure.gravatar.com\/avatar\/53e6cdc30765aade0129f85e5aeb50124b1d3f5bb9a70373be31e4eb328371e0?s=96&d=mm&r=g\",\"caption\":\"neo_admin\"}}]}<\/script>\n<!-- \/ Yoast SEO plugin. -->","yoast_head_json":{"title":"Protest\u00eb - P\u00ebr nj\u00eb \u201croman\u201d, q\u00eb fyen orthodhoks\u00ebt dhe m\u00eb gjer\u00eb, si edhe harmonin\u00eb fetare t\u00eb Shqip\u00ebris\u00eb - Kisha Orthodh\u03bfkse Autoqefale e Shqip\u00ebris\u00eb","robots":{"index":"index","follow":"follow","max-snippet":"max-snippet:-1","max-image-preview":"max-image-preview:large","max-video-preview":"max-video-preview:-1"},"canonical":"https:\/\/orthodoxalbania.org\/2020\/2017\/11\/27\/proteste-per-nje-roman-qe-fyen-orthodhokset-dhe-me-gjere-si-edhe-harmonine-fetare-te-shqiperise\/","og_locale":"en_US","og_type":"article","og_title":"Protest\u00eb - P\u00ebr nj\u00eb \u201croman\u201d, q\u00eb fyen orthodhoks\u00ebt dhe m\u00eb gjer\u00eb, si edhe harmonin\u00eb fetare t\u00eb Shqip\u00ebris\u00eb - Kisha Orthodh\u03bfkse Autoqefale e Shqip\u00ebris\u00eb","og_description":"KISHA ORTHODHOKSE AUTOQEFALE E SHQIP\u00cbRIS\u00cb &nbsp; Protest\u00eb P\u00ebr nj\u00eb \u201croman\u201d, q\u00eb fyen orthodhoks\u00ebt dhe m\u00eb gjer\u00eb, si edhe harmonin\u00eb fetare t\u00eb Shqip\u00ebris\u00eb. &nbsp; Disa qarqe, koh\u00eb pas kohe, l\u00ebshojn\u00eb sharje t\u00eb ndryshme, me sajesa e trillime t\u00eb g\u00ebnjeshtra, p\u00ebr t\u00eb fyer personalitete t\u00eb Kish\u00ebs Orthodhokse. S\u00eb fundmi, nj\u00eb lib\u00ebr fyes u prezantua n\u00eb Panairin e Librit, n\u00eb Tiran\u00eb. B\u00ebhet fjal\u00eb p\u00ebr gjoja \u201cromanin\u201d me titull","og_url":"https:\/\/orthodoxalbania.org\/2020\/2017\/11\/27\/proteste-per-nje-roman-qe-fyen-orthodhokset-dhe-me-gjere-si-edhe-harmonine-fetare-te-shqiperise\/","og_site_name":"Kisha Orthodh\u03bfkse Autoqefale e Shqip\u00ebris\u00eb","article_publisher":"https:\/\/www.facebook.com\/koash1991","article_published_time":"2017-11-27T19:30:40+00:00","article_modified_time":"2020-04-06T19:58:16+00:00","og_image":[{"width":150,"height":150,"url":"https:\/\/orthodoxalbania.org\/2020\/wp-content\/uploads\/2020\/04\/faqja-7-poshte_800x593.jpg","type":"image\/jpeg"}],"author":"neo_admin","twitter_card":"summary_large_image","twitter_misc":{"Written by":"neo_admin","Est. reading time":"2 minutes"},"schema":{"@context":"https:\/\/schema.org","@graph":[{"@type":"Article","@id":"https:\/\/orthodoxalbania.org\/2020\/2017\/11\/27\/proteste-per-nje-roman-qe-fyen-orthodhokset-dhe-me-gjere-si-edhe-harmonine-fetare-te-shqiperise\/#article","isPartOf":{"@id":"https:\/\/orthodoxalbania.org\/2020\/2017\/11\/27\/proteste-per-nje-roman-qe-fyen-orthodhokset-dhe-me-gjere-si-edhe-harmonine-fetare-te-shqiperise\/"},"author":{"name":"neo_admin","@id":"https:\/\/orthodoxalbania.org\/2020\/#\/schema\/person\/dd2bdc135b53c60d45b8bb329565cf6d"},"headline":"Protest\u00eb &#8211; P\u00ebr nj\u00eb \u201croman\u201d, q\u00eb fyen orthodhoks\u00ebt dhe m\u00eb gjer\u00eb, si edhe harmonin\u00eb fetare t\u00eb Shqip\u00ebris\u00eb","datePublished":"2017-11-27T19:30:40+00:00","dateModified":"2020-04-06T19:58:16+00:00","mainEntityOfPage":{"@id":"https:\/\/orthodoxalbania.org\/2020\/2017\/11\/27\/proteste-per-nje-roman-qe-fyen-orthodhokset-dhe-me-gjere-si-edhe-harmonine-fetare-te-shqiperise\/"},"wordCount":416,"commentCount":0,"publisher":{"@id":"https:\/\/orthodoxalbania.org\/2020\/#organization"},"image":{"@id":"https:\/\/orthodoxalbania.org\/2020\/2017\/11\/27\/proteste-per-nje-roman-qe-fyen-orthodhokset-dhe-me-gjere-si-edhe-harmonine-fetare-te-shqiperise\/#primaryimage"},"thumbnailUrl":"https:\/\/orthodoxalbania.org\/2020\/wp-content\/uploads\/2020\/04\/faqja-7-poshte_800x593.jpg","keywords":["2017","Deklarata - Njoftime Zyrtare","Kryepiskopata Tiran\u00eb","lajme","Protest\u00eb,"],"articleSection":["Lajme"],"inLanguage":"en-US"},{"@type":"WebPage","@id":"https:\/\/orthodoxalbania.org\/2020\/2017\/11\/27\/proteste-per-nje-roman-qe-fyen-orthodhokset-dhe-me-gjere-si-edhe-harmonine-fetare-te-shqiperise\/","url":"https:\/\/orthodoxalbania.org\/2020\/2017\/11\/27\/proteste-per-nje-roman-qe-fyen-orthodhokset-dhe-me-gjere-si-edhe-harmonine-fetare-te-shqiperise\/","name":"Protest\u00eb - P\u00ebr nj\u00eb \u201croman\u201d, q\u00eb fyen orthodhoks\u00ebt dhe m\u00eb gjer\u00eb, si edhe harmonin\u00eb fetare t\u00eb Shqip\u00ebris\u00eb - Kisha Orthodh\u03bfkse Autoqefale e Shqip\u00ebris\u00eb","isPartOf":{"@id":"https:\/\/orthodoxalbania.org\/2020\/#website"},"primaryImageOfPage":{"@id":"https:\/\/orthodoxalbania.org\/2020\/2017\/11\/27\/proteste-per-nje-roman-qe-fyen-orthodhokset-dhe-me-gjere-si-edhe-harmonine-fetare-te-shqiperise\/#primaryimage"},"image":{"@id":"https:\/\/orthodoxalbania.org\/2020\/2017\/11\/27\/proteste-per-nje-roman-qe-fyen-orthodhokset-dhe-me-gjere-si-edhe-harmonine-fetare-te-shqiperise\/#primaryimage"},"thumbnailUrl":"https:\/\/orthodoxalbania.org\/2020\/wp-content\/uploads\/2020\/04\/faqja-7-poshte_800x593.jpg","datePublished":"2017-11-27T19:30:40+00:00","dateModified":"2020-04-06T19:58:16+00:00","breadcrumb":{"@id":"https:\/\/orthodoxalbania.org\/2020\/2017\/11\/27\/proteste-per-nje-roman-qe-fyen-orthodhokset-dhe-me-gjere-si-edhe-harmonine-fetare-te-shqiperise\/#breadcrumb"},"inLanguage":"en-US","potentialAction":[{"@type":"ReadAction","target":["https:\/\/orthodoxalbania.org\/2020\/2017\/11\/27\/proteste-per-nje-roman-qe-fyen-orthodhokset-dhe-me-gjere-si-edhe-harmonine-fetare-te-shqiperise\/"]}]},{"@type":"ImageObject","inLanguage":"en-US","@id":"https:\/\/orthodoxalbania.org\/2020\/2017\/11\/27\/proteste-per-nje-roman-qe-fyen-orthodhokset-dhe-me-gjere-si-edhe-harmonine-fetare-te-shqiperise\/#primaryimage","url":"https:\/\/orthodoxalbania.org\/2020\/wp-content\/uploads\/2020\/04\/faqja-7-poshte_800x593.jpg","contentUrl":"https:\/\/orthodoxalbania.org\/2020\/wp-content\/uploads\/2020\/04\/faqja-7-poshte_800x593.jpg","width":150,"height":150},{"@type":"BreadcrumbList","@id":"https:\/\/orthodoxalbania.org\/2020\/2017\/11\/27\/proteste-per-nje-roman-qe-fyen-orthodhokset-dhe-me-gjere-si-edhe-harmonine-fetare-te-shqiperise\/#breadcrumb","itemListElement":[{"@type":"ListItem","position":1,"name":"Home","item":"https:\/\/orthodoxalbania.org\/2020\/"},{"@type":"ListItem","position":2,"name":"Protest\u00eb &#8211; P\u00ebr nj\u00eb \u201croman\u201d, q\u00eb fyen orthodhoks\u00ebt dhe m\u00eb gjer\u00eb, si edhe harmonin\u00eb fetare t\u00eb Shqip\u00ebris\u00eb"}]},{"@type":"WebSite","@id":"https:\/\/orthodoxalbania.org\/2020\/#website","url":"https:\/\/orthodoxalbania.org\/2020\/","name":"Kisha Orthodh\u03bfkse Autoqefale e Shqip\u00ebris\u00eb","description":"Fqja Zyrtare e Kish\u00ebs Orthodhokse Autoqefale e Shqip\u00ebris\u00eb me lajmet edhe informacionet zyrtare p\u00ebr struktur\u00ebn edhe veprimtarin e saj.","publisher":{"@id":"https:\/\/orthodoxalbania.org\/2020\/#organization"},"potentialAction":[{"@type":"SearchAction","target":{"@type":"EntryPoint","urlTemplate":"https:\/\/orthodoxalbania.org\/2020\/?s={search_term_string}"},"query-input":{"@type":"PropertyValueSpecification","valueRequired":true,"valueName":"search_term_string"}}],"inLanguage":"en-US"},{"@type":"Organization","@id":"https:\/\/orthodoxalbania.org\/2020\/#organization","name":"Kisha Orthodhokse Autoqefale e Shqip\u00ebris\u00eb","url":"https:\/\/orthodoxalbania.org\/2020\/","logo":{"@type":"ImageObject","inLanguage":"en-US","@id":"https:\/\/orthodoxalbania.org\/2020\/#\/schema\/logo\/image\/","url":"https:\/\/orthodoxalbania.org\/2020\/wp-content\/uploads\/2020\/05\/albania.jpeg","contentUrl":"https:\/\/orthodoxalbania.org\/2020\/wp-content\/uploads\/2020\/05\/albania.jpeg","width":540,"height":540,"caption":"Kisha Orthodhokse Autoqefale e Shqip\u00ebris\u00eb"},"image":{"@id":"https:\/\/orthodoxalbania.org\/2020\/#\/schema\/logo\/image\/"},"sameAs":["https:\/\/www.facebook.com\/koash1991"]},{"@type":"Person","@id":"https:\/\/orthodoxalbania.org\/2020\/#\/schema\/person\/dd2bdc135b53c60d45b8bb329565cf6d","name":"neo_admin","image":{"@type":"ImageObject","inLanguage":"en-US","@id":"https:\/\/secure.gravatar.com\/avatar\/53e6cdc30765aade0129f85e5aeb50124b1d3f5bb9a70373be31e4eb328371e0?s=96&d=mm&r=g","url":"https:\/\/secure.gravatar.com\/avatar\/53e6cdc30765aade0129f85e5aeb50124b1d3f5bb9a70373be31e4eb328371e0?s=96&d=mm&r=g","contentUrl":"https:\/\/secure.gravatar.com\/avatar\/53e6cdc30765aade0129f85e5aeb50124b1d3f5bb9a70373be31e4eb328371e0?s=96&d=mm&r=g","caption":"neo_admin"}}]}},"_links":{"self":[{"href":"https:\/\/orthodoxalbania.org\/2020\/wp-json\/wp\/v2\/posts\/5685","targetHints":{"allow":["GET"]}}],"collection":[{"href":"https:\/\/orthodoxalbania.org\/2020\/wp-json\/wp\/v2\/posts"}],"about":[{"href":"https:\/\/orthodoxalbania.org\/2020\/wp-json\/wp\/v2\/types\/post"}],"author":[{"embeddable":true,"href":"https:\/\/orthodoxalbania.org\/2020\/wp-json\/wp\/v2\/users\/14"}],"replies":[{"embeddable":true,"href":"https:\/\/orthodoxalbania.org\/2020\/wp-json\/wp\/v2\/comments?post=5685"}],"version-history":[{"count":1,"href":"https:\/\/orthodoxalbania.org\/2020\/wp-json\/wp\/v2\/posts\/5685\/revisions"}],"predecessor-version":[{"id":14824,"href":"https:\/\/orthodoxalbania.org\/2020\/wp-json\/wp\/v2\/posts\/5685\/revisions\/14824"}],"wp:featuredmedia":[{"embeddable":true,"href":"https:\/\/orthodoxalbania.org\/2020\/wp-json\/wp\/v2\/media\/4412"}],"wp:attachment":[{"href":"https:\/\/orthodoxalbania.org\/2020\/wp-json\/wp\/v2\/media?parent=5685"}],"wp:term":[{"taxonomy":"category","embeddable":true,"href":"https:\/\/orthodoxalbania.org\/2020\/wp-json\/wp\/v2\/categories?post=5685"},{"taxonomy":"post_tag","embeddable":true,"href":"https:\/\/orthodoxalbania.org\/2020\/wp-json\/wp\/v2\/tags?post=5685"}],"curies":[{"name":"wp","href":"https:\/\/api.w.org\/{rel}","templated":true}]}}