{"id":568,"date":"2014-09-25T06:27:18","date_gmt":"2014-09-25T06:27:18","guid":{"rendered":""},"modified":"2020-04-06T22:02:23","modified_gmt":"2020-04-06T20:02:23","slug":"filloi-viti-i-ri-shkollor-ne-shkollat-parauniversitare-te-kishes-sone","status":"publish","type":"post","link":"https:\/\/orthodoxalbania.org\/2020\/2014\/09\/25\/filloi-viti-i-ri-shkollor-ne-shkollat-parauniversitare-te-kishes-sone\/","title":{"rendered":"Filloi viti i ri shkollor n\u00eb shkollat parauniversitare t\u00eb Kish\u00ebs son\u00eb"},"content":{"rendered":"<p style=\"text-align: justify;\">\n\t<span style=\"font-size: 12pt; font-family: helvetica;\"><span style=\"color: #000000;\">&nbsp;&nbsp;&nbsp; Arsimimi dhe edukimi i brezit t\u00eb ri ka qen\u00eb gjithmon\u00eb nd\u00ebr synimet kryesore t\u00eb kontributit t\u00eb Kryepiskopit Anastas gjat\u00eb k\u00ebtyre viteve. Nd\u00ebr veprimet e para q\u00eb kreu sapo erdhi si Ekzark Patriarkal ishte hapja e nj\u00eb shkolle p\u00ebr klerik\u00ebt, q\u00eb ata t\u00eb kishin nivelin e duhur arsimor p\u00ebrball\u00eb sfidave t\u00eb koh\u00ebs dhe t\u00eb p\u00ebrgatiteshin n\u00eb Shqip\u00ebri. Q\u00eb nga ajo koh\u00eb, gjithmon\u00eb me kujdesin e tij t\u00eb ve\u00e7ant\u00eb dhe me mund\u00ebsit\u00eb q\u00eb ai krijoi u hap\u00ebn nj\u00eb s\u00ebr\u00eb qendrash edukimi, duke nisur nga arsimi parashkollor, ai parauniversitar e deri tek arsimi i lart\u00eb.<\/span><\/span><\/p>\n<p style=\"text-align: justify;\">\n\t<span style=\"color: #000000; font-size: 12pt; font-family: helvetica;\">&nbsp;&nbsp; M\u00eb 15 shtator, nis\u00ebn procesin m\u00ebsimor edhe institucionet e arsimit parauniversitar t\u00eb ngritura nga Kisha jon\u00eb. T\u00eb parat i hap\u00ebn dyert 21 p\u00ebrkujdesjet ditore t\u00eb f\u00ebmij\u00ebve. N\u00eb Tiran\u00eb, kopshti filloi n\u00eb mjediset e reja moderne, pran\u00eb shkoll\u00ebs \u201cProtagonist\u00ebt\u201d, nj\u00eb investim q\u00eb ka rritur sa kapacitetet prit\u00ebse, duke par\u00eb k\u00ebrkesat e shumta aq edhe ka krijuar kushte t\u00eb shk\u00eblqyera p\u00ebr vog\u00eblush\u00ebt. Kjo krijoi mund\u00ebsin\u00eb q\u00eb t\u00eb shtohej edhe nj\u00eb klas\u00eb e re parashkollore.<\/span><\/p>\n<p style=\"text-align: justify;\">\n\t<span style=\"color: #000000; font-size: 12pt; font-family: helvetica;\">&nbsp;&nbsp; T\u00eb gjitha shkollat jan\u00eb t\u00eb pajisura me personel t\u00eb kualifikuar dhe kan\u00eb gjith\u00eb kabinetet, mjediset sportive dhe ambientet e nevojshme p\u00ebr zhvillimin e nj\u00eb procesi m\u00ebsimor cil\u00ebsor. N\u00eb t\u00eb gjitha shkollat nx\u00ebn\u00ebsit jan\u00eb pajisur me libra dhe mjete didaktike. Nivelin n\u00eb rritje t\u00eb k\u00ebtyre shkollave e d\u00ebshmojn\u00eb&nbsp; dhe k\u00ebrkesat e shumta p\u00ebr t\u2019i frekuentuar, aq sa kthehen mbrapsht nx\u00ebn\u00ebs p\u00ebr munges\u00eb vendi. Nj\u00eb d\u00ebshmi e nivelit t\u00eb m\u00ebsimdhn\u00ebnies n\u00eb to jan\u00eb dhe rezultatet e mira q\u00eb kan\u00eb pasur nx\u00ebn\u00ebsit n\u00eb provimet e matur\u00ebs, ku duhet ve\u00e7uar rezultati i nx\u00ebn\u00ebsit Ledio Karaj, i shkoll\u00ebs s\u00eb mesme kishtare \u201cKryqi i Nderuar\u201d n\u00eb Sukth, i cili n\u00eb provimin e Historis\u00eb mori 99.9 pik\u00eb, duke dal\u00eb m\u00eb i miri n\u00eb vend. Apo i nx\u00ebn\u00ebsve t\u00eb shkoll\u00ebs s\u00eb mesme profesionale \u201cApostull Pavli\u201d, n\u00eb Mesopotam, t\u00eb cil\u00ebt dol\u00ebn m\u00eb t\u00eb mir\u00ebt n\u00eb provimin e matematik\u00ebs p\u00ebr zon\u00ebn juglindore t\u00eb vendit.<\/span><\/p>\n<p style=\"text-align: justify;\">\n\t<span style=\"color: #000000; font-size: 12pt; font-family: helvetica;\">&nbsp;&nbsp; Vitin e ri shkollor e nis\u00ebn edhe f\u00ebmij\u00ebt dhe t\u00eb rinjt\u00eb q\u00eb ndjekin m\u00ebsimet n\u00eb institucionet arsimore q\u00eb Kryepiskopi Anastas ka themeluar dhe i mb\u00ebshtet n\u00eb funksionin e tyre n\u00eb zona t\u00eb Mitropolis\u00eb s\u00eb Shenjt\u00eb t\u00eb Gjirokastr\u00ebs. Ecuria e mir\u00eb e tyre ka krijuar tanim\u00eb besimin e komuniteteve lokale dhe prandaj numri i familjeve q\u00eb i besojn\u00eb arsimimin e f\u00ebmij\u00ebve t\u00eb tyre institucioneve t\u00eb arsimit parashkollor, n\u00ebnt\u00eb vje\u00e7ar dhe t\u00eb mes\u00ebm t\u00eb Fondacionit \u201cFrym\u00eb Dashurie\u201d edhe n\u00eb Gjirokast\u00ebr \u00ebsht\u00eb vit pas vit n\u00eb rritje. Mitropoliti i Gjirokastr\u00ebs pas Liturgjis\u00eb Hyjnore q\u00eb u krye n\u00eb kish\u00ebz\u00ebn e shkoll\u00ebs s\u00eb mesme kishtare \u201cKryqi i Nderuar\u201d, e cila edhe kremtonte nj\u00eb dit\u00eb m\u00eb par\u00eb, kreu ajasm\u00ebn dhe u foli nx\u00ebn\u00ebsve, m\u00ebsuesve dhe gjith\u00eb t\u00eb pranishm\u00ebve, duke iu p\u00ebrcjell\u00eb edhe p\u00ebrsh\u00ebndetjet, urimet dhe k\u00ebshillat nxit\u00ebse t\u00eb Fortlumturis\u00eb s\u00eb Tij.<\/span><\/p>\n<p style=\"text-align: justify;\">\n\t<span style=\"color: #000000; font-size: 12pt; font-family: helvetica;\">&nbsp;&nbsp; N\u00eb t\u00eb gjith\u00eb vendin hap\u00ebn s\u00ebrish dyert p\u00ebr t\u00eb pritur nx\u00ebn\u00ebsit k\u00ebto institucione arsimore parauniversitare t\u00eb hapura nga Kisha jon\u00eb: Shkolla 9-vje\u00e7are dhe liceu shqiptaro &#8211; amerikan \u201cProtagonist\u00ebt\u201d, n\u00eb Tiran\u00eb; dy shkolla 9-vje\u00e7are shqiptaro &#8211; greke, \u201cFrym\u00eb Dashurie\u201d, pran\u00eb kish\u00ebs s\u00eb Sh\u00ebn Gjergjit, n\u00eb Durr\u00ebs dhe n\u00eb Gjirokast\u00ebr; shkollat e mesme kishtare \u201cKryqi i Nderuar\u201d n\u00eb Gjirokast\u00ebr dhe n\u00eb&nbsp; Sukth, Durr\u00ebs, shkolla e mesme profesionale \u201cApostull Pavli\u201d, n\u00eb fshatin Mesopotam t\u00eb Delvin\u00ebs.<\/span><\/p>\n<div style=\"text-align: justify;\">\n\t&nbsp;<\/div>\n<div>\n\t<span style=\"font-family: tahoma,geneva,sans-serif;\"><span style=\"font-size: 12px;\"><img decoding=\"async\" alt=\"\" class=\"lazyload HAa Eha\" height=\"373\" src=\"data:image\/svg+xml,%3Csvg%20xmlns%3D%27http%3A%2F%2Fwww.w3.org%2F2000%2Fsvg%27%20width%3D%27662%27%20height%3D%27373%27%20viewBox%3D%270%200%20662%20373%27%3E%3Crect%20width%3D%27662%27%20height%3D%27373%27%20fill-opacity%3D%220%22%2F%3E%3C%2Fsvg%3E\" data-orig-src=\"https:\/\/lh4.googleusercontent.com\/-jTHXmQFc7qk\/VCLAWIYLUqI\/AAAAAAAADSA\/icMSeigosUE\/w958-h539-no\/faqja%2B1%2Bprotagonistet.jpg\" style=\"border-width: 1px; border-style: solid; margin: 10px auto; display: block;\" width=\"662\" \/><\/span><\/span><\/div>\n<div style=\"text-align: justify;\">\n\t&nbsp;<\/div>\n<div style=\"text-align: justify;\">\n\t&nbsp;<\/div>\n","protected":false},"excerpt":{"rendered":"<p>&nbsp;&nbsp;&nbsp; Arsimimi dhe edukimi i brezit t\u00eb ri ka qen\u00eb gjithmon\u00eb nd\u00ebr synimet kryesore t\u00eb kontributit t\u00eb Kryepiskopit Anastas gjat\u00eb k\u00ebtyre viteve. Nd\u00ebr veprimet e para q\u00eb kreu sapo erdhi si Ekzark Patriarkal ishte hapja e nj\u00eb shkolle p\u00ebr klerik\u00ebt, q\u00eb ata t\u00eb kishin nivelin e duhur arsimor p\u00ebrball\u00eb sfidave t\u00eb koh\u00ebs dhe t\u00eb p\u00ebrgatiteshin n\u00eb Shqip\u00ebri. Q\u00eb nga ajo koh\u00eb, gjithmon\u00eb me kujdesin e<\/p>\n","protected":false},"author":1,"featured_media":569,"comment_status":"open","ping_status":"open","sticky":false,"template":"","format":"standard","meta":{"_acf_changed":false,"pagelayer_contact_templates":[],"_pagelayer_content":"","inline_featured_image":false,"fifu_image_url":"","fifu_image_alt":"","footnotes":""},"categories":[108],"tags":[140,175,196,212],"class_list":["post-568","post","type-post","status-publish","format-standard","has-post-thumbnail","hentry","category-lajme","tag-140","tag-institucione-parashkollore-te-kishes-orthodhokse","tag-tirane","tag-lajme-d27"],"acf":[],"yoast_head":"<!-- This site is optimized with the Yoast SEO plugin v27.2 - https:\/\/yoast.com\/product\/yoast-seo-wordpress\/ -->\n<title>Filloi viti i ri shkollor n\u00eb shkollat parauniversitare t\u00eb Kish\u00ebs son\u00eb - Kisha Orthodh\u03bfkse Autoqefale e Shqip\u00ebris\u00eb<\/title>\n<meta name=\"robots\" content=\"index, follow, max-snippet:-1, max-image-preview:large, max-video-preview:-1\" \/>\n<link rel=\"canonical\" href=\"https:\/\/orthodoxalbania.org\/2020\/2014\/09\/25\/filloi-viti-i-ri-shkollor-ne-shkollat-parauniversitare-te-kishes-sone\/\" \/>\n<meta property=\"og:locale\" content=\"en_US\" \/>\n<meta property=\"og:type\" content=\"article\" \/>\n<meta property=\"og:title\" content=\"Filloi viti i ri shkollor n\u00eb shkollat parauniversitare t\u00eb Kish\u00ebs son\u00eb - Kisha Orthodh\u03bfkse Autoqefale e Shqip\u00ebris\u00eb\" \/>\n<meta property=\"og:description\" content=\"&nbsp;&nbsp;&nbsp; Arsimimi dhe edukimi i brezit t\u00eb ri ka qen\u00eb gjithmon\u00eb nd\u00ebr synimet kryesore t\u00eb kontributit t\u00eb Kryepiskopit Anastas gjat\u00eb k\u00ebtyre viteve. Nd\u00ebr veprimet e para q\u00eb kreu sapo erdhi si Ekzark Patriarkal ishte hapja e nj\u00eb shkolle p\u00ebr klerik\u00ebt, q\u00eb ata t\u00eb kishin nivelin e duhur arsimor p\u00ebrball\u00eb sfidave t\u00eb koh\u00ebs dhe t\u00eb p\u00ebrgatiteshin n\u00eb Shqip\u00ebri. Q\u00eb nga ajo koh\u00eb, gjithmon\u00eb me kujdesin e\" \/>\n<meta property=\"og:url\" content=\"https:\/\/orthodoxalbania.org\/2020\/2014\/09\/25\/filloi-viti-i-ri-shkollor-ne-shkollat-parauniversitare-te-kishes-sone\/\" \/>\n<meta property=\"og:site_name\" content=\"Kisha Orthodh\u03bfkse Autoqefale e Shqip\u00ebris\u00eb\" \/>\n<meta property=\"article:publisher\" content=\"https:\/\/www.facebook.com\/koash1991\" \/>\n<meta property=\"article:published_time\" content=\"2014-09-25T06:27:18+00:00\" \/>\n<meta property=\"article:modified_time\" content=\"2020-04-06T20:02:23+00:00\" \/>\n<meta property=\"og:image\" content=\"https:\/\/orthodoxalbania.org\/2020\/wp-content\/uploads\/2020\/04\/faqja%2B1%2Bprotagonistet.jpg\" \/>\n\t<meta property=\"og:image:width\" content=\"150\" \/>\n\t<meta property=\"og:image:height\" content=\"150\" \/>\n\t<meta property=\"og:image:type\" content=\"image\/jpeg\" \/>\n<meta name=\"author\" content=\"Kisha Orthodhokse\" \/>\n<meta name=\"twitter:card\" content=\"summary_large_image\" \/>\n<meta name=\"twitter:label1\" content=\"Written by\" \/>\n\t<meta name=\"twitter:data1\" content=\"Kisha Orthodhokse\" \/>\n\t<meta name=\"twitter:label2\" content=\"Est. reading time\" \/>\n\t<meta name=\"twitter:data2\" content=\"3 minutes\" \/>\n<script type=\"application\/ld+json\" class=\"yoast-schema-graph\">{\"@context\":\"https:\/\/schema.org\",\"@graph\":[{\"@type\":\"Article\",\"@id\":\"https:\/\/orthodoxalbania.org\/2020\/2014\/09\/25\/filloi-viti-i-ri-shkollor-ne-shkollat-parauniversitare-te-kishes-sone\/#article\",\"isPartOf\":{\"@id\":\"https:\/\/orthodoxalbania.org\/2020\/2014\/09\/25\/filloi-viti-i-ri-shkollor-ne-shkollat-parauniversitare-te-kishes-sone\/\"},\"author\":{\"name\":\"Kisha Orthodhokse\",\"@id\":\"https:\/\/orthodoxalbania.org\/2020\/#\/schema\/person\/0c387634a7063ac612d7ed9ce71c7e86\"},\"headline\":\"Filloi viti i ri shkollor n\u00eb shkollat parauniversitare t\u00eb Kish\u00ebs son\u00eb\",\"datePublished\":\"2014-09-25T06:27:18+00:00\",\"dateModified\":\"2020-04-06T20:02:23+00:00\",\"mainEntityOfPage\":{\"@id\":\"https:\/\/orthodoxalbania.org\/2020\/2014\/09\/25\/filloi-viti-i-ri-shkollor-ne-shkollat-parauniversitare-te-kishes-sone\/\"},\"wordCount\":642,\"commentCount\":0,\"publisher\":{\"@id\":\"https:\/\/orthodoxalbania.org\/2020\/#organization\"},\"image\":{\"@id\":\"https:\/\/orthodoxalbania.org\/2020\/2014\/09\/25\/filloi-viti-i-ri-shkollor-ne-shkollat-parauniversitare-te-kishes-sone\/#primaryimage\"},\"thumbnailUrl\":\"https:\/\/orthodoxalbania.org\/2020\/wp-content\/uploads\/2020\/04\/faqja%2B1%2Bprotagonistet.jpg\",\"keywords\":[\"2014\",\"Institucione Parashkollore t\u00eb Kish\u00ebs Orthodhokse\",\"Kryepiskopata Tiran\u00eb\",\"lajme\"],\"articleSection\":[\"Lajme\"],\"inLanguage\":\"en-US\"},{\"@type\":\"WebPage\",\"@id\":\"https:\/\/orthodoxalbania.org\/2020\/2014\/09\/25\/filloi-viti-i-ri-shkollor-ne-shkollat-parauniversitare-te-kishes-sone\/\",\"url\":\"https:\/\/orthodoxalbania.org\/2020\/2014\/09\/25\/filloi-viti-i-ri-shkollor-ne-shkollat-parauniversitare-te-kishes-sone\/\",\"name\":\"Filloi viti i ri shkollor n\u00eb shkollat parauniversitare t\u00eb Kish\u00ebs son\u00eb - Kisha Orthodh\u03bfkse Autoqefale e Shqip\u00ebris\u00eb\",\"isPartOf\":{\"@id\":\"https:\/\/orthodoxalbania.org\/2020\/#website\"},\"primaryImageOfPage\":{\"@id\":\"https:\/\/orthodoxalbania.org\/2020\/2014\/09\/25\/filloi-viti-i-ri-shkollor-ne-shkollat-parauniversitare-te-kishes-sone\/#primaryimage\"},\"image\":{\"@id\":\"https:\/\/orthodoxalbania.org\/2020\/2014\/09\/25\/filloi-viti-i-ri-shkollor-ne-shkollat-parauniversitare-te-kishes-sone\/#primaryimage\"},\"thumbnailUrl\":\"https:\/\/orthodoxalbania.org\/2020\/wp-content\/uploads\/2020\/04\/faqja%2B1%2Bprotagonistet.jpg\",\"datePublished\":\"2014-09-25T06:27:18+00:00\",\"dateModified\":\"2020-04-06T20:02:23+00:00\",\"breadcrumb\":{\"@id\":\"https:\/\/orthodoxalbania.org\/2020\/2014\/09\/25\/filloi-viti-i-ri-shkollor-ne-shkollat-parauniversitare-te-kishes-sone\/#breadcrumb\"},\"inLanguage\":\"en-US\",\"potentialAction\":[{\"@type\":\"ReadAction\",\"target\":[\"https:\/\/orthodoxalbania.org\/2020\/2014\/09\/25\/filloi-viti-i-ri-shkollor-ne-shkollat-parauniversitare-te-kishes-sone\/\"]}]},{\"@type\":\"ImageObject\",\"inLanguage\":\"en-US\",\"@id\":\"https:\/\/orthodoxalbania.org\/2020\/2014\/09\/25\/filloi-viti-i-ri-shkollor-ne-shkollat-parauniversitare-te-kishes-sone\/#primaryimage\",\"url\":\"https:\/\/orthodoxalbania.org\/2020\/wp-content\/uploads\/2020\/04\/faqja%2B1%2Bprotagonistet.jpg\",\"contentUrl\":\"https:\/\/orthodoxalbania.org\/2020\/wp-content\/uploads\/2020\/04\/faqja%2B1%2Bprotagonistet.jpg\",\"width\":150,\"height\":150},{\"@type\":\"BreadcrumbList\",\"@id\":\"https:\/\/orthodoxalbania.org\/2020\/2014\/09\/25\/filloi-viti-i-ri-shkollor-ne-shkollat-parauniversitare-te-kishes-sone\/#breadcrumb\",\"itemListElement\":[{\"@type\":\"ListItem\",\"position\":1,\"name\":\"Home\",\"item\":\"https:\/\/orthodoxalbania.org\/2020\/\"},{\"@type\":\"ListItem\",\"position\":2,\"name\":\"Filloi viti i ri shkollor n\u00eb shkollat parauniversitare t\u00eb Kish\u00ebs son\u00eb\"}]},{\"@type\":\"WebSite\",\"@id\":\"https:\/\/orthodoxalbania.org\/2020\/#website\",\"url\":\"https:\/\/orthodoxalbania.org\/2020\/\",\"name\":\"Kisha Orthodh\u03bfkse Autoqefale e Shqip\u00ebris\u00eb\",\"description\":\"Fqja Zyrtare e Kish\u00ebs Orthodhokse Autoqefale e Shqip\u00ebris\u00eb me lajmet edhe informacionet zyrtare p\u00ebr struktur\u00ebn edhe veprimtarin e saj.\",\"publisher\":{\"@id\":\"https:\/\/orthodoxalbania.org\/2020\/#organization\"},\"potentialAction\":[{\"@type\":\"SearchAction\",\"target\":{\"@type\":\"EntryPoint\",\"urlTemplate\":\"https:\/\/orthodoxalbania.org\/2020\/?s={search_term_string}\"},\"query-input\":{\"@type\":\"PropertyValueSpecification\",\"valueRequired\":true,\"valueName\":\"search_term_string\"}}],\"inLanguage\":\"en-US\"},{\"@type\":\"Organization\",\"@id\":\"https:\/\/orthodoxalbania.org\/2020\/#organization\",\"name\":\"Kisha Orthodhokse Autoqefale e Shqip\u00ebris\u00eb\",\"url\":\"https:\/\/orthodoxalbania.org\/2020\/\",\"logo\":{\"@type\":\"ImageObject\",\"inLanguage\":\"en-US\",\"@id\":\"https:\/\/orthodoxalbania.org\/2020\/#\/schema\/logo\/image\/\",\"url\":\"https:\/\/orthodoxalbania.org\/2020\/wp-content\/uploads\/2020\/05\/albania.jpeg\",\"contentUrl\":\"https:\/\/orthodoxalbania.org\/2020\/wp-content\/uploads\/2020\/05\/albania.jpeg\",\"width\":540,\"height\":540,\"caption\":\"Kisha Orthodhokse Autoqefale e Shqip\u00ebris\u00eb\"},\"image\":{\"@id\":\"https:\/\/orthodoxalbania.org\/2020\/#\/schema\/logo\/image\/\"},\"sameAs\":[\"https:\/\/www.facebook.com\/koash1991\"]},{\"@type\":\"Person\",\"@id\":\"https:\/\/orthodoxalbania.org\/2020\/#\/schema\/person\/0c387634a7063ac612d7ed9ce71c7e86\",\"name\":\"Kisha Orthodhokse\",\"image\":{\"@type\":\"ImageObject\",\"inLanguage\":\"en-US\",\"@id\":\"https:\/\/secure.gravatar.com\/avatar\/596e7c417251e30f2fbb9c00e026fce61a695a00e51c889caded71c96cbbdde5?s=96&d=mm&r=g\",\"url\":\"https:\/\/secure.gravatar.com\/avatar\/596e7c417251e30f2fbb9c00e026fce61a695a00e51c889caded71c96cbbdde5?s=96&d=mm&r=g\",\"contentUrl\":\"https:\/\/secure.gravatar.com\/avatar\/596e7c417251e30f2fbb9c00e026fce61a695a00e51c889caded71c96cbbdde5?s=96&d=mm&r=g\",\"caption\":\"Kisha Orthodhokse\"}}]}<\/script>\n<!-- \/ Yoast SEO plugin. -->","yoast_head_json":{"title":"Filloi viti i ri shkollor n\u00eb shkollat parauniversitare t\u00eb Kish\u00ebs son\u00eb - Kisha Orthodh\u03bfkse Autoqefale e Shqip\u00ebris\u00eb","robots":{"index":"index","follow":"follow","max-snippet":"max-snippet:-1","max-image-preview":"max-image-preview:large","max-video-preview":"max-video-preview:-1"},"canonical":"https:\/\/orthodoxalbania.org\/2020\/2014\/09\/25\/filloi-viti-i-ri-shkollor-ne-shkollat-parauniversitare-te-kishes-sone\/","og_locale":"en_US","og_type":"article","og_title":"Filloi viti i ri shkollor n\u00eb shkollat parauniversitare t\u00eb Kish\u00ebs son\u00eb - Kisha Orthodh\u03bfkse Autoqefale e Shqip\u00ebris\u00eb","og_description":"&nbsp;&nbsp;&nbsp; Arsimimi dhe edukimi i brezit t\u00eb ri ka qen\u00eb gjithmon\u00eb nd\u00ebr synimet kryesore t\u00eb kontributit t\u00eb Kryepiskopit Anastas gjat\u00eb k\u00ebtyre viteve. Nd\u00ebr veprimet e para q\u00eb kreu sapo erdhi si Ekzark Patriarkal ishte hapja e nj\u00eb shkolle p\u00ebr klerik\u00ebt, q\u00eb ata t\u00eb kishin nivelin e duhur arsimor p\u00ebrball\u00eb sfidave t\u00eb koh\u00ebs dhe t\u00eb p\u00ebrgatiteshin n\u00eb Shqip\u00ebri. Q\u00eb nga ajo koh\u00eb, gjithmon\u00eb me kujdesin e","og_url":"https:\/\/orthodoxalbania.org\/2020\/2014\/09\/25\/filloi-viti-i-ri-shkollor-ne-shkollat-parauniversitare-te-kishes-sone\/","og_site_name":"Kisha Orthodh\u03bfkse Autoqefale e Shqip\u00ebris\u00eb","article_publisher":"https:\/\/www.facebook.com\/koash1991","article_published_time":"2014-09-25T06:27:18+00:00","article_modified_time":"2020-04-06T20:02:23+00:00","og_image":[{"width":150,"height":150,"url":"https:\/\/orthodoxalbania.org\/2020\/wp-content\/uploads\/2020\/04\/faqja%2B1%2Bprotagonistet.jpg","type":"image\/jpeg"}],"author":"Kisha Orthodhokse","twitter_card":"summary_large_image","twitter_misc":{"Written by":"Kisha Orthodhokse","Est. reading time":"3 minutes"},"schema":{"@context":"https:\/\/schema.org","@graph":[{"@type":"Article","@id":"https:\/\/orthodoxalbania.org\/2020\/2014\/09\/25\/filloi-viti-i-ri-shkollor-ne-shkollat-parauniversitare-te-kishes-sone\/#article","isPartOf":{"@id":"https:\/\/orthodoxalbania.org\/2020\/2014\/09\/25\/filloi-viti-i-ri-shkollor-ne-shkollat-parauniversitare-te-kishes-sone\/"},"author":{"name":"Kisha Orthodhokse","@id":"https:\/\/orthodoxalbania.org\/2020\/#\/schema\/person\/0c387634a7063ac612d7ed9ce71c7e86"},"headline":"Filloi viti i ri shkollor n\u00eb shkollat parauniversitare t\u00eb Kish\u00ebs son\u00eb","datePublished":"2014-09-25T06:27:18+00:00","dateModified":"2020-04-06T20:02:23+00:00","mainEntityOfPage":{"@id":"https:\/\/orthodoxalbania.org\/2020\/2014\/09\/25\/filloi-viti-i-ri-shkollor-ne-shkollat-parauniversitare-te-kishes-sone\/"},"wordCount":642,"commentCount":0,"publisher":{"@id":"https:\/\/orthodoxalbania.org\/2020\/#organization"},"image":{"@id":"https:\/\/orthodoxalbania.org\/2020\/2014\/09\/25\/filloi-viti-i-ri-shkollor-ne-shkollat-parauniversitare-te-kishes-sone\/#primaryimage"},"thumbnailUrl":"https:\/\/orthodoxalbania.org\/2020\/wp-content\/uploads\/2020\/04\/faqja%2B1%2Bprotagonistet.jpg","keywords":["2014","Institucione Parashkollore t\u00eb Kish\u00ebs Orthodhokse","Kryepiskopata Tiran\u00eb","lajme"],"articleSection":["Lajme"],"inLanguage":"en-US"},{"@type":"WebPage","@id":"https:\/\/orthodoxalbania.org\/2020\/2014\/09\/25\/filloi-viti-i-ri-shkollor-ne-shkollat-parauniversitare-te-kishes-sone\/","url":"https:\/\/orthodoxalbania.org\/2020\/2014\/09\/25\/filloi-viti-i-ri-shkollor-ne-shkollat-parauniversitare-te-kishes-sone\/","name":"Filloi viti i ri shkollor n\u00eb shkollat parauniversitare t\u00eb Kish\u00ebs son\u00eb - Kisha Orthodh\u03bfkse Autoqefale e Shqip\u00ebris\u00eb","isPartOf":{"@id":"https:\/\/orthodoxalbania.org\/2020\/#website"},"primaryImageOfPage":{"@id":"https:\/\/orthodoxalbania.org\/2020\/2014\/09\/25\/filloi-viti-i-ri-shkollor-ne-shkollat-parauniversitare-te-kishes-sone\/#primaryimage"},"image":{"@id":"https:\/\/orthodoxalbania.org\/2020\/2014\/09\/25\/filloi-viti-i-ri-shkollor-ne-shkollat-parauniversitare-te-kishes-sone\/#primaryimage"},"thumbnailUrl":"https:\/\/orthodoxalbania.org\/2020\/wp-content\/uploads\/2020\/04\/faqja%2B1%2Bprotagonistet.jpg","datePublished":"2014-09-25T06:27:18+00:00","dateModified":"2020-04-06T20:02:23+00:00","breadcrumb":{"@id":"https:\/\/orthodoxalbania.org\/2020\/2014\/09\/25\/filloi-viti-i-ri-shkollor-ne-shkollat-parauniversitare-te-kishes-sone\/#breadcrumb"},"inLanguage":"en-US","potentialAction":[{"@type":"ReadAction","target":["https:\/\/orthodoxalbania.org\/2020\/2014\/09\/25\/filloi-viti-i-ri-shkollor-ne-shkollat-parauniversitare-te-kishes-sone\/"]}]},{"@type":"ImageObject","inLanguage":"en-US","@id":"https:\/\/orthodoxalbania.org\/2020\/2014\/09\/25\/filloi-viti-i-ri-shkollor-ne-shkollat-parauniversitare-te-kishes-sone\/#primaryimage","url":"https:\/\/orthodoxalbania.org\/2020\/wp-content\/uploads\/2020\/04\/faqja%2B1%2Bprotagonistet.jpg","contentUrl":"https:\/\/orthodoxalbania.org\/2020\/wp-content\/uploads\/2020\/04\/faqja%2B1%2Bprotagonistet.jpg","width":150,"height":150},{"@type":"BreadcrumbList","@id":"https:\/\/orthodoxalbania.org\/2020\/2014\/09\/25\/filloi-viti-i-ri-shkollor-ne-shkollat-parauniversitare-te-kishes-sone\/#breadcrumb","itemListElement":[{"@type":"ListItem","position":1,"name":"Home","item":"https:\/\/orthodoxalbania.org\/2020\/"},{"@type":"ListItem","position":2,"name":"Filloi viti i ri shkollor n\u00eb shkollat parauniversitare t\u00eb Kish\u00ebs son\u00eb"}]},{"@type":"WebSite","@id":"https:\/\/orthodoxalbania.org\/2020\/#website","url":"https:\/\/orthodoxalbania.org\/2020\/","name":"Kisha Orthodh\u03bfkse Autoqefale e Shqip\u00ebris\u00eb","description":"Fqja Zyrtare e Kish\u00ebs Orthodhokse Autoqefale e Shqip\u00ebris\u00eb me lajmet edhe informacionet zyrtare p\u00ebr struktur\u00ebn edhe veprimtarin e saj.","publisher":{"@id":"https:\/\/orthodoxalbania.org\/2020\/#organization"},"potentialAction":[{"@type":"SearchAction","target":{"@type":"EntryPoint","urlTemplate":"https:\/\/orthodoxalbania.org\/2020\/?s={search_term_string}"},"query-input":{"@type":"PropertyValueSpecification","valueRequired":true,"valueName":"search_term_string"}}],"inLanguage":"en-US"},{"@type":"Organization","@id":"https:\/\/orthodoxalbania.org\/2020\/#organization","name":"Kisha Orthodhokse Autoqefale e Shqip\u00ebris\u00eb","url":"https:\/\/orthodoxalbania.org\/2020\/","logo":{"@type":"ImageObject","inLanguage":"en-US","@id":"https:\/\/orthodoxalbania.org\/2020\/#\/schema\/logo\/image\/","url":"https:\/\/orthodoxalbania.org\/2020\/wp-content\/uploads\/2020\/05\/albania.jpeg","contentUrl":"https:\/\/orthodoxalbania.org\/2020\/wp-content\/uploads\/2020\/05\/albania.jpeg","width":540,"height":540,"caption":"Kisha Orthodhokse Autoqefale e Shqip\u00ebris\u00eb"},"image":{"@id":"https:\/\/orthodoxalbania.org\/2020\/#\/schema\/logo\/image\/"},"sameAs":["https:\/\/www.facebook.com\/koash1991"]},{"@type":"Person","@id":"https:\/\/orthodoxalbania.org\/2020\/#\/schema\/person\/0c387634a7063ac612d7ed9ce71c7e86","name":"Kisha Orthodhokse","image":{"@type":"ImageObject","inLanguage":"en-US","@id":"https:\/\/secure.gravatar.com\/avatar\/596e7c417251e30f2fbb9c00e026fce61a695a00e51c889caded71c96cbbdde5?s=96&d=mm&r=g","url":"https:\/\/secure.gravatar.com\/avatar\/596e7c417251e30f2fbb9c00e026fce61a695a00e51c889caded71c96cbbdde5?s=96&d=mm&r=g","contentUrl":"https:\/\/secure.gravatar.com\/avatar\/596e7c417251e30f2fbb9c00e026fce61a695a00e51c889caded71c96cbbdde5?s=96&d=mm&r=g","caption":"Kisha Orthodhokse"}}]}},"_links":{"self":[{"href":"https:\/\/orthodoxalbania.org\/2020\/wp-json\/wp\/v2\/posts\/568","targetHints":{"allow":["GET"]}}],"collection":[{"href":"https:\/\/orthodoxalbania.org\/2020\/wp-json\/wp\/v2\/posts"}],"about":[{"href":"https:\/\/orthodoxalbania.org\/2020\/wp-json\/wp\/v2\/types\/post"}],"author":[{"embeddable":true,"href":"https:\/\/orthodoxalbania.org\/2020\/wp-json\/wp\/v2\/users\/1"}],"replies":[{"embeddable":true,"href":"https:\/\/orthodoxalbania.org\/2020\/wp-json\/wp\/v2\/comments?post=568"}],"version-history":[{"count":1,"href":"https:\/\/orthodoxalbania.org\/2020\/wp-json\/wp\/v2\/posts\/568\/revisions"}],"predecessor-version":[{"id":15056,"href":"https:\/\/orthodoxalbania.org\/2020\/wp-json\/wp\/v2\/posts\/568\/revisions\/15056"}],"wp:featuredmedia":[{"embeddable":true,"href":"https:\/\/orthodoxalbania.org\/2020\/wp-json\/wp\/v2\/media\/569"}],"wp:attachment":[{"href":"https:\/\/orthodoxalbania.org\/2020\/wp-json\/wp\/v2\/media?parent=568"}],"wp:term":[{"taxonomy":"category","embeddable":true,"href":"https:\/\/orthodoxalbania.org\/2020\/wp-json\/wp\/v2\/categories?post=568"},{"taxonomy":"post_tag","embeddable":true,"href":"https:\/\/orthodoxalbania.org\/2020\/wp-json\/wp\/v2\/tags?post=568"}],"curies":[{"name":"wp","href":"https:\/\/api.w.org\/{rel}","templated":true}]}}