{"id":566,"date":"2014-10-18T07:28:46","date_gmt":"2014-10-18T07:28:46","guid":{"rendered":""},"modified":"2020-04-06T22:02:21","modified_gmt":"2020-04-06T20:02:21","slug":"filloi-viti-i-ri-mesimor-ne-akademine-teologjike-ngjallja-e-krishtit","status":"publish","type":"post","link":"https:\/\/orthodoxalbania.org\/2020\/2014\/10\/18\/filloi-viti-i-ri-mesimor-ne-akademine-teologjike-ngjallja-e-krishtit\/","title":{"rendered":"Filloi viti i ri m\u00ebsimor  n\u00eb Akademin\u00eb Teologjike \u201cNgjallja e Krishtit\u201d"},"content":{"rendered":"<p style=\"text-align: justify;\">\n\t<span style=\"font-family: tahoma,geneva,sans-serif;\"><span style=\"font-size: 12px;\">&nbsp;&nbsp;&nbsp;<span style=\"color: #000000; font-size: 12pt; font-family: helvetica;\"> Me Sh\u00ebrbes\u00ebn e Bekimit t\u00eb Ujit (Ajazm\u00ebn), n\u00eb 13 tetor, nisi viti i ri m\u00ebsimor p\u00ebr student\u00ebt n\u00eb Akade-min\u00eb Teologjike \u201cNgjallja e Krishtit\u201d. Kjo sh\u00ebrbes\u00eb u krye nga Episkopi i Apollonis\u00eb Nikolla, n\u00eb prani t\u00eb Episkopit t\u00eb Bylisit Asti, pedagog\u00ebve, stafit dhe t\u00eb student\u00ebve. Hir\u00ebsi Nikolla p\u00ebrcolli tek t\u00eb pranishmit edhe bekimet dhe urimet m\u00eb t\u00eb mira nga ana e Kryepiskopit Anastas, p\u00ebr fillim t\u00eb mbar\u00eb, t\u00eb bekuar dhe krijues. Nj\u00eb urim i ve\u00e7ant\u00eb dhe nj\u00eb mir\u00ebseardhje e ngroht\u00eb u b\u00eb edhe p\u00ebr 16 student\u00ebt e rinj t\u00eb vitit t\u00eb par\u00eb, t\u00eb cil\u00ebt u zgjodh\u00ebn me konkurrim mes nj\u00eb grupi t\u00eb madh kandidat\u00ebsh.<\/span><\/span><\/span><\/p>\n<p style=\"text-align: justify;\">\n\t<span style=\"color: #000000; font-size: 12pt; font-family: helvetica;\">&nbsp;&nbsp; Shpresohet se edhe ky do t\u00eb jet\u00eb nj\u00eb vit frytdh\u00ebn\u00ebs, me pasurimin e m\u00ebtejsh\u00ebm t\u00eb m\u00ebsimdh\u00ebnies, p\u00ebr nj\u00eb formim teologjik t\u00eb plot\u00eb dhe nj\u00eb formim shpirt\u00ebror sa m\u00eb t\u00eb lart\u00eb, n\u00eb dobi t\u00eb komunitetit t\u00eb Kish\u00ebs. Secili nga student\u00ebt e ka mund\u00ebsin\u00eb t\u00eb p\u00ebrparoj\u00eb n\u00eb k\u00ebt\u00eb drejtim, n\u00eb saj\u00eb t\u00eb kushteve t\u00eb krijuara, mjediseve funksionale, bibliotek\u00ebs s\u00eb pasur me libra kishtar\u00eb dhe t\u00eb fushave t\u00eb tjera dhe ve\u00e7an\u00ebrisht me pjes\u00ebmarrjen e p\u00ebrkushtuar n\u00eb sh\u00ebrbesat, t\u00eb gjitha t\u00eb zhvilluara brenda nj\u00eb mjedisi familjar e t\u00eb ngroht\u00eb. K\u00ebshtu, n\u00ebp\u00ebrmjet studimit t\u00eb teologjis\u00eb, p\u00ebrjetimit liturgjikal e shpirt\u00ebror dhe jet\u00ebs komunitare b\u00ebhet&nbsp; e mundur arritja e q\u00ebllimit par\u00ebsor, p\u00ebrgatitja e nj\u00eb brezi klerik\u00ebsh e laik\u00ebsh me nivel gjithnj\u00eb e m\u00eb t\u00eb lart\u00eb, p\u00ebr t\u2019i sh\u00ebrbyer besimtar\u00ebve dhe p\u00ebr t\u00eb plot\u00ebsuar nevojat p\u00ebr klerik\u00eb.<\/span><\/p>\n<p style=\"text-align: justify;\">\n\t&nbsp;<\/p>\n<p style=\"text-align: right;\">\n\t<span style=\"color: #000000; font-size: 12pt; font-family: helvetica;\"><strong>Dhimit\u00ebr Qosja<\/strong><\/span><\/p>\n<p style=\"text-align: right;\">\n\t<span style=\"color: #000000;\"><span style=\"font-family: tahoma,geneva,sans-serif;\"><span style=\"font-size: 12px;\"><span style=\"font-size: 12pt; font-family: helvetica;\"><em><strong>Pedagog n\u00eb Akademin\u00eb Teologjike<\/strong><\/em><\/span><strong><em><span style=\"font-size: 12pt; font-family: helvetica;\">&nbsp;\u201cNgjallja e Krishtit<\/span>\u201d<\/em><\/strong><\/span><\/span><\/span><\/p>\n<div style=\"text-align: right;\">\n\t&nbsp;<\/div>\n<div style=\"text-align: right;\">\n\t&nbsp;<\/div>\n<div>\n\t<img decoding=\"async\" alt=\"\" class=\"lazyload HAa Eha\" src=\"data:image\/gif;base64,R0lGODlhAQABAAAAACH5BAEKAAEALAAAAAABAAEAAAICTAEAOw==\" data-orig-src=\"https:\/\/lh4.googleusercontent.com\/-qMO6BozKDb8\/VEINZ4Ulr-I\/AAAAAAAADlc\/n_G_AKyAVS0\/w958-h545-no\/1497650_356578001196641_4372107209438900262_n.jpg\" style=\"border-width: 1px; border-style: solid; margin: 10px auto; height: 400px; width: 700px; display: block;\" \/><\/div>\n<div>\n\t<img decoding=\"async\" alt=\"\" class=\"lazyload HAa Eha\" src=\"data:image\/gif;base64,R0lGODlhAQABAAAAACH5BAEKAAEALAAAAAABAAEAAAICTAEAOw==\" data-orig-src=\"https:\/\/lh6.googleusercontent.com\/--bw2QuBcqdY\/VEJZjUUmxFI\/AAAAAAAADms\/ci8tOPpcPOo\/w958-h636-no\/_DSC3936.jpg\" style=\"width: 700px; height: 400px; border-width: 1px; border-style: solid; margin: 10px auto; display: block;\" \/><\/div>\n<div>\n\t<img decoding=\"async\" alt=\"\" class=\"lazyload HAa Eha\" src=\"data:image\/gif;base64,R0lGODlhAQABAAAAACH5BAEKAAEALAAAAAABAAEAAAICTAEAOw==\" data-orig-src=\"https:\/\/lh4.googleusercontent.com\/-agGg5BBtAN4\/VEJZKTR0JqI\/AAAAAAAADmo\/sAtk8APojjU\/w958-h636-no\/_DSC3933.jpg\" style=\"width: 700px; height: 400px; border-width: 1px; border-style: solid; margin: 10px auto; display: block;\" \/><\/div>\n<div>\n\t<img decoding=\"async\" alt=\"\" class=\"lazyload HAa Eha\" src=\"data:image\/gif;base64,R0lGODlhAQABAAAAACH5BAEKAAEALAAAAAABAAEAAAICTAEAOw==\" data-orig-src=\"https:\/\/lh6.googleusercontent.com\/-g1dQt5iePdc\/VEIoOz2T55I\/AAAAAAAADl8\/kGKeKDrGo-0\/w957-h641-no\/SHVL%2Bedit.jpg\" style=\"border-width: 1px; border-style: solid; margin: 10px auto; height: 400px; width: 700px; display: block;\" \/><\/div>\n","protected":false},"excerpt":{"rendered":"<p>&nbsp;&nbsp;&nbsp; Me Sh\u00ebrbes\u00ebn e Bekimit t\u00eb Ujit (Ajazm\u00ebn), n\u00eb 13 tetor, nisi viti i ri m\u00ebsimor p\u00ebr student\u00ebt n\u00eb Akade-min\u00eb Teologjike \u201cNgjallja e Krishtit\u201d. Kjo sh\u00ebrbes\u00eb u krye nga Episkopi i Apollonis\u00eb Nikolla, n\u00eb prani t\u00eb Episkopit t\u00eb Bylisit Asti, pedagog\u00ebve, stafit dhe t\u00eb student\u00ebve. Hir\u00ebsi Nikolla p\u00ebrcolli tek t\u00eb pranishmit edhe bekimet dhe urimet m\u00eb t\u00eb mira nga ana e Kryepiskopit Anastas, p\u00ebr fillim<\/p>\n","protected":false},"author":1,"featured_media":567,"comment_status":"open","ping_status":"open","sticky":false,"template":"","format":"standard","meta":{"_acf_changed":false,"pagelayer_contact_templates":[],"_pagelayer_content":"","inline_featured_image":false,"fifu_image_url":"","fifu_image_alt":"","footnotes":""},"categories":[108],"tags":[140,169,196,212],"class_list":["post-566","post","type-post","status-publish","format-standard","has-post-thumbnail","hentry","category-lajme","tag-140","tag-akademia-teologjike","tag-tirane","tag-lajme-d27"],"acf":[],"yoast_head":"<!-- This site is optimized with the Yoast SEO plugin v27.2 - https:\/\/yoast.com\/product\/yoast-seo-wordpress\/ -->\n<title>Filloi viti i ri m\u00ebsimor n\u00eb Akademin\u00eb Teologjike \u201cNgjallja e Krishtit\u201d - Kisha Orthodh\u03bfkse Autoqefale e Shqip\u00ebris\u00eb<\/title>\n<meta name=\"robots\" content=\"index, follow, max-snippet:-1, max-image-preview:large, max-video-preview:-1\" \/>\n<link rel=\"canonical\" href=\"https:\/\/orthodoxalbania.org\/2020\/2014\/10\/18\/filloi-viti-i-ri-mesimor-ne-akademine-teologjike-ngjallja-e-krishtit\/\" \/>\n<meta property=\"og:locale\" content=\"en_US\" \/>\n<meta property=\"og:type\" content=\"article\" \/>\n<meta property=\"og:title\" content=\"Filloi viti i ri m\u00ebsimor n\u00eb Akademin\u00eb Teologjike \u201cNgjallja e Krishtit\u201d - Kisha Orthodh\u03bfkse Autoqefale e Shqip\u00ebris\u00eb\" \/>\n<meta property=\"og:description\" content=\"&nbsp;&nbsp;&nbsp; Me Sh\u00ebrbes\u00ebn e Bekimit t\u00eb Ujit (Ajazm\u00ebn), n\u00eb 13 tetor, nisi viti i ri m\u00ebsimor p\u00ebr student\u00ebt n\u00eb Akade-min\u00eb Teologjike \u201cNgjallja e Krishtit\u201d. Kjo sh\u00ebrbes\u00eb u krye nga Episkopi i Apollonis\u00eb Nikolla, n\u00eb prani t\u00eb Episkopit t\u00eb Bylisit Asti, pedagog\u00ebve, stafit dhe t\u00eb student\u00ebve. Hir\u00ebsi Nikolla p\u00ebrcolli tek t\u00eb pranishmit edhe bekimet dhe urimet m\u00eb t\u00eb mira nga ana e Kryepiskopit Anastas, p\u00ebr fillim\" \/>\n<meta property=\"og:url\" content=\"https:\/\/orthodoxalbania.org\/2020\/2014\/10\/18\/filloi-viti-i-ri-mesimor-ne-akademine-teologjike-ngjallja-e-krishtit\/\" \/>\n<meta property=\"og:site_name\" content=\"Kisha Orthodh\u03bfkse Autoqefale e Shqip\u00ebris\u00eb\" \/>\n<meta property=\"article:publisher\" content=\"https:\/\/www.facebook.com\/koash1991\" \/>\n<meta property=\"article:published_time\" content=\"2014-10-18T07:28:46+00:00\" \/>\n<meta property=\"article:modified_time\" content=\"2020-04-06T20:02:21+00:00\" \/>\n<meta property=\"og:image\" content=\"https:\/\/orthodoxalbania.org\/2020\/wp-content\/uploads\/2020\/04\/1497650_356578001196641_4372107209438900262_n.jpg\" \/>\n\t<meta property=\"og:image:width\" content=\"150\" \/>\n\t<meta property=\"og:image:height\" content=\"150\" \/>\n\t<meta property=\"og:image:type\" content=\"image\/jpeg\" \/>\n<meta name=\"author\" content=\"Kisha Orthodhokse\" \/>\n<meta name=\"twitter:card\" content=\"summary_large_image\" \/>\n<meta name=\"twitter:label1\" content=\"Written by\" \/>\n\t<meta name=\"twitter:data1\" content=\"Kisha Orthodhokse\" \/>\n\t<meta name=\"twitter:label2\" content=\"Est. reading time\" \/>\n\t<meta name=\"twitter:data2\" content=\"2 minutes\" \/>\n<script type=\"application\/ld+json\" class=\"yoast-schema-graph\">{\"@context\":\"https:\/\/schema.org\",\"@graph\":[{\"@type\":\"Article\",\"@id\":\"https:\/\/orthodoxalbania.org\/2020\/2014\/10\/18\/filloi-viti-i-ri-mesimor-ne-akademine-teologjike-ngjallja-e-krishtit\/#article\",\"isPartOf\":{\"@id\":\"https:\/\/orthodoxalbania.org\/2020\/2014\/10\/18\/filloi-viti-i-ri-mesimor-ne-akademine-teologjike-ngjallja-e-krishtit\/\"},\"author\":{\"name\":\"Kisha Orthodhokse\",\"@id\":\"https:\/\/orthodoxalbania.org\/2020\/#\/schema\/person\/0c387634a7063ac612d7ed9ce71c7e86\"},\"headline\":\"Filloi viti i ri m\u00ebsimor n\u00eb Akademin\u00eb Teologjike \u201cNgjallja e Krishtit\u201d\",\"datePublished\":\"2014-10-18T07:28:46+00:00\",\"dateModified\":\"2020-04-06T20:02:21+00:00\",\"mainEntityOfPage\":{\"@id\":\"https:\/\/orthodoxalbania.org\/2020\/2014\/10\/18\/filloi-viti-i-ri-mesimor-ne-akademine-teologjike-ngjallja-e-krishtit\/\"},\"wordCount\":319,\"commentCount\":0,\"publisher\":{\"@id\":\"https:\/\/orthodoxalbania.org\/2020\/#organization\"},\"image\":{\"@id\":\"https:\/\/orthodoxalbania.org\/2020\/2014\/10\/18\/filloi-viti-i-ri-mesimor-ne-akademine-teologjike-ngjallja-e-krishtit\/#primaryimage\"},\"thumbnailUrl\":\"https:\/\/orthodoxalbania.org\/2020\/wp-content\/uploads\/2020\/04\/1497650_356578001196641_4372107209438900262_n.jpg\",\"keywords\":[\"2014\",\"Akademia Teologjike\",\"Kryepiskopata Tiran\u00eb\",\"lajme\"],\"articleSection\":[\"Lajme\"],\"inLanguage\":\"en-US\"},{\"@type\":\"WebPage\",\"@id\":\"https:\/\/orthodoxalbania.org\/2020\/2014\/10\/18\/filloi-viti-i-ri-mesimor-ne-akademine-teologjike-ngjallja-e-krishtit\/\",\"url\":\"https:\/\/orthodoxalbania.org\/2020\/2014\/10\/18\/filloi-viti-i-ri-mesimor-ne-akademine-teologjike-ngjallja-e-krishtit\/\",\"name\":\"Filloi viti i ri m\u00ebsimor n\u00eb Akademin\u00eb Teologjike \u201cNgjallja e Krishtit\u201d - Kisha Orthodh\u03bfkse Autoqefale e Shqip\u00ebris\u00eb\",\"isPartOf\":{\"@id\":\"https:\/\/orthodoxalbania.org\/2020\/#website\"},\"primaryImageOfPage\":{\"@id\":\"https:\/\/orthodoxalbania.org\/2020\/2014\/10\/18\/filloi-viti-i-ri-mesimor-ne-akademine-teologjike-ngjallja-e-krishtit\/#primaryimage\"},\"image\":{\"@id\":\"https:\/\/orthodoxalbania.org\/2020\/2014\/10\/18\/filloi-viti-i-ri-mesimor-ne-akademine-teologjike-ngjallja-e-krishtit\/#primaryimage\"},\"thumbnailUrl\":\"https:\/\/orthodoxalbania.org\/2020\/wp-content\/uploads\/2020\/04\/1497650_356578001196641_4372107209438900262_n.jpg\",\"datePublished\":\"2014-10-18T07:28:46+00:00\",\"dateModified\":\"2020-04-06T20:02:21+00:00\",\"breadcrumb\":{\"@id\":\"https:\/\/orthodoxalbania.org\/2020\/2014\/10\/18\/filloi-viti-i-ri-mesimor-ne-akademine-teologjike-ngjallja-e-krishtit\/#breadcrumb\"},\"inLanguage\":\"en-US\",\"potentialAction\":[{\"@type\":\"ReadAction\",\"target\":[\"https:\/\/orthodoxalbania.org\/2020\/2014\/10\/18\/filloi-viti-i-ri-mesimor-ne-akademine-teologjike-ngjallja-e-krishtit\/\"]}]},{\"@type\":\"ImageObject\",\"inLanguage\":\"en-US\",\"@id\":\"https:\/\/orthodoxalbania.org\/2020\/2014\/10\/18\/filloi-viti-i-ri-mesimor-ne-akademine-teologjike-ngjallja-e-krishtit\/#primaryimage\",\"url\":\"https:\/\/orthodoxalbania.org\/2020\/wp-content\/uploads\/2020\/04\/1497650_356578001196641_4372107209438900262_n.jpg\",\"contentUrl\":\"https:\/\/orthodoxalbania.org\/2020\/wp-content\/uploads\/2020\/04\/1497650_356578001196641_4372107209438900262_n.jpg\",\"width\":150,\"height\":150},{\"@type\":\"BreadcrumbList\",\"@id\":\"https:\/\/orthodoxalbania.org\/2020\/2014\/10\/18\/filloi-viti-i-ri-mesimor-ne-akademine-teologjike-ngjallja-e-krishtit\/#breadcrumb\",\"itemListElement\":[{\"@type\":\"ListItem\",\"position\":1,\"name\":\"Home\",\"item\":\"https:\/\/orthodoxalbania.org\/2020\/\"},{\"@type\":\"ListItem\",\"position\":2,\"name\":\"Filloi viti i ri m\u00ebsimor n\u00eb Akademin\u00eb Teologjike \u201cNgjallja e Krishtit\u201d\"}]},{\"@type\":\"WebSite\",\"@id\":\"https:\/\/orthodoxalbania.org\/2020\/#website\",\"url\":\"https:\/\/orthodoxalbania.org\/2020\/\",\"name\":\"Kisha Orthodh\u03bfkse Autoqefale e Shqip\u00ebris\u00eb\",\"description\":\"Fqja Zyrtare e Kish\u00ebs Orthodhokse Autoqefale e Shqip\u00ebris\u00eb me lajmet edhe informacionet zyrtare p\u00ebr struktur\u00ebn edhe veprimtarin e saj.\",\"publisher\":{\"@id\":\"https:\/\/orthodoxalbania.org\/2020\/#organization\"},\"potentialAction\":[{\"@type\":\"SearchAction\",\"target\":{\"@type\":\"EntryPoint\",\"urlTemplate\":\"https:\/\/orthodoxalbania.org\/2020\/?s={search_term_string}\"},\"query-input\":{\"@type\":\"PropertyValueSpecification\",\"valueRequired\":true,\"valueName\":\"search_term_string\"}}],\"inLanguage\":\"en-US\"},{\"@type\":\"Organization\",\"@id\":\"https:\/\/orthodoxalbania.org\/2020\/#organization\",\"name\":\"Kisha Orthodhokse Autoqefale e Shqip\u00ebris\u00eb\",\"url\":\"https:\/\/orthodoxalbania.org\/2020\/\",\"logo\":{\"@type\":\"ImageObject\",\"inLanguage\":\"en-US\",\"@id\":\"https:\/\/orthodoxalbania.org\/2020\/#\/schema\/logo\/image\/\",\"url\":\"https:\/\/orthodoxalbania.org\/2020\/wp-content\/uploads\/2020\/05\/albania.jpeg\",\"contentUrl\":\"https:\/\/orthodoxalbania.org\/2020\/wp-content\/uploads\/2020\/05\/albania.jpeg\",\"width\":540,\"height\":540,\"caption\":\"Kisha Orthodhokse Autoqefale e Shqip\u00ebris\u00eb\"},\"image\":{\"@id\":\"https:\/\/orthodoxalbania.org\/2020\/#\/schema\/logo\/image\/\"},\"sameAs\":[\"https:\/\/www.facebook.com\/koash1991\"]},{\"@type\":\"Person\",\"@id\":\"https:\/\/orthodoxalbania.org\/2020\/#\/schema\/person\/0c387634a7063ac612d7ed9ce71c7e86\",\"name\":\"Kisha Orthodhokse\",\"image\":{\"@type\":\"ImageObject\",\"inLanguage\":\"en-US\",\"@id\":\"https:\/\/secure.gravatar.com\/avatar\/596e7c417251e30f2fbb9c00e026fce61a695a00e51c889caded71c96cbbdde5?s=96&d=mm&r=g\",\"url\":\"https:\/\/secure.gravatar.com\/avatar\/596e7c417251e30f2fbb9c00e026fce61a695a00e51c889caded71c96cbbdde5?s=96&d=mm&r=g\",\"contentUrl\":\"https:\/\/secure.gravatar.com\/avatar\/596e7c417251e30f2fbb9c00e026fce61a695a00e51c889caded71c96cbbdde5?s=96&d=mm&r=g\",\"caption\":\"Kisha Orthodhokse\"}}]}<\/script>\n<!-- \/ Yoast SEO plugin. -->","yoast_head_json":{"title":"Filloi viti i ri m\u00ebsimor n\u00eb Akademin\u00eb Teologjike \u201cNgjallja e Krishtit\u201d - Kisha Orthodh\u03bfkse Autoqefale e Shqip\u00ebris\u00eb","robots":{"index":"index","follow":"follow","max-snippet":"max-snippet:-1","max-image-preview":"max-image-preview:large","max-video-preview":"max-video-preview:-1"},"canonical":"https:\/\/orthodoxalbania.org\/2020\/2014\/10\/18\/filloi-viti-i-ri-mesimor-ne-akademine-teologjike-ngjallja-e-krishtit\/","og_locale":"en_US","og_type":"article","og_title":"Filloi viti i ri m\u00ebsimor n\u00eb Akademin\u00eb Teologjike \u201cNgjallja e Krishtit\u201d - Kisha Orthodh\u03bfkse Autoqefale e Shqip\u00ebris\u00eb","og_description":"&nbsp;&nbsp;&nbsp; Me Sh\u00ebrbes\u00ebn e Bekimit t\u00eb Ujit (Ajazm\u00ebn), n\u00eb 13 tetor, nisi viti i ri m\u00ebsimor p\u00ebr student\u00ebt n\u00eb Akade-min\u00eb Teologjike \u201cNgjallja e Krishtit\u201d. Kjo sh\u00ebrbes\u00eb u krye nga Episkopi i Apollonis\u00eb Nikolla, n\u00eb prani t\u00eb Episkopit t\u00eb Bylisit Asti, pedagog\u00ebve, stafit dhe t\u00eb student\u00ebve. Hir\u00ebsi Nikolla p\u00ebrcolli tek t\u00eb pranishmit edhe bekimet dhe urimet m\u00eb t\u00eb mira nga ana e Kryepiskopit Anastas, p\u00ebr fillim","og_url":"https:\/\/orthodoxalbania.org\/2020\/2014\/10\/18\/filloi-viti-i-ri-mesimor-ne-akademine-teologjike-ngjallja-e-krishtit\/","og_site_name":"Kisha Orthodh\u03bfkse Autoqefale e Shqip\u00ebris\u00eb","article_publisher":"https:\/\/www.facebook.com\/koash1991","article_published_time":"2014-10-18T07:28:46+00:00","article_modified_time":"2020-04-06T20:02:21+00:00","og_image":[{"width":150,"height":150,"url":"https:\/\/orthodoxalbania.org\/2020\/wp-content\/uploads\/2020\/04\/1497650_356578001196641_4372107209438900262_n.jpg","type":"image\/jpeg"}],"author":"Kisha Orthodhokse","twitter_card":"summary_large_image","twitter_misc":{"Written by":"Kisha Orthodhokse","Est. reading time":"2 minutes"},"schema":{"@context":"https:\/\/schema.org","@graph":[{"@type":"Article","@id":"https:\/\/orthodoxalbania.org\/2020\/2014\/10\/18\/filloi-viti-i-ri-mesimor-ne-akademine-teologjike-ngjallja-e-krishtit\/#article","isPartOf":{"@id":"https:\/\/orthodoxalbania.org\/2020\/2014\/10\/18\/filloi-viti-i-ri-mesimor-ne-akademine-teologjike-ngjallja-e-krishtit\/"},"author":{"name":"Kisha Orthodhokse","@id":"https:\/\/orthodoxalbania.org\/2020\/#\/schema\/person\/0c387634a7063ac612d7ed9ce71c7e86"},"headline":"Filloi viti i ri m\u00ebsimor n\u00eb Akademin\u00eb Teologjike \u201cNgjallja e Krishtit\u201d","datePublished":"2014-10-18T07:28:46+00:00","dateModified":"2020-04-06T20:02:21+00:00","mainEntityOfPage":{"@id":"https:\/\/orthodoxalbania.org\/2020\/2014\/10\/18\/filloi-viti-i-ri-mesimor-ne-akademine-teologjike-ngjallja-e-krishtit\/"},"wordCount":319,"commentCount":0,"publisher":{"@id":"https:\/\/orthodoxalbania.org\/2020\/#organization"},"image":{"@id":"https:\/\/orthodoxalbania.org\/2020\/2014\/10\/18\/filloi-viti-i-ri-mesimor-ne-akademine-teologjike-ngjallja-e-krishtit\/#primaryimage"},"thumbnailUrl":"https:\/\/orthodoxalbania.org\/2020\/wp-content\/uploads\/2020\/04\/1497650_356578001196641_4372107209438900262_n.jpg","keywords":["2014","Akademia Teologjike","Kryepiskopata Tiran\u00eb","lajme"],"articleSection":["Lajme"],"inLanguage":"en-US"},{"@type":"WebPage","@id":"https:\/\/orthodoxalbania.org\/2020\/2014\/10\/18\/filloi-viti-i-ri-mesimor-ne-akademine-teologjike-ngjallja-e-krishtit\/","url":"https:\/\/orthodoxalbania.org\/2020\/2014\/10\/18\/filloi-viti-i-ri-mesimor-ne-akademine-teologjike-ngjallja-e-krishtit\/","name":"Filloi viti i ri m\u00ebsimor n\u00eb Akademin\u00eb Teologjike \u201cNgjallja e Krishtit\u201d - Kisha Orthodh\u03bfkse Autoqefale e Shqip\u00ebris\u00eb","isPartOf":{"@id":"https:\/\/orthodoxalbania.org\/2020\/#website"},"primaryImageOfPage":{"@id":"https:\/\/orthodoxalbania.org\/2020\/2014\/10\/18\/filloi-viti-i-ri-mesimor-ne-akademine-teologjike-ngjallja-e-krishtit\/#primaryimage"},"image":{"@id":"https:\/\/orthodoxalbania.org\/2020\/2014\/10\/18\/filloi-viti-i-ri-mesimor-ne-akademine-teologjike-ngjallja-e-krishtit\/#primaryimage"},"thumbnailUrl":"https:\/\/orthodoxalbania.org\/2020\/wp-content\/uploads\/2020\/04\/1497650_356578001196641_4372107209438900262_n.jpg","datePublished":"2014-10-18T07:28:46+00:00","dateModified":"2020-04-06T20:02:21+00:00","breadcrumb":{"@id":"https:\/\/orthodoxalbania.org\/2020\/2014\/10\/18\/filloi-viti-i-ri-mesimor-ne-akademine-teologjike-ngjallja-e-krishtit\/#breadcrumb"},"inLanguage":"en-US","potentialAction":[{"@type":"ReadAction","target":["https:\/\/orthodoxalbania.org\/2020\/2014\/10\/18\/filloi-viti-i-ri-mesimor-ne-akademine-teologjike-ngjallja-e-krishtit\/"]}]},{"@type":"ImageObject","inLanguage":"en-US","@id":"https:\/\/orthodoxalbania.org\/2020\/2014\/10\/18\/filloi-viti-i-ri-mesimor-ne-akademine-teologjike-ngjallja-e-krishtit\/#primaryimage","url":"https:\/\/orthodoxalbania.org\/2020\/wp-content\/uploads\/2020\/04\/1497650_356578001196641_4372107209438900262_n.jpg","contentUrl":"https:\/\/orthodoxalbania.org\/2020\/wp-content\/uploads\/2020\/04\/1497650_356578001196641_4372107209438900262_n.jpg","width":150,"height":150},{"@type":"BreadcrumbList","@id":"https:\/\/orthodoxalbania.org\/2020\/2014\/10\/18\/filloi-viti-i-ri-mesimor-ne-akademine-teologjike-ngjallja-e-krishtit\/#breadcrumb","itemListElement":[{"@type":"ListItem","position":1,"name":"Home","item":"https:\/\/orthodoxalbania.org\/2020\/"},{"@type":"ListItem","position":2,"name":"Filloi viti i ri m\u00ebsimor n\u00eb Akademin\u00eb Teologjike \u201cNgjallja e Krishtit\u201d"}]},{"@type":"WebSite","@id":"https:\/\/orthodoxalbania.org\/2020\/#website","url":"https:\/\/orthodoxalbania.org\/2020\/","name":"Kisha Orthodh\u03bfkse Autoqefale e Shqip\u00ebris\u00eb","description":"Fqja Zyrtare e Kish\u00ebs Orthodhokse Autoqefale e Shqip\u00ebris\u00eb me lajmet edhe informacionet zyrtare p\u00ebr struktur\u00ebn edhe veprimtarin e saj.","publisher":{"@id":"https:\/\/orthodoxalbania.org\/2020\/#organization"},"potentialAction":[{"@type":"SearchAction","target":{"@type":"EntryPoint","urlTemplate":"https:\/\/orthodoxalbania.org\/2020\/?s={search_term_string}"},"query-input":{"@type":"PropertyValueSpecification","valueRequired":true,"valueName":"search_term_string"}}],"inLanguage":"en-US"},{"@type":"Organization","@id":"https:\/\/orthodoxalbania.org\/2020\/#organization","name":"Kisha Orthodhokse Autoqefale e Shqip\u00ebris\u00eb","url":"https:\/\/orthodoxalbania.org\/2020\/","logo":{"@type":"ImageObject","inLanguage":"en-US","@id":"https:\/\/orthodoxalbania.org\/2020\/#\/schema\/logo\/image\/","url":"https:\/\/orthodoxalbania.org\/2020\/wp-content\/uploads\/2020\/05\/albania.jpeg","contentUrl":"https:\/\/orthodoxalbania.org\/2020\/wp-content\/uploads\/2020\/05\/albania.jpeg","width":540,"height":540,"caption":"Kisha Orthodhokse Autoqefale e Shqip\u00ebris\u00eb"},"image":{"@id":"https:\/\/orthodoxalbania.org\/2020\/#\/schema\/logo\/image\/"},"sameAs":["https:\/\/www.facebook.com\/koash1991"]},{"@type":"Person","@id":"https:\/\/orthodoxalbania.org\/2020\/#\/schema\/person\/0c387634a7063ac612d7ed9ce71c7e86","name":"Kisha Orthodhokse","image":{"@type":"ImageObject","inLanguage":"en-US","@id":"https:\/\/secure.gravatar.com\/avatar\/596e7c417251e30f2fbb9c00e026fce61a695a00e51c889caded71c96cbbdde5?s=96&d=mm&r=g","url":"https:\/\/secure.gravatar.com\/avatar\/596e7c417251e30f2fbb9c00e026fce61a695a00e51c889caded71c96cbbdde5?s=96&d=mm&r=g","contentUrl":"https:\/\/secure.gravatar.com\/avatar\/596e7c417251e30f2fbb9c00e026fce61a695a00e51c889caded71c96cbbdde5?s=96&d=mm&r=g","caption":"Kisha Orthodhokse"}}]}},"_links":{"self":[{"href":"https:\/\/orthodoxalbania.org\/2020\/wp-json\/wp\/v2\/posts\/566","targetHints":{"allow":["GET"]}}],"collection":[{"href":"https:\/\/orthodoxalbania.org\/2020\/wp-json\/wp\/v2\/posts"}],"about":[{"href":"https:\/\/orthodoxalbania.org\/2020\/wp-json\/wp\/v2\/types\/post"}],"author":[{"embeddable":true,"href":"https:\/\/orthodoxalbania.org\/2020\/wp-json\/wp\/v2\/users\/1"}],"replies":[{"embeddable":true,"href":"https:\/\/orthodoxalbania.org\/2020\/wp-json\/wp\/v2\/comments?post=566"}],"version-history":[{"count":1,"href":"https:\/\/orthodoxalbania.org\/2020\/wp-json\/wp\/v2\/posts\/566\/revisions"}],"predecessor-version":[{"id":15048,"href":"https:\/\/orthodoxalbania.org\/2020\/wp-json\/wp\/v2\/posts\/566\/revisions\/15048"}],"wp:featuredmedia":[{"embeddable":true,"href":"https:\/\/orthodoxalbania.org\/2020\/wp-json\/wp\/v2\/media\/567"}],"wp:attachment":[{"href":"https:\/\/orthodoxalbania.org\/2020\/wp-json\/wp\/v2\/media?parent=566"}],"wp:term":[{"taxonomy":"category","embeddable":true,"href":"https:\/\/orthodoxalbania.org\/2020\/wp-json\/wp\/v2\/categories?post=566"},{"taxonomy":"post_tag","embeddable":true,"href":"https:\/\/orthodoxalbania.org\/2020\/wp-json\/wp\/v2\/tags?post=566"}],"curies":[{"name":"wp","href":"https:\/\/api.w.org\/{rel}","templated":true}]}}